{"id":10349,"date":"2023-08-31T10:00:01","date_gmt":"2023-08-31T08:00:01","guid":{"rendered":"https:\/\/www.anovapeneira.gal\/?p=10349"},"modified":"2023-08-28T09:09:46","modified_gmt":"2023-08-28T07:09:46","slug":"tomino-habilita-unha-nova-zona-para-autocaravanas-no-seixo-tralo-exito-da-de-goian","status":"publish","type":"post","link":"https:\/\/www.anovapeneira.gal\/index.php\/2023\/08\/31\/tomino-habilita-unha-nova-zona-para-autocaravanas-no-seixo-tralo-exito-da-de-goian\/","title":{"rendered":"Tomi\u00f1o habilita unha nova zona para autocaravanas no Seixo, tralo \u00e9xito da de Goi\u00e1n"},"content":{"rendered":"\n<h2 class=\"wp-block-heading\"><strong>A \u00e1rea de autocaravanas de Goi\u00e1n mant\u00e9n unha alta ocupaci\u00f3n e colleita excelentes rese\u00f1as dos seus usuarios<\/strong><\/h2>\n\n\n\n<p><strong>Tomi\u00f1o, 26 de agosto de 2023<\/strong><\/p>\n\n\n\n<p>O Concello de Tomi\u00f1o d\u00e1 un novo paso no turismo de autocaravana e inicia as obras da nova \u00e1rea no Seixo, tralo \u00e9xito da de Goi\u00e1n. Esta nova zona de autocaravanas situarase no aparcadoiro fronte ao edificio da Polic\u00eda Local e de Benestar Social, na Rocha.<\/p>\n\n\n\n<p>O inicio da obra \u00e9 inmediato e ten unha duraci\u00f3n prevista dun mes. A empresa que levar\u00e1 a cabo o acondicionamento, Zona de Obras, prev\u00e9 que estar\u00e1 rematado e en pleno funcionamento o pr\u00f3ximo 1 de outubro. Esta nova \u00e1rea de aparcamento de autocaravanas no Seixo ter\u00e1 6 prazas e os mesmos servizos que a de Goi\u00e1n: baleirado de augas grises e fecais, abastecemento de auga e iluminaci\u00f3n, axardinamento e arborado de per\u00edmetro. A actuaci\u00f3n para a habilitaci\u00f3n desta \u00e1rea conta cun orzamento de 40.000 euros e est\u00e1 financiada polo Plan Concellos da Deputaci\u00f3n de Pontevedra.<\/p>\n\n\n\n<p>En palabras da alcaldesa de Tomi\u00f1o, Sandra Gonz\u00e1lez, \u201co turismo de autocaravana \u00e9 un modelo xa consolidado que facilita a chegada de visitantes a Tomi\u00f1o, como podemos ver dende que inauguramos a \u00e1rea de Goi\u00e1n, que est\u00e1 a ter unha grande acollida. Coas d\u00faas \u00e1reas en activo seguiremos impulsando un turismo de calidade e que lle permite aos nosos visitantes ter a posibilidade de contemplar e deleitarse cos demais atractivos do noso municipio\u201d. Gonz\u00e1lez alientou, ademais, que este turismo \u00e9 \u201cun activo para a nosa econom\u00eda local e sit\u00faa o concello de Tomi\u00f1o como un destino co\u00f1ecido e relevante nas rutas dos autocaravanistas\u201d.<\/p>\n\n\n\n<p>A \u00e1rea de autocaravanas de Goi\u00e1n leva todo o ver\u00e1n mantendo unha alta ocupaci\u00f3n e colleita excelentes rese\u00f1as entre os seus usuarios, que salientan a seguridade da zona, o f\u00e1cil acceso e a boa localizaci\u00f3n, pr\u00f3xima a todos os servizos necesarios para a estad\u00eda na zona. Tras dous meses en funcionamento, esta \u00e1rea xa se converteu en toda unha referencia para as e os autocaravanistas que visitan o sur de Galicia. Tr\u00e1tase dunha zona de aparcadoiro situada na Avenida P\u00edo Troncoso, preto da Escola de M\u00fasica, con 8 prazas sinalizadas e que conta con todos os servizos necesarios.&nbsp;Inaugurouse o pasado 18 de xu\u00f1o cun encontro promovido pola Asociaci\u00f3n Galega de Autocaravanas que xuntou a arredor de 200 persoas.<\/p>\n\n\n\n<p>Co acondicionamento destas d\u00faas \u00e1reas de aparcamento de autocaravanas, o Concello de Tomi\u00f1o procura a diversificaci\u00f3n o turismo que se achega ao municipio, facilitando a chegada de m\u00e1is visitantes que ve\u00f1an a gozar de Tomi\u00f1o e da s\u00faa contorna, e contribu\u00edndo as\u00ed \u00e1 dinamizaci\u00f3n da econom\u00eda local.<\/p>\n","protected":false},"excerpt":{"rendered":"<div class=\"mh-excerpt\"><p>A \u00e1rea de autocaravanas de Goi\u00e1n mant\u00e9n unha alta ocupaci\u00f3n e colleita excelentes rese\u00f1as dos seus usuarios <a class=\"mh-excerpt-more\" href=\"https:\/\/www.anovapeneira.gal\/index.php\/2023\/08\/31\/tomino-habilita-unha-nova-zona-para-autocaravanas-no-seixo-tralo-exito-da-de-goian\/\" title=\"Tomi\u00f1o habilita unha nova zona para autocaravanas no Seixo, tralo \u00e9xito da de Goi\u00e1n\">[&#8230;]<\/a><\/p>\n<\/div>","protected":false},"author":3,"featured_media":1336,"comment_status":"open","ping_status":"open","sticky":false,"template":"","format":"standard","meta":{"_exactmetrics_skip_tracking":false,"_exactmetrics_sitenote_active":false,"_exactmetrics_sitenote_note":"","_exactmetrics_sitenote_category":0,"footnotes":""},"categories":[21],"tags":[81],"class_list":{"0":"post-10349","1":"post","2":"type-post","3":"status-publish","4":"format-standard","5":"has-post-thumbnail","7":"category-baixo-mino","8":"tag-concello-de-tomino"},"yoast_head":"<!-- This site is optimized with the Yoast SEO plugin v27.4 - https:\/\/yoast.com\/product\/yoast-seo-wordpress\/ -->\n<title>Tomi\u00f1o habilita unha nova zona para autocaravanas no Seixo, tralo \u00e9xito da de Goi\u00e1n -<\/title>\n<meta name=\"description\" content=\"A \u00e1rea de autocaravanas de Goi\u00e1n mant\u00e9n unha alta ocupaci\u00f3n e colleita excelentes rese\u00f1as dos seus usuarios\" \/>\n<meta name=\"robots\" content=\"index, follow, max-snippet:-1, max-image-preview:large, max-video-preview:-1\" \/>\n<link rel=\"canonical\" href=\"https:\/\/www.anovapeneira.gal\/index.php\/2023\/08\/31\/tomino-habilita-unha-nova-zona-para-autocaravanas-no-seixo-tralo-exito-da-de-goian\/\" \/>\n<meta property=\"og:locale\" content=\"gl_ES\" \/>\n<meta property=\"og:type\" content=\"article\" \/>\n<meta property=\"og:title\" content=\"Tomi\u00f1o habilita unha nova zona para autocaravanas no Seixo, tralo \u00e9xito da de Goi\u00e1n -\" \/>\n<meta property=\"og:description\" content=\"A \u00e1rea de autocaravanas de Goi\u00e1n mant\u00e9n unha alta ocupaci\u00f3n e colleita excelentes rese\u00f1as dos seus usuarios\" \/>\n<meta property=\"og:url\" content=\"https:\/\/www.anovapeneira.gal\/index.php\/2023\/08\/31\/tomino-habilita-unha-nova-zona-para-autocaravanas-no-seixo-tralo-exito-da-de-goian\/\" \/>\n<meta property=\"article:publisher\" content=\"https:\/\/www.facebook.com\/anovapeneira\" \/>\n<meta property=\"article:published_time\" content=\"2023-08-31T08:00:01+00:00\" \/>\n<meta property=\"og:image\" content=\"https:\/\/www.anovapeneira.gal\/wp-content\/uploads\/2019\/09\/concello_De_tominho_a_nova_peneria.jpg\" \/>\n\t<meta property=\"og:image:width\" content=\"720\" \/>\n\t<meta property=\"og:image:height\" content=\"473\" \/>\n\t<meta property=\"og:image:type\" content=\"image\/jpeg\" \/>\n<meta name=\"author\" content=\"Redacci\u00f3n A Nova Peneira\" \/>\n<meta name=\"twitter:card\" content=\"summary_large_image\" \/>\n<meta name=\"twitter:creator\" content=\"@APeneira\" \/>\n<meta name=\"twitter:site\" content=\"@APeneira\" \/>\n<meta name=\"twitter:label1\" content=\"Escrito por\" \/>\n\t<meta name=\"twitter:data1\" content=\"Redacci\u00f3n A Nova Peneira\" \/>\n\t<meta name=\"twitter:label2\" content=\"Tempo de lectura\" \/>\n\t<meta name=\"twitter:data2\" content=\"3 minutos\" \/>\n<script type=\"application\/ld+json\" class=\"yoast-schema-graph\">{\"@context\":\"https:\\\/\\\/schema.org\",\"@graph\":[{\"@type\":\"Article\",\"@id\":\"https:\\\/\\\/www.anovapeneira.gal\\\/index.php\\\/2023\\\/08\\\/31\\\/tomino-habilita-unha-nova-zona-para-autocaravanas-no-seixo-tralo-exito-da-de-goian\\\/#article\",\"isPartOf\":{\"@id\":\"https:\\\/\\\/www.anovapeneira.gal\\\/index.php\\\/2023\\\/08\\\/31\\\/tomino-habilita-unha-nova-zona-para-autocaravanas-no-seixo-tralo-exito-da-de-goian\\\/\"},\"author\":{\"name\":\"Redacci\u00f3n A Nova Peneira\",\"@id\":\"https:\\\/\\\/www.anovapeneira.gal\\\/#\\\/schema\\\/person\\\/b93e3f8932e3f8da96334607eb6ac6aa\"},\"headline\":\"Tomi\u00f1o habilita unha nova zona para autocaravanas no Seixo, tralo \u00e9xito da de Goi\u00e1n\",\"datePublished\":\"2023-08-31T08:00:01+00:00\",\"mainEntityOfPage\":{\"@id\":\"https:\\\/\\\/www.anovapeneira.gal\\\/index.php\\\/2023\\\/08\\\/31\\\/tomino-habilita-unha-nova-zona-para-autocaravanas-no-seixo-tralo-exito-da-de-goian\\\/\"},\"wordCount\":488,\"commentCount\":0,\"publisher\":{\"@id\":\"https:\\\/\\\/www.anovapeneira.gal\\\/#organization\"},\"image\":{\"@id\":\"https:\\\/\\\/www.anovapeneira.gal\\\/index.php\\\/2023\\\/08\\\/31\\\/tomino-habilita-unha-nova-zona-para-autocaravanas-no-seixo-tralo-exito-da-de-goian\\\/#primaryimage\"},\"thumbnailUrl\":\"https:\\\/\\\/www.anovapeneira.gal\\\/wp-content\\\/uploads\\\/2019\\\/09\\\/concello_De_tominho_a_nova_peneria.jpg\",\"keywords\":[\"Concello de Tomi\u00f1o\"],\"articleSection\":[\"Baixo Mi\u00f1o\"],\"inLanguage\":\"gl-ES\",\"potentialAction\":[{\"@type\":\"CommentAction\",\"name\":\"Comment\",\"target\":[\"https:\\\/\\\/www.anovapeneira.gal\\\/index.php\\\/2023\\\/08\\\/31\\\/tomino-habilita-unha-nova-zona-para-autocaravanas-no-seixo-tralo-exito-da-de-goian\\\/#respond\"]}]},{\"@type\":\"WebPage\",\"@id\":\"https:\\\/\\\/www.anovapeneira.gal\\\/index.php\\\/2023\\\/08\\\/31\\\/tomino-habilita-unha-nova-zona-para-autocaravanas-no-seixo-tralo-exito-da-de-goian\\\/\",\"url\":\"https:\\\/\\\/www.anovapeneira.gal\\\/index.php\\\/2023\\\/08\\\/31\\\/tomino-habilita-unha-nova-zona-para-autocaravanas-no-seixo-tralo-exito-da-de-goian\\\/\",\"name\":\"Tomi\u00f1o habilita unha nova zona para autocaravanas no Seixo, tralo \u00e9xito da de Goi\u00e1n -\",\"isPartOf\":{\"@id\":\"https:\\\/\\\/www.anovapeneira.gal\\\/#website\"},\"primaryImageOfPage\":{\"@id\":\"https:\\\/\\\/www.anovapeneira.gal\\\/index.php\\\/2023\\\/08\\\/31\\\/tomino-habilita-unha-nova-zona-para-autocaravanas-no-seixo-tralo-exito-da-de-goian\\\/#primaryimage\"},\"image\":{\"@id\":\"https:\\\/\\\/www.anovapeneira.gal\\\/index.php\\\/2023\\\/08\\\/31\\\/tomino-habilita-unha-nova-zona-para-autocaravanas-no-seixo-tralo-exito-da-de-goian\\\/#primaryimage\"},\"thumbnailUrl\":\"https:\\\/\\\/www.anovapeneira.gal\\\/wp-content\\\/uploads\\\/2019\\\/09\\\/concello_De_tominho_a_nova_peneria.jpg\",\"datePublished\":\"2023-08-31T08:00:01+00:00\",\"description\":\"A \u00e1rea de autocaravanas de Goi\u00e1n mant\u00e9n unha alta ocupaci\u00f3n e colleita excelentes rese\u00f1as dos seus usuarios\",\"breadcrumb\":{\"@id\":\"https:\\\/\\\/www.anovapeneira.gal\\\/index.php\\\/2023\\\/08\\\/31\\\/tomino-habilita-unha-nova-zona-para-autocaravanas-no-seixo-tralo-exito-da-de-goian\\\/#breadcrumb\"},\"inLanguage\":\"gl-ES\",\"potentialAction\":[{\"@type\":\"ReadAction\",\"target\":[\"https:\\\/\\\/www.anovapeneira.gal\\\/index.php\\\/2023\\\/08\\\/31\\\/tomino-habilita-unha-nova-zona-para-autocaravanas-no-seixo-tralo-exito-da-de-goian\\\/\"]}]},{\"@type\":\"ImageObject\",\"inLanguage\":\"gl-ES\",\"@id\":\"https:\\\/\\\/www.anovapeneira.gal\\\/index.php\\\/2023\\\/08\\\/31\\\/tomino-habilita-unha-nova-zona-para-autocaravanas-no-seixo-tralo-exito-da-de-goian\\\/#primaryimage\",\"url\":\"https:\\\/\\\/www.anovapeneira.gal\\\/wp-content\\\/uploads\\\/2019\\\/09\\\/concello_De_tominho_a_nova_peneria.jpg\",\"contentUrl\":\"https:\\\/\\\/www.anovapeneira.gal\\\/wp-content\\\/uploads\\\/2019\\\/09\\\/concello_De_tominho_a_nova_peneria.jpg\",\"width\":720,\"height\":473,\"caption\":\"Concello de Tomi\u00f1o A Nova Peneira\"},{\"@type\":\"BreadcrumbList\",\"@id\":\"https:\\\/\\\/www.anovapeneira.gal\\\/index.php\\\/2023\\\/08\\\/31\\\/tomino-habilita-unha-nova-zona-para-autocaravanas-no-seixo-tralo-exito-da-de-goian\\\/#breadcrumb\",\"itemListElement\":[{\"@type\":\"ListItem\",\"position\":1,\"name\":\"Portada\",\"item\":\"https:\\\/\\\/www.anovapeneira.gal\\\/\"},{\"@type\":\"ListItem\",\"position\":2,\"name\":\"Tomi\u00f1o habilita unha nova zona para autocaravanas no Seixo, tralo \u00e9xito da de Goi\u00e1n\"}]},{\"@type\":\"WebSite\",\"@id\":\"https:\\\/\\\/www.anovapeneira.gal\\\/#website\",\"url\":\"https:\\\/\\\/www.anovapeneira.gal\\\/\",\"name\":\"\",\"description\":\"Xornal galego de informaci\u00f3n xeral Publicaci\u00f3n mensual de novas de Galicia e en especial dos Concellos da sur da provincia de Pontevedra.\",\"publisher\":{\"@id\":\"https:\\\/\\\/www.anovapeneira.gal\\\/#organization\"},\"potentialAction\":[{\"@type\":\"SearchAction\",\"target\":{\"@type\":\"EntryPoint\",\"urlTemplate\":\"https:\\\/\\\/www.anovapeneira.gal\\\/?s={search_term_string}\"},\"query-input\":{\"@type\":\"PropertyValueSpecification\",\"valueRequired\":true,\"valueName\":\"search_term_string\"}}],\"inLanguage\":\"gl-ES\"},{\"@type\":\"Organization\",\"@id\":\"https:\\\/\\\/www.anovapeneira.gal\\\/#organization\",\"name\":\"A Nova Peneira\",\"url\":\"https:\\\/\\\/www.anovapeneira.gal\\\/\",\"logo\":{\"@type\":\"ImageObject\",\"inLanguage\":\"gl-ES\",\"@id\":\"https:\\\/\\\/www.anovapeneira.gal\\\/#\\\/schema\\\/logo\\\/image\\\/\",\"url\":\"http:\\\/\\\/www.anovapeneira.gal\\\/wp-content\\\/uploads\\\/2019\\\/06\\\/logo_a_nova_peneira_portal_web.png\",\"contentUrl\":\"http:\\\/\\\/www.anovapeneira.gal\\\/wp-content\\\/uploads\\\/2019\\\/06\\\/logo_a_nova_peneira_portal_web.png\",\"width\":300,\"height\":100,\"caption\":\"A Nova Peneira\"},\"image\":{\"@id\":\"https:\\\/\\\/www.anovapeneira.gal\\\/#\\\/schema\\\/logo\\\/image\\\/\"},\"sameAs\":[\"https:\\\/\\\/www.facebook.com\\\/anovapeneira\",\"https:\\\/\\\/x.com\\\/APeneira\"]},{\"@type\":\"Person\",\"@id\":\"https:\\\/\\\/www.anovapeneira.gal\\\/#\\\/schema\\\/person\\\/b93e3f8932e3f8da96334607eb6ac6aa\",\"name\":\"Redacci\u00f3n A Nova Peneira\",\"image\":{\"@type\":\"ImageObject\",\"inLanguage\":\"gl-ES\",\"@id\":\"https:\\\/\\\/secure.gravatar.com\\\/avatar\\\/c052a2551a06e23fac63626232eaa90abd78dbcf1700fc46a2b2c89fd27b735f?s=96&d=mm&r=g\",\"url\":\"https:\\\/\\\/secure.gravatar.com\\\/avatar\\\/c052a2551a06e23fac63626232eaa90abd78dbcf1700fc46a2b2c89fd27b735f?s=96&d=mm&r=g\",\"contentUrl\":\"https:\\\/\\\/secure.gravatar.com\\\/avatar\\\/c052a2551a06e23fac63626232eaa90abd78dbcf1700fc46a2b2c89fd27b735f?s=96&d=mm&r=g\",\"caption\":\"Redacci\u00f3n A Nova Peneira\"},\"sameAs\":[\"http:\\\/\\\/www.anovapeneira.gal\\\/\"],\"url\":\"https:\\\/\\\/www.anovapeneira.gal\\\/index.php\\\/author\\\/redactor\\\/\"}]}<\/script>\n<!-- \/ Yoast SEO plugin. -->","yoast_head_json":{"title":"Tomi\u00f1o habilita unha nova zona para autocaravanas no Seixo, tralo \u00e9xito da de Goi\u00e1n -","description":"A \u00e1rea de autocaravanas de Goi\u00e1n mant\u00e9n unha alta ocupaci\u00f3n e colleita excelentes rese\u00f1as dos seus usuarios","robots":{"index":"index","follow":"follow","max-snippet":"max-snippet:-1","max-image-preview":"max-image-preview:large","max-video-preview":"max-video-preview:-1"},"canonical":"https:\/\/www.anovapeneira.gal\/index.php\/2023\/08\/31\/tomino-habilita-unha-nova-zona-para-autocaravanas-no-seixo-tralo-exito-da-de-goian\/","og_locale":"gl_ES","og_type":"article","og_title":"Tomi\u00f1o habilita unha nova zona para autocaravanas no Seixo, tralo \u00e9xito da de Goi\u00e1n -","og_description":"A \u00e1rea de autocaravanas de Goi\u00e1n mant\u00e9n unha alta ocupaci\u00f3n e colleita excelentes rese\u00f1as dos seus usuarios","og_url":"https:\/\/www.anovapeneira.gal\/index.php\/2023\/08\/31\/tomino-habilita-unha-nova-zona-para-autocaravanas-no-seixo-tralo-exito-da-de-goian\/","article_publisher":"https:\/\/www.facebook.com\/anovapeneira","article_published_time":"2023-08-31T08:00:01+00:00","og_image":[{"width":720,"height":473,"url":"https:\/\/www.anovapeneira.gal\/wp-content\/uploads\/2019\/09\/concello_De_tominho_a_nova_peneria.jpg","type":"image\/jpeg"}],"author":"Redacci\u00f3n A Nova Peneira","twitter_card":"summary_large_image","twitter_creator":"@APeneira","twitter_site":"@APeneira","twitter_misc":{"Escrito por":"Redacci\u00f3n A Nova Peneira","Tempo de lectura":"3 minutos"},"schema":{"@context":"https:\/\/schema.org","@graph":[{"@type":"Article","@id":"https:\/\/www.anovapeneira.gal\/index.php\/2023\/08\/31\/tomino-habilita-unha-nova-zona-para-autocaravanas-no-seixo-tralo-exito-da-de-goian\/#article","isPartOf":{"@id":"https:\/\/www.anovapeneira.gal\/index.php\/2023\/08\/31\/tomino-habilita-unha-nova-zona-para-autocaravanas-no-seixo-tralo-exito-da-de-goian\/"},"author":{"name":"Redacci\u00f3n A Nova Peneira","@id":"https:\/\/www.anovapeneira.gal\/#\/schema\/person\/b93e3f8932e3f8da96334607eb6ac6aa"},"headline":"Tomi\u00f1o habilita unha nova zona para autocaravanas no Seixo, tralo \u00e9xito da de Goi\u00e1n","datePublished":"2023-08-31T08:00:01+00:00","mainEntityOfPage":{"@id":"https:\/\/www.anovapeneira.gal\/index.php\/2023\/08\/31\/tomino-habilita-unha-nova-zona-para-autocaravanas-no-seixo-tralo-exito-da-de-goian\/"},"wordCount":488,"commentCount":0,"publisher":{"@id":"https:\/\/www.anovapeneira.gal\/#organization"},"image":{"@id":"https:\/\/www.anovapeneira.gal\/index.php\/2023\/08\/31\/tomino-habilita-unha-nova-zona-para-autocaravanas-no-seixo-tralo-exito-da-de-goian\/#primaryimage"},"thumbnailUrl":"https:\/\/www.anovapeneira.gal\/wp-content\/uploads\/2019\/09\/concello_De_tominho_a_nova_peneria.jpg","keywords":["Concello de Tomi\u00f1o"],"articleSection":["Baixo Mi\u00f1o"],"inLanguage":"gl-ES","potentialAction":[{"@type":"CommentAction","name":"Comment","target":["https:\/\/www.anovapeneira.gal\/index.php\/2023\/08\/31\/tomino-habilita-unha-nova-zona-para-autocaravanas-no-seixo-tralo-exito-da-de-goian\/#respond"]}]},{"@type":"WebPage","@id":"https:\/\/www.anovapeneira.gal\/index.php\/2023\/08\/31\/tomino-habilita-unha-nova-zona-para-autocaravanas-no-seixo-tralo-exito-da-de-goian\/","url":"https:\/\/www.anovapeneira.gal\/index.php\/2023\/08\/31\/tomino-habilita-unha-nova-zona-para-autocaravanas-no-seixo-tralo-exito-da-de-goian\/","name":"Tomi\u00f1o habilita unha nova zona para autocaravanas no Seixo, tralo \u00e9xito da de Goi\u00e1n -","isPartOf":{"@id":"https:\/\/www.anovapeneira.gal\/#website"},"primaryImageOfPage":{"@id":"https:\/\/www.anovapeneira.gal\/index.php\/2023\/08\/31\/tomino-habilita-unha-nova-zona-para-autocaravanas-no-seixo-tralo-exito-da-de-goian\/#primaryimage"},"image":{"@id":"https:\/\/www.anovapeneira.gal\/index.php\/2023\/08\/31\/tomino-habilita-unha-nova-zona-para-autocaravanas-no-seixo-tralo-exito-da-de-goian\/#primaryimage"},"thumbnailUrl":"https:\/\/www.anovapeneira.gal\/wp-content\/uploads\/2019\/09\/concello_De_tominho_a_nova_peneria.jpg","datePublished":"2023-08-31T08:00:01+00:00","description":"A \u00e1rea de autocaravanas de Goi\u00e1n mant\u00e9n unha alta ocupaci\u00f3n e colleita excelentes rese\u00f1as dos seus usuarios","breadcrumb":{"@id":"https:\/\/www.anovapeneira.gal\/index.php\/2023\/08\/31\/tomino-habilita-unha-nova-zona-para-autocaravanas-no-seixo-tralo-exito-da-de-goian\/#breadcrumb"},"inLanguage":"gl-ES","potentialAction":[{"@type":"ReadAction","target":["https:\/\/www.anovapeneira.gal\/index.php\/2023\/08\/31\/tomino-habilita-unha-nova-zona-para-autocaravanas-no-seixo-tralo-exito-da-de-goian\/"]}]},{"@type":"ImageObject","inLanguage":"gl-ES","@id":"https:\/\/www.anovapeneira.gal\/index.php\/2023\/08\/31\/tomino-habilita-unha-nova-zona-para-autocaravanas-no-seixo-tralo-exito-da-de-goian\/#primaryimage","url":"https:\/\/www.anovapeneira.gal\/wp-content\/uploads\/2019\/09\/concello_De_tominho_a_nova_peneria.jpg","contentUrl":"https:\/\/www.anovapeneira.gal\/wp-content\/uploads\/2019\/09\/concello_De_tominho_a_nova_peneria.jpg","width":720,"height":473,"caption":"Concello de Tomi\u00f1o A Nova Peneira"},{"@type":"BreadcrumbList","@id":"https:\/\/www.anovapeneira.gal\/index.php\/2023\/08\/31\/tomino-habilita-unha-nova-zona-para-autocaravanas-no-seixo-tralo-exito-da-de-goian\/#breadcrumb","itemListElement":[{"@type":"ListItem","position":1,"name":"Portada","item":"https:\/\/www.anovapeneira.gal\/"},{"@type":"ListItem","position":2,"name":"Tomi\u00f1o habilita unha nova zona para autocaravanas no Seixo, tralo \u00e9xito da de Goi\u00e1n"}]},{"@type":"WebSite","@id":"https:\/\/www.anovapeneira.gal\/#website","url":"https:\/\/www.anovapeneira.gal\/","name":"","description":"Xornal galego de informaci\u00f3n xeral Publicaci\u00f3n mensual de novas de Galicia e en especial dos Concellos da sur da provincia de Pontevedra.","publisher":{"@id":"https:\/\/www.anovapeneira.gal\/#organization"},"potentialAction":[{"@type":"SearchAction","target":{"@type":"EntryPoint","urlTemplate":"https:\/\/www.anovapeneira.gal\/?s={search_term_string}"},"query-input":{"@type":"PropertyValueSpecification","valueRequired":true,"valueName":"search_term_string"}}],"inLanguage":"gl-ES"},{"@type":"Organization","@id":"https:\/\/www.anovapeneira.gal\/#organization","name":"A Nova Peneira","url":"https:\/\/www.anovapeneira.gal\/","logo":{"@type":"ImageObject","inLanguage":"gl-ES","@id":"https:\/\/www.anovapeneira.gal\/#\/schema\/logo\/image\/","url":"http:\/\/www.anovapeneira.gal\/wp-content\/uploads\/2019\/06\/logo_a_nova_peneira_portal_web.png","contentUrl":"http:\/\/www.anovapeneira.gal\/wp-content\/uploads\/2019\/06\/logo_a_nova_peneira_portal_web.png","width":300,"height":100,"caption":"A Nova Peneira"},"image":{"@id":"https:\/\/www.anovapeneira.gal\/#\/schema\/logo\/image\/"},"sameAs":["https:\/\/www.facebook.com\/anovapeneira","https:\/\/x.com\/APeneira"]},{"@type":"Person","@id":"https:\/\/www.anovapeneira.gal\/#\/schema\/person\/b93e3f8932e3f8da96334607eb6ac6aa","name":"Redacci\u00f3n A Nova Peneira","image":{"@type":"ImageObject","inLanguage":"gl-ES","@id":"https:\/\/secure.gravatar.com\/avatar\/c052a2551a06e23fac63626232eaa90abd78dbcf1700fc46a2b2c89fd27b735f?s=96&d=mm&r=g","url":"https:\/\/secure.gravatar.com\/avatar\/c052a2551a06e23fac63626232eaa90abd78dbcf1700fc46a2b2c89fd27b735f?s=96&d=mm&r=g","contentUrl":"https:\/\/secure.gravatar.com\/avatar\/c052a2551a06e23fac63626232eaa90abd78dbcf1700fc46a2b2c89fd27b735f?s=96&d=mm&r=g","caption":"Redacci\u00f3n A Nova Peneira"},"sameAs":["http:\/\/www.anovapeneira.gal\/"],"url":"https:\/\/www.anovapeneira.gal\/index.php\/author\/redactor\/"}]}},"jetpack_featured_media_url":"https:\/\/www.anovapeneira.gal\/wp-content\/uploads\/2019\/09\/concello_De_tominho_a_nova_peneria.jpg","_links":{"self":[{"href":"https:\/\/www.anovapeneira.gal\/index.php\/wp-json\/wp\/v2\/posts\/10349","targetHints":{"allow":["GET"]}}],"collection":[{"href":"https:\/\/www.anovapeneira.gal\/index.php\/wp-json\/wp\/v2\/posts"}],"about":[{"href":"https:\/\/www.anovapeneira.gal\/index.php\/wp-json\/wp\/v2\/types\/post"}],"author":[{"embeddable":true,"href":"https:\/\/www.anovapeneira.gal\/index.php\/wp-json\/wp\/v2\/users\/3"}],"replies":[{"embeddable":true,"href":"https:\/\/www.anovapeneira.gal\/index.php\/wp-json\/wp\/v2\/comments?post=10349"}],"version-history":[{"count":1,"href":"https:\/\/www.anovapeneira.gal\/index.php\/wp-json\/wp\/v2\/posts\/10349\/revisions"}],"predecessor-version":[{"id":10350,"href":"https:\/\/www.anovapeneira.gal\/index.php\/wp-json\/wp\/v2\/posts\/10349\/revisions\/10350"}],"wp:featuredmedia":[{"embeddable":true,"href":"https:\/\/www.anovapeneira.gal\/index.php\/wp-json\/wp\/v2\/media\/1336"}],"wp:attachment":[{"href":"https:\/\/www.anovapeneira.gal\/index.php\/wp-json\/wp\/v2\/media?parent=10349"}],"wp:term":[{"taxonomy":"category","embeddable":true,"href":"https:\/\/www.anovapeneira.gal\/index.php\/wp-json\/wp\/v2\/categories?post=10349"},{"taxonomy":"post_tag","embeddable":true,"href":"https:\/\/www.anovapeneira.gal\/index.php\/wp-json\/wp\/v2\/tags?post=10349"}],"curies":[{"name":"wp","href":"https:\/\/api.w.org\/{rel}","templated":true}]}}