{"id":10357,"date":"2023-09-01T10:00:01","date_gmt":"2023-09-01T08:00:01","guid":{"rendered":"https:\/\/www.anovapeneira.gal\/?p=10357"},"modified":"2023-08-31T09:26:37","modified_gmt":"2023-08-31T07:26:37","slug":"paradas-en-stellantis-vigo-que-esta-a-acontecer","status":"publish","type":"post","link":"https:\/\/www.anovapeneira.gal\/index.php\/2023\/09\/01\/paradas-en-stellantis-vigo-que-esta-a-acontecer\/","title":{"rendered":"Paradas En Stellantis Vigo. Que Est\u00e1 A Acontecer?"},"content":{"rendered":"\n<h2 class=\"wp-block-heading\">A direcci\u00f3n mant\u00e9n a s\u00faa intenci\u00f3n de implantar a quenda fin de samana no S2 pese a non poder garantir a carga de traballo no resto das quendas existentes.<\/h2>\n\n\n\n<pre class=\"wp-block-verse\">Vitor Manuel Mari\u00f1o Fern\u00e1ndez, Secretario da Secci\u00f3n Sindical da CUT Citroen<\/pre>\n\n\n\n<p>O modelo organizativo elox\u00edsticoque utilizao grupo Stellantis,e xa utilizaba anteriormente PSA (Just in Time),\u00e9 evidente rep\u00f3rtalle grandes beneficios. Pero eses beneficios son a costa do sacrificio, sa\u00fade, e conciliaci\u00f3n familiar e laboral das persoas traballadoras, e a cargo tam\u00e9n na maior\u00eda dos casos ao erario publico.<\/p>\n\n\n\n<p>Este modelo empresarial de eliminaci\u00f3n de stocks e demanda de pezas sobre pedido, se agudizou pero a\u00ednda mais derivado ao noso entender pola des-localizaci\u00f3n de provedores cara outros pa\u00edses, nun intento de reduci\u00f3n de custes de produci\u00f3ne materias primas,e asactuais e supostas dificultades lox\u00edsticas tralaera post-COVID.<\/p>\n\n\n\n<p>Caber\u00eda analizar si esas dificultades de compo\u00f1entes, lox\u00edstica, oufalla de transportistas e debido precisamente a esa des-localizaci\u00f3n, e as condici\u00f3ns organizativas i econ\u00f3micas que se implantaron no grupoe lle esixetam\u00e9n aos seus provedores, son\u00e1 consecuencia. De ser as\u00ed, porque as persoas traballadoras esobre todoas administraci\u00f3ns p\u00fablicas te\u00f1en que buscarlle soluci\u00f3na un problema que eles mesmos crearon?.<\/p>\n\n\n\n<p>\u00c9 evidente que, o sistema (just un time) no que est\u00e1n inmersos a maior\u00eda dos produtores de autom\u00f3biles evidenciou,i evidencia dificultades, pero non coma entendea CUT ten o grupo Stellantis. Porque dentro do sectorda automoci\u00f3n poder\u00eda ser dos mais prexudicados e actualmente segue mantendo dificultades que o resto de construtores non sofren con tanta virulencia?. \u00c9 unha estratexia empresarial para facer presi\u00f3n a gobernos e as administraci\u00f3ns p\u00fablicas para que desembolsen subvenci\u00f3ns?.Porque o centro de Vigo e dos mais prexudicados?.<\/p>\n\n\n\n<p>Est\u00e1 claro que, para a CUT a flexibilidade laboral que se lle permite a fabrica de Vigo a nivel sindical, xudicial,e pol\u00edtico \u00e9 evidente, ao deixar ao marxe ao noso entender en moitos casos o cumprimento da normativa laboral,indo en contra incluso do que se regula en materia de conciliaci\u00f3n da vida familiar e laboral. Para que van a mellorar a lox\u00edstica e fluxo de compo\u00f1entes, as\u00ed como o sistema organizativo, se a marxe debeneficios se incrementa!.<\/p>\n\n\n\n<p>Pero se esquece que, na derradeira d\u00e9cadaos ERTE`s forman parte da nosa vidae son utilizados xunto coa bolsa de horas como mecanismo deflexibilidade laboralantes incluso da era COVID. O ERTE en vigor actual baseado na falla de semiconductores, parece ser que vai ser empregado para calquera circunstanciade falla de aprovisionamentos ou outras circunstancias, un ERTE con posibilidade de ampliaci\u00f3n para o vindeiro2024.<\/p>\n\n\n\n<p>Un ERTE que como aconteceu nestes dias, con uns preavisos \u201ca la carta\u201d, causando un prexuizo notable as persoas traballadoras por este abuso sistem\u00e1tico da empresa, sen saber si traballamos ou non o dia seguinte e modificandoos horarios da quenda de noite.<\/p>\n\n\n\n<p>O beneficio empresarial de manter este sistema \u00e9 evidente, unha vez presentados os resultados econ\u00f3micos do grupo que, multiplican eses beneficios ano tras anoa pesares das paradas produtivas. Menos coches fabricados, pero mais rendemento por veh\u00edculo vendido.<\/p>\n\n\n\n<p>Ante a pr\u00f3xima apertura da quenda de fin de semana no Sistema 2, parece serque STELLANTIS ten dificultades para atopar persoas traballadoras. At\u00f3panse agora con esta problem\u00e1tica, que incluso vai m\u00e1is ala, pois moitas das persoas deciden abandonara fabrica antes de rematalo seu contrato ante a situaci\u00f3n de precariedade existente, unha vez comezan a traballar dec\u00e1tanse do salario insuficiente, presi\u00f3ns, problemas de sa\u00fade, inestabilidade horaria, xornadas maratonianas, dispo\u00f1ibilidade absoluta \u2026<\/p>\n\n\n\n<p>Ante esta situaci\u00f3n de degradaci\u00f3n constante, STELLANTIS Vigo no pode sorprenderse de ter dificultades para atopar persoas traballadoras, se as condici\u00f3ns de traballo tivesen unhas condici\u00f3ns econ\u00f3micas acordes ao custe da vida actual, unhas condici\u00f3nsde traballo que permitan manter unha sa\u00fade f\u00edsicae psicol\u00f3xica dentro da normalidade, unhas condici\u00f3ns sociais que permitan a estabilidade, a conciliaci\u00f3n, os horarios estables e co\u00f1ecidos con tempo de antelaci\u00f3n,&#8230; en definitiva unhas condici\u00f3ns dignas.<\/p>\n\n\n\n<p>Estase a normalizar no sector da automoci\u00f3n a precarizaci\u00f3n das condici\u00f3ns econ\u00f3micas, laborais,e sociais como practica inherente ao sector para supostamente sercompetitivos.Caber\u00eda preguntarse; con quen temos que ser competitivos?, cos pa\u00edses de baixo custe e condici\u00f3ns laborais de escravitude ao que nos queren levar, ou para seguir pelexando entre plantas do mesmo grupo para ter carga de traballo, unha pelexa que o \u201cguru\u201d Tavares sempre acent\u00faa intencionadamentepara aumentar a marxe beneficios aos accionistas, e sobre todo sobre no seu salario. Pero sen embargo os\/astraballadores\/as de Vigo percibiron menos paga de beneficios no 2023, a pesares de que os resultados do grupo foron maiores.<\/p>\n","protected":false},"excerpt":{"rendered":"<div class=\"mh-excerpt\"><p>A direcci\u00f3n mant\u00e9n a s\u00faa intenci\u00f3n de implantar a quenda fin de samana no S2 pese a non poder garantir a carga de traballo no resto das quendas existentes <a class=\"mh-excerpt-more\" href=\"https:\/\/www.anovapeneira.gal\/index.php\/2023\/09\/01\/paradas-en-stellantis-vigo-que-esta-a-acontecer\/\" title=\"Paradas En Stellantis Vigo. Que Est\u00e1 A Acontecer?\">[&#8230;]<\/a><\/p>\n<\/div>","protected":false},"author":3,"featured_media":7079,"comment_status":"open","ping_status":"open","sticky":false,"template":"","format":"standard","meta":{"_exactmetrics_skip_tracking":false,"_exactmetrics_sitenote_active":false,"_exactmetrics_sitenote_note":"","_exactmetrics_sitenote_category":0,"footnotes":""},"categories":[19],"tags":[227],"class_list":{"0":"post-10357","1":"post","2":"type-post","3":"status-publish","4":"format-standard","5":"has-post-thumbnail","7":"category-vigo","8":"tag-concello-de-vigo"},"yoast_head":"<!-- This site is optimized with the Yoast SEO plugin v27.4 - https:\/\/yoast.com\/product\/yoast-seo-wordpress\/ -->\n<title>Paradas En Stellantis Vigo. Que Est\u00e1 A Acontecer? -<\/title>\n<meta name=\"description\" content=\"A direcci\u00f3n mant\u00e9n a s\u00faa intenci\u00f3n de implantar a quenda fin de samana no S2 pese a non poder garantir a carga de traballo no resto das quendas existentes\" \/>\n<meta name=\"robots\" content=\"index, follow, max-snippet:-1, max-image-preview:large, max-video-preview:-1\" \/>\n<link rel=\"canonical\" href=\"https:\/\/www.anovapeneira.gal\/index.php\/2023\/09\/01\/paradas-en-stellantis-vigo-que-esta-a-acontecer\/\" \/>\n<meta property=\"og:locale\" content=\"gl_ES\" \/>\n<meta property=\"og:type\" content=\"article\" \/>\n<meta property=\"og:title\" content=\"Paradas En Stellantis Vigo. Que Est\u00e1 A Acontecer? -\" \/>\n<meta property=\"og:description\" content=\"A direcci\u00f3n mant\u00e9n a s\u00faa intenci\u00f3n de implantar a quenda fin de samana no S2 pese a non poder garantir a carga de traballo no resto das quendas existentes\" \/>\n<meta property=\"og:url\" content=\"https:\/\/www.anovapeneira.gal\/index.php\/2023\/09\/01\/paradas-en-stellantis-vigo-que-esta-a-acontecer\/\" \/>\n<meta property=\"article:publisher\" content=\"https:\/\/www.facebook.com\/anovapeneira\" \/>\n<meta property=\"article:published_time\" content=\"2023-09-01T08:00:01+00:00\" \/>\n<meta property=\"og:image\" content=\"https:\/\/www.anovapeneira.gal\/wp-content\/uploads\/2022\/03\/cut_citroen.jpg\" \/>\n\t<meta property=\"og:image:width\" content=\"720\" \/>\n\t<meta property=\"og:image:height\" content=\"432\" \/>\n\t<meta property=\"og:image:type\" content=\"image\/jpeg\" \/>\n<meta name=\"author\" content=\"Redacci\u00f3n A Nova Peneira\" \/>\n<meta name=\"twitter:card\" content=\"summary_large_image\" \/>\n<meta name=\"twitter:creator\" content=\"@APeneira\" \/>\n<meta name=\"twitter:site\" content=\"@APeneira\" \/>\n<meta name=\"twitter:label1\" content=\"Escrito por\" \/>\n\t<meta name=\"twitter:data1\" content=\"Redacci\u00f3n A Nova Peneira\" \/>\n\t<meta name=\"twitter:label2\" content=\"Tempo de lectura\" \/>\n\t<meta name=\"twitter:data2\" content=\"4 minutos\" \/>\n<script type=\"application\/ld+json\" class=\"yoast-schema-graph\">{\"@context\":\"https:\\\/\\\/schema.org\",\"@graph\":[{\"@type\":\"Article\",\"@id\":\"https:\\\/\\\/www.anovapeneira.gal\\\/index.php\\\/2023\\\/09\\\/01\\\/paradas-en-stellantis-vigo-que-esta-a-acontecer\\\/#article\",\"isPartOf\":{\"@id\":\"https:\\\/\\\/www.anovapeneira.gal\\\/index.php\\\/2023\\\/09\\\/01\\\/paradas-en-stellantis-vigo-que-esta-a-acontecer\\\/\"},\"author\":{\"name\":\"Redacci\u00f3n A Nova Peneira\",\"@id\":\"https:\\\/\\\/www.anovapeneira.gal\\\/#\\\/schema\\\/person\\\/b93e3f8932e3f8da96334607eb6ac6aa\"},\"headline\":\"Paradas En Stellantis Vigo. Que Est\u00e1 A Acontecer?\",\"datePublished\":\"2023-09-01T08:00:01+00:00\",\"mainEntityOfPage\":{\"@id\":\"https:\\\/\\\/www.anovapeneira.gal\\\/index.php\\\/2023\\\/09\\\/01\\\/paradas-en-stellantis-vigo-que-esta-a-acontecer\\\/\"},\"wordCount\":806,\"commentCount\":0,\"publisher\":{\"@id\":\"https:\\\/\\\/www.anovapeneira.gal\\\/#organization\"},\"image\":{\"@id\":\"https:\\\/\\\/www.anovapeneira.gal\\\/index.php\\\/2023\\\/09\\\/01\\\/paradas-en-stellantis-vigo-que-esta-a-acontecer\\\/#primaryimage\"},\"thumbnailUrl\":\"https:\\\/\\\/www.anovapeneira.gal\\\/wp-content\\\/uploads\\\/2022\\\/03\\\/cut_citroen.jpg\",\"keywords\":[\"Concello de Vigo\"],\"articleSection\":[\"Vigo\"],\"inLanguage\":\"gl-ES\",\"potentialAction\":[{\"@type\":\"CommentAction\",\"name\":\"Comment\",\"target\":[\"https:\\\/\\\/www.anovapeneira.gal\\\/index.php\\\/2023\\\/09\\\/01\\\/paradas-en-stellantis-vigo-que-esta-a-acontecer\\\/#respond\"]}]},{\"@type\":\"WebPage\",\"@id\":\"https:\\\/\\\/www.anovapeneira.gal\\\/index.php\\\/2023\\\/09\\\/01\\\/paradas-en-stellantis-vigo-que-esta-a-acontecer\\\/\",\"url\":\"https:\\\/\\\/www.anovapeneira.gal\\\/index.php\\\/2023\\\/09\\\/01\\\/paradas-en-stellantis-vigo-que-esta-a-acontecer\\\/\",\"name\":\"Paradas En Stellantis Vigo. Que Est\u00e1 A Acontecer? -\",\"isPartOf\":{\"@id\":\"https:\\\/\\\/www.anovapeneira.gal\\\/#website\"},\"primaryImageOfPage\":{\"@id\":\"https:\\\/\\\/www.anovapeneira.gal\\\/index.php\\\/2023\\\/09\\\/01\\\/paradas-en-stellantis-vigo-que-esta-a-acontecer\\\/#primaryimage\"},\"image\":{\"@id\":\"https:\\\/\\\/www.anovapeneira.gal\\\/index.php\\\/2023\\\/09\\\/01\\\/paradas-en-stellantis-vigo-que-esta-a-acontecer\\\/#primaryimage\"},\"thumbnailUrl\":\"https:\\\/\\\/www.anovapeneira.gal\\\/wp-content\\\/uploads\\\/2022\\\/03\\\/cut_citroen.jpg\",\"datePublished\":\"2023-09-01T08:00:01+00:00\",\"description\":\"A direcci\u00f3n mant\u00e9n a s\u00faa intenci\u00f3n de implantar a quenda fin de samana no S2 pese a non poder garantir a carga de traballo no resto das quendas existentes\",\"breadcrumb\":{\"@id\":\"https:\\\/\\\/www.anovapeneira.gal\\\/index.php\\\/2023\\\/09\\\/01\\\/paradas-en-stellantis-vigo-que-esta-a-acontecer\\\/#breadcrumb\"},\"inLanguage\":\"gl-ES\",\"potentialAction\":[{\"@type\":\"ReadAction\",\"target\":[\"https:\\\/\\\/www.anovapeneira.gal\\\/index.php\\\/2023\\\/09\\\/01\\\/paradas-en-stellantis-vigo-que-esta-a-acontecer\\\/\"]}]},{\"@type\":\"ImageObject\",\"inLanguage\":\"gl-ES\",\"@id\":\"https:\\\/\\\/www.anovapeneira.gal\\\/index.php\\\/2023\\\/09\\\/01\\\/paradas-en-stellantis-vigo-que-esta-a-acontecer\\\/#primaryimage\",\"url\":\"https:\\\/\\\/www.anovapeneira.gal\\\/wp-content\\\/uploads\\\/2022\\\/03\\\/cut_citroen.jpg\",\"contentUrl\":\"https:\\\/\\\/www.anovapeneira.gal\\\/wp-content\\\/uploads\\\/2022\\\/03\\\/cut_citroen.jpg\",\"width\":720,\"height\":432,\"caption\":\"Cut central unitaria de traballadores citro\u00ebn\"},{\"@type\":\"BreadcrumbList\",\"@id\":\"https:\\\/\\\/www.anovapeneira.gal\\\/index.php\\\/2023\\\/09\\\/01\\\/paradas-en-stellantis-vigo-que-esta-a-acontecer\\\/#breadcrumb\",\"itemListElement\":[{\"@type\":\"ListItem\",\"position\":1,\"name\":\"Portada\",\"item\":\"https:\\\/\\\/www.anovapeneira.gal\\\/\"},{\"@type\":\"ListItem\",\"position\":2,\"name\":\"Paradas En Stellantis Vigo. Que Est\u00e1 A Acontecer?\"}]},{\"@type\":\"WebSite\",\"@id\":\"https:\\\/\\\/www.anovapeneira.gal\\\/#website\",\"url\":\"https:\\\/\\\/www.anovapeneira.gal\\\/\",\"name\":\"\",\"description\":\"Xornal galego de informaci\u00f3n xeral Publicaci\u00f3n mensual de novas de Galicia e en especial dos Concellos da sur da provincia de Pontevedra.\",\"publisher\":{\"@id\":\"https:\\\/\\\/www.anovapeneira.gal\\\/#organization\"},\"potentialAction\":[{\"@type\":\"SearchAction\",\"target\":{\"@type\":\"EntryPoint\",\"urlTemplate\":\"https:\\\/\\\/www.anovapeneira.gal\\\/?s={search_term_string}\"},\"query-input\":{\"@type\":\"PropertyValueSpecification\",\"valueRequired\":true,\"valueName\":\"search_term_string\"}}],\"inLanguage\":\"gl-ES\"},{\"@type\":\"Organization\",\"@id\":\"https:\\\/\\\/www.anovapeneira.gal\\\/#organization\",\"name\":\"A Nova Peneira\",\"url\":\"https:\\\/\\\/www.anovapeneira.gal\\\/\",\"logo\":{\"@type\":\"ImageObject\",\"inLanguage\":\"gl-ES\",\"@id\":\"https:\\\/\\\/www.anovapeneira.gal\\\/#\\\/schema\\\/logo\\\/image\\\/\",\"url\":\"http:\\\/\\\/www.anovapeneira.gal\\\/wp-content\\\/uploads\\\/2019\\\/06\\\/logo_a_nova_peneira_portal_web.png\",\"contentUrl\":\"http:\\\/\\\/www.anovapeneira.gal\\\/wp-content\\\/uploads\\\/2019\\\/06\\\/logo_a_nova_peneira_portal_web.png\",\"width\":300,\"height\":100,\"caption\":\"A Nova Peneira\"},\"image\":{\"@id\":\"https:\\\/\\\/www.anovapeneira.gal\\\/#\\\/schema\\\/logo\\\/image\\\/\"},\"sameAs\":[\"https:\\\/\\\/www.facebook.com\\\/anovapeneira\",\"https:\\\/\\\/x.com\\\/APeneira\"]},{\"@type\":\"Person\",\"@id\":\"https:\\\/\\\/www.anovapeneira.gal\\\/#\\\/schema\\\/person\\\/b93e3f8932e3f8da96334607eb6ac6aa\",\"name\":\"Redacci\u00f3n A Nova Peneira\",\"image\":{\"@type\":\"ImageObject\",\"inLanguage\":\"gl-ES\",\"@id\":\"https:\\\/\\\/secure.gravatar.com\\\/avatar\\\/c052a2551a06e23fac63626232eaa90abd78dbcf1700fc46a2b2c89fd27b735f?s=96&d=mm&r=g\",\"url\":\"https:\\\/\\\/secure.gravatar.com\\\/avatar\\\/c052a2551a06e23fac63626232eaa90abd78dbcf1700fc46a2b2c89fd27b735f?s=96&d=mm&r=g\",\"contentUrl\":\"https:\\\/\\\/secure.gravatar.com\\\/avatar\\\/c052a2551a06e23fac63626232eaa90abd78dbcf1700fc46a2b2c89fd27b735f?s=96&d=mm&r=g\",\"caption\":\"Redacci\u00f3n A Nova Peneira\"},\"sameAs\":[\"http:\\\/\\\/www.anovapeneira.gal\\\/\"],\"url\":\"https:\\\/\\\/www.anovapeneira.gal\\\/index.php\\\/author\\\/redactor\\\/\"}]}<\/script>\n<!-- \/ Yoast SEO plugin. -->","yoast_head_json":{"title":"Paradas En Stellantis Vigo. Que Est\u00e1 A Acontecer? -","description":"A direcci\u00f3n mant\u00e9n a s\u00faa intenci\u00f3n de implantar a quenda fin de samana no S2 pese a non poder garantir a carga de traballo no resto das quendas existentes","robots":{"index":"index","follow":"follow","max-snippet":"max-snippet:-1","max-image-preview":"max-image-preview:large","max-video-preview":"max-video-preview:-1"},"canonical":"https:\/\/www.anovapeneira.gal\/index.php\/2023\/09\/01\/paradas-en-stellantis-vigo-que-esta-a-acontecer\/","og_locale":"gl_ES","og_type":"article","og_title":"Paradas En Stellantis Vigo. Que Est\u00e1 A Acontecer? -","og_description":"A direcci\u00f3n mant\u00e9n a s\u00faa intenci\u00f3n de implantar a quenda fin de samana no S2 pese a non poder garantir a carga de traballo no resto das quendas existentes","og_url":"https:\/\/www.anovapeneira.gal\/index.php\/2023\/09\/01\/paradas-en-stellantis-vigo-que-esta-a-acontecer\/","article_publisher":"https:\/\/www.facebook.com\/anovapeneira","article_published_time":"2023-09-01T08:00:01+00:00","og_image":[{"width":720,"height":432,"url":"https:\/\/www.anovapeneira.gal\/wp-content\/uploads\/2022\/03\/cut_citroen.jpg","type":"image\/jpeg"}],"author":"Redacci\u00f3n A Nova Peneira","twitter_card":"summary_large_image","twitter_creator":"@APeneira","twitter_site":"@APeneira","twitter_misc":{"Escrito por":"Redacci\u00f3n A Nova Peneira","Tempo de lectura":"4 minutos"},"schema":{"@context":"https:\/\/schema.org","@graph":[{"@type":"Article","@id":"https:\/\/www.anovapeneira.gal\/index.php\/2023\/09\/01\/paradas-en-stellantis-vigo-que-esta-a-acontecer\/#article","isPartOf":{"@id":"https:\/\/www.anovapeneira.gal\/index.php\/2023\/09\/01\/paradas-en-stellantis-vigo-que-esta-a-acontecer\/"},"author":{"name":"Redacci\u00f3n A Nova Peneira","@id":"https:\/\/www.anovapeneira.gal\/#\/schema\/person\/b93e3f8932e3f8da96334607eb6ac6aa"},"headline":"Paradas En Stellantis Vigo. Que Est\u00e1 A Acontecer?","datePublished":"2023-09-01T08:00:01+00:00","mainEntityOfPage":{"@id":"https:\/\/www.anovapeneira.gal\/index.php\/2023\/09\/01\/paradas-en-stellantis-vigo-que-esta-a-acontecer\/"},"wordCount":806,"commentCount":0,"publisher":{"@id":"https:\/\/www.anovapeneira.gal\/#organization"},"image":{"@id":"https:\/\/www.anovapeneira.gal\/index.php\/2023\/09\/01\/paradas-en-stellantis-vigo-que-esta-a-acontecer\/#primaryimage"},"thumbnailUrl":"https:\/\/www.anovapeneira.gal\/wp-content\/uploads\/2022\/03\/cut_citroen.jpg","keywords":["Concello de Vigo"],"articleSection":["Vigo"],"inLanguage":"gl-ES","potentialAction":[{"@type":"CommentAction","name":"Comment","target":["https:\/\/www.anovapeneira.gal\/index.php\/2023\/09\/01\/paradas-en-stellantis-vigo-que-esta-a-acontecer\/#respond"]}]},{"@type":"WebPage","@id":"https:\/\/www.anovapeneira.gal\/index.php\/2023\/09\/01\/paradas-en-stellantis-vigo-que-esta-a-acontecer\/","url":"https:\/\/www.anovapeneira.gal\/index.php\/2023\/09\/01\/paradas-en-stellantis-vigo-que-esta-a-acontecer\/","name":"Paradas En Stellantis Vigo. Que Est\u00e1 A Acontecer? -","isPartOf":{"@id":"https:\/\/www.anovapeneira.gal\/#website"},"primaryImageOfPage":{"@id":"https:\/\/www.anovapeneira.gal\/index.php\/2023\/09\/01\/paradas-en-stellantis-vigo-que-esta-a-acontecer\/#primaryimage"},"image":{"@id":"https:\/\/www.anovapeneira.gal\/index.php\/2023\/09\/01\/paradas-en-stellantis-vigo-que-esta-a-acontecer\/#primaryimage"},"thumbnailUrl":"https:\/\/www.anovapeneira.gal\/wp-content\/uploads\/2022\/03\/cut_citroen.jpg","datePublished":"2023-09-01T08:00:01+00:00","description":"A direcci\u00f3n mant\u00e9n a s\u00faa intenci\u00f3n de implantar a quenda fin de samana no S2 pese a non poder garantir a carga de traballo no resto das quendas existentes","breadcrumb":{"@id":"https:\/\/www.anovapeneira.gal\/index.php\/2023\/09\/01\/paradas-en-stellantis-vigo-que-esta-a-acontecer\/#breadcrumb"},"inLanguage":"gl-ES","potentialAction":[{"@type":"ReadAction","target":["https:\/\/www.anovapeneira.gal\/index.php\/2023\/09\/01\/paradas-en-stellantis-vigo-que-esta-a-acontecer\/"]}]},{"@type":"ImageObject","inLanguage":"gl-ES","@id":"https:\/\/www.anovapeneira.gal\/index.php\/2023\/09\/01\/paradas-en-stellantis-vigo-que-esta-a-acontecer\/#primaryimage","url":"https:\/\/www.anovapeneira.gal\/wp-content\/uploads\/2022\/03\/cut_citroen.jpg","contentUrl":"https:\/\/www.anovapeneira.gal\/wp-content\/uploads\/2022\/03\/cut_citroen.jpg","width":720,"height":432,"caption":"Cut central unitaria de traballadores citro\u00ebn"},{"@type":"BreadcrumbList","@id":"https:\/\/www.anovapeneira.gal\/index.php\/2023\/09\/01\/paradas-en-stellantis-vigo-que-esta-a-acontecer\/#breadcrumb","itemListElement":[{"@type":"ListItem","position":1,"name":"Portada","item":"https:\/\/www.anovapeneira.gal\/"},{"@type":"ListItem","position":2,"name":"Paradas En Stellantis Vigo. Que Est\u00e1 A Acontecer?"}]},{"@type":"WebSite","@id":"https:\/\/www.anovapeneira.gal\/#website","url":"https:\/\/www.anovapeneira.gal\/","name":"","description":"Xornal galego de informaci\u00f3n xeral Publicaci\u00f3n mensual de novas de Galicia e en especial dos Concellos da sur da provincia de Pontevedra.","publisher":{"@id":"https:\/\/www.anovapeneira.gal\/#organization"},"potentialAction":[{"@type":"SearchAction","target":{"@type":"EntryPoint","urlTemplate":"https:\/\/www.anovapeneira.gal\/?s={search_term_string}"},"query-input":{"@type":"PropertyValueSpecification","valueRequired":true,"valueName":"search_term_string"}}],"inLanguage":"gl-ES"},{"@type":"Organization","@id":"https:\/\/www.anovapeneira.gal\/#organization","name":"A Nova Peneira","url":"https:\/\/www.anovapeneira.gal\/","logo":{"@type":"ImageObject","inLanguage":"gl-ES","@id":"https:\/\/www.anovapeneira.gal\/#\/schema\/logo\/image\/","url":"http:\/\/www.anovapeneira.gal\/wp-content\/uploads\/2019\/06\/logo_a_nova_peneira_portal_web.png","contentUrl":"http:\/\/www.anovapeneira.gal\/wp-content\/uploads\/2019\/06\/logo_a_nova_peneira_portal_web.png","width":300,"height":100,"caption":"A Nova Peneira"},"image":{"@id":"https:\/\/www.anovapeneira.gal\/#\/schema\/logo\/image\/"},"sameAs":["https:\/\/www.facebook.com\/anovapeneira","https:\/\/x.com\/APeneira"]},{"@type":"Person","@id":"https:\/\/www.anovapeneira.gal\/#\/schema\/person\/b93e3f8932e3f8da96334607eb6ac6aa","name":"Redacci\u00f3n A Nova Peneira","image":{"@type":"ImageObject","inLanguage":"gl-ES","@id":"https:\/\/secure.gravatar.com\/avatar\/c052a2551a06e23fac63626232eaa90abd78dbcf1700fc46a2b2c89fd27b735f?s=96&d=mm&r=g","url":"https:\/\/secure.gravatar.com\/avatar\/c052a2551a06e23fac63626232eaa90abd78dbcf1700fc46a2b2c89fd27b735f?s=96&d=mm&r=g","contentUrl":"https:\/\/secure.gravatar.com\/avatar\/c052a2551a06e23fac63626232eaa90abd78dbcf1700fc46a2b2c89fd27b735f?s=96&d=mm&r=g","caption":"Redacci\u00f3n A Nova Peneira"},"sameAs":["http:\/\/www.anovapeneira.gal\/"],"url":"https:\/\/www.anovapeneira.gal\/index.php\/author\/redactor\/"}]}},"jetpack_featured_media_url":"https:\/\/www.anovapeneira.gal\/wp-content\/uploads\/2022\/03\/cut_citroen.jpg","_links":{"self":[{"href":"https:\/\/www.anovapeneira.gal\/index.php\/wp-json\/wp\/v2\/posts\/10357","targetHints":{"allow":["GET"]}}],"collection":[{"href":"https:\/\/www.anovapeneira.gal\/index.php\/wp-json\/wp\/v2\/posts"}],"about":[{"href":"https:\/\/www.anovapeneira.gal\/index.php\/wp-json\/wp\/v2\/types\/post"}],"author":[{"embeddable":true,"href":"https:\/\/www.anovapeneira.gal\/index.php\/wp-json\/wp\/v2\/users\/3"}],"replies":[{"embeddable":true,"href":"https:\/\/www.anovapeneira.gal\/index.php\/wp-json\/wp\/v2\/comments?post=10357"}],"version-history":[{"count":1,"href":"https:\/\/www.anovapeneira.gal\/index.php\/wp-json\/wp\/v2\/posts\/10357\/revisions"}],"predecessor-version":[{"id":10358,"href":"https:\/\/www.anovapeneira.gal\/index.php\/wp-json\/wp\/v2\/posts\/10357\/revisions\/10358"}],"wp:featuredmedia":[{"embeddable":true,"href":"https:\/\/www.anovapeneira.gal\/index.php\/wp-json\/wp\/v2\/media\/7079"}],"wp:attachment":[{"href":"https:\/\/www.anovapeneira.gal\/index.php\/wp-json\/wp\/v2\/media?parent=10357"}],"wp:term":[{"taxonomy":"category","embeddable":true,"href":"https:\/\/www.anovapeneira.gal\/index.php\/wp-json\/wp\/v2\/categories?post=10357"},{"taxonomy":"post_tag","embeddable":true,"href":"https:\/\/www.anovapeneira.gal\/index.php\/wp-json\/wp\/v2\/tags?post=10357"}],"curies":[{"name":"wp","href":"https:\/\/api.w.org\/{rel}","templated":true}]}}