{"id":10359,"date":"2023-09-01T12:00:01","date_gmt":"2023-09-01T10:00:01","guid":{"rendered":"https:\/\/www.anovapeneira.gal\/?p=10359"},"modified":"2023-08-31T09:31:30","modified_gmt":"2023-08-31T07:31:30","slug":"o-concello-de-tui-fai-un-chamamento-a-responsabilidade-e-empresas-e-vecinanza-para-manter-tui-limpo","status":"publish","type":"post","link":"https:\/\/www.anovapeneira.gal\/index.php\/2023\/09\/01\/o-concello-de-tui-fai-un-chamamento-a-responsabilidade-e-empresas-e-vecinanza-para-manter-tui-limpo\/","title":{"rendered":"O Concello de Tui fai un chamamento \u00e1 responsabilidade e empresas e veci\u00f1anza para manter Tui limpo"},"content":{"rendered":"\n<h2 class=\"wp-block-heading\">Ponse en marcha unha campa\u00f1a de seguimento do cumprimento da normativa de limpeza<\/h2>\n\n\n\n<p><strong>Tui. Xoves, 24 de agosto de 2023.<\/strong><\/p>\n\n\n\n<p>O Concello de Tui considera que a actual temporada tur\u00edstica est\u00e1 sendo exitosa para a hostaler\u00eda tudense. O gran n\u00famero de visitantes que recibe a cidade fai que moitos negocios multipliquen por tres ou por catro a s\u00faa actividade nestes meses de ver\u00e1n. Este feito incide positivamente na econom\u00eda global do concello.<\/p>\n\n\n\n<p>Este bo comportamento do turismo ten que vir acompa\u00f1ado dun esforzo por parte de todos, administraci\u00f3n, veci\u00f1anza e establecementos hostaleiros e de restauraci\u00f3n, para dar unha imaxe dun Tui limpo e ordenado. Si est\u00e1 claro que por parte do concello existe a obriga de manter as r\u00faas limpas, por parte da veci\u00f1anza e especial dos negocios debe esperarse tam\u00e9n unha maior responsabilidade no cumprimento da Ordenanza de Limpeza.<\/p>\n\n\n\n<p>As empresas dedicas \u00e1 hostaler\u00eda e ao turismo, ao igual que as de que calquera outro sector, te\u00f1en o que co\u00f1ecemos coma \u2018responsabilidade social\u2019, \u00e9 dicir, m\u00e1is al\u00f3 de ser rendibles economicamente para os seus propietarios, te\u00f1en o compromiso e a obriga de buscar e promover o benestar social e a mellora do entorno no m\u00e1is amplo sentido da palabra, tanto f\u00edsico coma social.<\/p>\n\n\n\n<p>O Concello lamenta que nun mes no que os e as visitantes enchen as r\u00faas de Tui te\u00f1amos imaxes absolutamente lamentables arredor dos contedores de lixo, con caixas de cart\u00f3n amoreados a car\u00f3n do colector baleiro, restos de coci\u00f1a pousados xunto ao contedor correspondente, bolsas de lixo depositadas a p\u00e9 de r\u00faa sen introducir nos contedores, \u2026 dando unha sensaci\u00f3n de sucidade e abandono, que en nada benefician a ningu\u00e9n, nin a veci\u00f1os, nin a negocios. Por iso dende esta semana o Concello pon en marcha unha campa\u00f1a de control da Ordenanza de Ornato P\u00fablico e Limpeza. Sen ser esta a intenci\u00f3n do goberno o incumprimento da normativa pode acarrexar sanci\u00f3ns, dende 200 \u20ac para as infracci\u00f3ns leves at\u00e9 os 800\u20ac para as m\u00e1is graves.<\/p>\n\n\n\n<p>O alcalde de Tui, Enrique Cabaleiro, considera que manter o atractivo tur\u00edstico e a boa imaxe do noso concello \u00e9 un labor de todos e todas, na que todas as persoas e empresas nos temos que implicar, e que tam\u00e9n todos e todas temos responsabilidade.<\/p>\n","protected":false},"excerpt":{"rendered":"<div class=\"mh-excerpt\"><p>Ponse en marcha unha campa\u00f1a de seguimento do cumprimento da normativa de limpeza <a class=\"mh-excerpt-more\" href=\"https:\/\/www.anovapeneira.gal\/index.php\/2023\/09\/01\/o-concello-de-tui-fai-un-chamamento-a-responsabilidade-e-empresas-e-vecinanza-para-manter-tui-limpo\/\" title=\"O Concello de Tui fai un chamamento \u00e1 responsabilidade e empresas e veci\u00f1anza para manter Tui limpo\">[&#8230;]<\/a><\/p>\n<\/div>","protected":false},"author":3,"featured_media":10361,"comment_status":"open","ping_status":"open","sticky":false,"template":"","format":"standard","meta":{"_exactmetrics_skip_tracking":false,"_exactmetrics_sitenote_active":false,"_exactmetrics_sitenote_note":"","_exactmetrics_sitenote_category":0,"footnotes":""},"categories":[21],"tags":[426],"class_list":{"0":"post-10359","1":"post","2":"type-post","3":"status-publish","4":"format-standard","5":"has-post-thumbnail","7":"category-baixo-mino","8":"tag-concello-de-tui"},"yoast_head":"<!-- This site is optimized with the Yoast SEO plugin v27.4 - https:\/\/yoast.com\/product\/yoast-seo-wordpress\/ -->\n<title>O Concello de Tui fai un chamamento \u00e1 responsabilidade e empresas e veci\u00f1anza para manter Tui limpo -<\/title>\n<meta name=\"description\" content=\"Ponse en marcha unha campa\u00f1a de seguimento do cumprimento da normativa de limpeza\" \/>\n<meta name=\"robots\" content=\"index, follow, max-snippet:-1, max-image-preview:large, max-video-preview:-1\" \/>\n<link rel=\"canonical\" href=\"https:\/\/www.anovapeneira.gal\/index.php\/2023\/09\/01\/o-concello-de-tui-fai-un-chamamento-a-responsabilidade-e-empresas-e-vecinanza-para-manter-tui-limpo\/\" \/>\n<meta property=\"og:locale\" content=\"gl_ES\" \/>\n<meta property=\"og:type\" content=\"article\" \/>\n<meta property=\"og:title\" content=\"O Concello de Tui fai un chamamento \u00e1 responsabilidade e empresas e veci\u00f1anza para manter Tui limpo -\" \/>\n<meta property=\"og:description\" content=\"Ponse en marcha unha campa\u00f1a de seguimento do cumprimento da normativa de limpeza\" \/>\n<meta property=\"og:url\" content=\"https:\/\/www.anovapeneira.gal\/index.php\/2023\/09\/01\/o-concello-de-tui-fai-un-chamamento-a-responsabilidade-e-empresas-e-vecinanza-para-manter-tui-limpo\/\" \/>\n<meta property=\"article:publisher\" content=\"https:\/\/www.facebook.com\/anovapeneira\" \/>\n<meta property=\"article:published_time\" content=\"2023-09-01T10:00:01+00:00\" \/>\n<meta property=\"og:image\" content=\"https:\/\/www.anovapeneira.gal\/wp-content\/uploads\/2023\/08\/tui_limpeza.jpg\" \/>\n\t<meta property=\"og:image:width\" content=\"720\" \/>\n\t<meta property=\"og:image:height\" content=\"432\" \/>\n\t<meta property=\"og:image:type\" content=\"image\/jpeg\" \/>\n<meta name=\"author\" content=\"Redacci\u00f3n A Nova Peneira\" \/>\n<meta name=\"twitter:card\" content=\"summary_large_image\" \/>\n<meta name=\"twitter:creator\" content=\"@APeneira\" \/>\n<meta name=\"twitter:site\" content=\"@APeneira\" \/>\n<meta name=\"twitter:label1\" content=\"Escrito por\" \/>\n\t<meta name=\"twitter:data1\" content=\"Redacci\u00f3n A Nova Peneira\" \/>\n\t<meta name=\"twitter:label2\" content=\"Tempo de lectura\" \/>\n\t<meta name=\"twitter:data2\" content=\"3 minutos\" \/>\n<script type=\"application\/ld+json\" class=\"yoast-schema-graph\">{\"@context\":\"https:\\\/\\\/schema.org\",\"@graph\":[{\"@type\":\"Article\",\"@id\":\"https:\\\/\\\/www.anovapeneira.gal\\\/index.php\\\/2023\\\/09\\\/01\\\/o-concello-de-tui-fai-un-chamamento-a-responsabilidade-e-empresas-e-vecinanza-para-manter-tui-limpo\\\/#article\",\"isPartOf\":{\"@id\":\"https:\\\/\\\/www.anovapeneira.gal\\\/index.php\\\/2023\\\/09\\\/01\\\/o-concello-de-tui-fai-un-chamamento-a-responsabilidade-e-empresas-e-vecinanza-para-manter-tui-limpo\\\/\"},\"author\":{\"name\":\"Redacci\u00f3n A Nova Peneira\",\"@id\":\"https:\\\/\\\/www.anovapeneira.gal\\\/#\\\/schema\\\/person\\\/b93e3f8932e3f8da96334607eb6ac6aa\"},\"headline\":\"O Concello de Tui fai un chamamento \u00e1 responsabilidade e empresas e veci\u00f1anza para manter Tui limpo\",\"datePublished\":\"2023-09-01T10:00:01+00:00\",\"mainEntityOfPage\":{\"@id\":\"https:\\\/\\\/www.anovapeneira.gal\\\/index.php\\\/2023\\\/09\\\/01\\\/o-concello-de-tui-fai-un-chamamento-a-responsabilidade-e-empresas-e-vecinanza-para-manter-tui-limpo\\\/\"},\"wordCount\":420,\"commentCount\":0,\"publisher\":{\"@id\":\"https:\\\/\\\/www.anovapeneira.gal\\\/#organization\"},\"image\":{\"@id\":\"https:\\\/\\\/www.anovapeneira.gal\\\/index.php\\\/2023\\\/09\\\/01\\\/o-concello-de-tui-fai-un-chamamento-a-responsabilidade-e-empresas-e-vecinanza-para-manter-tui-limpo\\\/#primaryimage\"},\"thumbnailUrl\":\"https:\\\/\\\/www.anovapeneira.gal\\\/wp-content\\\/uploads\\\/2023\\\/08\\\/tui_limpeza.jpg\",\"keywords\":[\"Concello de Tui\"],\"articleSection\":[\"Baixo Mi\u00f1o\"],\"inLanguage\":\"gl-ES\",\"potentialAction\":[{\"@type\":\"CommentAction\",\"name\":\"Comment\",\"target\":[\"https:\\\/\\\/www.anovapeneira.gal\\\/index.php\\\/2023\\\/09\\\/01\\\/o-concello-de-tui-fai-un-chamamento-a-responsabilidade-e-empresas-e-vecinanza-para-manter-tui-limpo\\\/#respond\"]}]},{\"@type\":\"WebPage\",\"@id\":\"https:\\\/\\\/www.anovapeneira.gal\\\/index.php\\\/2023\\\/09\\\/01\\\/o-concello-de-tui-fai-un-chamamento-a-responsabilidade-e-empresas-e-vecinanza-para-manter-tui-limpo\\\/\",\"url\":\"https:\\\/\\\/www.anovapeneira.gal\\\/index.php\\\/2023\\\/09\\\/01\\\/o-concello-de-tui-fai-un-chamamento-a-responsabilidade-e-empresas-e-vecinanza-para-manter-tui-limpo\\\/\",\"name\":\"O Concello de Tui fai un chamamento \u00e1 responsabilidade e empresas e veci\u00f1anza para manter Tui limpo -\",\"isPartOf\":{\"@id\":\"https:\\\/\\\/www.anovapeneira.gal\\\/#website\"},\"primaryImageOfPage\":{\"@id\":\"https:\\\/\\\/www.anovapeneira.gal\\\/index.php\\\/2023\\\/09\\\/01\\\/o-concello-de-tui-fai-un-chamamento-a-responsabilidade-e-empresas-e-vecinanza-para-manter-tui-limpo\\\/#primaryimage\"},\"image\":{\"@id\":\"https:\\\/\\\/www.anovapeneira.gal\\\/index.php\\\/2023\\\/09\\\/01\\\/o-concello-de-tui-fai-un-chamamento-a-responsabilidade-e-empresas-e-vecinanza-para-manter-tui-limpo\\\/#primaryimage\"},\"thumbnailUrl\":\"https:\\\/\\\/www.anovapeneira.gal\\\/wp-content\\\/uploads\\\/2023\\\/08\\\/tui_limpeza.jpg\",\"datePublished\":\"2023-09-01T10:00:01+00:00\",\"description\":\"Ponse en marcha unha campa\u00f1a de seguimento do cumprimento da normativa de limpeza\",\"breadcrumb\":{\"@id\":\"https:\\\/\\\/www.anovapeneira.gal\\\/index.php\\\/2023\\\/09\\\/01\\\/o-concello-de-tui-fai-un-chamamento-a-responsabilidade-e-empresas-e-vecinanza-para-manter-tui-limpo\\\/#breadcrumb\"},\"inLanguage\":\"gl-ES\",\"potentialAction\":[{\"@type\":\"ReadAction\",\"target\":[\"https:\\\/\\\/www.anovapeneira.gal\\\/index.php\\\/2023\\\/09\\\/01\\\/o-concello-de-tui-fai-un-chamamento-a-responsabilidade-e-empresas-e-vecinanza-para-manter-tui-limpo\\\/\"]}]},{\"@type\":\"ImageObject\",\"inLanguage\":\"gl-ES\",\"@id\":\"https:\\\/\\\/www.anovapeneira.gal\\\/index.php\\\/2023\\\/09\\\/01\\\/o-concello-de-tui-fai-un-chamamento-a-responsabilidade-e-empresas-e-vecinanza-para-manter-tui-limpo\\\/#primaryimage\",\"url\":\"https:\\\/\\\/www.anovapeneira.gal\\\/wp-content\\\/uploads\\\/2023\\\/08\\\/tui_limpeza.jpg\",\"contentUrl\":\"https:\\\/\\\/www.anovapeneira.gal\\\/wp-content\\\/uploads\\\/2023\\\/08\\\/tui_limpeza.jpg\",\"width\":720,\"height\":432,\"caption\":\"Tui fai un chamamento \u00e1 responsabilidade e empresas e veci\u00f1anza para manter Tui limpo\"},{\"@type\":\"BreadcrumbList\",\"@id\":\"https:\\\/\\\/www.anovapeneira.gal\\\/index.php\\\/2023\\\/09\\\/01\\\/o-concello-de-tui-fai-un-chamamento-a-responsabilidade-e-empresas-e-vecinanza-para-manter-tui-limpo\\\/#breadcrumb\",\"itemListElement\":[{\"@type\":\"ListItem\",\"position\":1,\"name\":\"Portada\",\"item\":\"https:\\\/\\\/www.anovapeneira.gal\\\/\"},{\"@type\":\"ListItem\",\"position\":2,\"name\":\"O Concello de Tui fai un chamamento \u00e1 responsabilidade e empresas e veci\u00f1anza para manter Tui limpo\"}]},{\"@type\":\"WebSite\",\"@id\":\"https:\\\/\\\/www.anovapeneira.gal\\\/#website\",\"url\":\"https:\\\/\\\/www.anovapeneira.gal\\\/\",\"name\":\"\",\"description\":\"Xornal galego de informaci\u00f3n xeral Publicaci\u00f3n mensual de novas de Galicia e en especial dos Concellos da sur da provincia de Pontevedra.\",\"publisher\":{\"@id\":\"https:\\\/\\\/www.anovapeneira.gal\\\/#organization\"},\"potentialAction\":[{\"@type\":\"SearchAction\",\"target\":{\"@type\":\"EntryPoint\",\"urlTemplate\":\"https:\\\/\\\/www.anovapeneira.gal\\\/?s={search_term_string}\"},\"query-input\":{\"@type\":\"PropertyValueSpecification\",\"valueRequired\":true,\"valueName\":\"search_term_string\"}}],\"inLanguage\":\"gl-ES\"},{\"@type\":\"Organization\",\"@id\":\"https:\\\/\\\/www.anovapeneira.gal\\\/#organization\",\"name\":\"A Nova Peneira\",\"url\":\"https:\\\/\\\/www.anovapeneira.gal\\\/\",\"logo\":{\"@type\":\"ImageObject\",\"inLanguage\":\"gl-ES\",\"@id\":\"https:\\\/\\\/www.anovapeneira.gal\\\/#\\\/schema\\\/logo\\\/image\\\/\",\"url\":\"http:\\\/\\\/www.anovapeneira.gal\\\/wp-content\\\/uploads\\\/2019\\\/06\\\/logo_a_nova_peneira_portal_web.png\",\"contentUrl\":\"http:\\\/\\\/www.anovapeneira.gal\\\/wp-content\\\/uploads\\\/2019\\\/06\\\/logo_a_nova_peneira_portal_web.png\",\"width\":300,\"height\":100,\"caption\":\"A Nova Peneira\"},\"image\":{\"@id\":\"https:\\\/\\\/www.anovapeneira.gal\\\/#\\\/schema\\\/logo\\\/image\\\/\"},\"sameAs\":[\"https:\\\/\\\/www.facebook.com\\\/anovapeneira\",\"https:\\\/\\\/x.com\\\/APeneira\"]},{\"@type\":\"Person\",\"@id\":\"https:\\\/\\\/www.anovapeneira.gal\\\/#\\\/schema\\\/person\\\/b93e3f8932e3f8da96334607eb6ac6aa\",\"name\":\"Redacci\u00f3n A Nova Peneira\",\"image\":{\"@type\":\"ImageObject\",\"inLanguage\":\"gl-ES\",\"@id\":\"https:\\\/\\\/secure.gravatar.com\\\/avatar\\\/c052a2551a06e23fac63626232eaa90abd78dbcf1700fc46a2b2c89fd27b735f?s=96&d=mm&r=g\",\"url\":\"https:\\\/\\\/secure.gravatar.com\\\/avatar\\\/c052a2551a06e23fac63626232eaa90abd78dbcf1700fc46a2b2c89fd27b735f?s=96&d=mm&r=g\",\"contentUrl\":\"https:\\\/\\\/secure.gravatar.com\\\/avatar\\\/c052a2551a06e23fac63626232eaa90abd78dbcf1700fc46a2b2c89fd27b735f?s=96&d=mm&r=g\",\"caption\":\"Redacci\u00f3n A Nova Peneira\"},\"sameAs\":[\"http:\\\/\\\/www.anovapeneira.gal\\\/\"],\"url\":\"https:\\\/\\\/www.anovapeneira.gal\\\/index.php\\\/author\\\/redactor\\\/\"}]}<\/script>\n<!-- \/ Yoast SEO plugin. -->","yoast_head_json":{"title":"O Concello de Tui fai un chamamento \u00e1 responsabilidade e empresas e veci\u00f1anza para manter Tui limpo -","description":"Ponse en marcha unha campa\u00f1a de seguimento do cumprimento da normativa de limpeza","robots":{"index":"index","follow":"follow","max-snippet":"max-snippet:-1","max-image-preview":"max-image-preview:large","max-video-preview":"max-video-preview:-1"},"canonical":"https:\/\/www.anovapeneira.gal\/index.php\/2023\/09\/01\/o-concello-de-tui-fai-un-chamamento-a-responsabilidade-e-empresas-e-vecinanza-para-manter-tui-limpo\/","og_locale":"gl_ES","og_type":"article","og_title":"O Concello de Tui fai un chamamento \u00e1 responsabilidade e empresas e veci\u00f1anza para manter Tui limpo -","og_description":"Ponse en marcha unha campa\u00f1a de seguimento do cumprimento da normativa de limpeza","og_url":"https:\/\/www.anovapeneira.gal\/index.php\/2023\/09\/01\/o-concello-de-tui-fai-un-chamamento-a-responsabilidade-e-empresas-e-vecinanza-para-manter-tui-limpo\/","article_publisher":"https:\/\/www.facebook.com\/anovapeneira","article_published_time":"2023-09-01T10:00:01+00:00","og_image":[{"width":720,"height":432,"url":"https:\/\/www.anovapeneira.gal\/wp-content\/uploads\/2023\/08\/tui_limpeza.jpg","type":"image\/jpeg"}],"author":"Redacci\u00f3n A Nova Peneira","twitter_card":"summary_large_image","twitter_creator":"@APeneira","twitter_site":"@APeneira","twitter_misc":{"Escrito por":"Redacci\u00f3n A Nova Peneira","Tempo de lectura":"3 minutos"},"schema":{"@context":"https:\/\/schema.org","@graph":[{"@type":"Article","@id":"https:\/\/www.anovapeneira.gal\/index.php\/2023\/09\/01\/o-concello-de-tui-fai-un-chamamento-a-responsabilidade-e-empresas-e-vecinanza-para-manter-tui-limpo\/#article","isPartOf":{"@id":"https:\/\/www.anovapeneira.gal\/index.php\/2023\/09\/01\/o-concello-de-tui-fai-un-chamamento-a-responsabilidade-e-empresas-e-vecinanza-para-manter-tui-limpo\/"},"author":{"name":"Redacci\u00f3n A Nova Peneira","@id":"https:\/\/www.anovapeneira.gal\/#\/schema\/person\/b93e3f8932e3f8da96334607eb6ac6aa"},"headline":"O Concello de Tui fai un chamamento \u00e1 responsabilidade e empresas e veci\u00f1anza para manter Tui limpo","datePublished":"2023-09-01T10:00:01+00:00","mainEntityOfPage":{"@id":"https:\/\/www.anovapeneira.gal\/index.php\/2023\/09\/01\/o-concello-de-tui-fai-un-chamamento-a-responsabilidade-e-empresas-e-vecinanza-para-manter-tui-limpo\/"},"wordCount":420,"commentCount":0,"publisher":{"@id":"https:\/\/www.anovapeneira.gal\/#organization"},"image":{"@id":"https:\/\/www.anovapeneira.gal\/index.php\/2023\/09\/01\/o-concello-de-tui-fai-un-chamamento-a-responsabilidade-e-empresas-e-vecinanza-para-manter-tui-limpo\/#primaryimage"},"thumbnailUrl":"https:\/\/www.anovapeneira.gal\/wp-content\/uploads\/2023\/08\/tui_limpeza.jpg","keywords":["Concello de Tui"],"articleSection":["Baixo Mi\u00f1o"],"inLanguage":"gl-ES","potentialAction":[{"@type":"CommentAction","name":"Comment","target":["https:\/\/www.anovapeneira.gal\/index.php\/2023\/09\/01\/o-concello-de-tui-fai-un-chamamento-a-responsabilidade-e-empresas-e-vecinanza-para-manter-tui-limpo\/#respond"]}]},{"@type":"WebPage","@id":"https:\/\/www.anovapeneira.gal\/index.php\/2023\/09\/01\/o-concello-de-tui-fai-un-chamamento-a-responsabilidade-e-empresas-e-vecinanza-para-manter-tui-limpo\/","url":"https:\/\/www.anovapeneira.gal\/index.php\/2023\/09\/01\/o-concello-de-tui-fai-un-chamamento-a-responsabilidade-e-empresas-e-vecinanza-para-manter-tui-limpo\/","name":"O Concello de Tui fai un chamamento \u00e1 responsabilidade e empresas e veci\u00f1anza para manter Tui limpo -","isPartOf":{"@id":"https:\/\/www.anovapeneira.gal\/#website"},"primaryImageOfPage":{"@id":"https:\/\/www.anovapeneira.gal\/index.php\/2023\/09\/01\/o-concello-de-tui-fai-un-chamamento-a-responsabilidade-e-empresas-e-vecinanza-para-manter-tui-limpo\/#primaryimage"},"image":{"@id":"https:\/\/www.anovapeneira.gal\/index.php\/2023\/09\/01\/o-concello-de-tui-fai-un-chamamento-a-responsabilidade-e-empresas-e-vecinanza-para-manter-tui-limpo\/#primaryimage"},"thumbnailUrl":"https:\/\/www.anovapeneira.gal\/wp-content\/uploads\/2023\/08\/tui_limpeza.jpg","datePublished":"2023-09-01T10:00:01+00:00","description":"Ponse en marcha unha campa\u00f1a de seguimento do cumprimento da normativa de limpeza","breadcrumb":{"@id":"https:\/\/www.anovapeneira.gal\/index.php\/2023\/09\/01\/o-concello-de-tui-fai-un-chamamento-a-responsabilidade-e-empresas-e-vecinanza-para-manter-tui-limpo\/#breadcrumb"},"inLanguage":"gl-ES","potentialAction":[{"@type":"ReadAction","target":["https:\/\/www.anovapeneira.gal\/index.php\/2023\/09\/01\/o-concello-de-tui-fai-un-chamamento-a-responsabilidade-e-empresas-e-vecinanza-para-manter-tui-limpo\/"]}]},{"@type":"ImageObject","inLanguage":"gl-ES","@id":"https:\/\/www.anovapeneira.gal\/index.php\/2023\/09\/01\/o-concello-de-tui-fai-un-chamamento-a-responsabilidade-e-empresas-e-vecinanza-para-manter-tui-limpo\/#primaryimage","url":"https:\/\/www.anovapeneira.gal\/wp-content\/uploads\/2023\/08\/tui_limpeza.jpg","contentUrl":"https:\/\/www.anovapeneira.gal\/wp-content\/uploads\/2023\/08\/tui_limpeza.jpg","width":720,"height":432,"caption":"Tui fai un chamamento \u00e1 responsabilidade e empresas e veci\u00f1anza para manter Tui limpo"},{"@type":"BreadcrumbList","@id":"https:\/\/www.anovapeneira.gal\/index.php\/2023\/09\/01\/o-concello-de-tui-fai-un-chamamento-a-responsabilidade-e-empresas-e-vecinanza-para-manter-tui-limpo\/#breadcrumb","itemListElement":[{"@type":"ListItem","position":1,"name":"Portada","item":"https:\/\/www.anovapeneira.gal\/"},{"@type":"ListItem","position":2,"name":"O Concello de Tui fai un chamamento \u00e1 responsabilidade e empresas e veci\u00f1anza para manter Tui limpo"}]},{"@type":"WebSite","@id":"https:\/\/www.anovapeneira.gal\/#website","url":"https:\/\/www.anovapeneira.gal\/","name":"","description":"Xornal galego de informaci\u00f3n xeral Publicaci\u00f3n mensual de novas de Galicia e en especial dos Concellos da sur da provincia de Pontevedra.","publisher":{"@id":"https:\/\/www.anovapeneira.gal\/#organization"},"potentialAction":[{"@type":"SearchAction","target":{"@type":"EntryPoint","urlTemplate":"https:\/\/www.anovapeneira.gal\/?s={search_term_string}"},"query-input":{"@type":"PropertyValueSpecification","valueRequired":true,"valueName":"search_term_string"}}],"inLanguage":"gl-ES"},{"@type":"Organization","@id":"https:\/\/www.anovapeneira.gal\/#organization","name":"A Nova Peneira","url":"https:\/\/www.anovapeneira.gal\/","logo":{"@type":"ImageObject","inLanguage":"gl-ES","@id":"https:\/\/www.anovapeneira.gal\/#\/schema\/logo\/image\/","url":"http:\/\/www.anovapeneira.gal\/wp-content\/uploads\/2019\/06\/logo_a_nova_peneira_portal_web.png","contentUrl":"http:\/\/www.anovapeneira.gal\/wp-content\/uploads\/2019\/06\/logo_a_nova_peneira_portal_web.png","width":300,"height":100,"caption":"A Nova Peneira"},"image":{"@id":"https:\/\/www.anovapeneira.gal\/#\/schema\/logo\/image\/"},"sameAs":["https:\/\/www.facebook.com\/anovapeneira","https:\/\/x.com\/APeneira"]},{"@type":"Person","@id":"https:\/\/www.anovapeneira.gal\/#\/schema\/person\/b93e3f8932e3f8da96334607eb6ac6aa","name":"Redacci\u00f3n A Nova Peneira","image":{"@type":"ImageObject","inLanguage":"gl-ES","@id":"https:\/\/secure.gravatar.com\/avatar\/c052a2551a06e23fac63626232eaa90abd78dbcf1700fc46a2b2c89fd27b735f?s=96&d=mm&r=g","url":"https:\/\/secure.gravatar.com\/avatar\/c052a2551a06e23fac63626232eaa90abd78dbcf1700fc46a2b2c89fd27b735f?s=96&d=mm&r=g","contentUrl":"https:\/\/secure.gravatar.com\/avatar\/c052a2551a06e23fac63626232eaa90abd78dbcf1700fc46a2b2c89fd27b735f?s=96&d=mm&r=g","caption":"Redacci\u00f3n A Nova Peneira"},"sameAs":["http:\/\/www.anovapeneira.gal\/"],"url":"https:\/\/www.anovapeneira.gal\/index.php\/author\/redactor\/"}]}},"jetpack_featured_media_url":"https:\/\/www.anovapeneira.gal\/wp-content\/uploads\/2023\/08\/tui_limpeza.jpg","_links":{"self":[{"href":"https:\/\/www.anovapeneira.gal\/index.php\/wp-json\/wp\/v2\/posts\/10359","targetHints":{"allow":["GET"]}}],"collection":[{"href":"https:\/\/www.anovapeneira.gal\/index.php\/wp-json\/wp\/v2\/posts"}],"about":[{"href":"https:\/\/www.anovapeneira.gal\/index.php\/wp-json\/wp\/v2\/types\/post"}],"author":[{"embeddable":true,"href":"https:\/\/www.anovapeneira.gal\/index.php\/wp-json\/wp\/v2\/users\/3"}],"replies":[{"embeddable":true,"href":"https:\/\/www.anovapeneira.gal\/index.php\/wp-json\/wp\/v2\/comments?post=10359"}],"version-history":[{"count":1,"href":"https:\/\/www.anovapeneira.gal\/index.php\/wp-json\/wp\/v2\/posts\/10359\/revisions"}],"predecessor-version":[{"id":10360,"href":"https:\/\/www.anovapeneira.gal\/index.php\/wp-json\/wp\/v2\/posts\/10359\/revisions\/10360"}],"wp:featuredmedia":[{"embeddable":true,"href":"https:\/\/www.anovapeneira.gal\/index.php\/wp-json\/wp\/v2\/media\/10361"}],"wp:attachment":[{"href":"https:\/\/www.anovapeneira.gal\/index.php\/wp-json\/wp\/v2\/media?parent=10359"}],"wp:term":[{"taxonomy":"category","embeddable":true,"href":"https:\/\/www.anovapeneira.gal\/index.php\/wp-json\/wp\/v2\/categories?post=10359"},{"taxonomy":"post_tag","embeddable":true,"href":"https:\/\/www.anovapeneira.gal\/index.php\/wp-json\/wp\/v2\/tags?post=10359"}],"curies":[{"name":"wp","href":"https:\/\/api.w.org\/{rel}","templated":true}]}}