{"id":10367,"date":"2023-09-05T10:00:30","date_gmt":"2023-09-05T08:00:30","guid":{"rendered":"https:\/\/www.anovapeneira.gal\/?p=10367"},"modified":"2023-09-02T16:52:53","modified_gmt":"2023-09-02T14:52:53","slug":"sobre-a-falta-de-respecto-polo-idioma-galego","status":"publish","type":"post","link":"https:\/\/www.anovapeneira.gal\/index.php\/2023\/09\/05\/sobre-a-falta-de-respecto-polo-idioma-galego\/","title":{"rendered":"Sobre a falta de respecto polo idioma galego"},"content":{"rendered":"\n<figure class=\"wp-block-image size-full is-resized\"><img loading=\"lazy\" decoding=\"async\" src=\"https:\/\/www.anovapeneira.gal\/wp-content\/uploads\/2019\/05\/tino_lago_director_a_nova_peneira.jpg\" alt=\"Tino Lago director a Nova Peneira\" class=\"wp-image-189\" style=\"object-fit:cover;width:99px;height:99px\" width=\"99\" height=\"99\"\/><figcaption class=\"wp-element-caption\">Tino Lago director a Nova Peneira<\/figcaption><\/figure>\n\n\n\n<p><strong>O pasado 23 de agosto o equipo de f\u00fatbol do Celta de Vigo cumpr\u00eda 100 anos de vida. Para celebraren o seu primeiro s\u00e9culo de existencia , entre outras cousas, colocaban unha placa na actual Biblioteca Compa\u00f1el, no casco vello vigu\u00e9s, pois seica foi al\u00ed onde se formalizou o seu nacemento.<\/strong><\/p>\n\n\n\n<p><strong>A devandita placa ten 5 li\u00f1as de texto e 7 faltas de ortograf\u00eda:<\/strong><\/p>\n\n\n\n<p><strong>1:Na li\u00f1a d\u00faas * A XENEROSIDADE, cando debera ser \u00c1 XENEROSIDADE<\/strong><\/p>\n\n\n\n<p><strong>2: Na li\u00f1a d\u00faas *CLUBES, cando debera ser CLUBS<\/strong><\/p>\n\n\n\n<p><strong>3: Na li\u00f1a 3 *AS S\u00daAS, cando debera ser \u00c1S S\u00daAS<\/strong><\/p>\n\n\n\n<p><strong>4: Na li\u00f1a 4 * CA , cando debera ser COA<\/strong><\/p>\n\n\n\n<p><strong>5: Na li\u00f1a 4 *P\u00d3DENSE , cando debera ser SE PODEN<\/strong><\/p>\n\n\n\n<p><strong>6: Na li\u00f1a 5 *MAIS, cando debera ser M\u00c1IS<\/strong><\/p>\n\n\n\n<p><strong>7:Na li\u00f1a 5 *SONOS , cando debera ser SO\u00d1OS<\/strong><\/p>\n\n\n\n<p>Ese mesmo d\u00eda Anxo Lorenzo, o fil\u00f3logo que \u00e9 o m\u00e1ximo responsable da pol\u00edtica ling\u00fc\u00edstica da Xunta de Galicia, celebraba nas s\u00faas redes sociais a colocaci\u00f3n da placa, acto no que el estivo presente. Cando , nesa mesma rede social, d\u00faas persoas manifestan que esa placa est\u00e1 ateigada de erros, Anxo Lorenzo replica :\u201d Os erros ling\u00fc\u00edsticos vanse solucionar nunha nova placa que est\u00e1 preparando o club\u201d<\/p>\n\n\n\n<p>O d\u00eda 30 de agosto, 7 d\u00edas despois, acud\u00edn \u00e1 biblioteca e ped\u00edn ver a placa. A resposta inicial do persoal da biblioteca foi que a placa estaba retirada. Eu pido por favor que me indiquen o lugar no que se colocou antes de retirala, e ent\u00f3n xa me din que en realidade segue estando, pero tapada, e que non lles \u00e9 permitido indicarme o lugar no que est\u00e1.<\/p>\n\n\n\n<p>Quero pensar que cando este artigo se publique o problema estar\u00e1 xa ama\u00f1ado, e unha nova placa,correctamente escrita, recordar\u00e1 aos visitantes da fermosa biblioteca o evento do centenario dese equipo de f\u00fatbol. De feito resultar\u00edame asombrosa a hip\u00f3tese contraria e que o asunto non se solucione. A\u00ednda que non creo que facer unha placa leve moito tempo e que , unha semana despois, non estea colocada resulta en verdade estra\u00f1o.<\/p>\n\n\n\n<p>Pero, malia que se ama\u00f1e, que imaxino que se ama\u00f1ar\u00e1 , o disparate ortogr\u00e1fico \u00e9 un claro indicio do futuro que lle espera ao noso idioma a non ser que se produza o antes posible un cambio pol\u00edtico que te\u00f1a a valent\u00eda de virar 180 graos a desastrosa pol\u00edtica ling\u00fc\u00edstica do PP. E ese futuro \u00e9 terrible: quedar reducido a unha lingua ornamental. Nada m\u00e1is que d\u00faas conclusi\u00f3ns para rematar:<\/p>\n\n\n\n<p>-Que o Celta encargara a redacci\u00f3n do texto da placa a algu\u00e9n que non fale galego era previsible, pero que non lla dera, antes de pendurala, a alg\u00fan fil\u00f3logo para que a revisara \u00e9 lamentable.<\/p>\n\n\n\n<p>-Que o m\u00e1ximo responsable da pol\u00edtica ling\u00fc\u00edstica deste pa\u00eds celebre a colocaci\u00f3n dunha placa chea de erros \u00e9 terrible.<\/p>\n","protected":false},"excerpt":{"rendered":"<div class=\"mh-excerpt\"><p>O pasado 23 de agosto o equipo de f\u00fatbol do Celta de Vigo cumpr\u00eda 100 anos de vida. Para celebraren o seu primeiro s\u00e9culo de existencia , entre outras cousas, colocaban unha placa na actual Biblioteca Compa\u00f1el , no casco vello vigu\u00e9s, pois seica foi al\u00ed onde se formalizou o seu nacemento <a class=\"mh-excerpt-more\" href=\"https:\/\/www.anovapeneira.gal\/index.php\/2023\/09\/05\/sobre-a-falta-de-respecto-polo-idioma-galego\/\" title=\"Sobre a falta de respecto polo idioma galego\">[&#8230;]<\/a><\/p>\n<\/div>","protected":false},"author":2,"featured_media":10368,"comment_status":"open","ping_status":"open","sticky":false,"template":"","format":"standard","meta":{"_exactmetrics_skip_tracking":false,"_exactmetrics_sitenote_active":false,"_exactmetrics_sitenote_note":"","_exactmetrics_sitenote_category":0,"footnotes":""},"categories":[61],"tags":[876,227],"class_list":{"0":"post-10367","1":"post","2":"type-post","3":"status-publish","4":"format-standard","5":"has-post-thumbnail","7":"category-artigo-editorial","8":"tag-celta","9":"tag-concello-de-vigo"},"yoast_head":"<!-- This site is optimized with the Yoast SEO plugin v27.4 - https:\/\/yoast.com\/product\/yoast-seo-wordpress\/ -->\n<title>Sobre a falta de respecto polo idioma galego -<\/title>\n<meta name=\"description\" content=\"O pasado 23 de agosto o equipo de f\u00fatbol do Celta de Vigo cumpr\u00eda 100 anos de vida. Para celebraren o seu primeiro s\u00e9culo de existencia , entre outras cousas, colocaban unha placa na actual Biblioteca Compa\u00f1el , no casco vello vigu\u00e9s, pois seica foi al\u00ed onde se formalizou o seu nacemento\" \/>\n<meta name=\"robots\" content=\"index, follow, max-snippet:-1, max-image-preview:large, max-video-preview:-1\" \/>\n<link rel=\"canonical\" href=\"https:\/\/www.anovapeneira.gal\/index.php\/2023\/09\/05\/sobre-a-falta-de-respecto-polo-idioma-galego\/\" \/>\n<meta property=\"og:locale\" content=\"gl_ES\" \/>\n<meta property=\"og:type\" content=\"article\" \/>\n<meta property=\"og:title\" content=\"Sobre a falta de respecto polo idioma galego -\" \/>\n<meta property=\"og:description\" content=\"O pasado 23 de agosto o equipo de f\u00fatbol do Celta de Vigo cumpr\u00eda 100 anos de vida. Para celebraren o seu primeiro s\u00e9culo de existencia , entre outras cousas, colocaban unha placa na actual Biblioteca Compa\u00f1el , no casco vello vigu\u00e9s, pois seica foi al\u00ed onde se formalizou o seu nacemento\" \/>\n<meta property=\"og:url\" content=\"https:\/\/www.anovapeneira.gal\/index.php\/2023\/09\/05\/sobre-a-falta-de-respecto-polo-idioma-galego\/\" \/>\n<meta property=\"article:publisher\" content=\"https:\/\/www.facebook.com\/anovapeneira\" \/>\n<meta property=\"article:published_time\" content=\"2023-09-05T08:00:30+00:00\" \/>\n<meta property=\"og:image\" content=\"https:\/\/www.anovapeneira.gal\/wp-content\/uploads\/2023\/09\/celta.jpg\" \/>\n\t<meta property=\"og:image:width\" content=\"720\" \/>\n\t<meta property=\"og:image:height\" content=\"432\" \/>\n\t<meta property=\"og:image:type\" content=\"image\/jpeg\" \/>\n<meta name=\"author\" content=\"Tino Lago\" \/>\n<meta name=\"twitter:card\" content=\"summary_large_image\" \/>\n<meta name=\"twitter:image\" content=\"https:\/\/www.anovapeneira.gal\/wp-content\/uploads\/2023\/09\/celta.jpg\" \/>\n<meta name=\"twitter:creator\" content=\"@APeneira\" \/>\n<meta name=\"twitter:site\" content=\"@APeneira\" \/>\n<meta name=\"twitter:label1\" content=\"Escrito por\" \/>\n\t<meta name=\"twitter:data1\" content=\"Tino Lago\" \/>\n\t<meta name=\"twitter:label2\" content=\"Tempo de lectura\" \/>\n\t<meta name=\"twitter:data2\" content=\"3 minutos\" \/>\n<script type=\"application\/ld+json\" class=\"yoast-schema-graph\">{\"@context\":\"https:\\\/\\\/schema.org\",\"@graph\":[{\"@type\":\"Article\",\"@id\":\"https:\\\/\\\/www.anovapeneira.gal\\\/index.php\\\/2023\\\/09\\\/05\\\/sobre-a-falta-de-respecto-polo-idioma-galego\\\/#article\",\"isPartOf\":{\"@id\":\"https:\\\/\\\/www.anovapeneira.gal\\\/index.php\\\/2023\\\/09\\\/05\\\/sobre-a-falta-de-respecto-polo-idioma-galego\\\/\"},\"author\":{\"name\":\"Tino Lago\",\"@id\":\"https:\\\/\\\/www.anovapeneira.gal\\\/#\\\/schema\\\/person\\\/424dfe65e3070fd8a44d22d2c088762a\"},\"headline\":\"Sobre a falta de respecto polo idioma galego\",\"datePublished\":\"2023-09-05T08:00:30+00:00\",\"mainEntityOfPage\":{\"@id\":\"https:\\\/\\\/www.anovapeneira.gal\\\/index.php\\\/2023\\\/09\\\/05\\\/sobre-a-falta-de-respecto-polo-idioma-galego\\\/\"},\"wordCount\":506,\"commentCount\":0,\"publisher\":{\"@id\":\"https:\\\/\\\/www.anovapeneira.gal\\\/#organization\"},\"image\":{\"@id\":\"https:\\\/\\\/www.anovapeneira.gal\\\/index.php\\\/2023\\\/09\\\/05\\\/sobre-a-falta-de-respecto-polo-idioma-galego\\\/#primaryimage\"},\"thumbnailUrl\":\"https:\\\/\\\/www.anovapeneira.gal\\\/wp-content\\\/uploads\\\/2023\\\/09\\\/celta.jpg\",\"keywords\":[\"Celta\",\"Concello de Vigo\"],\"articleSection\":[\"Artigo editorial\"],\"inLanguage\":\"gl-ES\",\"potentialAction\":[{\"@type\":\"CommentAction\",\"name\":\"Comment\",\"target\":[\"https:\\\/\\\/www.anovapeneira.gal\\\/index.php\\\/2023\\\/09\\\/05\\\/sobre-a-falta-de-respecto-polo-idioma-galego\\\/#respond\"]}]},{\"@type\":\"WebPage\",\"@id\":\"https:\\\/\\\/www.anovapeneira.gal\\\/index.php\\\/2023\\\/09\\\/05\\\/sobre-a-falta-de-respecto-polo-idioma-galego\\\/\",\"url\":\"https:\\\/\\\/www.anovapeneira.gal\\\/index.php\\\/2023\\\/09\\\/05\\\/sobre-a-falta-de-respecto-polo-idioma-galego\\\/\",\"name\":\"Sobre a falta de respecto polo idioma galego -\",\"isPartOf\":{\"@id\":\"https:\\\/\\\/www.anovapeneira.gal\\\/#website\"},\"primaryImageOfPage\":{\"@id\":\"https:\\\/\\\/www.anovapeneira.gal\\\/index.php\\\/2023\\\/09\\\/05\\\/sobre-a-falta-de-respecto-polo-idioma-galego\\\/#primaryimage\"},\"image\":{\"@id\":\"https:\\\/\\\/www.anovapeneira.gal\\\/index.php\\\/2023\\\/09\\\/05\\\/sobre-a-falta-de-respecto-polo-idioma-galego\\\/#primaryimage\"},\"thumbnailUrl\":\"https:\\\/\\\/www.anovapeneira.gal\\\/wp-content\\\/uploads\\\/2023\\\/09\\\/celta.jpg\",\"datePublished\":\"2023-09-05T08:00:30+00:00\",\"description\":\"O pasado 23 de agosto o equipo de f\u00fatbol do Celta de Vigo cumpr\u00eda 100 anos de vida. Para celebraren o seu primeiro s\u00e9culo de existencia , entre outras cousas, colocaban unha placa na actual Biblioteca Compa\u00f1el , no casco vello vigu\u00e9s, pois seica foi al\u00ed onde se formalizou o seu nacemento\",\"breadcrumb\":{\"@id\":\"https:\\\/\\\/www.anovapeneira.gal\\\/index.php\\\/2023\\\/09\\\/05\\\/sobre-a-falta-de-respecto-polo-idioma-galego\\\/#breadcrumb\"},\"inLanguage\":\"gl-ES\",\"potentialAction\":[{\"@type\":\"ReadAction\",\"target\":[\"https:\\\/\\\/www.anovapeneira.gal\\\/index.php\\\/2023\\\/09\\\/05\\\/sobre-a-falta-de-respecto-polo-idioma-galego\\\/\"]}]},{\"@type\":\"ImageObject\",\"inLanguage\":\"gl-ES\",\"@id\":\"https:\\\/\\\/www.anovapeneira.gal\\\/index.php\\\/2023\\\/09\\\/05\\\/sobre-a-falta-de-respecto-polo-idioma-galego\\\/#primaryimage\",\"url\":\"https:\\\/\\\/www.anovapeneira.gal\\\/wp-content\\\/uploads\\\/2023\\\/09\\\/celta.jpg\",\"contentUrl\":\"https:\\\/\\\/www.anovapeneira.gal\\\/wp-content\\\/uploads\\\/2023\\\/09\\\/celta.jpg\",\"width\":720,\"height\":432,\"caption\":\"Placa del Celta\"},{\"@type\":\"BreadcrumbList\",\"@id\":\"https:\\\/\\\/www.anovapeneira.gal\\\/index.php\\\/2023\\\/09\\\/05\\\/sobre-a-falta-de-respecto-polo-idioma-galego\\\/#breadcrumb\",\"itemListElement\":[{\"@type\":\"ListItem\",\"position\":1,\"name\":\"Portada\",\"item\":\"https:\\\/\\\/www.anovapeneira.gal\\\/\"},{\"@type\":\"ListItem\",\"position\":2,\"name\":\"Sobre a falta de respecto polo idioma galego\"}]},{\"@type\":\"WebSite\",\"@id\":\"https:\\\/\\\/www.anovapeneira.gal\\\/#website\",\"url\":\"https:\\\/\\\/www.anovapeneira.gal\\\/\",\"name\":\"\",\"description\":\"Xornal galego de informaci\u00f3n xeral Publicaci\u00f3n mensual de novas de Galicia e en especial dos Concellos da sur da provincia de Pontevedra.\",\"publisher\":{\"@id\":\"https:\\\/\\\/www.anovapeneira.gal\\\/#organization\"},\"potentialAction\":[{\"@type\":\"SearchAction\",\"target\":{\"@type\":\"EntryPoint\",\"urlTemplate\":\"https:\\\/\\\/www.anovapeneira.gal\\\/?s={search_term_string}\"},\"query-input\":{\"@type\":\"PropertyValueSpecification\",\"valueRequired\":true,\"valueName\":\"search_term_string\"}}],\"inLanguage\":\"gl-ES\"},{\"@type\":\"Organization\",\"@id\":\"https:\\\/\\\/www.anovapeneira.gal\\\/#organization\",\"name\":\"A Nova Peneira\",\"url\":\"https:\\\/\\\/www.anovapeneira.gal\\\/\",\"logo\":{\"@type\":\"ImageObject\",\"inLanguage\":\"gl-ES\",\"@id\":\"https:\\\/\\\/www.anovapeneira.gal\\\/#\\\/schema\\\/logo\\\/image\\\/\",\"url\":\"http:\\\/\\\/www.anovapeneira.gal\\\/wp-content\\\/uploads\\\/2019\\\/06\\\/logo_a_nova_peneira_portal_web.png\",\"contentUrl\":\"http:\\\/\\\/www.anovapeneira.gal\\\/wp-content\\\/uploads\\\/2019\\\/06\\\/logo_a_nova_peneira_portal_web.png\",\"width\":300,\"height\":100,\"caption\":\"A Nova Peneira\"},\"image\":{\"@id\":\"https:\\\/\\\/www.anovapeneira.gal\\\/#\\\/schema\\\/logo\\\/image\\\/\"},\"sameAs\":[\"https:\\\/\\\/www.facebook.com\\\/anovapeneira\",\"https:\\\/\\\/x.com\\\/APeneira\"]},{\"@type\":\"Person\",\"@id\":\"https:\\\/\\\/www.anovapeneira.gal\\\/#\\\/schema\\\/person\\\/424dfe65e3070fd8a44d22d2c088762a\",\"name\":\"Tino Lago\",\"image\":{\"@type\":\"ImageObject\",\"inLanguage\":\"gl-ES\",\"@id\":\"https:\\\/\\\/secure.gravatar.com\\\/avatar\\\/b3df6a06e44bab3111583b90f0f33a0379ee5e3d22cbadd232d39f21c30c62be?s=96&d=mm&r=g\",\"url\":\"https:\\\/\\\/secure.gravatar.com\\\/avatar\\\/b3df6a06e44bab3111583b90f0f33a0379ee5e3d22cbadd232d39f21c30c62be?s=96&d=mm&r=g\",\"contentUrl\":\"https:\\\/\\\/secure.gravatar.com\\\/avatar\\\/b3df6a06e44bab3111583b90f0f33a0379ee5e3d22cbadd232d39f21c30c62be?s=96&d=mm&r=g\",\"caption\":\"Tino Lago\"},\"sameAs\":[\"http:\\\/\\\/www.anovapeneira.gal\"],\"url\":\"https:\\\/\\\/www.anovapeneira.gal\\\/index.php\\\/author\\\/director\\\/\"}]}<\/script>\n<!-- \/ Yoast SEO plugin. -->","yoast_head_json":{"title":"Sobre a falta de respecto polo idioma galego -","description":"O pasado 23 de agosto o equipo de f\u00fatbol do Celta de Vigo cumpr\u00eda 100 anos de vida. Para celebraren o seu primeiro s\u00e9culo de existencia , entre outras cousas, colocaban unha placa na actual Biblioteca Compa\u00f1el , no casco vello vigu\u00e9s, pois seica foi al\u00ed onde se formalizou o seu nacemento","robots":{"index":"index","follow":"follow","max-snippet":"max-snippet:-1","max-image-preview":"max-image-preview:large","max-video-preview":"max-video-preview:-1"},"canonical":"https:\/\/www.anovapeneira.gal\/index.php\/2023\/09\/05\/sobre-a-falta-de-respecto-polo-idioma-galego\/","og_locale":"gl_ES","og_type":"article","og_title":"Sobre a falta de respecto polo idioma galego -","og_description":"O pasado 23 de agosto o equipo de f\u00fatbol do Celta de Vigo cumpr\u00eda 100 anos de vida. Para celebraren o seu primeiro s\u00e9culo de existencia , entre outras cousas, colocaban unha placa na actual Biblioteca Compa\u00f1el , no casco vello vigu\u00e9s, pois seica foi al\u00ed onde se formalizou o seu nacemento","og_url":"https:\/\/www.anovapeneira.gal\/index.php\/2023\/09\/05\/sobre-a-falta-de-respecto-polo-idioma-galego\/","article_publisher":"https:\/\/www.facebook.com\/anovapeneira","article_published_time":"2023-09-05T08:00:30+00:00","og_image":[{"width":720,"height":432,"url":"https:\/\/www.anovapeneira.gal\/wp-content\/uploads\/2023\/09\/celta.jpg","type":"image\/jpeg"}],"author":"Tino Lago","twitter_card":"summary_large_image","twitter_image":"https:\/\/www.anovapeneira.gal\/wp-content\/uploads\/2023\/09\/celta.jpg","twitter_creator":"@APeneira","twitter_site":"@APeneira","twitter_misc":{"Escrito por":"Tino Lago","Tempo de lectura":"3 minutos"},"schema":{"@context":"https:\/\/schema.org","@graph":[{"@type":"Article","@id":"https:\/\/www.anovapeneira.gal\/index.php\/2023\/09\/05\/sobre-a-falta-de-respecto-polo-idioma-galego\/#article","isPartOf":{"@id":"https:\/\/www.anovapeneira.gal\/index.php\/2023\/09\/05\/sobre-a-falta-de-respecto-polo-idioma-galego\/"},"author":{"name":"Tino Lago","@id":"https:\/\/www.anovapeneira.gal\/#\/schema\/person\/424dfe65e3070fd8a44d22d2c088762a"},"headline":"Sobre a falta de respecto polo idioma galego","datePublished":"2023-09-05T08:00:30+00:00","mainEntityOfPage":{"@id":"https:\/\/www.anovapeneira.gal\/index.php\/2023\/09\/05\/sobre-a-falta-de-respecto-polo-idioma-galego\/"},"wordCount":506,"commentCount":0,"publisher":{"@id":"https:\/\/www.anovapeneira.gal\/#organization"},"image":{"@id":"https:\/\/www.anovapeneira.gal\/index.php\/2023\/09\/05\/sobre-a-falta-de-respecto-polo-idioma-galego\/#primaryimage"},"thumbnailUrl":"https:\/\/www.anovapeneira.gal\/wp-content\/uploads\/2023\/09\/celta.jpg","keywords":["Celta","Concello de Vigo"],"articleSection":["Artigo editorial"],"inLanguage":"gl-ES","potentialAction":[{"@type":"CommentAction","name":"Comment","target":["https:\/\/www.anovapeneira.gal\/index.php\/2023\/09\/05\/sobre-a-falta-de-respecto-polo-idioma-galego\/#respond"]}]},{"@type":"WebPage","@id":"https:\/\/www.anovapeneira.gal\/index.php\/2023\/09\/05\/sobre-a-falta-de-respecto-polo-idioma-galego\/","url":"https:\/\/www.anovapeneira.gal\/index.php\/2023\/09\/05\/sobre-a-falta-de-respecto-polo-idioma-galego\/","name":"Sobre a falta de respecto polo idioma galego -","isPartOf":{"@id":"https:\/\/www.anovapeneira.gal\/#website"},"primaryImageOfPage":{"@id":"https:\/\/www.anovapeneira.gal\/index.php\/2023\/09\/05\/sobre-a-falta-de-respecto-polo-idioma-galego\/#primaryimage"},"image":{"@id":"https:\/\/www.anovapeneira.gal\/index.php\/2023\/09\/05\/sobre-a-falta-de-respecto-polo-idioma-galego\/#primaryimage"},"thumbnailUrl":"https:\/\/www.anovapeneira.gal\/wp-content\/uploads\/2023\/09\/celta.jpg","datePublished":"2023-09-05T08:00:30+00:00","description":"O pasado 23 de agosto o equipo de f\u00fatbol do Celta de Vigo cumpr\u00eda 100 anos de vida. Para celebraren o seu primeiro s\u00e9culo de existencia , entre outras cousas, colocaban unha placa na actual Biblioteca Compa\u00f1el , no casco vello vigu\u00e9s, pois seica foi al\u00ed onde se formalizou o seu nacemento","breadcrumb":{"@id":"https:\/\/www.anovapeneira.gal\/index.php\/2023\/09\/05\/sobre-a-falta-de-respecto-polo-idioma-galego\/#breadcrumb"},"inLanguage":"gl-ES","potentialAction":[{"@type":"ReadAction","target":["https:\/\/www.anovapeneira.gal\/index.php\/2023\/09\/05\/sobre-a-falta-de-respecto-polo-idioma-galego\/"]}]},{"@type":"ImageObject","inLanguage":"gl-ES","@id":"https:\/\/www.anovapeneira.gal\/index.php\/2023\/09\/05\/sobre-a-falta-de-respecto-polo-idioma-galego\/#primaryimage","url":"https:\/\/www.anovapeneira.gal\/wp-content\/uploads\/2023\/09\/celta.jpg","contentUrl":"https:\/\/www.anovapeneira.gal\/wp-content\/uploads\/2023\/09\/celta.jpg","width":720,"height":432,"caption":"Placa del Celta"},{"@type":"BreadcrumbList","@id":"https:\/\/www.anovapeneira.gal\/index.php\/2023\/09\/05\/sobre-a-falta-de-respecto-polo-idioma-galego\/#breadcrumb","itemListElement":[{"@type":"ListItem","position":1,"name":"Portada","item":"https:\/\/www.anovapeneira.gal\/"},{"@type":"ListItem","position":2,"name":"Sobre a falta de respecto polo idioma galego"}]},{"@type":"WebSite","@id":"https:\/\/www.anovapeneira.gal\/#website","url":"https:\/\/www.anovapeneira.gal\/","name":"","description":"Xornal galego de informaci\u00f3n xeral Publicaci\u00f3n mensual de novas de Galicia e en especial dos Concellos da sur da provincia de Pontevedra.","publisher":{"@id":"https:\/\/www.anovapeneira.gal\/#organization"},"potentialAction":[{"@type":"SearchAction","target":{"@type":"EntryPoint","urlTemplate":"https:\/\/www.anovapeneira.gal\/?s={search_term_string}"},"query-input":{"@type":"PropertyValueSpecification","valueRequired":true,"valueName":"search_term_string"}}],"inLanguage":"gl-ES"},{"@type":"Organization","@id":"https:\/\/www.anovapeneira.gal\/#organization","name":"A Nova Peneira","url":"https:\/\/www.anovapeneira.gal\/","logo":{"@type":"ImageObject","inLanguage":"gl-ES","@id":"https:\/\/www.anovapeneira.gal\/#\/schema\/logo\/image\/","url":"http:\/\/www.anovapeneira.gal\/wp-content\/uploads\/2019\/06\/logo_a_nova_peneira_portal_web.png","contentUrl":"http:\/\/www.anovapeneira.gal\/wp-content\/uploads\/2019\/06\/logo_a_nova_peneira_portal_web.png","width":300,"height":100,"caption":"A Nova Peneira"},"image":{"@id":"https:\/\/www.anovapeneira.gal\/#\/schema\/logo\/image\/"},"sameAs":["https:\/\/www.facebook.com\/anovapeneira","https:\/\/x.com\/APeneira"]},{"@type":"Person","@id":"https:\/\/www.anovapeneira.gal\/#\/schema\/person\/424dfe65e3070fd8a44d22d2c088762a","name":"Tino Lago","image":{"@type":"ImageObject","inLanguage":"gl-ES","@id":"https:\/\/secure.gravatar.com\/avatar\/b3df6a06e44bab3111583b90f0f33a0379ee5e3d22cbadd232d39f21c30c62be?s=96&d=mm&r=g","url":"https:\/\/secure.gravatar.com\/avatar\/b3df6a06e44bab3111583b90f0f33a0379ee5e3d22cbadd232d39f21c30c62be?s=96&d=mm&r=g","contentUrl":"https:\/\/secure.gravatar.com\/avatar\/b3df6a06e44bab3111583b90f0f33a0379ee5e3d22cbadd232d39f21c30c62be?s=96&d=mm&r=g","caption":"Tino Lago"},"sameAs":["http:\/\/www.anovapeneira.gal"],"url":"https:\/\/www.anovapeneira.gal\/index.php\/author\/director\/"}]}},"jetpack_featured_media_url":"https:\/\/www.anovapeneira.gal\/wp-content\/uploads\/2023\/09\/celta.jpg","_links":{"self":[{"href":"https:\/\/www.anovapeneira.gal\/index.php\/wp-json\/wp\/v2\/posts\/10367","targetHints":{"allow":["GET"]}}],"collection":[{"href":"https:\/\/www.anovapeneira.gal\/index.php\/wp-json\/wp\/v2\/posts"}],"about":[{"href":"https:\/\/www.anovapeneira.gal\/index.php\/wp-json\/wp\/v2\/types\/post"}],"author":[{"embeddable":true,"href":"https:\/\/www.anovapeneira.gal\/index.php\/wp-json\/wp\/v2\/users\/2"}],"replies":[{"embeddable":true,"href":"https:\/\/www.anovapeneira.gal\/index.php\/wp-json\/wp\/v2\/comments?post=10367"}],"version-history":[{"count":2,"href":"https:\/\/www.anovapeneira.gal\/index.php\/wp-json\/wp\/v2\/posts\/10367\/revisions"}],"predecessor-version":[{"id":10370,"href":"https:\/\/www.anovapeneira.gal\/index.php\/wp-json\/wp\/v2\/posts\/10367\/revisions\/10370"}],"wp:featuredmedia":[{"embeddable":true,"href":"https:\/\/www.anovapeneira.gal\/index.php\/wp-json\/wp\/v2\/media\/10368"}],"wp:attachment":[{"href":"https:\/\/www.anovapeneira.gal\/index.php\/wp-json\/wp\/v2\/media?parent=10367"}],"wp:term":[{"taxonomy":"category","embeddable":true,"href":"https:\/\/www.anovapeneira.gal\/index.php\/wp-json\/wp\/v2\/categories?post=10367"},{"taxonomy":"post_tag","embeddable":true,"href":"https:\/\/www.anovapeneira.gal\/index.php\/wp-json\/wp\/v2\/tags?post=10367"}],"curies":[{"name":"wp","href":"https:\/\/api.w.org\/{rel}","templated":true}]}}