{"id":10371,"date":"2023-09-05T12:00:26","date_gmt":"2023-09-05T10:00:26","guid":{"rendered":"https:\/\/www.anovapeneira.gal\/?p=10371"},"modified":"2023-09-02T16:53:12","modified_gmt":"2023-09-02T14:53:12","slug":"historia-e-memoria-das-escolas-de-nenas-e-nenos","status":"publish","type":"post","link":"https:\/\/www.anovapeneira.gal\/index.php\/2023\/09\/05\/historia-e-memoria-das-escolas-de-nenas-e-nenos\/","title":{"rendered":"Historia e memoria das escolas de nenas e nenos"},"content":{"rendered":"\n<p>En memoria de Eugenio L\u00f3pez Y L\u00f3pez.<\/p>\n\n\n\n<p>Levantar as escolas de nenas e nenos, en Fornelos da ribeira, como fixeron os nosos emigrados na Arxentina, resultou ser unha tarefa exemplar, pero con ven aclarar que naqueles tempos, algunhas escolas, como estas, pasaron as mans do Estado, tras o 18 de Xullo de 1.936. Aquela meritoria labor, de escasa conciencia nacional, foi recollida pola Irmandade Nazonalista Galega, segundo A Forca, que dic\u00eda que pouco ou nada se fac\u00eda polas \u201cescolas galegas\u201d, e os emigrantes na Arxentina, con criterio equivocado, pero con boa intenci\u00f3n, malgastaron esforzos e cartos, sostendo ambas escolas, orientadas, en sentido ruinoso, para a nosa aldea, distrito do Concello de Salvaterra do Mi\u00f1o, para mais \u201cINRI\u201d, pois eran sostidas cos cartos dos fillos de Fornelos na Arxentina, que non se conformaban coa labor galeguizadora, e orientaci\u00f3n dos meni\u00f1os \u201ccami\u00f1o a emigraci\u00f3n\u201d, como si fora unha nova sociedade de protecci\u00f3n da \u201cEscola Galega\u201d, en galeguizar a ensinanza. E aqu\u00ed te\u00f1o que lembrar a don Eugenio L\u00f3pez y L\u00f3pez, avogado, nado en Ourense, pertencente a Carreira Fiscal, nomeado Director Xeral da Ensinanza Primaria, do Ministerio de Educaci\u00f3n e Ciencia, que pese a ser franquista, toda a s\u00faa vida foi xenerosa e colaboradora nesta campo, creador da Agrupaci\u00f3n das Escolas e promotor dos Grupos Escolares, espallados polo noso pa\u00eds galego. Eu lle estou moi agradecido polo trato recibido en Donostia (Guip\u00fazcoa), o concederme a honra de ser o fundador da primeira Cooperativa Escolar nacida en Espa\u00f1a.<\/p>\n\n\n\n<p>L\u00e9mbrome\u00a1 como non! Da Fouce (La Hoz), que foi unha publicaci\u00f3n de marcado car\u00e1cter independentista, \u00f3rgano da Irmandade Nazonalista Galega, de Bos Aires, logo Sociedade Nazonalista \u201cPondal\u201d, e posiblemente unha das primeiras na defensa da independencia, al\u00f3 polos ano 1.925 &#8211; 1.936.<\/p>\n\n\n\n<p>Ben pensaban os nosos emigrados na Arxentina, na creaci\u00f3n das escolas, e que responderan eficazmente os seus desexos, pensando en restitu\u00edr na aldea, o exercicio da s\u00faa funci\u00f3n evitando a intromisi\u00f3n oficial e tratando de formar as nenas e nenos do campo, evitar a emigraci\u00f3n, retendo este capital humano, tan necesario para a rexeneraci\u00f3n social, e o desenrolo econ\u00f3mico da terra.<\/p>\n\n\n\n<p>Ben pensaban os nosos emigrantes, que a escola era o campo f\u00e9rtil onde xermina a semente dunha nova conciencia. Pretend\u00edan que as escolas foran a \u201cSEMENTE NOVA\u201d, para crear conciencia social e iniciativa local.<\/p>\n\n\n\n<p>Esta idea, recollida por don Eugenio L\u00f3pez y L\u00f3pez, a levou a cabo reagrupando tantas escolas repartidas polas parroquias, e reagrupalas en Grupos, en cada concello, sobre todo pola concienciaci\u00f3n dos nenos, da influencia da sotana, liberando as parroquias do control caciquil, que tanta angustia creaba en cada parroquia.<\/p>\n\n\n\n<p>Tam\u00e9n ten moito que dicir o \u201cmovemento agrarista\u201d e a organizaci\u00f3n do Sindicato El Progreso, de Fornelos da Ribeira, loitando contra o caciquismo, ademais de promover e modernizar o sector agrario, que Xos\u00e9 Manoel N\u00fa\u00f1ez Seixas, describe en Emigrantes, caciques e indianos: O influxo socio pol\u00edtico da emigraci\u00f3n transoce\u00e1nica en Galicia (1.900 &#8211; 1.930).<\/p>\n\n\n\n<p>Hai que levar a aldea a xemente da vida, e que arraigue na mente e no coraz\u00f3n da infancia, porque e necesario orientar as nenas e os nenos con m\u00e9todos pr\u00e1cticos, e coa reagrupaci\u00f3n dos Centros, naceu unha oportunidade \u00fanica. Nunca me cansarei de repetilo! Fora o caciquismo e o clericalismo! Pragas dos privilexios e da arbitrariedade, para unha orientaci\u00f3n progresista.<\/p>\n\n\n\n<p>Don Eugenio L\u00f3pez y L\u00f3pez, se queira ou non, nos deixou o legado para un mundo novo, na educaci\u00f3n, formando, ideas e reflexi\u00f3ns, no campo pol\u00edtico- pedag\u00f3xico.<\/p>\n\n\n\n<p>\u00a1Non esquezamos da triste desgraza de ter unha escola aberta sen nenos, pola escravitude econ\u00f3mica dos pais! E, non quero esquecerme da influencia da \u201cescola Arxentina\u201d dando lugar as escolas de Fornelos da Ribeira, do que me sinto moi honrado, e que o xornal A Nova Peneira, \u00a1A Nosa! Ten a ben dar a co\u00f1ecer o pensar de cada quen.<\/p>\n\n\n\n<p>Digo sempre: A pesares de ser don Eugenio L\u00f3pez y L\u00f3pez, un franquista, \u00a1Que boa persoa era! Amigos de todos e non era un xesto, porque a persoa estaba por riba do ideal pol\u00edtico. D.E.P. este bo home.<\/p>\n","protected":false},"excerpt":{"rendered":"<div class=\"mh-excerpt\"><p>Levantar as escolas de nenas e nenos, en Fornelos da ribeira, como fixeron os nosos emigrados na Arxentina, resultou ser unha tarefa exemplar, pero con ven aclarar que naqueles tempos, algunhas escolas, como estas, pasaron as mans do Estado, tras o 18 de Xullo de 1.936 <a class=\"mh-excerpt-more\" href=\"https:\/\/www.anovapeneira.gal\/index.php\/2023\/09\/05\/historia-e-memoria-das-escolas-de-nenas-e-nenos\/\" title=\"Historia e memoria das escolas de nenas e nenos\">[&#8230;]<\/a><\/p>\n<\/div>","protected":false},"author":40,"featured_media":5108,"comment_status":"open","ping_status":"open","sticky":false,"template":"","format":"standard","meta":{"_exactmetrics_skip_tracking":false,"_exactmetrics_sitenote_active":false,"_exactmetrics_sitenote_note":"","_exactmetrics_sitenote_category":0,"footnotes":""},"categories":[7],"tags":[1257],"class_list":{"0":"post-10371","1":"post","2":"type-post","3":"status-publish","4":"format-standard","5":"has-post-thumbnail","7":"category-artigos-de-opinion","8":"tag-manuel-alfonso-estevez"},"yoast_head":"<!-- This site is optimized with the Yoast SEO plugin v27.4 - https:\/\/yoast.com\/product\/yoast-seo-wordpress\/ -->\n<title>Historia e memoria das escolas de nenas e nenos -<\/title>\n<meta name=\"description\" content=\"Levantar as escolas de nenas e nenos, en Fornelos da ribeira, como fixeron os nosos emigrados na Arxentina, resultou ser unha tarefa exemplar, pero con ven aclarar que naqueles tempos, algunhas escolas, como estas, pasaron as mans do Estado, tras o 18 de Xullo de 1.936\" \/>\n<meta name=\"robots\" content=\"index, follow, max-snippet:-1, max-image-preview:large, max-video-preview:-1\" \/>\n<link rel=\"canonical\" href=\"https:\/\/www.anovapeneira.gal\/index.php\/2023\/09\/05\/historia-e-memoria-das-escolas-de-nenas-e-nenos\/\" \/>\n<meta property=\"og:locale\" content=\"gl_ES\" \/>\n<meta property=\"og:type\" content=\"article\" \/>\n<meta property=\"og:title\" content=\"Historia e memoria das escolas de nenas e nenos -\" \/>\n<meta property=\"og:description\" content=\"Levantar as escolas de nenas e nenos, en Fornelos da ribeira, como fixeron os nosos emigrados na Arxentina, resultou ser unha tarefa exemplar, pero con ven aclarar que naqueles tempos, algunhas escolas, como estas, pasaron as mans do Estado, tras o 18 de Xullo de 1.936\" \/>\n<meta property=\"og:url\" content=\"https:\/\/www.anovapeneira.gal\/index.php\/2023\/09\/05\/historia-e-memoria-das-escolas-de-nenas-e-nenos\/\" \/>\n<meta property=\"article:publisher\" content=\"https:\/\/www.facebook.com\/anovapeneira\" \/>\n<meta property=\"article:published_time\" content=\"2023-09-05T10:00:26+00:00\" \/>\n<meta property=\"og:image\" content=\"https:\/\/www.anovapeneira.gal\/wp-content\/uploads\/2021\/03\/manuel_alfonso_estevez.jpg\" \/>\n\t<meta property=\"og:image:width\" content=\"720\" \/>\n\t<meta property=\"og:image:height\" content=\"432\" \/>\n\t<meta property=\"og:image:type\" content=\"image\/jpeg\" \/>\n<meta name=\"author\" content=\"Manuel Alfonso Est\u00e9vez\" \/>\n<meta name=\"twitter:card\" content=\"summary_large_image\" \/>\n<meta name=\"twitter:creator\" content=\"@APeneira\" \/>\n<meta name=\"twitter:site\" content=\"@APeneira\" \/>\n<meta name=\"twitter:label1\" content=\"Escrito por\" \/>\n\t<meta name=\"twitter:data1\" content=\"Manuel Alfonso Est\u00e9vez\" \/>\n\t<meta name=\"twitter:label2\" content=\"Tempo de lectura\" \/>\n\t<meta name=\"twitter:data2\" content=\"4 minutos\" \/>\n<script type=\"application\/ld+json\" class=\"yoast-schema-graph\">{\"@context\":\"https:\\\/\\\/schema.org\",\"@graph\":[{\"@type\":\"Article\",\"@id\":\"https:\\\/\\\/www.anovapeneira.gal\\\/index.php\\\/2023\\\/09\\\/05\\\/historia-e-memoria-das-escolas-de-nenas-e-nenos\\\/#article\",\"isPartOf\":{\"@id\":\"https:\\\/\\\/www.anovapeneira.gal\\\/index.php\\\/2023\\\/09\\\/05\\\/historia-e-memoria-das-escolas-de-nenas-e-nenos\\\/\"},\"author\":{\"name\":\"Manuel Alfonso Est\u00e9vez\",\"@id\":\"https:\\\/\\\/www.anovapeneira.gal\\\/#\\\/schema\\\/person\\\/6561b93d53e7a32f5d814768163bae2a\"},\"headline\":\"Historia e memoria das escolas de nenas e nenos\",\"datePublished\":\"2023-09-05T10:00:26+00:00\",\"mainEntityOfPage\":{\"@id\":\"https:\\\/\\\/www.anovapeneira.gal\\\/index.php\\\/2023\\\/09\\\/05\\\/historia-e-memoria-das-escolas-de-nenas-e-nenos\\\/\"},\"wordCount\":733,\"commentCount\":0,\"publisher\":{\"@id\":\"https:\\\/\\\/www.anovapeneira.gal\\\/#organization\"},\"image\":{\"@id\":\"https:\\\/\\\/www.anovapeneira.gal\\\/index.php\\\/2023\\\/09\\\/05\\\/historia-e-memoria-das-escolas-de-nenas-e-nenos\\\/#primaryimage\"},\"thumbnailUrl\":\"https:\\\/\\\/www.anovapeneira.gal\\\/wp-content\\\/uploads\\\/2021\\\/03\\\/manuel_alfonso_estevez.jpg\",\"keywords\":[\"Manuel Alfonso Est\u00e9vez\"],\"articleSection\":[\"Artigos de opini\u00f3n\"],\"inLanguage\":\"gl-ES\",\"potentialAction\":[{\"@type\":\"CommentAction\",\"name\":\"Comment\",\"target\":[\"https:\\\/\\\/www.anovapeneira.gal\\\/index.php\\\/2023\\\/09\\\/05\\\/historia-e-memoria-das-escolas-de-nenas-e-nenos\\\/#respond\"]}]},{\"@type\":\"WebPage\",\"@id\":\"https:\\\/\\\/www.anovapeneira.gal\\\/index.php\\\/2023\\\/09\\\/05\\\/historia-e-memoria-das-escolas-de-nenas-e-nenos\\\/\",\"url\":\"https:\\\/\\\/www.anovapeneira.gal\\\/index.php\\\/2023\\\/09\\\/05\\\/historia-e-memoria-das-escolas-de-nenas-e-nenos\\\/\",\"name\":\"Historia e memoria das escolas de nenas e nenos -\",\"isPartOf\":{\"@id\":\"https:\\\/\\\/www.anovapeneira.gal\\\/#website\"},\"primaryImageOfPage\":{\"@id\":\"https:\\\/\\\/www.anovapeneira.gal\\\/index.php\\\/2023\\\/09\\\/05\\\/historia-e-memoria-das-escolas-de-nenas-e-nenos\\\/#primaryimage\"},\"image\":{\"@id\":\"https:\\\/\\\/www.anovapeneira.gal\\\/index.php\\\/2023\\\/09\\\/05\\\/historia-e-memoria-das-escolas-de-nenas-e-nenos\\\/#primaryimage\"},\"thumbnailUrl\":\"https:\\\/\\\/www.anovapeneira.gal\\\/wp-content\\\/uploads\\\/2021\\\/03\\\/manuel_alfonso_estevez.jpg\",\"datePublished\":\"2023-09-05T10:00:26+00:00\",\"description\":\"Levantar as escolas de nenas e nenos, en Fornelos da ribeira, como fixeron os nosos emigrados na Arxentina, resultou ser unha tarefa exemplar, pero con ven aclarar que naqueles tempos, algunhas escolas, como estas, pasaron as mans do Estado, tras o 18 de Xullo de 1.936\",\"breadcrumb\":{\"@id\":\"https:\\\/\\\/www.anovapeneira.gal\\\/index.php\\\/2023\\\/09\\\/05\\\/historia-e-memoria-das-escolas-de-nenas-e-nenos\\\/#breadcrumb\"},\"inLanguage\":\"gl-ES\",\"potentialAction\":[{\"@type\":\"ReadAction\",\"target\":[\"https:\\\/\\\/www.anovapeneira.gal\\\/index.php\\\/2023\\\/09\\\/05\\\/historia-e-memoria-das-escolas-de-nenas-e-nenos\\\/\"]}]},{\"@type\":\"ImageObject\",\"inLanguage\":\"gl-ES\",\"@id\":\"https:\\\/\\\/www.anovapeneira.gal\\\/index.php\\\/2023\\\/09\\\/05\\\/historia-e-memoria-das-escolas-de-nenas-e-nenos\\\/#primaryimage\",\"url\":\"https:\\\/\\\/www.anovapeneira.gal\\\/wp-content\\\/uploads\\\/2021\\\/03\\\/manuel_alfonso_estevez.jpg\",\"contentUrl\":\"https:\\\/\\\/www.anovapeneira.gal\\\/wp-content\\\/uploads\\\/2021\\\/03\\\/manuel_alfonso_estevez.jpg\",\"width\":720,\"height\":432,\"caption\":\"Manuel Alfonso Est\u00e9vez. Historia viva de Fornelos da Ribeira\"},{\"@type\":\"BreadcrumbList\",\"@id\":\"https:\\\/\\\/www.anovapeneira.gal\\\/index.php\\\/2023\\\/09\\\/05\\\/historia-e-memoria-das-escolas-de-nenas-e-nenos\\\/#breadcrumb\",\"itemListElement\":[{\"@type\":\"ListItem\",\"position\":1,\"name\":\"Portada\",\"item\":\"https:\\\/\\\/www.anovapeneira.gal\\\/\"},{\"@type\":\"ListItem\",\"position\":2,\"name\":\"Historia e memoria das escolas de nenas e nenos\"}]},{\"@type\":\"WebSite\",\"@id\":\"https:\\\/\\\/www.anovapeneira.gal\\\/#website\",\"url\":\"https:\\\/\\\/www.anovapeneira.gal\\\/\",\"name\":\"\",\"description\":\"Xornal galego de informaci\u00f3n xeral Publicaci\u00f3n mensual de novas de Galicia e en especial dos Concellos da sur da provincia de Pontevedra.\",\"publisher\":{\"@id\":\"https:\\\/\\\/www.anovapeneira.gal\\\/#organization\"},\"potentialAction\":[{\"@type\":\"SearchAction\",\"target\":{\"@type\":\"EntryPoint\",\"urlTemplate\":\"https:\\\/\\\/www.anovapeneira.gal\\\/?s={search_term_string}\"},\"query-input\":{\"@type\":\"PropertyValueSpecification\",\"valueRequired\":true,\"valueName\":\"search_term_string\"}}],\"inLanguage\":\"gl-ES\"},{\"@type\":\"Organization\",\"@id\":\"https:\\\/\\\/www.anovapeneira.gal\\\/#organization\",\"name\":\"A Nova Peneira\",\"url\":\"https:\\\/\\\/www.anovapeneira.gal\\\/\",\"logo\":{\"@type\":\"ImageObject\",\"inLanguage\":\"gl-ES\",\"@id\":\"https:\\\/\\\/www.anovapeneira.gal\\\/#\\\/schema\\\/logo\\\/image\\\/\",\"url\":\"http:\\\/\\\/www.anovapeneira.gal\\\/wp-content\\\/uploads\\\/2019\\\/06\\\/logo_a_nova_peneira_portal_web.png\",\"contentUrl\":\"http:\\\/\\\/www.anovapeneira.gal\\\/wp-content\\\/uploads\\\/2019\\\/06\\\/logo_a_nova_peneira_portal_web.png\",\"width\":300,\"height\":100,\"caption\":\"A Nova Peneira\"},\"image\":{\"@id\":\"https:\\\/\\\/www.anovapeneira.gal\\\/#\\\/schema\\\/logo\\\/image\\\/\"},\"sameAs\":[\"https:\\\/\\\/www.facebook.com\\\/anovapeneira\",\"https:\\\/\\\/x.com\\\/APeneira\"]},{\"@type\":\"Person\",\"@id\":\"https:\\\/\\\/www.anovapeneira.gal\\\/#\\\/schema\\\/person\\\/6561b93d53e7a32f5d814768163bae2a\",\"name\":\"Manuel Alfonso Est\u00e9vez\",\"image\":{\"@type\":\"ImageObject\",\"inLanguage\":\"gl-ES\",\"@id\":\"https:\\\/\\\/secure.gravatar.com\\\/avatar\\\/f5d3e86603a02dabc520fdacad8691552cb5b3b57ede8828ababc7095c054594?s=96&d=mm&r=g\",\"url\":\"https:\\\/\\\/secure.gravatar.com\\\/avatar\\\/f5d3e86603a02dabc520fdacad8691552cb5b3b57ede8828ababc7095c054594?s=96&d=mm&r=g\",\"contentUrl\":\"https:\\\/\\\/secure.gravatar.com\\\/avatar\\\/f5d3e86603a02dabc520fdacad8691552cb5b3b57ede8828ababc7095c054594?s=96&d=mm&r=g\",\"caption\":\"Manuel Alfonso Est\u00e9vez\"},\"url\":\"https:\\\/\\\/www.anovapeneira.gal\\\/index.php\\\/author\\\/manuelalfonso\\\/\"}]}<\/script>\n<!-- \/ Yoast SEO plugin. -->","yoast_head_json":{"title":"Historia e memoria das escolas de nenas e nenos -","description":"Levantar as escolas de nenas e nenos, en Fornelos da ribeira, como fixeron os nosos emigrados na Arxentina, resultou ser unha tarefa exemplar, pero con ven aclarar que naqueles tempos, algunhas escolas, como estas, pasaron as mans do Estado, tras o 18 de Xullo de 1.936","robots":{"index":"index","follow":"follow","max-snippet":"max-snippet:-1","max-image-preview":"max-image-preview:large","max-video-preview":"max-video-preview:-1"},"canonical":"https:\/\/www.anovapeneira.gal\/index.php\/2023\/09\/05\/historia-e-memoria-das-escolas-de-nenas-e-nenos\/","og_locale":"gl_ES","og_type":"article","og_title":"Historia e memoria das escolas de nenas e nenos -","og_description":"Levantar as escolas de nenas e nenos, en Fornelos da ribeira, como fixeron os nosos emigrados na Arxentina, resultou ser unha tarefa exemplar, pero con ven aclarar que naqueles tempos, algunhas escolas, como estas, pasaron as mans do Estado, tras o 18 de Xullo de 1.936","og_url":"https:\/\/www.anovapeneira.gal\/index.php\/2023\/09\/05\/historia-e-memoria-das-escolas-de-nenas-e-nenos\/","article_publisher":"https:\/\/www.facebook.com\/anovapeneira","article_published_time":"2023-09-05T10:00:26+00:00","og_image":[{"width":720,"height":432,"url":"https:\/\/www.anovapeneira.gal\/wp-content\/uploads\/2021\/03\/manuel_alfonso_estevez.jpg","type":"image\/jpeg"}],"author":"Manuel Alfonso Est\u00e9vez","twitter_card":"summary_large_image","twitter_creator":"@APeneira","twitter_site":"@APeneira","twitter_misc":{"Escrito por":"Manuel Alfonso Est\u00e9vez","Tempo de lectura":"4 minutos"},"schema":{"@context":"https:\/\/schema.org","@graph":[{"@type":"Article","@id":"https:\/\/www.anovapeneira.gal\/index.php\/2023\/09\/05\/historia-e-memoria-das-escolas-de-nenas-e-nenos\/#article","isPartOf":{"@id":"https:\/\/www.anovapeneira.gal\/index.php\/2023\/09\/05\/historia-e-memoria-das-escolas-de-nenas-e-nenos\/"},"author":{"name":"Manuel Alfonso Est\u00e9vez","@id":"https:\/\/www.anovapeneira.gal\/#\/schema\/person\/6561b93d53e7a32f5d814768163bae2a"},"headline":"Historia e memoria das escolas de nenas e nenos","datePublished":"2023-09-05T10:00:26+00:00","mainEntityOfPage":{"@id":"https:\/\/www.anovapeneira.gal\/index.php\/2023\/09\/05\/historia-e-memoria-das-escolas-de-nenas-e-nenos\/"},"wordCount":733,"commentCount":0,"publisher":{"@id":"https:\/\/www.anovapeneira.gal\/#organization"},"image":{"@id":"https:\/\/www.anovapeneira.gal\/index.php\/2023\/09\/05\/historia-e-memoria-das-escolas-de-nenas-e-nenos\/#primaryimage"},"thumbnailUrl":"https:\/\/www.anovapeneira.gal\/wp-content\/uploads\/2021\/03\/manuel_alfonso_estevez.jpg","keywords":["Manuel Alfonso Est\u00e9vez"],"articleSection":["Artigos de opini\u00f3n"],"inLanguage":"gl-ES","potentialAction":[{"@type":"CommentAction","name":"Comment","target":["https:\/\/www.anovapeneira.gal\/index.php\/2023\/09\/05\/historia-e-memoria-das-escolas-de-nenas-e-nenos\/#respond"]}]},{"@type":"WebPage","@id":"https:\/\/www.anovapeneira.gal\/index.php\/2023\/09\/05\/historia-e-memoria-das-escolas-de-nenas-e-nenos\/","url":"https:\/\/www.anovapeneira.gal\/index.php\/2023\/09\/05\/historia-e-memoria-das-escolas-de-nenas-e-nenos\/","name":"Historia e memoria das escolas de nenas e nenos -","isPartOf":{"@id":"https:\/\/www.anovapeneira.gal\/#website"},"primaryImageOfPage":{"@id":"https:\/\/www.anovapeneira.gal\/index.php\/2023\/09\/05\/historia-e-memoria-das-escolas-de-nenas-e-nenos\/#primaryimage"},"image":{"@id":"https:\/\/www.anovapeneira.gal\/index.php\/2023\/09\/05\/historia-e-memoria-das-escolas-de-nenas-e-nenos\/#primaryimage"},"thumbnailUrl":"https:\/\/www.anovapeneira.gal\/wp-content\/uploads\/2021\/03\/manuel_alfonso_estevez.jpg","datePublished":"2023-09-05T10:00:26+00:00","description":"Levantar as escolas de nenas e nenos, en Fornelos da ribeira, como fixeron os nosos emigrados na Arxentina, resultou ser unha tarefa exemplar, pero con ven aclarar que naqueles tempos, algunhas escolas, como estas, pasaron as mans do Estado, tras o 18 de Xullo de 1.936","breadcrumb":{"@id":"https:\/\/www.anovapeneira.gal\/index.php\/2023\/09\/05\/historia-e-memoria-das-escolas-de-nenas-e-nenos\/#breadcrumb"},"inLanguage":"gl-ES","potentialAction":[{"@type":"ReadAction","target":["https:\/\/www.anovapeneira.gal\/index.php\/2023\/09\/05\/historia-e-memoria-das-escolas-de-nenas-e-nenos\/"]}]},{"@type":"ImageObject","inLanguage":"gl-ES","@id":"https:\/\/www.anovapeneira.gal\/index.php\/2023\/09\/05\/historia-e-memoria-das-escolas-de-nenas-e-nenos\/#primaryimage","url":"https:\/\/www.anovapeneira.gal\/wp-content\/uploads\/2021\/03\/manuel_alfonso_estevez.jpg","contentUrl":"https:\/\/www.anovapeneira.gal\/wp-content\/uploads\/2021\/03\/manuel_alfonso_estevez.jpg","width":720,"height":432,"caption":"Manuel Alfonso Est\u00e9vez. Historia viva de Fornelos da Ribeira"},{"@type":"BreadcrumbList","@id":"https:\/\/www.anovapeneira.gal\/index.php\/2023\/09\/05\/historia-e-memoria-das-escolas-de-nenas-e-nenos\/#breadcrumb","itemListElement":[{"@type":"ListItem","position":1,"name":"Portada","item":"https:\/\/www.anovapeneira.gal\/"},{"@type":"ListItem","position":2,"name":"Historia e memoria das escolas de nenas e nenos"}]},{"@type":"WebSite","@id":"https:\/\/www.anovapeneira.gal\/#website","url":"https:\/\/www.anovapeneira.gal\/","name":"","description":"Xornal galego de informaci\u00f3n xeral Publicaci\u00f3n mensual de novas de Galicia e en especial dos Concellos da sur da provincia de Pontevedra.","publisher":{"@id":"https:\/\/www.anovapeneira.gal\/#organization"},"potentialAction":[{"@type":"SearchAction","target":{"@type":"EntryPoint","urlTemplate":"https:\/\/www.anovapeneira.gal\/?s={search_term_string}"},"query-input":{"@type":"PropertyValueSpecification","valueRequired":true,"valueName":"search_term_string"}}],"inLanguage":"gl-ES"},{"@type":"Organization","@id":"https:\/\/www.anovapeneira.gal\/#organization","name":"A Nova Peneira","url":"https:\/\/www.anovapeneira.gal\/","logo":{"@type":"ImageObject","inLanguage":"gl-ES","@id":"https:\/\/www.anovapeneira.gal\/#\/schema\/logo\/image\/","url":"http:\/\/www.anovapeneira.gal\/wp-content\/uploads\/2019\/06\/logo_a_nova_peneira_portal_web.png","contentUrl":"http:\/\/www.anovapeneira.gal\/wp-content\/uploads\/2019\/06\/logo_a_nova_peneira_portal_web.png","width":300,"height":100,"caption":"A Nova Peneira"},"image":{"@id":"https:\/\/www.anovapeneira.gal\/#\/schema\/logo\/image\/"},"sameAs":["https:\/\/www.facebook.com\/anovapeneira","https:\/\/x.com\/APeneira"]},{"@type":"Person","@id":"https:\/\/www.anovapeneira.gal\/#\/schema\/person\/6561b93d53e7a32f5d814768163bae2a","name":"Manuel Alfonso Est\u00e9vez","image":{"@type":"ImageObject","inLanguage":"gl-ES","@id":"https:\/\/secure.gravatar.com\/avatar\/f5d3e86603a02dabc520fdacad8691552cb5b3b57ede8828ababc7095c054594?s=96&d=mm&r=g","url":"https:\/\/secure.gravatar.com\/avatar\/f5d3e86603a02dabc520fdacad8691552cb5b3b57ede8828ababc7095c054594?s=96&d=mm&r=g","contentUrl":"https:\/\/secure.gravatar.com\/avatar\/f5d3e86603a02dabc520fdacad8691552cb5b3b57ede8828ababc7095c054594?s=96&d=mm&r=g","caption":"Manuel Alfonso Est\u00e9vez"},"url":"https:\/\/www.anovapeneira.gal\/index.php\/author\/manuelalfonso\/"}]}},"jetpack_featured_media_url":"https:\/\/www.anovapeneira.gal\/wp-content\/uploads\/2021\/03\/manuel_alfonso_estevez.jpg","_links":{"self":[{"href":"https:\/\/www.anovapeneira.gal\/index.php\/wp-json\/wp\/v2\/posts\/10371","targetHints":{"allow":["GET"]}}],"collection":[{"href":"https:\/\/www.anovapeneira.gal\/index.php\/wp-json\/wp\/v2\/posts"}],"about":[{"href":"https:\/\/www.anovapeneira.gal\/index.php\/wp-json\/wp\/v2\/types\/post"}],"author":[{"embeddable":true,"href":"https:\/\/www.anovapeneira.gal\/index.php\/wp-json\/wp\/v2\/users\/40"}],"replies":[{"embeddable":true,"href":"https:\/\/www.anovapeneira.gal\/index.php\/wp-json\/wp\/v2\/comments?post=10371"}],"version-history":[{"count":1,"href":"https:\/\/www.anovapeneira.gal\/index.php\/wp-json\/wp\/v2\/posts\/10371\/revisions"}],"predecessor-version":[{"id":10372,"href":"https:\/\/www.anovapeneira.gal\/index.php\/wp-json\/wp\/v2\/posts\/10371\/revisions\/10372"}],"wp:featuredmedia":[{"embeddable":true,"href":"https:\/\/www.anovapeneira.gal\/index.php\/wp-json\/wp\/v2\/media\/5108"}],"wp:attachment":[{"href":"https:\/\/www.anovapeneira.gal\/index.php\/wp-json\/wp\/v2\/media?parent=10371"}],"wp:term":[{"taxonomy":"category","embeddable":true,"href":"https:\/\/www.anovapeneira.gal\/index.php\/wp-json\/wp\/v2\/categories?post=10371"},{"taxonomy":"post_tag","embeddable":true,"href":"https:\/\/www.anovapeneira.gal\/index.php\/wp-json\/wp\/v2\/tags?post=10371"}],"curies":[{"name":"wp","href":"https:\/\/api.w.org\/{rel}","templated":true}]}}