{"id":10379,"date":"2023-09-07T10:00:26","date_gmt":"2023-09-07T08:00:26","guid":{"rendered":"https:\/\/www.anovapeneira.gal\/?p=10379"},"modified":"2023-09-02T17:05:59","modified_gmt":"2023-09-02T15:05:59","slug":"o-concello-de-bueu-continua-cos-obradoiros-de-memoria-para-persoas-maiores","status":"publish","type":"post","link":"https:\/\/www.anovapeneira.gal\/index.php\/2023\/09\/07\/o-concello-de-bueu-continua-cos-obradoiros-de-memoria-para-persoas-maiores\/","title":{"rendered":"O Concello de Bueu contin\u00faa cos obradoiros de memoria para persoas maiores"},"content":{"rendered":"\n<ul class=\"wp-block-list\">\n<li><strong>Os talleres acollen durante este curso a un total de noventa persoas divididas en seis grupos nas tres parroquias<\/strong><\/li>\n\n\n\n<li><strong>Laura Ogando, concelleira de benestar social e igualdade, deu a benvida \u00e1s participantes este venres<\/strong><\/li>\n<\/ul>\n\n\n\n<p><strong>Bueu, a 1 de setembro de 2023<\/strong><\/p>\n\n\n\n<p>Laura Ogando, concelleira de benestar social e igualdade, visitou este venres un dos grupos dos obradoiros de memoria que comezaron de novo despois das vacaci\u00f3ns estivais. A edil deu a benvida \u00e1s persoas participantes e fixo fincap\u00e9 na necesidade destes obradoiros que organiza o Concello de Bueu dende hai moitos anos para fomentar o envellecemento activo e as pol\u00edticas sociais activas.<\/p>\n\n\n\n<p>Os obradoiros son impartidos polos centros de d\u00eda da vila (C. D. Pescadoira e C.D. Contigo) tanto no Centro Social do Mar de Bueu, como na Casa do Pobo de Beluso e no Centro de Interpretaci\u00f3n de Agrelo, en Cela. Nestes talleres, que son gratu\u00edtos, participan un total de noventa persoas, divididas en seis grupos. As\u00ed, en Bueu hai grupos os luns e venres de 9.00 a 10.30 h; outro, os mesmos d\u00edas de 11 a 12.30 h, outro, os martes e xoves de 9.30 a 11.00 h e o \u00faltimo, os mesmos d\u00edas de 11.00 a 12.30 h. En Beluso, o grupo ten clases o martes e xoves de 10.30 a 12.00 h, e en Agrelo, os luns e m\u00e9rcores, entre as 10.00 e as 11.30 horas.<\/p>\n\n\n\n<p>A iniciativa ten como obxectivos o fomento do envellecemento activo, o aumento na calidade de vida, o co\u00f1ecemento de novas actividades de ocio e tempo libre, a mellora nas relaci\u00f3ns sociais, etc. Estas actividades son m\u00e1is necesarias ca nunca, sobre todo porque tras a pandemia se agravou o illamento social e o deterioro da sa\u00fade mental das persoas.<\/p>\n\n\n\n<p>A trav\u00e9s deles, as e os participantes seguir\u00e1n as propostas de Estimulaci\u00f3n Cognitiva, que buscan intervir nas funci\u00f3ns intelectuais que se poden ver afectadas nas persoas maiores. Entre as actividades propostas est\u00e1n tarefas de debuxo, de construci\u00f3n de modelos, de xestos e m\u00edmica, de praxias cognoscitivas, m\u00fasica, exercicios sensoriais, e outros de relaxaci\u00f3n e respiraci\u00f3n. Todas elas ofrecen unha perspectiva integral para lograr un envellecemento activo.<\/p>\n","protected":false},"excerpt":{"rendered":"<div class=\"mh-excerpt\"><p>Os talleres acollen durante este curso a un total de noventa persoas divididas en seis grupos nas tres parroquias <a class=\"mh-excerpt-more\" href=\"https:\/\/www.anovapeneira.gal\/index.php\/2023\/09\/07\/o-concello-de-bueu-continua-cos-obradoiros-de-memoria-para-persoas-maiores\/\" title=\"O Concello de Bueu contin\u00faa cos obradoiros de memoria para persoas maiores\">[&#8230;]<\/a><\/p>\n<\/div>","protected":false},"author":3,"featured_media":10380,"comment_status":"open","ping_status":"open","sticky":false,"template":"","format":"standard","meta":{"_exactmetrics_skip_tracking":false,"_exactmetrics_sitenote_active":false,"_exactmetrics_sitenote_note":"","_exactmetrics_sitenote_category":0,"footnotes":""},"categories":[22],"tags":[440],"class_list":{"0":"post-10379","1":"post","2":"type-post","3":"status-publish","4":"format-standard","5":"has-post-thumbnail","7":"category-morrazo","8":"tag-concello-de-bueu"},"yoast_head":"<!-- This site is optimized with the Yoast SEO plugin v27.4 - https:\/\/yoast.com\/product\/yoast-seo-wordpress\/ -->\n<title>O Concello de Bueu contin\u00faa cos obradoiros de memoria para persoas maiores -<\/title>\n<meta name=\"robots\" content=\"index, follow, max-snippet:-1, max-image-preview:large, max-video-preview:-1\" \/>\n<link rel=\"canonical\" href=\"https:\/\/www.anovapeneira.gal\/index.php\/2023\/09\/07\/o-concello-de-bueu-continua-cos-obradoiros-de-memoria-para-persoas-maiores\/\" \/>\n<meta property=\"og:locale\" content=\"gl_ES\" \/>\n<meta property=\"og:type\" content=\"article\" \/>\n<meta property=\"og:title\" content=\"O Concello de Bueu contin\u00faa cos obradoiros de memoria para persoas maiores -\" \/>\n<meta property=\"og:description\" content=\"Os talleres acollen durante este curso a un total de noventa persoas divididas en seis grupos nas tres parroquias [...]\" \/>\n<meta property=\"og:url\" content=\"https:\/\/www.anovapeneira.gal\/index.php\/2023\/09\/07\/o-concello-de-bueu-continua-cos-obradoiros-de-memoria-para-persoas-maiores\/\" \/>\n<meta property=\"article:publisher\" content=\"https:\/\/www.facebook.com\/anovapeneira\" \/>\n<meta property=\"article:published_time\" content=\"2023-09-07T08:00:26+00:00\" \/>\n<meta property=\"og:image\" content=\"https:\/\/www.anovapeneira.gal\/wp-content\/uploads\/2023\/09\/memoria_bueu.jpg\" \/>\n\t<meta property=\"og:image:width\" content=\"720\" \/>\n\t<meta property=\"og:image:height\" content=\"432\" \/>\n\t<meta property=\"og:image:type\" content=\"image\/jpeg\" \/>\n<meta name=\"author\" content=\"Redacci\u00f3n A Nova Peneira\" \/>\n<meta name=\"twitter:card\" content=\"summary_large_image\" \/>\n<meta name=\"twitter:creator\" content=\"@APeneira\" \/>\n<meta name=\"twitter:site\" content=\"@APeneira\" \/>\n<meta name=\"twitter:label1\" content=\"Escrito por\" \/>\n\t<meta name=\"twitter:data1\" content=\"Redacci\u00f3n A Nova Peneira\" \/>\n\t<meta name=\"twitter:label2\" content=\"Tempo de lectura\" \/>\n\t<meta name=\"twitter:data2\" content=\"2 minutos\" \/>\n<script type=\"application\/ld+json\" class=\"yoast-schema-graph\">{\"@context\":\"https:\\\/\\\/schema.org\",\"@graph\":[{\"@type\":\"Article\",\"@id\":\"https:\\\/\\\/www.anovapeneira.gal\\\/index.php\\\/2023\\\/09\\\/07\\\/o-concello-de-bueu-continua-cos-obradoiros-de-memoria-para-persoas-maiores\\\/#article\",\"isPartOf\":{\"@id\":\"https:\\\/\\\/www.anovapeneira.gal\\\/index.php\\\/2023\\\/09\\\/07\\\/o-concello-de-bueu-continua-cos-obradoiros-de-memoria-para-persoas-maiores\\\/\"},\"author\":{\"name\":\"Redacci\u00f3n A Nova Peneira\",\"@id\":\"https:\\\/\\\/www.anovapeneira.gal\\\/#\\\/schema\\\/person\\\/b93e3f8932e3f8da96334607eb6ac6aa\"},\"headline\":\"O Concello de Bueu contin\u00faa cos obradoiros de memoria para persoas maiores\",\"datePublished\":\"2023-09-07T08:00:26+00:00\",\"mainEntityOfPage\":{\"@id\":\"https:\\\/\\\/www.anovapeneira.gal\\\/index.php\\\/2023\\\/09\\\/07\\\/o-concello-de-bueu-continua-cos-obradoiros-de-memoria-para-persoas-maiores\\\/\"},\"wordCount\":376,\"commentCount\":0,\"publisher\":{\"@id\":\"https:\\\/\\\/www.anovapeneira.gal\\\/#organization\"},\"image\":{\"@id\":\"https:\\\/\\\/www.anovapeneira.gal\\\/index.php\\\/2023\\\/09\\\/07\\\/o-concello-de-bueu-continua-cos-obradoiros-de-memoria-para-persoas-maiores\\\/#primaryimage\"},\"thumbnailUrl\":\"https:\\\/\\\/www.anovapeneira.gal\\\/wp-content\\\/uploads\\\/2023\\\/09\\\/memoria_bueu.jpg\",\"keywords\":[\"Concello de Bueu\"],\"articleSection\":[\"Morrazo\"],\"inLanguage\":\"gl-ES\",\"potentialAction\":[{\"@type\":\"CommentAction\",\"name\":\"Comment\",\"target\":[\"https:\\\/\\\/www.anovapeneira.gal\\\/index.php\\\/2023\\\/09\\\/07\\\/o-concello-de-bueu-continua-cos-obradoiros-de-memoria-para-persoas-maiores\\\/#respond\"]}]},{\"@type\":\"WebPage\",\"@id\":\"https:\\\/\\\/www.anovapeneira.gal\\\/index.php\\\/2023\\\/09\\\/07\\\/o-concello-de-bueu-continua-cos-obradoiros-de-memoria-para-persoas-maiores\\\/\",\"url\":\"https:\\\/\\\/www.anovapeneira.gal\\\/index.php\\\/2023\\\/09\\\/07\\\/o-concello-de-bueu-continua-cos-obradoiros-de-memoria-para-persoas-maiores\\\/\",\"name\":\"O Concello de Bueu contin\u00faa cos obradoiros de memoria para persoas maiores -\",\"isPartOf\":{\"@id\":\"https:\\\/\\\/www.anovapeneira.gal\\\/#website\"},\"primaryImageOfPage\":{\"@id\":\"https:\\\/\\\/www.anovapeneira.gal\\\/index.php\\\/2023\\\/09\\\/07\\\/o-concello-de-bueu-continua-cos-obradoiros-de-memoria-para-persoas-maiores\\\/#primaryimage\"},\"image\":{\"@id\":\"https:\\\/\\\/www.anovapeneira.gal\\\/index.php\\\/2023\\\/09\\\/07\\\/o-concello-de-bueu-continua-cos-obradoiros-de-memoria-para-persoas-maiores\\\/#primaryimage\"},\"thumbnailUrl\":\"https:\\\/\\\/www.anovapeneira.gal\\\/wp-content\\\/uploads\\\/2023\\\/09\\\/memoria_bueu.jpg\",\"datePublished\":\"2023-09-07T08:00:26+00:00\",\"breadcrumb\":{\"@id\":\"https:\\\/\\\/www.anovapeneira.gal\\\/index.php\\\/2023\\\/09\\\/07\\\/o-concello-de-bueu-continua-cos-obradoiros-de-memoria-para-persoas-maiores\\\/#breadcrumb\"},\"inLanguage\":\"gl-ES\",\"potentialAction\":[{\"@type\":\"ReadAction\",\"target\":[\"https:\\\/\\\/www.anovapeneira.gal\\\/index.php\\\/2023\\\/09\\\/07\\\/o-concello-de-bueu-continua-cos-obradoiros-de-memoria-para-persoas-maiores\\\/\"]}]},{\"@type\":\"ImageObject\",\"inLanguage\":\"gl-ES\",\"@id\":\"https:\\\/\\\/www.anovapeneira.gal\\\/index.php\\\/2023\\\/09\\\/07\\\/o-concello-de-bueu-continua-cos-obradoiros-de-memoria-para-persoas-maiores\\\/#primaryimage\",\"url\":\"https:\\\/\\\/www.anovapeneira.gal\\\/wp-content\\\/uploads\\\/2023\\\/09\\\/memoria_bueu.jpg\",\"contentUrl\":\"https:\\\/\\\/www.anovapeneira.gal\\\/wp-content\\\/uploads\\\/2023\\\/09\\\/memoria_bueu.jpg\",\"width\":720,\"height\":432,\"caption\":\"O Concello de Bueu contin\u00faa cos obradoiros de memoria para persoas maiores\"},{\"@type\":\"BreadcrumbList\",\"@id\":\"https:\\\/\\\/www.anovapeneira.gal\\\/index.php\\\/2023\\\/09\\\/07\\\/o-concello-de-bueu-continua-cos-obradoiros-de-memoria-para-persoas-maiores\\\/#breadcrumb\",\"itemListElement\":[{\"@type\":\"ListItem\",\"position\":1,\"name\":\"Portada\",\"item\":\"https:\\\/\\\/www.anovapeneira.gal\\\/\"},{\"@type\":\"ListItem\",\"position\":2,\"name\":\"O Concello de Bueu contin\u00faa cos obradoiros de memoria para persoas maiores\"}]},{\"@type\":\"WebSite\",\"@id\":\"https:\\\/\\\/www.anovapeneira.gal\\\/#website\",\"url\":\"https:\\\/\\\/www.anovapeneira.gal\\\/\",\"name\":\"\",\"description\":\"Xornal galego de informaci\u00f3n xeral Publicaci\u00f3n mensual de novas de Galicia e en especial dos Concellos da sur da provincia de Pontevedra.\",\"publisher\":{\"@id\":\"https:\\\/\\\/www.anovapeneira.gal\\\/#organization\"},\"potentialAction\":[{\"@type\":\"SearchAction\",\"target\":{\"@type\":\"EntryPoint\",\"urlTemplate\":\"https:\\\/\\\/www.anovapeneira.gal\\\/?s={search_term_string}\"},\"query-input\":{\"@type\":\"PropertyValueSpecification\",\"valueRequired\":true,\"valueName\":\"search_term_string\"}}],\"inLanguage\":\"gl-ES\"},{\"@type\":\"Organization\",\"@id\":\"https:\\\/\\\/www.anovapeneira.gal\\\/#organization\",\"name\":\"A Nova Peneira\",\"url\":\"https:\\\/\\\/www.anovapeneira.gal\\\/\",\"logo\":{\"@type\":\"ImageObject\",\"inLanguage\":\"gl-ES\",\"@id\":\"https:\\\/\\\/www.anovapeneira.gal\\\/#\\\/schema\\\/logo\\\/image\\\/\",\"url\":\"http:\\\/\\\/www.anovapeneira.gal\\\/wp-content\\\/uploads\\\/2019\\\/06\\\/logo_a_nova_peneira_portal_web.png\",\"contentUrl\":\"http:\\\/\\\/www.anovapeneira.gal\\\/wp-content\\\/uploads\\\/2019\\\/06\\\/logo_a_nova_peneira_portal_web.png\",\"width\":300,\"height\":100,\"caption\":\"A Nova Peneira\"},\"image\":{\"@id\":\"https:\\\/\\\/www.anovapeneira.gal\\\/#\\\/schema\\\/logo\\\/image\\\/\"},\"sameAs\":[\"https:\\\/\\\/www.facebook.com\\\/anovapeneira\",\"https:\\\/\\\/x.com\\\/APeneira\"]},{\"@type\":\"Person\",\"@id\":\"https:\\\/\\\/www.anovapeneira.gal\\\/#\\\/schema\\\/person\\\/b93e3f8932e3f8da96334607eb6ac6aa\",\"name\":\"Redacci\u00f3n A Nova Peneira\",\"image\":{\"@type\":\"ImageObject\",\"inLanguage\":\"gl-ES\",\"@id\":\"https:\\\/\\\/secure.gravatar.com\\\/avatar\\\/c052a2551a06e23fac63626232eaa90abd78dbcf1700fc46a2b2c89fd27b735f?s=96&d=mm&r=g\",\"url\":\"https:\\\/\\\/secure.gravatar.com\\\/avatar\\\/c052a2551a06e23fac63626232eaa90abd78dbcf1700fc46a2b2c89fd27b735f?s=96&d=mm&r=g\",\"contentUrl\":\"https:\\\/\\\/secure.gravatar.com\\\/avatar\\\/c052a2551a06e23fac63626232eaa90abd78dbcf1700fc46a2b2c89fd27b735f?s=96&d=mm&r=g\",\"caption\":\"Redacci\u00f3n A Nova Peneira\"},\"sameAs\":[\"http:\\\/\\\/www.anovapeneira.gal\\\/\"],\"url\":\"https:\\\/\\\/www.anovapeneira.gal\\\/index.php\\\/author\\\/redactor\\\/\"}]}<\/script>\n<!-- \/ Yoast SEO plugin. -->","yoast_head_json":{"title":"O Concello de Bueu contin\u00faa cos obradoiros de memoria para persoas maiores -","robots":{"index":"index","follow":"follow","max-snippet":"max-snippet:-1","max-image-preview":"max-image-preview:large","max-video-preview":"max-video-preview:-1"},"canonical":"https:\/\/www.anovapeneira.gal\/index.php\/2023\/09\/07\/o-concello-de-bueu-continua-cos-obradoiros-de-memoria-para-persoas-maiores\/","og_locale":"gl_ES","og_type":"article","og_title":"O Concello de Bueu contin\u00faa cos obradoiros de memoria para persoas maiores -","og_description":"Os talleres acollen durante este curso a un total de noventa persoas divididas en seis grupos nas tres parroquias [...]","og_url":"https:\/\/www.anovapeneira.gal\/index.php\/2023\/09\/07\/o-concello-de-bueu-continua-cos-obradoiros-de-memoria-para-persoas-maiores\/","article_publisher":"https:\/\/www.facebook.com\/anovapeneira","article_published_time":"2023-09-07T08:00:26+00:00","og_image":[{"width":720,"height":432,"url":"https:\/\/www.anovapeneira.gal\/wp-content\/uploads\/2023\/09\/memoria_bueu.jpg","type":"image\/jpeg"}],"author":"Redacci\u00f3n A Nova Peneira","twitter_card":"summary_large_image","twitter_creator":"@APeneira","twitter_site":"@APeneira","twitter_misc":{"Escrito por":"Redacci\u00f3n A Nova Peneira","Tempo de lectura":"2 minutos"},"schema":{"@context":"https:\/\/schema.org","@graph":[{"@type":"Article","@id":"https:\/\/www.anovapeneira.gal\/index.php\/2023\/09\/07\/o-concello-de-bueu-continua-cos-obradoiros-de-memoria-para-persoas-maiores\/#article","isPartOf":{"@id":"https:\/\/www.anovapeneira.gal\/index.php\/2023\/09\/07\/o-concello-de-bueu-continua-cos-obradoiros-de-memoria-para-persoas-maiores\/"},"author":{"name":"Redacci\u00f3n A Nova Peneira","@id":"https:\/\/www.anovapeneira.gal\/#\/schema\/person\/b93e3f8932e3f8da96334607eb6ac6aa"},"headline":"O Concello de Bueu contin\u00faa cos obradoiros de memoria para persoas maiores","datePublished":"2023-09-07T08:00:26+00:00","mainEntityOfPage":{"@id":"https:\/\/www.anovapeneira.gal\/index.php\/2023\/09\/07\/o-concello-de-bueu-continua-cos-obradoiros-de-memoria-para-persoas-maiores\/"},"wordCount":376,"commentCount":0,"publisher":{"@id":"https:\/\/www.anovapeneira.gal\/#organization"},"image":{"@id":"https:\/\/www.anovapeneira.gal\/index.php\/2023\/09\/07\/o-concello-de-bueu-continua-cos-obradoiros-de-memoria-para-persoas-maiores\/#primaryimage"},"thumbnailUrl":"https:\/\/www.anovapeneira.gal\/wp-content\/uploads\/2023\/09\/memoria_bueu.jpg","keywords":["Concello de Bueu"],"articleSection":["Morrazo"],"inLanguage":"gl-ES","potentialAction":[{"@type":"CommentAction","name":"Comment","target":["https:\/\/www.anovapeneira.gal\/index.php\/2023\/09\/07\/o-concello-de-bueu-continua-cos-obradoiros-de-memoria-para-persoas-maiores\/#respond"]}]},{"@type":"WebPage","@id":"https:\/\/www.anovapeneira.gal\/index.php\/2023\/09\/07\/o-concello-de-bueu-continua-cos-obradoiros-de-memoria-para-persoas-maiores\/","url":"https:\/\/www.anovapeneira.gal\/index.php\/2023\/09\/07\/o-concello-de-bueu-continua-cos-obradoiros-de-memoria-para-persoas-maiores\/","name":"O Concello de Bueu contin\u00faa cos obradoiros de memoria para persoas maiores -","isPartOf":{"@id":"https:\/\/www.anovapeneira.gal\/#website"},"primaryImageOfPage":{"@id":"https:\/\/www.anovapeneira.gal\/index.php\/2023\/09\/07\/o-concello-de-bueu-continua-cos-obradoiros-de-memoria-para-persoas-maiores\/#primaryimage"},"image":{"@id":"https:\/\/www.anovapeneira.gal\/index.php\/2023\/09\/07\/o-concello-de-bueu-continua-cos-obradoiros-de-memoria-para-persoas-maiores\/#primaryimage"},"thumbnailUrl":"https:\/\/www.anovapeneira.gal\/wp-content\/uploads\/2023\/09\/memoria_bueu.jpg","datePublished":"2023-09-07T08:00:26+00:00","breadcrumb":{"@id":"https:\/\/www.anovapeneira.gal\/index.php\/2023\/09\/07\/o-concello-de-bueu-continua-cos-obradoiros-de-memoria-para-persoas-maiores\/#breadcrumb"},"inLanguage":"gl-ES","potentialAction":[{"@type":"ReadAction","target":["https:\/\/www.anovapeneira.gal\/index.php\/2023\/09\/07\/o-concello-de-bueu-continua-cos-obradoiros-de-memoria-para-persoas-maiores\/"]}]},{"@type":"ImageObject","inLanguage":"gl-ES","@id":"https:\/\/www.anovapeneira.gal\/index.php\/2023\/09\/07\/o-concello-de-bueu-continua-cos-obradoiros-de-memoria-para-persoas-maiores\/#primaryimage","url":"https:\/\/www.anovapeneira.gal\/wp-content\/uploads\/2023\/09\/memoria_bueu.jpg","contentUrl":"https:\/\/www.anovapeneira.gal\/wp-content\/uploads\/2023\/09\/memoria_bueu.jpg","width":720,"height":432,"caption":"O Concello de Bueu contin\u00faa cos obradoiros de memoria para persoas maiores"},{"@type":"BreadcrumbList","@id":"https:\/\/www.anovapeneira.gal\/index.php\/2023\/09\/07\/o-concello-de-bueu-continua-cos-obradoiros-de-memoria-para-persoas-maiores\/#breadcrumb","itemListElement":[{"@type":"ListItem","position":1,"name":"Portada","item":"https:\/\/www.anovapeneira.gal\/"},{"@type":"ListItem","position":2,"name":"O Concello de Bueu contin\u00faa cos obradoiros de memoria para persoas maiores"}]},{"@type":"WebSite","@id":"https:\/\/www.anovapeneira.gal\/#website","url":"https:\/\/www.anovapeneira.gal\/","name":"","description":"Xornal galego de informaci\u00f3n xeral Publicaci\u00f3n mensual de novas de Galicia e en especial dos Concellos da sur da provincia de Pontevedra.","publisher":{"@id":"https:\/\/www.anovapeneira.gal\/#organization"},"potentialAction":[{"@type":"SearchAction","target":{"@type":"EntryPoint","urlTemplate":"https:\/\/www.anovapeneira.gal\/?s={search_term_string}"},"query-input":{"@type":"PropertyValueSpecification","valueRequired":true,"valueName":"search_term_string"}}],"inLanguage":"gl-ES"},{"@type":"Organization","@id":"https:\/\/www.anovapeneira.gal\/#organization","name":"A Nova Peneira","url":"https:\/\/www.anovapeneira.gal\/","logo":{"@type":"ImageObject","inLanguage":"gl-ES","@id":"https:\/\/www.anovapeneira.gal\/#\/schema\/logo\/image\/","url":"http:\/\/www.anovapeneira.gal\/wp-content\/uploads\/2019\/06\/logo_a_nova_peneira_portal_web.png","contentUrl":"http:\/\/www.anovapeneira.gal\/wp-content\/uploads\/2019\/06\/logo_a_nova_peneira_portal_web.png","width":300,"height":100,"caption":"A Nova Peneira"},"image":{"@id":"https:\/\/www.anovapeneira.gal\/#\/schema\/logo\/image\/"},"sameAs":["https:\/\/www.facebook.com\/anovapeneira","https:\/\/x.com\/APeneira"]},{"@type":"Person","@id":"https:\/\/www.anovapeneira.gal\/#\/schema\/person\/b93e3f8932e3f8da96334607eb6ac6aa","name":"Redacci\u00f3n A Nova Peneira","image":{"@type":"ImageObject","inLanguage":"gl-ES","@id":"https:\/\/secure.gravatar.com\/avatar\/c052a2551a06e23fac63626232eaa90abd78dbcf1700fc46a2b2c89fd27b735f?s=96&d=mm&r=g","url":"https:\/\/secure.gravatar.com\/avatar\/c052a2551a06e23fac63626232eaa90abd78dbcf1700fc46a2b2c89fd27b735f?s=96&d=mm&r=g","contentUrl":"https:\/\/secure.gravatar.com\/avatar\/c052a2551a06e23fac63626232eaa90abd78dbcf1700fc46a2b2c89fd27b735f?s=96&d=mm&r=g","caption":"Redacci\u00f3n A Nova Peneira"},"sameAs":["http:\/\/www.anovapeneira.gal\/"],"url":"https:\/\/www.anovapeneira.gal\/index.php\/author\/redactor\/"}]}},"jetpack_featured_media_url":"https:\/\/www.anovapeneira.gal\/wp-content\/uploads\/2023\/09\/memoria_bueu.jpg","_links":{"self":[{"href":"https:\/\/www.anovapeneira.gal\/index.php\/wp-json\/wp\/v2\/posts\/10379","targetHints":{"allow":["GET"]}}],"collection":[{"href":"https:\/\/www.anovapeneira.gal\/index.php\/wp-json\/wp\/v2\/posts"}],"about":[{"href":"https:\/\/www.anovapeneira.gal\/index.php\/wp-json\/wp\/v2\/types\/post"}],"author":[{"embeddable":true,"href":"https:\/\/www.anovapeneira.gal\/index.php\/wp-json\/wp\/v2\/users\/3"}],"replies":[{"embeddable":true,"href":"https:\/\/www.anovapeneira.gal\/index.php\/wp-json\/wp\/v2\/comments?post=10379"}],"version-history":[{"count":1,"href":"https:\/\/www.anovapeneira.gal\/index.php\/wp-json\/wp\/v2\/posts\/10379\/revisions"}],"predecessor-version":[{"id":10381,"href":"https:\/\/www.anovapeneira.gal\/index.php\/wp-json\/wp\/v2\/posts\/10379\/revisions\/10381"}],"wp:featuredmedia":[{"embeddable":true,"href":"https:\/\/www.anovapeneira.gal\/index.php\/wp-json\/wp\/v2\/media\/10380"}],"wp:attachment":[{"href":"https:\/\/www.anovapeneira.gal\/index.php\/wp-json\/wp\/v2\/media?parent=10379"}],"wp:term":[{"taxonomy":"category","embeddable":true,"href":"https:\/\/www.anovapeneira.gal\/index.php\/wp-json\/wp\/v2\/categories?post=10379"},{"taxonomy":"post_tag","embeddable":true,"href":"https:\/\/www.anovapeneira.gal\/index.php\/wp-json\/wp\/v2\/tags?post=10379"}],"curies":[{"name":"wp","href":"https:\/\/api.w.org\/{rel}","templated":true}]}}