{"id":10383,"date":"2023-09-07T12:00:52","date_gmt":"2023-09-07T10:00:52","guid":{"rendered":"https:\/\/www.anovapeneira.gal\/?p=10383"},"modified":"2023-09-06T21:35:13","modified_gmt":"2023-09-06T19:35:13","slug":"carlos-rivero-xefe-da-oposicion-do-concello-de-a-lama","status":"publish","type":"post","link":"https:\/\/www.anovapeneira.gal\/index.php\/2023\/09\/07\/carlos-rivero-xefe-da-oposicion-do-concello-de-a-lama\/","title":{"rendered":"Carlos Rivero xefe da oposici\u00f3n do Concello de A Lama"},"content":{"rendered":"\n<p><strong>A Lama \u00e9 un concello no que, se non se len os resultados electorais con profundidade e rigor, a s\u00faa aritm\u00e9tica municipal pode trasladar unha imaxe da situaci\u00f3n sociol\u00f3xica do Concello que non se corresponde estritamente coa realidade. A priori un ve que o PP ten 7 concelleiros fronte a 4 do conxunto da oposici\u00f3n e o que parece \u00e9 que os populares gozan dunha maior\u00eda abafadora, pero non \u00e9 as\u00ed. Eles te\u00f1en a maior\u00eda absoluta, desde logo que si, e gobernan de maneira lex\u00edtima pois as\u00ed o decidiu a maior\u00eda da veci\u00f1anza. Pero se confrontamos os votos que acadou o PP 814, cos da suma das 4 forzas de oposici\u00f3n que presentaron candidatura 671( 251 UCIN, 202 IPR, 152 PSOE, 66 BNG) vemos que a diferenza s\u00f3 son 143 votos. A situaci\u00f3n non \u00e9 que sexa de empate t\u00e9cnico entre os veci\u00f1os que queren que siga a gobernar o PP e os que queren cambio , pero case, f\u00e1ltalle moi pouco para o empate t\u00e9cnico e a tendencia do PP \u00e9 claramente descendente. As\u00ed pois vemos como baixan 2,5 puntos porcentuais en relaci\u00f3n co voto do 2019( 56,94% no 19 e 54,44% no 23), baixan 48 votos en voto directo ao PP(862 no 19 e 814 no 23), que en realidade son moitos m\u00e1is, pois tendo integrado a Andr\u00e9s Cal nas s\u00faas listas , o antigo concelleiro de Ciudadanos no 2019 que naquel momento recibira 155 votos, non logran captar nin un s\u00f3 dos apoios que recibiu no 2019 unha persoa que no 23 vai nas listas populares.<\/strong><\/p>\n\n\n\n<p><strong>A diferenza de 3 concelleiros entre o goberno e a oposici\u00f3n resulta de dous factores:1) A dispersi\u00f3n do voto da oposici\u00f3n, 4 opci\u00f3ns diferentes nun concello tan pequeno como este, practicamente asegura a vitoria do goberno.2) O sistema electoral premia ao m\u00e1is votado. Na Lama o PP ten o 54,44% dos votos e o 63,63% dos concelleiros.<\/strong><\/p>\n\n\n\n<p><strong>N\u00f3s falamos con Carlos Rivero, o xefe da oposici\u00f3n , para co\u00f1ecer a s\u00faa visi\u00f3n do estado das cousas. El amosouse, na conversa, moi ilusionado e firmemente convencido de que m\u00e1is pronto que tarde o cambio necesario chegar\u00e1 tam\u00e9n a A Lama.<\/strong><\/p>\n\n\n\n<p>\u201c <strong>No Concello de A Lama quen segue mandando realmente \u00e9 Jorge Canda\u201d<\/strong><\/p>\n\n\n\n<p><strong>Tres meses despois, tempo suficiente para poder opinar con frialdade e rigor, cal \u00e9 a t\u00faa valoraci\u00f3n sobre o resultado electoral?.<\/strong><\/p>\n\n\n\n<blockquote class=\"wp-block-quote is-layout-flow wp-block-quote-is-layout-flow\">\n<p>O resultado non responde \u00e1 realidade social do noso pobo. A situaci\u00f3n est\u00e1 moito m\u00e1is polarizada, pouco menos que en empate t\u00e9cnico, entre o PP e a oposici\u00f3n. Houbo varios factores que explican ese 7-4 da corporaci\u00f3n actual que , repito, non responde \u00e1 realidade.<\/p>\n<\/blockquote>\n\n\n\n<p><strong>Cales foron ?<\/strong><\/p>\n\n\n\n<blockquote class=\"wp-block-quote is-layout-flow wp-block-quote-is-layout-flow\">\n<p>Cando , motivado pola urxente necesidade de cambio que hai no noso pobo, decid\u00edn presentar a mi\u00f1a candidatura, o entorno do PP comezou unha intensa campa\u00f1a contra a mi\u00f1a persoa present\u00e1ndome como un cocain\u00f3mano.<\/p>\n<\/blockquote>\n\n\n\n<p><strong>Tes constancia de que iso \u00e9 as\u00ed, de que desde o entorno do PP che chamaban \u201c cocain\u00f3mano\u201d?<\/strong><\/p>\n\n\n\n<blockquote class=\"wp-block-quote is-layout-flow wp-block-quote-is-layout-flow\">\n<p>Si, e non s\u00f3 iso. Tam\u00e9n me calumniaron tach\u00e1ndome de moroso. Ambos aspectos son radicalmente falsos, pero sospeito que de tanto que se repite unha mentira pode que algunha persoa a asuma como verdade.<\/p>\n<\/blockquote>\n\n\n\n<blockquote class=\"wp-block-quote is-layout-flow wp-block-quote-is-layout-flow\">\n<p>E houbo m\u00e1is elementos que contribu\u00edron ao resultado final: o carrexo de votantes por parte de persoas do PP, somet\u00e9ndoas a presi\u00f3n para que os votasen. Incluso o anterior alcalde, Jorge Canda foi buscar a se\u00f1oras maiores, que non visita en todo o ano para levalas a votar co sobre na man. E por \u00faltimo a dispersi\u00f3n do voto da oposici\u00f3n facilitou a vitoria do PP. D\u00e1te de conta de que houbo 4 opci\u00f3ns diferentes que confrontamos co PP. E iso, nun pobo tan pequeno como o noso, no que a situaci\u00f3n pol\u00edtica est\u00e1 polarizada na din\u00e1mica goberno\/ oposici\u00f3n , practicamente asegura a vitoria do goberno pois o seu voto est\u00e1 todo concentrado , mentres que o voto da oposici\u00f3n est\u00e1 dividido en m\u00faltiples opci\u00f3ns.<\/p>\n<\/blockquote>\n\n\n\n<p><strong>Como est\u00e1n os teus \u00e1nimos?<\/strong><\/p>\n\n\n\n<blockquote class=\"wp-block-quote is-layout-flow wp-block-quote-is-layout-flow\">\n<p>Estou moi ben, con moita forza e coa ilusi\u00f3n a tope. Eu era consciente de que \u00eda ser dif\u00edcil pero que non se engane o PP, isto foi s\u00f3 a semente, a primeira pedra dunha nova forma de facer pol\u00edtica: limpa , honesta e digna ao servizo do interese xeral da veci\u00f1anza. A Lama precisa un cambio e m\u00e1is pronto que tarde ese cambio chegar\u00e1.<\/p>\n<\/blockquote>\n\n\n\n<p><strong>Con 7 concelleiros que te\u00f1en non parece que sexa moi f\u00e1cil ese cambio?<\/strong><\/p>\n\n\n\n<blockquote class=\"wp-block-quote is-layout-flow wp-block-quote-is-layout-flow\">\n<p>A min preoc\u00fapanme m\u00e1is as pr\u00e1cticas pol\u00edticas do goberno que a aritm\u00e9tica municipal. A aritm\u00e9tica \u00e9 variable, hoxe \u00e9 dunha maneira e ma\u00f1\u00e1 pode ser doutra completamente distinta. Por outra parte o PP est\u00e1 sobrerepresentado, pois se todo o voto da oposici\u00f3n fose concentrado s\u00f3 ter\u00edan ga\u00f1ado as elecci\u00f3ns por 143 votos, pero como sabes o sistema electoral espa\u00f1ol premia sempre ao m\u00e1is votado.<\/p>\n<\/blockquote>\n\n\n\n<p><strong>Como comezamos o mandato?<\/strong><\/p>\n\n\n\n<blockquote class=\"wp-block-quote is-layout-flow wp-block-quote-is-layout-flow\">\n<p>Situ\u00e1ndonos no lugar que nos puxo a veci\u00f1anza: liderando a oposici\u00f3n. Denunciaremos con firmeza as pr\u00e1cticas que consideremos inaceptables, por suposto apoiaremos aquilo que consideremos que \u00e9 bo para A Lama, e faremos propostas en positivo para mellorar a vida das persoas. Somos unha organizaci\u00f3n responsable e exerceremos con responsabilidade o labor que nos encomendou a cidadan\u00eda de A Lama, de feito agora estamos a revisar todos os contratos e licitaci\u00f3ns.<\/p>\n<\/blockquote>\n\n\n\n<p><strong>Tedes facilidade para acceder \u00e1 documentaci\u00f3n?<\/strong><\/p>\n\n\n\n<blockquote class=\"wp-block-quote is-layout-flow wp-block-quote-is-layout-flow\">\n<p>Non. N\u00f3s est\u00e1mola conseguindo a trav\u00e9s do portal de contrataci\u00f3n do estado, porque aqu\u00ed xa pedimos alg\u00fan expediente e a\u00ednda non nolos facilitaron. O concello funciona moi mal, f\u00edxate por exemplo que o primeiro pleno ordinario \u00edmolo ter a finais do mes de setembro, algo absolutamente inexplicable.<\/p>\n<\/blockquote>\n\n\n\n<p><strong>Pero xa tivestes un extraordinario, non?<\/strong><\/p>\n\n\n\n<blockquote class=\"wp-block-quote is-layout-flow wp-block-quote-is-layout-flow\">\n<p>Si, un pleno que foi solicitado pola oposici\u00f3n para abordar o tema dos e\u00f3licos.<\/p>\n<\/blockquote>\n\n\n\n<p><strong>Cal foi a posici\u00f3n da oposici\u00f3n nese pleno ao respecto do asunto dos e\u00f3licos?<\/strong><\/p>\n\n\n\n<blockquote class=\"wp-block-quote is-layout-flow wp-block-quote-is-layout-flow\">\n<p>Claramente, sen matices nin ambig\u00fcidades , en contra.<\/p>\n<\/blockquote>\n\n\n\n<p><strong>E a do goberno?<\/strong><\/p>\n\n\n\n<blockquote class=\"wp-block-quote is-layout-flow wp-block-quote-is-layout-flow\">\n<p>Malia que de palabra din que van axudar ao colectivo que loita para que non se instalen eses mu\u00ed\u00f1os, os seus actos non se corresponden coas s\u00faas palabras.<\/p>\n<\/blockquote>\n\n\n\n<p><strong>Por exemplo?<\/strong><\/p>\n\n\n\n<blockquote class=\"wp-block-quote is-layout-flow wp-block-quote-is-layout-flow\">\n<p>Ped\u00eduselle que axudaran economicamente a sufragar os gastos dos avogados que implican a defensa xur\u00eddica dos intereses da veci\u00f1anza afectada e neg\u00e1ronse.<\/p>\n<\/blockquote>\n\n\n\n<p><strong>Tivestes algunha xuntanza co novo alcalde?<\/strong><\/p>\n\n\n\n<blockquote class=\"wp-block-quote is-layout-flow wp-block-quote-is-layout-flow\">\n<p>Si, fomos levarlle as nosas propostas.<\/p>\n<\/blockquote>\n\n\n\n<p><strong>En que clima se desenvolveu a reuni\u00f3n?<\/strong><\/p>\n\n\n\n<blockquote class=\"wp-block-quote is-layout-flow wp-block-quote-is-layout-flow\">\n<p>O clima foi moi bo, pero entendo que este alcalde non ten potestade para facer nada.<\/p>\n<\/blockquote>\n\n\n\n<p><strong>Por que?<\/strong><\/p>\n\n\n\n<blockquote class=\"wp-block-quote is-layout-flow wp-block-quote-is-layout-flow\">\n<p>O alcalde actual \u00e9 un monicreque en mans dun monicrequeiro.<\/p>\n<\/blockquote>\n\n\n\n<p><strong>Est\u00e1sme dicindo que o que manda no Concello, ao teu xu\u00edzo, segue a ser Jorge Canda?<\/strong><\/p>\n\n\n\n<blockquote class=\"wp-block-quote is-layout-flow wp-block-quote-is-layout-flow\">\n<p>S\u00ed, \u00e9 as\u00ed.<\/p>\n<\/blockquote>\n\n\n\n<p><strong>Creo que unha compa\u00f1eira t\u00faa tivo un episodio desagradable con Jorge Canda. C\u00f3ntanolo?<\/strong><\/p>\n\n\n\n<blockquote class=\"wp-block-quote is-layout-flow wp-block-quote-is-layout-flow\">\n<p>N\u00f3s, desde que se constitu\u00edu a corporaci\u00f3n comezamos a acudir a diario, a primeira hora da ma\u00f1\u00e1, ao concello para cumprir o noso labor de traballar na fiscalizaci\u00f3n da acci\u00f3n de goberno, de estudo de como est\u00e1 a situaci\u00f3n real do concello e para atender a calquera veci\u00f1o ou veci\u00f1a que quixese falar con n\u00f3s .Esto foi durante m\u00e1is ou menos unha semana e media , ata que un bo d\u00eda aparece o ex alcalde Jorge Canda e nos prohibe a entrada.<\/p>\n<\/blockquote>\n\n\n\n<p><strong>En base a que?<\/strong><\/p>\n\n\n\n<blockquote class=\"wp-block-quote is-layout-flow wp-block-quote-is-layout-flow\">\n<p>En base a nada, pois el non pode facer iso. N\u00f3s dix\u00e9moslle que somos concelleiros electos, igual cal el e que de ning\u00fan modo nos pod\u00eda prohibir o acceso \u00e1 casa do Concello. Ent\u00f3n Jorge Canda empurrou \u00e1 mi\u00f1a compa\u00f1eira polo peito. N\u00f3s denunciamos o episodio ante a Garda Civil de Ponte Caldelas.<\/p>\n<\/blockquote>\n\n\n\n<p><strong>Temos resposta?<\/strong><\/p>\n\n\n\n<blockquote class=\"wp-block-quote is-layout-flow wp-block-quote-is-layout-flow\">\n<p>A\u00ednda non.<\/p>\n<\/blockquote>\n\n\n\n<p><strong>E cal foi a reacci\u00f3n do goberno municipal?<\/strong><\/p>\n\n\n\n<blockquote class=\"wp-block-quote is-layout-flow wp-block-quote-is-layout-flow\">\n<p>Dicir todo o contrario do que pasou en realidade.<\/p>\n<\/blockquote>\n\n\n\n<p><strong>Cal \u00e9 a t\u00faa opini\u00f3n sobre as raz\u00f3ns reais que explican a dimisi\u00f3n de Andrea, a concelleira electa de IXR?.<\/strong><\/p>\n\n\n\n<blockquote class=\"wp-block-quote is-layout-flow wp-block-quote-is-layout-flow\">\n<p>N\u00f3s cremos, toda a oposici\u00f3n as\u00ed o cre, que recibiu presi\u00f3ns, non puido con elas e tomou a decisi\u00f3n de dimitir.<\/p>\n<\/blockquote>\n\n\n\n<p><strong>Que relaci\u00f3n tedes cos outros dous grupos da oposici\u00f3n?<\/strong><\/p>\n\n\n\n<blockquote class=\"wp-block-quote is-layout-flow wp-block-quote-is-layout-flow\">\n<p>Moi boa. Hai unha vontade com\u00fan, nos tres grupos que formamos a oposici\u00f3n, de traballar con rigor para que o noso concello saia adiante. De feito de vez en cando nos xuntamos para compartir an\u00e1lises e consensuar estratexias para que o goberno faga algo efectivo polo noso concello que segue sendo, por desgraza, o 3\u00ba m\u00e1is pobre de Galicia e o 1\u00ba m\u00e1is pobre da provincia de Pontevedra.<\/p>\n<\/blockquote>\n\n\n\n<p><strong>E por que un concello como o voso, con potencialidades tan importantes para un adecuado desenvolvemento econ\u00f3mico, ocupa o vag\u00f3n de cola nos \u00edndices de riqueza dos concellos galegos?<\/strong><\/p>\n\n\n\n<blockquote class=\"wp-block-quote is-layout-flow wp-block-quote-is-layout-flow\">\n<p>Claramente pola mala xesti\u00f3n do goberno municipal. Especialmente mala nos \u00faltimos doce anos.<\/p>\n<\/blockquote>\n\n\n\n<p><strong>Rematamos Carlos, que sensaci\u00f3ns percibes polas r\u00faas de A Lama?<\/strong><\/p>\n\n\n\n<blockquote class=\"wp-block-quote is-layout-flow wp-block-quote-is-layout-flow\">\n<p>Que o obxectivo, o fermoso obxectivo de traballar polo ben com\u00fan dos nosos veci\u00f1os e veci\u00f1as paga a pena. Hai xa moitos votantes do PP que est\u00e1n desilusionados e arrepentidos, as\u00ed mo transmiten a min. Ista vai ser unha loita longa e dif\u00edcil, pero \u00edmola ga\u00f1ar. O m\u00e1is pronto que poidamos A Lama vai ter un goberno digno que se preocupe polo interese xeral. Non imos parar ata que sexa as\u00ed.<\/p>\n<\/blockquote>\n","protected":false},"excerpt":{"rendered":"<div class=\"mh-excerpt\"><p>A Lama \u00e9 un concello no que, se non se len os resultados electorais con profundidade e rigor, a s\u00faa aritm\u00e9tica municipal pode trasladar unha imaxe da situaci\u00f3n sociol\u00f3xica do Concello que non se corresponde estritamente coa realidade <a class=\"mh-excerpt-more\" href=\"https:\/\/www.anovapeneira.gal\/index.php\/2023\/09\/07\/carlos-rivero-xefe-da-oposicion-do-concello-de-a-lama\/\" title=\"Carlos Rivero xefe da oposici\u00f3n do Concello de A Lama\">[&#8230;]<\/a><\/p>\n<\/div>","protected":false},"author":3,"featured_media":10385,"comment_status":"open","ping_status":"open","sticky":false,"template":"","format":"standard","meta":{"_exactmetrics_skip_tracking":false,"_exactmetrics_sitenote_active":false,"_exactmetrics_sitenote_note":"","_exactmetrics_sitenote_category":0,"footnotes":""},"categories":[269],"tags":[1353],"class_list":{"0":"post-10383","1":"post","2":"type-post","3":"status-publish","4":"format-standard","5":"has-post-thumbnail","7":"category-pontevedra-entrevistas","8":"tag-concello-da-lama"},"yoast_head":"<!-- This site is optimized with the Yoast SEO plugin v27.4 - https:\/\/yoast.com\/product\/yoast-seo-wordpress\/ -->\n<title>Carlos Rivero xefe da oposici\u00f3n do Concello de A Lama -<\/title>\n<meta name=\"description\" content=\"A Lama \u00e9 un concello no que, se non se len os resultados electorais con profundidade e rigor, a s\u00faa aritm\u00e9tica municipal pode trasladar unha imaxe da situaci\u00f3n sociol\u00f3xica do Concello que non se corresponde estritamente coa realidade\" \/>\n<meta name=\"robots\" content=\"index, follow, max-snippet:-1, max-image-preview:large, max-video-preview:-1\" \/>\n<link rel=\"canonical\" href=\"https:\/\/www.anovapeneira.gal\/index.php\/2023\/09\/07\/carlos-rivero-xefe-da-oposicion-do-concello-de-a-lama\/\" \/>\n<meta property=\"og:locale\" content=\"gl_ES\" \/>\n<meta property=\"og:type\" content=\"article\" \/>\n<meta property=\"og:title\" content=\"Carlos Rivero xefe da oposici\u00f3n do Concello de A Lama -\" \/>\n<meta property=\"og:description\" content=\"A Lama \u00e9 un concello no que, se non se len os resultados electorais con profundidade e rigor, a s\u00faa aritm\u00e9tica municipal pode trasladar unha imaxe da situaci\u00f3n sociol\u00f3xica do Concello que non se corresponde estritamente coa realidade\" \/>\n<meta property=\"og:url\" content=\"https:\/\/www.anovapeneira.gal\/index.php\/2023\/09\/07\/carlos-rivero-xefe-da-oposicion-do-concello-de-a-lama\/\" \/>\n<meta property=\"article:publisher\" content=\"https:\/\/www.facebook.com\/anovapeneira\" \/>\n<meta property=\"article:published_time\" content=\"2023-09-07T10:00:52+00:00\" \/>\n<meta property=\"og:image\" content=\"https:\/\/www.anovapeneira.gal\/wp-content\/uploads\/2023\/09\/carlos_riveiro.jpg\" \/>\n\t<meta property=\"og:image:width\" content=\"720\" \/>\n\t<meta property=\"og:image:height\" content=\"432\" \/>\n\t<meta property=\"og:image:type\" content=\"image\/jpeg\" \/>\n<meta name=\"author\" content=\"Redacci\u00f3n A Nova Peneira\" \/>\n<meta name=\"twitter:card\" content=\"summary_large_image\" \/>\n<meta name=\"twitter:creator\" content=\"@APeneira\" \/>\n<meta name=\"twitter:site\" content=\"@APeneira\" \/>\n<meta name=\"twitter:label1\" content=\"Escrito por\" \/>\n\t<meta name=\"twitter:data1\" content=\"Redacci\u00f3n A Nova Peneira\" \/>\n\t<meta name=\"twitter:label2\" content=\"Tempo de lectura\" \/>\n\t<meta name=\"twitter:data2\" content=\"4 minutos\" \/>\n<script type=\"application\/ld+json\" class=\"yoast-schema-graph\">{\"@context\":\"https:\\\/\\\/schema.org\",\"@graph\":[{\"@type\":\"Article\",\"@id\":\"https:\\\/\\\/www.anovapeneira.gal\\\/index.php\\\/2023\\\/09\\\/07\\\/carlos-rivero-xefe-da-oposicion-do-concello-de-a-lama\\\/#article\",\"isPartOf\":{\"@id\":\"https:\\\/\\\/www.anovapeneira.gal\\\/index.php\\\/2023\\\/09\\\/07\\\/carlos-rivero-xefe-da-oposicion-do-concello-de-a-lama\\\/\"},\"author\":{\"name\":\"Redacci\u00f3n A Nova Peneira\",\"@id\":\"https:\\\/\\\/www.anovapeneira.gal\\\/#\\\/schema\\\/person\\\/b93e3f8932e3f8da96334607eb6ac6aa\"},\"headline\":\"Carlos Rivero xefe da oposici\u00f3n do Concello de A Lama\",\"datePublished\":\"2023-09-07T10:00:52+00:00\",\"mainEntityOfPage\":{\"@id\":\"https:\\\/\\\/www.anovapeneira.gal\\\/index.php\\\/2023\\\/09\\\/07\\\/carlos-rivero-xefe-da-oposicion-do-concello-de-a-lama\\\/\"},\"wordCount\":1616,\"commentCount\":0,\"publisher\":{\"@id\":\"https:\\\/\\\/www.anovapeneira.gal\\\/#organization\"},\"image\":{\"@id\":\"https:\\\/\\\/www.anovapeneira.gal\\\/index.php\\\/2023\\\/09\\\/07\\\/carlos-rivero-xefe-da-oposicion-do-concello-de-a-lama\\\/#primaryimage\"},\"thumbnailUrl\":\"https:\\\/\\\/www.anovapeneira.gal\\\/wp-content\\\/uploads\\\/2023\\\/09\\\/carlos_riveiro.jpg\",\"keywords\":[\"Concello da Lama\"],\"articleSection\":[\"Pontevedra\"],\"inLanguage\":\"gl-ES\",\"potentialAction\":[{\"@type\":\"CommentAction\",\"name\":\"Comment\",\"target\":[\"https:\\\/\\\/www.anovapeneira.gal\\\/index.php\\\/2023\\\/09\\\/07\\\/carlos-rivero-xefe-da-oposicion-do-concello-de-a-lama\\\/#respond\"]}]},{\"@type\":\"WebPage\",\"@id\":\"https:\\\/\\\/www.anovapeneira.gal\\\/index.php\\\/2023\\\/09\\\/07\\\/carlos-rivero-xefe-da-oposicion-do-concello-de-a-lama\\\/\",\"url\":\"https:\\\/\\\/www.anovapeneira.gal\\\/index.php\\\/2023\\\/09\\\/07\\\/carlos-rivero-xefe-da-oposicion-do-concello-de-a-lama\\\/\",\"name\":\"Carlos Rivero xefe da oposici\u00f3n do Concello de A Lama -\",\"isPartOf\":{\"@id\":\"https:\\\/\\\/www.anovapeneira.gal\\\/#website\"},\"primaryImageOfPage\":{\"@id\":\"https:\\\/\\\/www.anovapeneira.gal\\\/index.php\\\/2023\\\/09\\\/07\\\/carlos-rivero-xefe-da-oposicion-do-concello-de-a-lama\\\/#primaryimage\"},\"image\":{\"@id\":\"https:\\\/\\\/www.anovapeneira.gal\\\/index.php\\\/2023\\\/09\\\/07\\\/carlos-rivero-xefe-da-oposicion-do-concello-de-a-lama\\\/#primaryimage\"},\"thumbnailUrl\":\"https:\\\/\\\/www.anovapeneira.gal\\\/wp-content\\\/uploads\\\/2023\\\/09\\\/carlos_riveiro.jpg\",\"datePublished\":\"2023-09-07T10:00:52+00:00\",\"description\":\"A Lama \u00e9 un concello no que, se non se len os resultados electorais con profundidade e rigor, a s\u00faa aritm\u00e9tica municipal pode trasladar unha imaxe da situaci\u00f3n sociol\u00f3xica do Concello que non se corresponde estritamente coa realidade\",\"breadcrumb\":{\"@id\":\"https:\\\/\\\/www.anovapeneira.gal\\\/index.php\\\/2023\\\/09\\\/07\\\/carlos-rivero-xefe-da-oposicion-do-concello-de-a-lama\\\/#breadcrumb\"},\"inLanguage\":\"gl-ES\",\"potentialAction\":[{\"@type\":\"ReadAction\",\"target\":[\"https:\\\/\\\/www.anovapeneira.gal\\\/index.php\\\/2023\\\/09\\\/07\\\/carlos-rivero-xefe-da-oposicion-do-concello-de-a-lama\\\/\"]}]},{\"@type\":\"ImageObject\",\"inLanguage\":\"gl-ES\",\"@id\":\"https:\\\/\\\/www.anovapeneira.gal\\\/index.php\\\/2023\\\/09\\\/07\\\/carlos-rivero-xefe-da-oposicion-do-concello-de-a-lama\\\/#primaryimage\",\"url\":\"https:\\\/\\\/www.anovapeneira.gal\\\/wp-content\\\/uploads\\\/2023\\\/09\\\/carlos_riveiro.jpg\",\"contentUrl\":\"https:\\\/\\\/www.anovapeneira.gal\\\/wp-content\\\/uploads\\\/2023\\\/09\\\/carlos_riveiro.jpg\",\"width\":720,\"height\":432,\"caption\":\"Carlos Riveiro Concello da Lama\"},{\"@type\":\"BreadcrumbList\",\"@id\":\"https:\\\/\\\/www.anovapeneira.gal\\\/index.php\\\/2023\\\/09\\\/07\\\/carlos-rivero-xefe-da-oposicion-do-concello-de-a-lama\\\/#breadcrumb\",\"itemListElement\":[{\"@type\":\"ListItem\",\"position\":1,\"name\":\"Portada\",\"item\":\"https:\\\/\\\/www.anovapeneira.gal\\\/\"},{\"@type\":\"ListItem\",\"position\":2,\"name\":\"Carlos Rivero xefe da oposici\u00f3n do Concello de A Lama\"}]},{\"@type\":\"WebSite\",\"@id\":\"https:\\\/\\\/www.anovapeneira.gal\\\/#website\",\"url\":\"https:\\\/\\\/www.anovapeneira.gal\\\/\",\"name\":\"\",\"description\":\"Xornal galego de informaci\u00f3n xeral Publicaci\u00f3n mensual de novas de Galicia e en especial dos Concellos da sur da provincia de Pontevedra.\",\"publisher\":{\"@id\":\"https:\\\/\\\/www.anovapeneira.gal\\\/#organization\"},\"potentialAction\":[{\"@type\":\"SearchAction\",\"target\":{\"@type\":\"EntryPoint\",\"urlTemplate\":\"https:\\\/\\\/www.anovapeneira.gal\\\/?s={search_term_string}\"},\"query-input\":{\"@type\":\"PropertyValueSpecification\",\"valueRequired\":true,\"valueName\":\"search_term_string\"}}],\"inLanguage\":\"gl-ES\"},{\"@type\":\"Organization\",\"@id\":\"https:\\\/\\\/www.anovapeneira.gal\\\/#organization\",\"name\":\"A Nova Peneira\",\"url\":\"https:\\\/\\\/www.anovapeneira.gal\\\/\",\"logo\":{\"@type\":\"ImageObject\",\"inLanguage\":\"gl-ES\",\"@id\":\"https:\\\/\\\/www.anovapeneira.gal\\\/#\\\/schema\\\/logo\\\/image\\\/\",\"url\":\"http:\\\/\\\/www.anovapeneira.gal\\\/wp-content\\\/uploads\\\/2019\\\/06\\\/logo_a_nova_peneira_portal_web.png\",\"contentUrl\":\"http:\\\/\\\/www.anovapeneira.gal\\\/wp-content\\\/uploads\\\/2019\\\/06\\\/logo_a_nova_peneira_portal_web.png\",\"width\":300,\"height\":100,\"caption\":\"A Nova Peneira\"},\"image\":{\"@id\":\"https:\\\/\\\/www.anovapeneira.gal\\\/#\\\/schema\\\/logo\\\/image\\\/\"},\"sameAs\":[\"https:\\\/\\\/www.facebook.com\\\/anovapeneira\",\"https:\\\/\\\/x.com\\\/APeneira\"]},{\"@type\":\"Person\",\"@id\":\"https:\\\/\\\/www.anovapeneira.gal\\\/#\\\/schema\\\/person\\\/b93e3f8932e3f8da96334607eb6ac6aa\",\"name\":\"Redacci\u00f3n A Nova Peneira\",\"image\":{\"@type\":\"ImageObject\",\"inLanguage\":\"gl-ES\",\"@id\":\"https:\\\/\\\/secure.gravatar.com\\\/avatar\\\/c052a2551a06e23fac63626232eaa90abd78dbcf1700fc46a2b2c89fd27b735f?s=96&d=mm&r=g\",\"url\":\"https:\\\/\\\/secure.gravatar.com\\\/avatar\\\/c052a2551a06e23fac63626232eaa90abd78dbcf1700fc46a2b2c89fd27b735f?s=96&d=mm&r=g\",\"contentUrl\":\"https:\\\/\\\/secure.gravatar.com\\\/avatar\\\/c052a2551a06e23fac63626232eaa90abd78dbcf1700fc46a2b2c89fd27b735f?s=96&d=mm&r=g\",\"caption\":\"Redacci\u00f3n A Nova Peneira\"},\"sameAs\":[\"http:\\\/\\\/www.anovapeneira.gal\\\/\"],\"url\":\"https:\\\/\\\/www.anovapeneira.gal\\\/index.php\\\/author\\\/redactor\\\/\"}]}<\/script>\n<!-- \/ Yoast SEO plugin. -->","yoast_head_json":{"title":"Carlos Rivero xefe da oposici\u00f3n do Concello de A Lama -","description":"A Lama \u00e9 un concello no que, se non se len os resultados electorais con profundidade e rigor, a s\u00faa aritm\u00e9tica municipal pode trasladar unha imaxe da situaci\u00f3n sociol\u00f3xica do Concello que non se corresponde estritamente coa realidade","robots":{"index":"index","follow":"follow","max-snippet":"max-snippet:-1","max-image-preview":"max-image-preview:large","max-video-preview":"max-video-preview:-1"},"canonical":"https:\/\/www.anovapeneira.gal\/index.php\/2023\/09\/07\/carlos-rivero-xefe-da-oposicion-do-concello-de-a-lama\/","og_locale":"gl_ES","og_type":"article","og_title":"Carlos Rivero xefe da oposici\u00f3n do Concello de A Lama -","og_description":"A Lama \u00e9 un concello no que, se non se len os resultados electorais con profundidade e rigor, a s\u00faa aritm\u00e9tica municipal pode trasladar unha imaxe da situaci\u00f3n sociol\u00f3xica do Concello que non se corresponde estritamente coa realidade","og_url":"https:\/\/www.anovapeneira.gal\/index.php\/2023\/09\/07\/carlos-rivero-xefe-da-oposicion-do-concello-de-a-lama\/","article_publisher":"https:\/\/www.facebook.com\/anovapeneira","article_published_time":"2023-09-07T10:00:52+00:00","og_image":[{"width":720,"height":432,"url":"https:\/\/www.anovapeneira.gal\/wp-content\/uploads\/2023\/09\/carlos_riveiro.jpg","type":"image\/jpeg"}],"author":"Redacci\u00f3n A Nova Peneira","twitter_card":"summary_large_image","twitter_creator":"@APeneira","twitter_site":"@APeneira","twitter_misc":{"Escrito por":"Redacci\u00f3n A Nova Peneira","Tempo de lectura":"4 minutos"},"schema":{"@context":"https:\/\/schema.org","@graph":[{"@type":"Article","@id":"https:\/\/www.anovapeneira.gal\/index.php\/2023\/09\/07\/carlos-rivero-xefe-da-oposicion-do-concello-de-a-lama\/#article","isPartOf":{"@id":"https:\/\/www.anovapeneira.gal\/index.php\/2023\/09\/07\/carlos-rivero-xefe-da-oposicion-do-concello-de-a-lama\/"},"author":{"name":"Redacci\u00f3n A Nova Peneira","@id":"https:\/\/www.anovapeneira.gal\/#\/schema\/person\/b93e3f8932e3f8da96334607eb6ac6aa"},"headline":"Carlos Rivero xefe da oposici\u00f3n do Concello de A Lama","datePublished":"2023-09-07T10:00:52+00:00","mainEntityOfPage":{"@id":"https:\/\/www.anovapeneira.gal\/index.php\/2023\/09\/07\/carlos-rivero-xefe-da-oposicion-do-concello-de-a-lama\/"},"wordCount":1616,"commentCount":0,"publisher":{"@id":"https:\/\/www.anovapeneira.gal\/#organization"},"image":{"@id":"https:\/\/www.anovapeneira.gal\/index.php\/2023\/09\/07\/carlos-rivero-xefe-da-oposicion-do-concello-de-a-lama\/#primaryimage"},"thumbnailUrl":"https:\/\/www.anovapeneira.gal\/wp-content\/uploads\/2023\/09\/carlos_riveiro.jpg","keywords":["Concello da Lama"],"articleSection":["Pontevedra"],"inLanguage":"gl-ES","potentialAction":[{"@type":"CommentAction","name":"Comment","target":["https:\/\/www.anovapeneira.gal\/index.php\/2023\/09\/07\/carlos-rivero-xefe-da-oposicion-do-concello-de-a-lama\/#respond"]}]},{"@type":"WebPage","@id":"https:\/\/www.anovapeneira.gal\/index.php\/2023\/09\/07\/carlos-rivero-xefe-da-oposicion-do-concello-de-a-lama\/","url":"https:\/\/www.anovapeneira.gal\/index.php\/2023\/09\/07\/carlos-rivero-xefe-da-oposicion-do-concello-de-a-lama\/","name":"Carlos Rivero xefe da oposici\u00f3n do Concello de A Lama -","isPartOf":{"@id":"https:\/\/www.anovapeneira.gal\/#website"},"primaryImageOfPage":{"@id":"https:\/\/www.anovapeneira.gal\/index.php\/2023\/09\/07\/carlos-rivero-xefe-da-oposicion-do-concello-de-a-lama\/#primaryimage"},"image":{"@id":"https:\/\/www.anovapeneira.gal\/index.php\/2023\/09\/07\/carlos-rivero-xefe-da-oposicion-do-concello-de-a-lama\/#primaryimage"},"thumbnailUrl":"https:\/\/www.anovapeneira.gal\/wp-content\/uploads\/2023\/09\/carlos_riveiro.jpg","datePublished":"2023-09-07T10:00:52+00:00","description":"A Lama \u00e9 un concello no que, se non se len os resultados electorais con profundidade e rigor, a s\u00faa aritm\u00e9tica municipal pode trasladar unha imaxe da situaci\u00f3n sociol\u00f3xica do Concello que non se corresponde estritamente coa realidade","breadcrumb":{"@id":"https:\/\/www.anovapeneira.gal\/index.php\/2023\/09\/07\/carlos-rivero-xefe-da-oposicion-do-concello-de-a-lama\/#breadcrumb"},"inLanguage":"gl-ES","potentialAction":[{"@type":"ReadAction","target":["https:\/\/www.anovapeneira.gal\/index.php\/2023\/09\/07\/carlos-rivero-xefe-da-oposicion-do-concello-de-a-lama\/"]}]},{"@type":"ImageObject","inLanguage":"gl-ES","@id":"https:\/\/www.anovapeneira.gal\/index.php\/2023\/09\/07\/carlos-rivero-xefe-da-oposicion-do-concello-de-a-lama\/#primaryimage","url":"https:\/\/www.anovapeneira.gal\/wp-content\/uploads\/2023\/09\/carlos_riveiro.jpg","contentUrl":"https:\/\/www.anovapeneira.gal\/wp-content\/uploads\/2023\/09\/carlos_riveiro.jpg","width":720,"height":432,"caption":"Carlos Riveiro Concello da Lama"},{"@type":"BreadcrumbList","@id":"https:\/\/www.anovapeneira.gal\/index.php\/2023\/09\/07\/carlos-rivero-xefe-da-oposicion-do-concello-de-a-lama\/#breadcrumb","itemListElement":[{"@type":"ListItem","position":1,"name":"Portada","item":"https:\/\/www.anovapeneira.gal\/"},{"@type":"ListItem","position":2,"name":"Carlos Rivero xefe da oposici\u00f3n do Concello de A Lama"}]},{"@type":"WebSite","@id":"https:\/\/www.anovapeneira.gal\/#website","url":"https:\/\/www.anovapeneira.gal\/","name":"","description":"Xornal galego de informaci\u00f3n xeral Publicaci\u00f3n mensual de novas de Galicia e en especial dos Concellos da sur da provincia de Pontevedra.","publisher":{"@id":"https:\/\/www.anovapeneira.gal\/#organization"},"potentialAction":[{"@type":"SearchAction","target":{"@type":"EntryPoint","urlTemplate":"https:\/\/www.anovapeneira.gal\/?s={search_term_string}"},"query-input":{"@type":"PropertyValueSpecification","valueRequired":true,"valueName":"search_term_string"}}],"inLanguage":"gl-ES"},{"@type":"Organization","@id":"https:\/\/www.anovapeneira.gal\/#organization","name":"A Nova Peneira","url":"https:\/\/www.anovapeneira.gal\/","logo":{"@type":"ImageObject","inLanguage":"gl-ES","@id":"https:\/\/www.anovapeneira.gal\/#\/schema\/logo\/image\/","url":"http:\/\/www.anovapeneira.gal\/wp-content\/uploads\/2019\/06\/logo_a_nova_peneira_portal_web.png","contentUrl":"http:\/\/www.anovapeneira.gal\/wp-content\/uploads\/2019\/06\/logo_a_nova_peneira_portal_web.png","width":300,"height":100,"caption":"A Nova Peneira"},"image":{"@id":"https:\/\/www.anovapeneira.gal\/#\/schema\/logo\/image\/"},"sameAs":["https:\/\/www.facebook.com\/anovapeneira","https:\/\/x.com\/APeneira"]},{"@type":"Person","@id":"https:\/\/www.anovapeneira.gal\/#\/schema\/person\/b93e3f8932e3f8da96334607eb6ac6aa","name":"Redacci\u00f3n A Nova Peneira","image":{"@type":"ImageObject","inLanguage":"gl-ES","@id":"https:\/\/secure.gravatar.com\/avatar\/c052a2551a06e23fac63626232eaa90abd78dbcf1700fc46a2b2c89fd27b735f?s=96&d=mm&r=g","url":"https:\/\/secure.gravatar.com\/avatar\/c052a2551a06e23fac63626232eaa90abd78dbcf1700fc46a2b2c89fd27b735f?s=96&d=mm&r=g","contentUrl":"https:\/\/secure.gravatar.com\/avatar\/c052a2551a06e23fac63626232eaa90abd78dbcf1700fc46a2b2c89fd27b735f?s=96&d=mm&r=g","caption":"Redacci\u00f3n A Nova Peneira"},"sameAs":["http:\/\/www.anovapeneira.gal\/"],"url":"https:\/\/www.anovapeneira.gal\/index.php\/author\/redactor\/"}]}},"jetpack_featured_media_url":"https:\/\/www.anovapeneira.gal\/wp-content\/uploads\/2023\/09\/carlos_riveiro.jpg","_links":{"self":[{"href":"https:\/\/www.anovapeneira.gal\/index.php\/wp-json\/wp\/v2\/posts\/10383","targetHints":{"allow":["GET"]}}],"collection":[{"href":"https:\/\/www.anovapeneira.gal\/index.php\/wp-json\/wp\/v2\/posts"}],"about":[{"href":"https:\/\/www.anovapeneira.gal\/index.php\/wp-json\/wp\/v2\/types\/post"}],"author":[{"embeddable":true,"href":"https:\/\/www.anovapeneira.gal\/index.php\/wp-json\/wp\/v2\/users\/3"}],"replies":[{"embeddable":true,"href":"https:\/\/www.anovapeneira.gal\/index.php\/wp-json\/wp\/v2\/comments?post=10383"}],"version-history":[{"count":1,"href":"https:\/\/www.anovapeneira.gal\/index.php\/wp-json\/wp\/v2\/posts\/10383\/revisions"}],"predecessor-version":[{"id":10384,"href":"https:\/\/www.anovapeneira.gal\/index.php\/wp-json\/wp\/v2\/posts\/10383\/revisions\/10384"}],"wp:featuredmedia":[{"embeddable":true,"href":"https:\/\/www.anovapeneira.gal\/index.php\/wp-json\/wp\/v2\/media\/10385"}],"wp:attachment":[{"href":"https:\/\/www.anovapeneira.gal\/index.php\/wp-json\/wp\/v2\/media?parent=10383"}],"wp:term":[{"taxonomy":"category","embeddable":true,"href":"https:\/\/www.anovapeneira.gal\/index.php\/wp-json\/wp\/v2\/categories?post=10383"},{"taxonomy":"post_tag","embeddable":true,"href":"https:\/\/www.anovapeneira.gal\/index.php\/wp-json\/wp\/v2\/tags?post=10383"}],"curies":[{"name":"wp","href":"https:\/\/api.w.org\/{rel}","templated":true}]}}