{"id":10386,"date":"2023-09-08T10:00:14","date_gmt":"2023-09-08T08:00:14","guid":{"rendered":"https:\/\/www.anovapeneira.gal\/?p=10386"},"modified":"2023-09-06T21:30:49","modified_gmt":"2023-09-06T19:30:49","slug":"o-bng-insta-a-xunta-e-concello-a-garantir-con-urxencia-o-servizo-de-comedor-para-o-cra-antia-cal-de-gondomar","status":"publish","type":"post","link":"https:\/\/www.anovapeneira.gal\/index.php\/2023\/09\/08\/o-bng-insta-a-xunta-e-concello-a-garantir-con-urxencia-o-servizo-de-comedor-para-o-cra-antia-cal-de-gondomar\/","title":{"rendered":"O BNG insta a Xunta e Concello a garantir, con urxencia, o servizo de comedor para o CRA Ant\u00eda Cal de Gondomar"},"content":{"rendered":"\n<p>O goberno da Xunta volve ignorar \u00e1s familias do alumnado de infantil do colexio rural: nin lles d\u00e1 o servizo para as crianzas, nin facilita que poida prestalo o Concello. O goberno local incumpre as promesas electorais e traslada \u00e1s familias que a soluci\u00f3n vai para longo.<\/p>\n\n\n\n<p><strong>Manuela Rodr\u00edguez:<\/strong> \u201cA dez d\u00edas do inicio de curso, nin est\u00e1 garantido o servizo de comedor para o colexio rural nin est\u00e1 rematado o arranxo da s\u00faa aula de Couso. Xunta e Concello volven desatender as s\u00faas competencias e deixan tiradas as familias\u201d<\/p>\n\n\n\n<p><strong>Gondomar, 1 de setembro de 2023.-<\/strong> O BNG insta a Xunta e Concello a garantir, con urxencia, o servizo de comedor para o CRA Ant\u00eda Cal de Gondomar. O goberno da Xunta volve ignorar \u00e1s familias do alumnado de infantil do colexio rural: nin lles d\u00e1 o servizo para as crianzas, nin facilita que poida prestalo o Concello. O goberno local incumpre as promesas electorais e traslada \u00e1s familias que a soluci\u00f3n vai para longo.<\/p>\n\n\n\n<p>\u201cA dez d\u00edas do inicio de curso, nin est\u00e1 garantido o servizo de comedor para o colexio rural nin est\u00e1 rematado o arranxo da s\u00faa aula de Couso. Xunta e Concello volven desatender as s\u00faas competencias e deixan tiradas as familias\u201d, denuncia a Portavoz Municipal do BNG, Manuela Rodr\u00edguez.<\/p>\n\n\n\n<p><strong>A Xunta do PP ignora \u00e1s familias<\/strong><\/p>\n\n\n\n<p>Malia que a competencia de prestaci\u00f3n do servizo de comedores escolares lle corresponde \u00e1 Xunta de Galiza, segundo fontes municipais a administraci\u00f3n educativa galega n\u00e9gase a se po\u00f1er en contacto co goberno local de Gondomar para dar soluci\u00f3n \u00e1s familias do alumnado do CRA Ant\u00eda Cal.<\/p>\n\n\n\n<p>As\u00ed, en marzo deste ano, durante unha concentraci\u00f3n das familias para demandar o comedor, o Alcalde manifestoulles que levaban dende novembro de 2022 agardando pola resposta da Xunta. E na reuni\u00f3n mantida coas familias o pasado mes de agosto, desde o goberno local afirman que seguen sen reposta da Xunta.<\/p>\n\n\n\n<p>E vergo\u00f1ento que, malia o Decreto da Xunta de Galiza polo que se regulan os comedores escolares recolla que a administraci\u00f3n educativa debe potenciar que os centros ofrezan servizos complementarios, como o comedor escolar, co fin de atender as novas demandas sociais\u2019, tam\u00e9n aquelas que constit\u00faen un \u2018importante instrumento para a conciliaci\u00f3n da vida laboral e familiar\u2019, a Consellar\u00eda de Educaci\u00f3n decida abandonar \u00e1s familias.<\/p>\n\n\n\n<p><strong>O goberno local do PSOE tampouco cumpre a s\u00faa palabra<\/strong><\/p>\n\n\n\n<p>No mes de abril, en plena pre-campa\u00f1a das elecci\u00f3ns municipais, Paco Ferreira afirmou nos medios de comunicaci\u00f3n que o Concello preparaba un comedor escolar para o CRA , na vivenda anexa \u00e1 aula de Peitieiros, e declaraba que \u2018as obras poder\u00edan executarse en dous meses, durante o ver\u00e1n\u2019. A\u00ednda que o daquela candidato a alcalde afirmaba que a intenci\u00f3n era asinar <strong>un convenio coa Conseller\u00eda de Educaci\u00f3n para a axuda econ\u00f3mica para as obras e para xesti\u00f3n do servizo de comedor a trav\u00e9s do catering, tam\u00e9n<\/strong> recalcaba que \u2018se a Xunta non arrima o ombro, o Concello asumir\u00e1 o proxecto\u2019. \u201cMais todo quedou en promesas electorais\u201d, lamenta Rodr\u00edguez.<\/p>\n\n\n\n<p>Por outro lado, o goberno local tampouco cumpriu o seu compromiso de arranxar a aula de Couso antes do inicio de curso. As\u00ed, a d\u00eda de onte estaba a\u00ednda pola metade a substituci\u00f3n do chan da aula de clase e a\u00ednda non hai data prevista para acometer o arranxo da aula denominada \u2018de movemento\u2019 nin da entrada.<\/p>\n\n\n\n<p><strong>Posici\u00f3n e acci\u00f3ns do BNG<\/strong><\/p>\n\n\n\n<p>O BNG seguir\u00e1 a loitar para frear o intento da Xunta do Partido Popular de acabar cos colexios rurais agrupados e a derivaci\u00f3n do alumnado de educaci\u00f3n infantil desas aulas parroquiais a colexios de primaria, e seguir\u00e1 a defender non s\u00f3 a restituci\u00f3n do servizo na aula de Peitieiros e a ampliaci\u00f3n do mesmo as aulas das parroquias de Cha\u00edn, Couso, Morgad\u00e1ns e Vilaza, sen\u00f3n tam\u00e9n a pervivencia do propio CRA. As\u00ed mesmo, manter\u00e1 a demanda das aulas matinais en todos os centros educativos como outro servizo esencial para a conciliaci\u00f3n.<\/p>\n\n\n\n<p>E por iso que, ademais dunha iniciativa parlamentar para \u201cesixir o mantemento do servizo de comedor dun goberno galego que deserta das s\u00faas competencias\u201d, presentar\u00e1 unha iniciativa a nivel municipal para \u201cesixir medidas dun goberno local que nin lle planta cara \u00e1 Xunta nin mostra capacidade de dar soluci\u00f3ns propias\u201d, indica a edil nacionalista.<\/p>\n\n\n\n<figure class=\"wp-block-video\"><video controls src=\"https:\/\/www.anovapeneira.gal\/wp-content\/uploads\/2023\/09\/WhatsApp-Audio-2023-09-02-at-13.06.22.mp4\"><\/video><\/figure>\n","protected":false},"excerpt":{"rendered":"<div class=\"mh-excerpt\"><p>O goberno da Xunta volve ignorar \u00e1s familias do alumnado de infantil do colexio rural: nin lles d\u00e1 o servizo para as crianzas, nin facilita que poida prestalo o Concello. O goberno local incumpre as promesas electorais e traslada \u00e1s familias que a soluci\u00f3n vai para longo <a class=\"mh-excerpt-more\" href=\"https:\/\/www.anovapeneira.gal\/index.php\/2023\/09\/08\/o-bng-insta-a-xunta-e-concello-a-garantir-con-urxencia-o-servizo-de-comedor-para-o-cra-antia-cal-de-gondomar\/\" title=\"O BNG insta a Xunta e Concello a garantir, con urxencia, o servizo de comedor para o CRA Ant\u00eda Cal de Gondomar\">[&#8230;]<\/a><\/p>\n<\/div>","protected":false},"author":3,"featured_media":10388,"comment_status":"open","ping_status":"open","sticky":false,"template":"","format":"standard","meta":{"_exactmetrics_skip_tracking":false,"_exactmetrics_sitenote_active":false,"_exactmetrics_sitenote_note":"","_exactmetrics_sitenote_category":0,"footnotes":""},"categories":[20],"tags":[149],"class_list":{"0":"post-10386","1":"post","2":"type-post","3":"status-publish","4":"format-standard","5":"has-post-thumbnail","7":"category-val-minor","8":"tag-concello-de-gondomar"},"yoast_head":"<!-- This site is optimized with the Yoast SEO plugin v27.4 - https:\/\/yoast.com\/product\/yoast-seo-wordpress\/ -->\n<title>O BNG insta a Xunta e Concello a garantir, con urxencia, o servizo de comedor para o CRA Ant\u00eda Cal de Gondomar -<\/title>\n<meta name=\"description\" content=\"O goberno da Xunta volve ignorar \u00e1s familias do alumnado de infantil do colexio rural: nin lles d\u00e1 o servizo para as crianzas, nin facilita que poida prestalo o Concello. O goberno local incumpre as promesas electorais e traslada \u00e1s familias que a soluci\u00f3n vai para longo\" \/>\n<meta name=\"robots\" content=\"index, follow, max-snippet:-1, max-image-preview:large, max-video-preview:-1\" \/>\n<link rel=\"canonical\" href=\"https:\/\/www.anovapeneira.gal\/index.php\/2023\/09\/08\/o-bng-insta-a-xunta-e-concello-a-garantir-con-urxencia-o-servizo-de-comedor-para-o-cra-antia-cal-de-gondomar\/\" \/>\n<meta property=\"og:locale\" content=\"gl_ES\" \/>\n<meta property=\"og:type\" content=\"article\" \/>\n<meta property=\"og:title\" content=\"O BNG insta a Xunta e Concello a garantir, con urxencia, o servizo de comedor para o CRA Ant\u00eda Cal de Gondomar -\" \/>\n<meta property=\"og:description\" content=\"O goberno da Xunta volve ignorar \u00e1s familias do alumnado de infantil do colexio rural: nin lles d\u00e1 o servizo para as crianzas, nin facilita que poida prestalo o Concello. O goberno local incumpre as promesas electorais e traslada \u00e1s familias que a soluci\u00f3n vai para longo\" \/>\n<meta property=\"og:url\" content=\"https:\/\/www.anovapeneira.gal\/index.php\/2023\/09\/08\/o-bng-insta-a-xunta-e-concello-a-garantir-con-urxencia-o-servizo-de-comedor-para-o-cra-antia-cal-de-gondomar\/\" \/>\n<meta property=\"article:publisher\" content=\"https:\/\/www.facebook.com\/anovapeneira\" \/>\n<meta property=\"article:published_time\" content=\"2023-09-08T08:00:14+00:00\" \/>\n<meta property=\"og:image\" content=\"https:\/\/www.anovapeneira.gal\/wp-content\/uploads\/2023\/09\/ManuelaRguezPumarBNGGondomar.jpg\" \/>\n\t<meta property=\"og:image:width\" content=\"720\" \/>\n\t<meta property=\"og:image:height\" content=\"432\" \/>\n\t<meta property=\"og:image:type\" content=\"image\/jpeg\" \/>\n<meta name=\"author\" content=\"Redacci\u00f3n A Nova Peneira\" \/>\n<meta name=\"twitter:card\" content=\"summary_large_image\" \/>\n<meta name=\"twitter:creator\" content=\"@APeneira\" \/>\n<meta name=\"twitter:site\" content=\"@APeneira\" \/>\n<meta name=\"twitter:label1\" content=\"Escrito por\" \/>\n\t<meta name=\"twitter:data1\" content=\"Redacci\u00f3n A Nova Peneira\" \/>\n\t<meta name=\"twitter:label2\" content=\"Tempo de lectura\" \/>\n\t<meta name=\"twitter:data2\" content=\"4 minutos\" \/>\n<script type=\"application\/ld+json\" class=\"yoast-schema-graph\">{\"@context\":\"https:\\\/\\\/schema.org\",\"@graph\":[{\"@type\":\"Article\",\"@id\":\"https:\\\/\\\/www.anovapeneira.gal\\\/index.php\\\/2023\\\/09\\\/08\\\/o-bng-insta-a-xunta-e-concello-a-garantir-con-urxencia-o-servizo-de-comedor-para-o-cra-antia-cal-de-gondomar\\\/#article\",\"isPartOf\":{\"@id\":\"https:\\\/\\\/www.anovapeneira.gal\\\/index.php\\\/2023\\\/09\\\/08\\\/o-bng-insta-a-xunta-e-concello-a-garantir-con-urxencia-o-servizo-de-comedor-para-o-cra-antia-cal-de-gondomar\\\/\"},\"author\":{\"name\":\"Redacci\u00f3n A Nova Peneira\",\"@id\":\"https:\\\/\\\/www.anovapeneira.gal\\\/#\\\/schema\\\/person\\\/b93e3f8932e3f8da96334607eb6ac6aa\"},\"headline\":\"O BNG insta a Xunta e Concello a garantir, con urxencia, o servizo de comedor para o CRA Ant\u00eda Cal de Gondomar\",\"datePublished\":\"2023-09-08T08:00:14+00:00\",\"mainEntityOfPage\":{\"@id\":\"https:\\\/\\\/www.anovapeneira.gal\\\/index.php\\\/2023\\\/09\\\/08\\\/o-bng-insta-a-xunta-e-concello-a-garantir-con-urxencia-o-servizo-de-comedor-para-o-cra-antia-cal-de-gondomar\\\/\"},\"wordCount\":782,\"commentCount\":0,\"publisher\":{\"@id\":\"https:\\\/\\\/www.anovapeneira.gal\\\/#organization\"},\"image\":{\"@id\":\"https:\\\/\\\/www.anovapeneira.gal\\\/index.php\\\/2023\\\/09\\\/08\\\/o-bng-insta-a-xunta-e-concello-a-garantir-con-urxencia-o-servizo-de-comedor-para-o-cra-antia-cal-de-gondomar\\\/#primaryimage\"},\"thumbnailUrl\":\"https:\\\/\\\/www.anovapeneira.gal\\\/wp-content\\\/uploads\\\/2023\\\/09\\\/ManuelaRguezPumarBNGGondomar.jpg\",\"keywords\":[\"Concello de Gondomar\"],\"articleSection\":[\"Val Mi\u00f1or\"],\"inLanguage\":\"gl-ES\",\"potentialAction\":[{\"@type\":\"CommentAction\",\"name\":\"Comment\",\"target\":[\"https:\\\/\\\/www.anovapeneira.gal\\\/index.php\\\/2023\\\/09\\\/08\\\/o-bng-insta-a-xunta-e-concello-a-garantir-con-urxencia-o-servizo-de-comedor-para-o-cra-antia-cal-de-gondomar\\\/#respond\"]}]},{\"@type\":\"WebPage\",\"@id\":\"https:\\\/\\\/www.anovapeneira.gal\\\/index.php\\\/2023\\\/09\\\/08\\\/o-bng-insta-a-xunta-e-concello-a-garantir-con-urxencia-o-servizo-de-comedor-para-o-cra-antia-cal-de-gondomar\\\/\",\"url\":\"https:\\\/\\\/www.anovapeneira.gal\\\/index.php\\\/2023\\\/09\\\/08\\\/o-bng-insta-a-xunta-e-concello-a-garantir-con-urxencia-o-servizo-de-comedor-para-o-cra-antia-cal-de-gondomar\\\/\",\"name\":\"O BNG insta a Xunta e Concello a garantir, con urxencia, o servizo de comedor para o CRA Ant\u00eda Cal de Gondomar -\",\"isPartOf\":{\"@id\":\"https:\\\/\\\/www.anovapeneira.gal\\\/#website\"},\"primaryImageOfPage\":{\"@id\":\"https:\\\/\\\/www.anovapeneira.gal\\\/index.php\\\/2023\\\/09\\\/08\\\/o-bng-insta-a-xunta-e-concello-a-garantir-con-urxencia-o-servizo-de-comedor-para-o-cra-antia-cal-de-gondomar\\\/#primaryimage\"},\"image\":{\"@id\":\"https:\\\/\\\/www.anovapeneira.gal\\\/index.php\\\/2023\\\/09\\\/08\\\/o-bng-insta-a-xunta-e-concello-a-garantir-con-urxencia-o-servizo-de-comedor-para-o-cra-antia-cal-de-gondomar\\\/#primaryimage\"},\"thumbnailUrl\":\"https:\\\/\\\/www.anovapeneira.gal\\\/wp-content\\\/uploads\\\/2023\\\/09\\\/ManuelaRguezPumarBNGGondomar.jpg\",\"datePublished\":\"2023-09-08T08:00:14+00:00\",\"description\":\"O goberno da Xunta volve ignorar \u00e1s familias do alumnado de infantil do colexio rural: nin lles d\u00e1 o servizo para as crianzas, nin facilita que poida prestalo o Concello. O goberno local incumpre as promesas electorais e traslada \u00e1s familias que a soluci\u00f3n vai para longo\",\"breadcrumb\":{\"@id\":\"https:\\\/\\\/www.anovapeneira.gal\\\/index.php\\\/2023\\\/09\\\/08\\\/o-bng-insta-a-xunta-e-concello-a-garantir-con-urxencia-o-servizo-de-comedor-para-o-cra-antia-cal-de-gondomar\\\/#breadcrumb\"},\"inLanguage\":\"gl-ES\",\"potentialAction\":[{\"@type\":\"ReadAction\",\"target\":[\"https:\\\/\\\/www.anovapeneira.gal\\\/index.php\\\/2023\\\/09\\\/08\\\/o-bng-insta-a-xunta-e-concello-a-garantir-con-urxencia-o-servizo-de-comedor-para-o-cra-antia-cal-de-gondomar\\\/\"]}]},{\"@type\":\"ImageObject\",\"inLanguage\":\"gl-ES\",\"@id\":\"https:\\\/\\\/www.anovapeneira.gal\\\/index.php\\\/2023\\\/09\\\/08\\\/o-bng-insta-a-xunta-e-concello-a-garantir-con-urxencia-o-servizo-de-comedor-para-o-cra-antia-cal-de-gondomar\\\/#primaryimage\",\"url\":\"https:\\\/\\\/www.anovapeneira.gal\\\/wp-content\\\/uploads\\\/2023\\\/09\\\/ManuelaRguezPumarBNGGondomar.jpg\",\"contentUrl\":\"https:\\\/\\\/www.anovapeneira.gal\\\/wp-content\\\/uploads\\\/2023\\\/09\\\/ManuelaRguezPumarBNGGondomar.jpg\",\"width\":720,\"height\":432,\"caption\":\"Manuela Rodr\u00edguez Pumar BNG Gondomar\"},{\"@type\":\"BreadcrumbList\",\"@id\":\"https:\\\/\\\/www.anovapeneira.gal\\\/index.php\\\/2023\\\/09\\\/08\\\/o-bng-insta-a-xunta-e-concello-a-garantir-con-urxencia-o-servizo-de-comedor-para-o-cra-antia-cal-de-gondomar\\\/#breadcrumb\",\"itemListElement\":[{\"@type\":\"ListItem\",\"position\":1,\"name\":\"Portada\",\"item\":\"https:\\\/\\\/www.anovapeneira.gal\\\/\"},{\"@type\":\"ListItem\",\"position\":2,\"name\":\"O BNG insta a Xunta e Concello a garantir, con urxencia, o servizo de comedor para o CRA Ant\u00eda Cal de Gondomar\"}]},{\"@type\":\"WebSite\",\"@id\":\"https:\\\/\\\/www.anovapeneira.gal\\\/#website\",\"url\":\"https:\\\/\\\/www.anovapeneira.gal\\\/\",\"name\":\"\",\"description\":\"Xornal galego de informaci\u00f3n xeral Publicaci\u00f3n mensual de novas de Galicia e en especial dos Concellos da sur da provincia de Pontevedra.\",\"publisher\":{\"@id\":\"https:\\\/\\\/www.anovapeneira.gal\\\/#organization\"},\"potentialAction\":[{\"@type\":\"SearchAction\",\"target\":{\"@type\":\"EntryPoint\",\"urlTemplate\":\"https:\\\/\\\/www.anovapeneira.gal\\\/?s={search_term_string}\"},\"query-input\":{\"@type\":\"PropertyValueSpecification\",\"valueRequired\":true,\"valueName\":\"search_term_string\"}}],\"inLanguage\":\"gl-ES\"},{\"@type\":\"Organization\",\"@id\":\"https:\\\/\\\/www.anovapeneira.gal\\\/#organization\",\"name\":\"A Nova Peneira\",\"url\":\"https:\\\/\\\/www.anovapeneira.gal\\\/\",\"logo\":{\"@type\":\"ImageObject\",\"inLanguage\":\"gl-ES\",\"@id\":\"https:\\\/\\\/www.anovapeneira.gal\\\/#\\\/schema\\\/logo\\\/image\\\/\",\"url\":\"http:\\\/\\\/www.anovapeneira.gal\\\/wp-content\\\/uploads\\\/2019\\\/06\\\/logo_a_nova_peneira_portal_web.png\",\"contentUrl\":\"http:\\\/\\\/www.anovapeneira.gal\\\/wp-content\\\/uploads\\\/2019\\\/06\\\/logo_a_nova_peneira_portal_web.png\",\"width\":300,\"height\":100,\"caption\":\"A Nova Peneira\"},\"image\":{\"@id\":\"https:\\\/\\\/www.anovapeneira.gal\\\/#\\\/schema\\\/logo\\\/image\\\/\"},\"sameAs\":[\"https:\\\/\\\/www.facebook.com\\\/anovapeneira\",\"https:\\\/\\\/x.com\\\/APeneira\"]},{\"@type\":\"Person\",\"@id\":\"https:\\\/\\\/www.anovapeneira.gal\\\/#\\\/schema\\\/person\\\/b93e3f8932e3f8da96334607eb6ac6aa\",\"name\":\"Redacci\u00f3n A Nova Peneira\",\"image\":{\"@type\":\"ImageObject\",\"inLanguage\":\"gl-ES\",\"@id\":\"https:\\\/\\\/secure.gravatar.com\\\/avatar\\\/c052a2551a06e23fac63626232eaa90abd78dbcf1700fc46a2b2c89fd27b735f?s=96&d=mm&r=g\",\"url\":\"https:\\\/\\\/secure.gravatar.com\\\/avatar\\\/c052a2551a06e23fac63626232eaa90abd78dbcf1700fc46a2b2c89fd27b735f?s=96&d=mm&r=g\",\"contentUrl\":\"https:\\\/\\\/secure.gravatar.com\\\/avatar\\\/c052a2551a06e23fac63626232eaa90abd78dbcf1700fc46a2b2c89fd27b735f?s=96&d=mm&r=g\",\"caption\":\"Redacci\u00f3n A Nova Peneira\"},\"sameAs\":[\"http:\\\/\\\/www.anovapeneira.gal\\\/\"],\"url\":\"https:\\\/\\\/www.anovapeneira.gal\\\/index.php\\\/author\\\/redactor\\\/\"}]}<\/script>\n<!-- \/ Yoast SEO plugin. -->","yoast_head_json":{"title":"O BNG insta a Xunta e Concello a garantir, con urxencia, o servizo de comedor para o CRA Ant\u00eda Cal de Gondomar -","description":"O goberno da Xunta volve ignorar \u00e1s familias do alumnado de infantil do colexio rural: nin lles d\u00e1 o servizo para as crianzas, nin facilita que poida prestalo o Concello. O goberno local incumpre as promesas electorais e traslada \u00e1s familias que a soluci\u00f3n vai para longo","robots":{"index":"index","follow":"follow","max-snippet":"max-snippet:-1","max-image-preview":"max-image-preview:large","max-video-preview":"max-video-preview:-1"},"canonical":"https:\/\/www.anovapeneira.gal\/index.php\/2023\/09\/08\/o-bng-insta-a-xunta-e-concello-a-garantir-con-urxencia-o-servizo-de-comedor-para-o-cra-antia-cal-de-gondomar\/","og_locale":"gl_ES","og_type":"article","og_title":"O BNG insta a Xunta e Concello a garantir, con urxencia, o servizo de comedor para o CRA Ant\u00eda Cal de Gondomar -","og_description":"O goberno da Xunta volve ignorar \u00e1s familias do alumnado de infantil do colexio rural: nin lles d\u00e1 o servizo para as crianzas, nin facilita que poida prestalo o Concello. O goberno local incumpre as promesas electorais e traslada \u00e1s familias que a soluci\u00f3n vai para longo","og_url":"https:\/\/www.anovapeneira.gal\/index.php\/2023\/09\/08\/o-bng-insta-a-xunta-e-concello-a-garantir-con-urxencia-o-servizo-de-comedor-para-o-cra-antia-cal-de-gondomar\/","article_publisher":"https:\/\/www.facebook.com\/anovapeneira","article_published_time":"2023-09-08T08:00:14+00:00","og_image":[{"width":720,"height":432,"url":"https:\/\/www.anovapeneira.gal\/wp-content\/uploads\/2023\/09\/ManuelaRguezPumarBNGGondomar.jpg","type":"image\/jpeg"}],"author":"Redacci\u00f3n A Nova Peneira","twitter_card":"summary_large_image","twitter_creator":"@APeneira","twitter_site":"@APeneira","twitter_misc":{"Escrito por":"Redacci\u00f3n A Nova Peneira","Tempo de lectura":"4 minutos"},"schema":{"@context":"https:\/\/schema.org","@graph":[{"@type":"Article","@id":"https:\/\/www.anovapeneira.gal\/index.php\/2023\/09\/08\/o-bng-insta-a-xunta-e-concello-a-garantir-con-urxencia-o-servizo-de-comedor-para-o-cra-antia-cal-de-gondomar\/#article","isPartOf":{"@id":"https:\/\/www.anovapeneira.gal\/index.php\/2023\/09\/08\/o-bng-insta-a-xunta-e-concello-a-garantir-con-urxencia-o-servizo-de-comedor-para-o-cra-antia-cal-de-gondomar\/"},"author":{"name":"Redacci\u00f3n A Nova Peneira","@id":"https:\/\/www.anovapeneira.gal\/#\/schema\/person\/b93e3f8932e3f8da96334607eb6ac6aa"},"headline":"O BNG insta a Xunta e Concello a garantir, con urxencia, o servizo de comedor para o CRA Ant\u00eda Cal de Gondomar","datePublished":"2023-09-08T08:00:14+00:00","mainEntityOfPage":{"@id":"https:\/\/www.anovapeneira.gal\/index.php\/2023\/09\/08\/o-bng-insta-a-xunta-e-concello-a-garantir-con-urxencia-o-servizo-de-comedor-para-o-cra-antia-cal-de-gondomar\/"},"wordCount":782,"commentCount":0,"publisher":{"@id":"https:\/\/www.anovapeneira.gal\/#organization"},"image":{"@id":"https:\/\/www.anovapeneira.gal\/index.php\/2023\/09\/08\/o-bng-insta-a-xunta-e-concello-a-garantir-con-urxencia-o-servizo-de-comedor-para-o-cra-antia-cal-de-gondomar\/#primaryimage"},"thumbnailUrl":"https:\/\/www.anovapeneira.gal\/wp-content\/uploads\/2023\/09\/ManuelaRguezPumarBNGGondomar.jpg","keywords":["Concello de Gondomar"],"articleSection":["Val Mi\u00f1or"],"inLanguage":"gl-ES","potentialAction":[{"@type":"CommentAction","name":"Comment","target":["https:\/\/www.anovapeneira.gal\/index.php\/2023\/09\/08\/o-bng-insta-a-xunta-e-concello-a-garantir-con-urxencia-o-servizo-de-comedor-para-o-cra-antia-cal-de-gondomar\/#respond"]}]},{"@type":"WebPage","@id":"https:\/\/www.anovapeneira.gal\/index.php\/2023\/09\/08\/o-bng-insta-a-xunta-e-concello-a-garantir-con-urxencia-o-servizo-de-comedor-para-o-cra-antia-cal-de-gondomar\/","url":"https:\/\/www.anovapeneira.gal\/index.php\/2023\/09\/08\/o-bng-insta-a-xunta-e-concello-a-garantir-con-urxencia-o-servizo-de-comedor-para-o-cra-antia-cal-de-gondomar\/","name":"O BNG insta a Xunta e Concello a garantir, con urxencia, o servizo de comedor para o CRA Ant\u00eda Cal de Gondomar -","isPartOf":{"@id":"https:\/\/www.anovapeneira.gal\/#website"},"primaryImageOfPage":{"@id":"https:\/\/www.anovapeneira.gal\/index.php\/2023\/09\/08\/o-bng-insta-a-xunta-e-concello-a-garantir-con-urxencia-o-servizo-de-comedor-para-o-cra-antia-cal-de-gondomar\/#primaryimage"},"image":{"@id":"https:\/\/www.anovapeneira.gal\/index.php\/2023\/09\/08\/o-bng-insta-a-xunta-e-concello-a-garantir-con-urxencia-o-servizo-de-comedor-para-o-cra-antia-cal-de-gondomar\/#primaryimage"},"thumbnailUrl":"https:\/\/www.anovapeneira.gal\/wp-content\/uploads\/2023\/09\/ManuelaRguezPumarBNGGondomar.jpg","datePublished":"2023-09-08T08:00:14+00:00","description":"O goberno da Xunta volve ignorar \u00e1s familias do alumnado de infantil do colexio rural: nin lles d\u00e1 o servizo para as crianzas, nin facilita que poida prestalo o Concello. O goberno local incumpre as promesas electorais e traslada \u00e1s familias que a soluci\u00f3n vai para longo","breadcrumb":{"@id":"https:\/\/www.anovapeneira.gal\/index.php\/2023\/09\/08\/o-bng-insta-a-xunta-e-concello-a-garantir-con-urxencia-o-servizo-de-comedor-para-o-cra-antia-cal-de-gondomar\/#breadcrumb"},"inLanguage":"gl-ES","potentialAction":[{"@type":"ReadAction","target":["https:\/\/www.anovapeneira.gal\/index.php\/2023\/09\/08\/o-bng-insta-a-xunta-e-concello-a-garantir-con-urxencia-o-servizo-de-comedor-para-o-cra-antia-cal-de-gondomar\/"]}]},{"@type":"ImageObject","inLanguage":"gl-ES","@id":"https:\/\/www.anovapeneira.gal\/index.php\/2023\/09\/08\/o-bng-insta-a-xunta-e-concello-a-garantir-con-urxencia-o-servizo-de-comedor-para-o-cra-antia-cal-de-gondomar\/#primaryimage","url":"https:\/\/www.anovapeneira.gal\/wp-content\/uploads\/2023\/09\/ManuelaRguezPumarBNGGondomar.jpg","contentUrl":"https:\/\/www.anovapeneira.gal\/wp-content\/uploads\/2023\/09\/ManuelaRguezPumarBNGGondomar.jpg","width":720,"height":432,"caption":"Manuela Rodr\u00edguez Pumar BNG Gondomar"},{"@type":"BreadcrumbList","@id":"https:\/\/www.anovapeneira.gal\/index.php\/2023\/09\/08\/o-bng-insta-a-xunta-e-concello-a-garantir-con-urxencia-o-servizo-de-comedor-para-o-cra-antia-cal-de-gondomar\/#breadcrumb","itemListElement":[{"@type":"ListItem","position":1,"name":"Portada","item":"https:\/\/www.anovapeneira.gal\/"},{"@type":"ListItem","position":2,"name":"O BNG insta a Xunta e Concello a garantir, con urxencia, o servizo de comedor para o CRA Ant\u00eda Cal de Gondomar"}]},{"@type":"WebSite","@id":"https:\/\/www.anovapeneira.gal\/#website","url":"https:\/\/www.anovapeneira.gal\/","name":"","description":"Xornal galego de informaci\u00f3n xeral Publicaci\u00f3n mensual de novas de Galicia e en especial dos Concellos da sur da provincia de Pontevedra.","publisher":{"@id":"https:\/\/www.anovapeneira.gal\/#organization"},"potentialAction":[{"@type":"SearchAction","target":{"@type":"EntryPoint","urlTemplate":"https:\/\/www.anovapeneira.gal\/?s={search_term_string}"},"query-input":{"@type":"PropertyValueSpecification","valueRequired":true,"valueName":"search_term_string"}}],"inLanguage":"gl-ES"},{"@type":"Organization","@id":"https:\/\/www.anovapeneira.gal\/#organization","name":"A Nova Peneira","url":"https:\/\/www.anovapeneira.gal\/","logo":{"@type":"ImageObject","inLanguage":"gl-ES","@id":"https:\/\/www.anovapeneira.gal\/#\/schema\/logo\/image\/","url":"http:\/\/www.anovapeneira.gal\/wp-content\/uploads\/2019\/06\/logo_a_nova_peneira_portal_web.png","contentUrl":"http:\/\/www.anovapeneira.gal\/wp-content\/uploads\/2019\/06\/logo_a_nova_peneira_portal_web.png","width":300,"height":100,"caption":"A Nova Peneira"},"image":{"@id":"https:\/\/www.anovapeneira.gal\/#\/schema\/logo\/image\/"},"sameAs":["https:\/\/www.facebook.com\/anovapeneira","https:\/\/x.com\/APeneira"]},{"@type":"Person","@id":"https:\/\/www.anovapeneira.gal\/#\/schema\/person\/b93e3f8932e3f8da96334607eb6ac6aa","name":"Redacci\u00f3n A Nova Peneira","image":{"@type":"ImageObject","inLanguage":"gl-ES","@id":"https:\/\/secure.gravatar.com\/avatar\/c052a2551a06e23fac63626232eaa90abd78dbcf1700fc46a2b2c89fd27b735f?s=96&d=mm&r=g","url":"https:\/\/secure.gravatar.com\/avatar\/c052a2551a06e23fac63626232eaa90abd78dbcf1700fc46a2b2c89fd27b735f?s=96&d=mm&r=g","contentUrl":"https:\/\/secure.gravatar.com\/avatar\/c052a2551a06e23fac63626232eaa90abd78dbcf1700fc46a2b2c89fd27b735f?s=96&d=mm&r=g","caption":"Redacci\u00f3n A Nova Peneira"},"sameAs":["http:\/\/www.anovapeneira.gal\/"],"url":"https:\/\/www.anovapeneira.gal\/index.php\/author\/redactor\/"}]}},"jetpack_featured_media_url":"https:\/\/www.anovapeneira.gal\/wp-content\/uploads\/2023\/09\/ManuelaRguezPumarBNGGondomar.jpg","_links":{"self":[{"href":"https:\/\/www.anovapeneira.gal\/index.php\/wp-json\/wp\/v2\/posts\/10386","targetHints":{"allow":["GET"]}}],"collection":[{"href":"https:\/\/www.anovapeneira.gal\/index.php\/wp-json\/wp\/v2\/posts"}],"about":[{"href":"https:\/\/www.anovapeneira.gal\/index.php\/wp-json\/wp\/v2\/types\/post"}],"author":[{"embeddable":true,"href":"https:\/\/www.anovapeneira.gal\/index.php\/wp-json\/wp\/v2\/users\/3"}],"replies":[{"embeddable":true,"href":"https:\/\/www.anovapeneira.gal\/index.php\/wp-json\/wp\/v2\/comments?post=10386"}],"version-history":[{"count":2,"href":"https:\/\/www.anovapeneira.gal\/index.php\/wp-json\/wp\/v2\/posts\/10386\/revisions"}],"predecessor-version":[{"id":10390,"href":"https:\/\/www.anovapeneira.gal\/index.php\/wp-json\/wp\/v2\/posts\/10386\/revisions\/10390"}],"wp:featuredmedia":[{"embeddable":true,"href":"https:\/\/www.anovapeneira.gal\/index.php\/wp-json\/wp\/v2\/media\/10388"}],"wp:attachment":[{"href":"https:\/\/www.anovapeneira.gal\/index.php\/wp-json\/wp\/v2\/media?parent=10386"}],"wp:term":[{"taxonomy":"category","embeddable":true,"href":"https:\/\/www.anovapeneira.gal\/index.php\/wp-json\/wp\/v2\/categories?post=10386"},{"taxonomy":"post_tag","embeddable":true,"href":"https:\/\/www.anovapeneira.gal\/index.php\/wp-json\/wp\/v2\/tags?post=10386"}],"curies":[{"name":"wp","href":"https:\/\/api.w.org\/{rel}","templated":true}]}}