{"id":10394,"date":"2023-09-11T10:00:36","date_gmt":"2023-09-11T08:00:36","guid":{"rendered":"https:\/\/www.anovapeneira.gal\/?p=10394"},"modified":"2023-09-09T13:41:56","modified_gmt":"2023-09-09T11:41:56","slug":"o-bng-presenta-alegacions-contra-o-pelotazo-especulativo-de-carlos-mourino-no-monte-comun-de-mos","status":"publish","type":"post","link":"https:\/\/www.anovapeneira.gal\/index.php\/2023\/09\/11\/o-bng-presenta-alegacions-contra-o-pelotazo-especulativo-de-carlos-mourino-no-monte-comun-de-mos\/","title":{"rendered":"O BNG presenta alegaci\u00f3ns contra o \u201cpelotazo especulativo\u201d de Carlos Mouri\u00f1o no monte com\u00fan de Mos"},"content":{"rendered":"\n<h2 class=\"wp-block-heading\">A fronte nacionalista rexeita a declaraci\u00f3n de Interese Auton\u00f3mico do proxecto Galicia Sporte 360 polo seu impacto ambiental \u201ccr\u00edtico\u201d en terreos veci\u00f1ais protexidos<\/h2>\n\n\n\n<p>Gustavo Barcia: \u201cA Xunta pretende unha vez m\u00e1is retorcer as leis para favorecer un empresario contra os intereses de toda a veci\u00f1anza de Mos\u201d<\/p>\n\n\n\n<p><strong>Mos, 4 de setembro de 2023<\/strong><\/p>\n\n\n\n<p>O BNG de Mos v\u00e9n de presentar este luns, na delegaci\u00f3n da Xunta de Galiza en Vigo, as s\u00faas contra o \u201cpelotazo especulativo\u201d promovido polo presidente do Real Club Celta no monte com\u00fan de Tameiga. A fronte nacionalista rexeita a pretensi\u00f3n do Goberno galego de declarar este proxecto como de Interese Auton\u00f3mico atendendo ao seu impacto ambiental \u201ccr\u00edtico\u201d sobre a paisaxe, o patrimonio natural e cultural en terreos veci\u00f1ais.<\/p>\n\n\n\n<p>\u201cDende o BNG opo\u00f1\u00e9monos a que a Xunta siga favorecendo a un empresario que busca o seu lucro por riba dos intereses de toda a veci\u00f1anza\u201d, denunciou o portavoz municipal do BNG de Mos, Gustavo Barcia, acompa\u00f1ado pola tam\u00e9n concelleira Sara Samart\u00edn, nun acto conxunto coa Comunidade de Montes de Tameiga, a plataforma a Auga \u00e9 Vida e unha ampla representaci\u00f3n de persoas e entidades afectadas polo proxecto.<\/p>\n\n\n\n<p>O grupo municipal do BNG considera que non existe xustificaci\u00f3n para declarar este proxecto como de interese auton\u00f3mico nin tampouco queda acreditada a necesidade do megacomplexo \u201cm\u00e1is al\u00e1 do interese econ\u00f3mico dos seus promotores por recualificar un solo protexido nunha zona privilexiada\u201d. As\u00ed mesmo, alertan de que situalo nos terreos previstos supor\u00e1 a destruci\u00f3n do monte e dos recursos h\u00eddricos que abastecen a 4 mil veci\u00f1os e veci\u00f1as.<\/p>\n\n\n\n<p>\u201cEste pelotazo non obedece en esencia a intereses auton\u00f3micos, sen\u00f3n que \u00e9 un \u00faltimo e desesperado intento do club e da Administraci\u00f3n galega de lexitimar un proxecto iniciado ao amparo de licenzas urban\u00edsticas ilegais outorgadas polo PP no Concello de Mos, como xa ditaminou a propia xustiza\u201d, critican as nacionalistas nas s\u00faas alegaci\u00f3ns.<\/p>\n\n\n\n<p>Barcia acusou nese sentido \u00e1 Xunta de Galiza de \u201cretorcer m\u00e1is unha vez\u201d a lexislaci\u00f3n para favorecer este megacomplexo, facilitando a trav\u00e9s dun procedemento administrativo irregular unha avaliaci\u00f3n ambiental simplificada. Dende o BNG cuestionan as\u00ed a falla de claridade do proxecto, que non especifica as instalaci\u00f3ns que se van constru\u00edr, cales van ser os usos nin o seu impacto. Afean tam\u00e9n que se ignore a existencia de xacementos arqueol\u00f3xicos na zona afectada, como evidencian os informes da Direcci\u00f3n Xeral de Patrimonio Cultural.<\/p>\n\n\n\n<p>Emprazamentos alternativos<\/p>\n\n\n\n<p>Dende o Bloque subli\u00f1an ademais que o chamado Galicia Sport 360 contrav\u00e9n de forma \u201cclara\u201d a lexislaci\u00f3n en materia de montes, xa que existen localizaci\u00f3ns alternativas como se desprende dos informes dos propios promotores. Espazos inutilizados que son titularidade da Administraci\u00f3n e que, a xu\u00edzo das nacionalistas, ser\u00edan moito m\u00e1is propicios e menos prexudiciais para o medio natural, os recursos e a veci\u00f1anza.<\/p>\n\n\n\n<p>\u201cEste pelotazo atenta gravemente contra os intereses p\u00fablicos e do Concello de Mos, sendo unicamente unha oportunidade de negocio para os propietarios do Real Club Celta\u201d, valorou o portavoz nacionalista, quen afeou que a entidade deportiva leve dende 2017 pretendendo apropiarse destes terreos protexidos, a maior parte deles en mans de comunidades de montes, a un prezo moi inferior ao seu valor de mercado.<\/p>\n","protected":false},"excerpt":{"rendered":"<div class=\"mh-excerpt\"><p>A fronte nacionalista rexeita a declaraci\u00f3n de Interese Auton\u00f3mico do proxecto Galicia Sporte 360 polo seu impacto ambiental \u201ccr\u00edtico\u201d en terreos veci\u00f1ais protexidos <a class=\"mh-excerpt-more\" href=\"https:\/\/www.anovapeneira.gal\/index.php\/2023\/09\/11\/o-bng-presenta-alegacions-contra-o-pelotazo-especulativo-de-carlos-mourino-no-monte-comun-de-mos\/\" title=\"O BNG presenta alegaci\u00f3ns contra o \u201cpelotazo especulativo\u201d de Carlos Mouri\u00f1o no monte com\u00fan de Mos\">[&#8230;]<\/a><\/p>\n<\/div>","protected":false},"author":3,"featured_media":10396,"comment_status":"open","ping_status":"open","sticky":false,"template":"","format":"standard","meta":{"_exactmetrics_skip_tracking":false,"_exactmetrics_sitenote_active":false,"_exactmetrics_sitenote_note":"","_exactmetrics_sitenote_category":0,"footnotes":""},"categories":[23],"tags":[218],"class_list":{"0":"post-10394","1":"post","2":"type-post","3":"status-publish","4":"format-standard","5":"has-post-thumbnail","7":"category-a-lourina","8":"tag-concello-de-mos"},"yoast_head":"<!-- This site is optimized with the Yoast SEO plugin v27.4 - https:\/\/yoast.com\/product\/yoast-seo-wordpress\/ -->\n<title>O BNG presenta alegaci\u00f3ns contra o \u201cpelotazo especulativo\u201d de Carlos Mouri\u00f1o no monte com\u00fan de Mos -<\/title>\n<meta name=\"description\" content=\"A fronte nacionalista rexeita a declaraci\u00f3n de Interese Auton\u00f3mico do proxecto Galicia Sporte 360 polo seu impacto ambiental \u201ccr\u00edtico\u201d en terreos veci\u00f1ais protexidos\" \/>\n<meta name=\"robots\" content=\"index, follow, max-snippet:-1, max-image-preview:large, max-video-preview:-1\" \/>\n<link rel=\"canonical\" href=\"https:\/\/www.anovapeneira.gal\/index.php\/2023\/09\/11\/o-bng-presenta-alegacions-contra-o-pelotazo-especulativo-de-carlos-mourino-no-monte-comun-de-mos\/\" \/>\n<meta property=\"og:locale\" content=\"gl_ES\" \/>\n<meta property=\"og:type\" content=\"article\" \/>\n<meta property=\"og:title\" content=\"O BNG presenta alegaci\u00f3ns contra o \u201cpelotazo especulativo\u201d de Carlos Mouri\u00f1o no monte com\u00fan de Mos -\" \/>\n<meta property=\"og:description\" content=\"A fronte nacionalista rexeita a declaraci\u00f3n de Interese Auton\u00f3mico do proxecto Galicia Sporte 360 polo seu impacto ambiental \u201ccr\u00edtico\u201d en terreos veci\u00f1ais protexidos\" \/>\n<meta property=\"og:url\" content=\"https:\/\/www.anovapeneira.gal\/index.php\/2023\/09\/11\/o-bng-presenta-alegacions-contra-o-pelotazo-especulativo-de-carlos-mourino-no-monte-comun-de-mos\/\" \/>\n<meta property=\"article:publisher\" content=\"https:\/\/www.facebook.com\/anovapeneira\" \/>\n<meta property=\"article:published_time\" content=\"2023-09-11T08:00:36+00:00\" \/>\n<meta property=\"og:image\" content=\"https:\/\/www.anovapeneira.gal\/wp-content\/uploads\/2023\/09\/Gustavo_Sarabng_mos.jpg\" \/>\n\t<meta property=\"og:image:width\" content=\"720\" \/>\n\t<meta property=\"og:image:height\" content=\"432\" \/>\n\t<meta property=\"og:image:type\" content=\"image\/jpeg\" \/>\n<meta name=\"author\" content=\"Redacci\u00f3n A Nova Peneira\" \/>\n<meta name=\"twitter:card\" content=\"summary_large_image\" \/>\n<meta name=\"twitter:creator\" content=\"@APeneira\" \/>\n<meta name=\"twitter:site\" content=\"@APeneira\" \/>\n<meta name=\"twitter:label1\" content=\"Escrito por\" \/>\n\t<meta name=\"twitter:data1\" content=\"Redacci\u00f3n A Nova Peneira\" \/>\n\t<meta name=\"twitter:label2\" content=\"Tempo de lectura\" \/>\n\t<meta name=\"twitter:data2\" content=\"3 minutos\" \/>\n<script type=\"application\/ld+json\" class=\"yoast-schema-graph\">{\"@context\":\"https:\\\/\\\/schema.org\",\"@graph\":[{\"@type\":\"Article\",\"@id\":\"https:\\\/\\\/www.anovapeneira.gal\\\/index.php\\\/2023\\\/09\\\/11\\\/o-bng-presenta-alegacions-contra-o-pelotazo-especulativo-de-carlos-mourino-no-monte-comun-de-mos\\\/#article\",\"isPartOf\":{\"@id\":\"https:\\\/\\\/www.anovapeneira.gal\\\/index.php\\\/2023\\\/09\\\/11\\\/o-bng-presenta-alegacions-contra-o-pelotazo-especulativo-de-carlos-mourino-no-monte-comun-de-mos\\\/\"},\"author\":{\"name\":\"Redacci\u00f3n A Nova Peneira\",\"@id\":\"https:\\\/\\\/www.anovapeneira.gal\\\/#\\\/schema\\\/person\\\/b93e3f8932e3f8da96334607eb6ac6aa\"},\"headline\":\"O BNG presenta alegaci\u00f3ns contra o \u201cpelotazo especulativo\u201d de Carlos Mouri\u00f1o no monte com\u00fan de Mos\",\"datePublished\":\"2023-09-11T08:00:36+00:00\",\"mainEntityOfPage\":{\"@id\":\"https:\\\/\\\/www.anovapeneira.gal\\\/index.php\\\/2023\\\/09\\\/11\\\/o-bng-presenta-alegacions-contra-o-pelotazo-especulativo-de-carlos-mourino-no-monte-comun-de-mos\\\/\"},\"wordCount\":585,\"commentCount\":0,\"publisher\":{\"@id\":\"https:\\\/\\\/www.anovapeneira.gal\\\/#organization\"},\"image\":{\"@id\":\"https:\\\/\\\/www.anovapeneira.gal\\\/index.php\\\/2023\\\/09\\\/11\\\/o-bng-presenta-alegacions-contra-o-pelotazo-especulativo-de-carlos-mourino-no-monte-comun-de-mos\\\/#primaryimage\"},\"thumbnailUrl\":\"https:\\\/\\\/www.anovapeneira.gal\\\/wp-content\\\/uploads\\\/2023\\\/09\\\/Gustavo_Sarabng_mos.jpg\",\"keywords\":[\"Concello de Mos\"],\"articleSection\":[\"A Louri\u00f1a\"],\"inLanguage\":\"gl-ES\",\"potentialAction\":[{\"@type\":\"CommentAction\",\"name\":\"Comment\",\"target\":[\"https:\\\/\\\/www.anovapeneira.gal\\\/index.php\\\/2023\\\/09\\\/11\\\/o-bng-presenta-alegacions-contra-o-pelotazo-especulativo-de-carlos-mourino-no-monte-comun-de-mos\\\/#respond\"]}]},{\"@type\":\"WebPage\",\"@id\":\"https:\\\/\\\/www.anovapeneira.gal\\\/index.php\\\/2023\\\/09\\\/11\\\/o-bng-presenta-alegacions-contra-o-pelotazo-especulativo-de-carlos-mourino-no-monte-comun-de-mos\\\/\",\"url\":\"https:\\\/\\\/www.anovapeneira.gal\\\/index.php\\\/2023\\\/09\\\/11\\\/o-bng-presenta-alegacions-contra-o-pelotazo-especulativo-de-carlos-mourino-no-monte-comun-de-mos\\\/\",\"name\":\"O BNG presenta alegaci\u00f3ns contra o \u201cpelotazo especulativo\u201d de Carlos Mouri\u00f1o no monte com\u00fan de Mos -\",\"isPartOf\":{\"@id\":\"https:\\\/\\\/www.anovapeneira.gal\\\/#website\"},\"primaryImageOfPage\":{\"@id\":\"https:\\\/\\\/www.anovapeneira.gal\\\/index.php\\\/2023\\\/09\\\/11\\\/o-bng-presenta-alegacions-contra-o-pelotazo-especulativo-de-carlos-mourino-no-monte-comun-de-mos\\\/#primaryimage\"},\"image\":{\"@id\":\"https:\\\/\\\/www.anovapeneira.gal\\\/index.php\\\/2023\\\/09\\\/11\\\/o-bng-presenta-alegacions-contra-o-pelotazo-especulativo-de-carlos-mourino-no-monte-comun-de-mos\\\/#primaryimage\"},\"thumbnailUrl\":\"https:\\\/\\\/www.anovapeneira.gal\\\/wp-content\\\/uploads\\\/2023\\\/09\\\/Gustavo_Sarabng_mos.jpg\",\"datePublished\":\"2023-09-11T08:00:36+00:00\",\"description\":\"A fronte nacionalista rexeita a declaraci\u00f3n de Interese Auton\u00f3mico do proxecto Galicia Sporte 360 polo seu impacto ambiental \u201ccr\u00edtico\u201d en terreos veci\u00f1ais protexidos\",\"breadcrumb\":{\"@id\":\"https:\\\/\\\/www.anovapeneira.gal\\\/index.php\\\/2023\\\/09\\\/11\\\/o-bng-presenta-alegacions-contra-o-pelotazo-especulativo-de-carlos-mourino-no-monte-comun-de-mos\\\/#breadcrumb\"},\"inLanguage\":\"gl-ES\",\"potentialAction\":[{\"@type\":\"ReadAction\",\"target\":[\"https:\\\/\\\/www.anovapeneira.gal\\\/index.php\\\/2023\\\/09\\\/11\\\/o-bng-presenta-alegacions-contra-o-pelotazo-especulativo-de-carlos-mourino-no-monte-comun-de-mos\\\/\"]}]},{\"@type\":\"ImageObject\",\"inLanguage\":\"gl-ES\",\"@id\":\"https:\\\/\\\/www.anovapeneira.gal\\\/index.php\\\/2023\\\/09\\\/11\\\/o-bng-presenta-alegacions-contra-o-pelotazo-especulativo-de-carlos-mourino-no-monte-comun-de-mos\\\/#primaryimage\",\"url\":\"https:\\\/\\\/www.anovapeneira.gal\\\/wp-content\\\/uploads\\\/2023\\\/09\\\/Gustavo_Sarabng_mos.jpg\",\"contentUrl\":\"https:\\\/\\\/www.anovapeneira.gal\\\/wp-content\\\/uploads\\\/2023\\\/09\\\/Gustavo_Sarabng_mos.jpg\",\"width\":720,\"height\":432,\"caption\":\"O BNG presenta alegaci\u00f3ns contra o \u201cpelotazo especulativo\u201d de Carlos Mouri\u00f1o no monte com\u00fan de Mos\"},{\"@type\":\"BreadcrumbList\",\"@id\":\"https:\\\/\\\/www.anovapeneira.gal\\\/index.php\\\/2023\\\/09\\\/11\\\/o-bng-presenta-alegacions-contra-o-pelotazo-especulativo-de-carlos-mourino-no-monte-comun-de-mos\\\/#breadcrumb\",\"itemListElement\":[{\"@type\":\"ListItem\",\"position\":1,\"name\":\"Portada\",\"item\":\"https:\\\/\\\/www.anovapeneira.gal\\\/\"},{\"@type\":\"ListItem\",\"position\":2,\"name\":\"O BNG presenta alegaci\u00f3ns contra o \u201cpelotazo especulativo\u201d de Carlos Mouri\u00f1o no monte com\u00fan de Mos\"}]},{\"@type\":\"WebSite\",\"@id\":\"https:\\\/\\\/www.anovapeneira.gal\\\/#website\",\"url\":\"https:\\\/\\\/www.anovapeneira.gal\\\/\",\"name\":\"\",\"description\":\"Xornal galego de informaci\u00f3n xeral Publicaci\u00f3n mensual de novas de Galicia e en especial dos Concellos da sur da provincia de Pontevedra.\",\"publisher\":{\"@id\":\"https:\\\/\\\/www.anovapeneira.gal\\\/#organization\"},\"potentialAction\":[{\"@type\":\"SearchAction\",\"target\":{\"@type\":\"EntryPoint\",\"urlTemplate\":\"https:\\\/\\\/www.anovapeneira.gal\\\/?s={search_term_string}\"},\"query-input\":{\"@type\":\"PropertyValueSpecification\",\"valueRequired\":true,\"valueName\":\"search_term_string\"}}],\"inLanguage\":\"gl-ES\"},{\"@type\":\"Organization\",\"@id\":\"https:\\\/\\\/www.anovapeneira.gal\\\/#organization\",\"name\":\"A Nova Peneira\",\"url\":\"https:\\\/\\\/www.anovapeneira.gal\\\/\",\"logo\":{\"@type\":\"ImageObject\",\"inLanguage\":\"gl-ES\",\"@id\":\"https:\\\/\\\/www.anovapeneira.gal\\\/#\\\/schema\\\/logo\\\/image\\\/\",\"url\":\"http:\\\/\\\/www.anovapeneira.gal\\\/wp-content\\\/uploads\\\/2019\\\/06\\\/logo_a_nova_peneira_portal_web.png\",\"contentUrl\":\"http:\\\/\\\/www.anovapeneira.gal\\\/wp-content\\\/uploads\\\/2019\\\/06\\\/logo_a_nova_peneira_portal_web.png\",\"width\":300,\"height\":100,\"caption\":\"A Nova Peneira\"},\"image\":{\"@id\":\"https:\\\/\\\/www.anovapeneira.gal\\\/#\\\/schema\\\/logo\\\/image\\\/\"},\"sameAs\":[\"https:\\\/\\\/www.facebook.com\\\/anovapeneira\",\"https:\\\/\\\/x.com\\\/APeneira\"]},{\"@type\":\"Person\",\"@id\":\"https:\\\/\\\/www.anovapeneira.gal\\\/#\\\/schema\\\/person\\\/b93e3f8932e3f8da96334607eb6ac6aa\",\"name\":\"Redacci\u00f3n A Nova Peneira\",\"image\":{\"@type\":\"ImageObject\",\"inLanguage\":\"gl-ES\",\"@id\":\"https:\\\/\\\/secure.gravatar.com\\\/avatar\\\/c052a2551a06e23fac63626232eaa90abd78dbcf1700fc46a2b2c89fd27b735f?s=96&d=mm&r=g\",\"url\":\"https:\\\/\\\/secure.gravatar.com\\\/avatar\\\/c052a2551a06e23fac63626232eaa90abd78dbcf1700fc46a2b2c89fd27b735f?s=96&d=mm&r=g\",\"contentUrl\":\"https:\\\/\\\/secure.gravatar.com\\\/avatar\\\/c052a2551a06e23fac63626232eaa90abd78dbcf1700fc46a2b2c89fd27b735f?s=96&d=mm&r=g\",\"caption\":\"Redacci\u00f3n A Nova Peneira\"},\"sameAs\":[\"http:\\\/\\\/www.anovapeneira.gal\\\/\"],\"url\":\"https:\\\/\\\/www.anovapeneira.gal\\\/index.php\\\/author\\\/redactor\\\/\"}]}<\/script>\n<!-- \/ Yoast SEO plugin. -->","yoast_head_json":{"title":"O BNG presenta alegaci\u00f3ns contra o \u201cpelotazo especulativo\u201d de Carlos Mouri\u00f1o no monte com\u00fan de Mos -","description":"A fronte nacionalista rexeita a declaraci\u00f3n de Interese Auton\u00f3mico do proxecto Galicia Sporte 360 polo seu impacto ambiental \u201ccr\u00edtico\u201d en terreos veci\u00f1ais protexidos","robots":{"index":"index","follow":"follow","max-snippet":"max-snippet:-1","max-image-preview":"max-image-preview:large","max-video-preview":"max-video-preview:-1"},"canonical":"https:\/\/www.anovapeneira.gal\/index.php\/2023\/09\/11\/o-bng-presenta-alegacions-contra-o-pelotazo-especulativo-de-carlos-mourino-no-monte-comun-de-mos\/","og_locale":"gl_ES","og_type":"article","og_title":"O BNG presenta alegaci\u00f3ns contra o \u201cpelotazo especulativo\u201d de Carlos Mouri\u00f1o no monte com\u00fan de Mos -","og_description":"A fronte nacionalista rexeita a declaraci\u00f3n de Interese Auton\u00f3mico do proxecto Galicia Sporte 360 polo seu impacto ambiental \u201ccr\u00edtico\u201d en terreos veci\u00f1ais protexidos","og_url":"https:\/\/www.anovapeneira.gal\/index.php\/2023\/09\/11\/o-bng-presenta-alegacions-contra-o-pelotazo-especulativo-de-carlos-mourino-no-monte-comun-de-mos\/","article_publisher":"https:\/\/www.facebook.com\/anovapeneira","article_published_time":"2023-09-11T08:00:36+00:00","og_image":[{"width":720,"height":432,"url":"https:\/\/www.anovapeneira.gal\/wp-content\/uploads\/2023\/09\/Gustavo_Sarabng_mos.jpg","type":"image\/jpeg"}],"author":"Redacci\u00f3n A Nova Peneira","twitter_card":"summary_large_image","twitter_creator":"@APeneira","twitter_site":"@APeneira","twitter_misc":{"Escrito por":"Redacci\u00f3n A Nova Peneira","Tempo de lectura":"3 minutos"},"schema":{"@context":"https:\/\/schema.org","@graph":[{"@type":"Article","@id":"https:\/\/www.anovapeneira.gal\/index.php\/2023\/09\/11\/o-bng-presenta-alegacions-contra-o-pelotazo-especulativo-de-carlos-mourino-no-monte-comun-de-mos\/#article","isPartOf":{"@id":"https:\/\/www.anovapeneira.gal\/index.php\/2023\/09\/11\/o-bng-presenta-alegacions-contra-o-pelotazo-especulativo-de-carlos-mourino-no-monte-comun-de-mos\/"},"author":{"name":"Redacci\u00f3n A Nova Peneira","@id":"https:\/\/www.anovapeneira.gal\/#\/schema\/person\/b93e3f8932e3f8da96334607eb6ac6aa"},"headline":"O BNG presenta alegaci\u00f3ns contra o \u201cpelotazo especulativo\u201d de Carlos Mouri\u00f1o no monte com\u00fan de Mos","datePublished":"2023-09-11T08:00:36+00:00","mainEntityOfPage":{"@id":"https:\/\/www.anovapeneira.gal\/index.php\/2023\/09\/11\/o-bng-presenta-alegacions-contra-o-pelotazo-especulativo-de-carlos-mourino-no-monte-comun-de-mos\/"},"wordCount":585,"commentCount":0,"publisher":{"@id":"https:\/\/www.anovapeneira.gal\/#organization"},"image":{"@id":"https:\/\/www.anovapeneira.gal\/index.php\/2023\/09\/11\/o-bng-presenta-alegacions-contra-o-pelotazo-especulativo-de-carlos-mourino-no-monte-comun-de-mos\/#primaryimage"},"thumbnailUrl":"https:\/\/www.anovapeneira.gal\/wp-content\/uploads\/2023\/09\/Gustavo_Sarabng_mos.jpg","keywords":["Concello de Mos"],"articleSection":["A Louri\u00f1a"],"inLanguage":"gl-ES","potentialAction":[{"@type":"CommentAction","name":"Comment","target":["https:\/\/www.anovapeneira.gal\/index.php\/2023\/09\/11\/o-bng-presenta-alegacions-contra-o-pelotazo-especulativo-de-carlos-mourino-no-monte-comun-de-mos\/#respond"]}]},{"@type":"WebPage","@id":"https:\/\/www.anovapeneira.gal\/index.php\/2023\/09\/11\/o-bng-presenta-alegacions-contra-o-pelotazo-especulativo-de-carlos-mourino-no-monte-comun-de-mos\/","url":"https:\/\/www.anovapeneira.gal\/index.php\/2023\/09\/11\/o-bng-presenta-alegacions-contra-o-pelotazo-especulativo-de-carlos-mourino-no-monte-comun-de-mos\/","name":"O BNG presenta alegaci\u00f3ns contra o \u201cpelotazo especulativo\u201d de Carlos Mouri\u00f1o no monte com\u00fan de Mos -","isPartOf":{"@id":"https:\/\/www.anovapeneira.gal\/#website"},"primaryImageOfPage":{"@id":"https:\/\/www.anovapeneira.gal\/index.php\/2023\/09\/11\/o-bng-presenta-alegacions-contra-o-pelotazo-especulativo-de-carlos-mourino-no-monte-comun-de-mos\/#primaryimage"},"image":{"@id":"https:\/\/www.anovapeneira.gal\/index.php\/2023\/09\/11\/o-bng-presenta-alegacions-contra-o-pelotazo-especulativo-de-carlos-mourino-no-monte-comun-de-mos\/#primaryimage"},"thumbnailUrl":"https:\/\/www.anovapeneira.gal\/wp-content\/uploads\/2023\/09\/Gustavo_Sarabng_mos.jpg","datePublished":"2023-09-11T08:00:36+00:00","description":"A fronte nacionalista rexeita a declaraci\u00f3n de Interese Auton\u00f3mico do proxecto Galicia Sporte 360 polo seu impacto ambiental \u201ccr\u00edtico\u201d en terreos veci\u00f1ais protexidos","breadcrumb":{"@id":"https:\/\/www.anovapeneira.gal\/index.php\/2023\/09\/11\/o-bng-presenta-alegacions-contra-o-pelotazo-especulativo-de-carlos-mourino-no-monte-comun-de-mos\/#breadcrumb"},"inLanguage":"gl-ES","potentialAction":[{"@type":"ReadAction","target":["https:\/\/www.anovapeneira.gal\/index.php\/2023\/09\/11\/o-bng-presenta-alegacions-contra-o-pelotazo-especulativo-de-carlos-mourino-no-monte-comun-de-mos\/"]}]},{"@type":"ImageObject","inLanguage":"gl-ES","@id":"https:\/\/www.anovapeneira.gal\/index.php\/2023\/09\/11\/o-bng-presenta-alegacions-contra-o-pelotazo-especulativo-de-carlos-mourino-no-monte-comun-de-mos\/#primaryimage","url":"https:\/\/www.anovapeneira.gal\/wp-content\/uploads\/2023\/09\/Gustavo_Sarabng_mos.jpg","contentUrl":"https:\/\/www.anovapeneira.gal\/wp-content\/uploads\/2023\/09\/Gustavo_Sarabng_mos.jpg","width":720,"height":432,"caption":"O BNG presenta alegaci\u00f3ns contra o \u201cpelotazo especulativo\u201d de Carlos Mouri\u00f1o no monte com\u00fan de Mos"},{"@type":"BreadcrumbList","@id":"https:\/\/www.anovapeneira.gal\/index.php\/2023\/09\/11\/o-bng-presenta-alegacions-contra-o-pelotazo-especulativo-de-carlos-mourino-no-monte-comun-de-mos\/#breadcrumb","itemListElement":[{"@type":"ListItem","position":1,"name":"Portada","item":"https:\/\/www.anovapeneira.gal\/"},{"@type":"ListItem","position":2,"name":"O BNG presenta alegaci\u00f3ns contra o \u201cpelotazo especulativo\u201d de Carlos Mouri\u00f1o no monte com\u00fan de Mos"}]},{"@type":"WebSite","@id":"https:\/\/www.anovapeneira.gal\/#website","url":"https:\/\/www.anovapeneira.gal\/","name":"","description":"Xornal galego de informaci\u00f3n xeral Publicaci\u00f3n mensual de novas de Galicia e en especial dos Concellos da sur da provincia de Pontevedra.","publisher":{"@id":"https:\/\/www.anovapeneira.gal\/#organization"},"potentialAction":[{"@type":"SearchAction","target":{"@type":"EntryPoint","urlTemplate":"https:\/\/www.anovapeneira.gal\/?s={search_term_string}"},"query-input":{"@type":"PropertyValueSpecification","valueRequired":true,"valueName":"search_term_string"}}],"inLanguage":"gl-ES"},{"@type":"Organization","@id":"https:\/\/www.anovapeneira.gal\/#organization","name":"A Nova Peneira","url":"https:\/\/www.anovapeneira.gal\/","logo":{"@type":"ImageObject","inLanguage":"gl-ES","@id":"https:\/\/www.anovapeneira.gal\/#\/schema\/logo\/image\/","url":"http:\/\/www.anovapeneira.gal\/wp-content\/uploads\/2019\/06\/logo_a_nova_peneira_portal_web.png","contentUrl":"http:\/\/www.anovapeneira.gal\/wp-content\/uploads\/2019\/06\/logo_a_nova_peneira_portal_web.png","width":300,"height":100,"caption":"A Nova Peneira"},"image":{"@id":"https:\/\/www.anovapeneira.gal\/#\/schema\/logo\/image\/"},"sameAs":["https:\/\/www.facebook.com\/anovapeneira","https:\/\/x.com\/APeneira"]},{"@type":"Person","@id":"https:\/\/www.anovapeneira.gal\/#\/schema\/person\/b93e3f8932e3f8da96334607eb6ac6aa","name":"Redacci\u00f3n A Nova Peneira","image":{"@type":"ImageObject","inLanguage":"gl-ES","@id":"https:\/\/secure.gravatar.com\/avatar\/c052a2551a06e23fac63626232eaa90abd78dbcf1700fc46a2b2c89fd27b735f?s=96&d=mm&r=g","url":"https:\/\/secure.gravatar.com\/avatar\/c052a2551a06e23fac63626232eaa90abd78dbcf1700fc46a2b2c89fd27b735f?s=96&d=mm&r=g","contentUrl":"https:\/\/secure.gravatar.com\/avatar\/c052a2551a06e23fac63626232eaa90abd78dbcf1700fc46a2b2c89fd27b735f?s=96&d=mm&r=g","caption":"Redacci\u00f3n A Nova Peneira"},"sameAs":["http:\/\/www.anovapeneira.gal\/"],"url":"https:\/\/www.anovapeneira.gal\/index.php\/author\/redactor\/"}]}},"jetpack_featured_media_url":"https:\/\/www.anovapeneira.gal\/wp-content\/uploads\/2023\/09\/Gustavo_Sarabng_mos.jpg","_links":{"self":[{"href":"https:\/\/www.anovapeneira.gal\/index.php\/wp-json\/wp\/v2\/posts\/10394","targetHints":{"allow":["GET"]}}],"collection":[{"href":"https:\/\/www.anovapeneira.gal\/index.php\/wp-json\/wp\/v2\/posts"}],"about":[{"href":"https:\/\/www.anovapeneira.gal\/index.php\/wp-json\/wp\/v2\/types\/post"}],"author":[{"embeddable":true,"href":"https:\/\/www.anovapeneira.gal\/index.php\/wp-json\/wp\/v2\/users\/3"}],"replies":[{"embeddable":true,"href":"https:\/\/www.anovapeneira.gal\/index.php\/wp-json\/wp\/v2\/comments?post=10394"}],"version-history":[{"count":1,"href":"https:\/\/www.anovapeneira.gal\/index.php\/wp-json\/wp\/v2\/posts\/10394\/revisions"}],"predecessor-version":[{"id":10395,"href":"https:\/\/www.anovapeneira.gal\/index.php\/wp-json\/wp\/v2\/posts\/10394\/revisions\/10395"}],"wp:featuredmedia":[{"embeddable":true,"href":"https:\/\/www.anovapeneira.gal\/index.php\/wp-json\/wp\/v2\/media\/10396"}],"wp:attachment":[{"href":"https:\/\/www.anovapeneira.gal\/index.php\/wp-json\/wp\/v2\/media?parent=10394"}],"wp:term":[{"taxonomy":"category","embeddable":true,"href":"https:\/\/www.anovapeneira.gal\/index.php\/wp-json\/wp\/v2\/categories?post=10394"},{"taxonomy":"post_tag","embeddable":true,"href":"https:\/\/www.anovapeneira.gal\/index.php\/wp-json\/wp\/v2\/tags?post=10394"}],"curies":[{"name":"wp","href":"https:\/\/api.w.org\/{rel}","templated":true}]}}