{"id":10400,"date":"2023-09-12T10:00:25","date_gmt":"2023-09-12T08:00:25","guid":{"rendered":"https:\/\/www.anovapeneira.gal\/?p=10400"},"modified":"2023-09-11T12:48:44","modified_gmt":"2023-09-11T10:48:44","slug":"comunicado-da-plataforma-de-cerdedo-pola-sanidade-publica","status":"publish","type":"post","link":"https:\/\/www.anovapeneira.gal\/index.php\/2023\/09\/12\/comunicado-da-plataforma-de-cerdedo-pola-sanidade-publica\/","title":{"rendered":"Comunicado da plataforma de Cerdedo pola Sanidade P\u00fablica"},"content":{"rendered":"\n<h2 class=\"wp-block-heading\"><strong>Boas novas co Servizo de Matronas pero seguimos moi en precario co de Pediatr\u00eda<\/strong><\/h2>\n\n\n\n<p>Desde a Plataforma de Cerdedo pola Sanidade P\u00fablica queremos dar a co\u00f1ecer que por fin teremos Servizo de Matrona para as mulleres de Cerdedo no Centro de Sa\u00fade de Tenorio, a partir deste mes de setembro, sen ter que desprazarnos ao Centro de L\u00e9rez en Pontevedra. Despois das reclamaci\u00f3ns presentadas, concentraci\u00f3ns e notas de prensa solicitando ter esta atenci\u00f3n sanitaria, tan imprescindible para as mulleres desde a puberdade ata a vellez, conseguimos o dereito a contar con este servizo, que desaparecera de Cerdedo hai anos.<\/p>\n\n\n\n<p>Con motivo de recuperar a presenza das Matronas na Sanidade P\u00fablica temos organizada unha charla cunha matrona, Mar\u00eda Vila, membro da Asociaci\u00f3n Galega de Matronas, o d\u00eda 22 de setembro \u00e1s 19 h no Casa da Cultura de Cerdedo.<\/p>\n\n\n\n<p>\u201cPode sorprender, mais o oficio de matrona \u00e9 ben desco\u00f1ecido. As matronas poden desenvolver moitas tarefas m\u00e1is al\u00e1 do seguimento do embarazo, axuda no parto e na crianza.&nbsp;<\/p>\n\n\n\n<p>Entre outras, impartir cursos para fortalecer o solo pelviano e previr a incontinencia urinaria; abordar a menopausa e dar charlas de educaci\u00f3n afectivo-sexual con perspectiva de x\u00e9nero; informar respecto do control da natalidade, m\u00e9todos anticonceptivos, prevenci\u00f3n de enfermidades de transmisi\u00f3n sexual, cancro de c\u00e9rvix ou de mama e tratamento de disfunci\u00f3ns sexuais; detectar en primeira instancia situaci\u00f3ns de violencia de x\u00e9nero; atender \u00e1 diversidade sexual ou aportar informaci\u00f3n cualificada sobre interrupci\u00f3n voluntaria do embarazo. Estas son, entre outras, as funci\u00f3ns recollidas na&nbsp;<em>Carteira de servizos da especialidade de enfermar\u00eda obst\u00e9trico-xinecol\u00f3xica<\/em>&nbsp;[Matrona]<em>&nbsp;de Atenci\u00f3n Primaria de Galicia<\/em>&nbsp;do Sergas&nbsp;(febreiro, 2022)\u201d.<\/p>\n\n\n\n<p>Este texto forma parte do artigo que sobre o tema escrib\u00edu hai uns meses Lola Varela, membro da nosa Plataforma, e que lle enviamos como anexo.<\/p>\n\n\n\n<p>M\u00e1is, por outra banda debemos manifestar o noso gran malestar por continuar a ter un Servizo de Pediatr\u00eda en condici\u00f3ns moi precarias. Despois de pasar o ver\u00e1n sen apenas atenci\u00f3n neste eido, agora co comezo de setembro, haber\u00e1 consulta para as crianzas en Tenorio s\u00f3 os d\u00edas 5, 19 e 26 deste mes e no Centro de Sa\u00fade de Forcarei un d\u00eda \u00e1 semana, os m\u00e9rcores pola tarde.<\/p>\n\n\n\n<p>Consideramos que os nosos nenos e nenas est\u00e1n desatendidos con tan poucos d\u00edas de consulta e ademais non hai seguridade tan sequera de que estes d\u00edas se mante\u00f1an nos vindeiros meses. Como consecuencia est\u00e1 o desprazarse a Urxencias pedi\u00e1tricas a Pontevedra ou acudir \u00e1 consultas privadas en A Estrada ou o Carballi\u00f1o, situados a m\u00e9dia hora ou algo m\u00e1is de viaxe.<\/p>\n\n\n\n<p>Para rematar, denunciar que a Atenci\u00f3n Primaria do Centro de Sa\u00fade de Cerdedo, despois de m\u00e1is de dous anos de actividade da nosa plataforma, mellorou bastante e temos m\u00e9dico ou m\u00e9dica case todos os d\u00edas, pero hoxe mesmo volvemos a estar sen ning\u00fan facultativo.<\/p>\n\n\n\n<p>A situaci\u00f3n non \u00e9 a desexable a\u00ednda. Vivimos moi ao d\u00eda e con moita arbitrariedade, todo isto provoca unha falta de estabilidade que repercute na falta de co\u00f1ecemento dos e das pacientes, que asegurar\u00eda un mellor coidado e m\u00e1is pr\u00f3ximo, importante nunha zona como a Terra de Montes de poboaci\u00f3n moi embellecida.<\/p>\n","protected":false},"excerpt":{"rendered":"<div class=\"mh-excerpt\"><p>Boas novas co Servizo de Matronas pero seguimos moi en precario co de Pediatr\u00eda <a class=\"mh-excerpt-more\" href=\"https:\/\/www.anovapeneira.gal\/index.php\/2023\/09\/12\/comunicado-da-plataforma-de-cerdedo-pola-sanidade-publica\/\" title=\"Comunicado da plataforma de Cerdedo pola Sanidade P\u00fablica\">[&#8230;]<\/a><\/p>\n<\/div>","protected":false},"author":3,"featured_media":10402,"comment_status":"open","ping_status":"open","sticky":false,"template":"","format":"standard","meta":{"_exactmetrics_skip_tracking":false,"_exactmetrics_sitenote_active":false,"_exactmetrics_sitenote_note":"","_exactmetrics_sitenote_category":0,"footnotes":""},"categories":[26],"tags":[1203],"class_list":{"0":"post-10400","1":"post","2":"type-post","3":"status-publish","4":"format-standard","5":"has-post-thumbnail","7":"category-pontevedra","8":"tag-concello-de-cerdedo-cotobade"},"yoast_head":"<!-- This site is optimized with the Yoast SEO plugin v27.4 - https:\/\/yoast.com\/product\/yoast-seo-wordpress\/ -->\n<title>Comunicado da plataforma de Cerdedo pola Sanidade P\u00fablica -<\/title>\n<meta name=\"description\" content=\"Boas novas co Servizo de Matronas pero seguimos moi en precario co de Pediatr\u00eda\" \/>\n<meta name=\"robots\" content=\"index, follow, max-snippet:-1, max-image-preview:large, max-video-preview:-1\" \/>\n<link rel=\"canonical\" href=\"https:\/\/www.anovapeneira.gal\/index.php\/2023\/09\/12\/comunicado-da-plataforma-de-cerdedo-pola-sanidade-publica\/\" \/>\n<meta property=\"og:locale\" content=\"gl_ES\" \/>\n<meta property=\"og:type\" content=\"article\" \/>\n<meta property=\"og:title\" content=\"Comunicado da plataforma de Cerdedo pola Sanidade P\u00fablica -\" \/>\n<meta property=\"og:description\" content=\"Boas novas co Servizo de Matronas pero seguimos moi en precario co de Pediatr\u00eda\" \/>\n<meta property=\"og:url\" content=\"https:\/\/www.anovapeneira.gal\/index.php\/2023\/09\/12\/comunicado-da-plataforma-de-cerdedo-pola-sanidade-publica\/\" \/>\n<meta property=\"article:publisher\" content=\"https:\/\/www.facebook.com\/anovapeneira\" \/>\n<meta property=\"article:published_time\" content=\"2023-09-12T08:00:25+00:00\" \/>\n<meta property=\"og:image\" content=\"https:\/\/www.anovapeneira.gal\/wp-content\/uploads\/2023\/09\/plataforma_cerdedo_sanidade.jpg\" \/>\n\t<meta property=\"og:image:width\" content=\"720\" \/>\n\t<meta property=\"og:image:height\" content=\"432\" \/>\n\t<meta property=\"og:image:type\" content=\"image\/jpeg\" \/>\n<meta name=\"author\" content=\"Redacci\u00f3n A Nova Peneira\" \/>\n<meta name=\"twitter:card\" content=\"summary_large_image\" \/>\n<meta name=\"twitter:creator\" content=\"@APeneira\" \/>\n<meta name=\"twitter:site\" content=\"@APeneira\" \/>\n<meta name=\"twitter:label1\" content=\"Escrito por\" \/>\n\t<meta name=\"twitter:data1\" content=\"Redacci\u00f3n A Nova Peneira\" \/>\n\t<meta name=\"twitter:label2\" content=\"Tempo de lectura\" \/>\n\t<meta name=\"twitter:data2\" content=\"3 minutos\" \/>\n<script type=\"application\/ld+json\" class=\"yoast-schema-graph\">{\"@context\":\"https:\\\/\\\/schema.org\",\"@graph\":[{\"@type\":\"Article\",\"@id\":\"https:\\\/\\\/www.anovapeneira.gal\\\/index.php\\\/2023\\\/09\\\/12\\\/comunicado-da-plataforma-de-cerdedo-pola-sanidade-publica\\\/#article\",\"isPartOf\":{\"@id\":\"https:\\\/\\\/www.anovapeneira.gal\\\/index.php\\\/2023\\\/09\\\/12\\\/comunicado-da-plataforma-de-cerdedo-pola-sanidade-publica\\\/\"},\"author\":{\"name\":\"Redacci\u00f3n A Nova Peneira\",\"@id\":\"https:\\\/\\\/www.anovapeneira.gal\\\/#\\\/schema\\\/person\\\/b93e3f8932e3f8da96334607eb6ac6aa\"},\"headline\":\"Comunicado da plataforma de Cerdedo pola Sanidade P\u00fablica\",\"datePublished\":\"2023-09-12T08:00:25+00:00\",\"mainEntityOfPage\":{\"@id\":\"https:\\\/\\\/www.anovapeneira.gal\\\/index.php\\\/2023\\\/09\\\/12\\\/comunicado-da-plataforma-de-cerdedo-pola-sanidade-publica\\\/\"},\"wordCount\":584,\"commentCount\":0,\"publisher\":{\"@id\":\"https:\\\/\\\/www.anovapeneira.gal\\\/#organization\"},\"image\":{\"@id\":\"https:\\\/\\\/www.anovapeneira.gal\\\/index.php\\\/2023\\\/09\\\/12\\\/comunicado-da-plataforma-de-cerdedo-pola-sanidade-publica\\\/#primaryimage\"},\"thumbnailUrl\":\"https:\\\/\\\/www.anovapeneira.gal\\\/wp-content\\\/uploads\\\/2023\\\/09\\\/plataforma_cerdedo_sanidade.jpg\",\"keywords\":[\"Concello de Cerdedo-Cotobade\"],\"articleSection\":[\"Pontevedra\"],\"inLanguage\":\"gl-ES\",\"potentialAction\":[{\"@type\":\"CommentAction\",\"name\":\"Comment\",\"target\":[\"https:\\\/\\\/www.anovapeneira.gal\\\/index.php\\\/2023\\\/09\\\/12\\\/comunicado-da-plataforma-de-cerdedo-pola-sanidade-publica\\\/#respond\"]}]},{\"@type\":\"WebPage\",\"@id\":\"https:\\\/\\\/www.anovapeneira.gal\\\/index.php\\\/2023\\\/09\\\/12\\\/comunicado-da-plataforma-de-cerdedo-pola-sanidade-publica\\\/\",\"url\":\"https:\\\/\\\/www.anovapeneira.gal\\\/index.php\\\/2023\\\/09\\\/12\\\/comunicado-da-plataforma-de-cerdedo-pola-sanidade-publica\\\/\",\"name\":\"Comunicado da plataforma de Cerdedo pola Sanidade P\u00fablica -\",\"isPartOf\":{\"@id\":\"https:\\\/\\\/www.anovapeneira.gal\\\/#website\"},\"primaryImageOfPage\":{\"@id\":\"https:\\\/\\\/www.anovapeneira.gal\\\/index.php\\\/2023\\\/09\\\/12\\\/comunicado-da-plataforma-de-cerdedo-pola-sanidade-publica\\\/#primaryimage\"},\"image\":{\"@id\":\"https:\\\/\\\/www.anovapeneira.gal\\\/index.php\\\/2023\\\/09\\\/12\\\/comunicado-da-plataforma-de-cerdedo-pola-sanidade-publica\\\/#primaryimage\"},\"thumbnailUrl\":\"https:\\\/\\\/www.anovapeneira.gal\\\/wp-content\\\/uploads\\\/2023\\\/09\\\/plataforma_cerdedo_sanidade.jpg\",\"datePublished\":\"2023-09-12T08:00:25+00:00\",\"description\":\"Boas novas co Servizo de Matronas pero seguimos moi en precario co de Pediatr\u00eda\",\"breadcrumb\":{\"@id\":\"https:\\\/\\\/www.anovapeneira.gal\\\/index.php\\\/2023\\\/09\\\/12\\\/comunicado-da-plataforma-de-cerdedo-pola-sanidade-publica\\\/#breadcrumb\"},\"inLanguage\":\"gl-ES\",\"potentialAction\":[{\"@type\":\"ReadAction\",\"target\":[\"https:\\\/\\\/www.anovapeneira.gal\\\/index.php\\\/2023\\\/09\\\/12\\\/comunicado-da-plataforma-de-cerdedo-pola-sanidade-publica\\\/\"]}]},{\"@type\":\"ImageObject\",\"inLanguage\":\"gl-ES\",\"@id\":\"https:\\\/\\\/www.anovapeneira.gal\\\/index.php\\\/2023\\\/09\\\/12\\\/comunicado-da-plataforma-de-cerdedo-pola-sanidade-publica\\\/#primaryimage\",\"url\":\"https:\\\/\\\/www.anovapeneira.gal\\\/wp-content\\\/uploads\\\/2023\\\/09\\\/plataforma_cerdedo_sanidade.jpg\",\"contentUrl\":\"https:\\\/\\\/www.anovapeneira.gal\\\/wp-content\\\/uploads\\\/2023\\\/09\\\/plataforma_cerdedo_sanidade.jpg\",\"width\":720,\"height\":432,\"caption\":\"plataforma de Cerdedo pola sanidade p\u00fablica\"},{\"@type\":\"BreadcrumbList\",\"@id\":\"https:\\\/\\\/www.anovapeneira.gal\\\/index.php\\\/2023\\\/09\\\/12\\\/comunicado-da-plataforma-de-cerdedo-pola-sanidade-publica\\\/#breadcrumb\",\"itemListElement\":[{\"@type\":\"ListItem\",\"position\":1,\"name\":\"Portada\",\"item\":\"https:\\\/\\\/www.anovapeneira.gal\\\/\"},{\"@type\":\"ListItem\",\"position\":2,\"name\":\"Comunicado da plataforma de Cerdedo pola Sanidade P\u00fablica\"}]},{\"@type\":\"WebSite\",\"@id\":\"https:\\\/\\\/www.anovapeneira.gal\\\/#website\",\"url\":\"https:\\\/\\\/www.anovapeneira.gal\\\/\",\"name\":\"\",\"description\":\"Xornal galego de informaci\u00f3n xeral Publicaci\u00f3n mensual de novas de Galicia e en especial dos Concellos da sur da provincia de Pontevedra.\",\"publisher\":{\"@id\":\"https:\\\/\\\/www.anovapeneira.gal\\\/#organization\"},\"potentialAction\":[{\"@type\":\"SearchAction\",\"target\":{\"@type\":\"EntryPoint\",\"urlTemplate\":\"https:\\\/\\\/www.anovapeneira.gal\\\/?s={search_term_string}\"},\"query-input\":{\"@type\":\"PropertyValueSpecification\",\"valueRequired\":true,\"valueName\":\"search_term_string\"}}],\"inLanguage\":\"gl-ES\"},{\"@type\":\"Organization\",\"@id\":\"https:\\\/\\\/www.anovapeneira.gal\\\/#organization\",\"name\":\"A Nova Peneira\",\"url\":\"https:\\\/\\\/www.anovapeneira.gal\\\/\",\"logo\":{\"@type\":\"ImageObject\",\"inLanguage\":\"gl-ES\",\"@id\":\"https:\\\/\\\/www.anovapeneira.gal\\\/#\\\/schema\\\/logo\\\/image\\\/\",\"url\":\"http:\\\/\\\/www.anovapeneira.gal\\\/wp-content\\\/uploads\\\/2019\\\/06\\\/logo_a_nova_peneira_portal_web.png\",\"contentUrl\":\"http:\\\/\\\/www.anovapeneira.gal\\\/wp-content\\\/uploads\\\/2019\\\/06\\\/logo_a_nova_peneira_portal_web.png\",\"width\":300,\"height\":100,\"caption\":\"A Nova Peneira\"},\"image\":{\"@id\":\"https:\\\/\\\/www.anovapeneira.gal\\\/#\\\/schema\\\/logo\\\/image\\\/\"},\"sameAs\":[\"https:\\\/\\\/www.facebook.com\\\/anovapeneira\",\"https:\\\/\\\/x.com\\\/APeneira\"]},{\"@type\":\"Person\",\"@id\":\"https:\\\/\\\/www.anovapeneira.gal\\\/#\\\/schema\\\/person\\\/b93e3f8932e3f8da96334607eb6ac6aa\",\"name\":\"Redacci\u00f3n A Nova Peneira\",\"image\":{\"@type\":\"ImageObject\",\"inLanguage\":\"gl-ES\",\"@id\":\"https:\\\/\\\/secure.gravatar.com\\\/avatar\\\/c052a2551a06e23fac63626232eaa90abd78dbcf1700fc46a2b2c89fd27b735f?s=96&d=mm&r=g\",\"url\":\"https:\\\/\\\/secure.gravatar.com\\\/avatar\\\/c052a2551a06e23fac63626232eaa90abd78dbcf1700fc46a2b2c89fd27b735f?s=96&d=mm&r=g\",\"contentUrl\":\"https:\\\/\\\/secure.gravatar.com\\\/avatar\\\/c052a2551a06e23fac63626232eaa90abd78dbcf1700fc46a2b2c89fd27b735f?s=96&d=mm&r=g\",\"caption\":\"Redacci\u00f3n A Nova Peneira\"},\"sameAs\":[\"http:\\\/\\\/www.anovapeneira.gal\\\/\"],\"url\":\"https:\\\/\\\/www.anovapeneira.gal\\\/index.php\\\/author\\\/redactor\\\/\"}]}<\/script>\n<!-- \/ Yoast SEO plugin. -->","yoast_head_json":{"title":"Comunicado da plataforma de Cerdedo pola Sanidade P\u00fablica -","description":"Boas novas co Servizo de Matronas pero seguimos moi en precario co de Pediatr\u00eda","robots":{"index":"index","follow":"follow","max-snippet":"max-snippet:-1","max-image-preview":"max-image-preview:large","max-video-preview":"max-video-preview:-1"},"canonical":"https:\/\/www.anovapeneira.gal\/index.php\/2023\/09\/12\/comunicado-da-plataforma-de-cerdedo-pola-sanidade-publica\/","og_locale":"gl_ES","og_type":"article","og_title":"Comunicado da plataforma de Cerdedo pola Sanidade P\u00fablica -","og_description":"Boas novas co Servizo de Matronas pero seguimos moi en precario co de Pediatr\u00eda","og_url":"https:\/\/www.anovapeneira.gal\/index.php\/2023\/09\/12\/comunicado-da-plataforma-de-cerdedo-pola-sanidade-publica\/","article_publisher":"https:\/\/www.facebook.com\/anovapeneira","article_published_time":"2023-09-12T08:00:25+00:00","og_image":[{"width":720,"height":432,"url":"https:\/\/www.anovapeneira.gal\/wp-content\/uploads\/2023\/09\/plataforma_cerdedo_sanidade.jpg","type":"image\/jpeg"}],"author":"Redacci\u00f3n A Nova Peneira","twitter_card":"summary_large_image","twitter_creator":"@APeneira","twitter_site":"@APeneira","twitter_misc":{"Escrito por":"Redacci\u00f3n A Nova Peneira","Tempo de lectura":"3 minutos"},"schema":{"@context":"https:\/\/schema.org","@graph":[{"@type":"Article","@id":"https:\/\/www.anovapeneira.gal\/index.php\/2023\/09\/12\/comunicado-da-plataforma-de-cerdedo-pola-sanidade-publica\/#article","isPartOf":{"@id":"https:\/\/www.anovapeneira.gal\/index.php\/2023\/09\/12\/comunicado-da-plataforma-de-cerdedo-pola-sanidade-publica\/"},"author":{"name":"Redacci\u00f3n A Nova Peneira","@id":"https:\/\/www.anovapeneira.gal\/#\/schema\/person\/b93e3f8932e3f8da96334607eb6ac6aa"},"headline":"Comunicado da plataforma de Cerdedo pola Sanidade P\u00fablica","datePublished":"2023-09-12T08:00:25+00:00","mainEntityOfPage":{"@id":"https:\/\/www.anovapeneira.gal\/index.php\/2023\/09\/12\/comunicado-da-plataforma-de-cerdedo-pola-sanidade-publica\/"},"wordCount":584,"commentCount":0,"publisher":{"@id":"https:\/\/www.anovapeneira.gal\/#organization"},"image":{"@id":"https:\/\/www.anovapeneira.gal\/index.php\/2023\/09\/12\/comunicado-da-plataforma-de-cerdedo-pola-sanidade-publica\/#primaryimage"},"thumbnailUrl":"https:\/\/www.anovapeneira.gal\/wp-content\/uploads\/2023\/09\/plataforma_cerdedo_sanidade.jpg","keywords":["Concello de Cerdedo-Cotobade"],"articleSection":["Pontevedra"],"inLanguage":"gl-ES","potentialAction":[{"@type":"CommentAction","name":"Comment","target":["https:\/\/www.anovapeneira.gal\/index.php\/2023\/09\/12\/comunicado-da-plataforma-de-cerdedo-pola-sanidade-publica\/#respond"]}]},{"@type":"WebPage","@id":"https:\/\/www.anovapeneira.gal\/index.php\/2023\/09\/12\/comunicado-da-plataforma-de-cerdedo-pola-sanidade-publica\/","url":"https:\/\/www.anovapeneira.gal\/index.php\/2023\/09\/12\/comunicado-da-plataforma-de-cerdedo-pola-sanidade-publica\/","name":"Comunicado da plataforma de Cerdedo pola Sanidade P\u00fablica -","isPartOf":{"@id":"https:\/\/www.anovapeneira.gal\/#website"},"primaryImageOfPage":{"@id":"https:\/\/www.anovapeneira.gal\/index.php\/2023\/09\/12\/comunicado-da-plataforma-de-cerdedo-pola-sanidade-publica\/#primaryimage"},"image":{"@id":"https:\/\/www.anovapeneira.gal\/index.php\/2023\/09\/12\/comunicado-da-plataforma-de-cerdedo-pola-sanidade-publica\/#primaryimage"},"thumbnailUrl":"https:\/\/www.anovapeneira.gal\/wp-content\/uploads\/2023\/09\/plataforma_cerdedo_sanidade.jpg","datePublished":"2023-09-12T08:00:25+00:00","description":"Boas novas co Servizo de Matronas pero seguimos moi en precario co de Pediatr\u00eda","breadcrumb":{"@id":"https:\/\/www.anovapeneira.gal\/index.php\/2023\/09\/12\/comunicado-da-plataforma-de-cerdedo-pola-sanidade-publica\/#breadcrumb"},"inLanguage":"gl-ES","potentialAction":[{"@type":"ReadAction","target":["https:\/\/www.anovapeneira.gal\/index.php\/2023\/09\/12\/comunicado-da-plataforma-de-cerdedo-pola-sanidade-publica\/"]}]},{"@type":"ImageObject","inLanguage":"gl-ES","@id":"https:\/\/www.anovapeneira.gal\/index.php\/2023\/09\/12\/comunicado-da-plataforma-de-cerdedo-pola-sanidade-publica\/#primaryimage","url":"https:\/\/www.anovapeneira.gal\/wp-content\/uploads\/2023\/09\/plataforma_cerdedo_sanidade.jpg","contentUrl":"https:\/\/www.anovapeneira.gal\/wp-content\/uploads\/2023\/09\/plataforma_cerdedo_sanidade.jpg","width":720,"height":432,"caption":"plataforma de Cerdedo pola sanidade p\u00fablica"},{"@type":"BreadcrumbList","@id":"https:\/\/www.anovapeneira.gal\/index.php\/2023\/09\/12\/comunicado-da-plataforma-de-cerdedo-pola-sanidade-publica\/#breadcrumb","itemListElement":[{"@type":"ListItem","position":1,"name":"Portada","item":"https:\/\/www.anovapeneira.gal\/"},{"@type":"ListItem","position":2,"name":"Comunicado da plataforma de Cerdedo pola Sanidade P\u00fablica"}]},{"@type":"WebSite","@id":"https:\/\/www.anovapeneira.gal\/#website","url":"https:\/\/www.anovapeneira.gal\/","name":"","description":"Xornal galego de informaci\u00f3n xeral Publicaci\u00f3n mensual de novas de Galicia e en especial dos Concellos da sur da provincia de Pontevedra.","publisher":{"@id":"https:\/\/www.anovapeneira.gal\/#organization"},"potentialAction":[{"@type":"SearchAction","target":{"@type":"EntryPoint","urlTemplate":"https:\/\/www.anovapeneira.gal\/?s={search_term_string}"},"query-input":{"@type":"PropertyValueSpecification","valueRequired":true,"valueName":"search_term_string"}}],"inLanguage":"gl-ES"},{"@type":"Organization","@id":"https:\/\/www.anovapeneira.gal\/#organization","name":"A Nova Peneira","url":"https:\/\/www.anovapeneira.gal\/","logo":{"@type":"ImageObject","inLanguage":"gl-ES","@id":"https:\/\/www.anovapeneira.gal\/#\/schema\/logo\/image\/","url":"http:\/\/www.anovapeneira.gal\/wp-content\/uploads\/2019\/06\/logo_a_nova_peneira_portal_web.png","contentUrl":"http:\/\/www.anovapeneira.gal\/wp-content\/uploads\/2019\/06\/logo_a_nova_peneira_portal_web.png","width":300,"height":100,"caption":"A Nova Peneira"},"image":{"@id":"https:\/\/www.anovapeneira.gal\/#\/schema\/logo\/image\/"},"sameAs":["https:\/\/www.facebook.com\/anovapeneira","https:\/\/x.com\/APeneira"]},{"@type":"Person","@id":"https:\/\/www.anovapeneira.gal\/#\/schema\/person\/b93e3f8932e3f8da96334607eb6ac6aa","name":"Redacci\u00f3n A Nova Peneira","image":{"@type":"ImageObject","inLanguage":"gl-ES","@id":"https:\/\/secure.gravatar.com\/avatar\/c052a2551a06e23fac63626232eaa90abd78dbcf1700fc46a2b2c89fd27b735f?s=96&d=mm&r=g","url":"https:\/\/secure.gravatar.com\/avatar\/c052a2551a06e23fac63626232eaa90abd78dbcf1700fc46a2b2c89fd27b735f?s=96&d=mm&r=g","contentUrl":"https:\/\/secure.gravatar.com\/avatar\/c052a2551a06e23fac63626232eaa90abd78dbcf1700fc46a2b2c89fd27b735f?s=96&d=mm&r=g","caption":"Redacci\u00f3n A Nova Peneira"},"sameAs":["http:\/\/www.anovapeneira.gal\/"],"url":"https:\/\/www.anovapeneira.gal\/index.php\/author\/redactor\/"}]}},"jetpack_featured_media_url":"https:\/\/www.anovapeneira.gal\/wp-content\/uploads\/2023\/09\/plataforma_cerdedo_sanidade.jpg","_links":{"self":[{"href":"https:\/\/www.anovapeneira.gal\/index.php\/wp-json\/wp\/v2\/posts\/10400","targetHints":{"allow":["GET"]}}],"collection":[{"href":"https:\/\/www.anovapeneira.gal\/index.php\/wp-json\/wp\/v2\/posts"}],"about":[{"href":"https:\/\/www.anovapeneira.gal\/index.php\/wp-json\/wp\/v2\/types\/post"}],"author":[{"embeddable":true,"href":"https:\/\/www.anovapeneira.gal\/index.php\/wp-json\/wp\/v2\/users\/3"}],"replies":[{"embeddable":true,"href":"https:\/\/www.anovapeneira.gal\/index.php\/wp-json\/wp\/v2\/comments?post=10400"}],"version-history":[{"count":1,"href":"https:\/\/www.anovapeneira.gal\/index.php\/wp-json\/wp\/v2\/posts\/10400\/revisions"}],"predecessor-version":[{"id":10401,"href":"https:\/\/www.anovapeneira.gal\/index.php\/wp-json\/wp\/v2\/posts\/10400\/revisions\/10401"}],"wp:featuredmedia":[{"embeddable":true,"href":"https:\/\/www.anovapeneira.gal\/index.php\/wp-json\/wp\/v2\/media\/10402"}],"wp:attachment":[{"href":"https:\/\/www.anovapeneira.gal\/index.php\/wp-json\/wp\/v2\/media?parent=10400"}],"wp:term":[{"taxonomy":"category","embeddable":true,"href":"https:\/\/www.anovapeneira.gal\/index.php\/wp-json\/wp\/v2\/categories?post=10400"},{"taxonomy":"post_tag","embeddable":true,"href":"https:\/\/www.anovapeneira.gal\/index.php\/wp-json\/wp\/v2\/tags?post=10400"}],"curies":[{"name":"wp","href":"https:\/\/api.w.org\/{rel}","templated":true}]}}