{"id":10409,"date":"2023-09-13T10:00:50","date_gmt":"2023-09-13T08:00:50","guid":{"rendered":"https:\/\/www.anovapeneira.gal\/?p=10409"},"modified":"2023-09-11T12:56:09","modified_gmt":"2023-09-11T10:56:09","slug":"gol-de-espana","status":"publish","type":"post","link":"https:\/\/www.anovapeneira.gal\/index.php\/2023\/09\/13\/gol-de-espana\/","title":{"rendered":"Gol de Espa\u00f1a!"},"content":{"rendered":"\n<figure class=\"wp-block-image size-full is-resized\"><img loading=\"lazy\" decoding=\"async\" src=\"https:\/\/www.anovapeneira.gal\/wp-content\/uploads\/2019\/07\/pedro_cortegoso_opinion_a_nova_peneira_bn.jpg\" alt=\"Pedro M. Cortegoso Gago Artigo Opini\u00f3n A Nova Peneira\" class=\"wp-image-464\" style=\"width:88px;height:103px\" width=\"88\" height=\"103\"\/><figcaption class=\"wp-element-caption\">Pedro M. Cortegoso Gago\nTraballador do Sergas<\/figcaption><\/figure>\n\n\n\n<p>Neste mes de agosto o f\u00fatbol e a selecci\u00f3n espa\u00f1ola trouxeron mais dunha pol\u00e9mica. Por unha banda a colocaci\u00f3n de pantallas en Pontevedra para seguir os partidos da selecci\u00f3n feminina abriu un debate que deb\u00eda estar fechado fai moito tempo. Por outra, o escuro enramado futboleiro do estado espa\u00f1ol deixou ben claro que est\u00e1 dominado polos intereses econ\u00f3micos, as prebendas, o machismo e unha ideolox\u00eda espa\u00f1olista rancia.<\/p>\n\n\n\n<p>Debe darse cancha desde unha instituci\u00f3n gobernada por nacionalistas aos s\u00edmbolos es Espa\u00f1a? Que maior s\u00edmbolo que unha selecci\u00f3n de f\u00fatbol.<\/p>\n\n\n\n<p>Debe sumarse ao entusiasmo patrioteiro polos triunfos de \u201cla roja\u201d, sexa masculina ou feminina?<\/p>\n\n\n\n<p>Debe un goberno nacionalista deixarse levar polo posibilismo e o oportunismo e seguir a corrente espa\u00f1olizante do f\u00fatbol?<\/p>\n\n\n\n<p>Debe promover unha selecci\u00f3n e unha bandeira que non \u00e9 a nosa?<\/p>\n\n\n\n<p>Este tipo de actuaci\u00f3ns s\u00f3 fan diminu\u00edr o sentimento nacional galego dun pobo que precisa de referentes propios. Se queremos constru\u00edr, ou evitar que destr\u00faan, a nosa naci\u00f3n non deber\u00edamos fomentar e reforzar os s\u00edmbolos e os discursos de quen pretende asimilarnos e desfacerse de n\u00f3s.<\/p>\n\n\n\n<p>Deber\u00edamos preguntarnos se os que colocan as pantallas para ver \u00e1 selecci\u00f3n son nacionalista ou meros xestores dunha instituci\u00f3n e a s\u00faa \u00fanica finalidade \u00e9 a de perpetuarse nela, a\u00ednda que sexa asumindo os modos e as formas propios dos partidos do r\u00e9xime.<\/p>\n\n\n\n<p>Xa comprobamos con as pantallas xigantes atraen enormes cantidades de bandeiras espa\u00f1olas, igual que a froita atrae \u00e1s velutinas. Ambas son unha especie invasora.<\/p>\n\n\n\n<p>O inimigo xa se basta s\u00f3 para promover a cultura espa\u00f1ola, o deporte espa\u00f1ol, o cine espa\u00f1ol, a unidade de Espa\u00f1a. Non precisa que lle boten unha man desde gobernos nacionalistas. Iso provoca desorientaci\u00f3n nunha sociedade cada vez menos politizada, e polo que se puido ler en redes sociais tam\u00e9n no seo dese nacionalismo maioritario. Resulta moi triste ler as opini\u00f3ns de persoas que levan moitos anos de militancia defender a colocaci\u00f3n de pantallas e, o que \u00e9 peor, defender \u00e1 selecci\u00f3n espa\u00f1ola. Isto demostra un enorme desnorte ideol\u00f3xico, unha abduci\u00f3n mental por parte do adversario.<\/p>\n\n\n\n<p>Estamos nunha batalla onde pretenden facernos crer que se seguimos as regras, a legalidade vixente imposta polo franquismo, se cremos nesta falsa democracia, poderemos chegar a independencia. As regras son para n\u00f3s, para o estado espa\u00f1ol non as hai e pode incumprilas todas para seguir mantendo o status quo.<\/p>\n\n\n\n<p>Se queremos que a nosa naci\u00f3n sexa libre temos que ter claro que ningu\u00e9n nos vai agasallar nada, e menos o estado espa\u00f1ol. Como di La Polla Records: \u201cEspa\u00f1a es una finca de los militares\u201d. Unha finca chea de militares, pol\u00edticos, empresarios, curas e unha familia real que viven moi ben espoliando os recursos das outras naci\u00f3ns do estado, que viven moi ben saqueando a plusval\u00eda do pobo traballador. Vai sendo hora de po\u00f1er fin a esta situaci\u00f3n.<\/p>\n\n\n\n<p>PD: a garrafa de aceite a 9 euros e n\u00f3s falando de f\u00fatbol.<\/p>\n\n\n\n<p>Mar\u00edn, 30 de agosto de 2023<\/p>\n\n\n\n<p>Asdo.: Pedro M. Cortegoso Gago<\/p>\n","protected":false},"excerpt":{"rendered":"<div class=\"mh-excerpt\"><p>Neste mes de agosto o f\u00fatbol e a selecci\u00f3n espa\u00f1ola trouxeron mais dunha pol\u00e9mica. Por unha banda a colocaci\u00f3n de pantallas en Pontevedra para seguir os partidos da selecci\u00f3n feminina abriu un debate que deb\u00eda estar fechado fai moito tempo <a class=\"mh-excerpt-more\" href=\"https:\/\/www.anovapeneira.gal\/index.php\/2023\/09\/13\/gol-de-espana\/\" title=\"Gol de Espa\u00f1a!\">[&#8230;]<\/a><\/p>\n<\/div>","protected":false},"author":4,"featured_media":584,"comment_status":"open","ping_status":"open","sticky":false,"template":"","format":"standard","meta":{"_exactmetrics_skip_tracking":false,"_exactmetrics_sitenote_active":false,"_exactmetrics_sitenote_note":"","_exactmetrics_sitenote_category":0,"footnotes":""},"categories":[7],"tags":[],"class_list":{"0":"post-10409","1":"post","2":"type-post","3":"status-publish","4":"format-standard","5":"has-post-thumbnail","7":"category-artigos-de-opinion"},"yoast_head":"<!-- This site is optimized with the Yoast SEO plugin v27.4 - https:\/\/yoast.com\/product\/yoast-seo-wordpress\/ -->\n<title>Gol de Espa\u00f1a! -<\/title>\n<meta name=\"description\" content=\"Neste mes de agosto o f\u00fatbol e a selecci\u00f3n espa\u00f1ola trouxeron mais dunha pol\u00e9mica. Por unha banda a colocaci\u00f3n de pantallas en Pontevedra para seguir os partidos da selecci\u00f3n feminina abriu un debate que deb\u00eda estar fechado fai moito tempo\" \/>\n<meta name=\"robots\" content=\"index, follow, max-snippet:-1, max-image-preview:large, max-video-preview:-1\" \/>\n<link rel=\"canonical\" href=\"https:\/\/www.anovapeneira.gal\/index.php\/2023\/09\/13\/gol-de-espana\/\" \/>\n<meta property=\"og:locale\" content=\"gl_ES\" \/>\n<meta property=\"og:type\" content=\"article\" \/>\n<meta property=\"og:title\" content=\"Gol de Espa\u00f1a! -\" \/>\n<meta property=\"og:description\" content=\"Neste mes de agosto o f\u00fatbol e a selecci\u00f3n espa\u00f1ola trouxeron mais dunha pol\u00e9mica. Por unha banda a colocaci\u00f3n de pantallas en Pontevedra para seguir os partidos da selecci\u00f3n feminina abriu un debate que deb\u00eda estar fechado fai moito tempo\" \/>\n<meta property=\"og:url\" content=\"https:\/\/www.anovapeneira.gal\/index.php\/2023\/09\/13\/gol-de-espana\/\" \/>\n<meta property=\"article:publisher\" content=\"https:\/\/www.facebook.com\/anovapeneira\" \/>\n<meta property=\"article:published_time\" content=\"2023-09-13T08:00:50+00:00\" \/>\n<meta property=\"og:image\" content=\"https:\/\/www.anovapeneira.gal\/wp-content\/uploads\/2019\/07\/ARTIGO_DE_OPINION_A_NOVA_PENEIRA.jpg\" \/>\n\t<meta property=\"og:image:width\" content=\"720\" \/>\n\t<meta property=\"og:image:height\" content=\"473\" \/>\n\t<meta property=\"og:image:type\" content=\"image\/jpeg\" \/>\n<meta name=\"author\" content=\"Pedro M. Cortegoso Gago\" \/>\n<meta name=\"twitter:card\" content=\"summary_large_image\" \/>\n<meta name=\"twitter:creator\" content=\"@APeneira\" \/>\n<meta name=\"twitter:site\" content=\"@APeneira\" \/>\n<meta name=\"twitter:label1\" content=\"Escrito por\" \/>\n\t<meta name=\"twitter:data1\" content=\"Pedro M. Cortegoso Gago\" \/>\n\t<meta name=\"twitter:label2\" content=\"Tempo de lectura\" \/>\n\t<meta name=\"twitter:data2\" content=\"3 minutos\" \/>\n<script type=\"application\/ld+json\" class=\"yoast-schema-graph\">{\"@context\":\"https:\\\/\\\/schema.org\",\"@graph\":[{\"@type\":\"Article\",\"@id\":\"https:\\\/\\\/www.anovapeneira.gal\\\/index.php\\\/2023\\\/09\\\/13\\\/gol-de-espana\\\/#article\",\"isPartOf\":{\"@id\":\"https:\\\/\\\/www.anovapeneira.gal\\\/index.php\\\/2023\\\/09\\\/13\\\/gol-de-espana\\\/\"},\"author\":{\"name\":\"Pedro M. Cortegoso Gago\",\"@id\":\"https:\\\/\\\/www.anovapeneira.gal\\\/#\\\/schema\\\/person\\\/c04a9c9f722c9446e71ae434c0353337\"},\"headline\":\"Gol de Espa\u00f1a!\",\"datePublished\":\"2023-09-13T08:00:50+00:00\",\"mainEntityOfPage\":{\"@id\":\"https:\\\/\\\/www.anovapeneira.gal\\\/index.php\\\/2023\\\/09\\\/13\\\/gol-de-espana\\\/\"},\"wordCount\":556,\"commentCount\":0,\"publisher\":{\"@id\":\"https:\\\/\\\/www.anovapeneira.gal\\\/#organization\"},\"image\":{\"@id\":\"https:\\\/\\\/www.anovapeneira.gal\\\/index.php\\\/2023\\\/09\\\/13\\\/gol-de-espana\\\/#primaryimage\"},\"thumbnailUrl\":\"https:\\\/\\\/www.anovapeneira.gal\\\/wp-content\\\/uploads\\\/2019\\\/07\\\/ARTIGO_DE_OPINION_A_NOVA_PENEIRA.jpg\",\"articleSection\":[\"Artigos de opini\u00f3n\"],\"inLanguage\":\"gl-ES\",\"potentialAction\":[{\"@type\":\"CommentAction\",\"name\":\"Comment\",\"target\":[\"https:\\\/\\\/www.anovapeneira.gal\\\/index.php\\\/2023\\\/09\\\/13\\\/gol-de-espana\\\/#respond\"]}]},{\"@type\":\"WebPage\",\"@id\":\"https:\\\/\\\/www.anovapeneira.gal\\\/index.php\\\/2023\\\/09\\\/13\\\/gol-de-espana\\\/\",\"url\":\"https:\\\/\\\/www.anovapeneira.gal\\\/index.php\\\/2023\\\/09\\\/13\\\/gol-de-espana\\\/\",\"name\":\"Gol de Espa\u00f1a! -\",\"isPartOf\":{\"@id\":\"https:\\\/\\\/www.anovapeneira.gal\\\/#website\"},\"primaryImageOfPage\":{\"@id\":\"https:\\\/\\\/www.anovapeneira.gal\\\/index.php\\\/2023\\\/09\\\/13\\\/gol-de-espana\\\/#primaryimage\"},\"image\":{\"@id\":\"https:\\\/\\\/www.anovapeneira.gal\\\/index.php\\\/2023\\\/09\\\/13\\\/gol-de-espana\\\/#primaryimage\"},\"thumbnailUrl\":\"https:\\\/\\\/www.anovapeneira.gal\\\/wp-content\\\/uploads\\\/2019\\\/07\\\/ARTIGO_DE_OPINION_A_NOVA_PENEIRA.jpg\",\"datePublished\":\"2023-09-13T08:00:50+00:00\",\"description\":\"Neste mes de agosto o f\u00fatbol e a selecci\u00f3n espa\u00f1ola trouxeron mais dunha pol\u00e9mica. Por unha banda a colocaci\u00f3n de pantallas en Pontevedra para seguir os partidos da selecci\u00f3n feminina abriu un debate que deb\u00eda estar fechado fai moito tempo\",\"breadcrumb\":{\"@id\":\"https:\\\/\\\/www.anovapeneira.gal\\\/index.php\\\/2023\\\/09\\\/13\\\/gol-de-espana\\\/#breadcrumb\"},\"inLanguage\":\"gl-ES\",\"potentialAction\":[{\"@type\":\"ReadAction\",\"target\":[\"https:\\\/\\\/www.anovapeneira.gal\\\/index.php\\\/2023\\\/09\\\/13\\\/gol-de-espana\\\/\"]}]},{\"@type\":\"ImageObject\",\"inLanguage\":\"gl-ES\",\"@id\":\"https:\\\/\\\/www.anovapeneira.gal\\\/index.php\\\/2023\\\/09\\\/13\\\/gol-de-espana\\\/#primaryimage\",\"url\":\"https:\\\/\\\/www.anovapeneira.gal\\\/wp-content\\\/uploads\\\/2019\\\/07\\\/ARTIGO_DE_OPINION_A_NOVA_PENEIRA.jpg\",\"contentUrl\":\"https:\\\/\\\/www.anovapeneira.gal\\\/wp-content\\\/uploads\\\/2019\\\/07\\\/ARTIGO_DE_OPINION_A_NOVA_PENEIRA.jpg\",\"width\":720,\"height\":473,\"caption\":\"Artigo de opini\u00f3n A Nova Peneira\"},{\"@type\":\"BreadcrumbList\",\"@id\":\"https:\\\/\\\/www.anovapeneira.gal\\\/index.php\\\/2023\\\/09\\\/13\\\/gol-de-espana\\\/#breadcrumb\",\"itemListElement\":[{\"@type\":\"ListItem\",\"position\":1,\"name\":\"Portada\",\"item\":\"https:\\\/\\\/www.anovapeneira.gal\\\/\"},{\"@type\":\"ListItem\",\"position\":2,\"name\":\"Gol de Espa\u00f1a!\"}]},{\"@type\":\"WebSite\",\"@id\":\"https:\\\/\\\/www.anovapeneira.gal\\\/#website\",\"url\":\"https:\\\/\\\/www.anovapeneira.gal\\\/\",\"name\":\"\",\"description\":\"Xornal galego de informaci\u00f3n xeral Publicaci\u00f3n mensual de novas de Galicia e en especial dos Concellos da sur da provincia de Pontevedra.\",\"publisher\":{\"@id\":\"https:\\\/\\\/www.anovapeneira.gal\\\/#organization\"},\"potentialAction\":[{\"@type\":\"SearchAction\",\"target\":{\"@type\":\"EntryPoint\",\"urlTemplate\":\"https:\\\/\\\/www.anovapeneira.gal\\\/?s={search_term_string}\"},\"query-input\":{\"@type\":\"PropertyValueSpecification\",\"valueRequired\":true,\"valueName\":\"search_term_string\"}}],\"inLanguage\":\"gl-ES\"},{\"@type\":\"Organization\",\"@id\":\"https:\\\/\\\/www.anovapeneira.gal\\\/#organization\",\"name\":\"A Nova Peneira\",\"url\":\"https:\\\/\\\/www.anovapeneira.gal\\\/\",\"logo\":{\"@type\":\"ImageObject\",\"inLanguage\":\"gl-ES\",\"@id\":\"https:\\\/\\\/www.anovapeneira.gal\\\/#\\\/schema\\\/logo\\\/image\\\/\",\"url\":\"http:\\\/\\\/www.anovapeneira.gal\\\/wp-content\\\/uploads\\\/2019\\\/06\\\/logo_a_nova_peneira_portal_web.png\",\"contentUrl\":\"http:\\\/\\\/www.anovapeneira.gal\\\/wp-content\\\/uploads\\\/2019\\\/06\\\/logo_a_nova_peneira_portal_web.png\",\"width\":300,\"height\":100,\"caption\":\"A Nova Peneira\"},\"image\":{\"@id\":\"https:\\\/\\\/www.anovapeneira.gal\\\/#\\\/schema\\\/logo\\\/image\\\/\"},\"sameAs\":[\"https:\\\/\\\/www.facebook.com\\\/anovapeneira\",\"https:\\\/\\\/x.com\\\/APeneira\"]},{\"@type\":\"Person\",\"@id\":\"https:\\\/\\\/www.anovapeneira.gal\\\/#\\\/schema\\\/person\\\/c04a9c9f722c9446e71ae434c0353337\",\"name\":\"Pedro M. Cortegoso Gago\",\"image\":{\"@type\":\"ImageObject\",\"inLanguage\":\"gl-ES\",\"@id\":\"https:\\\/\\\/secure.gravatar.com\\\/avatar\\\/1613b27278a972c04db5c2f04fb2cbfa9edb58d6c3e2547817ecb8240eb58381?s=96&d=mm&r=g\",\"url\":\"https:\\\/\\\/secure.gravatar.com\\\/avatar\\\/1613b27278a972c04db5c2f04fb2cbfa9edb58d6c3e2547817ecb8240eb58381?s=96&d=mm&r=g\",\"contentUrl\":\"https:\\\/\\\/secure.gravatar.com\\\/avatar\\\/1613b27278a972c04db5c2f04fb2cbfa9edb58d6c3e2547817ecb8240eb58381?s=96&d=mm&r=g\",\"caption\":\"Pedro M. Cortegoso Gago\"},\"sameAs\":[\"http:\\\/\\\/anovapeneira.gal\"],\"url\":\"https:\\\/\\\/www.anovapeneira.gal\\\/index.php\\\/author\\\/opinionpcortegoso\\\/\"}]}<\/script>\n<!-- \/ Yoast SEO plugin. -->","yoast_head_json":{"title":"Gol de Espa\u00f1a! -","description":"Neste mes de agosto o f\u00fatbol e a selecci\u00f3n espa\u00f1ola trouxeron mais dunha pol\u00e9mica. Por unha banda a colocaci\u00f3n de pantallas en Pontevedra para seguir os partidos da selecci\u00f3n feminina abriu un debate que deb\u00eda estar fechado fai moito tempo","robots":{"index":"index","follow":"follow","max-snippet":"max-snippet:-1","max-image-preview":"max-image-preview:large","max-video-preview":"max-video-preview:-1"},"canonical":"https:\/\/www.anovapeneira.gal\/index.php\/2023\/09\/13\/gol-de-espana\/","og_locale":"gl_ES","og_type":"article","og_title":"Gol de Espa\u00f1a! -","og_description":"Neste mes de agosto o f\u00fatbol e a selecci\u00f3n espa\u00f1ola trouxeron mais dunha pol\u00e9mica. Por unha banda a colocaci\u00f3n de pantallas en Pontevedra para seguir os partidos da selecci\u00f3n feminina abriu un debate que deb\u00eda estar fechado fai moito tempo","og_url":"https:\/\/www.anovapeneira.gal\/index.php\/2023\/09\/13\/gol-de-espana\/","article_publisher":"https:\/\/www.facebook.com\/anovapeneira","article_published_time":"2023-09-13T08:00:50+00:00","og_image":[{"width":720,"height":473,"url":"https:\/\/www.anovapeneira.gal\/wp-content\/uploads\/2019\/07\/ARTIGO_DE_OPINION_A_NOVA_PENEIRA.jpg","type":"image\/jpeg"}],"author":"Pedro M. Cortegoso Gago","twitter_card":"summary_large_image","twitter_creator":"@APeneira","twitter_site":"@APeneira","twitter_misc":{"Escrito por":"Pedro M. Cortegoso Gago","Tempo de lectura":"3 minutos"},"schema":{"@context":"https:\/\/schema.org","@graph":[{"@type":"Article","@id":"https:\/\/www.anovapeneira.gal\/index.php\/2023\/09\/13\/gol-de-espana\/#article","isPartOf":{"@id":"https:\/\/www.anovapeneira.gal\/index.php\/2023\/09\/13\/gol-de-espana\/"},"author":{"name":"Pedro M. Cortegoso Gago","@id":"https:\/\/www.anovapeneira.gal\/#\/schema\/person\/c04a9c9f722c9446e71ae434c0353337"},"headline":"Gol de Espa\u00f1a!","datePublished":"2023-09-13T08:00:50+00:00","mainEntityOfPage":{"@id":"https:\/\/www.anovapeneira.gal\/index.php\/2023\/09\/13\/gol-de-espana\/"},"wordCount":556,"commentCount":0,"publisher":{"@id":"https:\/\/www.anovapeneira.gal\/#organization"},"image":{"@id":"https:\/\/www.anovapeneira.gal\/index.php\/2023\/09\/13\/gol-de-espana\/#primaryimage"},"thumbnailUrl":"https:\/\/www.anovapeneira.gal\/wp-content\/uploads\/2019\/07\/ARTIGO_DE_OPINION_A_NOVA_PENEIRA.jpg","articleSection":["Artigos de opini\u00f3n"],"inLanguage":"gl-ES","potentialAction":[{"@type":"CommentAction","name":"Comment","target":["https:\/\/www.anovapeneira.gal\/index.php\/2023\/09\/13\/gol-de-espana\/#respond"]}]},{"@type":"WebPage","@id":"https:\/\/www.anovapeneira.gal\/index.php\/2023\/09\/13\/gol-de-espana\/","url":"https:\/\/www.anovapeneira.gal\/index.php\/2023\/09\/13\/gol-de-espana\/","name":"Gol de Espa\u00f1a! -","isPartOf":{"@id":"https:\/\/www.anovapeneira.gal\/#website"},"primaryImageOfPage":{"@id":"https:\/\/www.anovapeneira.gal\/index.php\/2023\/09\/13\/gol-de-espana\/#primaryimage"},"image":{"@id":"https:\/\/www.anovapeneira.gal\/index.php\/2023\/09\/13\/gol-de-espana\/#primaryimage"},"thumbnailUrl":"https:\/\/www.anovapeneira.gal\/wp-content\/uploads\/2019\/07\/ARTIGO_DE_OPINION_A_NOVA_PENEIRA.jpg","datePublished":"2023-09-13T08:00:50+00:00","description":"Neste mes de agosto o f\u00fatbol e a selecci\u00f3n espa\u00f1ola trouxeron mais dunha pol\u00e9mica. Por unha banda a colocaci\u00f3n de pantallas en Pontevedra para seguir os partidos da selecci\u00f3n feminina abriu un debate que deb\u00eda estar fechado fai moito tempo","breadcrumb":{"@id":"https:\/\/www.anovapeneira.gal\/index.php\/2023\/09\/13\/gol-de-espana\/#breadcrumb"},"inLanguage":"gl-ES","potentialAction":[{"@type":"ReadAction","target":["https:\/\/www.anovapeneira.gal\/index.php\/2023\/09\/13\/gol-de-espana\/"]}]},{"@type":"ImageObject","inLanguage":"gl-ES","@id":"https:\/\/www.anovapeneira.gal\/index.php\/2023\/09\/13\/gol-de-espana\/#primaryimage","url":"https:\/\/www.anovapeneira.gal\/wp-content\/uploads\/2019\/07\/ARTIGO_DE_OPINION_A_NOVA_PENEIRA.jpg","contentUrl":"https:\/\/www.anovapeneira.gal\/wp-content\/uploads\/2019\/07\/ARTIGO_DE_OPINION_A_NOVA_PENEIRA.jpg","width":720,"height":473,"caption":"Artigo de opini\u00f3n A Nova Peneira"},{"@type":"BreadcrumbList","@id":"https:\/\/www.anovapeneira.gal\/index.php\/2023\/09\/13\/gol-de-espana\/#breadcrumb","itemListElement":[{"@type":"ListItem","position":1,"name":"Portada","item":"https:\/\/www.anovapeneira.gal\/"},{"@type":"ListItem","position":2,"name":"Gol de Espa\u00f1a!"}]},{"@type":"WebSite","@id":"https:\/\/www.anovapeneira.gal\/#website","url":"https:\/\/www.anovapeneira.gal\/","name":"","description":"Xornal galego de informaci\u00f3n xeral Publicaci\u00f3n mensual de novas de Galicia e en especial dos Concellos da sur da provincia de Pontevedra.","publisher":{"@id":"https:\/\/www.anovapeneira.gal\/#organization"},"potentialAction":[{"@type":"SearchAction","target":{"@type":"EntryPoint","urlTemplate":"https:\/\/www.anovapeneira.gal\/?s={search_term_string}"},"query-input":{"@type":"PropertyValueSpecification","valueRequired":true,"valueName":"search_term_string"}}],"inLanguage":"gl-ES"},{"@type":"Organization","@id":"https:\/\/www.anovapeneira.gal\/#organization","name":"A Nova Peneira","url":"https:\/\/www.anovapeneira.gal\/","logo":{"@type":"ImageObject","inLanguage":"gl-ES","@id":"https:\/\/www.anovapeneira.gal\/#\/schema\/logo\/image\/","url":"http:\/\/www.anovapeneira.gal\/wp-content\/uploads\/2019\/06\/logo_a_nova_peneira_portal_web.png","contentUrl":"http:\/\/www.anovapeneira.gal\/wp-content\/uploads\/2019\/06\/logo_a_nova_peneira_portal_web.png","width":300,"height":100,"caption":"A Nova Peneira"},"image":{"@id":"https:\/\/www.anovapeneira.gal\/#\/schema\/logo\/image\/"},"sameAs":["https:\/\/www.facebook.com\/anovapeneira","https:\/\/x.com\/APeneira"]},{"@type":"Person","@id":"https:\/\/www.anovapeneira.gal\/#\/schema\/person\/c04a9c9f722c9446e71ae434c0353337","name":"Pedro M. Cortegoso Gago","image":{"@type":"ImageObject","inLanguage":"gl-ES","@id":"https:\/\/secure.gravatar.com\/avatar\/1613b27278a972c04db5c2f04fb2cbfa9edb58d6c3e2547817ecb8240eb58381?s=96&d=mm&r=g","url":"https:\/\/secure.gravatar.com\/avatar\/1613b27278a972c04db5c2f04fb2cbfa9edb58d6c3e2547817ecb8240eb58381?s=96&d=mm&r=g","contentUrl":"https:\/\/secure.gravatar.com\/avatar\/1613b27278a972c04db5c2f04fb2cbfa9edb58d6c3e2547817ecb8240eb58381?s=96&d=mm&r=g","caption":"Pedro M. Cortegoso Gago"},"sameAs":["http:\/\/anovapeneira.gal"],"url":"https:\/\/www.anovapeneira.gal\/index.php\/author\/opinionpcortegoso\/"}]}},"jetpack_featured_media_url":"https:\/\/www.anovapeneira.gal\/wp-content\/uploads\/2019\/07\/ARTIGO_DE_OPINION_A_NOVA_PENEIRA.jpg","_links":{"self":[{"href":"https:\/\/www.anovapeneira.gal\/index.php\/wp-json\/wp\/v2\/posts\/10409","targetHints":{"allow":["GET"]}}],"collection":[{"href":"https:\/\/www.anovapeneira.gal\/index.php\/wp-json\/wp\/v2\/posts"}],"about":[{"href":"https:\/\/www.anovapeneira.gal\/index.php\/wp-json\/wp\/v2\/types\/post"}],"author":[{"embeddable":true,"href":"https:\/\/www.anovapeneira.gal\/index.php\/wp-json\/wp\/v2\/users\/4"}],"replies":[{"embeddable":true,"href":"https:\/\/www.anovapeneira.gal\/index.php\/wp-json\/wp\/v2\/comments?post=10409"}],"version-history":[{"count":1,"href":"https:\/\/www.anovapeneira.gal\/index.php\/wp-json\/wp\/v2\/posts\/10409\/revisions"}],"predecessor-version":[{"id":10410,"href":"https:\/\/www.anovapeneira.gal\/index.php\/wp-json\/wp\/v2\/posts\/10409\/revisions\/10410"}],"wp:featuredmedia":[{"embeddable":true,"href":"https:\/\/www.anovapeneira.gal\/index.php\/wp-json\/wp\/v2\/media\/584"}],"wp:attachment":[{"href":"https:\/\/www.anovapeneira.gal\/index.php\/wp-json\/wp\/v2\/media?parent=10409"}],"wp:term":[{"taxonomy":"category","embeddable":true,"href":"https:\/\/www.anovapeneira.gal\/index.php\/wp-json\/wp\/v2\/categories?post=10409"},{"taxonomy":"post_tag","embeddable":true,"href":"https:\/\/www.anovapeneira.gal\/index.php\/wp-json\/wp\/v2\/tags?post=10409"}],"curies":[{"name":"wp","href":"https:\/\/api.w.org\/{rel}","templated":true}]}}