{"id":10411,"date":"2023-09-13T12:00:59","date_gmt":"2023-09-13T10:00:59","guid":{"rendered":"https:\/\/www.anovapeneira.gal\/?p=10411"},"modified":"2023-09-11T13:01:16","modified_gmt":"2023-09-11T11:01:16","slug":"o-alcalde-de-ponte-caldelas-recibe-ao-maxistrado-xubilado-javier-casas","status":"publish","type":"post","link":"https:\/\/www.anovapeneira.gal\/index.php\/2023\/09\/13\/o-alcalde-de-ponte-caldelas-recibe-ao-maxistrado-xubilado-javier-casas\/","title":{"rendered":"O alcalde de Ponte Caldelas recibe ao maxistrado xubilado Javier Casas"},"content":{"rendered":"\n<h2 class=\"wp-block-heading\">O pasado 7 de setembro Andr\u00e9s D\u00edaz, alcalde de Ponte Caldelas, recib\u00eda no seu despacho a un ilustre veci\u00f1o da vila, o maxistrado xubilado Javier Casas Est\u00e9vez.<\/h2>\n\n\n\n<p>Javier \u00e9 un orgulloso fillo de Ponte Caldelas, al\u00ed naceu e al\u00ed naceron tam\u00e9n o seu pai e a s\u00faa nai, e asemade esta \u00e9 a localidade de procedencia da familia da s\u00faa compa\u00f1eira Fernanda. O pai de Javier foi secretario xudicial e os cami\u00f1os da vida lev\u00e1rono a que boa parte da s\u00faa vida profesional transcorrese nas terras de Andaluc\u00eda, comunidade \u00e1 que o protagonista desta cr\u00f3nica chegou con tan s\u00f3 catro anos. En M\u00e1laga estudou o bacharelato, e a carreira de dereito cursouna na Universidade de Granada. Por\u00e9n Javier nunca perdeu a vinculaci\u00f3n emocional nin o contacto co seu pobo natal. Todos os ver\u00e1ns da s\u00faa vida acudiu, acode e ten pensado seguir acudindo, ao pobo que lle viu nacer a gozar do seu tempo de lecer. A s\u00faa carreira xudicial foi moi longa: Foi fiscal en Mondo\u00f1edo e en Viveiro, xu\u00edz de primeira instancia en Santa Cruz de La Palma, e Vinaroz, maxistrado en Jerez e Donosti , presidente das Audiencias Provinciais de Le\u00f3n e Pontevedra, e presidente do Tribunal Superior de Xustiza de Madrid ata a s\u00faa xubilaci\u00f3n. Unha vez xubilado foi membro do Consello Consultivo da Comunidade de Madrid. Actualmente reparte o seu tempo entre a capital do estado e o seu pobo natal do que se confesa perdidamente namorado. De feito cando lle preguntamos que significaba Ponte Caldelas para el , contestounos:<\/p>\n\n\n\n<p>\u201c Ponte Caldelas significa moit\u00edsimo para min. \u00c9 o meu pobo natal, o pobo do meu pai, da mi\u00f1a nai, e da familia da mi\u00f1a muller Fernanda. Eu estiven en moitos sitios, te\u00f1o xa bastantes anos, pero nunca , e cando digo nunca quero dicir literalmente nunca, deixei de manifestarme como un fillo orgulloso de Ponte Caldelas\u201d<\/p>\n\n\n\n<p>Andr\u00e9s D\u00edaz manifestou nas nosas p\u00e1xinas que:<\/p>\n\n\n\n<p>\u201c Para min non s\u00f3 como alcalde do pobo, sen\u00f3n tam\u00e9n como veci\u00f1o de Ponte Caldelas \u00e9 un orgullo recibir no Concello a un fillo da vila coa traxectoria profesional e a solvencia intelectual do Maxistrado Javier Casas. Esta \u00e9 a s\u00faa casa, e estou encantado de que nos visite sempre que o desexe\u201d<\/p>\n","protected":false},"excerpt":{"rendered":"<div class=\"mh-excerpt\"><p>O pasado 7 de setembro Andr\u00e9s D\u00edaz, alcalde de Ponte Caldelas, recib\u00eda no seu despacho a un ilustre veci\u00f1o da vila, o maxistrado xubilado Javier Casas Est\u00e9vez <a class=\"mh-excerpt-more\" href=\"https:\/\/www.anovapeneira.gal\/index.php\/2023\/09\/13\/o-alcalde-de-ponte-caldelas-recibe-ao-maxistrado-xubilado-javier-casas\/\" title=\"O alcalde de Ponte Caldelas recibe ao maxistrado xubilado Javier Casas\">[&#8230;]<\/a><\/p>\n<\/div>","protected":false},"author":3,"featured_media":10412,"comment_status":"open","ping_status":"open","sticky":false,"template":"","format":"standard","meta":{"_exactmetrics_skip_tracking":false,"_exactmetrics_sitenote_active":false,"_exactmetrics_sitenote_note":"","_exactmetrics_sitenote_category":0,"footnotes":""},"categories":[24],"tags":[128],"class_list":{"0":"post-10411","1":"post","2":"type-post","3":"status-publish","4":"format-standard","5":"has-post-thumbnail","7":"category-redondela","8":"tag-concello-de-ponte-caldelas"},"yoast_head":"<!-- This site is optimized with the Yoast SEO plugin v27.4 - https:\/\/yoast.com\/product\/yoast-seo-wordpress\/ -->\n<title>O alcalde de Ponte Caldelas recibe ao maxistrado xubilado Javier Casas -<\/title>\n<meta name=\"description\" content=\"O pasado 7 de setembro Andr\u00e9s D\u00edaz, alcalde de Ponte Caldelas, recib\u00eda no seu despacho a un ilustre veci\u00f1o da vila, o maxistrado xubilado Javier Casas Est\u00e9vez\" \/>\n<meta name=\"robots\" content=\"index, follow, max-snippet:-1, max-image-preview:large, max-video-preview:-1\" \/>\n<link rel=\"canonical\" href=\"https:\/\/www.anovapeneira.gal\/index.php\/2023\/09\/13\/o-alcalde-de-ponte-caldelas-recibe-ao-maxistrado-xubilado-javier-casas\/\" \/>\n<meta property=\"og:locale\" content=\"gl_ES\" \/>\n<meta property=\"og:type\" content=\"article\" \/>\n<meta property=\"og:title\" content=\"O alcalde de Ponte Caldelas recibe ao maxistrado xubilado Javier Casas -\" \/>\n<meta property=\"og:description\" content=\"O pasado 7 de setembro Andr\u00e9s D\u00edaz, alcalde de Ponte Caldelas, recib\u00eda no seu despacho a un ilustre veci\u00f1o da vila, o maxistrado xubilado Javier Casas Est\u00e9vez\" \/>\n<meta property=\"og:url\" content=\"https:\/\/www.anovapeneira.gal\/index.php\/2023\/09\/13\/o-alcalde-de-ponte-caldelas-recibe-ao-maxistrado-xubilado-javier-casas\/\" \/>\n<meta property=\"article:publisher\" content=\"https:\/\/www.facebook.com\/anovapeneira\" \/>\n<meta property=\"article:published_time\" content=\"2023-09-13T10:00:59+00:00\" \/>\n<meta property=\"og:image\" content=\"https:\/\/www.anovapeneira.gal\/wp-content\/uploads\/2023\/09\/javier_casas_pontecaldelas.jpg\" \/>\n\t<meta property=\"og:image:width\" content=\"720\" \/>\n\t<meta property=\"og:image:height\" content=\"432\" \/>\n\t<meta property=\"og:image:type\" content=\"image\/jpeg\" \/>\n<meta name=\"author\" content=\"Redacci\u00f3n A Nova Peneira\" \/>\n<meta name=\"twitter:card\" content=\"summary_large_image\" \/>\n<meta name=\"twitter:creator\" content=\"@APeneira\" \/>\n<meta name=\"twitter:site\" content=\"@APeneira\" \/>\n<meta name=\"twitter:label1\" content=\"Escrito por\" \/>\n\t<meta name=\"twitter:data1\" content=\"Redacci\u00f3n A Nova Peneira\" \/>\n\t<meta name=\"twitter:label2\" content=\"Tempo de lectura\" \/>\n\t<meta name=\"twitter:data2\" content=\"3 minutos\" \/>\n<script type=\"application\/ld+json\" class=\"yoast-schema-graph\">{\"@context\":\"https:\\\/\\\/schema.org\",\"@graph\":[{\"@type\":\"Article\",\"@id\":\"https:\\\/\\\/www.anovapeneira.gal\\\/index.php\\\/2023\\\/09\\\/13\\\/o-alcalde-de-ponte-caldelas-recibe-ao-maxistrado-xubilado-javier-casas\\\/#article\",\"isPartOf\":{\"@id\":\"https:\\\/\\\/www.anovapeneira.gal\\\/index.php\\\/2023\\\/09\\\/13\\\/o-alcalde-de-ponte-caldelas-recibe-ao-maxistrado-xubilado-javier-casas\\\/\"},\"author\":{\"name\":\"Redacci\u00f3n A Nova Peneira\",\"@id\":\"https:\\\/\\\/www.anovapeneira.gal\\\/#\\\/schema\\\/person\\\/b93e3f8932e3f8da96334607eb6ac6aa\"},\"headline\":\"O alcalde de Ponte Caldelas recibe ao maxistrado xubilado Javier Casas\",\"datePublished\":\"2023-09-13T10:00:59+00:00\",\"mainEntityOfPage\":{\"@id\":\"https:\\\/\\\/www.anovapeneira.gal\\\/index.php\\\/2023\\\/09\\\/13\\\/o-alcalde-de-ponte-caldelas-recibe-ao-maxistrado-xubilado-javier-casas\\\/\"},\"wordCount\":408,\"commentCount\":0,\"publisher\":{\"@id\":\"https:\\\/\\\/www.anovapeneira.gal\\\/#organization\"},\"image\":{\"@id\":\"https:\\\/\\\/www.anovapeneira.gal\\\/index.php\\\/2023\\\/09\\\/13\\\/o-alcalde-de-ponte-caldelas-recibe-ao-maxistrado-xubilado-javier-casas\\\/#primaryimage\"},\"thumbnailUrl\":\"https:\\\/\\\/www.anovapeneira.gal\\\/wp-content\\\/uploads\\\/2023\\\/09\\\/javier_casas_pontecaldelas.jpg\",\"keywords\":[\"Concello de Ponte Caldelas\"],\"articleSection\":[\"Redondela\"],\"inLanguage\":\"gl-ES\",\"potentialAction\":[{\"@type\":\"CommentAction\",\"name\":\"Comment\",\"target\":[\"https:\\\/\\\/www.anovapeneira.gal\\\/index.php\\\/2023\\\/09\\\/13\\\/o-alcalde-de-ponte-caldelas-recibe-ao-maxistrado-xubilado-javier-casas\\\/#respond\"]}]},{\"@type\":\"WebPage\",\"@id\":\"https:\\\/\\\/www.anovapeneira.gal\\\/index.php\\\/2023\\\/09\\\/13\\\/o-alcalde-de-ponte-caldelas-recibe-ao-maxistrado-xubilado-javier-casas\\\/\",\"url\":\"https:\\\/\\\/www.anovapeneira.gal\\\/index.php\\\/2023\\\/09\\\/13\\\/o-alcalde-de-ponte-caldelas-recibe-ao-maxistrado-xubilado-javier-casas\\\/\",\"name\":\"O alcalde de Ponte Caldelas recibe ao maxistrado xubilado Javier Casas -\",\"isPartOf\":{\"@id\":\"https:\\\/\\\/www.anovapeneira.gal\\\/#website\"},\"primaryImageOfPage\":{\"@id\":\"https:\\\/\\\/www.anovapeneira.gal\\\/index.php\\\/2023\\\/09\\\/13\\\/o-alcalde-de-ponte-caldelas-recibe-ao-maxistrado-xubilado-javier-casas\\\/#primaryimage\"},\"image\":{\"@id\":\"https:\\\/\\\/www.anovapeneira.gal\\\/index.php\\\/2023\\\/09\\\/13\\\/o-alcalde-de-ponte-caldelas-recibe-ao-maxistrado-xubilado-javier-casas\\\/#primaryimage\"},\"thumbnailUrl\":\"https:\\\/\\\/www.anovapeneira.gal\\\/wp-content\\\/uploads\\\/2023\\\/09\\\/javier_casas_pontecaldelas.jpg\",\"datePublished\":\"2023-09-13T10:00:59+00:00\",\"description\":\"O pasado 7 de setembro Andr\u00e9s D\u00edaz, alcalde de Ponte Caldelas, recib\u00eda no seu despacho a un ilustre veci\u00f1o da vila, o maxistrado xubilado Javier Casas Est\u00e9vez\",\"breadcrumb\":{\"@id\":\"https:\\\/\\\/www.anovapeneira.gal\\\/index.php\\\/2023\\\/09\\\/13\\\/o-alcalde-de-ponte-caldelas-recibe-ao-maxistrado-xubilado-javier-casas\\\/#breadcrumb\"},\"inLanguage\":\"gl-ES\",\"potentialAction\":[{\"@type\":\"ReadAction\",\"target\":[\"https:\\\/\\\/www.anovapeneira.gal\\\/index.php\\\/2023\\\/09\\\/13\\\/o-alcalde-de-ponte-caldelas-recibe-ao-maxistrado-xubilado-javier-casas\\\/\"]}]},{\"@type\":\"ImageObject\",\"inLanguage\":\"gl-ES\",\"@id\":\"https:\\\/\\\/www.anovapeneira.gal\\\/index.php\\\/2023\\\/09\\\/13\\\/o-alcalde-de-ponte-caldelas-recibe-ao-maxistrado-xubilado-javier-casas\\\/#primaryimage\",\"url\":\"https:\\\/\\\/www.anovapeneira.gal\\\/wp-content\\\/uploads\\\/2023\\\/09\\\/javier_casas_pontecaldelas.jpg\",\"contentUrl\":\"https:\\\/\\\/www.anovapeneira.gal\\\/wp-content\\\/uploads\\\/2023\\\/09\\\/javier_casas_pontecaldelas.jpg\",\"width\":720,\"height\":432,\"caption\":\"Javier Casas Ponte Caldelas\"},{\"@type\":\"BreadcrumbList\",\"@id\":\"https:\\\/\\\/www.anovapeneira.gal\\\/index.php\\\/2023\\\/09\\\/13\\\/o-alcalde-de-ponte-caldelas-recibe-ao-maxistrado-xubilado-javier-casas\\\/#breadcrumb\",\"itemListElement\":[{\"@type\":\"ListItem\",\"position\":1,\"name\":\"Portada\",\"item\":\"https:\\\/\\\/www.anovapeneira.gal\\\/\"},{\"@type\":\"ListItem\",\"position\":2,\"name\":\"O alcalde de Ponte Caldelas recibe ao maxistrado xubilado Javier Casas\"}]},{\"@type\":\"WebSite\",\"@id\":\"https:\\\/\\\/www.anovapeneira.gal\\\/#website\",\"url\":\"https:\\\/\\\/www.anovapeneira.gal\\\/\",\"name\":\"\",\"description\":\"Xornal galego de informaci\u00f3n xeral Publicaci\u00f3n mensual de novas de Galicia e en especial dos Concellos da sur da provincia de Pontevedra.\",\"publisher\":{\"@id\":\"https:\\\/\\\/www.anovapeneira.gal\\\/#organization\"},\"potentialAction\":[{\"@type\":\"SearchAction\",\"target\":{\"@type\":\"EntryPoint\",\"urlTemplate\":\"https:\\\/\\\/www.anovapeneira.gal\\\/?s={search_term_string}\"},\"query-input\":{\"@type\":\"PropertyValueSpecification\",\"valueRequired\":true,\"valueName\":\"search_term_string\"}}],\"inLanguage\":\"gl-ES\"},{\"@type\":\"Organization\",\"@id\":\"https:\\\/\\\/www.anovapeneira.gal\\\/#organization\",\"name\":\"A Nova Peneira\",\"url\":\"https:\\\/\\\/www.anovapeneira.gal\\\/\",\"logo\":{\"@type\":\"ImageObject\",\"inLanguage\":\"gl-ES\",\"@id\":\"https:\\\/\\\/www.anovapeneira.gal\\\/#\\\/schema\\\/logo\\\/image\\\/\",\"url\":\"http:\\\/\\\/www.anovapeneira.gal\\\/wp-content\\\/uploads\\\/2019\\\/06\\\/logo_a_nova_peneira_portal_web.png\",\"contentUrl\":\"http:\\\/\\\/www.anovapeneira.gal\\\/wp-content\\\/uploads\\\/2019\\\/06\\\/logo_a_nova_peneira_portal_web.png\",\"width\":300,\"height\":100,\"caption\":\"A Nova Peneira\"},\"image\":{\"@id\":\"https:\\\/\\\/www.anovapeneira.gal\\\/#\\\/schema\\\/logo\\\/image\\\/\"},\"sameAs\":[\"https:\\\/\\\/www.facebook.com\\\/anovapeneira\",\"https:\\\/\\\/x.com\\\/APeneira\"]},{\"@type\":\"Person\",\"@id\":\"https:\\\/\\\/www.anovapeneira.gal\\\/#\\\/schema\\\/person\\\/b93e3f8932e3f8da96334607eb6ac6aa\",\"name\":\"Redacci\u00f3n A Nova Peneira\",\"image\":{\"@type\":\"ImageObject\",\"inLanguage\":\"gl-ES\",\"@id\":\"https:\\\/\\\/secure.gravatar.com\\\/avatar\\\/c052a2551a06e23fac63626232eaa90abd78dbcf1700fc46a2b2c89fd27b735f?s=96&d=mm&r=g\",\"url\":\"https:\\\/\\\/secure.gravatar.com\\\/avatar\\\/c052a2551a06e23fac63626232eaa90abd78dbcf1700fc46a2b2c89fd27b735f?s=96&d=mm&r=g\",\"contentUrl\":\"https:\\\/\\\/secure.gravatar.com\\\/avatar\\\/c052a2551a06e23fac63626232eaa90abd78dbcf1700fc46a2b2c89fd27b735f?s=96&d=mm&r=g\",\"caption\":\"Redacci\u00f3n A Nova Peneira\"},\"sameAs\":[\"http:\\\/\\\/www.anovapeneira.gal\\\/\"],\"url\":\"https:\\\/\\\/www.anovapeneira.gal\\\/index.php\\\/author\\\/redactor\\\/\"}]}<\/script>\n<!-- \/ Yoast SEO plugin. -->","yoast_head_json":{"title":"O alcalde de Ponte Caldelas recibe ao maxistrado xubilado Javier Casas -","description":"O pasado 7 de setembro Andr\u00e9s D\u00edaz, alcalde de Ponte Caldelas, recib\u00eda no seu despacho a un ilustre veci\u00f1o da vila, o maxistrado xubilado Javier Casas Est\u00e9vez","robots":{"index":"index","follow":"follow","max-snippet":"max-snippet:-1","max-image-preview":"max-image-preview:large","max-video-preview":"max-video-preview:-1"},"canonical":"https:\/\/www.anovapeneira.gal\/index.php\/2023\/09\/13\/o-alcalde-de-ponte-caldelas-recibe-ao-maxistrado-xubilado-javier-casas\/","og_locale":"gl_ES","og_type":"article","og_title":"O alcalde de Ponte Caldelas recibe ao maxistrado xubilado Javier Casas -","og_description":"O pasado 7 de setembro Andr\u00e9s D\u00edaz, alcalde de Ponte Caldelas, recib\u00eda no seu despacho a un ilustre veci\u00f1o da vila, o maxistrado xubilado Javier Casas Est\u00e9vez","og_url":"https:\/\/www.anovapeneira.gal\/index.php\/2023\/09\/13\/o-alcalde-de-ponte-caldelas-recibe-ao-maxistrado-xubilado-javier-casas\/","article_publisher":"https:\/\/www.facebook.com\/anovapeneira","article_published_time":"2023-09-13T10:00:59+00:00","og_image":[{"width":720,"height":432,"url":"https:\/\/www.anovapeneira.gal\/wp-content\/uploads\/2023\/09\/javier_casas_pontecaldelas.jpg","type":"image\/jpeg"}],"author":"Redacci\u00f3n A Nova Peneira","twitter_card":"summary_large_image","twitter_creator":"@APeneira","twitter_site":"@APeneira","twitter_misc":{"Escrito por":"Redacci\u00f3n A Nova Peneira","Tempo de lectura":"3 minutos"},"schema":{"@context":"https:\/\/schema.org","@graph":[{"@type":"Article","@id":"https:\/\/www.anovapeneira.gal\/index.php\/2023\/09\/13\/o-alcalde-de-ponte-caldelas-recibe-ao-maxistrado-xubilado-javier-casas\/#article","isPartOf":{"@id":"https:\/\/www.anovapeneira.gal\/index.php\/2023\/09\/13\/o-alcalde-de-ponte-caldelas-recibe-ao-maxistrado-xubilado-javier-casas\/"},"author":{"name":"Redacci\u00f3n A Nova Peneira","@id":"https:\/\/www.anovapeneira.gal\/#\/schema\/person\/b93e3f8932e3f8da96334607eb6ac6aa"},"headline":"O alcalde de Ponte Caldelas recibe ao maxistrado xubilado Javier Casas","datePublished":"2023-09-13T10:00:59+00:00","mainEntityOfPage":{"@id":"https:\/\/www.anovapeneira.gal\/index.php\/2023\/09\/13\/o-alcalde-de-ponte-caldelas-recibe-ao-maxistrado-xubilado-javier-casas\/"},"wordCount":408,"commentCount":0,"publisher":{"@id":"https:\/\/www.anovapeneira.gal\/#organization"},"image":{"@id":"https:\/\/www.anovapeneira.gal\/index.php\/2023\/09\/13\/o-alcalde-de-ponte-caldelas-recibe-ao-maxistrado-xubilado-javier-casas\/#primaryimage"},"thumbnailUrl":"https:\/\/www.anovapeneira.gal\/wp-content\/uploads\/2023\/09\/javier_casas_pontecaldelas.jpg","keywords":["Concello de Ponte Caldelas"],"articleSection":["Redondela"],"inLanguage":"gl-ES","potentialAction":[{"@type":"CommentAction","name":"Comment","target":["https:\/\/www.anovapeneira.gal\/index.php\/2023\/09\/13\/o-alcalde-de-ponte-caldelas-recibe-ao-maxistrado-xubilado-javier-casas\/#respond"]}]},{"@type":"WebPage","@id":"https:\/\/www.anovapeneira.gal\/index.php\/2023\/09\/13\/o-alcalde-de-ponte-caldelas-recibe-ao-maxistrado-xubilado-javier-casas\/","url":"https:\/\/www.anovapeneira.gal\/index.php\/2023\/09\/13\/o-alcalde-de-ponte-caldelas-recibe-ao-maxistrado-xubilado-javier-casas\/","name":"O alcalde de Ponte Caldelas recibe ao maxistrado xubilado Javier Casas -","isPartOf":{"@id":"https:\/\/www.anovapeneira.gal\/#website"},"primaryImageOfPage":{"@id":"https:\/\/www.anovapeneira.gal\/index.php\/2023\/09\/13\/o-alcalde-de-ponte-caldelas-recibe-ao-maxistrado-xubilado-javier-casas\/#primaryimage"},"image":{"@id":"https:\/\/www.anovapeneira.gal\/index.php\/2023\/09\/13\/o-alcalde-de-ponte-caldelas-recibe-ao-maxistrado-xubilado-javier-casas\/#primaryimage"},"thumbnailUrl":"https:\/\/www.anovapeneira.gal\/wp-content\/uploads\/2023\/09\/javier_casas_pontecaldelas.jpg","datePublished":"2023-09-13T10:00:59+00:00","description":"O pasado 7 de setembro Andr\u00e9s D\u00edaz, alcalde de Ponte Caldelas, recib\u00eda no seu despacho a un ilustre veci\u00f1o da vila, o maxistrado xubilado Javier Casas Est\u00e9vez","breadcrumb":{"@id":"https:\/\/www.anovapeneira.gal\/index.php\/2023\/09\/13\/o-alcalde-de-ponte-caldelas-recibe-ao-maxistrado-xubilado-javier-casas\/#breadcrumb"},"inLanguage":"gl-ES","potentialAction":[{"@type":"ReadAction","target":["https:\/\/www.anovapeneira.gal\/index.php\/2023\/09\/13\/o-alcalde-de-ponte-caldelas-recibe-ao-maxistrado-xubilado-javier-casas\/"]}]},{"@type":"ImageObject","inLanguage":"gl-ES","@id":"https:\/\/www.anovapeneira.gal\/index.php\/2023\/09\/13\/o-alcalde-de-ponte-caldelas-recibe-ao-maxistrado-xubilado-javier-casas\/#primaryimage","url":"https:\/\/www.anovapeneira.gal\/wp-content\/uploads\/2023\/09\/javier_casas_pontecaldelas.jpg","contentUrl":"https:\/\/www.anovapeneira.gal\/wp-content\/uploads\/2023\/09\/javier_casas_pontecaldelas.jpg","width":720,"height":432,"caption":"Javier Casas Ponte Caldelas"},{"@type":"BreadcrumbList","@id":"https:\/\/www.anovapeneira.gal\/index.php\/2023\/09\/13\/o-alcalde-de-ponte-caldelas-recibe-ao-maxistrado-xubilado-javier-casas\/#breadcrumb","itemListElement":[{"@type":"ListItem","position":1,"name":"Portada","item":"https:\/\/www.anovapeneira.gal\/"},{"@type":"ListItem","position":2,"name":"O alcalde de Ponte Caldelas recibe ao maxistrado xubilado Javier Casas"}]},{"@type":"WebSite","@id":"https:\/\/www.anovapeneira.gal\/#website","url":"https:\/\/www.anovapeneira.gal\/","name":"","description":"Xornal galego de informaci\u00f3n xeral Publicaci\u00f3n mensual de novas de Galicia e en especial dos Concellos da sur da provincia de Pontevedra.","publisher":{"@id":"https:\/\/www.anovapeneira.gal\/#organization"},"potentialAction":[{"@type":"SearchAction","target":{"@type":"EntryPoint","urlTemplate":"https:\/\/www.anovapeneira.gal\/?s={search_term_string}"},"query-input":{"@type":"PropertyValueSpecification","valueRequired":true,"valueName":"search_term_string"}}],"inLanguage":"gl-ES"},{"@type":"Organization","@id":"https:\/\/www.anovapeneira.gal\/#organization","name":"A Nova Peneira","url":"https:\/\/www.anovapeneira.gal\/","logo":{"@type":"ImageObject","inLanguage":"gl-ES","@id":"https:\/\/www.anovapeneira.gal\/#\/schema\/logo\/image\/","url":"http:\/\/www.anovapeneira.gal\/wp-content\/uploads\/2019\/06\/logo_a_nova_peneira_portal_web.png","contentUrl":"http:\/\/www.anovapeneira.gal\/wp-content\/uploads\/2019\/06\/logo_a_nova_peneira_portal_web.png","width":300,"height":100,"caption":"A Nova Peneira"},"image":{"@id":"https:\/\/www.anovapeneira.gal\/#\/schema\/logo\/image\/"},"sameAs":["https:\/\/www.facebook.com\/anovapeneira","https:\/\/x.com\/APeneira"]},{"@type":"Person","@id":"https:\/\/www.anovapeneira.gal\/#\/schema\/person\/b93e3f8932e3f8da96334607eb6ac6aa","name":"Redacci\u00f3n A Nova Peneira","image":{"@type":"ImageObject","inLanguage":"gl-ES","@id":"https:\/\/secure.gravatar.com\/avatar\/c052a2551a06e23fac63626232eaa90abd78dbcf1700fc46a2b2c89fd27b735f?s=96&d=mm&r=g","url":"https:\/\/secure.gravatar.com\/avatar\/c052a2551a06e23fac63626232eaa90abd78dbcf1700fc46a2b2c89fd27b735f?s=96&d=mm&r=g","contentUrl":"https:\/\/secure.gravatar.com\/avatar\/c052a2551a06e23fac63626232eaa90abd78dbcf1700fc46a2b2c89fd27b735f?s=96&d=mm&r=g","caption":"Redacci\u00f3n A Nova Peneira"},"sameAs":["http:\/\/www.anovapeneira.gal\/"],"url":"https:\/\/www.anovapeneira.gal\/index.php\/author\/redactor\/"}]}},"jetpack_featured_media_url":"https:\/\/www.anovapeneira.gal\/wp-content\/uploads\/2023\/09\/javier_casas_pontecaldelas.jpg","_links":{"self":[{"href":"https:\/\/www.anovapeneira.gal\/index.php\/wp-json\/wp\/v2\/posts\/10411","targetHints":{"allow":["GET"]}}],"collection":[{"href":"https:\/\/www.anovapeneira.gal\/index.php\/wp-json\/wp\/v2\/posts"}],"about":[{"href":"https:\/\/www.anovapeneira.gal\/index.php\/wp-json\/wp\/v2\/types\/post"}],"author":[{"embeddable":true,"href":"https:\/\/www.anovapeneira.gal\/index.php\/wp-json\/wp\/v2\/users\/3"}],"replies":[{"embeddable":true,"href":"https:\/\/www.anovapeneira.gal\/index.php\/wp-json\/wp\/v2\/comments?post=10411"}],"version-history":[{"count":1,"href":"https:\/\/www.anovapeneira.gal\/index.php\/wp-json\/wp\/v2\/posts\/10411\/revisions"}],"predecessor-version":[{"id":10413,"href":"https:\/\/www.anovapeneira.gal\/index.php\/wp-json\/wp\/v2\/posts\/10411\/revisions\/10413"}],"wp:featuredmedia":[{"embeddable":true,"href":"https:\/\/www.anovapeneira.gal\/index.php\/wp-json\/wp\/v2\/media\/10412"}],"wp:attachment":[{"href":"https:\/\/www.anovapeneira.gal\/index.php\/wp-json\/wp\/v2\/media?parent=10411"}],"wp:term":[{"taxonomy":"category","embeddable":true,"href":"https:\/\/www.anovapeneira.gal\/index.php\/wp-json\/wp\/v2\/categories?post=10411"},{"taxonomy":"post_tag","embeddable":true,"href":"https:\/\/www.anovapeneira.gal\/index.php\/wp-json\/wp\/v2\/tags?post=10411"}],"curies":[{"name":"wp","href":"https:\/\/api.w.org\/{rel}","templated":true}]}}