{"id":10420,"date":"2023-09-15T10:00:56","date_gmt":"2023-09-15T08:00:56","guid":{"rendered":"https:\/\/www.anovapeneira.gal\/?p=10420"},"modified":"2023-09-12T09:57:17","modified_gmt":"2023-09-12T07:57:17","slug":"serafin-fernandez-portela-secretario-da-union-local-da-cig-no-baixo-mino","status":"publish","type":"post","link":"https:\/\/www.anovapeneira.gal\/index.php\/2023\/09\/15\/serafin-fernandez-portela-secretario-da-union-local-da-cig-no-baixo-mino\/","title":{"rendered":"Seraf\u00edn Fern\u00e1ndez Portela. Secretario da uni\u00f3n local da CIG no Baixo Mi\u00f1o"},"content":{"rendered":"\n<p><strong>A uni\u00f3n local da CIG no Baixo Mi\u00f1o abrangue 4 concellos, todos os da comarca ag\u00e1s o de Tui. Estas 4 localidades te\u00f1en unha poboaci\u00f3n aproximada de 32.000 persoas. Se descontamos \u00e1s que a\u00ednda non est\u00e1n en idade de traballar e \u00e1s que xa est\u00e1n xubiladas non creo que cheguen a 20.000 como moito. Pois ben , m\u00e1is de 2.000 desas persoas son afiliadas \u00e1 CIG. O traballo inconmensurable dos sindicalistas nacionalistas da comarca que ao longo de d\u00e9cadas bateron, un d\u00eda si e outro tam\u00e9n, nas f\u00e1bricas e negocios das s\u00faas localidades ofrecendo unha man amiga a quen sufr\u00eda represi\u00f3n ou necesitaba axuda , non ten prezo e debe ser reco\u00f1ecido e valorado na s\u00faa xusta medida por todas as persoas que te\u00f1an sensibilidade social e pol\u00edtica. N\u00f3s ,que si a temos, as\u00ed o facemos, e unha vez m\u00e1is foi un pracer conversar co noso amigo Fin, o responsable da uni\u00f3n local da CIG na comarca, para co\u00f1ecer o estado das cousas no eido laboral. Vela\u00ed vai o que deu de si a nosa charla.<\/strong><\/p>\n\n\n\n<p>\u201c <strong>Traballar polo ben com\u00fan da clase traballadora, e por defender \u00e1 naci\u00f3n galega de quen nos nega o dereito a existir \u00e9 a forma m\u00e1is digna que se me ocorre de pasar por este mundo\u201d<\/strong><\/p>\n\n\n\n<p><strong>Como est\u00e1 sendo , desde o punto de vista laboral e sindical, este novo mandato no que volves ser o responsable comarcal da CIG no Baixo Mi\u00f1o?<\/strong><\/p>\n\n\n\n<blockquote class=\"wp-block-quote is-layout-flow wp-block-quote-is-layout-flow\">\n<p>A situaci\u00f3n non \u00e9 boa. Vivimos unha fase, na historia da humanidade, na que os dereitos da clase traballadora est\u00e1n en franco retroceso. E semella que hai que estar en permanente tensi\u00f3n para combater os abusos que de maneira sist\u00e9mica o capital exerce contra os traballadores e traballadoras.<\/p>\n<\/blockquote>\n\n\n\n<p><strong>E no Baixo Mi\u00f1o?<\/strong><\/p>\n\n\n\n<blockquote class=\"wp-block-quote is-layout-flow wp-block-quote-is-layout-flow\">\n<p>A nosa comarca non \u00e9 allea ao que pasa no mundo. N\u00f3s tam\u00e9n vivimos unha fase de precariedade laboral crecente e de problemas constantes. F\u00edxate que cami\u00f1o levamos que esta situaci\u00f3n de precariedade chega tam\u00e9n \u00e1 administraci\u00f3n p\u00fablica que chega a contratar a aut\u00e9nticos \u201c piratas\u201d.<\/p>\n<\/blockquote>\n\n\n\n<p><strong>A que te refires?<\/strong><\/p>\n\n\n\n<blockquote class=\"wp-block-quote is-layout-flow wp-block-quote-is-layout-flow\">\n<p>Pois por exemplo a un caso concreto que aconteceu na Guarda: O concello licita un servizo de limpeza, e contratan a unha empresa de Huesca. Pero son empresas que para ga\u00f1ar o concurso ofertan tan \u00e1 baixa que ao seguinte mes xa non lle pagan aos traballadores. Este \u00e9 un exemplo dun fen\u00f3meno cada vez m\u00e1is frecuente&#8230;..E quen paga o pato sempre? Os traballadores e traballadoras<\/p>\n<\/blockquote>\n\n\n\n<p><strong>Supo\u00f1o que ser\u00e1n episodios de moi dif\u00edcil soluci\u00f3n?<\/strong><\/p>\n\n\n\n<blockquote class=\"wp-block-quote is-layout-flow wp-block-quote-is-layout-flow\">\n<p>Abof\u00e9 que \u00e9 as\u00ed. Unha vez que temos noticia do conflito intentamos contactar coa empresa pero resulta extraordinariamente complicado, pois adoitan ser empresas fantasmas .A administraci\u00f3n deber\u00eda po\u00f1er os medios para que as licitaci\u00f3ns caian en mans de empresas serias e solventes pois de non ser as\u00ed case seguro que m\u00e1is cedo que tarde teremos problemas serios.<\/p>\n<\/blockquote>\n\n\n\n<p><strong>No sindicato notades un incremento de reclamaci\u00f3ns laborais?<\/strong><\/p>\n\n\n\n<blockquote class=\"wp-block-quote is-layout-flow wp-block-quote-is-layout-flow\">\n<p>Si, por desgraza e as\u00ed. O que indica claramente que a situaci\u00f3n do mercado laboral est\u00e1 moi lonxe de ser boa. Un sector que me preocupa moito , pois vexo un elevado n\u00famero de problemas ultimamente, \u00e9 o da construci\u00f3n. A\u00ednda estes d\u00edas atend\u00edn a un traballador que levaba tres meses sen cobrar o seu salario\u00a1\u00a1<\/p>\n<\/blockquote>\n\n\n\n<p><strong>A Uni\u00f3n local da Guarda ten estrutura suficiente para dar resposta a todas as necesidades que atende?<\/strong><\/p>\n\n\n\n<blockquote class=\"wp-block-quote is-layout-flow wp-block-quote-is-layout-flow\">\n<p>Intent\u00e1molo, pero somos os que somos.<\/p>\n<\/blockquote>\n\n\n\n<p><strong>Cantos sodes?<\/strong><\/p>\n\n\n\n<blockquote class=\"wp-block-quote is-layout-flow wp-block-quote-is-layout-flow\">\n<p>Unha administrativa, un avogado e m\u00e1is eu. Un d\u00eda \u00e1 semana ven un compa\u00f1eiro de Vigo a botar unha man.<\/p>\n<\/blockquote>\n\n\n\n<p><strong>Tres persoas m\u00e1is a axuda puntual dunha cuarta, s\u00f3 un d\u00eda \u00e1 semana, par\u00e9ceme pouco para atender as necesidades de A Guarda, O Rosal, Oia e Tomi\u00f1o?<\/strong><\/p>\n\n\n\n<blockquote class=\"wp-block-quote is-layout-flow wp-block-quote-is-layout-flow\">\n<p>O nivel de traballo \u00e9 moi elevado, si, iso \u00e9 certo. Estamos a tope todo o d\u00eda.<\/p>\n<\/blockquote>\n\n\n\n<p><strong>A comarca da CIG Vigo, \u00e1 que pertence a uni\u00f3n local do Baixo Mi\u00f1o, p\u00f3rtase o suficientemente ben con v\u00f3s? Ou ser\u00edan necesarios m\u00e1is esforzos pola s\u00faa parte?<\/strong><\/p>\n\n\n\n<blockquote class=\"wp-block-quote is-layout-flow wp-block-quote-is-layout-flow\">\n<p>A n\u00f3s gustar\u00edannos que nos facilitaran m\u00e1is medios, claro que si, pero estou seguro de que eles fan todo o que poden pois tam\u00e9n te\u00f1en as s\u00faas limitaci\u00f3ns. A relaci\u00f3n con toda a executiva \u00e9 moi boa e non te\u00f1o ningunha queixa.<\/p>\n<\/blockquote>\n\n\n\n<p><strong>Cantos afiliados e afiliadas ten a Uni\u00f3n Local?<\/strong><\/p>\n\n\n\n<blockquote class=\"wp-block-quote is-layout-flow wp-block-quote-is-layout-flow\">\n<p>Pasamos dos 2.000.Estamos en m\u00e1ximos hist\u00f3ricos non s\u00f3 da CIG sen\u00f3n de toda a historia do sindicalismo na nosa comarca.<\/p>\n<\/blockquote>\n\n\n\n<p><strong>Que porcentaxe son mulleres?<\/strong><\/p>\n\n\n\n<blockquote class=\"wp-block-quote is-layout-flow wp-block-quote-is-layout-flow\">\n<p>Aproximadamente o 40%. A presenza da muller no sindicato \u00e9 cada vez maior. Tardaron moito en vir, pero cada vez son m\u00e1is e eu al\u00e9grome moito. Ademais<\/p>\n<\/blockquote>\n\n\n\n<blockquote class=\"wp-block-quote is-layout-flow wp-block-quote-is-layout-flow\">\n<p>o que estou observando ultimamente \u00e9 que \u00e1 hora do conflito, en li\u00f1as xerais, a muller \u00e9 m\u00e1is valente e combativa que o home. As folgas que mellor sa\u00edron foron as que protagonizaron mulleres<\/p>\n<\/blockquote>\n\n\n\n<p><strong>Por exemplo?<\/strong><\/p>\n\n\n\n<blockquote class=\"wp-block-quote is-layout-flow wp-block-quote-is-layout-flow\">\n<p>A do SAF. Unha folga de 26 d\u00edas nos que as protagonistas amosaron unha valent\u00eda e un compromiso solidario e fraternal de nivel superlativo. O sindicalismo na s\u00faa mais pura esencia.<\/p>\n<\/blockquote>\n\n\n\n<p><strong>Como est\u00e1n os datos do desemprego na comarca?<\/strong><\/p>\n\n\n\n<blockquote class=\"wp-block-quote is-layout-flow wp-block-quote-is-layout-flow\">\n<p>A 31 de agosto nos 5 concellos do Baixo Mi\u00f1o hai 2.579 persoas demandantes de emprego. O 5,25% do desemprego da provincia de Pontevedra \u00e9 da comarca do Baixo Mi\u00f1o. Unha barbaridade que na realidade \u00e9 peor do que reflicten as cifras, porque os chamados \u201c fixos descontinuos\u201d, que se cadra s\u00f3 traballan uns poucos d\u00edas ao mes, non figuran como desempregados. E xa me dir\u00e1s se unha persoa que traballa unha semana ao mes, por exemplo, p\u00f3dese considerar que ten traballo?? , un traballo que lle permita vivir??.Non, claro que non.<\/p>\n<\/blockquote>\n\n\n\n<p><strong>Rematamos, malia que a\u00ednda faltan m\u00e1is de dous anos para a renovaci\u00f3n org\u00e1nica ti est\u00e1s ben de \u00e1nimos para seguir?<\/strong><\/p>\n\n\n\n<blockquote class=\"wp-block-quote is-layout-flow wp-block-quote-is-layout-flow\">\n<p>De aqu\u00ed ao pr\u00f3ximo congreso a\u00ednda falta tempo e xa veremos o que acontece, pero en principio non te\u00f1o problema alg\u00fan en seguir. Eu estou moi ben de \u00e1nimos, te\u00f1o folgos de abondo e sigo pensando o mesmo que cando ti\u00f1a 20 anos:traballar polo ben com\u00fan da clase traballadora, e por defender \u00e1 naci\u00f3n galega contra os que negan o noso dereito a existir \u00e9 a forma m\u00e1is digna que se me ocorre de pasar por este mundo.<\/p>\n<\/blockquote>\n","protected":false},"excerpt":{"rendered":"<div class=\"mh-excerpt\"><p>A uni\u00f3n local da CIG no Baixo Mi\u00f1o abrangue 4 concellos, todos os da comarca ag\u00e1s o de Tui. Estas 4 localidades te\u00f1en unha poboaci\u00f3n aproximada de 32.000 persoas <a class=\"mh-excerpt-more\" href=\"https:\/\/www.anovapeneira.gal\/index.php\/2023\/09\/15\/serafin-fernandez-portela-secretario-da-union-local-da-cig-no-baixo-mino\/\" title=\"Seraf\u00edn Fern\u00e1ndez Portela. Secretario da uni\u00f3n local da CIG no Baixo Mi\u00f1o\">[&#8230;]<\/a><\/p>\n<\/div>","protected":false},"author":2,"featured_media":10422,"comment_status":"open","ping_status":"open","sticky":false,"template":"","format":"standard","meta":{"_exactmetrics_skip_tracking":false,"_exactmetrics_sitenote_active":false,"_exactmetrics_sitenote_note":"","_exactmetrics_sitenote_category":0,"footnotes":""},"categories":[266],"tags":[238],"class_list":{"0":"post-10420","1":"post","2":"type-post","3":"status-publish","4":"format-standard","5":"has-post-thumbnail","7":"category-baixo-mino-entrevistas","8":"tag-concello-da-guarda"},"yoast_head":"<!-- This site is optimized with the Yoast SEO plugin v27.4 - https:\/\/yoast.com\/product\/yoast-seo-wordpress\/ -->\n<title>Seraf\u00edn Fern\u00e1ndez Portela. Secretario da uni\u00f3n local da CIG no Baixo Mi\u00f1o -<\/title>\n<meta name=\"description\" content=\"A uni\u00f3n local da CIG no Baixo Mi\u00f1o abrangue 4 concellos, todos os da comarca ag\u00e1s o de Tui. Estas 4 localidades te\u00f1en unha poboaci\u00f3n aproximada de 32.000 persoas\" \/>\n<meta name=\"robots\" content=\"index, follow, max-snippet:-1, max-image-preview:large, max-video-preview:-1\" \/>\n<link rel=\"canonical\" href=\"https:\/\/www.anovapeneira.gal\/index.php\/2023\/09\/15\/serafin-fernandez-portela-secretario-da-union-local-da-cig-no-baixo-mino\/\" \/>\n<meta property=\"og:locale\" content=\"gl_ES\" \/>\n<meta property=\"og:type\" content=\"article\" \/>\n<meta property=\"og:title\" content=\"Seraf\u00edn Fern\u00e1ndez Portela. Secretario da uni\u00f3n local da CIG no Baixo Mi\u00f1o -\" \/>\n<meta property=\"og:description\" content=\"A uni\u00f3n local da CIG no Baixo Mi\u00f1o abrangue 4 concellos, todos os da comarca ag\u00e1s o de Tui. Estas 4 localidades te\u00f1en unha poboaci\u00f3n aproximada de 32.000 persoas\" \/>\n<meta property=\"og:url\" content=\"https:\/\/www.anovapeneira.gal\/index.php\/2023\/09\/15\/serafin-fernandez-portela-secretario-da-union-local-da-cig-no-baixo-mino\/\" \/>\n<meta property=\"article:publisher\" content=\"https:\/\/www.facebook.com\/anovapeneira\" \/>\n<meta property=\"article:published_time\" content=\"2023-09-15T08:00:56+00:00\" \/>\n<meta property=\"og:image\" content=\"https:\/\/www.anovapeneira.gal\/wp-content\/uploads\/2023\/09\/xeito.jpg\" \/>\n\t<meta property=\"og:image:width\" content=\"720\" \/>\n\t<meta property=\"og:image:height\" content=\"432\" \/>\n\t<meta property=\"og:image:type\" content=\"image\/jpeg\" \/>\n<meta name=\"author\" content=\"Tino Lago\" \/>\n<meta name=\"twitter:card\" content=\"summary_large_image\" \/>\n<meta name=\"twitter:creator\" content=\"@APeneira\" \/>\n<meta name=\"twitter:site\" content=\"@APeneira\" \/>\n<meta name=\"twitter:label1\" content=\"Escrito por\" \/>\n\t<meta name=\"twitter:data1\" content=\"Tino Lago\" \/>\n\t<meta name=\"twitter:label2\" content=\"Tempo de lectura\" \/>\n\t<meta name=\"twitter:data2\" content=\"3 minutos\" \/>\n<script type=\"application\/ld+json\" class=\"yoast-schema-graph\">{\"@context\":\"https:\\\/\\\/schema.org\",\"@graph\":[{\"@type\":\"Article\",\"@id\":\"https:\\\/\\\/www.anovapeneira.gal\\\/index.php\\\/2023\\\/09\\\/15\\\/serafin-fernandez-portela-secretario-da-union-local-da-cig-no-baixo-mino\\\/#article\",\"isPartOf\":{\"@id\":\"https:\\\/\\\/www.anovapeneira.gal\\\/index.php\\\/2023\\\/09\\\/15\\\/serafin-fernandez-portela-secretario-da-union-local-da-cig-no-baixo-mino\\\/\"},\"author\":{\"name\":\"Tino Lago\",\"@id\":\"https:\\\/\\\/www.anovapeneira.gal\\\/#\\\/schema\\\/person\\\/424dfe65e3070fd8a44d22d2c088762a\"},\"headline\":\"Seraf\u00edn Fern\u00e1ndez Portela. Secretario da uni\u00f3n local da CIG no Baixo Mi\u00f1o\",\"datePublished\":\"2023-09-15T08:00:56+00:00\",\"mainEntityOfPage\":{\"@id\":\"https:\\\/\\\/www.anovapeneira.gal\\\/index.php\\\/2023\\\/09\\\/15\\\/serafin-fernandez-portela-secretario-da-union-local-da-cig-no-baixo-mino\\\/\"},\"wordCount\":1113,\"commentCount\":0,\"publisher\":{\"@id\":\"https:\\\/\\\/www.anovapeneira.gal\\\/#organization\"},\"image\":{\"@id\":\"https:\\\/\\\/www.anovapeneira.gal\\\/index.php\\\/2023\\\/09\\\/15\\\/serafin-fernandez-portela-secretario-da-union-local-da-cig-no-baixo-mino\\\/#primaryimage\"},\"thumbnailUrl\":\"https:\\\/\\\/www.anovapeneira.gal\\\/wp-content\\\/uploads\\\/2023\\\/09\\\/xeito.jpg\",\"keywords\":[\"Concello da Guarda\"],\"articleSection\":[\"Baixo Mi\u00f1o\"],\"inLanguage\":\"gl-ES\",\"potentialAction\":[{\"@type\":\"CommentAction\",\"name\":\"Comment\",\"target\":[\"https:\\\/\\\/www.anovapeneira.gal\\\/index.php\\\/2023\\\/09\\\/15\\\/serafin-fernandez-portela-secretario-da-union-local-da-cig-no-baixo-mino\\\/#respond\"]}]},{\"@type\":\"WebPage\",\"@id\":\"https:\\\/\\\/www.anovapeneira.gal\\\/index.php\\\/2023\\\/09\\\/15\\\/serafin-fernandez-portela-secretario-da-union-local-da-cig-no-baixo-mino\\\/\",\"url\":\"https:\\\/\\\/www.anovapeneira.gal\\\/index.php\\\/2023\\\/09\\\/15\\\/serafin-fernandez-portela-secretario-da-union-local-da-cig-no-baixo-mino\\\/\",\"name\":\"Seraf\u00edn Fern\u00e1ndez Portela. Secretario da uni\u00f3n local da CIG no Baixo Mi\u00f1o -\",\"isPartOf\":{\"@id\":\"https:\\\/\\\/www.anovapeneira.gal\\\/#website\"},\"primaryImageOfPage\":{\"@id\":\"https:\\\/\\\/www.anovapeneira.gal\\\/index.php\\\/2023\\\/09\\\/15\\\/serafin-fernandez-portela-secretario-da-union-local-da-cig-no-baixo-mino\\\/#primaryimage\"},\"image\":{\"@id\":\"https:\\\/\\\/www.anovapeneira.gal\\\/index.php\\\/2023\\\/09\\\/15\\\/serafin-fernandez-portela-secretario-da-union-local-da-cig-no-baixo-mino\\\/#primaryimage\"},\"thumbnailUrl\":\"https:\\\/\\\/www.anovapeneira.gal\\\/wp-content\\\/uploads\\\/2023\\\/09\\\/xeito.jpg\",\"datePublished\":\"2023-09-15T08:00:56+00:00\",\"description\":\"A uni\u00f3n local da CIG no Baixo Mi\u00f1o abrangue 4 concellos, todos os da comarca ag\u00e1s o de Tui. Estas 4 localidades te\u00f1en unha poboaci\u00f3n aproximada de 32.000 persoas\",\"breadcrumb\":{\"@id\":\"https:\\\/\\\/www.anovapeneira.gal\\\/index.php\\\/2023\\\/09\\\/15\\\/serafin-fernandez-portela-secretario-da-union-local-da-cig-no-baixo-mino\\\/#breadcrumb\"},\"inLanguage\":\"gl-ES\",\"potentialAction\":[{\"@type\":\"ReadAction\",\"target\":[\"https:\\\/\\\/www.anovapeneira.gal\\\/index.php\\\/2023\\\/09\\\/15\\\/serafin-fernandez-portela-secretario-da-union-local-da-cig-no-baixo-mino\\\/\"]}]},{\"@type\":\"ImageObject\",\"inLanguage\":\"gl-ES\",\"@id\":\"https:\\\/\\\/www.anovapeneira.gal\\\/index.php\\\/2023\\\/09\\\/15\\\/serafin-fernandez-portela-secretario-da-union-local-da-cig-no-baixo-mino\\\/#primaryimage\",\"url\":\"https:\\\/\\\/www.anovapeneira.gal\\\/wp-content\\\/uploads\\\/2023\\\/09\\\/xeito.jpg\",\"contentUrl\":\"https:\\\/\\\/www.anovapeneira.gal\\\/wp-content\\\/uploads\\\/2023\\\/09\\\/xeito.jpg\",\"width\":720,\"height\":432,\"caption\":\"Xeito Guarda\"},{\"@type\":\"BreadcrumbList\",\"@id\":\"https:\\\/\\\/www.anovapeneira.gal\\\/index.php\\\/2023\\\/09\\\/15\\\/serafin-fernandez-portela-secretario-da-union-local-da-cig-no-baixo-mino\\\/#breadcrumb\",\"itemListElement\":[{\"@type\":\"ListItem\",\"position\":1,\"name\":\"Portada\",\"item\":\"https:\\\/\\\/www.anovapeneira.gal\\\/\"},{\"@type\":\"ListItem\",\"position\":2,\"name\":\"Seraf\u00edn Fern\u00e1ndez Portela. Secretario da uni\u00f3n local da CIG no Baixo Mi\u00f1o\"}]},{\"@type\":\"WebSite\",\"@id\":\"https:\\\/\\\/www.anovapeneira.gal\\\/#website\",\"url\":\"https:\\\/\\\/www.anovapeneira.gal\\\/\",\"name\":\"\",\"description\":\"Xornal galego de informaci\u00f3n xeral Publicaci\u00f3n mensual de novas de Galicia e en especial dos Concellos da sur da provincia de Pontevedra.\",\"publisher\":{\"@id\":\"https:\\\/\\\/www.anovapeneira.gal\\\/#organization\"},\"potentialAction\":[{\"@type\":\"SearchAction\",\"target\":{\"@type\":\"EntryPoint\",\"urlTemplate\":\"https:\\\/\\\/www.anovapeneira.gal\\\/?s={search_term_string}\"},\"query-input\":{\"@type\":\"PropertyValueSpecification\",\"valueRequired\":true,\"valueName\":\"search_term_string\"}}],\"inLanguage\":\"gl-ES\"},{\"@type\":\"Organization\",\"@id\":\"https:\\\/\\\/www.anovapeneira.gal\\\/#organization\",\"name\":\"A Nova Peneira\",\"url\":\"https:\\\/\\\/www.anovapeneira.gal\\\/\",\"logo\":{\"@type\":\"ImageObject\",\"inLanguage\":\"gl-ES\",\"@id\":\"https:\\\/\\\/www.anovapeneira.gal\\\/#\\\/schema\\\/logo\\\/image\\\/\",\"url\":\"http:\\\/\\\/www.anovapeneira.gal\\\/wp-content\\\/uploads\\\/2019\\\/06\\\/logo_a_nova_peneira_portal_web.png\",\"contentUrl\":\"http:\\\/\\\/www.anovapeneira.gal\\\/wp-content\\\/uploads\\\/2019\\\/06\\\/logo_a_nova_peneira_portal_web.png\",\"width\":300,\"height\":100,\"caption\":\"A Nova Peneira\"},\"image\":{\"@id\":\"https:\\\/\\\/www.anovapeneira.gal\\\/#\\\/schema\\\/logo\\\/image\\\/\"},\"sameAs\":[\"https:\\\/\\\/www.facebook.com\\\/anovapeneira\",\"https:\\\/\\\/x.com\\\/APeneira\"]},{\"@type\":\"Person\",\"@id\":\"https:\\\/\\\/www.anovapeneira.gal\\\/#\\\/schema\\\/person\\\/424dfe65e3070fd8a44d22d2c088762a\",\"name\":\"Tino Lago\",\"image\":{\"@type\":\"ImageObject\",\"inLanguage\":\"gl-ES\",\"@id\":\"https:\\\/\\\/secure.gravatar.com\\\/avatar\\\/b3df6a06e44bab3111583b90f0f33a0379ee5e3d22cbadd232d39f21c30c62be?s=96&d=mm&r=g\",\"url\":\"https:\\\/\\\/secure.gravatar.com\\\/avatar\\\/b3df6a06e44bab3111583b90f0f33a0379ee5e3d22cbadd232d39f21c30c62be?s=96&d=mm&r=g\",\"contentUrl\":\"https:\\\/\\\/secure.gravatar.com\\\/avatar\\\/b3df6a06e44bab3111583b90f0f33a0379ee5e3d22cbadd232d39f21c30c62be?s=96&d=mm&r=g\",\"caption\":\"Tino Lago\"},\"sameAs\":[\"http:\\\/\\\/www.anovapeneira.gal\"],\"url\":\"https:\\\/\\\/www.anovapeneira.gal\\\/index.php\\\/author\\\/director\\\/\"}]}<\/script>\n<!-- \/ Yoast SEO plugin. -->","yoast_head_json":{"title":"Seraf\u00edn Fern\u00e1ndez Portela. Secretario da uni\u00f3n local da CIG no Baixo Mi\u00f1o -","description":"A uni\u00f3n local da CIG no Baixo Mi\u00f1o abrangue 4 concellos, todos os da comarca ag\u00e1s o de Tui. Estas 4 localidades te\u00f1en unha poboaci\u00f3n aproximada de 32.000 persoas","robots":{"index":"index","follow":"follow","max-snippet":"max-snippet:-1","max-image-preview":"max-image-preview:large","max-video-preview":"max-video-preview:-1"},"canonical":"https:\/\/www.anovapeneira.gal\/index.php\/2023\/09\/15\/serafin-fernandez-portela-secretario-da-union-local-da-cig-no-baixo-mino\/","og_locale":"gl_ES","og_type":"article","og_title":"Seraf\u00edn Fern\u00e1ndez Portela. Secretario da uni\u00f3n local da CIG no Baixo Mi\u00f1o -","og_description":"A uni\u00f3n local da CIG no Baixo Mi\u00f1o abrangue 4 concellos, todos os da comarca ag\u00e1s o de Tui. Estas 4 localidades te\u00f1en unha poboaci\u00f3n aproximada de 32.000 persoas","og_url":"https:\/\/www.anovapeneira.gal\/index.php\/2023\/09\/15\/serafin-fernandez-portela-secretario-da-union-local-da-cig-no-baixo-mino\/","article_publisher":"https:\/\/www.facebook.com\/anovapeneira","article_published_time":"2023-09-15T08:00:56+00:00","og_image":[{"width":720,"height":432,"url":"https:\/\/www.anovapeneira.gal\/wp-content\/uploads\/2023\/09\/xeito.jpg","type":"image\/jpeg"}],"author":"Tino Lago","twitter_card":"summary_large_image","twitter_creator":"@APeneira","twitter_site":"@APeneira","twitter_misc":{"Escrito por":"Tino Lago","Tempo de lectura":"3 minutos"},"schema":{"@context":"https:\/\/schema.org","@graph":[{"@type":"Article","@id":"https:\/\/www.anovapeneira.gal\/index.php\/2023\/09\/15\/serafin-fernandez-portela-secretario-da-union-local-da-cig-no-baixo-mino\/#article","isPartOf":{"@id":"https:\/\/www.anovapeneira.gal\/index.php\/2023\/09\/15\/serafin-fernandez-portela-secretario-da-union-local-da-cig-no-baixo-mino\/"},"author":{"name":"Tino Lago","@id":"https:\/\/www.anovapeneira.gal\/#\/schema\/person\/424dfe65e3070fd8a44d22d2c088762a"},"headline":"Seraf\u00edn Fern\u00e1ndez Portela. Secretario da uni\u00f3n local da CIG no Baixo Mi\u00f1o","datePublished":"2023-09-15T08:00:56+00:00","mainEntityOfPage":{"@id":"https:\/\/www.anovapeneira.gal\/index.php\/2023\/09\/15\/serafin-fernandez-portela-secretario-da-union-local-da-cig-no-baixo-mino\/"},"wordCount":1113,"commentCount":0,"publisher":{"@id":"https:\/\/www.anovapeneira.gal\/#organization"},"image":{"@id":"https:\/\/www.anovapeneira.gal\/index.php\/2023\/09\/15\/serafin-fernandez-portela-secretario-da-union-local-da-cig-no-baixo-mino\/#primaryimage"},"thumbnailUrl":"https:\/\/www.anovapeneira.gal\/wp-content\/uploads\/2023\/09\/xeito.jpg","keywords":["Concello da Guarda"],"articleSection":["Baixo Mi\u00f1o"],"inLanguage":"gl-ES","potentialAction":[{"@type":"CommentAction","name":"Comment","target":["https:\/\/www.anovapeneira.gal\/index.php\/2023\/09\/15\/serafin-fernandez-portela-secretario-da-union-local-da-cig-no-baixo-mino\/#respond"]}]},{"@type":"WebPage","@id":"https:\/\/www.anovapeneira.gal\/index.php\/2023\/09\/15\/serafin-fernandez-portela-secretario-da-union-local-da-cig-no-baixo-mino\/","url":"https:\/\/www.anovapeneira.gal\/index.php\/2023\/09\/15\/serafin-fernandez-portela-secretario-da-union-local-da-cig-no-baixo-mino\/","name":"Seraf\u00edn Fern\u00e1ndez Portela. Secretario da uni\u00f3n local da CIG no Baixo Mi\u00f1o -","isPartOf":{"@id":"https:\/\/www.anovapeneira.gal\/#website"},"primaryImageOfPage":{"@id":"https:\/\/www.anovapeneira.gal\/index.php\/2023\/09\/15\/serafin-fernandez-portela-secretario-da-union-local-da-cig-no-baixo-mino\/#primaryimage"},"image":{"@id":"https:\/\/www.anovapeneira.gal\/index.php\/2023\/09\/15\/serafin-fernandez-portela-secretario-da-union-local-da-cig-no-baixo-mino\/#primaryimage"},"thumbnailUrl":"https:\/\/www.anovapeneira.gal\/wp-content\/uploads\/2023\/09\/xeito.jpg","datePublished":"2023-09-15T08:00:56+00:00","description":"A uni\u00f3n local da CIG no Baixo Mi\u00f1o abrangue 4 concellos, todos os da comarca ag\u00e1s o de Tui. Estas 4 localidades te\u00f1en unha poboaci\u00f3n aproximada de 32.000 persoas","breadcrumb":{"@id":"https:\/\/www.anovapeneira.gal\/index.php\/2023\/09\/15\/serafin-fernandez-portela-secretario-da-union-local-da-cig-no-baixo-mino\/#breadcrumb"},"inLanguage":"gl-ES","potentialAction":[{"@type":"ReadAction","target":["https:\/\/www.anovapeneira.gal\/index.php\/2023\/09\/15\/serafin-fernandez-portela-secretario-da-union-local-da-cig-no-baixo-mino\/"]}]},{"@type":"ImageObject","inLanguage":"gl-ES","@id":"https:\/\/www.anovapeneira.gal\/index.php\/2023\/09\/15\/serafin-fernandez-portela-secretario-da-union-local-da-cig-no-baixo-mino\/#primaryimage","url":"https:\/\/www.anovapeneira.gal\/wp-content\/uploads\/2023\/09\/xeito.jpg","contentUrl":"https:\/\/www.anovapeneira.gal\/wp-content\/uploads\/2023\/09\/xeito.jpg","width":720,"height":432,"caption":"Xeito Guarda"},{"@type":"BreadcrumbList","@id":"https:\/\/www.anovapeneira.gal\/index.php\/2023\/09\/15\/serafin-fernandez-portela-secretario-da-union-local-da-cig-no-baixo-mino\/#breadcrumb","itemListElement":[{"@type":"ListItem","position":1,"name":"Portada","item":"https:\/\/www.anovapeneira.gal\/"},{"@type":"ListItem","position":2,"name":"Seraf\u00edn Fern\u00e1ndez Portela. Secretario da uni\u00f3n local da CIG no Baixo Mi\u00f1o"}]},{"@type":"WebSite","@id":"https:\/\/www.anovapeneira.gal\/#website","url":"https:\/\/www.anovapeneira.gal\/","name":"","description":"Xornal galego de informaci\u00f3n xeral Publicaci\u00f3n mensual de novas de Galicia e en especial dos Concellos da sur da provincia de Pontevedra.","publisher":{"@id":"https:\/\/www.anovapeneira.gal\/#organization"},"potentialAction":[{"@type":"SearchAction","target":{"@type":"EntryPoint","urlTemplate":"https:\/\/www.anovapeneira.gal\/?s={search_term_string}"},"query-input":{"@type":"PropertyValueSpecification","valueRequired":true,"valueName":"search_term_string"}}],"inLanguage":"gl-ES"},{"@type":"Organization","@id":"https:\/\/www.anovapeneira.gal\/#organization","name":"A Nova Peneira","url":"https:\/\/www.anovapeneira.gal\/","logo":{"@type":"ImageObject","inLanguage":"gl-ES","@id":"https:\/\/www.anovapeneira.gal\/#\/schema\/logo\/image\/","url":"http:\/\/www.anovapeneira.gal\/wp-content\/uploads\/2019\/06\/logo_a_nova_peneira_portal_web.png","contentUrl":"http:\/\/www.anovapeneira.gal\/wp-content\/uploads\/2019\/06\/logo_a_nova_peneira_portal_web.png","width":300,"height":100,"caption":"A Nova Peneira"},"image":{"@id":"https:\/\/www.anovapeneira.gal\/#\/schema\/logo\/image\/"},"sameAs":["https:\/\/www.facebook.com\/anovapeneira","https:\/\/x.com\/APeneira"]},{"@type":"Person","@id":"https:\/\/www.anovapeneira.gal\/#\/schema\/person\/424dfe65e3070fd8a44d22d2c088762a","name":"Tino Lago","image":{"@type":"ImageObject","inLanguage":"gl-ES","@id":"https:\/\/secure.gravatar.com\/avatar\/b3df6a06e44bab3111583b90f0f33a0379ee5e3d22cbadd232d39f21c30c62be?s=96&d=mm&r=g","url":"https:\/\/secure.gravatar.com\/avatar\/b3df6a06e44bab3111583b90f0f33a0379ee5e3d22cbadd232d39f21c30c62be?s=96&d=mm&r=g","contentUrl":"https:\/\/secure.gravatar.com\/avatar\/b3df6a06e44bab3111583b90f0f33a0379ee5e3d22cbadd232d39f21c30c62be?s=96&d=mm&r=g","caption":"Tino Lago"},"sameAs":["http:\/\/www.anovapeneira.gal"],"url":"https:\/\/www.anovapeneira.gal\/index.php\/author\/director\/"}]}},"jetpack_featured_media_url":"https:\/\/www.anovapeneira.gal\/wp-content\/uploads\/2023\/09\/xeito.jpg","_links":{"self":[{"href":"https:\/\/www.anovapeneira.gal\/index.php\/wp-json\/wp\/v2\/posts\/10420","targetHints":{"allow":["GET"]}}],"collection":[{"href":"https:\/\/www.anovapeneira.gal\/index.php\/wp-json\/wp\/v2\/posts"}],"about":[{"href":"https:\/\/www.anovapeneira.gal\/index.php\/wp-json\/wp\/v2\/types\/post"}],"author":[{"embeddable":true,"href":"https:\/\/www.anovapeneira.gal\/index.php\/wp-json\/wp\/v2\/users\/2"}],"replies":[{"embeddable":true,"href":"https:\/\/www.anovapeneira.gal\/index.php\/wp-json\/wp\/v2\/comments?post=10420"}],"version-history":[{"count":2,"href":"https:\/\/www.anovapeneira.gal\/index.php\/wp-json\/wp\/v2\/posts\/10420\/revisions"}],"predecessor-version":[{"id":10423,"href":"https:\/\/www.anovapeneira.gal\/index.php\/wp-json\/wp\/v2\/posts\/10420\/revisions\/10423"}],"wp:featuredmedia":[{"embeddable":true,"href":"https:\/\/www.anovapeneira.gal\/index.php\/wp-json\/wp\/v2\/media\/10422"}],"wp:attachment":[{"href":"https:\/\/www.anovapeneira.gal\/index.php\/wp-json\/wp\/v2\/media?parent=10420"}],"wp:term":[{"taxonomy":"category","embeddable":true,"href":"https:\/\/www.anovapeneira.gal\/index.php\/wp-json\/wp\/v2\/categories?post=10420"},{"taxonomy":"post_tag","embeddable":true,"href":"https:\/\/www.anovapeneira.gal\/index.php\/wp-json\/wp\/v2\/tags?post=10420"}],"curies":[{"name":"wp","href":"https:\/\/api.w.org\/{rel}","templated":true}]}}