{"id":10425,"date":"2023-09-15T12:00:43","date_gmt":"2023-09-15T10:00:43","guid":{"rendered":"https:\/\/www.anovapeneira.gal\/?p=10425"},"modified":"2023-09-15T12:16:25","modified_gmt":"2023-09-15T10:16:25","slug":"un-golpe-ao-benestar-das-cidadas-e-cidadans-do-porrino","status":"publish","type":"post","link":"https:\/\/www.anovapeneira.gal\/index.php\/2023\/09\/15\/un-golpe-ao-benestar-das-cidadas-e-cidadans-do-porrino\/","title":{"rendered":"Un golpe ao benestar das cidad\u00e1s e cidadans do Porri\u00f1o"},"content":{"rendered":"\n<pre class=\"wp-block-verse\">David Alonso, Secretario Xeral do PSdeG do Porri\u00f1o<\/pre>\n\n\n\n<p>Perm\u00edteme expresar a mi\u00f1a preocupaci\u00f3n polas graves consecuencias que acarrea o rexeitamento das propostas socialistas nos orzamentos municipais do 2023 aprobados polo PP. Este rexeitamento demostra unha falta de compromiso co benestar das cidad\u00e1s e cidad\u00e1ns.<\/p>\n\n\n\n<p>En primeiro lugar, ao deixar sen partida orzamentaria a clubes deportivos, asociaci\u00f3ns, estudantes, persoas maiores e persoas con discapacidade, o goberno demostra unha falta de sensibilidade cara aos sectores m\u00e1is vulnerables da nosa sociedade. Estas entidades e colectivos desempe\u00f1an un papel fundamental na promoci\u00f3n do deporte, a cultura e a inclusi\u00f3n social, e a s\u00faa desatenci\u00f3n s\u00f3 xerar\u00e1 un impacto negativo na calidade de vida das porri\u00f1esas e porri\u00f1eses.<\/p>\n\n\n\n<p>As propostas socialistas acreditaban o visto bo do interventor municipal, propostas como a gratuidade dos libros de texto, as bolsas de intercambio en ingl\u00e9s noutros pa\u00edses, o sistema de bono taxi e o programa de coidadoras de barrio, son iniciativas que buscan mellorar a calidade de vida das cidad\u00e1s e cidad\u00e1ns e fomentar a igualdade de oportunidades. Ao rexeitalas, o goberno mostra unha falta de visi\u00f3n e compromiso co progreso e o benestar de Porri\u00f1o.<\/p>\n\n\n\n<p>En conclusi\u00f3n, no eido econ\u00f3mico este orzamento represente un recorte de 2M\u20ac con respecto o gastado no ano anterior. Adem\u00e1is de querer desplegar unha cortina de fume coas facturas, que afirmaban que eran fraudulentas sen ning\u00fan rubor ao contraer un pr\u00e9stamo ICO de 3M\u20ac en este 2023 para pagar estas mesmas que nos vai a costar 1M\u20ac en intereses, cando os Socialistas deixamos 13 M\u20ac para pagar esa facturaci\u00f3n, que bloquearon xunto con EU SON todos estes anos.<\/p>\n\n\n\n<p>Un despilfarro , gastando no ano 2023 deses 13M\u20ac , 8 M\u20ac e o que \u00e9 mais grave tendo bloqueados os restantes 5,8M\u20ac dos que dispomos actualmente de remanente de tesourer\u00eda,por orde do interventor para asumir posibles sentenzas xudiciais contrarias ao Concello.<\/p>\n\n\n\n<p>O rexeitamento das propostas socialistas nos orzamentos municipais e as medidas fiscais que Alejandro Lorenzo e o PP aprobaron pasando o rodillo as rec\u00e9n modificadas ordenanzas do ICIO e IBI ter\u00e1n consecuencias negativas para a veci\u00f1anza de Porri\u00f1o, creando m\u00e1is desigualdade por non dispor da sensibilidade progresiva que se debe aplicar \u00e1 fiscalidade de todas as administraci\u00f3ns.<\/p>\n\n\n\n<p>\u00c9 fundamental que o goberno reflexione sobre a s\u00faa postura e priorice o interese xeral por enriba de intereses partidistas. Os cidad\u00e1s merecen un goberno comprometido co seu benestar e disposto a traballar en beneficio de todas e todos.<\/p>\n\n\n\n<p>\u00c9 hora de esixir un cambio e unha xesti\u00f3n responsable por parte do PP e Alejandro Lorenzo porque xa estamos en n\u00fameros vermellos desafortundamente.<\/p>\n","protected":false},"excerpt":{"rendered":"<div class=\"mh-excerpt\"><p>Perm\u00edteme expresar a mi\u00f1a preocupaci\u00f3n polas graves consecuencias que acarrea o rexeitamento das propostas socialistas nos orzamentos municipais do 2023 aprobados polo PP <a class=\"mh-excerpt-more\" href=\"https:\/\/www.anovapeneira.gal\/index.php\/2023\/09\/15\/un-golpe-ao-benestar-das-cidadas-e-cidadans-do-porrino\/\" title=\"Un golpe ao benestar das cidad\u00e1s e cidadans do Porri\u00f1o\">[&#8230;]<\/a><\/p>\n<\/div>","protected":false},"author":3,"featured_media":9801,"comment_status":"open","ping_status":"open","sticky":false,"template":"","format":"standard","meta":{"_exactmetrics_skip_tracking":false,"_exactmetrics_sitenote_active":false,"_exactmetrics_sitenote_note":"","_exactmetrics_sitenote_category":0,"footnotes":""},"categories":[23],"tags":[411],"class_list":{"0":"post-10425","1":"post","2":"type-post","3":"status-publish","4":"format-standard","5":"has-post-thumbnail","7":"category-a-lourina","8":"tag-concello-do-porrino"},"yoast_head":"<!-- This site is optimized with the Yoast SEO plugin v27.4 - https:\/\/yoast.com\/product\/yoast-seo-wordpress\/ -->\n<title>Un golpe ao benestar das cidad\u00e1s e cidadans do Porri\u00f1o -<\/title>\n<meta name=\"description\" content=\"Perm\u00edteme expresar a mi\u00f1a preocupaci\u00f3n polas graves consecuencias que acarrea o rexeitamento das propostas socialistas nos orzamentos municipais do 2023 aprobados polo PP\" \/>\n<meta name=\"robots\" content=\"index, follow, max-snippet:-1, max-image-preview:large, max-video-preview:-1\" \/>\n<link rel=\"canonical\" href=\"https:\/\/www.anovapeneira.gal\/index.php\/2023\/09\/15\/un-golpe-ao-benestar-das-cidadas-e-cidadans-do-porrino\/\" \/>\n<meta property=\"og:locale\" content=\"gl_ES\" \/>\n<meta property=\"og:type\" content=\"article\" \/>\n<meta property=\"og:title\" content=\"Un golpe ao benestar das cidad\u00e1s e cidadans do Porri\u00f1o -\" \/>\n<meta property=\"og:description\" content=\"Perm\u00edteme expresar a mi\u00f1a preocupaci\u00f3n polas graves consecuencias que acarrea o rexeitamento das propostas socialistas nos orzamentos municipais do 2023 aprobados polo PP\" \/>\n<meta property=\"og:url\" content=\"https:\/\/www.anovapeneira.gal\/index.php\/2023\/09\/15\/un-golpe-ao-benestar-das-cidadas-e-cidadans-do-porrino\/\" \/>\n<meta property=\"article:publisher\" content=\"https:\/\/www.facebook.com\/anovapeneira\" \/>\n<meta property=\"article:published_time\" content=\"2023-09-15T10:00:43+00:00\" \/>\n<meta property=\"article:modified_time\" content=\"2023-09-15T10:16:25+00:00\" \/>\n<meta property=\"og:image\" content=\"https:\/\/www.anovapeneira.gal\/wp-content\/uploads\/2023\/05\/david_alonso_barguiela.jpg\" \/>\n\t<meta property=\"og:image:width\" content=\"720\" \/>\n\t<meta property=\"og:image:height\" content=\"432\" \/>\n\t<meta property=\"og:image:type\" content=\"image\/jpeg\" \/>\n<meta name=\"author\" content=\"Redacci\u00f3n A Nova Peneira\" \/>\n<meta name=\"twitter:card\" content=\"summary_large_image\" \/>\n<meta name=\"twitter:creator\" content=\"@APeneira\" \/>\n<meta name=\"twitter:site\" content=\"@APeneira\" \/>\n<meta name=\"twitter:label1\" content=\"Escrito por\" \/>\n\t<meta name=\"twitter:data1\" content=\"Redacci\u00f3n A Nova Peneira\" \/>\n\t<meta name=\"twitter:label2\" content=\"Tempo de lectura\" \/>\n\t<meta name=\"twitter:data2\" content=\"3 minutos\" \/>\n<script type=\"application\/ld+json\" class=\"yoast-schema-graph\">{\"@context\":\"https:\\\/\\\/schema.org\",\"@graph\":[{\"@type\":\"Article\",\"@id\":\"https:\\\/\\\/www.anovapeneira.gal\\\/index.php\\\/2023\\\/09\\\/15\\\/un-golpe-ao-benestar-das-cidadas-e-cidadans-do-porrino\\\/#article\",\"isPartOf\":{\"@id\":\"https:\\\/\\\/www.anovapeneira.gal\\\/index.php\\\/2023\\\/09\\\/15\\\/un-golpe-ao-benestar-das-cidadas-e-cidadans-do-porrino\\\/\"},\"author\":{\"name\":\"Redacci\u00f3n A Nova Peneira\",\"@id\":\"https:\\\/\\\/www.anovapeneira.gal\\\/#\\\/schema\\\/person\\\/b93e3f8932e3f8da96334607eb6ac6aa\"},\"headline\":\"Un golpe ao benestar das cidad\u00e1s e cidadans do Porri\u00f1o\",\"datePublished\":\"2023-09-15T10:00:43+00:00\",\"dateModified\":\"2023-09-15T10:16:25+00:00\",\"mainEntityOfPage\":{\"@id\":\"https:\\\/\\\/www.anovapeneira.gal\\\/index.php\\\/2023\\\/09\\\/15\\\/un-golpe-ao-benestar-das-cidadas-e-cidadans-do-porrino\\\/\"},\"wordCount\":459,\"commentCount\":0,\"publisher\":{\"@id\":\"https:\\\/\\\/www.anovapeneira.gal\\\/#organization\"},\"image\":{\"@id\":\"https:\\\/\\\/www.anovapeneira.gal\\\/index.php\\\/2023\\\/09\\\/15\\\/un-golpe-ao-benestar-das-cidadas-e-cidadans-do-porrino\\\/#primaryimage\"},\"thumbnailUrl\":\"https:\\\/\\\/www.anovapeneira.gal\\\/wp-content\\\/uploads\\\/2023\\\/05\\\/david_alonso_barguiela.jpg\",\"keywords\":[\"Concello do Porri\u00f1o\"],\"articleSection\":[\"A Louri\u00f1a\"],\"inLanguage\":\"gl-ES\",\"potentialAction\":[{\"@type\":\"CommentAction\",\"name\":\"Comment\",\"target\":[\"https:\\\/\\\/www.anovapeneira.gal\\\/index.php\\\/2023\\\/09\\\/15\\\/un-golpe-ao-benestar-das-cidadas-e-cidadans-do-porrino\\\/#respond\"]}]},{\"@type\":\"WebPage\",\"@id\":\"https:\\\/\\\/www.anovapeneira.gal\\\/index.php\\\/2023\\\/09\\\/15\\\/un-golpe-ao-benestar-das-cidadas-e-cidadans-do-porrino\\\/\",\"url\":\"https:\\\/\\\/www.anovapeneira.gal\\\/index.php\\\/2023\\\/09\\\/15\\\/un-golpe-ao-benestar-das-cidadas-e-cidadans-do-porrino\\\/\",\"name\":\"Un golpe ao benestar das cidad\u00e1s e cidadans do Porri\u00f1o -\",\"isPartOf\":{\"@id\":\"https:\\\/\\\/www.anovapeneira.gal\\\/#website\"},\"primaryImageOfPage\":{\"@id\":\"https:\\\/\\\/www.anovapeneira.gal\\\/index.php\\\/2023\\\/09\\\/15\\\/un-golpe-ao-benestar-das-cidadas-e-cidadans-do-porrino\\\/#primaryimage\"},\"image\":{\"@id\":\"https:\\\/\\\/www.anovapeneira.gal\\\/index.php\\\/2023\\\/09\\\/15\\\/un-golpe-ao-benestar-das-cidadas-e-cidadans-do-porrino\\\/#primaryimage\"},\"thumbnailUrl\":\"https:\\\/\\\/www.anovapeneira.gal\\\/wp-content\\\/uploads\\\/2023\\\/05\\\/david_alonso_barguiela.jpg\",\"datePublished\":\"2023-09-15T10:00:43+00:00\",\"dateModified\":\"2023-09-15T10:16:25+00:00\",\"description\":\"Perm\u00edteme expresar a mi\u00f1a preocupaci\u00f3n polas graves consecuencias que acarrea o rexeitamento das propostas socialistas nos orzamentos municipais do 2023 aprobados polo PP\",\"breadcrumb\":{\"@id\":\"https:\\\/\\\/www.anovapeneira.gal\\\/index.php\\\/2023\\\/09\\\/15\\\/un-golpe-ao-benestar-das-cidadas-e-cidadans-do-porrino\\\/#breadcrumb\"},\"inLanguage\":\"gl-ES\",\"potentialAction\":[{\"@type\":\"ReadAction\",\"target\":[\"https:\\\/\\\/www.anovapeneira.gal\\\/index.php\\\/2023\\\/09\\\/15\\\/un-golpe-ao-benestar-das-cidadas-e-cidadans-do-porrino\\\/\"]}]},{\"@type\":\"ImageObject\",\"inLanguage\":\"gl-ES\",\"@id\":\"https:\\\/\\\/www.anovapeneira.gal\\\/index.php\\\/2023\\\/09\\\/15\\\/un-golpe-ao-benestar-das-cidadas-e-cidadans-do-porrino\\\/#primaryimage\",\"url\":\"https:\\\/\\\/www.anovapeneira.gal\\\/wp-content\\\/uploads\\\/2023\\\/05\\\/david_alonso_barguiela.jpg\",\"contentUrl\":\"https:\\\/\\\/www.anovapeneira.gal\\\/wp-content\\\/uploads\\\/2023\\\/05\\\/david_alonso_barguiela.jpg\",\"width\":720,\"height\":432,\"caption\":\"David Alonso Barguiela Psoe Porri\u00f1o\"},{\"@type\":\"BreadcrumbList\",\"@id\":\"https:\\\/\\\/www.anovapeneira.gal\\\/index.php\\\/2023\\\/09\\\/15\\\/un-golpe-ao-benestar-das-cidadas-e-cidadans-do-porrino\\\/#breadcrumb\",\"itemListElement\":[{\"@type\":\"ListItem\",\"position\":1,\"name\":\"Portada\",\"item\":\"https:\\\/\\\/www.anovapeneira.gal\\\/\"},{\"@type\":\"ListItem\",\"position\":2,\"name\":\"Un golpe ao benestar das cidad\u00e1s e cidadans do Porri\u00f1o\"}]},{\"@type\":\"WebSite\",\"@id\":\"https:\\\/\\\/www.anovapeneira.gal\\\/#website\",\"url\":\"https:\\\/\\\/www.anovapeneira.gal\\\/\",\"name\":\"\",\"description\":\"Xornal galego de informaci\u00f3n xeral Publicaci\u00f3n mensual de novas de Galicia e en especial dos Concellos da sur da provincia de Pontevedra.\",\"publisher\":{\"@id\":\"https:\\\/\\\/www.anovapeneira.gal\\\/#organization\"},\"potentialAction\":[{\"@type\":\"SearchAction\",\"target\":{\"@type\":\"EntryPoint\",\"urlTemplate\":\"https:\\\/\\\/www.anovapeneira.gal\\\/?s={search_term_string}\"},\"query-input\":{\"@type\":\"PropertyValueSpecification\",\"valueRequired\":true,\"valueName\":\"search_term_string\"}}],\"inLanguage\":\"gl-ES\"},{\"@type\":\"Organization\",\"@id\":\"https:\\\/\\\/www.anovapeneira.gal\\\/#organization\",\"name\":\"A Nova Peneira\",\"url\":\"https:\\\/\\\/www.anovapeneira.gal\\\/\",\"logo\":{\"@type\":\"ImageObject\",\"inLanguage\":\"gl-ES\",\"@id\":\"https:\\\/\\\/www.anovapeneira.gal\\\/#\\\/schema\\\/logo\\\/image\\\/\",\"url\":\"http:\\\/\\\/www.anovapeneira.gal\\\/wp-content\\\/uploads\\\/2019\\\/06\\\/logo_a_nova_peneira_portal_web.png\",\"contentUrl\":\"http:\\\/\\\/www.anovapeneira.gal\\\/wp-content\\\/uploads\\\/2019\\\/06\\\/logo_a_nova_peneira_portal_web.png\",\"width\":300,\"height\":100,\"caption\":\"A Nova Peneira\"},\"image\":{\"@id\":\"https:\\\/\\\/www.anovapeneira.gal\\\/#\\\/schema\\\/logo\\\/image\\\/\"},\"sameAs\":[\"https:\\\/\\\/www.facebook.com\\\/anovapeneira\",\"https:\\\/\\\/x.com\\\/APeneira\"]},{\"@type\":\"Person\",\"@id\":\"https:\\\/\\\/www.anovapeneira.gal\\\/#\\\/schema\\\/person\\\/b93e3f8932e3f8da96334607eb6ac6aa\",\"name\":\"Redacci\u00f3n A Nova Peneira\",\"image\":{\"@type\":\"ImageObject\",\"inLanguage\":\"gl-ES\",\"@id\":\"https:\\\/\\\/secure.gravatar.com\\\/avatar\\\/c052a2551a06e23fac63626232eaa90abd78dbcf1700fc46a2b2c89fd27b735f?s=96&d=mm&r=g\",\"url\":\"https:\\\/\\\/secure.gravatar.com\\\/avatar\\\/c052a2551a06e23fac63626232eaa90abd78dbcf1700fc46a2b2c89fd27b735f?s=96&d=mm&r=g\",\"contentUrl\":\"https:\\\/\\\/secure.gravatar.com\\\/avatar\\\/c052a2551a06e23fac63626232eaa90abd78dbcf1700fc46a2b2c89fd27b735f?s=96&d=mm&r=g\",\"caption\":\"Redacci\u00f3n A Nova Peneira\"},\"sameAs\":[\"http:\\\/\\\/www.anovapeneira.gal\\\/\"],\"url\":\"https:\\\/\\\/www.anovapeneira.gal\\\/index.php\\\/author\\\/redactor\\\/\"}]}<\/script>\n<!-- \/ Yoast SEO plugin. -->","yoast_head_json":{"title":"Un golpe ao benestar das cidad\u00e1s e cidadans do Porri\u00f1o -","description":"Perm\u00edteme expresar a mi\u00f1a preocupaci\u00f3n polas graves consecuencias que acarrea o rexeitamento das propostas socialistas nos orzamentos municipais do 2023 aprobados polo PP","robots":{"index":"index","follow":"follow","max-snippet":"max-snippet:-1","max-image-preview":"max-image-preview:large","max-video-preview":"max-video-preview:-1"},"canonical":"https:\/\/www.anovapeneira.gal\/index.php\/2023\/09\/15\/un-golpe-ao-benestar-das-cidadas-e-cidadans-do-porrino\/","og_locale":"gl_ES","og_type":"article","og_title":"Un golpe ao benestar das cidad\u00e1s e cidadans do Porri\u00f1o -","og_description":"Perm\u00edteme expresar a mi\u00f1a preocupaci\u00f3n polas graves consecuencias que acarrea o rexeitamento das propostas socialistas nos orzamentos municipais do 2023 aprobados polo PP","og_url":"https:\/\/www.anovapeneira.gal\/index.php\/2023\/09\/15\/un-golpe-ao-benestar-das-cidadas-e-cidadans-do-porrino\/","article_publisher":"https:\/\/www.facebook.com\/anovapeneira","article_published_time":"2023-09-15T10:00:43+00:00","article_modified_time":"2023-09-15T10:16:25+00:00","og_image":[{"width":720,"height":432,"url":"https:\/\/www.anovapeneira.gal\/wp-content\/uploads\/2023\/05\/david_alonso_barguiela.jpg","type":"image\/jpeg"}],"author":"Redacci\u00f3n A Nova Peneira","twitter_card":"summary_large_image","twitter_creator":"@APeneira","twitter_site":"@APeneira","twitter_misc":{"Escrito por":"Redacci\u00f3n A Nova Peneira","Tempo de lectura":"3 minutos"},"schema":{"@context":"https:\/\/schema.org","@graph":[{"@type":"Article","@id":"https:\/\/www.anovapeneira.gal\/index.php\/2023\/09\/15\/un-golpe-ao-benestar-das-cidadas-e-cidadans-do-porrino\/#article","isPartOf":{"@id":"https:\/\/www.anovapeneira.gal\/index.php\/2023\/09\/15\/un-golpe-ao-benestar-das-cidadas-e-cidadans-do-porrino\/"},"author":{"name":"Redacci\u00f3n A Nova Peneira","@id":"https:\/\/www.anovapeneira.gal\/#\/schema\/person\/b93e3f8932e3f8da96334607eb6ac6aa"},"headline":"Un golpe ao benestar das cidad\u00e1s e cidadans do Porri\u00f1o","datePublished":"2023-09-15T10:00:43+00:00","dateModified":"2023-09-15T10:16:25+00:00","mainEntityOfPage":{"@id":"https:\/\/www.anovapeneira.gal\/index.php\/2023\/09\/15\/un-golpe-ao-benestar-das-cidadas-e-cidadans-do-porrino\/"},"wordCount":459,"commentCount":0,"publisher":{"@id":"https:\/\/www.anovapeneira.gal\/#organization"},"image":{"@id":"https:\/\/www.anovapeneira.gal\/index.php\/2023\/09\/15\/un-golpe-ao-benestar-das-cidadas-e-cidadans-do-porrino\/#primaryimage"},"thumbnailUrl":"https:\/\/www.anovapeneira.gal\/wp-content\/uploads\/2023\/05\/david_alonso_barguiela.jpg","keywords":["Concello do Porri\u00f1o"],"articleSection":["A Louri\u00f1a"],"inLanguage":"gl-ES","potentialAction":[{"@type":"CommentAction","name":"Comment","target":["https:\/\/www.anovapeneira.gal\/index.php\/2023\/09\/15\/un-golpe-ao-benestar-das-cidadas-e-cidadans-do-porrino\/#respond"]}]},{"@type":"WebPage","@id":"https:\/\/www.anovapeneira.gal\/index.php\/2023\/09\/15\/un-golpe-ao-benestar-das-cidadas-e-cidadans-do-porrino\/","url":"https:\/\/www.anovapeneira.gal\/index.php\/2023\/09\/15\/un-golpe-ao-benestar-das-cidadas-e-cidadans-do-porrino\/","name":"Un golpe ao benestar das cidad\u00e1s e cidadans do Porri\u00f1o -","isPartOf":{"@id":"https:\/\/www.anovapeneira.gal\/#website"},"primaryImageOfPage":{"@id":"https:\/\/www.anovapeneira.gal\/index.php\/2023\/09\/15\/un-golpe-ao-benestar-das-cidadas-e-cidadans-do-porrino\/#primaryimage"},"image":{"@id":"https:\/\/www.anovapeneira.gal\/index.php\/2023\/09\/15\/un-golpe-ao-benestar-das-cidadas-e-cidadans-do-porrino\/#primaryimage"},"thumbnailUrl":"https:\/\/www.anovapeneira.gal\/wp-content\/uploads\/2023\/05\/david_alonso_barguiela.jpg","datePublished":"2023-09-15T10:00:43+00:00","dateModified":"2023-09-15T10:16:25+00:00","description":"Perm\u00edteme expresar a mi\u00f1a preocupaci\u00f3n polas graves consecuencias que acarrea o rexeitamento das propostas socialistas nos orzamentos municipais do 2023 aprobados polo PP","breadcrumb":{"@id":"https:\/\/www.anovapeneira.gal\/index.php\/2023\/09\/15\/un-golpe-ao-benestar-das-cidadas-e-cidadans-do-porrino\/#breadcrumb"},"inLanguage":"gl-ES","potentialAction":[{"@type":"ReadAction","target":["https:\/\/www.anovapeneira.gal\/index.php\/2023\/09\/15\/un-golpe-ao-benestar-das-cidadas-e-cidadans-do-porrino\/"]}]},{"@type":"ImageObject","inLanguage":"gl-ES","@id":"https:\/\/www.anovapeneira.gal\/index.php\/2023\/09\/15\/un-golpe-ao-benestar-das-cidadas-e-cidadans-do-porrino\/#primaryimage","url":"https:\/\/www.anovapeneira.gal\/wp-content\/uploads\/2023\/05\/david_alonso_barguiela.jpg","contentUrl":"https:\/\/www.anovapeneira.gal\/wp-content\/uploads\/2023\/05\/david_alonso_barguiela.jpg","width":720,"height":432,"caption":"David Alonso Barguiela Psoe Porri\u00f1o"},{"@type":"BreadcrumbList","@id":"https:\/\/www.anovapeneira.gal\/index.php\/2023\/09\/15\/un-golpe-ao-benestar-das-cidadas-e-cidadans-do-porrino\/#breadcrumb","itemListElement":[{"@type":"ListItem","position":1,"name":"Portada","item":"https:\/\/www.anovapeneira.gal\/"},{"@type":"ListItem","position":2,"name":"Un golpe ao benestar das cidad\u00e1s e cidadans do Porri\u00f1o"}]},{"@type":"WebSite","@id":"https:\/\/www.anovapeneira.gal\/#website","url":"https:\/\/www.anovapeneira.gal\/","name":"","description":"Xornal galego de informaci\u00f3n xeral Publicaci\u00f3n mensual de novas de Galicia e en especial dos Concellos da sur da provincia de Pontevedra.","publisher":{"@id":"https:\/\/www.anovapeneira.gal\/#organization"},"potentialAction":[{"@type":"SearchAction","target":{"@type":"EntryPoint","urlTemplate":"https:\/\/www.anovapeneira.gal\/?s={search_term_string}"},"query-input":{"@type":"PropertyValueSpecification","valueRequired":true,"valueName":"search_term_string"}}],"inLanguage":"gl-ES"},{"@type":"Organization","@id":"https:\/\/www.anovapeneira.gal\/#organization","name":"A Nova Peneira","url":"https:\/\/www.anovapeneira.gal\/","logo":{"@type":"ImageObject","inLanguage":"gl-ES","@id":"https:\/\/www.anovapeneira.gal\/#\/schema\/logo\/image\/","url":"http:\/\/www.anovapeneira.gal\/wp-content\/uploads\/2019\/06\/logo_a_nova_peneira_portal_web.png","contentUrl":"http:\/\/www.anovapeneira.gal\/wp-content\/uploads\/2019\/06\/logo_a_nova_peneira_portal_web.png","width":300,"height":100,"caption":"A Nova Peneira"},"image":{"@id":"https:\/\/www.anovapeneira.gal\/#\/schema\/logo\/image\/"},"sameAs":["https:\/\/www.facebook.com\/anovapeneira","https:\/\/x.com\/APeneira"]},{"@type":"Person","@id":"https:\/\/www.anovapeneira.gal\/#\/schema\/person\/b93e3f8932e3f8da96334607eb6ac6aa","name":"Redacci\u00f3n A Nova Peneira","image":{"@type":"ImageObject","inLanguage":"gl-ES","@id":"https:\/\/secure.gravatar.com\/avatar\/c052a2551a06e23fac63626232eaa90abd78dbcf1700fc46a2b2c89fd27b735f?s=96&d=mm&r=g","url":"https:\/\/secure.gravatar.com\/avatar\/c052a2551a06e23fac63626232eaa90abd78dbcf1700fc46a2b2c89fd27b735f?s=96&d=mm&r=g","contentUrl":"https:\/\/secure.gravatar.com\/avatar\/c052a2551a06e23fac63626232eaa90abd78dbcf1700fc46a2b2c89fd27b735f?s=96&d=mm&r=g","caption":"Redacci\u00f3n A Nova Peneira"},"sameAs":["http:\/\/www.anovapeneira.gal\/"],"url":"https:\/\/www.anovapeneira.gal\/index.php\/author\/redactor\/"}]}},"jetpack_featured_media_url":"https:\/\/www.anovapeneira.gal\/wp-content\/uploads\/2023\/05\/david_alonso_barguiela.jpg","_links":{"self":[{"href":"https:\/\/www.anovapeneira.gal\/index.php\/wp-json\/wp\/v2\/posts\/10425","targetHints":{"allow":["GET"]}}],"collection":[{"href":"https:\/\/www.anovapeneira.gal\/index.php\/wp-json\/wp\/v2\/posts"}],"about":[{"href":"https:\/\/www.anovapeneira.gal\/index.php\/wp-json\/wp\/v2\/types\/post"}],"author":[{"embeddable":true,"href":"https:\/\/www.anovapeneira.gal\/index.php\/wp-json\/wp\/v2\/users\/3"}],"replies":[{"embeddable":true,"href":"https:\/\/www.anovapeneira.gal\/index.php\/wp-json\/wp\/v2\/comments?post=10425"}],"version-history":[{"count":2,"href":"https:\/\/www.anovapeneira.gal\/index.php\/wp-json\/wp\/v2\/posts\/10425\/revisions"}],"predecessor-version":[{"id":10442,"href":"https:\/\/www.anovapeneira.gal\/index.php\/wp-json\/wp\/v2\/posts\/10425\/revisions\/10442"}],"wp:featuredmedia":[{"embeddable":true,"href":"https:\/\/www.anovapeneira.gal\/index.php\/wp-json\/wp\/v2\/media\/9801"}],"wp:attachment":[{"href":"https:\/\/www.anovapeneira.gal\/index.php\/wp-json\/wp\/v2\/media?parent=10425"}],"wp:term":[{"taxonomy":"category","embeddable":true,"href":"https:\/\/www.anovapeneira.gal\/index.php\/wp-json\/wp\/v2\/categories?post=10425"},{"taxonomy":"post_tag","embeddable":true,"href":"https:\/\/www.anovapeneira.gal\/index.php\/wp-json\/wp\/v2\/tags?post=10425"}],"curies":[{"name":"wp","href":"https:\/\/api.w.org\/{rel}","templated":true}]}}