{"id":10428,"date":"2023-09-18T10:00:06","date_gmt":"2023-09-18T08:00:06","guid":{"rendered":"https:\/\/www.anovapeneira.gal\/?p=10428"},"modified":"2023-09-14T10:09:56","modified_gmt":"2023-09-14T08:09:56","slug":"generoso-muinos-pon-redondela-no-corazon","status":"publish","type":"post","link":"https:\/\/www.anovapeneira.gal\/index.php\/2023\/09\/18\/generoso-muinos-pon-redondela-no-corazon\/","title":{"rendered":"Generoso Mu\u00ed\u00f1os pon Redondela no coraz\u00f3n"},"content":{"rendered":"\n<pre class=\"wp-block-verse\"><strong>Marcos Santos<\/strong><\/pre>\n\n\n\n<p><a><\/a> <strong>Educar \u00e9 o mesmo<br>que p\u00f3r un motor a unha barca\u2026<br>Hai que medir, pensar, equilibrar\u2026<br>e po\u00f1er todo en marcha.<br>Pero para eso,<br>un ten que levar na alma<br>un pouco de mari\u00f1o\u2026<br>un pouco de pirata\u2026<br>un pouco de poeta\u2026<br>e un quilo e medio de paciencia concentrada.<br>Pero \u00e9 consolador so\u00f1ar,<br>mentres un traballa,<br>que ese barco, ese neno,<br>ir\u00e1 moi lonxe pola agua.<br>So\u00f1ar que ese nav\u00edo<br>levar\u00e1 a nosa carga de palabras<br>cara portos distantes, cara illas lonxanas.<br>So\u00f1ar que, cando un d\u00eda<br>estea a durmir a nosa propia barca,<br>en barcos novos seguir\u00e1<br>a nosa bandeira enarborada.<\/strong><\/p>\n\n\n\n<p><strong>Este fermoso poema de Gabriel Celaya foi o primeiro que invadiu o meu coraz\u00f3n despois de conversar con Generoso. No poema, Celaya describe de maneira brillante e esteticamente preciosa o que \u00e9 un mestre de vocaci\u00f3n, despois de pasar toda a s\u00faa vida ensinando. \u00c9 as\u00ed \u00e9 Generoso. El \u00e9 un mestre cunha longa traxectoria profesional, pois m\u00e1is de 40 anos no mundo da docencia as\u00ed o amosan .Estivo no San Rafael de Vigo, en Cesantes, en Redondela e no IES Illa de San Sim\u00f3n, instituto que el estreou, e no que confesa que foi realmente feliz traballando. Agora ded\u00edcase a gozar da s\u00faa xubilaci\u00f3n con m\u00faltiples actividades entre as que destacan d\u00faas das s\u00faas grandes paix\u00f3ns: O deporte e as maquetas. No que atinxe ao deporte: entre outras cousas organiza unha liga de Tenis en Redondela , e no que se refire \u00e1s maquetas estes d\u00edas puidemos apreciar no multiusos unha impresionante exposici\u00f3n de 70 maquetas que reflicten boa parte do casco urbano do noso querido pobo. N\u00f3s conversamos con el para co\u00f1ecer mellor o seu traballo que parte das rexi\u00f3ns m\u00e1is profundas do seu coraz\u00f3n, al\u00ed onde habita o mesmo lugar que est\u00e1 no m\u00e1is \u00edntimo da mi\u00f1a alma: Redondela.<\/strong><\/p>\n\n\n\n<p><strong>Botas de menos o mundo do ensino?.<\/strong><\/p>\n\n\n\n<blockquote class=\"wp-block-quote is-layout-flow wp-block-quote-is-layout-flow\">\n<p>Si, si que o boto, non tanto como pensaba porque cando un se xubila sempre entra certa vertixe xa que vas deixar de facer algo que levabas moit\u00edsimos anos facendo. Ent\u00f3n algo de medo sempre d\u00e1, pero xa che digo que un pouco de nostalxia sempre queda pero eu estou ben.<\/p>\n<\/blockquote>\n\n\n\n<p><strong>Creo que o teu fillo ten moito que ver co asunto que motiva a nosa conversa: as maquetas?<\/strong><\/p>\n\n\n\n<blockquote class=\"wp-block-quote is-layout-flow wp-block-quote-is-layout-flow\">\n<p>Ben , eu te\u00f1o un fillo arquitecto e boteille unha man a facer unha maqueta que ti\u00f1a que entregar cando estudaba a carreira. E gustoume moito, si. Podemos dicir que a ra\u00edz daquel episodio comecei neste mundo.<\/p>\n<\/blockquote>\n\n\n\n<p><strong>Cantas fotos tes que examinar e analizar de cada construci\u00f3n da que fas unha maqueta?<\/strong><\/p>\n\n\n\n<blockquote class=\"wp-block-quote is-layout-flow wp-block-quote-is-layout-flow\">\n<p>Entre 100 e 200, m\u00e1is cerca das 200.<\/p>\n<\/blockquote>\n\n\n\n<p><strong>Caramba, na exposici\u00f3n tes 70 maquetas .Iso quere dicir que a cantidade de fotograf\u00edas, e por conseguinte o traballo que cada unha ten detr\u00e1s \u00e9 inmenso?<\/strong><\/p>\n\n\n\n<blockquote class=\"wp-block-quote is-layout-flow wp-block-quote-is-layout-flow\">\n<p>Si, fotos son moitas abof\u00e9 que si, e traballo detr\u00e1s tam\u00e9n o ten. No caso contrario non ser\u00eda posible.<\/p>\n<\/blockquote>\n\n\n\n<p><strong>O resultado \u00e9 espectacular, quen me \u00eda dicir a min que no interior do multiusos poderiamos dar unha volta por Redondela?<\/strong><\/p>\n\n\n\n<blockquote class=\"wp-block-quote is-layout-flow wp-block-quote-is-layout-flow\">\n<p>Moitas grazas Marcos, a mi\u00f1a ilusi\u00f3n foi facelo de maneira que fose tal cal \u00e9 o pobo e que a xente que acudise \u00e1 exposici\u00f3n puidese ver as casas tanto por diante como por atr\u00e1s. Est\u00e1n colocadas de maneira que aparece , na parte que d\u00e1 ao r\u00edo, a entrada desde Pontevedra a farmacia de Santa Mari\u00f1a e polo outro lado a praza do mercado. A parte na que est\u00e1 a farmacia chega ata a praza da Constituci\u00f3n.<\/p>\n<\/blockquote>\n\n\n\n<blockquote class=\"wp-block-quote is-layout-flow wp-block-quote-is-layout-flow\">\n<p>Pola parte do Concello chegamos ata a antiga gasolineira . E na outra entrada de Redondela temos o convento de Vilavella e as r\u00faas Pai Crespo e Jose Regojo.<\/p>\n<\/blockquote>\n\n\n\n<p><strong>Deuche alg\u00fan problema serio esta marabillosa reproduci\u00f3n de Redondela?<\/strong><\/p>\n\n\n\n<blockquote class=\"wp-block-quote is-layout-flow wp-block-quote-is-layout-flow\">\n<p>Si, se cadra as diferentes alturas. Para solucionalo houbo que por unha especie de tacos. Esa zona deume moito traballo.<\/p>\n<\/blockquote>\n\n\n\n<p><strong>Que materiais usas?<\/strong><\/p>\n\n\n\n<blockquote class=\"wp-block-quote is-layout-flow wp-block-quote-is-layout-flow\">\n<p>Case todo \u00e9 madeira. Hai tam\u00e9n algo de pl\u00e1stico paras as fiestras e as portas, arame&#8230;..<\/p>\n<\/blockquote>\n\n\n\n<p><strong>Canto tempo che leva unha maqueta?<\/strong><\/p>\n\n\n\n<blockquote class=\"wp-block-quote is-layout-flow wp-block-quote-is-layout-flow\">\n<p>Depende do tama\u00f1o pero arredor dun mes cada unha.<\/p>\n<\/blockquote>\n\n\n\n<p><strong>Cantos anos che levou completar este paseo por Redondela?<\/strong><\/p>\n\n\n\n<blockquote class=\"wp-block-quote is-layout-flow wp-block-quote-is-layout-flow\">\n<p>Arredor de 17 anos<\/p>\n<\/blockquote>\n\n\n\n<p><strong>Que \u00e9 o m\u00e1is complicado?<\/strong><\/p>\n\n\n\n<blockquote class=\"wp-block-quote is-layout-flow wp-block-quote-is-layout-flow\">\n<p>Os balc\u00f3ns.<\/p>\n<\/blockquote>\n\n\n\n<p><strong>Vas continuar?<\/strong><\/p>\n\n\n\n<blockquote class=\"wp-block-quote is-layout-flow wp-block-quote-is-layout-flow\">\n<p>Hoxe dir\u00edate que non. Pero cando remate a exposici\u00f3n e as maquetas volvan \u00e1 mi\u00f1a casa, xa lles te\u00f1o un sitio reservado, e co\u00f1ec\u00e9ndome , como me co\u00f1ezo, creo que cando acabe uns choios que estou a facer na casa si que vou continuar.<\/p>\n<\/blockquote>\n\n\n\n<p><strong>Eu case me atrever\u00eda asegurar que si vas continuar, que ti non es dos que se queda parado a mirar as obras?<\/strong><\/p>\n\n\n\n<blockquote class=\"wp-block-quote is-layout-flow wp-block-quote-is-layout-flow\">\n<p>Ha, ha , ha .Non, a verdade \u00e9 que eu non son as\u00ed. Sempre te\u00f1o que estar a facer cousas.<\/p>\n<\/blockquote>\n\n\n\n<p><strong>Al\u00e9n das maquetas hai algo que recordes con especial cari\u00f1o?<\/strong><\/p>\n\n\n\n<blockquote class=\"wp-block-quote is-layout-flow wp-block-quote-is-layout-flow\">\n<p>Algunhas cousas que lles te\u00f1o feito aos meus netos, si.<\/p>\n<\/blockquote>\n\n\n\n<p><strong>Para rematar vasme permitir dicirche que me encantar\u00eda ver no futuro d\u00faas construci\u00f3ns especialmente queridas : O pavill\u00f3n e a cheminea de Regojo<\/strong><\/p>\n\n\n\n<blockquote class=\"wp-block-quote is-layout-flow wp-block-quote-is-layout-flow\">\n<p>Moitas grazas Marcos, a\u00ednda non cheguei a ning\u00fan deses dous sitios, pero co tempo todo se andar\u00e1<\/p>\n<\/blockquote>\n\n\n\n<p><strong>Ha ha ha ha&#8230;.Estou seguro que ser\u00e1 as\u00ed<\/strong><\/p>\n","protected":false},"excerpt":{"rendered":"<div class=\"mh-excerpt\"><p>Este fermoso poema de Gabriel Celaya foi o primeiro que invadiu o meu coraz\u00f3n despois de conversar con Generoso. No poema, Celaya describe de maneira brillante e esteticamente preciosa o que \u00e9 un mestre de vocaci\u00f3n, despois de pasar toda a s\u00faa vida ensinando <a class=\"mh-excerpt-more\" href=\"https:\/\/www.anovapeneira.gal\/index.php\/2023\/09\/18\/generoso-muinos-pon-redondela-no-corazon\/\" title=\"Generoso Mu\u00ed\u00f1os pon Redondela no coraz\u00f3n\">[&#8230;]<\/a><\/p>\n<\/div>","protected":false},"author":6,"featured_media":10429,"comment_status":"open","ping_status":"open","sticky":false,"template":"","format":"standard","meta":{"_exactmetrics_skip_tracking":false,"_exactmetrics_sitenote_active":false,"_exactmetrics_sitenote_note":"","_exactmetrics_sitenote_category":0,"footnotes":""},"categories":[270],"tags":[171],"class_list":{"0":"post-10428","1":"post","2":"type-post","3":"status-publish","4":"format-standard","5":"has-post-thumbnail","7":"category-redondela-entrevistas","8":"tag-concello-de-redondela"},"yoast_head":"<!-- This site is optimized with the Yoast SEO plugin v27.4 - https:\/\/yoast.com\/product\/yoast-seo-wordpress\/ -->\n<title>Generoso Mu\u00ed\u00f1os pon Redondela no coraz\u00f3n -<\/title>\n<meta name=\"description\" content=\"Este fermoso poema de Gabriel Celaya foi o primeiro que invadiu o meu coraz\u00f3n despois de conversar con Generoso. No poema, Celaya describe de maneira brillante e esteticamente preciosa o que \u00e9 un mestre de vocaci\u00f3n, despois de pasar toda a s\u00faa vida ensinando\" \/>\n<meta name=\"robots\" content=\"index, follow, max-snippet:-1, max-image-preview:large, max-video-preview:-1\" \/>\n<link rel=\"canonical\" href=\"https:\/\/www.anovapeneira.gal\/index.php\/2023\/09\/18\/generoso-muinos-pon-redondela-no-corazon\/\" \/>\n<meta property=\"og:locale\" content=\"gl_ES\" \/>\n<meta property=\"og:type\" content=\"article\" \/>\n<meta property=\"og:title\" content=\"Generoso Mu\u00ed\u00f1os pon Redondela no coraz\u00f3n -\" \/>\n<meta property=\"og:description\" content=\"Este fermoso poema de Gabriel Celaya foi o primeiro que invadiu o meu coraz\u00f3n despois de conversar con Generoso. No poema, Celaya describe de maneira brillante e esteticamente preciosa o que \u00e9 un mestre de vocaci\u00f3n, despois de pasar toda a s\u00faa vida ensinando\" \/>\n<meta property=\"og:url\" content=\"https:\/\/www.anovapeneira.gal\/index.php\/2023\/09\/18\/generoso-muinos-pon-redondela-no-corazon\/\" \/>\n<meta property=\"article:publisher\" content=\"https:\/\/www.facebook.com\/anovapeneira\" \/>\n<meta property=\"article:published_time\" content=\"2023-09-18T08:00:06+00:00\" \/>\n<meta property=\"og:image\" content=\"https:\/\/www.anovapeneira.gal\/wp-content\/uploads\/2023\/09\/generoso_muinos.jpg\" \/>\n\t<meta property=\"og:image:width\" content=\"720\" \/>\n\t<meta property=\"og:image:height\" content=\"432\" \/>\n\t<meta property=\"og:image:type\" content=\"image\/jpeg\" \/>\n<meta name=\"author\" content=\"Marcos Santos\" \/>\n<meta name=\"twitter:card\" content=\"summary_large_image\" \/>\n<meta name=\"twitter:creator\" content=\"@APeneira\" \/>\n<meta name=\"twitter:site\" content=\"@APeneira\" \/>\n<meta name=\"twitter:label1\" content=\"Escrito por\" \/>\n\t<meta name=\"twitter:data1\" content=\"Marcos Santos\" \/>\n\t<meta name=\"twitter:label2\" content=\"Tempo de lectura\" \/>\n\t<meta name=\"twitter:data2\" content=\"3 minutos\" \/>\n<script type=\"application\/ld+json\" class=\"yoast-schema-graph\">{\"@context\":\"https:\\\/\\\/schema.org\",\"@graph\":[{\"@type\":\"Article\",\"@id\":\"https:\\\/\\\/www.anovapeneira.gal\\\/index.php\\\/2023\\\/09\\\/18\\\/generoso-muinos-pon-redondela-no-corazon\\\/#article\",\"isPartOf\":{\"@id\":\"https:\\\/\\\/www.anovapeneira.gal\\\/index.php\\\/2023\\\/09\\\/18\\\/generoso-muinos-pon-redondela-no-corazon\\\/\"},\"author\":{\"name\":\"Marcos Santos\",\"@id\":\"https:\\\/\\\/www.anovapeneira.gal\\\/#\\\/schema\\\/person\\\/d9d84823564720e7593293bab054e52d\"},\"headline\":\"Generoso Mu\u00ed\u00f1os pon Redondela no coraz\u00f3n\",\"datePublished\":\"2023-09-18T08:00:06+00:00\",\"mainEntityOfPage\":{\"@id\":\"https:\\\/\\\/www.anovapeneira.gal\\\/index.php\\\/2023\\\/09\\\/18\\\/generoso-muinos-pon-redondela-no-corazon\\\/\"},\"wordCount\":905,\"commentCount\":0,\"publisher\":{\"@id\":\"https:\\\/\\\/www.anovapeneira.gal\\\/#organization\"},\"image\":{\"@id\":\"https:\\\/\\\/www.anovapeneira.gal\\\/index.php\\\/2023\\\/09\\\/18\\\/generoso-muinos-pon-redondela-no-corazon\\\/#primaryimage\"},\"thumbnailUrl\":\"https:\\\/\\\/www.anovapeneira.gal\\\/wp-content\\\/uploads\\\/2023\\\/09\\\/generoso_muinos.jpg\",\"keywords\":[\"Concello de Redondela\"],\"articleSection\":[\"Redondela\"],\"inLanguage\":\"gl-ES\",\"potentialAction\":[{\"@type\":\"CommentAction\",\"name\":\"Comment\",\"target\":[\"https:\\\/\\\/www.anovapeneira.gal\\\/index.php\\\/2023\\\/09\\\/18\\\/generoso-muinos-pon-redondela-no-corazon\\\/#respond\"]}]},{\"@type\":\"WebPage\",\"@id\":\"https:\\\/\\\/www.anovapeneira.gal\\\/index.php\\\/2023\\\/09\\\/18\\\/generoso-muinos-pon-redondela-no-corazon\\\/\",\"url\":\"https:\\\/\\\/www.anovapeneira.gal\\\/index.php\\\/2023\\\/09\\\/18\\\/generoso-muinos-pon-redondela-no-corazon\\\/\",\"name\":\"Generoso Mu\u00ed\u00f1os pon Redondela no coraz\u00f3n -\",\"isPartOf\":{\"@id\":\"https:\\\/\\\/www.anovapeneira.gal\\\/#website\"},\"primaryImageOfPage\":{\"@id\":\"https:\\\/\\\/www.anovapeneira.gal\\\/index.php\\\/2023\\\/09\\\/18\\\/generoso-muinos-pon-redondela-no-corazon\\\/#primaryimage\"},\"image\":{\"@id\":\"https:\\\/\\\/www.anovapeneira.gal\\\/index.php\\\/2023\\\/09\\\/18\\\/generoso-muinos-pon-redondela-no-corazon\\\/#primaryimage\"},\"thumbnailUrl\":\"https:\\\/\\\/www.anovapeneira.gal\\\/wp-content\\\/uploads\\\/2023\\\/09\\\/generoso_muinos.jpg\",\"datePublished\":\"2023-09-18T08:00:06+00:00\",\"description\":\"Este fermoso poema de Gabriel Celaya foi o primeiro que invadiu o meu coraz\u00f3n despois de conversar con Generoso. No poema, Celaya describe de maneira brillante e esteticamente preciosa o que \u00e9 un mestre de vocaci\u00f3n, despois de pasar toda a s\u00faa vida ensinando\",\"breadcrumb\":{\"@id\":\"https:\\\/\\\/www.anovapeneira.gal\\\/index.php\\\/2023\\\/09\\\/18\\\/generoso-muinos-pon-redondela-no-corazon\\\/#breadcrumb\"},\"inLanguage\":\"gl-ES\",\"potentialAction\":[{\"@type\":\"ReadAction\",\"target\":[\"https:\\\/\\\/www.anovapeneira.gal\\\/index.php\\\/2023\\\/09\\\/18\\\/generoso-muinos-pon-redondela-no-corazon\\\/\"]}]},{\"@type\":\"ImageObject\",\"inLanguage\":\"gl-ES\",\"@id\":\"https:\\\/\\\/www.anovapeneira.gal\\\/index.php\\\/2023\\\/09\\\/18\\\/generoso-muinos-pon-redondela-no-corazon\\\/#primaryimage\",\"url\":\"https:\\\/\\\/www.anovapeneira.gal\\\/wp-content\\\/uploads\\\/2023\\\/09\\\/generoso_muinos.jpg\",\"contentUrl\":\"https:\\\/\\\/www.anovapeneira.gal\\\/wp-content\\\/uploads\\\/2023\\\/09\\\/generoso_muinos.jpg\",\"width\":720,\"height\":432,\"caption\":\"Generoso Mu\u00ed\u00f1os pon Redondela no coraz\u00f3n\"},{\"@type\":\"BreadcrumbList\",\"@id\":\"https:\\\/\\\/www.anovapeneira.gal\\\/index.php\\\/2023\\\/09\\\/18\\\/generoso-muinos-pon-redondela-no-corazon\\\/#breadcrumb\",\"itemListElement\":[{\"@type\":\"ListItem\",\"position\":1,\"name\":\"Portada\",\"item\":\"https:\\\/\\\/www.anovapeneira.gal\\\/\"},{\"@type\":\"ListItem\",\"position\":2,\"name\":\"Generoso Mu\u00ed\u00f1os pon Redondela no coraz\u00f3n\"}]},{\"@type\":\"WebSite\",\"@id\":\"https:\\\/\\\/www.anovapeneira.gal\\\/#website\",\"url\":\"https:\\\/\\\/www.anovapeneira.gal\\\/\",\"name\":\"\",\"description\":\"Xornal galego de informaci\u00f3n xeral Publicaci\u00f3n mensual de novas de Galicia e en especial dos Concellos da sur da provincia de Pontevedra.\",\"publisher\":{\"@id\":\"https:\\\/\\\/www.anovapeneira.gal\\\/#organization\"},\"potentialAction\":[{\"@type\":\"SearchAction\",\"target\":{\"@type\":\"EntryPoint\",\"urlTemplate\":\"https:\\\/\\\/www.anovapeneira.gal\\\/?s={search_term_string}\"},\"query-input\":{\"@type\":\"PropertyValueSpecification\",\"valueRequired\":true,\"valueName\":\"search_term_string\"}}],\"inLanguage\":\"gl-ES\"},{\"@type\":\"Organization\",\"@id\":\"https:\\\/\\\/www.anovapeneira.gal\\\/#organization\",\"name\":\"A Nova Peneira\",\"url\":\"https:\\\/\\\/www.anovapeneira.gal\\\/\",\"logo\":{\"@type\":\"ImageObject\",\"inLanguage\":\"gl-ES\",\"@id\":\"https:\\\/\\\/www.anovapeneira.gal\\\/#\\\/schema\\\/logo\\\/image\\\/\",\"url\":\"http:\\\/\\\/www.anovapeneira.gal\\\/wp-content\\\/uploads\\\/2019\\\/06\\\/logo_a_nova_peneira_portal_web.png\",\"contentUrl\":\"http:\\\/\\\/www.anovapeneira.gal\\\/wp-content\\\/uploads\\\/2019\\\/06\\\/logo_a_nova_peneira_portal_web.png\",\"width\":300,\"height\":100,\"caption\":\"A Nova Peneira\"},\"image\":{\"@id\":\"https:\\\/\\\/www.anovapeneira.gal\\\/#\\\/schema\\\/logo\\\/image\\\/\"},\"sameAs\":[\"https:\\\/\\\/www.facebook.com\\\/anovapeneira\",\"https:\\\/\\\/x.com\\\/APeneira\"]},{\"@type\":\"Person\",\"@id\":\"https:\\\/\\\/www.anovapeneira.gal\\\/#\\\/schema\\\/person\\\/d9d84823564720e7593293bab054e52d\",\"name\":\"Marcos Santos\",\"image\":{\"@type\":\"ImageObject\",\"inLanguage\":\"gl-ES\",\"@id\":\"https:\\\/\\\/secure.gravatar.com\\\/avatar\\\/0e8017099a7a47c0a9d2275e865fe326484561eb3d70649069e4b8e61a8d2e8c?s=96&d=mm&r=g\",\"url\":\"https:\\\/\\\/secure.gravatar.com\\\/avatar\\\/0e8017099a7a47c0a9d2275e865fe326484561eb3d70649069e4b8e61a8d2e8c?s=96&d=mm&r=g\",\"contentUrl\":\"https:\\\/\\\/secure.gravatar.com\\\/avatar\\\/0e8017099a7a47c0a9d2275e865fe326484561eb3d70649069e4b8e61a8d2e8c?s=96&d=mm&r=g\",\"caption\":\"Marcos Santos\"},\"sameAs\":[\"http:\\\/\\\/anovapeneira.gal\"],\"url\":\"https:\\\/\\\/www.anovapeneira.gal\\\/index.php\\\/author\\\/marcos-santos\\\/\"}]}<\/script>\n<!-- \/ Yoast SEO plugin. -->","yoast_head_json":{"title":"Generoso Mu\u00ed\u00f1os pon Redondela no coraz\u00f3n -","description":"Este fermoso poema de Gabriel Celaya foi o primeiro que invadiu o meu coraz\u00f3n despois de conversar con Generoso. No poema, Celaya describe de maneira brillante e esteticamente preciosa o que \u00e9 un mestre de vocaci\u00f3n, despois de pasar toda a s\u00faa vida ensinando","robots":{"index":"index","follow":"follow","max-snippet":"max-snippet:-1","max-image-preview":"max-image-preview:large","max-video-preview":"max-video-preview:-1"},"canonical":"https:\/\/www.anovapeneira.gal\/index.php\/2023\/09\/18\/generoso-muinos-pon-redondela-no-corazon\/","og_locale":"gl_ES","og_type":"article","og_title":"Generoso Mu\u00ed\u00f1os pon Redondela no coraz\u00f3n -","og_description":"Este fermoso poema de Gabriel Celaya foi o primeiro que invadiu o meu coraz\u00f3n despois de conversar con Generoso. No poema, Celaya describe de maneira brillante e esteticamente preciosa o que \u00e9 un mestre de vocaci\u00f3n, despois de pasar toda a s\u00faa vida ensinando","og_url":"https:\/\/www.anovapeneira.gal\/index.php\/2023\/09\/18\/generoso-muinos-pon-redondela-no-corazon\/","article_publisher":"https:\/\/www.facebook.com\/anovapeneira","article_published_time":"2023-09-18T08:00:06+00:00","og_image":[{"width":720,"height":432,"url":"https:\/\/www.anovapeneira.gal\/wp-content\/uploads\/2023\/09\/generoso_muinos.jpg","type":"image\/jpeg"}],"author":"Marcos Santos","twitter_card":"summary_large_image","twitter_creator":"@APeneira","twitter_site":"@APeneira","twitter_misc":{"Escrito por":"Marcos Santos","Tempo de lectura":"3 minutos"},"schema":{"@context":"https:\/\/schema.org","@graph":[{"@type":"Article","@id":"https:\/\/www.anovapeneira.gal\/index.php\/2023\/09\/18\/generoso-muinos-pon-redondela-no-corazon\/#article","isPartOf":{"@id":"https:\/\/www.anovapeneira.gal\/index.php\/2023\/09\/18\/generoso-muinos-pon-redondela-no-corazon\/"},"author":{"name":"Marcos Santos","@id":"https:\/\/www.anovapeneira.gal\/#\/schema\/person\/d9d84823564720e7593293bab054e52d"},"headline":"Generoso Mu\u00ed\u00f1os pon Redondela no coraz\u00f3n","datePublished":"2023-09-18T08:00:06+00:00","mainEntityOfPage":{"@id":"https:\/\/www.anovapeneira.gal\/index.php\/2023\/09\/18\/generoso-muinos-pon-redondela-no-corazon\/"},"wordCount":905,"commentCount":0,"publisher":{"@id":"https:\/\/www.anovapeneira.gal\/#organization"},"image":{"@id":"https:\/\/www.anovapeneira.gal\/index.php\/2023\/09\/18\/generoso-muinos-pon-redondela-no-corazon\/#primaryimage"},"thumbnailUrl":"https:\/\/www.anovapeneira.gal\/wp-content\/uploads\/2023\/09\/generoso_muinos.jpg","keywords":["Concello de Redondela"],"articleSection":["Redondela"],"inLanguage":"gl-ES","potentialAction":[{"@type":"CommentAction","name":"Comment","target":["https:\/\/www.anovapeneira.gal\/index.php\/2023\/09\/18\/generoso-muinos-pon-redondela-no-corazon\/#respond"]}]},{"@type":"WebPage","@id":"https:\/\/www.anovapeneira.gal\/index.php\/2023\/09\/18\/generoso-muinos-pon-redondela-no-corazon\/","url":"https:\/\/www.anovapeneira.gal\/index.php\/2023\/09\/18\/generoso-muinos-pon-redondela-no-corazon\/","name":"Generoso Mu\u00ed\u00f1os pon Redondela no coraz\u00f3n -","isPartOf":{"@id":"https:\/\/www.anovapeneira.gal\/#website"},"primaryImageOfPage":{"@id":"https:\/\/www.anovapeneira.gal\/index.php\/2023\/09\/18\/generoso-muinos-pon-redondela-no-corazon\/#primaryimage"},"image":{"@id":"https:\/\/www.anovapeneira.gal\/index.php\/2023\/09\/18\/generoso-muinos-pon-redondela-no-corazon\/#primaryimage"},"thumbnailUrl":"https:\/\/www.anovapeneira.gal\/wp-content\/uploads\/2023\/09\/generoso_muinos.jpg","datePublished":"2023-09-18T08:00:06+00:00","description":"Este fermoso poema de Gabriel Celaya foi o primeiro que invadiu o meu coraz\u00f3n despois de conversar con Generoso. No poema, Celaya describe de maneira brillante e esteticamente preciosa o que \u00e9 un mestre de vocaci\u00f3n, despois de pasar toda a s\u00faa vida ensinando","breadcrumb":{"@id":"https:\/\/www.anovapeneira.gal\/index.php\/2023\/09\/18\/generoso-muinos-pon-redondela-no-corazon\/#breadcrumb"},"inLanguage":"gl-ES","potentialAction":[{"@type":"ReadAction","target":["https:\/\/www.anovapeneira.gal\/index.php\/2023\/09\/18\/generoso-muinos-pon-redondela-no-corazon\/"]}]},{"@type":"ImageObject","inLanguage":"gl-ES","@id":"https:\/\/www.anovapeneira.gal\/index.php\/2023\/09\/18\/generoso-muinos-pon-redondela-no-corazon\/#primaryimage","url":"https:\/\/www.anovapeneira.gal\/wp-content\/uploads\/2023\/09\/generoso_muinos.jpg","contentUrl":"https:\/\/www.anovapeneira.gal\/wp-content\/uploads\/2023\/09\/generoso_muinos.jpg","width":720,"height":432,"caption":"Generoso Mu\u00ed\u00f1os pon Redondela no coraz\u00f3n"},{"@type":"BreadcrumbList","@id":"https:\/\/www.anovapeneira.gal\/index.php\/2023\/09\/18\/generoso-muinos-pon-redondela-no-corazon\/#breadcrumb","itemListElement":[{"@type":"ListItem","position":1,"name":"Portada","item":"https:\/\/www.anovapeneira.gal\/"},{"@type":"ListItem","position":2,"name":"Generoso Mu\u00ed\u00f1os pon Redondela no coraz\u00f3n"}]},{"@type":"WebSite","@id":"https:\/\/www.anovapeneira.gal\/#website","url":"https:\/\/www.anovapeneira.gal\/","name":"","description":"Xornal galego de informaci\u00f3n xeral Publicaci\u00f3n mensual de novas de Galicia e en especial dos Concellos da sur da provincia de Pontevedra.","publisher":{"@id":"https:\/\/www.anovapeneira.gal\/#organization"},"potentialAction":[{"@type":"SearchAction","target":{"@type":"EntryPoint","urlTemplate":"https:\/\/www.anovapeneira.gal\/?s={search_term_string}"},"query-input":{"@type":"PropertyValueSpecification","valueRequired":true,"valueName":"search_term_string"}}],"inLanguage":"gl-ES"},{"@type":"Organization","@id":"https:\/\/www.anovapeneira.gal\/#organization","name":"A Nova Peneira","url":"https:\/\/www.anovapeneira.gal\/","logo":{"@type":"ImageObject","inLanguage":"gl-ES","@id":"https:\/\/www.anovapeneira.gal\/#\/schema\/logo\/image\/","url":"http:\/\/www.anovapeneira.gal\/wp-content\/uploads\/2019\/06\/logo_a_nova_peneira_portal_web.png","contentUrl":"http:\/\/www.anovapeneira.gal\/wp-content\/uploads\/2019\/06\/logo_a_nova_peneira_portal_web.png","width":300,"height":100,"caption":"A Nova Peneira"},"image":{"@id":"https:\/\/www.anovapeneira.gal\/#\/schema\/logo\/image\/"},"sameAs":["https:\/\/www.facebook.com\/anovapeneira","https:\/\/x.com\/APeneira"]},{"@type":"Person","@id":"https:\/\/www.anovapeneira.gal\/#\/schema\/person\/d9d84823564720e7593293bab054e52d","name":"Marcos Santos","image":{"@type":"ImageObject","inLanguage":"gl-ES","@id":"https:\/\/secure.gravatar.com\/avatar\/0e8017099a7a47c0a9d2275e865fe326484561eb3d70649069e4b8e61a8d2e8c?s=96&d=mm&r=g","url":"https:\/\/secure.gravatar.com\/avatar\/0e8017099a7a47c0a9d2275e865fe326484561eb3d70649069e4b8e61a8d2e8c?s=96&d=mm&r=g","contentUrl":"https:\/\/secure.gravatar.com\/avatar\/0e8017099a7a47c0a9d2275e865fe326484561eb3d70649069e4b8e61a8d2e8c?s=96&d=mm&r=g","caption":"Marcos Santos"},"sameAs":["http:\/\/anovapeneira.gal"],"url":"https:\/\/www.anovapeneira.gal\/index.php\/author\/marcos-santos\/"}]}},"jetpack_featured_media_url":"https:\/\/www.anovapeneira.gal\/wp-content\/uploads\/2023\/09\/generoso_muinos.jpg","_links":{"self":[{"href":"https:\/\/www.anovapeneira.gal\/index.php\/wp-json\/wp\/v2\/posts\/10428","targetHints":{"allow":["GET"]}}],"collection":[{"href":"https:\/\/www.anovapeneira.gal\/index.php\/wp-json\/wp\/v2\/posts"}],"about":[{"href":"https:\/\/www.anovapeneira.gal\/index.php\/wp-json\/wp\/v2\/types\/post"}],"author":[{"embeddable":true,"href":"https:\/\/www.anovapeneira.gal\/index.php\/wp-json\/wp\/v2\/users\/6"}],"replies":[{"embeddable":true,"href":"https:\/\/www.anovapeneira.gal\/index.php\/wp-json\/wp\/v2\/comments?post=10428"}],"version-history":[{"count":1,"href":"https:\/\/www.anovapeneira.gal\/index.php\/wp-json\/wp\/v2\/posts\/10428\/revisions"}],"predecessor-version":[{"id":10430,"href":"https:\/\/www.anovapeneira.gal\/index.php\/wp-json\/wp\/v2\/posts\/10428\/revisions\/10430"}],"wp:featuredmedia":[{"embeddable":true,"href":"https:\/\/www.anovapeneira.gal\/index.php\/wp-json\/wp\/v2\/media\/10429"}],"wp:attachment":[{"href":"https:\/\/www.anovapeneira.gal\/index.php\/wp-json\/wp\/v2\/media?parent=10428"}],"wp:term":[{"taxonomy":"category","embeddable":true,"href":"https:\/\/www.anovapeneira.gal\/index.php\/wp-json\/wp\/v2\/categories?post=10428"},{"taxonomy":"post_tag","embeddable":true,"href":"https:\/\/www.anovapeneira.gal\/index.php\/wp-json\/wp\/v2\/tags?post=10428"}],"curies":[{"name":"wp","href":"https:\/\/api.w.org\/{rel}","templated":true}]}}