{"id":10431,"date":"2023-09-18T12:00:16","date_gmt":"2023-09-18T10:00:16","guid":{"rendered":"https:\/\/www.anovapeneira.gal\/?p=10431"},"modified":"2023-09-14T13:19:33","modified_gmt":"2023-09-14T11:19:33","slug":"nestor-rego-e-a-cronica-dunha-investidura-fracasada-e-o-bng-non-vai-colaborar-nunha-escenificacion-partidista-do-pp","status":"publish","type":"post","link":"https:\/\/www.anovapeneira.gal\/index.php\/2023\/09\/18\/nestor-rego-e-a-cronica-dunha-investidura-fracasada-e-o-bng-non-vai-colaborar-nunha-escenificacion-partidista-do-pp\/","title":{"rendered":"N\u00e9stor Rego: \u201c\u00c9 a cr\u00f3nica dunha investidura fracasada\u201d e \u201co BNG non vai colaborar nunha escenificaci\u00f3n partidista do PP\u201d"},"content":{"rendered":"\n<h2 class=\"wp-block-heading\"><strong>O BNG rexeita participar na rolda de contactos do PP porque \u201cnon se dan as circunstancias\u201d e \u201cnon imos colaborar co PP nunha manobra interesada\u201d<\/strong><\/h2>\n\n\n\n<p>\u201c<strong>Feix\u00f3o non conta cos apoios suficientes para sacar adiante a investidura\u201d, subli\u00f1a Rego, quen deixa claro que \u201co BNG votar\u00e1 en contra da investidura de Feix\u00f3o\u201d.<\/strong><\/p>\n\n\n\n<p><strong>Madrid, 12 de setembro de 2023<\/strong><\/p>\n\n\n\n<p>O portavoz do BNG no Congreso, N\u00e9stor Rego, anunciou en rolda de prensa que o BNG non manter\u00e1 unha reuni\u00f3n co Partido Popular para a investidura de Alberto N\u00fa\u00f1ez Feix\u00f3o porque \u201cnon se dan as circunstancias. \u00c9 a cr\u00f3nica dunha investidura fracasada\u201d e \u201cunha escenificaci\u00f3n partidista por parte do PP. Non imos colaborar nunha manobra interesada\u201d.<\/p>\n\n\n\n<p>\u201c<strong>Manobras do PP partidistas\u201d. \u201cUnha escenificaci\u00f3n que non vai a ningures\u201d.<\/strong><\/p>\n\n\n\n<p>N\u00e9stor Rego explicou a posici\u00f3n da Executiva en relaci\u00f3n ao convite do PP de cara a investidura de Feix\u00f3o. \u201cO BNG decidiu non aceptar o convite do PP para manter unha xunta porque \u201cnon se dan as circunstancias para eso. Sempre estamos dispostos ao di\u00e1logo con quen for de xeito construtivo, mais entendemos que aqu\u00ed estamos diante dunha escenificaci\u00f3n que ten un interese exclusivamente partidista por parte do PP. Mesmo cunha compo\u00f1ente interna importante, que ten relaci\u00f3n coa correlaci\u00f3n de forzas dentro do PP\u201d, recalcou.<\/p>\n\n\n\n<p>O BNG non est\u00e1 disposto a colaborar nesa escenificaci\u00f3n do PP que \u201cnon vai a ningures e non ten un obxectivo real de construir, s\u00f3 \u00e9 partidario. Non imos colaborar co PP nesa manobra\u201d, manifesta o parlamentar do BNG.<\/p>\n\n\n\n<p>\u201c<strong>Unha investidura fracasada. O PP non ten apoios suficientes\u201d.<\/strong><\/p>\n\n\n\n<p>Adem\u00e1is, criticou \u201cunha escenificaci\u00f3n que parece perseguer o obxectivo de insistir no argumento de que o PP ga\u00f1ou as eleici\u00f3ns, mais \u00e9 evidente que non conta con apoios suficientes para sacar adianta a investidura. \u00c9 a cr\u00f3nica dunha investidura fracasada\u201d.<\/p>\n\n\n\n<p>\u201c<strong>Dise galego mais traballa contra os nosos intereses\u201d. O legado de Feix\u00f3o en 13 anos:<\/strong><\/p>\n\n\n\n<p>N\u00e9stor Rego respostou ao argumento do PP baseado en ter un \u201cPresidente galego\u201d, e fixo un retrato das pol\u00edticas anti galegas de Feixo\u00f3: \u201cO legado d goberno de Feix\u00f3o en 13 a\u00f1os foi profundamente negativo para Galiza. Multiplicou a d\u00e9beda da Galiza, que pasou de 4.000 mill\u00f3ns a 12.000 mill\u00f3ns, perd\u00e9ronse 46.000 postos na industria, 300.000 mozos e mozas abandoaron o pais, 0 Residencias da terceira idade, precarizaci\u00f3n e privatizaci\u00f3n da sanidade e da educaci\u00f3n, e 0 competencias asumidas. Lexislou contra o galego\u201d. E lembrou que xa \u201ctivemos un Presidente de orixe galega, Mariano Rajoy, que tivo como m\u00e9rito ter baixado o investimento a Galiza que pasou de 2.000 mill\u00f3s a escasos 1.000 mill\u00f3ns en 2018, adem\u00e1is de importantes retallametos \u00e1s maior\u00edas sociais. Ese foi o seu m\u00e9rito\u201d.<\/p>\n\n\n\n<p>Reprocha a Feix\u00f3o a s\u00faa posici\u00f3n contraria ao avanzo da nosa lingua nas Cortes do estado. \u201cDise galego pero traballa contra os nosos intereses\u201d.<\/p>\n\n\n\n<p>A perguntas dos xornalistas, Rego afirmou que \u201cagardamos que unha vez pase a investidura fallida de Feix\u00f3o poidamos a empezar a traballar de xeito positivo para que o pr\u00f3ximo Goberno asuma compromisos serios con Galiza: avanzar en investimentos, en infraestruturas, en pol\u00edticas sociais, na recuperaci\u00f3n de dereitos laborais, e en autogoberno\u201d. Asegurou que esa ser\u00e1 ali\u00f1a de traballo do BNG. \u201cA garant\u00eda de que un futuro Goberno asuma os compromisos con Galiza \u00e9 que o BNG estea\u201d.<\/p>\n","protected":false},"excerpt":{"rendered":"<div class=\"mh-excerpt\"><p>O BNG rexeita participar na rolda de contactos do PP porque \u201cnon se dan as circunstancias\u201d e \u201cnon imos colaborar co PP nunha manobra interesada\u201d <a class=\"mh-excerpt-more\" href=\"https:\/\/www.anovapeneira.gal\/index.php\/2023\/09\/18\/nestor-rego-e-a-cronica-dunha-investidura-fracasada-e-o-bng-non-vai-colaborar-nunha-escenificacion-partidista-do-pp\/\" title=\"N\u00e9stor Rego: \u201c\u00c9 a cr\u00f3nica dunha investidura fracasada\u201d e \u201co BNG non vai colaborar nunha escenificaci\u00f3n partidista do PP\u201d\">[&#8230;]<\/a><\/p>\n<\/div>","protected":false},"author":3,"featured_media":6863,"comment_status":"open","ping_status":"open","sticky":false,"template":"","format":"standard","meta":{"_exactmetrics_skip_tracking":false,"_exactmetrics_sitenote_active":false,"_exactmetrics_sitenote_note":"","_exactmetrics_sitenote_category":0,"footnotes":""},"categories":[263],"tags":[10,631],"class_list":{"0":"post-10431","1":"post","2":"type-post","3":"status-publish","4":"format-standard","5":"has-post-thumbnail","7":"category-novas","8":"tag-bng","9":"tag-nestor-rego"},"yoast_head":"<!-- This site is optimized with the Yoast SEO plugin v27.4 - https:\/\/yoast.com\/product\/yoast-seo-wordpress\/ -->\n<title>N\u00e9stor Rego: \u201c\u00c9 a cr\u00f3nica dunha investidura fracasada\u201d e \u201co BNG non vai colaborar nunha escenificaci\u00f3n partidista do PP\u201d -<\/title>\n<meta name=\"description\" content=\"O BNG rexeita participar na rolda de contactos do PP porque \u201cnon se dan as circunstancias\u201d e \u201cnon imos colaborar co PP nunha manobra interesada\u201d\" \/>\n<meta name=\"robots\" content=\"index, follow, max-snippet:-1, max-image-preview:large, max-video-preview:-1\" \/>\n<link rel=\"canonical\" href=\"https:\/\/www.anovapeneira.gal\/index.php\/2023\/09\/18\/nestor-rego-e-a-cronica-dunha-investidura-fracasada-e-o-bng-non-vai-colaborar-nunha-escenificacion-partidista-do-pp\/\" \/>\n<meta property=\"og:locale\" content=\"gl_ES\" \/>\n<meta property=\"og:type\" content=\"article\" \/>\n<meta property=\"og:title\" content=\"N\u00e9stor Rego: \u201c\u00c9 a cr\u00f3nica dunha investidura fracasada\u201d e \u201co BNG non vai colaborar nunha escenificaci\u00f3n partidista do PP\u201d -\" \/>\n<meta property=\"og:description\" content=\"O BNG rexeita participar na rolda de contactos do PP porque \u201cnon se dan as circunstancias\u201d e \u201cnon imos colaborar co PP nunha manobra interesada\u201d\" \/>\n<meta property=\"og:url\" content=\"https:\/\/www.anovapeneira.gal\/index.php\/2023\/09\/18\/nestor-rego-e-a-cronica-dunha-investidura-fracasada-e-o-bng-non-vai-colaborar-nunha-escenificacion-partidista-do-pp\/\" \/>\n<meta property=\"article:publisher\" content=\"https:\/\/www.facebook.com\/anovapeneira\" \/>\n<meta property=\"article:published_time\" content=\"2023-09-18T10:00:16+00:00\" \/>\n<meta property=\"og:image\" content=\"https:\/\/www.anovapeneira.gal\/wp-content\/uploads\/2022\/01\/nestor_rego_congreso-1.jpg\" \/>\n\t<meta property=\"og:image:width\" content=\"720\" \/>\n\t<meta property=\"og:image:height\" content=\"432\" \/>\n\t<meta property=\"og:image:type\" content=\"image\/jpeg\" \/>\n<meta name=\"author\" content=\"Redacci\u00f3n A Nova Peneira\" \/>\n<meta name=\"twitter:card\" content=\"summary_large_image\" \/>\n<meta name=\"twitter:creator\" content=\"@APeneira\" \/>\n<meta name=\"twitter:site\" content=\"@APeneira\" \/>\n<meta name=\"twitter:label1\" content=\"Escrito por\" \/>\n\t<meta name=\"twitter:data1\" content=\"Redacci\u00f3n A Nova Peneira\" \/>\n\t<meta name=\"twitter:label2\" content=\"Tempo de lectura\" \/>\n\t<meta name=\"twitter:data2\" content=\"3 minutos\" \/>\n<script type=\"application\/ld+json\" class=\"yoast-schema-graph\">{\"@context\":\"https:\\\/\\\/schema.org\",\"@graph\":[{\"@type\":\"Article\",\"@id\":\"https:\\\/\\\/www.anovapeneira.gal\\\/index.php\\\/2023\\\/09\\\/18\\\/nestor-rego-e-a-cronica-dunha-investidura-fracasada-e-o-bng-non-vai-colaborar-nunha-escenificacion-partidista-do-pp\\\/#article\",\"isPartOf\":{\"@id\":\"https:\\\/\\\/www.anovapeneira.gal\\\/index.php\\\/2023\\\/09\\\/18\\\/nestor-rego-e-a-cronica-dunha-investidura-fracasada-e-o-bng-non-vai-colaborar-nunha-escenificacion-partidista-do-pp\\\/\"},\"author\":{\"name\":\"Redacci\u00f3n A Nova Peneira\",\"@id\":\"https:\\\/\\\/www.anovapeneira.gal\\\/#\\\/schema\\\/person\\\/b93e3f8932e3f8da96334607eb6ac6aa\"},\"headline\":\"N\u00e9stor Rego: \u201c\u00c9 a cr\u00f3nica dunha investidura fracasada\u201d e \u201co BNG non vai colaborar nunha escenificaci\u00f3n partidista do PP\u201d\",\"datePublished\":\"2023-09-18T10:00:16+00:00\",\"mainEntityOfPage\":{\"@id\":\"https:\\\/\\\/www.anovapeneira.gal\\\/index.php\\\/2023\\\/09\\\/18\\\/nestor-rego-e-a-cronica-dunha-investidura-fracasada-e-o-bng-non-vai-colaborar-nunha-escenificacion-partidista-do-pp\\\/\"},\"wordCount\":596,\"commentCount\":0,\"publisher\":{\"@id\":\"https:\\\/\\\/www.anovapeneira.gal\\\/#organization\"},\"image\":{\"@id\":\"https:\\\/\\\/www.anovapeneira.gal\\\/index.php\\\/2023\\\/09\\\/18\\\/nestor-rego-e-a-cronica-dunha-investidura-fracasada-e-o-bng-non-vai-colaborar-nunha-escenificacion-partidista-do-pp\\\/#primaryimage\"},\"thumbnailUrl\":\"https:\\\/\\\/www.anovapeneira.gal\\\/wp-content\\\/uploads\\\/2022\\\/01\\\/nestor_rego_congreso-1.jpg\",\"keywords\":[\"BNG\",\"N\u00e9stor Rego\"],\"articleSection\":[\"Novas\"],\"inLanguage\":\"gl-ES\",\"potentialAction\":[{\"@type\":\"CommentAction\",\"name\":\"Comment\",\"target\":[\"https:\\\/\\\/www.anovapeneira.gal\\\/index.php\\\/2023\\\/09\\\/18\\\/nestor-rego-e-a-cronica-dunha-investidura-fracasada-e-o-bng-non-vai-colaborar-nunha-escenificacion-partidista-do-pp\\\/#respond\"]}]},{\"@type\":\"WebPage\",\"@id\":\"https:\\\/\\\/www.anovapeneira.gal\\\/index.php\\\/2023\\\/09\\\/18\\\/nestor-rego-e-a-cronica-dunha-investidura-fracasada-e-o-bng-non-vai-colaborar-nunha-escenificacion-partidista-do-pp\\\/\",\"url\":\"https:\\\/\\\/www.anovapeneira.gal\\\/index.php\\\/2023\\\/09\\\/18\\\/nestor-rego-e-a-cronica-dunha-investidura-fracasada-e-o-bng-non-vai-colaborar-nunha-escenificacion-partidista-do-pp\\\/\",\"name\":\"N\u00e9stor Rego: \u201c\u00c9 a cr\u00f3nica dunha investidura fracasada\u201d e \u201co BNG non vai colaborar nunha escenificaci\u00f3n partidista do PP\u201d -\",\"isPartOf\":{\"@id\":\"https:\\\/\\\/www.anovapeneira.gal\\\/#website\"},\"primaryImageOfPage\":{\"@id\":\"https:\\\/\\\/www.anovapeneira.gal\\\/index.php\\\/2023\\\/09\\\/18\\\/nestor-rego-e-a-cronica-dunha-investidura-fracasada-e-o-bng-non-vai-colaborar-nunha-escenificacion-partidista-do-pp\\\/#primaryimage\"},\"image\":{\"@id\":\"https:\\\/\\\/www.anovapeneira.gal\\\/index.php\\\/2023\\\/09\\\/18\\\/nestor-rego-e-a-cronica-dunha-investidura-fracasada-e-o-bng-non-vai-colaborar-nunha-escenificacion-partidista-do-pp\\\/#primaryimage\"},\"thumbnailUrl\":\"https:\\\/\\\/www.anovapeneira.gal\\\/wp-content\\\/uploads\\\/2022\\\/01\\\/nestor_rego_congreso-1.jpg\",\"datePublished\":\"2023-09-18T10:00:16+00:00\",\"description\":\"O BNG rexeita participar na rolda de contactos do PP porque \u201cnon se dan as circunstancias\u201d e \u201cnon imos colaborar co PP nunha manobra interesada\u201d\",\"breadcrumb\":{\"@id\":\"https:\\\/\\\/www.anovapeneira.gal\\\/index.php\\\/2023\\\/09\\\/18\\\/nestor-rego-e-a-cronica-dunha-investidura-fracasada-e-o-bng-non-vai-colaborar-nunha-escenificacion-partidista-do-pp\\\/#breadcrumb\"},\"inLanguage\":\"gl-ES\",\"potentialAction\":[{\"@type\":\"ReadAction\",\"target\":[\"https:\\\/\\\/www.anovapeneira.gal\\\/index.php\\\/2023\\\/09\\\/18\\\/nestor-rego-e-a-cronica-dunha-investidura-fracasada-e-o-bng-non-vai-colaborar-nunha-escenificacion-partidista-do-pp\\\/\"]}]},{\"@type\":\"ImageObject\",\"inLanguage\":\"gl-ES\",\"@id\":\"https:\\\/\\\/www.anovapeneira.gal\\\/index.php\\\/2023\\\/09\\\/18\\\/nestor-rego-e-a-cronica-dunha-investidura-fracasada-e-o-bng-non-vai-colaborar-nunha-escenificacion-partidista-do-pp\\\/#primaryimage\",\"url\":\"https:\\\/\\\/www.anovapeneira.gal\\\/wp-content\\\/uploads\\\/2022\\\/01\\\/nestor_rego_congreso-1.jpg\",\"contentUrl\":\"https:\\\/\\\/www.anovapeneira.gal\\\/wp-content\\\/uploads\\\/2022\\\/01\\\/nestor_rego_congreso-1.jpg\",\"width\":720,\"height\":432,\"caption\":\"N\u00e9stor Rego\"},{\"@type\":\"BreadcrumbList\",\"@id\":\"https:\\\/\\\/www.anovapeneira.gal\\\/index.php\\\/2023\\\/09\\\/18\\\/nestor-rego-e-a-cronica-dunha-investidura-fracasada-e-o-bng-non-vai-colaborar-nunha-escenificacion-partidista-do-pp\\\/#breadcrumb\",\"itemListElement\":[{\"@type\":\"ListItem\",\"position\":1,\"name\":\"Portada\",\"item\":\"https:\\\/\\\/www.anovapeneira.gal\\\/\"},{\"@type\":\"ListItem\",\"position\":2,\"name\":\"N\u00e9stor Rego: \u201c\u00c9 a cr\u00f3nica dunha investidura fracasada\u201d e \u201co BNG non vai colaborar nunha escenificaci\u00f3n partidista do PP\u201d\"}]},{\"@type\":\"WebSite\",\"@id\":\"https:\\\/\\\/www.anovapeneira.gal\\\/#website\",\"url\":\"https:\\\/\\\/www.anovapeneira.gal\\\/\",\"name\":\"\",\"description\":\"Xornal galego de informaci\u00f3n xeral Publicaci\u00f3n mensual de novas de Galicia e en especial dos Concellos da sur da provincia de Pontevedra.\",\"publisher\":{\"@id\":\"https:\\\/\\\/www.anovapeneira.gal\\\/#organization\"},\"potentialAction\":[{\"@type\":\"SearchAction\",\"target\":{\"@type\":\"EntryPoint\",\"urlTemplate\":\"https:\\\/\\\/www.anovapeneira.gal\\\/?s={search_term_string}\"},\"query-input\":{\"@type\":\"PropertyValueSpecification\",\"valueRequired\":true,\"valueName\":\"search_term_string\"}}],\"inLanguage\":\"gl-ES\"},{\"@type\":\"Organization\",\"@id\":\"https:\\\/\\\/www.anovapeneira.gal\\\/#organization\",\"name\":\"A Nova Peneira\",\"url\":\"https:\\\/\\\/www.anovapeneira.gal\\\/\",\"logo\":{\"@type\":\"ImageObject\",\"inLanguage\":\"gl-ES\",\"@id\":\"https:\\\/\\\/www.anovapeneira.gal\\\/#\\\/schema\\\/logo\\\/image\\\/\",\"url\":\"http:\\\/\\\/www.anovapeneira.gal\\\/wp-content\\\/uploads\\\/2019\\\/06\\\/logo_a_nova_peneira_portal_web.png\",\"contentUrl\":\"http:\\\/\\\/www.anovapeneira.gal\\\/wp-content\\\/uploads\\\/2019\\\/06\\\/logo_a_nova_peneira_portal_web.png\",\"width\":300,\"height\":100,\"caption\":\"A Nova Peneira\"},\"image\":{\"@id\":\"https:\\\/\\\/www.anovapeneira.gal\\\/#\\\/schema\\\/logo\\\/image\\\/\"},\"sameAs\":[\"https:\\\/\\\/www.facebook.com\\\/anovapeneira\",\"https:\\\/\\\/x.com\\\/APeneira\"]},{\"@type\":\"Person\",\"@id\":\"https:\\\/\\\/www.anovapeneira.gal\\\/#\\\/schema\\\/person\\\/b93e3f8932e3f8da96334607eb6ac6aa\",\"name\":\"Redacci\u00f3n A Nova Peneira\",\"image\":{\"@type\":\"ImageObject\",\"inLanguage\":\"gl-ES\",\"@id\":\"https:\\\/\\\/secure.gravatar.com\\\/avatar\\\/c052a2551a06e23fac63626232eaa90abd78dbcf1700fc46a2b2c89fd27b735f?s=96&d=mm&r=g\",\"url\":\"https:\\\/\\\/secure.gravatar.com\\\/avatar\\\/c052a2551a06e23fac63626232eaa90abd78dbcf1700fc46a2b2c89fd27b735f?s=96&d=mm&r=g\",\"contentUrl\":\"https:\\\/\\\/secure.gravatar.com\\\/avatar\\\/c052a2551a06e23fac63626232eaa90abd78dbcf1700fc46a2b2c89fd27b735f?s=96&d=mm&r=g\",\"caption\":\"Redacci\u00f3n A Nova Peneira\"},\"sameAs\":[\"http:\\\/\\\/www.anovapeneira.gal\\\/\"],\"url\":\"https:\\\/\\\/www.anovapeneira.gal\\\/index.php\\\/author\\\/redactor\\\/\"}]}<\/script>\n<!-- \/ Yoast SEO plugin. -->","yoast_head_json":{"title":"N\u00e9stor Rego: \u201c\u00c9 a cr\u00f3nica dunha investidura fracasada\u201d e \u201co BNG non vai colaborar nunha escenificaci\u00f3n partidista do PP\u201d -","description":"O BNG rexeita participar na rolda de contactos do PP porque \u201cnon se dan as circunstancias\u201d e \u201cnon imos colaborar co PP nunha manobra interesada\u201d","robots":{"index":"index","follow":"follow","max-snippet":"max-snippet:-1","max-image-preview":"max-image-preview:large","max-video-preview":"max-video-preview:-1"},"canonical":"https:\/\/www.anovapeneira.gal\/index.php\/2023\/09\/18\/nestor-rego-e-a-cronica-dunha-investidura-fracasada-e-o-bng-non-vai-colaborar-nunha-escenificacion-partidista-do-pp\/","og_locale":"gl_ES","og_type":"article","og_title":"N\u00e9stor Rego: \u201c\u00c9 a cr\u00f3nica dunha investidura fracasada\u201d e \u201co BNG non vai colaborar nunha escenificaci\u00f3n partidista do PP\u201d -","og_description":"O BNG rexeita participar na rolda de contactos do PP porque \u201cnon se dan as circunstancias\u201d e \u201cnon imos colaborar co PP nunha manobra interesada\u201d","og_url":"https:\/\/www.anovapeneira.gal\/index.php\/2023\/09\/18\/nestor-rego-e-a-cronica-dunha-investidura-fracasada-e-o-bng-non-vai-colaborar-nunha-escenificacion-partidista-do-pp\/","article_publisher":"https:\/\/www.facebook.com\/anovapeneira","article_published_time":"2023-09-18T10:00:16+00:00","og_image":[{"width":720,"height":432,"url":"https:\/\/www.anovapeneira.gal\/wp-content\/uploads\/2022\/01\/nestor_rego_congreso-1.jpg","type":"image\/jpeg"}],"author":"Redacci\u00f3n A Nova Peneira","twitter_card":"summary_large_image","twitter_creator":"@APeneira","twitter_site":"@APeneira","twitter_misc":{"Escrito por":"Redacci\u00f3n A Nova Peneira","Tempo de lectura":"3 minutos"},"schema":{"@context":"https:\/\/schema.org","@graph":[{"@type":"Article","@id":"https:\/\/www.anovapeneira.gal\/index.php\/2023\/09\/18\/nestor-rego-e-a-cronica-dunha-investidura-fracasada-e-o-bng-non-vai-colaborar-nunha-escenificacion-partidista-do-pp\/#article","isPartOf":{"@id":"https:\/\/www.anovapeneira.gal\/index.php\/2023\/09\/18\/nestor-rego-e-a-cronica-dunha-investidura-fracasada-e-o-bng-non-vai-colaborar-nunha-escenificacion-partidista-do-pp\/"},"author":{"name":"Redacci\u00f3n A Nova Peneira","@id":"https:\/\/www.anovapeneira.gal\/#\/schema\/person\/b93e3f8932e3f8da96334607eb6ac6aa"},"headline":"N\u00e9stor Rego: \u201c\u00c9 a cr\u00f3nica dunha investidura fracasada\u201d e \u201co BNG non vai colaborar nunha escenificaci\u00f3n partidista do PP\u201d","datePublished":"2023-09-18T10:00:16+00:00","mainEntityOfPage":{"@id":"https:\/\/www.anovapeneira.gal\/index.php\/2023\/09\/18\/nestor-rego-e-a-cronica-dunha-investidura-fracasada-e-o-bng-non-vai-colaborar-nunha-escenificacion-partidista-do-pp\/"},"wordCount":596,"commentCount":0,"publisher":{"@id":"https:\/\/www.anovapeneira.gal\/#organization"},"image":{"@id":"https:\/\/www.anovapeneira.gal\/index.php\/2023\/09\/18\/nestor-rego-e-a-cronica-dunha-investidura-fracasada-e-o-bng-non-vai-colaborar-nunha-escenificacion-partidista-do-pp\/#primaryimage"},"thumbnailUrl":"https:\/\/www.anovapeneira.gal\/wp-content\/uploads\/2022\/01\/nestor_rego_congreso-1.jpg","keywords":["BNG","N\u00e9stor Rego"],"articleSection":["Novas"],"inLanguage":"gl-ES","potentialAction":[{"@type":"CommentAction","name":"Comment","target":["https:\/\/www.anovapeneira.gal\/index.php\/2023\/09\/18\/nestor-rego-e-a-cronica-dunha-investidura-fracasada-e-o-bng-non-vai-colaborar-nunha-escenificacion-partidista-do-pp\/#respond"]}]},{"@type":"WebPage","@id":"https:\/\/www.anovapeneira.gal\/index.php\/2023\/09\/18\/nestor-rego-e-a-cronica-dunha-investidura-fracasada-e-o-bng-non-vai-colaborar-nunha-escenificacion-partidista-do-pp\/","url":"https:\/\/www.anovapeneira.gal\/index.php\/2023\/09\/18\/nestor-rego-e-a-cronica-dunha-investidura-fracasada-e-o-bng-non-vai-colaborar-nunha-escenificacion-partidista-do-pp\/","name":"N\u00e9stor Rego: \u201c\u00c9 a cr\u00f3nica dunha investidura fracasada\u201d e \u201co BNG non vai colaborar nunha escenificaci\u00f3n partidista do PP\u201d -","isPartOf":{"@id":"https:\/\/www.anovapeneira.gal\/#website"},"primaryImageOfPage":{"@id":"https:\/\/www.anovapeneira.gal\/index.php\/2023\/09\/18\/nestor-rego-e-a-cronica-dunha-investidura-fracasada-e-o-bng-non-vai-colaborar-nunha-escenificacion-partidista-do-pp\/#primaryimage"},"image":{"@id":"https:\/\/www.anovapeneira.gal\/index.php\/2023\/09\/18\/nestor-rego-e-a-cronica-dunha-investidura-fracasada-e-o-bng-non-vai-colaborar-nunha-escenificacion-partidista-do-pp\/#primaryimage"},"thumbnailUrl":"https:\/\/www.anovapeneira.gal\/wp-content\/uploads\/2022\/01\/nestor_rego_congreso-1.jpg","datePublished":"2023-09-18T10:00:16+00:00","description":"O BNG rexeita participar na rolda de contactos do PP porque \u201cnon se dan as circunstancias\u201d e \u201cnon imos colaborar co PP nunha manobra interesada\u201d","breadcrumb":{"@id":"https:\/\/www.anovapeneira.gal\/index.php\/2023\/09\/18\/nestor-rego-e-a-cronica-dunha-investidura-fracasada-e-o-bng-non-vai-colaborar-nunha-escenificacion-partidista-do-pp\/#breadcrumb"},"inLanguage":"gl-ES","potentialAction":[{"@type":"ReadAction","target":["https:\/\/www.anovapeneira.gal\/index.php\/2023\/09\/18\/nestor-rego-e-a-cronica-dunha-investidura-fracasada-e-o-bng-non-vai-colaborar-nunha-escenificacion-partidista-do-pp\/"]}]},{"@type":"ImageObject","inLanguage":"gl-ES","@id":"https:\/\/www.anovapeneira.gal\/index.php\/2023\/09\/18\/nestor-rego-e-a-cronica-dunha-investidura-fracasada-e-o-bng-non-vai-colaborar-nunha-escenificacion-partidista-do-pp\/#primaryimage","url":"https:\/\/www.anovapeneira.gal\/wp-content\/uploads\/2022\/01\/nestor_rego_congreso-1.jpg","contentUrl":"https:\/\/www.anovapeneira.gal\/wp-content\/uploads\/2022\/01\/nestor_rego_congreso-1.jpg","width":720,"height":432,"caption":"N\u00e9stor Rego"},{"@type":"BreadcrumbList","@id":"https:\/\/www.anovapeneira.gal\/index.php\/2023\/09\/18\/nestor-rego-e-a-cronica-dunha-investidura-fracasada-e-o-bng-non-vai-colaborar-nunha-escenificacion-partidista-do-pp\/#breadcrumb","itemListElement":[{"@type":"ListItem","position":1,"name":"Portada","item":"https:\/\/www.anovapeneira.gal\/"},{"@type":"ListItem","position":2,"name":"N\u00e9stor Rego: \u201c\u00c9 a cr\u00f3nica dunha investidura fracasada\u201d e \u201co BNG non vai colaborar nunha escenificaci\u00f3n partidista do PP\u201d"}]},{"@type":"WebSite","@id":"https:\/\/www.anovapeneira.gal\/#website","url":"https:\/\/www.anovapeneira.gal\/","name":"","description":"Xornal galego de informaci\u00f3n xeral Publicaci\u00f3n mensual de novas de Galicia e en especial dos Concellos da sur da provincia de Pontevedra.","publisher":{"@id":"https:\/\/www.anovapeneira.gal\/#organization"},"potentialAction":[{"@type":"SearchAction","target":{"@type":"EntryPoint","urlTemplate":"https:\/\/www.anovapeneira.gal\/?s={search_term_string}"},"query-input":{"@type":"PropertyValueSpecification","valueRequired":true,"valueName":"search_term_string"}}],"inLanguage":"gl-ES"},{"@type":"Organization","@id":"https:\/\/www.anovapeneira.gal\/#organization","name":"A Nova Peneira","url":"https:\/\/www.anovapeneira.gal\/","logo":{"@type":"ImageObject","inLanguage":"gl-ES","@id":"https:\/\/www.anovapeneira.gal\/#\/schema\/logo\/image\/","url":"http:\/\/www.anovapeneira.gal\/wp-content\/uploads\/2019\/06\/logo_a_nova_peneira_portal_web.png","contentUrl":"http:\/\/www.anovapeneira.gal\/wp-content\/uploads\/2019\/06\/logo_a_nova_peneira_portal_web.png","width":300,"height":100,"caption":"A Nova Peneira"},"image":{"@id":"https:\/\/www.anovapeneira.gal\/#\/schema\/logo\/image\/"},"sameAs":["https:\/\/www.facebook.com\/anovapeneira","https:\/\/x.com\/APeneira"]},{"@type":"Person","@id":"https:\/\/www.anovapeneira.gal\/#\/schema\/person\/b93e3f8932e3f8da96334607eb6ac6aa","name":"Redacci\u00f3n A Nova Peneira","image":{"@type":"ImageObject","inLanguage":"gl-ES","@id":"https:\/\/secure.gravatar.com\/avatar\/c052a2551a06e23fac63626232eaa90abd78dbcf1700fc46a2b2c89fd27b735f?s=96&d=mm&r=g","url":"https:\/\/secure.gravatar.com\/avatar\/c052a2551a06e23fac63626232eaa90abd78dbcf1700fc46a2b2c89fd27b735f?s=96&d=mm&r=g","contentUrl":"https:\/\/secure.gravatar.com\/avatar\/c052a2551a06e23fac63626232eaa90abd78dbcf1700fc46a2b2c89fd27b735f?s=96&d=mm&r=g","caption":"Redacci\u00f3n A Nova Peneira"},"sameAs":["http:\/\/www.anovapeneira.gal\/"],"url":"https:\/\/www.anovapeneira.gal\/index.php\/author\/redactor\/"}]}},"jetpack_featured_media_url":"https:\/\/www.anovapeneira.gal\/wp-content\/uploads\/2022\/01\/nestor_rego_congreso-1.jpg","_links":{"self":[{"href":"https:\/\/www.anovapeneira.gal\/index.php\/wp-json\/wp\/v2\/posts\/10431","targetHints":{"allow":["GET"]}}],"collection":[{"href":"https:\/\/www.anovapeneira.gal\/index.php\/wp-json\/wp\/v2\/posts"}],"about":[{"href":"https:\/\/www.anovapeneira.gal\/index.php\/wp-json\/wp\/v2\/types\/post"}],"author":[{"embeddable":true,"href":"https:\/\/www.anovapeneira.gal\/index.php\/wp-json\/wp\/v2\/users\/3"}],"replies":[{"embeddable":true,"href":"https:\/\/www.anovapeneira.gal\/index.php\/wp-json\/wp\/v2\/comments?post=10431"}],"version-history":[{"count":1,"href":"https:\/\/www.anovapeneira.gal\/index.php\/wp-json\/wp\/v2\/posts\/10431\/revisions"}],"predecessor-version":[{"id":10432,"href":"https:\/\/www.anovapeneira.gal\/index.php\/wp-json\/wp\/v2\/posts\/10431\/revisions\/10432"}],"wp:featuredmedia":[{"embeddable":true,"href":"https:\/\/www.anovapeneira.gal\/index.php\/wp-json\/wp\/v2\/media\/6863"}],"wp:attachment":[{"href":"https:\/\/www.anovapeneira.gal\/index.php\/wp-json\/wp\/v2\/media?parent=10431"}],"wp:term":[{"taxonomy":"category","embeddable":true,"href":"https:\/\/www.anovapeneira.gal\/index.php\/wp-json\/wp\/v2\/categories?post=10431"},{"taxonomy":"post_tag","embeddable":true,"href":"https:\/\/www.anovapeneira.gal\/index.php\/wp-json\/wp\/v2\/tags?post=10431"}],"curies":[{"name":"wp","href":"https:\/\/api.w.org\/{rel}","templated":true}]}}