{"id":10433,"date":"2023-09-19T10:00:03","date_gmt":"2023-09-19T08:00:03","guid":{"rendered":"https:\/\/www.anovapeneira.gal\/?p=10433"},"modified":"2023-09-14T13:26:39","modified_gmt":"2023-09-14T11:26:39","slug":"non-se-pode-contentar-a-todo-mundo-alejandro","status":"publish","type":"post","link":"https:\/\/www.anovapeneira.gal\/index.php\/2023\/09\/19\/non-se-pode-contentar-a-todo-mundo-alejandro\/","title":{"rendered":"Non se pode contentar a todo mundo, Alejandro"},"content":{"rendered":"\n<p>No Porri\u00f1o leva gobernando o PP preto de 30 anos, case que de xeito ininterrompido. O pupilo de Barros e Nelson Santos, o actual alcalde Alejandro Lorenzo, soubo entender que non \u00e9 un bo ano para airear as siglas do Partido Popular e xoga a esquivar a ideolox\u00eda do seu partido. E calquera proxecto pol\u00edtico est\u00e1 obrigado a precisar o patr\u00f3n de transformaci\u00f3n que persegue, por lealdade democr\u00e1tica e coherencia. A folgada maior\u00eda absoluta que acadou nas pasadas elecci\u00f3ns locais s\u00e9rvelle para instaurarse no p\u00f3dium do &#8220;aqu\u00ed mando eu&#8221; e aplicar o co\u00f1ecido &#8220;rodillo&#8221; da \u00e9poca de Barros. O aire xovial que desprende cando bica a xente para subir a fotograf\u00eda \u00e1s s\u00faas redes sociais, dista moito do car\u00e1cter autoritario e intransixente que amosa en espazos acoutados, nos que se comporta como un aut\u00e9ntico d\u00e9spota ante calquera diverxencia pol\u00edtica.<\/p>\n\n\n\n<p>O so\u00f1o do alcalde f\u00edxose realidade e a ilusi\u00f3n foi tanta que decidiu incrementar a once os salarios dos \u00f3rganos de goberno, oito actas de concelleiras con dedicaci\u00f3ns exclusivas e tres cargos de confianza; subiu o gasto de 423.000\u20ac a 709.000\u20ac. Argumenta este incremento no aumento da poboaci\u00f3n no Porri\u00f1o (uns poucos centos de persoas) pero non di que ten moitas bocas que contentar \u00e1 vista dos resultados electorais. C\u00f3mpre lembrar que o se\u00f1or Lorenzo non renunciou \u00e1 asignaci\u00f3n econ\u00f3mica como deputado provincial, retribuci\u00f3n que cobra acumulando dous salarios p\u00fablicos desde que chegou \u00e1 Alcald\u00eda en decembro do 2021. Pol\u00edtica como medio de vida.<\/p>\n\n\n\n<p>Os plenos en horario de ma\u00f1\u00e1 desaf\u00edan as recomendaci\u00f3ns en materia de conciliaci\u00f3n pero \u00e9 unha aposta clara do goberno do PP de limitar a participaci\u00f3n democr\u00e1tica dos grupos pol\u00edticos e das persoas nos debates sobre as decisi\u00f3ns que afectan \u00e1 vida de todas. Nada novo. Copia proxectos como a zona verde no entorno do r\u00edo, a obra do Campo da Feira ou a nova Praza en P\u00edo XII pero r\u00e9stalle o car\u00e1cter transformador. As s\u00faas apostas son intervenci\u00f3ns curtopracistas para lucir na foto e evitar os confrontamentos; gob\u00e9rnase para quedar ben, para contentar \u00e1s de sempre e non mudar nada. Por evitar conflitos non se pode deixar de tomar medidas que benefician o conxunto da cidadan\u00eda. Acaso non foi a valent\u00eda pol\u00edtica do BNG a que fixo transformar O Porri\u00f1o eliminando o tr\u00e1fico no centro primeiro e en San Bieito despois a pesar da resistencia de quen non quere que O Porri\u00f1o avance? Especialmente grave \u00e9 a s\u00faa inacci\u00f3n a respecto da protecci\u00f3n do Louro e os seus ecosistemas; n\u00e9gase a iniciar os tr\u00e1mites aprobados pola maior\u00eda absoluta da corporaci\u00f3n municipal para os declarar Espazo Natural de Interese Local (ENIL); prefire organizar al\u00ed vodas. Ignorar a importancia de recuperar o r\u00edo e as ribeiras do Louro \u00e9 non ter proxecto de futuro para O Porri\u00f1o.<\/p>\n\n\n\n<p><a><\/a>Hai cuesti\u00f3ns que non se lle poden permitir a un alcalde, como esquilmar o Concello en gastos superfluos e non investir en servizos p\u00fablicos. A boa situaci\u00f3n econ\u00f3mica herdada cando chegou ao poder empregouna para despilfarrar, agora endebeda o Concello para afrontar pagos que el mesmo bloqueara, sen importarlle o futuro financeiro nin a demora que tiveron as provedoras. Tampouco te\u00f1en por qu\u00e9 pagar as persoas que viven no centro da vila o desprop\u00f3sito de modelo de festas \u00e1s que \u00e9 tan afeccionado o se\u00f1or alcalde, totalmente contrario \u00e1 convivencia: concentraci\u00f3ns de miles de persoas sen respectar horarios nin decibelios que fan do Porri\u00f1o un nicho desexado por promotoras \u201camigas\u201d que se enriquecen a costa de ofrecer \u00e1 nosa mocidade un lecer centrado no consumo de alcohol. O Concello da cultura.<\/p>\n\n\n\n<p>Quedan para a reflexi\u00f3n algunhas preguntas: Que agardamos dun rexedor que anunciou que o seu referente pol\u00edtico foi Barros? De certo pensamos que nada ten que ver o desleixo co que trata a protecci\u00f3n do r\u00edo Louro coa ampliaci\u00f3n que fixo o PP da concesi\u00f3n de ENCE en Pontevedra? A deslealdade que ten amosado co Porri\u00f1o o PP na Xunta, retrasando a ampliaci\u00f3n do centro de sa\u00fade ata que gobernara o Partido Popular, non \u00e9 un espello para o goberno local a hora de beneficiar a quen \u00e9 da s\u00faa corda? Por que non emprega ese compadreo para reclamar inversi\u00f3ns hist\u00f3ricas que se lle deben ao Porri\u00f1o? E o lindano? Ter\u00e1 o alcalde valor para esixirlle a ADIF que debe investir os recursos necesarios para o soterramento total do paso a nivel no centro da vila? E presionar a Coren para que mova ficha nun traslado tan necesario como urxente para O Porri\u00f1o?<\/p>\n\n\n\n<p>M\u00edriam Mart\u00ednez Troncoso<\/p>\n\n\n\n<p>Responsable Local do BNG do Porri\u00f1o<\/p>\n","protected":false},"excerpt":{"rendered":"<div class=\"mh-excerpt\"><p>No Porri\u00f1o leva gobernando o PP preto de 30 anos, case que de xeito ininterrompido. O pupilo de Barros e Nelson Santos, o actual alcalde Alejandro Lorenzo, soubo entender que non \u00e9 un bo ano para airear as siglas do Partido Popular e xoga a esquivar a ideolox\u00eda do seu partido <a class=\"mh-excerpt-more\" href=\"https:\/\/www.anovapeneira.gal\/index.php\/2023\/09\/19\/non-se-pode-contentar-a-todo-mundo-alejandro\/\" title=\"Non se pode contentar a todo mundo, Alejandro\">[&#8230;]<\/a><\/p>\n<\/div>","protected":false},"author":12,"featured_media":10436,"comment_status":"open","ping_status":"open","sticky":false,"template":"","format":"standard","meta":{"_exactmetrics_skip_tracking":false,"_exactmetrics_sitenote_active":false,"_exactmetrics_sitenote_note":"","_exactmetrics_sitenote_category":0,"footnotes":""},"categories":[7],"tags":[411],"class_list":{"0":"post-10433","1":"post","2":"type-post","3":"status-publish","4":"format-standard","5":"has-post-thumbnail","7":"category-artigos-de-opinion","8":"tag-concello-do-porrino"},"yoast_head":"<!-- This site is optimized with the Yoast SEO plugin v27.4 - https:\/\/yoast.com\/product\/yoast-seo-wordpress\/ -->\n<title>Non se pode contentar a todo mundo, Alejandro -<\/title>\n<meta name=\"description\" content=\"No Porri\u00f1o leva gobernando o PP preto de 30 anos, case que de xeito ininterrompido. O pupilo de Barros e Nelson Santos, o actual alcalde Alejandro Lorenzo, soubo entender que non \u00e9 un bo ano para airear as siglas do Partido Popular e xoga a esquivar a ideolox\u00eda do seu partido\" \/>\n<meta name=\"robots\" content=\"index, follow, max-snippet:-1, max-image-preview:large, max-video-preview:-1\" \/>\n<link rel=\"canonical\" href=\"https:\/\/www.anovapeneira.gal\/index.php\/2023\/09\/19\/non-se-pode-contentar-a-todo-mundo-alejandro\/\" \/>\n<meta property=\"og:locale\" content=\"gl_ES\" \/>\n<meta property=\"og:type\" content=\"article\" \/>\n<meta property=\"og:title\" content=\"Non se pode contentar a todo mundo, Alejandro -\" \/>\n<meta property=\"og:description\" content=\"No Porri\u00f1o leva gobernando o PP preto de 30 anos, case que de xeito ininterrompido. O pupilo de Barros e Nelson Santos, o actual alcalde Alejandro Lorenzo, soubo entender que non \u00e9 un bo ano para airear as siglas do Partido Popular e xoga a esquivar a ideolox\u00eda do seu partido\" \/>\n<meta property=\"og:url\" content=\"https:\/\/www.anovapeneira.gal\/index.php\/2023\/09\/19\/non-se-pode-contentar-a-todo-mundo-alejandro\/\" \/>\n<meta property=\"article:publisher\" content=\"https:\/\/www.facebook.com\/anovapeneira\" \/>\n<meta property=\"article:published_time\" content=\"2023-09-19T08:00:03+00:00\" \/>\n<meta property=\"og:image\" content=\"https:\/\/www.anovapeneira.gal\/wp-content\/uploads\/2023\/09\/miriam_martinez_troncoso.jpg\" \/>\n\t<meta property=\"og:image:width\" content=\"720\" \/>\n\t<meta property=\"og:image:height\" content=\"432\" \/>\n\t<meta property=\"og:image:type\" content=\"image\/jpeg\" \/>\n<meta name=\"author\" content=\"Artigos Opini\u00f3n\" \/>\n<meta name=\"twitter:card\" content=\"summary_large_image\" \/>\n<meta name=\"twitter:creator\" content=\"@APeneira\" \/>\n<meta name=\"twitter:site\" content=\"@APeneira\" \/>\n<meta name=\"twitter:label1\" content=\"Escrito por\" \/>\n\t<meta name=\"twitter:data1\" content=\"Artigos Opini\u00f3n\" \/>\n\t<meta name=\"twitter:label2\" content=\"Tempo de lectura\" \/>\n\t<meta name=\"twitter:data2\" content=\"5 minutos\" \/>\n<script type=\"application\/ld+json\" class=\"yoast-schema-graph\">{\"@context\":\"https:\\\/\\\/schema.org\",\"@graph\":[{\"@type\":\"Article\",\"@id\":\"https:\\\/\\\/www.anovapeneira.gal\\\/index.php\\\/2023\\\/09\\\/19\\\/non-se-pode-contentar-a-todo-mundo-alejandro\\\/#article\",\"isPartOf\":{\"@id\":\"https:\\\/\\\/www.anovapeneira.gal\\\/index.php\\\/2023\\\/09\\\/19\\\/non-se-pode-contentar-a-todo-mundo-alejandro\\\/\"},\"author\":{\"name\":\"Artigos Opini\u00f3n\",\"@id\":\"https:\\\/\\\/www.anovapeneira.gal\\\/#\\\/schema\\\/person\\\/f18a4feb302e8f20bcef4490b5b60bb3\"},\"headline\":\"Non se pode contentar a todo mundo, Alejandro\",\"datePublished\":\"2023-09-19T08:00:03+00:00\",\"mainEntityOfPage\":{\"@id\":\"https:\\\/\\\/www.anovapeneira.gal\\\/index.php\\\/2023\\\/09\\\/19\\\/non-se-pode-contentar-a-todo-mundo-alejandro\\\/\"},\"wordCount\":829,\"commentCount\":0,\"publisher\":{\"@id\":\"https:\\\/\\\/www.anovapeneira.gal\\\/#organization\"},\"image\":{\"@id\":\"https:\\\/\\\/www.anovapeneira.gal\\\/index.php\\\/2023\\\/09\\\/19\\\/non-se-pode-contentar-a-todo-mundo-alejandro\\\/#primaryimage\"},\"thumbnailUrl\":\"https:\\\/\\\/www.anovapeneira.gal\\\/wp-content\\\/uploads\\\/2023\\\/09\\\/miriam_martinez_troncoso.jpg\",\"keywords\":[\"Concello do Porri\u00f1o\"],\"articleSection\":[\"Artigos de opini\u00f3n\"],\"inLanguage\":\"gl-ES\",\"potentialAction\":[{\"@type\":\"CommentAction\",\"name\":\"Comment\",\"target\":[\"https:\\\/\\\/www.anovapeneira.gal\\\/index.php\\\/2023\\\/09\\\/19\\\/non-se-pode-contentar-a-todo-mundo-alejandro\\\/#respond\"]}]},{\"@type\":\"WebPage\",\"@id\":\"https:\\\/\\\/www.anovapeneira.gal\\\/index.php\\\/2023\\\/09\\\/19\\\/non-se-pode-contentar-a-todo-mundo-alejandro\\\/\",\"url\":\"https:\\\/\\\/www.anovapeneira.gal\\\/index.php\\\/2023\\\/09\\\/19\\\/non-se-pode-contentar-a-todo-mundo-alejandro\\\/\",\"name\":\"Non se pode contentar a todo mundo, Alejandro -\",\"isPartOf\":{\"@id\":\"https:\\\/\\\/www.anovapeneira.gal\\\/#website\"},\"primaryImageOfPage\":{\"@id\":\"https:\\\/\\\/www.anovapeneira.gal\\\/index.php\\\/2023\\\/09\\\/19\\\/non-se-pode-contentar-a-todo-mundo-alejandro\\\/#primaryimage\"},\"image\":{\"@id\":\"https:\\\/\\\/www.anovapeneira.gal\\\/index.php\\\/2023\\\/09\\\/19\\\/non-se-pode-contentar-a-todo-mundo-alejandro\\\/#primaryimage\"},\"thumbnailUrl\":\"https:\\\/\\\/www.anovapeneira.gal\\\/wp-content\\\/uploads\\\/2023\\\/09\\\/miriam_martinez_troncoso.jpg\",\"datePublished\":\"2023-09-19T08:00:03+00:00\",\"description\":\"No Porri\u00f1o leva gobernando o PP preto de 30 anos, case que de xeito ininterrompido. O pupilo de Barros e Nelson Santos, o actual alcalde Alejandro Lorenzo, soubo entender que non \u00e9 un bo ano para airear as siglas do Partido Popular e xoga a esquivar a ideolox\u00eda do seu partido\",\"breadcrumb\":{\"@id\":\"https:\\\/\\\/www.anovapeneira.gal\\\/index.php\\\/2023\\\/09\\\/19\\\/non-se-pode-contentar-a-todo-mundo-alejandro\\\/#breadcrumb\"},\"inLanguage\":\"gl-ES\",\"potentialAction\":[{\"@type\":\"ReadAction\",\"target\":[\"https:\\\/\\\/www.anovapeneira.gal\\\/index.php\\\/2023\\\/09\\\/19\\\/non-se-pode-contentar-a-todo-mundo-alejandro\\\/\"]}]},{\"@type\":\"ImageObject\",\"inLanguage\":\"gl-ES\",\"@id\":\"https:\\\/\\\/www.anovapeneira.gal\\\/index.php\\\/2023\\\/09\\\/19\\\/non-se-pode-contentar-a-todo-mundo-alejandro\\\/#primaryimage\",\"url\":\"https:\\\/\\\/www.anovapeneira.gal\\\/wp-content\\\/uploads\\\/2023\\\/09\\\/miriam_martinez_troncoso.jpg\",\"contentUrl\":\"https:\\\/\\\/www.anovapeneira.gal\\\/wp-content\\\/uploads\\\/2023\\\/09\\\/miriam_martinez_troncoso.jpg\",\"width\":720,\"height\":432,\"caption\":\"M\u00edriam Mart\u00ednez Troncoso\"},{\"@type\":\"BreadcrumbList\",\"@id\":\"https:\\\/\\\/www.anovapeneira.gal\\\/index.php\\\/2023\\\/09\\\/19\\\/non-se-pode-contentar-a-todo-mundo-alejandro\\\/#breadcrumb\",\"itemListElement\":[{\"@type\":\"ListItem\",\"position\":1,\"name\":\"Portada\",\"item\":\"https:\\\/\\\/www.anovapeneira.gal\\\/\"},{\"@type\":\"ListItem\",\"position\":2,\"name\":\"Non se pode contentar a todo mundo, Alejandro\"}]},{\"@type\":\"WebSite\",\"@id\":\"https:\\\/\\\/www.anovapeneira.gal\\\/#website\",\"url\":\"https:\\\/\\\/www.anovapeneira.gal\\\/\",\"name\":\"\",\"description\":\"Xornal galego de informaci\u00f3n xeral Publicaci\u00f3n mensual de novas de Galicia e en especial dos Concellos da sur da provincia de Pontevedra.\",\"publisher\":{\"@id\":\"https:\\\/\\\/www.anovapeneira.gal\\\/#organization\"},\"potentialAction\":[{\"@type\":\"SearchAction\",\"target\":{\"@type\":\"EntryPoint\",\"urlTemplate\":\"https:\\\/\\\/www.anovapeneira.gal\\\/?s={search_term_string}\"},\"query-input\":{\"@type\":\"PropertyValueSpecification\",\"valueRequired\":true,\"valueName\":\"search_term_string\"}}],\"inLanguage\":\"gl-ES\"},{\"@type\":\"Organization\",\"@id\":\"https:\\\/\\\/www.anovapeneira.gal\\\/#organization\",\"name\":\"A Nova Peneira\",\"url\":\"https:\\\/\\\/www.anovapeneira.gal\\\/\",\"logo\":{\"@type\":\"ImageObject\",\"inLanguage\":\"gl-ES\",\"@id\":\"https:\\\/\\\/www.anovapeneira.gal\\\/#\\\/schema\\\/logo\\\/image\\\/\",\"url\":\"http:\\\/\\\/www.anovapeneira.gal\\\/wp-content\\\/uploads\\\/2019\\\/06\\\/logo_a_nova_peneira_portal_web.png\",\"contentUrl\":\"http:\\\/\\\/www.anovapeneira.gal\\\/wp-content\\\/uploads\\\/2019\\\/06\\\/logo_a_nova_peneira_portal_web.png\",\"width\":300,\"height\":100,\"caption\":\"A Nova Peneira\"},\"image\":{\"@id\":\"https:\\\/\\\/www.anovapeneira.gal\\\/#\\\/schema\\\/logo\\\/image\\\/\"},\"sameAs\":[\"https:\\\/\\\/www.facebook.com\\\/anovapeneira\",\"https:\\\/\\\/x.com\\\/APeneira\"]},{\"@type\":\"Person\",\"@id\":\"https:\\\/\\\/www.anovapeneira.gal\\\/#\\\/schema\\\/person\\\/f18a4feb302e8f20bcef4490b5b60bb3\",\"name\":\"Artigos Opini\u00f3n\",\"image\":{\"@type\":\"ImageObject\",\"inLanguage\":\"gl-ES\",\"@id\":\"https:\\\/\\\/secure.gravatar.com\\\/avatar\\\/072844300f4881150aee2da4278f7a65d16eefdf8262eb67085f1e702de2b959?s=96&d=mm&r=g\",\"url\":\"https:\\\/\\\/secure.gravatar.com\\\/avatar\\\/072844300f4881150aee2da4278f7a65d16eefdf8262eb67085f1e702de2b959?s=96&d=mm&r=g\",\"contentUrl\":\"https:\\\/\\\/secure.gravatar.com\\\/avatar\\\/072844300f4881150aee2da4278f7a65d16eefdf8262eb67085f1e702de2b959?s=96&d=mm&r=g\",\"caption\":\"Artigos Opini\u00f3n\"},\"sameAs\":[\"http:\\\/\\\/anovapeneira.gal\"],\"url\":\"https:\\\/\\\/www.anovapeneira.gal\\\/index.php\\\/author\\\/artigosopinion\\\/\"}]}<\/script>\n<!-- \/ Yoast SEO plugin. -->","yoast_head_json":{"title":"Non se pode contentar a todo mundo, Alejandro -","description":"No Porri\u00f1o leva gobernando o PP preto de 30 anos, case que de xeito ininterrompido. O pupilo de Barros e Nelson Santos, o actual alcalde Alejandro Lorenzo, soubo entender que non \u00e9 un bo ano para airear as siglas do Partido Popular e xoga a esquivar a ideolox\u00eda do seu partido","robots":{"index":"index","follow":"follow","max-snippet":"max-snippet:-1","max-image-preview":"max-image-preview:large","max-video-preview":"max-video-preview:-1"},"canonical":"https:\/\/www.anovapeneira.gal\/index.php\/2023\/09\/19\/non-se-pode-contentar-a-todo-mundo-alejandro\/","og_locale":"gl_ES","og_type":"article","og_title":"Non se pode contentar a todo mundo, Alejandro -","og_description":"No Porri\u00f1o leva gobernando o PP preto de 30 anos, case que de xeito ininterrompido. O pupilo de Barros e Nelson Santos, o actual alcalde Alejandro Lorenzo, soubo entender que non \u00e9 un bo ano para airear as siglas do Partido Popular e xoga a esquivar a ideolox\u00eda do seu partido","og_url":"https:\/\/www.anovapeneira.gal\/index.php\/2023\/09\/19\/non-se-pode-contentar-a-todo-mundo-alejandro\/","article_publisher":"https:\/\/www.facebook.com\/anovapeneira","article_published_time":"2023-09-19T08:00:03+00:00","og_image":[{"width":720,"height":432,"url":"https:\/\/www.anovapeneira.gal\/wp-content\/uploads\/2023\/09\/miriam_martinez_troncoso.jpg","type":"image\/jpeg"}],"author":"Artigos Opini\u00f3n","twitter_card":"summary_large_image","twitter_creator":"@APeneira","twitter_site":"@APeneira","twitter_misc":{"Escrito por":"Artigos Opini\u00f3n","Tempo de lectura":"5 minutos"},"schema":{"@context":"https:\/\/schema.org","@graph":[{"@type":"Article","@id":"https:\/\/www.anovapeneira.gal\/index.php\/2023\/09\/19\/non-se-pode-contentar-a-todo-mundo-alejandro\/#article","isPartOf":{"@id":"https:\/\/www.anovapeneira.gal\/index.php\/2023\/09\/19\/non-se-pode-contentar-a-todo-mundo-alejandro\/"},"author":{"name":"Artigos Opini\u00f3n","@id":"https:\/\/www.anovapeneira.gal\/#\/schema\/person\/f18a4feb302e8f20bcef4490b5b60bb3"},"headline":"Non se pode contentar a todo mundo, Alejandro","datePublished":"2023-09-19T08:00:03+00:00","mainEntityOfPage":{"@id":"https:\/\/www.anovapeneira.gal\/index.php\/2023\/09\/19\/non-se-pode-contentar-a-todo-mundo-alejandro\/"},"wordCount":829,"commentCount":0,"publisher":{"@id":"https:\/\/www.anovapeneira.gal\/#organization"},"image":{"@id":"https:\/\/www.anovapeneira.gal\/index.php\/2023\/09\/19\/non-se-pode-contentar-a-todo-mundo-alejandro\/#primaryimage"},"thumbnailUrl":"https:\/\/www.anovapeneira.gal\/wp-content\/uploads\/2023\/09\/miriam_martinez_troncoso.jpg","keywords":["Concello do Porri\u00f1o"],"articleSection":["Artigos de opini\u00f3n"],"inLanguage":"gl-ES","potentialAction":[{"@type":"CommentAction","name":"Comment","target":["https:\/\/www.anovapeneira.gal\/index.php\/2023\/09\/19\/non-se-pode-contentar-a-todo-mundo-alejandro\/#respond"]}]},{"@type":"WebPage","@id":"https:\/\/www.anovapeneira.gal\/index.php\/2023\/09\/19\/non-se-pode-contentar-a-todo-mundo-alejandro\/","url":"https:\/\/www.anovapeneira.gal\/index.php\/2023\/09\/19\/non-se-pode-contentar-a-todo-mundo-alejandro\/","name":"Non se pode contentar a todo mundo, Alejandro -","isPartOf":{"@id":"https:\/\/www.anovapeneira.gal\/#website"},"primaryImageOfPage":{"@id":"https:\/\/www.anovapeneira.gal\/index.php\/2023\/09\/19\/non-se-pode-contentar-a-todo-mundo-alejandro\/#primaryimage"},"image":{"@id":"https:\/\/www.anovapeneira.gal\/index.php\/2023\/09\/19\/non-se-pode-contentar-a-todo-mundo-alejandro\/#primaryimage"},"thumbnailUrl":"https:\/\/www.anovapeneira.gal\/wp-content\/uploads\/2023\/09\/miriam_martinez_troncoso.jpg","datePublished":"2023-09-19T08:00:03+00:00","description":"No Porri\u00f1o leva gobernando o PP preto de 30 anos, case que de xeito ininterrompido. O pupilo de Barros e Nelson Santos, o actual alcalde Alejandro Lorenzo, soubo entender que non \u00e9 un bo ano para airear as siglas do Partido Popular e xoga a esquivar a ideolox\u00eda do seu partido","breadcrumb":{"@id":"https:\/\/www.anovapeneira.gal\/index.php\/2023\/09\/19\/non-se-pode-contentar-a-todo-mundo-alejandro\/#breadcrumb"},"inLanguage":"gl-ES","potentialAction":[{"@type":"ReadAction","target":["https:\/\/www.anovapeneira.gal\/index.php\/2023\/09\/19\/non-se-pode-contentar-a-todo-mundo-alejandro\/"]}]},{"@type":"ImageObject","inLanguage":"gl-ES","@id":"https:\/\/www.anovapeneira.gal\/index.php\/2023\/09\/19\/non-se-pode-contentar-a-todo-mundo-alejandro\/#primaryimage","url":"https:\/\/www.anovapeneira.gal\/wp-content\/uploads\/2023\/09\/miriam_martinez_troncoso.jpg","contentUrl":"https:\/\/www.anovapeneira.gal\/wp-content\/uploads\/2023\/09\/miriam_martinez_troncoso.jpg","width":720,"height":432,"caption":"M\u00edriam Mart\u00ednez Troncoso"},{"@type":"BreadcrumbList","@id":"https:\/\/www.anovapeneira.gal\/index.php\/2023\/09\/19\/non-se-pode-contentar-a-todo-mundo-alejandro\/#breadcrumb","itemListElement":[{"@type":"ListItem","position":1,"name":"Portada","item":"https:\/\/www.anovapeneira.gal\/"},{"@type":"ListItem","position":2,"name":"Non se pode contentar a todo mundo, Alejandro"}]},{"@type":"WebSite","@id":"https:\/\/www.anovapeneira.gal\/#website","url":"https:\/\/www.anovapeneira.gal\/","name":"","description":"Xornal galego de informaci\u00f3n xeral Publicaci\u00f3n mensual de novas de Galicia e en especial dos Concellos da sur da provincia de Pontevedra.","publisher":{"@id":"https:\/\/www.anovapeneira.gal\/#organization"},"potentialAction":[{"@type":"SearchAction","target":{"@type":"EntryPoint","urlTemplate":"https:\/\/www.anovapeneira.gal\/?s={search_term_string}"},"query-input":{"@type":"PropertyValueSpecification","valueRequired":true,"valueName":"search_term_string"}}],"inLanguage":"gl-ES"},{"@type":"Organization","@id":"https:\/\/www.anovapeneira.gal\/#organization","name":"A Nova Peneira","url":"https:\/\/www.anovapeneira.gal\/","logo":{"@type":"ImageObject","inLanguage":"gl-ES","@id":"https:\/\/www.anovapeneira.gal\/#\/schema\/logo\/image\/","url":"http:\/\/www.anovapeneira.gal\/wp-content\/uploads\/2019\/06\/logo_a_nova_peneira_portal_web.png","contentUrl":"http:\/\/www.anovapeneira.gal\/wp-content\/uploads\/2019\/06\/logo_a_nova_peneira_portal_web.png","width":300,"height":100,"caption":"A Nova Peneira"},"image":{"@id":"https:\/\/www.anovapeneira.gal\/#\/schema\/logo\/image\/"},"sameAs":["https:\/\/www.facebook.com\/anovapeneira","https:\/\/x.com\/APeneira"]},{"@type":"Person","@id":"https:\/\/www.anovapeneira.gal\/#\/schema\/person\/f18a4feb302e8f20bcef4490b5b60bb3","name":"Artigos Opini\u00f3n","image":{"@type":"ImageObject","inLanguage":"gl-ES","@id":"https:\/\/secure.gravatar.com\/avatar\/072844300f4881150aee2da4278f7a65d16eefdf8262eb67085f1e702de2b959?s=96&d=mm&r=g","url":"https:\/\/secure.gravatar.com\/avatar\/072844300f4881150aee2da4278f7a65d16eefdf8262eb67085f1e702de2b959?s=96&d=mm&r=g","contentUrl":"https:\/\/secure.gravatar.com\/avatar\/072844300f4881150aee2da4278f7a65d16eefdf8262eb67085f1e702de2b959?s=96&d=mm&r=g","caption":"Artigos Opini\u00f3n"},"sameAs":["http:\/\/anovapeneira.gal"],"url":"https:\/\/www.anovapeneira.gal\/index.php\/author\/artigosopinion\/"}]}},"jetpack_featured_media_url":"https:\/\/www.anovapeneira.gal\/wp-content\/uploads\/2023\/09\/miriam_martinez_troncoso.jpg","_links":{"self":[{"href":"https:\/\/www.anovapeneira.gal\/index.php\/wp-json\/wp\/v2\/posts\/10433","targetHints":{"allow":["GET"]}}],"collection":[{"href":"https:\/\/www.anovapeneira.gal\/index.php\/wp-json\/wp\/v2\/posts"}],"about":[{"href":"https:\/\/www.anovapeneira.gal\/index.php\/wp-json\/wp\/v2\/types\/post"}],"author":[{"embeddable":true,"href":"https:\/\/www.anovapeneira.gal\/index.php\/wp-json\/wp\/v2\/users\/12"}],"replies":[{"embeddable":true,"href":"https:\/\/www.anovapeneira.gal\/index.php\/wp-json\/wp\/v2\/comments?post=10433"}],"version-history":[{"count":1,"href":"https:\/\/www.anovapeneira.gal\/index.php\/wp-json\/wp\/v2\/posts\/10433\/revisions"}],"predecessor-version":[{"id":10434,"href":"https:\/\/www.anovapeneira.gal\/index.php\/wp-json\/wp\/v2\/posts\/10433\/revisions\/10434"}],"wp:featuredmedia":[{"embeddable":true,"href":"https:\/\/www.anovapeneira.gal\/index.php\/wp-json\/wp\/v2\/media\/10436"}],"wp:attachment":[{"href":"https:\/\/www.anovapeneira.gal\/index.php\/wp-json\/wp\/v2\/media?parent=10433"}],"wp:term":[{"taxonomy":"category","embeddable":true,"href":"https:\/\/www.anovapeneira.gal\/index.php\/wp-json\/wp\/v2\/categories?post=10433"},{"taxonomy":"post_tag","embeddable":true,"href":"https:\/\/www.anovapeneira.gal\/index.php\/wp-json\/wp\/v2\/tags?post=10433"}],"curies":[{"name":"wp","href":"https:\/\/api.w.org\/{rel}","templated":true}]}}