{"id":10437,"date":"2023-09-19T12:00:45","date_gmt":"2023-09-19T10:00:45","guid":{"rendered":"https:\/\/www.anovapeneira.gal\/?p=10437"},"modified":"2023-09-14T13:32:09","modified_gmt":"2023-09-14T11:32:09","slug":"a-politica-na-caniza","status":"publish","type":"post","link":"https:\/\/www.anovapeneira.gal\/index.php\/2023\/09\/19\/a-politica-na-caniza\/","title":{"rendered":"A pol\u00edtica na Caniza"},"content":{"rendered":"\n<figure class=\"wp-block-image size-full is-resized\"><img loading=\"lazy\" decoding=\"async\" src=\"https:\/\/www.anovapeneira.gal\/wp-content\/uploads\/2023\/09\/trini_labaca_caniza.jpg\" alt=\"\" class=\"wp-image-10439\" style=\"width:86px;height:103px\" width=\"86\" height=\"103\"\/><\/figure>\n\n\n\n<pre class=\"wp-block-verse\">Trini Labaca. Responsable local do BNG na Caniza<\/pre>\n\n\n\n<h2 class=\"wp-block-heading\">Para poder entender a actual situaci\u00f3n pol\u00edtica no Concello da Caniza, capital da Comarca da Paradanta, debemos facer unha breve retrospectiva, e tratar de imaxinar o esperanzador futuro desta vila.<\/h2>\n\n\n\n<p>Dende o ano 1976 ata o 2019 o PP foi o partido que gobernou neste concello, m\u00e1is de 40 anos, ata que as elecci\u00f3ns do 2019 supuxeron un cambio: a pesar da vitoria do PP en porcentaxe de votos, non logrou pasar do empate en escanos co Partido Socialista; o concelleiro que conseguiu Ciudadanos fixo que o candidato socialista accedera \u00e1 alcald\u00eda por primeira vez. Chegados os seguintes comicios no 2023 o partido m\u00e1is votado foi o PSOE, seguido do PP e por \u00faltimo o BNG, conseguindo as\u00ed novamente a alcald\u00eda o PSOE, pero desta volta sen necesidade de pactar con ningu\u00e9n.<\/p>\n\n\n\n<p>Ao longo deste tempo present\u00e1ronse candidaturas intermitentes do BNG e outras alternativas pero nunca acadaron representaci\u00f3n municipal, e tampouco permaneceron nin se consolidaron.<\/p>\n\n\n\n<p>A Caniza permanec\u00eda claramente nunha situaci\u00f3n de bipartidismo entre as candidaturas potentes de dous partidos estatais, que non fac\u00eda m\u00e1is que reflectir a situaci\u00f3n sociol\u00f3xica da Ca\u00f1iza: unha veci\u00f1anza totalmente polarizada entre PP e PSOE no que as persoas ti\u00f1an medo a definirse publicamente, que apenas falaban de pol\u00edtica, nin se decantaban por ning\u00fan dos dous cabezas de lista, sendo a frase m\u00e1is manida das conversas o \u201ceu non son nin dun nin doutro&#8221;.<\/p>\n\n\n\n<p>O Partido Socialista segu\u00eda traballando para facer unha oposici\u00f3n forte pero non suficiente para desbancar ao Partido Popular, pasando incluso por unha fase de estancamento pol\u00edtico, que finalmente conseguiu dobregar pero, por m\u00e9ritos propios? As estratexias pol\u00edticas que continuaba practicando o PP na permanente estabilidade de mandato no concello: limpezas de cami\u00f1os, parcheos, asfaltados&#8230;e pouco m\u00e1is, xunto \u00e1s tradicionais maneiras de actuar: mala xesti\u00f3n econ\u00f3mica, caciquismo, amiguismo, presi\u00f3ns veci\u00f1ais&#8230;algo axudaron tam\u00e9n. A traxectoria inestable do BNG ao longo deste anos presentando candidaturas de xeito intermitente non axudaba tampouco.<\/p>\n\n\n\n<p>O claro descenso da poboaci\u00f3n dende os anos 80 ata o d\u00eda de hoxe cun pouco m\u00e1is de 5000 habitantes, a oferta tur\u00edstica limitada a pouco m\u00e1is que festas relixiosas como por exemplo a da Virxe da Franqueira; e a gastronom\u00eda, A Caniza Capital do Xam\u00f3n&#8230;pode ser este outro factor condicionante da situaci\u00f3n sociol\u00f3xica deste concello, e que polo tanto condicione tam\u00e9n o seu voto.<\/p>\n\n\n\n<p>Non podemos esquecer que durante a segunda rep\u00fablica A Caniza tivo unha alcaldesa: Mar\u00eda Purificaci\u00f3n G\u00f3mez Gonz\u00e1lez, primeira muller en ocupar este cargo na historia de Galicia ata este mesmo ano 2023. Ning\u00fan dos dous partidos que te\u00f1en ocupado a alcald\u00eda neste concello tiveron a ben facer nada a respecto deste fito hist\u00f3rico: nin r\u00faa, ni parque, nin edificio p\u00fablico&#8230;nin ning\u00fan outro tipo de acto. Outro aspecto que define as inquietudes pol\u00edticas dos partidos maioritarios deste concello e non reflicten as da s\u00faa veci\u00f1anza.<\/p>\n\n\n\n<p>Pero neste panorama pol\u00edtico e social actual hai que ter en conta que o BNG consolidou a s\u00faa Asemblea Local para ofrecer outros xeitos de xestionar e de facer, para sementar e acoller eses votos que non pertencen ao bipartidismo, que vai facer que este rache dunha vez por todas na Caniza, e cando menos amosar unha sociedade m\u00e1is diversa e plural que en realidade si existe nesta vila.<\/p>\n\n\n\n<p>Veremos que sucede nos seguintes elecci\u00f3ns municipais pero, polo de pronto, a situaci\u00f3n sociopol\u00edtica parece que algo muda.<\/p>\n","protected":false},"excerpt":{"rendered":"<div class=\"mh-excerpt\"><p>Para poder entender a actual situaci\u00f3n pol\u00edtica no Concello da Caniza, capital da Comarca da Paradanta, debemos facer unha breve retrospectiva, e tratar de imaxinar o esperanzador futuro desta vila <a class=\"mh-excerpt-more\" href=\"https:\/\/www.anovapeneira.gal\/index.php\/2023\/09\/19\/a-politica-na-caniza\/\" title=\"A pol\u00edtica na Caniza\">[&#8230;]<\/a><\/p>\n<\/div>","protected":false},"author":12,"featured_media":584,"comment_status":"open","ping_status":"open","sticky":false,"template":"","format":"standard","meta":{"_exactmetrics_skip_tracking":false,"_exactmetrics_sitenote_active":false,"_exactmetrics_sitenote_note":"","_exactmetrics_sitenote_category":0,"footnotes":""},"categories":[7],"tags":[867,1368],"class_list":{"0":"post-10437","1":"post","2":"type-post","3":"status-publish","4":"format-standard","5":"has-post-thumbnail","7":"category-artigos-de-opinion","8":"tag-concello-da-caniza","9":"tag-trini-labaca"},"yoast_head":"<!-- This site is optimized with the Yoast SEO plugin v27.4 - https:\/\/yoast.com\/product\/yoast-seo-wordpress\/ -->\n<title>A pol\u00edtica na Caniza -<\/title>\n<meta name=\"description\" content=\"Para poder entender a actual situaci\u00f3n pol\u00edtica no Concello da Caniza, capital da Comarca da Paradanta, debemos facer unha breve retrospectiva, e tratar de imaxinar o esperanzador futuro desta vila\" \/>\n<meta name=\"robots\" content=\"index, follow, max-snippet:-1, max-image-preview:large, max-video-preview:-1\" \/>\n<link rel=\"canonical\" href=\"https:\/\/www.anovapeneira.gal\/index.php\/2023\/09\/19\/a-politica-na-caniza\/\" \/>\n<meta property=\"og:locale\" content=\"gl_ES\" \/>\n<meta property=\"og:type\" content=\"article\" \/>\n<meta property=\"og:title\" content=\"A pol\u00edtica na Caniza -\" \/>\n<meta property=\"og:description\" content=\"Para poder entender a actual situaci\u00f3n pol\u00edtica no Concello da Caniza, capital da Comarca da Paradanta, debemos facer unha breve retrospectiva, e tratar de imaxinar o esperanzador futuro desta vila\" \/>\n<meta property=\"og:url\" content=\"https:\/\/www.anovapeneira.gal\/index.php\/2023\/09\/19\/a-politica-na-caniza\/\" \/>\n<meta property=\"article:publisher\" content=\"https:\/\/www.facebook.com\/anovapeneira\" \/>\n<meta property=\"article:published_time\" content=\"2023-09-19T10:00:45+00:00\" \/>\n<meta property=\"og:image\" content=\"https:\/\/www.anovapeneira.gal\/wp-content\/uploads\/2019\/07\/ARTIGO_DE_OPINION_A_NOVA_PENEIRA.jpg\" \/>\n\t<meta property=\"og:image:width\" content=\"720\" \/>\n\t<meta property=\"og:image:height\" content=\"473\" \/>\n\t<meta property=\"og:image:type\" content=\"image\/jpeg\" \/>\n<meta name=\"author\" content=\"Artigos Opini\u00f3n\" \/>\n<meta name=\"twitter:card\" content=\"summary_large_image\" \/>\n<meta name=\"twitter:image\" content=\"https:\/\/www.anovapeneira.gal\/wp-content\/uploads\/2019\/07\/ARTIGO_DE_OPINION_A_NOVA_PENEIRA.jpg\" \/>\n<meta name=\"twitter:creator\" content=\"@APeneira\" \/>\n<meta name=\"twitter:site\" content=\"@APeneira\" \/>\n<meta name=\"twitter:label1\" content=\"Escrito por\" \/>\n\t<meta name=\"twitter:data1\" content=\"Artigos Opini\u00f3n\" \/>\n\t<meta name=\"twitter:label2\" content=\"Tempo de lectura\" \/>\n\t<meta name=\"twitter:data2\" content=\"4 minutos\" \/>\n<script type=\"application\/ld+json\" class=\"yoast-schema-graph\">{\"@context\":\"https:\\\/\\\/schema.org\",\"@graph\":[{\"@type\":\"Article\",\"@id\":\"https:\\\/\\\/www.anovapeneira.gal\\\/index.php\\\/2023\\\/09\\\/19\\\/a-politica-na-caniza\\\/#article\",\"isPartOf\":{\"@id\":\"https:\\\/\\\/www.anovapeneira.gal\\\/index.php\\\/2023\\\/09\\\/19\\\/a-politica-na-caniza\\\/\"},\"author\":{\"name\":\"Artigos Opini\u00f3n\",\"@id\":\"https:\\\/\\\/www.anovapeneira.gal\\\/#\\\/schema\\\/person\\\/f18a4feb302e8f20bcef4490b5b60bb3\"},\"headline\":\"A pol\u00edtica na Caniza\",\"datePublished\":\"2023-09-19T10:00:45+00:00\",\"mainEntityOfPage\":{\"@id\":\"https:\\\/\\\/www.anovapeneira.gal\\\/index.php\\\/2023\\\/09\\\/19\\\/a-politica-na-caniza\\\/\"},\"wordCount\":618,\"commentCount\":0,\"publisher\":{\"@id\":\"https:\\\/\\\/www.anovapeneira.gal\\\/#organization\"},\"image\":{\"@id\":\"https:\\\/\\\/www.anovapeneira.gal\\\/index.php\\\/2023\\\/09\\\/19\\\/a-politica-na-caniza\\\/#primaryimage\"},\"thumbnailUrl\":\"https:\\\/\\\/www.anovapeneira.gal\\\/wp-content\\\/uploads\\\/2019\\\/07\\\/ARTIGO_DE_OPINION_A_NOVA_PENEIRA.jpg\",\"keywords\":[\"Concello da Ca\u00f1iza\",\"Trini Labaca\"],\"articleSection\":[\"Artigos de opini\u00f3n\"],\"inLanguage\":\"gl-ES\",\"potentialAction\":[{\"@type\":\"CommentAction\",\"name\":\"Comment\",\"target\":[\"https:\\\/\\\/www.anovapeneira.gal\\\/index.php\\\/2023\\\/09\\\/19\\\/a-politica-na-caniza\\\/#respond\"]}]},{\"@type\":\"WebPage\",\"@id\":\"https:\\\/\\\/www.anovapeneira.gal\\\/index.php\\\/2023\\\/09\\\/19\\\/a-politica-na-caniza\\\/\",\"url\":\"https:\\\/\\\/www.anovapeneira.gal\\\/index.php\\\/2023\\\/09\\\/19\\\/a-politica-na-caniza\\\/\",\"name\":\"A pol\u00edtica na Caniza -\",\"isPartOf\":{\"@id\":\"https:\\\/\\\/www.anovapeneira.gal\\\/#website\"},\"primaryImageOfPage\":{\"@id\":\"https:\\\/\\\/www.anovapeneira.gal\\\/index.php\\\/2023\\\/09\\\/19\\\/a-politica-na-caniza\\\/#primaryimage\"},\"image\":{\"@id\":\"https:\\\/\\\/www.anovapeneira.gal\\\/index.php\\\/2023\\\/09\\\/19\\\/a-politica-na-caniza\\\/#primaryimage\"},\"thumbnailUrl\":\"https:\\\/\\\/www.anovapeneira.gal\\\/wp-content\\\/uploads\\\/2019\\\/07\\\/ARTIGO_DE_OPINION_A_NOVA_PENEIRA.jpg\",\"datePublished\":\"2023-09-19T10:00:45+00:00\",\"description\":\"Para poder entender a actual situaci\u00f3n pol\u00edtica no Concello da Caniza, capital da Comarca da Paradanta, debemos facer unha breve retrospectiva, e tratar de imaxinar o esperanzador futuro desta vila\",\"breadcrumb\":{\"@id\":\"https:\\\/\\\/www.anovapeneira.gal\\\/index.php\\\/2023\\\/09\\\/19\\\/a-politica-na-caniza\\\/#breadcrumb\"},\"inLanguage\":\"gl-ES\",\"potentialAction\":[{\"@type\":\"ReadAction\",\"target\":[\"https:\\\/\\\/www.anovapeneira.gal\\\/index.php\\\/2023\\\/09\\\/19\\\/a-politica-na-caniza\\\/\"]}]},{\"@type\":\"ImageObject\",\"inLanguage\":\"gl-ES\",\"@id\":\"https:\\\/\\\/www.anovapeneira.gal\\\/index.php\\\/2023\\\/09\\\/19\\\/a-politica-na-caniza\\\/#primaryimage\",\"url\":\"https:\\\/\\\/www.anovapeneira.gal\\\/wp-content\\\/uploads\\\/2019\\\/07\\\/ARTIGO_DE_OPINION_A_NOVA_PENEIRA.jpg\",\"contentUrl\":\"https:\\\/\\\/www.anovapeneira.gal\\\/wp-content\\\/uploads\\\/2019\\\/07\\\/ARTIGO_DE_OPINION_A_NOVA_PENEIRA.jpg\",\"width\":720,\"height\":473,\"caption\":\"Artigo de opini\u00f3n A Nova Peneira\"},{\"@type\":\"BreadcrumbList\",\"@id\":\"https:\\\/\\\/www.anovapeneira.gal\\\/index.php\\\/2023\\\/09\\\/19\\\/a-politica-na-caniza\\\/#breadcrumb\",\"itemListElement\":[{\"@type\":\"ListItem\",\"position\":1,\"name\":\"Portada\",\"item\":\"https:\\\/\\\/www.anovapeneira.gal\\\/\"},{\"@type\":\"ListItem\",\"position\":2,\"name\":\"A pol\u00edtica na Caniza\"}]},{\"@type\":\"WebSite\",\"@id\":\"https:\\\/\\\/www.anovapeneira.gal\\\/#website\",\"url\":\"https:\\\/\\\/www.anovapeneira.gal\\\/\",\"name\":\"\",\"description\":\"Xornal galego de informaci\u00f3n xeral Publicaci\u00f3n mensual de novas de Galicia e en especial dos Concellos da sur da provincia de Pontevedra.\",\"publisher\":{\"@id\":\"https:\\\/\\\/www.anovapeneira.gal\\\/#organization\"},\"potentialAction\":[{\"@type\":\"SearchAction\",\"target\":{\"@type\":\"EntryPoint\",\"urlTemplate\":\"https:\\\/\\\/www.anovapeneira.gal\\\/?s={search_term_string}\"},\"query-input\":{\"@type\":\"PropertyValueSpecification\",\"valueRequired\":true,\"valueName\":\"search_term_string\"}}],\"inLanguage\":\"gl-ES\"},{\"@type\":\"Organization\",\"@id\":\"https:\\\/\\\/www.anovapeneira.gal\\\/#organization\",\"name\":\"A Nova Peneira\",\"url\":\"https:\\\/\\\/www.anovapeneira.gal\\\/\",\"logo\":{\"@type\":\"ImageObject\",\"inLanguage\":\"gl-ES\",\"@id\":\"https:\\\/\\\/www.anovapeneira.gal\\\/#\\\/schema\\\/logo\\\/image\\\/\",\"url\":\"http:\\\/\\\/www.anovapeneira.gal\\\/wp-content\\\/uploads\\\/2019\\\/06\\\/logo_a_nova_peneira_portal_web.png\",\"contentUrl\":\"http:\\\/\\\/www.anovapeneira.gal\\\/wp-content\\\/uploads\\\/2019\\\/06\\\/logo_a_nova_peneira_portal_web.png\",\"width\":300,\"height\":100,\"caption\":\"A Nova Peneira\"},\"image\":{\"@id\":\"https:\\\/\\\/www.anovapeneira.gal\\\/#\\\/schema\\\/logo\\\/image\\\/\"},\"sameAs\":[\"https:\\\/\\\/www.facebook.com\\\/anovapeneira\",\"https:\\\/\\\/x.com\\\/APeneira\"]},{\"@type\":\"Person\",\"@id\":\"https:\\\/\\\/www.anovapeneira.gal\\\/#\\\/schema\\\/person\\\/f18a4feb302e8f20bcef4490b5b60bb3\",\"name\":\"Artigos Opini\u00f3n\",\"image\":{\"@type\":\"ImageObject\",\"inLanguage\":\"gl-ES\",\"@id\":\"https:\\\/\\\/secure.gravatar.com\\\/avatar\\\/072844300f4881150aee2da4278f7a65d16eefdf8262eb67085f1e702de2b959?s=96&d=mm&r=g\",\"url\":\"https:\\\/\\\/secure.gravatar.com\\\/avatar\\\/072844300f4881150aee2da4278f7a65d16eefdf8262eb67085f1e702de2b959?s=96&d=mm&r=g\",\"contentUrl\":\"https:\\\/\\\/secure.gravatar.com\\\/avatar\\\/072844300f4881150aee2da4278f7a65d16eefdf8262eb67085f1e702de2b959?s=96&d=mm&r=g\",\"caption\":\"Artigos Opini\u00f3n\"},\"sameAs\":[\"http:\\\/\\\/anovapeneira.gal\"],\"url\":\"https:\\\/\\\/www.anovapeneira.gal\\\/index.php\\\/author\\\/artigosopinion\\\/\"}]}<\/script>\n<!-- \/ Yoast SEO plugin. -->","yoast_head_json":{"title":"A pol\u00edtica na Caniza -","description":"Para poder entender a actual situaci\u00f3n pol\u00edtica no Concello da Caniza, capital da Comarca da Paradanta, debemos facer unha breve retrospectiva, e tratar de imaxinar o esperanzador futuro desta vila","robots":{"index":"index","follow":"follow","max-snippet":"max-snippet:-1","max-image-preview":"max-image-preview:large","max-video-preview":"max-video-preview:-1"},"canonical":"https:\/\/www.anovapeneira.gal\/index.php\/2023\/09\/19\/a-politica-na-caniza\/","og_locale":"gl_ES","og_type":"article","og_title":"A pol\u00edtica na Caniza -","og_description":"Para poder entender a actual situaci\u00f3n pol\u00edtica no Concello da Caniza, capital da Comarca da Paradanta, debemos facer unha breve retrospectiva, e tratar de imaxinar o esperanzador futuro desta vila","og_url":"https:\/\/www.anovapeneira.gal\/index.php\/2023\/09\/19\/a-politica-na-caniza\/","article_publisher":"https:\/\/www.facebook.com\/anovapeneira","article_published_time":"2023-09-19T10:00:45+00:00","og_image":[{"width":720,"height":473,"url":"https:\/\/www.anovapeneira.gal\/wp-content\/uploads\/2019\/07\/ARTIGO_DE_OPINION_A_NOVA_PENEIRA.jpg","type":"image\/jpeg"}],"author":"Artigos Opini\u00f3n","twitter_card":"summary_large_image","twitter_image":"https:\/\/www.anovapeneira.gal\/wp-content\/uploads\/2019\/07\/ARTIGO_DE_OPINION_A_NOVA_PENEIRA.jpg","twitter_creator":"@APeneira","twitter_site":"@APeneira","twitter_misc":{"Escrito por":"Artigos Opini\u00f3n","Tempo de lectura":"4 minutos"},"schema":{"@context":"https:\/\/schema.org","@graph":[{"@type":"Article","@id":"https:\/\/www.anovapeneira.gal\/index.php\/2023\/09\/19\/a-politica-na-caniza\/#article","isPartOf":{"@id":"https:\/\/www.anovapeneira.gal\/index.php\/2023\/09\/19\/a-politica-na-caniza\/"},"author":{"name":"Artigos Opini\u00f3n","@id":"https:\/\/www.anovapeneira.gal\/#\/schema\/person\/f18a4feb302e8f20bcef4490b5b60bb3"},"headline":"A pol\u00edtica na Caniza","datePublished":"2023-09-19T10:00:45+00:00","mainEntityOfPage":{"@id":"https:\/\/www.anovapeneira.gal\/index.php\/2023\/09\/19\/a-politica-na-caniza\/"},"wordCount":618,"commentCount":0,"publisher":{"@id":"https:\/\/www.anovapeneira.gal\/#organization"},"image":{"@id":"https:\/\/www.anovapeneira.gal\/index.php\/2023\/09\/19\/a-politica-na-caniza\/#primaryimage"},"thumbnailUrl":"https:\/\/www.anovapeneira.gal\/wp-content\/uploads\/2019\/07\/ARTIGO_DE_OPINION_A_NOVA_PENEIRA.jpg","keywords":["Concello da Ca\u00f1iza","Trini Labaca"],"articleSection":["Artigos de opini\u00f3n"],"inLanguage":"gl-ES","potentialAction":[{"@type":"CommentAction","name":"Comment","target":["https:\/\/www.anovapeneira.gal\/index.php\/2023\/09\/19\/a-politica-na-caniza\/#respond"]}]},{"@type":"WebPage","@id":"https:\/\/www.anovapeneira.gal\/index.php\/2023\/09\/19\/a-politica-na-caniza\/","url":"https:\/\/www.anovapeneira.gal\/index.php\/2023\/09\/19\/a-politica-na-caniza\/","name":"A pol\u00edtica na Caniza -","isPartOf":{"@id":"https:\/\/www.anovapeneira.gal\/#website"},"primaryImageOfPage":{"@id":"https:\/\/www.anovapeneira.gal\/index.php\/2023\/09\/19\/a-politica-na-caniza\/#primaryimage"},"image":{"@id":"https:\/\/www.anovapeneira.gal\/index.php\/2023\/09\/19\/a-politica-na-caniza\/#primaryimage"},"thumbnailUrl":"https:\/\/www.anovapeneira.gal\/wp-content\/uploads\/2019\/07\/ARTIGO_DE_OPINION_A_NOVA_PENEIRA.jpg","datePublished":"2023-09-19T10:00:45+00:00","description":"Para poder entender a actual situaci\u00f3n pol\u00edtica no Concello da Caniza, capital da Comarca da Paradanta, debemos facer unha breve retrospectiva, e tratar de imaxinar o esperanzador futuro desta vila","breadcrumb":{"@id":"https:\/\/www.anovapeneira.gal\/index.php\/2023\/09\/19\/a-politica-na-caniza\/#breadcrumb"},"inLanguage":"gl-ES","potentialAction":[{"@type":"ReadAction","target":["https:\/\/www.anovapeneira.gal\/index.php\/2023\/09\/19\/a-politica-na-caniza\/"]}]},{"@type":"ImageObject","inLanguage":"gl-ES","@id":"https:\/\/www.anovapeneira.gal\/index.php\/2023\/09\/19\/a-politica-na-caniza\/#primaryimage","url":"https:\/\/www.anovapeneira.gal\/wp-content\/uploads\/2019\/07\/ARTIGO_DE_OPINION_A_NOVA_PENEIRA.jpg","contentUrl":"https:\/\/www.anovapeneira.gal\/wp-content\/uploads\/2019\/07\/ARTIGO_DE_OPINION_A_NOVA_PENEIRA.jpg","width":720,"height":473,"caption":"Artigo de opini\u00f3n A Nova Peneira"},{"@type":"BreadcrumbList","@id":"https:\/\/www.anovapeneira.gal\/index.php\/2023\/09\/19\/a-politica-na-caniza\/#breadcrumb","itemListElement":[{"@type":"ListItem","position":1,"name":"Portada","item":"https:\/\/www.anovapeneira.gal\/"},{"@type":"ListItem","position":2,"name":"A pol\u00edtica na Caniza"}]},{"@type":"WebSite","@id":"https:\/\/www.anovapeneira.gal\/#website","url":"https:\/\/www.anovapeneira.gal\/","name":"","description":"Xornal galego de informaci\u00f3n xeral Publicaci\u00f3n mensual de novas de Galicia e en especial dos Concellos da sur da provincia de Pontevedra.","publisher":{"@id":"https:\/\/www.anovapeneira.gal\/#organization"},"potentialAction":[{"@type":"SearchAction","target":{"@type":"EntryPoint","urlTemplate":"https:\/\/www.anovapeneira.gal\/?s={search_term_string}"},"query-input":{"@type":"PropertyValueSpecification","valueRequired":true,"valueName":"search_term_string"}}],"inLanguage":"gl-ES"},{"@type":"Organization","@id":"https:\/\/www.anovapeneira.gal\/#organization","name":"A Nova Peneira","url":"https:\/\/www.anovapeneira.gal\/","logo":{"@type":"ImageObject","inLanguage":"gl-ES","@id":"https:\/\/www.anovapeneira.gal\/#\/schema\/logo\/image\/","url":"http:\/\/www.anovapeneira.gal\/wp-content\/uploads\/2019\/06\/logo_a_nova_peneira_portal_web.png","contentUrl":"http:\/\/www.anovapeneira.gal\/wp-content\/uploads\/2019\/06\/logo_a_nova_peneira_portal_web.png","width":300,"height":100,"caption":"A Nova Peneira"},"image":{"@id":"https:\/\/www.anovapeneira.gal\/#\/schema\/logo\/image\/"},"sameAs":["https:\/\/www.facebook.com\/anovapeneira","https:\/\/x.com\/APeneira"]},{"@type":"Person","@id":"https:\/\/www.anovapeneira.gal\/#\/schema\/person\/f18a4feb302e8f20bcef4490b5b60bb3","name":"Artigos Opini\u00f3n","image":{"@type":"ImageObject","inLanguage":"gl-ES","@id":"https:\/\/secure.gravatar.com\/avatar\/072844300f4881150aee2da4278f7a65d16eefdf8262eb67085f1e702de2b959?s=96&d=mm&r=g","url":"https:\/\/secure.gravatar.com\/avatar\/072844300f4881150aee2da4278f7a65d16eefdf8262eb67085f1e702de2b959?s=96&d=mm&r=g","contentUrl":"https:\/\/secure.gravatar.com\/avatar\/072844300f4881150aee2da4278f7a65d16eefdf8262eb67085f1e702de2b959?s=96&d=mm&r=g","caption":"Artigos Opini\u00f3n"},"sameAs":["http:\/\/anovapeneira.gal"],"url":"https:\/\/www.anovapeneira.gal\/index.php\/author\/artigosopinion\/"}]}},"jetpack_featured_media_url":"https:\/\/www.anovapeneira.gal\/wp-content\/uploads\/2019\/07\/ARTIGO_DE_OPINION_A_NOVA_PENEIRA.jpg","_links":{"self":[{"href":"https:\/\/www.anovapeneira.gal\/index.php\/wp-json\/wp\/v2\/posts\/10437","targetHints":{"allow":["GET"]}}],"collection":[{"href":"https:\/\/www.anovapeneira.gal\/index.php\/wp-json\/wp\/v2\/posts"}],"about":[{"href":"https:\/\/www.anovapeneira.gal\/index.php\/wp-json\/wp\/v2\/types\/post"}],"author":[{"embeddable":true,"href":"https:\/\/www.anovapeneira.gal\/index.php\/wp-json\/wp\/v2\/users\/12"}],"replies":[{"embeddable":true,"href":"https:\/\/www.anovapeneira.gal\/index.php\/wp-json\/wp\/v2\/comments?post=10437"}],"version-history":[{"count":2,"href":"https:\/\/www.anovapeneira.gal\/index.php\/wp-json\/wp\/v2\/posts\/10437\/revisions"}],"predecessor-version":[{"id":10441,"href":"https:\/\/www.anovapeneira.gal\/index.php\/wp-json\/wp\/v2\/posts\/10437\/revisions\/10441"}],"wp:featuredmedia":[{"embeddable":true,"href":"https:\/\/www.anovapeneira.gal\/index.php\/wp-json\/wp\/v2\/media\/584"}],"wp:attachment":[{"href":"https:\/\/www.anovapeneira.gal\/index.php\/wp-json\/wp\/v2\/media?parent=10437"}],"wp:term":[{"taxonomy":"category","embeddable":true,"href":"https:\/\/www.anovapeneira.gal\/index.php\/wp-json\/wp\/v2\/categories?post=10437"},{"taxonomy":"post_tag","embeddable":true,"href":"https:\/\/www.anovapeneira.gal\/index.php\/wp-json\/wp\/v2\/tags?post=10437"}],"curies":[{"name":"wp","href":"https:\/\/api.w.org\/{rel}","templated":true}]}}