{"id":10446,"date":"2023-09-20T10:00:42","date_gmt":"2023-09-20T08:00:42","guid":{"rendered":"https:\/\/www.anovapeneira.gal\/?p=10446"},"modified":"2023-09-19T09:40:58","modified_gmt":"2023-09-19T07:40:58","slug":"efecto-boomerang","status":"publish","type":"post","link":"https:\/\/www.anovapeneira.gal\/index.php\/2023\/09\/20\/efecto-boomerang\/","title":{"rendered":"Efecto boomerang"},"content":{"rendered":"\n<pre class=\"wp-block-verse\">Marta Rodr\u00edguez M\u00e1rquez, Secretaria do PP de A Ca\u00f1iza<\/pre>\n\n\n\n<p>Rec\u00e9n estreado Setembro, e despois de decantar os resultados das \u00faltimas elecci\u00f3ns municipais, vai sendo hora de darlle un pensamento \u00e1 situaci\u00f3n actual.<\/p>\n\n\n\n<p>A\u00ednda que a sesi\u00f3n de constituci\u00f3n do goberno municipal, fai pouco que se ten celebrado, a maquinaria de cara aos seguintes comicios, xa est\u00e1 posta en marcha.<\/p>\n\n\n\n<p>Pero, comenzaremos falando primeiro do momento pre votaci\u00f3ns, cando todos os candidatos puxeron as s\u00faas cartas enriba da mesa, uns todas, outros con algunhas cartas voltas e outros, que se tivesen agochado algunha igual lles ter\u00eda ido de outra maneira.<\/p>\n\n\n\n<p>A candidatura do goberno socialista, conseguiu cun s\u00f3 discurso dunha d\u00e9beda herdada, que nunca demostrou, superar en votos \u00e1 candidatura do PP local formada por persoas todas elas con experiencia de xesti\u00f3n e implicaci\u00f3n social, e un programa tan ambicioso, que de levarse a cabo, ter\u00eda marcado un antes e un despois en calquera vila semellante.<\/p>\n\n\n\n<p>Desde o Partido Popular, deberemos iniciar agora una \u00e9poca de reflexi\u00f3n, para identificar erros e formular unha estratexia m\u00e1is forte e menos vehemente. Vehemencia que, por outra banda, alimentaron os propios veci\u00f1os nas r\u00faas, que fartos da situaci\u00f3n e anoxados coa xesti\u00f3n municipal do PSOE, non ocultaron o seu rexeitamento cara o alcalde, cara ao seu equipo e o seu socio.<\/p>\n\n\n\n<p>Tampouco houbo unha fronte nacionalista que fixese a m\u00e1is m\u00ednima forza para conseguir transvasar alg\u00fan voto da esquerda, xa que o BNG improvisou unha lista no \u00faltimo momento e deixou aos seus integrantes sen apenas apoio e sen unha folla de ruta que levar a cabo. Motivo suficiente para reformular se unha futura candidatura ter\u00eda cabida na seguinte campa\u00f1a.<\/p>\n\n\n\n<p>Pero, se hai un partido que debe sentarse e analizar en detalle a situaci\u00f3n de cara ao mandato dos pr\u00f3ximos catro anos e de cara \u00e1s pr\u00f3ximas elecci\u00f3n, \u00e9 o partido socialista. Porque hai ocasi\u00f3ns nas que apuntas ao aire e o tiro d\u00e1che no p\u00e9, ou lanzas un boomerang \u00e9 venche directo \u00e1 cabeza, e disto pode ser un bo exemplo o actual alcalde da Ca\u00f1iza.<\/p>\n\n\n\n<p>Un candidato que afirmaba a existencia dunha d\u00e9beda da que nunca publicou ning\u00fan documento que a avalase e que daba conta da mala xesti\u00f3n dun rexedor ao que nunca levou ante a xustiza, agora volve a ser alcalde e \u00e9 el o que si que se atopa investigado polo xulgado por un posible delito de prevaricaci\u00f3n administrativa, arrisc\u00e1ndose a una posible inhabilitaci\u00f3n, e el s\u00ed que \u00e9 o que ten unha situaci\u00f3n econ\u00f3mica que pasa por ter as contas municipais embargadas polo Estado e sufrindo retenci\u00f3ns de ata o 50% nas aportaci\u00f3ns mensuais, por pr\u00e9stamos bancarios que firmou por valor de varios mill\u00f3n de euros, e por, segundo reza un dos \u00faltimos informes do interventor municipal <em>\u201chai que ter en conta os problemas actu\u00e1is de endebedamento financeiro e a imposibilidade de cubrir os gastos correntes da Entidade Local, ante as <\/em><em><strong>fortes inversi\u00f3ns acometidas polo goberno municipal<\/strong><\/em><em>\u2026\u201d,<\/em><\/p>\n\n\n\n<p>Pouco ou nada queda daquela \u201cd\u00e9beda cero\u201d coa que encheu as p\u00e1xinas dos xornais, hai apenas uns meses.<\/p>\n\n\n\n<p>E digo ben, cando afirmo que \u00e9 o partido que m\u00e1is exercicio de reflexi\u00f3n ten que facer, porque debe explicarlle aos seus votantes e ao resto dos veci\u00f1os, por que a d\u00e9beda cero tan s\u00f3 foi un xogo de palabras e por que mentres o Estado embargaba as contas do concello, o alcalde se sub\u00eda o soldo ata en cinco ocasi\u00f3ns.<\/p>\n\n\n\n<p>A\u00ednda que, a reflexi\u00f3n m\u00e1is importante t\u00e9mola que facer os votantes, porque <em>\u201cPolo mar corren as lebres, polo monte as sardi\u00f1as\u201d, antes era \u201ctralar\u00e1\u201d, e agora non cuestionamos nada.<\/em><\/p>\n\n\n\n<p>Desfrutemos do votado e que nos collan ben confesados!<\/p>\n","protected":false},"excerpt":{"rendered":"<div class=\"mh-excerpt\"><p>Rec\u00e9n estreado Setembro, e despois de decantar os resultados das \u00faltimas elecci\u00f3ns municipais, vai sendo hora de darlle un pensamento \u00e1 situaci\u00f3n actual. <a class=\"mh-excerpt-more\" href=\"https:\/\/www.anovapeneira.gal\/index.php\/2023\/09\/20\/efecto-boomerang\/\" title=\"Efecto boomerang\">[&#8230;]<\/a><\/p>\n<\/div>","protected":false},"author":3,"featured_media":10448,"comment_status":"open","ping_status":"open","sticky":false,"template":"","format":"standard","meta":{"_exactmetrics_skip_tracking":false,"_exactmetrics_sitenote_active":false,"_exactmetrics_sitenote_note":"","_exactmetrics_sitenote_category":0,"footnotes":""},"categories":[7],"tags":[867],"class_list":{"0":"post-10446","1":"post","2":"type-post","3":"status-publish","4":"format-standard","5":"has-post-thumbnail","7":"category-artigos-de-opinion","8":"tag-concello-da-caniza"},"yoast_head":"<!-- This site is optimized with the Yoast SEO plugin v27.4 - https:\/\/yoast.com\/product\/yoast-seo-wordpress\/ -->\n<title>Efecto boomerang -<\/title>\n<meta name=\"description\" content=\"Rec\u00e9n estreado Setembro, e despois de decantar os resultados das \u00faltimas elecci\u00f3ns municipais, vai sendo hora de darlle un pensamento \u00e1 situaci\u00f3n actual.\" \/>\n<meta name=\"robots\" content=\"index, follow, max-snippet:-1, max-image-preview:large, max-video-preview:-1\" \/>\n<link rel=\"canonical\" href=\"https:\/\/www.anovapeneira.gal\/index.php\/2023\/09\/20\/efecto-boomerang\/\" \/>\n<meta property=\"og:locale\" content=\"gl_ES\" \/>\n<meta property=\"og:type\" content=\"article\" \/>\n<meta property=\"og:title\" content=\"Efecto boomerang -\" \/>\n<meta property=\"og:description\" content=\"Rec\u00e9n estreado Setembro, e despois de decantar os resultados das \u00faltimas elecci\u00f3ns municipais, vai sendo hora de darlle un pensamento \u00e1 situaci\u00f3n actual.\" \/>\n<meta property=\"og:url\" content=\"https:\/\/www.anovapeneira.gal\/index.php\/2023\/09\/20\/efecto-boomerang\/\" \/>\n<meta property=\"article:publisher\" content=\"https:\/\/www.facebook.com\/anovapeneira\" \/>\n<meta property=\"article:published_time\" content=\"2023-09-20T08:00:42+00:00\" \/>\n<meta property=\"og:image\" content=\"https:\/\/www.anovapeneira.gal\/wp-content\/uploads\/2023\/09\/marta_pp_caniza.jpg\" \/>\n\t<meta property=\"og:image:width\" content=\"720\" \/>\n\t<meta property=\"og:image:height\" content=\"432\" \/>\n\t<meta property=\"og:image:type\" content=\"image\/jpeg\" \/>\n<meta name=\"author\" content=\"Redacci\u00f3n A Nova Peneira\" \/>\n<meta name=\"twitter:card\" content=\"summary_large_image\" \/>\n<meta name=\"twitter:creator\" content=\"@APeneira\" \/>\n<meta name=\"twitter:site\" content=\"@APeneira\" \/>\n<meta name=\"twitter:label1\" content=\"Escrito por\" \/>\n\t<meta name=\"twitter:data1\" content=\"Redacci\u00f3n A Nova Peneira\" \/>\n\t<meta name=\"twitter:label2\" content=\"Tempo de lectura\" \/>\n\t<meta name=\"twitter:data2\" content=\"4 minutos\" \/>\n<script type=\"application\/ld+json\" class=\"yoast-schema-graph\">{\"@context\":\"https:\\\/\\\/schema.org\",\"@graph\":[{\"@type\":\"Article\",\"@id\":\"https:\\\/\\\/www.anovapeneira.gal\\\/index.php\\\/2023\\\/09\\\/20\\\/efecto-boomerang\\\/#article\",\"isPartOf\":{\"@id\":\"https:\\\/\\\/www.anovapeneira.gal\\\/index.php\\\/2023\\\/09\\\/20\\\/efecto-boomerang\\\/\"},\"author\":{\"name\":\"Redacci\u00f3n A Nova Peneira\",\"@id\":\"https:\\\/\\\/www.anovapeneira.gal\\\/#\\\/schema\\\/person\\\/b93e3f8932e3f8da96334607eb6ac6aa\"},\"headline\":\"Efecto boomerang\",\"datePublished\":\"2023-09-20T08:00:42+00:00\",\"mainEntityOfPage\":{\"@id\":\"https:\\\/\\\/www.anovapeneira.gal\\\/index.php\\\/2023\\\/09\\\/20\\\/efecto-boomerang\\\/\"},\"wordCount\":647,\"commentCount\":0,\"publisher\":{\"@id\":\"https:\\\/\\\/www.anovapeneira.gal\\\/#organization\"},\"image\":{\"@id\":\"https:\\\/\\\/www.anovapeneira.gal\\\/index.php\\\/2023\\\/09\\\/20\\\/efecto-boomerang\\\/#primaryimage\"},\"thumbnailUrl\":\"https:\\\/\\\/www.anovapeneira.gal\\\/wp-content\\\/uploads\\\/2023\\\/09\\\/marta_pp_caniza.jpg\",\"keywords\":[\"Concello da Ca\u00f1iza\"],\"articleSection\":[\"Artigos de opini\u00f3n\"],\"inLanguage\":\"gl-ES\",\"potentialAction\":[{\"@type\":\"CommentAction\",\"name\":\"Comment\",\"target\":[\"https:\\\/\\\/www.anovapeneira.gal\\\/index.php\\\/2023\\\/09\\\/20\\\/efecto-boomerang\\\/#respond\"]}]},{\"@type\":\"WebPage\",\"@id\":\"https:\\\/\\\/www.anovapeneira.gal\\\/index.php\\\/2023\\\/09\\\/20\\\/efecto-boomerang\\\/\",\"url\":\"https:\\\/\\\/www.anovapeneira.gal\\\/index.php\\\/2023\\\/09\\\/20\\\/efecto-boomerang\\\/\",\"name\":\"Efecto boomerang -\",\"isPartOf\":{\"@id\":\"https:\\\/\\\/www.anovapeneira.gal\\\/#website\"},\"primaryImageOfPage\":{\"@id\":\"https:\\\/\\\/www.anovapeneira.gal\\\/index.php\\\/2023\\\/09\\\/20\\\/efecto-boomerang\\\/#primaryimage\"},\"image\":{\"@id\":\"https:\\\/\\\/www.anovapeneira.gal\\\/index.php\\\/2023\\\/09\\\/20\\\/efecto-boomerang\\\/#primaryimage\"},\"thumbnailUrl\":\"https:\\\/\\\/www.anovapeneira.gal\\\/wp-content\\\/uploads\\\/2023\\\/09\\\/marta_pp_caniza.jpg\",\"datePublished\":\"2023-09-20T08:00:42+00:00\",\"description\":\"Rec\u00e9n estreado Setembro, e despois de decantar os resultados das \u00faltimas elecci\u00f3ns municipais, vai sendo hora de darlle un pensamento \u00e1 situaci\u00f3n actual.\",\"breadcrumb\":{\"@id\":\"https:\\\/\\\/www.anovapeneira.gal\\\/index.php\\\/2023\\\/09\\\/20\\\/efecto-boomerang\\\/#breadcrumb\"},\"inLanguage\":\"gl-ES\",\"potentialAction\":[{\"@type\":\"ReadAction\",\"target\":[\"https:\\\/\\\/www.anovapeneira.gal\\\/index.php\\\/2023\\\/09\\\/20\\\/efecto-boomerang\\\/\"]}]},{\"@type\":\"ImageObject\",\"inLanguage\":\"gl-ES\",\"@id\":\"https:\\\/\\\/www.anovapeneira.gal\\\/index.php\\\/2023\\\/09\\\/20\\\/efecto-boomerang\\\/#primaryimage\",\"url\":\"https:\\\/\\\/www.anovapeneira.gal\\\/wp-content\\\/uploads\\\/2023\\\/09\\\/marta_pp_caniza.jpg\",\"contentUrl\":\"https:\\\/\\\/www.anovapeneira.gal\\\/wp-content\\\/uploads\\\/2023\\\/09\\\/marta_pp_caniza.jpg\",\"width\":720,\"height\":432,\"caption\":\"Marta Rodr\u00edguez M\u00e1rquez Secretaria do PP de A Ca\u00f1iza\"},{\"@type\":\"BreadcrumbList\",\"@id\":\"https:\\\/\\\/www.anovapeneira.gal\\\/index.php\\\/2023\\\/09\\\/20\\\/efecto-boomerang\\\/#breadcrumb\",\"itemListElement\":[{\"@type\":\"ListItem\",\"position\":1,\"name\":\"Portada\",\"item\":\"https:\\\/\\\/www.anovapeneira.gal\\\/\"},{\"@type\":\"ListItem\",\"position\":2,\"name\":\"Efecto boomerang\"}]},{\"@type\":\"WebSite\",\"@id\":\"https:\\\/\\\/www.anovapeneira.gal\\\/#website\",\"url\":\"https:\\\/\\\/www.anovapeneira.gal\\\/\",\"name\":\"\",\"description\":\"Xornal galego de informaci\u00f3n xeral Publicaci\u00f3n mensual de novas de Galicia e en especial dos Concellos da sur da provincia de Pontevedra.\",\"publisher\":{\"@id\":\"https:\\\/\\\/www.anovapeneira.gal\\\/#organization\"},\"potentialAction\":[{\"@type\":\"SearchAction\",\"target\":{\"@type\":\"EntryPoint\",\"urlTemplate\":\"https:\\\/\\\/www.anovapeneira.gal\\\/?s={search_term_string}\"},\"query-input\":{\"@type\":\"PropertyValueSpecification\",\"valueRequired\":true,\"valueName\":\"search_term_string\"}}],\"inLanguage\":\"gl-ES\"},{\"@type\":\"Organization\",\"@id\":\"https:\\\/\\\/www.anovapeneira.gal\\\/#organization\",\"name\":\"A Nova Peneira\",\"url\":\"https:\\\/\\\/www.anovapeneira.gal\\\/\",\"logo\":{\"@type\":\"ImageObject\",\"inLanguage\":\"gl-ES\",\"@id\":\"https:\\\/\\\/www.anovapeneira.gal\\\/#\\\/schema\\\/logo\\\/image\\\/\",\"url\":\"http:\\\/\\\/www.anovapeneira.gal\\\/wp-content\\\/uploads\\\/2019\\\/06\\\/logo_a_nova_peneira_portal_web.png\",\"contentUrl\":\"http:\\\/\\\/www.anovapeneira.gal\\\/wp-content\\\/uploads\\\/2019\\\/06\\\/logo_a_nova_peneira_portal_web.png\",\"width\":300,\"height\":100,\"caption\":\"A Nova Peneira\"},\"image\":{\"@id\":\"https:\\\/\\\/www.anovapeneira.gal\\\/#\\\/schema\\\/logo\\\/image\\\/\"},\"sameAs\":[\"https:\\\/\\\/www.facebook.com\\\/anovapeneira\",\"https:\\\/\\\/x.com\\\/APeneira\"]},{\"@type\":\"Person\",\"@id\":\"https:\\\/\\\/www.anovapeneira.gal\\\/#\\\/schema\\\/person\\\/b93e3f8932e3f8da96334607eb6ac6aa\",\"name\":\"Redacci\u00f3n A Nova Peneira\",\"image\":{\"@type\":\"ImageObject\",\"inLanguage\":\"gl-ES\",\"@id\":\"https:\\\/\\\/secure.gravatar.com\\\/avatar\\\/c052a2551a06e23fac63626232eaa90abd78dbcf1700fc46a2b2c89fd27b735f?s=96&d=mm&r=g\",\"url\":\"https:\\\/\\\/secure.gravatar.com\\\/avatar\\\/c052a2551a06e23fac63626232eaa90abd78dbcf1700fc46a2b2c89fd27b735f?s=96&d=mm&r=g\",\"contentUrl\":\"https:\\\/\\\/secure.gravatar.com\\\/avatar\\\/c052a2551a06e23fac63626232eaa90abd78dbcf1700fc46a2b2c89fd27b735f?s=96&d=mm&r=g\",\"caption\":\"Redacci\u00f3n A Nova Peneira\"},\"sameAs\":[\"http:\\\/\\\/www.anovapeneira.gal\\\/\"],\"url\":\"https:\\\/\\\/www.anovapeneira.gal\\\/index.php\\\/author\\\/redactor\\\/\"}]}<\/script>\n<!-- \/ Yoast SEO plugin. -->","yoast_head_json":{"title":"Efecto boomerang -","description":"Rec\u00e9n estreado Setembro, e despois de decantar os resultados das \u00faltimas elecci\u00f3ns municipais, vai sendo hora de darlle un pensamento \u00e1 situaci\u00f3n actual.","robots":{"index":"index","follow":"follow","max-snippet":"max-snippet:-1","max-image-preview":"max-image-preview:large","max-video-preview":"max-video-preview:-1"},"canonical":"https:\/\/www.anovapeneira.gal\/index.php\/2023\/09\/20\/efecto-boomerang\/","og_locale":"gl_ES","og_type":"article","og_title":"Efecto boomerang -","og_description":"Rec\u00e9n estreado Setembro, e despois de decantar os resultados das \u00faltimas elecci\u00f3ns municipais, vai sendo hora de darlle un pensamento \u00e1 situaci\u00f3n actual.","og_url":"https:\/\/www.anovapeneira.gal\/index.php\/2023\/09\/20\/efecto-boomerang\/","article_publisher":"https:\/\/www.facebook.com\/anovapeneira","article_published_time":"2023-09-20T08:00:42+00:00","og_image":[{"width":720,"height":432,"url":"https:\/\/www.anovapeneira.gal\/wp-content\/uploads\/2023\/09\/marta_pp_caniza.jpg","type":"image\/jpeg"}],"author":"Redacci\u00f3n A Nova Peneira","twitter_card":"summary_large_image","twitter_creator":"@APeneira","twitter_site":"@APeneira","twitter_misc":{"Escrito por":"Redacci\u00f3n A Nova Peneira","Tempo de lectura":"4 minutos"},"schema":{"@context":"https:\/\/schema.org","@graph":[{"@type":"Article","@id":"https:\/\/www.anovapeneira.gal\/index.php\/2023\/09\/20\/efecto-boomerang\/#article","isPartOf":{"@id":"https:\/\/www.anovapeneira.gal\/index.php\/2023\/09\/20\/efecto-boomerang\/"},"author":{"name":"Redacci\u00f3n A Nova Peneira","@id":"https:\/\/www.anovapeneira.gal\/#\/schema\/person\/b93e3f8932e3f8da96334607eb6ac6aa"},"headline":"Efecto boomerang","datePublished":"2023-09-20T08:00:42+00:00","mainEntityOfPage":{"@id":"https:\/\/www.anovapeneira.gal\/index.php\/2023\/09\/20\/efecto-boomerang\/"},"wordCount":647,"commentCount":0,"publisher":{"@id":"https:\/\/www.anovapeneira.gal\/#organization"},"image":{"@id":"https:\/\/www.anovapeneira.gal\/index.php\/2023\/09\/20\/efecto-boomerang\/#primaryimage"},"thumbnailUrl":"https:\/\/www.anovapeneira.gal\/wp-content\/uploads\/2023\/09\/marta_pp_caniza.jpg","keywords":["Concello da Ca\u00f1iza"],"articleSection":["Artigos de opini\u00f3n"],"inLanguage":"gl-ES","potentialAction":[{"@type":"CommentAction","name":"Comment","target":["https:\/\/www.anovapeneira.gal\/index.php\/2023\/09\/20\/efecto-boomerang\/#respond"]}]},{"@type":"WebPage","@id":"https:\/\/www.anovapeneira.gal\/index.php\/2023\/09\/20\/efecto-boomerang\/","url":"https:\/\/www.anovapeneira.gal\/index.php\/2023\/09\/20\/efecto-boomerang\/","name":"Efecto boomerang -","isPartOf":{"@id":"https:\/\/www.anovapeneira.gal\/#website"},"primaryImageOfPage":{"@id":"https:\/\/www.anovapeneira.gal\/index.php\/2023\/09\/20\/efecto-boomerang\/#primaryimage"},"image":{"@id":"https:\/\/www.anovapeneira.gal\/index.php\/2023\/09\/20\/efecto-boomerang\/#primaryimage"},"thumbnailUrl":"https:\/\/www.anovapeneira.gal\/wp-content\/uploads\/2023\/09\/marta_pp_caniza.jpg","datePublished":"2023-09-20T08:00:42+00:00","description":"Rec\u00e9n estreado Setembro, e despois de decantar os resultados das \u00faltimas elecci\u00f3ns municipais, vai sendo hora de darlle un pensamento \u00e1 situaci\u00f3n actual.","breadcrumb":{"@id":"https:\/\/www.anovapeneira.gal\/index.php\/2023\/09\/20\/efecto-boomerang\/#breadcrumb"},"inLanguage":"gl-ES","potentialAction":[{"@type":"ReadAction","target":["https:\/\/www.anovapeneira.gal\/index.php\/2023\/09\/20\/efecto-boomerang\/"]}]},{"@type":"ImageObject","inLanguage":"gl-ES","@id":"https:\/\/www.anovapeneira.gal\/index.php\/2023\/09\/20\/efecto-boomerang\/#primaryimage","url":"https:\/\/www.anovapeneira.gal\/wp-content\/uploads\/2023\/09\/marta_pp_caniza.jpg","contentUrl":"https:\/\/www.anovapeneira.gal\/wp-content\/uploads\/2023\/09\/marta_pp_caniza.jpg","width":720,"height":432,"caption":"Marta Rodr\u00edguez M\u00e1rquez Secretaria do PP de A Ca\u00f1iza"},{"@type":"BreadcrumbList","@id":"https:\/\/www.anovapeneira.gal\/index.php\/2023\/09\/20\/efecto-boomerang\/#breadcrumb","itemListElement":[{"@type":"ListItem","position":1,"name":"Portada","item":"https:\/\/www.anovapeneira.gal\/"},{"@type":"ListItem","position":2,"name":"Efecto boomerang"}]},{"@type":"WebSite","@id":"https:\/\/www.anovapeneira.gal\/#website","url":"https:\/\/www.anovapeneira.gal\/","name":"","description":"Xornal galego de informaci\u00f3n xeral Publicaci\u00f3n mensual de novas de Galicia e en especial dos Concellos da sur da provincia de Pontevedra.","publisher":{"@id":"https:\/\/www.anovapeneira.gal\/#organization"},"potentialAction":[{"@type":"SearchAction","target":{"@type":"EntryPoint","urlTemplate":"https:\/\/www.anovapeneira.gal\/?s={search_term_string}"},"query-input":{"@type":"PropertyValueSpecification","valueRequired":true,"valueName":"search_term_string"}}],"inLanguage":"gl-ES"},{"@type":"Organization","@id":"https:\/\/www.anovapeneira.gal\/#organization","name":"A Nova Peneira","url":"https:\/\/www.anovapeneira.gal\/","logo":{"@type":"ImageObject","inLanguage":"gl-ES","@id":"https:\/\/www.anovapeneira.gal\/#\/schema\/logo\/image\/","url":"http:\/\/www.anovapeneira.gal\/wp-content\/uploads\/2019\/06\/logo_a_nova_peneira_portal_web.png","contentUrl":"http:\/\/www.anovapeneira.gal\/wp-content\/uploads\/2019\/06\/logo_a_nova_peneira_portal_web.png","width":300,"height":100,"caption":"A Nova Peneira"},"image":{"@id":"https:\/\/www.anovapeneira.gal\/#\/schema\/logo\/image\/"},"sameAs":["https:\/\/www.facebook.com\/anovapeneira","https:\/\/x.com\/APeneira"]},{"@type":"Person","@id":"https:\/\/www.anovapeneira.gal\/#\/schema\/person\/b93e3f8932e3f8da96334607eb6ac6aa","name":"Redacci\u00f3n A Nova Peneira","image":{"@type":"ImageObject","inLanguage":"gl-ES","@id":"https:\/\/secure.gravatar.com\/avatar\/c052a2551a06e23fac63626232eaa90abd78dbcf1700fc46a2b2c89fd27b735f?s=96&d=mm&r=g","url":"https:\/\/secure.gravatar.com\/avatar\/c052a2551a06e23fac63626232eaa90abd78dbcf1700fc46a2b2c89fd27b735f?s=96&d=mm&r=g","contentUrl":"https:\/\/secure.gravatar.com\/avatar\/c052a2551a06e23fac63626232eaa90abd78dbcf1700fc46a2b2c89fd27b735f?s=96&d=mm&r=g","caption":"Redacci\u00f3n A Nova Peneira"},"sameAs":["http:\/\/www.anovapeneira.gal\/"],"url":"https:\/\/www.anovapeneira.gal\/index.php\/author\/redactor\/"}]}},"jetpack_featured_media_url":"https:\/\/www.anovapeneira.gal\/wp-content\/uploads\/2023\/09\/marta_pp_caniza.jpg","_links":{"self":[{"href":"https:\/\/www.anovapeneira.gal\/index.php\/wp-json\/wp\/v2\/posts\/10446","targetHints":{"allow":["GET"]}}],"collection":[{"href":"https:\/\/www.anovapeneira.gal\/index.php\/wp-json\/wp\/v2\/posts"}],"about":[{"href":"https:\/\/www.anovapeneira.gal\/index.php\/wp-json\/wp\/v2\/types\/post"}],"author":[{"embeddable":true,"href":"https:\/\/www.anovapeneira.gal\/index.php\/wp-json\/wp\/v2\/users\/3"}],"replies":[{"embeddable":true,"href":"https:\/\/www.anovapeneira.gal\/index.php\/wp-json\/wp\/v2\/comments?post=10446"}],"version-history":[{"count":2,"href":"https:\/\/www.anovapeneira.gal\/index.php\/wp-json\/wp\/v2\/posts\/10446\/revisions"}],"predecessor-version":[{"id":10449,"href":"https:\/\/www.anovapeneira.gal\/index.php\/wp-json\/wp\/v2\/posts\/10446\/revisions\/10449"}],"wp:featuredmedia":[{"embeddable":true,"href":"https:\/\/www.anovapeneira.gal\/index.php\/wp-json\/wp\/v2\/media\/10448"}],"wp:attachment":[{"href":"https:\/\/www.anovapeneira.gal\/index.php\/wp-json\/wp\/v2\/media?parent=10446"}],"wp:term":[{"taxonomy":"category","embeddable":true,"href":"https:\/\/www.anovapeneira.gal\/index.php\/wp-json\/wp\/v2\/categories?post=10446"},{"taxonomy":"post_tag","embeddable":true,"href":"https:\/\/www.anovapeneira.gal\/index.php\/wp-json\/wp\/v2\/tags?post=10446"}],"curies":[{"name":"wp","href":"https:\/\/api.w.org\/{rel}","templated":true}]}}