{"id":10453,"date":"2023-09-21T10:00:31","date_gmt":"2023-09-21T08:00:31","guid":{"rendered":"https:\/\/www.anovapeneira.gal\/?p=10453"},"modified":"2023-09-21T21:28:51","modified_gmt":"2023-09-21T19:28:51","slug":"alex-e-christian-sierpes-atletas-da-sociedade-atletica-do-trega-de-a-guarda","status":"publish","type":"post","link":"https:\/\/www.anovapeneira.gal\/index.php\/2023\/09\/21\/alex-e-christian-sierpes-atletas-da-sociedade-atletica-do-trega-de-a-guarda\/","title":{"rendered":"\u00c1lex e Christian Sierpes atletas da Sociedade Atl\u00e9tica do Trega de A Guarda"},"content":{"rendered":"\n<p><strong>A familia Sierpes Pereira \u00e9 unha familia profundamente vencellada ao deporte. Xabier, o pai, foi corredor, e Patricia , a nai, foi xogadora de balonm\u00e1n. Ambos est\u00e1n agora en corpo e alma no equipo de atletismo Sociedade Atl\u00e9tica do Trega do que dous dos seus fillos son destacados corredores. Os dous Christian e \u00c1lex realizaron unha moi meritoria temporada, especialmente \u00c1lex con varios campionatos e r\u00e9cords de Espa\u00f1a inclu\u00eddos. Os irm\u00e1ns am\u00f3sanse moi ilusionados por facer carreira profesional no dif\u00edcil mundo do atletismo, e por que non, poder ga\u00f1ar alg\u00fan d\u00eda algunha medalla ol\u00edmpica?. Para min foi un pracer conversar con estes dous mozos: educados, humildes e amables. Na conversa acompa\u00f1\u00e1ronnos Xabier e Patricia, o seu pai e a s\u00faa nai.<\/strong><\/p>\n\n\n\n<p>\u201c <strong>Ga\u00f1ar est\u00e1 moi ben, pero sempre con humildade e respecto para os adversarios\u201d<\/strong><\/p>\n\n\n\n<p><strong>Christian, ti es o irm\u00e1n maior, canto tempo levas metido no atletismo?<\/strong><\/p>\n\n\n\n<blockquote class=\"wp-block-quote is-layout-flow wp-block-quote-is-layout-flow\">\n<p>Levo 11 anos, empecei aos 5.<\/p>\n<\/blockquote>\n\n\n\n<p><strong>Porque te metiches en atletismo?<\/strong><\/p>\n\n\n\n<blockquote class=\"wp-block-quote is-layout-flow wp-block-quote-is-layout-flow\">\n<p>Polo meu pai. El era corredor, deixouno por unha lesi\u00f3n, agora \u00e9 adestrador e foi o art\u00edfice que meteu esta afecci\u00f3n no meu corpo.<\/p>\n<\/blockquote>\n\n\n\n<p><strong>E a t\u00faa nai tam\u00e9n est\u00e1 metida no mundo do atletismo?<\/strong><\/p>\n\n\n\n<blockquote class=\"wp-block-quote is-layout-flow wp-block-quote-is-layout-flow\">\n<p>Si, \u00e9 adestradora tam\u00e9n e foi xogadora de balonm\u00e1n.<\/p>\n<\/blockquote>\n\n\n\n<p><strong>Ent\u00f3n podemos dicir que sodes unha familia moi deportiva?<\/strong><\/p>\n\n\n\n<blockquote class=\"wp-block-quote is-layout-flow wp-block-quote-is-layout-flow\">\n<p>Si.<\/p>\n<\/blockquote>\n\n\n\n<p><strong>En que probas compites Christian?<\/strong><\/p>\n\n\n\n<blockquote class=\"wp-block-quote is-layout-flow wp-block-quote-is-layout-flow\">\n<p>En probas de medio fondo, fondo e Cros.<\/p>\n<\/blockquote>\n\n\n\n<p><strong>Que che gusta m\u00e1is?<\/strong><\/p>\n\n\n\n<blockquote class=\"wp-block-quote is-layout-flow wp-block-quote-is-layout-flow\">\n<p>A min o que m\u00e1is me gusta \u00e9 o Cros.<\/p>\n<\/blockquote>\n\n\n\n<p><strong>Sodes os dous estudantes, en que curso est\u00e1s ti, Christian?<\/strong><\/p>\n\n\n\n<blockquote class=\"wp-block-quote is-layout-flow wp-block-quote-is-layout-flow\">\n<p>Empezo agora primeiro de bacharelato.<\/p>\n<\/blockquote>\n\n\n\n<p><strong>Tes posibilidades ou opci\u00f3ns de dedicarte profesionalmente ao atletismo?<\/strong><\/p>\n\n\n\n<blockquote class=\"wp-block-quote is-layout-flow wp-block-quote-is-layout-flow\">\n<p>Creo que te\u00f1o posibilidades, pero agora estou nunha fase de axudarlle ao meu irm\u00e1n. El ten m\u00e1is posibilidades de ser profesional. Eu son bo, pero tirando a normal, el \u00e9 un crack.<\/p>\n<\/blockquote>\n\n\n\n<p><strong>Podemos dicir ent\u00f3n que Alex \u00e9 \u201c a ostia\u201d?<\/strong><\/p>\n\n\n\n<blockquote class=\"wp-block-quote is-layout-flow wp-block-quote-is-layout-flow\">\n<p>Si, pod\u00e9molo dicir.<\/p>\n<\/blockquote>\n\n\n\n<p><strong>Est\u00e1s de acordo ti con iso, Alex?<\/strong><\/p>\n\n\n\n<blockquote class=\"wp-block-quote is-layout-flow wp-block-quote-is-layout-flow\">\n<p>Ha ha ha ha .Non sei si eu podo dicir iso, coido que son unha persoa humilde. G\u00fastame ga\u00f1ar claro, pero mantendo os p\u00e9s no chan e respectando sempre aos competidores.<\/p>\n<\/blockquote>\n\n\n\n<p><strong>Cantos anos tes, Alex?<\/strong><\/p>\n\n\n\n<blockquote class=\"wp-block-quote is-layout-flow wp-block-quote-is-layout-flow\">\n<p>14. Fago 15 este mes de outubro.<\/p>\n<\/blockquote>\n\n\n\n<p><strong>En que competici\u00f3ns participas ti?<\/strong><\/p>\n\n\n\n<blockquote class=\"wp-block-quote is-layout-flow wp-block-quote-is-layout-flow\">\n<p>Como o meu irm\u00e1n. Medio fondo, fondo e Cros.<\/p>\n<\/blockquote>\n\n\n\n<p><strong>Fixeches moi boa tempada este ano, verdade?<\/strong><\/p>\n\n\n\n<blockquote class=\"wp-block-quote is-layout-flow wp-block-quote-is-layout-flow\">\n<p>Si.<\/p>\n<\/blockquote>\n\n\n\n<p><strong>Que logros conseguiches?<\/strong><\/p>\n\n\n\n<blockquote class=\"wp-block-quote is-layout-flow wp-block-quote-is-layout-flow\">\n<p>Ga\u00f1ei os campionatos galegos e de Espa\u00f1a de Cross . Ga\u00f1ei o campionato galego de 1.000 metros lisos facendo r\u00e9cord galego. Fixen o r\u00e9cord galego de pista cuberta de 3.000.Ga\u00f1ei o campionato de Espa\u00f1a de 3.000 lisos. Tam\u00e9n ga\u00f1ei os campionatos galegos de de Espa\u00f1a de 1.500 obst\u00e1culos facendo r\u00e9cord de Espa\u00f1a&#8230;&#8230;En definitiva foi moi boa temporada, si.<\/p>\n<\/blockquote>\n\n\n\n<p>.<\/p>\n\n\n\n<p><strong>Como te sentiches competindo con xente de f\u00f3ra?<\/strong><\/p>\n\n\n\n<blockquote class=\"wp-block-quote is-layout-flow wp-block-quote-is-layout-flow\">\n<p>Sempre te levas mellor cunhas persoas que con outras, pero non deixan de ser os teus rivais.<\/p>\n<\/blockquote>\n\n\n\n<p><strong>Pregunta para pap\u00e1 e mam\u00e1. Como se financian todas estas viaxes?<\/strong><\/p>\n\n\n\n<blockquote class=\"wp-block-quote is-layout-flow wp-block-quote-is-layout-flow\">\n<p>Somos os pap\u00e1s e mam\u00e1s os que financiamos case ao completo estas viaxes.<\/p>\n<\/blockquote>\n\n\n\n<p><strong>Non tedes ningunha axuda para sufragar estes custos?<\/strong><\/p>\n\n\n\n<blockquote class=\"wp-block-quote is-layout-flow wp-block-quote-is-layout-flow\">\n<p>Si temos axuda de patrocinadores privados e financiamento p\u00fablico, pero non \u00e9 suficiente.<\/p>\n<\/blockquote>\n\n\n\n<blockquote class=\"wp-block-quote is-layout-flow wp-block-quote-is-layout-flow\">\n<p>Ao club d\u00e1lle unha axuda o concello de Tomi\u00f1o. \u00c1lex ten unha axuda de deportistas de alto nivel da Deputaci\u00f3n de Pontevedra e do Concello de Tomi\u00f1o tam\u00e9n.<\/p>\n<\/blockquote>\n\n\n\n<p><strong>Tivestes alg\u00fan contacto co alcalde actual do Concello de A Guarda?<\/strong><\/p>\n\n\n\n<blockquote class=\"wp-block-quote is-layout-flow wp-block-quote-is-layout-flow\">\n<p>Si. Ademais, \u00e9 profesor e deulle clase aos meus fillos.<\/p>\n<\/blockquote>\n\n\n\n<blockquote class=\"wp-block-quote is-layout-flow wp-block-quote-is-layout-flow\">\n<p><strong>\u00c1lex<\/strong>. Cando ga\u00f1ei o Campionato de Espa\u00f1a en Alacante, chamoume ao meu n\u00famero persoal para felicitarme. Despois puxeron unha pancarta no concello, fix\u00e9ronme unha recepci\u00f3n a porta abertas e sa\u00edn ao balc\u00f3n do concello.<\/p>\n<\/blockquote>\n\n\n\n<p><strong>Ent\u00f3n podemos dicir que o alcalde actual portouse ben con v\u00f3s?<\/strong><\/p>\n\n\n\n<blockquote class=\"wp-block-quote is-layout-flow wp-block-quote-is-layout-flow\">\n<p><strong>Pai:<\/strong> Si. Con Antonio, o anterior alcalde, non hab\u00eda ning\u00fan tipo de relaci\u00f3n e agora con este cambio de Goberno \u00e9 diferente. Est\u00e1n dispostos a axudarnos en todo o posible. Queren ver a posibilidade de ofrecernos unhas instalaci\u00f3ns e de recuperar carreiras que organizabamos na Guarda.<\/p>\n<\/blockquote>\n\n\n\n<p><strong>Adestrades en Tomi\u00f1o?<\/strong><\/p>\n\n\n\n<blockquote class=\"wp-block-quote is-layout-flow wp-block-quote-is-layout-flow\">\n<p>Non, adestramos no Rosal.<\/p>\n<\/blockquote>\n\n\n\n<p><strong>Por que?<\/strong><\/p>\n\n\n\n<blockquote class=\"wp-block-quote is-layout-flow wp-block-quote-is-layout-flow\">\n<p>Porque a pista que hai en Tomi\u00f1o \u00e9 de cemento e moi pequena.<\/p>\n<\/blockquote>\n\n\n\n<p><strong>\u00c9 en sitio do Rosal adestrades?<\/strong><\/p>\n\n\n\n<blockquote class=\"wp-block-quote is-layout-flow wp-block-quote-is-layout-flow\">\n<p>Nas pistas. Estamos moi contentos con \u00c1nxela e con todo o equipo de goberno no concello de O Rosal. Acabamos de asinar un acordo por unha axuda da Comunidade Econ\u00f3mica Europea. Van facer unha remodelaci\u00f3n moi grande, van arranxar as pistas e promet\u00e9ronnos que van facer un ximnasio con vestiarios propios.<\/p>\n<\/blockquote>\n\n\n\n<p><strong>Ata cando dura a carreira profesional dun atleta?<\/strong><\/p>\n\n\n\n<blockquote class=\"wp-block-quote is-layout-flow wp-block-quote-is-layout-flow\">\n<p>Ata os 35 m\u00e1is ou menos.<\/p>\n<\/blockquote>\n\n\n\n<p><strong>Credes que alg\u00fan dos vosos dous fillos ten posibilidades de chegar \u00e1 elite e competir nunhas olimp\u00edadas?<\/strong><\/p>\n\n\n\n<blockquote class=\"wp-block-quote is-layout-flow wp-block-quote-is-layout-flow\">\n<p>Os dous te\u00f1en as capacidades suficientes para chegar. Para conseguilo, a partir de agora t\u00e9\u00f1ense que dedicar a isto en corpo e alma.<\/p>\n<\/blockquote>\n\n\n\n<p><strong>A ti \u00c1lex, far\u00edache ilusi\u00f3n competir nunhas olimp\u00edadas?<\/strong><\/p>\n\n\n\n<blockquote class=\"wp-block-quote is-layout-flow wp-block-quote-is-layout-flow\">\n<p>Si, claro. A calquera persoa que faga deporte gustar\u00edalle chegar a un mundial ou a unhas olimp\u00edadas. Se tes calidades, traballas con acougo e constancia d\u00eda a d\u00eda, pensas en que esa \u00e9 a meta e que podes conseguilo.<\/p>\n<\/blockquote>\n\n\n\n<p><strong>Un futbolista de elite cando se xubila ten a vida resolta. Para un atleta profesional \u00e9 igual?<\/strong><\/p>\n\n\n\n<blockquote class=\"wp-block-quote is-layout-flow wp-block-quote-is-layout-flow\">\n<p>Se tes unha boa estrutura si. Eu co\u00f1ezo casos nos que lles d\u00e1 para montar negocios e logo vivir deles.<\/p>\n<\/blockquote>\n\n\n\n<p><strong>Pero \u00e9 como un Messi ou un Cristiano Ronaldo que te\u00f1en a vida resolta?<\/strong><\/p>\n\n\n\n<blockquote class=\"wp-block-quote is-layout-flow wp-block-quote-is-layout-flow\">\n<p>Non, a ese nivel, non.<\/p>\n<\/blockquote>\n\n\n\n<blockquote class=\"wp-block-quote is-layout-flow wp-block-quote-is-layout-flow\">\n<p><strong>Christian:<\/strong> O \u00fanico atleta que co\u00f1ezo que puido vivir disto \u00e9 Usain Bolt, e polos contratos publicitarios xerados pola s\u00faa fama.<\/p>\n<\/blockquote>\n\n\n\n<p><strong>Dici\u00e1desme que estades a estudar e tedes que buscarvos unha opci\u00f3n B, unha sa\u00edda profesional. De que che gustar\u00eda traballar a ti, Christian?<\/strong><\/p>\n\n\n\n<blockquote class=\"wp-block-quote is-layout-flow wp-block-quote-is-layout-flow\">\n<p>De Polic\u00eda Nacional.<\/p>\n<\/blockquote>\n\n\n\n<p><strong>E a ti, \u00c1lex, de que che gustar\u00eda traballar?<\/strong><\/p>\n\n\n\n<blockquote class=\"wp-block-quote is-layout-flow wp-block-quote-is-layout-flow\">\n<p>Militar ou Marine. Aos meus pais non lle gusta esta decisi\u00f3n, pero dinme que se me gusta a min que tire cara adiante.<\/p>\n<\/blockquote>\n","protected":false},"excerpt":{"rendered":"<div class=\"mh-excerpt\"><p>A familia Sierpes Pereira \u00e9 unha familia profundamente vencellada ao deporte. Xabier, o pai, foi corredor, e Patricia , a nai, foi xogadora de balonm\u00e1n <a class=\"mh-excerpt-more\" href=\"https:\/\/www.anovapeneira.gal\/index.php\/2023\/09\/21\/alex-e-christian-sierpes-atletas-da-sociedade-atletica-do-trega-de-a-guarda\/\" title=\"\u00c1lex e Christian Sierpes atletas da Sociedade Atl\u00e9tica do Trega de A Guarda\">[&#8230;]<\/a><\/p>\n<\/div>","protected":false},"author":3,"featured_media":10455,"comment_status":"open","ping_status":"open","sticky":false,"template":"","format":"standard","meta":{"_exactmetrics_skip_tracking":false,"_exactmetrics_sitenote_active":false,"_exactmetrics_sitenote_note":"","_exactmetrics_sitenote_category":0,"footnotes":""},"categories":[266],"tags":[238],"class_list":{"0":"post-10453","1":"post","2":"type-post","3":"status-publish","4":"format-standard","5":"has-post-thumbnail","7":"category-baixo-mino-entrevistas","8":"tag-concello-da-guarda"},"yoast_head":"<!-- This site is optimized with the Yoast SEO plugin v27.4 - https:\/\/yoast.com\/product\/yoast-seo-wordpress\/ -->\n<title>\u00c1lex e Christian Sierpes atletas da Sociedade Atl\u00e9tica do Trega de A Guarda -<\/title>\n<meta name=\"description\" content=\"A familia Sierpes Pereira \u00e9 unha familia profundamente vencellada ao deporte. Xabier, o pai, foi corredor, e Patricia , a nai, foi xogadora de balonm\u00e1n\" \/>\n<meta name=\"robots\" content=\"index, follow, max-snippet:-1, max-image-preview:large, max-video-preview:-1\" \/>\n<link rel=\"canonical\" href=\"https:\/\/www.anovapeneira.gal\/index.php\/2023\/09\/21\/alex-e-christian-sierpes-atletas-da-sociedade-atletica-do-trega-de-a-guarda\/\" \/>\n<meta property=\"og:locale\" content=\"gl_ES\" \/>\n<meta property=\"og:type\" content=\"article\" \/>\n<meta property=\"og:title\" content=\"\u00c1lex e Christian Sierpes atletas da Sociedade Atl\u00e9tica do Trega de A Guarda -\" \/>\n<meta property=\"og:description\" content=\"A familia Sierpes Pereira \u00e9 unha familia profundamente vencellada ao deporte. Xabier, o pai, foi corredor, e Patricia , a nai, foi xogadora de balonm\u00e1n\" \/>\n<meta property=\"og:url\" content=\"https:\/\/www.anovapeneira.gal\/index.php\/2023\/09\/21\/alex-e-christian-sierpes-atletas-da-sociedade-atletica-do-trega-de-a-guarda\/\" \/>\n<meta property=\"article:publisher\" content=\"https:\/\/www.facebook.com\/anovapeneira\" \/>\n<meta property=\"article:published_time\" content=\"2023-09-21T08:00:31+00:00\" \/>\n<meta property=\"article:modified_time\" content=\"2023-09-21T19:28:51+00:00\" \/>\n<meta property=\"og:image\" content=\"https:\/\/www.anovapeneira.gal\/wp-content\/uploads\/2023\/09\/Christian_alex_atletas_Guarda.jpg\" \/>\n\t<meta property=\"og:image:width\" content=\"720\" \/>\n\t<meta property=\"og:image:height\" content=\"432\" \/>\n\t<meta property=\"og:image:type\" content=\"image\/jpeg\" \/>\n<meta name=\"author\" content=\"Redacci\u00f3n A Nova Peneira\" \/>\n<meta name=\"twitter:card\" content=\"summary_large_image\" \/>\n<meta name=\"twitter:creator\" content=\"@APeneira\" \/>\n<meta name=\"twitter:site\" content=\"@APeneira\" \/>\n<meta name=\"twitter:label1\" content=\"Escrito por\" \/>\n\t<meta name=\"twitter:data1\" content=\"Redacci\u00f3n A Nova Peneira\" \/>\n\t<meta name=\"twitter:label2\" content=\"Tempo de lectura\" \/>\n\t<meta name=\"twitter:data2\" content=\"3 minutos\" \/>\n<script type=\"application\/ld+json\" class=\"yoast-schema-graph\">{\"@context\":\"https:\\\/\\\/schema.org\",\"@graph\":[{\"@type\":\"Article\",\"@id\":\"https:\\\/\\\/www.anovapeneira.gal\\\/index.php\\\/2023\\\/09\\\/21\\\/alex-e-christian-sierpes-atletas-da-sociedade-atletica-do-trega-de-a-guarda\\\/#article\",\"isPartOf\":{\"@id\":\"https:\\\/\\\/www.anovapeneira.gal\\\/index.php\\\/2023\\\/09\\\/21\\\/alex-e-christian-sierpes-atletas-da-sociedade-atletica-do-trega-de-a-guarda\\\/\"},\"author\":{\"name\":\"Redacci\u00f3n A Nova Peneira\",\"@id\":\"https:\\\/\\\/www.anovapeneira.gal\\\/#\\\/schema\\\/person\\\/b93e3f8932e3f8da96334607eb6ac6aa\"},\"headline\":\"\u00c1lex e Christian Sierpes atletas da Sociedade Atl\u00e9tica do Trega de A Guarda\",\"datePublished\":\"2023-09-21T08:00:31+00:00\",\"dateModified\":\"2023-09-21T19:28:51+00:00\",\"mainEntityOfPage\":{\"@id\":\"https:\\\/\\\/www.anovapeneira.gal\\\/index.php\\\/2023\\\/09\\\/21\\\/alex-e-christian-sierpes-atletas-da-sociedade-atletica-do-trega-de-a-guarda\\\/\"},\"wordCount\":1056,\"commentCount\":0,\"publisher\":{\"@id\":\"https:\\\/\\\/www.anovapeneira.gal\\\/#organization\"},\"image\":{\"@id\":\"https:\\\/\\\/www.anovapeneira.gal\\\/index.php\\\/2023\\\/09\\\/21\\\/alex-e-christian-sierpes-atletas-da-sociedade-atletica-do-trega-de-a-guarda\\\/#primaryimage\"},\"thumbnailUrl\":\"https:\\\/\\\/www.anovapeneira.gal\\\/wp-content\\\/uploads\\\/2023\\\/09\\\/Christian_alex_atletas_Guarda.jpg\",\"keywords\":[\"Concello da Guarda\"],\"articleSection\":[\"Baixo Mi\u00f1o\"],\"inLanguage\":\"gl-ES\",\"potentialAction\":[{\"@type\":\"CommentAction\",\"name\":\"Comment\",\"target\":[\"https:\\\/\\\/www.anovapeneira.gal\\\/index.php\\\/2023\\\/09\\\/21\\\/alex-e-christian-sierpes-atletas-da-sociedade-atletica-do-trega-de-a-guarda\\\/#respond\"]}]},{\"@type\":\"WebPage\",\"@id\":\"https:\\\/\\\/www.anovapeneira.gal\\\/index.php\\\/2023\\\/09\\\/21\\\/alex-e-christian-sierpes-atletas-da-sociedade-atletica-do-trega-de-a-guarda\\\/\",\"url\":\"https:\\\/\\\/www.anovapeneira.gal\\\/index.php\\\/2023\\\/09\\\/21\\\/alex-e-christian-sierpes-atletas-da-sociedade-atletica-do-trega-de-a-guarda\\\/\",\"name\":\"\u00c1lex e Christian Sierpes atletas da Sociedade Atl\u00e9tica do Trega de A Guarda -\",\"isPartOf\":{\"@id\":\"https:\\\/\\\/www.anovapeneira.gal\\\/#website\"},\"primaryImageOfPage\":{\"@id\":\"https:\\\/\\\/www.anovapeneira.gal\\\/index.php\\\/2023\\\/09\\\/21\\\/alex-e-christian-sierpes-atletas-da-sociedade-atletica-do-trega-de-a-guarda\\\/#primaryimage\"},\"image\":{\"@id\":\"https:\\\/\\\/www.anovapeneira.gal\\\/index.php\\\/2023\\\/09\\\/21\\\/alex-e-christian-sierpes-atletas-da-sociedade-atletica-do-trega-de-a-guarda\\\/#primaryimage\"},\"thumbnailUrl\":\"https:\\\/\\\/www.anovapeneira.gal\\\/wp-content\\\/uploads\\\/2023\\\/09\\\/Christian_alex_atletas_Guarda.jpg\",\"datePublished\":\"2023-09-21T08:00:31+00:00\",\"dateModified\":\"2023-09-21T19:28:51+00:00\",\"description\":\"A familia Sierpes Pereira \u00e9 unha familia profundamente vencellada ao deporte. Xabier, o pai, foi corredor, e Patricia , a nai, foi xogadora de balonm\u00e1n\",\"breadcrumb\":{\"@id\":\"https:\\\/\\\/www.anovapeneira.gal\\\/index.php\\\/2023\\\/09\\\/21\\\/alex-e-christian-sierpes-atletas-da-sociedade-atletica-do-trega-de-a-guarda\\\/#breadcrumb\"},\"inLanguage\":\"gl-ES\",\"potentialAction\":[{\"@type\":\"ReadAction\",\"target\":[\"https:\\\/\\\/www.anovapeneira.gal\\\/index.php\\\/2023\\\/09\\\/21\\\/alex-e-christian-sierpes-atletas-da-sociedade-atletica-do-trega-de-a-guarda\\\/\"]}]},{\"@type\":\"ImageObject\",\"inLanguage\":\"gl-ES\",\"@id\":\"https:\\\/\\\/www.anovapeneira.gal\\\/index.php\\\/2023\\\/09\\\/21\\\/alex-e-christian-sierpes-atletas-da-sociedade-atletica-do-trega-de-a-guarda\\\/#primaryimage\",\"url\":\"https:\\\/\\\/www.anovapeneira.gal\\\/wp-content\\\/uploads\\\/2023\\\/09\\\/Christian_alex_atletas_Guarda.jpg\",\"contentUrl\":\"https:\\\/\\\/www.anovapeneira.gal\\\/wp-content\\\/uploads\\\/2023\\\/09\\\/Christian_alex_atletas_Guarda.jpg\",\"width\":720,\"height\":432,\"caption\":\"Christian Alex atletas da Guarda\"},{\"@type\":\"BreadcrumbList\",\"@id\":\"https:\\\/\\\/www.anovapeneira.gal\\\/index.php\\\/2023\\\/09\\\/21\\\/alex-e-christian-sierpes-atletas-da-sociedade-atletica-do-trega-de-a-guarda\\\/#breadcrumb\",\"itemListElement\":[{\"@type\":\"ListItem\",\"position\":1,\"name\":\"Portada\",\"item\":\"https:\\\/\\\/www.anovapeneira.gal\\\/\"},{\"@type\":\"ListItem\",\"position\":2,\"name\":\"\u00c1lex e Christian Sierpes atletas da Sociedade Atl\u00e9tica do Trega de A Guarda\"}]},{\"@type\":\"WebSite\",\"@id\":\"https:\\\/\\\/www.anovapeneira.gal\\\/#website\",\"url\":\"https:\\\/\\\/www.anovapeneira.gal\\\/\",\"name\":\"\",\"description\":\"Xornal galego de informaci\u00f3n xeral Publicaci\u00f3n mensual de novas de Galicia e en especial dos Concellos da sur da provincia de Pontevedra.\",\"publisher\":{\"@id\":\"https:\\\/\\\/www.anovapeneira.gal\\\/#organization\"},\"potentialAction\":[{\"@type\":\"SearchAction\",\"target\":{\"@type\":\"EntryPoint\",\"urlTemplate\":\"https:\\\/\\\/www.anovapeneira.gal\\\/?s={search_term_string}\"},\"query-input\":{\"@type\":\"PropertyValueSpecification\",\"valueRequired\":true,\"valueName\":\"search_term_string\"}}],\"inLanguage\":\"gl-ES\"},{\"@type\":\"Organization\",\"@id\":\"https:\\\/\\\/www.anovapeneira.gal\\\/#organization\",\"name\":\"A Nova Peneira\",\"url\":\"https:\\\/\\\/www.anovapeneira.gal\\\/\",\"logo\":{\"@type\":\"ImageObject\",\"inLanguage\":\"gl-ES\",\"@id\":\"https:\\\/\\\/www.anovapeneira.gal\\\/#\\\/schema\\\/logo\\\/image\\\/\",\"url\":\"http:\\\/\\\/www.anovapeneira.gal\\\/wp-content\\\/uploads\\\/2019\\\/06\\\/logo_a_nova_peneira_portal_web.png\",\"contentUrl\":\"http:\\\/\\\/www.anovapeneira.gal\\\/wp-content\\\/uploads\\\/2019\\\/06\\\/logo_a_nova_peneira_portal_web.png\",\"width\":300,\"height\":100,\"caption\":\"A Nova Peneira\"},\"image\":{\"@id\":\"https:\\\/\\\/www.anovapeneira.gal\\\/#\\\/schema\\\/logo\\\/image\\\/\"},\"sameAs\":[\"https:\\\/\\\/www.facebook.com\\\/anovapeneira\",\"https:\\\/\\\/x.com\\\/APeneira\"]},{\"@type\":\"Person\",\"@id\":\"https:\\\/\\\/www.anovapeneira.gal\\\/#\\\/schema\\\/person\\\/b93e3f8932e3f8da96334607eb6ac6aa\",\"name\":\"Redacci\u00f3n A Nova Peneira\",\"image\":{\"@type\":\"ImageObject\",\"inLanguage\":\"gl-ES\",\"@id\":\"https:\\\/\\\/secure.gravatar.com\\\/avatar\\\/c052a2551a06e23fac63626232eaa90abd78dbcf1700fc46a2b2c89fd27b735f?s=96&d=mm&r=g\",\"url\":\"https:\\\/\\\/secure.gravatar.com\\\/avatar\\\/c052a2551a06e23fac63626232eaa90abd78dbcf1700fc46a2b2c89fd27b735f?s=96&d=mm&r=g\",\"contentUrl\":\"https:\\\/\\\/secure.gravatar.com\\\/avatar\\\/c052a2551a06e23fac63626232eaa90abd78dbcf1700fc46a2b2c89fd27b735f?s=96&d=mm&r=g\",\"caption\":\"Redacci\u00f3n A Nova Peneira\"},\"sameAs\":[\"http:\\\/\\\/www.anovapeneira.gal\\\/\"],\"url\":\"https:\\\/\\\/www.anovapeneira.gal\\\/index.php\\\/author\\\/redactor\\\/\"}]}<\/script>\n<!-- \/ Yoast SEO plugin. -->","yoast_head_json":{"title":"\u00c1lex e Christian Sierpes atletas da Sociedade Atl\u00e9tica do Trega de A Guarda -","description":"A familia Sierpes Pereira \u00e9 unha familia profundamente vencellada ao deporte. Xabier, o pai, foi corredor, e Patricia , a nai, foi xogadora de balonm\u00e1n","robots":{"index":"index","follow":"follow","max-snippet":"max-snippet:-1","max-image-preview":"max-image-preview:large","max-video-preview":"max-video-preview:-1"},"canonical":"https:\/\/www.anovapeneira.gal\/index.php\/2023\/09\/21\/alex-e-christian-sierpes-atletas-da-sociedade-atletica-do-trega-de-a-guarda\/","og_locale":"gl_ES","og_type":"article","og_title":"\u00c1lex e Christian Sierpes atletas da Sociedade Atl\u00e9tica do Trega de A Guarda -","og_description":"A familia Sierpes Pereira \u00e9 unha familia profundamente vencellada ao deporte. Xabier, o pai, foi corredor, e Patricia , a nai, foi xogadora de balonm\u00e1n","og_url":"https:\/\/www.anovapeneira.gal\/index.php\/2023\/09\/21\/alex-e-christian-sierpes-atletas-da-sociedade-atletica-do-trega-de-a-guarda\/","article_publisher":"https:\/\/www.facebook.com\/anovapeneira","article_published_time":"2023-09-21T08:00:31+00:00","article_modified_time":"2023-09-21T19:28:51+00:00","og_image":[{"width":720,"height":432,"url":"https:\/\/www.anovapeneira.gal\/wp-content\/uploads\/2023\/09\/Christian_alex_atletas_Guarda.jpg","type":"image\/jpeg"}],"author":"Redacci\u00f3n A Nova Peneira","twitter_card":"summary_large_image","twitter_creator":"@APeneira","twitter_site":"@APeneira","twitter_misc":{"Escrito por":"Redacci\u00f3n A Nova Peneira","Tempo de lectura":"3 minutos"},"schema":{"@context":"https:\/\/schema.org","@graph":[{"@type":"Article","@id":"https:\/\/www.anovapeneira.gal\/index.php\/2023\/09\/21\/alex-e-christian-sierpes-atletas-da-sociedade-atletica-do-trega-de-a-guarda\/#article","isPartOf":{"@id":"https:\/\/www.anovapeneira.gal\/index.php\/2023\/09\/21\/alex-e-christian-sierpes-atletas-da-sociedade-atletica-do-trega-de-a-guarda\/"},"author":{"name":"Redacci\u00f3n A Nova Peneira","@id":"https:\/\/www.anovapeneira.gal\/#\/schema\/person\/b93e3f8932e3f8da96334607eb6ac6aa"},"headline":"\u00c1lex e Christian Sierpes atletas da Sociedade Atl\u00e9tica do Trega de A Guarda","datePublished":"2023-09-21T08:00:31+00:00","dateModified":"2023-09-21T19:28:51+00:00","mainEntityOfPage":{"@id":"https:\/\/www.anovapeneira.gal\/index.php\/2023\/09\/21\/alex-e-christian-sierpes-atletas-da-sociedade-atletica-do-trega-de-a-guarda\/"},"wordCount":1056,"commentCount":0,"publisher":{"@id":"https:\/\/www.anovapeneira.gal\/#organization"},"image":{"@id":"https:\/\/www.anovapeneira.gal\/index.php\/2023\/09\/21\/alex-e-christian-sierpes-atletas-da-sociedade-atletica-do-trega-de-a-guarda\/#primaryimage"},"thumbnailUrl":"https:\/\/www.anovapeneira.gal\/wp-content\/uploads\/2023\/09\/Christian_alex_atletas_Guarda.jpg","keywords":["Concello da Guarda"],"articleSection":["Baixo Mi\u00f1o"],"inLanguage":"gl-ES","potentialAction":[{"@type":"CommentAction","name":"Comment","target":["https:\/\/www.anovapeneira.gal\/index.php\/2023\/09\/21\/alex-e-christian-sierpes-atletas-da-sociedade-atletica-do-trega-de-a-guarda\/#respond"]}]},{"@type":"WebPage","@id":"https:\/\/www.anovapeneira.gal\/index.php\/2023\/09\/21\/alex-e-christian-sierpes-atletas-da-sociedade-atletica-do-trega-de-a-guarda\/","url":"https:\/\/www.anovapeneira.gal\/index.php\/2023\/09\/21\/alex-e-christian-sierpes-atletas-da-sociedade-atletica-do-trega-de-a-guarda\/","name":"\u00c1lex e Christian Sierpes atletas da Sociedade Atl\u00e9tica do Trega de A Guarda -","isPartOf":{"@id":"https:\/\/www.anovapeneira.gal\/#website"},"primaryImageOfPage":{"@id":"https:\/\/www.anovapeneira.gal\/index.php\/2023\/09\/21\/alex-e-christian-sierpes-atletas-da-sociedade-atletica-do-trega-de-a-guarda\/#primaryimage"},"image":{"@id":"https:\/\/www.anovapeneira.gal\/index.php\/2023\/09\/21\/alex-e-christian-sierpes-atletas-da-sociedade-atletica-do-trega-de-a-guarda\/#primaryimage"},"thumbnailUrl":"https:\/\/www.anovapeneira.gal\/wp-content\/uploads\/2023\/09\/Christian_alex_atletas_Guarda.jpg","datePublished":"2023-09-21T08:00:31+00:00","dateModified":"2023-09-21T19:28:51+00:00","description":"A familia Sierpes Pereira \u00e9 unha familia profundamente vencellada ao deporte. Xabier, o pai, foi corredor, e Patricia , a nai, foi xogadora de balonm\u00e1n","breadcrumb":{"@id":"https:\/\/www.anovapeneira.gal\/index.php\/2023\/09\/21\/alex-e-christian-sierpes-atletas-da-sociedade-atletica-do-trega-de-a-guarda\/#breadcrumb"},"inLanguage":"gl-ES","potentialAction":[{"@type":"ReadAction","target":["https:\/\/www.anovapeneira.gal\/index.php\/2023\/09\/21\/alex-e-christian-sierpes-atletas-da-sociedade-atletica-do-trega-de-a-guarda\/"]}]},{"@type":"ImageObject","inLanguage":"gl-ES","@id":"https:\/\/www.anovapeneira.gal\/index.php\/2023\/09\/21\/alex-e-christian-sierpes-atletas-da-sociedade-atletica-do-trega-de-a-guarda\/#primaryimage","url":"https:\/\/www.anovapeneira.gal\/wp-content\/uploads\/2023\/09\/Christian_alex_atletas_Guarda.jpg","contentUrl":"https:\/\/www.anovapeneira.gal\/wp-content\/uploads\/2023\/09\/Christian_alex_atletas_Guarda.jpg","width":720,"height":432,"caption":"Christian Alex atletas da Guarda"},{"@type":"BreadcrumbList","@id":"https:\/\/www.anovapeneira.gal\/index.php\/2023\/09\/21\/alex-e-christian-sierpes-atletas-da-sociedade-atletica-do-trega-de-a-guarda\/#breadcrumb","itemListElement":[{"@type":"ListItem","position":1,"name":"Portada","item":"https:\/\/www.anovapeneira.gal\/"},{"@type":"ListItem","position":2,"name":"\u00c1lex e Christian Sierpes atletas da Sociedade Atl\u00e9tica do Trega de A Guarda"}]},{"@type":"WebSite","@id":"https:\/\/www.anovapeneira.gal\/#website","url":"https:\/\/www.anovapeneira.gal\/","name":"","description":"Xornal galego de informaci\u00f3n xeral Publicaci\u00f3n mensual de novas de Galicia e en especial dos Concellos da sur da provincia de Pontevedra.","publisher":{"@id":"https:\/\/www.anovapeneira.gal\/#organization"},"potentialAction":[{"@type":"SearchAction","target":{"@type":"EntryPoint","urlTemplate":"https:\/\/www.anovapeneira.gal\/?s={search_term_string}"},"query-input":{"@type":"PropertyValueSpecification","valueRequired":true,"valueName":"search_term_string"}}],"inLanguage":"gl-ES"},{"@type":"Organization","@id":"https:\/\/www.anovapeneira.gal\/#organization","name":"A Nova Peneira","url":"https:\/\/www.anovapeneira.gal\/","logo":{"@type":"ImageObject","inLanguage":"gl-ES","@id":"https:\/\/www.anovapeneira.gal\/#\/schema\/logo\/image\/","url":"http:\/\/www.anovapeneira.gal\/wp-content\/uploads\/2019\/06\/logo_a_nova_peneira_portal_web.png","contentUrl":"http:\/\/www.anovapeneira.gal\/wp-content\/uploads\/2019\/06\/logo_a_nova_peneira_portal_web.png","width":300,"height":100,"caption":"A Nova Peneira"},"image":{"@id":"https:\/\/www.anovapeneira.gal\/#\/schema\/logo\/image\/"},"sameAs":["https:\/\/www.facebook.com\/anovapeneira","https:\/\/x.com\/APeneira"]},{"@type":"Person","@id":"https:\/\/www.anovapeneira.gal\/#\/schema\/person\/b93e3f8932e3f8da96334607eb6ac6aa","name":"Redacci\u00f3n A Nova Peneira","image":{"@type":"ImageObject","inLanguage":"gl-ES","@id":"https:\/\/secure.gravatar.com\/avatar\/c052a2551a06e23fac63626232eaa90abd78dbcf1700fc46a2b2c89fd27b735f?s=96&d=mm&r=g","url":"https:\/\/secure.gravatar.com\/avatar\/c052a2551a06e23fac63626232eaa90abd78dbcf1700fc46a2b2c89fd27b735f?s=96&d=mm&r=g","contentUrl":"https:\/\/secure.gravatar.com\/avatar\/c052a2551a06e23fac63626232eaa90abd78dbcf1700fc46a2b2c89fd27b735f?s=96&d=mm&r=g","caption":"Redacci\u00f3n A Nova Peneira"},"sameAs":["http:\/\/www.anovapeneira.gal\/"],"url":"https:\/\/www.anovapeneira.gal\/index.php\/author\/redactor\/"}]}},"jetpack_featured_media_url":"https:\/\/www.anovapeneira.gal\/wp-content\/uploads\/2023\/09\/Christian_alex_atletas_Guarda.jpg","_links":{"self":[{"href":"https:\/\/www.anovapeneira.gal\/index.php\/wp-json\/wp\/v2\/posts\/10453","targetHints":{"allow":["GET"]}}],"collection":[{"href":"https:\/\/www.anovapeneira.gal\/index.php\/wp-json\/wp\/v2\/posts"}],"about":[{"href":"https:\/\/www.anovapeneira.gal\/index.php\/wp-json\/wp\/v2\/types\/post"}],"author":[{"embeddable":true,"href":"https:\/\/www.anovapeneira.gal\/index.php\/wp-json\/wp\/v2\/users\/3"}],"replies":[{"embeddable":true,"href":"https:\/\/www.anovapeneira.gal\/index.php\/wp-json\/wp\/v2\/comments?post=10453"}],"version-history":[{"count":1,"href":"https:\/\/www.anovapeneira.gal\/index.php\/wp-json\/wp\/v2\/posts\/10453\/revisions"}],"predecessor-version":[{"id":10454,"href":"https:\/\/www.anovapeneira.gal\/index.php\/wp-json\/wp\/v2\/posts\/10453\/revisions\/10454"}],"wp:featuredmedia":[{"embeddable":true,"href":"https:\/\/www.anovapeneira.gal\/index.php\/wp-json\/wp\/v2\/media\/10455"}],"wp:attachment":[{"href":"https:\/\/www.anovapeneira.gal\/index.php\/wp-json\/wp\/v2\/media?parent=10453"}],"wp:term":[{"taxonomy":"category","embeddable":true,"href":"https:\/\/www.anovapeneira.gal\/index.php\/wp-json\/wp\/v2\/categories?post=10453"},{"taxonomy":"post_tag","embeddable":true,"href":"https:\/\/www.anovapeneira.gal\/index.php\/wp-json\/wp\/v2\/tags?post=10453"}],"curies":[{"name":"wp","href":"https:\/\/api.w.org\/{rel}","templated":true}]}}