{"id":10461,"date":"2023-09-22T10:00:40","date_gmt":"2023-09-22T08:00:40","guid":{"rendered":"https:\/\/www.anovapeneira.gal\/?p=10461"},"modified":"2023-09-20T09:58:02","modified_gmt":"2023-09-20T07:58:02","slug":"volver-pola-fouce","status":"publish","type":"post","link":"https:\/\/www.anovapeneira.gal\/index.php\/2023\/09\/22\/volver-pola-fouce\/","title":{"rendered":"Volver pola fouce"},"content":{"rendered":"\n<figure class=\"wp-block-image size-full is-resized\"><img loading=\"lazy\" decoding=\"async\" src=\"https:\/\/www.anovapeneira.gal\/wp-content\/uploads\/2019\/07\/Baldomero_Iglesias_Dobarrio_Mero.jpg\" alt=\"Baldomero Iglesias Dobarrio Mero artigos de opini\u00f3n A Nova Peneira\" class=\"wp-image-482\" style=\"width:75px;height:88px\" width=\"75\" height=\"88\"\/><figcaption class=\"wp-element-caption\">Baldomero Iglesias Dobarrio, Mero<\/figcaption><\/figure>\n\n\n\n<p>Parece ser que houbo unha proposta no Congreso a favor das linguas minoritarias ou perif\u00e9ricas, como din para si no seu embigo. A dereita bota fume ante tal ousad\u00eda, xa est\u00e1n organizando manifestaci\u00f3ns en contra. A s\u00faa democracia foi sempre de pico para f\u00f3ra. O que eu non entendo \u00e9 como se tardou tanto tempo en formular esta proposta e por que a\u00ednda non se lle deu o debido respecto \u00e1s outras linguas que loitan por ser e estar onde deben, nese terreo da equidistancia e igualdade que nunca consideraron. Para min \u00e9 unha falta de respecto enorme, non s\u00f3 a quen defende a democracia e a inclusi\u00f3n, sen\u00f3n aos pobos que representan esas linguas. Si, ben sei tam\u00e9n que n\u00f3s somos moi papistas, capaces de auto flaxelarnos e des-querernos, negarnos e mesmo pensar que todo o de f\u00f3ra \u00e9 moito mellor. \u00c9 o resultado de tantos s\u00e9culos de vasalaxe, de colonizaci\u00f3n desmedida, de abuso. Mais no s\u00e9culo que andamos non \u00e9 de recibo estar nestas, e moito menos que haxa algunha suposta representaci\u00f3n pol\u00edtica que queira impedir tal feito, no Congreso ou en calquera sitio. Como sabemos moi ben tam\u00e9n en empresas, organismos e certas materias de obrigado cumprimentos do ensino e administraci\u00f3ns que se te\u00f1en que actualizar lonxe do sempre cavernista inmobilismo no que se rebozan. Ata a\u00ed chegaron na indignidade, abandeirando marchas e protestas en favor de negarse, iso si: pedindo igualdade, con toda a cara! Son os do colectivo &#8220;Hablamos Espa\u00f1ol&#8221; e andan co &#8220;Bienvenidos a Orense, que en gallego se dice Ourense&#8221; e outras frases lapidarias que esconden tanta vergo\u00f1a. Este ser\u00eda o lugar de botar alg\u00fan pecado diante da estupidez enorme na que se perden. Tam\u00e9n o fixo o m\u00e1ximo representante das instituci\u00f3ns, \u00eda diante e moi satisfeito naquela marcha polo biling\u00fcismo ao seu favor. Capaz de negarse a si mesmo e representando ao pobo que fala ese idioma que el nega. Os votos son os votos, todo se mide por votos, todos os votos son bos, anque vendamos a orixe, anque nos vendamos n\u00f3s. Nas mans levaban bandas con ofensa, afrontas e vergo\u00f1as: &#8220;Hablemos espa\u00f1ol y dej\u00e9monos de lerias&#8221;. Proclaman a\u00ednda ese pensar, na retr\u00f3grada nostalxia do pasado e do anano. Queren, no seu centr\u00edpeto infortunio, unha soa lingua infinitamente rica e saborosa, na esaxeraci\u00f3n rom\u00e1ntica que se mira no espello e se ve fermosa, se est\u00e1 soa, como \u00fanica e infinitamente perfecta, lingua m\u00e1xica que resume a cosmovisi\u00f3n do mundo mundial. Esquecen as\u00ed, nese empoleiramento, o noso tesouro, aquel que ignoran con teimos\u00eda: son cegos por non querer ver!<\/p>\n\n\n\n<p>Cando empregan o galego \u00e9 por negocio ou beneficio, \u00e1s veces por chuler\u00eda. Eu tam\u00e9n sinto ese orgullo, anque non desprece a ningu\u00e9n, e estou infinitamente honrado, m\u00e9drome na mi\u00f1a lingua e s\u00edntome beneficiado no necesario negocio de comprenderme e comprender o espazo no que vivo e esa xeograf\u00eda humana que me envolve, sen outro aquel. Pero eles non, empr\u00e9gano no fin perverso de non ser responsables do que fan, sen acadar a culpa de restrinxir o uso dun idioma na s\u00faa Casa e f\u00f3ra dela, nos aeroportos, nas estaci\u00f3ns, nos buses, nos billetes, nos impresos, nas moedas e onde cumpra facelo, mesmo debaixo das ilusas pedras que gardan memoria doutros tesouros, como a arte, a beleza, a literatura, o teatro, &#8230;etc. A lingua \u00e9 unha arma poderosa que ningu\u00e9n debe desactivar, e moito menos restrinxindo o seu emprego porque resulta inmoral e \u00e9 delito. Dentro duns anos ser\u00e1 motivo de burla, cando se volva lembrar aquilo de sangenjos, lascoru\u00f1as e puertomarines. A s\u00faa obsesi\u00f3n \u00e9 enfermiza, seica temos que chamarnos e nomearnos como eles digan que nos chamemos e nomeemos. Todo isto sucede 40 anos despois de teren redactado normas nas que -como se ve- poidan evadir a s\u00faa reco\u00f1ecida incumbencia, competencia e responsabilidade, tam\u00e9n o incumprimento. \u00c9 unha farsa da que fan bandeira. Non entendo como non pregoan a Nosa Lingua, o Noso con afecto. Pois co Galego nunca se invadiu nin acometeu. Non entendo o hermetismo, a lentitude da lei que obriga a protexer as linguas minorizadas polo centralismo. Non entendo ese silencio invasivo, lento e deturpador. Non entendo ese pensamento nefasto de resistencia ao l\u00f3xico e normal, \u00e1 recuperaci\u00f3n aberta e colaborativa, por respecto e dignidade tam\u00e9n deles, que ocupan cargos e instituci\u00f3ns que existen por obra e graza da Lingua que falamos n\u00f3s, e eles non. Agora, seica, engaden que falar idiomas no Congreso resulta caro e \u00e9 unha perda de tempo habendo xa unha lingua com\u00fan. Iso de lingua com\u00fan invent\u00e1rono eles para como fai o que rouba cando resulta pillado: repartir urxentemente por ver de chupar algo, antes que reaccionen a paus na evidencia do furto.<\/p>\n\n\n\n<p>Creo deben tomar conciencia de que xa est\u00e1 ben de reprimir linguas, en beneficio do sentido com\u00fan. Xa est\u00e1 ben de montar no machi\u00f1o para discriminar e ofender. Deben tomar en serio a diversidade, como riqueza e agasallo. E deben obrar en consecuencia, investindo en tradutores, claro que si porque iso, precisamente iso, \u00e9 democracia e garante xustiza e equidade. Xa est\u00e1 ben, despois da colleita hai que volver pola fouce!.<\/p>\n\n\n\n<p><\/p>\n","protected":false},"excerpt":{"rendered":"<div class=\"mh-excerpt\"><p>arece ser que houbo unha proposta no Congreso a favor das linguas minoritarias ou perif\u00e9ricas, como din para si no seu embigo. A dereita bota fume ante tal ousad\u00eda, xa est\u00e1n organizando manifestaci\u00f3ns en contra. A s\u00faa democracia foi sempre de pico para f\u00f3ra <a class=\"mh-excerpt-more\" href=\"https:\/\/www.anovapeneira.gal\/index.php\/2023\/09\/22\/volver-pola-fouce\/\" title=\"Volver pola fouce\">[&#8230;]<\/a><\/p>\n<\/div>","protected":false},"author":5,"featured_media":584,"comment_status":"open","ping_status":"open","sticky":false,"template":"","format":"standard","meta":{"_exactmetrics_skip_tracking":false,"_exactmetrics_sitenote_active":false,"_exactmetrics_sitenote_note":"","_exactmetrics_sitenote_category":0,"footnotes":""},"categories":[7],"tags":[],"class_list":{"0":"post-10461","1":"post","2":"type-post","3":"status-publish","4":"format-standard","5":"has-post-thumbnail","7":"category-artigos-de-opinion"},"yoast_head":"<!-- This site is optimized with the Yoast SEO plugin v27.4 - https:\/\/yoast.com\/product\/yoast-seo-wordpress\/ -->\n<title>Volver pola fouce -<\/title>\n<meta name=\"robots\" content=\"index, follow, max-snippet:-1, max-image-preview:large, max-video-preview:-1\" \/>\n<link rel=\"canonical\" href=\"https:\/\/www.anovapeneira.gal\/index.php\/2023\/09\/22\/volver-pola-fouce\/\" \/>\n<meta property=\"og:locale\" content=\"gl_ES\" \/>\n<meta property=\"og:type\" content=\"article\" \/>\n<meta property=\"og:title\" content=\"Volver pola fouce -\" \/>\n<meta property=\"og:description\" content=\"arece ser que houbo unha proposta no Congreso a favor das linguas minoritarias ou perif\u00e9ricas, como din para si no seu embigo. A dereita bota fume ante tal ousad\u00eda, xa est\u00e1n organizando manifestaci\u00f3ns en contra. A s\u00faa democracia foi sempre de pico para f\u00f3ra [...]\" \/>\n<meta property=\"og:url\" content=\"https:\/\/www.anovapeneira.gal\/index.php\/2023\/09\/22\/volver-pola-fouce\/\" \/>\n<meta property=\"article:publisher\" content=\"https:\/\/www.facebook.com\/anovapeneira\" \/>\n<meta property=\"article:published_time\" content=\"2023-09-22T08:00:40+00:00\" \/>\n<meta property=\"og:image\" content=\"https:\/\/www.anovapeneira.gal\/wp-content\/uploads\/2019\/07\/ARTIGO_DE_OPINION_A_NOVA_PENEIRA.jpg\" \/>\n\t<meta property=\"og:image:width\" content=\"720\" \/>\n\t<meta property=\"og:image:height\" content=\"473\" \/>\n\t<meta property=\"og:image:type\" content=\"image\/jpeg\" \/>\n<meta name=\"author\" content=\"Baldomero Iglesias Dobarrio, Mero\" \/>\n<meta name=\"twitter:card\" content=\"summary_large_image\" \/>\n<meta name=\"twitter:image\" content=\"https:\/\/www.anovapeneira.gal\/wp-content\/uploads\/2019\/07\/ARTIGO_DE_OPINION_A_NOVA_PENEIRA.jpg\" \/>\n<meta name=\"twitter:creator\" content=\"@APeneira\" \/>\n<meta name=\"twitter:site\" content=\"@APeneira\" \/>\n<meta name=\"twitter:label1\" content=\"Escrito por\" \/>\n\t<meta name=\"twitter:data1\" content=\"Baldomero Iglesias Dobarrio, Mero\" \/>\n\t<meta name=\"twitter:label2\" content=\"Tempo de lectura\" \/>\n\t<meta name=\"twitter:data2\" content=\"5 minutos\" \/>\n<script type=\"application\/ld+json\" class=\"yoast-schema-graph\">{\"@context\":\"https:\\\/\\\/schema.org\",\"@graph\":[{\"@type\":\"Article\",\"@id\":\"https:\\\/\\\/www.anovapeneira.gal\\\/index.php\\\/2023\\\/09\\\/22\\\/volver-pola-fouce\\\/#article\",\"isPartOf\":{\"@id\":\"https:\\\/\\\/www.anovapeneira.gal\\\/index.php\\\/2023\\\/09\\\/22\\\/volver-pola-fouce\\\/\"},\"author\":{\"name\":\"Baldomero Iglesias Dobarrio, Mero\",\"@id\":\"https:\\\/\\\/www.anovapeneira.gal\\\/#\\\/schema\\\/person\\\/b051ed40cfc100e281476674783b32fc\"},\"headline\":\"Volver pola fouce\",\"datePublished\":\"2023-09-22T08:00:40+00:00\",\"mainEntityOfPage\":{\"@id\":\"https:\\\/\\\/www.anovapeneira.gal\\\/index.php\\\/2023\\\/09\\\/22\\\/volver-pola-fouce\\\/\"},\"wordCount\":912,\"commentCount\":0,\"publisher\":{\"@id\":\"https:\\\/\\\/www.anovapeneira.gal\\\/#organization\"},\"image\":{\"@id\":\"https:\\\/\\\/www.anovapeneira.gal\\\/index.php\\\/2023\\\/09\\\/22\\\/volver-pola-fouce\\\/#primaryimage\"},\"thumbnailUrl\":\"https:\\\/\\\/www.anovapeneira.gal\\\/wp-content\\\/uploads\\\/2019\\\/07\\\/ARTIGO_DE_OPINION_A_NOVA_PENEIRA.jpg\",\"articleSection\":[\"Artigos de opini\u00f3n\"],\"inLanguage\":\"gl-ES\",\"potentialAction\":[{\"@type\":\"CommentAction\",\"name\":\"Comment\",\"target\":[\"https:\\\/\\\/www.anovapeneira.gal\\\/index.php\\\/2023\\\/09\\\/22\\\/volver-pola-fouce\\\/#respond\"]}]},{\"@type\":\"WebPage\",\"@id\":\"https:\\\/\\\/www.anovapeneira.gal\\\/index.php\\\/2023\\\/09\\\/22\\\/volver-pola-fouce\\\/\",\"url\":\"https:\\\/\\\/www.anovapeneira.gal\\\/index.php\\\/2023\\\/09\\\/22\\\/volver-pola-fouce\\\/\",\"name\":\"Volver pola fouce -\",\"isPartOf\":{\"@id\":\"https:\\\/\\\/www.anovapeneira.gal\\\/#website\"},\"primaryImageOfPage\":{\"@id\":\"https:\\\/\\\/www.anovapeneira.gal\\\/index.php\\\/2023\\\/09\\\/22\\\/volver-pola-fouce\\\/#primaryimage\"},\"image\":{\"@id\":\"https:\\\/\\\/www.anovapeneira.gal\\\/index.php\\\/2023\\\/09\\\/22\\\/volver-pola-fouce\\\/#primaryimage\"},\"thumbnailUrl\":\"https:\\\/\\\/www.anovapeneira.gal\\\/wp-content\\\/uploads\\\/2019\\\/07\\\/ARTIGO_DE_OPINION_A_NOVA_PENEIRA.jpg\",\"datePublished\":\"2023-09-22T08:00:40+00:00\",\"breadcrumb\":{\"@id\":\"https:\\\/\\\/www.anovapeneira.gal\\\/index.php\\\/2023\\\/09\\\/22\\\/volver-pola-fouce\\\/#breadcrumb\"},\"inLanguage\":\"gl-ES\",\"potentialAction\":[{\"@type\":\"ReadAction\",\"target\":[\"https:\\\/\\\/www.anovapeneira.gal\\\/index.php\\\/2023\\\/09\\\/22\\\/volver-pola-fouce\\\/\"]}]},{\"@type\":\"ImageObject\",\"inLanguage\":\"gl-ES\",\"@id\":\"https:\\\/\\\/www.anovapeneira.gal\\\/index.php\\\/2023\\\/09\\\/22\\\/volver-pola-fouce\\\/#primaryimage\",\"url\":\"https:\\\/\\\/www.anovapeneira.gal\\\/wp-content\\\/uploads\\\/2019\\\/07\\\/ARTIGO_DE_OPINION_A_NOVA_PENEIRA.jpg\",\"contentUrl\":\"https:\\\/\\\/www.anovapeneira.gal\\\/wp-content\\\/uploads\\\/2019\\\/07\\\/ARTIGO_DE_OPINION_A_NOVA_PENEIRA.jpg\",\"width\":720,\"height\":473,\"caption\":\"Artigo de opini\u00f3n A Nova Peneira\"},{\"@type\":\"BreadcrumbList\",\"@id\":\"https:\\\/\\\/www.anovapeneira.gal\\\/index.php\\\/2023\\\/09\\\/22\\\/volver-pola-fouce\\\/#breadcrumb\",\"itemListElement\":[{\"@type\":\"ListItem\",\"position\":1,\"name\":\"Portada\",\"item\":\"https:\\\/\\\/www.anovapeneira.gal\\\/\"},{\"@type\":\"ListItem\",\"position\":2,\"name\":\"Volver pola fouce\"}]},{\"@type\":\"WebSite\",\"@id\":\"https:\\\/\\\/www.anovapeneira.gal\\\/#website\",\"url\":\"https:\\\/\\\/www.anovapeneira.gal\\\/\",\"name\":\"\",\"description\":\"Xornal galego de informaci\u00f3n xeral Publicaci\u00f3n mensual de novas de Galicia e en especial dos Concellos da sur da provincia de Pontevedra.\",\"publisher\":{\"@id\":\"https:\\\/\\\/www.anovapeneira.gal\\\/#organization\"},\"potentialAction\":[{\"@type\":\"SearchAction\",\"target\":{\"@type\":\"EntryPoint\",\"urlTemplate\":\"https:\\\/\\\/www.anovapeneira.gal\\\/?s={search_term_string}\"},\"query-input\":{\"@type\":\"PropertyValueSpecification\",\"valueRequired\":true,\"valueName\":\"search_term_string\"}}],\"inLanguage\":\"gl-ES\"},{\"@type\":\"Organization\",\"@id\":\"https:\\\/\\\/www.anovapeneira.gal\\\/#organization\",\"name\":\"A Nova Peneira\",\"url\":\"https:\\\/\\\/www.anovapeneira.gal\\\/\",\"logo\":{\"@type\":\"ImageObject\",\"inLanguage\":\"gl-ES\",\"@id\":\"https:\\\/\\\/www.anovapeneira.gal\\\/#\\\/schema\\\/logo\\\/image\\\/\",\"url\":\"http:\\\/\\\/www.anovapeneira.gal\\\/wp-content\\\/uploads\\\/2019\\\/06\\\/logo_a_nova_peneira_portal_web.png\",\"contentUrl\":\"http:\\\/\\\/www.anovapeneira.gal\\\/wp-content\\\/uploads\\\/2019\\\/06\\\/logo_a_nova_peneira_portal_web.png\",\"width\":300,\"height\":100,\"caption\":\"A Nova Peneira\"},\"image\":{\"@id\":\"https:\\\/\\\/www.anovapeneira.gal\\\/#\\\/schema\\\/logo\\\/image\\\/\"},\"sameAs\":[\"https:\\\/\\\/www.facebook.com\\\/anovapeneira\",\"https:\\\/\\\/x.com\\\/APeneira\"]},{\"@type\":\"Person\",\"@id\":\"https:\\\/\\\/www.anovapeneira.gal\\\/#\\\/schema\\\/person\\\/b051ed40cfc100e281476674783b32fc\",\"name\":\"Baldomero Iglesias Dobarrio, Mero\",\"image\":{\"@type\":\"ImageObject\",\"inLanguage\":\"gl-ES\",\"@id\":\"https:\\\/\\\/secure.gravatar.com\\\/avatar\\\/ca78fc089f8cf28197f88de2c9ac213e2f7d2097d8e359d9359b8778b539c59d?s=96&d=mm&r=g\",\"url\":\"https:\\\/\\\/secure.gravatar.com\\\/avatar\\\/ca78fc089f8cf28197f88de2c9ac213e2f7d2097d8e359d9359b8778b539c59d?s=96&d=mm&r=g\",\"contentUrl\":\"https:\\\/\\\/secure.gravatar.com\\\/avatar\\\/ca78fc089f8cf28197f88de2c9ac213e2f7d2097d8e359d9359b8778b539c59d?s=96&d=mm&r=g\",\"caption\":\"Baldomero Iglesias Dobarrio, Mero\"},\"sameAs\":[\"http:\\\/\\\/anovapeneira.gal\"],\"url\":\"https:\\\/\\\/www.anovapeneira.gal\\\/index.php\\\/author\\\/opinionmero\\\/\"}]}<\/script>\n<!-- \/ Yoast SEO plugin. -->","yoast_head_json":{"title":"Volver pola fouce -","robots":{"index":"index","follow":"follow","max-snippet":"max-snippet:-1","max-image-preview":"max-image-preview:large","max-video-preview":"max-video-preview:-1"},"canonical":"https:\/\/www.anovapeneira.gal\/index.php\/2023\/09\/22\/volver-pola-fouce\/","og_locale":"gl_ES","og_type":"article","og_title":"Volver pola fouce -","og_description":"arece ser que houbo unha proposta no Congreso a favor das linguas minoritarias ou perif\u00e9ricas, como din para si no seu embigo. A dereita bota fume ante tal ousad\u00eda, xa est\u00e1n organizando manifestaci\u00f3ns en contra. A s\u00faa democracia foi sempre de pico para f\u00f3ra [...]","og_url":"https:\/\/www.anovapeneira.gal\/index.php\/2023\/09\/22\/volver-pola-fouce\/","article_publisher":"https:\/\/www.facebook.com\/anovapeneira","article_published_time":"2023-09-22T08:00:40+00:00","og_image":[{"width":720,"height":473,"url":"https:\/\/www.anovapeneira.gal\/wp-content\/uploads\/2019\/07\/ARTIGO_DE_OPINION_A_NOVA_PENEIRA.jpg","type":"image\/jpeg"}],"author":"Baldomero Iglesias Dobarrio, Mero","twitter_card":"summary_large_image","twitter_image":"https:\/\/www.anovapeneira.gal\/wp-content\/uploads\/2019\/07\/ARTIGO_DE_OPINION_A_NOVA_PENEIRA.jpg","twitter_creator":"@APeneira","twitter_site":"@APeneira","twitter_misc":{"Escrito por":"Baldomero Iglesias Dobarrio, Mero","Tempo de lectura":"5 minutos"},"schema":{"@context":"https:\/\/schema.org","@graph":[{"@type":"Article","@id":"https:\/\/www.anovapeneira.gal\/index.php\/2023\/09\/22\/volver-pola-fouce\/#article","isPartOf":{"@id":"https:\/\/www.anovapeneira.gal\/index.php\/2023\/09\/22\/volver-pola-fouce\/"},"author":{"name":"Baldomero Iglesias Dobarrio, Mero","@id":"https:\/\/www.anovapeneira.gal\/#\/schema\/person\/b051ed40cfc100e281476674783b32fc"},"headline":"Volver pola fouce","datePublished":"2023-09-22T08:00:40+00:00","mainEntityOfPage":{"@id":"https:\/\/www.anovapeneira.gal\/index.php\/2023\/09\/22\/volver-pola-fouce\/"},"wordCount":912,"commentCount":0,"publisher":{"@id":"https:\/\/www.anovapeneira.gal\/#organization"},"image":{"@id":"https:\/\/www.anovapeneira.gal\/index.php\/2023\/09\/22\/volver-pola-fouce\/#primaryimage"},"thumbnailUrl":"https:\/\/www.anovapeneira.gal\/wp-content\/uploads\/2019\/07\/ARTIGO_DE_OPINION_A_NOVA_PENEIRA.jpg","articleSection":["Artigos de opini\u00f3n"],"inLanguage":"gl-ES","potentialAction":[{"@type":"CommentAction","name":"Comment","target":["https:\/\/www.anovapeneira.gal\/index.php\/2023\/09\/22\/volver-pola-fouce\/#respond"]}]},{"@type":"WebPage","@id":"https:\/\/www.anovapeneira.gal\/index.php\/2023\/09\/22\/volver-pola-fouce\/","url":"https:\/\/www.anovapeneira.gal\/index.php\/2023\/09\/22\/volver-pola-fouce\/","name":"Volver pola fouce -","isPartOf":{"@id":"https:\/\/www.anovapeneira.gal\/#website"},"primaryImageOfPage":{"@id":"https:\/\/www.anovapeneira.gal\/index.php\/2023\/09\/22\/volver-pola-fouce\/#primaryimage"},"image":{"@id":"https:\/\/www.anovapeneira.gal\/index.php\/2023\/09\/22\/volver-pola-fouce\/#primaryimage"},"thumbnailUrl":"https:\/\/www.anovapeneira.gal\/wp-content\/uploads\/2019\/07\/ARTIGO_DE_OPINION_A_NOVA_PENEIRA.jpg","datePublished":"2023-09-22T08:00:40+00:00","breadcrumb":{"@id":"https:\/\/www.anovapeneira.gal\/index.php\/2023\/09\/22\/volver-pola-fouce\/#breadcrumb"},"inLanguage":"gl-ES","potentialAction":[{"@type":"ReadAction","target":["https:\/\/www.anovapeneira.gal\/index.php\/2023\/09\/22\/volver-pola-fouce\/"]}]},{"@type":"ImageObject","inLanguage":"gl-ES","@id":"https:\/\/www.anovapeneira.gal\/index.php\/2023\/09\/22\/volver-pola-fouce\/#primaryimage","url":"https:\/\/www.anovapeneira.gal\/wp-content\/uploads\/2019\/07\/ARTIGO_DE_OPINION_A_NOVA_PENEIRA.jpg","contentUrl":"https:\/\/www.anovapeneira.gal\/wp-content\/uploads\/2019\/07\/ARTIGO_DE_OPINION_A_NOVA_PENEIRA.jpg","width":720,"height":473,"caption":"Artigo de opini\u00f3n A Nova Peneira"},{"@type":"BreadcrumbList","@id":"https:\/\/www.anovapeneira.gal\/index.php\/2023\/09\/22\/volver-pola-fouce\/#breadcrumb","itemListElement":[{"@type":"ListItem","position":1,"name":"Portada","item":"https:\/\/www.anovapeneira.gal\/"},{"@type":"ListItem","position":2,"name":"Volver pola fouce"}]},{"@type":"WebSite","@id":"https:\/\/www.anovapeneira.gal\/#website","url":"https:\/\/www.anovapeneira.gal\/","name":"","description":"Xornal galego de informaci\u00f3n xeral Publicaci\u00f3n mensual de novas de Galicia e en especial dos Concellos da sur da provincia de Pontevedra.","publisher":{"@id":"https:\/\/www.anovapeneira.gal\/#organization"},"potentialAction":[{"@type":"SearchAction","target":{"@type":"EntryPoint","urlTemplate":"https:\/\/www.anovapeneira.gal\/?s={search_term_string}"},"query-input":{"@type":"PropertyValueSpecification","valueRequired":true,"valueName":"search_term_string"}}],"inLanguage":"gl-ES"},{"@type":"Organization","@id":"https:\/\/www.anovapeneira.gal\/#organization","name":"A Nova Peneira","url":"https:\/\/www.anovapeneira.gal\/","logo":{"@type":"ImageObject","inLanguage":"gl-ES","@id":"https:\/\/www.anovapeneira.gal\/#\/schema\/logo\/image\/","url":"http:\/\/www.anovapeneira.gal\/wp-content\/uploads\/2019\/06\/logo_a_nova_peneira_portal_web.png","contentUrl":"http:\/\/www.anovapeneira.gal\/wp-content\/uploads\/2019\/06\/logo_a_nova_peneira_portal_web.png","width":300,"height":100,"caption":"A Nova Peneira"},"image":{"@id":"https:\/\/www.anovapeneira.gal\/#\/schema\/logo\/image\/"},"sameAs":["https:\/\/www.facebook.com\/anovapeneira","https:\/\/x.com\/APeneira"]},{"@type":"Person","@id":"https:\/\/www.anovapeneira.gal\/#\/schema\/person\/b051ed40cfc100e281476674783b32fc","name":"Baldomero Iglesias Dobarrio, Mero","image":{"@type":"ImageObject","inLanguage":"gl-ES","@id":"https:\/\/secure.gravatar.com\/avatar\/ca78fc089f8cf28197f88de2c9ac213e2f7d2097d8e359d9359b8778b539c59d?s=96&d=mm&r=g","url":"https:\/\/secure.gravatar.com\/avatar\/ca78fc089f8cf28197f88de2c9ac213e2f7d2097d8e359d9359b8778b539c59d?s=96&d=mm&r=g","contentUrl":"https:\/\/secure.gravatar.com\/avatar\/ca78fc089f8cf28197f88de2c9ac213e2f7d2097d8e359d9359b8778b539c59d?s=96&d=mm&r=g","caption":"Baldomero Iglesias Dobarrio, Mero"},"sameAs":["http:\/\/anovapeneira.gal"],"url":"https:\/\/www.anovapeneira.gal\/index.php\/author\/opinionmero\/"}]}},"jetpack_featured_media_url":"https:\/\/www.anovapeneira.gal\/wp-content\/uploads\/2019\/07\/ARTIGO_DE_OPINION_A_NOVA_PENEIRA.jpg","_links":{"self":[{"href":"https:\/\/www.anovapeneira.gal\/index.php\/wp-json\/wp\/v2\/posts\/10461","targetHints":{"allow":["GET"]}}],"collection":[{"href":"https:\/\/www.anovapeneira.gal\/index.php\/wp-json\/wp\/v2\/posts"}],"about":[{"href":"https:\/\/www.anovapeneira.gal\/index.php\/wp-json\/wp\/v2\/types\/post"}],"author":[{"embeddable":true,"href":"https:\/\/www.anovapeneira.gal\/index.php\/wp-json\/wp\/v2\/users\/5"}],"replies":[{"embeddable":true,"href":"https:\/\/www.anovapeneira.gal\/index.php\/wp-json\/wp\/v2\/comments?post=10461"}],"version-history":[{"count":2,"href":"https:\/\/www.anovapeneira.gal\/index.php\/wp-json\/wp\/v2\/posts\/10461\/revisions"}],"predecessor-version":[{"id":10463,"href":"https:\/\/www.anovapeneira.gal\/index.php\/wp-json\/wp\/v2\/posts\/10461\/revisions\/10463"}],"wp:featuredmedia":[{"embeddable":true,"href":"https:\/\/www.anovapeneira.gal\/index.php\/wp-json\/wp\/v2\/media\/584"}],"wp:attachment":[{"href":"https:\/\/www.anovapeneira.gal\/index.php\/wp-json\/wp\/v2\/media?parent=10461"}],"wp:term":[{"taxonomy":"category","embeddable":true,"href":"https:\/\/www.anovapeneira.gal\/index.php\/wp-json\/wp\/v2\/categories?post=10461"},{"taxonomy":"post_tag","embeddable":true,"href":"https:\/\/www.anovapeneira.gal\/index.php\/wp-json\/wp\/v2\/tags?post=10461"}],"curies":[{"name":"wp","href":"https:\/\/api.w.org\/{rel}","templated":true}]}}