{"id":10464,"date":"2023-09-22T12:00:07","date_gmt":"2023-09-22T10:00:07","guid":{"rendered":"https:\/\/www.anovapeneira.gal\/?p=10464"},"modified":"2023-09-20T10:05:25","modified_gmt":"2023-09-20T08:05:25","slug":"bifaces-de-cuarzo-atopados-na-praia-de-canido-datan-aos-primeiros-habitantes-de-vigo-no-paleolitico","status":"publish","type":"post","link":"https:\/\/www.anovapeneira.gal\/index.php\/2023\/09\/22\/bifaces-de-cuarzo-atopados-na-praia-de-canido-datan-aos-primeiros-habitantes-de-vigo-no-paleolitico\/","title":{"rendered":"Bifaces de cuarzo atopados na praia de Canido datan aos primeiros habitantes de Vigo no paleol\u00edtico"},"content":{"rendered":"\n<h2 class=\"wp-block-heading\">Devanceiros de veci\u00f1os e veci\u00f1as de Vigo pensaron por primeira vez, fai uns 150000 anos, que este sitio era precioso para vivir, e aqu\u00ed quedaron. Isto dinnos os restos arqueol\u00f3xicos atopados na praia de Canido. Emprazamento que est\u00e1 en perigo por unhas obras de portos polas que se poden destru\u00edr as posibles orixes da cidade ol\u00edvica.<\/h2>\n\n\n\n<p><strong>Para saber m\u00e1is sobre estes restos falamos co seu descubridor, Emilio Rodr\u00edguez, m\u00e1is co\u00f1ecido como Milucho.<\/strong><\/p>\n\n\n\n<h2 class=\"wp-block-heading\">\u201c<em><strong>Quero facer un chamamento \u00e1s autoridades competentes para realizar as probas necesarias, e as\u00ed poder protexer este lugar\u201d<\/strong><\/em><\/h2>\n\n\n\n<p><strong>Emilio, f\u00e1lanos un pouco de ti e do tema a tratar nesta entrevista.<\/strong><\/p>\n\n\n\n<blockquote class=\"wp-block-quote is-layout-flow wp-block-quote-is-layout-flow\">\n<p>Son afeccionado \u00e1 arqueolox\u00eda desde neno. Levo desde os 11, 12 anos recollendo e coleccionando pedras que son pezas antigas das que fago rexistro para ter un seguimento.<\/p>\n<\/blockquote>\n\n\n\n<p><strong>Es colaborador do Museo Mar de Vigo e axudas en escavaci\u00f3ns de diferentes restos arqueol\u00f3xicos polo mundo adiante. F\u00e1lame destes xacementos.<\/strong><\/p>\n\n\n\n<blockquote class=\"wp-block-quote is-layout-flow wp-block-quote-is-layout-flow\">\n<p>Traballo e colaboro con xacementos arqueol\u00f3xicos, sobre todo do paleol\u00edtico. Traballei en Porto Maior de As Neves, que \u00e9 o xacemento m\u00e1is antigo de Galicia. No das G\u00e1ndaras de Budi\u00f1o en Porri\u00f1o, en Ambrona de Soria ou en Francia.<\/p>\n<\/blockquote>\n\n\n\n<p><strong>F\u00e1lanos do descubrimento arqueol\u00f3xico que fixeches na praia de Canido no ano 2015.<\/strong><\/p>\n\n\n\n<blockquote class=\"wp-block-quote is-layout-flow wp-block-quote-is-layout-flow\">\n<p>Este achado \u00e9 o m\u00e1is antigo de Vigo e dos m\u00e1is antigos de Galicia. Xacementos paleol\u00edticos de este calibre, como o de Canido, non hai moitos.<\/p>\n<\/blockquote>\n\n\n\n<blockquote class=\"wp-block-quote is-layout-flow wp-block-quote-is-layout-flow\">\n<p>Para ver este xacemento ten que estar a marea moi baixa. Eu xa sab\u00eda del nos anos 80 que foi cando empecei a atopar e recoller pezas. Logo emigrei, estiven 10 anos en Am\u00e9rica e ao volver retomei esta procura. Debido \u00e1 importancia das pezas comuniquei este achado e rexistrouse no ano 2016 na Xunta de Galicia como xacemento paleol\u00edtico, e o m\u00e1is antigo de Vigo. Supo\u00f1emos que aqu\u00ed empezou a orixe da cidade de Vigo, que este asentamento foi o dos primeiros poboadores da cidade.<\/p>\n\n\n\n<figure class=\"wp-block-image size-large\"><img loading=\"lazy\" decoding=\"async\" width=\"1024\" height=\"461\" src=\"https:\/\/www.anovapeneira.gal\/wp-content\/uploads\/2023\/09\/Arqueoloxia-2-1024x461.jpg\" alt=\"\" class=\"wp-image-10466\" srcset=\"https:\/\/www.anovapeneira.gal\/wp-content\/uploads\/2023\/09\/Arqueoloxia-2-1024x461.jpg 1024w, https:\/\/www.anovapeneira.gal\/wp-content\/uploads\/2023\/09\/Arqueoloxia-2-300x135.jpg 300w, https:\/\/www.anovapeneira.gal\/wp-content\/uploads\/2023\/09\/Arqueoloxia-2-768x346.jpg 768w, https:\/\/www.anovapeneira.gal\/wp-content\/uploads\/2023\/09\/Arqueoloxia-2.jpg 1280w\" sizes=\"auto, (max-width: 1024px) 100vw, 1024px\" \/><\/figure>\n<\/blockquote>\n\n\n\n<p><strong>En que ano se data este xacemento?<\/strong><\/p>\n\n\n\n<blockquote class=\"wp-block-quote is-layout-flow wp-block-quote-is-layout-flow\">\n<p>Os arque\u00f3logos d\u00e1tano entre 150000 e 200000 anos.<\/p>\n<\/blockquote>\n\n\n\n<p><strong>Que probas facedes para saber a \u00e1 antig\u00fcidade deste achado?<\/strong><\/p>\n\n\n\n<blockquote class=\"wp-block-quote is-layout-flow wp-block-quote-is-layout-flow\">\n<p>Este xacemento non est\u00e1 escavado. Todo o que se recolleu foi en superficie. Foron pezas atopadas entre as rocas e no areal. Sabemos a antig\u00fcidade en base \u00e1 morfolox\u00eda da industria l\u00edtica atopada, por comparaci\u00f3n con outras pezas da \u00e9poca.<\/p>\n<\/blockquote>\n\n\n\n<p><strong>Parte das pezas deste xacemento est\u00e1n expostas no Museo Mar de Vigo, verdade?<\/strong><\/p>\n\n\n\n<blockquote class=\"wp-block-quote is-layout-flow wp-block-quote-is-layout-flow\">\n<p>Si. Todo o que recoll\u00edn despois do ano 1983 foi entregado ao Museo Mar de Vigo. Este material est\u00e1 introducido na exposici\u00f3n permanente que se chama \u201cMare Nostrum\u201d. Estas pezas son as m\u00e1is antigas e as que inician a exposici\u00f3n.<\/p>\n<\/blockquote>\n\n\n\n<p><strong>As covas de Altamira te\u00f1en uns 26000 anos de antig\u00fcidade, son co\u00f1ecidas en todo o mundo e declaradas Patrimonio da Humanidade pola Unesco. Por que non pasa isto con este xacemento en Vigo? Porque non est\u00e1 catalogado e protexido?<\/strong><\/p>\n\n\n\n<blockquote class=\"wp-block-quote is-layout-flow wp-block-quote-is-layout-flow\">\n<p>Pois este xacemento a\u00ednda non est\u00e1 inclu\u00eddo como restos arqueol\u00f3xicos na web do concello a pesar de que foi rexistrado na Xunta de Galicia e te\u00f1en constancia del. Que non o incl\u00faan e non estea protexido \u00e9 un problema grave para a s\u00faa subsistencia . Obras do porto ten un proxecto encima deste xacemento que o pon en perigo. No ano 2020 estivo unha draga durante 15 d\u00edas sacando terra e movendo unha chea de pezas que logo as esparexeron pola r\u00eda, diante da illa de Ons. Isto, en certo xeito, o que fai \u00e9 contaminar a nosa historia porque est\u00e1n a mover pezas orixinais de Canido a un emprazamento diferente. Para facer esta dragaxe utilizaron unha carta n\u00e1utica anterior ao rexistro do xacemento, a do ano 2015. Desde ent\u00f3n est\u00e1 todo parado, non volveron facer nada m\u00e1is. N\u00f3s fomos a patrimonio do Concello de Vigo e de diferentes autoridades a dar constancia disto e de momento non sabemos nada m\u00e1is.<\/p>\n<\/blockquote>\n\n\n\n<p><strong>Cando est\u00e1 a marea alta, este xacemento non \u00e9 visible. Tanto subiu o nivel do mar nestes 200000 anos? Como era esta zona naqueles tempos?<\/strong><\/p>\n\n\n\n<blockquote class=\"wp-block-quote is-layout-flow wp-block-quote-is-layout-flow\">\n<p>Fai uns 150000 anos o nivel do mar estaba 120 M m\u00e1is baixo. As illas C\u00edes non eran illas. O que agora \u00e9 a R\u00eda de Vigo, que naceu hai 15.000 anos, era un Val polo que discorr\u00eda o r\u00edo Verdugo. A este Val chegaron estes hom\u00ednidos e asent\u00e1ronse. Entendemos que porque era unha zona que lles proporcionaba comida e abrigo. Pola cantidade de pezas atopadas, miles, sabemos que estiveron moito tempo e l\u00e9vanos a pensar que foron os primeiros poboadores da cidade de Vigo provenientes de \u00c1frica.<\/p>\n<\/blockquote>\n\n\n\n<p><strong>E como chegaron ata aqu\u00ed?<\/strong><\/p>\n\n\n\n<blockquote class=\"wp-block-quote is-layout-flow wp-block-quote-is-layout-flow\">\n<p>Toda a ocupaci\u00f3n de Europa v\u00e9n de \u00c1frica. Estes humanos doutra especie eran n\u00f3mades e ao longo dos anos, estes grupos familiares f\u00f3ronse desprazando cami\u00f1ando, probablemente pola costa de Portugal por onde chegaron a Porto Maior, as pezas atopadas neste xacemento s\u00f3 se atoparon iguais en \u00c1frica.<\/p>\n<\/blockquote>\n\n\n\n<p><strong>F\u00e1lame da particularidade destas pezas atopadas aqu\u00ed en Canido, as da foto<\/strong>.<\/p>\n\n\n\n<blockquote class=\"wp-block-quote is-layout-flow wp-block-quote-is-layout-flow\">\n<p>Estas pezas ch\u00e1manse bifaces, coa particularidade que son de cuarzo. No resto da pen\u00ednsula as pezas atopadas son de s\u00edlex, que era un material f\u00e1cil de traballar, ten unha rotura concoide e rompe como o cristal. Aqu\u00ed en Galicia non hai s\u00edlex, os nosos devanceiros usaban a calcita que \u00e9 moito peor de tallar. Por alg\u00fan motivo o xacemento de Canido ten unha extensi\u00f3n moi grande e moit\u00edsimos bifaces de cuarzo, non se atoparon moitos no mundo con estas peculiaridades.<\/p>\n<\/blockquote>\n\n\n\n<p><strong>Despois de 7 anos deste descubrimento do que se fixeron eco os medios de comunicaci\u00f3n, tanto en prensa escrita como en radio ou a televisi\u00f3n de Galicia, por que estamos a falar agora desde descubrimento?<\/strong><\/p>\n\n\n\n<pre class=\"wp-block-verse\">Porque quero facer un chamamento \u00e1s autoridades competentes tanto de patrimonio do Concello de Vigo como da Xunta de Galicia para que po\u00f1an os medios necesarios para poder escavar, facer un estudo de luminiscencia, uranio, torio ou as probas pertinentes necesarias da zona para poder verificar con exactitude e protexer este lugar e as\u00ed parar estas obras de portos coas que se vai destru\u00edr a metade deste xacemento fundacional de Vigo.<\/pre>\n\n\n\n<blockquote class=\"wp-block-quote is-layout-flow wp-block-quote-is-layout-flow\">\n<p>Queremos falar con Estudos Vigueses tam\u00e9n e estamos intentando montar unha Fundaci\u00f3n para poder protexer estes restos arqueol\u00f3xicos e dalo a co\u00f1ecer entre vigueses e viguesas para que se unan a n\u00f3s nesta andaina.<\/p>\n<\/blockquote>\n","protected":false},"excerpt":{"rendered":"<div class=\"mh-excerpt\"><p>Devanceiros de veci\u00f1os e veci\u00f1as de Vigo pensaron por primeira vez, fai uns 150000 anos, que este sitio era precioso para vivir, e aqu\u00ed quedaron <a class=\"mh-excerpt-more\" href=\"https:\/\/www.anovapeneira.gal\/index.php\/2023\/09\/22\/bifaces-de-cuarzo-atopados-na-praia-de-canido-datan-aos-primeiros-habitantes-de-vigo-no-paleolitico\/\" title=\"Bifaces de cuarzo atopados na praia de Canido datan aos primeiros habitantes de Vigo no paleol\u00edtico\">[&#8230;]<\/a><\/p>\n<\/div>","protected":false},"author":17,"featured_media":10465,"comment_status":"open","ping_status":"open","sticky":false,"template":"","format":"standard","meta":{"_exactmetrics_skip_tracking":false,"_exactmetrics_sitenote_active":false,"_exactmetrics_sitenote_note":"","_exactmetrics_sitenote_category":0,"footnotes":""},"categories":[19],"tags":[227],"class_list":{"0":"post-10464","1":"post","2":"type-post","3":"status-publish","4":"format-standard","5":"has-post-thumbnail","7":"category-vigo","8":"tag-concello-de-vigo"},"yoast_head":"<!-- This site is optimized with the Yoast SEO plugin v27.5 - https:\/\/yoast.com\/product\/yoast-seo-wordpress\/ -->\n<title>Bifaces de cuarzo atopados na praia de Canido datan aos primeiros habitantes de Vigo no paleol\u00edtico -<\/title>\n<meta name=\"description\" content=\"Devanceiros de veci\u00f1os e veci\u00f1as de Vigo pensaron por primeira vez, fai uns 150000 anos, que este sitio era precioso para vivir, e aqu\u00ed quedaron\" \/>\n<meta name=\"robots\" content=\"index, follow, max-snippet:-1, max-image-preview:large, max-video-preview:-1\" \/>\n<link rel=\"canonical\" href=\"https:\/\/www.anovapeneira.gal\/index.php\/2023\/09\/22\/bifaces-de-cuarzo-atopados-na-praia-de-canido-datan-aos-primeiros-habitantes-de-vigo-no-paleolitico\/\" \/>\n<meta property=\"og:locale\" content=\"gl_ES\" \/>\n<meta property=\"og:type\" content=\"article\" \/>\n<meta property=\"og:title\" content=\"Bifaces de cuarzo atopados na praia de Canido datan aos primeiros habitantes de Vigo no paleol\u00edtico -\" \/>\n<meta property=\"og:description\" content=\"Devanceiros de veci\u00f1os e veci\u00f1as de Vigo pensaron por primeira vez, fai uns 150000 anos, que este sitio era precioso para vivir, e aqu\u00ed quedaron\" \/>\n<meta property=\"og:url\" content=\"https:\/\/www.anovapeneira.gal\/index.php\/2023\/09\/22\/bifaces-de-cuarzo-atopados-na-praia-de-canido-datan-aos-primeiros-habitantes-de-vigo-no-paleolitico\/\" \/>\n<meta property=\"article:publisher\" content=\"https:\/\/www.facebook.com\/anovapeneira\" \/>\n<meta property=\"article:published_time\" content=\"2023-09-22T10:00:07+00:00\" \/>\n<meta property=\"og:image\" content=\"https:\/\/www.anovapeneira.gal\/wp-content\/uploads\/2023\/09\/cuarzo_praia_canido.jpg\" \/>\n\t<meta property=\"og:image:width\" content=\"720\" \/>\n\t<meta property=\"og:image:height\" content=\"432\" \/>\n\t<meta property=\"og:image:type\" content=\"image\/jpeg\" \/>\n<meta name=\"author\" content=\"G. Figueiredo\" \/>\n<meta name=\"twitter:card\" content=\"summary_large_image\" \/>\n<meta name=\"twitter:creator\" content=\"@APeneira\" \/>\n<meta name=\"twitter:site\" content=\"@APeneira\" \/>\n<meta name=\"twitter:label1\" content=\"Escrito por\" \/>\n\t<meta name=\"twitter:data1\" content=\"G. Figueiredo\" \/>\n\t<meta name=\"twitter:label2\" content=\"Tempo de lectura\" \/>\n\t<meta name=\"twitter:data2\" content=\"2 minutos\" \/>\n<script type=\"application\/ld+json\" class=\"yoast-schema-graph\">{\"@context\":\"https:\\\/\\\/schema.org\",\"@graph\":[{\"@type\":\"Article\",\"@id\":\"https:\\\/\\\/www.anovapeneira.gal\\\/index.php\\\/2023\\\/09\\\/22\\\/bifaces-de-cuarzo-atopados-na-praia-de-canido-datan-aos-primeiros-habitantes-de-vigo-no-paleolitico\\\/#article\",\"isPartOf\":{\"@id\":\"https:\\\/\\\/www.anovapeneira.gal\\\/index.php\\\/2023\\\/09\\\/22\\\/bifaces-de-cuarzo-atopados-na-praia-de-canido-datan-aos-primeiros-habitantes-de-vigo-no-paleolitico\\\/\"},\"author\":{\"name\":\"G. Figueiredo\",\"@id\":\"https:\\\/\\\/www.anovapeneira.gal\\\/#\\\/schema\\\/person\\\/42f904d7cac80cf3f5a31494dd82a9b6\"},\"headline\":\"Bifaces de cuarzo atopados na praia de Canido datan aos primeiros habitantes de Vigo no paleol\u00edtico\",\"datePublished\":\"2023-09-22T10:00:07+00:00\",\"mainEntityOfPage\":{\"@id\":\"https:\\\/\\\/www.anovapeneira.gal\\\/index.php\\\/2023\\\/09\\\/22\\\/bifaces-de-cuarzo-atopados-na-praia-de-canido-datan-aos-primeiros-habitantes-de-vigo-no-paleolitico\\\/\"},\"wordCount\":1034,\"commentCount\":0,\"publisher\":{\"@id\":\"https:\\\/\\\/www.anovapeneira.gal\\\/#organization\"},\"image\":{\"@id\":\"https:\\\/\\\/www.anovapeneira.gal\\\/index.php\\\/2023\\\/09\\\/22\\\/bifaces-de-cuarzo-atopados-na-praia-de-canido-datan-aos-primeiros-habitantes-de-vigo-no-paleolitico\\\/#primaryimage\"},\"thumbnailUrl\":\"https:\\\/\\\/www.anovapeneira.gal\\\/wp-content\\\/uploads\\\/2023\\\/09\\\/cuarzo_praia_canido.jpg\",\"keywords\":[\"Concello de Vigo\"],\"articleSection\":[\"Vigo\"],\"inLanguage\":\"gl-ES\",\"potentialAction\":[{\"@type\":\"CommentAction\",\"name\":\"Comment\",\"target\":[\"https:\\\/\\\/www.anovapeneira.gal\\\/index.php\\\/2023\\\/09\\\/22\\\/bifaces-de-cuarzo-atopados-na-praia-de-canido-datan-aos-primeiros-habitantes-de-vigo-no-paleolitico\\\/#respond\"]}]},{\"@type\":\"WebPage\",\"@id\":\"https:\\\/\\\/www.anovapeneira.gal\\\/index.php\\\/2023\\\/09\\\/22\\\/bifaces-de-cuarzo-atopados-na-praia-de-canido-datan-aos-primeiros-habitantes-de-vigo-no-paleolitico\\\/\",\"url\":\"https:\\\/\\\/www.anovapeneira.gal\\\/index.php\\\/2023\\\/09\\\/22\\\/bifaces-de-cuarzo-atopados-na-praia-de-canido-datan-aos-primeiros-habitantes-de-vigo-no-paleolitico\\\/\",\"name\":\"Bifaces de cuarzo atopados na praia de Canido datan aos primeiros habitantes de Vigo no paleol\u00edtico -\",\"isPartOf\":{\"@id\":\"https:\\\/\\\/www.anovapeneira.gal\\\/#website\"},\"primaryImageOfPage\":{\"@id\":\"https:\\\/\\\/www.anovapeneira.gal\\\/index.php\\\/2023\\\/09\\\/22\\\/bifaces-de-cuarzo-atopados-na-praia-de-canido-datan-aos-primeiros-habitantes-de-vigo-no-paleolitico\\\/#primaryimage\"},\"image\":{\"@id\":\"https:\\\/\\\/www.anovapeneira.gal\\\/index.php\\\/2023\\\/09\\\/22\\\/bifaces-de-cuarzo-atopados-na-praia-de-canido-datan-aos-primeiros-habitantes-de-vigo-no-paleolitico\\\/#primaryimage\"},\"thumbnailUrl\":\"https:\\\/\\\/www.anovapeneira.gal\\\/wp-content\\\/uploads\\\/2023\\\/09\\\/cuarzo_praia_canido.jpg\",\"datePublished\":\"2023-09-22T10:00:07+00:00\",\"description\":\"Devanceiros de veci\u00f1os e veci\u00f1as de Vigo pensaron por primeira vez, fai uns 150000 anos, que este sitio era precioso para vivir, e aqu\u00ed quedaron\",\"breadcrumb\":{\"@id\":\"https:\\\/\\\/www.anovapeneira.gal\\\/index.php\\\/2023\\\/09\\\/22\\\/bifaces-de-cuarzo-atopados-na-praia-de-canido-datan-aos-primeiros-habitantes-de-vigo-no-paleolitico\\\/#breadcrumb\"},\"inLanguage\":\"gl-ES\",\"potentialAction\":[{\"@type\":\"ReadAction\",\"target\":[\"https:\\\/\\\/www.anovapeneira.gal\\\/index.php\\\/2023\\\/09\\\/22\\\/bifaces-de-cuarzo-atopados-na-praia-de-canido-datan-aos-primeiros-habitantes-de-vigo-no-paleolitico\\\/\"]}]},{\"@type\":\"ImageObject\",\"inLanguage\":\"gl-ES\",\"@id\":\"https:\\\/\\\/www.anovapeneira.gal\\\/index.php\\\/2023\\\/09\\\/22\\\/bifaces-de-cuarzo-atopados-na-praia-de-canido-datan-aos-primeiros-habitantes-de-vigo-no-paleolitico\\\/#primaryimage\",\"url\":\"https:\\\/\\\/www.anovapeneira.gal\\\/wp-content\\\/uploads\\\/2023\\\/09\\\/cuarzo_praia_canido.jpg\",\"contentUrl\":\"https:\\\/\\\/www.anovapeneira.gal\\\/wp-content\\\/uploads\\\/2023\\\/09\\\/cuarzo_praia_canido.jpg\",\"width\":720,\"height\":432,\"caption\":\"Bifaces de cuarzo atopados na praia de Canido datan aos primeiros habitantes de Vigo no paleol\u00edtico\"},{\"@type\":\"BreadcrumbList\",\"@id\":\"https:\\\/\\\/www.anovapeneira.gal\\\/index.php\\\/2023\\\/09\\\/22\\\/bifaces-de-cuarzo-atopados-na-praia-de-canido-datan-aos-primeiros-habitantes-de-vigo-no-paleolitico\\\/#breadcrumb\",\"itemListElement\":[{\"@type\":\"ListItem\",\"position\":1,\"name\":\"Portada\",\"item\":\"https:\\\/\\\/www.anovapeneira.gal\\\/\"},{\"@type\":\"ListItem\",\"position\":2,\"name\":\"Bifaces de cuarzo atopados na praia de Canido datan aos primeiros habitantes de Vigo no paleol\u00edtico\"}]},{\"@type\":\"WebSite\",\"@id\":\"https:\\\/\\\/www.anovapeneira.gal\\\/#website\",\"url\":\"https:\\\/\\\/www.anovapeneira.gal\\\/\",\"name\":\"\",\"description\":\"Xornal galego de informaci\u00f3n xeral Publicaci\u00f3n mensual de novas de Galicia e en especial dos Concellos da sur da provincia de Pontevedra.\",\"publisher\":{\"@id\":\"https:\\\/\\\/www.anovapeneira.gal\\\/#organization\"},\"potentialAction\":[{\"@type\":\"SearchAction\",\"target\":{\"@type\":\"EntryPoint\",\"urlTemplate\":\"https:\\\/\\\/www.anovapeneira.gal\\\/?s={search_term_string}\"},\"query-input\":{\"@type\":\"PropertyValueSpecification\",\"valueRequired\":true,\"valueName\":\"search_term_string\"}}],\"inLanguage\":\"gl-ES\"},{\"@type\":\"Organization\",\"@id\":\"https:\\\/\\\/www.anovapeneira.gal\\\/#organization\",\"name\":\"A Nova Peneira\",\"url\":\"https:\\\/\\\/www.anovapeneira.gal\\\/\",\"logo\":{\"@type\":\"ImageObject\",\"inLanguage\":\"gl-ES\",\"@id\":\"https:\\\/\\\/www.anovapeneira.gal\\\/#\\\/schema\\\/logo\\\/image\\\/\",\"url\":\"http:\\\/\\\/www.anovapeneira.gal\\\/wp-content\\\/uploads\\\/2019\\\/06\\\/logo_a_nova_peneira_portal_web.png\",\"contentUrl\":\"http:\\\/\\\/www.anovapeneira.gal\\\/wp-content\\\/uploads\\\/2019\\\/06\\\/logo_a_nova_peneira_portal_web.png\",\"width\":300,\"height\":100,\"caption\":\"A Nova Peneira\"},\"image\":{\"@id\":\"https:\\\/\\\/www.anovapeneira.gal\\\/#\\\/schema\\\/logo\\\/image\\\/\"},\"sameAs\":[\"https:\\\/\\\/www.facebook.com\\\/anovapeneira\",\"https:\\\/\\\/x.com\\\/APeneira\"]},{\"@type\":\"Person\",\"@id\":\"https:\\\/\\\/www.anovapeneira.gal\\\/#\\\/schema\\\/person\\\/42f904d7cac80cf3f5a31494dd82a9b6\",\"name\":\"G. Figueiredo\",\"image\":{\"@type\":\"ImageObject\",\"inLanguage\":\"gl-ES\",\"@id\":\"https:\\\/\\\/secure.gravatar.com\\\/avatar\\\/2d970086688458e0398ef8b84f5cbb8cc1ec3ab115aeb8435135a9f556af97b3?s=96&d=mm&r=g\",\"url\":\"https:\\\/\\\/secure.gravatar.com\\\/avatar\\\/2d970086688458e0398ef8b84f5cbb8cc1ec3ab115aeb8435135a9f556af97b3?s=96&d=mm&r=g\",\"contentUrl\":\"https:\\\/\\\/secure.gravatar.com\\\/avatar\\\/2d970086688458e0398ef8b84f5cbb8cc1ec3ab115aeb8435135a9f556af97b3?s=96&d=mm&r=g\",\"caption\":\"G. Figueiredo\"},\"sameAs\":[\"http:\\\/\\\/www.anovapeneira.gal\\\/\"],\"url\":\"https:\\\/\\\/www.anovapeneira.gal\\\/index.php\\\/author\\\/g-figueiredo\\\/\"}]}<\/script>\n<!-- \/ Yoast SEO plugin. -->","yoast_head_json":{"title":"Bifaces de cuarzo atopados na praia de Canido datan aos primeiros habitantes de Vigo no paleol\u00edtico -","description":"Devanceiros de veci\u00f1os e veci\u00f1as de Vigo pensaron por primeira vez, fai uns 150000 anos, que este sitio era precioso para vivir, e aqu\u00ed quedaron","robots":{"index":"index","follow":"follow","max-snippet":"max-snippet:-1","max-image-preview":"max-image-preview:large","max-video-preview":"max-video-preview:-1"},"canonical":"https:\/\/www.anovapeneira.gal\/index.php\/2023\/09\/22\/bifaces-de-cuarzo-atopados-na-praia-de-canido-datan-aos-primeiros-habitantes-de-vigo-no-paleolitico\/","og_locale":"gl_ES","og_type":"article","og_title":"Bifaces de cuarzo atopados na praia de Canido datan aos primeiros habitantes de Vigo no paleol\u00edtico -","og_description":"Devanceiros de veci\u00f1os e veci\u00f1as de Vigo pensaron por primeira vez, fai uns 150000 anos, que este sitio era precioso para vivir, e aqu\u00ed quedaron","og_url":"https:\/\/www.anovapeneira.gal\/index.php\/2023\/09\/22\/bifaces-de-cuarzo-atopados-na-praia-de-canido-datan-aos-primeiros-habitantes-de-vigo-no-paleolitico\/","article_publisher":"https:\/\/www.facebook.com\/anovapeneira","article_published_time":"2023-09-22T10:00:07+00:00","og_image":[{"width":720,"height":432,"url":"https:\/\/www.anovapeneira.gal\/wp-content\/uploads\/2023\/09\/cuarzo_praia_canido.jpg","type":"image\/jpeg"}],"author":"G. Figueiredo","twitter_card":"summary_large_image","twitter_creator":"@APeneira","twitter_site":"@APeneira","twitter_misc":{"Escrito por":"G. Figueiredo","Tempo de lectura":"2 minutos"},"schema":{"@context":"https:\/\/schema.org","@graph":[{"@type":"Article","@id":"https:\/\/www.anovapeneira.gal\/index.php\/2023\/09\/22\/bifaces-de-cuarzo-atopados-na-praia-de-canido-datan-aos-primeiros-habitantes-de-vigo-no-paleolitico\/#article","isPartOf":{"@id":"https:\/\/www.anovapeneira.gal\/index.php\/2023\/09\/22\/bifaces-de-cuarzo-atopados-na-praia-de-canido-datan-aos-primeiros-habitantes-de-vigo-no-paleolitico\/"},"author":{"name":"G. Figueiredo","@id":"https:\/\/www.anovapeneira.gal\/#\/schema\/person\/42f904d7cac80cf3f5a31494dd82a9b6"},"headline":"Bifaces de cuarzo atopados na praia de Canido datan aos primeiros habitantes de Vigo no paleol\u00edtico","datePublished":"2023-09-22T10:00:07+00:00","mainEntityOfPage":{"@id":"https:\/\/www.anovapeneira.gal\/index.php\/2023\/09\/22\/bifaces-de-cuarzo-atopados-na-praia-de-canido-datan-aos-primeiros-habitantes-de-vigo-no-paleolitico\/"},"wordCount":1034,"commentCount":0,"publisher":{"@id":"https:\/\/www.anovapeneira.gal\/#organization"},"image":{"@id":"https:\/\/www.anovapeneira.gal\/index.php\/2023\/09\/22\/bifaces-de-cuarzo-atopados-na-praia-de-canido-datan-aos-primeiros-habitantes-de-vigo-no-paleolitico\/#primaryimage"},"thumbnailUrl":"https:\/\/www.anovapeneira.gal\/wp-content\/uploads\/2023\/09\/cuarzo_praia_canido.jpg","keywords":["Concello de Vigo"],"articleSection":["Vigo"],"inLanguage":"gl-ES","potentialAction":[{"@type":"CommentAction","name":"Comment","target":["https:\/\/www.anovapeneira.gal\/index.php\/2023\/09\/22\/bifaces-de-cuarzo-atopados-na-praia-de-canido-datan-aos-primeiros-habitantes-de-vigo-no-paleolitico\/#respond"]}]},{"@type":"WebPage","@id":"https:\/\/www.anovapeneira.gal\/index.php\/2023\/09\/22\/bifaces-de-cuarzo-atopados-na-praia-de-canido-datan-aos-primeiros-habitantes-de-vigo-no-paleolitico\/","url":"https:\/\/www.anovapeneira.gal\/index.php\/2023\/09\/22\/bifaces-de-cuarzo-atopados-na-praia-de-canido-datan-aos-primeiros-habitantes-de-vigo-no-paleolitico\/","name":"Bifaces de cuarzo atopados na praia de Canido datan aos primeiros habitantes de Vigo no paleol\u00edtico -","isPartOf":{"@id":"https:\/\/www.anovapeneira.gal\/#website"},"primaryImageOfPage":{"@id":"https:\/\/www.anovapeneira.gal\/index.php\/2023\/09\/22\/bifaces-de-cuarzo-atopados-na-praia-de-canido-datan-aos-primeiros-habitantes-de-vigo-no-paleolitico\/#primaryimage"},"image":{"@id":"https:\/\/www.anovapeneira.gal\/index.php\/2023\/09\/22\/bifaces-de-cuarzo-atopados-na-praia-de-canido-datan-aos-primeiros-habitantes-de-vigo-no-paleolitico\/#primaryimage"},"thumbnailUrl":"https:\/\/www.anovapeneira.gal\/wp-content\/uploads\/2023\/09\/cuarzo_praia_canido.jpg","datePublished":"2023-09-22T10:00:07+00:00","description":"Devanceiros de veci\u00f1os e veci\u00f1as de Vigo pensaron por primeira vez, fai uns 150000 anos, que este sitio era precioso para vivir, e aqu\u00ed quedaron","breadcrumb":{"@id":"https:\/\/www.anovapeneira.gal\/index.php\/2023\/09\/22\/bifaces-de-cuarzo-atopados-na-praia-de-canido-datan-aos-primeiros-habitantes-de-vigo-no-paleolitico\/#breadcrumb"},"inLanguage":"gl-ES","potentialAction":[{"@type":"ReadAction","target":["https:\/\/www.anovapeneira.gal\/index.php\/2023\/09\/22\/bifaces-de-cuarzo-atopados-na-praia-de-canido-datan-aos-primeiros-habitantes-de-vigo-no-paleolitico\/"]}]},{"@type":"ImageObject","inLanguage":"gl-ES","@id":"https:\/\/www.anovapeneira.gal\/index.php\/2023\/09\/22\/bifaces-de-cuarzo-atopados-na-praia-de-canido-datan-aos-primeiros-habitantes-de-vigo-no-paleolitico\/#primaryimage","url":"https:\/\/www.anovapeneira.gal\/wp-content\/uploads\/2023\/09\/cuarzo_praia_canido.jpg","contentUrl":"https:\/\/www.anovapeneira.gal\/wp-content\/uploads\/2023\/09\/cuarzo_praia_canido.jpg","width":720,"height":432,"caption":"Bifaces de cuarzo atopados na praia de Canido datan aos primeiros habitantes de Vigo no paleol\u00edtico"},{"@type":"BreadcrumbList","@id":"https:\/\/www.anovapeneira.gal\/index.php\/2023\/09\/22\/bifaces-de-cuarzo-atopados-na-praia-de-canido-datan-aos-primeiros-habitantes-de-vigo-no-paleolitico\/#breadcrumb","itemListElement":[{"@type":"ListItem","position":1,"name":"Portada","item":"https:\/\/www.anovapeneira.gal\/"},{"@type":"ListItem","position":2,"name":"Bifaces de cuarzo atopados na praia de Canido datan aos primeiros habitantes de Vigo no paleol\u00edtico"}]},{"@type":"WebSite","@id":"https:\/\/www.anovapeneira.gal\/#website","url":"https:\/\/www.anovapeneira.gal\/","name":"","description":"Xornal galego de informaci\u00f3n xeral Publicaci\u00f3n mensual de novas de Galicia e en especial dos Concellos da sur da provincia de Pontevedra.","publisher":{"@id":"https:\/\/www.anovapeneira.gal\/#organization"},"potentialAction":[{"@type":"SearchAction","target":{"@type":"EntryPoint","urlTemplate":"https:\/\/www.anovapeneira.gal\/?s={search_term_string}"},"query-input":{"@type":"PropertyValueSpecification","valueRequired":true,"valueName":"search_term_string"}}],"inLanguage":"gl-ES"},{"@type":"Organization","@id":"https:\/\/www.anovapeneira.gal\/#organization","name":"A Nova Peneira","url":"https:\/\/www.anovapeneira.gal\/","logo":{"@type":"ImageObject","inLanguage":"gl-ES","@id":"https:\/\/www.anovapeneira.gal\/#\/schema\/logo\/image\/","url":"http:\/\/www.anovapeneira.gal\/wp-content\/uploads\/2019\/06\/logo_a_nova_peneira_portal_web.png","contentUrl":"http:\/\/www.anovapeneira.gal\/wp-content\/uploads\/2019\/06\/logo_a_nova_peneira_portal_web.png","width":300,"height":100,"caption":"A Nova Peneira"},"image":{"@id":"https:\/\/www.anovapeneira.gal\/#\/schema\/logo\/image\/"},"sameAs":["https:\/\/www.facebook.com\/anovapeneira","https:\/\/x.com\/APeneira"]},{"@type":"Person","@id":"https:\/\/www.anovapeneira.gal\/#\/schema\/person\/42f904d7cac80cf3f5a31494dd82a9b6","name":"G. Figueiredo","image":{"@type":"ImageObject","inLanguage":"gl-ES","@id":"https:\/\/secure.gravatar.com\/avatar\/2d970086688458e0398ef8b84f5cbb8cc1ec3ab115aeb8435135a9f556af97b3?s=96&d=mm&r=g","url":"https:\/\/secure.gravatar.com\/avatar\/2d970086688458e0398ef8b84f5cbb8cc1ec3ab115aeb8435135a9f556af97b3?s=96&d=mm&r=g","contentUrl":"https:\/\/secure.gravatar.com\/avatar\/2d970086688458e0398ef8b84f5cbb8cc1ec3ab115aeb8435135a9f556af97b3?s=96&d=mm&r=g","caption":"G. Figueiredo"},"sameAs":["http:\/\/www.anovapeneira.gal\/"],"url":"https:\/\/www.anovapeneira.gal\/index.php\/author\/g-figueiredo\/"}]}},"jetpack_featured_media_url":"https:\/\/www.anovapeneira.gal\/wp-content\/uploads\/2023\/09\/cuarzo_praia_canido.jpg","_links":{"self":[{"href":"https:\/\/www.anovapeneira.gal\/index.php\/wp-json\/wp\/v2\/posts\/10464","targetHints":{"allow":["GET"]}}],"collection":[{"href":"https:\/\/www.anovapeneira.gal\/index.php\/wp-json\/wp\/v2\/posts"}],"about":[{"href":"https:\/\/www.anovapeneira.gal\/index.php\/wp-json\/wp\/v2\/types\/post"}],"author":[{"embeddable":true,"href":"https:\/\/www.anovapeneira.gal\/index.php\/wp-json\/wp\/v2\/users\/17"}],"replies":[{"embeddable":true,"href":"https:\/\/www.anovapeneira.gal\/index.php\/wp-json\/wp\/v2\/comments?post=10464"}],"version-history":[{"count":1,"href":"https:\/\/www.anovapeneira.gal\/index.php\/wp-json\/wp\/v2\/posts\/10464\/revisions"}],"predecessor-version":[{"id":10467,"href":"https:\/\/www.anovapeneira.gal\/index.php\/wp-json\/wp\/v2\/posts\/10464\/revisions\/10467"}],"wp:featuredmedia":[{"embeddable":true,"href":"https:\/\/www.anovapeneira.gal\/index.php\/wp-json\/wp\/v2\/media\/10465"}],"wp:attachment":[{"href":"https:\/\/www.anovapeneira.gal\/index.php\/wp-json\/wp\/v2\/media?parent=10464"}],"wp:term":[{"taxonomy":"category","embeddable":true,"href":"https:\/\/www.anovapeneira.gal\/index.php\/wp-json\/wp\/v2\/categories?post=10464"},{"taxonomy":"post_tag","embeddable":true,"href":"https:\/\/www.anovapeneira.gal\/index.php\/wp-json\/wp\/v2\/tags?post=10464"}],"curies":[{"name":"wp","href":"https:\/\/api.w.org\/{rel}","templated":true}]}}