{"id":10469,"date":"2023-09-25T10:00:25","date_gmt":"2023-09-25T08:00:25","guid":{"rendered":"https:\/\/www.anovapeneira.gal\/?p=10469"},"modified":"2023-09-21T09:43:55","modified_gmt":"2023-09-21T07:43:55","slug":"jose-tizon-adestrador-do-choco","status":"publish","type":"post","link":"https:\/\/www.anovapeneira.gal\/index.php\/2023\/09\/25\/jose-tizon-adestrador-do-choco\/","title":{"rendered":"Jos\u00e9 Tiz\u00f3n adestrador do Choco"},"content":{"rendered":"\n<p><strong>Despois do descenso da pasada temporada moitas cousas mudaron no noso querido equipo: temos presidenta e temos novo adestrador. A ela xa a co\u00f1ecemos, xa pasou polas nosas p\u00e1xinas, e agora imos co\u00f1ecer a este bereteiro que \u00e9 adestrador desde moi novo, sente paix\u00f3n polo f\u00fatbol e am\u00f3sase moi ilusionado en facer unha longa carreira profesional adestrando ao Choco.<\/strong><\/p>\n\n\n\n<p>\u201c <strong>O noso obxectivo, sen presi\u00f3n pero sen l\u00edmites, \u00e9 pelexar na zona alta da t\u00e1boa \u201d<\/strong><\/p>\n\n\n\n<p><strong>Acabas de comezar no Choco, esta \u00e9 a t\u00faa primeira temporada, pero ti xa tes unha longa traxectoria como adestrador..<\/strong><\/p>\n\n\n\n<blockquote class=\"wp-block-quote is-layout-flow wp-block-quote-is-layout-flow\">\n<p>Abof\u00e9. Estiven no Val Mi\u00f1or, na canteira do Celta, no Atios, no Alondras e un ano de segundo adestrador do Boiro na antiga segunda B.<\/p>\n<\/blockquote>\n\n\n\n<p><strong>Ti es novo, tes 41 anos, tiveches que comezar a adestrar moi pronto?<\/strong><\/p>\n\n\n\n<blockquote class=\"wp-block-quote is-layout-flow wp-block-quote-is-layout-flow\">\n<p>Pois si, aos 19 anos.<\/p>\n<\/blockquote>\n\n\n\n<p><strong>Creo que a t\u00faa relaci\u00f3n co Choco \u00e9 parecida \u00e1 desas parellas que pasan moito tempo fac\u00e9ndose as beiras, pero o un polo outro ning\u00fan se decide, e ao final non se acaba de concretar?<\/strong><\/p>\n\n\n\n<blockquote class=\"wp-block-quote is-layout-flow wp-block-quote-is-layout-flow\">\n<p>Ha ha ha ha..Non sei se \u00e9 exactamente as\u00ed, pero si, o certo \u00e9 que hai un par de anos xa estiven cerca de vir.<\/p>\n<\/blockquote>\n\n\n\n<p><strong>Como tes artellado o equipo este ano<\/strong><\/p>\n\n\n\n<blockquote class=\"wp-block-quote is-layout-flow wp-block-quote-is-layout-flow\">\n<p>Fixemos unha plantilla longa, temos 22 xogadores, para podermos competir ben durante todo o ano, pois sempre hai baixas, e non tirar moito dos xuven\u00eds que compiten na divisi\u00f3n de honra. Entendo que temos un equipo compensado e que imos facer un bo ano, estou seguro de que vai ser as\u00ed.<\/p>\n<\/blockquote>\n\n\n\n<p><strong>Os m\u00edticos Cortegoso e Comis son como Iago Aspas no Celta, incombustibles&#8230;?<\/strong><\/p>\n\n\n\n<blockquote class=\"wp-block-quote is-layout-flow wp-block-quote-is-layout-flow\">\n<p>No momento en que me chamaron tiven claro a necesidade de que eses dous xogadores que mencionas fosen pezas importantes do equipo.<\/p>\n<\/blockquote>\n\n\n\n<p><strong>A preferente \u00e9 tan dif\u00edcil como din?<\/strong><\/p>\n\n\n\n<blockquote class=\"wp-block-quote is-layout-flow wp-block-quote-is-layout-flow\">\n<p>Non, \u00e9o m\u00e1is a\u00ednda. De feito \u00e9 unha das mi\u00f1as teimas m\u00e1is importantes e que lle trato de transmitir aos xogadores: A categor\u00eda \u00e9 tremendamente dif\u00edcil, tanto \u00e9 as\u00ed que dos 20 \u00faltimos equipos que descenderon s\u00f3 dous lograron ascender ao ano seguinte.<\/p>\n<\/blockquote>\n\n\n\n<p><strong>Como tes artellado o traballo coa canteira?<\/strong><\/p>\n\n\n\n<blockquote class=\"wp-block-quote is-layout-flow wp-block-quote-is-layout-flow\">\n<p>Para min \u00e9 importante, si. Vou facer todo o que poida para captar e recuperar aos xogadores de Redondela que nos poidan axudar a acadar os obxectivos deportivos que desexamos. Unha boa pol\u00edtica de canteira asegura a viabilidade futura dos equipos. \u00c9 a forma m\u00e1is intelixente de traballar.<\/p>\n<\/blockquote>\n\n\n\n<p><strong>E da afecci\u00f3n de Redondela que nos dis?<\/strong><\/p>\n\n\n\n<blockquote class=\"wp-block-quote is-layout-flow wp-block-quote-is-layout-flow\">\n<p>\u00c9 unha afecci\u00f3n impresionante que xa a \u201c sufr\u00edn \u201c varias veces como visitante. E que estou desexando gozar como local.<\/p>\n<\/blockquote>\n\n\n\n<p><strong>Que valoraci\u00f3n fas do primeiro partido da temporada con derrota 3-2?<\/strong><\/p>\n\n\n\n<blockquote class=\"wp-block-quote is-layout-flow wp-block-quote-is-layout-flow\">\n<p>Foi un partido con moitos picos, moi aberto e que se puido levar calquera. Por desgraza a n\u00f3s f\u00edxonos moito dano o gol que encaixamos no desconto da primeira metade.<\/p>\n<\/blockquote>\n\n\n\n<p><strong>O que parece claro \u00e9 que este ano temos gol?<\/strong><\/p>\n\n\n\n<blockquote class=\"wp-block-quote is-layout-flow wp-block-quote-is-layout-flow\">\n<p>Si, por a\u00ed estou moi tranquilo. Temos que mellorar no eido defensivo.<\/p>\n<\/blockquote>\n\n\n\n<p><strong>Que perspectivas temos para esta temporada?<\/strong><\/p>\n\n\n\n<blockquote class=\"wp-block-quote is-layout-flow wp-block-quote-is-layout-flow\">\n<p>Asegurar a categor\u00eda canto antes. F\u00edxate por exemplo que o ano pasado equipos como o Ver\u00edn, acabado de descender, cuxa meta era claramente o ascenso, pois volveu descender. Insisto Marcos en que esta categor\u00eda \u00e9 terriblemente dif\u00edcil.<\/p>\n<\/blockquote>\n\n\n\n<blockquote class=\"wp-block-quote is-layout-flow wp-block-quote-is-layout-flow\">\n<p>E unha vez conseguida a tranquilidade, a nosa meta debe de ser estarmos na zona alta, pelexar cos equipos de al\u00ed e sen ningunha presi\u00f3n non po\u00f1ernos ning\u00fan tipo de l\u00edmite.<\/p>\n<\/blockquote>\n\n\n\n<p><strong>O 29 de setembro os Chokoslovacos van facer a s\u00faa presentaci\u00f3n oficial como pe\u00f1a .Haber\u00e1 un concerto. Vas deixar que asistan os xogadores?<\/strong><\/p>\n\n\n\n<blockquote class=\"wp-block-quote is-layout-flow wp-block-quote-is-layout-flow\">\n<p>Si, claro. E se estou convidado tam\u00e9n asistirei eu encantado<\/p>\n<\/blockquote>\n\n\n\n<p><strong>Ha ha ha ha ha. Claro que est\u00e1s convidado, toda Redondela est\u00e1 convidada<\/strong><\/p>\n\n\n\n<blockquote class=\"wp-block-quote is-layout-flow wp-block-quote-is-layout-flow\">\n<p>Pois ser\u00e1 un pracer estar na festa chokoslovaca<\/p>\n<\/blockquote>\n","protected":false},"excerpt":{"rendered":"<div class=\"mh-excerpt\"><p>Despois do descenso da pasada temporada moitas cousas mudaron no noso querido equipo: temos presidenta e temos novo adestrador. A ela xa a co\u00f1ecemos, xa pasou polas nosas p\u00e1xinas, e agora imos co\u00f1ecer a este bereteiro que \u00e9 adestrador desde moi novo, sente paix\u00f3n polo f\u00fatbol e am\u00f3sase moi ilusionado en facer unha longa carreira profesional adestrando ao Choco <a class=\"mh-excerpt-more\" href=\"https:\/\/www.anovapeneira.gal\/index.php\/2023\/09\/25\/jose-tizon-adestrador-do-choco\/\" title=\"Jos\u00e9 Tiz\u00f3n adestrador do Choco\">[&#8230;]<\/a><\/p>\n<\/div>","protected":false},"author":6,"featured_media":10470,"comment_status":"open","ping_status":"open","sticky":false,"template":"","format":"standard","meta":{"_exactmetrics_skip_tracking":false,"_exactmetrics_sitenote_active":false,"_exactmetrics_sitenote_note":"","_exactmetrics_sitenote_category":0,"footnotes":""},"categories":[270],"tags":[171],"class_list":{"0":"post-10469","1":"post","2":"type-post","3":"status-publish","4":"format-standard","5":"has-post-thumbnail","7":"category-redondela-entrevistas","8":"tag-concello-de-redondela"},"yoast_head":"<!-- This site is optimized with the Yoast SEO plugin v27.4 - https:\/\/yoast.com\/product\/yoast-seo-wordpress\/ -->\n<title>Jos\u00e9 Tiz\u00f3n adestrador do Choco -<\/title>\n<meta name=\"description\" content=\"Despois do descenso da pasada temporada moitas cousas mudaron no noso querido equipo: temos presidenta e temos novo adestrador. A ela xa a co\u00f1ecemos, xa pasou polas nosas p\u00e1xinas, e agora imos co\u00f1ecer a este bereteiro que \u00e9 adestrador desde moi novo, sente paix\u00f3n polo f\u00fatbol e am\u00f3sase moi ilusionado en facer unha longa carreira profesional adestrando ao Choco\" \/>\n<meta name=\"robots\" content=\"index, follow, max-snippet:-1, max-image-preview:large, max-video-preview:-1\" \/>\n<link rel=\"canonical\" href=\"https:\/\/www.anovapeneira.gal\/index.php\/2023\/09\/25\/jose-tizon-adestrador-do-choco\/\" \/>\n<meta property=\"og:locale\" content=\"gl_ES\" \/>\n<meta property=\"og:type\" content=\"article\" \/>\n<meta property=\"og:title\" content=\"Jos\u00e9 Tiz\u00f3n adestrador do Choco -\" \/>\n<meta property=\"og:description\" content=\"Despois do descenso da pasada temporada moitas cousas mudaron no noso querido equipo: temos presidenta e temos novo adestrador. A ela xa a co\u00f1ecemos, xa pasou polas nosas p\u00e1xinas, e agora imos co\u00f1ecer a este bereteiro que \u00e9 adestrador desde moi novo, sente paix\u00f3n polo f\u00fatbol e am\u00f3sase moi ilusionado en facer unha longa carreira profesional adestrando ao Choco\" \/>\n<meta property=\"og:url\" content=\"https:\/\/www.anovapeneira.gal\/index.php\/2023\/09\/25\/jose-tizon-adestrador-do-choco\/\" \/>\n<meta property=\"article:publisher\" content=\"https:\/\/www.facebook.com\/anovapeneira\" \/>\n<meta property=\"article:published_time\" content=\"2023-09-25T08:00:25+00:00\" \/>\n<meta property=\"og:image\" content=\"https:\/\/www.anovapeneira.gal\/wp-content\/uploads\/2023\/09\/jose_tizon.jpg\" \/>\n\t<meta property=\"og:image:width\" content=\"720\" \/>\n\t<meta property=\"og:image:height\" content=\"432\" \/>\n\t<meta property=\"og:image:type\" content=\"image\/jpeg\" \/>\n<meta name=\"author\" content=\"Marcos Santos\" \/>\n<meta name=\"twitter:card\" content=\"summary_large_image\" \/>\n<meta name=\"twitter:creator\" content=\"@APeneira\" \/>\n<meta name=\"twitter:site\" content=\"@APeneira\" \/>\n<meta name=\"twitter:label1\" content=\"Escrito por\" \/>\n\t<meta name=\"twitter:data1\" content=\"Marcos Santos\" \/>\n\t<meta name=\"twitter:label2\" content=\"Tempo de lectura\" \/>\n\t<meta name=\"twitter:data2\" content=\"2 minutos\" \/>\n<script type=\"application\/ld+json\" class=\"yoast-schema-graph\">{\"@context\":\"https:\\\/\\\/schema.org\",\"@graph\":[{\"@type\":\"Article\",\"@id\":\"https:\\\/\\\/www.anovapeneira.gal\\\/index.php\\\/2023\\\/09\\\/25\\\/jose-tizon-adestrador-do-choco\\\/#article\",\"isPartOf\":{\"@id\":\"https:\\\/\\\/www.anovapeneira.gal\\\/index.php\\\/2023\\\/09\\\/25\\\/jose-tizon-adestrador-do-choco\\\/\"},\"author\":{\"name\":\"Marcos Santos\",\"@id\":\"https:\\\/\\\/www.anovapeneira.gal\\\/#\\\/schema\\\/person\\\/d9d84823564720e7593293bab054e52d\"},\"headline\":\"Jos\u00e9 Tiz\u00f3n adestrador do Choco\",\"datePublished\":\"2023-09-25T08:00:25+00:00\",\"mainEntityOfPage\":{\"@id\":\"https:\\\/\\\/www.anovapeneira.gal\\\/index.php\\\/2023\\\/09\\\/25\\\/jose-tizon-adestrador-do-choco\\\/\"},\"wordCount\":645,\"commentCount\":0,\"publisher\":{\"@id\":\"https:\\\/\\\/www.anovapeneira.gal\\\/#organization\"},\"image\":{\"@id\":\"https:\\\/\\\/www.anovapeneira.gal\\\/index.php\\\/2023\\\/09\\\/25\\\/jose-tizon-adestrador-do-choco\\\/#primaryimage\"},\"thumbnailUrl\":\"https:\\\/\\\/www.anovapeneira.gal\\\/wp-content\\\/uploads\\\/2023\\\/09\\\/jose_tizon.jpg\",\"keywords\":[\"Concello de Redondela\"],\"articleSection\":[\"Redondela\"],\"inLanguage\":\"gl-ES\",\"potentialAction\":[{\"@type\":\"CommentAction\",\"name\":\"Comment\",\"target\":[\"https:\\\/\\\/www.anovapeneira.gal\\\/index.php\\\/2023\\\/09\\\/25\\\/jose-tizon-adestrador-do-choco\\\/#respond\"]}]},{\"@type\":\"WebPage\",\"@id\":\"https:\\\/\\\/www.anovapeneira.gal\\\/index.php\\\/2023\\\/09\\\/25\\\/jose-tizon-adestrador-do-choco\\\/\",\"url\":\"https:\\\/\\\/www.anovapeneira.gal\\\/index.php\\\/2023\\\/09\\\/25\\\/jose-tizon-adestrador-do-choco\\\/\",\"name\":\"Jos\u00e9 Tiz\u00f3n adestrador do Choco -\",\"isPartOf\":{\"@id\":\"https:\\\/\\\/www.anovapeneira.gal\\\/#website\"},\"primaryImageOfPage\":{\"@id\":\"https:\\\/\\\/www.anovapeneira.gal\\\/index.php\\\/2023\\\/09\\\/25\\\/jose-tizon-adestrador-do-choco\\\/#primaryimage\"},\"image\":{\"@id\":\"https:\\\/\\\/www.anovapeneira.gal\\\/index.php\\\/2023\\\/09\\\/25\\\/jose-tizon-adestrador-do-choco\\\/#primaryimage\"},\"thumbnailUrl\":\"https:\\\/\\\/www.anovapeneira.gal\\\/wp-content\\\/uploads\\\/2023\\\/09\\\/jose_tizon.jpg\",\"datePublished\":\"2023-09-25T08:00:25+00:00\",\"description\":\"Despois do descenso da pasada temporada moitas cousas mudaron no noso querido equipo: temos presidenta e temos novo adestrador. A ela xa a co\u00f1ecemos, xa pasou polas nosas p\u00e1xinas, e agora imos co\u00f1ecer a este bereteiro que \u00e9 adestrador desde moi novo, sente paix\u00f3n polo f\u00fatbol e am\u00f3sase moi ilusionado en facer unha longa carreira profesional adestrando ao Choco\",\"breadcrumb\":{\"@id\":\"https:\\\/\\\/www.anovapeneira.gal\\\/index.php\\\/2023\\\/09\\\/25\\\/jose-tizon-adestrador-do-choco\\\/#breadcrumb\"},\"inLanguage\":\"gl-ES\",\"potentialAction\":[{\"@type\":\"ReadAction\",\"target\":[\"https:\\\/\\\/www.anovapeneira.gal\\\/index.php\\\/2023\\\/09\\\/25\\\/jose-tizon-adestrador-do-choco\\\/\"]}]},{\"@type\":\"ImageObject\",\"inLanguage\":\"gl-ES\",\"@id\":\"https:\\\/\\\/www.anovapeneira.gal\\\/index.php\\\/2023\\\/09\\\/25\\\/jose-tizon-adestrador-do-choco\\\/#primaryimage\",\"url\":\"https:\\\/\\\/www.anovapeneira.gal\\\/wp-content\\\/uploads\\\/2023\\\/09\\\/jose_tizon.jpg\",\"contentUrl\":\"https:\\\/\\\/www.anovapeneira.gal\\\/wp-content\\\/uploads\\\/2023\\\/09\\\/jose_tizon.jpg\",\"width\":720,\"height\":432,\"caption\":\"Jos\u00e9 Tiz\u00f3n adestrador do Choco\"},{\"@type\":\"BreadcrumbList\",\"@id\":\"https:\\\/\\\/www.anovapeneira.gal\\\/index.php\\\/2023\\\/09\\\/25\\\/jose-tizon-adestrador-do-choco\\\/#breadcrumb\",\"itemListElement\":[{\"@type\":\"ListItem\",\"position\":1,\"name\":\"Portada\",\"item\":\"https:\\\/\\\/www.anovapeneira.gal\\\/\"},{\"@type\":\"ListItem\",\"position\":2,\"name\":\"Jos\u00e9 Tiz\u00f3n adestrador do Choco\"}]},{\"@type\":\"WebSite\",\"@id\":\"https:\\\/\\\/www.anovapeneira.gal\\\/#website\",\"url\":\"https:\\\/\\\/www.anovapeneira.gal\\\/\",\"name\":\"\",\"description\":\"Xornal galego de informaci\u00f3n xeral Publicaci\u00f3n mensual de novas de Galicia e en especial dos Concellos da sur da provincia de Pontevedra.\",\"publisher\":{\"@id\":\"https:\\\/\\\/www.anovapeneira.gal\\\/#organization\"},\"potentialAction\":[{\"@type\":\"SearchAction\",\"target\":{\"@type\":\"EntryPoint\",\"urlTemplate\":\"https:\\\/\\\/www.anovapeneira.gal\\\/?s={search_term_string}\"},\"query-input\":{\"@type\":\"PropertyValueSpecification\",\"valueRequired\":true,\"valueName\":\"search_term_string\"}}],\"inLanguage\":\"gl-ES\"},{\"@type\":\"Organization\",\"@id\":\"https:\\\/\\\/www.anovapeneira.gal\\\/#organization\",\"name\":\"A Nova Peneira\",\"url\":\"https:\\\/\\\/www.anovapeneira.gal\\\/\",\"logo\":{\"@type\":\"ImageObject\",\"inLanguage\":\"gl-ES\",\"@id\":\"https:\\\/\\\/www.anovapeneira.gal\\\/#\\\/schema\\\/logo\\\/image\\\/\",\"url\":\"http:\\\/\\\/www.anovapeneira.gal\\\/wp-content\\\/uploads\\\/2019\\\/06\\\/logo_a_nova_peneira_portal_web.png\",\"contentUrl\":\"http:\\\/\\\/www.anovapeneira.gal\\\/wp-content\\\/uploads\\\/2019\\\/06\\\/logo_a_nova_peneira_portal_web.png\",\"width\":300,\"height\":100,\"caption\":\"A Nova Peneira\"},\"image\":{\"@id\":\"https:\\\/\\\/www.anovapeneira.gal\\\/#\\\/schema\\\/logo\\\/image\\\/\"},\"sameAs\":[\"https:\\\/\\\/www.facebook.com\\\/anovapeneira\",\"https:\\\/\\\/x.com\\\/APeneira\"]},{\"@type\":\"Person\",\"@id\":\"https:\\\/\\\/www.anovapeneira.gal\\\/#\\\/schema\\\/person\\\/d9d84823564720e7593293bab054e52d\",\"name\":\"Marcos Santos\",\"image\":{\"@type\":\"ImageObject\",\"inLanguage\":\"gl-ES\",\"@id\":\"https:\\\/\\\/secure.gravatar.com\\\/avatar\\\/0e8017099a7a47c0a9d2275e865fe326484561eb3d70649069e4b8e61a8d2e8c?s=96&d=mm&r=g\",\"url\":\"https:\\\/\\\/secure.gravatar.com\\\/avatar\\\/0e8017099a7a47c0a9d2275e865fe326484561eb3d70649069e4b8e61a8d2e8c?s=96&d=mm&r=g\",\"contentUrl\":\"https:\\\/\\\/secure.gravatar.com\\\/avatar\\\/0e8017099a7a47c0a9d2275e865fe326484561eb3d70649069e4b8e61a8d2e8c?s=96&d=mm&r=g\",\"caption\":\"Marcos Santos\"},\"sameAs\":[\"http:\\\/\\\/anovapeneira.gal\"],\"url\":\"https:\\\/\\\/www.anovapeneira.gal\\\/index.php\\\/author\\\/marcos-santos\\\/\"}]}<\/script>\n<!-- \/ Yoast SEO plugin. -->","yoast_head_json":{"title":"Jos\u00e9 Tiz\u00f3n adestrador do Choco -","description":"Despois do descenso da pasada temporada moitas cousas mudaron no noso querido equipo: temos presidenta e temos novo adestrador. A ela xa a co\u00f1ecemos, xa pasou polas nosas p\u00e1xinas, e agora imos co\u00f1ecer a este bereteiro que \u00e9 adestrador desde moi novo, sente paix\u00f3n polo f\u00fatbol e am\u00f3sase moi ilusionado en facer unha longa carreira profesional adestrando ao Choco","robots":{"index":"index","follow":"follow","max-snippet":"max-snippet:-1","max-image-preview":"max-image-preview:large","max-video-preview":"max-video-preview:-1"},"canonical":"https:\/\/www.anovapeneira.gal\/index.php\/2023\/09\/25\/jose-tizon-adestrador-do-choco\/","og_locale":"gl_ES","og_type":"article","og_title":"Jos\u00e9 Tiz\u00f3n adestrador do Choco -","og_description":"Despois do descenso da pasada temporada moitas cousas mudaron no noso querido equipo: temos presidenta e temos novo adestrador. A ela xa a co\u00f1ecemos, xa pasou polas nosas p\u00e1xinas, e agora imos co\u00f1ecer a este bereteiro que \u00e9 adestrador desde moi novo, sente paix\u00f3n polo f\u00fatbol e am\u00f3sase moi ilusionado en facer unha longa carreira profesional adestrando ao Choco","og_url":"https:\/\/www.anovapeneira.gal\/index.php\/2023\/09\/25\/jose-tizon-adestrador-do-choco\/","article_publisher":"https:\/\/www.facebook.com\/anovapeneira","article_published_time":"2023-09-25T08:00:25+00:00","og_image":[{"width":720,"height":432,"url":"https:\/\/www.anovapeneira.gal\/wp-content\/uploads\/2023\/09\/jose_tizon.jpg","type":"image\/jpeg"}],"author":"Marcos Santos","twitter_card":"summary_large_image","twitter_creator":"@APeneira","twitter_site":"@APeneira","twitter_misc":{"Escrito por":"Marcos Santos","Tempo de lectura":"2 minutos"},"schema":{"@context":"https:\/\/schema.org","@graph":[{"@type":"Article","@id":"https:\/\/www.anovapeneira.gal\/index.php\/2023\/09\/25\/jose-tizon-adestrador-do-choco\/#article","isPartOf":{"@id":"https:\/\/www.anovapeneira.gal\/index.php\/2023\/09\/25\/jose-tizon-adestrador-do-choco\/"},"author":{"name":"Marcos Santos","@id":"https:\/\/www.anovapeneira.gal\/#\/schema\/person\/d9d84823564720e7593293bab054e52d"},"headline":"Jos\u00e9 Tiz\u00f3n adestrador do Choco","datePublished":"2023-09-25T08:00:25+00:00","mainEntityOfPage":{"@id":"https:\/\/www.anovapeneira.gal\/index.php\/2023\/09\/25\/jose-tizon-adestrador-do-choco\/"},"wordCount":645,"commentCount":0,"publisher":{"@id":"https:\/\/www.anovapeneira.gal\/#organization"},"image":{"@id":"https:\/\/www.anovapeneira.gal\/index.php\/2023\/09\/25\/jose-tizon-adestrador-do-choco\/#primaryimage"},"thumbnailUrl":"https:\/\/www.anovapeneira.gal\/wp-content\/uploads\/2023\/09\/jose_tizon.jpg","keywords":["Concello de Redondela"],"articleSection":["Redondela"],"inLanguage":"gl-ES","potentialAction":[{"@type":"CommentAction","name":"Comment","target":["https:\/\/www.anovapeneira.gal\/index.php\/2023\/09\/25\/jose-tizon-adestrador-do-choco\/#respond"]}]},{"@type":"WebPage","@id":"https:\/\/www.anovapeneira.gal\/index.php\/2023\/09\/25\/jose-tizon-adestrador-do-choco\/","url":"https:\/\/www.anovapeneira.gal\/index.php\/2023\/09\/25\/jose-tizon-adestrador-do-choco\/","name":"Jos\u00e9 Tiz\u00f3n adestrador do Choco -","isPartOf":{"@id":"https:\/\/www.anovapeneira.gal\/#website"},"primaryImageOfPage":{"@id":"https:\/\/www.anovapeneira.gal\/index.php\/2023\/09\/25\/jose-tizon-adestrador-do-choco\/#primaryimage"},"image":{"@id":"https:\/\/www.anovapeneira.gal\/index.php\/2023\/09\/25\/jose-tizon-adestrador-do-choco\/#primaryimage"},"thumbnailUrl":"https:\/\/www.anovapeneira.gal\/wp-content\/uploads\/2023\/09\/jose_tizon.jpg","datePublished":"2023-09-25T08:00:25+00:00","description":"Despois do descenso da pasada temporada moitas cousas mudaron no noso querido equipo: temos presidenta e temos novo adestrador. A ela xa a co\u00f1ecemos, xa pasou polas nosas p\u00e1xinas, e agora imos co\u00f1ecer a este bereteiro que \u00e9 adestrador desde moi novo, sente paix\u00f3n polo f\u00fatbol e am\u00f3sase moi ilusionado en facer unha longa carreira profesional adestrando ao Choco","breadcrumb":{"@id":"https:\/\/www.anovapeneira.gal\/index.php\/2023\/09\/25\/jose-tizon-adestrador-do-choco\/#breadcrumb"},"inLanguage":"gl-ES","potentialAction":[{"@type":"ReadAction","target":["https:\/\/www.anovapeneira.gal\/index.php\/2023\/09\/25\/jose-tizon-adestrador-do-choco\/"]}]},{"@type":"ImageObject","inLanguage":"gl-ES","@id":"https:\/\/www.anovapeneira.gal\/index.php\/2023\/09\/25\/jose-tizon-adestrador-do-choco\/#primaryimage","url":"https:\/\/www.anovapeneira.gal\/wp-content\/uploads\/2023\/09\/jose_tizon.jpg","contentUrl":"https:\/\/www.anovapeneira.gal\/wp-content\/uploads\/2023\/09\/jose_tizon.jpg","width":720,"height":432,"caption":"Jos\u00e9 Tiz\u00f3n adestrador do Choco"},{"@type":"BreadcrumbList","@id":"https:\/\/www.anovapeneira.gal\/index.php\/2023\/09\/25\/jose-tizon-adestrador-do-choco\/#breadcrumb","itemListElement":[{"@type":"ListItem","position":1,"name":"Portada","item":"https:\/\/www.anovapeneira.gal\/"},{"@type":"ListItem","position":2,"name":"Jos\u00e9 Tiz\u00f3n adestrador do Choco"}]},{"@type":"WebSite","@id":"https:\/\/www.anovapeneira.gal\/#website","url":"https:\/\/www.anovapeneira.gal\/","name":"","description":"Xornal galego de informaci\u00f3n xeral Publicaci\u00f3n mensual de novas de Galicia e en especial dos Concellos da sur da provincia de Pontevedra.","publisher":{"@id":"https:\/\/www.anovapeneira.gal\/#organization"},"potentialAction":[{"@type":"SearchAction","target":{"@type":"EntryPoint","urlTemplate":"https:\/\/www.anovapeneira.gal\/?s={search_term_string}"},"query-input":{"@type":"PropertyValueSpecification","valueRequired":true,"valueName":"search_term_string"}}],"inLanguage":"gl-ES"},{"@type":"Organization","@id":"https:\/\/www.anovapeneira.gal\/#organization","name":"A Nova Peneira","url":"https:\/\/www.anovapeneira.gal\/","logo":{"@type":"ImageObject","inLanguage":"gl-ES","@id":"https:\/\/www.anovapeneira.gal\/#\/schema\/logo\/image\/","url":"http:\/\/www.anovapeneira.gal\/wp-content\/uploads\/2019\/06\/logo_a_nova_peneira_portal_web.png","contentUrl":"http:\/\/www.anovapeneira.gal\/wp-content\/uploads\/2019\/06\/logo_a_nova_peneira_portal_web.png","width":300,"height":100,"caption":"A Nova Peneira"},"image":{"@id":"https:\/\/www.anovapeneira.gal\/#\/schema\/logo\/image\/"},"sameAs":["https:\/\/www.facebook.com\/anovapeneira","https:\/\/x.com\/APeneira"]},{"@type":"Person","@id":"https:\/\/www.anovapeneira.gal\/#\/schema\/person\/d9d84823564720e7593293bab054e52d","name":"Marcos Santos","image":{"@type":"ImageObject","inLanguage":"gl-ES","@id":"https:\/\/secure.gravatar.com\/avatar\/0e8017099a7a47c0a9d2275e865fe326484561eb3d70649069e4b8e61a8d2e8c?s=96&d=mm&r=g","url":"https:\/\/secure.gravatar.com\/avatar\/0e8017099a7a47c0a9d2275e865fe326484561eb3d70649069e4b8e61a8d2e8c?s=96&d=mm&r=g","contentUrl":"https:\/\/secure.gravatar.com\/avatar\/0e8017099a7a47c0a9d2275e865fe326484561eb3d70649069e4b8e61a8d2e8c?s=96&d=mm&r=g","caption":"Marcos Santos"},"sameAs":["http:\/\/anovapeneira.gal"],"url":"https:\/\/www.anovapeneira.gal\/index.php\/author\/marcos-santos\/"}]}},"jetpack_featured_media_url":"https:\/\/www.anovapeneira.gal\/wp-content\/uploads\/2023\/09\/jose_tizon.jpg","_links":{"self":[{"href":"https:\/\/www.anovapeneira.gal\/index.php\/wp-json\/wp\/v2\/posts\/10469","targetHints":{"allow":["GET"]}}],"collection":[{"href":"https:\/\/www.anovapeneira.gal\/index.php\/wp-json\/wp\/v2\/posts"}],"about":[{"href":"https:\/\/www.anovapeneira.gal\/index.php\/wp-json\/wp\/v2\/types\/post"}],"author":[{"embeddable":true,"href":"https:\/\/www.anovapeneira.gal\/index.php\/wp-json\/wp\/v2\/users\/6"}],"replies":[{"embeddable":true,"href":"https:\/\/www.anovapeneira.gal\/index.php\/wp-json\/wp\/v2\/comments?post=10469"}],"version-history":[{"count":1,"href":"https:\/\/www.anovapeneira.gal\/index.php\/wp-json\/wp\/v2\/posts\/10469\/revisions"}],"predecessor-version":[{"id":10471,"href":"https:\/\/www.anovapeneira.gal\/index.php\/wp-json\/wp\/v2\/posts\/10469\/revisions\/10471"}],"wp:featuredmedia":[{"embeddable":true,"href":"https:\/\/www.anovapeneira.gal\/index.php\/wp-json\/wp\/v2\/media\/10470"}],"wp:attachment":[{"href":"https:\/\/www.anovapeneira.gal\/index.php\/wp-json\/wp\/v2\/media?parent=10469"}],"wp:term":[{"taxonomy":"category","embeddable":true,"href":"https:\/\/www.anovapeneira.gal\/index.php\/wp-json\/wp\/v2\/categories?post=10469"},{"taxonomy":"post_tag","embeddable":true,"href":"https:\/\/www.anovapeneira.gal\/index.php\/wp-json\/wp\/v2\/tags?post=10469"}],"curies":[{"name":"wp","href":"https:\/\/api.w.org\/{rel}","templated":true}]}}