{"id":10486,"date":"2023-09-26T12:00:55","date_gmt":"2023-09-26T10:00:55","guid":{"rendered":"https:\/\/www.anovapeneira.gal\/?p=10486"},"modified":"2023-09-25T09:59:33","modified_gmt":"2023-09-25T07:59:33","slug":"cousas-de-salvaterra-10","status":"publish","type":"post","link":"https:\/\/www.anovapeneira.gal\/index.php\/2023\/09\/26\/cousas-de-salvaterra-10\/","title":{"rendered":"Cousas de Salvaterra"},"content":{"rendered":"\n<h2 class=\"wp-block-heading\">Guerra Restauraci\u00f3n Portuguesa, ano 1644. (Ven de xullo pasado).<\/h2>\n\n\n\n<figure class=\"wp-block-image size-full is-resized\"><img loading=\"lazy\" decoding=\"async\" src=\"https:\/\/www.anovapeneira.gal\/wp-content\/uploads\/2022\/08\/opinion_anton_saque.jpg\" alt=\"Ant\u00f3n Lourenzo, veci\u00f1o da Vila\" class=\"wp-image-8006\" style=\"width:105px;height:126px\" width=\"105\" height=\"126\"\/><figcaption class=\"wp-element-caption\">Ant\u00f3n Lourenzo, veci\u00f1o da Vila<\/figcaption><\/figure>\n\n\n\n<p>\u2026Seguiu a esta entrada, outra que fixo o Tenente de Mestre de Campo Xeneral Francisco de Fran\u00e7a, no que queimou Bangueses e Freixo, grandes lugares do interior. O Marqu\u00e9s de T\u00e1vora, procurando a satisfacci\u00f3n deses danos, determinou queimar as poboaci\u00f3ns de Lanhelas, Seixas e Gandar\u00e9m, situadas na ribeira do Mi\u00f1o, entre Vila Nova e Caminha, sen m\u00e1is defensa que unha frouxa trincheira e sen m\u00e1is guarnici\u00f3n que a dos moradores, gobernados por Antonio de Azevedo, Capit\u00e1n da Ordenanza. O inimigo para divertir o noso socorro, armou cantidade de barcos en Tui, na Garda e en Forcadela. Os de Tui puxeran os galegos frente de Valen\u00e7a, os de Forcadela de Vila Nova e os da Garda entraran coa marea pola barra de Caminha pondo a proa na parte do r\u00edo destinada o embarque e desembarque de persoas e mercador\u00edas. Determinaron queimar alg\u00fans barcos que estaban nese lugar, sen embargo, estorbados por algunhas balas de artiller\u00eda, desistir\u00e1n deste empresa. Os que avistaran as entradas doutros portos, non fixeron m\u00e1is que disparar algunhas roqueiras, (can\u00f3ns que tiraban pelouros de pedra), con estas aparencias ficaron o descuberto, ent\u00f3n o Conde de Castell Melhor, prevendo que os ataques foren a m\u00e1is, mandou a Duquin\u00e9 con 90 cabalos, orden\u00e1ndolle que marchara pola ribeira do Minho abaixo e socorrese calquera dos lugares que o inimigo atacase.<\/p>\n\n\n\n<p>Nesta altura sa\u00edra do lugar de Tamuxe, Don Lu\u00eds Odriseo, Sarxento Maior do Terzo de D. Antonio Saavedra con mil Infantes escollidos, que embarcou en sete barcazas e outros moitos barcos pondo con gran decisi\u00f3n proa a Lanhelas. Os moradores vendo a proximidade do perigo determinaron resistir defend\u00e9ndose con grande perigo das s\u00faas vidas, de tal maneira que en canto os primeiros galegos saltaran a terra, envest\u00edronos con tanto valor que inda que pronto perderon 25 homes, acomet\u00e9ronos nunha segunda avanzada, axudados polas bocas de fogo da trincheira de Lanhelas e obrig\u00e1ronos a coiteladas a virar as costas.<\/p>\n\n\n\n<p>Neste barullo en que se meteron, os galegos fixeron encallar os barcos e o querer socorrelos e non conseguilo polo grande dano recibido das balas que se disparaban dende Lanhelas, retir\u00e1ronse con grandes perdas de m\u00e1is de 600 homes, ficaron 50 prisioneiros, entre eles, un Sarxento Maior e catro Capit\u00e1ns de Infanter\u00eda. Despois de retirarse os galegos, chegou Duquin\u00e9 que puxo un pouco m\u00e1is de orde na defensa.<\/p>\n\n\n\n<p>O Conde, pasado este suceso, mandou queimar alg\u00fans lugares de Galiza polo Capit\u00e1n Antonio de Abreu, que serv\u00eda en Melga\u00e7o. Queimou a vila de S. Xo\u00e1n de Crespos e outras poboaci\u00f3ns, e inda que o inimigo conseguiu reunir forzas, retirouse sen dano.<\/p>\n\n\n\n<p>O Marqu\u00e9s de T\u00e1vora pretendeu ga\u00f1ar o Castelo de Crasto Laboreiro, para elo xuntou 4000 Infantes e 200 cabalos e mandou atacar o Castelo. Estaba dentro gobernando Pedro de Faria con 25 soldados pagos, agreg\u00e1ranse a estes 200 paisanos, e tendo anticipada a noticia de que o inimigo marchaba para aquela parte, dispux\u00e9ronse a defender o Castelo, animados polo \u00e9xito do suceso de Lanhelas. Chegaron os Galegos e investiron por varias partes o Castelo, m\u00e1is vendo a resoluci\u00f3n con que era defendido, retir\u00e1ronse deixando alg\u00fans mortos e levando outros feridos.<\/p>\n\n\n\n<p>Neste tempo determinou o Bar\u00f3n de Sab\u00e1, (que chegara a ser Mestre de Campo Xeneral do Reino da Galiza), fabricar un cuartel para seis compa\u00f1\u00edas de Infanter\u00eda e unha de cabalos no lugar de Pesqueiras, con intenci\u00f3n de impedir as entradas que os portugueses continuamente fac\u00edan dende Salvaterra, da que Pesqueiras distaba media legua. En canto o Conde tivo noticia, mandou o Mestre de Campo Diogo de Mello Pereira con 500 Infantes e 50 cabalos a desaloxar o inimigo. Executou el esta orden con tanto valor , que marchando a noite do 17 de Maio, encontrando a tropa inimiga, que ficaba fora do cuartel que se fabricaba, envestiuna e derrotouna. Os Infantes con este receo retir\u00e1ronse e en canto amenceu, entrou Diogo de Mello no lugar sen atopar resistencia. Desfixo t\u00f3dalas trincheiras que estaban levantadas e retirouse para Salvaterra, levando alg\u00fans soldados de cabalo feridos.<\/p>\n\n\n\n<p>Non cesaban as armas de unha e outra parte de continuar esta forma de guerra. Soubo o Conde que o inimigo chantara unha peza de artiller\u00eda no lugar de S. Bertolameu en Tui, guarnecido con d\u00faas compa\u00f1\u00edas de Infanter\u00eda do Tercio de Don Lu\u00eds de Viveros, irm\u00e1n do Conde de Fuensalda\u00f1a, que estaba co resto do terzo acuartelado nos lugares veci\u00f1os. Recib\u00edan desta peza grande dano os barcos que pasaban para _Caminha e por esa causa ordenou o Conde \u00f3 Tenente de Mestre de Campo Xeneral Francisco de Fran\u00e7a Barbosa que pasase con 300 Infantes a quimar o lugar e capturar a peza de artiller\u00eda.<\/p>\n\n\n\n<p>Unha e outra orde executouse valerosamente, e a pesares da oposici\u00f3n que na retirada intentou facerlle Don Lu\u00eds de Viveros, volveu pasar o r\u00edo traendo capturada a peza de artiller\u00eda e outros restos do lugar.<\/p>\n\n\n\n<p>\u201cHistoria do Portugal restaurado. Lu\u00eds de Meneses. Biblioteca Nnal. Lisboa.\u201d<\/p>\n\n\n\n<p>Salvaterra de Mi\u00f1o a 17 de setembro de 2023<\/p>\n\n\n\n<p>Antonio Lorenzo Gonz\u00e1lez, \u201cAnt\u00f3n Xaque\u201d.<\/p>\n","protected":false},"excerpt":{"rendered":"<div class=\"mh-excerpt\"><p>\u2026Seguiu a esta entrada, outra que fixo o Tenente de Mestre de Campo Xeneral Francisco de Fran\u00e7a, no que queimou Bangueses e Freixo, grandes lugares do interior <a class=\"mh-excerpt-more\" href=\"https:\/\/www.anovapeneira.gal\/index.php\/2023\/09\/26\/cousas-de-salvaterra-10\/\" title=\"Cousas de Salvaterra\">[&#8230;]<\/a><\/p>\n<\/div>","protected":false},"author":34,"featured_media":10488,"comment_status":"open","ping_status":"open","sticky":false,"template":"","format":"standard","meta":{"_exactmetrics_skip_tracking":false,"_exactmetrics_sitenote_active":false,"_exactmetrics_sitenote_note":"","_exactmetrics_sitenote_category":0,"footnotes":""},"categories":[7],"tags":[186],"class_list":{"0":"post-10486","1":"post","2":"type-post","3":"status-publish","4":"format-standard","5":"has-post-thumbnail","7":"category-artigos-de-opinion","8":"tag-concello-de-salvaterra-do-mino"},"yoast_head":"<!-- This site is optimized with the Yoast SEO plugin v27.4 - https:\/\/yoast.com\/product\/yoast-seo-wordpress\/ -->\n<title>Cousas de Salvaterra -<\/title>\n<meta name=\"description\" content=\"\u2026Seguiu a esta entrada, outra que fixo o Tenente de Mestre de Campo Xeneral Francisco de Fran\u00e7a, no que queimou Bangueses e Freixo, grandes lugares do interior\" \/>\n<meta name=\"robots\" content=\"index, follow, max-snippet:-1, max-image-preview:large, max-video-preview:-1\" \/>\n<link rel=\"canonical\" href=\"https:\/\/www.anovapeneira.gal\/index.php\/2023\/09\/26\/cousas-de-salvaterra-10\/\" \/>\n<meta property=\"og:locale\" content=\"gl_ES\" \/>\n<meta property=\"og:type\" content=\"article\" \/>\n<meta property=\"og:title\" content=\"Cousas de Salvaterra -\" \/>\n<meta property=\"og:description\" content=\"\u2026Seguiu a esta entrada, outra que fixo o Tenente de Mestre de Campo Xeneral Francisco de Fran\u00e7a, no que queimou Bangueses e Freixo, grandes lugares do interior\" \/>\n<meta property=\"og:url\" content=\"https:\/\/www.anovapeneira.gal\/index.php\/2023\/09\/26\/cousas-de-salvaterra-10\/\" \/>\n<meta property=\"article:publisher\" content=\"https:\/\/www.facebook.com\/anovapeneira\" \/>\n<meta property=\"article:published_time\" content=\"2023-09-26T10:00:55+00:00\" \/>\n<meta property=\"og:image\" content=\"https:\/\/www.anovapeneira.gal\/wp-content\/uploads\/2023\/09\/salvaterra.jpg\" \/>\n\t<meta property=\"og:image:width\" content=\"720\" \/>\n\t<meta property=\"og:image:height\" content=\"432\" \/>\n\t<meta property=\"og:image:type\" content=\"image\/jpeg\" \/>\n<meta name=\"author\" content=\"Ant\u00f3n Lorenzo Gonz\u00e1lez\" \/>\n<meta name=\"twitter:card\" content=\"summary_large_image\" \/>\n<meta name=\"twitter:image\" content=\"https:\/\/www.anovapeneira.gal\/wp-content\/uploads\/2023\/09\/salvaterra.jpg\" \/>\n<meta name=\"twitter:creator\" content=\"@APeneira\" \/>\n<meta name=\"twitter:site\" content=\"@APeneira\" \/>\n<meta name=\"twitter:label1\" content=\"Escrito por\" \/>\n\t<meta name=\"twitter:data1\" content=\"Ant\u00f3n Lorenzo Gonz\u00e1lez\" \/>\n\t<meta name=\"twitter:label2\" content=\"Tempo de lectura\" \/>\n\t<meta name=\"twitter:data2\" content=\"5 minutos\" \/>\n<script type=\"application\/ld+json\" class=\"yoast-schema-graph\">{\"@context\":\"https:\\\/\\\/schema.org\",\"@graph\":[{\"@type\":\"Article\",\"@id\":\"https:\\\/\\\/www.anovapeneira.gal\\\/index.php\\\/2023\\\/09\\\/26\\\/cousas-de-salvaterra-10\\\/#article\",\"isPartOf\":{\"@id\":\"https:\\\/\\\/www.anovapeneira.gal\\\/index.php\\\/2023\\\/09\\\/26\\\/cousas-de-salvaterra-10\\\/\"},\"author\":{\"name\":\"Ant\u00f3n Lorenzo Gonz\u00e1lez\",\"@id\":\"https:\\\/\\\/www.anovapeneira.gal\\\/#\\\/schema\\\/person\\\/1bf91cd240796d05b6522e3d8a6e2d8e\"},\"headline\":\"Cousas de Salvaterra\",\"datePublished\":\"2023-09-26T10:00:55+00:00\",\"mainEntityOfPage\":{\"@id\":\"https:\\\/\\\/www.anovapeneira.gal\\\/index.php\\\/2023\\\/09\\\/26\\\/cousas-de-salvaterra-10\\\/\"},\"wordCount\":906,\"commentCount\":0,\"publisher\":{\"@id\":\"https:\\\/\\\/www.anovapeneira.gal\\\/#organization\"},\"image\":{\"@id\":\"https:\\\/\\\/www.anovapeneira.gal\\\/index.php\\\/2023\\\/09\\\/26\\\/cousas-de-salvaterra-10\\\/#primaryimage\"},\"thumbnailUrl\":\"https:\\\/\\\/www.anovapeneira.gal\\\/wp-content\\\/uploads\\\/2023\\\/09\\\/salvaterra.jpg\",\"keywords\":[\"Concello de Salvaterra do Mi\u00f1o\"],\"articleSection\":[\"Artigos de opini\u00f3n\"],\"inLanguage\":\"gl-ES\",\"potentialAction\":[{\"@type\":\"CommentAction\",\"name\":\"Comment\",\"target\":[\"https:\\\/\\\/www.anovapeneira.gal\\\/index.php\\\/2023\\\/09\\\/26\\\/cousas-de-salvaterra-10\\\/#respond\"]}]},{\"@type\":\"WebPage\",\"@id\":\"https:\\\/\\\/www.anovapeneira.gal\\\/index.php\\\/2023\\\/09\\\/26\\\/cousas-de-salvaterra-10\\\/\",\"url\":\"https:\\\/\\\/www.anovapeneira.gal\\\/index.php\\\/2023\\\/09\\\/26\\\/cousas-de-salvaterra-10\\\/\",\"name\":\"Cousas de Salvaterra -\",\"isPartOf\":{\"@id\":\"https:\\\/\\\/www.anovapeneira.gal\\\/#website\"},\"primaryImageOfPage\":{\"@id\":\"https:\\\/\\\/www.anovapeneira.gal\\\/index.php\\\/2023\\\/09\\\/26\\\/cousas-de-salvaterra-10\\\/#primaryimage\"},\"image\":{\"@id\":\"https:\\\/\\\/www.anovapeneira.gal\\\/index.php\\\/2023\\\/09\\\/26\\\/cousas-de-salvaterra-10\\\/#primaryimage\"},\"thumbnailUrl\":\"https:\\\/\\\/www.anovapeneira.gal\\\/wp-content\\\/uploads\\\/2023\\\/09\\\/salvaterra.jpg\",\"datePublished\":\"2023-09-26T10:00:55+00:00\",\"description\":\"\u2026Seguiu a esta entrada, outra que fixo o Tenente de Mestre de Campo Xeneral Francisco de Fran\u00e7a, no que queimou Bangueses e Freixo, grandes lugares do interior\",\"breadcrumb\":{\"@id\":\"https:\\\/\\\/www.anovapeneira.gal\\\/index.php\\\/2023\\\/09\\\/26\\\/cousas-de-salvaterra-10\\\/#breadcrumb\"},\"inLanguage\":\"gl-ES\",\"potentialAction\":[{\"@type\":\"ReadAction\",\"target\":[\"https:\\\/\\\/www.anovapeneira.gal\\\/index.php\\\/2023\\\/09\\\/26\\\/cousas-de-salvaterra-10\\\/\"]}]},{\"@type\":\"ImageObject\",\"inLanguage\":\"gl-ES\",\"@id\":\"https:\\\/\\\/www.anovapeneira.gal\\\/index.php\\\/2023\\\/09\\\/26\\\/cousas-de-salvaterra-10\\\/#primaryimage\",\"url\":\"https:\\\/\\\/www.anovapeneira.gal\\\/wp-content\\\/uploads\\\/2023\\\/09\\\/salvaterra.jpg\",\"contentUrl\":\"https:\\\/\\\/www.anovapeneira.gal\\\/wp-content\\\/uploads\\\/2023\\\/09\\\/salvaterra.jpg\",\"width\":720,\"height\":432,\"caption\":\"Cousas de Salvaterra\"},{\"@type\":\"BreadcrumbList\",\"@id\":\"https:\\\/\\\/www.anovapeneira.gal\\\/index.php\\\/2023\\\/09\\\/26\\\/cousas-de-salvaterra-10\\\/#breadcrumb\",\"itemListElement\":[{\"@type\":\"ListItem\",\"position\":1,\"name\":\"Portada\",\"item\":\"https:\\\/\\\/www.anovapeneira.gal\\\/\"},{\"@type\":\"ListItem\",\"position\":2,\"name\":\"Cousas de Salvaterra\"}]},{\"@type\":\"WebSite\",\"@id\":\"https:\\\/\\\/www.anovapeneira.gal\\\/#website\",\"url\":\"https:\\\/\\\/www.anovapeneira.gal\\\/\",\"name\":\"\",\"description\":\"Xornal galego de informaci\u00f3n xeral Publicaci\u00f3n mensual de novas de Galicia e en especial dos Concellos da sur da provincia de Pontevedra.\",\"publisher\":{\"@id\":\"https:\\\/\\\/www.anovapeneira.gal\\\/#organization\"},\"potentialAction\":[{\"@type\":\"SearchAction\",\"target\":{\"@type\":\"EntryPoint\",\"urlTemplate\":\"https:\\\/\\\/www.anovapeneira.gal\\\/?s={search_term_string}\"},\"query-input\":{\"@type\":\"PropertyValueSpecification\",\"valueRequired\":true,\"valueName\":\"search_term_string\"}}],\"inLanguage\":\"gl-ES\"},{\"@type\":\"Organization\",\"@id\":\"https:\\\/\\\/www.anovapeneira.gal\\\/#organization\",\"name\":\"A Nova Peneira\",\"url\":\"https:\\\/\\\/www.anovapeneira.gal\\\/\",\"logo\":{\"@type\":\"ImageObject\",\"inLanguage\":\"gl-ES\",\"@id\":\"https:\\\/\\\/www.anovapeneira.gal\\\/#\\\/schema\\\/logo\\\/image\\\/\",\"url\":\"http:\\\/\\\/www.anovapeneira.gal\\\/wp-content\\\/uploads\\\/2019\\\/06\\\/logo_a_nova_peneira_portal_web.png\",\"contentUrl\":\"http:\\\/\\\/www.anovapeneira.gal\\\/wp-content\\\/uploads\\\/2019\\\/06\\\/logo_a_nova_peneira_portal_web.png\",\"width\":300,\"height\":100,\"caption\":\"A Nova Peneira\"},\"image\":{\"@id\":\"https:\\\/\\\/www.anovapeneira.gal\\\/#\\\/schema\\\/logo\\\/image\\\/\"},\"sameAs\":[\"https:\\\/\\\/www.facebook.com\\\/anovapeneira\",\"https:\\\/\\\/x.com\\\/APeneira\"]},{\"@type\":\"Person\",\"@id\":\"https:\\\/\\\/www.anovapeneira.gal\\\/#\\\/schema\\\/person\\\/1bf91cd240796d05b6522e3d8a6e2d8e\",\"name\":\"Ant\u00f3n Lorenzo Gonz\u00e1lez\",\"image\":{\"@type\":\"ImageObject\",\"inLanguage\":\"gl-ES\",\"@id\":\"https:\\\/\\\/secure.gravatar.com\\\/avatar\\\/dcd882e8f4338e07610336943426400d525673506eb37ce59442ba704e5cc971?s=96&d=mm&r=g\",\"url\":\"https:\\\/\\\/secure.gravatar.com\\\/avatar\\\/dcd882e8f4338e07610336943426400d525673506eb37ce59442ba704e5cc971?s=96&d=mm&r=g\",\"contentUrl\":\"https:\\\/\\\/secure.gravatar.com\\\/avatar\\\/dcd882e8f4338e07610336943426400d525673506eb37ce59442ba704e5cc971?s=96&d=mm&r=g\",\"caption\":\"Ant\u00f3n Lorenzo Gonz\u00e1lez\"},\"url\":\"https:\\\/\\\/www.anovapeneira.gal\\\/index.php\\\/author\\\/xaque\\\/\"}]}<\/script>\n<!-- \/ Yoast SEO plugin. -->","yoast_head_json":{"title":"Cousas de Salvaterra -","description":"\u2026Seguiu a esta entrada, outra que fixo o Tenente de Mestre de Campo Xeneral Francisco de Fran\u00e7a, no que queimou Bangueses e Freixo, grandes lugares do interior","robots":{"index":"index","follow":"follow","max-snippet":"max-snippet:-1","max-image-preview":"max-image-preview:large","max-video-preview":"max-video-preview:-1"},"canonical":"https:\/\/www.anovapeneira.gal\/index.php\/2023\/09\/26\/cousas-de-salvaterra-10\/","og_locale":"gl_ES","og_type":"article","og_title":"Cousas de Salvaterra -","og_description":"\u2026Seguiu a esta entrada, outra que fixo o Tenente de Mestre de Campo Xeneral Francisco de Fran\u00e7a, no que queimou Bangueses e Freixo, grandes lugares do interior","og_url":"https:\/\/www.anovapeneira.gal\/index.php\/2023\/09\/26\/cousas-de-salvaterra-10\/","article_publisher":"https:\/\/www.facebook.com\/anovapeneira","article_published_time":"2023-09-26T10:00:55+00:00","og_image":[{"width":720,"height":432,"url":"https:\/\/www.anovapeneira.gal\/wp-content\/uploads\/2023\/09\/salvaterra.jpg","type":"image\/jpeg"}],"author":"Ant\u00f3n Lorenzo Gonz\u00e1lez","twitter_card":"summary_large_image","twitter_image":"https:\/\/www.anovapeneira.gal\/wp-content\/uploads\/2023\/09\/salvaterra.jpg","twitter_creator":"@APeneira","twitter_site":"@APeneira","twitter_misc":{"Escrito por":"Ant\u00f3n Lorenzo Gonz\u00e1lez","Tempo de lectura":"5 minutos"},"schema":{"@context":"https:\/\/schema.org","@graph":[{"@type":"Article","@id":"https:\/\/www.anovapeneira.gal\/index.php\/2023\/09\/26\/cousas-de-salvaterra-10\/#article","isPartOf":{"@id":"https:\/\/www.anovapeneira.gal\/index.php\/2023\/09\/26\/cousas-de-salvaterra-10\/"},"author":{"name":"Ant\u00f3n Lorenzo Gonz\u00e1lez","@id":"https:\/\/www.anovapeneira.gal\/#\/schema\/person\/1bf91cd240796d05b6522e3d8a6e2d8e"},"headline":"Cousas de Salvaterra","datePublished":"2023-09-26T10:00:55+00:00","mainEntityOfPage":{"@id":"https:\/\/www.anovapeneira.gal\/index.php\/2023\/09\/26\/cousas-de-salvaterra-10\/"},"wordCount":906,"commentCount":0,"publisher":{"@id":"https:\/\/www.anovapeneira.gal\/#organization"},"image":{"@id":"https:\/\/www.anovapeneira.gal\/index.php\/2023\/09\/26\/cousas-de-salvaterra-10\/#primaryimage"},"thumbnailUrl":"https:\/\/www.anovapeneira.gal\/wp-content\/uploads\/2023\/09\/salvaterra.jpg","keywords":["Concello de Salvaterra do Mi\u00f1o"],"articleSection":["Artigos de opini\u00f3n"],"inLanguage":"gl-ES","potentialAction":[{"@type":"CommentAction","name":"Comment","target":["https:\/\/www.anovapeneira.gal\/index.php\/2023\/09\/26\/cousas-de-salvaterra-10\/#respond"]}]},{"@type":"WebPage","@id":"https:\/\/www.anovapeneira.gal\/index.php\/2023\/09\/26\/cousas-de-salvaterra-10\/","url":"https:\/\/www.anovapeneira.gal\/index.php\/2023\/09\/26\/cousas-de-salvaterra-10\/","name":"Cousas de Salvaterra -","isPartOf":{"@id":"https:\/\/www.anovapeneira.gal\/#website"},"primaryImageOfPage":{"@id":"https:\/\/www.anovapeneira.gal\/index.php\/2023\/09\/26\/cousas-de-salvaterra-10\/#primaryimage"},"image":{"@id":"https:\/\/www.anovapeneira.gal\/index.php\/2023\/09\/26\/cousas-de-salvaterra-10\/#primaryimage"},"thumbnailUrl":"https:\/\/www.anovapeneira.gal\/wp-content\/uploads\/2023\/09\/salvaterra.jpg","datePublished":"2023-09-26T10:00:55+00:00","description":"\u2026Seguiu a esta entrada, outra que fixo o Tenente de Mestre de Campo Xeneral Francisco de Fran\u00e7a, no que queimou Bangueses e Freixo, grandes lugares do interior","breadcrumb":{"@id":"https:\/\/www.anovapeneira.gal\/index.php\/2023\/09\/26\/cousas-de-salvaterra-10\/#breadcrumb"},"inLanguage":"gl-ES","potentialAction":[{"@type":"ReadAction","target":["https:\/\/www.anovapeneira.gal\/index.php\/2023\/09\/26\/cousas-de-salvaterra-10\/"]}]},{"@type":"ImageObject","inLanguage":"gl-ES","@id":"https:\/\/www.anovapeneira.gal\/index.php\/2023\/09\/26\/cousas-de-salvaterra-10\/#primaryimage","url":"https:\/\/www.anovapeneira.gal\/wp-content\/uploads\/2023\/09\/salvaterra.jpg","contentUrl":"https:\/\/www.anovapeneira.gal\/wp-content\/uploads\/2023\/09\/salvaterra.jpg","width":720,"height":432,"caption":"Cousas de Salvaterra"},{"@type":"BreadcrumbList","@id":"https:\/\/www.anovapeneira.gal\/index.php\/2023\/09\/26\/cousas-de-salvaterra-10\/#breadcrumb","itemListElement":[{"@type":"ListItem","position":1,"name":"Portada","item":"https:\/\/www.anovapeneira.gal\/"},{"@type":"ListItem","position":2,"name":"Cousas de Salvaterra"}]},{"@type":"WebSite","@id":"https:\/\/www.anovapeneira.gal\/#website","url":"https:\/\/www.anovapeneira.gal\/","name":"","description":"Xornal galego de informaci\u00f3n xeral Publicaci\u00f3n mensual de novas de Galicia e en especial dos Concellos da sur da provincia de Pontevedra.","publisher":{"@id":"https:\/\/www.anovapeneira.gal\/#organization"},"potentialAction":[{"@type":"SearchAction","target":{"@type":"EntryPoint","urlTemplate":"https:\/\/www.anovapeneira.gal\/?s={search_term_string}"},"query-input":{"@type":"PropertyValueSpecification","valueRequired":true,"valueName":"search_term_string"}}],"inLanguage":"gl-ES"},{"@type":"Organization","@id":"https:\/\/www.anovapeneira.gal\/#organization","name":"A Nova Peneira","url":"https:\/\/www.anovapeneira.gal\/","logo":{"@type":"ImageObject","inLanguage":"gl-ES","@id":"https:\/\/www.anovapeneira.gal\/#\/schema\/logo\/image\/","url":"http:\/\/www.anovapeneira.gal\/wp-content\/uploads\/2019\/06\/logo_a_nova_peneira_portal_web.png","contentUrl":"http:\/\/www.anovapeneira.gal\/wp-content\/uploads\/2019\/06\/logo_a_nova_peneira_portal_web.png","width":300,"height":100,"caption":"A Nova Peneira"},"image":{"@id":"https:\/\/www.anovapeneira.gal\/#\/schema\/logo\/image\/"},"sameAs":["https:\/\/www.facebook.com\/anovapeneira","https:\/\/x.com\/APeneira"]},{"@type":"Person","@id":"https:\/\/www.anovapeneira.gal\/#\/schema\/person\/1bf91cd240796d05b6522e3d8a6e2d8e","name":"Ant\u00f3n Lorenzo Gonz\u00e1lez","image":{"@type":"ImageObject","inLanguage":"gl-ES","@id":"https:\/\/secure.gravatar.com\/avatar\/dcd882e8f4338e07610336943426400d525673506eb37ce59442ba704e5cc971?s=96&d=mm&r=g","url":"https:\/\/secure.gravatar.com\/avatar\/dcd882e8f4338e07610336943426400d525673506eb37ce59442ba704e5cc971?s=96&d=mm&r=g","contentUrl":"https:\/\/secure.gravatar.com\/avatar\/dcd882e8f4338e07610336943426400d525673506eb37ce59442ba704e5cc971?s=96&d=mm&r=g","caption":"Ant\u00f3n Lorenzo Gonz\u00e1lez"},"url":"https:\/\/www.anovapeneira.gal\/index.php\/author\/xaque\/"}]}},"jetpack_featured_media_url":"https:\/\/www.anovapeneira.gal\/wp-content\/uploads\/2023\/09\/salvaterra.jpg","_links":{"self":[{"href":"https:\/\/www.anovapeneira.gal\/index.php\/wp-json\/wp\/v2\/posts\/10486","targetHints":{"allow":["GET"]}}],"collection":[{"href":"https:\/\/www.anovapeneira.gal\/index.php\/wp-json\/wp\/v2\/posts"}],"about":[{"href":"https:\/\/www.anovapeneira.gal\/index.php\/wp-json\/wp\/v2\/types\/post"}],"author":[{"embeddable":true,"href":"https:\/\/www.anovapeneira.gal\/index.php\/wp-json\/wp\/v2\/users\/34"}],"replies":[{"embeddable":true,"href":"https:\/\/www.anovapeneira.gal\/index.php\/wp-json\/wp\/v2\/comments?post=10486"}],"version-history":[{"count":1,"href":"https:\/\/www.anovapeneira.gal\/index.php\/wp-json\/wp\/v2\/posts\/10486\/revisions"}],"predecessor-version":[{"id":10487,"href":"https:\/\/www.anovapeneira.gal\/index.php\/wp-json\/wp\/v2\/posts\/10486\/revisions\/10487"}],"wp:featuredmedia":[{"embeddable":true,"href":"https:\/\/www.anovapeneira.gal\/index.php\/wp-json\/wp\/v2\/media\/10488"}],"wp:attachment":[{"href":"https:\/\/www.anovapeneira.gal\/index.php\/wp-json\/wp\/v2\/media?parent=10486"}],"wp:term":[{"taxonomy":"category","embeddable":true,"href":"https:\/\/www.anovapeneira.gal\/index.php\/wp-json\/wp\/v2\/categories?post=10486"},{"taxonomy":"post_tag","embeddable":true,"href":"https:\/\/www.anovapeneira.gal\/index.php\/wp-json\/wp\/v2\/tags?post=10486"}],"curies":[{"name":"wp","href":"https:\/\/api.w.org\/{rel}","templated":true}]}}