{"id":10493,"date":"2023-09-27T12:00:59","date_gmt":"2023-09-27T10:00:59","guid":{"rendered":"https:\/\/www.anovapeneira.gal\/?p=10493"},"modified":"2023-09-25T10:12:23","modified_gmt":"2023-09-25T08:12:23","slug":"araceli-gestido-alcaldesa-de-cangas","status":"publish","type":"post","link":"https:\/\/www.anovapeneira.gal\/index.php\/2023\/09\/27\/araceli-gestido-alcaldesa-de-cangas\/","title":{"rendered":"Araceli Gestido alcaldesa de Cangas"},"content":{"rendered":"\n<p><strong>A nova alcaldesa de Cangas \u00e9 unha persoa intelixente, sensible, emp\u00e1tica e pos\u00fae unha enorme capacidade de traballo. Este mandato non o vai ter f\u00e1cil pois ten unha situaci\u00f3n aritm\u00e9tica complexa. Se a esquerda se comporta de maneira responsable e contrib\u00fae \u00e1 estabilidade pol\u00edtica do goberno municipal, o PP nunca recuperar\u00e1 esta vila, pois a maior\u00eda social do pobo de Cangas \u00e9 de esquerdas, e a s\u00faa alcaldesa ten unha calidade pol\u00edtica e humana tan notable que vai ser alcaldesa ata que ela queira. N\u00f3s falamos con ela<\/strong><\/p>\n\n\n\n<h2 class=\"wp-block-heading\">\u201c <strong>O meu obxectivo \u00e9 traballar sen pausa polo ben com\u00fan do pobo de Cangas. E non vou apartar a mi\u00f1a mirada nin un cent\u00edmetro dese cami\u00f1o\u201d<\/strong><\/h2>\n\n\n\n<p><strong>Como viviches a noite electoral?<\/strong><\/p>\n\n\n\n<blockquote class=\"wp-block-quote is-layout-flow wp-block-quote-is-layout-flow\">\n<p>Pois con ansiedade porque estivo tan emocionante que non se soubo o resultado ata o final de todo. Estivo todo extremadamente xusto, e claro nese contexto os nervios est\u00e1n a flor de pel.<\/p>\n<\/blockquote>\n\n\n\n<p><strong>Viviches o reconto no voso local?<\/strong><\/p>\n\n\n\n<blockquote class=\"wp-block-quote is-layout-flow wp-block-quote-is-layout-flow\">\n<p>Si.<\/p>\n<\/blockquote>\n\n\n\n<p><strong>E que ambiente se respiraba al\u00ed?<\/strong><\/p>\n\n\n\n<blockquote class=\"wp-block-quote is-layout-flow wp-block-quote-is-layout-flow\">\n<p>Xa che podes imaxinar : unha tensi\u00f3n e un nerviosismo superlativo. Estabamos un contexto emocional vibrante ata que finalmente todo estoupou nunha treboada de ledicia , agradecemento \u00e1 veci\u00f1anza e responsabilidade, sobre todo moita responsabilidade, para estarmos \u00e1 altura do noso pobo.<\/p>\n<\/blockquote>\n\n\n\n<p><strong>Supo\u00f1o que inmediatamente os poriades en contacto coas outras tres forzas de esquerda que forman parte da corporaci\u00f3n de Cangas?<\/strong><\/p>\n\n\n\n<blockquote class=\"wp-block-quote is-layout-flow wp-block-quote-is-layout-flow\">\n<p>Si claro, fix\u00e9molo de contado. Lamentablemente non se puido concretar con Alternativa dos Veci\u00f1os, e si co PSOE e con Esquerda Unida. Non est\u00e1 no meu \u00e1nimo nin os reproches nin darlle voltas continuamente ao pasado. Todo o contrario; agradezo aos tres, a alternativa tam\u00e9n desde logo, o seu voto afirmativo na investidura e a mi\u00f1a vontade e traballar con lealdade s\u00f3 cun obxectivo: O ben com\u00fan do pobo de Cangas.<\/p>\n<\/blockquote>\n\n\n\n<p><strong>Cando fuches a investidura o voto de alternativa non o ti\u00f1as pechado, verdade?<\/strong><\/p>\n\n\n\n<blockquote class=\"wp-block-quote is-layout-flow wp-block-quote-is-layout-flow\">\n<p>Efectivamente fomos \u00e1 investidura e non sabiamos o que \u00eda votar Alternativa.<\/p>\n<\/blockquote>\n\n\n\n<p><strong>Mi\u00f1a nai querida&#8230;A vida pol\u00edtica de Cangas \u00e9 trepidante desde o principio ata a fin&#8230;..<\/strong><\/p>\n\n\n\n<blockquote class=\"wp-block-quote is-layout-flow wp-block-quote-is-layout-flow\">\n<p>A ver se somos capaces de crear as condici\u00f3ns de confianza, lealdade e comodidade para que iso deixe de ser as\u00ed. Cangas ten unha maior\u00eda social de esquerdas e non se pode p\u00f3r en risco de ning\u00fan modo.<\/p>\n<\/blockquote>\n\n\n\n<p><strong>No momento que es investida alcaldesa cales foron os teus sentimentos?<\/strong><\/p>\n\n\n\n<blockquote class=\"wp-block-quote is-layout-flow wp-block-quote-is-layout-flow\">\n<p>Unha emoci\u00f3n tan inmensa que non cab\u00eda no m\u00e1is inmenso dos oc\u00e9anos ,un sentimento de responsabilidade enorme e unhas ga\u00f1as estratosf\u00e9ricas de facelo ben .<\/p>\n<\/blockquote>\n\n\n\n<p><strong>O asunto das retribuci\u00f3ns do goberno estivo varios meses sen arranxar, inclu\u00edda a t\u00faa, algo moi grave porque unha alcaldesa non pode exercer de maneira adecuada se non cobra. Por que?<\/strong><\/p>\n\n\n\n<blockquote class=\"wp-block-quote is-layout-flow wp-block-quote-is-layout-flow\">\n<p>Como che dixen antes non \u00e9 momento nin de reproches nin de mirar para atr\u00e1s. O asunto est\u00e1 afortunadamente arranxado e agora toca mirar cara adiante, co coraz\u00f3n limpo e con toda a forza do mundo, s\u00f3 pensando no ben com\u00fan de Cangas. Non penso apartar a mi\u00f1a mirada nin un cent\u00edmetro dese obxectivo. No pleno onde se aprobaron os salarios tam\u00e9n se aprobaron os \u00f3rganos de goberno , que incriblemente estaban sen aprobar. En definitiva : o primeiro pleno funcional do noso goberno , en realidade, vai ser o do 29 de setembro.<\/p>\n<\/blockquote>\n\n\n\n<p><strong>Hai algunha posibilidade de que Alternativa se acabe incorporando ao goberno?<\/strong><\/p>\n\n\n\n<blockquote class=\"wp-block-quote is-layout-flow wp-block-quote-is-layout-flow\">\n<p>Creo que pola s\u00faa banda non.<\/p>\n<\/blockquote>\n\n\n\n<p><strong>E ti tes a porta pechada?<\/strong><\/p>\n\n\n\n<blockquote class=\"wp-block-quote is-layout-flow wp-block-quote-is-layout-flow\">\n<p>En absoluto. Pero agora mesmo o cami\u00f1o non parece que vaia nesa direcci\u00f3n.<\/p>\n<\/blockquote>\n\n\n\n<p><strong>Que tal son as t\u00faas relaci\u00f3ns con Vitoria, a concelleira de Alternativa?<\/strong><\/p>\n\n\n\n<blockquote class=\"wp-block-quote is-layout-flow wp-block-quote-is-layout-flow\">\n<p>Boas.<\/p>\n<\/blockquote>\n\n\n\n<p><strong>E cos dous socios de goberno: PSOE e EU?<\/strong><\/p>\n\n\n\n<blockquote class=\"wp-block-quote is-layout-flow wp-block-quote-is-layout-flow\">\n<p>As relaci\u00f3ns son fant\u00e1sticas. Hai moita ilusi\u00f3n, ga\u00f1as de traballar e unha boa vontade absoluta por todas as partes de facer ben as cousas e de facelas con lealdade rec\u00edproca.<\/p>\n<\/blockquote>\n\n\n\n<p><strong>Pois considerando a historia recente da pol\u00edtica de Cangas \u00e9 moi meritorio pola t\u00faa banda alcaldesa<\/strong><\/p>\n\n\n\n<blockquote class=\"wp-block-quote is-layout-flow wp-block-quote-is-layout-flow\">\n<p>Pola mi\u00f1a banda non, pola banda de todas e cada unha das persoas que formamos o goberno de Cangas. En verdade, Tino, \u00e9 un pracer para min traballar c\u00f3bado a c\u00f3bado con todas elas.<\/p>\n<\/blockquote>\n\n\n\n<p><strong>Cal foi o motivo da contaminaci\u00f3n de Rodeira no ver\u00e1n?, cal foi a actuaci\u00f3n do teu goberno? e en que situaci\u00f3n est\u00e1 agora?<\/strong><\/p>\n\n\n\n<blockquote class=\"wp-block-quote is-layout-flow wp-block-quote-is-layout-flow\">\n<p>O motivo foi a rotura dunha tubaxe, foi no ver\u00e1n como puido ser en calquera outro momento. En canto \u00e1 nosa actuaci\u00f3n pol\u00edtica:malia que sanidade determinou recomendar non ba\u00f1arse , n\u00f3s demos un paso m\u00e1is e por prevenci\u00f3n decidimos prohibir ata que non se arranxase, algo que se fixo en poucos d\u00edas. Agora mesmo a calidade da auga \u00e9 excelente.<\/p>\n<\/blockquote>\n\n\n\n<p><strong>Nas pasadas festas do Cristo houbo un grave accidente resultado do desprendemento dunha cornixa .O PP local, nas s\u00faas redes sociais, dunha maneira imos dicir \u201c sui generis\u201d parec\u00eda suxerir que poder\u00eda ter existido algunha responsabilidade municipal con expresi\u00f3ns literais como \u201cDende o noso grupo municipal queremos acceder a toda a informaci\u00f3n dispo\u00f1ible para co\u00f1ecer todo o ocurrido e dilucidar se houbo alg\u00fan tipo de neglixencia por parte dos responsables municipais. Coa vida e seguridade das persoas non se xoga. \u201c Que nos dis ao respecto?<\/strong><\/p>\n\n\n\n<blockquote class=\"wp-block-quote is-layout-flow wp-block-quote-is-layout-flow\">\n<p>En fin, hai temas cos que non se debe de frivolizar nin entrar no lex\u00edtimo xogo da cr\u00edtica pol\u00edtica. O accidente foi iso : un desgraciado accidente. Todas as festas fanse cos pertinentes seguros e con todas as medidas, protocolos e plans de seguridade necesarios, como non pod\u00eda ser doutra maneira.<\/p>\n<\/blockquote>\n\n\n\n<p><strong>Podemos dicir algo da situaci\u00f3n econ\u00f3mica que te encontraches no Concello ou a\u00ednda \u00e9 demasiado pronto?<\/strong><\/p>\n\n\n\n<blockquote class=\"wp-block-quote is-layout-flow wp-block-quote-is-layout-flow\">\n<p>Estruturalmente mala: Non temos RPT, e hai departamentos que est\u00e1n infra dotados e mal dimensionados. Pero a situaci\u00f3n econ\u00f3mica en si non \u00e9 tan mala como puidera parecer. Agora ben , necesitamos imperiosamente un orzamento. Estamos a traballar cos do 2020 prorrogados e \u00e9 un orzamento completamente obsoleto. Agora mesmo temos un obxectivo esencial que \u00e9 tratar de levar ao seguinte pleno un orzamento e para elo estamos a traballar a marchas forzadas.<\/p>\n<\/blockquote>\n\n\n\n<p><strong>Para o pleno de outubro dis?<\/strong><\/p>\n\n\n\n<blockquote class=\"wp-block-quote is-layout-flow wp-block-quote-is-layout-flow\">\n<p>Non, para o de setembro.<\/p>\n<\/blockquote>\n\n\n\n<p><strong>Como para o de setembro, pero se faltan 10 d\u00edas( no momento de realizarmos esta entrevista)?<\/strong><\/p>\n\n\n\n<blockquote class=\"wp-block-quote is-layout-flow wp-block-quote-is-layout-flow\">\n<p>Xa che dixen que estamos traballando a marchas forzadas. Agora, por ilusi\u00f3n e por ga\u00f1as de mellorar a vida da xente non vai quedar. Un orzamento \u00e9 imprescindible para o adecuado funcionamento do concello.<\/p>\n<\/blockquote>\n\n\n\n<p><strong>De verdade que me deixas abraiado, Araceli, debedes estar en niveis m\u00e1ximos de estr\u00e9s?<\/strong><\/p>\n\n\n\n<blockquote class=\"wp-block-quote is-layout-flow wp-block-quote-is-layout-flow\">\n<p>Pois si, a verdade \u00e9 que si.<\/p>\n<\/blockquote>\n\n\n\n<p><strong>Est\u00e1s negociando coa oposici\u00f3n?<\/strong><\/p>\n\n\n\n<blockquote class=\"wp-block-quote is-layout-flow wp-block-quote-is-layout-flow\">\n<p>Si. O PP e Alternativa xa o te\u00f1en. Non espero nada do PP, si agardo un voto de responsabilidade de Alternativa.<\/p>\n<\/blockquote>\n\n\n\n<p><strong>Cales son as li\u00f1as pol\u00edticas m\u00e1is significativas que pretendes desenvolver neste mandato?<\/strong><\/p>\n\n\n\n<blockquote class=\"wp-block-quote is-layout-flow wp-block-quote-is-layout-flow\">\n<p>Probablemente este, pola complexa aritm\u00e9tica municipal, non poida ser un mandato de grandes proxectos pero si quixera e vou pelexar sen pausa por cumprir os seguintes obxectivos<strong>:<\/strong><\/p>\n<\/blockquote>\n\n\n\n<blockquote class=\"wp-block-quote is-layout-flow wp-block-quote-is-layout-flow\">\n<p>Devolver a paz institucional a Cangas e que haxa un goberno s\u00f3lido, solvente que reme unido na mesma direcci\u00f3n. \u00cdmolo conseguir, estou segura<\/p>\n<\/blockquote>\n\n\n\n<blockquote class=\"wp-block-quote is-layout-flow wp-block-quote-is-layout-flow\">\n<p>Aprobar uns orzamentos que nos permitan acadar a estabilidade econ\u00f3mica.<\/p>\n<\/blockquote>\n\n\n\n<blockquote class=\"wp-block-quote is-layout-flow wp-block-quote-is-layout-flow\">\n<p>Tratar de resolver a inmensa maior\u00eda de pequenos problemas que hai e que afectan \u00e1 xente do com\u00fan. Cami\u00f1os que est\u00e1n sen rozar, fochancas sen arranxar, estradas con deficiencias&#8230;..Precisamos incrementar o persoal de obras e limpeza viaria para que poidamos atender de maneira \u00e1xil e dilixente ese tipo de problemas, que poden parecer pequenos pero que son graves para quen os padece.<\/p>\n<\/blockquote>\n\n\n\n<p>Colaborar man con man co tecido asociativo do noso pobo para dotar do adecuado apoio da administraci\u00f3n municipal ao seu important\u00edsimo traballo.<\/p>\n\n\n\n<blockquote class=\"wp-block-quote is-layout-flow wp-block-quote-is-layout-flow\">\n<p>Atender as necesidades sociais de quen m\u00e1is o necesite.<\/p>\n<\/blockquote>\n\n\n\n<blockquote class=\"wp-block-quote is-layout-flow wp-block-quote-is-layout-flow\">\n<p>Facer que cada veci\u00f1o e cada veci\u00f1a de Cangas sinta que o Concello \u00e9 a s\u00faa casa e que \u00e9 tratado de maneira xusta e dilixente pola administraci\u00f3n.<\/p>\n<\/blockquote>\n\n\n\n<blockquote class=\"wp-block-quote is-layout-flow wp-block-quote-is-layout-flow\">\n<p>Quixera tam\u00e9n concretar o proxecto \u00e1gora , cuxo m\u00e9rito temos que reco\u00f1ecer ao anterior goberno, que trata de unir v\u00eda peonil o casco vello coa alameda vella.<\/p>\n<\/blockquote>\n\n\n\n<blockquote class=\"wp-block-quote is-layout-flow wp-block-quote-is-layout-flow\">\n<p>A remodelaci\u00f3n da piscina, outra obra m\u00e9rito de Vitoria, tam\u00e9n se rematar\u00e1 proximamente.<\/p>\n<\/blockquote>\n\n\n\n<p><strong>O PXOM?<\/strong><\/p>\n\n\n\n<blockquote class=\"wp-block-quote is-layout-flow wp-block-quote-is-layout-flow\">\n<p>V\u00e1molo intentar con todas as nosas forzas ao longo deste mandato.<\/p>\n<\/blockquote>\n","protected":false},"excerpt":{"rendered":"<div class=\"mh-excerpt\"><p>A nova alcaldesa de Cangas \u00e9 unha persoa intelixente, sensible, emp\u00e1tica e pos\u00fae unha enorme capacidade de traballo. <a class=\"mh-excerpt-more\" href=\"https:\/\/www.anovapeneira.gal\/index.php\/2023\/09\/27\/araceli-gestido-alcaldesa-de-cangas\/\" title=\"Araceli Gestido alcaldesa de Cangas\">[&#8230;]<\/a><\/p>\n<\/div>","protected":false},"author":3,"featured_media":10495,"comment_status":"open","ping_status":"open","sticky":false,"template":"","format":"standard","meta":{"_exactmetrics_skip_tracking":false,"_exactmetrics_sitenote_active":false,"_exactmetrics_sitenote_note":"","_exactmetrics_sitenote_category":0,"footnotes":""},"categories":[268],"tags":[681],"class_list":{"0":"post-10493","1":"post","2":"type-post","3":"status-publish","4":"format-standard","5":"has-post-thumbnail","7":"category-morrazo-entrevistas","8":"tag-concello-de-cangas-do-morrazo"},"yoast_head":"<!-- This site is optimized with the Yoast SEO plugin v27.4 - https:\/\/yoast.com\/product\/yoast-seo-wordpress\/ -->\n<title>Araceli Gestido alcaldesa de Cangas -<\/title>\n<meta name=\"description\" content=\"A nova alcaldesa de Cangas \u00e9 unha persoa intelixente, sensible, emp\u00e1tica e pos\u00fae unha enorme capacidade de traballo.\" \/>\n<meta name=\"robots\" content=\"index, follow, max-snippet:-1, max-image-preview:large, max-video-preview:-1\" \/>\n<link rel=\"canonical\" href=\"https:\/\/www.anovapeneira.gal\/index.php\/2023\/09\/27\/araceli-gestido-alcaldesa-de-cangas\/\" \/>\n<meta property=\"og:locale\" content=\"gl_ES\" \/>\n<meta property=\"og:type\" content=\"article\" \/>\n<meta property=\"og:title\" content=\"Araceli Gestido alcaldesa de Cangas -\" \/>\n<meta property=\"og:description\" content=\"A nova alcaldesa de Cangas \u00e9 unha persoa intelixente, sensible, emp\u00e1tica e pos\u00fae unha enorme capacidade de traballo.\" \/>\n<meta property=\"og:url\" content=\"https:\/\/www.anovapeneira.gal\/index.php\/2023\/09\/27\/araceli-gestido-alcaldesa-de-cangas\/\" \/>\n<meta property=\"article:publisher\" content=\"https:\/\/www.facebook.com\/anovapeneira\" \/>\n<meta property=\"article:published_time\" content=\"2023-09-27T10:00:59+00:00\" \/>\n<meta property=\"og:image\" content=\"https:\/\/www.anovapeneira.gal\/wp-content\/uploads\/2023\/09\/araceli_gestido.jpg\" \/>\n\t<meta property=\"og:image:width\" content=\"720\" \/>\n\t<meta property=\"og:image:height\" content=\"432\" \/>\n\t<meta property=\"og:image:type\" content=\"image\/jpeg\" \/>\n<meta name=\"author\" content=\"Redacci\u00f3n A Nova Peneira\" \/>\n<meta name=\"twitter:card\" content=\"summary_large_image\" \/>\n<meta name=\"twitter:creator\" content=\"@APeneira\" \/>\n<meta name=\"twitter:site\" content=\"@APeneira\" \/>\n<meta name=\"twitter:label1\" content=\"Escrito por\" \/>\n\t<meta name=\"twitter:data1\" content=\"Redacci\u00f3n A Nova Peneira\" \/>\n\t<meta name=\"twitter:label2\" content=\"Tempo de lectura\" \/>\n\t<meta name=\"twitter:data2\" content=\"3 minutos\" \/>\n<script type=\"application\/ld+json\" class=\"yoast-schema-graph\">{\"@context\":\"https:\\\/\\\/schema.org\",\"@graph\":[{\"@type\":\"Article\",\"@id\":\"https:\\\/\\\/www.anovapeneira.gal\\\/index.php\\\/2023\\\/09\\\/27\\\/araceli-gestido-alcaldesa-de-cangas\\\/#article\",\"isPartOf\":{\"@id\":\"https:\\\/\\\/www.anovapeneira.gal\\\/index.php\\\/2023\\\/09\\\/27\\\/araceli-gestido-alcaldesa-de-cangas\\\/\"},\"author\":{\"name\":\"Redacci\u00f3n A Nova Peneira\",\"@id\":\"https:\\\/\\\/www.anovapeneira.gal\\\/#\\\/schema\\\/person\\\/b93e3f8932e3f8da96334607eb6ac6aa\"},\"headline\":\"Araceli Gestido alcaldesa de Cangas\",\"datePublished\":\"2023-09-27T10:00:59+00:00\",\"mainEntityOfPage\":{\"@id\":\"https:\\\/\\\/www.anovapeneira.gal\\\/index.php\\\/2023\\\/09\\\/27\\\/araceli-gestido-alcaldesa-de-cangas\\\/\"},\"wordCount\":1434,\"commentCount\":0,\"publisher\":{\"@id\":\"https:\\\/\\\/www.anovapeneira.gal\\\/#organization\"},\"image\":{\"@id\":\"https:\\\/\\\/www.anovapeneira.gal\\\/index.php\\\/2023\\\/09\\\/27\\\/araceli-gestido-alcaldesa-de-cangas\\\/#primaryimage\"},\"thumbnailUrl\":\"https:\\\/\\\/www.anovapeneira.gal\\\/wp-content\\\/uploads\\\/2023\\\/09\\\/araceli_gestido.jpg\",\"keywords\":[\"Concello de Cangas do Morrazo\"],\"articleSection\":[\"Morrazo\"],\"inLanguage\":\"gl-ES\",\"potentialAction\":[{\"@type\":\"CommentAction\",\"name\":\"Comment\",\"target\":[\"https:\\\/\\\/www.anovapeneira.gal\\\/index.php\\\/2023\\\/09\\\/27\\\/araceli-gestido-alcaldesa-de-cangas\\\/#respond\"]}]},{\"@type\":\"WebPage\",\"@id\":\"https:\\\/\\\/www.anovapeneira.gal\\\/index.php\\\/2023\\\/09\\\/27\\\/araceli-gestido-alcaldesa-de-cangas\\\/\",\"url\":\"https:\\\/\\\/www.anovapeneira.gal\\\/index.php\\\/2023\\\/09\\\/27\\\/araceli-gestido-alcaldesa-de-cangas\\\/\",\"name\":\"Araceli Gestido alcaldesa de Cangas -\",\"isPartOf\":{\"@id\":\"https:\\\/\\\/www.anovapeneira.gal\\\/#website\"},\"primaryImageOfPage\":{\"@id\":\"https:\\\/\\\/www.anovapeneira.gal\\\/index.php\\\/2023\\\/09\\\/27\\\/araceli-gestido-alcaldesa-de-cangas\\\/#primaryimage\"},\"image\":{\"@id\":\"https:\\\/\\\/www.anovapeneira.gal\\\/index.php\\\/2023\\\/09\\\/27\\\/araceli-gestido-alcaldesa-de-cangas\\\/#primaryimage\"},\"thumbnailUrl\":\"https:\\\/\\\/www.anovapeneira.gal\\\/wp-content\\\/uploads\\\/2023\\\/09\\\/araceli_gestido.jpg\",\"datePublished\":\"2023-09-27T10:00:59+00:00\",\"description\":\"A nova alcaldesa de Cangas \u00e9 unha persoa intelixente, sensible, emp\u00e1tica e pos\u00fae unha enorme capacidade de traballo.\",\"breadcrumb\":{\"@id\":\"https:\\\/\\\/www.anovapeneira.gal\\\/index.php\\\/2023\\\/09\\\/27\\\/araceli-gestido-alcaldesa-de-cangas\\\/#breadcrumb\"},\"inLanguage\":\"gl-ES\",\"potentialAction\":[{\"@type\":\"ReadAction\",\"target\":[\"https:\\\/\\\/www.anovapeneira.gal\\\/index.php\\\/2023\\\/09\\\/27\\\/araceli-gestido-alcaldesa-de-cangas\\\/\"]}]},{\"@type\":\"ImageObject\",\"inLanguage\":\"gl-ES\",\"@id\":\"https:\\\/\\\/www.anovapeneira.gal\\\/index.php\\\/2023\\\/09\\\/27\\\/araceli-gestido-alcaldesa-de-cangas\\\/#primaryimage\",\"url\":\"https:\\\/\\\/www.anovapeneira.gal\\\/wp-content\\\/uploads\\\/2023\\\/09\\\/araceli_gestido.jpg\",\"contentUrl\":\"https:\\\/\\\/www.anovapeneira.gal\\\/wp-content\\\/uploads\\\/2023\\\/09\\\/araceli_gestido.jpg\",\"width\":720,\"height\":432,\"caption\":\"Araceli Gestido alcaldesa de Cangas\"},{\"@type\":\"BreadcrumbList\",\"@id\":\"https:\\\/\\\/www.anovapeneira.gal\\\/index.php\\\/2023\\\/09\\\/27\\\/araceli-gestido-alcaldesa-de-cangas\\\/#breadcrumb\",\"itemListElement\":[{\"@type\":\"ListItem\",\"position\":1,\"name\":\"Portada\",\"item\":\"https:\\\/\\\/www.anovapeneira.gal\\\/\"},{\"@type\":\"ListItem\",\"position\":2,\"name\":\"Araceli Gestido alcaldesa de Cangas\"}]},{\"@type\":\"WebSite\",\"@id\":\"https:\\\/\\\/www.anovapeneira.gal\\\/#website\",\"url\":\"https:\\\/\\\/www.anovapeneira.gal\\\/\",\"name\":\"\",\"description\":\"Xornal galego de informaci\u00f3n xeral Publicaci\u00f3n mensual de novas de Galicia e en especial dos Concellos da sur da provincia de Pontevedra.\",\"publisher\":{\"@id\":\"https:\\\/\\\/www.anovapeneira.gal\\\/#organization\"},\"potentialAction\":[{\"@type\":\"SearchAction\",\"target\":{\"@type\":\"EntryPoint\",\"urlTemplate\":\"https:\\\/\\\/www.anovapeneira.gal\\\/?s={search_term_string}\"},\"query-input\":{\"@type\":\"PropertyValueSpecification\",\"valueRequired\":true,\"valueName\":\"search_term_string\"}}],\"inLanguage\":\"gl-ES\"},{\"@type\":\"Organization\",\"@id\":\"https:\\\/\\\/www.anovapeneira.gal\\\/#organization\",\"name\":\"A Nova Peneira\",\"url\":\"https:\\\/\\\/www.anovapeneira.gal\\\/\",\"logo\":{\"@type\":\"ImageObject\",\"inLanguage\":\"gl-ES\",\"@id\":\"https:\\\/\\\/www.anovapeneira.gal\\\/#\\\/schema\\\/logo\\\/image\\\/\",\"url\":\"http:\\\/\\\/www.anovapeneira.gal\\\/wp-content\\\/uploads\\\/2019\\\/06\\\/logo_a_nova_peneira_portal_web.png\",\"contentUrl\":\"http:\\\/\\\/www.anovapeneira.gal\\\/wp-content\\\/uploads\\\/2019\\\/06\\\/logo_a_nova_peneira_portal_web.png\",\"width\":300,\"height\":100,\"caption\":\"A Nova Peneira\"},\"image\":{\"@id\":\"https:\\\/\\\/www.anovapeneira.gal\\\/#\\\/schema\\\/logo\\\/image\\\/\"},\"sameAs\":[\"https:\\\/\\\/www.facebook.com\\\/anovapeneira\",\"https:\\\/\\\/x.com\\\/APeneira\"]},{\"@type\":\"Person\",\"@id\":\"https:\\\/\\\/www.anovapeneira.gal\\\/#\\\/schema\\\/person\\\/b93e3f8932e3f8da96334607eb6ac6aa\",\"name\":\"Redacci\u00f3n A Nova Peneira\",\"image\":{\"@type\":\"ImageObject\",\"inLanguage\":\"gl-ES\",\"@id\":\"https:\\\/\\\/secure.gravatar.com\\\/avatar\\\/c052a2551a06e23fac63626232eaa90abd78dbcf1700fc46a2b2c89fd27b735f?s=96&d=mm&r=g\",\"url\":\"https:\\\/\\\/secure.gravatar.com\\\/avatar\\\/c052a2551a06e23fac63626232eaa90abd78dbcf1700fc46a2b2c89fd27b735f?s=96&d=mm&r=g\",\"contentUrl\":\"https:\\\/\\\/secure.gravatar.com\\\/avatar\\\/c052a2551a06e23fac63626232eaa90abd78dbcf1700fc46a2b2c89fd27b735f?s=96&d=mm&r=g\",\"caption\":\"Redacci\u00f3n A Nova Peneira\"},\"sameAs\":[\"http:\\\/\\\/www.anovapeneira.gal\\\/\"],\"url\":\"https:\\\/\\\/www.anovapeneira.gal\\\/index.php\\\/author\\\/redactor\\\/\"}]}<\/script>\n<!-- \/ Yoast SEO plugin. -->","yoast_head_json":{"title":"Araceli Gestido alcaldesa de Cangas -","description":"A nova alcaldesa de Cangas \u00e9 unha persoa intelixente, sensible, emp\u00e1tica e pos\u00fae unha enorme capacidade de traballo.","robots":{"index":"index","follow":"follow","max-snippet":"max-snippet:-1","max-image-preview":"max-image-preview:large","max-video-preview":"max-video-preview:-1"},"canonical":"https:\/\/www.anovapeneira.gal\/index.php\/2023\/09\/27\/araceli-gestido-alcaldesa-de-cangas\/","og_locale":"gl_ES","og_type":"article","og_title":"Araceli Gestido alcaldesa de Cangas -","og_description":"A nova alcaldesa de Cangas \u00e9 unha persoa intelixente, sensible, emp\u00e1tica e pos\u00fae unha enorme capacidade de traballo.","og_url":"https:\/\/www.anovapeneira.gal\/index.php\/2023\/09\/27\/araceli-gestido-alcaldesa-de-cangas\/","article_publisher":"https:\/\/www.facebook.com\/anovapeneira","article_published_time":"2023-09-27T10:00:59+00:00","og_image":[{"width":720,"height":432,"url":"https:\/\/www.anovapeneira.gal\/wp-content\/uploads\/2023\/09\/araceli_gestido.jpg","type":"image\/jpeg"}],"author":"Redacci\u00f3n A Nova Peneira","twitter_card":"summary_large_image","twitter_creator":"@APeneira","twitter_site":"@APeneira","twitter_misc":{"Escrito por":"Redacci\u00f3n A Nova Peneira","Tempo de lectura":"3 minutos"},"schema":{"@context":"https:\/\/schema.org","@graph":[{"@type":"Article","@id":"https:\/\/www.anovapeneira.gal\/index.php\/2023\/09\/27\/araceli-gestido-alcaldesa-de-cangas\/#article","isPartOf":{"@id":"https:\/\/www.anovapeneira.gal\/index.php\/2023\/09\/27\/araceli-gestido-alcaldesa-de-cangas\/"},"author":{"name":"Redacci\u00f3n A Nova Peneira","@id":"https:\/\/www.anovapeneira.gal\/#\/schema\/person\/b93e3f8932e3f8da96334607eb6ac6aa"},"headline":"Araceli Gestido alcaldesa de Cangas","datePublished":"2023-09-27T10:00:59+00:00","mainEntityOfPage":{"@id":"https:\/\/www.anovapeneira.gal\/index.php\/2023\/09\/27\/araceli-gestido-alcaldesa-de-cangas\/"},"wordCount":1434,"commentCount":0,"publisher":{"@id":"https:\/\/www.anovapeneira.gal\/#organization"},"image":{"@id":"https:\/\/www.anovapeneira.gal\/index.php\/2023\/09\/27\/araceli-gestido-alcaldesa-de-cangas\/#primaryimage"},"thumbnailUrl":"https:\/\/www.anovapeneira.gal\/wp-content\/uploads\/2023\/09\/araceli_gestido.jpg","keywords":["Concello de Cangas do Morrazo"],"articleSection":["Morrazo"],"inLanguage":"gl-ES","potentialAction":[{"@type":"CommentAction","name":"Comment","target":["https:\/\/www.anovapeneira.gal\/index.php\/2023\/09\/27\/araceli-gestido-alcaldesa-de-cangas\/#respond"]}]},{"@type":"WebPage","@id":"https:\/\/www.anovapeneira.gal\/index.php\/2023\/09\/27\/araceli-gestido-alcaldesa-de-cangas\/","url":"https:\/\/www.anovapeneira.gal\/index.php\/2023\/09\/27\/araceli-gestido-alcaldesa-de-cangas\/","name":"Araceli Gestido alcaldesa de Cangas -","isPartOf":{"@id":"https:\/\/www.anovapeneira.gal\/#website"},"primaryImageOfPage":{"@id":"https:\/\/www.anovapeneira.gal\/index.php\/2023\/09\/27\/araceli-gestido-alcaldesa-de-cangas\/#primaryimage"},"image":{"@id":"https:\/\/www.anovapeneira.gal\/index.php\/2023\/09\/27\/araceli-gestido-alcaldesa-de-cangas\/#primaryimage"},"thumbnailUrl":"https:\/\/www.anovapeneira.gal\/wp-content\/uploads\/2023\/09\/araceli_gestido.jpg","datePublished":"2023-09-27T10:00:59+00:00","description":"A nova alcaldesa de Cangas \u00e9 unha persoa intelixente, sensible, emp\u00e1tica e pos\u00fae unha enorme capacidade de traballo.","breadcrumb":{"@id":"https:\/\/www.anovapeneira.gal\/index.php\/2023\/09\/27\/araceli-gestido-alcaldesa-de-cangas\/#breadcrumb"},"inLanguage":"gl-ES","potentialAction":[{"@type":"ReadAction","target":["https:\/\/www.anovapeneira.gal\/index.php\/2023\/09\/27\/araceli-gestido-alcaldesa-de-cangas\/"]}]},{"@type":"ImageObject","inLanguage":"gl-ES","@id":"https:\/\/www.anovapeneira.gal\/index.php\/2023\/09\/27\/araceli-gestido-alcaldesa-de-cangas\/#primaryimage","url":"https:\/\/www.anovapeneira.gal\/wp-content\/uploads\/2023\/09\/araceli_gestido.jpg","contentUrl":"https:\/\/www.anovapeneira.gal\/wp-content\/uploads\/2023\/09\/araceli_gestido.jpg","width":720,"height":432,"caption":"Araceli Gestido alcaldesa de Cangas"},{"@type":"BreadcrumbList","@id":"https:\/\/www.anovapeneira.gal\/index.php\/2023\/09\/27\/araceli-gestido-alcaldesa-de-cangas\/#breadcrumb","itemListElement":[{"@type":"ListItem","position":1,"name":"Portada","item":"https:\/\/www.anovapeneira.gal\/"},{"@type":"ListItem","position":2,"name":"Araceli Gestido alcaldesa de Cangas"}]},{"@type":"WebSite","@id":"https:\/\/www.anovapeneira.gal\/#website","url":"https:\/\/www.anovapeneira.gal\/","name":"","description":"Xornal galego de informaci\u00f3n xeral Publicaci\u00f3n mensual de novas de Galicia e en especial dos Concellos da sur da provincia de Pontevedra.","publisher":{"@id":"https:\/\/www.anovapeneira.gal\/#organization"},"potentialAction":[{"@type":"SearchAction","target":{"@type":"EntryPoint","urlTemplate":"https:\/\/www.anovapeneira.gal\/?s={search_term_string}"},"query-input":{"@type":"PropertyValueSpecification","valueRequired":true,"valueName":"search_term_string"}}],"inLanguage":"gl-ES"},{"@type":"Organization","@id":"https:\/\/www.anovapeneira.gal\/#organization","name":"A Nova Peneira","url":"https:\/\/www.anovapeneira.gal\/","logo":{"@type":"ImageObject","inLanguage":"gl-ES","@id":"https:\/\/www.anovapeneira.gal\/#\/schema\/logo\/image\/","url":"http:\/\/www.anovapeneira.gal\/wp-content\/uploads\/2019\/06\/logo_a_nova_peneira_portal_web.png","contentUrl":"http:\/\/www.anovapeneira.gal\/wp-content\/uploads\/2019\/06\/logo_a_nova_peneira_portal_web.png","width":300,"height":100,"caption":"A Nova Peneira"},"image":{"@id":"https:\/\/www.anovapeneira.gal\/#\/schema\/logo\/image\/"},"sameAs":["https:\/\/www.facebook.com\/anovapeneira","https:\/\/x.com\/APeneira"]},{"@type":"Person","@id":"https:\/\/www.anovapeneira.gal\/#\/schema\/person\/b93e3f8932e3f8da96334607eb6ac6aa","name":"Redacci\u00f3n A Nova Peneira","image":{"@type":"ImageObject","inLanguage":"gl-ES","@id":"https:\/\/secure.gravatar.com\/avatar\/c052a2551a06e23fac63626232eaa90abd78dbcf1700fc46a2b2c89fd27b735f?s=96&d=mm&r=g","url":"https:\/\/secure.gravatar.com\/avatar\/c052a2551a06e23fac63626232eaa90abd78dbcf1700fc46a2b2c89fd27b735f?s=96&d=mm&r=g","contentUrl":"https:\/\/secure.gravatar.com\/avatar\/c052a2551a06e23fac63626232eaa90abd78dbcf1700fc46a2b2c89fd27b735f?s=96&d=mm&r=g","caption":"Redacci\u00f3n A Nova Peneira"},"sameAs":["http:\/\/www.anovapeneira.gal\/"],"url":"https:\/\/www.anovapeneira.gal\/index.php\/author\/redactor\/"}]}},"jetpack_featured_media_url":"https:\/\/www.anovapeneira.gal\/wp-content\/uploads\/2023\/09\/araceli_gestido.jpg","_links":{"self":[{"href":"https:\/\/www.anovapeneira.gal\/index.php\/wp-json\/wp\/v2\/posts\/10493","targetHints":{"allow":["GET"]}}],"collection":[{"href":"https:\/\/www.anovapeneira.gal\/index.php\/wp-json\/wp\/v2\/posts"}],"about":[{"href":"https:\/\/www.anovapeneira.gal\/index.php\/wp-json\/wp\/v2\/types\/post"}],"author":[{"embeddable":true,"href":"https:\/\/www.anovapeneira.gal\/index.php\/wp-json\/wp\/v2\/users\/3"}],"replies":[{"embeddable":true,"href":"https:\/\/www.anovapeneira.gal\/index.php\/wp-json\/wp\/v2\/comments?post=10493"}],"version-history":[{"count":1,"href":"https:\/\/www.anovapeneira.gal\/index.php\/wp-json\/wp\/v2\/posts\/10493\/revisions"}],"predecessor-version":[{"id":10494,"href":"https:\/\/www.anovapeneira.gal\/index.php\/wp-json\/wp\/v2\/posts\/10493\/revisions\/10494"}],"wp:featuredmedia":[{"embeddable":true,"href":"https:\/\/www.anovapeneira.gal\/index.php\/wp-json\/wp\/v2\/media\/10495"}],"wp:attachment":[{"href":"https:\/\/www.anovapeneira.gal\/index.php\/wp-json\/wp\/v2\/media?parent=10493"}],"wp:term":[{"taxonomy":"category","embeddable":true,"href":"https:\/\/www.anovapeneira.gal\/index.php\/wp-json\/wp\/v2\/categories?post=10493"},{"taxonomy":"post_tag","embeddable":true,"href":"https:\/\/www.anovapeneira.gal\/index.php\/wp-json\/wp\/v2\/tags?post=10493"}],"curies":[{"name":"wp","href":"https:\/\/api.w.org\/{rel}","templated":true}]}}