{"id":10496,"date":"2023-09-28T10:00:38","date_gmt":"2023-09-28T08:00:38","guid":{"rendered":"https:\/\/www.anovapeneira.gal\/?p=10496"},"modified":"2023-09-26T09:28:03","modified_gmt":"2023-09-26T07:28:03","slug":"a-casa-da-cultura-de-fornelos-da-ribeira","status":"publish","type":"post","link":"https:\/\/www.anovapeneira.gal\/index.php\/2023\/09\/28\/a-casa-da-cultura-de-fornelos-da-ribeira\/","title":{"rendered":"A casa da cultura de Fornelos da Ribeira"},"content":{"rendered":"\n<pre class=\"wp-block-verse\">Manuel Alfonso Est\u00e9vez<\/pre>\n\n\n\n<h2 class=\"wp-block-heading\">\u201cUn cami\u00f1o para todos\u201d<\/h2>\n\n\n\n<p>Estes d\u00edas lendo A Nova Peneira, \u00a1A Nosa! A rehabilitaci\u00f3n do antigo Centro Social, do Sindicato \u201cEl Progreso\u201d, incendiado por mandato dun fillo de Fornelos da brigada pol\u00edtico social, daquel triste momento da nosa historia, hoxe ben poder\u00eda converterse en A Casa Da Cultura de Fornelos da Ribeira, recollendo as diversas asociaci\u00f3ns sociais da parroquia civil e relixiosamente falando.<\/p>\n\n\n\n<p>A\u00ednda que tarde, pese a s\u00faa lenta recuperaci\u00f3n, e de agradecer o presidente, Ernesto Groba Gonz\u00e1lez, da Comunidade de Montes en man com\u00fan, e do Centro Cultural Solpor, tan loable labor, para albergar en A Casa Da Cultura De Fornelos, o centro de acollida cultural e social de t\u00f3dalas actividades, como romar\u00edas e festas, actos culturais, servizos b\u00e1sicos, turismo e ocio, para obter excelentes resultados, entre as actividades humanas, modeladas pola paisaxe, confirmando zonas de cultivo, masa forestal, acceso a pistas polos rueiros de O Abel\u00e1n, coa s\u00faa praia fluvial. A Pedra Pena, transformada en bosque de casta\u00f1as que simboliza tempos de relevancia sagrada, e que na Galicia M\u00e1xica, encontramos a verdade da pedra e pena, cos casti\u00f1eiros, que alg\u00fan d\u00eda veremos de esplendoroso paisaxe de verde e frondosas casta\u00f1as, con broche final na Carballeira das Fragui\u00f1as; O Bulleiro, O Carrascal, O Casco, co cruceiro e capela Santa Rosa; Cima da Vila, A Cruz, A Fraga, As Fragui\u00f1as, centro xeogr\u00e1fico, social e espiritual, Goiende, A Lo\u00f1a, A M\u00e1moa coa Taper\u00eda Os Foxos (Restaurante). Mart\u00edn, O Oural, centro deportivo de \u201cEl Progresista\u201d de Fornelos, C.F., Pedra Pi\u00f1eira, Ra\u00f1e, co seu potencial agrario. O Reba\u00eddo, cos casti\u00f1eiros e cerdeiras; Enxembre, exemplo do desaf\u00edo cooperativo da Axuda Mutua, S\u00e1, A Seari\u00f1a e A Xesteira mellorando a imaxe interna e externa de Fornelos, como reclamo do Ocio e Tempo Libre.<\/p>\n\n\n\n<p>A rehabilitaci\u00f3n do Centro Social de \u201cEl Progreso\u201d, en A Casa Da Cultura, ser\u00eda unha boa resposta social, para non morrer en silencio, como est\u00e1 a ocorrer coas demais actividades sociais, pondo en valor a potencialidade local, o entorno natural e a imaxe dun cami\u00f1o para todos, sen caciquismos, en ben do Distrito de Fornelos da Ribeira, do Concello de Salvaterra.<\/p>\n\n\n\n<p>A Casa Da Cultura, de Fornelos da Ribeira, ser\u00eda o ideal para actividades formativas, culturais e sociais, a posta en valor do potencial agrario local, como a hortadoval@gmail.com [6].<\/p>\n\n\n\n<p>En Tempo Libre e Ocio, para vivir a variada riqueza espiritual, Igrexa de San Xo\u00e1n, capelas, cruceiros, eidos, mu\u00ed\u00f1os, folklore e m\u00fasica, xuntamente con actividades e costumes tradicionais, sendeirismo, sinalado e catalogado como de pequeno e longo recorrido (GDR e PR) de grande beleza natural e paisax\u00edstica.<\/p>\n\n\n\n<p>As romar\u00edas e festas, con auxe popular, que serven para difundir informaci\u00f3n e sensibilizaci\u00f3n social, referente a espazos naturais protexidos, medio ambiente, posibilidades de acceso o ocio, vinculado as tradicionais romar\u00edas locais, captando as xentes da que non cont\u00e1bamos. Coa A Casa Da Cultura, en funcionamento, existir\u00eda a posibilidade de mellorar o Tempo Libre e Ocio, con o ambiente local, porque o obxectivo e po\u00f1er en valor o potencial local, recursos, cultura e patrimonio, no seu entorno natural, mellorando a imaxe de Fornelos da Ribeira, coidando, por exemplo, o medio ambiente, a concienciaci\u00f3n social, actividades formativas, educativas e tur\u00edsticas, como gu\u00edas locais, aloxamentos tradicionais, restauraci\u00f3n e servizos, e tamen cooperando cos veci\u00f1os en gastronom\u00eda, como recurso e base fundamental para atraer visitantes, e dando vida a Fornelos e conservando a s\u00faa maneira de ser e entender<\/p>\n\n\n\n<p>Por \u00faltimo, A Nova Peneira, a nosa, para dar a co\u00f1ecer A Casa Da Cultura, que debera ser o medio para dar a co\u00f1ecer o cami\u00f1o de todas e todos, como alma daquel Centro Sindical \u201cEl Progreso\u201d o novo xerme, da xente xove universitaria, para contribu\u00edr e non so ver a un lector baixo a Carballeira das Fragui\u00f1as lendo un libro, escoitar m\u00fasica ou bailar soamente. Para algo mais debe ser.<\/p>\n","protected":false},"excerpt":{"rendered":"<div class=\"mh-excerpt\"><p>Estes d\u00edas lendo A Nova Peneira, \u00a1A Nosa! A rehabilitaci\u00f3n do antigo Centro Social, do Sindicato \u201cEl Progreso\u201d, incendiado por mandato dun fillo de Fornelos da brigada pol\u00edtico social, daquel triste momento da nosa historia, hoxe ben poder\u00eda converterse en A Casa Da Cultura de Fornelos da Ribeira, recollendo as diversas asociaci\u00f3ns sociais da parroquia civil e relixiosamente falando <a class=\"mh-excerpt-more\" href=\"https:\/\/www.anovapeneira.gal\/index.php\/2023\/09\/28\/a-casa-da-cultura-de-fornelos-da-ribeira\/\" title=\"A casa da cultura de Fornelos da Ribeira\">[&#8230;]<\/a><\/p>\n<\/div>","protected":false},"author":40,"featured_media":5108,"comment_status":"open","ping_status":"open","sticky":false,"template":"","format":"standard","meta":{"_exactmetrics_skip_tracking":false,"_exactmetrics_sitenote_active":false,"_exactmetrics_sitenote_note":"","_exactmetrics_sitenote_category":0,"footnotes":""},"categories":[7],"tags":[187],"class_list":{"0":"post-10496","1":"post","2":"type-post","3":"status-publish","4":"format-standard","5":"has-post-thumbnail","7":"category-artigos-de-opinion","8":"tag-fornelos-da-ribeira"},"yoast_head":"<!-- This site is optimized with the Yoast SEO plugin v27.4 - https:\/\/yoast.com\/product\/yoast-seo-wordpress\/ -->\n<title>A casa da cultura de Fornelos da Ribeira -<\/title>\n<meta name=\"description\" content=\"Estes d\u00edas lendo A Nova Peneira, \u00a1A Nosa! A rehabilitaci\u00f3n do antigo Centro Social, do Sindicato \u201cEl Progreso\u201d, incendiado por mandato dun fillo de Fornelos da brigada pol\u00edtico social, daquel triste momento da nosa historia, hoxe ben poder\u00eda converterse en A Casa Da Cultura de Fornelos da Ribeira, recollendo as diversas asociaci\u00f3ns sociais da parroquia civil e relixiosamente falando\" \/>\n<meta name=\"robots\" content=\"index, follow, max-snippet:-1, max-image-preview:large, max-video-preview:-1\" \/>\n<link rel=\"canonical\" href=\"https:\/\/www.anovapeneira.gal\/index.php\/2023\/09\/28\/a-casa-da-cultura-de-fornelos-da-ribeira\/\" \/>\n<meta property=\"og:locale\" content=\"gl_ES\" \/>\n<meta property=\"og:type\" content=\"article\" \/>\n<meta property=\"og:title\" content=\"A casa da cultura de Fornelos da Ribeira -\" \/>\n<meta property=\"og:description\" content=\"Estes d\u00edas lendo A Nova Peneira, \u00a1A Nosa! A rehabilitaci\u00f3n do antigo Centro Social, do Sindicato \u201cEl Progreso\u201d, incendiado por mandato dun fillo de Fornelos da brigada pol\u00edtico social, daquel triste momento da nosa historia, hoxe ben poder\u00eda converterse en A Casa Da Cultura de Fornelos da Ribeira, recollendo as diversas asociaci\u00f3ns sociais da parroquia civil e relixiosamente falando\" \/>\n<meta property=\"og:url\" content=\"https:\/\/www.anovapeneira.gal\/index.php\/2023\/09\/28\/a-casa-da-cultura-de-fornelos-da-ribeira\/\" \/>\n<meta property=\"article:publisher\" content=\"https:\/\/www.facebook.com\/anovapeneira\" \/>\n<meta property=\"article:published_time\" content=\"2023-09-28T08:00:38+00:00\" \/>\n<meta property=\"og:image\" content=\"https:\/\/www.anovapeneira.gal\/wp-content\/uploads\/2021\/03\/manuel_alfonso_estevez.jpg\" \/>\n\t<meta property=\"og:image:width\" content=\"720\" \/>\n\t<meta property=\"og:image:height\" content=\"432\" \/>\n\t<meta property=\"og:image:type\" content=\"image\/jpeg\" \/>\n<meta name=\"author\" content=\"Manuel Alfonso Est\u00e9vez\" \/>\n<meta name=\"twitter:card\" content=\"summary_large_image\" \/>\n<meta name=\"twitter:creator\" content=\"@APeneira\" \/>\n<meta name=\"twitter:site\" content=\"@APeneira\" \/>\n<meta name=\"twitter:label1\" content=\"Escrito por\" \/>\n\t<meta name=\"twitter:data1\" content=\"Manuel Alfonso Est\u00e9vez\" \/>\n\t<meta name=\"twitter:label2\" content=\"Tempo de lectura\" \/>\n\t<meta name=\"twitter:data2\" content=\"4 minutos\" \/>\n<script type=\"application\/ld+json\" class=\"yoast-schema-graph\">{\"@context\":\"https:\\\/\\\/schema.org\",\"@graph\":[{\"@type\":\"Article\",\"@id\":\"https:\\\/\\\/www.anovapeneira.gal\\\/index.php\\\/2023\\\/09\\\/28\\\/a-casa-da-cultura-de-fornelos-da-ribeira\\\/#article\",\"isPartOf\":{\"@id\":\"https:\\\/\\\/www.anovapeneira.gal\\\/index.php\\\/2023\\\/09\\\/28\\\/a-casa-da-cultura-de-fornelos-da-ribeira\\\/\"},\"author\":{\"name\":\"Manuel Alfonso Est\u00e9vez\",\"@id\":\"https:\\\/\\\/www.anovapeneira.gal\\\/#\\\/schema\\\/person\\\/6561b93d53e7a32f5d814768163bae2a\"},\"headline\":\"A casa da cultura de Fornelos da Ribeira\",\"datePublished\":\"2023-09-28T08:00:38+00:00\",\"mainEntityOfPage\":{\"@id\":\"https:\\\/\\\/www.anovapeneira.gal\\\/index.php\\\/2023\\\/09\\\/28\\\/a-casa-da-cultura-de-fornelos-da-ribeira\\\/\"},\"wordCount\":706,\"commentCount\":0,\"publisher\":{\"@id\":\"https:\\\/\\\/www.anovapeneira.gal\\\/#organization\"},\"image\":{\"@id\":\"https:\\\/\\\/www.anovapeneira.gal\\\/index.php\\\/2023\\\/09\\\/28\\\/a-casa-da-cultura-de-fornelos-da-ribeira\\\/#primaryimage\"},\"thumbnailUrl\":\"https:\\\/\\\/www.anovapeneira.gal\\\/wp-content\\\/uploads\\\/2021\\\/03\\\/manuel_alfonso_estevez.jpg\",\"keywords\":[\"Fornelos da Ribeira\"],\"articleSection\":[\"Artigos de opini\u00f3n\"],\"inLanguage\":\"gl-ES\",\"potentialAction\":[{\"@type\":\"CommentAction\",\"name\":\"Comment\",\"target\":[\"https:\\\/\\\/www.anovapeneira.gal\\\/index.php\\\/2023\\\/09\\\/28\\\/a-casa-da-cultura-de-fornelos-da-ribeira\\\/#respond\"]}]},{\"@type\":\"WebPage\",\"@id\":\"https:\\\/\\\/www.anovapeneira.gal\\\/index.php\\\/2023\\\/09\\\/28\\\/a-casa-da-cultura-de-fornelos-da-ribeira\\\/\",\"url\":\"https:\\\/\\\/www.anovapeneira.gal\\\/index.php\\\/2023\\\/09\\\/28\\\/a-casa-da-cultura-de-fornelos-da-ribeira\\\/\",\"name\":\"A casa da cultura de Fornelos da Ribeira -\",\"isPartOf\":{\"@id\":\"https:\\\/\\\/www.anovapeneira.gal\\\/#website\"},\"primaryImageOfPage\":{\"@id\":\"https:\\\/\\\/www.anovapeneira.gal\\\/index.php\\\/2023\\\/09\\\/28\\\/a-casa-da-cultura-de-fornelos-da-ribeira\\\/#primaryimage\"},\"image\":{\"@id\":\"https:\\\/\\\/www.anovapeneira.gal\\\/index.php\\\/2023\\\/09\\\/28\\\/a-casa-da-cultura-de-fornelos-da-ribeira\\\/#primaryimage\"},\"thumbnailUrl\":\"https:\\\/\\\/www.anovapeneira.gal\\\/wp-content\\\/uploads\\\/2021\\\/03\\\/manuel_alfonso_estevez.jpg\",\"datePublished\":\"2023-09-28T08:00:38+00:00\",\"description\":\"Estes d\u00edas lendo A Nova Peneira, \u00a1A Nosa! A rehabilitaci\u00f3n do antigo Centro Social, do Sindicato \u201cEl Progreso\u201d, incendiado por mandato dun fillo de Fornelos da brigada pol\u00edtico social, daquel triste momento da nosa historia, hoxe ben poder\u00eda converterse en A Casa Da Cultura de Fornelos da Ribeira, recollendo as diversas asociaci\u00f3ns sociais da parroquia civil e relixiosamente falando\",\"breadcrumb\":{\"@id\":\"https:\\\/\\\/www.anovapeneira.gal\\\/index.php\\\/2023\\\/09\\\/28\\\/a-casa-da-cultura-de-fornelos-da-ribeira\\\/#breadcrumb\"},\"inLanguage\":\"gl-ES\",\"potentialAction\":[{\"@type\":\"ReadAction\",\"target\":[\"https:\\\/\\\/www.anovapeneira.gal\\\/index.php\\\/2023\\\/09\\\/28\\\/a-casa-da-cultura-de-fornelos-da-ribeira\\\/\"]}]},{\"@type\":\"ImageObject\",\"inLanguage\":\"gl-ES\",\"@id\":\"https:\\\/\\\/www.anovapeneira.gal\\\/index.php\\\/2023\\\/09\\\/28\\\/a-casa-da-cultura-de-fornelos-da-ribeira\\\/#primaryimage\",\"url\":\"https:\\\/\\\/www.anovapeneira.gal\\\/wp-content\\\/uploads\\\/2021\\\/03\\\/manuel_alfonso_estevez.jpg\",\"contentUrl\":\"https:\\\/\\\/www.anovapeneira.gal\\\/wp-content\\\/uploads\\\/2021\\\/03\\\/manuel_alfonso_estevez.jpg\",\"width\":720,\"height\":432,\"caption\":\"Manuel Alfonso Est\u00e9vez. Historia viva de Fornelos da Ribeira\"},{\"@type\":\"BreadcrumbList\",\"@id\":\"https:\\\/\\\/www.anovapeneira.gal\\\/index.php\\\/2023\\\/09\\\/28\\\/a-casa-da-cultura-de-fornelos-da-ribeira\\\/#breadcrumb\",\"itemListElement\":[{\"@type\":\"ListItem\",\"position\":1,\"name\":\"Portada\",\"item\":\"https:\\\/\\\/www.anovapeneira.gal\\\/\"},{\"@type\":\"ListItem\",\"position\":2,\"name\":\"A casa da cultura de Fornelos da Ribeira\"}]},{\"@type\":\"WebSite\",\"@id\":\"https:\\\/\\\/www.anovapeneira.gal\\\/#website\",\"url\":\"https:\\\/\\\/www.anovapeneira.gal\\\/\",\"name\":\"\",\"description\":\"Xornal galego de informaci\u00f3n xeral Publicaci\u00f3n mensual de novas de Galicia e en especial dos Concellos da sur da provincia de Pontevedra.\",\"publisher\":{\"@id\":\"https:\\\/\\\/www.anovapeneira.gal\\\/#organization\"},\"potentialAction\":[{\"@type\":\"SearchAction\",\"target\":{\"@type\":\"EntryPoint\",\"urlTemplate\":\"https:\\\/\\\/www.anovapeneira.gal\\\/?s={search_term_string}\"},\"query-input\":{\"@type\":\"PropertyValueSpecification\",\"valueRequired\":true,\"valueName\":\"search_term_string\"}}],\"inLanguage\":\"gl-ES\"},{\"@type\":\"Organization\",\"@id\":\"https:\\\/\\\/www.anovapeneira.gal\\\/#organization\",\"name\":\"A Nova Peneira\",\"url\":\"https:\\\/\\\/www.anovapeneira.gal\\\/\",\"logo\":{\"@type\":\"ImageObject\",\"inLanguage\":\"gl-ES\",\"@id\":\"https:\\\/\\\/www.anovapeneira.gal\\\/#\\\/schema\\\/logo\\\/image\\\/\",\"url\":\"http:\\\/\\\/www.anovapeneira.gal\\\/wp-content\\\/uploads\\\/2019\\\/06\\\/logo_a_nova_peneira_portal_web.png\",\"contentUrl\":\"http:\\\/\\\/www.anovapeneira.gal\\\/wp-content\\\/uploads\\\/2019\\\/06\\\/logo_a_nova_peneira_portal_web.png\",\"width\":300,\"height\":100,\"caption\":\"A Nova Peneira\"},\"image\":{\"@id\":\"https:\\\/\\\/www.anovapeneira.gal\\\/#\\\/schema\\\/logo\\\/image\\\/\"},\"sameAs\":[\"https:\\\/\\\/www.facebook.com\\\/anovapeneira\",\"https:\\\/\\\/x.com\\\/APeneira\"]},{\"@type\":\"Person\",\"@id\":\"https:\\\/\\\/www.anovapeneira.gal\\\/#\\\/schema\\\/person\\\/6561b93d53e7a32f5d814768163bae2a\",\"name\":\"Manuel Alfonso Est\u00e9vez\",\"image\":{\"@type\":\"ImageObject\",\"inLanguage\":\"gl-ES\",\"@id\":\"https:\\\/\\\/secure.gravatar.com\\\/avatar\\\/f5d3e86603a02dabc520fdacad8691552cb5b3b57ede8828ababc7095c054594?s=96&d=mm&r=g\",\"url\":\"https:\\\/\\\/secure.gravatar.com\\\/avatar\\\/f5d3e86603a02dabc520fdacad8691552cb5b3b57ede8828ababc7095c054594?s=96&d=mm&r=g\",\"contentUrl\":\"https:\\\/\\\/secure.gravatar.com\\\/avatar\\\/f5d3e86603a02dabc520fdacad8691552cb5b3b57ede8828ababc7095c054594?s=96&d=mm&r=g\",\"caption\":\"Manuel Alfonso Est\u00e9vez\"},\"url\":\"https:\\\/\\\/www.anovapeneira.gal\\\/index.php\\\/author\\\/manuelalfonso\\\/\"}]}<\/script>\n<!-- \/ Yoast SEO plugin. -->","yoast_head_json":{"title":"A casa da cultura de Fornelos da Ribeira -","description":"Estes d\u00edas lendo A Nova Peneira, \u00a1A Nosa! A rehabilitaci\u00f3n do antigo Centro Social, do Sindicato \u201cEl Progreso\u201d, incendiado por mandato dun fillo de Fornelos da brigada pol\u00edtico social, daquel triste momento da nosa historia, hoxe ben poder\u00eda converterse en A Casa Da Cultura de Fornelos da Ribeira, recollendo as diversas asociaci\u00f3ns sociais da parroquia civil e relixiosamente falando","robots":{"index":"index","follow":"follow","max-snippet":"max-snippet:-1","max-image-preview":"max-image-preview:large","max-video-preview":"max-video-preview:-1"},"canonical":"https:\/\/www.anovapeneira.gal\/index.php\/2023\/09\/28\/a-casa-da-cultura-de-fornelos-da-ribeira\/","og_locale":"gl_ES","og_type":"article","og_title":"A casa da cultura de Fornelos da Ribeira -","og_description":"Estes d\u00edas lendo A Nova Peneira, \u00a1A Nosa! A rehabilitaci\u00f3n do antigo Centro Social, do Sindicato \u201cEl Progreso\u201d, incendiado por mandato dun fillo de Fornelos da brigada pol\u00edtico social, daquel triste momento da nosa historia, hoxe ben poder\u00eda converterse en A Casa Da Cultura de Fornelos da Ribeira, recollendo as diversas asociaci\u00f3ns sociais da parroquia civil e relixiosamente falando","og_url":"https:\/\/www.anovapeneira.gal\/index.php\/2023\/09\/28\/a-casa-da-cultura-de-fornelos-da-ribeira\/","article_publisher":"https:\/\/www.facebook.com\/anovapeneira","article_published_time":"2023-09-28T08:00:38+00:00","og_image":[{"width":720,"height":432,"url":"https:\/\/www.anovapeneira.gal\/wp-content\/uploads\/2021\/03\/manuel_alfonso_estevez.jpg","type":"image\/jpeg"}],"author":"Manuel Alfonso Est\u00e9vez","twitter_card":"summary_large_image","twitter_creator":"@APeneira","twitter_site":"@APeneira","twitter_misc":{"Escrito por":"Manuel Alfonso Est\u00e9vez","Tempo de lectura":"4 minutos"},"schema":{"@context":"https:\/\/schema.org","@graph":[{"@type":"Article","@id":"https:\/\/www.anovapeneira.gal\/index.php\/2023\/09\/28\/a-casa-da-cultura-de-fornelos-da-ribeira\/#article","isPartOf":{"@id":"https:\/\/www.anovapeneira.gal\/index.php\/2023\/09\/28\/a-casa-da-cultura-de-fornelos-da-ribeira\/"},"author":{"name":"Manuel Alfonso Est\u00e9vez","@id":"https:\/\/www.anovapeneira.gal\/#\/schema\/person\/6561b93d53e7a32f5d814768163bae2a"},"headline":"A casa da cultura de Fornelos da Ribeira","datePublished":"2023-09-28T08:00:38+00:00","mainEntityOfPage":{"@id":"https:\/\/www.anovapeneira.gal\/index.php\/2023\/09\/28\/a-casa-da-cultura-de-fornelos-da-ribeira\/"},"wordCount":706,"commentCount":0,"publisher":{"@id":"https:\/\/www.anovapeneira.gal\/#organization"},"image":{"@id":"https:\/\/www.anovapeneira.gal\/index.php\/2023\/09\/28\/a-casa-da-cultura-de-fornelos-da-ribeira\/#primaryimage"},"thumbnailUrl":"https:\/\/www.anovapeneira.gal\/wp-content\/uploads\/2021\/03\/manuel_alfonso_estevez.jpg","keywords":["Fornelos da Ribeira"],"articleSection":["Artigos de opini\u00f3n"],"inLanguage":"gl-ES","potentialAction":[{"@type":"CommentAction","name":"Comment","target":["https:\/\/www.anovapeneira.gal\/index.php\/2023\/09\/28\/a-casa-da-cultura-de-fornelos-da-ribeira\/#respond"]}]},{"@type":"WebPage","@id":"https:\/\/www.anovapeneira.gal\/index.php\/2023\/09\/28\/a-casa-da-cultura-de-fornelos-da-ribeira\/","url":"https:\/\/www.anovapeneira.gal\/index.php\/2023\/09\/28\/a-casa-da-cultura-de-fornelos-da-ribeira\/","name":"A casa da cultura de Fornelos da Ribeira -","isPartOf":{"@id":"https:\/\/www.anovapeneira.gal\/#website"},"primaryImageOfPage":{"@id":"https:\/\/www.anovapeneira.gal\/index.php\/2023\/09\/28\/a-casa-da-cultura-de-fornelos-da-ribeira\/#primaryimage"},"image":{"@id":"https:\/\/www.anovapeneira.gal\/index.php\/2023\/09\/28\/a-casa-da-cultura-de-fornelos-da-ribeira\/#primaryimage"},"thumbnailUrl":"https:\/\/www.anovapeneira.gal\/wp-content\/uploads\/2021\/03\/manuel_alfonso_estevez.jpg","datePublished":"2023-09-28T08:00:38+00:00","description":"Estes d\u00edas lendo A Nova Peneira, \u00a1A Nosa! A rehabilitaci\u00f3n do antigo Centro Social, do Sindicato \u201cEl Progreso\u201d, incendiado por mandato dun fillo de Fornelos da brigada pol\u00edtico social, daquel triste momento da nosa historia, hoxe ben poder\u00eda converterse en A Casa Da Cultura de Fornelos da Ribeira, recollendo as diversas asociaci\u00f3ns sociais da parroquia civil e relixiosamente falando","breadcrumb":{"@id":"https:\/\/www.anovapeneira.gal\/index.php\/2023\/09\/28\/a-casa-da-cultura-de-fornelos-da-ribeira\/#breadcrumb"},"inLanguage":"gl-ES","potentialAction":[{"@type":"ReadAction","target":["https:\/\/www.anovapeneira.gal\/index.php\/2023\/09\/28\/a-casa-da-cultura-de-fornelos-da-ribeira\/"]}]},{"@type":"ImageObject","inLanguage":"gl-ES","@id":"https:\/\/www.anovapeneira.gal\/index.php\/2023\/09\/28\/a-casa-da-cultura-de-fornelos-da-ribeira\/#primaryimage","url":"https:\/\/www.anovapeneira.gal\/wp-content\/uploads\/2021\/03\/manuel_alfonso_estevez.jpg","contentUrl":"https:\/\/www.anovapeneira.gal\/wp-content\/uploads\/2021\/03\/manuel_alfonso_estevez.jpg","width":720,"height":432,"caption":"Manuel Alfonso Est\u00e9vez. Historia viva de Fornelos da Ribeira"},{"@type":"BreadcrumbList","@id":"https:\/\/www.anovapeneira.gal\/index.php\/2023\/09\/28\/a-casa-da-cultura-de-fornelos-da-ribeira\/#breadcrumb","itemListElement":[{"@type":"ListItem","position":1,"name":"Portada","item":"https:\/\/www.anovapeneira.gal\/"},{"@type":"ListItem","position":2,"name":"A casa da cultura de Fornelos da Ribeira"}]},{"@type":"WebSite","@id":"https:\/\/www.anovapeneira.gal\/#website","url":"https:\/\/www.anovapeneira.gal\/","name":"","description":"Xornal galego de informaci\u00f3n xeral Publicaci\u00f3n mensual de novas de Galicia e en especial dos Concellos da sur da provincia de Pontevedra.","publisher":{"@id":"https:\/\/www.anovapeneira.gal\/#organization"},"potentialAction":[{"@type":"SearchAction","target":{"@type":"EntryPoint","urlTemplate":"https:\/\/www.anovapeneira.gal\/?s={search_term_string}"},"query-input":{"@type":"PropertyValueSpecification","valueRequired":true,"valueName":"search_term_string"}}],"inLanguage":"gl-ES"},{"@type":"Organization","@id":"https:\/\/www.anovapeneira.gal\/#organization","name":"A Nova Peneira","url":"https:\/\/www.anovapeneira.gal\/","logo":{"@type":"ImageObject","inLanguage":"gl-ES","@id":"https:\/\/www.anovapeneira.gal\/#\/schema\/logo\/image\/","url":"http:\/\/www.anovapeneira.gal\/wp-content\/uploads\/2019\/06\/logo_a_nova_peneira_portal_web.png","contentUrl":"http:\/\/www.anovapeneira.gal\/wp-content\/uploads\/2019\/06\/logo_a_nova_peneira_portal_web.png","width":300,"height":100,"caption":"A Nova Peneira"},"image":{"@id":"https:\/\/www.anovapeneira.gal\/#\/schema\/logo\/image\/"},"sameAs":["https:\/\/www.facebook.com\/anovapeneira","https:\/\/x.com\/APeneira"]},{"@type":"Person","@id":"https:\/\/www.anovapeneira.gal\/#\/schema\/person\/6561b93d53e7a32f5d814768163bae2a","name":"Manuel Alfonso Est\u00e9vez","image":{"@type":"ImageObject","inLanguage":"gl-ES","@id":"https:\/\/secure.gravatar.com\/avatar\/f5d3e86603a02dabc520fdacad8691552cb5b3b57ede8828ababc7095c054594?s=96&d=mm&r=g","url":"https:\/\/secure.gravatar.com\/avatar\/f5d3e86603a02dabc520fdacad8691552cb5b3b57ede8828ababc7095c054594?s=96&d=mm&r=g","contentUrl":"https:\/\/secure.gravatar.com\/avatar\/f5d3e86603a02dabc520fdacad8691552cb5b3b57ede8828ababc7095c054594?s=96&d=mm&r=g","caption":"Manuel Alfonso Est\u00e9vez"},"url":"https:\/\/www.anovapeneira.gal\/index.php\/author\/manuelalfonso\/"}]}},"jetpack_featured_media_url":"https:\/\/www.anovapeneira.gal\/wp-content\/uploads\/2021\/03\/manuel_alfonso_estevez.jpg","_links":{"self":[{"href":"https:\/\/www.anovapeneira.gal\/index.php\/wp-json\/wp\/v2\/posts\/10496","targetHints":{"allow":["GET"]}}],"collection":[{"href":"https:\/\/www.anovapeneira.gal\/index.php\/wp-json\/wp\/v2\/posts"}],"about":[{"href":"https:\/\/www.anovapeneira.gal\/index.php\/wp-json\/wp\/v2\/types\/post"}],"author":[{"embeddable":true,"href":"https:\/\/www.anovapeneira.gal\/index.php\/wp-json\/wp\/v2\/users\/40"}],"replies":[{"embeddable":true,"href":"https:\/\/www.anovapeneira.gal\/index.php\/wp-json\/wp\/v2\/comments?post=10496"}],"version-history":[{"count":1,"href":"https:\/\/www.anovapeneira.gal\/index.php\/wp-json\/wp\/v2\/posts\/10496\/revisions"}],"predecessor-version":[{"id":10497,"href":"https:\/\/www.anovapeneira.gal\/index.php\/wp-json\/wp\/v2\/posts\/10496\/revisions\/10497"}],"wp:featuredmedia":[{"embeddable":true,"href":"https:\/\/www.anovapeneira.gal\/index.php\/wp-json\/wp\/v2\/media\/5108"}],"wp:attachment":[{"href":"https:\/\/www.anovapeneira.gal\/index.php\/wp-json\/wp\/v2\/media?parent=10496"}],"wp:term":[{"taxonomy":"category","embeddable":true,"href":"https:\/\/www.anovapeneira.gal\/index.php\/wp-json\/wp\/v2\/categories?post=10496"},{"taxonomy":"post_tag","embeddable":true,"href":"https:\/\/www.anovapeneira.gal\/index.php\/wp-json\/wp\/v2\/tags?post=10496"}],"curies":[{"name":"wp","href":"https:\/\/api.w.org\/{rel}","templated":true}]}}