{"id":10502,"date":"2023-09-29T10:00:38","date_gmt":"2023-09-29T08:00:38","guid":{"rendered":"https:\/\/www.anovapeneira.gal\/?p=10502"},"modified":"2023-09-27T09:45:07","modified_gmt":"2023-09-27T07:45:07","slug":"unha-subvencion-solicitada-polo-anterior-goberno-das-neves-e-concedida-pola-anterior-depo-dirixese-a-supresion-da-simboloxia-franquista-e-sinalizacion-do-patrimonio-historico-cultural","status":"publish","type":"post","link":"https:\/\/www.anovapeneira.gal\/index.php\/2023\/09\/29\/unha-subvencion-solicitada-polo-anterior-goberno-das-neves-e-concedida-pola-anterior-depo-dirixese-a-supresion-da-simboloxia-franquista-e-sinalizacion-do-patrimonio-historico-cultural\/","title":{"rendered":"Unha subvenci\u00f3n solicitada polo anterior goberno das Neves e concedida pola anterior DEPO dir\u00edxese \u00e1 supresi\u00f3n da simbolox\u00eda Franquista e sinalizaci\u00f3n do Patrimonio historico-cultural"},"content":{"rendered":"\n<h3 class=\"wp-block-heading\"><strong>Subvenci\u00f3ns da Deputaci\u00f3n Provincial de Pontevedra para a <em><strong>supresi\u00f3n da simbolox\u00eda franquista nos espazos p\u00fablicos e a rehabilitaci\u00f3n e sinalizaci\u00f3n do patrimono hist\u00f3rico-cultural dirixidas aos concellos da provincia de Pontevedra para o ano 2022 <\/strong><\/em>(publicadas no BOPPO n\u00famero 63 de 31 de marzo de 2022)<\/strong><\/h3>\n\n\n\n<p>O <strong>Concello das Neves <\/strong>ten concedidas d\u00faas axudas da <strong>Deputaci\u00f3n Provincial de Pontevedra<\/strong>, subvenci\u00f3ns da Deputaci\u00f3n Provincial de Pontevedra para a <em>supresi\u00f3n da simbolox\u00eda franquista nos espazos p\u00fablicos e a rehabilitaci\u00f3n e sinalizaci\u00f3n do patrimono hist\u00f3rico-cultural dirixidas aos concellos da provincia de Pontevedra para o ano 2022 <\/em>(publicadas no BOPPO n\u00famero 63 de 31 de marzo de 2022).<\/p>\n\n\n\n<figure class=\"wp-block-image size-full\"><img loading=\"lazy\" decoding=\"async\" width=\"720\" height=\"432\" src=\"https:\/\/www.anovapeneira.gal\/wp-content\/uploads\/2023\/09\/as_neves_franquistas.jpg\" alt=\"\" class=\"wp-image-10506\" srcset=\"https:\/\/www.anovapeneira.gal\/wp-content\/uploads\/2023\/09\/as_neves_franquistas.jpg 720w, https:\/\/www.anovapeneira.gal\/wp-content\/uploads\/2023\/09\/as_neves_franquistas-300x180.jpg 300w\" sizes=\"auto, (max-width: 720px) 100vw, 720px\" \/><\/figure>\n\n\n\n<p>A trav\u00e9s desta convocatoria a Deputaci\u00f3n de Pontevedra promove d\u00faas li\u00f1as diferenciadas: unha li\u00f1a A, para a eliminaci\u00f3n da simbolox\u00eda franquista dos espazos p\u00fablicos; e unha li\u00f1a B, para a rehabilitaci\u00f3n e sinalizaci\u00f3n do patrimonio hist\u00f3rico-cultural.<\/p>\n\n\n\n<p>Ao abeiro da Li\u00f1a A o Concello das Neves percibiu unha subvenci\u00f3n de <strong>1.058,75 euros<\/strong>, para levar a cabo un proxecto de <strong>SUPRESI\u00d3N DA SIMBOLOX\u00cdA FRANQUISTA<\/strong>. Os traballos de retirada da simbolox\u00eda franquista lev\u00e1ronse a cabo en 2 lavadoiros na parroquia de Santa Eulalia de Batall\u00e1ns<\/p>\n\n\n\n<p>Ao abeiro da Li\u00f1a B o Concello das Neves percibiu unha subvenci\u00f3n de <strong>3.230,70 euros<\/strong>, para levar a cabo un Proxecto de <strong>SINALIZACI\u00d3N DO PATRIMONIO <\/strong>NO CONCELLO DAS NEVES.<\/p>\n\n\n\n<p>Os traballos de sinalizaci\u00f3n realiz\u00e1ronse mediante a instalaci\u00f3n de dous paneis explicativos, na EFA A Cancela e no IESPazo da Merc\u00e9 .<\/p>\n","protected":false},"excerpt":{"rendered":"<div class=\"mh-excerpt\"><p>Subvenci\u00f3ns da Deputaci\u00f3n Provincial de Pontevedra para a supresi\u00f3n da simbolox\u00eda franquista nos espazos p\u00fablicos e a rehabilitaci\u00f3n e sinalizaci\u00f3n do patrimono hist\u00f3rico-cultural dirixidas aos concellos da provincia de Pontevedra para o ano 2022 (publicadas no BOPPO n\u00famero 63 de 31 de marzo de 2022) <a class=\"mh-excerpt-more\" href=\"https:\/\/www.anovapeneira.gal\/index.php\/2023\/09\/29\/unha-subvencion-solicitada-polo-anterior-goberno-das-neves-e-concedida-pola-anterior-depo-dirixese-a-supresion-da-simboloxia-franquista-e-sinalizacion-do-patrimonio-historico-cultural\/\" title=\"Unha subvenci\u00f3n solicitada polo anterior goberno das Neves e concedida pola anterior DEPO dir\u00edxese \u00e1 supresi\u00f3n da simbolox\u00eda Franquista e sinalizaci\u00f3n do Patrimonio historico-cultural\">[&#8230;]<\/a><\/p>\n<\/div>","protected":false},"author":3,"featured_media":10503,"comment_status":"open","ping_status":"open","sticky":false,"template":"","format":"standard","meta":{"_exactmetrics_skip_tracking":false,"_exactmetrics_sitenote_active":false,"_exactmetrics_sitenote_note":"","_exactmetrics_sitenote_category":0,"footnotes":""},"categories":[25],"tags":[546],"class_list":{"0":"post-10502","1":"post","2":"type-post","3":"status-publish","4":"format-standard","5":"has-post-thumbnail","7":"category-condado","8":"tag-concello-das-neves"},"yoast_head":"<!-- This site is optimized with the Yoast SEO plugin v27.4 - https:\/\/yoast.com\/product\/yoast-seo-wordpress\/ -->\n<title>Unha subvenci\u00f3n solicitada polo anterior goberno das Neves e concedida pola anterior DEPO dir\u00edxese \u00e1 supresi\u00f3n da simbolox\u00eda Franquista e sinalizaci\u00f3n do Patrimonio historico-cultural -<\/title>\n<meta name=\"description\" content=\"Subvenci\u00f3ns da Deputaci\u00f3n Provincial de Pontevedra para a supresi\u00f3n da simbolox\u00eda franquista nos espazos p\u00fablicos e a rehabilitaci\u00f3n e sinalizaci\u00f3n do patrimono hist\u00f3rico-cultural dirixidas aos concellos da provincia de Pontevedra para o ano 2022 (publicadas no BOPPO n\u00famero 63 de 31 de marzo de 2022)\" \/>\n<meta name=\"robots\" content=\"index, follow, max-snippet:-1, max-image-preview:large, max-video-preview:-1\" \/>\n<link rel=\"canonical\" href=\"https:\/\/www.anovapeneira.gal\/index.php\/2023\/09\/29\/unha-subvencion-solicitada-polo-anterior-goberno-das-neves-e-concedida-pola-anterior-depo-dirixese-a-supresion-da-simboloxia-franquista-e-sinalizacion-do-patrimonio-historico-cultural\/\" \/>\n<meta property=\"og:locale\" content=\"gl_ES\" \/>\n<meta property=\"og:type\" content=\"article\" \/>\n<meta property=\"og:title\" content=\"Unha subvenci\u00f3n solicitada polo anterior goberno das Neves e concedida pola anterior DEPO dir\u00edxese \u00e1 supresi\u00f3n da simbolox\u00eda Franquista e sinalizaci\u00f3n do Patrimonio historico-cultural -\" \/>\n<meta property=\"og:description\" content=\"Subvenci\u00f3ns da Deputaci\u00f3n Provincial de Pontevedra para a supresi\u00f3n da simbolox\u00eda franquista nos espazos p\u00fablicos e a rehabilitaci\u00f3n e sinalizaci\u00f3n do patrimono hist\u00f3rico-cultural dirixidas aos concellos da provincia de Pontevedra para o ano 2022 (publicadas no BOPPO n\u00famero 63 de 31 de marzo de 2022)\" \/>\n<meta property=\"og:url\" content=\"https:\/\/www.anovapeneira.gal\/index.php\/2023\/09\/29\/unha-subvencion-solicitada-polo-anterior-goberno-das-neves-e-concedida-pola-anterior-depo-dirixese-a-supresion-da-simboloxia-franquista-e-sinalizacion-do-patrimonio-historico-cultural\/\" \/>\n<meta property=\"article:publisher\" content=\"https:\/\/www.facebook.com\/anovapeneira\" \/>\n<meta property=\"article:published_time\" content=\"2023-09-29T08:00:38+00:00\" \/>\n<meta property=\"og:image\" content=\"https:\/\/www.anovapeneira.gal\/wp-content\/uploads\/2023\/09\/as_neves.jpg\" \/>\n\t<meta property=\"og:image:width\" content=\"720\" \/>\n\t<meta property=\"og:image:height\" content=\"432\" \/>\n\t<meta property=\"og:image:type\" content=\"image\/jpeg\" \/>\n<meta name=\"author\" content=\"Redacci\u00f3n A Nova Peneira\" \/>\n<meta name=\"twitter:card\" content=\"summary_large_image\" \/>\n<meta name=\"twitter:creator\" content=\"@APeneira\" \/>\n<meta name=\"twitter:site\" content=\"@APeneira\" \/>\n<meta name=\"twitter:label1\" content=\"Escrito por\" \/>\n\t<meta name=\"twitter:data1\" content=\"Redacci\u00f3n A Nova Peneira\" \/>\n\t<meta name=\"twitter:label2\" content=\"Tempo de lectura\" \/>\n\t<meta name=\"twitter:data2\" content=\"2 minutos\" \/>\n<script type=\"application\/ld+json\" class=\"yoast-schema-graph\">{\"@context\":\"https:\\\/\\\/schema.org\",\"@graph\":[{\"@type\":\"Article\",\"@id\":\"https:\\\/\\\/www.anovapeneira.gal\\\/index.php\\\/2023\\\/09\\\/29\\\/unha-subvencion-solicitada-polo-anterior-goberno-das-neves-e-concedida-pola-anterior-depo-dirixese-a-supresion-da-simboloxia-franquista-e-sinalizacion-do-patrimonio-historico-cultural\\\/#article\",\"isPartOf\":{\"@id\":\"https:\\\/\\\/www.anovapeneira.gal\\\/index.php\\\/2023\\\/09\\\/29\\\/unha-subvencion-solicitada-polo-anterior-goberno-das-neves-e-concedida-pola-anterior-depo-dirixese-a-supresion-da-simboloxia-franquista-e-sinalizacion-do-patrimonio-historico-cultural\\\/\"},\"author\":{\"name\":\"Redacci\u00f3n A Nova Peneira\",\"@id\":\"https:\\\/\\\/www.anovapeneira.gal\\\/#\\\/schema\\\/person\\\/b93e3f8932e3f8da96334607eb6ac6aa\"},\"headline\":\"Unha subvenci\u00f3n solicitada polo anterior goberno das Neves e concedida pola anterior DEPO dir\u00edxese \u00e1 supresi\u00f3n da simbolox\u00eda Franquista e sinalizaci\u00f3n do Patrimonio historico-cultural\",\"datePublished\":\"2023-09-29T08:00:38+00:00\",\"mainEntityOfPage\":{\"@id\":\"https:\\\/\\\/www.anovapeneira.gal\\\/index.php\\\/2023\\\/09\\\/29\\\/unha-subvencion-solicitada-polo-anterior-goberno-das-neves-e-concedida-pola-anterior-depo-dirixese-a-supresion-da-simboloxia-franquista-e-sinalizacion-do-patrimonio-historico-cultural\\\/\"},\"wordCount\":297,\"commentCount\":0,\"publisher\":{\"@id\":\"https:\\\/\\\/www.anovapeneira.gal\\\/#organization\"},\"image\":{\"@id\":\"https:\\\/\\\/www.anovapeneira.gal\\\/index.php\\\/2023\\\/09\\\/29\\\/unha-subvencion-solicitada-polo-anterior-goberno-das-neves-e-concedida-pola-anterior-depo-dirixese-a-supresion-da-simboloxia-franquista-e-sinalizacion-do-patrimonio-historico-cultural\\\/#primaryimage\"},\"thumbnailUrl\":\"https:\\\/\\\/www.anovapeneira.gal\\\/wp-content\\\/uploads\\\/2023\\\/09\\\/as_neves.jpg\",\"keywords\":[\"Concello das Neves\"],\"articleSection\":[\"Condado\"],\"inLanguage\":\"gl-ES\",\"potentialAction\":[{\"@type\":\"CommentAction\",\"name\":\"Comment\",\"target\":[\"https:\\\/\\\/www.anovapeneira.gal\\\/index.php\\\/2023\\\/09\\\/29\\\/unha-subvencion-solicitada-polo-anterior-goberno-das-neves-e-concedida-pola-anterior-depo-dirixese-a-supresion-da-simboloxia-franquista-e-sinalizacion-do-patrimonio-historico-cultural\\\/#respond\"]}]},{\"@type\":\"WebPage\",\"@id\":\"https:\\\/\\\/www.anovapeneira.gal\\\/index.php\\\/2023\\\/09\\\/29\\\/unha-subvencion-solicitada-polo-anterior-goberno-das-neves-e-concedida-pola-anterior-depo-dirixese-a-supresion-da-simboloxia-franquista-e-sinalizacion-do-patrimonio-historico-cultural\\\/\",\"url\":\"https:\\\/\\\/www.anovapeneira.gal\\\/index.php\\\/2023\\\/09\\\/29\\\/unha-subvencion-solicitada-polo-anterior-goberno-das-neves-e-concedida-pola-anterior-depo-dirixese-a-supresion-da-simboloxia-franquista-e-sinalizacion-do-patrimonio-historico-cultural\\\/\",\"name\":\"Unha subvenci\u00f3n solicitada polo anterior goberno das Neves e concedida pola anterior DEPO dir\u00edxese \u00e1 supresi\u00f3n da simbolox\u00eda Franquista e sinalizaci\u00f3n do Patrimonio historico-cultural -\",\"isPartOf\":{\"@id\":\"https:\\\/\\\/www.anovapeneira.gal\\\/#website\"},\"primaryImageOfPage\":{\"@id\":\"https:\\\/\\\/www.anovapeneira.gal\\\/index.php\\\/2023\\\/09\\\/29\\\/unha-subvencion-solicitada-polo-anterior-goberno-das-neves-e-concedida-pola-anterior-depo-dirixese-a-supresion-da-simboloxia-franquista-e-sinalizacion-do-patrimonio-historico-cultural\\\/#primaryimage\"},\"image\":{\"@id\":\"https:\\\/\\\/www.anovapeneira.gal\\\/index.php\\\/2023\\\/09\\\/29\\\/unha-subvencion-solicitada-polo-anterior-goberno-das-neves-e-concedida-pola-anterior-depo-dirixese-a-supresion-da-simboloxia-franquista-e-sinalizacion-do-patrimonio-historico-cultural\\\/#primaryimage\"},\"thumbnailUrl\":\"https:\\\/\\\/www.anovapeneira.gal\\\/wp-content\\\/uploads\\\/2023\\\/09\\\/as_neves.jpg\",\"datePublished\":\"2023-09-29T08:00:38+00:00\",\"description\":\"Subvenci\u00f3ns da Deputaci\u00f3n Provincial de Pontevedra para a supresi\u00f3n da simbolox\u00eda franquista nos espazos p\u00fablicos e a rehabilitaci\u00f3n e sinalizaci\u00f3n do patrimono hist\u00f3rico-cultural dirixidas aos concellos da provincia de Pontevedra para o ano 2022 (publicadas no BOPPO n\u00famero 63 de 31 de marzo de 2022)\",\"breadcrumb\":{\"@id\":\"https:\\\/\\\/www.anovapeneira.gal\\\/index.php\\\/2023\\\/09\\\/29\\\/unha-subvencion-solicitada-polo-anterior-goberno-das-neves-e-concedida-pola-anterior-depo-dirixese-a-supresion-da-simboloxia-franquista-e-sinalizacion-do-patrimonio-historico-cultural\\\/#breadcrumb\"},\"inLanguage\":\"gl-ES\",\"potentialAction\":[{\"@type\":\"ReadAction\",\"target\":[\"https:\\\/\\\/www.anovapeneira.gal\\\/index.php\\\/2023\\\/09\\\/29\\\/unha-subvencion-solicitada-polo-anterior-goberno-das-neves-e-concedida-pola-anterior-depo-dirixese-a-supresion-da-simboloxia-franquista-e-sinalizacion-do-patrimonio-historico-cultural\\\/\"]}]},{\"@type\":\"ImageObject\",\"inLanguage\":\"gl-ES\",\"@id\":\"https:\\\/\\\/www.anovapeneira.gal\\\/index.php\\\/2023\\\/09\\\/29\\\/unha-subvencion-solicitada-polo-anterior-goberno-das-neves-e-concedida-pola-anterior-depo-dirixese-a-supresion-da-simboloxia-franquista-e-sinalizacion-do-patrimonio-historico-cultural\\\/#primaryimage\",\"url\":\"https:\\\/\\\/www.anovapeneira.gal\\\/wp-content\\\/uploads\\\/2023\\\/09\\\/as_neves.jpg\",\"contentUrl\":\"https:\\\/\\\/www.anovapeneira.gal\\\/wp-content\\\/uploads\\\/2023\\\/09\\\/as_neves.jpg\",\"width\":720,\"height\":432,\"caption\":\"Supresi\u00f3n da simbolox\u00eda Franquista e sinalizaci\u00f3n do Patrimonio historico-cultural\"},{\"@type\":\"BreadcrumbList\",\"@id\":\"https:\\\/\\\/www.anovapeneira.gal\\\/index.php\\\/2023\\\/09\\\/29\\\/unha-subvencion-solicitada-polo-anterior-goberno-das-neves-e-concedida-pola-anterior-depo-dirixese-a-supresion-da-simboloxia-franquista-e-sinalizacion-do-patrimonio-historico-cultural\\\/#breadcrumb\",\"itemListElement\":[{\"@type\":\"ListItem\",\"position\":1,\"name\":\"Portada\",\"item\":\"https:\\\/\\\/www.anovapeneira.gal\\\/\"},{\"@type\":\"ListItem\",\"position\":2,\"name\":\"Unha subvenci\u00f3n solicitada polo anterior goberno das Neves e concedida pola anterior DEPO dir\u00edxese \u00e1 supresi\u00f3n da simbolox\u00eda Franquista e sinalizaci\u00f3n do Patrimonio historico-cultural\"}]},{\"@type\":\"WebSite\",\"@id\":\"https:\\\/\\\/www.anovapeneira.gal\\\/#website\",\"url\":\"https:\\\/\\\/www.anovapeneira.gal\\\/\",\"name\":\"\",\"description\":\"Xornal galego de informaci\u00f3n xeral Publicaci\u00f3n mensual de novas de Galicia e en especial dos Concellos da sur da provincia de Pontevedra.\",\"publisher\":{\"@id\":\"https:\\\/\\\/www.anovapeneira.gal\\\/#organization\"},\"potentialAction\":[{\"@type\":\"SearchAction\",\"target\":{\"@type\":\"EntryPoint\",\"urlTemplate\":\"https:\\\/\\\/www.anovapeneira.gal\\\/?s={search_term_string}\"},\"query-input\":{\"@type\":\"PropertyValueSpecification\",\"valueRequired\":true,\"valueName\":\"search_term_string\"}}],\"inLanguage\":\"gl-ES\"},{\"@type\":\"Organization\",\"@id\":\"https:\\\/\\\/www.anovapeneira.gal\\\/#organization\",\"name\":\"A Nova Peneira\",\"url\":\"https:\\\/\\\/www.anovapeneira.gal\\\/\",\"logo\":{\"@type\":\"ImageObject\",\"inLanguage\":\"gl-ES\",\"@id\":\"https:\\\/\\\/www.anovapeneira.gal\\\/#\\\/schema\\\/logo\\\/image\\\/\",\"url\":\"http:\\\/\\\/www.anovapeneira.gal\\\/wp-content\\\/uploads\\\/2019\\\/06\\\/logo_a_nova_peneira_portal_web.png\",\"contentUrl\":\"http:\\\/\\\/www.anovapeneira.gal\\\/wp-content\\\/uploads\\\/2019\\\/06\\\/logo_a_nova_peneira_portal_web.png\",\"width\":300,\"height\":100,\"caption\":\"A Nova Peneira\"},\"image\":{\"@id\":\"https:\\\/\\\/www.anovapeneira.gal\\\/#\\\/schema\\\/logo\\\/image\\\/\"},\"sameAs\":[\"https:\\\/\\\/www.facebook.com\\\/anovapeneira\",\"https:\\\/\\\/x.com\\\/APeneira\"]},{\"@type\":\"Person\",\"@id\":\"https:\\\/\\\/www.anovapeneira.gal\\\/#\\\/schema\\\/person\\\/b93e3f8932e3f8da96334607eb6ac6aa\",\"name\":\"Redacci\u00f3n A Nova Peneira\",\"image\":{\"@type\":\"ImageObject\",\"inLanguage\":\"gl-ES\",\"@id\":\"https:\\\/\\\/secure.gravatar.com\\\/avatar\\\/c052a2551a06e23fac63626232eaa90abd78dbcf1700fc46a2b2c89fd27b735f?s=96&d=mm&r=g\",\"url\":\"https:\\\/\\\/secure.gravatar.com\\\/avatar\\\/c052a2551a06e23fac63626232eaa90abd78dbcf1700fc46a2b2c89fd27b735f?s=96&d=mm&r=g\",\"contentUrl\":\"https:\\\/\\\/secure.gravatar.com\\\/avatar\\\/c052a2551a06e23fac63626232eaa90abd78dbcf1700fc46a2b2c89fd27b735f?s=96&d=mm&r=g\",\"caption\":\"Redacci\u00f3n A Nova Peneira\"},\"sameAs\":[\"http:\\\/\\\/www.anovapeneira.gal\\\/\"],\"url\":\"https:\\\/\\\/www.anovapeneira.gal\\\/index.php\\\/author\\\/redactor\\\/\"}]}<\/script>\n<!-- \/ Yoast SEO plugin. -->","yoast_head_json":{"title":"Unha subvenci\u00f3n solicitada polo anterior goberno das Neves e concedida pola anterior DEPO dir\u00edxese \u00e1 supresi\u00f3n da simbolox\u00eda Franquista e sinalizaci\u00f3n do Patrimonio historico-cultural -","description":"Subvenci\u00f3ns da Deputaci\u00f3n Provincial de Pontevedra para a supresi\u00f3n da simbolox\u00eda franquista nos espazos p\u00fablicos e a rehabilitaci\u00f3n e sinalizaci\u00f3n do patrimono hist\u00f3rico-cultural dirixidas aos concellos da provincia de Pontevedra para o ano 2022 (publicadas no BOPPO n\u00famero 63 de 31 de marzo de 2022)","robots":{"index":"index","follow":"follow","max-snippet":"max-snippet:-1","max-image-preview":"max-image-preview:large","max-video-preview":"max-video-preview:-1"},"canonical":"https:\/\/www.anovapeneira.gal\/index.php\/2023\/09\/29\/unha-subvencion-solicitada-polo-anterior-goberno-das-neves-e-concedida-pola-anterior-depo-dirixese-a-supresion-da-simboloxia-franquista-e-sinalizacion-do-patrimonio-historico-cultural\/","og_locale":"gl_ES","og_type":"article","og_title":"Unha subvenci\u00f3n solicitada polo anterior goberno das Neves e concedida pola anterior DEPO dir\u00edxese \u00e1 supresi\u00f3n da simbolox\u00eda Franquista e sinalizaci\u00f3n do Patrimonio historico-cultural -","og_description":"Subvenci\u00f3ns da Deputaci\u00f3n Provincial de Pontevedra para a supresi\u00f3n da simbolox\u00eda franquista nos espazos p\u00fablicos e a rehabilitaci\u00f3n e sinalizaci\u00f3n do patrimono hist\u00f3rico-cultural dirixidas aos concellos da provincia de Pontevedra para o ano 2022 (publicadas no BOPPO n\u00famero 63 de 31 de marzo de 2022)","og_url":"https:\/\/www.anovapeneira.gal\/index.php\/2023\/09\/29\/unha-subvencion-solicitada-polo-anterior-goberno-das-neves-e-concedida-pola-anterior-depo-dirixese-a-supresion-da-simboloxia-franquista-e-sinalizacion-do-patrimonio-historico-cultural\/","article_publisher":"https:\/\/www.facebook.com\/anovapeneira","article_published_time":"2023-09-29T08:00:38+00:00","og_image":[{"width":720,"height":432,"url":"https:\/\/www.anovapeneira.gal\/wp-content\/uploads\/2023\/09\/as_neves.jpg","type":"image\/jpeg"}],"author":"Redacci\u00f3n A Nova Peneira","twitter_card":"summary_large_image","twitter_creator":"@APeneira","twitter_site":"@APeneira","twitter_misc":{"Escrito por":"Redacci\u00f3n A Nova Peneira","Tempo de lectura":"2 minutos"},"schema":{"@context":"https:\/\/schema.org","@graph":[{"@type":"Article","@id":"https:\/\/www.anovapeneira.gal\/index.php\/2023\/09\/29\/unha-subvencion-solicitada-polo-anterior-goberno-das-neves-e-concedida-pola-anterior-depo-dirixese-a-supresion-da-simboloxia-franquista-e-sinalizacion-do-patrimonio-historico-cultural\/#article","isPartOf":{"@id":"https:\/\/www.anovapeneira.gal\/index.php\/2023\/09\/29\/unha-subvencion-solicitada-polo-anterior-goberno-das-neves-e-concedida-pola-anterior-depo-dirixese-a-supresion-da-simboloxia-franquista-e-sinalizacion-do-patrimonio-historico-cultural\/"},"author":{"name":"Redacci\u00f3n A Nova Peneira","@id":"https:\/\/www.anovapeneira.gal\/#\/schema\/person\/b93e3f8932e3f8da96334607eb6ac6aa"},"headline":"Unha subvenci\u00f3n solicitada polo anterior goberno das Neves e concedida pola anterior DEPO dir\u00edxese \u00e1 supresi\u00f3n da simbolox\u00eda Franquista e sinalizaci\u00f3n do Patrimonio historico-cultural","datePublished":"2023-09-29T08:00:38+00:00","mainEntityOfPage":{"@id":"https:\/\/www.anovapeneira.gal\/index.php\/2023\/09\/29\/unha-subvencion-solicitada-polo-anterior-goberno-das-neves-e-concedida-pola-anterior-depo-dirixese-a-supresion-da-simboloxia-franquista-e-sinalizacion-do-patrimonio-historico-cultural\/"},"wordCount":297,"commentCount":0,"publisher":{"@id":"https:\/\/www.anovapeneira.gal\/#organization"},"image":{"@id":"https:\/\/www.anovapeneira.gal\/index.php\/2023\/09\/29\/unha-subvencion-solicitada-polo-anterior-goberno-das-neves-e-concedida-pola-anterior-depo-dirixese-a-supresion-da-simboloxia-franquista-e-sinalizacion-do-patrimonio-historico-cultural\/#primaryimage"},"thumbnailUrl":"https:\/\/www.anovapeneira.gal\/wp-content\/uploads\/2023\/09\/as_neves.jpg","keywords":["Concello das Neves"],"articleSection":["Condado"],"inLanguage":"gl-ES","potentialAction":[{"@type":"CommentAction","name":"Comment","target":["https:\/\/www.anovapeneira.gal\/index.php\/2023\/09\/29\/unha-subvencion-solicitada-polo-anterior-goberno-das-neves-e-concedida-pola-anterior-depo-dirixese-a-supresion-da-simboloxia-franquista-e-sinalizacion-do-patrimonio-historico-cultural\/#respond"]}]},{"@type":"WebPage","@id":"https:\/\/www.anovapeneira.gal\/index.php\/2023\/09\/29\/unha-subvencion-solicitada-polo-anterior-goberno-das-neves-e-concedida-pola-anterior-depo-dirixese-a-supresion-da-simboloxia-franquista-e-sinalizacion-do-patrimonio-historico-cultural\/","url":"https:\/\/www.anovapeneira.gal\/index.php\/2023\/09\/29\/unha-subvencion-solicitada-polo-anterior-goberno-das-neves-e-concedida-pola-anterior-depo-dirixese-a-supresion-da-simboloxia-franquista-e-sinalizacion-do-patrimonio-historico-cultural\/","name":"Unha subvenci\u00f3n solicitada polo anterior goberno das Neves e concedida pola anterior DEPO dir\u00edxese \u00e1 supresi\u00f3n da simbolox\u00eda Franquista e sinalizaci\u00f3n do Patrimonio historico-cultural -","isPartOf":{"@id":"https:\/\/www.anovapeneira.gal\/#website"},"primaryImageOfPage":{"@id":"https:\/\/www.anovapeneira.gal\/index.php\/2023\/09\/29\/unha-subvencion-solicitada-polo-anterior-goberno-das-neves-e-concedida-pola-anterior-depo-dirixese-a-supresion-da-simboloxia-franquista-e-sinalizacion-do-patrimonio-historico-cultural\/#primaryimage"},"image":{"@id":"https:\/\/www.anovapeneira.gal\/index.php\/2023\/09\/29\/unha-subvencion-solicitada-polo-anterior-goberno-das-neves-e-concedida-pola-anterior-depo-dirixese-a-supresion-da-simboloxia-franquista-e-sinalizacion-do-patrimonio-historico-cultural\/#primaryimage"},"thumbnailUrl":"https:\/\/www.anovapeneira.gal\/wp-content\/uploads\/2023\/09\/as_neves.jpg","datePublished":"2023-09-29T08:00:38+00:00","description":"Subvenci\u00f3ns da Deputaci\u00f3n Provincial de Pontevedra para a supresi\u00f3n da simbolox\u00eda franquista nos espazos p\u00fablicos e a rehabilitaci\u00f3n e sinalizaci\u00f3n do patrimono hist\u00f3rico-cultural dirixidas aos concellos da provincia de Pontevedra para o ano 2022 (publicadas no BOPPO n\u00famero 63 de 31 de marzo de 2022)","breadcrumb":{"@id":"https:\/\/www.anovapeneira.gal\/index.php\/2023\/09\/29\/unha-subvencion-solicitada-polo-anterior-goberno-das-neves-e-concedida-pola-anterior-depo-dirixese-a-supresion-da-simboloxia-franquista-e-sinalizacion-do-patrimonio-historico-cultural\/#breadcrumb"},"inLanguage":"gl-ES","potentialAction":[{"@type":"ReadAction","target":["https:\/\/www.anovapeneira.gal\/index.php\/2023\/09\/29\/unha-subvencion-solicitada-polo-anterior-goberno-das-neves-e-concedida-pola-anterior-depo-dirixese-a-supresion-da-simboloxia-franquista-e-sinalizacion-do-patrimonio-historico-cultural\/"]}]},{"@type":"ImageObject","inLanguage":"gl-ES","@id":"https:\/\/www.anovapeneira.gal\/index.php\/2023\/09\/29\/unha-subvencion-solicitada-polo-anterior-goberno-das-neves-e-concedida-pola-anterior-depo-dirixese-a-supresion-da-simboloxia-franquista-e-sinalizacion-do-patrimonio-historico-cultural\/#primaryimage","url":"https:\/\/www.anovapeneira.gal\/wp-content\/uploads\/2023\/09\/as_neves.jpg","contentUrl":"https:\/\/www.anovapeneira.gal\/wp-content\/uploads\/2023\/09\/as_neves.jpg","width":720,"height":432,"caption":"Supresi\u00f3n da simbolox\u00eda Franquista e sinalizaci\u00f3n do Patrimonio historico-cultural"},{"@type":"BreadcrumbList","@id":"https:\/\/www.anovapeneira.gal\/index.php\/2023\/09\/29\/unha-subvencion-solicitada-polo-anterior-goberno-das-neves-e-concedida-pola-anterior-depo-dirixese-a-supresion-da-simboloxia-franquista-e-sinalizacion-do-patrimonio-historico-cultural\/#breadcrumb","itemListElement":[{"@type":"ListItem","position":1,"name":"Portada","item":"https:\/\/www.anovapeneira.gal\/"},{"@type":"ListItem","position":2,"name":"Unha subvenci\u00f3n solicitada polo anterior goberno das Neves e concedida pola anterior DEPO dir\u00edxese \u00e1 supresi\u00f3n da simbolox\u00eda Franquista e sinalizaci\u00f3n do Patrimonio historico-cultural"}]},{"@type":"WebSite","@id":"https:\/\/www.anovapeneira.gal\/#website","url":"https:\/\/www.anovapeneira.gal\/","name":"","description":"Xornal galego de informaci\u00f3n xeral Publicaci\u00f3n mensual de novas de Galicia e en especial dos Concellos da sur da provincia de Pontevedra.","publisher":{"@id":"https:\/\/www.anovapeneira.gal\/#organization"},"potentialAction":[{"@type":"SearchAction","target":{"@type":"EntryPoint","urlTemplate":"https:\/\/www.anovapeneira.gal\/?s={search_term_string}"},"query-input":{"@type":"PropertyValueSpecification","valueRequired":true,"valueName":"search_term_string"}}],"inLanguage":"gl-ES"},{"@type":"Organization","@id":"https:\/\/www.anovapeneira.gal\/#organization","name":"A Nova Peneira","url":"https:\/\/www.anovapeneira.gal\/","logo":{"@type":"ImageObject","inLanguage":"gl-ES","@id":"https:\/\/www.anovapeneira.gal\/#\/schema\/logo\/image\/","url":"http:\/\/www.anovapeneira.gal\/wp-content\/uploads\/2019\/06\/logo_a_nova_peneira_portal_web.png","contentUrl":"http:\/\/www.anovapeneira.gal\/wp-content\/uploads\/2019\/06\/logo_a_nova_peneira_portal_web.png","width":300,"height":100,"caption":"A Nova Peneira"},"image":{"@id":"https:\/\/www.anovapeneira.gal\/#\/schema\/logo\/image\/"},"sameAs":["https:\/\/www.facebook.com\/anovapeneira","https:\/\/x.com\/APeneira"]},{"@type":"Person","@id":"https:\/\/www.anovapeneira.gal\/#\/schema\/person\/b93e3f8932e3f8da96334607eb6ac6aa","name":"Redacci\u00f3n A Nova Peneira","image":{"@type":"ImageObject","inLanguage":"gl-ES","@id":"https:\/\/secure.gravatar.com\/avatar\/c052a2551a06e23fac63626232eaa90abd78dbcf1700fc46a2b2c89fd27b735f?s=96&d=mm&r=g","url":"https:\/\/secure.gravatar.com\/avatar\/c052a2551a06e23fac63626232eaa90abd78dbcf1700fc46a2b2c89fd27b735f?s=96&d=mm&r=g","contentUrl":"https:\/\/secure.gravatar.com\/avatar\/c052a2551a06e23fac63626232eaa90abd78dbcf1700fc46a2b2c89fd27b735f?s=96&d=mm&r=g","caption":"Redacci\u00f3n A Nova Peneira"},"sameAs":["http:\/\/www.anovapeneira.gal\/"],"url":"https:\/\/www.anovapeneira.gal\/index.php\/author\/redactor\/"}]}},"jetpack_featured_media_url":"https:\/\/www.anovapeneira.gal\/wp-content\/uploads\/2023\/09\/as_neves.jpg","_links":{"self":[{"href":"https:\/\/www.anovapeneira.gal\/index.php\/wp-json\/wp\/v2\/posts\/10502","targetHints":{"allow":["GET"]}}],"collection":[{"href":"https:\/\/www.anovapeneira.gal\/index.php\/wp-json\/wp\/v2\/posts"}],"about":[{"href":"https:\/\/www.anovapeneira.gal\/index.php\/wp-json\/wp\/v2\/types\/post"}],"author":[{"embeddable":true,"href":"https:\/\/www.anovapeneira.gal\/index.php\/wp-json\/wp\/v2\/users\/3"}],"replies":[{"embeddable":true,"href":"https:\/\/www.anovapeneira.gal\/index.php\/wp-json\/wp\/v2\/comments?post=10502"}],"version-history":[{"count":2,"href":"https:\/\/www.anovapeneira.gal\/index.php\/wp-json\/wp\/v2\/posts\/10502\/revisions"}],"predecessor-version":[{"id":10507,"href":"https:\/\/www.anovapeneira.gal\/index.php\/wp-json\/wp\/v2\/posts\/10502\/revisions\/10507"}],"wp:featuredmedia":[{"embeddable":true,"href":"https:\/\/www.anovapeneira.gal\/index.php\/wp-json\/wp\/v2\/media\/10503"}],"wp:attachment":[{"href":"https:\/\/www.anovapeneira.gal\/index.php\/wp-json\/wp\/v2\/media?parent=10502"}],"wp:term":[{"taxonomy":"category","embeddable":true,"href":"https:\/\/www.anovapeneira.gal\/index.php\/wp-json\/wp\/v2\/categories?post=10502"},{"taxonomy":"post_tag","embeddable":true,"href":"https:\/\/www.anovapeneira.gal\/index.php\/wp-json\/wp\/v2\/tags?post=10502"}],"curies":[{"name":"wp","href":"https:\/\/api.w.org\/{rel}","templated":true}]}}