{"id":10521,"date":"2023-10-02T10:00:52","date_gmt":"2023-10-02T08:00:52","guid":{"rendered":"https:\/\/www.anovapeneira.gal\/?p=10521"},"modified":"2023-09-28T09:57:26","modified_gmt":"2023-09-28T07:57:26","slug":"os-socialistas-de-salvaterra-conseguen-a-creacion-de-axudaspara-a-conciliacion","status":"publish","type":"post","link":"https:\/\/www.anovapeneira.gal\/index.php\/2023\/10\/02\/os-socialistas-de-salvaterra-conseguen-a-creacion-de-axudaspara-a-conciliacion\/","title":{"rendered":"Os socialistas de Salvaterra conseguen a creaci\u00f3n de axudaspara a conciliaci\u00f3n"},"content":{"rendered":"\n<h2 class=\"wp-block-heading\">No pasado pleno os socialistas propuxeron a creaci\u00f3n, por concorrencia competitiva,dunha bolsa de axudas a usuarios de comedor e aula madruga<\/h2>\n\n\n\n<p>No Pleno do pasado luns os socialistas de Salvaterra presentaron 2 moci\u00f3ns, unha para a creaci\u00f3n de axudas para os usuarios das aulas comedor e aula matinal e outra referente ao colectivo de traballadores e traballadoras,para mellorar a s\u00faa situaci\u00f3n laboral e de dereitos de representaci\u00f3n sindical.<\/p>\n\n\n\n<p>A moci\u00f3n para a mellora das traballadoras e traballadores non foi adiante poro partido de gobernoopo\u00f1erse a ditas medidas. En palabras do portavozsocialista municipal, F\u00e9lix Gonz\u00e1lez, \u201cNon propuxemos nada que non se axustase a lei. Somos conscientes de que certas medidas como a elaboraci\u00f3n da RPT pode crear tensi\u00f3ns, pero levamos 2 intentos e non supuxo ning\u00fan avance\u201d.Solicitaron tam\u00e9n os socialistas que as produtividades sexan co\u00f1ecidas por todos e todas as traballadoras e o comit\u00e9 dos empregados laborais, tal e como establece a lei. Tam\u00e9n,dentro das medidas que pretend\u00edan aprobar os socialistas se atopaban unhas condici\u00f3ns dignas e uns vestiarios onde poder cambiarse e\/ou asearse, instar a negociar un convenio que mellore as condici\u00f3ns laborais dos empregados p\u00fablicos e,por \u00faltimo, que as horas extras, se paguen segundo o acordado. A todas estas medidas o goberno municipal votou en contra.<\/p>\n\n\n\n<p>Por outro lado, a moci\u00f3n que insta a crear, coa maior brevidade posible, unhas axudas a conciliaci\u00f3n, foi aprobada por unanimidade da corporaci\u00f3n municipal. Estas axudas ir\u00edan encami\u00f1adas a sufragar partedo custode comedores e aula matinal, xa que moitas familias non te\u00f1en outra alternativa para poder conciliar a s\u00faa xornada laboral coa xornada escolar dos m\u00e1is pequenos. \u201cEsperemos que lle dean a maior prioridade na tramitaci\u00f3n, pero iso non depende do grupo socialista\u201d afirma F\u00e9lix Gonz\u00e1lez, portavoz municipal.<\/p>\n\n\n\n<div data-wp-interactive=\"core\/file\" class=\"wp-block-file\"><object data-wp-bind--hidden=\"!state.hasPdfPreview\" hidden class=\"wp-block-file__embed\" data=\"https:\/\/www.anovapeneira.gal\/wp-content\/uploads\/2023\/09\/borrador-mocion-traballadores.pdf\" type=\"application\/pdf\" style=\"width:100%;height:600px\" aria-label=\"Incrustado de borrador-mocion-traballadores.\"><\/object><a id=\"wp-block-file--media-3edc25b2-fd47-4c50-9236-a8db621d605c\" href=\"https:\/\/www.anovapeneira.gal\/wp-content\/uploads\/2023\/09\/borrador-mocion-traballadores.pdf\">borrador-mocion-traballadores<\/a><a href=\"https:\/\/www.anovapeneira.gal\/wp-content\/uploads\/2023\/09\/borrador-mocion-traballadores.pdf\" class=\"wp-block-file__button wp-element-button\" download aria-describedby=\"wp-block-file--media-3edc25b2-fd47-4c50-9236-a8db621d605c\">Descarga\t <\/a><\/div>\n\n\n\n<div data-wp-interactive=\"core\/file\" class=\"wp-block-file\"><object data-wp-bind--hidden=\"!state.hasPdfPreview\" hidden class=\"wp-block-file__embed\" data=\"https:\/\/www.anovapeneira.gal\/wp-content\/uploads\/2023\/09\/MOCION-becas-conciliacion.pdf\" type=\"application\/pdf\" style=\"width:100%;height:600px\" aria-label=\"Incrustado de MOCION-becas-conciliacion.\"><\/object><a id=\"wp-block-file--media-57681f70-1902-4a63-aa8c-d9fe99562cba\" href=\"https:\/\/www.anovapeneira.gal\/wp-content\/uploads\/2023\/09\/MOCION-becas-conciliacion.pdf\">MOCION-becas-conciliacion<\/a><a href=\"https:\/\/www.anovapeneira.gal\/wp-content\/uploads\/2023\/09\/MOCION-becas-conciliacion.pdf\" class=\"wp-block-file__button wp-element-button\" download aria-describedby=\"wp-block-file--media-57681f70-1902-4a63-aa8c-d9fe99562cba\">Descarga\t <\/a><\/div>\n","protected":false},"excerpt":{"rendered":"<div class=\"mh-excerpt\"><p>No pasado pleno os socialistas propuxeron a creaci\u00f3n, por concorrencia competitiva,dunha bolsa de axudas a usuarios de comedor e aula madruga <a class=\"mh-excerpt-more\" href=\"https:\/\/www.anovapeneira.gal\/index.php\/2023\/10\/02\/os-socialistas-de-salvaterra-conseguen-a-creacion-de-axudaspara-a-conciliacion\/\" title=\"Os socialistas de Salvaterra conseguen a creaci\u00f3n de axudaspara a conciliaci\u00f3n\">[&#8230;]<\/a><\/p>\n<\/div>","protected":false},"author":3,"featured_media":1425,"comment_status":"open","ping_status":"open","sticky":false,"template":"","format":"standard","meta":{"_exactmetrics_skip_tracking":false,"_exactmetrics_sitenote_active":false,"_exactmetrics_sitenote_note":"","_exactmetrics_sitenote_category":0,"footnotes":""},"categories":[25],"tags":[186],"class_list":{"0":"post-10521","1":"post","2":"type-post","3":"status-publish","4":"format-standard","5":"has-post-thumbnail","7":"category-condado","8":"tag-concello-de-salvaterra-do-mino"},"yoast_head":"<!-- This site is optimized with the Yoast SEO plugin v27.4 - https:\/\/yoast.com\/product\/yoast-seo-wordpress\/ -->\n<title>Os socialistas de Salvaterra conseguen a creaci\u00f3n de axudaspara a conciliaci\u00f3n -<\/title>\n<meta name=\"description\" content=\"No pasado pleno os socialistas propuxeron a creaci\u00f3n, por concorrencia competitiva,dunha bolsa de axudas a usuarios de comedor e aula madruga\" \/>\n<meta name=\"robots\" content=\"index, follow, max-snippet:-1, max-image-preview:large, max-video-preview:-1\" \/>\n<link rel=\"canonical\" href=\"https:\/\/www.anovapeneira.gal\/index.php\/2023\/10\/02\/os-socialistas-de-salvaterra-conseguen-a-creacion-de-axudaspara-a-conciliacion\/\" \/>\n<meta property=\"og:locale\" content=\"gl_ES\" \/>\n<meta property=\"og:type\" content=\"article\" \/>\n<meta property=\"og:title\" content=\"Os socialistas de Salvaterra conseguen a creaci\u00f3n de axudaspara a conciliaci\u00f3n -\" \/>\n<meta property=\"og:description\" content=\"No pasado pleno os socialistas propuxeron a creaci\u00f3n, por concorrencia competitiva,dunha bolsa de axudas a usuarios de comedor e aula madruga\" \/>\n<meta property=\"og:url\" content=\"https:\/\/www.anovapeneira.gal\/index.php\/2023\/10\/02\/os-socialistas-de-salvaterra-conseguen-a-creacion-de-axudaspara-a-conciliacion\/\" \/>\n<meta property=\"article:publisher\" content=\"https:\/\/www.facebook.com\/anovapeneira\" \/>\n<meta property=\"article:published_time\" content=\"2023-10-02T08:00:52+00:00\" \/>\n<meta property=\"og:image\" content=\"https:\/\/www.anovapeneira.gal\/wp-content\/uploads\/2019\/09\/psdg_a_nova_peneira.jpg\" \/>\n\t<meta property=\"og:image:width\" content=\"720\" \/>\n\t<meta property=\"og:image:height\" content=\"473\" \/>\n\t<meta property=\"og:image:type\" content=\"image\/jpeg\" \/>\n<meta name=\"author\" content=\"Redacci\u00f3n A Nova Peneira\" \/>\n<meta name=\"twitter:card\" content=\"summary_large_image\" \/>\n<meta name=\"twitter:creator\" content=\"@APeneira\" \/>\n<meta name=\"twitter:site\" content=\"@APeneira\" \/>\n<meta name=\"twitter:label1\" content=\"Escrito por\" \/>\n\t<meta name=\"twitter:data1\" content=\"Redacci\u00f3n A Nova Peneira\" \/>\n\t<meta name=\"twitter:label2\" content=\"Tempo de lectura\" \/>\n\t<meta name=\"twitter:data2\" content=\"2 minutos\" \/>\n<script type=\"application\/ld+json\" class=\"yoast-schema-graph\">{\"@context\":\"https:\\\/\\\/schema.org\",\"@graph\":[{\"@type\":\"Article\",\"@id\":\"https:\\\/\\\/www.anovapeneira.gal\\\/index.php\\\/2023\\\/10\\\/02\\\/os-socialistas-de-salvaterra-conseguen-a-creacion-de-axudaspara-a-conciliacion\\\/#article\",\"isPartOf\":{\"@id\":\"https:\\\/\\\/www.anovapeneira.gal\\\/index.php\\\/2023\\\/10\\\/02\\\/os-socialistas-de-salvaterra-conseguen-a-creacion-de-axudaspara-a-conciliacion\\\/\"},\"author\":{\"name\":\"Redacci\u00f3n A Nova Peneira\",\"@id\":\"https:\\\/\\\/www.anovapeneira.gal\\\/#\\\/schema\\\/person\\\/b93e3f8932e3f8da96334607eb6ac6aa\"},\"headline\":\"Os socialistas de Salvaterra conseguen a creaci\u00f3n de axudaspara a conciliaci\u00f3n\",\"datePublished\":\"2023-10-02T08:00:52+00:00\",\"mainEntityOfPage\":{\"@id\":\"https:\\\/\\\/www.anovapeneira.gal\\\/index.php\\\/2023\\\/10\\\/02\\\/os-socialistas-de-salvaterra-conseguen-a-creacion-de-axudaspara-a-conciliacion\\\/\"},\"wordCount\":337,\"commentCount\":0,\"publisher\":{\"@id\":\"https:\\\/\\\/www.anovapeneira.gal\\\/#organization\"},\"image\":{\"@id\":\"https:\\\/\\\/www.anovapeneira.gal\\\/index.php\\\/2023\\\/10\\\/02\\\/os-socialistas-de-salvaterra-conseguen-a-creacion-de-axudaspara-a-conciliacion\\\/#primaryimage\"},\"thumbnailUrl\":\"https:\\\/\\\/www.anovapeneira.gal\\\/wp-content\\\/uploads\\\/2019\\\/09\\\/psdg_a_nova_peneira.jpg\",\"keywords\":[\"Concello de Salvaterra do Mi\u00f1o\"],\"articleSection\":[\"Condado\"],\"inLanguage\":\"gl-ES\",\"potentialAction\":[{\"@type\":\"CommentAction\",\"name\":\"Comment\",\"target\":[\"https:\\\/\\\/www.anovapeneira.gal\\\/index.php\\\/2023\\\/10\\\/02\\\/os-socialistas-de-salvaterra-conseguen-a-creacion-de-axudaspara-a-conciliacion\\\/#respond\"]}]},{\"@type\":\"WebPage\",\"@id\":\"https:\\\/\\\/www.anovapeneira.gal\\\/index.php\\\/2023\\\/10\\\/02\\\/os-socialistas-de-salvaterra-conseguen-a-creacion-de-axudaspara-a-conciliacion\\\/\",\"url\":\"https:\\\/\\\/www.anovapeneira.gal\\\/index.php\\\/2023\\\/10\\\/02\\\/os-socialistas-de-salvaterra-conseguen-a-creacion-de-axudaspara-a-conciliacion\\\/\",\"name\":\"Os socialistas de Salvaterra conseguen a creaci\u00f3n de axudaspara a conciliaci\u00f3n -\",\"isPartOf\":{\"@id\":\"https:\\\/\\\/www.anovapeneira.gal\\\/#website\"},\"primaryImageOfPage\":{\"@id\":\"https:\\\/\\\/www.anovapeneira.gal\\\/index.php\\\/2023\\\/10\\\/02\\\/os-socialistas-de-salvaterra-conseguen-a-creacion-de-axudaspara-a-conciliacion\\\/#primaryimage\"},\"image\":{\"@id\":\"https:\\\/\\\/www.anovapeneira.gal\\\/index.php\\\/2023\\\/10\\\/02\\\/os-socialistas-de-salvaterra-conseguen-a-creacion-de-axudaspara-a-conciliacion\\\/#primaryimage\"},\"thumbnailUrl\":\"https:\\\/\\\/www.anovapeneira.gal\\\/wp-content\\\/uploads\\\/2019\\\/09\\\/psdg_a_nova_peneira.jpg\",\"datePublished\":\"2023-10-02T08:00:52+00:00\",\"description\":\"No pasado pleno os socialistas propuxeron a creaci\u00f3n, por concorrencia competitiva,dunha bolsa de axudas a usuarios de comedor e aula madruga\",\"breadcrumb\":{\"@id\":\"https:\\\/\\\/www.anovapeneira.gal\\\/index.php\\\/2023\\\/10\\\/02\\\/os-socialistas-de-salvaterra-conseguen-a-creacion-de-axudaspara-a-conciliacion\\\/#breadcrumb\"},\"inLanguage\":\"gl-ES\",\"potentialAction\":[{\"@type\":\"ReadAction\",\"target\":[\"https:\\\/\\\/www.anovapeneira.gal\\\/index.php\\\/2023\\\/10\\\/02\\\/os-socialistas-de-salvaterra-conseguen-a-creacion-de-axudaspara-a-conciliacion\\\/\"]}]},{\"@type\":\"ImageObject\",\"inLanguage\":\"gl-ES\",\"@id\":\"https:\\\/\\\/www.anovapeneira.gal\\\/index.php\\\/2023\\\/10\\\/02\\\/os-socialistas-de-salvaterra-conseguen-a-creacion-de-axudaspara-a-conciliacion\\\/#primaryimage\",\"url\":\"https:\\\/\\\/www.anovapeneira.gal\\\/wp-content\\\/uploads\\\/2019\\\/09\\\/psdg_a_nova_peneira.jpg\",\"contentUrl\":\"https:\\\/\\\/www.anovapeneira.gal\\\/wp-content\\\/uploads\\\/2019\\\/09\\\/psdg_a_nova_peneira.jpg\",\"width\":720,\"height\":473,\"caption\":\"PSdG Mos A Nova Peneira\"},{\"@type\":\"BreadcrumbList\",\"@id\":\"https:\\\/\\\/www.anovapeneira.gal\\\/index.php\\\/2023\\\/10\\\/02\\\/os-socialistas-de-salvaterra-conseguen-a-creacion-de-axudaspara-a-conciliacion\\\/#breadcrumb\",\"itemListElement\":[{\"@type\":\"ListItem\",\"position\":1,\"name\":\"Portada\",\"item\":\"https:\\\/\\\/www.anovapeneira.gal\\\/\"},{\"@type\":\"ListItem\",\"position\":2,\"name\":\"Os socialistas de Salvaterra conseguen a creaci\u00f3n de axudaspara a conciliaci\u00f3n\"}]},{\"@type\":\"WebSite\",\"@id\":\"https:\\\/\\\/www.anovapeneira.gal\\\/#website\",\"url\":\"https:\\\/\\\/www.anovapeneira.gal\\\/\",\"name\":\"\",\"description\":\"Xornal galego de informaci\u00f3n xeral Publicaci\u00f3n mensual de novas de Galicia e en especial dos Concellos da sur da provincia de Pontevedra.\",\"publisher\":{\"@id\":\"https:\\\/\\\/www.anovapeneira.gal\\\/#organization\"},\"potentialAction\":[{\"@type\":\"SearchAction\",\"target\":{\"@type\":\"EntryPoint\",\"urlTemplate\":\"https:\\\/\\\/www.anovapeneira.gal\\\/?s={search_term_string}\"},\"query-input\":{\"@type\":\"PropertyValueSpecification\",\"valueRequired\":true,\"valueName\":\"search_term_string\"}}],\"inLanguage\":\"gl-ES\"},{\"@type\":\"Organization\",\"@id\":\"https:\\\/\\\/www.anovapeneira.gal\\\/#organization\",\"name\":\"A Nova Peneira\",\"url\":\"https:\\\/\\\/www.anovapeneira.gal\\\/\",\"logo\":{\"@type\":\"ImageObject\",\"inLanguage\":\"gl-ES\",\"@id\":\"https:\\\/\\\/www.anovapeneira.gal\\\/#\\\/schema\\\/logo\\\/image\\\/\",\"url\":\"http:\\\/\\\/www.anovapeneira.gal\\\/wp-content\\\/uploads\\\/2019\\\/06\\\/logo_a_nova_peneira_portal_web.png\",\"contentUrl\":\"http:\\\/\\\/www.anovapeneira.gal\\\/wp-content\\\/uploads\\\/2019\\\/06\\\/logo_a_nova_peneira_portal_web.png\",\"width\":300,\"height\":100,\"caption\":\"A Nova Peneira\"},\"image\":{\"@id\":\"https:\\\/\\\/www.anovapeneira.gal\\\/#\\\/schema\\\/logo\\\/image\\\/\"},\"sameAs\":[\"https:\\\/\\\/www.facebook.com\\\/anovapeneira\",\"https:\\\/\\\/x.com\\\/APeneira\"]},{\"@type\":\"Person\",\"@id\":\"https:\\\/\\\/www.anovapeneira.gal\\\/#\\\/schema\\\/person\\\/b93e3f8932e3f8da96334607eb6ac6aa\",\"name\":\"Redacci\u00f3n A Nova Peneira\",\"image\":{\"@type\":\"ImageObject\",\"inLanguage\":\"gl-ES\",\"@id\":\"https:\\\/\\\/secure.gravatar.com\\\/avatar\\\/c052a2551a06e23fac63626232eaa90abd78dbcf1700fc46a2b2c89fd27b735f?s=96&d=mm&r=g\",\"url\":\"https:\\\/\\\/secure.gravatar.com\\\/avatar\\\/c052a2551a06e23fac63626232eaa90abd78dbcf1700fc46a2b2c89fd27b735f?s=96&d=mm&r=g\",\"contentUrl\":\"https:\\\/\\\/secure.gravatar.com\\\/avatar\\\/c052a2551a06e23fac63626232eaa90abd78dbcf1700fc46a2b2c89fd27b735f?s=96&d=mm&r=g\",\"caption\":\"Redacci\u00f3n A Nova Peneira\"},\"sameAs\":[\"http:\\\/\\\/www.anovapeneira.gal\\\/\"],\"url\":\"https:\\\/\\\/www.anovapeneira.gal\\\/index.php\\\/author\\\/redactor\\\/\"}]}<\/script>\n<!-- \/ Yoast SEO plugin. -->","yoast_head_json":{"title":"Os socialistas de Salvaterra conseguen a creaci\u00f3n de axudaspara a conciliaci\u00f3n -","description":"No pasado pleno os socialistas propuxeron a creaci\u00f3n, por concorrencia competitiva,dunha bolsa de axudas a usuarios de comedor e aula madruga","robots":{"index":"index","follow":"follow","max-snippet":"max-snippet:-1","max-image-preview":"max-image-preview:large","max-video-preview":"max-video-preview:-1"},"canonical":"https:\/\/www.anovapeneira.gal\/index.php\/2023\/10\/02\/os-socialistas-de-salvaterra-conseguen-a-creacion-de-axudaspara-a-conciliacion\/","og_locale":"gl_ES","og_type":"article","og_title":"Os socialistas de Salvaterra conseguen a creaci\u00f3n de axudaspara a conciliaci\u00f3n -","og_description":"No pasado pleno os socialistas propuxeron a creaci\u00f3n, por concorrencia competitiva,dunha bolsa de axudas a usuarios de comedor e aula madruga","og_url":"https:\/\/www.anovapeneira.gal\/index.php\/2023\/10\/02\/os-socialistas-de-salvaterra-conseguen-a-creacion-de-axudaspara-a-conciliacion\/","article_publisher":"https:\/\/www.facebook.com\/anovapeneira","article_published_time":"2023-10-02T08:00:52+00:00","og_image":[{"width":720,"height":473,"url":"https:\/\/www.anovapeneira.gal\/wp-content\/uploads\/2019\/09\/psdg_a_nova_peneira.jpg","type":"image\/jpeg"}],"author":"Redacci\u00f3n A Nova Peneira","twitter_card":"summary_large_image","twitter_creator":"@APeneira","twitter_site":"@APeneira","twitter_misc":{"Escrito por":"Redacci\u00f3n A Nova Peneira","Tempo de lectura":"2 minutos"},"schema":{"@context":"https:\/\/schema.org","@graph":[{"@type":"Article","@id":"https:\/\/www.anovapeneira.gal\/index.php\/2023\/10\/02\/os-socialistas-de-salvaterra-conseguen-a-creacion-de-axudaspara-a-conciliacion\/#article","isPartOf":{"@id":"https:\/\/www.anovapeneira.gal\/index.php\/2023\/10\/02\/os-socialistas-de-salvaterra-conseguen-a-creacion-de-axudaspara-a-conciliacion\/"},"author":{"name":"Redacci\u00f3n A Nova Peneira","@id":"https:\/\/www.anovapeneira.gal\/#\/schema\/person\/b93e3f8932e3f8da96334607eb6ac6aa"},"headline":"Os socialistas de Salvaterra conseguen a creaci\u00f3n de axudaspara a conciliaci\u00f3n","datePublished":"2023-10-02T08:00:52+00:00","mainEntityOfPage":{"@id":"https:\/\/www.anovapeneira.gal\/index.php\/2023\/10\/02\/os-socialistas-de-salvaterra-conseguen-a-creacion-de-axudaspara-a-conciliacion\/"},"wordCount":337,"commentCount":0,"publisher":{"@id":"https:\/\/www.anovapeneira.gal\/#organization"},"image":{"@id":"https:\/\/www.anovapeneira.gal\/index.php\/2023\/10\/02\/os-socialistas-de-salvaterra-conseguen-a-creacion-de-axudaspara-a-conciliacion\/#primaryimage"},"thumbnailUrl":"https:\/\/www.anovapeneira.gal\/wp-content\/uploads\/2019\/09\/psdg_a_nova_peneira.jpg","keywords":["Concello de Salvaterra do Mi\u00f1o"],"articleSection":["Condado"],"inLanguage":"gl-ES","potentialAction":[{"@type":"CommentAction","name":"Comment","target":["https:\/\/www.anovapeneira.gal\/index.php\/2023\/10\/02\/os-socialistas-de-salvaterra-conseguen-a-creacion-de-axudaspara-a-conciliacion\/#respond"]}]},{"@type":"WebPage","@id":"https:\/\/www.anovapeneira.gal\/index.php\/2023\/10\/02\/os-socialistas-de-salvaterra-conseguen-a-creacion-de-axudaspara-a-conciliacion\/","url":"https:\/\/www.anovapeneira.gal\/index.php\/2023\/10\/02\/os-socialistas-de-salvaterra-conseguen-a-creacion-de-axudaspara-a-conciliacion\/","name":"Os socialistas de Salvaterra conseguen a creaci\u00f3n de axudaspara a conciliaci\u00f3n -","isPartOf":{"@id":"https:\/\/www.anovapeneira.gal\/#website"},"primaryImageOfPage":{"@id":"https:\/\/www.anovapeneira.gal\/index.php\/2023\/10\/02\/os-socialistas-de-salvaterra-conseguen-a-creacion-de-axudaspara-a-conciliacion\/#primaryimage"},"image":{"@id":"https:\/\/www.anovapeneira.gal\/index.php\/2023\/10\/02\/os-socialistas-de-salvaterra-conseguen-a-creacion-de-axudaspara-a-conciliacion\/#primaryimage"},"thumbnailUrl":"https:\/\/www.anovapeneira.gal\/wp-content\/uploads\/2019\/09\/psdg_a_nova_peneira.jpg","datePublished":"2023-10-02T08:00:52+00:00","description":"No pasado pleno os socialistas propuxeron a creaci\u00f3n, por concorrencia competitiva,dunha bolsa de axudas a usuarios de comedor e aula madruga","breadcrumb":{"@id":"https:\/\/www.anovapeneira.gal\/index.php\/2023\/10\/02\/os-socialistas-de-salvaterra-conseguen-a-creacion-de-axudaspara-a-conciliacion\/#breadcrumb"},"inLanguage":"gl-ES","potentialAction":[{"@type":"ReadAction","target":["https:\/\/www.anovapeneira.gal\/index.php\/2023\/10\/02\/os-socialistas-de-salvaterra-conseguen-a-creacion-de-axudaspara-a-conciliacion\/"]}]},{"@type":"ImageObject","inLanguage":"gl-ES","@id":"https:\/\/www.anovapeneira.gal\/index.php\/2023\/10\/02\/os-socialistas-de-salvaterra-conseguen-a-creacion-de-axudaspara-a-conciliacion\/#primaryimage","url":"https:\/\/www.anovapeneira.gal\/wp-content\/uploads\/2019\/09\/psdg_a_nova_peneira.jpg","contentUrl":"https:\/\/www.anovapeneira.gal\/wp-content\/uploads\/2019\/09\/psdg_a_nova_peneira.jpg","width":720,"height":473,"caption":"PSdG Mos A Nova Peneira"},{"@type":"BreadcrumbList","@id":"https:\/\/www.anovapeneira.gal\/index.php\/2023\/10\/02\/os-socialistas-de-salvaterra-conseguen-a-creacion-de-axudaspara-a-conciliacion\/#breadcrumb","itemListElement":[{"@type":"ListItem","position":1,"name":"Portada","item":"https:\/\/www.anovapeneira.gal\/"},{"@type":"ListItem","position":2,"name":"Os socialistas de Salvaterra conseguen a creaci\u00f3n de axudaspara a conciliaci\u00f3n"}]},{"@type":"WebSite","@id":"https:\/\/www.anovapeneira.gal\/#website","url":"https:\/\/www.anovapeneira.gal\/","name":"","description":"Xornal galego de informaci\u00f3n xeral Publicaci\u00f3n mensual de novas de Galicia e en especial dos Concellos da sur da provincia de Pontevedra.","publisher":{"@id":"https:\/\/www.anovapeneira.gal\/#organization"},"potentialAction":[{"@type":"SearchAction","target":{"@type":"EntryPoint","urlTemplate":"https:\/\/www.anovapeneira.gal\/?s={search_term_string}"},"query-input":{"@type":"PropertyValueSpecification","valueRequired":true,"valueName":"search_term_string"}}],"inLanguage":"gl-ES"},{"@type":"Organization","@id":"https:\/\/www.anovapeneira.gal\/#organization","name":"A Nova Peneira","url":"https:\/\/www.anovapeneira.gal\/","logo":{"@type":"ImageObject","inLanguage":"gl-ES","@id":"https:\/\/www.anovapeneira.gal\/#\/schema\/logo\/image\/","url":"http:\/\/www.anovapeneira.gal\/wp-content\/uploads\/2019\/06\/logo_a_nova_peneira_portal_web.png","contentUrl":"http:\/\/www.anovapeneira.gal\/wp-content\/uploads\/2019\/06\/logo_a_nova_peneira_portal_web.png","width":300,"height":100,"caption":"A Nova Peneira"},"image":{"@id":"https:\/\/www.anovapeneira.gal\/#\/schema\/logo\/image\/"},"sameAs":["https:\/\/www.facebook.com\/anovapeneira","https:\/\/x.com\/APeneira"]},{"@type":"Person","@id":"https:\/\/www.anovapeneira.gal\/#\/schema\/person\/b93e3f8932e3f8da96334607eb6ac6aa","name":"Redacci\u00f3n A Nova Peneira","image":{"@type":"ImageObject","inLanguage":"gl-ES","@id":"https:\/\/secure.gravatar.com\/avatar\/c052a2551a06e23fac63626232eaa90abd78dbcf1700fc46a2b2c89fd27b735f?s=96&d=mm&r=g","url":"https:\/\/secure.gravatar.com\/avatar\/c052a2551a06e23fac63626232eaa90abd78dbcf1700fc46a2b2c89fd27b735f?s=96&d=mm&r=g","contentUrl":"https:\/\/secure.gravatar.com\/avatar\/c052a2551a06e23fac63626232eaa90abd78dbcf1700fc46a2b2c89fd27b735f?s=96&d=mm&r=g","caption":"Redacci\u00f3n A Nova Peneira"},"sameAs":["http:\/\/www.anovapeneira.gal\/"],"url":"https:\/\/www.anovapeneira.gal\/index.php\/author\/redactor\/"}]}},"jetpack_featured_media_url":"https:\/\/www.anovapeneira.gal\/wp-content\/uploads\/2019\/09\/psdg_a_nova_peneira.jpg","_links":{"self":[{"href":"https:\/\/www.anovapeneira.gal\/index.php\/wp-json\/wp\/v2\/posts\/10521","targetHints":{"allow":["GET"]}}],"collection":[{"href":"https:\/\/www.anovapeneira.gal\/index.php\/wp-json\/wp\/v2\/posts"}],"about":[{"href":"https:\/\/www.anovapeneira.gal\/index.php\/wp-json\/wp\/v2\/types\/post"}],"author":[{"embeddable":true,"href":"https:\/\/www.anovapeneira.gal\/index.php\/wp-json\/wp\/v2\/users\/3"}],"replies":[{"embeddable":true,"href":"https:\/\/www.anovapeneira.gal\/index.php\/wp-json\/wp\/v2\/comments?post=10521"}],"version-history":[{"count":1,"href":"https:\/\/www.anovapeneira.gal\/index.php\/wp-json\/wp\/v2\/posts\/10521\/revisions"}],"predecessor-version":[{"id":10526,"href":"https:\/\/www.anovapeneira.gal\/index.php\/wp-json\/wp\/v2\/posts\/10521\/revisions\/10526"}],"wp:featuredmedia":[{"embeddable":true,"href":"https:\/\/www.anovapeneira.gal\/index.php\/wp-json\/wp\/v2\/media\/1425"}],"wp:attachment":[{"href":"https:\/\/www.anovapeneira.gal\/index.php\/wp-json\/wp\/v2\/media?parent=10521"}],"wp:term":[{"taxonomy":"category","embeddable":true,"href":"https:\/\/www.anovapeneira.gal\/index.php\/wp-json\/wp\/v2\/categories?post=10521"},{"taxonomy":"post_tag","embeddable":true,"href":"https:\/\/www.anovapeneira.gal\/index.php\/wp-json\/wp\/v2\/tags?post=10521"}],"curies":[{"name":"wp","href":"https:\/\/api.w.org\/{rel}","templated":true}]}}