{"id":10531,"date":"2023-10-03T10:00:00","date_gmt":"2023-10-03T08:00:00","guid":{"rendered":"https:\/\/www.anovapeneira.gal\/?p=10531"},"modified":"2023-09-29T09:40:37","modified_gmt":"2023-09-29T07:40:37","slug":"dedicacion-e-compromiso-da-anpa-do-ies-anton-alonso-rios-para-transformar-a-educacion-da-mocidade-tominesa","status":"publish","type":"post","link":"https:\/\/www.anovapeneira.gal\/index.php\/2023\/10\/03\/dedicacion-e-compromiso-da-anpa-do-ies-anton-alonso-rios-para-transformar-a-educacion-da-mocidade-tominesa\/","title":{"rendered":"Dedicaci\u00f3n e compromiso da ANPA do IES Ant\u00f3n Alonso R\u00edos para transformar a educaci\u00f3n da mocidade tomi\u00f1esa"},"content":{"rendered":"\n<h2 class=\"wp-block-heading\"><strong>A asociaci\u00f3n repartiu este ano case un milleiro de libros entre 509 alumnos e alumnas, o 88% das e dos matriculados no centro<\/strong><\/h2>\n\n\n\n<p><strong>Xunto co banco de libros, o Concello colabora coa ANPA Solleiro para a posta en marcha do \u2018Xantar dos luns\u2019 e de clases de ingl\u00e9s de balde para a rapazada<\/strong><\/p>\n\n\n\n<p><strong>Tomi\u00f1o, 26 de setembro de 2023<\/strong><\/p>\n\n\n\n<p>Dedicaci\u00f3n, compromiso e moitas horas de traballo para ofrecer \u00e1s familias e \u00e1 mocidade tomi\u00f1esas os m\u00e1ximos recursos e servizos posibles. Ese \u00e9 o obxectivo da ANPA Solleiro do IES Ant\u00f3n Alonso R\u00edos, que arrancaba este inicio de curso cunha importante tarefa: a entrega ao alumnado de case un milleiro de volumes do banco de libros, en pleno funcionamento dende hai seis anos, e co que colabora o Concello de Tomi\u00f1o.<\/p>\n\n\n\n<figure class=\"wp-block-image size-full\"><img loading=\"lazy\" decoding=\"async\" width=\"720\" height=\"432\" src=\"https:\/\/www.anovapeneira.gal\/wp-content\/uploads\/2023\/09\/banco_libros_2.jpg\" alt=\"De esquerda a dereita, Valeria Tese\u0301, Elena Cerezales, Mari\u0301a Xose\u0301 A\u0301lvarez e Eva Pereira\" class=\"wp-image-10534\" srcset=\"https:\/\/www.anovapeneira.gal\/wp-content\/uploads\/2023\/09\/banco_libros_2.jpg 720w, https:\/\/www.anovapeneira.gal\/wp-content\/uploads\/2023\/09\/banco_libros_2-300x180.jpg 300w\" sizes=\"auto, (max-width: 720px) 100vw, 720px\" \/><figcaption class=\"wp-element-caption\">De esquerda a dereita, Valeria Tese\u0301, Elena Cerezales, Mari\u0301a Xose\u0301 A\u0301lvarez e Eva <\/figcaption><\/figure>\n\n\n\n<p>O obxectivo \u00e9 facilitar a todas as familias asociadas os libros obrigatorios e de apoio necesarios cada curso a un custo m\u00ednimo ou de balde. \u201cNon s\u00f3 alivia a carga econ\u00f3mica das familias e garante que todo o estudantado te\u00f1a acceso aos materiais necesarios, sen\u00f3n que permite constru\u00edr unha contorna educativa inclusiva e equitativa\u201d, explica a presidenta da ANPA Solleiro, Elena Cerezales. Este ano benefici\u00e1ronse desta iniciativa 509 alumnos e alumnas de ESO e Bacharelato, o 88% das e dos matriculados no centro, unha cifra que vai crecendo ano a ano.<\/p>\n\n\n\n<p>Recentemente renovada, a asociaci\u00f3n est\u00e1 liderada por sete mulleres, sete nais que destinan moito tempo a un traballo altru\u00edsta co que mellorar as oportunidades da mocidade tomi\u00f1esa. Por iso o seu labor vai moito m\u00e1is al\u00e1 do banco de libros. As\u00ed, a ANPA Solleiro organiza e xestiona o \u2018Xantar dos luns\u2019, \u201cun espazo adaptado e con monitor para que a rapazada poida comer de friameira no instituto o d\u00eda que te\u00f1en clase pola tarde, xa que a moitos nenos e nenas non lle da tempo ou non poden ir a casa\u201d. Cun aforo de 40 persoas, neste servizo d\u00e1se prioridade ao alumnado que vive m\u00e1is lonxe do centro.<\/p>\n\n\n\n<p>A asociaci\u00f3n ademais organiza, xestiona e cofinancia as clases de ingl\u00e9s tanto de reforzo como para preparar o B1 e o B2 de aqueles rapaces e rapazas que o soliciten. Estas d\u00faas iniciativas contan tam\u00e9n coa colaboraci\u00f3n do Concello de Tomi\u00f1o a trav\u00e9s de diferentes subvenci\u00f3ns municipais sociais e culturais.<\/p>\n\n\n\n<p>As excursi\u00f3ns escolares son outro dos apoios que prestan dende a ANPA, xa que se encargan de planificar, xestionar e mediar incluso na venda de produtos para a recadaci\u00f3n de cartos de nenos e nenas para financiar as principais excursi\u00f3ns do IES, a de fin de curso anual e a da Semana Branca, e colaboran economicamente na medida das s\u00faas posibilidades co resto de sa\u00eddas.<\/p>\n\n\n\n<p>Para a ANPA o inicio deste novo curso \u00e9 unha oportunidade para implementar novas iniciativas \u201cque conecten directamente coa rapazada do centro, tendo en conta a s\u00faa opini\u00f3n\u201d. \u201cQueremos fomentar a participaci\u00f3n do alumnado con enquisas para saber que temas lles interesan e poder po\u00f1er en marcha en colaboraci\u00f3n co equipo directivo e docente do centro charlas e talleres relacionados tam\u00e9n con temas que preocupan moito \u00e1s familias, como a sa\u00fade mental, o bo uso das redes sociais ou a orientaci\u00f3n acad\u00e9mica e laboral\u201d, salienta Cerezales.<\/p>\n\n\n\n<p>Dende o Concello agrad\u00e9cese o traballo, esforzo e compromiso da ANPA Solleiros, que conta coa participaci\u00f3n xunto a Cerezales de Lorena Gonz\u00e1lez, Mar\u00eda Xos\u00e9 \u00c1lvarez, Valeria Tes\u00e9, Imelda N\u00fa\u00f1ez, Fabiola Galindo e Eva Pereira. Un agradecemento que se estende a todas as asociaci\u00f3ns de nais e pais dos centros educativos de Tomi\u00f1o, un piar fundamental para enriquecer a experiencia educativa de cativada e mocidade.<\/p>\n","protected":false},"excerpt":{"rendered":"<div class=\"mh-excerpt\"><p>A asociaci\u00f3n repartiu este ano case un milleiro de libros entre 509 alumnos e alumnas, o 88% das e dos matriculados no centro <a class=\"mh-excerpt-more\" href=\"https:\/\/www.anovapeneira.gal\/index.php\/2023\/10\/03\/dedicacion-e-compromiso-da-anpa-do-ies-anton-alonso-rios-para-transformar-a-educacion-da-mocidade-tominesa\/\" title=\"Dedicaci\u00f3n e compromiso da ANPA do IES Ant\u00f3n Alonso R\u00edos para transformar a educaci\u00f3n da mocidade tomi\u00f1esa\">[&#8230;]<\/a><\/p>\n<\/div>","protected":false},"author":3,"featured_media":10532,"comment_status":"open","ping_status":"open","sticky":false,"template":"","format":"standard","meta":{"_exactmetrics_skip_tracking":false,"_exactmetrics_sitenote_active":false,"_exactmetrics_sitenote_note":"","_exactmetrics_sitenote_category":0,"footnotes":""},"categories":[21],"tags":[81],"class_list":{"0":"post-10531","1":"post","2":"type-post","3":"status-publish","4":"format-standard","5":"has-post-thumbnail","7":"category-baixo-mino","8":"tag-concello-de-tomino"},"yoast_head":"<!-- This site is optimized with the Yoast SEO plugin v27.4 - https:\/\/yoast.com\/product\/yoast-seo-wordpress\/ -->\n<title>Dedicaci\u00f3n e compromiso da ANPA do IES Ant\u00f3n Alonso R\u00edos para transformar a educaci\u00f3n da mocidade tomi\u00f1esa -<\/title>\n<meta name=\"description\" content=\"A asociaci\u00f3n repartiu este ano case un milleiro de libros entre 509 alumnos e alumnas, o 88% das e dos matriculados no centro\" \/>\n<meta name=\"robots\" content=\"index, follow, max-snippet:-1, max-image-preview:large, max-video-preview:-1\" \/>\n<link rel=\"canonical\" href=\"https:\/\/www.anovapeneira.gal\/index.php\/2023\/10\/03\/dedicacion-e-compromiso-da-anpa-do-ies-anton-alonso-rios-para-transformar-a-educacion-da-mocidade-tominesa\/\" \/>\n<meta property=\"og:locale\" content=\"gl_ES\" \/>\n<meta property=\"og:type\" content=\"article\" \/>\n<meta property=\"og:title\" content=\"Dedicaci\u00f3n e compromiso da ANPA do IES Ant\u00f3n Alonso R\u00edos para transformar a educaci\u00f3n da mocidade tomi\u00f1esa -\" \/>\n<meta property=\"og:description\" content=\"A asociaci\u00f3n repartiu este ano case un milleiro de libros entre 509 alumnos e alumnas, o 88% das e dos matriculados no centro\" \/>\n<meta property=\"og:url\" content=\"https:\/\/www.anovapeneira.gal\/index.php\/2023\/10\/03\/dedicacion-e-compromiso-da-anpa-do-ies-anton-alonso-rios-para-transformar-a-educacion-da-mocidade-tominesa\/\" \/>\n<meta property=\"article:publisher\" content=\"https:\/\/www.facebook.com\/anovapeneira\" \/>\n<meta property=\"article:published_time\" content=\"2023-10-03T08:00:00+00:00\" \/>\n<meta property=\"og:image\" content=\"https:\/\/www.anovapeneira.gal\/wp-content\/uploads\/2023\/09\/banco_libros.jpg\" \/>\n\t<meta property=\"og:image:width\" content=\"720\" \/>\n\t<meta property=\"og:image:height\" content=\"432\" \/>\n\t<meta property=\"og:image:type\" content=\"image\/jpeg\" \/>\n<meta name=\"author\" content=\"Redacci\u00f3n A Nova Peneira\" \/>\n<meta name=\"twitter:card\" content=\"summary_large_image\" \/>\n<meta name=\"twitter:creator\" content=\"@APeneira\" \/>\n<meta name=\"twitter:site\" content=\"@APeneira\" \/>\n<meta name=\"twitter:label1\" content=\"Escrito por\" \/>\n\t<meta name=\"twitter:data1\" content=\"Redacci\u00f3n A Nova Peneira\" \/>\n\t<meta name=\"twitter:label2\" content=\"Tempo de lectura\" \/>\n\t<meta name=\"twitter:data2\" content=\"4 minutos\" \/>\n<script type=\"application\/ld+json\" class=\"yoast-schema-graph\">{\"@context\":\"https:\\\/\\\/schema.org\",\"@graph\":[{\"@type\":\"Article\",\"@id\":\"https:\\\/\\\/www.anovapeneira.gal\\\/index.php\\\/2023\\\/10\\\/03\\\/dedicacion-e-compromiso-da-anpa-do-ies-anton-alonso-rios-para-transformar-a-educacion-da-mocidade-tominesa\\\/#article\",\"isPartOf\":{\"@id\":\"https:\\\/\\\/www.anovapeneira.gal\\\/index.php\\\/2023\\\/10\\\/03\\\/dedicacion-e-compromiso-da-anpa-do-ies-anton-alonso-rios-para-transformar-a-educacion-da-mocidade-tominesa\\\/\"},\"author\":{\"name\":\"Redacci\u00f3n A Nova Peneira\",\"@id\":\"https:\\\/\\\/www.anovapeneira.gal\\\/#\\\/schema\\\/person\\\/b93e3f8932e3f8da96334607eb6ac6aa\"},\"headline\":\"Dedicaci\u00f3n e compromiso da ANPA do IES Ant\u00f3n Alonso R\u00edos para transformar a educaci\u00f3n da mocidade tomi\u00f1esa\",\"datePublished\":\"2023-10-03T08:00:00+00:00\",\"mainEntityOfPage\":{\"@id\":\"https:\\\/\\\/www.anovapeneira.gal\\\/index.php\\\/2023\\\/10\\\/03\\\/dedicacion-e-compromiso-da-anpa-do-ies-anton-alonso-rios-para-transformar-a-educacion-da-mocidade-tominesa\\\/\"},\"wordCount\":672,\"commentCount\":0,\"publisher\":{\"@id\":\"https:\\\/\\\/www.anovapeneira.gal\\\/#organization\"},\"image\":{\"@id\":\"https:\\\/\\\/www.anovapeneira.gal\\\/index.php\\\/2023\\\/10\\\/03\\\/dedicacion-e-compromiso-da-anpa-do-ies-anton-alonso-rios-para-transformar-a-educacion-da-mocidade-tominesa\\\/#primaryimage\"},\"thumbnailUrl\":\"https:\\\/\\\/www.anovapeneira.gal\\\/wp-content\\\/uploads\\\/2023\\\/09\\\/banco_libros.jpg\",\"keywords\":[\"Concello de Tomi\u00f1o\"],\"articleSection\":[\"Baixo Mi\u00f1o\"],\"inLanguage\":\"gl-ES\",\"potentialAction\":[{\"@type\":\"CommentAction\",\"name\":\"Comment\",\"target\":[\"https:\\\/\\\/www.anovapeneira.gal\\\/index.php\\\/2023\\\/10\\\/03\\\/dedicacion-e-compromiso-da-anpa-do-ies-anton-alonso-rios-para-transformar-a-educacion-da-mocidade-tominesa\\\/#respond\"]}]},{\"@type\":\"WebPage\",\"@id\":\"https:\\\/\\\/www.anovapeneira.gal\\\/index.php\\\/2023\\\/10\\\/03\\\/dedicacion-e-compromiso-da-anpa-do-ies-anton-alonso-rios-para-transformar-a-educacion-da-mocidade-tominesa\\\/\",\"url\":\"https:\\\/\\\/www.anovapeneira.gal\\\/index.php\\\/2023\\\/10\\\/03\\\/dedicacion-e-compromiso-da-anpa-do-ies-anton-alonso-rios-para-transformar-a-educacion-da-mocidade-tominesa\\\/\",\"name\":\"Dedicaci\u00f3n e compromiso da ANPA do IES Ant\u00f3n Alonso R\u00edos para transformar a educaci\u00f3n da mocidade tomi\u00f1esa -\",\"isPartOf\":{\"@id\":\"https:\\\/\\\/www.anovapeneira.gal\\\/#website\"},\"primaryImageOfPage\":{\"@id\":\"https:\\\/\\\/www.anovapeneira.gal\\\/index.php\\\/2023\\\/10\\\/03\\\/dedicacion-e-compromiso-da-anpa-do-ies-anton-alonso-rios-para-transformar-a-educacion-da-mocidade-tominesa\\\/#primaryimage\"},\"image\":{\"@id\":\"https:\\\/\\\/www.anovapeneira.gal\\\/index.php\\\/2023\\\/10\\\/03\\\/dedicacion-e-compromiso-da-anpa-do-ies-anton-alonso-rios-para-transformar-a-educacion-da-mocidade-tominesa\\\/#primaryimage\"},\"thumbnailUrl\":\"https:\\\/\\\/www.anovapeneira.gal\\\/wp-content\\\/uploads\\\/2023\\\/09\\\/banco_libros.jpg\",\"datePublished\":\"2023-10-03T08:00:00+00:00\",\"description\":\"A asociaci\u00f3n repartiu este ano case un milleiro de libros entre 509 alumnos e alumnas, o 88% das e dos matriculados no centro\",\"breadcrumb\":{\"@id\":\"https:\\\/\\\/www.anovapeneira.gal\\\/index.php\\\/2023\\\/10\\\/03\\\/dedicacion-e-compromiso-da-anpa-do-ies-anton-alonso-rios-para-transformar-a-educacion-da-mocidade-tominesa\\\/#breadcrumb\"},\"inLanguage\":\"gl-ES\",\"potentialAction\":[{\"@type\":\"ReadAction\",\"target\":[\"https:\\\/\\\/www.anovapeneira.gal\\\/index.php\\\/2023\\\/10\\\/03\\\/dedicacion-e-compromiso-da-anpa-do-ies-anton-alonso-rios-para-transformar-a-educacion-da-mocidade-tominesa\\\/\"]}]},{\"@type\":\"ImageObject\",\"inLanguage\":\"gl-ES\",\"@id\":\"https:\\\/\\\/www.anovapeneira.gal\\\/index.php\\\/2023\\\/10\\\/03\\\/dedicacion-e-compromiso-da-anpa-do-ies-anton-alonso-rios-para-transformar-a-educacion-da-mocidade-tominesa\\\/#primaryimage\",\"url\":\"https:\\\/\\\/www.anovapeneira.gal\\\/wp-content\\\/uploads\\\/2023\\\/09\\\/banco_libros.jpg\",\"contentUrl\":\"https:\\\/\\\/www.anovapeneira.gal\\\/wp-content\\\/uploads\\\/2023\\\/09\\\/banco_libros.jpg\",\"width\":720,\"height\":432,\"caption\":\"Dedicaci\u00f3n e compromiso da ANPA do IES Ant\u00f3n Alonso R\u00edos para transformar a educaci\u00f3n da mocidade tomi\u00f1esa\"},{\"@type\":\"BreadcrumbList\",\"@id\":\"https:\\\/\\\/www.anovapeneira.gal\\\/index.php\\\/2023\\\/10\\\/03\\\/dedicacion-e-compromiso-da-anpa-do-ies-anton-alonso-rios-para-transformar-a-educacion-da-mocidade-tominesa\\\/#breadcrumb\",\"itemListElement\":[{\"@type\":\"ListItem\",\"position\":1,\"name\":\"Portada\",\"item\":\"https:\\\/\\\/www.anovapeneira.gal\\\/\"},{\"@type\":\"ListItem\",\"position\":2,\"name\":\"Dedicaci\u00f3n e compromiso da ANPA do IES Ant\u00f3n Alonso R\u00edos para transformar a educaci\u00f3n da mocidade tomi\u00f1esa\"}]},{\"@type\":\"WebSite\",\"@id\":\"https:\\\/\\\/www.anovapeneira.gal\\\/#website\",\"url\":\"https:\\\/\\\/www.anovapeneira.gal\\\/\",\"name\":\"\",\"description\":\"Xornal galego de informaci\u00f3n xeral Publicaci\u00f3n mensual de novas de Galicia e en especial dos Concellos da sur da provincia de Pontevedra.\",\"publisher\":{\"@id\":\"https:\\\/\\\/www.anovapeneira.gal\\\/#organization\"},\"potentialAction\":[{\"@type\":\"SearchAction\",\"target\":{\"@type\":\"EntryPoint\",\"urlTemplate\":\"https:\\\/\\\/www.anovapeneira.gal\\\/?s={search_term_string}\"},\"query-input\":{\"@type\":\"PropertyValueSpecification\",\"valueRequired\":true,\"valueName\":\"search_term_string\"}}],\"inLanguage\":\"gl-ES\"},{\"@type\":\"Organization\",\"@id\":\"https:\\\/\\\/www.anovapeneira.gal\\\/#organization\",\"name\":\"A Nova Peneira\",\"url\":\"https:\\\/\\\/www.anovapeneira.gal\\\/\",\"logo\":{\"@type\":\"ImageObject\",\"inLanguage\":\"gl-ES\",\"@id\":\"https:\\\/\\\/www.anovapeneira.gal\\\/#\\\/schema\\\/logo\\\/image\\\/\",\"url\":\"http:\\\/\\\/www.anovapeneira.gal\\\/wp-content\\\/uploads\\\/2019\\\/06\\\/logo_a_nova_peneira_portal_web.png\",\"contentUrl\":\"http:\\\/\\\/www.anovapeneira.gal\\\/wp-content\\\/uploads\\\/2019\\\/06\\\/logo_a_nova_peneira_portal_web.png\",\"width\":300,\"height\":100,\"caption\":\"A Nova Peneira\"},\"image\":{\"@id\":\"https:\\\/\\\/www.anovapeneira.gal\\\/#\\\/schema\\\/logo\\\/image\\\/\"},\"sameAs\":[\"https:\\\/\\\/www.facebook.com\\\/anovapeneira\",\"https:\\\/\\\/x.com\\\/APeneira\"]},{\"@type\":\"Person\",\"@id\":\"https:\\\/\\\/www.anovapeneira.gal\\\/#\\\/schema\\\/person\\\/b93e3f8932e3f8da96334607eb6ac6aa\",\"name\":\"Redacci\u00f3n A Nova Peneira\",\"image\":{\"@type\":\"ImageObject\",\"inLanguage\":\"gl-ES\",\"@id\":\"https:\\\/\\\/secure.gravatar.com\\\/avatar\\\/c052a2551a06e23fac63626232eaa90abd78dbcf1700fc46a2b2c89fd27b735f?s=96&d=mm&r=g\",\"url\":\"https:\\\/\\\/secure.gravatar.com\\\/avatar\\\/c052a2551a06e23fac63626232eaa90abd78dbcf1700fc46a2b2c89fd27b735f?s=96&d=mm&r=g\",\"contentUrl\":\"https:\\\/\\\/secure.gravatar.com\\\/avatar\\\/c052a2551a06e23fac63626232eaa90abd78dbcf1700fc46a2b2c89fd27b735f?s=96&d=mm&r=g\",\"caption\":\"Redacci\u00f3n A Nova Peneira\"},\"sameAs\":[\"http:\\\/\\\/www.anovapeneira.gal\\\/\"],\"url\":\"https:\\\/\\\/www.anovapeneira.gal\\\/index.php\\\/author\\\/redactor\\\/\"}]}<\/script>\n<!-- \/ Yoast SEO plugin. -->","yoast_head_json":{"title":"Dedicaci\u00f3n e compromiso da ANPA do IES Ant\u00f3n Alonso R\u00edos para transformar a educaci\u00f3n da mocidade tomi\u00f1esa -","description":"A asociaci\u00f3n repartiu este ano case un milleiro de libros entre 509 alumnos e alumnas, o 88% das e dos matriculados no centro","robots":{"index":"index","follow":"follow","max-snippet":"max-snippet:-1","max-image-preview":"max-image-preview:large","max-video-preview":"max-video-preview:-1"},"canonical":"https:\/\/www.anovapeneira.gal\/index.php\/2023\/10\/03\/dedicacion-e-compromiso-da-anpa-do-ies-anton-alonso-rios-para-transformar-a-educacion-da-mocidade-tominesa\/","og_locale":"gl_ES","og_type":"article","og_title":"Dedicaci\u00f3n e compromiso da ANPA do IES Ant\u00f3n Alonso R\u00edos para transformar a educaci\u00f3n da mocidade tomi\u00f1esa -","og_description":"A asociaci\u00f3n repartiu este ano case un milleiro de libros entre 509 alumnos e alumnas, o 88% das e dos matriculados no centro","og_url":"https:\/\/www.anovapeneira.gal\/index.php\/2023\/10\/03\/dedicacion-e-compromiso-da-anpa-do-ies-anton-alonso-rios-para-transformar-a-educacion-da-mocidade-tominesa\/","article_publisher":"https:\/\/www.facebook.com\/anovapeneira","article_published_time":"2023-10-03T08:00:00+00:00","og_image":[{"width":720,"height":432,"url":"https:\/\/www.anovapeneira.gal\/wp-content\/uploads\/2023\/09\/banco_libros.jpg","type":"image\/jpeg"}],"author":"Redacci\u00f3n A Nova Peneira","twitter_card":"summary_large_image","twitter_creator":"@APeneira","twitter_site":"@APeneira","twitter_misc":{"Escrito por":"Redacci\u00f3n A Nova Peneira","Tempo de lectura":"4 minutos"},"schema":{"@context":"https:\/\/schema.org","@graph":[{"@type":"Article","@id":"https:\/\/www.anovapeneira.gal\/index.php\/2023\/10\/03\/dedicacion-e-compromiso-da-anpa-do-ies-anton-alonso-rios-para-transformar-a-educacion-da-mocidade-tominesa\/#article","isPartOf":{"@id":"https:\/\/www.anovapeneira.gal\/index.php\/2023\/10\/03\/dedicacion-e-compromiso-da-anpa-do-ies-anton-alonso-rios-para-transformar-a-educacion-da-mocidade-tominesa\/"},"author":{"name":"Redacci\u00f3n A Nova Peneira","@id":"https:\/\/www.anovapeneira.gal\/#\/schema\/person\/b93e3f8932e3f8da96334607eb6ac6aa"},"headline":"Dedicaci\u00f3n e compromiso da ANPA do IES Ant\u00f3n Alonso R\u00edos para transformar a educaci\u00f3n da mocidade tomi\u00f1esa","datePublished":"2023-10-03T08:00:00+00:00","mainEntityOfPage":{"@id":"https:\/\/www.anovapeneira.gal\/index.php\/2023\/10\/03\/dedicacion-e-compromiso-da-anpa-do-ies-anton-alonso-rios-para-transformar-a-educacion-da-mocidade-tominesa\/"},"wordCount":672,"commentCount":0,"publisher":{"@id":"https:\/\/www.anovapeneira.gal\/#organization"},"image":{"@id":"https:\/\/www.anovapeneira.gal\/index.php\/2023\/10\/03\/dedicacion-e-compromiso-da-anpa-do-ies-anton-alonso-rios-para-transformar-a-educacion-da-mocidade-tominesa\/#primaryimage"},"thumbnailUrl":"https:\/\/www.anovapeneira.gal\/wp-content\/uploads\/2023\/09\/banco_libros.jpg","keywords":["Concello de Tomi\u00f1o"],"articleSection":["Baixo Mi\u00f1o"],"inLanguage":"gl-ES","potentialAction":[{"@type":"CommentAction","name":"Comment","target":["https:\/\/www.anovapeneira.gal\/index.php\/2023\/10\/03\/dedicacion-e-compromiso-da-anpa-do-ies-anton-alonso-rios-para-transformar-a-educacion-da-mocidade-tominesa\/#respond"]}]},{"@type":"WebPage","@id":"https:\/\/www.anovapeneira.gal\/index.php\/2023\/10\/03\/dedicacion-e-compromiso-da-anpa-do-ies-anton-alonso-rios-para-transformar-a-educacion-da-mocidade-tominesa\/","url":"https:\/\/www.anovapeneira.gal\/index.php\/2023\/10\/03\/dedicacion-e-compromiso-da-anpa-do-ies-anton-alonso-rios-para-transformar-a-educacion-da-mocidade-tominesa\/","name":"Dedicaci\u00f3n e compromiso da ANPA do IES Ant\u00f3n Alonso R\u00edos para transformar a educaci\u00f3n da mocidade tomi\u00f1esa -","isPartOf":{"@id":"https:\/\/www.anovapeneira.gal\/#website"},"primaryImageOfPage":{"@id":"https:\/\/www.anovapeneira.gal\/index.php\/2023\/10\/03\/dedicacion-e-compromiso-da-anpa-do-ies-anton-alonso-rios-para-transformar-a-educacion-da-mocidade-tominesa\/#primaryimage"},"image":{"@id":"https:\/\/www.anovapeneira.gal\/index.php\/2023\/10\/03\/dedicacion-e-compromiso-da-anpa-do-ies-anton-alonso-rios-para-transformar-a-educacion-da-mocidade-tominesa\/#primaryimage"},"thumbnailUrl":"https:\/\/www.anovapeneira.gal\/wp-content\/uploads\/2023\/09\/banco_libros.jpg","datePublished":"2023-10-03T08:00:00+00:00","description":"A asociaci\u00f3n repartiu este ano case un milleiro de libros entre 509 alumnos e alumnas, o 88% das e dos matriculados no centro","breadcrumb":{"@id":"https:\/\/www.anovapeneira.gal\/index.php\/2023\/10\/03\/dedicacion-e-compromiso-da-anpa-do-ies-anton-alonso-rios-para-transformar-a-educacion-da-mocidade-tominesa\/#breadcrumb"},"inLanguage":"gl-ES","potentialAction":[{"@type":"ReadAction","target":["https:\/\/www.anovapeneira.gal\/index.php\/2023\/10\/03\/dedicacion-e-compromiso-da-anpa-do-ies-anton-alonso-rios-para-transformar-a-educacion-da-mocidade-tominesa\/"]}]},{"@type":"ImageObject","inLanguage":"gl-ES","@id":"https:\/\/www.anovapeneira.gal\/index.php\/2023\/10\/03\/dedicacion-e-compromiso-da-anpa-do-ies-anton-alonso-rios-para-transformar-a-educacion-da-mocidade-tominesa\/#primaryimage","url":"https:\/\/www.anovapeneira.gal\/wp-content\/uploads\/2023\/09\/banco_libros.jpg","contentUrl":"https:\/\/www.anovapeneira.gal\/wp-content\/uploads\/2023\/09\/banco_libros.jpg","width":720,"height":432,"caption":"Dedicaci\u00f3n e compromiso da ANPA do IES Ant\u00f3n Alonso R\u00edos para transformar a educaci\u00f3n da mocidade tomi\u00f1esa"},{"@type":"BreadcrumbList","@id":"https:\/\/www.anovapeneira.gal\/index.php\/2023\/10\/03\/dedicacion-e-compromiso-da-anpa-do-ies-anton-alonso-rios-para-transformar-a-educacion-da-mocidade-tominesa\/#breadcrumb","itemListElement":[{"@type":"ListItem","position":1,"name":"Portada","item":"https:\/\/www.anovapeneira.gal\/"},{"@type":"ListItem","position":2,"name":"Dedicaci\u00f3n e compromiso da ANPA do IES Ant\u00f3n Alonso R\u00edos para transformar a educaci\u00f3n da mocidade tomi\u00f1esa"}]},{"@type":"WebSite","@id":"https:\/\/www.anovapeneira.gal\/#website","url":"https:\/\/www.anovapeneira.gal\/","name":"","description":"Xornal galego de informaci\u00f3n xeral Publicaci\u00f3n mensual de novas de Galicia e en especial dos Concellos da sur da provincia de Pontevedra.","publisher":{"@id":"https:\/\/www.anovapeneira.gal\/#organization"},"potentialAction":[{"@type":"SearchAction","target":{"@type":"EntryPoint","urlTemplate":"https:\/\/www.anovapeneira.gal\/?s={search_term_string}"},"query-input":{"@type":"PropertyValueSpecification","valueRequired":true,"valueName":"search_term_string"}}],"inLanguage":"gl-ES"},{"@type":"Organization","@id":"https:\/\/www.anovapeneira.gal\/#organization","name":"A Nova Peneira","url":"https:\/\/www.anovapeneira.gal\/","logo":{"@type":"ImageObject","inLanguage":"gl-ES","@id":"https:\/\/www.anovapeneira.gal\/#\/schema\/logo\/image\/","url":"http:\/\/www.anovapeneira.gal\/wp-content\/uploads\/2019\/06\/logo_a_nova_peneira_portal_web.png","contentUrl":"http:\/\/www.anovapeneira.gal\/wp-content\/uploads\/2019\/06\/logo_a_nova_peneira_portal_web.png","width":300,"height":100,"caption":"A Nova Peneira"},"image":{"@id":"https:\/\/www.anovapeneira.gal\/#\/schema\/logo\/image\/"},"sameAs":["https:\/\/www.facebook.com\/anovapeneira","https:\/\/x.com\/APeneira"]},{"@type":"Person","@id":"https:\/\/www.anovapeneira.gal\/#\/schema\/person\/b93e3f8932e3f8da96334607eb6ac6aa","name":"Redacci\u00f3n A Nova Peneira","image":{"@type":"ImageObject","inLanguage":"gl-ES","@id":"https:\/\/secure.gravatar.com\/avatar\/c052a2551a06e23fac63626232eaa90abd78dbcf1700fc46a2b2c89fd27b735f?s=96&d=mm&r=g","url":"https:\/\/secure.gravatar.com\/avatar\/c052a2551a06e23fac63626232eaa90abd78dbcf1700fc46a2b2c89fd27b735f?s=96&d=mm&r=g","contentUrl":"https:\/\/secure.gravatar.com\/avatar\/c052a2551a06e23fac63626232eaa90abd78dbcf1700fc46a2b2c89fd27b735f?s=96&d=mm&r=g","caption":"Redacci\u00f3n A Nova Peneira"},"sameAs":["http:\/\/www.anovapeneira.gal\/"],"url":"https:\/\/www.anovapeneira.gal\/index.php\/author\/redactor\/"}]}},"jetpack_featured_media_url":"https:\/\/www.anovapeneira.gal\/wp-content\/uploads\/2023\/09\/banco_libros.jpg","_links":{"self":[{"href":"https:\/\/www.anovapeneira.gal\/index.php\/wp-json\/wp\/v2\/posts\/10531","targetHints":{"allow":["GET"]}}],"collection":[{"href":"https:\/\/www.anovapeneira.gal\/index.php\/wp-json\/wp\/v2\/posts"}],"about":[{"href":"https:\/\/www.anovapeneira.gal\/index.php\/wp-json\/wp\/v2\/types\/post"}],"author":[{"embeddable":true,"href":"https:\/\/www.anovapeneira.gal\/index.php\/wp-json\/wp\/v2\/users\/3"}],"replies":[{"embeddable":true,"href":"https:\/\/www.anovapeneira.gal\/index.php\/wp-json\/wp\/v2\/comments?post=10531"}],"version-history":[{"count":2,"href":"https:\/\/www.anovapeneira.gal\/index.php\/wp-json\/wp\/v2\/posts\/10531\/revisions"}],"predecessor-version":[{"id":10536,"href":"https:\/\/www.anovapeneira.gal\/index.php\/wp-json\/wp\/v2\/posts\/10531\/revisions\/10536"}],"wp:featuredmedia":[{"embeddable":true,"href":"https:\/\/www.anovapeneira.gal\/index.php\/wp-json\/wp\/v2\/media\/10532"}],"wp:attachment":[{"href":"https:\/\/www.anovapeneira.gal\/index.php\/wp-json\/wp\/v2\/media?parent=10531"}],"wp:term":[{"taxonomy":"category","embeddable":true,"href":"https:\/\/www.anovapeneira.gal\/index.php\/wp-json\/wp\/v2\/categories?post=10531"},{"taxonomy":"post_tag","embeddable":true,"href":"https:\/\/www.anovapeneira.gal\/index.php\/wp-json\/wp\/v2\/tags?post=10531"}],"curies":[{"name":"wp","href":"https:\/\/api.w.org\/{rel}","templated":true}]}}