{"id":10537,"date":"2023-10-03T12:00:16","date_gmt":"2023-10-03T10:00:16","guid":{"rendered":"https:\/\/www.anovapeneira.gal\/?p=10537"},"modified":"2023-09-29T09:44:50","modified_gmt":"2023-09-29T07:44:50","slug":"aprobada-a-iniciativa-do-bng-sobre-o-servizo-de-prevencion-e-defensa-contra-os-incendios-forestais","status":"publish","type":"post","link":"https:\/\/www.anovapeneira.gal\/index.php\/2023\/10\/03\/aprobada-a-iniciativa-do-bng-sobre-o-servizo-de-prevencion-e-defensa-contra-os-incendios-forestais\/","title":{"rendered":"Aprobada a iniciativa do BNG sobre o servizo de Prevenci\u00f3n e Defensa contra os Incendios Forestais"},"content":{"rendered":"\n<h2 class=\"wp-block-heading\">O Concello de Ponte Caldelas, a iniciativa do BNG, insta \u00e1 Xunta ampliar e profesionalizar o persoal propio do servizo de Prevenci\u00f3n e Defensa contra os Incendios Forestais, para que poida atender eficazmente a todo o territorio<\/h2>\n\n\n\n<p>A nova tipolox\u00eda de incendios con lumes de expansi\u00f3n m\u00e1is r\u00e1pida, con ameazas a vivendas, con maior carga de combust\u00edbel en densidade e en extensi\u00f3n, con temperaturas m\u00e1is altas e con per\u00edodos de secas m\u00e1is acusados&#8230; esixe un sistema de prevenci\u00f3n e extinci\u00f3n m\u00e1is profesionalizado e cunha formaci\u00f3n homologada e efectiva<\/p>\n\n\n\n<p>Ponte Caldelas, 28 de setembro de 2023. O Pleno do concello de Ponte Caldelas celebrado no d\u00eda de hoxe, aprobou cos votos favor\u00e1beis de BNG e PSOE e a abstenci\u00f3n do PP, unha moci\u00f3n do BNG para instar \u00e1 Xunta de Galiza a ampliar e profesionalizar o persoal propio do servizo de Prevenci\u00f3n e Defensa contra os Incendios Forestais, para que poida atender eficazmente a todo o territorio.<\/p>\n\n\n\n<p>Na s\u00faa intervenci\u00f3n, a portavoz nacionalista, Sol Seoane, lembrou que Ponte Caldelas est\u00e1 inclu\u00eddo nos municipios con alto risco de incendios forestais, e que \u201cnon \u00e9 a primeira vez que as veci\u00f1as e veci\u00f1os tivemos que facer fronte aos lumes con medios mec\u00e1nicos e humanos moi precarios\u201d. Ademais, o envellecemento da poboaci\u00f3n, a plantaci\u00f3n masiva de eucaliptos e o abandono de parcelas contrib\u00faen a acrecentar o perigo dos lumes.<\/p>\n\n\n\n<p>Fixo referencia a portavoz nacionalista aos debastadores incendios de 2006, os lumes que en 2013 devastaron Barbudo e Anceu, e os que en 2017 fixo o proprio con Cha\u00edn, A Insua, Grad\u00edn, Paradela, ou Parada, entre outros.<\/p>\n\n\n\n<p>Para o BNG, a pesar do grande esforzo feito polas comunidades de montes e polos propietarios particulares, resulta imprescind\u00edbel adoptar medidas para garantir as franxas de seguridade que protexan os distintos lugares do noso concello.<\/p>\n\n\n\n<p>Necesitamos contar cun Servizo Galego de Prevenci\u00f3n e Defensa contra os Incendios Forestais, que sexa un servizo est\u00e1bel, profesionalizado, activo os 365 d\u00edas do ano e de mando \u00fanico. Consideramos que \u00e9 necesario ampliar este servizo propio da Consellar\u00eda de Medio Rural nun volume axeitado para atender \u00e1 totalidade do territorio, co obxectivo final \u00e9 contar cun servizo profesionalizado e eficiente tanto en labores de extinci\u00f3n dos lumes convectivos de 6a xeraci\u00f3n aos que nos enfrontamos como para a realizaci\u00f3n con garant\u00edas e prontitude dos labores de prevenci\u00f3n que neste momento son inherentes \u00e1s brigadas municipais e que se financian en boa medida a trav\u00e9s do Fondo Europeo Agr\u00edcola de Desenvolvemento Rural (FEADER) no marco do PDR de Galiza.<\/p>\n\n\n\n<p>Na Galiza temos neste momento, un sistema atomizado con m\u00faltiples organismos que se adican \u00e1 prevenci\u00f3n e extinci\u00f3n. Isto resta notabelmente eficacia na actuaci\u00f3n ante os lumes forestais e moito m\u00e1is coa nova tipolox\u00eda de incendios \u00e1 que nos enfrontamos na actualidade xa que se comportan de maneira completamente diferente \u00e1 afrontada at\u00e9 o d\u00eda de hoxe.<\/p>\n\n\n\n<p>A atomizaci\u00f3n e heteroxeneidade do Servizo de Extinci\u00f3n de Incendios, baixo a responsabilidade da Xunta de Galiza, coa continua perda de peso neste do SPDIF afecta gravemente a eficacia deste. Demasiados chiringuitos pagados con cartos p\u00fablicos e cunha formaci\u00f3n escasa. A eficacia dimin\u00fae por dous factores, por atomizaci\u00f3n do dispositivo, (estase metendo no monte xente pouco preparada) e porque os dispositivos non est\u00e1n sendo adaptados \u00f3 novo tipo de lumes. Isto non se pode deixar \u00e1 improvisaci\u00f3n. \u201cTodo dispositivo que traballe nunha emerxencia -sinalou Sol Seoane- debe ter esa formaci\u00f3n: brigadas municipais, Seaga, persoal privado contratado&#8230; Unha brigada municipal ten a calidade operativa do salario que cobra e do tempo de contrato que ten. A realidade \u00e9 que non existe ning\u00fan protocolo conxunto en canto a preparaci\u00f3n e formaci\u00f3n.<\/p>\n\n\n\n<p>Para a nacionalista resulta incomprens\u00edbel que a Xunta persista na s\u00faa negativa a ampliar os contratos dos bombeiros forestais de 6 e 9 meses para convertelos en traballadores fixos do SPDIF e polo tanto ben formados e cumprindo as funci\u00f3ns que a d\u00eda de hoxe se asignan a empresas privadas. O servizo de extinci\u00f3n non pode estar a expensas do que manden as vagas de seca e lumes para contratar o persoal das brigadas terrestres. \u00c9 evidente que cada vez \u00e9 m\u00e1is necesario cubrir con persoal profesionalizado e estable os labores de prevenci\u00f3n e emerxencias para controlar un territorio despoboado e onde a maleza campa \u00e1s s\u00faas anchas. \u201cA nova tipolox\u00eda de incendios con lumes de expansi\u00f3n m\u00e1is r\u00e1pida, con ameazas a vivendas, con maior carga de combust\u00edbel en densidade e en extensi\u00f3n, con temperaturas m\u00e1is altas e con per\u00edodos de secas m\u00e1is acusados&#8230; esixe un sistema de prevenci\u00f3n e extinci\u00f3n m\u00e1is profesionalizado e cunha formaci\u00f3n homologada e efectiva\u201d, conclu\u00edu Sol Seoane.<\/p>\n","protected":false},"excerpt":{"rendered":"<div class=\"mh-excerpt\"><p>O Concello de Ponte Caldelas, a iniciativa do BNG, insta \u00e1 Xunta ampliar e profesionalizar o persoal propio do servizo de Prevenci\u00f3n e Defensa contra os Incendios Forestais, para que poida atender eficazmente a todo o territorio <a class=\"mh-excerpt-more\" href=\"https:\/\/www.anovapeneira.gal\/index.php\/2023\/10\/03\/aprobada-a-iniciativa-do-bng-sobre-o-servizo-de-prevencion-e-defensa-contra-os-incendios-forestais\/\" title=\"Aprobada a iniciativa do BNG sobre o servizo de Prevenci\u00f3n e Defensa contra os Incendios Forestais\">[&#8230;]<\/a><\/p>\n<\/div>","protected":false},"author":3,"featured_media":3219,"comment_status":"open","ping_status":"open","sticky":false,"template":"","format":"standard","meta":{"_exactmetrics_skip_tracking":false,"_exactmetrics_sitenote_active":false,"_exactmetrics_sitenote_note":"","_exactmetrics_sitenote_category":0,"footnotes":""},"categories":[26],"tags":[128],"class_list":{"0":"post-10537","1":"post","2":"type-post","3":"status-publish","4":"format-standard","5":"has-post-thumbnail","7":"category-pontevedra","8":"tag-concello-de-ponte-caldelas"},"yoast_head":"<!-- This site is optimized with the Yoast SEO plugin v27.4 - https:\/\/yoast.com\/product\/yoast-seo-wordpress\/ -->\n<title>Aprobada a iniciativa do BNG sobre o servizo de Prevenci\u00f3n e Defensa contra os Incendios Forestais -<\/title>\n<meta name=\"description\" content=\"O Concello de Ponte Caldelas, a iniciativa do BNG, insta \u00e1 Xunta ampliar e profesionalizar o persoal propio do servizo de Prevenci\u00f3n e Defensa contra os Incendios Forestais, para que poida atender eficazmente a todo o territorio\" \/>\n<meta name=\"robots\" content=\"index, follow, max-snippet:-1, max-image-preview:large, max-video-preview:-1\" \/>\n<link rel=\"canonical\" href=\"https:\/\/www.anovapeneira.gal\/index.php\/2023\/10\/03\/aprobada-a-iniciativa-do-bng-sobre-o-servizo-de-prevencion-e-defensa-contra-os-incendios-forestais\/\" \/>\n<meta property=\"og:locale\" content=\"gl_ES\" \/>\n<meta property=\"og:type\" content=\"article\" \/>\n<meta property=\"og:title\" content=\"Aprobada a iniciativa do BNG sobre o servizo de Prevenci\u00f3n e Defensa contra os Incendios Forestais -\" \/>\n<meta property=\"og:description\" content=\"O Concello de Ponte Caldelas, a iniciativa do BNG, insta \u00e1 Xunta ampliar e profesionalizar o persoal propio do servizo de Prevenci\u00f3n e Defensa contra os Incendios Forestais, para que poida atender eficazmente a todo o territorio\" \/>\n<meta property=\"og:url\" content=\"https:\/\/www.anovapeneira.gal\/index.php\/2023\/10\/03\/aprobada-a-iniciativa-do-bng-sobre-o-servizo-de-prevencion-e-defensa-contra-os-incendios-forestais\/\" \/>\n<meta property=\"article:publisher\" content=\"https:\/\/www.facebook.com\/anovapeneira\" \/>\n<meta property=\"article:published_time\" content=\"2023-10-03T10:00:16+00:00\" \/>\n<meta property=\"og:image\" content=\"https:\/\/www.anovapeneira.gal\/wp-content\/uploads\/2020\/05\/logo_ponte_caldelas_a_nova_peneira.jpg\" \/>\n\t<meta property=\"og:image:width\" content=\"720\" \/>\n\t<meta property=\"og:image:height\" content=\"432\" \/>\n\t<meta property=\"og:image:type\" content=\"image\/jpeg\" \/>\n<meta name=\"author\" content=\"Redacci\u00f3n A Nova Peneira\" \/>\n<meta name=\"twitter:card\" content=\"summary_large_image\" \/>\n<meta name=\"twitter:creator\" content=\"@APeneira\" \/>\n<meta name=\"twitter:site\" content=\"@APeneira\" \/>\n<meta name=\"twitter:label1\" content=\"Escrito por\" \/>\n\t<meta name=\"twitter:data1\" content=\"Redacci\u00f3n A Nova Peneira\" \/>\n\t<meta name=\"twitter:label2\" content=\"Tempo de lectura\" \/>\n\t<meta name=\"twitter:data2\" content=\"5 minutos\" \/>\n<script type=\"application\/ld+json\" class=\"yoast-schema-graph\">{\"@context\":\"https:\\\/\\\/schema.org\",\"@graph\":[{\"@type\":\"Article\",\"@id\":\"https:\\\/\\\/www.anovapeneira.gal\\\/index.php\\\/2023\\\/10\\\/03\\\/aprobada-a-iniciativa-do-bng-sobre-o-servizo-de-prevencion-e-defensa-contra-os-incendios-forestais\\\/#article\",\"isPartOf\":{\"@id\":\"https:\\\/\\\/www.anovapeneira.gal\\\/index.php\\\/2023\\\/10\\\/03\\\/aprobada-a-iniciativa-do-bng-sobre-o-servizo-de-prevencion-e-defensa-contra-os-incendios-forestais\\\/\"},\"author\":{\"name\":\"Redacci\u00f3n A Nova Peneira\",\"@id\":\"https:\\\/\\\/www.anovapeneira.gal\\\/#\\\/schema\\\/person\\\/b93e3f8932e3f8da96334607eb6ac6aa\"},\"headline\":\"Aprobada a iniciativa do BNG sobre o servizo de Prevenci\u00f3n e Defensa contra os Incendios Forestais\",\"datePublished\":\"2023-10-03T10:00:16+00:00\",\"mainEntityOfPage\":{\"@id\":\"https:\\\/\\\/www.anovapeneira.gal\\\/index.php\\\/2023\\\/10\\\/03\\\/aprobada-a-iniciativa-do-bng-sobre-o-servizo-de-prevencion-e-defensa-contra-os-incendios-forestais\\\/\"},\"wordCount\":842,\"commentCount\":0,\"publisher\":{\"@id\":\"https:\\\/\\\/www.anovapeneira.gal\\\/#organization\"},\"image\":{\"@id\":\"https:\\\/\\\/www.anovapeneira.gal\\\/index.php\\\/2023\\\/10\\\/03\\\/aprobada-a-iniciativa-do-bng-sobre-o-servizo-de-prevencion-e-defensa-contra-os-incendios-forestais\\\/#primaryimage\"},\"thumbnailUrl\":\"https:\\\/\\\/www.anovapeneira.gal\\\/wp-content\\\/uploads\\\/2020\\\/05\\\/logo_ponte_caldelas_a_nova_peneira.jpg\",\"keywords\":[\"Concello de Ponte Caldelas\"],\"articleSection\":[\"Pontevedra\"],\"inLanguage\":\"gl-ES\",\"potentialAction\":[{\"@type\":\"CommentAction\",\"name\":\"Comment\",\"target\":[\"https:\\\/\\\/www.anovapeneira.gal\\\/index.php\\\/2023\\\/10\\\/03\\\/aprobada-a-iniciativa-do-bng-sobre-o-servizo-de-prevencion-e-defensa-contra-os-incendios-forestais\\\/#respond\"]}]},{\"@type\":\"WebPage\",\"@id\":\"https:\\\/\\\/www.anovapeneira.gal\\\/index.php\\\/2023\\\/10\\\/03\\\/aprobada-a-iniciativa-do-bng-sobre-o-servizo-de-prevencion-e-defensa-contra-os-incendios-forestais\\\/\",\"url\":\"https:\\\/\\\/www.anovapeneira.gal\\\/index.php\\\/2023\\\/10\\\/03\\\/aprobada-a-iniciativa-do-bng-sobre-o-servizo-de-prevencion-e-defensa-contra-os-incendios-forestais\\\/\",\"name\":\"Aprobada a iniciativa do BNG sobre o servizo de Prevenci\u00f3n e Defensa contra os Incendios Forestais -\",\"isPartOf\":{\"@id\":\"https:\\\/\\\/www.anovapeneira.gal\\\/#website\"},\"primaryImageOfPage\":{\"@id\":\"https:\\\/\\\/www.anovapeneira.gal\\\/index.php\\\/2023\\\/10\\\/03\\\/aprobada-a-iniciativa-do-bng-sobre-o-servizo-de-prevencion-e-defensa-contra-os-incendios-forestais\\\/#primaryimage\"},\"image\":{\"@id\":\"https:\\\/\\\/www.anovapeneira.gal\\\/index.php\\\/2023\\\/10\\\/03\\\/aprobada-a-iniciativa-do-bng-sobre-o-servizo-de-prevencion-e-defensa-contra-os-incendios-forestais\\\/#primaryimage\"},\"thumbnailUrl\":\"https:\\\/\\\/www.anovapeneira.gal\\\/wp-content\\\/uploads\\\/2020\\\/05\\\/logo_ponte_caldelas_a_nova_peneira.jpg\",\"datePublished\":\"2023-10-03T10:00:16+00:00\",\"description\":\"O Concello de Ponte Caldelas, a iniciativa do BNG, insta \u00e1 Xunta ampliar e profesionalizar o persoal propio do servizo de Prevenci\u00f3n e Defensa contra os Incendios Forestais, para que poida atender eficazmente a todo o territorio\",\"breadcrumb\":{\"@id\":\"https:\\\/\\\/www.anovapeneira.gal\\\/index.php\\\/2023\\\/10\\\/03\\\/aprobada-a-iniciativa-do-bng-sobre-o-servizo-de-prevencion-e-defensa-contra-os-incendios-forestais\\\/#breadcrumb\"},\"inLanguage\":\"gl-ES\",\"potentialAction\":[{\"@type\":\"ReadAction\",\"target\":[\"https:\\\/\\\/www.anovapeneira.gal\\\/index.php\\\/2023\\\/10\\\/03\\\/aprobada-a-iniciativa-do-bng-sobre-o-servizo-de-prevencion-e-defensa-contra-os-incendios-forestais\\\/\"]}]},{\"@type\":\"ImageObject\",\"inLanguage\":\"gl-ES\",\"@id\":\"https:\\\/\\\/www.anovapeneira.gal\\\/index.php\\\/2023\\\/10\\\/03\\\/aprobada-a-iniciativa-do-bng-sobre-o-servizo-de-prevencion-e-defensa-contra-os-incendios-forestais\\\/#primaryimage\",\"url\":\"https:\\\/\\\/www.anovapeneira.gal\\\/wp-content\\\/uploads\\\/2020\\\/05\\\/logo_ponte_caldelas_a_nova_peneira.jpg\",\"contentUrl\":\"https:\\\/\\\/www.anovapeneira.gal\\\/wp-content\\\/uploads\\\/2020\\\/05\\\/logo_ponte_caldelas_a_nova_peneira.jpg\",\"width\":720,\"height\":432,\"caption\":\"Concello de Ponte Caldelas A Nova Peneira\"},{\"@type\":\"BreadcrumbList\",\"@id\":\"https:\\\/\\\/www.anovapeneira.gal\\\/index.php\\\/2023\\\/10\\\/03\\\/aprobada-a-iniciativa-do-bng-sobre-o-servizo-de-prevencion-e-defensa-contra-os-incendios-forestais\\\/#breadcrumb\",\"itemListElement\":[{\"@type\":\"ListItem\",\"position\":1,\"name\":\"Portada\",\"item\":\"https:\\\/\\\/www.anovapeneira.gal\\\/\"},{\"@type\":\"ListItem\",\"position\":2,\"name\":\"Aprobada a iniciativa do BNG sobre o servizo de Prevenci\u00f3n e Defensa contra os Incendios Forestais\"}]},{\"@type\":\"WebSite\",\"@id\":\"https:\\\/\\\/www.anovapeneira.gal\\\/#website\",\"url\":\"https:\\\/\\\/www.anovapeneira.gal\\\/\",\"name\":\"\",\"description\":\"Xornal galego de informaci\u00f3n xeral Publicaci\u00f3n mensual de novas de Galicia e en especial dos Concellos da sur da provincia de Pontevedra.\",\"publisher\":{\"@id\":\"https:\\\/\\\/www.anovapeneira.gal\\\/#organization\"},\"potentialAction\":[{\"@type\":\"SearchAction\",\"target\":{\"@type\":\"EntryPoint\",\"urlTemplate\":\"https:\\\/\\\/www.anovapeneira.gal\\\/?s={search_term_string}\"},\"query-input\":{\"@type\":\"PropertyValueSpecification\",\"valueRequired\":true,\"valueName\":\"search_term_string\"}}],\"inLanguage\":\"gl-ES\"},{\"@type\":\"Organization\",\"@id\":\"https:\\\/\\\/www.anovapeneira.gal\\\/#organization\",\"name\":\"A Nova Peneira\",\"url\":\"https:\\\/\\\/www.anovapeneira.gal\\\/\",\"logo\":{\"@type\":\"ImageObject\",\"inLanguage\":\"gl-ES\",\"@id\":\"https:\\\/\\\/www.anovapeneira.gal\\\/#\\\/schema\\\/logo\\\/image\\\/\",\"url\":\"http:\\\/\\\/www.anovapeneira.gal\\\/wp-content\\\/uploads\\\/2019\\\/06\\\/logo_a_nova_peneira_portal_web.png\",\"contentUrl\":\"http:\\\/\\\/www.anovapeneira.gal\\\/wp-content\\\/uploads\\\/2019\\\/06\\\/logo_a_nova_peneira_portal_web.png\",\"width\":300,\"height\":100,\"caption\":\"A Nova Peneira\"},\"image\":{\"@id\":\"https:\\\/\\\/www.anovapeneira.gal\\\/#\\\/schema\\\/logo\\\/image\\\/\"},\"sameAs\":[\"https:\\\/\\\/www.facebook.com\\\/anovapeneira\",\"https:\\\/\\\/x.com\\\/APeneira\"]},{\"@type\":\"Person\",\"@id\":\"https:\\\/\\\/www.anovapeneira.gal\\\/#\\\/schema\\\/person\\\/b93e3f8932e3f8da96334607eb6ac6aa\",\"name\":\"Redacci\u00f3n A Nova Peneira\",\"image\":{\"@type\":\"ImageObject\",\"inLanguage\":\"gl-ES\",\"@id\":\"https:\\\/\\\/secure.gravatar.com\\\/avatar\\\/c052a2551a06e23fac63626232eaa90abd78dbcf1700fc46a2b2c89fd27b735f?s=96&d=mm&r=g\",\"url\":\"https:\\\/\\\/secure.gravatar.com\\\/avatar\\\/c052a2551a06e23fac63626232eaa90abd78dbcf1700fc46a2b2c89fd27b735f?s=96&d=mm&r=g\",\"contentUrl\":\"https:\\\/\\\/secure.gravatar.com\\\/avatar\\\/c052a2551a06e23fac63626232eaa90abd78dbcf1700fc46a2b2c89fd27b735f?s=96&d=mm&r=g\",\"caption\":\"Redacci\u00f3n A Nova Peneira\"},\"sameAs\":[\"http:\\\/\\\/www.anovapeneira.gal\\\/\"],\"url\":\"https:\\\/\\\/www.anovapeneira.gal\\\/index.php\\\/author\\\/redactor\\\/\"}]}<\/script>\n<!-- \/ Yoast SEO plugin. -->","yoast_head_json":{"title":"Aprobada a iniciativa do BNG sobre o servizo de Prevenci\u00f3n e Defensa contra os Incendios Forestais -","description":"O Concello de Ponte Caldelas, a iniciativa do BNG, insta \u00e1 Xunta ampliar e profesionalizar o persoal propio do servizo de Prevenci\u00f3n e Defensa contra os Incendios Forestais, para que poida atender eficazmente a todo o territorio","robots":{"index":"index","follow":"follow","max-snippet":"max-snippet:-1","max-image-preview":"max-image-preview:large","max-video-preview":"max-video-preview:-1"},"canonical":"https:\/\/www.anovapeneira.gal\/index.php\/2023\/10\/03\/aprobada-a-iniciativa-do-bng-sobre-o-servizo-de-prevencion-e-defensa-contra-os-incendios-forestais\/","og_locale":"gl_ES","og_type":"article","og_title":"Aprobada a iniciativa do BNG sobre o servizo de Prevenci\u00f3n e Defensa contra os Incendios Forestais -","og_description":"O Concello de Ponte Caldelas, a iniciativa do BNG, insta \u00e1 Xunta ampliar e profesionalizar o persoal propio do servizo de Prevenci\u00f3n e Defensa contra os Incendios Forestais, para que poida atender eficazmente a todo o territorio","og_url":"https:\/\/www.anovapeneira.gal\/index.php\/2023\/10\/03\/aprobada-a-iniciativa-do-bng-sobre-o-servizo-de-prevencion-e-defensa-contra-os-incendios-forestais\/","article_publisher":"https:\/\/www.facebook.com\/anovapeneira","article_published_time":"2023-10-03T10:00:16+00:00","og_image":[{"width":720,"height":432,"url":"https:\/\/www.anovapeneira.gal\/wp-content\/uploads\/2020\/05\/logo_ponte_caldelas_a_nova_peneira.jpg","type":"image\/jpeg"}],"author":"Redacci\u00f3n A Nova Peneira","twitter_card":"summary_large_image","twitter_creator":"@APeneira","twitter_site":"@APeneira","twitter_misc":{"Escrito por":"Redacci\u00f3n A Nova Peneira","Tempo de lectura":"5 minutos"},"schema":{"@context":"https:\/\/schema.org","@graph":[{"@type":"Article","@id":"https:\/\/www.anovapeneira.gal\/index.php\/2023\/10\/03\/aprobada-a-iniciativa-do-bng-sobre-o-servizo-de-prevencion-e-defensa-contra-os-incendios-forestais\/#article","isPartOf":{"@id":"https:\/\/www.anovapeneira.gal\/index.php\/2023\/10\/03\/aprobada-a-iniciativa-do-bng-sobre-o-servizo-de-prevencion-e-defensa-contra-os-incendios-forestais\/"},"author":{"name":"Redacci\u00f3n A Nova Peneira","@id":"https:\/\/www.anovapeneira.gal\/#\/schema\/person\/b93e3f8932e3f8da96334607eb6ac6aa"},"headline":"Aprobada a iniciativa do BNG sobre o servizo de Prevenci\u00f3n e Defensa contra os Incendios Forestais","datePublished":"2023-10-03T10:00:16+00:00","mainEntityOfPage":{"@id":"https:\/\/www.anovapeneira.gal\/index.php\/2023\/10\/03\/aprobada-a-iniciativa-do-bng-sobre-o-servizo-de-prevencion-e-defensa-contra-os-incendios-forestais\/"},"wordCount":842,"commentCount":0,"publisher":{"@id":"https:\/\/www.anovapeneira.gal\/#organization"},"image":{"@id":"https:\/\/www.anovapeneira.gal\/index.php\/2023\/10\/03\/aprobada-a-iniciativa-do-bng-sobre-o-servizo-de-prevencion-e-defensa-contra-os-incendios-forestais\/#primaryimage"},"thumbnailUrl":"https:\/\/www.anovapeneira.gal\/wp-content\/uploads\/2020\/05\/logo_ponte_caldelas_a_nova_peneira.jpg","keywords":["Concello de Ponte Caldelas"],"articleSection":["Pontevedra"],"inLanguage":"gl-ES","potentialAction":[{"@type":"CommentAction","name":"Comment","target":["https:\/\/www.anovapeneira.gal\/index.php\/2023\/10\/03\/aprobada-a-iniciativa-do-bng-sobre-o-servizo-de-prevencion-e-defensa-contra-os-incendios-forestais\/#respond"]}]},{"@type":"WebPage","@id":"https:\/\/www.anovapeneira.gal\/index.php\/2023\/10\/03\/aprobada-a-iniciativa-do-bng-sobre-o-servizo-de-prevencion-e-defensa-contra-os-incendios-forestais\/","url":"https:\/\/www.anovapeneira.gal\/index.php\/2023\/10\/03\/aprobada-a-iniciativa-do-bng-sobre-o-servizo-de-prevencion-e-defensa-contra-os-incendios-forestais\/","name":"Aprobada a iniciativa do BNG sobre o servizo de Prevenci\u00f3n e Defensa contra os Incendios Forestais -","isPartOf":{"@id":"https:\/\/www.anovapeneira.gal\/#website"},"primaryImageOfPage":{"@id":"https:\/\/www.anovapeneira.gal\/index.php\/2023\/10\/03\/aprobada-a-iniciativa-do-bng-sobre-o-servizo-de-prevencion-e-defensa-contra-os-incendios-forestais\/#primaryimage"},"image":{"@id":"https:\/\/www.anovapeneira.gal\/index.php\/2023\/10\/03\/aprobada-a-iniciativa-do-bng-sobre-o-servizo-de-prevencion-e-defensa-contra-os-incendios-forestais\/#primaryimage"},"thumbnailUrl":"https:\/\/www.anovapeneira.gal\/wp-content\/uploads\/2020\/05\/logo_ponte_caldelas_a_nova_peneira.jpg","datePublished":"2023-10-03T10:00:16+00:00","description":"O Concello de Ponte Caldelas, a iniciativa do BNG, insta \u00e1 Xunta ampliar e profesionalizar o persoal propio do servizo de Prevenci\u00f3n e Defensa contra os Incendios Forestais, para que poida atender eficazmente a todo o territorio","breadcrumb":{"@id":"https:\/\/www.anovapeneira.gal\/index.php\/2023\/10\/03\/aprobada-a-iniciativa-do-bng-sobre-o-servizo-de-prevencion-e-defensa-contra-os-incendios-forestais\/#breadcrumb"},"inLanguage":"gl-ES","potentialAction":[{"@type":"ReadAction","target":["https:\/\/www.anovapeneira.gal\/index.php\/2023\/10\/03\/aprobada-a-iniciativa-do-bng-sobre-o-servizo-de-prevencion-e-defensa-contra-os-incendios-forestais\/"]}]},{"@type":"ImageObject","inLanguage":"gl-ES","@id":"https:\/\/www.anovapeneira.gal\/index.php\/2023\/10\/03\/aprobada-a-iniciativa-do-bng-sobre-o-servizo-de-prevencion-e-defensa-contra-os-incendios-forestais\/#primaryimage","url":"https:\/\/www.anovapeneira.gal\/wp-content\/uploads\/2020\/05\/logo_ponte_caldelas_a_nova_peneira.jpg","contentUrl":"https:\/\/www.anovapeneira.gal\/wp-content\/uploads\/2020\/05\/logo_ponte_caldelas_a_nova_peneira.jpg","width":720,"height":432,"caption":"Concello de Ponte Caldelas A Nova Peneira"},{"@type":"BreadcrumbList","@id":"https:\/\/www.anovapeneira.gal\/index.php\/2023\/10\/03\/aprobada-a-iniciativa-do-bng-sobre-o-servizo-de-prevencion-e-defensa-contra-os-incendios-forestais\/#breadcrumb","itemListElement":[{"@type":"ListItem","position":1,"name":"Portada","item":"https:\/\/www.anovapeneira.gal\/"},{"@type":"ListItem","position":2,"name":"Aprobada a iniciativa do BNG sobre o servizo de Prevenci\u00f3n e Defensa contra os Incendios Forestais"}]},{"@type":"WebSite","@id":"https:\/\/www.anovapeneira.gal\/#website","url":"https:\/\/www.anovapeneira.gal\/","name":"","description":"Xornal galego de informaci\u00f3n xeral Publicaci\u00f3n mensual de novas de Galicia e en especial dos Concellos da sur da provincia de Pontevedra.","publisher":{"@id":"https:\/\/www.anovapeneira.gal\/#organization"},"potentialAction":[{"@type":"SearchAction","target":{"@type":"EntryPoint","urlTemplate":"https:\/\/www.anovapeneira.gal\/?s={search_term_string}"},"query-input":{"@type":"PropertyValueSpecification","valueRequired":true,"valueName":"search_term_string"}}],"inLanguage":"gl-ES"},{"@type":"Organization","@id":"https:\/\/www.anovapeneira.gal\/#organization","name":"A Nova Peneira","url":"https:\/\/www.anovapeneira.gal\/","logo":{"@type":"ImageObject","inLanguage":"gl-ES","@id":"https:\/\/www.anovapeneira.gal\/#\/schema\/logo\/image\/","url":"http:\/\/www.anovapeneira.gal\/wp-content\/uploads\/2019\/06\/logo_a_nova_peneira_portal_web.png","contentUrl":"http:\/\/www.anovapeneira.gal\/wp-content\/uploads\/2019\/06\/logo_a_nova_peneira_portal_web.png","width":300,"height":100,"caption":"A Nova Peneira"},"image":{"@id":"https:\/\/www.anovapeneira.gal\/#\/schema\/logo\/image\/"},"sameAs":["https:\/\/www.facebook.com\/anovapeneira","https:\/\/x.com\/APeneira"]},{"@type":"Person","@id":"https:\/\/www.anovapeneira.gal\/#\/schema\/person\/b93e3f8932e3f8da96334607eb6ac6aa","name":"Redacci\u00f3n A Nova Peneira","image":{"@type":"ImageObject","inLanguage":"gl-ES","@id":"https:\/\/secure.gravatar.com\/avatar\/c052a2551a06e23fac63626232eaa90abd78dbcf1700fc46a2b2c89fd27b735f?s=96&d=mm&r=g","url":"https:\/\/secure.gravatar.com\/avatar\/c052a2551a06e23fac63626232eaa90abd78dbcf1700fc46a2b2c89fd27b735f?s=96&d=mm&r=g","contentUrl":"https:\/\/secure.gravatar.com\/avatar\/c052a2551a06e23fac63626232eaa90abd78dbcf1700fc46a2b2c89fd27b735f?s=96&d=mm&r=g","caption":"Redacci\u00f3n A Nova Peneira"},"sameAs":["http:\/\/www.anovapeneira.gal\/"],"url":"https:\/\/www.anovapeneira.gal\/index.php\/author\/redactor\/"}]}},"jetpack_featured_media_url":"https:\/\/www.anovapeneira.gal\/wp-content\/uploads\/2020\/05\/logo_ponte_caldelas_a_nova_peneira.jpg","_links":{"self":[{"href":"https:\/\/www.anovapeneira.gal\/index.php\/wp-json\/wp\/v2\/posts\/10537","targetHints":{"allow":["GET"]}}],"collection":[{"href":"https:\/\/www.anovapeneira.gal\/index.php\/wp-json\/wp\/v2\/posts"}],"about":[{"href":"https:\/\/www.anovapeneira.gal\/index.php\/wp-json\/wp\/v2\/types\/post"}],"author":[{"embeddable":true,"href":"https:\/\/www.anovapeneira.gal\/index.php\/wp-json\/wp\/v2\/users\/3"}],"replies":[{"embeddable":true,"href":"https:\/\/www.anovapeneira.gal\/index.php\/wp-json\/wp\/v2\/comments?post=10537"}],"version-history":[{"count":1,"href":"https:\/\/www.anovapeneira.gal\/index.php\/wp-json\/wp\/v2\/posts\/10537\/revisions"}],"predecessor-version":[{"id":10538,"href":"https:\/\/www.anovapeneira.gal\/index.php\/wp-json\/wp\/v2\/posts\/10537\/revisions\/10538"}],"wp:featuredmedia":[{"embeddable":true,"href":"https:\/\/www.anovapeneira.gal\/index.php\/wp-json\/wp\/v2\/media\/3219"}],"wp:attachment":[{"href":"https:\/\/www.anovapeneira.gal\/index.php\/wp-json\/wp\/v2\/media?parent=10537"}],"wp:term":[{"taxonomy":"category","embeddable":true,"href":"https:\/\/www.anovapeneira.gal\/index.php\/wp-json\/wp\/v2\/categories?post=10537"},{"taxonomy":"post_tag","embeddable":true,"href":"https:\/\/www.anovapeneira.gal\/index.php\/wp-json\/wp\/v2\/tags?post=10537"}],"curies":[{"name":"wp","href":"https:\/\/api.w.org\/{rel}","templated":true}]}}