{"id":10539,"date":"2023-10-04T10:00:19","date_gmt":"2023-10-04T08:00:19","guid":{"rendered":"https:\/\/www.anovapeneira.gal\/?p=10539"},"modified":"2023-10-02T10:27:44","modified_gmt":"2023-10-02T08:27:44","slug":"o-rosal-avanza-na-implementacion-da-axenda-2030","status":"publish","type":"post","link":"https:\/\/www.anovapeneira.gal\/index.php\/2023\/10\/04\/o-rosal-avanza-na-implementacion-da-axenda-2030\/","title":{"rendered":"O Rosal avanza na implementaci\u00f3n da Axenda 2030"},"content":{"rendered":"\n<h2 class=\"wp-block-heading\"><strong>O Concello comezou a elaborar un plan estrat\u00e9xico que permita a localizaci\u00f3n, implementaci\u00f3n e seguemento dos Obxectivos de Desenvolvemento Sostible no municipio<\/strong><\/h2>\n\n\n\n<p><strong>O proxecto contar\u00e1 coa colaboraci\u00f3n do tecido asociativo, econ\u00f3mico e social rosaleiro<\/strong><\/p>\n\n\n\n<p><strong>O Rosal, 28 de setembro de 2023<\/strong><\/p>\n\n\n\n<p>O Concello do Rosal mant\u00e9n un firme compromiso por implementar os Obxectivos de Desenvolvemento Sostible no municipio, adaptando as metas \u00e1 realidade local. Para conseguilo, xa comezou a traballar na elaboraci\u00f3n dun plan estrat\u00e9xico que permita a localizaci\u00f3n, implementaci\u00f3n e seguemento dos ODS da Axenda 2030, pasos que se van a dar da man do tecido asociativo, econ\u00f3mico e social rosaleiro.<\/p>\n\n\n\n<p>A alcaldesa, \u00c1nxela Fern\u00e1ndez Call\u00eds, anima a toda a veci\u00f1anza a involucrarse no proceso participativo que se por\u00e1 en marcha como primeira fase deste proxecto, \u201cunha primeira parte na que recolleremos a informaci\u00f3n precisa para incorporar os elementos diferenciais do Rosal\u201d.<\/p>\n\n\n\n<p>Ser\u00e1 unha diagnose participativa de situaci\u00f3n que tome como punto de partida a realidade do territorio e as actuaci\u00f3ns que xa se est\u00e1n realizando e fixar as bases sobre as que traballar para a elaboraci\u00f3n dun Plan de Acci\u00f3n Local e dese\u00f1ar pol\u00edticas p\u00fablicas cun enfoque m\u00e1is integral para o desenvolvemento sostible a nivel social, econ\u00f3mico e medioambiental.<\/p>\n\n\n\n<p>\u201cO resultado ser\u00e1 unha ferramenta de planificaci\u00f3n estrat\u00e9xica coa que se poder\u00e1n establecer li\u00f1as de actuaci\u00f3n coas que incorporar os ODS, detallando os compromisos e medios a mobilizar e programando acci\u00f3ns concretas para despregar a Axenda 2030 no noso concello\u201d, explica a rexedora.<\/p>\n\n\n\n<p>O Concello do Rosal leva anos traballando nesta li\u00f1a, polo que este plan estrat\u00e9xico \u201ccontribuir\u00e1 a favorecer a loita contra o cambio clim\u00e1tico e a transici\u00f3n cara a econom\u00edas baixas en carbono, a eficiencia enerx\u00e9tica, a econom\u00eda circular e a construci\u00f3n de sociedades m\u00e1is xustas e igualitarias\u201d.<\/p>\n\n\n\n<p>Ao abeiro do proxecto tam\u00e9n se levar\u00e1n a cabo acci\u00f3ns de sensibilizaci\u00f3n entre a veci\u00f1anza, estendendo os co\u00f1ecementos da Axenda 2030 e os ODS e suscitando o interese entre a cidadan\u00eda. Porase en marcha tam\u00e9n un grupo de traballo con representantes a nivel pol\u00edtico e t\u00e9cnico que se ir\u00e1 abrindo a outros actores locais a medida que a iniciativa avance, establecendo sinerx\u00edas e reforzando alianzas.<\/p>\n\n\n\n<p>A posta en marcha deste plan conta coa subvenci\u00f3n da Secretar\u00eda de Estado para la Agenda 2030 del Ministerio de Derechos Sociales y Agenda 2030 destinada \u00e1 posta en marcha de acci\u00f3ns para o impulso da Axenda 2030 nas entidades locais.<\/p>\n\n\n\n<p>A Axenda 2030 distrib\u00faese en 17 obxectivos de desenvolvemento sostible que van dende o fin da pobreza \u00e1 loita contra o cambio clim\u00e1tico, pasando pola igualdade de x\u00e9nero, a educaci\u00f3n ou a sa\u00fade. Estes obxectivos div\u00eddense en 169 metas que representan todos os aspectos que a gran maior\u00eda dos pa\u00edses do mundo acordaron que \u00e9 necesario mellorar.<\/p>\n","protected":false},"excerpt":{"rendered":"<div class=\"mh-excerpt\"><p>O Concello comezou a elaborar un plan estrat\u00e9xico que permita a localizaci\u00f3n, implementaci\u00f3n e seguemento dos Obxectivos de Desenvolvemento Sostible no municipio <a class=\"mh-excerpt-more\" href=\"https:\/\/www.anovapeneira.gal\/index.php\/2023\/10\/04\/o-rosal-avanza-na-implementacion-da-axenda-2030\/\" title=\"O Rosal avanza na implementaci\u00f3n da Axenda 2030\">[&#8230;]<\/a><\/p>\n<\/div>","protected":false},"author":3,"featured_media":10540,"comment_status":"open","ping_status":"open","sticky":false,"template":"","format":"standard","meta":{"_exactmetrics_skip_tracking":false,"_exactmetrics_sitenote_active":false,"_exactmetrics_sitenote_note":"","_exactmetrics_sitenote_category":0,"footnotes":""},"categories":[21],"tags":[131],"class_list":{"0":"post-10539","1":"post","2":"type-post","3":"status-publish","4":"format-standard","5":"has-post-thumbnail","7":"category-baixo-mino","8":"tag-concello-do-rosal"},"yoast_head":"<!-- This site is optimized with the Yoast SEO plugin v27.4 - https:\/\/yoast.com\/product\/yoast-seo-wordpress\/ -->\n<title>O Rosal avanza na implementaci\u00f3n da Axenda 2030 -<\/title>\n<meta name=\"description\" content=\"O Concello comezou a elaborar un plan estrat\u00e9xico que permita a localizaci\u00f3n, implementaci\u00f3n e seguemento dos Obxectivos de Desenvolvemento Sostible no municipio\" \/>\n<meta name=\"robots\" content=\"index, follow, max-snippet:-1, max-image-preview:large, max-video-preview:-1\" \/>\n<link rel=\"canonical\" href=\"https:\/\/www.anovapeneira.gal\/index.php\/2023\/10\/04\/o-rosal-avanza-na-implementacion-da-axenda-2030\/\" \/>\n<meta property=\"og:locale\" content=\"gl_ES\" \/>\n<meta property=\"og:type\" content=\"article\" \/>\n<meta property=\"og:title\" content=\"O Rosal avanza na implementaci\u00f3n da Axenda 2030 -\" \/>\n<meta property=\"og:description\" content=\"O Concello comezou a elaborar un plan estrat\u00e9xico que permita a localizaci\u00f3n, implementaci\u00f3n e seguemento dos Obxectivos de Desenvolvemento Sostible no municipio\" \/>\n<meta property=\"og:url\" content=\"https:\/\/www.anovapeneira.gal\/index.php\/2023\/10\/04\/o-rosal-avanza-na-implementacion-da-axenda-2030\/\" \/>\n<meta property=\"article:publisher\" content=\"https:\/\/www.facebook.com\/anovapeneira\" \/>\n<meta property=\"article:published_time\" content=\"2023-10-04T08:00:19+00:00\" \/>\n<meta property=\"og:image\" content=\"https:\/\/www.anovapeneira.gal\/wp-content\/uploads\/2023\/10\/rosal_2030.jpg\" \/>\n\t<meta property=\"og:image:width\" content=\"720\" \/>\n\t<meta property=\"og:image:height\" content=\"432\" \/>\n\t<meta property=\"og:image:type\" content=\"image\/jpeg\" \/>\n<meta name=\"author\" content=\"Redacci\u00f3n A Nova Peneira\" \/>\n<meta name=\"twitter:card\" content=\"summary_large_image\" \/>\n<meta name=\"twitter:creator\" content=\"@APeneira\" \/>\n<meta name=\"twitter:site\" content=\"@APeneira\" \/>\n<meta name=\"twitter:label1\" content=\"Escrito por\" \/>\n\t<meta name=\"twitter:data1\" content=\"Redacci\u00f3n A Nova Peneira\" \/>\n\t<meta name=\"twitter:label2\" content=\"Tempo de lectura\" \/>\n\t<meta name=\"twitter:data2\" content=\"3 minutos\" \/>\n<script type=\"application\/ld+json\" class=\"yoast-schema-graph\">{\"@context\":\"https:\\\/\\\/schema.org\",\"@graph\":[{\"@type\":\"Article\",\"@id\":\"https:\\\/\\\/www.anovapeneira.gal\\\/index.php\\\/2023\\\/10\\\/04\\\/o-rosal-avanza-na-implementacion-da-axenda-2030\\\/#article\",\"isPartOf\":{\"@id\":\"https:\\\/\\\/www.anovapeneira.gal\\\/index.php\\\/2023\\\/10\\\/04\\\/o-rosal-avanza-na-implementacion-da-axenda-2030\\\/\"},\"author\":{\"name\":\"Redacci\u00f3n A Nova Peneira\",\"@id\":\"https:\\\/\\\/www.anovapeneira.gal\\\/#\\\/schema\\\/person\\\/b93e3f8932e3f8da96334607eb6ac6aa\"},\"headline\":\"O Rosal avanza na implementaci\u00f3n da Axenda 2030\",\"datePublished\":\"2023-10-04T08:00:19+00:00\",\"mainEntityOfPage\":{\"@id\":\"https:\\\/\\\/www.anovapeneira.gal\\\/index.php\\\/2023\\\/10\\\/04\\\/o-rosal-avanza-na-implementacion-da-axenda-2030\\\/\"},\"wordCount\":509,\"commentCount\":0,\"publisher\":{\"@id\":\"https:\\\/\\\/www.anovapeneira.gal\\\/#organization\"},\"image\":{\"@id\":\"https:\\\/\\\/www.anovapeneira.gal\\\/index.php\\\/2023\\\/10\\\/04\\\/o-rosal-avanza-na-implementacion-da-axenda-2030\\\/#primaryimage\"},\"thumbnailUrl\":\"https:\\\/\\\/www.anovapeneira.gal\\\/wp-content\\\/uploads\\\/2023\\\/10\\\/rosal_2030.jpg\",\"keywords\":[\"Concello do Rosal\"],\"articleSection\":[\"Baixo Mi\u00f1o\"],\"inLanguage\":\"gl-ES\",\"potentialAction\":[{\"@type\":\"CommentAction\",\"name\":\"Comment\",\"target\":[\"https:\\\/\\\/www.anovapeneira.gal\\\/index.php\\\/2023\\\/10\\\/04\\\/o-rosal-avanza-na-implementacion-da-axenda-2030\\\/#respond\"]}]},{\"@type\":\"WebPage\",\"@id\":\"https:\\\/\\\/www.anovapeneira.gal\\\/index.php\\\/2023\\\/10\\\/04\\\/o-rosal-avanza-na-implementacion-da-axenda-2030\\\/\",\"url\":\"https:\\\/\\\/www.anovapeneira.gal\\\/index.php\\\/2023\\\/10\\\/04\\\/o-rosal-avanza-na-implementacion-da-axenda-2030\\\/\",\"name\":\"O Rosal avanza na implementaci\u00f3n da Axenda 2030 -\",\"isPartOf\":{\"@id\":\"https:\\\/\\\/www.anovapeneira.gal\\\/#website\"},\"primaryImageOfPage\":{\"@id\":\"https:\\\/\\\/www.anovapeneira.gal\\\/index.php\\\/2023\\\/10\\\/04\\\/o-rosal-avanza-na-implementacion-da-axenda-2030\\\/#primaryimage\"},\"image\":{\"@id\":\"https:\\\/\\\/www.anovapeneira.gal\\\/index.php\\\/2023\\\/10\\\/04\\\/o-rosal-avanza-na-implementacion-da-axenda-2030\\\/#primaryimage\"},\"thumbnailUrl\":\"https:\\\/\\\/www.anovapeneira.gal\\\/wp-content\\\/uploads\\\/2023\\\/10\\\/rosal_2030.jpg\",\"datePublished\":\"2023-10-04T08:00:19+00:00\",\"description\":\"O Concello comezou a elaborar un plan estrat\u00e9xico que permita a localizaci\u00f3n, implementaci\u00f3n e seguemento dos Obxectivos de Desenvolvemento Sostible no municipio\",\"breadcrumb\":{\"@id\":\"https:\\\/\\\/www.anovapeneira.gal\\\/index.php\\\/2023\\\/10\\\/04\\\/o-rosal-avanza-na-implementacion-da-axenda-2030\\\/#breadcrumb\"},\"inLanguage\":\"gl-ES\",\"potentialAction\":[{\"@type\":\"ReadAction\",\"target\":[\"https:\\\/\\\/www.anovapeneira.gal\\\/index.php\\\/2023\\\/10\\\/04\\\/o-rosal-avanza-na-implementacion-da-axenda-2030\\\/\"]}]},{\"@type\":\"ImageObject\",\"inLanguage\":\"gl-ES\",\"@id\":\"https:\\\/\\\/www.anovapeneira.gal\\\/index.php\\\/2023\\\/10\\\/04\\\/o-rosal-avanza-na-implementacion-da-axenda-2030\\\/#primaryimage\",\"url\":\"https:\\\/\\\/www.anovapeneira.gal\\\/wp-content\\\/uploads\\\/2023\\\/10\\\/rosal_2030.jpg\",\"contentUrl\":\"https:\\\/\\\/www.anovapeneira.gal\\\/wp-content\\\/uploads\\\/2023\\\/10\\\/rosal_2030.jpg\",\"width\":720,\"height\":432,\"caption\":\"O Rosal avanza na implementaci\u00f3n da Axenda 2030\"},{\"@type\":\"BreadcrumbList\",\"@id\":\"https:\\\/\\\/www.anovapeneira.gal\\\/index.php\\\/2023\\\/10\\\/04\\\/o-rosal-avanza-na-implementacion-da-axenda-2030\\\/#breadcrumb\",\"itemListElement\":[{\"@type\":\"ListItem\",\"position\":1,\"name\":\"Portada\",\"item\":\"https:\\\/\\\/www.anovapeneira.gal\\\/\"},{\"@type\":\"ListItem\",\"position\":2,\"name\":\"O Rosal avanza na implementaci\u00f3n da Axenda 2030\"}]},{\"@type\":\"WebSite\",\"@id\":\"https:\\\/\\\/www.anovapeneira.gal\\\/#website\",\"url\":\"https:\\\/\\\/www.anovapeneira.gal\\\/\",\"name\":\"\",\"description\":\"Xornal galego de informaci\u00f3n xeral Publicaci\u00f3n mensual de novas de Galicia e en especial dos Concellos da sur da provincia de Pontevedra.\",\"publisher\":{\"@id\":\"https:\\\/\\\/www.anovapeneira.gal\\\/#organization\"},\"potentialAction\":[{\"@type\":\"SearchAction\",\"target\":{\"@type\":\"EntryPoint\",\"urlTemplate\":\"https:\\\/\\\/www.anovapeneira.gal\\\/?s={search_term_string}\"},\"query-input\":{\"@type\":\"PropertyValueSpecification\",\"valueRequired\":true,\"valueName\":\"search_term_string\"}}],\"inLanguage\":\"gl-ES\"},{\"@type\":\"Organization\",\"@id\":\"https:\\\/\\\/www.anovapeneira.gal\\\/#organization\",\"name\":\"A Nova Peneira\",\"url\":\"https:\\\/\\\/www.anovapeneira.gal\\\/\",\"logo\":{\"@type\":\"ImageObject\",\"inLanguage\":\"gl-ES\",\"@id\":\"https:\\\/\\\/www.anovapeneira.gal\\\/#\\\/schema\\\/logo\\\/image\\\/\",\"url\":\"http:\\\/\\\/www.anovapeneira.gal\\\/wp-content\\\/uploads\\\/2019\\\/06\\\/logo_a_nova_peneira_portal_web.png\",\"contentUrl\":\"http:\\\/\\\/www.anovapeneira.gal\\\/wp-content\\\/uploads\\\/2019\\\/06\\\/logo_a_nova_peneira_portal_web.png\",\"width\":300,\"height\":100,\"caption\":\"A Nova Peneira\"},\"image\":{\"@id\":\"https:\\\/\\\/www.anovapeneira.gal\\\/#\\\/schema\\\/logo\\\/image\\\/\"},\"sameAs\":[\"https:\\\/\\\/www.facebook.com\\\/anovapeneira\",\"https:\\\/\\\/x.com\\\/APeneira\"]},{\"@type\":\"Person\",\"@id\":\"https:\\\/\\\/www.anovapeneira.gal\\\/#\\\/schema\\\/person\\\/b93e3f8932e3f8da96334607eb6ac6aa\",\"name\":\"Redacci\u00f3n A Nova Peneira\",\"image\":{\"@type\":\"ImageObject\",\"inLanguage\":\"gl-ES\",\"@id\":\"https:\\\/\\\/secure.gravatar.com\\\/avatar\\\/c052a2551a06e23fac63626232eaa90abd78dbcf1700fc46a2b2c89fd27b735f?s=96&d=mm&r=g\",\"url\":\"https:\\\/\\\/secure.gravatar.com\\\/avatar\\\/c052a2551a06e23fac63626232eaa90abd78dbcf1700fc46a2b2c89fd27b735f?s=96&d=mm&r=g\",\"contentUrl\":\"https:\\\/\\\/secure.gravatar.com\\\/avatar\\\/c052a2551a06e23fac63626232eaa90abd78dbcf1700fc46a2b2c89fd27b735f?s=96&d=mm&r=g\",\"caption\":\"Redacci\u00f3n A Nova Peneira\"},\"sameAs\":[\"http:\\\/\\\/www.anovapeneira.gal\\\/\"],\"url\":\"https:\\\/\\\/www.anovapeneira.gal\\\/index.php\\\/author\\\/redactor\\\/\"}]}<\/script>\n<!-- \/ Yoast SEO plugin. -->","yoast_head_json":{"title":"O Rosal avanza na implementaci\u00f3n da Axenda 2030 -","description":"O Concello comezou a elaborar un plan estrat\u00e9xico que permita a localizaci\u00f3n, implementaci\u00f3n e seguemento dos Obxectivos de Desenvolvemento Sostible no municipio","robots":{"index":"index","follow":"follow","max-snippet":"max-snippet:-1","max-image-preview":"max-image-preview:large","max-video-preview":"max-video-preview:-1"},"canonical":"https:\/\/www.anovapeneira.gal\/index.php\/2023\/10\/04\/o-rosal-avanza-na-implementacion-da-axenda-2030\/","og_locale":"gl_ES","og_type":"article","og_title":"O Rosal avanza na implementaci\u00f3n da Axenda 2030 -","og_description":"O Concello comezou a elaborar un plan estrat\u00e9xico que permita a localizaci\u00f3n, implementaci\u00f3n e seguemento dos Obxectivos de Desenvolvemento Sostible no municipio","og_url":"https:\/\/www.anovapeneira.gal\/index.php\/2023\/10\/04\/o-rosal-avanza-na-implementacion-da-axenda-2030\/","article_publisher":"https:\/\/www.facebook.com\/anovapeneira","article_published_time":"2023-10-04T08:00:19+00:00","og_image":[{"width":720,"height":432,"url":"https:\/\/www.anovapeneira.gal\/wp-content\/uploads\/2023\/10\/rosal_2030.jpg","type":"image\/jpeg"}],"author":"Redacci\u00f3n A Nova Peneira","twitter_card":"summary_large_image","twitter_creator":"@APeneira","twitter_site":"@APeneira","twitter_misc":{"Escrito por":"Redacci\u00f3n A Nova Peneira","Tempo de lectura":"3 minutos"},"schema":{"@context":"https:\/\/schema.org","@graph":[{"@type":"Article","@id":"https:\/\/www.anovapeneira.gal\/index.php\/2023\/10\/04\/o-rosal-avanza-na-implementacion-da-axenda-2030\/#article","isPartOf":{"@id":"https:\/\/www.anovapeneira.gal\/index.php\/2023\/10\/04\/o-rosal-avanza-na-implementacion-da-axenda-2030\/"},"author":{"name":"Redacci\u00f3n A Nova Peneira","@id":"https:\/\/www.anovapeneira.gal\/#\/schema\/person\/b93e3f8932e3f8da96334607eb6ac6aa"},"headline":"O Rosal avanza na implementaci\u00f3n da Axenda 2030","datePublished":"2023-10-04T08:00:19+00:00","mainEntityOfPage":{"@id":"https:\/\/www.anovapeneira.gal\/index.php\/2023\/10\/04\/o-rosal-avanza-na-implementacion-da-axenda-2030\/"},"wordCount":509,"commentCount":0,"publisher":{"@id":"https:\/\/www.anovapeneira.gal\/#organization"},"image":{"@id":"https:\/\/www.anovapeneira.gal\/index.php\/2023\/10\/04\/o-rosal-avanza-na-implementacion-da-axenda-2030\/#primaryimage"},"thumbnailUrl":"https:\/\/www.anovapeneira.gal\/wp-content\/uploads\/2023\/10\/rosal_2030.jpg","keywords":["Concello do Rosal"],"articleSection":["Baixo Mi\u00f1o"],"inLanguage":"gl-ES","potentialAction":[{"@type":"CommentAction","name":"Comment","target":["https:\/\/www.anovapeneira.gal\/index.php\/2023\/10\/04\/o-rosal-avanza-na-implementacion-da-axenda-2030\/#respond"]}]},{"@type":"WebPage","@id":"https:\/\/www.anovapeneira.gal\/index.php\/2023\/10\/04\/o-rosal-avanza-na-implementacion-da-axenda-2030\/","url":"https:\/\/www.anovapeneira.gal\/index.php\/2023\/10\/04\/o-rosal-avanza-na-implementacion-da-axenda-2030\/","name":"O Rosal avanza na implementaci\u00f3n da Axenda 2030 -","isPartOf":{"@id":"https:\/\/www.anovapeneira.gal\/#website"},"primaryImageOfPage":{"@id":"https:\/\/www.anovapeneira.gal\/index.php\/2023\/10\/04\/o-rosal-avanza-na-implementacion-da-axenda-2030\/#primaryimage"},"image":{"@id":"https:\/\/www.anovapeneira.gal\/index.php\/2023\/10\/04\/o-rosal-avanza-na-implementacion-da-axenda-2030\/#primaryimage"},"thumbnailUrl":"https:\/\/www.anovapeneira.gal\/wp-content\/uploads\/2023\/10\/rosal_2030.jpg","datePublished":"2023-10-04T08:00:19+00:00","description":"O Concello comezou a elaborar un plan estrat\u00e9xico que permita a localizaci\u00f3n, implementaci\u00f3n e seguemento dos Obxectivos de Desenvolvemento Sostible no municipio","breadcrumb":{"@id":"https:\/\/www.anovapeneira.gal\/index.php\/2023\/10\/04\/o-rosal-avanza-na-implementacion-da-axenda-2030\/#breadcrumb"},"inLanguage":"gl-ES","potentialAction":[{"@type":"ReadAction","target":["https:\/\/www.anovapeneira.gal\/index.php\/2023\/10\/04\/o-rosal-avanza-na-implementacion-da-axenda-2030\/"]}]},{"@type":"ImageObject","inLanguage":"gl-ES","@id":"https:\/\/www.anovapeneira.gal\/index.php\/2023\/10\/04\/o-rosal-avanza-na-implementacion-da-axenda-2030\/#primaryimage","url":"https:\/\/www.anovapeneira.gal\/wp-content\/uploads\/2023\/10\/rosal_2030.jpg","contentUrl":"https:\/\/www.anovapeneira.gal\/wp-content\/uploads\/2023\/10\/rosal_2030.jpg","width":720,"height":432,"caption":"O Rosal avanza na implementaci\u00f3n da Axenda 2030"},{"@type":"BreadcrumbList","@id":"https:\/\/www.anovapeneira.gal\/index.php\/2023\/10\/04\/o-rosal-avanza-na-implementacion-da-axenda-2030\/#breadcrumb","itemListElement":[{"@type":"ListItem","position":1,"name":"Portada","item":"https:\/\/www.anovapeneira.gal\/"},{"@type":"ListItem","position":2,"name":"O Rosal avanza na implementaci\u00f3n da Axenda 2030"}]},{"@type":"WebSite","@id":"https:\/\/www.anovapeneira.gal\/#website","url":"https:\/\/www.anovapeneira.gal\/","name":"","description":"Xornal galego de informaci\u00f3n xeral Publicaci\u00f3n mensual de novas de Galicia e en especial dos Concellos da sur da provincia de Pontevedra.","publisher":{"@id":"https:\/\/www.anovapeneira.gal\/#organization"},"potentialAction":[{"@type":"SearchAction","target":{"@type":"EntryPoint","urlTemplate":"https:\/\/www.anovapeneira.gal\/?s={search_term_string}"},"query-input":{"@type":"PropertyValueSpecification","valueRequired":true,"valueName":"search_term_string"}}],"inLanguage":"gl-ES"},{"@type":"Organization","@id":"https:\/\/www.anovapeneira.gal\/#organization","name":"A Nova Peneira","url":"https:\/\/www.anovapeneira.gal\/","logo":{"@type":"ImageObject","inLanguage":"gl-ES","@id":"https:\/\/www.anovapeneira.gal\/#\/schema\/logo\/image\/","url":"http:\/\/www.anovapeneira.gal\/wp-content\/uploads\/2019\/06\/logo_a_nova_peneira_portal_web.png","contentUrl":"http:\/\/www.anovapeneira.gal\/wp-content\/uploads\/2019\/06\/logo_a_nova_peneira_portal_web.png","width":300,"height":100,"caption":"A Nova Peneira"},"image":{"@id":"https:\/\/www.anovapeneira.gal\/#\/schema\/logo\/image\/"},"sameAs":["https:\/\/www.facebook.com\/anovapeneira","https:\/\/x.com\/APeneira"]},{"@type":"Person","@id":"https:\/\/www.anovapeneira.gal\/#\/schema\/person\/b93e3f8932e3f8da96334607eb6ac6aa","name":"Redacci\u00f3n A Nova Peneira","image":{"@type":"ImageObject","inLanguage":"gl-ES","@id":"https:\/\/secure.gravatar.com\/avatar\/c052a2551a06e23fac63626232eaa90abd78dbcf1700fc46a2b2c89fd27b735f?s=96&d=mm&r=g","url":"https:\/\/secure.gravatar.com\/avatar\/c052a2551a06e23fac63626232eaa90abd78dbcf1700fc46a2b2c89fd27b735f?s=96&d=mm&r=g","contentUrl":"https:\/\/secure.gravatar.com\/avatar\/c052a2551a06e23fac63626232eaa90abd78dbcf1700fc46a2b2c89fd27b735f?s=96&d=mm&r=g","caption":"Redacci\u00f3n A Nova Peneira"},"sameAs":["http:\/\/www.anovapeneira.gal\/"],"url":"https:\/\/www.anovapeneira.gal\/index.php\/author\/redactor\/"}]}},"jetpack_featured_media_url":"https:\/\/www.anovapeneira.gal\/wp-content\/uploads\/2023\/10\/rosal_2030.jpg","_links":{"self":[{"href":"https:\/\/www.anovapeneira.gal\/index.php\/wp-json\/wp\/v2\/posts\/10539","targetHints":{"allow":["GET"]}}],"collection":[{"href":"https:\/\/www.anovapeneira.gal\/index.php\/wp-json\/wp\/v2\/posts"}],"about":[{"href":"https:\/\/www.anovapeneira.gal\/index.php\/wp-json\/wp\/v2\/types\/post"}],"author":[{"embeddable":true,"href":"https:\/\/www.anovapeneira.gal\/index.php\/wp-json\/wp\/v2\/users\/3"}],"replies":[{"embeddable":true,"href":"https:\/\/www.anovapeneira.gal\/index.php\/wp-json\/wp\/v2\/comments?post=10539"}],"version-history":[{"count":1,"href":"https:\/\/www.anovapeneira.gal\/index.php\/wp-json\/wp\/v2\/posts\/10539\/revisions"}],"predecessor-version":[{"id":10541,"href":"https:\/\/www.anovapeneira.gal\/index.php\/wp-json\/wp\/v2\/posts\/10539\/revisions\/10541"}],"wp:featuredmedia":[{"embeddable":true,"href":"https:\/\/www.anovapeneira.gal\/index.php\/wp-json\/wp\/v2\/media\/10540"}],"wp:attachment":[{"href":"https:\/\/www.anovapeneira.gal\/index.php\/wp-json\/wp\/v2\/media?parent=10539"}],"wp:term":[{"taxonomy":"category","embeddable":true,"href":"https:\/\/www.anovapeneira.gal\/index.php\/wp-json\/wp\/v2\/categories?post=10539"},{"taxonomy":"post_tag","embeddable":true,"href":"https:\/\/www.anovapeneira.gal\/index.php\/wp-json\/wp\/v2\/tags?post=10539"}],"curies":[{"name":"wp","href":"https:\/\/api.w.org\/{rel}","templated":true}]}}