{"id":10548,"date":"2023-10-05T10:00:52","date_gmt":"2023-10-05T08:00:52","guid":{"rendered":"https:\/\/www.anovapeneira.gal\/?p=10548"},"modified":"2023-10-02T10:48:15","modified_gmt":"2023-10-02T08:48:15","slug":"tomino-retira-case-50-quilos-de-lixo-dos-rios-pego-e-cereixo-e-do-regato-das-cerradas","status":"publish","type":"post","link":"https:\/\/www.anovapeneira.gal\/index.php\/2023\/10\/05\/tomino-retira-case-50-quilos-de-lixo-dos-rios-pego-e-cereixo-e-do-regato-das-cerradas\/","title":{"rendered":"Tomi\u00f1o retira case 50 quilos de lixo dos r\u00edos Pego e Cereixo e do regato das Cerradas"},"content":{"rendered":"\n<h2 class=\"wp-block-heading\"><strong>M\u00e1is de 200 de estudantes, docentes e persoas voluntarias participaron na xornada de recollida \u2018M\u00f3llate polos r\u00edos\u2019<\/strong><\/h2>\n\n\n\n<p><strong>Tomi\u00f1o, 29 de setembro de 2023<\/strong><\/p>\n\n\n\n<p>Grande \u00e9xito de participaci\u00f3n en Tomi\u00f1o na xornada de limpeza simult\u00e1nea \u2018M\u00f3llate polos r\u00edos\u2019, unha iniciativa impulsada pola Asociaci\u00f3n para a Defensa Ecol\u00f3xica de Galicia, Adega, ao abeiro do Proxecto R\u00edos. M\u00e1is de 200 persoas entre alumnado, docentes e persoas voluntarias percorreron o pasado luns o r\u00edo Pego, o Regato das Cerradas e o r\u00edo Cereixo e a s\u00faas contornas para retirar todos os restos que se atopaban al\u00ed espallados.<\/p>\n\n\n\n<p>Na xornada de limpeza tam\u00e9n estivo presente persoal t\u00e9cnico de Medio Ambiente, as\u00ed como a concelleira de Educaci\u00f3n, Cristina Mart\u00ednez, e a de Medio Ambiente, Ana Bel\u00e9n Casaleiros, que se repartiron entre os diferentes grupos para acompa\u00f1ar a todos os centros educativos participantes.<\/p>\n\n\n\n<p>En total foron case 50 quilos de lixo recollidos por estas cuadrillas de voluntarios e voluntarias, a maior\u00eda deles nenos e nenas do CEP Pluriling\u00fce Pedro Caselles Beltr\u00e1n, do CEIP Pintor Antonio Fern\u00e1ndez, do CEIP de Tebra e do CEIP de Barrantes. Os centros educativos tomi\u00f1eses amosaron as\u00ed un ano m\u00e1is o seu compromiso co coidado do medio ambiente.<\/p>\n\n\n\n<p>A concelleira de Medio Ambiente, Ana Bel\u00e9n Casaleiro, quere \u201cagradecer a implicaci\u00f3n de todas as persoas participantes na xornada, xa que o seu esforzo e dedicaci\u00f3n \u00e9 testemu\u00f1o do seu compromiso coa s\u00faa contorna. Cada bolsa de lixo que retiramos \u00e9 un paso m\u00e1is cara a un Tomi\u00f1o m\u00e1is limpo, saudable e medioambientalmente sostible\u201d.<\/p>\n","protected":false},"excerpt":{"rendered":"<div class=\"mh-excerpt\"><p>M\u00e1is de 200 de estudantes, docentes e persoas voluntarias participaron na xornada de recollida \u2018M\u00f3llate polos r\u00edos\u2019 <a class=\"mh-excerpt-more\" href=\"https:\/\/www.anovapeneira.gal\/index.php\/2023\/10\/05\/tomino-retira-case-50-quilos-de-lixo-dos-rios-pego-e-cereixo-e-do-regato-das-cerradas\/\" title=\"Tomi\u00f1o retira case 50 quilos de lixo dos r\u00edos Pego e Cereixo e do regato das Cerradas\">[&#8230;]<\/a><\/p>\n<\/div>","protected":false},"author":3,"featured_media":10549,"comment_status":"open","ping_status":"open","sticky":false,"template":"","format":"standard","meta":{"_exactmetrics_skip_tracking":false,"_exactmetrics_sitenote_active":false,"_exactmetrics_sitenote_note":"","_exactmetrics_sitenote_category":0,"footnotes":""},"categories":[21],"tags":[81],"class_list":{"0":"post-10548","1":"post","2":"type-post","3":"status-publish","4":"format-standard","5":"has-post-thumbnail","7":"category-baixo-mino","8":"tag-concello-de-tomino"},"yoast_head":"<!-- This site is optimized with the Yoast SEO plugin v27.4 - https:\/\/yoast.com\/product\/yoast-seo-wordpress\/ -->\n<title>Tomi\u00f1o retira case 50 quilos de lixo dos r\u00edos Pego e Cereixo e do regato das Cerradas -<\/title>\n<meta name=\"description\" content=\"M\u00e1is de 200 de estudantes, docentes e persoas voluntarias participaron na xornada de recollida \u2018M\u00f3llate polos r\u00edos\u2019\" \/>\n<meta name=\"robots\" content=\"index, follow, max-snippet:-1, max-image-preview:large, max-video-preview:-1\" \/>\n<link rel=\"canonical\" href=\"https:\/\/www.anovapeneira.gal\/index.php\/2023\/10\/05\/tomino-retira-case-50-quilos-de-lixo-dos-rios-pego-e-cereixo-e-do-regato-das-cerradas\/\" \/>\n<meta property=\"og:locale\" content=\"gl_ES\" \/>\n<meta property=\"og:type\" content=\"article\" \/>\n<meta property=\"og:title\" content=\"Tomi\u00f1o retira case 50 quilos de lixo dos r\u00edos Pego e Cereixo e do regato das Cerradas -\" \/>\n<meta property=\"og:description\" content=\"M\u00e1is de 200 de estudantes, docentes e persoas voluntarias participaron na xornada de recollida \u2018M\u00f3llate polos r\u00edos\u2019\" \/>\n<meta property=\"og:url\" content=\"https:\/\/www.anovapeneira.gal\/index.php\/2023\/10\/05\/tomino-retira-case-50-quilos-de-lixo-dos-rios-pego-e-cereixo-e-do-regato-das-cerradas\/\" \/>\n<meta property=\"article:publisher\" content=\"https:\/\/www.facebook.com\/anovapeneira\" \/>\n<meta property=\"article:published_time\" content=\"2023-10-05T08:00:52+00:00\" \/>\n<meta property=\"og:image\" content=\"https:\/\/www.anovapeneira.gal\/wp-content\/uploads\/2023\/10\/Tomino_retira_lixo.jpg\" \/>\n\t<meta property=\"og:image:width\" content=\"720\" \/>\n\t<meta property=\"og:image:height\" content=\"432\" \/>\n\t<meta property=\"og:image:type\" content=\"image\/jpeg\" \/>\n<meta name=\"author\" content=\"Redacci\u00f3n A Nova Peneira\" \/>\n<meta name=\"twitter:card\" content=\"summary_large_image\" \/>\n<meta name=\"twitter:creator\" content=\"@APeneira\" \/>\n<meta name=\"twitter:site\" content=\"@APeneira\" \/>\n<meta name=\"twitter:label1\" content=\"Escrito por\" \/>\n\t<meta name=\"twitter:data1\" content=\"Redacci\u00f3n A Nova Peneira\" \/>\n\t<meta name=\"twitter:label2\" content=\"Tempo de lectura\" \/>\n\t<meta name=\"twitter:data2\" content=\"2 minutos\" \/>\n<script type=\"application\/ld+json\" class=\"yoast-schema-graph\">{\"@context\":\"https:\\\/\\\/schema.org\",\"@graph\":[{\"@type\":\"Article\",\"@id\":\"https:\\\/\\\/www.anovapeneira.gal\\\/index.php\\\/2023\\\/10\\\/05\\\/tomino-retira-case-50-quilos-de-lixo-dos-rios-pego-e-cereixo-e-do-regato-das-cerradas\\\/#article\",\"isPartOf\":{\"@id\":\"https:\\\/\\\/www.anovapeneira.gal\\\/index.php\\\/2023\\\/10\\\/05\\\/tomino-retira-case-50-quilos-de-lixo-dos-rios-pego-e-cereixo-e-do-regato-das-cerradas\\\/\"},\"author\":{\"name\":\"Redacci\u00f3n A Nova Peneira\",\"@id\":\"https:\\\/\\\/www.anovapeneira.gal\\\/#\\\/schema\\\/person\\\/b93e3f8932e3f8da96334607eb6ac6aa\"},\"headline\":\"Tomi\u00f1o retira case 50 quilos de lixo dos r\u00edos Pego e Cereixo e do regato das Cerradas\",\"datePublished\":\"2023-10-05T08:00:52+00:00\",\"mainEntityOfPage\":{\"@id\":\"https:\\\/\\\/www.anovapeneira.gal\\\/index.php\\\/2023\\\/10\\\/05\\\/tomino-retira-case-50-quilos-de-lixo-dos-rios-pego-e-cereixo-e-do-regato-das-cerradas\\\/\"},\"wordCount\":296,\"commentCount\":0,\"publisher\":{\"@id\":\"https:\\\/\\\/www.anovapeneira.gal\\\/#organization\"},\"image\":{\"@id\":\"https:\\\/\\\/www.anovapeneira.gal\\\/index.php\\\/2023\\\/10\\\/05\\\/tomino-retira-case-50-quilos-de-lixo-dos-rios-pego-e-cereixo-e-do-regato-das-cerradas\\\/#primaryimage\"},\"thumbnailUrl\":\"https:\\\/\\\/www.anovapeneira.gal\\\/wp-content\\\/uploads\\\/2023\\\/10\\\/Tomino_retira_lixo.jpg\",\"keywords\":[\"Concello de Tomi\u00f1o\"],\"articleSection\":[\"Baixo Mi\u00f1o\"],\"inLanguage\":\"gl-ES\",\"potentialAction\":[{\"@type\":\"CommentAction\",\"name\":\"Comment\",\"target\":[\"https:\\\/\\\/www.anovapeneira.gal\\\/index.php\\\/2023\\\/10\\\/05\\\/tomino-retira-case-50-quilos-de-lixo-dos-rios-pego-e-cereixo-e-do-regato-das-cerradas\\\/#respond\"]}]},{\"@type\":\"WebPage\",\"@id\":\"https:\\\/\\\/www.anovapeneira.gal\\\/index.php\\\/2023\\\/10\\\/05\\\/tomino-retira-case-50-quilos-de-lixo-dos-rios-pego-e-cereixo-e-do-regato-das-cerradas\\\/\",\"url\":\"https:\\\/\\\/www.anovapeneira.gal\\\/index.php\\\/2023\\\/10\\\/05\\\/tomino-retira-case-50-quilos-de-lixo-dos-rios-pego-e-cereixo-e-do-regato-das-cerradas\\\/\",\"name\":\"Tomi\u00f1o retira case 50 quilos de lixo dos r\u00edos Pego e Cereixo e do regato das Cerradas -\",\"isPartOf\":{\"@id\":\"https:\\\/\\\/www.anovapeneira.gal\\\/#website\"},\"primaryImageOfPage\":{\"@id\":\"https:\\\/\\\/www.anovapeneira.gal\\\/index.php\\\/2023\\\/10\\\/05\\\/tomino-retira-case-50-quilos-de-lixo-dos-rios-pego-e-cereixo-e-do-regato-das-cerradas\\\/#primaryimage\"},\"image\":{\"@id\":\"https:\\\/\\\/www.anovapeneira.gal\\\/index.php\\\/2023\\\/10\\\/05\\\/tomino-retira-case-50-quilos-de-lixo-dos-rios-pego-e-cereixo-e-do-regato-das-cerradas\\\/#primaryimage\"},\"thumbnailUrl\":\"https:\\\/\\\/www.anovapeneira.gal\\\/wp-content\\\/uploads\\\/2023\\\/10\\\/Tomino_retira_lixo.jpg\",\"datePublished\":\"2023-10-05T08:00:52+00:00\",\"description\":\"M\u00e1is de 200 de estudantes, docentes e persoas voluntarias participaron na xornada de recollida \u2018M\u00f3llate polos r\u00edos\u2019\",\"breadcrumb\":{\"@id\":\"https:\\\/\\\/www.anovapeneira.gal\\\/index.php\\\/2023\\\/10\\\/05\\\/tomino-retira-case-50-quilos-de-lixo-dos-rios-pego-e-cereixo-e-do-regato-das-cerradas\\\/#breadcrumb\"},\"inLanguage\":\"gl-ES\",\"potentialAction\":[{\"@type\":\"ReadAction\",\"target\":[\"https:\\\/\\\/www.anovapeneira.gal\\\/index.php\\\/2023\\\/10\\\/05\\\/tomino-retira-case-50-quilos-de-lixo-dos-rios-pego-e-cereixo-e-do-regato-das-cerradas\\\/\"]}]},{\"@type\":\"ImageObject\",\"inLanguage\":\"gl-ES\",\"@id\":\"https:\\\/\\\/www.anovapeneira.gal\\\/index.php\\\/2023\\\/10\\\/05\\\/tomino-retira-case-50-quilos-de-lixo-dos-rios-pego-e-cereixo-e-do-regato-das-cerradas\\\/#primaryimage\",\"url\":\"https:\\\/\\\/www.anovapeneira.gal\\\/wp-content\\\/uploads\\\/2023\\\/10\\\/Tomino_retira_lixo.jpg\",\"contentUrl\":\"https:\\\/\\\/www.anovapeneira.gal\\\/wp-content\\\/uploads\\\/2023\\\/10\\\/Tomino_retira_lixo.jpg\",\"width\":720,\"height\":432,\"caption\":\"Tomi\u00f1o retira case 50 quilos de lixo dos r\u00edos Pego e Cereixo e do regato das Cerradas\"},{\"@type\":\"BreadcrumbList\",\"@id\":\"https:\\\/\\\/www.anovapeneira.gal\\\/index.php\\\/2023\\\/10\\\/05\\\/tomino-retira-case-50-quilos-de-lixo-dos-rios-pego-e-cereixo-e-do-regato-das-cerradas\\\/#breadcrumb\",\"itemListElement\":[{\"@type\":\"ListItem\",\"position\":1,\"name\":\"Portada\",\"item\":\"https:\\\/\\\/www.anovapeneira.gal\\\/\"},{\"@type\":\"ListItem\",\"position\":2,\"name\":\"Tomi\u00f1o retira case 50 quilos de lixo dos r\u00edos Pego e Cereixo e do regato das Cerradas\"}]},{\"@type\":\"WebSite\",\"@id\":\"https:\\\/\\\/www.anovapeneira.gal\\\/#website\",\"url\":\"https:\\\/\\\/www.anovapeneira.gal\\\/\",\"name\":\"\",\"description\":\"Xornal galego de informaci\u00f3n xeral Publicaci\u00f3n mensual de novas de Galicia e en especial dos Concellos da sur da provincia de Pontevedra.\",\"publisher\":{\"@id\":\"https:\\\/\\\/www.anovapeneira.gal\\\/#organization\"},\"potentialAction\":[{\"@type\":\"SearchAction\",\"target\":{\"@type\":\"EntryPoint\",\"urlTemplate\":\"https:\\\/\\\/www.anovapeneira.gal\\\/?s={search_term_string}\"},\"query-input\":{\"@type\":\"PropertyValueSpecification\",\"valueRequired\":true,\"valueName\":\"search_term_string\"}}],\"inLanguage\":\"gl-ES\"},{\"@type\":\"Organization\",\"@id\":\"https:\\\/\\\/www.anovapeneira.gal\\\/#organization\",\"name\":\"A Nova Peneira\",\"url\":\"https:\\\/\\\/www.anovapeneira.gal\\\/\",\"logo\":{\"@type\":\"ImageObject\",\"inLanguage\":\"gl-ES\",\"@id\":\"https:\\\/\\\/www.anovapeneira.gal\\\/#\\\/schema\\\/logo\\\/image\\\/\",\"url\":\"http:\\\/\\\/www.anovapeneira.gal\\\/wp-content\\\/uploads\\\/2019\\\/06\\\/logo_a_nova_peneira_portal_web.png\",\"contentUrl\":\"http:\\\/\\\/www.anovapeneira.gal\\\/wp-content\\\/uploads\\\/2019\\\/06\\\/logo_a_nova_peneira_portal_web.png\",\"width\":300,\"height\":100,\"caption\":\"A Nova Peneira\"},\"image\":{\"@id\":\"https:\\\/\\\/www.anovapeneira.gal\\\/#\\\/schema\\\/logo\\\/image\\\/\"},\"sameAs\":[\"https:\\\/\\\/www.facebook.com\\\/anovapeneira\",\"https:\\\/\\\/x.com\\\/APeneira\"]},{\"@type\":\"Person\",\"@id\":\"https:\\\/\\\/www.anovapeneira.gal\\\/#\\\/schema\\\/person\\\/b93e3f8932e3f8da96334607eb6ac6aa\",\"name\":\"Redacci\u00f3n A Nova Peneira\",\"image\":{\"@type\":\"ImageObject\",\"inLanguage\":\"gl-ES\",\"@id\":\"https:\\\/\\\/secure.gravatar.com\\\/avatar\\\/c052a2551a06e23fac63626232eaa90abd78dbcf1700fc46a2b2c89fd27b735f?s=96&d=mm&r=g\",\"url\":\"https:\\\/\\\/secure.gravatar.com\\\/avatar\\\/c052a2551a06e23fac63626232eaa90abd78dbcf1700fc46a2b2c89fd27b735f?s=96&d=mm&r=g\",\"contentUrl\":\"https:\\\/\\\/secure.gravatar.com\\\/avatar\\\/c052a2551a06e23fac63626232eaa90abd78dbcf1700fc46a2b2c89fd27b735f?s=96&d=mm&r=g\",\"caption\":\"Redacci\u00f3n A Nova Peneira\"},\"sameAs\":[\"http:\\\/\\\/www.anovapeneira.gal\\\/\"],\"url\":\"https:\\\/\\\/www.anovapeneira.gal\\\/index.php\\\/author\\\/redactor\\\/\"}]}<\/script>\n<!-- \/ Yoast SEO plugin. -->","yoast_head_json":{"title":"Tomi\u00f1o retira case 50 quilos de lixo dos r\u00edos Pego e Cereixo e do regato das Cerradas -","description":"M\u00e1is de 200 de estudantes, docentes e persoas voluntarias participaron na xornada de recollida \u2018M\u00f3llate polos r\u00edos\u2019","robots":{"index":"index","follow":"follow","max-snippet":"max-snippet:-1","max-image-preview":"max-image-preview:large","max-video-preview":"max-video-preview:-1"},"canonical":"https:\/\/www.anovapeneira.gal\/index.php\/2023\/10\/05\/tomino-retira-case-50-quilos-de-lixo-dos-rios-pego-e-cereixo-e-do-regato-das-cerradas\/","og_locale":"gl_ES","og_type":"article","og_title":"Tomi\u00f1o retira case 50 quilos de lixo dos r\u00edos Pego e Cereixo e do regato das Cerradas -","og_description":"M\u00e1is de 200 de estudantes, docentes e persoas voluntarias participaron na xornada de recollida \u2018M\u00f3llate polos r\u00edos\u2019","og_url":"https:\/\/www.anovapeneira.gal\/index.php\/2023\/10\/05\/tomino-retira-case-50-quilos-de-lixo-dos-rios-pego-e-cereixo-e-do-regato-das-cerradas\/","article_publisher":"https:\/\/www.facebook.com\/anovapeneira","article_published_time":"2023-10-05T08:00:52+00:00","og_image":[{"width":720,"height":432,"url":"https:\/\/www.anovapeneira.gal\/wp-content\/uploads\/2023\/10\/Tomino_retira_lixo.jpg","type":"image\/jpeg"}],"author":"Redacci\u00f3n A Nova Peneira","twitter_card":"summary_large_image","twitter_creator":"@APeneira","twitter_site":"@APeneira","twitter_misc":{"Escrito por":"Redacci\u00f3n A Nova Peneira","Tempo de lectura":"2 minutos"},"schema":{"@context":"https:\/\/schema.org","@graph":[{"@type":"Article","@id":"https:\/\/www.anovapeneira.gal\/index.php\/2023\/10\/05\/tomino-retira-case-50-quilos-de-lixo-dos-rios-pego-e-cereixo-e-do-regato-das-cerradas\/#article","isPartOf":{"@id":"https:\/\/www.anovapeneira.gal\/index.php\/2023\/10\/05\/tomino-retira-case-50-quilos-de-lixo-dos-rios-pego-e-cereixo-e-do-regato-das-cerradas\/"},"author":{"name":"Redacci\u00f3n A Nova Peneira","@id":"https:\/\/www.anovapeneira.gal\/#\/schema\/person\/b93e3f8932e3f8da96334607eb6ac6aa"},"headline":"Tomi\u00f1o retira case 50 quilos de lixo dos r\u00edos Pego e Cereixo e do regato das Cerradas","datePublished":"2023-10-05T08:00:52+00:00","mainEntityOfPage":{"@id":"https:\/\/www.anovapeneira.gal\/index.php\/2023\/10\/05\/tomino-retira-case-50-quilos-de-lixo-dos-rios-pego-e-cereixo-e-do-regato-das-cerradas\/"},"wordCount":296,"commentCount":0,"publisher":{"@id":"https:\/\/www.anovapeneira.gal\/#organization"},"image":{"@id":"https:\/\/www.anovapeneira.gal\/index.php\/2023\/10\/05\/tomino-retira-case-50-quilos-de-lixo-dos-rios-pego-e-cereixo-e-do-regato-das-cerradas\/#primaryimage"},"thumbnailUrl":"https:\/\/www.anovapeneira.gal\/wp-content\/uploads\/2023\/10\/Tomino_retira_lixo.jpg","keywords":["Concello de Tomi\u00f1o"],"articleSection":["Baixo Mi\u00f1o"],"inLanguage":"gl-ES","potentialAction":[{"@type":"CommentAction","name":"Comment","target":["https:\/\/www.anovapeneira.gal\/index.php\/2023\/10\/05\/tomino-retira-case-50-quilos-de-lixo-dos-rios-pego-e-cereixo-e-do-regato-das-cerradas\/#respond"]}]},{"@type":"WebPage","@id":"https:\/\/www.anovapeneira.gal\/index.php\/2023\/10\/05\/tomino-retira-case-50-quilos-de-lixo-dos-rios-pego-e-cereixo-e-do-regato-das-cerradas\/","url":"https:\/\/www.anovapeneira.gal\/index.php\/2023\/10\/05\/tomino-retira-case-50-quilos-de-lixo-dos-rios-pego-e-cereixo-e-do-regato-das-cerradas\/","name":"Tomi\u00f1o retira case 50 quilos de lixo dos r\u00edos Pego e Cereixo e do regato das Cerradas -","isPartOf":{"@id":"https:\/\/www.anovapeneira.gal\/#website"},"primaryImageOfPage":{"@id":"https:\/\/www.anovapeneira.gal\/index.php\/2023\/10\/05\/tomino-retira-case-50-quilos-de-lixo-dos-rios-pego-e-cereixo-e-do-regato-das-cerradas\/#primaryimage"},"image":{"@id":"https:\/\/www.anovapeneira.gal\/index.php\/2023\/10\/05\/tomino-retira-case-50-quilos-de-lixo-dos-rios-pego-e-cereixo-e-do-regato-das-cerradas\/#primaryimage"},"thumbnailUrl":"https:\/\/www.anovapeneira.gal\/wp-content\/uploads\/2023\/10\/Tomino_retira_lixo.jpg","datePublished":"2023-10-05T08:00:52+00:00","description":"M\u00e1is de 200 de estudantes, docentes e persoas voluntarias participaron na xornada de recollida \u2018M\u00f3llate polos r\u00edos\u2019","breadcrumb":{"@id":"https:\/\/www.anovapeneira.gal\/index.php\/2023\/10\/05\/tomino-retira-case-50-quilos-de-lixo-dos-rios-pego-e-cereixo-e-do-regato-das-cerradas\/#breadcrumb"},"inLanguage":"gl-ES","potentialAction":[{"@type":"ReadAction","target":["https:\/\/www.anovapeneira.gal\/index.php\/2023\/10\/05\/tomino-retira-case-50-quilos-de-lixo-dos-rios-pego-e-cereixo-e-do-regato-das-cerradas\/"]}]},{"@type":"ImageObject","inLanguage":"gl-ES","@id":"https:\/\/www.anovapeneira.gal\/index.php\/2023\/10\/05\/tomino-retira-case-50-quilos-de-lixo-dos-rios-pego-e-cereixo-e-do-regato-das-cerradas\/#primaryimage","url":"https:\/\/www.anovapeneira.gal\/wp-content\/uploads\/2023\/10\/Tomino_retira_lixo.jpg","contentUrl":"https:\/\/www.anovapeneira.gal\/wp-content\/uploads\/2023\/10\/Tomino_retira_lixo.jpg","width":720,"height":432,"caption":"Tomi\u00f1o retira case 50 quilos de lixo dos r\u00edos Pego e Cereixo e do regato das Cerradas"},{"@type":"BreadcrumbList","@id":"https:\/\/www.anovapeneira.gal\/index.php\/2023\/10\/05\/tomino-retira-case-50-quilos-de-lixo-dos-rios-pego-e-cereixo-e-do-regato-das-cerradas\/#breadcrumb","itemListElement":[{"@type":"ListItem","position":1,"name":"Portada","item":"https:\/\/www.anovapeneira.gal\/"},{"@type":"ListItem","position":2,"name":"Tomi\u00f1o retira case 50 quilos de lixo dos r\u00edos Pego e Cereixo e do regato das Cerradas"}]},{"@type":"WebSite","@id":"https:\/\/www.anovapeneira.gal\/#website","url":"https:\/\/www.anovapeneira.gal\/","name":"","description":"Xornal galego de informaci\u00f3n xeral Publicaci\u00f3n mensual de novas de Galicia e en especial dos Concellos da sur da provincia de Pontevedra.","publisher":{"@id":"https:\/\/www.anovapeneira.gal\/#organization"},"potentialAction":[{"@type":"SearchAction","target":{"@type":"EntryPoint","urlTemplate":"https:\/\/www.anovapeneira.gal\/?s={search_term_string}"},"query-input":{"@type":"PropertyValueSpecification","valueRequired":true,"valueName":"search_term_string"}}],"inLanguage":"gl-ES"},{"@type":"Organization","@id":"https:\/\/www.anovapeneira.gal\/#organization","name":"A Nova Peneira","url":"https:\/\/www.anovapeneira.gal\/","logo":{"@type":"ImageObject","inLanguage":"gl-ES","@id":"https:\/\/www.anovapeneira.gal\/#\/schema\/logo\/image\/","url":"http:\/\/www.anovapeneira.gal\/wp-content\/uploads\/2019\/06\/logo_a_nova_peneira_portal_web.png","contentUrl":"http:\/\/www.anovapeneira.gal\/wp-content\/uploads\/2019\/06\/logo_a_nova_peneira_portal_web.png","width":300,"height":100,"caption":"A Nova Peneira"},"image":{"@id":"https:\/\/www.anovapeneira.gal\/#\/schema\/logo\/image\/"},"sameAs":["https:\/\/www.facebook.com\/anovapeneira","https:\/\/x.com\/APeneira"]},{"@type":"Person","@id":"https:\/\/www.anovapeneira.gal\/#\/schema\/person\/b93e3f8932e3f8da96334607eb6ac6aa","name":"Redacci\u00f3n A Nova Peneira","image":{"@type":"ImageObject","inLanguage":"gl-ES","@id":"https:\/\/secure.gravatar.com\/avatar\/c052a2551a06e23fac63626232eaa90abd78dbcf1700fc46a2b2c89fd27b735f?s=96&d=mm&r=g","url":"https:\/\/secure.gravatar.com\/avatar\/c052a2551a06e23fac63626232eaa90abd78dbcf1700fc46a2b2c89fd27b735f?s=96&d=mm&r=g","contentUrl":"https:\/\/secure.gravatar.com\/avatar\/c052a2551a06e23fac63626232eaa90abd78dbcf1700fc46a2b2c89fd27b735f?s=96&d=mm&r=g","caption":"Redacci\u00f3n A Nova Peneira"},"sameAs":["http:\/\/www.anovapeneira.gal\/"],"url":"https:\/\/www.anovapeneira.gal\/index.php\/author\/redactor\/"}]}},"jetpack_featured_media_url":"https:\/\/www.anovapeneira.gal\/wp-content\/uploads\/2023\/10\/Tomino_retira_lixo.jpg","_links":{"self":[{"href":"https:\/\/www.anovapeneira.gal\/index.php\/wp-json\/wp\/v2\/posts\/10548","targetHints":{"allow":["GET"]}}],"collection":[{"href":"https:\/\/www.anovapeneira.gal\/index.php\/wp-json\/wp\/v2\/posts"}],"about":[{"href":"https:\/\/www.anovapeneira.gal\/index.php\/wp-json\/wp\/v2\/types\/post"}],"author":[{"embeddable":true,"href":"https:\/\/www.anovapeneira.gal\/index.php\/wp-json\/wp\/v2\/users\/3"}],"replies":[{"embeddable":true,"href":"https:\/\/www.anovapeneira.gal\/index.php\/wp-json\/wp\/v2\/comments?post=10548"}],"version-history":[{"count":1,"href":"https:\/\/www.anovapeneira.gal\/index.php\/wp-json\/wp\/v2\/posts\/10548\/revisions"}],"predecessor-version":[{"id":10550,"href":"https:\/\/www.anovapeneira.gal\/index.php\/wp-json\/wp\/v2\/posts\/10548\/revisions\/10550"}],"wp:featuredmedia":[{"embeddable":true,"href":"https:\/\/www.anovapeneira.gal\/index.php\/wp-json\/wp\/v2\/media\/10549"}],"wp:attachment":[{"href":"https:\/\/www.anovapeneira.gal\/index.php\/wp-json\/wp\/v2\/media?parent=10548"}],"wp:term":[{"taxonomy":"category","embeddable":true,"href":"https:\/\/www.anovapeneira.gal\/index.php\/wp-json\/wp\/v2\/categories?post=10548"},{"taxonomy":"post_tag","embeddable":true,"href":"https:\/\/www.anovapeneira.gal\/index.php\/wp-json\/wp\/v2\/tags?post=10548"}],"curies":[{"name":"wp","href":"https:\/\/api.w.org\/{rel}","templated":true}]}}