{"id":10557,"date":"2023-10-06T10:00:09","date_gmt":"2023-10-06T08:00:09","guid":{"rendered":"https:\/\/www.anovapeneira.gal\/?p=10557"},"modified":"2023-10-02T10:59:37","modified_gmt":"2023-10-02T08:59:37","slug":"o-grupo-municipal-socialista-afea-ao-actual-equipo-de-goberno-adxudicarse-logros-que-non-son-propios-da-sua-accion-de-goberno","status":"publish","type":"post","link":"https:\/\/www.anovapeneira.gal\/index.php\/2023\/10\/06\/o-grupo-municipal-socialista-afea-ao-actual-equipo-de-goberno-adxudicarse-logros-que-non-son-propios-da-sua-accion-de-goberno\/","title":{"rendered":"O grupo municipal socialista afea ao actual equipo de goberno adxudicarse logros que non son propios da s\u00faa acci\u00f3n de goberno"},"content":{"rendered":"\n<h2 class=\"wp-block-heading has-pale-cyan-blue-color has-text-color\">O grupo socialista de Salceda reclama como seus os principais logros que o actual equipo de goberno incl\u00fae no balance dos seus primeiros 100 d\u00edas<\/h2>\n\n\n\n<p>O grupo municipal do PSdG-PSOE de Salceda de Caselas manifesta a s\u00faa total disconformidade en relaci\u00f3n co balance dos 100 primeiros d\u00edas de goberno que Movemento Salceda ven de facer p\u00fablico.<\/p>\n\n\n\n<p><a><\/a> A voceira do grupo municipal socialista Ver\u00f3nica Tour\u00f3n considera que \u00e9 necesario realizar as seguintes aclaraci\u00f3ns en relaci\u00f3n \u00e1s acci\u00f3ns de goberno que foron levadas a cabo e impulsadas polos socialistas na anterior lexislatura e que a agrupaci\u00f3n de electores MS prentende facer pasar como acci\u00f3ns propias do seu goberno e da s\u00faa iniciativa:<\/p>\n\n\n\n<ul class=\"wp-block-list\">\n<li>A apertura das piscinas municipais non pode ser considerado un logro de goberno xa que non ven a ser m\u00e1is que a apertura dunhas instalaci\u00f3ns totalmente renovadas grazas ao proxecto executado de rehabilitaci\u00f3n que puxo en marcha o grupo socialista na anterior lexislatura, da man do ex concelleiro de deporte Rub\u00e9n Gonz\u00e1lez. Faltaba m\u00e1is, que tendo unhas instalaci\u00f3ns totalmente renovadas a incapacidade de xesti\u00f3n do actual equipo de goberno non fose quen de garantir a apertura do servizo das piscinas municipais, que este ano abriu de novo s\u00f3 dous meses, cando co grupo socislista abriu os tres meses.<\/li>\n\n\n\n<li>Respecto do sinalado en relaci\u00f3n coas obras realizadas nos colexios para \u00e1 volta as aulas, en concreto, os traballos de recuperaci\u00f3n do aula anexa de San Xurxo, ou o cambio do tellado da aula de A Pico\u00f1a, sinalar que ditos traballos foron realizados no obradoiro de emprego posto en marcha e xestionado dende a conceller\u00eda de emprego por parte da ex alcaldesa Ver\u00f3nica Tour\u00f3n, polo tanto non corresponden a xesti\u00f3n realizadas pola actual conceller\u00eda de educaci\u00f3n.<\/li>\n\n\n\n<li><a><\/a> E vergo\u00f1ento adxudicarse a posta en marcha das obras de ampliaci\u00f3n do IES Pedras Rubias, obras que toda a veci\u00f1anza sabe dependen do ritmo que marque, por desgraza, a Conseller\u00eda de Educaci\u00f3n da Xunta de Galicia que \u00e9 qu\u00e9n ten as competencias. Neste senso e de destacar as xesti\u00f3ns imprescindibles que o persoal t\u00e9cnico que dirix\u00eda a ex concelleira de urbanismo Ver\u00f3nica Tour\u00f3n, realizou para que a licenza das obra de ampliaci\u00f3n sa\u00edra adiante e a posta en marcha actual das obras sexa unha realidade. Ademais das actuaci\u00f3ns da que fora concelleira de ensino Gela Ledo para adecuar e habilitar as zonas de aparcamento exterior ao centro educativo.<\/li>\n\n\n\n<li>Saca as cores igualmente que o actual goberno local intente atribu\u00edrse ter conseguido a concesi\u00f3n dun novo obradoiro de emprego, que xa foi xestionado e solicitado anteriormente por Ver\u00f3nica Tour\u00f3n como ex concelleira de emprego a finais da anterior lexislatura.<\/li>\n\n\n\n<li>En relaci\u00f3n as festas e organizaci\u00f3n de eventos levados a cabo polo actual concelleiro de cultura, \u00fanica actuaci\u00f3n do balance realmente realizada por MS,<\/li>\n<\/ul>\n\n\n\n<p>que menos que o actual goberno local poida cumprir coa celebraci\u00f3n das principais festas locais como se leva facendo dende hai moitos anos. Ou a veci\u00f1anza pode entender que o actual goberno local non sexa capaz de organizar o Entroido, a Festa dos Callos ou as Festas do Cristo?<\/p>\n\n\n\n<p>Para o grupo municipal do PSdeG-PSOE de Salceda de Caselas o balance de goberno do actual equipo municipal \u00e9 casi inexistente ag\u00e1s a s\u00faa excesiva preocupaci\u00f3n polos seus soldos e salarios, preocupaci\u00f3n que converteron en pol\u00e9mica e que non se houbese dado se houbesen tido en conta a m\u00e1is que razoable e sensata proposta que os e as socialistas de Salceda lles trasladamos fai meses.<\/p>\n\n\n\n<p>\u00c9 triste que a acci\u00f3n de goberno da Agrupaci\u00f3n de electores de Movemento Salceda te\u00f1a que basearse na mentira e no \u00fanico e exclusivo aproveitamento do traballo que xa impulsaron e puxeron en marcha as e os socialistas que formaban parte do anterior goberno municipal.<\/p>\n\n\n\n<p>Trasladan dende o grupo municipal socialista, que \u201cNon se pode vender o que non se fai, nin se fixo e o que \u00e9 peor non se pode vender o traballo que o noso grupo municipal realizou na anterior lexislatura,se\u00f1oras e se\u00f1ores de Movemento Salceda, g\u00e1\u00f1ense o dereito de facer balance pol\u00edtico cando poidan amosar de verdade o seu traballo, a s\u00faa propia acci\u00f3n de goberno que polo que vemos nestes primeiros 100 d\u00edas de goberno brila case pola s\u00faa ausencia\u201d.<\/p>\n","protected":false},"excerpt":{"rendered":"<div class=\"mh-excerpt\"><p>O grupo socialista de Salceda reclama como seus os principais logros que o actual equipo de goberno incl\u00fae no balance dos seus primeiros 100 d\u00edas <a class=\"mh-excerpt-more\" href=\"https:\/\/www.anovapeneira.gal\/index.php\/2023\/10\/06\/o-grupo-municipal-socialista-afea-ao-actual-equipo-de-goberno-adxudicarse-logros-que-non-son-propios-da-sua-accion-de-goberno\/\" title=\"O grupo municipal socialista afea ao actual equipo de goberno adxudicarse logros que non son propios da s\u00faa acci\u00f3n de goberno\">[&#8230;]<\/a><\/p>\n<\/div>","protected":false},"author":3,"featured_media":10559,"comment_status":"open","ping_status":"open","sticky":false,"template":"","format":"standard","meta":{"_exactmetrics_skip_tracking":false,"_exactmetrics_sitenote_active":false,"_exactmetrics_sitenote_note":"","_exactmetrics_sitenote_category":0,"footnotes":""},"categories":[23],"tags":[359],"class_list":{"0":"post-10557","1":"post","2":"type-post","3":"status-publish","4":"format-standard","5":"has-post-thumbnail","7":"category-a-lourina","8":"tag-concello-de-salceda-de-caselas"},"yoast_head":"<!-- This site is optimized with the Yoast SEO plugin v27.4 - https:\/\/yoast.com\/product\/yoast-seo-wordpress\/ -->\n<title>O grupo municipal socialista afea ao actual equipo de goberno adxudicarse logros que non son propios da s\u00faa acci\u00f3n de goberno -<\/title>\n<meta name=\"description\" content=\"O grupo socialista de Salceda reclama como seus os principais logros que o actual equipo de goberno incl\u00fae no balance dos seus primeiros 100 d\u00edas\" \/>\n<meta name=\"robots\" content=\"index, follow, max-snippet:-1, max-image-preview:large, max-video-preview:-1\" \/>\n<link rel=\"canonical\" href=\"https:\/\/www.anovapeneira.gal\/index.php\/2023\/10\/06\/o-grupo-municipal-socialista-afea-ao-actual-equipo-de-goberno-adxudicarse-logros-que-non-son-propios-da-sua-accion-de-goberno\/\" \/>\n<meta property=\"og:locale\" content=\"gl_ES\" \/>\n<meta property=\"og:type\" content=\"article\" \/>\n<meta property=\"og:title\" content=\"O grupo municipal socialista afea ao actual equipo de goberno adxudicarse logros que non son propios da s\u00faa acci\u00f3n de goberno -\" \/>\n<meta property=\"og:description\" content=\"O grupo socialista de Salceda reclama como seus os principais logros que o actual equipo de goberno incl\u00fae no balance dos seus primeiros 100 d\u00edas\" \/>\n<meta property=\"og:url\" content=\"https:\/\/www.anovapeneira.gal\/index.php\/2023\/10\/06\/o-grupo-municipal-socialista-afea-ao-actual-equipo-de-goberno-adxudicarse-logros-que-non-son-propios-da-sua-accion-de-goberno\/\" \/>\n<meta property=\"article:publisher\" content=\"https:\/\/www.facebook.com\/anovapeneira\" \/>\n<meta property=\"article:published_time\" content=\"2023-10-06T08:00:09+00:00\" \/>\n<meta property=\"og:image\" content=\"https:\/\/www.anovapeneira.gal\/wp-content\/uploads\/2023\/10\/psoe_salceda.jpg\" \/>\n\t<meta property=\"og:image:width\" content=\"720\" \/>\n\t<meta property=\"og:image:height\" content=\"432\" \/>\n\t<meta property=\"og:image:type\" content=\"image\/jpeg\" \/>\n<meta name=\"author\" content=\"Redacci\u00f3n A Nova Peneira\" \/>\n<meta name=\"twitter:card\" content=\"summary_large_image\" \/>\n<meta name=\"twitter:creator\" content=\"@APeneira\" \/>\n<meta name=\"twitter:site\" content=\"@APeneira\" \/>\n<meta name=\"twitter:label1\" content=\"Escrito por\" \/>\n\t<meta name=\"twitter:data1\" content=\"Redacci\u00f3n A Nova Peneira\" \/>\n\t<meta name=\"twitter:label2\" content=\"Tempo de lectura\" \/>\n\t<meta name=\"twitter:data2\" content=\"4 minutos\" \/>\n<script type=\"application\/ld+json\" class=\"yoast-schema-graph\">{\"@context\":\"https:\\\/\\\/schema.org\",\"@graph\":[{\"@type\":\"Article\",\"@id\":\"https:\\\/\\\/www.anovapeneira.gal\\\/index.php\\\/2023\\\/10\\\/06\\\/o-grupo-municipal-socialista-afea-ao-actual-equipo-de-goberno-adxudicarse-logros-que-non-son-propios-da-sua-accion-de-goberno\\\/#article\",\"isPartOf\":{\"@id\":\"https:\\\/\\\/www.anovapeneira.gal\\\/index.php\\\/2023\\\/10\\\/06\\\/o-grupo-municipal-socialista-afea-ao-actual-equipo-de-goberno-adxudicarse-logros-que-non-son-propios-da-sua-accion-de-goberno\\\/\"},\"author\":{\"name\":\"Redacci\u00f3n A Nova Peneira\",\"@id\":\"https:\\\/\\\/www.anovapeneira.gal\\\/#\\\/schema\\\/person\\\/b93e3f8932e3f8da96334607eb6ac6aa\"},\"headline\":\"O grupo municipal socialista afea ao actual equipo de goberno adxudicarse logros que non son propios da s\u00faa acci\u00f3n de goberno\",\"datePublished\":\"2023-10-06T08:00:09+00:00\",\"mainEntityOfPage\":{\"@id\":\"https:\\\/\\\/www.anovapeneira.gal\\\/index.php\\\/2023\\\/10\\\/06\\\/o-grupo-municipal-socialista-afea-ao-actual-equipo-de-goberno-adxudicarse-logros-que-non-son-propios-da-sua-accion-de-goberno\\\/\"},\"wordCount\":781,\"commentCount\":0,\"publisher\":{\"@id\":\"https:\\\/\\\/www.anovapeneira.gal\\\/#organization\"},\"image\":{\"@id\":\"https:\\\/\\\/www.anovapeneira.gal\\\/index.php\\\/2023\\\/10\\\/06\\\/o-grupo-municipal-socialista-afea-ao-actual-equipo-de-goberno-adxudicarse-logros-que-non-son-propios-da-sua-accion-de-goberno\\\/#primaryimage\"},\"thumbnailUrl\":\"https:\\\/\\\/www.anovapeneira.gal\\\/wp-content\\\/uploads\\\/2023\\\/10\\\/psoe_salceda.jpg\",\"keywords\":[\"Concello de Salceda de Caselas\"],\"articleSection\":[\"A Louri\u00f1a\"],\"inLanguage\":\"gl-ES\",\"potentialAction\":[{\"@type\":\"CommentAction\",\"name\":\"Comment\",\"target\":[\"https:\\\/\\\/www.anovapeneira.gal\\\/index.php\\\/2023\\\/10\\\/06\\\/o-grupo-municipal-socialista-afea-ao-actual-equipo-de-goberno-adxudicarse-logros-que-non-son-propios-da-sua-accion-de-goberno\\\/#respond\"]}]},{\"@type\":\"WebPage\",\"@id\":\"https:\\\/\\\/www.anovapeneira.gal\\\/index.php\\\/2023\\\/10\\\/06\\\/o-grupo-municipal-socialista-afea-ao-actual-equipo-de-goberno-adxudicarse-logros-que-non-son-propios-da-sua-accion-de-goberno\\\/\",\"url\":\"https:\\\/\\\/www.anovapeneira.gal\\\/index.php\\\/2023\\\/10\\\/06\\\/o-grupo-municipal-socialista-afea-ao-actual-equipo-de-goberno-adxudicarse-logros-que-non-son-propios-da-sua-accion-de-goberno\\\/\",\"name\":\"O grupo municipal socialista afea ao actual equipo de goberno adxudicarse logros que non son propios da s\u00faa acci\u00f3n de goberno -\",\"isPartOf\":{\"@id\":\"https:\\\/\\\/www.anovapeneira.gal\\\/#website\"},\"primaryImageOfPage\":{\"@id\":\"https:\\\/\\\/www.anovapeneira.gal\\\/index.php\\\/2023\\\/10\\\/06\\\/o-grupo-municipal-socialista-afea-ao-actual-equipo-de-goberno-adxudicarse-logros-que-non-son-propios-da-sua-accion-de-goberno\\\/#primaryimage\"},\"image\":{\"@id\":\"https:\\\/\\\/www.anovapeneira.gal\\\/index.php\\\/2023\\\/10\\\/06\\\/o-grupo-municipal-socialista-afea-ao-actual-equipo-de-goberno-adxudicarse-logros-que-non-son-propios-da-sua-accion-de-goberno\\\/#primaryimage\"},\"thumbnailUrl\":\"https:\\\/\\\/www.anovapeneira.gal\\\/wp-content\\\/uploads\\\/2023\\\/10\\\/psoe_salceda.jpg\",\"datePublished\":\"2023-10-06T08:00:09+00:00\",\"description\":\"O grupo socialista de Salceda reclama como seus os principais logros que o actual equipo de goberno incl\u00fae no balance dos seus primeiros 100 d\u00edas\",\"breadcrumb\":{\"@id\":\"https:\\\/\\\/www.anovapeneira.gal\\\/index.php\\\/2023\\\/10\\\/06\\\/o-grupo-municipal-socialista-afea-ao-actual-equipo-de-goberno-adxudicarse-logros-que-non-son-propios-da-sua-accion-de-goberno\\\/#breadcrumb\"},\"inLanguage\":\"gl-ES\",\"potentialAction\":[{\"@type\":\"ReadAction\",\"target\":[\"https:\\\/\\\/www.anovapeneira.gal\\\/index.php\\\/2023\\\/10\\\/06\\\/o-grupo-municipal-socialista-afea-ao-actual-equipo-de-goberno-adxudicarse-logros-que-non-son-propios-da-sua-accion-de-goberno\\\/\"]}]},{\"@type\":\"ImageObject\",\"inLanguage\":\"gl-ES\",\"@id\":\"https:\\\/\\\/www.anovapeneira.gal\\\/index.php\\\/2023\\\/10\\\/06\\\/o-grupo-municipal-socialista-afea-ao-actual-equipo-de-goberno-adxudicarse-logros-que-non-son-propios-da-sua-accion-de-goberno\\\/#primaryimage\",\"url\":\"https:\\\/\\\/www.anovapeneira.gal\\\/wp-content\\\/uploads\\\/2023\\\/10\\\/psoe_salceda.jpg\",\"contentUrl\":\"https:\\\/\\\/www.anovapeneira.gal\\\/wp-content\\\/uploads\\\/2023\\\/10\\\/psoe_salceda.jpg\",\"width\":720,\"height\":432,\"caption\":\"O grupo municipal socialista afea ao actual equipo de goberno adxudicarse logros que non son propios da s\u00faa acci\u00f3n de goberno\"},{\"@type\":\"BreadcrumbList\",\"@id\":\"https:\\\/\\\/www.anovapeneira.gal\\\/index.php\\\/2023\\\/10\\\/06\\\/o-grupo-municipal-socialista-afea-ao-actual-equipo-de-goberno-adxudicarse-logros-que-non-son-propios-da-sua-accion-de-goberno\\\/#breadcrumb\",\"itemListElement\":[{\"@type\":\"ListItem\",\"position\":1,\"name\":\"Portada\",\"item\":\"https:\\\/\\\/www.anovapeneira.gal\\\/\"},{\"@type\":\"ListItem\",\"position\":2,\"name\":\"O grupo municipal socialista afea ao actual equipo de goberno adxudicarse logros que non son propios da s\u00faa acci\u00f3n de goberno\"}]},{\"@type\":\"WebSite\",\"@id\":\"https:\\\/\\\/www.anovapeneira.gal\\\/#website\",\"url\":\"https:\\\/\\\/www.anovapeneira.gal\\\/\",\"name\":\"\",\"description\":\"Xornal galego de informaci\u00f3n xeral Publicaci\u00f3n mensual de novas de Galicia e en especial dos Concellos da sur da provincia de Pontevedra.\",\"publisher\":{\"@id\":\"https:\\\/\\\/www.anovapeneira.gal\\\/#organization\"},\"potentialAction\":[{\"@type\":\"SearchAction\",\"target\":{\"@type\":\"EntryPoint\",\"urlTemplate\":\"https:\\\/\\\/www.anovapeneira.gal\\\/?s={search_term_string}\"},\"query-input\":{\"@type\":\"PropertyValueSpecification\",\"valueRequired\":true,\"valueName\":\"search_term_string\"}}],\"inLanguage\":\"gl-ES\"},{\"@type\":\"Organization\",\"@id\":\"https:\\\/\\\/www.anovapeneira.gal\\\/#organization\",\"name\":\"A Nova Peneira\",\"url\":\"https:\\\/\\\/www.anovapeneira.gal\\\/\",\"logo\":{\"@type\":\"ImageObject\",\"inLanguage\":\"gl-ES\",\"@id\":\"https:\\\/\\\/www.anovapeneira.gal\\\/#\\\/schema\\\/logo\\\/image\\\/\",\"url\":\"http:\\\/\\\/www.anovapeneira.gal\\\/wp-content\\\/uploads\\\/2019\\\/06\\\/logo_a_nova_peneira_portal_web.png\",\"contentUrl\":\"http:\\\/\\\/www.anovapeneira.gal\\\/wp-content\\\/uploads\\\/2019\\\/06\\\/logo_a_nova_peneira_portal_web.png\",\"width\":300,\"height\":100,\"caption\":\"A Nova Peneira\"},\"image\":{\"@id\":\"https:\\\/\\\/www.anovapeneira.gal\\\/#\\\/schema\\\/logo\\\/image\\\/\"},\"sameAs\":[\"https:\\\/\\\/www.facebook.com\\\/anovapeneira\",\"https:\\\/\\\/x.com\\\/APeneira\"]},{\"@type\":\"Person\",\"@id\":\"https:\\\/\\\/www.anovapeneira.gal\\\/#\\\/schema\\\/person\\\/b93e3f8932e3f8da96334607eb6ac6aa\",\"name\":\"Redacci\u00f3n A Nova Peneira\",\"image\":{\"@type\":\"ImageObject\",\"inLanguage\":\"gl-ES\",\"@id\":\"https:\\\/\\\/secure.gravatar.com\\\/avatar\\\/c052a2551a06e23fac63626232eaa90abd78dbcf1700fc46a2b2c89fd27b735f?s=96&d=mm&r=g\",\"url\":\"https:\\\/\\\/secure.gravatar.com\\\/avatar\\\/c052a2551a06e23fac63626232eaa90abd78dbcf1700fc46a2b2c89fd27b735f?s=96&d=mm&r=g\",\"contentUrl\":\"https:\\\/\\\/secure.gravatar.com\\\/avatar\\\/c052a2551a06e23fac63626232eaa90abd78dbcf1700fc46a2b2c89fd27b735f?s=96&d=mm&r=g\",\"caption\":\"Redacci\u00f3n A Nova Peneira\"},\"sameAs\":[\"http:\\\/\\\/www.anovapeneira.gal\\\/\"],\"url\":\"https:\\\/\\\/www.anovapeneira.gal\\\/index.php\\\/author\\\/redactor\\\/\"}]}<\/script>\n<!-- \/ Yoast SEO plugin. -->","yoast_head_json":{"title":"O grupo municipal socialista afea ao actual equipo de goberno adxudicarse logros que non son propios da s\u00faa acci\u00f3n de goberno -","description":"O grupo socialista de Salceda reclama como seus os principais logros que o actual equipo de goberno incl\u00fae no balance dos seus primeiros 100 d\u00edas","robots":{"index":"index","follow":"follow","max-snippet":"max-snippet:-1","max-image-preview":"max-image-preview:large","max-video-preview":"max-video-preview:-1"},"canonical":"https:\/\/www.anovapeneira.gal\/index.php\/2023\/10\/06\/o-grupo-municipal-socialista-afea-ao-actual-equipo-de-goberno-adxudicarse-logros-que-non-son-propios-da-sua-accion-de-goberno\/","og_locale":"gl_ES","og_type":"article","og_title":"O grupo municipal socialista afea ao actual equipo de goberno adxudicarse logros que non son propios da s\u00faa acci\u00f3n de goberno -","og_description":"O grupo socialista de Salceda reclama como seus os principais logros que o actual equipo de goberno incl\u00fae no balance dos seus primeiros 100 d\u00edas","og_url":"https:\/\/www.anovapeneira.gal\/index.php\/2023\/10\/06\/o-grupo-municipal-socialista-afea-ao-actual-equipo-de-goberno-adxudicarse-logros-que-non-son-propios-da-sua-accion-de-goberno\/","article_publisher":"https:\/\/www.facebook.com\/anovapeneira","article_published_time":"2023-10-06T08:00:09+00:00","og_image":[{"width":720,"height":432,"url":"https:\/\/www.anovapeneira.gal\/wp-content\/uploads\/2023\/10\/psoe_salceda.jpg","type":"image\/jpeg"}],"author":"Redacci\u00f3n A Nova Peneira","twitter_card":"summary_large_image","twitter_creator":"@APeneira","twitter_site":"@APeneira","twitter_misc":{"Escrito por":"Redacci\u00f3n A Nova Peneira","Tempo de lectura":"4 minutos"},"schema":{"@context":"https:\/\/schema.org","@graph":[{"@type":"Article","@id":"https:\/\/www.anovapeneira.gal\/index.php\/2023\/10\/06\/o-grupo-municipal-socialista-afea-ao-actual-equipo-de-goberno-adxudicarse-logros-que-non-son-propios-da-sua-accion-de-goberno\/#article","isPartOf":{"@id":"https:\/\/www.anovapeneira.gal\/index.php\/2023\/10\/06\/o-grupo-municipal-socialista-afea-ao-actual-equipo-de-goberno-adxudicarse-logros-que-non-son-propios-da-sua-accion-de-goberno\/"},"author":{"name":"Redacci\u00f3n A Nova Peneira","@id":"https:\/\/www.anovapeneira.gal\/#\/schema\/person\/b93e3f8932e3f8da96334607eb6ac6aa"},"headline":"O grupo municipal socialista afea ao actual equipo de goberno adxudicarse logros que non son propios da s\u00faa acci\u00f3n de goberno","datePublished":"2023-10-06T08:00:09+00:00","mainEntityOfPage":{"@id":"https:\/\/www.anovapeneira.gal\/index.php\/2023\/10\/06\/o-grupo-municipal-socialista-afea-ao-actual-equipo-de-goberno-adxudicarse-logros-que-non-son-propios-da-sua-accion-de-goberno\/"},"wordCount":781,"commentCount":0,"publisher":{"@id":"https:\/\/www.anovapeneira.gal\/#organization"},"image":{"@id":"https:\/\/www.anovapeneira.gal\/index.php\/2023\/10\/06\/o-grupo-municipal-socialista-afea-ao-actual-equipo-de-goberno-adxudicarse-logros-que-non-son-propios-da-sua-accion-de-goberno\/#primaryimage"},"thumbnailUrl":"https:\/\/www.anovapeneira.gal\/wp-content\/uploads\/2023\/10\/psoe_salceda.jpg","keywords":["Concello de Salceda de Caselas"],"articleSection":["A Louri\u00f1a"],"inLanguage":"gl-ES","potentialAction":[{"@type":"CommentAction","name":"Comment","target":["https:\/\/www.anovapeneira.gal\/index.php\/2023\/10\/06\/o-grupo-municipal-socialista-afea-ao-actual-equipo-de-goberno-adxudicarse-logros-que-non-son-propios-da-sua-accion-de-goberno\/#respond"]}]},{"@type":"WebPage","@id":"https:\/\/www.anovapeneira.gal\/index.php\/2023\/10\/06\/o-grupo-municipal-socialista-afea-ao-actual-equipo-de-goberno-adxudicarse-logros-que-non-son-propios-da-sua-accion-de-goberno\/","url":"https:\/\/www.anovapeneira.gal\/index.php\/2023\/10\/06\/o-grupo-municipal-socialista-afea-ao-actual-equipo-de-goberno-adxudicarse-logros-que-non-son-propios-da-sua-accion-de-goberno\/","name":"O grupo municipal socialista afea ao actual equipo de goberno adxudicarse logros que non son propios da s\u00faa acci\u00f3n de goberno -","isPartOf":{"@id":"https:\/\/www.anovapeneira.gal\/#website"},"primaryImageOfPage":{"@id":"https:\/\/www.anovapeneira.gal\/index.php\/2023\/10\/06\/o-grupo-municipal-socialista-afea-ao-actual-equipo-de-goberno-adxudicarse-logros-que-non-son-propios-da-sua-accion-de-goberno\/#primaryimage"},"image":{"@id":"https:\/\/www.anovapeneira.gal\/index.php\/2023\/10\/06\/o-grupo-municipal-socialista-afea-ao-actual-equipo-de-goberno-adxudicarse-logros-que-non-son-propios-da-sua-accion-de-goberno\/#primaryimage"},"thumbnailUrl":"https:\/\/www.anovapeneira.gal\/wp-content\/uploads\/2023\/10\/psoe_salceda.jpg","datePublished":"2023-10-06T08:00:09+00:00","description":"O grupo socialista de Salceda reclama como seus os principais logros que o actual equipo de goberno incl\u00fae no balance dos seus primeiros 100 d\u00edas","breadcrumb":{"@id":"https:\/\/www.anovapeneira.gal\/index.php\/2023\/10\/06\/o-grupo-municipal-socialista-afea-ao-actual-equipo-de-goberno-adxudicarse-logros-que-non-son-propios-da-sua-accion-de-goberno\/#breadcrumb"},"inLanguage":"gl-ES","potentialAction":[{"@type":"ReadAction","target":["https:\/\/www.anovapeneira.gal\/index.php\/2023\/10\/06\/o-grupo-municipal-socialista-afea-ao-actual-equipo-de-goberno-adxudicarse-logros-que-non-son-propios-da-sua-accion-de-goberno\/"]}]},{"@type":"ImageObject","inLanguage":"gl-ES","@id":"https:\/\/www.anovapeneira.gal\/index.php\/2023\/10\/06\/o-grupo-municipal-socialista-afea-ao-actual-equipo-de-goberno-adxudicarse-logros-que-non-son-propios-da-sua-accion-de-goberno\/#primaryimage","url":"https:\/\/www.anovapeneira.gal\/wp-content\/uploads\/2023\/10\/psoe_salceda.jpg","contentUrl":"https:\/\/www.anovapeneira.gal\/wp-content\/uploads\/2023\/10\/psoe_salceda.jpg","width":720,"height":432,"caption":"O grupo municipal socialista afea ao actual equipo de goberno adxudicarse logros que non son propios da s\u00faa acci\u00f3n de goberno"},{"@type":"BreadcrumbList","@id":"https:\/\/www.anovapeneira.gal\/index.php\/2023\/10\/06\/o-grupo-municipal-socialista-afea-ao-actual-equipo-de-goberno-adxudicarse-logros-que-non-son-propios-da-sua-accion-de-goberno\/#breadcrumb","itemListElement":[{"@type":"ListItem","position":1,"name":"Portada","item":"https:\/\/www.anovapeneira.gal\/"},{"@type":"ListItem","position":2,"name":"O grupo municipal socialista afea ao actual equipo de goberno adxudicarse logros que non son propios da s\u00faa acci\u00f3n de goberno"}]},{"@type":"WebSite","@id":"https:\/\/www.anovapeneira.gal\/#website","url":"https:\/\/www.anovapeneira.gal\/","name":"","description":"Xornal galego de informaci\u00f3n xeral Publicaci\u00f3n mensual de novas de Galicia e en especial dos Concellos da sur da provincia de Pontevedra.","publisher":{"@id":"https:\/\/www.anovapeneira.gal\/#organization"},"potentialAction":[{"@type":"SearchAction","target":{"@type":"EntryPoint","urlTemplate":"https:\/\/www.anovapeneira.gal\/?s={search_term_string}"},"query-input":{"@type":"PropertyValueSpecification","valueRequired":true,"valueName":"search_term_string"}}],"inLanguage":"gl-ES"},{"@type":"Organization","@id":"https:\/\/www.anovapeneira.gal\/#organization","name":"A Nova Peneira","url":"https:\/\/www.anovapeneira.gal\/","logo":{"@type":"ImageObject","inLanguage":"gl-ES","@id":"https:\/\/www.anovapeneira.gal\/#\/schema\/logo\/image\/","url":"http:\/\/www.anovapeneira.gal\/wp-content\/uploads\/2019\/06\/logo_a_nova_peneira_portal_web.png","contentUrl":"http:\/\/www.anovapeneira.gal\/wp-content\/uploads\/2019\/06\/logo_a_nova_peneira_portal_web.png","width":300,"height":100,"caption":"A Nova Peneira"},"image":{"@id":"https:\/\/www.anovapeneira.gal\/#\/schema\/logo\/image\/"},"sameAs":["https:\/\/www.facebook.com\/anovapeneira","https:\/\/x.com\/APeneira"]},{"@type":"Person","@id":"https:\/\/www.anovapeneira.gal\/#\/schema\/person\/b93e3f8932e3f8da96334607eb6ac6aa","name":"Redacci\u00f3n A Nova Peneira","image":{"@type":"ImageObject","inLanguage":"gl-ES","@id":"https:\/\/secure.gravatar.com\/avatar\/c052a2551a06e23fac63626232eaa90abd78dbcf1700fc46a2b2c89fd27b735f?s=96&d=mm&r=g","url":"https:\/\/secure.gravatar.com\/avatar\/c052a2551a06e23fac63626232eaa90abd78dbcf1700fc46a2b2c89fd27b735f?s=96&d=mm&r=g","contentUrl":"https:\/\/secure.gravatar.com\/avatar\/c052a2551a06e23fac63626232eaa90abd78dbcf1700fc46a2b2c89fd27b735f?s=96&d=mm&r=g","caption":"Redacci\u00f3n A Nova Peneira"},"sameAs":["http:\/\/www.anovapeneira.gal\/"],"url":"https:\/\/www.anovapeneira.gal\/index.php\/author\/redactor\/"}]}},"jetpack_featured_media_url":"https:\/\/www.anovapeneira.gal\/wp-content\/uploads\/2023\/10\/psoe_salceda.jpg","_links":{"self":[{"href":"https:\/\/www.anovapeneira.gal\/index.php\/wp-json\/wp\/v2\/posts\/10557","targetHints":{"allow":["GET"]}}],"collection":[{"href":"https:\/\/www.anovapeneira.gal\/index.php\/wp-json\/wp\/v2\/posts"}],"about":[{"href":"https:\/\/www.anovapeneira.gal\/index.php\/wp-json\/wp\/v2\/types\/post"}],"author":[{"embeddable":true,"href":"https:\/\/www.anovapeneira.gal\/index.php\/wp-json\/wp\/v2\/users\/3"}],"replies":[{"embeddable":true,"href":"https:\/\/www.anovapeneira.gal\/index.php\/wp-json\/wp\/v2\/comments?post=10557"}],"version-history":[{"count":1,"href":"https:\/\/www.anovapeneira.gal\/index.php\/wp-json\/wp\/v2\/posts\/10557\/revisions"}],"predecessor-version":[{"id":10558,"href":"https:\/\/www.anovapeneira.gal\/index.php\/wp-json\/wp\/v2\/posts\/10557\/revisions\/10558"}],"wp:featuredmedia":[{"embeddable":true,"href":"https:\/\/www.anovapeneira.gal\/index.php\/wp-json\/wp\/v2\/media\/10559"}],"wp:attachment":[{"href":"https:\/\/www.anovapeneira.gal\/index.php\/wp-json\/wp\/v2\/media?parent=10557"}],"wp:term":[{"taxonomy":"category","embeddable":true,"href":"https:\/\/www.anovapeneira.gal\/index.php\/wp-json\/wp\/v2\/categories?post=10557"},{"taxonomy":"post_tag","embeddable":true,"href":"https:\/\/www.anovapeneira.gal\/index.php\/wp-json\/wp\/v2\/tags?post=10557"}],"curies":[{"name":"wp","href":"https:\/\/api.w.org\/{rel}","templated":true}]}}