{"id":10563,"date":"2023-10-09T10:00:12","date_gmt":"2023-10-09T08:00:12","guid":{"rendered":"https:\/\/www.anovapeneira.gal\/?p=10563"},"modified":"2023-10-04T09:38:03","modified_gmt":"2023-10-04T07:38:03","slug":"o-bng-demanda-unha-resposta-urxente-do-alcalde-da-guarda-a-separacion-de-fecais-e-pluviais-na-rua-salgueiro","status":"publish","type":"post","link":"https:\/\/www.anovapeneira.gal\/index.php\/2023\/10\/09\/o-bng-demanda-unha-resposta-urxente-do-alcalde-da-guarda-a-separacion-de-fecais-e-pluviais-na-rua-salgueiro\/","title":{"rendered":"O BNG demanda unha resposta urxente do alcalde da Guarda a separaci\u00f3n de fecais e pluviais na r\u00faa Salgueir\u00f3"},"content":{"rendered":"\n<p><strong>Anxo Baz: \u201c<em>Modificar <\/em><em>o pavimento dunha r\u00faa sen preocuparse da separaci\u00f3n das pluviais e das fecais evidencia a falta de criterio de quen o fai\u201d.<\/em><\/strong><\/p>\n\n\n\n<p>O BNG recl\u00e1malle ao Alcalde da Guarda do PP Roberto Carrero, a separaci\u00f3n de pluviais e fecais na obra de renovaci\u00f3n do firme da r\u00faa Salgueir\u00f3 en Camposancos.<\/p>\n\n\n\n<p>O Portavoz do BNG no Concello da Guarda, Anxo Baz, manifestou \u201cmodificar o pavimento dunha r\u00faa sen preocuparse de algo tan elemental como \u00e9 a separaci\u00f3n das pluviais e as fecais evidencia a falta de criterio de quen o fai\u201d.<\/p>\n\n\n\n<p>Baz resaltou \u201c\u00e9 a\u00ednda m\u00e1is preocupante que a pesar da insistencia da Presidenta da Entidade Local Menor de Camposancos e do vecindario, que desde o primeiro momento reclamaron a separaci\u00f3n das pluviais e das fecais, o Alcalde da Guarda fora incapaz de dar unha soluci\u00f3n satisfactoria a esta intervenci\u00f3n, cando ademais \u00e9 co\u00f1ecedor de que nas \u00e9pocas de choiva forte, as arquetas das fecais lev\u00e1ntanse e verten directamente os residuos \u00e1 r\u00faa\u201d.<\/p>\n","protected":false},"excerpt":{"rendered":"<div class=\"mh-excerpt\"><p>Anxo Baz: \u201cModificar o pavimento dunha r\u00faa sen preocuparse da separaci\u00f3n das pluviais e das fecais evidencia a falta de criterio de quen o fai\u201d. <a class=\"mh-excerpt-more\" href=\"https:\/\/www.anovapeneira.gal\/index.php\/2023\/10\/09\/o-bng-demanda-unha-resposta-urxente-do-alcalde-da-guarda-a-separacion-de-fecais-e-pluviais-na-rua-salgueiro\/\" title=\"O BNG demanda unha resposta urxente do alcalde da Guarda a separaci\u00f3n de fecais e pluviais na r\u00faa Salgueir\u00f3\">[&#8230;]<\/a><\/p>\n<\/div>","protected":false},"author":3,"featured_media":10564,"comment_status":"open","ping_status":"open","sticky":false,"template":"","format":"standard","meta":{"_exactmetrics_skip_tracking":false,"_exactmetrics_sitenote_active":false,"_exactmetrics_sitenote_note":"","_exactmetrics_sitenote_category":0,"footnotes":""},"categories":[21],"tags":[238],"class_list":{"0":"post-10563","1":"post","2":"type-post","3":"status-publish","4":"format-standard","5":"has-post-thumbnail","7":"category-baixo-mino","8":"tag-concello-da-guarda"},"yoast_head":"<!-- This site is optimized with the Yoast SEO plugin v27.4 - https:\/\/yoast.com\/product\/yoast-seo-wordpress\/ -->\n<title>O BNG demanda unha resposta urxente do alcalde da Guarda a separaci\u00f3n de fecais e pluviais na r\u00faa Salgueir\u00f3 -<\/title>\n<meta name=\"description\" content=\"Anxo Baz: \u201cModificar o pavimento dunha r\u00faa sen preocuparse da separaci\u00f3n das pluviais e das fecais evidencia a falta de criterio de quen o fai\u201d.\" \/>\n<meta name=\"robots\" content=\"index, follow, max-snippet:-1, max-image-preview:large, max-video-preview:-1\" \/>\n<link rel=\"canonical\" href=\"https:\/\/www.anovapeneira.gal\/index.php\/2023\/10\/09\/o-bng-demanda-unha-resposta-urxente-do-alcalde-da-guarda-a-separacion-de-fecais-e-pluviais-na-rua-salgueiro\/\" \/>\n<meta property=\"og:locale\" content=\"gl_ES\" \/>\n<meta property=\"og:type\" content=\"article\" \/>\n<meta property=\"og:title\" content=\"O BNG demanda unha resposta urxente do alcalde da Guarda a separaci\u00f3n de fecais e pluviais na r\u00faa Salgueir\u00f3 -\" \/>\n<meta property=\"og:description\" content=\"Anxo Baz: \u201cModificar o pavimento dunha r\u00faa sen preocuparse da separaci\u00f3n das pluviais e das fecais evidencia a falta de criterio de quen o fai\u201d.\" \/>\n<meta property=\"og:url\" content=\"https:\/\/www.anovapeneira.gal\/index.php\/2023\/10\/09\/o-bng-demanda-unha-resposta-urxente-do-alcalde-da-guarda-a-separacion-de-fecais-e-pluviais-na-rua-salgueiro\/\" \/>\n<meta property=\"article:publisher\" content=\"https:\/\/www.facebook.com\/anovapeneira\" \/>\n<meta property=\"article:published_time\" content=\"2023-10-09T08:00:12+00:00\" \/>\n<meta property=\"og:image\" content=\"https:\/\/www.anovapeneira.gal\/wp-content\/uploads\/2023\/10\/Anxo_Baz_Merchi_martinez.webp\" \/>\n\t<meta property=\"og:image:width\" content=\"1364\" \/>\n\t<meta property=\"og:image:height\" content=\"818\" \/>\n\t<meta property=\"og:image:type\" content=\"image\/webp\" \/>\n<meta name=\"author\" content=\"Redacci\u00f3n A Nova Peneira\" \/>\n<meta name=\"twitter:card\" content=\"summary_large_image\" \/>\n<meta name=\"twitter:creator\" content=\"@APeneira\" \/>\n<meta name=\"twitter:site\" content=\"@APeneira\" \/>\n<meta name=\"twitter:label1\" content=\"Escrito por\" \/>\n\t<meta name=\"twitter:data1\" content=\"Redacci\u00f3n A Nova Peneira\" \/>\n\t<meta name=\"twitter:label2\" content=\"Tempo de lectura\" \/>\n\t<meta name=\"twitter:data2\" content=\"1 minuto\" \/>\n<script type=\"application\/ld+json\" class=\"yoast-schema-graph\">{\"@context\":\"https:\\\/\\\/schema.org\",\"@graph\":[{\"@type\":\"Article\",\"@id\":\"https:\\\/\\\/www.anovapeneira.gal\\\/index.php\\\/2023\\\/10\\\/09\\\/o-bng-demanda-unha-resposta-urxente-do-alcalde-da-guarda-a-separacion-de-fecais-e-pluviais-na-rua-salgueiro\\\/#article\",\"isPartOf\":{\"@id\":\"https:\\\/\\\/www.anovapeneira.gal\\\/index.php\\\/2023\\\/10\\\/09\\\/o-bng-demanda-unha-resposta-urxente-do-alcalde-da-guarda-a-separacion-de-fecais-e-pluviais-na-rua-salgueiro\\\/\"},\"author\":{\"name\":\"Redacci\u00f3n A Nova Peneira\",\"@id\":\"https:\\\/\\\/www.anovapeneira.gal\\\/#\\\/schema\\\/person\\\/b93e3f8932e3f8da96334607eb6ac6aa\"},\"headline\":\"O BNG demanda unha resposta urxente do alcalde da Guarda a separaci\u00f3n de fecais e pluviais na r\u00faa Salgueir\u00f3\",\"datePublished\":\"2023-10-09T08:00:12+00:00\",\"mainEntityOfPage\":{\"@id\":\"https:\\\/\\\/www.anovapeneira.gal\\\/index.php\\\/2023\\\/10\\\/09\\\/o-bng-demanda-unha-resposta-urxente-do-alcalde-da-guarda-a-separacion-de-fecais-e-pluviais-na-rua-salgueiro\\\/\"},\"wordCount\":198,\"commentCount\":0,\"publisher\":{\"@id\":\"https:\\\/\\\/www.anovapeneira.gal\\\/#organization\"},\"image\":{\"@id\":\"https:\\\/\\\/www.anovapeneira.gal\\\/index.php\\\/2023\\\/10\\\/09\\\/o-bng-demanda-unha-resposta-urxente-do-alcalde-da-guarda-a-separacion-de-fecais-e-pluviais-na-rua-salgueiro\\\/#primaryimage\"},\"thumbnailUrl\":\"https:\\\/\\\/www.anovapeneira.gal\\\/wp-content\\\/uploads\\\/2023\\\/10\\\/Anxo_Baz_Merchi_martinez.webp\",\"keywords\":[\"Concello da Guarda\"],\"articleSection\":[\"Baixo Mi\u00f1o\"],\"inLanguage\":\"gl-ES\",\"potentialAction\":[{\"@type\":\"CommentAction\",\"name\":\"Comment\",\"target\":[\"https:\\\/\\\/www.anovapeneira.gal\\\/index.php\\\/2023\\\/10\\\/09\\\/o-bng-demanda-unha-resposta-urxente-do-alcalde-da-guarda-a-separacion-de-fecais-e-pluviais-na-rua-salgueiro\\\/#respond\"]}]},{\"@type\":\"WebPage\",\"@id\":\"https:\\\/\\\/www.anovapeneira.gal\\\/index.php\\\/2023\\\/10\\\/09\\\/o-bng-demanda-unha-resposta-urxente-do-alcalde-da-guarda-a-separacion-de-fecais-e-pluviais-na-rua-salgueiro\\\/\",\"url\":\"https:\\\/\\\/www.anovapeneira.gal\\\/index.php\\\/2023\\\/10\\\/09\\\/o-bng-demanda-unha-resposta-urxente-do-alcalde-da-guarda-a-separacion-de-fecais-e-pluviais-na-rua-salgueiro\\\/\",\"name\":\"O BNG demanda unha resposta urxente do alcalde da Guarda a separaci\u00f3n de fecais e pluviais na r\u00faa Salgueir\u00f3 -\",\"isPartOf\":{\"@id\":\"https:\\\/\\\/www.anovapeneira.gal\\\/#website\"},\"primaryImageOfPage\":{\"@id\":\"https:\\\/\\\/www.anovapeneira.gal\\\/index.php\\\/2023\\\/10\\\/09\\\/o-bng-demanda-unha-resposta-urxente-do-alcalde-da-guarda-a-separacion-de-fecais-e-pluviais-na-rua-salgueiro\\\/#primaryimage\"},\"image\":{\"@id\":\"https:\\\/\\\/www.anovapeneira.gal\\\/index.php\\\/2023\\\/10\\\/09\\\/o-bng-demanda-unha-resposta-urxente-do-alcalde-da-guarda-a-separacion-de-fecais-e-pluviais-na-rua-salgueiro\\\/#primaryimage\"},\"thumbnailUrl\":\"https:\\\/\\\/www.anovapeneira.gal\\\/wp-content\\\/uploads\\\/2023\\\/10\\\/Anxo_Baz_Merchi_martinez.webp\",\"datePublished\":\"2023-10-09T08:00:12+00:00\",\"description\":\"Anxo Baz: \u201cModificar o pavimento dunha r\u00faa sen preocuparse da separaci\u00f3n das pluviais e das fecais evidencia a falta de criterio de quen o fai\u201d.\",\"breadcrumb\":{\"@id\":\"https:\\\/\\\/www.anovapeneira.gal\\\/index.php\\\/2023\\\/10\\\/09\\\/o-bng-demanda-unha-resposta-urxente-do-alcalde-da-guarda-a-separacion-de-fecais-e-pluviais-na-rua-salgueiro\\\/#breadcrumb\"},\"inLanguage\":\"gl-ES\",\"potentialAction\":[{\"@type\":\"ReadAction\",\"target\":[\"https:\\\/\\\/www.anovapeneira.gal\\\/index.php\\\/2023\\\/10\\\/09\\\/o-bng-demanda-unha-resposta-urxente-do-alcalde-da-guarda-a-separacion-de-fecais-e-pluviais-na-rua-salgueiro\\\/\"]}]},{\"@type\":\"ImageObject\",\"inLanguage\":\"gl-ES\",\"@id\":\"https:\\\/\\\/www.anovapeneira.gal\\\/index.php\\\/2023\\\/10\\\/09\\\/o-bng-demanda-unha-resposta-urxente-do-alcalde-da-guarda-a-separacion-de-fecais-e-pluviais-na-rua-salgueiro\\\/#primaryimage\",\"url\":\"https:\\\/\\\/www.anovapeneira.gal\\\/wp-content\\\/uploads\\\/2023\\\/10\\\/Anxo_Baz_Merchi_martinez.webp\",\"contentUrl\":\"https:\\\/\\\/www.anovapeneira.gal\\\/wp-content\\\/uploads\\\/2023\\\/10\\\/Anxo_Baz_Merchi_martinez.webp\",\"width\":1364,\"height\":818,\"caption\":\"Anxo Baz Merchi Mart\u00ednez\"},{\"@type\":\"BreadcrumbList\",\"@id\":\"https:\\\/\\\/www.anovapeneira.gal\\\/index.php\\\/2023\\\/10\\\/09\\\/o-bng-demanda-unha-resposta-urxente-do-alcalde-da-guarda-a-separacion-de-fecais-e-pluviais-na-rua-salgueiro\\\/#breadcrumb\",\"itemListElement\":[{\"@type\":\"ListItem\",\"position\":1,\"name\":\"Portada\",\"item\":\"https:\\\/\\\/www.anovapeneira.gal\\\/\"},{\"@type\":\"ListItem\",\"position\":2,\"name\":\"O BNG demanda unha resposta urxente do alcalde da Guarda a separaci\u00f3n de fecais e pluviais na r\u00faa Salgueir\u00f3\"}]},{\"@type\":\"WebSite\",\"@id\":\"https:\\\/\\\/www.anovapeneira.gal\\\/#website\",\"url\":\"https:\\\/\\\/www.anovapeneira.gal\\\/\",\"name\":\"\",\"description\":\"Xornal galego de informaci\u00f3n xeral Publicaci\u00f3n mensual de novas de Galicia e en especial dos Concellos da sur da provincia de Pontevedra.\",\"publisher\":{\"@id\":\"https:\\\/\\\/www.anovapeneira.gal\\\/#organization\"},\"potentialAction\":[{\"@type\":\"SearchAction\",\"target\":{\"@type\":\"EntryPoint\",\"urlTemplate\":\"https:\\\/\\\/www.anovapeneira.gal\\\/?s={search_term_string}\"},\"query-input\":{\"@type\":\"PropertyValueSpecification\",\"valueRequired\":true,\"valueName\":\"search_term_string\"}}],\"inLanguage\":\"gl-ES\"},{\"@type\":\"Organization\",\"@id\":\"https:\\\/\\\/www.anovapeneira.gal\\\/#organization\",\"name\":\"A Nova Peneira\",\"url\":\"https:\\\/\\\/www.anovapeneira.gal\\\/\",\"logo\":{\"@type\":\"ImageObject\",\"inLanguage\":\"gl-ES\",\"@id\":\"https:\\\/\\\/www.anovapeneira.gal\\\/#\\\/schema\\\/logo\\\/image\\\/\",\"url\":\"http:\\\/\\\/www.anovapeneira.gal\\\/wp-content\\\/uploads\\\/2019\\\/06\\\/logo_a_nova_peneira_portal_web.png\",\"contentUrl\":\"http:\\\/\\\/www.anovapeneira.gal\\\/wp-content\\\/uploads\\\/2019\\\/06\\\/logo_a_nova_peneira_portal_web.png\",\"width\":300,\"height\":100,\"caption\":\"A Nova Peneira\"},\"image\":{\"@id\":\"https:\\\/\\\/www.anovapeneira.gal\\\/#\\\/schema\\\/logo\\\/image\\\/\"},\"sameAs\":[\"https:\\\/\\\/www.facebook.com\\\/anovapeneira\",\"https:\\\/\\\/x.com\\\/APeneira\"]},{\"@type\":\"Person\",\"@id\":\"https:\\\/\\\/www.anovapeneira.gal\\\/#\\\/schema\\\/person\\\/b93e3f8932e3f8da96334607eb6ac6aa\",\"name\":\"Redacci\u00f3n A Nova Peneira\",\"image\":{\"@type\":\"ImageObject\",\"inLanguage\":\"gl-ES\",\"@id\":\"https:\\\/\\\/secure.gravatar.com\\\/avatar\\\/c052a2551a06e23fac63626232eaa90abd78dbcf1700fc46a2b2c89fd27b735f?s=96&d=mm&r=g\",\"url\":\"https:\\\/\\\/secure.gravatar.com\\\/avatar\\\/c052a2551a06e23fac63626232eaa90abd78dbcf1700fc46a2b2c89fd27b735f?s=96&d=mm&r=g\",\"contentUrl\":\"https:\\\/\\\/secure.gravatar.com\\\/avatar\\\/c052a2551a06e23fac63626232eaa90abd78dbcf1700fc46a2b2c89fd27b735f?s=96&d=mm&r=g\",\"caption\":\"Redacci\u00f3n A Nova Peneira\"},\"sameAs\":[\"http:\\\/\\\/www.anovapeneira.gal\\\/\"],\"url\":\"https:\\\/\\\/www.anovapeneira.gal\\\/index.php\\\/author\\\/redactor\\\/\"}]}<\/script>\n<!-- \/ Yoast SEO plugin. -->","yoast_head_json":{"title":"O BNG demanda unha resposta urxente do alcalde da Guarda a separaci\u00f3n de fecais e pluviais na r\u00faa Salgueir\u00f3 -","description":"Anxo Baz: \u201cModificar o pavimento dunha r\u00faa sen preocuparse da separaci\u00f3n das pluviais e das fecais evidencia a falta de criterio de quen o fai\u201d.","robots":{"index":"index","follow":"follow","max-snippet":"max-snippet:-1","max-image-preview":"max-image-preview:large","max-video-preview":"max-video-preview:-1"},"canonical":"https:\/\/www.anovapeneira.gal\/index.php\/2023\/10\/09\/o-bng-demanda-unha-resposta-urxente-do-alcalde-da-guarda-a-separacion-de-fecais-e-pluviais-na-rua-salgueiro\/","og_locale":"gl_ES","og_type":"article","og_title":"O BNG demanda unha resposta urxente do alcalde da Guarda a separaci\u00f3n de fecais e pluviais na r\u00faa Salgueir\u00f3 -","og_description":"Anxo Baz: \u201cModificar o pavimento dunha r\u00faa sen preocuparse da separaci\u00f3n das pluviais e das fecais evidencia a falta de criterio de quen o fai\u201d.","og_url":"https:\/\/www.anovapeneira.gal\/index.php\/2023\/10\/09\/o-bng-demanda-unha-resposta-urxente-do-alcalde-da-guarda-a-separacion-de-fecais-e-pluviais-na-rua-salgueiro\/","article_publisher":"https:\/\/www.facebook.com\/anovapeneira","article_published_time":"2023-10-09T08:00:12+00:00","og_image":[{"width":1364,"height":818,"url":"https:\/\/www.anovapeneira.gal\/wp-content\/uploads\/2023\/10\/Anxo_Baz_Merchi_martinez.webp","type":"image\/webp"}],"author":"Redacci\u00f3n A Nova Peneira","twitter_card":"summary_large_image","twitter_creator":"@APeneira","twitter_site":"@APeneira","twitter_misc":{"Escrito por":"Redacci\u00f3n A Nova Peneira","Tempo de lectura":"1 minuto"},"schema":{"@context":"https:\/\/schema.org","@graph":[{"@type":"Article","@id":"https:\/\/www.anovapeneira.gal\/index.php\/2023\/10\/09\/o-bng-demanda-unha-resposta-urxente-do-alcalde-da-guarda-a-separacion-de-fecais-e-pluviais-na-rua-salgueiro\/#article","isPartOf":{"@id":"https:\/\/www.anovapeneira.gal\/index.php\/2023\/10\/09\/o-bng-demanda-unha-resposta-urxente-do-alcalde-da-guarda-a-separacion-de-fecais-e-pluviais-na-rua-salgueiro\/"},"author":{"name":"Redacci\u00f3n A Nova Peneira","@id":"https:\/\/www.anovapeneira.gal\/#\/schema\/person\/b93e3f8932e3f8da96334607eb6ac6aa"},"headline":"O BNG demanda unha resposta urxente do alcalde da Guarda a separaci\u00f3n de fecais e pluviais na r\u00faa Salgueir\u00f3","datePublished":"2023-10-09T08:00:12+00:00","mainEntityOfPage":{"@id":"https:\/\/www.anovapeneira.gal\/index.php\/2023\/10\/09\/o-bng-demanda-unha-resposta-urxente-do-alcalde-da-guarda-a-separacion-de-fecais-e-pluviais-na-rua-salgueiro\/"},"wordCount":198,"commentCount":0,"publisher":{"@id":"https:\/\/www.anovapeneira.gal\/#organization"},"image":{"@id":"https:\/\/www.anovapeneira.gal\/index.php\/2023\/10\/09\/o-bng-demanda-unha-resposta-urxente-do-alcalde-da-guarda-a-separacion-de-fecais-e-pluviais-na-rua-salgueiro\/#primaryimage"},"thumbnailUrl":"https:\/\/www.anovapeneira.gal\/wp-content\/uploads\/2023\/10\/Anxo_Baz_Merchi_martinez.webp","keywords":["Concello da Guarda"],"articleSection":["Baixo Mi\u00f1o"],"inLanguage":"gl-ES","potentialAction":[{"@type":"CommentAction","name":"Comment","target":["https:\/\/www.anovapeneira.gal\/index.php\/2023\/10\/09\/o-bng-demanda-unha-resposta-urxente-do-alcalde-da-guarda-a-separacion-de-fecais-e-pluviais-na-rua-salgueiro\/#respond"]}]},{"@type":"WebPage","@id":"https:\/\/www.anovapeneira.gal\/index.php\/2023\/10\/09\/o-bng-demanda-unha-resposta-urxente-do-alcalde-da-guarda-a-separacion-de-fecais-e-pluviais-na-rua-salgueiro\/","url":"https:\/\/www.anovapeneira.gal\/index.php\/2023\/10\/09\/o-bng-demanda-unha-resposta-urxente-do-alcalde-da-guarda-a-separacion-de-fecais-e-pluviais-na-rua-salgueiro\/","name":"O BNG demanda unha resposta urxente do alcalde da Guarda a separaci\u00f3n de fecais e pluviais na r\u00faa Salgueir\u00f3 -","isPartOf":{"@id":"https:\/\/www.anovapeneira.gal\/#website"},"primaryImageOfPage":{"@id":"https:\/\/www.anovapeneira.gal\/index.php\/2023\/10\/09\/o-bng-demanda-unha-resposta-urxente-do-alcalde-da-guarda-a-separacion-de-fecais-e-pluviais-na-rua-salgueiro\/#primaryimage"},"image":{"@id":"https:\/\/www.anovapeneira.gal\/index.php\/2023\/10\/09\/o-bng-demanda-unha-resposta-urxente-do-alcalde-da-guarda-a-separacion-de-fecais-e-pluviais-na-rua-salgueiro\/#primaryimage"},"thumbnailUrl":"https:\/\/www.anovapeneira.gal\/wp-content\/uploads\/2023\/10\/Anxo_Baz_Merchi_martinez.webp","datePublished":"2023-10-09T08:00:12+00:00","description":"Anxo Baz: \u201cModificar o pavimento dunha r\u00faa sen preocuparse da separaci\u00f3n das pluviais e das fecais evidencia a falta de criterio de quen o fai\u201d.","breadcrumb":{"@id":"https:\/\/www.anovapeneira.gal\/index.php\/2023\/10\/09\/o-bng-demanda-unha-resposta-urxente-do-alcalde-da-guarda-a-separacion-de-fecais-e-pluviais-na-rua-salgueiro\/#breadcrumb"},"inLanguage":"gl-ES","potentialAction":[{"@type":"ReadAction","target":["https:\/\/www.anovapeneira.gal\/index.php\/2023\/10\/09\/o-bng-demanda-unha-resposta-urxente-do-alcalde-da-guarda-a-separacion-de-fecais-e-pluviais-na-rua-salgueiro\/"]}]},{"@type":"ImageObject","inLanguage":"gl-ES","@id":"https:\/\/www.anovapeneira.gal\/index.php\/2023\/10\/09\/o-bng-demanda-unha-resposta-urxente-do-alcalde-da-guarda-a-separacion-de-fecais-e-pluviais-na-rua-salgueiro\/#primaryimage","url":"https:\/\/www.anovapeneira.gal\/wp-content\/uploads\/2023\/10\/Anxo_Baz_Merchi_martinez.webp","contentUrl":"https:\/\/www.anovapeneira.gal\/wp-content\/uploads\/2023\/10\/Anxo_Baz_Merchi_martinez.webp","width":1364,"height":818,"caption":"Anxo Baz Merchi Mart\u00ednez"},{"@type":"BreadcrumbList","@id":"https:\/\/www.anovapeneira.gal\/index.php\/2023\/10\/09\/o-bng-demanda-unha-resposta-urxente-do-alcalde-da-guarda-a-separacion-de-fecais-e-pluviais-na-rua-salgueiro\/#breadcrumb","itemListElement":[{"@type":"ListItem","position":1,"name":"Portada","item":"https:\/\/www.anovapeneira.gal\/"},{"@type":"ListItem","position":2,"name":"O BNG demanda unha resposta urxente do alcalde da Guarda a separaci\u00f3n de fecais e pluviais na r\u00faa Salgueir\u00f3"}]},{"@type":"WebSite","@id":"https:\/\/www.anovapeneira.gal\/#website","url":"https:\/\/www.anovapeneira.gal\/","name":"","description":"Xornal galego de informaci\u00f3n xeral Publicaci\u00f3n mensual de novas de Galicia e en especial dos Concellos da sur da provincia de Pontevedra.","publisher":{"@id":"https:\/\/www.anovapeneira.gal\/#organization"},"potentialAction":[{"@type":"SearchAction","target":{"@type":"EntryPoint","urlTemplate":"https:\/\/www.anovapeneira.gal\/?s={search_term_string}"},"query-input":{"@type":"PropertyValueSpecification","valueRequired":true,"valueName":"search_term_string"}}],"inLanguage":"gl-ES"},{"@type":"Organization","@id":"https:\/\/www.anovapeneira.gal\/#organization","name":"A Nova Peneira","url":"https:\/\/www.anovapeneira.gal\/","logo":{"@type":"ImageObject","inLanguage":"gl-ES","@id":"https:\/\/www.anovapeneira.gal\/#\/schema\/logo\/image\/","url":"http:\/\/www.anovapeneira.gal\/wp-content\/uploads\/2019\/06\/logo_a_nova_peneira_portal_web.png","contentUrl":"http:\/\/www.anovapeneira.gal\/wp-content\/uploads\/2019\/06\/logo_a_nova_peneira_portal_web.png","width":300,"height":100,"caption":"A Nova Peneira"},"image":{"@id":"https:\/\/www.anovapeneira.gal\/#\/schema\/logo\/image\/"},"sameAs":["https:\/\/www.facebook.com\/anovapeneira","https:\/\/x.com\/APeneira"]},{"@type":"Person","@id":"https:\/\/www.anovapeneira.gal\/#\/schema\/person\/b93e3f8932e3f8da96334607eb6ac6aa","name":"Redacci\u00f3n A Nova Peneira","image":{"@type":"ImageObject","inLanguage":"gl-ES","@id":"https:\/\/secure.gravatar.com\/avatar\/c052a2551a06e23fac63626232eaa90abd78dbcf1700fc46a2b2c89fd27b735f?s=96&d=mm&r=g","url":"https:\/\/secure.gravatar.com\/avatar\/c052a2551a06e23fac63626232eaa90abd78dbcf1700fc46a2b2c89fd27b735f?s=96&d=mm&r=g","contentUrl":"https:\/\/secure.gravatar.com\/avatar\/c052a2551a06e23fac63626232eaa90abd78dbcf1700fc46a2b2c89fd27b735f?s=96&d=mm&r=g","caption":"Redacci\u00f3n A Nova Peneira"},"sameAs":["http:\/\/www.anovapeneira.gal\/"],"url":"https:\/\/www.anovapeneira.gal\/index.php\/author\/redactor\/"}]}},"jetpack_featured_media_url":"https:\/\/www.anovapeneira.gal\/wp-content\/uploads\/2023\/10\/Anxo_Baz_Merchi_martinez.webp","_links":{"self":[{"href":"https:\/\/www.anovapeneira.gal\/index.php\/wp-json\/wp\/v2\/posts\/10563","targetHints":{"allow":["GET"]}}],"collection":[{"href":"https:\/\/www.anovapeneira.gal\/index.php\/wp-json\/wp\/v2\/posts"}],"about":[{"href":"https:\/\/www.anovapeneira.gal\/index.php\/wp-json\/wp\/v2\/types\/post"}],"author":[{"embeddable":true,"href":"https:\/\/www.anovapeneira.gal\/index.php\/wp-json\/wp\/v2\/users\/3"}],"replies":[{"embeddable":true,"href":"https:\/\/www.anovapeneira.gal\/index.php\/wp-json\/wp\/v2\/comments?post=10563"}],"version-history":[{"count":1,"href":"https:\/\/www.anovapeneira.gal\/index.php\/wp-json\/wp\/v2\/posts\/10563\/revisions"}],"predecessor-version":[{"id":10565,"href":"https:\/\/www.anovapeneira.gal\/index.php\/wp-json\/wp\/v2\/posts\/10563\/revisions\/10565"}],"wp:featuredmedia":[{"embeddable":true,"href":"https:\/\/www.anovapeneira.gal\/index.php\/wp-json\/wp\/v2\/media\/10564"}],"wp:attachment":[{"href":"https:\/\/www.anovapeneira.gal\/index.php\/wp-json\/wp\/v2\/media?parent=10563"}],"wp:term":[{"taxonomy":"category","embeddable":true,"href":"https:\/\/www.anovapeneira.gal\/index.php\/wp-json\/wp\/v2\/categories?post=10563"},{"taxonomy":"post_tag","embeddable":true,"href":"https:\/\/www.anovapeneira.gal\/index.php\/wp-json\/wp\/v2\/tags?post=10563"}],"curies":[{"name":"wp","href":"https:\/\/api.w.org\/{rel}","templated":true}]}}