{"id":10574,"date":"2023-10-10T10:00:17","date_gmt":"2023-10-10T08:00:17","guid":{"rendered":"https:\/\/www.anovapeneira.gal\/?p=10574"},"modified":"2023-10-06T13:57:57","modified_gmt":"2023-10-06T11:57:57","slug":"ponteareas-volve-vibrar-co-hockey-nas-suas-festas-de-setembro","status":"publish","type":"post","link":"https:\/\/www.anovapeneira.gal\/index.php\/2023\/10\/10\/ponteareas-volve-vibrar-co-hockey-nas-suas-festas-de-setembro\/","title":{"rendered":"Ponteareas volve vibrar co H\u00f3ckey nas s\u00faas festas de setembro"},"content":{"rendered":"\n<p><strong>O pasado 30 de setembro, no marco das festas da vila do Corpus , Ponteareas acolleu un espectacular torneo de H\u00f3ckey que reuniu a arredor de 200 participantes , nenos e nenas practicando deporte , e que culminou cun partido s\u00e9nior entre os equipos femininos de Ponteareas e de Cambre, ambos da 2\u00ba categor\u00eda m\u00e1is importante do estado Espa\u00f1ol. O feito de que tantas nenas e nenos practiquen este deporte \u00e9 un indicio moi relevante do enorme m\u00e9rito que te\u00f1en os organizadores : O H\u00f3ckey Club Ponteareas, en xeral e o seu alma mater en particular. El \u00e9 \u201cPortu\u201d, no seu d\u00eda xogador de elite naquel m\u00edtico Liceo da Coru\u00f1a que lideraba Daniel Martinazzo, para quen non o saiba o Messi da historia do H\u00f3ckey, nas pistas dos pavill\u00f3ns e Augusto C\u00e9sar Lendoiro nos despachos. Hoxe o noso protagonista desta conversa \u00e9 directivo do club de Ponteareas e o adestrador do equipo s\u00e9nior feminino. \u201cPortu\u201d \u00e9 un vello amigo da nosa casa e para n\u00f3s foi un pracer volvermos conversar con el. Vela\u00ed vai o que deu de si a nosa charla.<\/strong><\/p>\n\n\n\n<p><strong>Jos\u00e9 Carlos \u00c1lvarez \u201cPortu\u201d. Adestrador do equipo H\u00f3ckey Club de Ponteareas.<\/strong><\/p>\n\n\n\n<p>\u201c <strong>Animo a todos os nenos e nenas aos que lles guste patinar a que ve\u00f1an a co\u00f1ecer con n\u00f3s o marabilloso deporte do H\u00f3ckey\u201d<\/strong><\/p>\n\n\n\n<p><strong>Portu estas satisfeito de como foi o torneo do 30 de setembro. ?<\/strong><\/p>\n\n\n\n<blockquote class=\"wp-block-quote is-layout-flow wp-block-quote-is-layout-flow\">\n<p>Si moi satisfeito, a verdade que si. Este torneo disput\u00e1rono as tres categor\u00edas que temos. Prebenxam\u00edn, benxam\u00edn e alev\u00edn. Disput\u00e1rono 200 participantes entre as 8:30 H da ma\u00f1\u00e1 e as 21:00 H da noite, que foi a \u00faltima sesi\u00f3n e foi todo realmente ben.<\/p>\n<\/blockquote>\n\n\n\n<p><strong>Ti es o adestrador do equipo s\u00e9nior feminino, en que categor\u00eda compite?<\/strong><\/p>\n\n\n\n<blockquote class=\"wp-block-quote is-layout-flow wp-block-quote-is-layout-flow\">\n<p>En Ok Prata Feminina, en Primeira Divisi\u00f3n nacional.<\/p>\n<\/blockquote>\n\n\n\n<p><strong>E nas categor\u00edas inferiores que mencionas os equipos que disputaron o torneo son mixtos ?<\/strong><\/p>\n\n\n\n<blockquote class=\"wp-block-quote is-layout-flow wp-block-quote-is-layout-flow\">\n<p>Si, son equipos mixtos.<\/p>\n<\/blockquote>\n\n\n\n<p><strong>Logo tivestes tam\u00e9n un partido do equipo s\u00e9nior feminino.<\/strong><\/p>\n\n\n\n<blockquote class=\"wp-block-quote is-layout-flow wp-block-quote-is-layout-flow\">\n<p>Si, xogamos contra o Cambre da Coru\u00f1a que xoga na mesma liga que n\u00f3s.<\/p>\n<\/blockquote>\n\n\n\n<p><strong>Cal foi o resultado?<\/strong><\/p>\n\n\n\n<blockquote class=\"wp-block-quote is-layout-flow wp-block-quote-is-layout-flow\">\n<p>O equipo vencedor foi o de casa, 4-2 ga\u00f1ou Ponteareas. Foi un partido de pre temporada, xa a fin de semana seguinte comezamos a liga. E malia que foi un partido amigable, o resultado supuxo unha suba de moral moi importante para n\u00f3s e deunos azos e folgos para iniciar a tempada a tope.<\/p>\n<\/blockquote>\n\n\n\n<p><strong>Xa me dixeches que a asistencia en participantes foi moi boa con 200 nenas e nenos. Como foi a afluencia de p\u00fablico?<\/strong><\/p>\n\n\n\n<blockquote class=\"wp-block-quote is-layout-flow wp-block-quote-is-layout-flow\">\n<p>Foi espectacular, o Cambre vi\u00f1a con 3 categor\u00edas, o Oroso de Santiago tam\u00e9n, logo estaba o Travesas de Vigo, C\u00edes, o Berenguela de Santiago e o Mon\u00e7ao de Portugal. Todos equipos galegos excepto un portugu\u00e9s.<\/p>\n<\/blockquote>\n\n\n\n<blockquote class=\"wp-block-quote is-layout-flow wp-block-quote-is-layout-flow\">\n<p>Todos estes equipos de categor\u00edas inferiores tra\u00edan pais, familiares&#8230; foi impresionante a afluencia de xente.<\/p>\n<\/blockquote>\n\n\n\n<p><strong>Esta foi a primeira edici\u00f3n do torneo?<\/strong><\/p>\n\n\n\n<blockquote class=\"wp-block-quote is-layout-flow wp-block-quote-is-layout-flow\">\n<p>Si, antes faciamos outro moi importante en nadal de veteranos, o \u201cMemorial Quico Represas\u201d no que participaron equipos de Barcelona ou de O Porto. Este ano \u00e9 a primeira vez que organizamos este torneo para categor\u00edas inferiores polas festas de Ponteareas.<\/p>\n<\/blockquote>\n\n\n\n<p><strong>Como xurdiu a idea de organizar este torneo?<\/strong><\/p>\n\n\n\n<blockquote class=\"wp-block-quote is-layout-flow wp-block-quote-is-layout-flow\">\n<p>Coa entrada da nova directiva e pensando nos nenos.<\/p>\n<\/blockquote>\n\n\n\n<p><strong>Cando se constitu\u00edu a nova directiva?<\/strong><\/p>\n\n\n\n<blockquote class=\"wp-block-quote is-layout-flow wp-block-quote-is-layout-flow\">\n<p>No mes de xu\u00f1o despois de terminar a tempada de h\u00f3ckey.<\/p>\n<\/blockquote>\n\n\n\n<p><strong>Que tal se portou o Concello de Ponteareas convosco na organizaci\u00f3n do torneo?<\/strong><\/p>\n\n\n\n<blockquote class=\"wp-block-quote is-layout-flow wp-block-quote-is-layout-flow\">\n<p>Ben. Achegounos a infraestrutura para montar a cantina coa que demos para comer a 170 participantes. Achegou tam\u00e9n os trofeos, as medallas e o torneo desenvolveuse no pavill\u00f3n municipal \u00c1lvaro Pino de Ponteareas.<\/p>\n<\/blockquote>\n\n\n\n<p><strong>Hai previsi\u00f3n de facer m\u00e1is edici\u00f3ns?<\/strong><\/p>\n\n\n\n<blockquote class=\"wp-block-quote is-layout-flow wp-block-quote-is-layout-flow\">\n<p>Si, hai previsi\u00f3n de repetilo o ano que v\u00e9n polas festas e supo\u00f1o que en Nadal faremos algunha cousa tam\u00e9n cos nenos e os veteranos.<\/p>\n<\/blockquote>\n\n\n\n<p><strong>Falabamos de que empeza a tempada, que expectativas tedes para esta?<\/strong><\/p>\n\n\n\n<blockquote class=\"wp-block-quote is-layout-flow wp-block-quote-is-layout-flow\">\n<p>A verdade \u00e9 que temos un equipo moi novo, as xogadoras te\u00f1en entre 14 e 18 anos. Moitas delas \u00e9 o primeiro ano que xogan en Primeira Divisi\u00f3n. Este partido de Pretemporada do Torneo deulles como che dixen antes un plus de moral moi importante. Ga\u00f1arlle ao Cambre, que \u00e9 un equipo con moita tradici\u00f3n en Primeira Divisi\u00f3n, con xogadoras de moita experiencia e con moitos anos nesta categor\u00eda foi moi importante para n\u00f3s. T\u00e9molo que tomar con calma de aqu\u00ed a decembro para coller experiencia, xogar e seguir traballando sen po\u00f1ernos ningunha meta.<\/p>\n<\/blockquote>\n\n\n\n<blockquote class=\"wp-block-quote is-layout-flow wp-block-quote-is-layout-flow\">\n<p>Para rematar quixera aproveitar a oportunidade das vosas p\u00e1xinas para animar a que calquera neno ou nena que lles guste patinar, que colla os pat\u00edns e se achegue a co\u00f1ecer este marabilloso deporte.<\/p>\n<\/blockquote>\n","protected":false},"excerpt":{"rendered":"<div class=\"mh-excerpt\"><p>O pasado 30 de setembro, no marco das festas da vila do Corpus , Ponteareas acolleu un espectacular torneo de H\u00f3ckey que reuniu a arredor de 200 participantes , nenos e nenas practicando deporte , e que culminou cun partido s\u00e9nior entre os equipos femininos de Ponteareas e de Cambre <a class=\"mh-excerpt-more\" href=\"https:\/\/www.anovapeneira.gal\/index.php\/2023\/10\/10\/ponteareas-volve-vibrar-co-hockey-nas-suas-festas-de-setembro\/\" title=\"Ponteareas volve vibrar co H\u00f3ckey nas s\u00faas festas de setembro\">[&#8230;]<\/a><\/p>\n<\/div>","protected":false},"author":3,"featured_media":10576,"comment_status":"open","ping_status":"open","sticky":false,"template":"","format":"standard","meta":{"_exactmetrics_skip_tracking":false,"_exactmetrics_sitenote_active":false,"_exactmetrics_sitenote_note":"","_exactmetrics_sitenote_category":0,"footnotes":""},"categories":[267],"tags":[208],"class_list":{"0":"post-10574","1":"post","2":"type-post","3":"status-publish","4":"format-standard","5":"has-post-thumbnail","7":"category-condado-entrevistas","8":"tag-concello-de-ponteareas"},"yoast_head":"<!-- This site is optimized with the Yoast SEO plugin v27.5 - https:\/\/yoast.com\/product\/yoast-seo-wordpress\/ -->\n<title>Ponteareas volve vibrar co H\u00f3ckey nas s\u00faas festas de setembro -<\/title>\n<meta name=\"description\" content=\"O pasado 30 de setembro, no marco das festas da vila do Corpus , Ponteareas acolleu un espectacular torneo de H\u00f3ckey que reuniu a arredor de 200 participantes , nenos e nenas practicando deporte , e que culminou cun partido s\u00e9nior entre os equipos femininos de Ponteareas e de Cambre, ambos da 2\u00ba categor\u00eda m\u00e1is importante do estado Espa\u00f1ol\" \/>\n<meta name=\"robots\" content=\"index, follow, max-snippet:-1, max-image-preview:large, max-video-preview:-1\" \/>\n<link rel=\"canonical\" href=\"https:\/\/www.anovapeneira.gal\/index.php\/2023\/10\/10\/ponteareas-volve-vibrar-co-hockey-nas-suas-festas-de-setembro\/\" \/>\n<meta property=\"og:locale\" content=\"gl_ES\" \/>\n<meta property=\"og:type\" content=\"article\" \/>\n<meta property=\"og:title\" content=\"Ponteareas volve vibrar co H\u00f3ckey nas s\u00faas festas de setembro -\" \/>\n<meta property=\"og:description\" content=\"O pasado 30 de setembro, no marco das festas da vila do Corpus , Ponteareas acolleu un espectacular torneo de H\u00f3ckey que reuniu a arredor de 200 participantes , nenos e nenas practicando deporte , e que culminou cun partido s\u00e9nior entre os equipos femininos de Ponteareas e de Cambre, ambos da 2\u00ba categor\u00eda m\u00e1is importante do estado Espa\u00f1ol\" \/>\n<meta property=\"og:url\" content=\"https:\/\/www.anovapeneira.gal\/index.php\/2023\/10\/10\/ponteareas-volve-vibrar-co-hockey-nas-suas-festas-de-setembro\/\" \/>\n<meta property=\"article:publisher\" content=\"https:\/\/www.facebook.com\/anovapeneira\" \/>\n<meta property=\"article:published_time\" content=\"2023-10-10T08:00:17+00:00\" \/>\n<meta property=\"og:image\" content=\"https:\/\/www.anovapeneira.gal\/wp-content\/uploads\/2023\/10\/Hoquei_Ponteareas.jpg\" \/>\n\t<meta property=\"og:image:width\" content=\"720\" \/>\n\t<meta property=\"og:image:height\" content=\"432\" \/>\n\t<meta property=\"og:image:type\" content=\"image\/jpeg\" \/>\n<meta name=\"author\" content=\"Redacci\u00f3n A Nova Peneira\" \/>\n<meta name=\"twitter:card\" content=\"summary_large_image\" \/>\n<meta name=\"twitter:creator\" content=\"@APeneira\" \/>\n<meta name=\"twitter:site\" content=\"@APeneira\" \/>\n<meta name=\"twitter:label1\" content=\"Escrito por\" \/>\n\t<meta name=\"twitter:data1\" content=\"Redacci\u00f3n A Nova Peneira\" \/>\n\t<meta name=\"twitter:label2\" content=\"Tempo de lectura\" \/>\n\t<meta name=\"twitter:data2\" content=\"2 minutos\" \/>\n<script type=\"application\/ld+json\" class=\"yoast-schema-graph\">{\"@context\":\"https:\\\/\\\/schema.org\",\"@graph\":[{\"@type\":\"Article\",\"@id\":\"https:\\\/\\\/www.anovapeneira.gal\\\/index.php\\\/2023\\\/10\\\/10\\\/ponteareas-volve-vibrar-co-hockey-nas-suas-festas-de-setembro\\\/#article\",\"isPartOf\":{\"@id\":\"https:\\\/\\\/www.anovapeneira.gal\\\/index.php\\\/2023\\\/10\\\/10\\\/ponteareas-volve-vibrar-co-hockey-nas-suas-festas-de-setembro\\\/\"},\"author\":{\"name\":\"Redacci\u00f3n A Nova Peneira\",\"@id\":\"https:\\\/\\\/www.anovapeneira.gal\\\/#\\\/schema\\\/person\\\/b93e3f8932e3f8da96334607eb6ac6aa\"},\"headline\":\"Ponteareas volve vibrar co H\u00f3ckey nas s\u00faas festas de setembro\",\"datePublished\":\"2023-10-10T08:00:17+00:00\",\"mainEntityOfPage\":{\"@id\":\"https:\\\/\\\/www.anovapeneira.gal\\\/index.php\\\/2023\\\/10\\\/10\\\/ponteareas-volve-vibrar-co-hockey-nas-suas-festas-de-setembro\\\/\"},\"wordCount\":823,\"commentCount\":0,\"publisher\":{\"@id\":\"https:\\\/\\\/www.anovapeneira.gal\\\/#organization\"},\"image\":{\"@id\":\"https:\\\/\\\/www.anovapeneira.gal\\\/index.php\\\/2023\\\/10\\\/10\\\/ponteareas-volve-vibrar-co-hockey-nas-suas-festas-de-setembro\\\/#primaryimage\"},\"thumbnailUrl\":\"https:\\\/\\\/www.anovapeneira.gal\\\/wp-content\\\/uploads\\\/2023\\\/10\\\/Hoquei_Ponteareas.jpg\",\"keywords\":[\"Concello de Ponteareas\"],\"articleSection\":[\"Condado\"],\"inLanguage\":\"gl-ES\",\"potentialAction\":[{\"@type\":\"CommentAction\",\"name\":\"Comment\",\"target\":[\"https:\\\/\\\/www.anovapeneira.gal\\\/index.php\\\/2023\\\/10\\\/10\\\/ponteareas-volve-vibrar-co-hockey-nas-suas-festas-de-setembro\\\/#respond\"]}]},{\"@type\":\"WebPage\",\"@id\":\"https:\\\/\\\/www.anovapeneira.gal\\\/index.php\\\/2023\\\/10\\\/10\\\/ponteareas-volve-vibrar-co-hockey-nas-suas-festas-de-setembro\\\/\",\"url\":\"https:\\\/\\\/www.anovapeneira.gal\\\/index.php\\\/2023\\\/10\\\/10\\\/ponteareas-volve-vibrar-co-hockey-nas-suas-festas-de-setembro\\\/\",\"name\":\"Ponteareas volve vibrar co H\u00f3ckey nas s\u00faas festas de setembro -\",\"isPartOf\":{\"@id\":\"https:\\\/\\\/www.anovapeneira.gal\\\/#website\"},\"primaryImageOfPage\":{\"@id\":\"https:\\\/\\\/www.anovapeneira.gal\\\/index.php\\\/2023\\\/10\\\/10\\\/ponteareas-volve-vibrar-co-hockey-nas-suas-festas-de-setembro\\\/#primaryimage\"},\"image\":{\"@id\":\"https:\\\/\\\/www.anovapeneira.gal\\\/index.php\\\/2023\\\/10\\\/10\\\/ponteareas-volve-vibrar-co-hockey-nas-suas-festas-de-setembro\\\/#primaryimage\"},\"thumbnailUrl\":\"https:\\\/\\\/www.anovapeneira.gal\\\/wp-content\\\/uploads\\\/2023\\\/10\\\/Hoquei_Ponteareas.jpg\",\"datePublished\":\"2023-10-10T08:00:17+00:00\",\"description\":\"O pasado 30 de setembro, no marco das festas da vila do Corpus , Ponteareas acolleu un espectacular torneo de H\u00f3ckey que reuniu a arredor de 200 participantes , nenos e nenas practicando deporte , e que culminou cun partido s\u00e9nior entre os equipos femininos de Ponteareas e de Cambre, ambos da 2\u00ba categor\u00eda m\u00e1is importante do estado Espa\u00f1ol\",\"breadcrumb\":{\"@id\":\"https:\\\/\\\/www.anovapeneira.gal\\\/index.php\\\/2023\\\/10\\\/10\\\/ponteareas-volve-vibrar-co-hockey-nas-suas-festas-de-setembro\\\/#breadcrumb\"},\"inLanguage\":\"gl-ES\",\"potentialAction\":[{\"@type\":\"ReadAction\",\"target\":[\"https:\\\/\\\/www.anovapeneira.gal\\\/index.php\\\/2023\\\/10\\\/10\\\/ponteareas-volve-vibrar-co-hockey-nas-suas-festas-de-setembro\\\/\"]}]},{\"@type\":\"ImageObject\",\"inLanguage\":\"gl-ES\",\"@id\":\"https:\\\/\\\/www.anovapeneira.gal\\\/index.php\\\/2023\\\/10\\\/10\\\/ponteareas-volve-vibrar-co-hockey-nas-suas-festas-de-setembro\\\/#primaryimage\",\"url\":\"https:\\\/\\\/www.anovapeneira.gal\\\/wp-content\\\/uploads\\\/2023\\\/10\\\/Hoquei_Ponteareas.jpg\",\"contentUrl\":\"https:\\\/\\\/www.anovapeneira.gal\\\/wp-content\\\/uploads\\\/2023\\\/10\\\/Hoquei_Ponteareas.jpg\",\"width\":720,\"height\":432,\"caption\":\"Hoquei Ponteareas\"},{\"@type\":\"BreadcrumbList\",\"@id\":\"https:\\\/\\\/www.anovapeneira.gal\\\/index.php\\\/2023\\\/10\\\/10\\\/ponteareas-volve-vibrar-co-hockey-nas-suas-festas-de-setembro\\\/#breadcrumb\",\"itemListElement\":[{\"@type\":\"ListItem\",\"position\":1,\"name\":\"Portada\",\"item\":\"https:\\\/\\\/www.anovapeneira.gal\\\/\"},{\"@type\":\"ListItem\",\"position\":2,\"name\":\"Ponteareas volve vibrar co H\u00f3ckey nas s\u00faas festas de setembro\"}]},{\"@type\":\"WebSite\",\"@id\":\"https:\\\/\\\/www.anovapeneira.gal\\\/#website\",\"url\":\"https:\\\/\\\/www.anovapeneira.gal\\\/\",\"name\":\"\",\"description\":\"Xornal galego de informaci\u00f3n xeral Publicaci\u00f3n mensual de novas de Galicia e en especial dos Concellos da sur da provincia de Pontevedra.\",\"publisher\":{\"@id\":\"https:\\\/\\\/www.anovapeneira.gal\\\/#organization\"},\"potentialAction\":[{\"@type\":\"SearchAction\",\"target\":{\"@type\":\"EntryPoint\",\"urlTemplate\":\"https:\\\/\\\/www.anovapeneira.gal\\\/?s={search_term_string}\"},\"query-input\":{\"@type\":\"PropertyValueSpecification\",\"valueRequired\":true,\"valueName\":\"search_term_string\"}}],\"inLanguage\":\"gl-ES\"},{\"@type\":\"Organization\",\"@id\":\"https:\\\/\\\/www.anovapeneira.gal\\\/#organization\",\"name\":\"A Nova Peneira\",\"url\":\"https:\\\/\\\/www.anovapeneira.gal\\\/\",\"logo\":{\"@type\":\"ImageObject\",\"inLanguage\":\"gl-ES\",\"@id\":\"https:\\\/\\\/www.anovapeneira.gal\\\/#\\\/schema\\\/logo\\\/image\\\/\",\"url\":\"http:\\\/\\\/www.anovapeneira.gal\\\/wp-content\\\/uploads\\\/2019\\\/06\\\/logo_a_nova_peneira_portal_web.png\",\"contentUrl\":\"http:\\\/\\\/www.anovapeneira.gal\\\/wp-content\\\/uploads\\\/2019\\\/06\\\/logo_a_nova_peneira_portal_web.png\",\"width\":300,\"height\":100,\"caption\":\"A Nova Peneira\"},\"image\":{\"@id\":\"https:\\\/\\\/www.anovapeneira.gal\\\/#\\\/schema\\\/logo\\\/image\\\/\"},\"sameAs\":[\"https:\\\/\\\/www.facebook.com\\\/anovapeneira\",\"https:\\\/\\\/x.com\\\/APeneira\"]},{\"@type\":\"Person\",\"@id\":\"https:\\\/\\\/www.anovapeneira.gal\\\/#\\\/schema\\\/person\\\/b93e3f8932e3f8da96334607eb6ac6aa\",\"name\":\"Redacci\u00f3n A Nova Peneira\",\"image\":{\"@type\":\"ImageObject\",\"inLanguage\":\"gl-ES\",\"@id\":\"https:\\\/\\\/secure.gravatar.com\\\/avatar\\\/c052a2551a06e23fac63626232eaa90abd78dbcf1700fc46a2b2c89fd27b735f?s=96&d=mm&r=g\",\"url\":\"https:\\\/\\\/secure.gravatar.com\\\/avatar\\\/c052a2551a06e23fac63626232eaa90abd78dbcf1700fc46a2b2c89fd27b735f?s=96&d=mm&r=g\",\"contentUrl\":\"https:\\\/\\\/secure.gravatar.com\\\/avatar\\\/c052a2551a06e23fac63626232eaa90abd78dbcf1700fc46a2b2c89fd27b735f?s=96&d=mm&r=g\",\"caption\":\"Redacci\u00f3n A Nova Peneira\"},\"sameAs\":[\"http:\\\/\\\/www.anovapeneira.gal\\\/\"],\"url\":\"https:\\\/\\\/www.anovapeneira.gal\\\/index.php\\\/author\\\/redactor\\\/\"}]}<\/script>\n<!-- \/ Yoast SEO plugin. -->","yoast_head_json":{"title":"Ponteareas volve vibrar co H\u00f3ckey nas s\u00faas festas de setembro -","description":"O pasado 30 de setembro, no marco das festas da vila do Corpus , Ponteareas acolleu un espectacular torneo de H\u00f3ckey que reuniu a arredor de 200 participantes , nenos e nenas practicando deporte , e que culminou cun partido s\u00e9nior entre os equipos femininos de Ponteareas e de Cambre, ambos da 2\u00ba categor\u00eda m\u00e1is importante do estado Espa\u00f1ol","robots":{"index":"index","follow":"follow","max-snippet":"max-snippet:-1","max-image-preview":"max-image-preview:large","max-video-preview":"max-video-preview:-1"},"canonical":"https:\/\/www.anovapeneira.gal\/index.php\/2023\/10\/10\/ponteareas-volve-vibrar-co-hockey-nas-suas-festas-de-setembro\/","og_locale":"gl_ES","og_type":"article","og_title":"Ponteareas volve vibrar co H\u00f3ckey nas s\u00faas festas de setembro -","og_description":"O pasado 30 de setembro, no marco das festas da vila do Corpus , Ponteareas acolleu un espectacular torneo de H\u00f3ckey que reuniu a arredor de 200 participantes , nenos e nenas practicando deporte , e que culminou cun partido s\u00e9nior entre os equipos femininos de Ponteareas e de Cambre, ambos da 2\u00ba categor\u00eda m\u00e1is importante do estado Espa\u00f1ol","og_url":"https:\/\/www.anovapeneira.gal\/index.php\/2023\/10\/10\/ponteareas-volve-vibrar-co-hockey-nas-suas-festas-de-setembro\/","article_publisher":"https:\/\/www.facebook.com\/anovapeneira","article_published_time":"2023-10-10T08:00:17+00:00","og_image":[{"width":720,"height":432,"url":"https:\/\/www.anovapeneira.gal\/wp-content\/uploads\/2023\/10\/Hoquei_Ponteareas.jpg","type":"image\/jpeg"}],"author":"Redacci\u00f3n A Nova Peneira","twitter_card":"summary_large_image","twitter_creator":"@APeneira","twitter_site":"@APeneira","twitter_misc":{"Escrito por":"Redacci\u00f3n A Nova Peneira","Tempo de lectura":"2 minutos"},"schema":{"@context":"https:\/\/schema.org","@graph":[{"@type":"Article","@id":"https:\/\/www.anovapeneira.gal\/index.php\/2023\/10\/10\/ponteareas-volve-vibrar-co-hockey-nas-suas-festas-de-setembro\/#article","isPartOf":{"@id":"https:\/\/www.anovapeneira.gal\/index.php\/2023\/10\/10\/ponteareas-volve-vibrar-co-hockey-nas-suas-festas-de-setembro\/"},"author":{"name":"Redacci\u00f3n A Nova Peneira","@id":"https:\/\/www.anovapeneira.gal\/#\/schema\/person\/b93e3f8932e3f8da96334607eb6ac6aa"},"headline":"Ponteareas volve vibrar co H\u00f3ckey nas s\u00faas festas de setembro","datePublished":"2023-10-10T08:00:17+00:00","mainEntityOfPage":{"@id":"https:\/\/www.anovapeneira.gal\/index.php\/2023\/10\/10\/ponteareas-volve-vibrar-co-hockey-nas-suas-festas-de-setembro\/"},"wordCount":823,"commentCount":0,"publisher":{"@id":"https:\/\/www.anovapeneira.gal\/#organization"},"image":{"@id":"https:\/\/www.anovapeneira.gal\/index.php\/2023\/10\/10\/ponteareas-volve-vibrar-co-hockey-nas-suas-festas-de-setembro\/#primaryimage"},"thumbnailUrl":"https:\/\/www.anovapeneira.gal\/wp-content\/uploads\/2023\/10\/Hoquei_Ponteareas.jpg","keywords":["Concello de Ponteareas"],"articleSection":["Condado"],"inLanguage":"gl-ES","potentialAction":[{"@type":"CommentAction","name":"Comment","target":["https:\/\/www.anovapeneira.gal\/index.php\/2023\/10\/10\/ponteareas-volve-vibrar-co-hockey-nas-suas-festas-de-setembro\/#respond"]}]},{"@type":"WebPage","@id":"https:\/\/www.anovapeneira.gal\/index.php\/2023\/10\/10\/ponteareas-volve-vibrar-co-hockey-nas-suas-festas-de-setembro\/","url":"https:\/\/www.anovapeneira.gal\/index.php\/2023\/10\/10\/ponteareas-volve-vibrar-co-hockey-nas-suas-festas-de-setembro\/","name":"Ponteareas volve vibrar co H\u00f3ckey nas s\u00faas festas de setembro -","isPartOf":{"@id":"https:\/\/www.anovapeneira.gal\/#website"},"primaryImageOfPage":{"@id":"https:\/\/www.anovapeneira.gal\/index.php\/2023\/10\/10\/ponteareas-volve-vibrar-co-hockey-nas-suas-festas-de-setembro\/#primaryimage"},"image":{"@id":"https:\/\/www.anovapeneira.gal\/index.php\/2023\/10\/10\/ponteareas-volve-vibrar-co-hockey-nas-suas-festas-de-setembro\/#primaryimage"},"thumbnailUrl":"https:\/\/www.anovapeneira.gal\/wp-content\/uploads\/2023\/10\/Hoquei_Ponteareas.jpg","datePublished":"2023-10-10T08:00:17+00:00","description":"O pasado 30 de setembro, no marco das festas da vila do Corpus , Ponteareas acolleu un espectacular torneo de H\u00f3ckey que reuniu a arredor de 200 participantes , nenos e nenas practicando deporte , e que culminou cun partido s\u00e9nior entre os equipos femininos de Ponteareas e de Cambre, ambos da 2\u00ba categor\u00eda m\u00e1is importante do estado Espa\u00f1ol","breadcrumb":{"@id":"https:\/\/www.anovapeneira.gal\/index.php\/2023\/10\/10\/ponteareas-volve-vibrar-co-hockey-nas-suas-festas-de-setembro\/#breadcrumb"},"inLanguage":"gl-ES","potentialAction":[{"@type":"ReadAction","target":["https:\/\/www.anovapeneira.gal\/index.php\/2023\/10\/10\/ponteareas-volve-vibrar-co-hockey-nas-suas-festas-de-setembro\/"]}]},{"@type":"ImageObject","inLanguage":"gl-ES","@id":"https:\/\/www.anovapeneira.gal\/index.php\/2023\/10\/10\/ponteareas-volve-vibrar-co-hockey-nas-suas-festas-de-setembro\/#primaryimage","url":"https:\/\/www.anovapeneira.gal\/wp-content\/uploads\/2023\/10\/Hoquei_Ponteareas.jpg","contentUrl":"https:\/\/www.anovapeneira.gal\/wp-content\/uploads\/2023\/10\/Hoquei_Ponteareas.jpg","width":720,"height":432,"caption":"Hoquei Ponteareas"},{"@type":"BreadcrumbList","@id":"https:\/\/www.anovapeneira.gal\/index.php\/2023\/10\/10\/ponteareas-volve-vibrar-co-hockey-nas-suas-festas-de-setembro\/#breadcrumb","itemListElement":[{"@type":"ListItem","position":1,"name":"Portada","item":"https:\/\/www.anovapeneira.gal\/"},{"@type":"ListItem","position":2,"name":"Ponteareas volve vibrar co H\u00f3ckey nas s\u00faas festas de setembro"}]},{"@type":"WebSite","@id":"https:\/\/www.anovapeneira.gal\/#website","url":"https:\/\/www.anovapeneira.gal\/","name":"","description":"Xornal galego de informaci\u00f3n xeral Publicaci\u00f3n mensual de novas de Galicia e en especial dos Concellos da sur da provincia de Pontevedra.","publisher":{"@id":"https:\/\/www.anovapeneira.gal\/#organization"},"potentialAction":[{"@type":"SearchAction","target":{"@type":"EntryPoint","urlTemplate":"https:\/\/www.anovapeneira.gal\/?s={search_term_string}"},"query-input":{"@type":"PropertyValueSpecification","valueRequired":true,"valueName":"search_term_string"}}],"inLanguage":"gl-ES"},{"@type":"Organization","@id":"https:\/\/www.anovapeneira.gal\/#organization","name":"A Nova Peneira","url":"https:\/\/www.anovapeneira.gal\/","logo":{"@type":"ImageObject","inLanguage":"gl-ES","@id":"https:\/\/www.anovapeneira.gal\/#\/schema\/logo\/image\/","url":"http:\/\/www.anovapeneira.gal\/wp-content\/uploads\/2019\/06\/logo_a_nova_peneira_portal_web.png","contentUrl":"http:\/\/www.anovapeneira.gal\/wp-content\/uploads\/2019\/06\/logo_a_nova_peneira_portal_web.png","width":300,"height":100,"caption":"A Nova Peneira"},"image":{"@id":"https:\/\/www.anovapeneira.gal\/#\/schema\/logo\/image\/"},"sameAs":["https:\/\/www.facebook.com\/anovapeneira","https:\/\/x.com\/APeneira"]},{"@type":"Person","@id":"https:\/\/www.anovapeneira.gal\/#\/schema\/person\/b93e3f8932e3f8da96334607eb6ac6aa","name":"Redacci\u00f3n A Nova Peneira","image":{"@type":"ImageObject","inLanguage":"gl-ES","@id":"https:\/\/secure.gravatar.com\/avatar\/c052a2551a06e23fac63626232eaa90abd78dbcf1700fc46a2b2c89fd27b735f?s=96&d=mm&r=g","url":"https:\/\/secure.gravatar.com\/avatar\/c052a2551a06e23fac63626232eaa90abd78dbcf1700fc46a2b2c89fd27b735f?s=96&d=mm&r=g","contentUrl":"https:\/\/secure.gravatar.com\/avatar\/c052a2551a06e23fac63626232eaa90abd78dbcf1700fc46a2b2c89fd27b735f?s=96&d=mm&r=g","caption":"Redacci\u00f3n A Nova Peneira"},"sameAs":["http:\/\/www.anovapeneira.gal\/"],"url":"https:\/\/www.anovapeneira.gal\/index.php\/author\/redactor\/"}]}},"jetpack_featured_media_url":"https:\/\/www.anovapeneira.gal\/wp-content\/uploads\/2023\/10\/Hoquei_Ponteareas.jpg","_links":{"self":[{"href":"https:\/\/www.anovapeneira.gal\/index.php\/wp-json\/wp\/v2\/posts\/10574","targetHints":{"allow":["GET"]}}],"collection":[{"href":"https:\/\/www.anovapeneira.gal\/index.php\/wp-json\/wp\/v2\/posts"}],"about":[{"href":"https:\/\/www.anovapeneira.gal\/index.php\/wp-json\/wp\/v2\/types\/post"}],"author":[{"embeddable":true,"href":"https:\/\/www.anovapeneira.gal\/index.php\/wp-json\/wp\/v2\/users\/3"}],"replies":[{"embeddable":true,"href":"https:\/\/www.anovapeneira.gal\/index.php\/wp-json\/wp\/v2\/comments?post=10574"}],"version-history":[{"count":1,"href":"https:\/\/www.anovapeneira.gal\/index.php\/wp-json\/wp\/v2\/posts\/10574\/revisions"}],"predecessor-version":[{"id":10575,"href":"https:\/\/www.anovapeneira.gal\/index.php\/wp-json\/wp\/v2\/posts\/10574\/revisions\/10575"}],"wp:featuredmedia":[{"embeddable":true,"href":"https:\/\/www.anovapeneira.gal\/index.php\/wp-json\/wp\/v2\/media\/10576"}],"wp:attachment":[{"href":"https:\/\/www.anovapeneira.gal\/index.php\/wp-json\/wp\/v2\/media?parent=10574"}],"wp:term":[{"taxonomy":"category","embeddable":true,"href":"https:\/\/www.anovapeneira.gal\/index.php\/wp-json\/wp\/v2\/categories?post=10574"},{"taxonomy":"post_tag","embeddable":true,"href":"https:\/\/www.anovapeneira.gal\/index.php\/wp-json\/wp\/v2\/tags?post=10574"}],"curies":[{"name":"wp","href":"https:\/\/api.w.org\/{rel}","templated":true}]}}