{"id":10588,"date":"2023-10-11T12:00:08","date_gmt":"2023-10-11T10:00:08","guid":{"rendered":"https:\/\/www.anovapeneira.gal\/?p=10588"},"modified":"2023-10-09T13:05:36","modified_gmt":"2023-10-09T11:05:36","slug":"a-mesa-exixe-o-cumprimento-da-iniciativa-xabarin-dous-anos-despois-da-sua-aprobacion-por-unanimidade-no-parlamento-galego","status":"publish","type":"post","link":"https:\/\/www.anovapeneira.gal\/index.php\/2023\/10\/11\/a-mesa-exixe-o-cumprimento-da-iniciativa-xabarin-dous-anos-despois-da-sua-aprobacion-por-unanimidade-no-parlamento-galego\/","title":{"rendered":"A Mesa exixe o cumprimento da Iniciativa Xabar\u00edn, dous anos despois da s\u00faa aprobaci\u00f3n por unanimidade no Parlamento galego"},"content":{"rendered":"\n<p><strong>Santiago de Compostela, 5 de outubro de 2023.<\/strong><\/p>\n\n\n\n<p>A Iniciativa Xabar\u00edn pola programaci\u00f3n infantil e xuvenil en galego na televisi\u00f3n aprobouse por unanimdade no Parlamento galego en maio de 2021, despois de meses sumando o apoio de ducias de colectivos e de m\u00e1is de 33.000 persoas. Sen embargo, seguen sen cumprirse acordo parlamentar e dos aspectos favor\u00e1beis ao galego da lexislaci\u00f3n estatal. A Mesa pola normalizaci\u00f3n ling\u00fc\u00edstica lanza hoxe unha campa\u00f1a para exixir o seu cumprimento, &#8220;xa&#8221;, por parte da TVG e de TVE.<\/p>\n\n\n\n<p>O acordo parlamentar promovido pola Mesa con amplo apoio social recoll\u00eda que a TVG &#8220;aumentar\u00eda a oferta en galego destinada \u00e1 infancia e \u00e1 mocidade, a trav\u00e9s do reforzo e a promoci\u00f3n das 4 canles Xabar\u00edn&#8221; e que &#8220;o sinal destas canles ser\u00eda distribu\u00eddo a trav\u00e9s dos paquetes b\u00e1sicos das operadoras de televisi\u00f3n por fibra \u00f3ptica, sat\u00e9lite, adsl e tecnolox\u00eda m\u00f3bil&#8221;, con &#8220;programaci\u00f3n dirixida ao p\u00fablico infantil e xuvenil e dispo\u00f1ible en todos os dispositivos e plataformas de contidos audiovisuais, as\u00ed como aplicaci\u00f3ns actualizadas\u201d. Por\u00e9n, advirte o presidente da asocaci\u00f3n en defensa da lingua, Marcos Maceira, &#8220;a realidade \u00e9 que a d\u00eda de hoxe nada disto existe&#8221;. &#8220;Pola contra&#8221;, abunda Maceira, &#8220;a programaci\u00f3n infantil e xuvenil en galego \u00e9 apenas o 0,83% da dispo\u00f1\u00edbel nas operadoras de televisi\u00f3n e a TVG reduciu o espazo reservado a esta programaci\u00f3n na segunda canle&#8221;.<\/p>\n\n\n\n<p>En relaci\u00f3n a TVE, o acordo do Parlamento galego instaba \u00e1 dobraxe e \u00e1 lexendaxe na s\u00faa canle infantil e a disposici\u00f3n adicional 5\u00aa da nova lei do audiovisual obriga a facelo nos contidos destinados a menores de 12 anos. Sen embargo, denuncia o presidente da Mesa, &#8220;o galego est\u00e1 dispo\u00f1\u00edbel en 0% das s\u00faas emisi\u00f3ns na canle tem\u00e1tica Clan&#8221;.<\/p>\n\n\n\n<p>&#8220;\u00c9 lament\u00e1bel que haxa que reaxir para se cumprir a lei e os acordos un\u00e1nimes do Parlamento galego&#8221;, abunda Maceira, &#8220;mais as fobia ao galego de Alfonso Rueda non pode estar por riba da demanda cidad\u00e1 de que a TVG impulse a oferta en galego para nenos e nenas&#8221;. &#8220;Estase a impedir que a infancia e a mocidade galega te\u00f1a unha m\u00ednima posibilidade de acceso a contidos audiovisuais televisivos orientados a ela&#8221;, denuncia Maceira, &#8220;para iso o presidente Rueda non dubida en boicotar directamente unha decisi\u00f3n do Parlamento sobre a TVG&#8221;. &#8220;Esta actitude fortalece tam\u00e9n o desprezo polo galego da actual direcci\u00f3n de RTVE&#8221;, incide, &#8220;que act\u00faa como se o galego, simplesmente non existise e non tivese estatus legal neng\u00fan&#8221;.<\/p>\n\n\n\n<p>&#8220;Os poderes p\u00fablicos te\u00f1en obriga de promoci\u00f3n do galego e as televisi\u00f3ns p\u00fablicas te\u00f1en que estar ao servizo da sociedade&#8221;, remata Marcos Maceira, &#8220;tanto a TVG como TVE deben favorecer o acceso das crianzas \u00e1 s\u00faa lingua. Xa abonda de incumprir todos os acordos e leis favor\u00e1beis ao idioma de Galiza&#8221;.<\/p>\n\n\n\n<p>A campa\u00f1a, que xa se pode asinar online na ligaz\u00f3n https:\/\/www.amesa.gal\/manifestos\/xabarin-xa\/ tam\u00e9n contar\u00e1 coa posibilidade de asinar en papel e procurar\u00e1 de novo os apoios das entidades sociais, centros de ensino ou concellos. As sinaturas recollidas ser\u00e1n entregadas \u00e1 Xunta de Galiza, TVG, Ministerio de Asuntos econ\u00f3micos e dixitalizaci\u00f3n e a TVE.<\/p>\n","protected":false},"excerpt":{"rendered":"<div class=\"mh-excerpt\"><p>A Iniciativa Xabar\u00edn pola programaci\u00f3n infantil e xuvenil en galego na televisi\u00f3n aprobouse por unanimdade no Parlamento galego en maio de 2021, despois de meses sumando o apoio de ducias de colectivos e de m\u00e1is de 33.000 persoas <a class=\"mh-excerpt-more\" href=\"https:\/\/www.anovapeneira.gal\/index.php\/2023\/10\/11\/a-mesa-exixe-o-cumprimento-da-iniciativa-xabarin-dous-anos-despois-da-sua-aprobacion-por-unanimidade-no-parlamento-galego\/\" title=\"A Mesa exixe o cumprimento da Iniciativa Xabar\u00edn, dous anos despois da s\u00faa aprobaci\u00f3n por unanimidade no Parlamento galego\">[&#8230;]<\/a><\/p>\n<\/div>","protected":false},"author":3,"featured_media":10590,"comment_status":"open","ping_status":"open","sticky":false,"template":"","format":"standard","meta":{"_exactmetrics_skip_tracking":false,"_exactmetrics_sitenote_active":false,"_exactmetrics_sitenote_note":"","_exactmetrics_sitenote_category":0,"footnotes":""},"categories":[263],"tags":[],"class_list":{"0":"post-10588","1":"post","2":"type-post","3":"status-publish","4":"format-standard","5":"has-post-thumbnail","7":"category-novas"},"yoast_head":"<!-- This site is optimized with the Yoast SEO plugin v27.4 - https:\/\/yoast.com\/product\/yoast-seo-wordpress\/ -->\n<title>A Mesa exixe o cumprimento da Iniciativa Xabar\u00edn, dous anos despois da s\u00faa aprobaci\u00f3n por unanimidade no Parlamento galego -<\/title>\n<meta name=\"description\" content=\"A Iniciativa Xabar\u00edn pola programaci\u00f3n infantil e xuvenil en galego na televisi\u00f3n aprobouse por unanimdade no Parlamento galego en maio de 2021, despois de meses sumando o apoio de ducias de colectivos e de m\u00e1is de 33.000 persoas\" \/>\n<meta name=\"robots\" content=\"index, follow, max-snippet:-1, max-image-preview:large, max-video-preview:-1\" \/>\n<link rel=\"canonical\" href=\"https:\/\/www.anovapeneira.gal\/index.php\/2023\/10\/11\/a-mesa-exixe-o-cumprimento-da-iniciativa-xabarin-dous-anos-despois-da-sua-aprobacion-por-unanimidade-no-parlamento-galego\/\" \/>\n<meta property=\"og:locale\" content=\"gl_ES\" \/>\n<meta property=\"og:type\" content=\"article\" \/>\n<meta property=\"og:title\" content=\"A Mesa exixe o cumprimento da Iniciativa Xabar\u00edn, dous anos despois da s\u00faa aprobaci\u00f3n por unanimidade no Parlamento galego -\" \/>\n<meta property=\"og:description\" content=\"A Iniciativa Xabar\u00edn pola programaci\u00f3n infantil e xuvenil en galego na televisi\u00f3n aprobouse por unanimdade no Parlamento galego en maio de 2021, despois de meses sumando o apoio de ducias de colectivos e de m\u00e1is de 33.000 persoas\" \/>\n<meta property=\"og:url\" content=\"https:\/\/www.anovapeneira.gal\/index.php\/2023\/10\/11\/a-mesa-exixe-o-cumprimento-da-iniciativa-xabarin-dous-anos-despois-da-sua-aprobacion-por-unanimidade-no-parlamento-galego\/\" \/>\n<meta property=\"article:publisher\" content=\"https:\/\/www.facebook.com\/anovapeneira\" \/>\n<meta property=\"article:published_time\" content=\"2023-10-11T10:00:08+00:00\" \/>\n<meta property=\"og:image\" content=\"https:\/\/www.anovapeneira.gal\/wp-content\/uploads\/2023\/10\/xabarin.jpg\" \/>\n\t<meta property=\"og:image:width\" content=\"720\" \/>\n\t<meta property=\"og:image:height\" content=\"432\" \/>\n\t<meta property=\"og:image:type\" content=\"image\/jpeg\" \/>\n<meta name=\"author\" content=\"Redacci\u00f3n A Nova Peneira\" \/>\n<meta name=\"twitter:card\" content=\"summary_large_image\" \/>\n<meta name=\"twitter:creator\" content=\"@APeneira\" \/>\n<meta name=\"twitter:site\" content=\"@APeneira\" \/>\n<meta name=\"twitter:label1\" content=\"Escrito por\" \/>\n\t<meta name=\"twitter:data1\" content=\"Redacci\u00f3n A Nova Peneira\" \/>\n\t<meta name=\"twitter:label2\" content=\"Tempo de lectura\" \/>\n\t<meta name=\"twitter:data2\" content=\"3 minutos\" \/>\n<script type=\"application\/ld+json\" class=\"yoast-schema-graph\">{\"@context\":\"https:\\\/\\\/schema.org\",\"@graph\":[{\"@type\":\"Article\",\"@id\":\"https:\\\/\\\/www.anovapeneira.gal\\\/index.php\\\/2023\\\/10\\\/11\\\/a-mesa-exixe-o-cumprimento-da-iniciativa-xabarin-dous-anos-despois-da-sua-aprobacion-por-unanimidade-no-parlamento-galego\\\/#article\",\"isPartOf\":{\"@id\":\"https:\\\/\\\/www.anovapeneira.gal\\\/index.php\\\/2023\\\/10\\\/11\\\/a-mesa-exixe-o-cumprimento-da-iniciativa-xabarin-dous-anos-despois-da-sua-aprobacion-por-unanimidade-no-parlamento-galego\\\/\"},\"author\":{\"name\":\"Redacci\u00f3n A Nova Peneira\",\"@id\":\"https:\\\/\\\/www.anovapeneira.gal\\\/#\\\/schema\\\/person\\\/b93e3f8932e3f8da96334607eb6ac6aa\"},\"headline\":\"A Mesa exixe o cumprimento da Iniciativa Xabar\u00edn, dous anos despois da s\u00faa aprobaci\u00f3n por unanimidade no Parlamento galego\",\"datePublished\":\"2023-10-11T10:00:08+00:00\",\"mainEntityOfPage\":{\"@id\":\"https:\\\/\\\/www.anovapeneira.gal\\\/index.php\\\/2023\\\/10\\\/11\\\/a-mesa-exixe-o-cumprimento-da-iniciativa-xabarin-dous-anos-despois-da-sua-aprobacion-por-unanimidade-no-parlamento-galego\\\/\"},\"wordCount\":580,\"commentCount\":0,\"publisher\":{\"@id\":\"https:\\\/\\\/www.anovapeneira.gal\\\/#organization\"},\"image\":{\"@id\":\"https:\\\/\\\/www.anovapeneira.gal\\\/index.php\\\/2023\\\/10\\\/11\\\/a-mesa-exixe-o-cumprimento-da-iniciativa-xabarin-dous-anos-despois-da-sua-aprobacion-por-unanimidade-no-parlamento-galego\\\/#primaryimage\"},\"thumbnailUrl\":\"https:\\\/\\\/www.anovapeneira.gal\\\/wp-content\\\/uploads\\\/2023\\\/10\\\/xabarin.jpg\",\"articleSection\":[\"Novas\"],\"inLanguage\":\"gl-ES\",\"potentialAction\":[{\"@type\":\"CommentAction\",\"name\":\"Comment\",\"target\":[\"https:\\\/\\\/www.anovapeneira.gal\\\/index.php\\\/2023\\\/10\\\/11\\\/a-mesa-exixe-o-cumprimento-da-iniciativa-xabarin-dous-anos-despois-da-sua-aprobacion-por-unanimidade-no-parlamento-galego\\\/#respond\"]}]},{\"@type\":\"WebPage\",\"@id\":\"https:\\\/\\\/www.anovapeneira.gal\\\/index.php\\\/2023\\\/10\\\/11\\\/a-mesa-exixe-o-cumprimento-da-iniciativa-xabarin-dous-anos-despois-da-sua-aprobacion-por-unanimidade-no-parlamento-galego\\\/\",\"url\":\"https:\\\/\\\/www.anovapeneira.gal\\\/index.php\\\/2023\\\/10\\\/11\\\/a-mesa-exixe-o-cumprimento-da-iniciativa-xabarin-dous-anos-despois-da-sua-aprobacion-por-unanimidade-no-parlamento-galego\\\/\",\"name\":\"A Mesa exixe o cumprimento da Iniciativa Xabar\u00edn, dous anos despois da s\u00faa aprobaci\u00f3n por unanimidade no Parlamento galego -\",\"isPartOf\":{\"@id\":\"https:\\\/\\\/www.anovapeneira.gal\\\/#website\"},\"primaryImageOfPage\":{\"@id\":\"https:\\\/\\\/www.anovapeneira.gal\\\/index.php\\\/2023\\\/10\\\/11\\\/a-mesa-exixe-o-cumprimento-da-iniciativa-xabarin-dous-anos-despois-da-sua-aprobacion-por-unanimidade-no-parlamento-galego\\\/#primaryimage\"},\"image\":{\"@id\":\"https:\\\/\\\/www.anovapeneira.gal\\\/index.php\\\/2023\\\/10\\\/11\\\/a-mesa-exixe-o-cumprimento-da-iniciativa-xabarin-dous-anos-despois-da-sua-aprobacion-por-unanimidade-no-parlamento-galego\\\/#primaryimage\"},\"thumbnailUrl\":\"https:\\\/\\\/www.anovapeneira.gal\\\/wp-content\\\/uploads\\\/2023\\\/10\\\/xabarin.jpg\",\"datePublished\":\"2023-10-11T10:00:08+00:00\",\"description\":\"A Iniciativa Xabar\u00edn pola programaci\u00f3n infantil e xuvenil en galego na televisi\u00f3n aprobouse por unanimdade no Parlamento galego en maio de 2021, despois de meses sumando o apoio de ducias de colectivos e de m\u00e1is de 33.000 persoas\",\"breadcrumb\":{\"@id\":\"https:\\\/\\\/www.anovapeneira.gal\\\/index.php\\\/2023\\\/10\\\/11\\\/a-mesa-exixe-o-cumprimento-da-iniciativa-xabarin-dous-anos-despois-da-sua-aprobacion-por-unanimidade-no-parlamento-galego\\\/#breadcrumb\"},\"inLanguage\":\"gl-ES\",\"potentialAction\":[{\"@type\":\"ReadAction\",\"target\":[\"https:\\\/\\\/www.anovapeneira.gal\\\/index.php\\\/2023\\\/10\\\/11\\\/a-mesa-exixe-o-cumprimento-da-iniciativa-xabarin-dous-anos-despois-da-sua-aprobacion-por-unanimidade-no-parlamento-galego\\\/\"]}]},{\"@type\":\"ImageObject\",\"inLanguage\":\"gl-ES\",\"@id\":\"https:\\\/\\\/www.anovapeneira.gal\\\/index.php\\\/2023\\\/10\\\/11\\\/a-mesa-exixe-o-cumprimento-da-iniciativa-xabarin-dous-anos-despois-da-sua-aprobacion-por-unanimidade-no-parlamento-galego\\\/#primaryimage\",\"url\":\"https:\\\/\\\/www.anovapeneira.gal\\\/wp-content\\\/uploads\\\/2023\\\/10\\\/xabarin.jpg\",\"contentUrl\":\"https:\\\/\\\/www.anovapeneira.gal\\\/wp-content\\\/uploads\\\/2023\\\/10\\\/xabarin.jpg\",\"width\":720,\"height\":432,\"caption\":\"A Mesa exixe o cumprimento da Iniciativa Xabar\u00edn, dous anos despois da s\u00faa aprobaci\u00f3n por unanimidade no Parlamento galego\"},{\"@type\":\"BreadcrumbList\",\"@id\":\"https:\\\/\\\/www.anovapeneira.gal\\\/index.php\\\/2023\\\/10\\\/11\\\/a-mesa-exixe-o-cumprimento-da-iniciativa-xabarin-dous-anos-despois-da-sua-aprobacion-por-unanimidade-no-parlamento-galego\\\/#breadcrumb\",\"itemListElement\":[{\"@type\":\"ListItem\",\"position\":1,\"name\":\"Portada\",\"item\":\"https:\\\/\\\/www.anovapeneira.gal\\\/\"},{\"@type\":\"ListItem\",\"position\":2,\"name\":\"A Mesa exixe o cumprimento da Iniciativa Xabar\u00edn, dous anos despois da s\u00faa aprobaci\u00f3n por unanimidade no Parlamento galego\"}]},{\"@type\":\"WebSite\",\"@id\":\"https:\\\/\\\/www.anovapeneira.gal\\\/#website\",\"url\":\"https:\\\/\\\/www.anovapeneira.gal\\\/\",\"name\":\"\",\"description\":\"Xornal galego de informaci\u00f3n xeral Publicaci\u00f3n mensual de novas de Galicia e en especial dos Concellos da sur da provincia de Pontevedra.\",\"publisher\":{\"@id\":\"https:\\\/\\\/www.anovapeneira.gal\\\/#organization\"},\"potentialAction\":[{\"@type\":\"SearchAction\",\"target\":{\"@type\":\"EntryPoint\",\"urlTemplate\":\"https:\\\/\\\/www.anovapeneira.gal\\\/?s={search_term_string}\"},\"query-input\":{\"@type\":\"PropertyValueSpecification\",\"valueRequired\":true,\"valueName\":\"search_term_string\"}}],\"inLanguage\":\"gl-ES\"},{\"@type\":\"Organization\",\"@id\":\"https:\\\/\\\/www.anovapeneira.gal\\\/#organization\",\"name\":\"A Nova Peneira\",\"url\":\"https:\\\/\\\/www.anovapeneira.gal\\\/\",\"logo\":{\"@type\":\"ImageObject\",\"inLanguage\":\"gl-ES\",\"@id\":\"https:\\\/\\\/www.anovapeneira.gal\\\/#\\\/schema\\\/logo\\\/image\\\/\",\"url\":\"http:\\\/\\\/www.anovapeneira.gal\\\/wp-content\\\/uploads\\\/2019\\\/06\\\/logo_a_nova_peneira_portal_web.png\",\"contentUrl\":\"http:\\\/\\\/www.anovapeneira.gal\\\/wp-content\\\/uploads\\\/2019\\\/06\\\/logo_a_nova_peneira_portal_web.png\",\"width\":300,\"height\":100,\"caption\":\"A Nova Peneira\"},\"image\":{\"@id\":\"https:\\\/\\\/www.anovapeneira.gal\\\/#\\\/schema\\\/logo\\\/image\\\/\"},\"sameAs\":[\"https:\\\/\\\/www.facebook.com\\\/anovapeneira\",\"https:\\\/\\\/x.com\\\/APeneira\"]},{\"@type\":\"Person\",\"@id\":\"https:\\\/\\\/www.anovapeneira.gal\\\/#\\\/schema\\\/person\\\/b93e3f8932e3f8da96334607eb6ac6aa\",\"name\":\"Redacci\u00f3n A Nova Peneira\",\"image\":{\"@type\":\"ImageObject\",\"inLanguage\":\"gl-ES\",\"@id\":\"https:\\\/\\\/secure.gravatar.com\\\/avatar\\\/c052a2551a06e23fac63626232eaa90abd78dbcf1700fc46a2b2c89fd27b735f?s=96&d=mm&r=g\",\"url\":\"https:\\\/\\\/secure.gravatar.com\\\/avatar\\\/c052a2551a06e23fac63626232eaa90abd78dbcf1700fc46a2b2c89fd27b735f?s=96&d=mm&r=g\",\"contentUrl\":\"https:\\\/\\\/secure.gravatar.com\\\/avatar\\\/c052a2551a06e23fac63626232eaa90abd78dbcf1700fc46a2b2c89fd27b735f?s=96&d=mm&r=g\",\"caption\":\"Redacci\u00f3n A Nova Peneira\"},\"sameAs\":[\"http:\\\/\\\/www.anovapeneira.gal\\\/\"],\"url\":\"https:\\\/\\\/www.anovapeneira.gal\\\/index.php\\\/author\\\/redactor\\\/\"}]}<\/script>\n<!-- \/ Yoast SEO plugin. -->","yoast_head_json":{"title":"A Mesa exixe o cumprimento da Iniciativa Xabar\u00edn, dous anos despois da s\u00faa aprobaci\u00f3n por unanimidade no Parlamento galego -","description":"A Iniciativa Xabar\u00edn pola programaci\u00f3n infantil e xuvenil en galego na televisi\u00f3n aprobouse por unanimdade no Parlamento galego en maio de 2021, despois de meses sumando o apoio de ducias de colectivos e de m\u00e1is de 33.000 persoas","robots":{"index":"index","follow":"follow","max-snippet":"max-snippet:-1","max-image-preview":"max-image-preview:large","max-video-preview":"max-video-preview:-1"},"canonical":"https:\/\/www.anovapeneira.gal\/index.php\/2023\/10\/11\/a-mesa-exixe-o-cumprimento-da-iniciativa-xabarin-dous-anos-despois-da-sua-aprobacion-por-unanimidade-no-parlamento-galego\/","og_locale":"gl_ES","og_type":"article","og_title":"A Mesa exixe o cumprimento da Iniciativa Xabar\u00edn, dous anos despois da s\u00faa aprobaci\u00f3n por unanimidade no Parlamento galego -","og_description":"A Iniciativa Xabar\u00edn pola programaci\u00f3n infantil e xuvenil en galego na televisi\u00f3n aprobouse por unanimdade no Parlamento galego en maio de 2021, despois de meses sumando o apoio de ducias de colectivos e de m\u00e1is de 33.000 persoas","og_url":"https:\/\/www.anovapeneira.gal\/index.php\/2023\/10\/11\/a-mesa-exixe-o-cumprimento-da-iniciativa-xabarin-dous-anos-despois-da-sua-aprobacion-por-unanimidade-no-parlamento-galego\/","article_publisher":"https:\/\/www.facebook.com\/anovapeneira","article_published_time":"2023-10-11T10:00:08+00:00","og_image":[{"width":720,"height":432,"url":"https:\/\/www.anovapeneira.gal\/wp-content\/uploads\/2023\/10\/xabarin.jpg","type":"image\/jpeg"}],"author":"Redacci\u00f3n A Nova Peneira","twitter_card":"summary_large_image","twitter_creator":"@APeneira","twitter_site":"@APeneira","twitter_misc":{"Escrito por":"Redacci\u00f3n A Nova Peneira","Tempo de lectura":"3 minutos"},"schema":{"@context":"https:\/\/schema.org","@graph":[{"@type":"Article","@id":"https:\/\/www.anovapeneira.gal\/index.php\/2023\/10\/11\/a-mesa-exixe-o-cumprimento-da-iniciativa-xabarin-dous-anos-despois-da-sua-aprobacion-por-unanimidade-no-parlamento-galego\/#article","isPartOf":{"@id":"https:\/\/www.anovapeneira.gal\/index.php\/2023\/10\/11\/a-mesa-exixe-o-cumprimento-da-iniciativa-xabarin-dous-anos-despois-da-sua-aprobacion-por-unanimidade-no-parlamento-galego\/"},"author":{"name":"Redacci\u00f3n A Nova Peneira","@id":"https:\/\/www.anovapeneira.gal\/#\/schema\/person\/b93e3f8932e3f8da96334607eb6ac6aa"},"headline":"A Mesa exixe o cumprimento da Iniciativa Xabar\u00edn, dous anos despois da s\u00faa aprobaci\u00f3n por unanimidade no Parlamento galego","datePublished":"2023-10-11T10:00:08+00:00","mainEntityOfPage":{"@id":"https:\/\/www.anovapeneira.gal\/index.php\/2023\/10\/11\/a-mesa-exixe-o-cumprimento-da-iniciativa-xabarin-dous-anos-despois-da-sua-aprobacion-por-unanimidade-no-parlamento-galego\/"},"wordCount":580,"commentCount":0,"publisher":{"@id":"https:\/\/www.anovapeneira.gal\/#organization"},"image":{"@id":"https:\/\/www.anovapeneira.gal\/index.php\/2023\/10\/11\/a-mesa-exixe-o-cumprimento-da-iniciativa-xabarin-dous-anos-despois-da-sua-aprobacion-por-unanimidade-no-parlamento-galego\/#primaryimage"},"thumbnailUrl":"https:\/\/www.anovapeneira.gal\/wp-content\/uploads\/2023\/10\/xabarin.jpg","articleSection":["Novas"],"inLanguage":"gl-ES","potentialAction":[{"@type":"CommentAction","name":"Comment","target":["https:\/\/www.anovapeneira.gal\/index.php\/2023\/10\/11\/a-mesa-exixe-o-cumprimento-da-iniciativa-xabarin-dous-anos-despois-da-sua-aprobacion-por-unanimidade-no-parlamento-galego\/#respond"]}]},{"@type":"WebPage","@id":"https:\/\/www.anovapeneira.gal\/index.php\/2023\/10\/11\/a-mesa-exixe-o-cumprimento-da-iniciativa-xabarin-dous-anos-despois-da-sua-aprobacion-por-unanimidade-no-parlamento-galego\/","url":"https:\/\/www.anovapeneira.gal\/index.php\/2023\/10\/11\/a-mesa-exixe-o-cumprimento-da-iniciativa-xabarin-dous-anos-despois-da-sua-aprobacion-por-unanimidade-no-parlamento-galego\/","name":"A Mesa exixe o cumprimento da Iniciativa Xabar\u00edn, dous anos despois da s\u00faa aprobaci\u00f3n por unanimidade no Parlamento galego -","isPartOf":{"@id":"https:\/\/www.anovapeneira.gal\/#website"},"primaryImageOfPage":{"@id":"https:\/\/www.anovapeneira.gal\/index.php\/2023\/10\/11\/a-mesa-exixe-o-cumprimento-da-iniciativa-xabarin-dous-anos-despois-da-sua-aprobacion-por-unanimidade-no-parlamento-galego\/#primaryimage"},"image":{"@id":"https:\/\/www.anovapeneira.gal\/index.php\/2023\/10\/11\/a-mesa-exixe-o-cumprimento-da-iniciativa-xabarin-dous-anos-despois-da-sua-aprobacion-por-unanimidade-no-parlamento-galego\/#primaryimage"},"thumbnailUrl":"https:\/\/www.anovapeneira.gal\/wp-content\/uploads\/2023\/10\/xabarin.jpg","datePublished":"2023-10-11T10:00:08+00:00","description":"A Iniciativa Xabar\u00edn pola programaci\u00f3n infantil e xuvenil en galego na televisi\u00f3n aprobouse por unanimdade no Parlamento galego en maio de 2021, despois de meses sumando o apoio de ducias de colectivos e de m\u00e1is de 33.000 persoas","breadcrumb":{"@id":"https:\/\/www.anovapeneira.gal\/index.php\/2023\/10\/11\/a-mesa-exixe-o-cumprimento-da-iniciativa-xabarin-dous-anos-despois-da-sua-aprobacion-por-unanimidade-no-parlamento-galego\/#breadcrumb"},"inLanguage":"gl-ES","potentialAction":[{"@type":"ReadAction","target":["https:\/\/www.anovapeneira.gal\/index.php\/2023\/10\/11\/a-mesa-exixe-o-cumprimento-da-iniciativa-xabarin-dous-anos-despois-da-sua-aprobacion-por-unanimidade-no-parlamento-galego\/"]}]},{"@type":"ImageObject","inLanguage":"gl-ES","@id":"https:\/\/www.anovapeneira.gal\/index.php\/2023\/10\/11\/a-mesa-exixe-o-cumprimento-da-iniciativa-xabarin-dous-anos-despois-da-sua-aprobacion-por-unanimidade-no-parlamento-galego\/#primaryimage","url":"https:\/\/www.anovapeneira.gal\/wp-content\/uploads\/2023\/10\/xabarin.jpg","contentUrl":"https:\/\/www.anovapeneira.gal\/wp-content\/uploads\/2023\/10\/xabarin.jpg","width":720,"height":432,"caption":"A Mesa exixe o cumprimento da Iniciativa Xabar\u00edn, dous anos despois da s\u00faa aprobaci\u00f3n por unanimidade no Parlamento galego"},{"@type":"BreadcrumbList","@id":"https:\/\/www.anovapeneira.gal\/index.php\/2023\/10\/11\/a-mesa-exixe-o-cumprimento-da-iniciativa-xabarin-dous-anos-despois-da-sua-aprobacion-por-unanimidade-no-parlamento-galego\/#breadcrumb","itemListElement":[{"@type":"ListItem","position":1,"name":"Portada","item":"https:\/\/www.anovapeneira.gal\/"},{"@type":"ListItem","position":2,"name":"A Mesa exixe o cumprimento da Iniciativa Xabar\u00edn, dous anos despois da s\u00faa aprobaci\u00f3n por unanimidade no Parlamento galego"}]},{"@type":"WebSite","@id":"https:\/\/www.anovapeneira.gal\/#website","url":"https:\/\/www.anovapeneira.gal\/","name":"","description":"Xornal galego de informaci\u00f3n xeral Publicaci\u00f3n mensual de novas de Galicia e en especial dos Concellos da sur da provincia de Pontevedra.","publisher":{"@id":"https:\/\/www.anovapeneira.gal\/#organization"},"potentialAction":[{"@type":"SearchAction","target":{"@type":"EntryPoint","urlTemplate":"https:\/\/www.anovapeneira.gal\/?s={search_term_string}"},"query-input":{"@type":"PropertyValueSpecification","valueRequired":true,"valueName":"search_term_string"}}],"inLanguage":"gl-ES"},{"@type":"Organization","@id":"https:\/\/www.anovapeneira.gal\/#organization","name":"A Nova Peneira","url":"https:\/\/www.anovapeneira.gal\/","logo":{"@type":"ImageObject","inLanguage":"gl-ES","@id":"https:\/\/www.anovapeneira.gal\/#\/schema\/logo\/image\/","url":"http:\/\/www.anovapeneira.gal\/wp-content\/uploads\/2019\/06\/logo_a_nova_peneira_portal_web.png","contentUrl":"http:\/\/www.anovapeneira.gal\/wp-content\/uploads\/2019\/06\/logo_a_nova_peneira_portal_web.png","width":300,"height":100,"caption":"A Nova Peneira"},"image":{"@id":"https:\/\/www.anovapeneira.gal\/#\/schema\/logo\/image\/"},"sameAs":["https:\/\/www.facebook.com\/anovapeneira","https:\/\/x.com\/APeneira"]},{"@type":"Person","@id":"https:\/\/www.anovapeneira.gal\/#\/schema\/person\/b93e3f8932e3f8da96334607eb6ac6aa","name":"Redacci\u00f3n A Nova Peneira","image":{"@type":"ImageObject","inLanguage":"gl-ES","@id":"https:\/\/secure.gravatar.com\/avatar\/c052a2551a06e23fac63626232eaa90abd78dbcf1700fc46a2b2c89fd27b735f?s=96&d=mm&r=g","url":"https:\/\/secure.gravatar.com\/avatar\/c052a2551a06e23fac63626232eaa90abd78dbcf1700fc46a2b2c89fd27b735f?s=96&d=mm&r=g","contentUrl":"https:\/\/secure.gravatar.com\/avatar\/c052a2551a06e23fac63626232eaa90abd78dbcf1700fc46a2b2c89fd27b735f?s=96&d=mm&r=g","caption":"Redacci\u00f3n A Nova Peneira"},"sameAs":["http:\/\/www.anovapeneira.gal\/"],"url":"https:\/\/www.anovapeneira.gal\/index.php\/author\/redactor\/"}]}},"jetpack_featured_media_url":"https:\/\/www.anovapeneira.gal\/wp-content\/uploads\/2023\/10\/xabarin.jpg","_links":{"self":[{"href":"https:\/\/www.anovapeneira.gal\/index.php\/wp-json\/wp\/v2\/posts\/10588","targetHints":{"allow":["GET"]}}],"collection":[{"href":"https:\/\/www.anovapeneira.gal\/index.php\/wp-json\/wp\/v2\/posts"}],"about":[{"href":"https:\/\/www.anovapeneira.gal\/index.php\/wp-json\/wp\/v2\/types\/post"}],"author":[{"embeddable":true,"href":"https:\/\/www.anovapeneira.gal\/index.php\/wp-json\/wp\/v2\/users\/3"}],"replies":[{"embeddable":true,"href":"https:\/\/www.anovapeneira.gal\/index.php\/wp-json\/wp\/v2\/comments?post=10588"}],"version-history":[{"count":2,"href":"https:\/\/www.anovapeneira.gal\/index.php\/wp-json\/wp\/v2\/posts\/10588\/revisions"}],"predecessor-version":[{"id":10591,"href":"https:\/\/www.anovapeneira.gal\/index.php\/wp-json\/wp\/v2\/posts\/10588\/revisions\/10591"}],"wp:featuredmedia":[{"embeddable":true,"href":"https:\/\/www.anovapeneira.gal\/index.php\/wp-json\/wp\/v2\/media\/10590"}],"wp:attachment":[{"href":"https:\/\/www.anovapeneira.gal\/index.php\/wp-json\/wp\/v2\/media?parent=10588"}],"wp:term":[{"taxonomy":"category","embeddable":true,"href":"https:\/\/www.anovapeneira.gal\/index.php\/wp-json\/wp\/v2\/categories?post=10588"},{"taxonomy":"post_tag","embeddable":true,"href":"https:\/\/www.anovapeneira.gal\/index.php\/wp-json\/wp\/v2\/tags?post=10588"}],"curies":[{"name":"wp","href":"https:\/\/api.w.org\/{rel}","templated":true}]}}