{"id":10592,"date":"2023-10-12T10:00:51","date_gmt":"2023-10-12T08:00:51","guid":{"rendered":"https:\/\/www.anovapeneira.gal\/?p=10592"},"modified":"2023-10-09T14:24:17","modified_gmt":"2023-10-09T12:24:17","slug":"a-desastrosa-xestion-economica-do-goberno-de-mos-conduce-ao-concello-a-mais-de-1-100-000-de-e-de-numeros-vermellos-nas-contas-do-ano-2022","status":"publish","type":"post","link":"https:\/\/www.anovapeneira.gal\/index.php\/2023\/10\/12\/a-desastrosa-xestion-economica-do-goberno-de-mos-conduce-ao-concello-a-mais-de-1-100-000-de-e-de-numeros-vermellos-nas-contas-do-ano-2022\/","title":{"rendered":"A desastrosa xesti\u00f3n econ\u00f3mica do goberno de Mos conduce ao concello a m\u00e1is de 1.100.000 de \u20ac de n\u00fameros vermellos nas contas do ano 2022"},"content":{"rendered":"\n<p><strong>No pleno do mes de setembro, celebrado o pasado d\u00eda 29, o goberno de Mos levou a aprobaci\u00f3n da conta xeral do ano 2022. Estas contas arroxaron un resultado terrible: m\u00e1is dun mill\u00f3n de \u20ac de remanente negativo, froito dunha xesti\u00f3n econ\u00f3mica nefasta: pueril, nepotista e que persigue non asegurar o benestar da cidadan\u00eda mosense sen\u00f3n atar a continuidade do propio goberno. A conta foi presentada pola concelleira de facenda Felisa Rodr\u00edguez .Ela non \u00e9 responsable do seu resultado, pois ela non formaba parte do goberno no 2022. Pero si \u00e9 responsable da s\u00faa intervenci\u00f3n , disparatada, na que alude de forma expl\u00edcita a que son o PSOE e o BNG os que te\u00f1en na s\u00faa man solucionar a desfeita econ\u00f3mica que o goberno presidido por Nidia Ar\u00e9valo causou.<\/strong><\/p>\n\n\n\n<p><strong>Xa comentei nalgunha ocasi\u00f3n que un campo do co\u00f1ecemento que me atrae especialmente \u00e9 o da metaling\u00fc\u00edstica. Entre outras cousas serve para tratar de apreciar os significados que est\u00e1n detr\u00e1s dos significantes da linguaxe xestual. E na linguaxe xestual dalg\u00fan dos membros do goberno de Mos se pod\u00eda apreciar unha manifesta incomodidade cando Felisa Rodr\u00edguez dic\u00eda o superlativo disparate seguinte:\u00b7\u201d Haber\u00eda que facer unha contenci\u00f3n da subida da inflaci\u00f3n , pero iso si, non est\u00e1 na nosa man nin na man do PP. Est\u00e1 na man dos dous partidos do grupo da oposici\u00f3n\u201d&#8230;..<\/strong><\/p>\n\n\n\n<p><strong>Que barbaridade, que indecencia, que inmoralidade\u00a1\u00a1\u00a1<\/strong><\/p>\n\n\n\n<p><strong>Todo na vida ten a s\u00faa fin, e a alcald\u00eda de Nidia Ar\u00e9valo, tardar\u00e1 m\u00e1is ou menos, pero tam\u00e9n acabar\u00e1. E cando remate e se poida falar do seu resultado sen medo , con rigor e liberdade, todos os que participaron dela van quedar retratados ante a historia. Agardo que as persoas do goberno de Mos que te\u00f1an decencia, saiban darse de conta a tempo.<\/strong><\/p>\n\n\n\n<p><strong>N\u00f3s falamos ao respecto deste asunto co responsable do BNG local, Gustavo Barcia<\/strong><\/p>\n\n\n\n<p><strong>Gustavo Barcia Portavoz do BNG de Mos<\/strong><\/p>\n\n\n\n<h2 class=\"wp-block-heading\">\u201c <strong>A situaci\u00f3n econ\u00f3mica na que queda o noso concello \u00e9 cr\u00edtica\u201d<\/strong><\/h2>\n\n\n\n<p><strong>Para quen non o saiba dinos, de maneira sinxela, que \u00e9 a conta xeral?<\/strong><\/p>\n\n\n\n<blockquote class=\"wp-block-quote is-layout-flow wp-block-quote-is-layout-flow\">\n<p>O resumo econ\u00f3mico do ano.<\/p>\n<\/blockquote>\n\n\n\n<p><strong>O grupo do BNG cando co\u00f1eceu o resultado econ\u00f3mico da conta xeral?<\/strong><\/p>\n\n\n\n<blockquote class=\"wp-block-quote is-layout-flow wp-block-quote-is-layout-flow\">\n<p>Aproximadamente d\u00faas semanas antes do pleno porque ten un proceso que a regula, e antes de sometela a aprobaci\u00f3n ten que estar en exposici\u00f3n p\u00fablica 15 d\u00edas..Antes de levala ao pleno l\u00e9vase a unha comisi\u00f3n especial de contas que \u00e9 onde se debateu.<\/p>\n<\/blockquote>\n\n\n\n<p><strong>Quen comp\u00f3n esa comisi\u00f3n especial de contas?<\/strong><\/p>\n\n\n\n<blockquote class=\"wp-block-quote is-layout-flow wp-block-quote-is-layout-flow\">\n<p>4 persoas do PP, 2 do PSOE e 1 do BNG.<\/p>\n<\/blockquote>\n\n\n\n<p><strong>Cal foi o resultado econ\u00f3mico do 2022?<\/strong><\/p>\n\n\n\n<blockquote class=\"wp-block-quote is-layout-flow wp-block-quote-is-layout-flow\">\n<p>Un remanente negativo de m\u00e1s de un mill\u00f3n cen mil \u20ac<\/p>\n<\/blockquote>\n\n\n\n<p><strong>Que \u00e9 o remanente negativo?<\/strong><\/p>\n\n\n\n<blockquote class=\"wp-block-quote is-layout-flow wp-block-quote-is-layout-flow\">\n<p>O que se gasta por riba dos cartos que hai.<\/p>\n<\/blockquote>\n\n\n\n<p><strong>\u00c9 dicir no ano 22 o goberno de Mos gastou m\u00e1is de 1.100.000\u20ac por encima do que se dispu\u00f1a para gastar?<\/strong><\/p>\n\n\n\n<blockquote class=\"wp-block-quote is-layout-flow wp-block-quote-is-layout-flow\">\n<p>Si.<\/p>\n<\/blockquote>\n\n\n\n<p><strong>Quen presentou ese resultado na comisi\u00f3n de contas?<\/strong><\/p>\n\n\n\n<blockquote class=\"wp-block-quote is-layout-flow wp-block-quote-is-layout-flow\">\n<p>A concelleira de facenda.<\/p>\n<\/blockquote>\n\n\n\n<p><strong>E con que cara presentou ese desastre econ\u00f3mico?, porque para argumentar alg\u00fan tipo de xustificaci\u00f3n racional que sustente esa xesti\u00f3n neglixente e irresponsable hai que ser un mago da dial\u00e9ctica<\/strong><\/p>\n\n\n\n<blockquote class=\"wp-block-quote is-layout-flow wp-block-quote-is-layout-flow\">\n<p>Nin a defendeu ni a explicou. E a sensaci\u00f3n que deu \u00e9 que nin se preparara nin lera a conta xeral. O curioso \u00e9 que os resultados co\u00f1\u00e9cenos desde o mes de abril.<\/p>\n<\/blockquote>\n\n\n\n<p><strong>Por que afirmas iso?<\/strong><\/p>\n\n\n\n<blockquote class=\"wp-block-quote is-layout-flow wp-block-quote-is-layout-flow\">\n<p>Porque os informes de intervenci\u00f3n est\u00e1n asinados en abril que \u00e9 cando se fixo a liquidaci\u00f3n do orzamento.<\/p>\n<\/blockquote>\n\n\n\n<p><strong>Cres que o goberno ocultou voluntariamente o resultado da conta xeral ata que pasasen as elecci\u00f3ns municipais de maio?<\/strong><\/p>\n\n\n\n<blockquote class=\"wp-block-quote is-layout-flow wp-block-quote-is-layout-flow\">\n<p>Si.<\/p>\n<\/blockquote>\n\n\n\n<p><strong>Chegamos ao pleno e a conta xeral volve presentala a concelleira de Facenda. Supo\u00f1o que a\u00ed ter\u00eda que dar alg\u00fan tipo de explicaci\u00f3n?<\/strong><\/p>\n\n\n\n<blockquote class=\"wp-block-quote is-layout-flow wp-block-quote-is-layout-flow\">\n<p>Ben , dixo que as contas eran malas si<\/p>\n<\/blockquote>\n\n\n\n<p><strong>Xa claro, pero \u00e9 que dicir o contrario estar\u00eda a altura intelectual do terraplanismo. Imaxino que explicar\u00eda as s\u00faas raz\u00f3ns de por que as contas son malas?<\/strong><\/p>\n\n\n\n<blockquote class=\"wp-block-quote is-layout-flow wp-block-quote-is-layout-flow\">\n<p>Derivou a responsabilidade \u00e1 oposici\u00f3n<\/p>\n<\/blockquote>\n\n\n\n<p><strong>Est\u00e1s de broma?<\/strong><\/p>\n\n\n\n<blockquote class=\"wp-block-quote is-layout-flow wp-block-quote-is-layout-flow\">\n<p>Non, este \u00e9 un asunto moi serio e nin se me ocorrer\u00eda facer tal cousa.<\/p>\n<\/blockquote>\n\n\n\n<p><strong>Ardo en desexos de saber como o fixo?<\/strong><\/p>\n\n\n\n<blockquote class=\"wp-block-quote is-layout-flow wp-block-quote-is-layout-flow\">\n<p>Ben, pois veu dicir que o problema era s\u00f3 a inflaci\u00f3n e que non estaba na man do goberno facer nada para evitalo, sen\u00f3n que estaba nas mans da oposici\u00f3n.<\/p>\n<\/blockquote>\n\n\n\n<p><strong>Asombroso, vexo que non asumiron ning\u00fan tipo de responsabilidade?<\/strong><\/p>\n\n\n\n<blockquote class=\"wp-block-quote is-layout-flow wp-block-quote-is-layout-flow\">\n<p>Pois si, a verdade \u00e9 que si, nin a m\u00e1is m\u00ednima. N\u00f3s xa lles respondemos que se era culpa da oposici\u00f3n que se gastasen milleiros de \u20ac en camisolas, propaganda, rotondas acesas&#8230;&#8230;e en todo tipo de cuesti\u00f3ns superfluas. Eles din que non puideron prever a suba de prezos. Algo rotundamente falso pois xa nas alegaci\u00f3n que fixemos n\u00f3s ao orzamento mencionamos que os gastos estaban mal calculados porque non prev\u00edan aumento de prezos, e os ingresos tam\u00e9n pois non eran realistas.<\/p>\n<\/blockquote>\n\n\n\n<p><strong>Formularon alg\u00fan tipo de plan econ\u00f3mico para tratar de solucionar o p\u00e9simo estado das contas?<\/strong><\/p>\n\n\n\n<blockquote class=\"wp-block-quote is-layout-flow wp-block-quote-is-layout-flow\">\n<p>Non.<\/p>\n<\/blockquote>\n\n\n\n<p><strong>En que situaci\u00f3n econ\u00f3mica queda o concello?<\/strong><\/p>\n\n\n\n<blockquote class=\"wp-block-quote is-layout-flow wp-block-quote-is-layout-flow\">\n<p>Nunha situaci\u00f3n cr\u00edtica. O remanente negativo implica que ou se asuma con cartos que haxa , algo que non \u00e9 posible porque non os hai, ou que no orzamento do ano 24 se empeza con 1.100.000\u20ac menos<\/p>\n<\/blockquote>\n","protected":false},"excerpt":{"rendered":"<div class=\"mh-excerpt\"><p>No pleno do mes de setembro, celebrado o pasado d\u00eda 29, o goberno de Mos levou a aprobaci\u00f3n da conta xeral do ano 2022 <a class=\"mh-excerpt-more\" href=\"https:\/\/www.anovapeneira.gal\/index.php\/2023\/10\/12\/a-desastrosa-xestion-economica-do-goberno-de-mos-conduce-ao-concello-a-mais-de-1-100-000-de-e-de-numeros-vermellos-nas-contas-do-ano-2022\/\" title=\"A desastrosa xesti\u00f3n econ\u00f3mica do goberno de Mos conduce ao concello a m\u00e1is de 1.100.000 de \u20ac de n\u00fameros vermellos nas contas do ano 2022\">[&#8230;]<\/a><\/p>\n<\/div>","protected":false},"author":2,"featured_media":10594,"comment_status":"open","ping_status":"open","sticky":false,"template":"","format":"standard","meta":{"_exactmetrics_skip_tracking":false,"_exactmetrics_sitenote_active":false,"_exactmetrics_sitenote_note":"","_exactmetrics_sitenote_category":0,"footnotes":""},"categories":[265],"tags":[218],"class_list":{"0":"post-10592","1":"post","2":"type-post","3":"status-publish","4":"format-standard","5":"has-post-thumbnail","7":"category-a-lourina-entrevistas","8":"tag-concello-de-mos"},"yoast_head":"<!-- This site is optimized with the Yoast SEO plugin v27.4 - https:\/\/yoast.com\/product\/yoast-seo-wordpress\/ -->\n<title>A desastrosa xesti\u00f3n econ\u00f3mica do goberno de Mos conduce ao concello a m\u00e1is de 1.100.000 de \u20ac de n\u00fameros vermellos nas contas do ano 2022 -<\/title>\n<meta name=\"description\" content=\"No pleno do mes de setembro, celebrado o pasado d\u00eda 29, o goberno de Mos levou a aprobaci\u00f3n da conta xeral do ano 2022\" \/>\n<meta name=\"robots\" content=\"index, follow, max-snippet:-1, max-image-preview:large, max-video-preview:-1\" \/>\n<link rel=\"canonical\" href=\"https:\/\/www.anovapeneira.gal\/index.php\/2023\/10\/12\/a-desastrosa-xestion-economica-do-goberno-de-mos-conduce-ao-concello-a-mais-de-1-100-000-de-e-de-numeros-vermellos-nas-contas-do-ano-2022\/\" \/>\n<meta property=\"og:locale\" content=\"gl_ES\" \/>\n<meta property=\"og:type\" content=\"article\" \/>\n<meta property=\"og:title\" content=\"A desastrosa xesti\u00f3n econ\u00f3mica do goberno de Mos conduce ao concello a m\u00e1is de 1.100.000 de \u20ac de n\u00fameros vermellos nas contas do ano 2022 -\" \/>\n<meta property=\"og:description\" content=\"No pleno do mes de setembro, celebrado o pasado d\u00eda 29, o goberno de Mos levou a aprobaci\u00f3n da conta xeral do ano 2022\" \/>\n<meta property=\"og:url\" content=\"https:\/\/www.anovapeneira.gal\/index.php\/2023\/10\/12\/a-desastrosa-xestion-economica-do-goberno-de-mos-conduce-ao-concello-a-mais-de-1-100-000-de-e-de-numeros-vermellos-nas-contas-do-ano-2022\/\" \/>\n<meta property=\"article:publisher\" content=\"https:\/\/www.facebook.com\/anovapeneira\" \/>\n<meta property=\"article:published_time\" content=\"2023-10-12T08:00:51+00:00\" \/>\n<meta property=\"og:image\" content=\"https:\/\/www.anovapeneira.gal\/wp-content\/uploads\/2023\/10\/gustavo_barcia.jpg\" \/>\n\t<meta property=\"og:image:width\" content=\"720\" \/>\n\t<meta property=\"og:image:height\" content=\"432\" \/>\n\t<meta property=\"og:image:type\" content=\"image\/jpeg\" \/>\n<meta name=\"author\" content=\"Tino Lago\" \/>\n<meta name=\"twitter:card\" content=\"summary_large_image\" \/>\n<meta name=\"twitter:creator\" content=\"@APeneira\" \/>\n<meta name=\"twitter:site\" content=\"@APeneira\" \/>\n<meta name=\"twitter:label1\" content=\"Escrito por\" \/>\n\t<meta name=\"twitter:data1\" content=\"Tino Lago\" \/>\n\t<meta name=\"twitter:label2\" content=\"Tempo de lectura\" \/>\n\t<meta name=\"twitter:data2\" content=\"3 minutos\" \/>\n<script type=\"application\/ld+json\" class=\"yoast-schema-graph\">{\"@context\":\"https:\\\/\\\/schema.org\",\"@graph\":[{\"@type\":\"Article\",\"@id\":\"https:\\\/\\\/www.anovapeneira.gal\\\/index.php\\\/2023\\\/10\\\/12\\\/a-desastrosa-xestion-economica-do-goberno-de-mos-conduce-ao-concello-a-mais-de-1-100-000-de-e-de-numeros-vermellos-nas-contas-do-ano-2022\\\/#article\",\"isPartOf\":{\"@id\":\"https:\\\/\\\/www.anovapeneira.gal\\\/index.php\\\/2023\\\/10\\\/12\\\/a-desastrosa-xestion-economica-do-goberno-de-mos-conduce-ao-concello-a-mais-de-1-100-000-de-e-de-numeros-vermellos-nas-contas-do-ano-2022\\\/\"},\"author\":{\"name\":\"Tino Lago\",\"@id\":\"https:\\\/\\\/www.anovapeneira.gal\\\/#\\\/schema\\\/person\\\/424dfe65e3070fd8a44d22d2c088762a\"},\"headline\":\"A desastrosa xesti\u00f3n econ\u00f3mica do goberno de Mos conduce ao concello a m\u00e1is de 1.100.000 de \u20ac de n\u00fameros vermellos nas contas do ano 2022\",\"datePublished\":\"2023-10-12T08:00:51+00:00\",\"mainEntityOfPage\":{\"@id\":\"https:\\\/\\\/www.anovapeneira.gal\\\/index.php\\\/2023\\\/10\\\/12\\\/a-desastrosa-xestion-economica-do-goberno-de-mos-conduce-ao-concello-a-mais-de-1-100-000-de-e-de-numeros-vermellos-nas-contas-do-ano-2022\\\/\"},\"wordCount\":949,\"commentCount\":0,\"publisher\":{\"@id\":\"https:\\\/\\\/www.anovapeneira.gal\\\/#organization\"},\"image\":{\"@id\":\"https:\\\/\\\/www.anovapeneira.gal\\\/index.php\\\/2023\\\/10\\\/12\\\/a-desastrosa-xestion-economica-do-goberno-de-mos-conduce-ao-concello-a-mais-de-1-100-000-de-e-de-numeros-vermellos-nas-contas-do-ano-2022\\\/#primaryimage\"},\"thumbnailUrl\":\"https:\\\/\\\/www.anovapeneira.gal\\\/wp-content\\\/uploads\\\/2023\\\/10\\\/gustavo_barcia.jpg\",\"keywords\":[\"Concello de Mos\"],\"articleSection\":[\"A Louri\u00f1a\"],\"inLanguage\":\"gl-ES\",\"potentialAction\":[{\"@type\":\"CommentAction\",\"name\":\"Comment\",\"target\":[\"https:\\\/\\\/www.anovapeneira.gal\\\/index.php\\\/2023\\\/10\\\/12\\\/a-desastrosa-xestion-economica-do-goberno-de-mos-conduce-ao-concello-a-mais-de-1-100-000-de-e-de-numeros-vermellos-nas-contas-do-ano-2022\\\/#respond\"]}]},{\"@type\":\"WebPage\",\"@id\":\"https:\\\/\\\/www.anovapeneira.gal\\\/index.php\\\/2023\\\/10\\\/12\\\/a-desastrosa-xestion-economica-do-goberno-de-mos-conduce-ao-concello-a-mais-de-1-100-000-de-e-de-numeros-vermellos-nas-contas-do-ano-2022\\\/\",\"url\":\"https:\\\/\\\/www.anovapeneira.gal\\\/index.php\\\/2023\\\/10\\\/12\\\/a-desastrosa-xestion-economica-do-goberno-de-mos-conduce-ao-concello-a-mais-de-1-100-000-de-e-de-numeros-vermellos-nas-contas-do-ano-2022\\\/\",\"name\":\"A desastrosa xesti\u00f3n econ\u00f3mica do goberno de Mos conduce ao concello a m\u00e1is de 1.100.000 de \u20ac de n\u00fameros vermellos nas contas do ano 2022 -\",\"isPartOf\":{\"@id\":\"https:\\\/\\\/www.anovapeneira.gal\\\/#website\"},\"primaryImageOfPage\":{\"@id\":\"https:\\\/\\\/www.anovapeneira.gal\\\/index.php\\\/2023\\\/10\\\/12\\\/a-desastrosa-xestion-economica-do-goberno-de-mos-conduce-ao-concello-a-mais-de-1-100-000-de-e-de-numeros-vermellos-nas-contas-do-ano-2022\\\/#primaryimage\"},\"image\":{\"@id\":\"https:\\\/\\\/www.anovapeneira.gal\\\/index.php\\\/2023\\\/10\\\/12\\\/a-desastrosa-xestion-economica-do-goberno-de-mos-conduce-ao-concello-a-mais-de-1-100-000-de-e-de-numeros-vermellos-nas-contas-do-ano-2022\\\/#primaryimage\"},\"thumbnailUrl\":\"https:\\\/\\\/www.anovapeneira.gal\\\/wp-content\\\/uploads\\\/2023\\\/10\\\/gustavo_barcia.jpg\",\"datePublished\":\"2023-10-12T08:00:51+00:00\",\"description\":\"No pleno do mes de setembro, celebrado o pasado d\u00eda 29, o goberno de Mos levou a aprobaci\u00f3n da conta xeral do ano 2022\",\"breadcrumb\":{\"@id\":\"https:\\\/\\\/www.anovapeneira.gal\\\/index.php\\\/2023\\\/10\\\/12\\\/a-desastrosa-xestion-economica-do-goberno-de-mos-conduce-ao-concello-a-mais-de-1-100-000-de-e-de-numeros-vermellos-nas-contas-do-ano-2022\\\/#breadcrumb\"},\"inLanguage\":\"gl-ES\",\"potentialAction\":[{\"@type\":\"ReadAction\",\"target\":[\"https:\\\/\\\/www.anovapeneira.gal\\\/index.php\\\/2023\\\/10\\\/12\\\/a-desastrosa-xestion-economica-do-goberno-de-mos-conduce-ao-concello-a-mais-de-1-100-000-de-e-de-numeros-vermellos-nas-contas-do-ano-2022\\\/\"]}]},{\"@type\":\"ImageObject\",\"inLanguage\":\"gl-ES\",\"@id\":\"https:\\\/\\\/www.anovapeneira.gal\\\/index.php\\\/2023\\\/10\\\/12\\\/a-desastrosa-xestion-economica-do-goberno-de-mos-conduce-ao-concello-a-mais-de-1-100-000-de-e-de-numeros-vermellos-nas-contas-do-ano-2022\\\/#primaryimage\",\"url\":\"https:\\\/\\\/www.anovapeneira.gal\\\/wp-content\\\/uploads\\\/2023\\\/10\\\/gustavo_barcia.jpg\",\"contentUrl\":\"https:\\\/\\\/www.anovapeneira.gal\\\/wp-content\\\/uploads\\\/2023\\\/10\\\/gustavo_barcia.jpg\",\"width\":720,\"height\":432,\"caption\":\"Gustavo Barcia BNG Mos\"},{\"@type\":\"BreadcrumbList\",\"@id\":\"https:\\\/\\\/www.anovapeneira.gal\\\/index.php\\\/2023\\\/10\\\/12\\\/a-desastrosa-xestion-economica-do-goberno-de-mos-conduce-ao-concello-a-mais-de-1-100-000-de-e-de-numeros-vermellos-nas-contas-do-ano-2022\\\/#breadcrumb\",\"itemListElement\":[{\"@type\":\"ListItem\",\"position\":1,\"name\":\"Portada\",\"item\":\"https:\\\/\\\/www.anovapeneira.gal\\\/\"},{\"@type\":\"ListItem\",\"position\":2,\"name\":\"A desastrosa xesti\u00f3n econ\u00f3mica do goberno de Mos conduce ao concello a m\u00e1is de 1.100.000 de \u20ac de n\u00fameros vermellos nas contas do ano 2022\"}]},{\"@type\":\"WebSite\",\"@id\":\"https:\\\/\\\/www.anovapeneira.gal\\\/#website\",\"url\":\"https:\\\/\\\/www.anovapeneira.gal\\\/\",\"name\":\"\",\"description\":\"Xornal galego de informaci\u00f3n xeral Publicaci\u00f3n mensual de novas de Galicia e en especial dos Concellos da sur da provincia de Pontevedra.\",\"publisher\":{\"@id\":\"https:\\\/\\\/www.anovapeneira.gal\\\/#organization\"},\"potentialAction\":[{\"@type\":\"SearchAction\",\"target\":{\"@type\":\"EntryPoint\",\"urlTemplate\":\"https:\\\/\\\/www.anovapeneira.gal\\\/?s={search_term_string}\"},\"query-input\":{\"@type\":\"PropertyValueSpecification\",\"valueRequired\":true,\"valueName\":\"search_term_string\"}}],\"inLanguage\":\"gl-ES\"},{\"@type\":\"Organization\",\"@id\":\"https:\\\/\\\/www.anovapeneira.gal\\\/#organization\",\"name\":\"A Nova Peneira\",\"url\":\"https:\\\/\\\/www.anovapeneira.gal\\\/\",\"logo\":{\"@type\":\"ImageObject\",\"inLanguage\":\"gl-ES\",\"@id\":\"https:\\\/\\\/www.anovapeneira.gal\\\/#\\\/schema\\\/logo\\\/image\\\/\",\"url\":\"http:\\\/\\\/www.anovapeneira.gal\\\/wp-content\\\/uploads\\\/2019\\\/06\\\/logo_a_nova_peneira_portal_web.png\",\"contentUrl\":\"http:\\\/\\\/www.anovapeneira.gal\\\/wp-content\\\/uploads\\\/2019\\\/06\\\/logo_a_nova_peneira_portal_web.png\",\"width\":300,\"height\":100,\"caption\":\"A Nova Peneira\"},\"image\":{\"@id\":\"https:\\\/\\\/www.anovapeneira.gal\\\/#\\\/schema\\\/logo\\\/image\\\/\"},\"sameAs\":[\"https:\\\/\\\/www.facebook.com\\\/anovapeneira\",\"https:\\\/\\\/x.com\\\/APeneira\"]},{\"@type\":\"Person\",\"@id\":\"https:\\\/\\\/www.anovapeneira.gal\\\/#\\\/schema\\\/person\\\/424dfe65e3070fd8a44d22d2c088762a\",\"name\":\"Tino Lago\",\"image\":{\"@type\":\"ImageObject\",\"inLanguage\":\"gl-ES\",\"@id\":\"https:\\\/\\\/secure.gravatar.com\\\/avatar\\\/b3df6a06e44bab3111583b90f0f33a0379ee5e3d22cbadd232d39f21c30c62be?s=96&d=mm&r=g\",\"url\":\"https:\\\/\\\/secure.gravatar.com\\\/avatar\\\/b3df6a06e44bab3111583b90f0f33a0379ee5e3d22cbadd232d39f21c30c62be?s=96&d=mm&r=g\",\"contentUrl\":\"https:\\\/\\\/secure.gravatar.com\\\/avatar\\\/b3df6a06e44bab3111583b90f0f33a0379ee5e3d22cbadd232d39f21c30c62be?s=96&d=mm&r=g\",\"caption\":\"Tino Lago\"},\"sameAs\":[\"http:\\\/\\\/www.anovapeneira.gal\"],\"url\":\"https:\\\/\\\/www.anovapeneira.gal\\\/index.php\\\/author\\\/director\\\/\"}]}<\/script>\n<!-- \/ Yoast SEO plugin. -->","yoast_head_json":{"title":"A desastrosa xesti\u00f3n econ\u00f3mica do goberno de Mos conduce ao concello a m\u00e1is de 1.100.000 de \u20ac de n\u00fameros vermellos nas contas do ano 2022 -","description":"No pleno do mes de setembro, celebrado o pasado d\u00eda 29, o goberno de Mos levou a aprobaci\u00f3n da conta xeral do ano 2022","robots":{"index":"index","follow":"follow","max-snippet":"max-snippet:-1","max-image-preview":"max-image-preview:large","max-video-preview":"max-video-preview:-1"},"canonical":"https:\/\/www.anovapeneira.gal\/index.php\/2023\/10\/12\/a-desastrosa-xestion-economica-do-goberno-de-mos-conduce-ao-concello-a-mais-de-1-100-000-de-e-de-numeros-vermellos-nas-contas-do-ano-2022\/","og_locale":"gl_ES","og_type":"article","og_title":"A desastrosa xesti\u00f3n econ\u00f3mica do goberno de Mos conduce ao concello a m\u00e1is de 1.100.000 de \u20ac de n\u00fameros vermellos nas contas do ano 2022 -","og_description":"No pleno do mes de setembro, celebrado o pasado d\u00eda 29, o goberno de Mos levou a aprobaci\u00f3n da conta xeral do ano 2022","og_url":"https:\/\/www.anovapeneira.gal\/index.php\/2023\/10\/12\/a-desastrosa-xestion-economica-do-goberno-de-mos-conduce-ao-concello-a-mais-de-1-100-000-de-e-de-numeros-vermellos-nas-contas-do-ano-2022\/","article_publisher":"https:\/\/www.facebook.com\/anovapeneira","article_published_time":"2023-10-12T08:00:51+00:00","og_image":[{"width":720,"height":432,"url":"https:\/\/www.anovapeneira.gal\/wp-content\/uploads\/2023\/10\/gustavo_barcia.jpg","type":"image\/jpeg"}],"author":"Tino Lago","twitter_card":"summary_large_image","twitter_creator":"@APeneira","twitter_site":"@APeneira","twitter_misc":{"Escrito por":"Tino Lago","Tempo de lectura":"3 minutos"},"schema":{"@context":"https:\/\/schema.org","@graph":[{"@type":"Article","@id":"https:\/\/www.anovapeneira.gal\/index.php\/2023\/10\/12\/a-desastrosa-xestion-economica-do-goberno-de-mos-conduce-ao-concello-a-mais-de-1-100-000-de-e-de-numeros-vermellos-nas-contas-do-ano-2022\/#article","isPartOf":{"@id":"https:\/\/www.anovapeneira.gal\/index.php\/2023\/10\/12\/a-desastrosa-xestion-economica-do-goberno-de-mos-conduce-ao-concello-a-mais-de-1-100-000-de-e-de-numeros-vermellos-nas-contas-do-ano-2022\/"},"author":{"name":"Tino Lago","@id":"https:\/\/www.anovapeneira.gal\/#\/schema\/person\/424dfe65e3070fd8a44d22d2c088762a"},"headline":"A desastrosa xesti\u00f3n econ\u00f3mica do goberno de Mos conduce ao concello a m\u00e1is de 1.100.000 de \u20ac de n\u00fameros vermellos nas contas do ano 2022","datePublished":"2023-10-12T08:00:51+00:00","mainEntityOfPage":{"@id":"https:\/\/www.anovapeneira.gal\/index.php\/2023\/10\/12\/a-desastrosa-xestion-economica-do-goberno-de-mos-conduce-ao-concello-a-mais-de-1-100-000-de-e-de-numeros-vermellos-nas-contas-do-ano-2022\/"},"wordCount":949,"commentCount":0,"publisher":{"@id":"https:\/\/www.anovapeneira.gal\/#organization"},"image":{"@id":"https:\/\/www.anovapeneira.gal\/index.php\/2023\/10\/12\/a-desastrosa-xestion-economica-do-goberno-de-mos-conduce-ao-concello-a-mais-de-1-100-000-de-e-de-numeros-vermellos-nas-contas-do-ano-2022\/#primaryimage"},"thumbnailUrl":"https:\/\/www.anovapeneira.gal\/wp-content\/uploads\/2023\/10\/gustavo_barcia.jpg","keywords":["Concello de Mos"],"articleSection":["A Louri\u00f1a"],"inLanguage":"gl-ES","potentialAction":[{"@type":"CommentAction","name":"Comment","target":["https:\/\/www.anovapeneira.gal\/index.php\/2023\/10\/12\/a-desastrosa-xestion-economica-do-goberno-de-mos-conduce-ao-concello-a-mais-de-1-100-000-de-e-de-numeros-vermellos-nas-contas-do-ano-2022\/#respond"]}]},{"@type":"WebPage","@id":"https:\/\/www.anovapeneira.gal\/index.php\/2023\/10\/12\/a-desastrosa-xestion-economica-do-goberno-de-mos-conduce-ao-concello-a-mais-de-1-100-000-de-e-de-numeros-vermellos-nas-contas-do-ano-2022\/","url":"https:\/\/www.anovapeneira.gal\/index.php\/2023\/10\/12\/a-desastrosa-xestion-economica-do-goberno-de-mos-conduce-ao-concello-a-mais-de-1-100-000-de-e-de-numeros-vermellos-nas-contas-do-ano-2022\/","name":"A desastrosa xesti\u00f3n econ\u00f3mica do goberno de Mos conduce ao concello a m\u00e1is de 1.100.000 de \u20ac de n\u00fameros vermellos nas contas do ano 2022 -","isPartOf":{"@id":"https:\/\/www.anovapeneira.gal\/#website"},"primaryImageOfPage":{"@id":"https:\/\/www.anovapeneira.gal\/index.php\/2023\/10\/12\/a-desastrosa-xestion-economica-do-goberno-de-mos-conduce-ao-concello-a-mais-de-1-100-000-de-e-de-numeros-vermellos-nas-contas-do-ano-2022\/#primaryimage"},"image":{"@id":"https:\/\/www.anovapeneira.gal\/index.php\/2023\/10\/12\/a-desastrosa-xestion-economica-do-goberno-de-mos-conduce-ao-concello-a-mais-de-1-100-000-de-e-de-numeros-vermellos-nas-contas-do-ano-2022\/#primaryimage"},"thumbnailUrl":"https:\/\/www.anovapeneira.gal\/wp-content\/uploads\/2023\/10\/gustavo_barcia.jpg","datePublished":"2023-10-12T08:00:51+00:00","description":"No pleno do mes de setembro, celebrado o pasado d\u00eda 29, o goberno de Mos levou a aprobaci\u00f3n da conta xeral do ano 2022","breadcrumb":{"@id":"https:\/\/www.anovapeneira.gal\/index.php\/2023\/10\/12\/a-desastrosa-xestion-economica-do-goberno-de-mos-conduce-ao-concello-a-mais-de-1-100-000-de-e-de-numeros-vermellos-nas-contas-do-ano-2022\/#breadcrumb"},"inLanguage":"gl-ES","potentialAction":[{"@type":"ReadAction","target":["https:\/\/www.anovapeneira.gal\/index.php\/2023\/10\/12\/a-desastrosa-xestion-economica-do-goberno-de-mos-conduce-ao-concello-a-mais-de-1-100-000-de-e-de-numeros-vermellos-nas-contas-do-ano-2022\/"]}]},{"@type":"ImageObject","inLanguage":"gl-ES","@id":"https:\/\/www.anovapeneira.gal\/index.php\/2023\/10\/12\/a-desastrosa-xestion-economica-do-goberno-de-mos-conduce-ao-concello-a-mais-de-1-100-000-de-e-de-numeros-vermellos-nas-contas-do-ano-2022\/#primaryimage","url":"https:\/\/www.anovapeneira.gal\/wp-content\/uploads\/2023\/10\/gustavo_barcia.jpg","contentUrl":"https:\/\/www.anovapeneira.gal\/wp-content\/uploads\/2023\/10\/gustavo_barcia.jpg","width":720,"height":432,"caption":"Gustavo Barcia BNG Mos"},{"@type":"BreadcrumbList","@id":"https:\/\/www.anovapeneira.gal\/index.php\/2023\/10\/12\/a-desastrosa-xestion-economica-do-goberno-de-mos-conduce-ao-concello-a-mais-de-1-100-000-de-e-de-numeros-vermellos-nas-contas-do-ano-2022\/#breadcrumb","itemListElement":[{"@type":"ListItem","position":1,"name":"Portada","item":"https:\/\/www.anovapeneira.gal\/"},{"@type":"ListItem","position":2,"name":"A desastrosa xesti\u00f3n econ\u00f3mica do goberno de Mos conduce ao concello a m\u00e1is de 1.100.000 de \u20ac de n\u00fameros vermellos nas contas do ano 2022"}]},{"@type":"WebSite","@id":"https:\/\/www.anovapeneira.gal\/#website","url":"https:\/\/www.anovapeneira.gal\/","name":"","description":"Xornal galego de informaci\u00f3n xeral Publicaci\u00f3n mensual de novas de Galicia e en especial dos Concellos da sur da provincia de Pontevedra.","publisher":{"@id":"https:\/\/www.anovapeneira.gal\/#organization"},"potentialAction":[{"@type":"SearchAction","target":{"@type":"EntryPoint","urlTemplate":"https:\/\/www.anovapeneira.gal\/?s={search_term_string}"},"query-input":{"@type":"PropertyValueSpecification","valueRequired":true,"valueName":"search_term_string"}}],"inLanguage":"gl-ES"},{"@type":"Organization","@id":"https:\/\/www.anovapeneira.gal\/#organization","name":"A Nova Peneira","url":"https:\/\/www.anovapeneira.gal\/","logo":{"@type":"ImageObject","inLanguage":"gl-ES","@id":"https:\/\/www.anovapeneira.gal\/#\/schema\/logo\/image\/","url":"http:\/\/www.anovapeneira.gal\/wp-content\/uploads\/2019\/06\/logo_a_nova_peneira_portal_web.png","contentUrl":"http:\/\/www.anovapeneira.gal\/wp-content\/uploads\/2019\/06\/logo_a_nova_peneira_portal_web.png","width":300,"height":100,"caption":"A Nova Peneira"},"image":{"@id":"https:\/\/www.anovapeneira.gal\/#\/schema\/logo\/image\/"},"sameAs":["https:\/\/www.facebook.com\/anovapeneira","https:\/\/x.com\/APeneira"]},{"@type":"Person","@id":"https:\/\/www.anovapeneira.gal\/#\/schema\/person\/424dfe65e3070fd8a44d22d2c088762a","name":"Tino Lago","image":{"@type":"ImageObject","inLanguage":"gl-ES","@id":"https:\/\/secure.gravatar.com\/avatar\/b3df6a06e44bab3111583b90f0f33a0379ee5e3d22cbadd232d39f21c30c62be?s=96&d=mm&r=g","url":"https:\/\/secure.gravatar.com\/avatar\/b3df6a06e44bab3111583b90f0f33a0379ee5e3d22cbadd232d39f21c30c62be?s=96&d=mm&r=g","contentUrl":"https:\/\/secure.gravatar.com\/avatar\/b3df6a06e44bab3111583b90f0f33a0379ee5e3d22cbadd232d39f21c30c62be?s=96&d=mm&r=g","caption":"Tino Lago"},"sameAs":["http:\/\/www.anovapeneira.gal"],"url":"https:\/\/www.anovapeneira.gal\/index.php\/author\/director\/"}]}},"jetpack_featured_media_url":"https:\/\/www.anovapeneira.gal\/wp-content\/uploads\/2023\/10\/gustavo_barcia.jpg","_links":{"self":[{"href":"https:\/\/www.anovapeneira.gal\/index.php\/wp-json\/wp\/v2\/posts\/10592","targetHints":{"allow":["GET"]}}],"collection":[{"href":"https:\/\/www.anovapeneira.gal\/index.php\/wp-json\/wp\/v2\/posts"}],"about":[{"href":"https:\/\/www.anovapeneira.gal\/index.php\/wp-json\/wp\/v2\/types\/post"}],"author":[{"embeddable":true,"href":"https:\/\/www.anovapeneira.gal\/index.php\/wp-json\/wp\/v2\/users\/2"}],"replies":[{"embeddable":true,"href":"https:\/\/www.anovapeneira.gal\/index.php\/wp-json\/wp\/v2\/comments?post=10592"}],"version-history":[{"count":1,"href":"https:\/\/www.anovapeneira.gal\/index.php\/wp-json\/wp\/v2\/posts\/10592\/revisions"}],"predecessor-version":[{"id":10593,"href":"https:\/\/www.anovapeneira.gal\/index.php\/wp-json\/wp\/v2\/posts\/10592\/revisions\/10593"}],"wp:featuredmedia":[{"embeddable":true,"href":"https:\/\/www.anovapeneira.gal\/index.php\/wp-json\/wp\/v2\/media\/10594"}],"wp:attachment":[{"href":"https:\/\/www.anovapeneira.gal\/index.php\/wp-json\/wp\/v2\/media?parent=10592"}],"wp:term":[{"taxonomy":"category","embeddable":true,"href":"https:\/\/www.anovapeneira.gal\/index.php\/wp-json\/wp\/v2\/categories?post=10592"},{"taxonomy":"post_tag","embeddable":true,"href":"https:\/\/www.anovapeneira.gal\/index.php\/wp-json\/wp\/v2\/tags?post=10592"}],"curies":[{"name":"wp","href":"https:\/\/api.w.org\/{rel}","templated":true}]}}