{"id":10595,"date":"2023-10-13T10:00:19","date_gmt":"2023-10-13T08:00:19","guid":{"rendered":"https:\/\/www.anovapeneira.gal\/?p=10595"},"modified":"2023-10-09T14:28:44","modified_gmt":"2023-10-09T12:28:44","slug":"pepe-ogando-concelleiro-de-ipr-na-lama","status":"publish","type":"post","link":"https:\/\/www.anovapeneira.gal\/index.php\/2023\/10\/13\/pepe-ogando-concelleiro-de-ipr-na-lama\/","title":{"rendered":"Pepe Ogando concelleiro de IPR na Lama"},"content":{"rendered":"\n<p><strong>Nas pasadas elecci\u00f3ns municipais apareceu moi pouco antes dos comicios unha nova forza de modo un tanto sorprendente. Eles son Iniciativa polo rural e , de forma moi meritoria, acadaron representaci\u00f3n no concello. Pero, de novo de maneira sorprendente, a s\u00faa cabeza de lista, Andrea Cordeiro, dimitiu antes de coller a acta que pasou a mans da persoa que \u00eda de n\u00famero dous na lista. El \u00e9 Pepe Ogando un veci\u00f1o da parroquia de Antas: l\u00facido, amable e cordial co que foi un pracer conversar.<\/strong><\/p>\n\n\n\n<p>\u201c <strong>A Lama \u00e9 o 3\u00ba concello m\u00e1is pobre de Galicia e parece que est\u00e1 loitando por ser o 1\u00ba \u201d<\/strong><\/p>\n\n\n\n<p><strong>De onde es ti natural Pepe?<\/strong><\/p>\n\n\n\n<blockquote class=\"wp-block-quote is-layout-flow wp-block-quote-is-layout-flow\">\n<p>Eu son natural de Antas , malia que como tantas e tantos galegos son fillo da emigraci\u00f3n. O meu pai e a mi\u00f1a nai, ambos de Antas, emigraron a Brasil, pois aqu\u00ed non era posible que puideran ga\u00f1ar a vida e al\u00ed nac\u00edn eu. Volv\u00edn a Antas cando ti\u00f1a 12 anos. Os meus pais sempre nos transmitiron o sentimento e o v\u00ednculo a Antas. Eles sempre tiveron moi claro que a estad\u00eda no Brasil era s\u00f3 temporal.<\/p>\n<\/blockquote>\n\n\n\n<p><strong>Unha vez que volviches que estudaches?<\/strong><\/p>\n\n\n\n<blockquote class=\"wp-block-quote is-layout-flow wp-block-quote-is-layout-flow\">\n<p>Estudei enxe\u00f1er\u00eda industrial<\/p>\n<\/blockquote>\n\n\n\n<p><strong>E a que te dedicas profesionalmente?<\/strong><\/p>\n\n\n\n<blockquote class=\"wp-block-quote is-layout-flow wp-block-quote-is-layout-flow\">\n<p>Te\u00f1o unha empresa de mobles de coci\u00f1a.<\/p>\n<\/blockquote>\n\n\n\n<p><strong>Cando se iniciou a t\u00faa vinculaci\u00f3n coa pol\u00edtica?<\/strong><\/p>\n\n\n\n<blockquote class=\"wp-block-quote is-layout-flow wp-block-quote-is-layout-flow\">\n<p>Un mes antes das elecci\u00f3ns municipais de maio.<\/p>\n<\/blockquote>\n\n\n\n<p><strong>Como se tomou a decisi\u00f3n de montar IPR?<\/strong><\/p>\n\n\n\n<blockquote class=\"wp-block-quote is-layout-flow wp-block-quote-is-layout-flow\">\n<p>Foi algo totalmente espont\u00e1neo. No mes de abril houbo unha manifestaci\u00f3n en Santiago para expresar a posici\u00f3n veci\u00f1al contraria ao parque e\u00f3lico de Monte Pe\u00f3ns. Cando volviamos no autob\u00fas comezamos a conversar e houbo como unha coincidencia xeral en que estabamos s\u00f3s, en que se queriamos defender os nosos intereses teriamos que ser n\u00f3s mesmos os que os defenderamos porque ningu\u00e9n o \u00eda facer por n\u00f3s.<\/p>\n<\/blockquote>\n\n\n\n<p><strong>Ent\u00f3n decidistes lanzarvos \u00e1 piscina?<\/strong><\/p>\n\n\n\n<blockquote class=\"wp-block-quote is-layout-flow wp-block-quote-is-layout-flow\">\n<p>Pois si, decidimos facer unha agrupaci\u00f3n de electores. Como sabes para podelo facer \u00e9 preciso presentar o 1% de sinaturas do censo electoral. N\u00f3s consegu\u00edmolas nun d\u00eda, no \u00faltimo d\u00eda.<\/p>\n<\/blockquote>\n\n\n\n<p><strong>A vosa aparici\u00f3n foi totalmente inesperada. Naquel momento UCIN, a lista de Carlos Rivero, xerara unha expectativa de cambio razoablemente s\u00f3lida e chegou a circular a teor\u00eda de que IPR era unha marca branca do PP creada para dividir o voto da oposici\u00f3n e facilitar un novo triunfo popular. Hai algo de verdade niso?<\/strong><\/p>\n\n\n\n<blockquote class=\"wp-block-quote is-layout-flow wp-block-quote-is-layout-flow\">\n<p>Nada en absoluto. \u00c9 m\u00e1is, d\u00edgoche con rotundidade que \u00e9 radicalmente falso. Resulta asombroso que se nos acuse diso cando naquel momento sufrimos insultos e difamaci\u00f3ns na parroquia de Antas como que queriamos dividir a parroquia.<\/p>\n<\/blockquote>\n\n\n\n<p><strong>Cal foi o obxectivo fundacional de IXR , s\u00f3 pelexar contra o parque e\u00f3lico?<\/strong><\/p>\n\n\n\n<blockquote class=\"wp-block-quote is-layout-flow wp-block-quote-is-layout-flow\">\n<p>Non. N\u00f3s nacemos a partir de a\u00ed, pero fix\u00e9molo para chegar \u00e1s maior\u00edas sociais do noso pobo e defender un modelo de xesti\u00f3n diferente. A Lama esmorece aos poucos, o actual goberno carece dun modelo de vila e non ten un plan para reverter a situaci\u00f3n tan mala na que estamos. Cando comezas a espallar as t\u00faas preocupaci\u00f3ns ves que \u00e9 unha inquietude compartida e que IPR ten todo o sentido do mundo.<\/p>\n<\/blockquote>\n\n\n\n<p><strong>IPR nace con vocaci\u00f3n de continuidade?<\/strong><\/p>\n\n\n\n<blockquote class=\"wp-block-quote is-layout-flow wp-block-quote-is-layout-flow\">\n<p>Si, sen d\u00fabida. Agora mesmo estamos nunha fase expansiva para tratar de chegar a todos os currunchos do noso concello.<\/p>\n<\/blockquote>\n\n\n\n<p><strong>Cal \u00e9 a orientaci\u00f3n ideol\u00f3xica de IPR?<\/strong><\/p>\n\n\n\n<blockquote class=\"wp-block-quote is-layout-flow wp-block-quote-is-layout-flow\">\n<p>Somos unha forza transversal. Temos persoas que nunhas elecci\u00f3ns galegas poden votar desde ao PP ata ao BNG. O que nos une \u00e9 o amor \u00e1 Lama e a convicci\u00f3n de que o concello precisa un cambio pol\u00edtico.<\/p>\n<\/blockquote>\n\n\n\n<p><strong>Ben, present\u00e1devos a toda presa e sacastes unha acta, algo que ten moito m\u00e9rito. O asento correspond\u00edalle \u00e1 vosa n\u00famero un, Andrea Cordeiro, unha rapaza moi solvente que de maneira sorprendente non chega a tomar posesi\u00f3n do cargo e dimite. Por que?<\/strong><\/p>\n\n\n\n<blockquote class=\"wp-block-quote is-layout-flow wp-block-quote-is-layout-flow\">\n<p>Ben, a s\u00faa decisi\u00f3n foi estritamente persoal. E non vou entrar a valorar temas persoais. S\u00f3 quero dicir que concordo contigo en que \u00e9 unha persoa moi solvente e ademais engado que apreciada, querida e respectada na Lama. O que podo dicir \u00e9 que se creo unha situaci\u00f3n de certa incomodidade que non era grata para ela e finalmente decidiu dimitir. Andrea Cordeiro ten todo o noso aprecio e todo o noso respecto. Tam\u00e9n quero dicir e isto \u00e9 unha opini\u00f3n estritamente persoal que Andrea ten todas as condici\u00f3ns para ser unha excelente alcaldesa e que no futuro acabar\u00e1 sendo alcaldesa.<\/p>\n<\/blockquote>\n\n\n\n<p><strong>Con que \u00e1nimos asumiches ti a acta de concelleiro?<\/strong><\/p>\n\n\n\n<blockquote class=\"wp-block-quote is-layout-flow wp-block-quote-is-layout-flow\">\n<p>Con todos os \u00e1nimos do mundo e con toda a ilusi\u00f3n de facer unha oposici\u00f3n construtiva , de propostas pero firme e decidida reclamando un novo modelo de goberno na Lama.<\/p>\n<\/blockquote>\n\n\n\n<p><strong>\u00c9 tan necesario un cambio na Lama?<\/strong><\/p>\n\n\n\n<blockquote class=\"wp-block-quote is-layout-flow wp-block-quote-is-layout-flow\">\n<p>\u00c9 imprescindible. A Lama \u00e9 o concello m\u00e1is pobre da provincia de Pontevedra e o 3\u00ba m\u00e1is pobre de Galicia e parece que loita por ser tam\u00e9n o 1\u00ba.<\/p>\n<\/blockquote>\n\n\n\n<p><strong>O resultado electoral na Lama pode chamar a engano. PP 7- Oposici\u00f3n 4 parece que indica unha vitoria abafadora do goberno, pero non \u00e9 as\u00ed. A diferencia entre os votos do PP e os da oposici\u00f3n son s\u00f3 143. O PP est\u00e1 sobre representado pola divisi\u00f3n da oposici\u00f3n e polo sistema electoral espa\u00f1ol que sempre lle d\u00e1 un plus ao partido m\u00e1is votado. Non \u00e9 que haxa unha situaci\u00f3n de empate t\u00e9cnico entre os partidarios do goberno e os partidarios do cambio pero est\u00e1 moi cerca. Desde IPR ides traballar para que nos pr\u00f3ximos comicios a oposici\u00f3n non estea tan divida e haxa opci\u00f3ns m\u00e1is serias de cambio pol\u00edtico?.<\/strong><\/p>\n\n\n\n<blockquote class=\"wp-block-quote is-layout-flow wp-block-quote-is-layout-flow\">\n<p>\u00c9 moi pronto para contestar a iso. O que si pode ter absolutamente claro a sociedade da Lama \u00e9 que desde IPR imos traballar arreo para mellorar as condici\u00f3ns de vida do noso pobo , e isto implica a necesidade imperiosa de que haxa un cambio pol\u00edtico. Este goberno vai por un cami\u00f1o diferente ao do interese xeral da poboaci\u00f3n da Lama.<\/p>\n<\/blockquote>\n\n\n\n<p><strong>Que relaci\u00f3ns tedes con UCIN, PSOE e BNG?<\/strong><\/p>\n\n\n\n<blockquote class=\"wp-block-quote is-layout-flow wp-block-quote-is-layout-flow\">\n<p>Moi boas.<\/p>\n<\/blockquote>\n\n\n\n<p><strong>Liches e entrevista a Carlos Rivero na \u00faltima Peneira?<\/strong><\/p>\n\n\n\n<blockquote class=\"wp-block-quote is-layout-flow wp-block-quote-is-layout-flow\">\n<p>Si.<\/p>\n<\/blockquote>\n\n\n\n<p><strong>El opina que quen segue mandando na Lama \u00e9 Jorge Canda. E ti?<\/strong><\/p>\n\n\n\n<blockquote class=\"wp-block-quote is-layout-flow wp-block-quote-is-layout-flow\">\n<p>Eu opino o mesmo.<\/p>\n<\/blockquote>\n\n\n\n<p><strong>El falaba de que exist\u00eda falta de transparencia no goberno e que cando quer\u00edan acceder a alg\u00fan expediente ti\u00f1an moitas dificultades. Cal \u00e9 a t\u00faa opini\u00f3n a este respecto?<\/strong><\/p>\n\n\n\n<blockquote class=\"wp-block-quote is-layout-flow wp-block-quote-is-layout-flow\">\n<p>A mesma. De feito presentamos ante o valedor do pobo varias queixas pola falta de informaci\u00f3n do noso goberno.<\/p>\n<\/blockquote>\n\n\n\n<p><strong>Que far\u00eda IXR se tivera ocasi\u00f3n de gobernar?<\/strong><\/p>\n\n\n\n<blockquote class=\"wp-block-quote is-layout-flow wp-block-quote-is-layout-flow\">\n<p>Desenvolver un plan que contemple un modelo de pobo que aproveite as nosas potencialidades. Somos un concello rural temos unhas potencias inmensas e non podemos estar no podio dos m\u00e1is pobres de Galicia. Isto , que \u00e9 unha desgraza, s\u00f3 se pode explicar por unha moi deficiente xesti\u00f3n .Fomentar a cooperaci\u00f3n do tecido asociativo de todas as comunidades do noso concello e outro dos nosos obxectivos m\u00e1is importantes.<\/p>\n<\/blockquote>\n\n\n\n<p><strong>O votante progresista da Lama pode seguir mantendo a esperanza de cambio?<\/strong><\/p>\n\n\n\n<blockquote class=\"wp-block-quote is-layout-flow wp-block-quote-is-layout-flow\">\n<p>Si, radicalmente si. Esta situaci\u00f3n non vai durar para sempre.<\/p>\n<\/blockquote>\n","protected":false},"excerpt":{"rendered":"<div class=\"mh-excerpt\"><p>Nas pasadas elecci\u00f3ns municipais apareceu moi pouco antes dos comicios unha nova forza de modo un tanto sorprendente <a class=\"mh-excerpt-more\" href=\"https:\/\/www.anovapeneira.gal\/index.php\/2023\/10\/13\/pepe-ogando-concelleiro-de-ipr-na-lama\/\" title=\"Pepe Ogando concelleiro de IPR na Lama\">[&#8230;]<\/a><\/p>\n<\/div>","protected":false},"author":2,"featured_media":10597,"comment_status":"open","ping_status":"open","sticky":false,"template":"","format":"standard","meta":{"_exactmetrics_skip_tracking":false,"_exactmetrics_sitenote_active":false,"_exactmetrics_sitenote_note":"","_exactmetrics_sitenote_category":0,"footnotes":""},"categories":[269],"tags":[1353],"class_list":{"0":"post-10595","1":"post","2":"type-post","3":"status-publish","4":"format-standard","5":"has-post-thumbnail","7":"category-pontevedra-entrevistas","8":"tag-concello-da-lama"},"yoast_head":"<!-- This site is optimized with the Yoast SEO plugin v27.4 - https:\/\/yoast.com\/product\/yoast-seo-wordpress\/ -->\n<title>Pepe Ogando concelleiro de IPR na Lama -<\/title>\n<meta name=\"description\" content=\"Nas pasadas elecci\u00f3ns municipais apareceu moi pouco antes dos comicios unha nova forza de modo un tanto sorprendente\" \/>\n<meta name=\"robots\" content=\"index, follow, max-snippet:-1, max-image-preview:large, max-video-preview:-1\" \/>\n<link rel=\"canonical\" href=\"https:\/\/www.anovapeneira.gal\/index.php\/2023\/10\/13\/pepe-ogando-concelleiro-de-ipr-na-lama\/\" \/>\n<meta property=\"og:locale\" content=\"gl_ES\" \/>\n<meta property=\"og:type\" content=\"article\" \/>\n<meta property=\"og:title\" content=\"Pepe Ogando concelleiro de IPR na Lama -\" \/>\n<meta property=\"og:description\" content=\"Nas pasadas elecci\u00f3ns municipais apareceu moi pouco antes dos comicios unha nova forza de modo un tanto sorprendente\" \/>\n<meta property=\"og:url\" content=\"https:\/\/www.anovapeneira.gal\/index.php\/2023\/10\/13\/pepe-ogando-concelleiro-de-ipr-na-lama\/\" \/>\n<meta property=\"article:publisher\" content=\"https:\/\/www.facebook.com\/anovapeneira\" \/>\n<meta property=\"article:published_time\" content=\"2023-10-13T08:00:19+00:00\" \/>\n<meta property=\"og:image\" content=\"https:\/\/www.anovapeneira.gal\/wp-content\/uploads\/2023\/10\/benigno_ogando.jpg\" \/>\n\t<meta property=\"og:image:width\" content=\"720\" \/>\n\t<meta property=\"og:image:height\" content=\"432\" \/>\n\t<meta property=\"og:image:type\" content=\"image\/jpeg\" \/>\n<meta name=\"author\" content=\"Tino Lago\" \/>\n<meta name=\"twitter:card\" content=\"summary_large_image\" \/>\n<meta name=\"twitter:creator\" content=\"@APeneira\" \/>\n<meta name=\"twitter:site\" content=\"@APeneira\" \/>\n<meta name=\"twitter:label1\" content=\"Escrito por\" \/>\n\t<meta name=\"twitter:data1\" content=\"Tino Lago\" \/>\n\t<meta name=\"twitter:label2\" content=\"Tempo de lectura\" \/>\n\t<meta name=\"twitter:data2\" content=\"3 minutos\" \/>\n<script type=\"application\/ld+json\" class=\"yoast-schema-graph\">{\"@context\":\"https:\\\/\\\/schema.org\",\"@graph\":[{\"@type\":\"Article\",\"@id\":\"https:\\\/\\\/www.anovapeneira.gal\\\/index.php\\\/2023\\\/10\\\/13\\\/pepe-ogando-concelleiro-de-ipr-na-lama\\\/#article\",\"isPartOf\":{\"@id\":\"https:\\\/\\\/www.anovapeneira.gal\\\/index.php\\\/2023\\\/10\\\/13\\\/pepe-ogando-concelleiro-de-ipr-na-lama\\\/\"},\"author\":{\"name\":\"Tino Lago\",\"@id\":\"https:\\\/\\\/www.anovapeneira.gal\\\/#\\\/schema\\\/person\\\/424dfe65e3070fd8a44d22d2c088762a\"},\"headline\":\"Pepe Ogando concelleiro de IPR na Lama\",\"datePublished\":\"2023-10-13T08:00:19+00:00\",\"mainEntityOfPage\":{\"@id\":\"https:\\\/\\\/www.anovapeneira.gal\\\/index.php\\\/2023\\\/10\\\/13\\\/pepe-ogando-concelleiro-de-ipr-na-lama\\\/\"},\"wordCount\":1235,\"commentCount\":0,\"publisher\":{\"@id\":\"https:\\\/\\\/www.anovapeneira.gal\\\/#organization\"},\"image\":{\"@id\":\"https:\\\/\\\/www.anovapeneira.gal\\\/index.php\\\/2023\\\/10\\\/13\\\/pepe-ogando-concelleiro-de-ipr-na-lama\\\/#primaryimage\"},\"thumbnailUrl\":\"https:\\\/\\\/www.anovapeneira.gal\\\/wp-content\\\/uploads\\\/2023\\\/10\\\/benigno_ogando.jpg\",\"keywords\":[\"Concello da Lama\"],\"articleSection\":[\"Pontevedra\"],\"inLanguage\":\"gl-ES\",\"potentialAction\":[{\"@type\":\"CommentAction\",\"name\":\"Comment\",\"target\":[\"https:\\\/\\\/www.anovapeneira.gal\\\/index.php\\\/2023\\\/10\\\/13\\\/pepe-ogando-concelleiro-de-ipr-na-lama\\\/#respond\"]}]},{\"@type\":\"WebPage\",\"@id\":\"https:\\\/\\\/www.anovapeneira.gal\\\/index.php\\\/2023\\\/10\\\/13\\\/pepe-ogando-concelleiro-de-ipr-na-lama\\\/\",\"url\":\"https:\\\/\\\/www.anovapeneira.gal\\\/index.php\\\/2023\\\/10\\\/13\\\/pepe-ogando-concelleiro-de-ipr-na-lama\\\/\",\"name\":\"Pepe Ogando concelleiro de IPR na Lama -\",\"isPartOf\":{\"@id\":\"https:\\\/\\\/www.anovapeneira.gal\\\/#website\"},\"primaryImageOfPage\":{\"@id\":\"https:\\\/\\\/www.anovapeneira.gal\\\/index.php\\\/2023\\\/10\\\/13\\\/pepe-ogando-concelleiro-de-ipr-na-lama\\\/#primaryimage\"},\"image\":{\"@id\":\"https:\\\/\\\/www.anovapeneira.gal\\\/index.php\\\/2023\\\/10\\\/13\\\/pepe-ogando-concelleiro-de-ipr-na-lama\\\/#primaryimage\"},\"thumbnailUrl\":\"https:\\\/\\\/www.anovapeneira.gal\\\/wp-content\\\/uploads\\\/2023\\\/10\\\/benigno_ogando.jpg\",\"datePublished\":\"2023-10-13T08:00:19+00:00\",\"description\":\"Nas pasadas elecci\u00f3ns municipais apareceu moi pouco antes dos comicios unha nova forza de modo un tanto sorprendente\",\"breadcrumb\":{\"@id\":\"https:\\\/\\\/www.anovapeneira.gal\\\/index.php\\\/2023\\\/10\\\/13\\\/pepe-ogando-concelleiro-de-ipr-na-lama\\\/#breadcrumb\"},\"inLanguage\":\"gl-ES\",\"potentialAction\":[{\"@type\":\"ReadAction\",\"target\":[\"https:\\\/\\\/www.anovapeneira.gal\\\/index.php\\\/2023\\\/10\\\/13\\\/pepe-ogando-concelleiro-de-ipr-na-lama\\\/\"]}]},{\"@type\":\"ImageObject\",\"inLanguage\":\"gl-ES\",\"@id\":\"https:\\\/\\\/www.anovapeneira.gal\\\/index.php\\\/2023\\\/10\\\/13\\\/pepe-ogando-concelleiro-de-ipr-na-lama\\\/#primaryimage\",\"url\":\"https:\\\/\\\/www.anovapeneira.gal\\\/wp-content\\\/uploads\\\/2023\\\/10\\\/benigno_ogando.jpg\",\"contentUrl\":\"https:\\\/\\\/www.anovapeneira.gal\\\/wp-content\\\/uploads\\\/2023\\\/10\\\/benigno_ogando.jpg\",\"width\":720,\"height\":432,\"caption\":\"Pepe Ogando concelleiro de IPR na Lama\"},{\"@type\":\"BreadcrumbList\",\"@id\":\"https:\\\/\\\/www.anovapeneira.gal\\\/index.php\\\/2023\\\/10\\\/13\\\/pepe-ogando-concelleiro-de-ipr-na-lama\\\/#breadcrumb\",\"itemListElement\":[{\"@type\":\"ListItem\",\"position\":1,\"name\":\"Portada\",\"item\":\"https:\\\/\\\/www.anovapeneira.gal\\\/\"},{\"@type\":\"ListItem\",\"position\":2,\"name\":\"Pepe Ogando concelleiro de IPR na Lama\"}]},{\"@type\":\"WebSite\",\"@id\":\"https:\\\/\\\/www.anovapeneira.gal\\\/#website\",\"url\":\"https:\\\/\\\/www.anovapeneira.gal\\\/\",\"name\":\"\",\"description\":\"Xornal galego de informaci\u00f3n xeral Publicaci\u00f3n mensual de novas de Galicia e en especial dos Concellos da sur da provincia de Pontevedra.\",\"publisher\":{\"@id\":\"https:\\\/\\\/www.anovapeneira.gal\\\/#organization\"},\"potentialAction\":[{\"@type\":\"SearchAction\",\"target\":{\"@type\":\"EntryPoint\",\"urlTemplate\":\"https:\\\/\\\/www.anovapeneira.gal\\\/?s={search_term_string}\"},\"query-input\":{\"@type\":\"PropertyValueSpecification\",\"valueRequired\":true,\"valueName\":\"search_term_string\"}}],\"inLanguage\":\"gl-ES\"},{\"@type\":\"Organization\",\"@id\":\"https:\\\/\\\/www.anovapeneira.gal\\\/#organization\",\"name\":\"A Nova Peneira\",\"url\":\"https:\\\/\\\/www.anovapeneira.gal\\\/\",\"logo\":{\"@type\":\"ImageObject\",\"inLanguage\":\"gl-ES\",\"@id\":\"https:\\\/\\\/www.anovapeneira.gal\\\/#\\\/schema\\\/logo\\\/image\\\/\",\"url\":\"http:\\\/\\\/www.anovapeneira.gal\\\/wp-content\\\/uploads\\\/2019\\\/06\\\/logo_a_nova_peneira_portal_web.png\",\"contentUrl\":\"http:\\\/\\\/www.anovapeneira.gal\\\/wp-content\\\/uploads\\\/2019\\\/06\\\/logo_a_nova_peneira_portal_web.png\",\"width\":300,\"height\":100,\"caption\":\"A Nova Peneira\"},\"image\":{\"@id\":\"https:\\\/\\\/www.anovapeneira.gal\\\/#\\\/schema\\\/logo\\\/image\\\/\"},\"sameAs\":[\"https:\\\/\\\/www.facebook.com\\\/anovapeneira\",\"https:\\\/\\\/x.com\\\/APeneira\"]},{\"@type\":\"Person\",\"@id\":\"https:\\\/\\\/www.anovapeneira.gal\\\/#\\\/schema\\\/person\\\/424dfe65e3070fd8a44d22d2c088762a\",\"name\":\"Tino Lago\",\"image\":{\"@type\":\"ImageObject\",\"inLanguage\":\"gl-ES\",\"@id\":\"https:\\\/\\\/secure.gravatar.com\\\/avatar\\\/b3df6a06e44bab3111583b90f0f33a0379ee5e3d22cbadd232d39f21c30c62be?s=96&d=mm&r=g\",\"url\":\"https:\\\/\\\/secure.gravatar.com\\\/avatar\\\/b3df6a06e44bab3111583b90f0f33a0379ee5e3d22cbadd232d39f21c30c62be?s=96&d=mm&r=g\",\"contentUrl\":\"https:\\\/\\\/secure.gravatar.com\\\/avatar\\\/b3df6a06e44bab3111583b90f0f33a0379ee5e3d22cbadd232d39f21c30c62be?s=96&d=mm&r=g\",\"caption\":\"Tino Lago\"},\"sameAs\":[\"http:\\\/\\\/www.anovapeneira.gal\"],\"url\":\"https:\\\/\\\/www.anovapeneira.gal\\\/index.php\\\/author\\\/director\\\/\"}]}<\/script>\n<!-- \/ Yoast SEO plugin. -->","yoast_head_json":{"title":"Pepe Ogando concelleiro de IPR na Lama -","description":"Nas pasadas elecci\u00f3ns municipais apareceu moi pouco antes dos comicios unha nova forza de modo un tanto sorprendente","robots":{"index":"index","follow":"follow","max-snippet":"max-snippet:-1","max-image-preview":"max-image-preview:large","max-video-preview":"max-video-preview:-1"},"canonical":"https:\/\/www.anovapeneira.gal\/index.php\/2023\/10\/13\/pepe-ogando-concelleiro-de-ipr-na-lama\/","og_locale":"gl_ES","og_type":"article","og_title":"Pepe Ogando concelleiro de IPR na Lama -","og_description":"Nas pasadas elecci\u00f3ns municipais apareceu moi pouco antes dos comicios unha nova forza de modo un tanto sorprendente","og_url":"https:\/\/www.anovapeneira.gal\/index.php\/2023\/10\/13\/pepe-ogando-concelleiro-de-ipr-na-lama\/","article_publisher":"https:\/\/www.facebook.com\/anovapeneira","article_published_time":"2023-10-13T08:00:19+00:00","og_image":[{"width":720,"height":432,"url":"https:\/\/www.anovapeneira.gal\/wp-content\/uploads\/2023\/10\/benigno_ogando.jpg","type":"image\/jpeg"}],"author":"Tino Lago","twitter_card":"summary_large_image","twitter_creator":"@APeneira","twitter_site":"@APeneira","twitter_misc":{"Escrito por":"Tino Lago","Tempo de lectura":"3 minutos"},"schema":{"@context":"https:\/\/schema.org","@graph":[{"@type":"Article","@id":"https:\/\/www.anovapeneira.gal\/index.php\/2023\/10\/13\/pepe-ogando-concelleiro-de-ipr-na-lama\/#article","isPartOf":{"@id":"https:\/\/www.anovapeneira.gal\/index.php\/2023\/10\/13\/pepe-ogando-concelleiro-de-ipr-na-lama\/"},"author":{"name":"Tino Lago","@id":"https:\/\/www.anovapeneira.gal\/#\/schema\/person\/424dfe65e3070fd8a44d22d2c088762a"},"headline":"Pepe Ogando concelleiro de IPR na Lama","datePublished":"2023-10-13T08:00:19+00:00","mainEntityOfPage":{"@id":"https:\/\/www.anovapeneira.gal\/index.php\/2023\/10\/13\/pepe-ogando-concelleiro-de-ipr-na-lama\/"},"wordCount":1235,"commentCount":0,"publisher":{"@id":"https:\/\/www.anovapeneira.gal\/#organization"},"image":{"@id":"https:\/\/www.anovapeneira.gal\/index.php\/2023\/10\/13\/pepe-ogando-concelleiro-de-ipr-na-lama\/#primaryimage"},"thumbnailUrl":"https:\/\/www.anovapeneira.gal\/wp-content\/uploads\/2023\/10\/benigno_ogando.jpg","keywords":["Concello da Lama"],"articleSection":["Pontevedra"],"inLanguage":"gl-ES","potentialAction":[{"@type":"CommentAction","name":"Comment","target":["https:\/\/www.anovapeneira.gal\/index.php\/2023\/10\/13\/pepe-ogando-concelleiro-de-ipr-na-lama\/#respond"]}]},{"@type":"WebPage","@id":"https:\/\/www.anovapeneira.gal\/index.php\/2023\/10\/13\/pepe-ogando-concelleiro-de-ipr-na-lama\/","url":"https:\/\/www.anovapeneira.gal\/index.php\/2023\/10\/13\/pepe-ogando-concelleiro-de-ipr-na-lama\/","name":"Pepe Ogando concelleiro de IPR na Lama -","isPartOf":{"@id":"https:\/\/www.anovapeneira.gal\/#website"},"primaryImageOfPage":{"@id":"https:\/\/www.anovapeneira.gal\/index.php\/2023\/10\/13\/pepe-ogando-concelleiro-de-ipr-na-lama\/#primaryimage"},"image":{"@id":"https:\/\/www.anovapeneira.gal\/index.php\/2023\/10\/13\/pepe-ogando-concelleiro-de-ipr-na-lama\/#primaryimage"},"thumbnailUrl":"https:\/\/www.anovapeneira.gal\/wp-content\/uploads\/2023\/10\/benigno_ogando.jpg","datePublished":"2023-10-13T08:00:19+00:00","description":"Nas pasadas elecci\u00f3ns municipais apareceu moi pouco antes dos comicios unha nova forza de modo un tanto sorprendente","breadcrumb":{"@id":"https:\/\/www.anovapeneira.gal\/index.php\/2023\/10\/13\/pepe-ogando-concelleiro-de-ipr-na-lama\/#breadcrumb"},"inLanguage":"gl-ES","potentialAction":[{"@type":"ReadAction","target":["https:\/\/www.anovapeneira.gal\/index.php\/2023\/10\/13\/pepe-ogando-concelleiro-de-ipr-na-lama\/"]}]},{"@type":"ImageObject","inLanguage":"gl-ES","@id":"https:\/\/www.anovapeneira.gal\/index.php\/2023\/10\/13\/pepe-ogando-concelleiro-de-ipr-na-lama\/#primaryimage","url":"https:\/\/www.anovapeneira.gal\/wp-content\/uploads\/2023\/10\/benigno_ogando.jpg","contentUrl":"https:\/\/www.anovapeneira.gal\/wp-content\/uploads\/2023\/10\/benigno_ogando.jpg","width":720,"height":432,"caption":"Pepe Ogando concelleiro de IPR na Lama"},{"@type":"BreadcrumbList","@id":"https:\/\/www.anovapeneira.gal\/index.php\/2023\/10\/13\/pepe-ogando-concelleiro-de-ipr-na-lama\/#breadcrumb","itemListElement":[{"@type":"ListItem","position":1,"name":"Portada","item":"https:\/\/www.anovapeneira.gal\/"},{"@type":"ListItem","position":2,"name":"Pepe Ogando concelleiro de IPR na Lama"}]},{"@type":"WebSite","@id":"https:\/\/www.anovapeneira.gal\/#website","url":"https:\/\/www.anovapeneira.gal\/","name":"","description":"Xornal galego de informaci\u00f3n xeral Publicaci\u00f3n mensual de novas de Galicia e en especial dos Concellos da sur da provincia de Pontevedra.","publisher":{"@id":"https:\/\/www.anovapeneira.gal\/#organization"},"potentialAction":[{"@type":"SearchAction","target":{"@type":"EntryPoint","urlTemplate":"https:\/\/www.anovapeneira.gal\/?s={search_term_string}"},"query-input":{"@type":"PropertyValueSpecification","valueRequired":true,"valueName":"search_term_string"}}],"inLanguage":"gl-ES"},{"@type":"Organization","@id":"https:\/\/www.anovapeneira.gal\/#organization","name":"A Nova Peneira","url":"https:\/\/www.anovapeneira.gal\/","logo":{"@type":"ImageObject","inLanguage":"gl-ES","@id":"https:\/\/www.anovapeneira.gal\/#\/schema\/logo\/image\/","url":"http:\/\/www.anovapeneira.gal\/wp-content\/uploads\/2019\/06\/logo_a_nova_peneira_portal_web.png","contentUrl":"http:\/\/www.anovapeneira.gal\/wp-content\/uploads\/2019\/06\/logo_a_nova_peneira_portal_web.png","width":300,"height":100,"caption":"A Nova Peneira"},"image":{"@id":"https:\/\/www.anovapeneira.gal\/#\/schema\/logo\/image\/"},"sameAs":["https:\/\/www.facebook.com\/anovapeneira","https:\/\/x.com\/APeneira"]},{"@type":"Person","@id":"https:\/\/www.anovapeneira.gal\/#\/schema\/person\/424dfe65e3070fd8a44d22d2c088762a","name":"Tino Lago","image":{"@type":"ImageObject","inLanguage":"gl-ES","@id":"https:\/\/secure.gravatar.com\/avatar\/b3df6a06e44bab3111583b90f0f33a0379ee5e3d22cbadd232d39f21c30c62be?s=96&d=mm&r=g","url":"https:\/\/secure.gravatar.com\/avatar\/b3df6a06e44bab3111583b90f0f33a0379ee5e3d22cbadd232d39f21c30c62be?s=96&d=mm&r=g","contentUrl":"https:\/\/secure.gravatar.com\/avatar\/b3df6a06e44bab3111583b90f0f33a0379ee5e3d22cbadd232d39f21c30c62be?s=96&d=mm&r=g","caption":"Tino Lago"},"sameAs":["http:\/\/www.anovapeneira.gal"],"url":"https:\/\/www.anovapeneira.gal\/index.php\/author\/director\/"}]}},"jetpack_featured_media_url":"https:\/\/www.anovapeneira.gal\/wp-content\/uploads\/2023\/10\/benigno_ogando.jpg","_links":{"self":[{"href":"https:\/\/www.anovapeneira.gal\/index.php\/wp-json\/wp\/v2\/posts\/10595","targetHints":{"allow":["GET"]}}],"collection":[{"href":"https:\/\/www.anovapeneira.gal\/index.php\/wp-json\/wp\/v2\/posts"}],"about":[{"href":"https:\/\/www.anovapeneira.gal\/index.php\/wp-json\/wp\/v2\/types\/post"}],"author":[{"embeddable":true,"href":"https:\/\/www.anovapeneira.gal\/index.php\/wp-json\/wp\/v2\/users\/2"}],"replies":[{"embeddable":true,"href":"https:\/\/www.anovapeneira.gal\/index.php\/wp-json\/wp\/v2\/comments?post=10595"}],"version-history":[{"count":1,"href":"https:\/\/www.anovapeneira.gal\/index.php\/wp-json\/wp\/v2\/posts\/10595\/revisions"}],"predecessor-version":[{"id":10596,"href":"https:\/\/www.anovapeneira.gal\/index.php\/wp-json\/wp\/v2\/posts\/10595\/revisions\/10596"}],"wp:featuredmedia":[{"embeddable":true,"href":"https:\/\/www.anovapeneira.gal\/index.php\/wp-json\/wp\/v2\/media\/10597"}],"wp:attachment":[{"href":"https:\/\/www.anovapeneira.gal\/index.php\/wp-json\/wp\/v2\/media?parent=10595"}],"wp:term":[{"taxonomy":"category","embeddable":true,"href":"https:\/\/www.anovapeneira.gal\/index.php\/wp-json\/wp\/v2\/categories?post=10595"},{"taxonomy":"post_tag","embeddable":true,"href":"https:\/\/www.anovapeneira.gal\/index.php\/wp-json\/wp\/v2\/tags?post=10595"}],"curies":[{"name":"wp","href":"https:\/\/api.w.org\/{rel}","templated":true}]}}