{"id":10598,"date":"2023-10-13T12:00:39","date_gmt":"2023-10-13T10:00:39","guid":{"rendered":"https:\/\/www.anovapeneira.gal\/?p=10598"},"modified":"2023-10-10T11:16:09","modified_gmt":"2023-10-10T09:16:09","slug":"o-bng-propon-melloras-de-xestion-ecoloxica-dos-residuos","status":"publish","type":"post","link":"https:\/\/www.anovapeneira.gal\/index.php\/2023\/10\/13\/o-bng-propon-melloras-de-xestion-ecoloxica-dos-residuos\/","title":{"rendered":"O BNG prop\u00f3n melloras de xesti\u00f3n ecol\u00f3xica dos residuos"},"content":{"rendered":"\n<h2 class=\"wp-block-heading\"><em>O BNG aposta por iniciativas de xesti\u00f3n intelixente de residuos para acadar un Mar\u00edn m\u00e1is limpo e sostible. Jos\u00e9 Luis Souto Pi\u00f1eiro suxire propostas de xesti\u00f3n ecol\u00f3xica de residuos en Mar\u00edn.<\/em><\/h2>\n\n\n\n<p>O pasado 4 de outubro de 2023, Jos\u00e9 Luis Souto Pi\u00f1eiro, Concelleiro do Bloque Nacionalista Galego (BNG), presentou unha moci\u00f3n para levar ao pleno a necesidade de abordar un problema evidente na xesti\u00f3n e recollida de residuos, representado polos contedores desbordados que xeraban unha imaxe de descoido e sucidade nos espazos p\u00fablicos.<\/p>\n\n\n\n<p>A iniciativa propu\u00f1a a creaci\u00f3n dun Punto Limpo, un espazo dese\u00f1ado para facilitar a recollida selectiva de residuos de maior tama\u00f1o ou espec\u00edficos, co fin de evitar a acumulaci\u00f3n de refugallos ao redor dos contedores e mellorar a imaxe do municipio, especialmente en per\u00edodos de alta afluencia tur\u00edstica. Este espazo converter\u00edase nun punto intermedio entre os cidad\u00e1ns e a transformaci\u00f3n final dos residuos, fomentando as\u00ed a recollida selectiva e a colaboraci\u00f3n entre o concello e os seus habitantes.<\/p>\n\n\n\n<p>A proposta inclu\u00eda a implementaci\u00f3n de Puntos M\u00f3beis Ecol\u00f3xicos para facilitar o dep\u00f3sito de residuos en diferentes ubicaci\u00f3ns, especialmente para as comunidades en \u00e1reas afastadas. Este enfoque contribuir\u00eda a reducir o exceso de residuos e fomentar\u00eda a disposici\u00f3n adecuada de obxectos non desexados, beneficiando a persoas con mobilidade reducida e \u00e1 poboaci\u00f3n maior. Ademais, propo\u00f1\u00edase a creaci\u00f3n dun Punto Verde comunitario para a correcta eliminaci\u00f3n de residuos vexetais, procedentes de xard\u00edns e fincas, contribu\u00edndo \u00e1 limpeza e ao rendemento de espazos verdes urbanos.<\/p>\n\n\n\n<p><a><\/a> A\u00ednda que a proposta non foi aprobada na xunta do Concello, o BNG reforza a s\u00faa relevancia para a mellora da calidade de vida da comunidade e a necesidade de preservar o medio ambiente. Nesta li\u00f1a, acordouse traballar de forma colaborativa entre os distintos grupos pol\u00edticos para inclu\u00edr a proposta do Punto Limpo no pr\u00f3ximo concurso, garantindo as\u00ed a s\u00faa implementaci\u00f3n no futuro. O BNG est\u00e1 aberto ao di\u00e1logo e considera que esta proposta representa unha oportunidade de mellora significativa para a actual e futura calidade de vida dos cidad\u00e1ns.<\/p>\n","protected":false},"excerpt":{"rendered":"<div class=\"mh-excerpt\"><p>O BNG aposta por iniciativas de xesti\u00f3n intelixente de residuos para acadar un Mar\u00edn m\u00e1is limpo e sostible <a class=\"mh-excerpt-more\" href=\"https:\/\/www.anovapeneira.gal\/index.php\/2023\/10\/13\/o-bng-propon-melloras-de-xestion-ecoloxica-dos-residuos\/\" title=\"O BNG prop\u00f3n melloras de xesti\u00f3n ecol\u00f3xica dos residuos\">[&#8230;]<\/a><\/p>\n<\/div>","protected":false},"author":3,"featured_media":8265,"comment_status":"open","ping_status":"open","sticky":false,"template":"","format":"standard","meta":{"_exactmetrics_skip_tracking":false,"_exactmetrics_sitenote_active":false,"_exactmetrics_sitenote_note":"","_exactmetrics_sitenote_category":0,"footnotes":""},"categories":[22],"tags":[144],"class_list":{"0":"post-10598","1":"post","2":"type-post","3":"status-publish","4":"format-standard","5":"has-post-thumbnail","7":"category-morrazo","8":"tag-concello-de-marin"},"yoast_head":"<!-- This site is optimized with the Yoast SEO plugin v27.4 - https:\/\/yoast.com\/product\/yoast-seo-wordpress\/ -->\n<title>O BNG prop\u00f3n melloras de xesti\u00f3n ecol\u00f3xica dos residuos -<\/title>\n<meta name=\"description\" content=\"O BNG aposta por iniciativas de xesti\u00f3n intelixente de residuos para acadar un Mar\u00edn m\u00e1is limpo e sostible\" \/>\n<meta name=\"robots\" content=\"index, follow, max-snippet:-1, max-image-preview:large, max-video-preview:-1\" \/>\n<link rel=\"canonical\" href=\"https:\/\/www.anovapeneira.gal\/index.php\/2023\/10\/13\/o-bng-propon-melloras-de-xestion-ecoloxica-dos-residuos\/\" \/>\n<meta property=\"og:locale\" content=\"gl_ES\" \/>\n<meta property=\"og:type\" content=\"article\" \/>\n<meta property=\"og:title\" content=\"O BNG prop\u00f3n melloras de xesti\u00f3n ecol\u00f3xica dos residuos -\" \/>\n<meta property=\"og:description\" content=\"O BNG aposta por iniciativas de xesti\u00f3n intelixente de residuos para acadar un Mar\u00edn m\u00e1is limpo e sostible\" \/>\n<meta property=\"og:url\" content=\"https:\/\/www.anovapeneira.gal\/index.php\/2023\/10\/13\/o-bng-propon-melloras-de-xestion-ecoloxica-dos-residuos\/\" \/>\n<meta property=\"article:publisher\" content=\"https:\/\/www.facebook.com\/anovapeneira\" \/>\n<meta property=\"article:published_time\" content=\"2023-10-13T10:00:39+00:00\" \/>\n<meta property=\"og:image\" content=\"https:\/\/www.anovapeneira.gal\/wp-content\/uploads\/2022\/09\/bng_logo_2.jpg\" \/>\n\t<meta property=\"og:image:width\" content=\"720\" \/>\n\t<meta property=\"og:image:height\" content=\"432\" \/>\n\t<meta property=\"og:image:type\" content=\"image\/jpeg\" \/>\n<meta name=\"author\" content=\"Redacci\u00f3n A Nova Peneira\" \/>\n<meta name=\"twitter:card\" content=\"summary_large_image\" \/>\n<meta name=\"twitter:creator\" content=\"@APeneira\" \/>\n<meta name=\"twitter:site\" content=\"@APeneira\" \/>\n<meta name=\"twitter:label1\" content=\"Escrito por\" \/>\n\t<meta name=\"twitter:data1\" content=\"Redacci\u00f3n A Nova Peneira\" \/>\n\t<meta name=\"twitter:label2\" content=\"Tempo de lectura\" \/>\n\t<meta name=\"twitter:data2\" content=\"2 minutos\" \/>\n<script type=\"application\/ld+json\" class=\"yoast-schema-graph\">{\"@context\":\"https:\\\/\\\/schema.org\",\"@graph\":[{\"@type\":\"Article\",\"@id\":\"https:\\\/\\\/www.anovapeneira.gal\\\/index.php\\\/2023\\\/10\\\/13\\\/o-bng-propon-melloras-de-xestion-ecoloxica-dos-residuos\\\/#article\",\"isPartOf\":{\"@id\":\"https:\\\/\\\/www.anovapeneira.gal\\\/index.php\\\/2023\\\/10\\\/13\\\/o-bng-propon-melloras-de-xestion-ecoloxica-dos-residuos\\\/\"},\"author\":{\"name\":\"Redacci\u00f3n A Nova Peneira\",\"@id\":\"https:\\\/\\\/www.anovapeneira.gal\\\/#\\\/schema\\\/person\\\/b93e3f8932e3f8da96334607eb6ac6aa\"},\"headline\":\"O BNG prop\u00f3n melloras de xesti\u00f3n ecol\u00f3xica dos residuos\",\"datePublished\":\"2023-10-13T10:00:39+00:00\",\"mainEntityOfPage\":{\"@id\":\"https:\\\/\\\/www.anovapeneira.gal\\\/index.php\\\/2023\\\/10\\\/13\\\/o-bng-propon-melloras-de-xestion-ecoloxica-dos-residuos\\\/\"},\"wordCount\":390,\"commentCount\":0,\"publisher\":{\"@id\":\"https:\\\/\\\/www.anovapeneira.gal\\\/#organization\"},\"image\":{\"@id\":\"https:\\\/\\\/www.anovapeneira.gal\\\/index.php\\\/2023\\\/10\\\/13\\\/o-bng-propon-melloras-de-xestion-ecoloxica-dos-residuos\\\/#primaryimage\"},\"thumbnailUrl\":\"https:\\\/\\\/www.anovapeneira.gal\\\/wp-content\\\/uploads\\\/2022\\\/09\\\/bng_logo_2.jpg\",\"keywords\":[\"Concello de Mar\u00edn\"],\"articleSection\":[\"Morrazo\"],\"inLanguage\":\"gl-ES\",\"potentialAction\":[{\"@type\":\"CommentAction\",\"name\":\"Comment\",\"target\":[\"https:\\\/\\\/www.anovapeneira.gal\\\/index.php\\\/2023\\\/10\\\/13\\\/o-bng-propon-melloras-de-xestion-ecoloxica-dos-residuos\\\/#respond\"]}]},{\"@type\":\"WebPage\",\"@id\":\"https:\\\/\\\/www.anovapeneira.gal\\\/index.php\\\/2023\\\/10\\\/13\\\/o-bng-propon-melloras-de-xestion-ecoloxica-dos-residuos\\\/\",\"url\":\"https:\\\/\\\/www.anovapeneira.gal\\\/index.php\\\/2023\\\/10\\\/13\\\/o-bng-propon-melloras-de-xestion-ecoloxica-dos-residuos\\\/\",\"name\":\"O BNG prop\u00f3n melloras de xesti\u00f3n ecol\u00f3xica dos residuos -\",\"isPartOf\":{\"@id\":\"https:\\\/\\\/www.anovapeneira.gal\\\/#website\"},\"primaryImageOfPage\":{\"@id\":\"https:\\\/\\\/www.anovapeneira.gal\\\/index.php\\\/2023\\\/10\\\/13\\\/o-bng-propon-melloras-de-xestion-ecoloxica-dos-residuos\\\/#primaryimage\"},\"image\":{\"@id\":\"https:\\\/\\\/www.anovapeneira.gal\\\/index.php\\\/2023\\\/10\\\/13\\\/o-bng-propon-melloras-de-xestion-ecoloxica-dos-residuos\\\/#primaryimage\"},\"thumbnailUrl\":\"https:\\\/\\\/www.anovapeneira.gal\\\/wp-content\\\/uploads\\\/2022\\\/09\\\/bng_logo_2.jpg\",\"datePublished\":\"2023-10-13T10:00:39+00:00\",\"description\":\"O BNG aposta por iniciativas de xesti\u00f3n intelixente de residuos para acadar un Mar\u00edn m\u00e1is limpo e sostible\",\"breadcrumb\":{\"@id\":\"https:\\\/\\\/www.anovapeneira.gal\\\/index.php\\\/2023\\\/10\\\/13\\\/o-bng-propon-melloras-de-xestion-ecoloxica-dos-residuos\\\/#breadcrumb\"},\"inLanguage\":\"gl-ES\",\"potentialAction\":[{\"@type\":\"ReadAction\",\"target\":[\"https:\\\/\\\/www.anovapeneira.gal\\\/index.php\\\/2023\\\/10\\\/13\\\/o-bng-propon-melloras-de-xestion-ecoloxica-dos-residuos\\\/\"]}]},{\"@type\":\"ImageObject\",\"inLanguage\":\"gl-ES\",\"@id\":\"https:\\\/\\\/www.anovapeneira.gal\\\/index.php\\\/2023\\\/10\\\/13\\\/o-bng-propon-melloras-de-xestion-ecoloxica-dos-residuos\\\/#primaryimage\",\"url\":\"https:\\\/\\\/www.anovapeneira.gal\\\/wp-content\\\/uploads\\\/2022\\\/09\\\/bng_logo_2.jpg\",\"contentUrl\":\"https:\\\/\\\/www.anovapeneira.gal\\\/wp-content\\\/uploads\\\/2022\\\/09\\\/bng_logo_2.jpg\",\"width\":720,\"height\":432,\"caption\":\"Logotipo BNG\"},{\"@type\":\"BreadcrumbList\",\"@id\":\"https:\\\/\\\/www.anovapeneira.gal\\\/index.php\\\/2023\\\/10\\\/13\\\/o-bng-propon-melloras-de-xestion-ecoloxica-dos-residuos\\\/#breadcrumb\",\"itemListElement\":[{\"@type\":\"ListItem\",\"position\":1,\"name\":\"Portada\",\"item\":\"https:\\\/\\\/www.anovapeneira.gal\\\/\"},{\"@type\":\"ListItem\",\"position\":2,\"name\":\"O BNG prop\u00f3n melloras de xesti\u00f3n ecol\u00f3xica dos residuos\"}]},{\"@type\":\"WebSite\",\"@id\":\"https:\\\/\\\/www.anovapeneira.gal\\\/#website\",\"url\":\"https:\\\/\\\/www.anovapeneira.gal\\\/\",\"name\":\"\",\"description\":\"Xornal galego de informaci\u00f3n xeral Publicaci\u00f3n mensual de novas de Galicia e en especial dos Concellos da sur da provincia de Pontevedra.\",\"publisher\":{\"@id\":\"https:\\\/\\\/www.anovapeneira.gal\\\/#organization\"},\"potentialAction\":[{\"@type\":\"SearchAction\",\"target\":{\"@type\":\"EntryPoint\",\"urlTemplate\":\"https:\\\/\\\/www.anovapeneira.gal\\\/?s={search_term_string}\"},\"query-input\":{\"@type\":\"PropertyValueSpecification\",\"valueRequired\":true,\"valueName\":\"search_term_string\"}}],\"inLanguage\":\"gl-ES\"},{\"@type\":\"Organization\",\"@id\":\"https:\\\/\\\/www.anovapeneira.gal\\\/#organization\",\"name\":\"A Nova Peneira\",\"url\":\"https:\\\/\\\/www.anovapeneira.gal\\\/\",\"logo\":{\"@type\":\"ImageObject\",\"inLanguage\":\"gl-ES\",\"@id\":\"https:\\\/\\\/www.anovapeneira.gal\\\/#\\\/schema\\\/logo\\\/image\\\/\",\"url\":\"http:\\\/\\\/www.anovapeneira.gal\\\/wp-content\\\/uploads\\\/2019\\\/06\\\/logo_a_nova_peneira_portal_web.png\",\"contentUrl\":\"http:\\\/\\\/www.anovapeneira.gal\\\/wp-content\\\/uploads\\\/2019\\\/06\\\/logo_a_nova_peneira_portal_web.png\",\"width\":300,\"height\":100,\"caption\":\"A Nova Peneira\"},\"image\":{\"@id\":\"https:\\\/\\\/www.anovapeneira.gal\\\/#\\\/schema\\\/logo\\\/image\\\/\"},\"sameAs\":[\"https:\\\/\\\/www.facebook.com\\\/anovapeneira\",\"https:\\\/\\\/x.com\\\/APeneira\"]},{\"@type\":\"Person\",\"@id\":\"https:\\\/\\\/www.anovapeneira.gal\\\/#\\\/schema\\\/person\\\/b93e3f8932e3f8da96334607eb6ac6aa\",\"name\":\"Redacci\u00f3n A Nova Peneira\",\"image\":{\"@type\":\"ImageObject\",\"inLanguage\":\"gl-ES\",\"@id\":\"https:\\\/\\\/secure.gravatar.com\\\/avatar\\\/c052a2551a06e23fac63626232eaa90abd78dbcf1700fc46a2b2c89fd27b735f?s=96&d=mm&r=g\",\"url\":\"https:\\\/\\\/secure.gravatar.com\\\/avatar\\\/c052a2551a06e23fac63626232eaa90abd78dbcf1700fc46a2b2c89fd27b735f?s=96&d=mm&r=g\",\"contentUrl\":\"https:\\\/\\\/secure.gravatar.com\\\/avatar\\\/c052a2551a06e23fac63626232eaa90abd78dbcf1700fc46a2b2c89fd27b735f?s=96&d=mm&r=g\",\"caption\":\"Redacci\u00f3n A Nova Peneira\"},\"sameAs\":[\"http:\\\/\\\/www.anovapeneira.gal\\\/\"],\"url\":\"https:\\\/\\\/www.anovapeneira.gal\\\/index.php\\\/author\\\/redactor\\\/\"}]}<\/script>\n<!-- \/ Yoast SEO plugin. -->","yoast_head_json":{"title":"O BNG prop\u00f3n melloras de xesti\u00f3n ecol\u00f3xica dos residuos -","description":"O BNG aposta por iniciativas de xesti\u00f3n intelixente de residuos para acadar un Mar\u00edn m\u00e1is limpo e sostible","robots":{"index":"index","follow":"follow","max-snippet":"max-snippet:-1","max-image-preview":"max-image-preview:large","max-video-preview":"max-video-preview:-1"},"canonical":"https:\/\/www.anovapeneira.gal\/index.php\/2023\/10\/13\/o-bng-propon-melloras-de-xestion-ecoloxica-dos-residuos\/","og_locale":"gl_ES","og_type":"article","og_title":"O BNG prop\u00f3n melloras de xesti\u00f3n ecol\u00f3xica dos residuos -","og_description":"O BNG aposta por iniciativas de xesti\u00f3n intelixente de residuos para acadar un Mar\u00edn m\u00e1is limpo e sostible","og_url":"https:\/\/www.anovapeneira.gal\/index.php\/2023\/10\/13\/o-bng-propon-melloras-de-xestion-ecoloxica-dos-residuos\/","article_publisher":"https:\/\/www.facebook.com\/anovapeneira","article_published_time":"2023-10-13T10:00:39+00:00","og_image":[{"width":720,"height":432,"url":"https:\/\/www.anovapeneira.gal\/wp-content\/uploads\/2022\/09\/bng_logo_2.jpg","type":"image\/jpeg"}],"author":"Redacci\u00f3n A Nova Peneira","twitter_card":"summary_large_image","twitter_creator":"@APeneira","twitter_site":"@APeneira","twitter_misc":{"Escrito por":"Redacci\u00f3n A Nova Peneira","Tempo de lectura":"2 minutos"},"schema":{"@context":"https:\/\/schema.org","@graph":[{"@type":"Article","@id":"https:\/\/www.anovapeneira.gal\/index.php\/2023\/10\/13\/o-bng-propon-melloras-de-xestion-ecoloxica-dos-residuos\/#article","isPartOf":{"@id":"https:\/\/www.anovapeneira.gal\/index.php\/2023\/10\/13\/o-bng-propon-melloras-de-xestion-ecoloxica-dos-residuos\/"},"author":{"name":"Redacci\u00f3n A Nova Peneira","@id":"https:\/\/www.anovapeneira.gal\/#\/schema\/person\/b93e3f8932e3f8da96334607eb6ac6aa"},"headline":"O BNG prop\u00f3n melloras de xesti\u00f3n ecol\u00f3xica dos residuos","datePublished":"2023-10-13T10:00:39+00:00","mainEntityOfPage":{"@id":"https:\/\/www.anovapeneira.gal\/index.php\/2023\/10\/13\/o-bng-propon-melloras-de-xestion-ecoloxica-dos-residuos\/"},"wordCount":390,"commentCount":0,"publisher":{"@id":"https:\/\/www.anovapeneira.gal\/#organization"},"image":{"@id":"https:\/\/www.anovapeneira.gal\/index.php\/2023\/10\/13\/o-bng-propon-melloras-de-xestion-ecoloxica-dos-residuos\/#primaryimage"},"thumbnailUrl":"https:\/\/www.anovapeneira.gal\/wp-content\/uploads\/2022\/09\/bng_logo_2.jpg","keywords":["Concello de Mar\u00edn"],"articleSection":["Morrazo"],"inLanguage":"gl-ES","potentialAction":[{"@type":"CommentAction","name":"Comment","target":["https:\/\/www.anovapeneira.gal\/index.php\/2023\/10\/13\/o-bng-propon-melloras-de-xestion-ecoloxica-dos-residuos\/#respond"]}]},{"@type":"WebPage","@id":"https:\/\/www.anovapeneira.gal\/index.php\/2023\/10\/13\/o-bng-propon-melloras-de-xestion-ecoloxica-dos-residuos\/","url":"https:\/\/www.anovapeneira.gal\/index.php\/2023\/10\/13\/o-bng-propon-melloras-de-xestion-ecoloxica-dos-residuos\/","name":"O BNG prop\u00f3n melloras de xesti\u00f3n ecol\u00f3xica dos residuos -","isPartOf":{"@id":"https:\/\/www.anovapeneira.gal\/#website"},"primaryImageOfPage":{"@id":"https:\/\/www.anovapeneira.gal\/index.php\/2023\/10\/13\/o-bng-propon-melloras-de-xestion-ecoloxica-dos-residuos\/#primaryimage"},"image":{"@id":"https:\/\/www.anovapeneira.gal\/index.php\/2023\/10\/13\/o-bng-propon-melloras-de-xestion-ecoloxica-dos-residuos\/#primaryimage"},"thumbnailUrl":"https:\/\/www.anovapeneira.gal\/wp-content\/uploads\/2022\/09\/bng_logo_2.jpg","datePublished":"2023-10-13T10:00:39+00:00","description":"O BNG aposta por iniciativas de xesti\u00f3n intelixente de residuos para acadar un Mar\u00edn m\u00e1is limpo e sostible","breadcrumb":{"@id":"https:\/\/www.anovapeneira.gal\/index.php\/2023\/10\/13\/o-bng-propon-melloras-de-xestion-ecoloxica-dos-residuos\/#breadcrumb"},"inLanguage":"gl-ES","potentialAction":[{"@type":"ReadAction","target":["https:\/\/www.anovapeneira.gal\/index.php\/2023\/10\/13\/o-bng-propon-melloras-de-xestion-ecoloxica-dos-residuos\/"]}]},{"@type":"ImageObject","inLanguage":"gl-ES","@id":"https:\/\/www.anovapeneira.gal\/index.php\/2023\/10\/13\/o-bng-propon-melloras-de-xestion-ecoloxica-dos-residuos\/#primaryimage","url":"https:\/\/www.anovapeneira.gal\/wp-content\/uploads\/2022\/09\/bng_logo_2.jpg","contentUrl":"https:\/\/www.anovapeneira.gal\/wp-content\/uploads\/2022\/09\/bng_logo_2.jpg","width":720,"height":432,"caption":"Logotipo BNG"},{"@type":"BreadcrumbList","@id":"https:\/\/www.anovapeneira.gal\/index.php\/2023\/10\/13\/o-bng-propon-melloras-de-xestion-ecoloxica-dos-residuos\/#breadcrumb","itemListElement":[{"@type":"ListItem","position":1,"name":"Portada","item":"https:\/\/www.anovapeneira.gal\/"},{"@type":"ListItem","position":2,"name":"O BNG prop\u00f3n melloras de xesti\u00f3n ecol\u00f3xica dos residuos"}]},{"@type":"WebSite","@id":"https:\/\/www.anovapeneira.gal\/#website","url":"https:\/\/www.anovapeneira.gal\/","name":"","description":"Xornal galego de informaci\u00f3n xeral Publicaci\u00f3n mensual de novas de Galicia e en especial dos Concellos da sur da provincia de Pontevedra.","publisher":{"@id":"https:\/\/www.anovapeneira.gal\/#organization"},"potentialAction":[{"@type":"SearchAction","target":{"@type":"EntryPoint","urlTemplate":"https:\/\/www.anovapeneira.gal\/?s={search_term_string}"},"query-input":{"@type":"PropertyValueSpecification","valueRequired":true,"valueName":"search_term_string"}}],"inLanguage":"gl-ES"},{"@type":"Organization","@id":"https:\/\/www.anovapeneira.gal\/#organization","name":"A Nova Peneira","url":"https:\/\/www.anovapeneira.gal\/","logo":{"@type":"ImageObject","inLanguage":"gl-ES","@id":"https:\/\/www.anovapeneira.gal\/#\/schema\/logo\/image\/","url":"http:\/\/www.anovapeneira.gal\/wp-content\/uploads\/2019\/06\/logo_a_nova_peneira_portal_web.png","contentUrl":"http:\/\/www.anovapeneira.gal\/wp-content\/uploads\/2019\/06\/logo_a_nova_peneira_portal_web.png","width":300,"height":100,"caption":"A Nova Peneira"},"image":{"@id":"https:\/\/www.anovapeneira.gal\/#\/schema\/logo\/image\/"},"sameAs":["https:\/\/www.facebook.com\/anovapeneira","https:\/\/x.com\/APeneira"]},{"@type":"Person","@id":"https:\/\/www.anovapeneira.gal\/#\/schema\/person\/b93e3f8932e3f8da96334607eb6ac6aa","name":"Redacci\u00f3n A Nova Peneira","image":{"@type":"ImageObject","inLanguage":"gl-ES","@id":"https:\/\/secure.gravatar.com\/avatar\/c052a2551a06e23fac63626232eaa90abd78dbcf1700fc46a2b2c89fd27b735f?s=96&d=mm&r=g","url":"https:\/\/secure.gravatar.com\/avatar\/c052a2551a06e23fac63626232eaa90abd78dbcf1700fc46a2b2c89fd27b735f?s=96&d=mm&r=g","contentUrl":"https:\/\/secure.gravatar.com\/avatar\/c052a2551a06e23fac63626232eaa90abd78dbcf1700fc46a2b2c89fd27b735f?s=96&d=mm&r=g","caption":"Redacci\u00f3n A Nova Peneira"},"sameAs":["http:\/\/www.anovapeneira.gal\/"],"url":"https:\/\/www.anovapeneira.gal\/index.php\/author\/redactor\/"}]}},"jetpack_featured_media_url":"https:\/\/www.anovapeneira.gal\/wp-content\/uploads\/2022\/09\/bng_logo_2.jpg","_links":{"self":[{"href":"https:\/\/www.anovapeneira.gal\/index.php\/wp-json\/wp\/v2\/posts\/10598","targetHints":{"allow":["GET"]}}],"collection":[{"href":"https:\/\/www.anovapeneira.gal\/index.php\/wp-json\/wp\/v2\/posts"}],"about":[{"href":"https:\/\/www.anovapeneira.gal\/index.php\/wp-json\/wp\/v2\/types\/post"}],"author":[{"embeddable":true,"href":"https:\/\/www.anovapeneira.gal\/index.php\/wp-json\/wp\/v2\/users\/3"}],"replies":[{"embeddable":true,"href":"https:\/\/www.anovapeneira.gal\/index.php\/wp-json\/wp\/v2\/comments?post=10598"}],"version-history":[{"count":1,"href":"https:\/\/www.anovapeneira.gal\/index.php\/wp-json\/wp\/v2\/posts\/10598\/revisions"}],"predecessor-version":[{"id":10599,"href":"https:\/\/www.anovapeneira.gal\/index.php\/wp-json\/wp\/v2\/posts\/10598\/revisions\/10599"}],"wp:featuredmedia":[{"embeddable":true,"href":"https:\/\/www.anovapeneira.gal\/index.php\/wp-json\/wp\/v2\/media\/8265"}],"wp:attachment":[{"href":"https:\/\/www.anovapeneira.gal\/index.php\/wp-json\/wp\/v2\/media?parent=10598"}],"wp:term":[{"taxonomy":"category","embeddable":true,"href":"https:\/\/www.anovapeneira.gal\/index.php\/wp-json\/wp\/v2\/categories?post=10598"},{"taxonomy":"post_tag","embeddable":true,"href":"https:\/\/www.anovapeneira.gal\/index.php\/wp-json\/wp\/v2\/tags?post=10598"}],"curies":[{"name":"wp","href":"https:\/\/api.w.org\/{rel}","templated":true}]}}