{"id":10600,"date":"2023-10-16T10:00:38","date_gmt":"2023-10-16T08:00:38","guid":{"rendered":"https:\/\/www.anovapeneira.gal\/?p=10600"},"modified":"2023-10-10T11:38:02","modified_gmt":"2023-10-10T09:38:02","slug":"irlanda-considera-inspirador-o-modelo-de-recuperacion-do-espazo-publico-para-as-persoas-de-tomino","status":"publish","type":"post","link":"https:\/\/www.anovapeneira.gal\/index.php\/2023\/10\/16\/irlanda-considera-inspirador-o-modelo-de-recuperacion-do-espazo-publico-para-as-persoas-de-tomino\/","title":{"rendered":"Irlanda considera \u201cinspirador\u201d o modelo de recuperaci\u00f3n do espazo p\u00fablico para as persoas de Tomi\u00f1o"},"content":{"rendered":"\n<h2 class=\"wp-block-heading\"><strong>D\u00faas investigadoras da Technological University of Dublin visitaron a vila enviadas pola Ireland\u2019s Road Safety Authority (RSA) para estudar o modelo de mobilidade tomi\u00f1\u00e9s<\/strong><\/h2>\n\n\n\n<h2 class=\"wp-block-heading\"><strong>Carrigan e Rock remataron a xornada de traballo impresionadas e resaltaron a calidade urbana para un n\u00facleo tan pequeno e a estratexia desenvolvida para pasar do 15% de espazo p\u00fablico recuperado para as persoas ao 70%<\/strong><\/h2>\n\n\n\n<p><strong>Tomi\u00f1o, 7 de outubro de 2023<\/strong><\/p>\n\n\n\n<p>Un modelo \u201cabsolutamente inspirador\u201d. As\u00ed cualificaron o traballo de recuperaci\u00f3n do espazo p\u00fablico realizado en Tomi\u00f1o a delegaci\u00f3n do Goberno de Irlanda que estes d\u00edas visitou o municipio para co\u00f1ecer de primeira man os mecanismos de reduci\u00f3n do tr\u00e1fico e levar as recomendaci\u00f3ns tomi\u00f1esas, adaptalas e aplicalas no seu pa\u00eds.<\/p>\n\n\n\n<p>As investigadoras da School of Architecture, Building and Environment da Techological University of Dublin Jordana Corrigan e Sarah Rock, encargadas de estudar o modelo de mobilidade tomi\u00f1\u00e9s para a Ireland\u2019s Road Safety Authority (RSA), amos\u00e1ronse abraiadas polo traballo de recuperaci\u00f3n do espazo p\u00fablico realizado e manifestaron a s\u00faa sorpresa ante que \u201cun concello tan pequeno desenvolva un modelo propio con tan bos resultados\u201d.<\/p>\n\n\n\n<p>A visita enc\u00e1drase na estratexia do Goberno de Irlanda para mellorar a seguridade viaria no pa\u00eds, que incl\u00fae 50 acci\u00f3ns de alto impacto entre as que est\u00e1 o estudo de casos de cidades ou municipios nos que se adoptaran medidas para reducir o tr\u00e1fico e melorar a seguridade das outras persoas usuarias da v\u00eda. Tomi\u00f1o foi unha das cidade europeas inclu\u00edda como caso de estudo polo progreso significativo na seguridade viaria, a acci\u00f3n clim\u00e1tica e a mellora da vida urbana.<\/p>\n\n\n\n<p>Durante a visita, as investigadoras explicaron o seu interese por un municipio das caracter\u00edsticas de Tomi\u00f1o, xa que se trata dun municipio principalmente rural e con conexi\u00f3ns interurbanas, un n\u00facleo moi semellante aos existentes no territorio irland\u00e9s para os que buscan soluci\u00f3ns e melloras. \u201cComo xa prev\u00edamos, Tomi\u00f1o \u00e9 un exemplo para levar e intentar adaptar \u00e1 realidade de Irlanda co fin de mellorar os nosos n\u00facleos urbanos e rurais e atraer m\u00e1is poboaci\u00f3n \u00e1s nosas vilas\u201d, recalcaron.<\/p>\n\n\n\n<p>Despois de facer un percorrido por varias cidades e vilas europeas, como Oslo, Gante ou Bruxelas, Corrigan e Rock aseguraron que Tomi\u00f1o destaca pola calidade urbana dos espazos, tanto polo uso que a veci\u00f1anza fai deles como pola elevada cantidade de metros cadrados recuperados, que fan \u201cque estas actuaci\u00f3ns sexan un \u00e9xito\u201d. As investigadoras remataron a visita impresionadas pola transformaci\u00f3n de Tomi\u00f1o e resaltaron a calidade urbana para un n\u00facleo tan pequeno e a estratexia desenvolvida nos \u00faltimos 16 anos polo Goberno municipal para pasar do 15% do espazo p\u00fablico recuperados para as persoas nos n\u00facleos urbanos ao 70%.<\/p>\n\n\n\n<p>A visita inclu\u00edu un programa dunha xornada enteira que arrancou cunha recepci\u00f3n institucional coa alcaldesa de Tomi\u00f1o, Sandra Gonz\u00e1lez, e cunha reuni\u00f3n de traballo liderada polo concelleiro de Planificaci\u00f3n Estrat\u00e9xica, Territorial e Econ\u00f3mica, Ux\u00edo Ben\u00edtez, na que tam\u00e9n participaron concelleiros e concelleiras da Corporaci\u00f3n e persoal t\u00e9cnico municipal.<\/p>\n\n\n\n<p>O edil recalcou que o Concello conseguiu eliminar boa parte do tr\u00e1fico de paso e conectar equipamentos con itinerarios peon\u00eds, \u201cunha li\u00f1a na que seguiremos traballando para facer de Tomi\u00f1o un referente e un exemplo de recuperaci\u00f3n de espazos p\u00fablicos para as persoas\u201d.<\/p>\n\n\n\n<p>Para ver <em>in situ<\/em> as actuaci\u00f3ns realizadas ao longo dos \u00faltimos anos, a delegaci\u00f3n relizou unhas visitas guiadas ao n\u00facleo urbano do Seixo, \u00e1 Praza de Figueir\u00f3 e ao n\u00facleo urbano de Goi\u00e1n. Sobre o terreo, Ux\u00edo Ben\u00edtez explicou \u00e1s investigadoras que \u201cgrazas a unha modificaci\u00f3n no planteamento foi posible crear unha gran praza e a conexi\u00f3n dos equipamentos xerando zonas de preferencia peonil\u201d.<\/p>\n\n\n\n<p>As investigadoras regresaron xa a Irlanda, onde redactaran o informe para a Ireland\u2019s Road Safety Authority (RSA) do Goberno irland\u00e9s, \u00e1 que lle transmitir\u00e1n a posibilidade de estudar colaboraci\u00f3ns futuras co Concello de Tomi\u00f1o.<\/p>\n","protected":false},"excerpt":{"rendered":"<div class=\"mh-excerpt\"><p>D\u00faas investigadoras da Technological University of Dublin visitaron a vila enviadas pola Ireland\u2019s Road Safety Authority (RSA) para estudar o modelo de mobilidade tomi\u00f1\u00e9 <a class=\"mh-excerpt-more\" href=\"https:\/\/www.anovapeneira.gal\/index.php\/2023\/10\/16\/irlanda-considera-inspirador-o-modelo-de-recuperacion-do-espazo-publico-para-as-persoas-de-tomino\/\" title=\"Irlanda considera \u201cinspirador\u201d o modelo de recuperaci\u00f3n do espazo p\u00fablico para as persoas de Tomi\u00f1o\">[&#8230;]<\/a><\/p>\n<\/div>","protected":false},"author":3,"featured_media":10601,"comment_status":"open","ping_status":"open","sticky":false,"template":"","format":"standard","meta":{"_exactmetrics_skip_tracking":false,"_exactmetrics_sitenote_active":false,"_exactmetrics_sitenote_note":"","_exactmetrics_sitenote_category":0,"footnotes":""},"categories":[21],"tags":[81],"class_list":{"0":"post-10600","1":"post","2":"type-post","3":"status-publish","4":"format-standard","5":"has-post-thumbnail","7":"category-baixo-mino","8":"tag-concello-de-tomino"},"yoast_head":"<!-- This site is optimized with the Yoast SEO plugin v27.5 - https:\/\/yoast.com\/product\/yoast-seo-wordpress\/ -->\n<title>Irlanda considera \u201cinspirador\u201d o modelo de recuperaci\u00f3n do espazo p\u00fablico para as persoas de Tomi\u00f1o -<\/title>\n<meta name=\"description\" content=\"D\u00faas investigadoras da Technological University of Dublin visitaron a vila enviadas pola Ireland\u2019s Road Safety Authority (RSA) para estudar o modelo de mobilidade tomi\u00f1\u00e9\" \/>\n<meta name=\"robots\" content=\"index, follow, max-snippet:-1, max-image-preview:large, max-video-preview:-1\" \/>\n<link rel=\"canonical\" href=\"https:\/\/www.anovapeneira.gal\/index.php\/2023\/10\/16\/irlanda-considera-inspirador-o-modelo-de-recuperacion-do-espazo-publico-para-as-persoas-de-tomino\/\" \/>\n<meta property=\"og:locale\" content=\"gl_ES\" \/>\n<meta property=\"og:type\" content=\"article\" \/>\n<meta property=\"og:title\" content=\"Irlanda considera \u201cinspirador\u201d o modelo de recuperaci\u00f3n do espazo p\u00fablico para as persoas de Tomi\u00f1o -\" \/>\n<meta property=\"og:description\" content=\"D\u00faas investigadoras da Technological University of Dublin visitaron a vila enviadas pola Ireland\u2019s Road Safety Authority (RSA) para estudar o modelo de mobilidade tomi\u00f1\u00e9\" \/>\n<meta property=\"og:url\" content=\"https:\/\/www.anovapeneira.gal\/index.php\/2023\/10\/16\/irlanda-considera-inspirador-o-modelo-de-recuperacion-do-espazo-publico-para-as-persoas-de-tomino\/\" \/>\n<meta property=\"article:publisher\" content=\"https:\/\/www.facebook.com\/anovapeneira\" \/>\n<meta property=\"article:published_time\" content=\"2023-10-16T08:00:38+00:00\" \/>\n<meta property=\"og:image\" content=\"https:\/\/www.anovapeneira.gal\/wp-content\/uploads\/2023\/10\/espazo_publico_tomino.jpg\" \/>\n\t<meta property=\"og:image:width\" content=\"720\" \/>\n\t<meta property=\"og:image:height\" content=\"432\" \/>\n\t<meta property=\"og:image:type\" content=\"image\/jpeg\" \/>\n<meta name=\"author\" content=\"Redacci\u00f3n A Nova Peneira\" \/>\n<meta name=\"twitter:card\" content=\"summary_large_image\" \/>\n<meta name=\"twitter:creator\" content=\"@APeneira\" \/>\n<meta name=\"twitter:site\" content=\"@APeneira\" \/>\n<meta name=\"twitter:label1\" content=\"Escrito por\" \/>\n\t<meta name=\"twitter:data1\" content=\"Redacci\u00f3n A Nova Peneira\" \/>\n\t<meta name=\"twitter:label2\" content=\"Tempo de lectura\" \/>\n\t<meta name=\"twitter:data2\" content=\"4 minutos\" \/>\n<script type=\"application\/ld+json\" class=\"yoast-schema-graph\">{\"@context\":\"https:\\\/\\\/schema.org\",\"@graph\":[{\"@type\":\"Article\",\"@id\":\"https:\\\/\\\/www.anovapeneira.gal\\\/index.php\\\/2023\\\/10\\\/16\\\/irlanda-considera-inspirador-o-modelo-de-recuperacion-do-espazo-publico-para-as-persoas-de-tomino\\\/#article\",\"isPartOf\":{\"@id\":\"https:\\\/\\\/www.anovapeneira.gal\\\/index.php\\\/2023\\\/10\\\/16\\\/irlanda-considera-inspirador-o-modelo-de-recuperacion-do-espazo-publico-para-as-persoas-de-tomino\\\/\"},\"author\":{\"name\":\"Redacci\u00f3n A Nova Peneira\",\"@id\":\"https:\\\/\\\/www.anovapeneira.gal\\\/#\\\/schema\\\/person\\\/b93e3f8932e3f8da96334607eb6ac6aa\"},\"headline\":\"Irlanda considera \u201cinspirador\u201d o modelo de recuperaci\u00f3n do espazo p\u00fablico para as persoas de Tomi\u00f1o\",\"datePublished\":\"2023-10-16T08:00:38+00:00\",\"mainEntityOfPage\":{\"@id\":\"https:\\\/\\\/www.anovapeneira.gal\\\/index.php\\\/2023\\\/10\\\/16\\\/irlanda-considera-inspirador-o-modelo-de-recuperacion-do-espazo-publico-para-as-persoas-de-tomino\\\/\"},\"wordCount\":716,\"commentCount\":0,\"publisher\":{\"@id\":\"https:\\\/\\\/www.anovapeneira.gal\\\/#organization\"},\"image\":{\"@id\":\"https:\\\/\\\/www.anovapeneira.gal\\\/index.php\\\/2023\\\/10\\\/16\\\/irlanda-considera-inspirador-o-modelo-de-recuperacion-do-espazo-publico-para-as-persoas-de-tomino\\\/#primaryimage\"},\"thumbnailUrl\":\"https:\\\/\\\/www.anovapeneira.gal\\\/wp-content\\\/uploads\\\/2023\\\/10\\\/espazo_publico_tomino.jpg\",\"keywords\":[\"Concello de Tomi\u00f1o\"],\"articleSection\":[\"Baixo Mi\u00f1o\"],\"inLanguage\":\"gl-ES\",\"potentialAction\":[{\"@type\":\"CommentAction\",\"name\":\"Comment\",\"target\":[\"https:\\\/\\\/www.anovapeneira.gal\\\/index.php\\\/2023\\\/10\\\/16\\\/irlanda-considera-inspirador-o-modelo-de-recuperacion-do-espazo-publico-para-as-persoas-de-tomino\\\/#respond\"]}]},{\"@type\":\"WebPage\",\"@id\":\"https:\\\/\\\/www.anovapeneira.gal\\\/index.php\\\/2023\\\/10\\\/16\\\/irlanda-considera-inspirador-o-modelo-de-recuperacion-do-espazo-publico-para-as-persoas-de-tomino\\\/\",\"url\":\"https:\\\/\\\/www.anovapeneira.gal\\\/index.php\\\/2023\\\/10\\\/16\\\/irlanda-considera-inspirador-o-modelo-de-recuperacion-do-espazo-publico-para-as-persoas-de-tomino\\\/\",\"name\":\"Irlanda considera \u201cinspirador\u201d o modelo de recuperaci\u00f3n do espazo p\u00fablico para as persoas de Tomi\u00f1o -\",\"isPartOf\":{\"@id\":\"https:\\\/\\\/www.anovapeneira.gal\\\/#website\"},\"primaryImageOfPage\":{\"@id\":\"https:\\\/\\\/www.anovapeneira.gal\\\/index.php\\\/2023\\\/10\\\/16\\\/irlanda-considera-inspirador-o-modelo-de-recuperacion-do-espazo-publico-para-as-persoas-de-tomino\\\/#primaryimage\"},\"image\":{\"@id\":\"https:\\\/\\\/www.anovapeneira.gal\\\/index.php\\\/2023\\\/10\\\/16\\\/irlanda-considera-inspirador-o-modelo-de-recuperacion-do-espazo-publico-para-as-persoas-de-tomino\\\/#primaryimage\"},\"thumbnailUrl\":\"https:\\\/\\\/www.anovapeneira.gal\\\/wp-content\\\/uploads\\\/2023\\\/10\\\/espazo_publico_tomino.jpg\",\"datePublished\":\"2023-10-16T08:00:38+00:00\",\"description\":\"D\u00faas investigadoras da Technological University of Dublin visitaron a vila enviadas pola Ireland\u2019s Road Safety Authority (RSA) para estudar o modelo de mobilidade tomi\u00f1\u00e9\",\"breadcrumb\":{\"@id\":\"https:\\\/\\\/www.anovapeneira.gal\\\/index.php\\\/2023\\\/10\\\/16\\\/irlanda-considera-inspirador-o-modelo-de-recuperacion-do-espazo-publico-para-as-persoas-de-tomino\\\/#breadcrumb\"},\"inLanguage\":\"gl-ES\",\"potentialAction\":[{\"@type\":\"ReadAction\",\"target\":[\"https:\\\/\\\/www.anovapeneira.gal\\\/index.php\\\/2023\\\/10\\\/16\\\/irlanda-considera-inspirador-o-modelo-de-recuperacion-do-espazo-publico-para-as-persoas-de-tomino\\\/\"]}]},{\"@type\":\"ImageObject\",\"inLanguage\":\"gl-ES\",\"@id\":\"https:\\\/\\\/www.anovapeneira.gal\\\/index.php\\\/2023\\\/10\\\/16\\\/irlanda-considera-inspirador-o-modelo-de-recuperacion-do-espazo-publico-para-as-persoas-de-tomino\\\/#primaryimage\",\"url\":\"https:\\\/\\\/www.anovapeneira.gal\\\/wp-content\\\/uploads\\\/2023\\\/10\\\/espazo_publico_tomino.jpg\",\"contentUrl\":\"https:\\\/\\\/www.anovapeneira.gal\\\/wp-content\\\/uploads\\\/2023\\\/10\\\/espazo_publico_tomino.jpg\",\"width\":720,\"height\":432,\"caption\":\"Irlanda considera \u201cinspirador\u201d o modelo de recuperaci\u00f3n do espazo p\u00fablico para as persoas de Tomi\u00f1o\"},{\"@type\":\"BreadcrumbList\",\"@id\":\"https:\\\/\\\/www.anovapeneira.gal\\\/index.php\\\/2023\\\/10\\\/16\\\/irlanda-considera-inspirador-o-modelo-de-recuperacion-do-espazo-publico-para-as-persoas-de-tomino\\\/#breadcrumb\",\"itemListElement\":[{\"@type\":\"ListItem\",\"position\":1,\"name\":\"Portada\",\"item\":\"https:\\\/\\\/www.anovapeneira.gal\\\/\"},{\"@type\":\"ListItem\",\"position\":2,\"name\":\"Irlanda considera \u201cinspirador\u201d o modelo de recuperaci\u00f3n do espazo p\u00fablico para as persoas de Tomi\u00f1o\"}]},{\"@type\":\"WebSite\",\"@id\":\"https:\\\/\\\/www.anovapeneira.gal\\\/#website\",\"url\":\"https:\\\/\\\/www.anovapeneira.gal\\\/\",\"name\":\"\",\"description\":\"Xornal galego de informaci\u00f3n xeral Publicaci\u00f3n mensual de novas de Galicia e en especial dos Concellos da sur da provincia de Pontevedra.\",\"publisher\":{\"@id\":\"https:\\\/\\\/www.anovapeneira.gal\\\/#organization\"},\"potentialAction\":[{\"@type\":\"SearchAction\",\"target\":{\"@type\":\"EntryPoint\",\"urlTemplate\":\"https:\\\/\\\/www.anovapeneira.gal\\\/?s={search_term_string}\"},\"query-input\":{\"@type\":\"PropertyValueSpecification\",\"valueRequired\":true,\"valueName\":\"search_term_string\"}}],\"inLanguage\":\"gl-ES\"},{\"@type\":\"Organization\",\"@id\":\"https:\\\/\\\/www.anovapeneira.gal\\\/#organization\",\"name\":\"A Nova Peneira\",\"url\":\"https:\\\/\\\/www.anovapeneira.gal\\\/\",\"logo\":{\"@type\":\"ImageObject\",\"inLanguage\":\"gl-ES\",\"@id\":\"https:\\\/\\\/www.anovapeneira.gal\\\/#\\\/schema\\\/logo\\\/image\\\/\",\"url\":\"http:\\\/\\\/www.anovapeneira.gal\\\/wp-content\\\/uploads\\\/2019\\\/06\\\/logo_a_nova_peneira_portal_web.png\",\"contentUrl\":\"http:\\\/\\\/www.anovapeneira.gal\\\/wp-content\\\/uploads\\\/2019\\\/06\\\/logo_a_nova_peneira_portal_web.png\",\"width\":300,\"height\":100,\"caption\":\"A Nova Peneira\"},\"image\":{\"@id\":\"https:\\\/\\\/www.anovapeneira.gal\\\/#\\\/schema\\\/logo\\\/image\\\/\"},\"sameAs\":[\"https:\\\/\\\/www.facebook.com\\\/anovapeneira\",\"https:\\\/\\\/x.com\\\/APeneira\"]},{\"@type\":\"Person\",\"@id\":\"https:\\\/\\\/www.anovapeneira.gal\\\/#\\\/schema\\\/person\\\/b93e3f8932e3f8da96334607eb6ac6aa\",\"name\":\"Redacci\u00f3n A Nova Peneira\",\"image\":{\"@type\":\"ImageObject\",\"inLanguage\":\"gl-ES\",\"@id\":\"https:\\\/\\\/secure.gravatar.com\\\/avatar\\\/c052a2551a06e23fac63626232eaa90abd78dbcf1700fc46a2b2c89fd27b735f?s=96&d=mm&r=g\",\"url\":\"https:\\\/\\\/secure.gravatar.com\\\/avatar\\\/c052a2551a06e23fac63626232eaa90abd78dbcf1700fc46a2b2c89fd27b735f?s=96&d=mm&r=g\",\"contentUrl\":\"https:\\\/\\\/secure.gravatar.com\\\/avatar\\\/c052a2551a06e23fac63626232eaa90abd78dbcf1700fc46a2b2c89fd27b735f?s=96&d=mm&r=g\",\"caption\":\"Redacci\u00f3n A Nova Peneira\"},\"sameAs\":[\"http:\\\/\\\/www.anovapeneira.gal\\\/\"],\"url\":\"https:\\\/\\\/www.anovapeneira.gal\\\/index.php\\\/author\\\/redactor\\\/\"}]}<\/script>\n<!-- \/ Yoast SEO plugin. -->","yoast_head_json":{"title":"Irlanda considera \u201cinspirador\u201d o modelo de recuperaci\u00f3n do espazo p\u00fablico para as persoas de Tomi\u00f1o -","description":"D\u00faas investigadoras da Technological University of Dublin visitaron a vila enviadas pola Ireland\u2019s Road Safety Authority (RSA) para estudar o modelo de mobilidade tomi\u00f1\u00e9","robots":{"index":"index","follow":"follow","max-snippet":"max-snippet:-1","max-image-preview":"max-image-preview:large","max-video-preview":"max-video-preview:-1"},"canonical":"https:\/\/www.anovapeneira.gal\/index.php\/2023\/10\/16\/irlanda-considera-inspirador-o-modelo-de-recuperacion-do-espazo-publico-para-as-persoas-de-tomino\/","og_locale":"gl_ES","og_type":"article","og_title":"Irlanda considera \u201cinspirador\u201d o modelo de recuperaci\u00f3n do espazo p\u00fablico para as persoas de Tomi\u00f1o -","og_description":"D\u00faas investigadoras da Technological University of Dublin visitaron a vila enviadas pola Ireland\u2019s Road Safety Authority (RSA) para estudar o modelo de mobilidade tomi\u00f1\u00e9","og_url":"https:\/\/www.anovapeneira.gal\/index.php\/2023\/10\/16\/irlanda-considera-inspirador-o-modelo-de-recuperacion-do-espazo-publico-para-as-persoas-de-tomino\/","article_publisher":"https:\/\/www.facebook.com\/anovapeneira","article_published_time":"2023-10-16T08:00:38+00:00","og_image":[{"width":720,"height":432,"url":"https:\/\/www.anovapeneira.gal\/wp-content\/uploads\/2023\/10\/espazo_publico_tomino.jpg","type":"image\/jpeg"}],"author":"Redacci\u00f3n A Nova Peneira","twitter_card":"summary_large_image","twitter_creator":"@APeneira","twitter_site":"@APeneira","twitter_misc":{"Escrito por":"Redacci\u00f3n A Nova Peneira","Tempo de lectura":"4 minutos"},"schema":{"@context":"https:\/\/schema.org","@graph":[{"@type":"Article","@id":"https:\/\/www.anovapeneira.gal\/index.php\/2023\/10\/16\/irlanda-considera-inspirador-o-modelo-de-recuperacion-do-espazo-publico-para-as-persoas-de-tomino\/#article","isPartOf":{"@id":"https:\/\/www.anovapeneira.gal\/index.php\/2023\/10\/16\/irlanda-considera-inspirador-o-modelo-de-recuperacion-do-espazo-publico-para-as-persoas-de-tomino\/"},"author":{"name":"Redacci\u00f3n A Nova Peneira","@id":"https:\/\/www.anovapeneira.gal\/#\/schema\/person\/b93e3f8932e3f8da96334607eb6ac6aa"},"headline":"Irlanda considera \u201cinspirador\u201d o modelo de recuperaci\u00f3n do espazo p\u00fablico para as persoas de Tomi\u00f1o","datePublished":"2023-10-16T08:00:38+00:00","mainEntityOfPage":{"@id":"https:\/\/www.anovapeneira.gal\/index.php\/2023\/10\/16\/irlanda-considera-inspirador-o-modelo-de-recuperacion-do-espazo-publico-para-as-persoas-de-tomino\/"},"wordCount":716,"commentCount":0,"publisher":{"@id":"https:\/\/www.anovapeneira.gal\/#organization"},"image":{"@id":"https:\/\/www.anovapeneira.gal\/index.php\/2023\/10\/16\/irlanda-considera-inspirador-o-modelo-de-recuperacion-do-espazo-publico-para-as-persoas-de-tomino\/#primaryimage"},"thumbnailUrl":"https:\/\/www.anovapeneira.gal\/wp-content\/uploads\/2023\/10\/espazo_publico_tomino.jpg","keywords":["Concello de Tomi\u00f1o"],"articleSection":["Baixo Mi\u00f1o"],"inLanguage":"gl-ES","potentialAction":[{"@type":"CommentAction","name":"Comment","target":["https:\/\/www.anovapeneira.gal\/index.php\/2023\/10\/16\/irlanda-considera-inspirador-o-modelo-de-recuperacion-do-espazo-publico-para-as-persoas-de-tomino\/#respond"]}]},{"@type":"WebPage","@id":"https:\/\/www.anovapeneira.gal\/index.php\/2023\/10\/16\/irlanda-considera-inspirador-o-modelo-de-recuperacion-do-espazo-publico-para-as-persoas-de-tomino\/","url":"https:\/\/www.anovapeneira.gal\/index.php\/2023\/10\/16\/irlanda-considera-inspirador-o-modelo-de-recuperacion-do-espazo-publico-para-as-persoas-de-tomino\/","name":"Irlanda considera \u201cinspirador\u201d o modelo de recuperaci\u00f3n do espazo p\u00fablico para as persoas de Tomi\u00f1o -","isPartOf":{"@id":"https:\/\/www.anovapeneira.gal\/#website"},"primaryImageOfPage":{"@id":"https:\/\/www.anovapeneira.gal\/index.php\/2023\/10\/16\/irlanda-considera-inspirador-o-modelo-de-recuperacion-do-espazo-publico-para-as-persoas-de-tomino\/#primaryimage"},"image":{"@id":"https:\/\/www.anovapeneira.gal\/index.php\/2023\/10\/16\/irlanda-considera-inspirador-o-modelo-de-recuperacion-do-espazo-publico-para-as-persoas-de-tomino\/#primaryimage"},"thumbnailUrl":"https:\/\/www.anovapeneira.gal\/wp-content\/uploads\/2023\/10\/espazo_publico_tomino.jpg","datePublished":"2023-10-16T08:00:38+00:00","description":"D\u00faas investigadoras da Technological University of Dublin visitaron a vila enviadas pola Ireland\u2019s Road Safety Authority (RSA) para estudar o modelo de mobilidade tomi\u00f1\u00e9","breadcrumb":{"@id":"https:\/\/www.anovapeneira.gal\/index.php\/2023\/10\/16\/irlanda-considera-inspirador-o-modelo-de-recuperacion-do-espazo-publico-para-as-persoas-de-tomino\/#breadcrumb"},"inLanguage":"gl-ES","potentialAction":[{"@type":"ReadAction","target":["https:\/\/www.anovapeneira.gal\/index.php\/2023\/10\/16\/irlanda-considera-inspirador-o-modelo-de-recuperacion-do-espazo-publico-para-as-persoas-de-tomino\/"]}]},{"@type":"ImageObject","inLanguage":"gl-ES","@id":"https:\/\/www.anovapeneira.gal\/index.php\/2023\/10\/16\/irlanda-considera-inspirador-o-modelo-de-recuperacion-do-espazo-publico-para-as-persoas-de-tomino\/#primaryimage","url":"https:\/\/www.anovapeneira.gal\/wp-content\/uploads\/2023\/10\/espazo_publico_tomino.jpg","contentUrl":"https:\/\/www.anovapeneira.gal\/wp-content\/uploads\/2023\/10\/espazo_publico_tomino.jpg","width":720,"height":432,"caption":"Irlanda considera \u201cinspirador\u201d o modelo de recuperaci\u00f3n do espazo p\u00fablico para as persoas de Tomi\u00f1o"},{"@type":"BreadcrumbList","@id":"https:\/\/www.anovapeneira.gal\/index.php\/2023\/10\/16\/irlanda-considera-inspirador-o-modelo-de-recuperacion-do-espazo-publico-para-as-persoas-de-tomino\/#breadcrumb","itemListElement":[{"@type":"ListItem","position":1,"name":"Portada","item":"https:\/\/www.anovapeneira.gal\/"},{"@type":"ListItem","position":2,"name":"Irlanda considera \u201cinspirador\u201d o modelo de recuperaci\u00f3n do espazo p\u00fablico para as persoas de Tomi\u00f1o"}]},{"@type":"WebSite","@id":"https:\/\/www.anovapeneira.gal\/#website","url":"https:\/\/www.anovapeneira.gal\/","name":"","description":"Xornal galego de informaci\u00f3n xeral Publicaci\u00f3n mensual de novas de Galicia e en especial dos Concellos da sur da provincia de Pontevedra.","publisher":{"@id":"https:\/\/www.anovapeneira.gal\/#organization"},"potentialAction":[{"@type":"SearchAction","target":{"@type":"EntryPoint","urlTemplate":"https:\/\/www.anovapeneira.gal\/?s={search_term_string}"},"query-input":{"@type":"PropertyValueSpecification","valueRequired":true,"valueName":"search_term_string"}}],"inLanguage":"gl-ES"},{"@type":"Organization","@id":"https:\/\/www.anovapeneira.gal\/#organization","name":"A Nova Peneira","url":"https:\/\/www.anovapeneira.gal\/","logo":{"@type":"ImageObject","inLanguage":"gl-ES","@id":"https:\/\/www.anovapeneira.gal\/#\/schema\/logo\/image\/","url":"http:\/\/www.anovapeneira.gal\/wp-content\/uploads\/2019\/06\/logo_a_nova_peneira_portal_web.png","contentUrl":"http:\/\/www.anovapeneira.gal\/wp-content\/uploads\/2019\/06\/logo_a_nova_peneira_portal_web.png","width":300,"height":100,"caption":"A Nova Peneira"},"image":{"@id":"https:\/\/www.anovapeneira.gal\/#\/schema\/logo\/image\/"},"sameAs":["https:\/\/www.facebook.com\/anovapeneira","https:\/\/x.com\/APeneira"]},{"@type":"Person","@id":"https:\/\/www.anovapeneira.gal\/#\/schema\/person\/b93e3f8932e3f8da96334607eb6ac6aa","name":"Redacci\u00f3n A Nova Peneira","image":{"@type":"ImageObject","inLanguage":"gl-ES","@id":"https:\/\/secure.gravatar.com\/avatar\/c052a2551a06e23fac63626232eaa90abd78dbcf1700fc46a2b2c89fd27b735f?s=96&d=mm&r=g","url":"https:\/\/secure.gravatar.com\/avatar\/c052a2551a06e23fac63626232eaa90abd78dbcf1700fc46a2b2c89fd27b735f?s=96&d=mm&r=g","contentUrl":"https:\/\/secure.gravatar.com\/avatar\/c052a2551a06e23fac63626232eaa90abd78dbcf1700fc46a2b2c89fd27b735f?s=96&d=mm&r=g","caption":"Redacci\u00f3n A Nova Peneira"},"sameAs":["http:\/\/www.anovapeneira.gal\/"],"url":"https:\/\/www.anovapeneira.gal\/index.php\/author\/redactor\/"}]}},"jetpack_featured_media_url":"https:\/\/www.anovapeneira.gal\/wp-content\/uploads\/2023\/10\/espazo_publico_tomino.jpg","_links":{"self":[{"href":"https:\/\/www.anovapeneira.gal\/index.php\/wp-json\/wp\/v2\/posts\/10600","targetHints":{"allow":["GET"]}}],"collection":[{"href":"https:\/\/www.anovapeneira.gal\/index.php\/wp-json\/wp\/v2\/posts"}],"about":[{"href":"https:\/\/www.anovapeneira.gal\/index.php\/wp-json\/wp\/v2\/types\/post"}],"author":[{"embeddable":true,"href":"https:\/\/www.anovapeneira.gal\/index.php\/wp-json\/wp\/v2\/users\/3"}],"replies":[{"embeddable":true,"href":"https:\/\/www.anovapeneira.gal\/index.php\/wp-json\/wp\/v2\/comments?post=10600"}],"version-history":[{"count":3,"href":"https:\/\/www.anovapeneira.gal\/index.php\/wp-json\/wp\/v2\/posts\/10600\/revisions"}],"predecessor-version":[{"id":10604,"href":"https:\/\/www.anovapeneira.gal\/index.php\/wp-json\/wp\/v2\/posts\/10600\/revisions\/10604"}],"wp:featuredmedia":[{"embeddable":true,"href":"https:\/\/www.anovapeneira.gal\/index.php\/wp-json\/wp\/v2\/media\/10601"}],"wp:attachment":[{"href":"https:\/\/www.anovapeneira.gal\/index.php\/wp-json\/wp\/v2\/media?parent=10600"}],"wp:term":[{"taxonomy":"category","embeddable":true,"href":"https:\/\/www.anovapeneira.gal\/index.php\/wp-json\/wp\/v2\/categories?post=10600"},{"taxonomy":"post_tag","embeddable":true,"href":"https:\/\/www.anovapeneira.gal\/index.php\/wp-json\/wp\/v2\/tags?post=10600"}],"curies":[{"name":"wp","href":"https:\/\/api.w.org\/{rel}","templated":true}]}}