{"id":10614,"date":"2023-10-18T10:00:57","date_gmt":"2023-10-18T08:00:57","guid":{"rendered":"https:\/\/www.anovapeneira.gal\/?p=10614"},"modified":"2023-10-10T13:07:19","modified_gmt":"2023-10-10T11:07:19","slug":"en-defensa-dos-piquetes","status":"publish","type":"post","link":"https:\/\/www.anovapeneira.gal\/index.php\/2023\/10\/18\/en-defensa-dos-piquetes\/","title":{"rendered":"En defensa dos piquetes"},"content":{"rendered":"\n<p>\u201c\u2026\u2026.maldigo a poes\u00eda concibida como un luxo<br>cultural polos neutrais<br>que, lav\u00e1ndose as mans, se desentenden e<br>evaden.<br>Maldigo a poes\u00eda de quen non toma partido<br>ata mancharse\u2026\u2026\u201d<\/p>\n\n\n\n<pre class=\"wp-block-verse\">Gabriel Celaya<\/pre>\n\n\n\n<figure class=\"wp-block-image size-full is-resized\"><img loading=\"lazy\" decoding=\"async\" src=\"https:\/\/www.anovapeneira.gal\/wp-content\/uploads\/2019\/05\/tino_lago_director_a_nova_peneira.jpg\" alt=\"Tino Lago director a Nova Peneira\" class=\"wp-image-189\" style=\"width:89px;height:104px\" width=\"89\" height=\"104\"\/><figcaption class=\"wp-element-caption\">Tino Lago director a Nova Peneira<\/figcaption><\/figure>\n\n\n\n<p>A finais do pasado mes de setembro un participante dun piquete de folga, diante dunha factor\u00eda de autom\u00f3biles na cidades estadounidense de Detroit, dic\u00eda meg\u00e1fono en man:<br>\u201cMerecedes o que ganastes , e ganastes moito m\u00e1is do que vos pagan\u201d<\/p>\n\n\n\n<p>Quen participou naquel piquete e pronunciou esas palabras, e outras de solidariedade cos traballadores e traballadoras, non era ning\u00fan l\u00edder sindical, foi o presidente dos EEUU, Joe Biden. A visita do presidente norteamericano non se pode descontextualizar do feito de que o pr\u00f3ximo ano volve haber elecci\u00f3ns presidenciais nos Estados Unidos e os estados de Michigan( Detroit) , Wisconsin e Pensilvania son chaves pois as maior\u00edas est\u00e1n enormemente axustadas. Nas elecci\u00f3ns do 2016 Trump conseguinos por moi pouco, e nos \u00faltimos comicios do 2020 foi Biden o que se fixo con estes estados tam\u00e9n por moi pouca diferenza. En calquera caso, malia que se trate s\u00f3 dunha acci\u00f3n puramente simb\u00f3lica a\u00ednda que a motivaci\u00f3n da visita ao piquete de folga sexa exclusivamente electoral, o simbolismo que desprende ver ao presidente dos EEUU apoiando a un piquete ten unha enorme relevancia. Seica \u00e9 a primeira vez na historia que acontece tal cousa, pois ata o de agora en todas as folgas importantes anteriores os presidentes norteamericanos ou miraron para outro lado ou simplemente estiveron a car\u00f3n das patronais. As\u00ed por exemplo na d\u00e9cada dos 80 do s\u00e9culo pasado o presidente Reagan despediu a varios milleiros de controladores a\u00e9reos en folga.<br>No estado espa\u00f1ol ser\u00eda impensable algo parecido. Calquera presidente que amosara o seu apoio expl\u00edcito a un colectivo en folga, visitando a un piquete, ser\u00eda inmediatamente triturado, absolutamente esnaquizado e cruelmente esmendrellado polo poder medi\u00e1tico ao servizo das oligarqu\u00edas econ\u00f3micas, practicamente todo. Aqueles que lle dan cobertura de maneira consciente a evidentes trolas , aqueles que din que o galego goza de boa sa\u00fade , aqueles que din que Feijoo e un home intelectualmente solvente e un bo xestor, aqueles que din que a violencia do estado de Israel \u00e9 lex\u00edtima defensa pero a do Polisario terrorismo, aqueles que apelan ao transfuguismo dos outros cando non te\u00f1en maior\u00edas necesarias para gobernar , aqueles que defenden a especulaci\u00f3n e aos especuladores, aqueles que cambian de camisa para obter posici\u00f3n\u2026\u2026en definitiva aqueles que viven de facer apolox\u00eda dos poderosos lanzar\u00edan terribles treboadas dial\u00e9cticas e espetar\u00edan furiosos anatemas condenando ao herexe a ser queimado vivo na praza p\u00fablica. Si , aqueles que cando o home m\u00e1is poderoso do mundo amosou o seu apoio a un piquete curiosamente miraron para outro lado e non dixeron nada.<br>Ir de piquete cando hai un conflito laboral non \u00e9 nada agradable, e d\u00edgoo con co\u00f1ecemento de causa pois estiven en varios. A situaci\u00f3n pode ser realmente tensa e en numerosas ocasi\u00f3ns son os piquetes os que sofren actos de violencia. Ningunha das persoas que se pon na porta dunha factor\u00eda para reclamar dereitos , cando hai un problema laboral, est\u00e1 a\u00ed por gusto e con certeza todas ter\u00edan cousas moito m\u00e1is atractivas que facer. Pero \u201c Que tempos ser\u00e1n os que vivimos que hai que defender o obvio\u201d, e o obvio \u00e9 que cando hai un problema que afecta a un colectivo quen se implica e arrisca o seu benestar persoal, o seu posto de traballo ou incluso a s\u00faa integridade f\u00edsica, est\u00e1 no lado eticamente correcto . S\u00f3 as\u00ed se conseguiron as melloras sociais a longo da historia da humanidade, non hai outra maneira. E o obvio \u00e9 que quen exerce de esquirol \u00e9 un problema para o benestar colectivo da humanidade, pois dificulta a posibilidade do ben com\u00fan ou incluso pode chegar a impedilo. E o obvio \u00e9 que non se trata de liberdade. Liberdade \u00e9 decidir entre tomar unha cervexa ou un vi\u00f1o( se podes pagar), entre amar a un home ou a unha muller( se queren ser amados por ti), entre ler un libro ou ver unha pel\u00edcula( se a t\u00faa situaci\u00f3n persoal d\u00e1che opci\u00f3n a ter tempo para o lecer)\u2026\u2026pero entre o xusto e o inxusto non \u00e9 posible elixir, non se pode ser neutral. Entre os piquetes e os esquirois sempre, e sempre sen matices: Os piquetes.<\/p>\n","protected":false},"excerpt":{"rendered":"<div class=\"mh-excerpt\"><p>A finais do pasado mes de setembro un participante dun piquete de folga, diante dunha factor\u00eda de autom\u00f3biles na cidades estadounidense de Detroit <a class=\"mh-excerpt-more\" href=\"https:\/\/www.anovapeneira.gal\/index.php\/2023\/10\/18\/en-defensa-dos-piquetes\/\" title=\"En defensa dos piquetes\">[&#8230;]<\/a><\/p>\n<\/div>","protected":false},"author":2,"featured_media":10615,"comment_status":"open","ping_status":"open","sticky":false,"template":"","format":"standard","meta":{"_exactmetrics_skip_tracking":false,"_exactmetrics_sitenote_active":false,"_exactmetrics_sitenote_note":"","_exactmetrics_sitenote_category":0,"footnotes":""},"categories":[61],"tags":[],"class_list":{"0":"post-10614","1":"post","2":"type-post","3":"status-publish","4":"format-standard","5":"has-post-thumbnail","7":"category-artigo-editorial"},"yoast_head":"<!-- This site is optimized with the Yoast SEO plugin v27.4 - https:\/\/yoast.com\/product\/yoast-seo-wordpress\/ -->\n<title>En defensa dos piquetes -<\/title>\n<meta name=\"description\" content=\"A finais do pasado mes de setembro un participante dun piquete de folga, diante dunha factor\u00eda de autom\u00f3biles na cidades estadounidense de Detroit\" \/>\n<meta name=\"robots\" content=\"index, follow, max-snippet:-1, max-image-preview:large, max-video-preview:-1\" \/>\n<link rel=\"canonical\" href=\"https:\/\/www.anovapeneira.gal\/index.php\/2023\/10\/18\/en-defensa-dos-piquetes\/\" \/>\n<meta property=\"og:locale\" content=\"gl_ES\" \/>\n<meta property=\"og:type\" content=\"article\" \/>\n<meta property=\"og:title\" content=\"En defensa dos piquetes -\" \/>\n<meta property=\"og:description\" content=\"A finais do pasado mes de setembro un participante dun piquete de folga, diante dunha factor\u00eda de autom\u00f3biles na cidades estadounidense de Detroit\" \/>\n<meta property=\"og:url\" content=\"https:\/\/www.anovapeneira.gal\/index.php\/2023\/10\/18\/en-defensa-dos-piquetes\/\" \/>\n<meta property=\"article:publisher\" content=\"https:\/\/www.facebook.com\/anovapeneira\" \/>\n<meta property=\"article:published_time\" content=\"2023-10-18T08:00:57+00:00\" \/>\n<meta property=\"og:image\" content=\"https:\/\/www.anovapeneira.gal\/wp-content\/uploads\/2023\/10\/represion_sindical.jpg\" \/>\n\t<meta property=\"og:image:width\" content=\"720\" \/>\n\t<meta property=\"og:image:height\" content=\"432\" \/>\n\t<meta property=\"og:image:type\" content=\"image\/jpeg\" \/>\n<meta name=\"author\" content=\"Tino Lago\" \/>\n<meta name=\"twitter:card\" content=\"summary_large_image\" \/>\n<meta name=\"twitter:image\" content=\"https:\/\/www.anovapeneira.gal\/wp-content\/uploads\/2023\/10\/represion_sindical.jpg\" \/>\n<meta name=\"twitter:creator\" content=\"@APeneira\" \/>\n<meta name=\"twitter:site\" content=\"@APeneira\" \/>\n<meta name=\"twitter:label1\" content=\"Escrito por\" \/>\n\t<meta name=\"twitter:data1\" content=\"Tino Lago\" \/>\n\t<meta name=\"twitter:label2\" content=\"Tempo de lectura\" \/>\n\t<meta name=\"twitter:data2\" content=\"5 minutos\" \/>\n<script type=\"application\/ld+json\" class=\"yoast-schema-graph\">{\"@context\":\"https:\\\/\\\/schema.org\",\"@graph\":[{\"@type\":\"Article\",\"@id\":\"https:\\\/\\\/www.anovapeneira.gal\\\/index.php\\\/2023\\\/10\\\/18\\\/en-defensa-dos-piquetes\\\/#article\",\"isPartOf\":{\"@id\":\"https:\\\/\\\/www.anovapeneira.gal\\\/index.php\\\/2023\\\/10\\\/18\\\/en-defensa-dos-piquetes\\\/\"},\"author\":{\"name\":\"Tino Lago\",\"@id\":\"https:\\\/\\\/www.anovapeneira.gal\\\/#\\\/schema\\\/person\\\/424dfe65e3070fd8a44d22d2c088762a\"},\"headline\":\"En defensa dos piquetes\",\"datePublished\":\"2023-10-18T08:00:57+00:00\",\"mainEntityOfPage\":{\"@id\":\"https:\\\/\\\/www.anovapeneira.gal\\\/index.php\\\/2023\\\/10\\\/18\\\/en-defensa-dos-piquetes\\\/\"},\"wordCount\":760,\"commentCount\":0,\"publisher\":{\"@id\":\"https:\\\/\\\/www.anovapeneira.gal\\\/#organization\"},\"image\":{\"@id\":\"https:\\\/\\\/www.anovapeneira.gal\\\/index.php\\\/2023\\\/10\\\/18\\\/en-defensa-dos-piquetes\\\/#primaryimage\"},\"thumbnailUrl\":\"https:\\\/\\\/www.anovapeneira.gal\\\/wp-content\\\/uploads\\\/2023\\\/10\\\/represion_sindical.jpg\",\"articleSection\":[\"Artigo editorial\"],\"inLanguage\":\"gl-ES\",\"potentialAction\":[{\"@type\":\"CommentAction\",\"name\":\"Comment\",\"target\":[\"https:\\\/\\\/www.anovapeneira.gal\\\/index.php\\\/2023\\\/10\\\/18\\\/en-defensa-dos-piquetes\\\/#respond\"]}]},{\"@type\":\"WebPage\",\"@id\":\"https:\\\/\\\/www.anovapeneira.gal\\\/index.php\\\/2023\\\/10\\\/18\\\/en-defensa-dos-piquetes\\\/\",\"url\":\"https:\\\/\\\/www.anovapeneira.gal\\\/index.php\\\/2023\\\/10\\\/18\\\/en-defensa-dos-piquetes\\\/\",\"name\":\"En defensa dos piquetes -\",\"isPartOf\":{\"@id\":\"https:\\\/\\\/www.anovapeneira.gal\\\/#website\"},\"primaryImageOfPage\":{\"@id\":\"https:\\\/\\\/www.anovapeneira.gal\\\/index.php\\\/2023\\\/10\\\/18\\\/en-defensa-dos-piquetes\\\/#primaryimage\"},\"image\":{\"@id\":\"https:\\\/\\\/www.anovapeneira.gal\\\/index.php\\\/2023\\\/10\\\/18\\\/en-defensa-dos-piquetes\\\/#primaryimage\"},\"thumbnailUrl\":\"https:\\\/\\\/www.anovapeneira.gal\\\/wp-content\\\/uploads\\\/2023\\\/10\\\/represion_sindical.jpg\",\"datePublished\":\"2023-10-18T08:00:57+00:00\",\"description\":\"A finais do pasado mes de setembro un participante dun piquete de folga, diante dunha factor\u00eda de autom\u00f3biles na cidades estadounidense de Detroit\",\"breadcrumb\":{\"@id\":\"https:\\\/\\\/www.anovapeneira.gal\\\/index.php\\\/2023\\\/10\\\/18\\\/en-defensa-dos-piquetes\\\/#breadcrumb\"},\"inLanguage\":\"gl-ES\",\"potentialAction\":[{\"@type\":\"ReadAction\",\"target\":[\"https:\\\/\\\/www.anovapeneira.gal\\\/index.php\\\/2023\\\/10\\\/18\\\/en-defensa-dos-piquetes\\\/\"]}]},{\"@type\":\"ImageObject\",\"inLanguage\":\"gl-ES\",\"@id\":\"https:\\\/\\\/www.anovapeneira.gal\\\/index.php\\\/2023\\\/10\\\/18\\\/en-defensa-dos-piquetes\\\/#primaryimage\",\"url\":\"https:\\\/\\\/www.anovapeneira.gal\\\/wp-content\\\/uploads\\\/2023\\\/10\\\/represion_sindical.jpg\",\"contentUrl\":\"https:\\\/\\\/www.anovapeneira.gal\\\/wp-content\\\/uploads\\\/2023\\\/10\\\/represion_sindical.jpg\",\"width\":720,\"height\":432,\"caption\":\"Represi\u00f3n sindical\"},{\"@type\":\"BreadcrumbList\",\"@id\":\"https:\\\/\\\/www.anovapeneira.gal\\\/index.php\\\/2023\\\/10\\\/18\\\/en-defensa-dos-piquetes\\\/#breadcrumb\",\"itemListElement\":[{\"@type\":\"ListItem\",\"position\":1,\"name\":\"Portada\",\"item\":\"https:\\\/\\\/www.anovapeneira.gal\\\/\"},{\"@type\":\"ListItem\",\"position\":2,\"name\":\"En defensa dos piquetes\"}]},{\"@type\":\"WebSite\",\"@id\":\"https:\\\/\\\/www.anovapeneira.gal\\\/#website\",\"url\":\"https:\\\/\\\/www.anovapeneira.gal\\\/\",\"name\":\"\",\"description\":\"Xornal galego de informaci\u00f3n xeral Publicaci\u00f3n mensual de novas de Galicia e en especial dos Concellos da sur da provincia de Pontevedra.\",\"publisher\":{\"@id\":\"https:\\\/\\\/www.anovapeneira.gal\\\/#organization\"},\"potentialAction\":[{\"@type\":\"SearchAction\",\"target\":{\"@type\":\"EntryPoint\",\"urlTemplate\":\"https:\\\/\\\/www.anovapeneira.gal\\\/?s={search_term_string}\"},\"query-input\":{\"@type\":\"PropertyValueSpecification\",\"valueRequired\":true,\"valueName\":\"search_term_string\"}}],\"inLanguage\":\"gl-ES\"},{\"@type\":\"Organization\",\"@id\":\"https:\\\/\\\/www.anovapeneira.gal\\\/#organization\",\"name\":\"A Nova Peneira\",\"url\":\"https:\\\/\\\/www.anovapeneira.gal\\\/\",\"logo\":{\"@type\":\"ImageObject\",\"inLanguage\":\"gl-ES\",\"@id\":\"https:\\\/\\\/www.anovapeneira.gal\\\/#\\\/schema\\\/logo\\\/image\\\/\",\"url\":\"http:\\\/\\\/www.anovapeneira.gal\\\/wp-content\\\/uploads\\\/2019\\\/06\\\/logo_a_nova_peneira_portal_web.png\",\"contentUrl\":\"http:\\\/\\\/www.anovapeneira.gal\\\/wp-content\\\/uploads\\\/2019\\\/06\\\/logo_a_nova_peneira_portal_web.png\",\"width\":300,\"height\":100,\"caption\":\"A Nova Peneira\"},\"image\":{\"@id\":\"https:\\\/\\\/www.anovapeneira.gal\\\/#\\\/schema\\\/logo\\\/image\\\/\"},\"sameAs\":[\"https:\\\/\\\/www.facebook.com\\\/anovapeneira\",\"https:\\\/\\\/x.com\\\/APeneira\"]},{\"@type\":\"Person\",\"@id\":\"https:\\\/\\\/www.anovapeneira.gal\\\/#\\\/schema\\\/person\\\/424dfe65e3070fd8a44d22d2c088762a\",\"name\":\"Tino Lago\",\"image\":{\"@type\":\"ImageObject\",\"inLanguage\":\"gl-ES\",\"@id\":\"https:\\\/\\\/secure.gravatar.com\\\/avatar\\\/b3df6a06e44bab3111583b90f0f33a0379ee5e3d22cbadd232d39f21c30c62be?s=96&d=mm&r=g\",\"url\":\"https:\\\/\\\/secure.gravatar.com\\\/avatar\\\/b3df6a06e44bab3111583b90f0f33a0379ee5e3d22cbadd232d39f21c30c62be?s=96&d=mm&r=g\",\"contentUrl\":\"https:\\\/\\\/secure.gravatar.com\\\/avatar\\\/b3df6a06e44bab3111583b90f0f33a0379ee5e3d22cbadd232d39f21c30c62be?s=96&d=mm&r=g\",\"caption\":\"Tino Lago\"},\"sameAs\":[\"http:\\\/\\\/www.anovapeneira.gal\"],\"url\":\"https:\\\/\\\/www.anovapeneira.gal\\\/index.php\\\/author\\\/director\\\/\"}]}<\/script>\n<!-- \/ Yoast SEO plugin. -->","yoast_head_json":{"title":"En defensa dos piquetes -","description":"A finais do pasado mes de setembro un participante dun piquete de folga, diante dunha factor\u00eda de autom\u00f3biles na cidades estadounidense de Detroit","robots":{"index":"index","follow":"follow","max-snippet":"max-snippet:-1","max-image-preview":"max-image-preview:large","max-video-preview":"max-video-preview:-1"},"canonical":"https:\/\/www.anovapeneira.gal\/index.php\/2023\/10\/18\/en-defensa-dos-piquetes\/","og_locale":"gl_ES","og_type":"article","og_title":"En defensa dos piquetes -","og_description":"A finais do pasado mes de setembro un participante dun piquete de folga, diante dunha factor\u00eda de autom\u00f3biles na cidades estadounidense de Detroit","og_url":"https:\/\/www.anovapeneira.gal\/index.php\/2023\/10\/18\/en-defensa-dos-piquetes\/","article_publisher":"https:\/\/www.facebook.com\/anovapeneira","article_published_time":"2023-10-18T08:00:57+00:00","og_image":[{"width":720,"height":432,"url":"https:\/\/www.anovapeneira.gal\/wp-content\/uploads\/2023\/10\/represion_sindical.jpg","type":"image\/jpeg"}],"author":"Tino Lago","twitter_card":"summary_large_image","twitter_image":"https:\/\/www.anovapeneira.gal\/wp-content\/uploads\/2023\/10\/represion_sindical.jpg","twitter_creator":"@APeneira","twitter_site":"@APeneira","twitter_misc":{"Escrito por":"Tino Lago","Tempo de lectura":"5 minutos"},"schema":{"@context":"https:\/\/schema.org","@graph":[{"@type":"Article","@id":"https:\/\/www.anovapeneira.gal\/index.php\/2023\/10\/18\/en-defensa-dos-piquetes\/#article","isPartOf":{"@id":"https:\/\/www.anovapeneira.gal\/index.php\/2023\/10\/18\/en-defensa-dos-piquetes\/"},"author":{"name":"Tino Lago","@id":"https:\/\/www.anovapeneira.gal\/#\/schema\/person\/424dfe65e3070fd8a44d22d2c088762a"},"headline":"En defensa dos piquetes","datePublished":"2023-10-18T08:00:57+00:00","mainEntityOfPage":{"@id":"https:\/\/www.anovapeneira.gal\/index.php\/2023\/10\/18\/en-defensa-dos-piquetes\/"},"wordCount":760,"commentCount":0,"publisher":{"@id":"https:\/\/www.anovapeneira.gal\/#organization"},"image":{"@id":"https:\/\/www.anovapeneira.gal\/index.php\/2023\/10\/18\/en-defensa-dos-piquetes\/#primaryimage"},"thumbnailUrl":"https:\/\/www.anovapeneira.gal\/wp-content\/uploads\/2023\/10\/represion_sindical.jpg","articleSection":["Artigo editorial"],"inLanguage":"gl-ES","potentialAction":[{"@type":"CommentAction","name":"Comment","target":["https:\/\/www.anovapeneira.gal\/index.php\/2023\/10\/18\/en-defensa-dos-piquetes\/#respond"]}]},{"@type":"WebPage","@id":"https:\/\/www.anovapeneira.gal\/index.php\/2023\/10\/18\/en-defensa-dos-piquetes\/","url":"https:\/\/www.anovapeneira.gal\/index.php\/2023\/10\/18\/en-defensa-dos-piquetes\/","name":"En defensa dos piquetes -","isPartOf":{"@id":"https:\/\/www.anovapeneira.gal\/#website"},"primaryImageOfPage":{"@id":"https:\/\/www.anovapeneira.gal\/index.php\/2023\/10\/18\/en-defensa-dos-piquetes\/#primaryimage"},"image":{"@id":"https:\/\/www.anovapeneira.gal\/index.php\/2023\/10\/18\/en-defensa-dos-piquetes\/#primaryimage"},"thumbnailUrl":"https:\/\/www.anovapeneira.gal\/wp-content\/uploads\/2023\/10\/represion_sindical.jpg","datePublished":"2023-10-18T08:00:57+00:00","description":"A finais do pasado mes de setembro un participante dun piquete de folga, diante dunha factor\u00eda de autom\u00f3biles na cidades estadounidense de Detroit","breadcrumb":{"@id":"https:\/\/www.anovapeneira.gal\/index.php\/2023\/10\/18\/en-defensa-dos-piquetes\/#breadcrumb"},"inLanguage":"gl-ES","potentialAction":[{"@type":"ReadAction","target":["https:\/\/www.anovapeneira.gal\/index.php\/2023\/10\/18\/en-defensa-dos-piquetes\/"]}]},{"@type":"ImageObject","inLanguage":"gl-ES","@id":"https:\/\/www.anovapeneira.gal\/index.php\/2023\/10\/18\/en-defensa-dos-piquetes\/#primaryimage","url":"https:\/\/www.anovapeneira.gal\/wp-content\/uploads\/2023\/10\/represion_sindical.jpg","contentUrl":"https:\/\/www.anovapeneira.gal\/wp-content\/uploads\/2023\/10\/represion_sindical.jpg","width":720,"height":432,"caption":"Represi\u00f3n sindical"},{"@type":"BreadcrumbList","@id":"https:\/\/www.anovapeneira.gal\/index.php\/2023\/10\/18\/en-defensa-dos-piquetes\/#breadcrumb","itemListElement":[{"@type":"ListItem","position":1,"name":"Portada","item":"https:\/\/www.anovapeneira.gal\/"},{"@type":"ListItem","position":2,"name":"En defensa dos piquetes"}]},{"@type":"WebSite","@id":"https:\/\/www.anovapeneira.gal\/#website","url":"https:\/\/www.anovapeneira.gal\/","name":"","description":"Xornal galego de informaci\u00f3n xeral Publicaci\u00f3n mensual de novas de Galicia e en especial dos Concellos da sur da provincia de Pontevedra.","publisher":{"@id":"https:\/\/www.anovapeneira.gal\/#organization"},"potentialAction":[{"@type":"SearchAction","target":{"@type":"EntryPoint","urlTemplate":"https:\/\/www.anovapeneira.gal\/?s={search_term_string}"},"query-input":{"@type":"PropertyValueSpecification","valueRequired":true,"valueName":"search_term_string"}}],"inLanguage":"gl-ES"},{"@type":"Organization","@id":"https:\/\/www.anovapeneira.gal\/#organization","name":"A Nova Peneira","url":"https:\/\/www.anovapeneira.gal\/","logo":{"@type":"ImageObject","inLanguage":"gl-ES","@id":"https:\/\/www.anovapeneira.gal\/#\/schema\/logo\/image\/","url":"http:\/\/www.anovapeneira.gal\/wp-content\/uploads\/2019\/06\/logo_a_nova_peneira_portal_web.png","contentUrl":"http:\/\/www.anovapeneira.gal\/wp-content\/uploads\/2019\/06\/logo_a_nova_peneira_portal_web.png","width":300,"height":100,"caption":"A Nova Peneira"},"image":{"@id":"https:\/\/www.anovapeneira.gal\/#\/schema\/logo\/image\/"},"sameAs":["https:\/\/www.facebook.com\/anovapeneira","https:\/\/x.com\/APeneira"]},{"@type":"Person","@id":"https:\/\/www.anovapeneira.gal\/#\/schema\/person\/424dfe65e3070fd8a44d22d2c088762a","name":"Tino Lago","image":{"@type":"ImageObject","inLanguage":"gl-ES","@id":"https:\/\/secure.gravatar.com\/avatar\/b3df6a06e44bab3111583b90f0f33a0379ee5e3d22cbadd232d39f21c30c62be?s=96&d=mm&r=g","url":"https:\/\/secure.gravatar.com\/avatar\/b3df6a06e44bab3111583b90f0f33a0379ee5e3d22cbadd232d39f21c30c62be?s=96&d=mm&r=g","contentUrl":"https:\/\/secure.gravatar.com\/avatar\/b3df6a06e44bab3111583b90f0f33a0379ee5e3d22cbadd232d39f21c30c62be?s=96&d=mm&r=g","caption":"Tino Lago"},"sameAs":["http:\/\/www.anovapeneira.gal"],"url":"https:\/\/www.anovapeneira.gal\/index.php\/author\/director\/"}]}},"jetpack_featured_media_url":"https:\/\/www.anovapeneira.gal\/wp-content\/uploads\/2023\/10\/represion_sindical.jpg","_links":{"self":[{"href":"https:\/\/www.anovapeneira.gal\/index.php\/wp-json\/wp\/v2\/posts\/10614","targetHints":{"allow":["GET"]}}],"collection":[{"href":"https:\/\/www.anovapeneira.gal\/index.php\/wp-json\/wp\/v2\/posts"}],"about":[{"href":"https:\/\/www.anovapeneira.gal\/index.php\/wp-json\/wp\/v2\/types\/post"}],"author":[{"embeddable":true,"href":"https:\/\/www.anovapeneira.gal\/index.php\/wp-json\/wp\/v2\/users\/2"}],"replies":[{"embeddable":true,"href":"https:\/\/www.anovapeneira.gal\/index.php\/wp-json\/wp\/v2\/comments?post=10614"}],"version-history":[{"count":2,"href":"https:\/\/www.anovapeneira.gal\/index.php\/wp-json\/wp\/v2\/posts\/10614\/revisions"}],"predecessor-version":[{"id":10630,"href":"https:\/\/www.anovapeneira.gal\/index.php\/wp-json\/wp\/v2\/posts\/10614\/revisions\/10630"}],"wp:featuredmedia":[{"embeddable":true,"href":"https:\/\/www.anovapeneira.gal\/index.php\/wp-json\/wp\/v2\/media\/10615"}],"wp:attachment":[{"href":"https:\/\/www.anovapeneira.gal\/index.php\/wp-json\/wp\/v2\/media?parent=10614"}],"wp:term":[{"taxonomy":"category","embeddable":true,"href":"https:\/\/www.anovapeneira.gal\/index.php\/wp-json\/wp\/v2\/categories?post=10614"},{"taxonomy":"post_tag","embeddable":true,"href":"https:\/\/www.anovapeneira.gal\/index.php\/wp-json\/wp\/v2\/tags?post=10614"}],"curies":[{"name":"wp","href":"https:\/\/api.w.org\/{rel}","templated":true}]}}