{"id":10617,"date":"2023-10-18T12:00:56","date_gmt":"2023-10-18T10:00:56","guid":{"rendered":"https:\/\/www.anovapeneira.gal\/?p=10617"},"modified":"2023-10-10T12:34:17","modified_gmt":"2023-10-10T10:34:17","slug":"sumar-galicia-indica-que-rueda-perdera-as-proximas-eleccions-como-as-perdeu-feijoo-no-estado","status":"publish","type":"post","link":"https:\/\/www.anovapeneira.gal\/index.php\/2023\/10\/18\/sumar-galicia-indica-que-rueda-perdera-as-proximas-eleccions-como-as-perdeu-feijoo-no-estado\/","title":{"rendered":"Sumar Galicia indica que Rueda perder\u00e1 as pr\u00f3ximas elecci\u00f3ns \u201ccomo as perdeu Feij\u00f3o no Estado\u201d"},"content":{"rendered":"\n<h2 class=\"wp-block-heading\">Mart\u00ednez Barbero califica de \u201cdisparate e lonxe da realidade\u201d o discurso de Rueda no Debate sobre Pol\u00edtica Xeral<\/h2>\n\n\n\n<p><strong>Santiago de Compostela, 9 de outubro de 2023.<\/strong><\/p>\n\n\n\n<p>A deputada de Sumar Galicia Ver\u00f3nica Mart\u00ednez Barbero v\u00e9n de valorar como \u201caut\u00e9ntico disparate e lonxe da realidade\u201d o discurso do Presidente da Xunta de Galicia no Debate sobre Pol\u00edtica Xeral, Alfonso Rueda, \u201cintentando tapar con promesas a incapacidade destes anos, cunha Xunta de Galicia sen rumbo pol\u00edtico e cunha Administraci\u00f3n que funciona por inercia\u201d.<\/p>\n\n\n\n<p>Neste sentido, Mart\u00ednez Barbero indicou que o Partido Popular leva practicando nestes anos unha pol\u00edtica baseada no \u201cnepotismo, os recortes e as privatizaci\u00f3ns\u201d, cunha atenci\u00f3n primaria colapsada, uns profesionais, \u201cabafados polo traballo, coa imposibilidade de ter m\u00e1is de 4 minutos por paciente e uns centros de sa\u00fade nas comarcas que non te\u00f1en recursos, non poden atender as 24 horas ou unhas urxencia colapsadas\u201d. \u201cIsto \u00e9 o que deber\u00eda ter falado o Presidente da Xunta de Galicia\u201d, refer\u00edndose aos problemas reais da cidadan\u00eda galega.<\/p>\n\n\n\n<p>Mart\u00ednez Barbero cre que Rueda man\u00e9xase moito mellor na televisi\u00f3n p\u00fablica de todas as galegos e os galegos, \u201cque utiliza sen rubor ao seu servizo\u201d, e que, mellor que utilizala deste xeito, \u201cestar\u00eda ben cumprir a lei, e explicar porque non se cumpre a lei dos medios p\u00fablicos de comunicaci\u00f3n audiovisual de Galicia\u201d.<\/p>\n\n\n\n<p>Igualmente Sumar Galicia critica que o Partido Popular, Feij\u00f3o, \u201ce os seus herdeiros\u201d non cren realmente no autogoberno por \u201cmoito que digan dende a Tribuna\u201d, xa que \u201clevamos case 15 anos sen competencias transferidas e sen o pulo pol\u00edtico necesario para a autogoberno\u201d.<\/p>\n\n\n\n<p>Mart\u00ednez Barbero cre que \u201cnin a rebaixa de impostos nin os anuncios efectistas\u201d van convencer unha maior\u00eda dos galegos e galegas, xa que, anuncia \u201cRueda perder\u00e1 as pr\u00f3ximas elecci\u00f3ns como as perdeu Feij\u00f3o no Estado, xa que este Pa\u00eds precisa un goberno \u00e1 altura da s\u00faa xente\u201d. Para finalizar cre que Galicia precisa \u201cpol\u00edticas p\u00fablicas \u00fatiles e un novo estilo de goberno\u201d que vir\u00e1 da man dunha nova alternativa progresista, \u201ccentrado no emprego de calidade, a vivenda e uns servizos p\u00fablicos fortes\u201d.<\/p>\n","protected":false},"excerpt":{"rendered":"<div class=\"mh-excerpt\"><p>Mart\u00ednez Barbero califica de \u201cdisparate e lonxe da realidade\u201d o discurso de Rueda no Debate sobre Pol\u00edtica Xeral <a class=\"mh-excerpt-more\" href=\"https:\/\/www.anovapeneira.gal\/index.php\/2023\/10\/18\/sumar-galicia-indica-que-rueda-perdera-as-proximas-eleccions-como-as-perdeu-feijoo-no-estado\/\" title=\"Sumar Galicia indica que Rueda perder\u00e1 as pr\u00f3ximas elecci\u00f3ns \u201ccomo as perdeu Feij\u00f3o no Estado\u201d\">[&#8230;]<\/a><\/p>\n<\/div>","protected":false},"author":3,"featured_media":10618,"comment_status":"open","ping_status":"open","sticky":false,"template":"","format":"standard","meta":{"_exactmetrics_skip_tracking":false,"_exactmetrics_sitenote_active":false,"_exactmetrics_sitenote_note":"","_exactmetrics_sitenote_category":0,"footnotes":""},"categories":[263],"tags":[1375],"class_list":{"0":"post-10617","1":"post","2":"type-post","3":"status-publish","4":"format-standard","5":"has-post-thumbnail","7":"category-novas","8":"tag-sumar-galicia"},"yoast_head":"<!-- This site is optimized with the Yoast SEO plugin v27.4 - https:\/\/yoast.com\/product\/yoast-seo-wordpress\/ -->\n<title>Sumar Galicia indica que Rueda perder\u00e1 as pr\u00f3ximas elecci\u00f3ns \u201ccomo as perdeu Feij\u00f3o no Estado\u201d -<\/title>\n<meta name=\"description\" content=\"Mart\u00ednez Barbero califica de \u201cdisparate e lonxe da realidade\u201d o discurso de Rueda no Debate sobre Pol\u00edtica Xeral\" \/>\n<meta name=\"robots\" content=\"index, follow, max-snippet:-1, max-image-preview:large, max-video-preview:-1\" \/>\n<link rel=\"canonical\" href=\"https:\/\/www.anovapeneira.gal\/index.php\/2023\/10\/18\/sumar-galicia-indica-que-rueda-perdera-as-proximas-eleccions-como-as-perdeu-feijoo-no-estado\/\" \/>\n<meta property=\"og:locale\" content=\"gl_ES\" \/>\n<meta property=\"og:type\" content=\"article\" \/>\n<meta property=\"og:title\" content=\"Sumar Galicia indica que Rueda perder\u00e1 as pr\u00f3ximas elecci\u00f3ns \u201ccomo as perdeu Feij\u00f3o no Estado\u201d -\" \/>\n<meta property=\"og:description\" content=\"Mart\u00ednez Barbero califica de \u201cdisparate e lonxe da realidade\u201d o discurso de Rueda no Debate sobre Pol\u00edtica Xeral\" \/>\n<meta property=\"og:url\" content=\"https:\/\/www.anovapeneira.gal\/index.php\/2023\/10\/18\/sumar-galicia-indica-que-rueda-perdera-as-proximas-eleccions-como-as-perdeu-feijoo-no-estado\/\" \/>\n<meta property=\"article:publisher\" content=\"https:\/\/www.facebook.com\/anovapeneira\" \/>\n<meta property=\"article:published_time\" content=\"2023-10-18T10:00:56+00:00\" \/>\n<meta property=\"og:image\" content=\"https:\/\/www.anovapeneira.gal\/wp-content\/uploads\/2023\/10\/sumar.jpg\" \/>\n\t<meta property=\"og:image:width\" content=\"720\" \/>\n\t<meta property=\"og:image:height\" content=\"432\" \/>\n\t<meta property=\"og:image:type\" content=\"image\/jpeg\" \/>\n<meta name=\"author\" content=\"Redacci\u00f3n A Nova Peneira\" \/>\n<meta name=\"twitter:card\" content=\"summary_large_image\" \/>\n<meta name=\"twitter:creator\" content=\"@APeneira\" \/>\n<meta name=\"twitter:site\" content=\"@APeneira\" \/>\n<meta name=\"twitter:label1\" content=\"Escrito por\" \/>\n\t<meta name=\"twitter:data1\" content=\"Redacci\u00f3n A Nova Peneira\" \/>\n\t<meta name=\"twitter:label2\" content=\"Tempo de lectura\" \/>\n\t<meta name=\"twitter:data2\" content=\"2 minutos\" \/>\n<script type=\"application\/ld+json\" class=\"yoast-schema-graph\">{\"@context\":\"https:\\\/\\\/schema.org\",\"@graph\":[{\"@type\":\"Article\",\"@id\":\"https:\\\/\\\/www.anovapeneira.gal\\\/index.php\\\/2023\\\/10\\\/18\\\/sumar-galicia-indica-que-rueda-perdera-as-proximas-eleccions-como-as-perdeu-feijoo-no-estado\\\/#article\",\"isPartOf\":{\"@id\":\"https:\\\/\\\/www.anovapeneira.gal\\\/index.php\\\/2023\\\/10\\\/18\\\/sumar-galicia-indica-que-rueda-perdera-as-proximas-eleccions-como-as-perdeu-feijoo-no-estado\\\/\"},\"author\":{\"name\":\"Redacci\u00f3n A Nova Peneira\",\"@id\":\"https:\\\/\\\/www.anovapeneira.gal\\\/#\\\/schema\\\/person\\\/b93e3f8932e3f8da96334607eb6ac6aa\"},\"headline\":\"Sumar Galicia indica que Rueda perder\u00e1 as pr\u00f3ximas elecci\u00f3ns \u201ccomo as perdeu Feij\u00f3o no Estado\u201d\",\"datePublished\":\"2023-10-18T10:00:56+00:00\",\"mainEntityOfPage\":{\"@id\":\"https:\\\/\\\/www.anovapeneira.gal\\\/index.php\\\/2023\\\/10\\\/18\\\/sumar-galicia-indica-que-rueda-perdera-as-proximas-eleccions-como-as-perdeu-feijoo-no-estado\\\/\"},\"wordCount\":391,\"commentCount\":0,\"publisher\":{\"@id\":\"https:\\\/\\\/www.anovapeneira.gal\\\/#organization\"},\"image\":{\"@id\":\"https:\\\/\\\/www.anovapeneira.gal\\\/index.php\\\/2023\\\/10\\\/18\\\/sumar-galicia-indica-que-rueda-perdera-as-proximas-eleccions-como-as-perdeu-feijoo-no-estado\\\/#primaryimage\"},\"thumbnailUrl\":\"https:\\\/\\\/www.anovapeneira.gal\\\/wp-content\\\/uploads\\\/2023\\\/10\\\/sumar.jpg\",\"keywords\":[\"Sumar Galicia\"],\"articleSection\":[\"Novas\"],\"inLanguage\":\"gl-ES\",\"potentialAction\":[{\"@type\":\"CommentAction\",\"name\":\"Comment\",\"target\":[\"https:\\\/\\\/www.anovapeneira.gal\\\/index.php\\\/2023\\\/10\\\/18\\\/sumar-galicia-indica-que-rueda-perdera-as-proximas-eleccions-como-as-perdeu-feijoo-no-estado\\\/#respond\"]}]},{\"@type\":\"WebPage\",\"@id\":\"https:\\\/\\\/www.anovapeneira.gal\\\/index.php\\\/2023\\\/10\\\/18\\\/sumar-galicia-indica-que-rueda-perdera-as-proximas-eleccions-como-as-perdeu-feijoo-no-estado\\\/\",\"url\":\"https:\\\/\\\/www.anovapeneira.gal\\\/index.php\\\/2023\\\/10\\\/18\\\/sumar-galicia-indica-que-rueda-perdera-as-proximas-eleccions-como-as-perdeu-feijoo-no-estado\\\/\",\"name\":\"Sumar Galicia indica que Rueda perder\u00e1 as pr\u00f3ximas elecci\u00f3ns \u201ccomo as perdeu Feij\u00f3o no Estado\u201d -\",\"isPartOf\":{\"@id\":\"https:\\\/\\\/www.anovapeneira.gal\\\/#website\"},\"primaryImageOfPage\":{\"@id\":\"https:\\\/\\\/www.anovapeneira.gal\\\/index.php\\\/2023\\\/10\\\/18\\\/sumar-galicia-indica-que-rueda-perdera-as-proximas-eleccions-como-as-perdeu-feijoo-no-estado\\\/#primaryimage\"},\"image\":{\"@id\":\"https:\\\/\\\/www.anovapeneira.gal\\\/index.php\\\/2023\\\/10\\\/18\\\/sumar-galicia-indica-que-rueda-perdera-as-proximas-eleccions-como-as-perdeu-feijoo-no-estado\\\/#primaryimage\"},\"thumbnailUrl\":\"https:\\\/\\\/www.anovapeneira.gal\\\/wp-content\\\/uploads\\\/2023\\\/10\\\/sumar.jpg\",\"datePublished\":\"2023-10-18T10:00:56+00:00\",\"description\":\"Mart\u00ednez Barbero califica de \u201cdisparate e lonxe da realidade\u201d o discurso de Rueda no Debate sobre Pol\u00edtica Xeral\",\"breadcrumb\":{\"@id\":\"https:\\\/\\\/www.anovapeneira.gal\\\/index.php\\\/2023\\\/10\\\/18\\\/sumar-galicia-indica-que-rueda-perdera-as-proximas-eleccions-como-as-perdeu-feijoo-no-estado\\\/#breadcrumb\"},\"inLanguage\":\"gl-ES\",\"potentialAction\":[{\"@type\":\"ReadAction\",\"target\":[\"https:\\\/\\\/www.anovapeneira.gal\\\/index.php\\\/2023\\\/10\\\/18\\\/sumar-galicia-indica-que-rueda-perdera-as-proximas-eleccions-como-as-perdeu-feijoo-no-estado\\\/\"]}]},{\"@type\":\"ImageObject\",\"inLanguage\":\"gl-ES\",\"@id\":\"https:\\\/\\\/www.anovapeneira.gal\\\/index.php\\\/2023\\\/10\\\/18\\\/sumar-galicia-indica-que-rueda-perdera-as-proximas-eleccions-como-as-perdeu-feijoo-no-estado\\\/#primaryimage\",\"url\":\"https:\\\/\\\/www.anovapeneira.gal\\\/wp-content\\\/uploads\\\/2023\\\/10\\\/sumar.jpg\",\"contentUrl\":\"https:\\\/\\\/www.anovapeneira.gal\\\/wp-content\\\/uploads\\\/2023\\\/10\\\/sumar.jpg\",\"width\":720,\"height\":432,\"caption\":\"Sumar\"},{\"@type\":\"BreadcrumbList\",\"@id\":\"https:\\\/\\\/www.anovapeneira.gal\\\/index.php\\\/2023\\\/10\\\/18\\\/sumar-galicia-indica-que-rueda-perdera-as-proximas-eleccions-como-as-perdeu-feijoo-no-estado\\\/#breadcrumb\",\"itemListElement\":[{\"@type\":\"ListItem\",\"position\":1,\"name\":\"Portada\",\"item\":\"https:\\\/\\\/www.anovapeneira.gal\\\/\"},{\"@type\":\"ListItem\",\"position\":2,\"name\":\"Sumar Galicia indica que Rueda perder\u00e1 as pr\u00f3ximas elecci\u00f3ns \u201ccomo as perdeu Feij\u00f3o no Estado\u201d\"}]},{\"@type\":\"WebSite\",\"@id\":\"https:\\\/\\\/www.anovapeneira.gal\\\/#website\",\"url\":\"https:\\\/\\\/www.anovapeneira.gal\\\/\",\"name\":\"\",\"description\":\"Xornal galego de informaci\u00f3n xeral Publicaci\u00f3n mensual de novas de Galicia e en especial dos Concellos da sur da provincia de Pontevedra.\",\"publisher\":{\"@id\":\"https:\\\/\\\/www.anovapeneira.gal\\\/#organization\"},\"potentialAction\":[{\"@type\":\"SearchAction\",\"target\":{\"@type\":\"EntryPoint\",\"urlTemplate\":\"https:\\\/\\\/www.anovapeneira.gal\\\/?s={search_term_string}\"},\"query-input\":{\"@type\":\"PropertyValueSpecification\",\"valueRequired\":true,\"valueName\":\"search_term_string\"}}],\"inLanguage\":\"gl-ES\"},{\"@type\":\"Organization\",\"@id\":\"https:\\\/\\\/www.anovapeneira.gal\\\/#organization\",\"name\":\"A Nova Peneira\",\"url\":\"https:\\\/\\\/www.anovapeneira.gal\\\/\",\"logo\":{\"@type\":\"ImageObject\",\"inLanguage\":\"gl-ES\",\"@id\":\"https:\\\/\\\/www.anovapeneira.gal\\\/#\\\/schema\\\/logo\\\/image\\\/\",\"url\":\"http:\\\/\\\/www.anovapeneira.gal\\\/wp-content\\\/uploads\\\/2019\\\/06\\\/logo_a_nova_peneira_portal_web.png\",\"contentUrl\":\"http:\\\/\\\/www.anovapeneira.gal\\\/wp-content\\\/uploads\\\/2019\\\/06\\\/logo_a_nova_peneira_portal_web.png\",\"width\":300,\"height\":100,\"caption\":\"A Nova Peneira\"},\"image\":{\"@id\":\"https:\\\/\\\/www.anovapeneira.gal\\\/#\\\/schema\\\/logo\\\/image\\\/\"},\"sameAs\":[\"https:\\\/\\\/www.facebook.com\\\/anovapeneira\",\"https:\\\/\\\/x.com\\\/APeneira\"]},{\"@type\":\"Person\",\"@id\":\"https:\\\/\\\/www.anovapeneira.gal\\\/#\\\/schema\\\/person\\\/b93e3f8932e3f8da96334607eb6ac6aa\",\"name\":\"Redacci\u00f3n A Nova Peneira\",\"image\":{\"@type\":\"ImageObject\",\"inLanguage\":\"gl-ES\",\"@id\":\"https:\\\/\\\/secure.gravatar.com\\\/avatar\\\/c052a2551a06e23fac63626232eaa90abd78dbcf1700fc46a2b2c89fd27b735f?s=96&d=mm&r=g\",\"url\":\"https:\\\/\\\/secure.gravatar.com\\\/avatar\\\/c052a2551a06e23fac63626232eaa90abd78dbcf1700fc46a2b2c89fd27b735f?s=96&d=mm&r=g\",\"contentUrl\":\"https:\\\/\\\/secure.gravatar.com\\\/avatar\\\/c052a2551a06e23fac63626232eaa90abd78dbcf1700fc46a2b2c89fd27b735f?s=96&d=mm&r=g\",\"caption\":\"Redacci\u00f3n A Nova Peneira\"},\"sameAs\":[\"http:\\\/\\\/www.anovapeneira.gal\\\/\"],\"url\":\"https:\\\/\\\/www.anovapeneira.gal\\\/index.php\\\/author\\\/redactor\\\/\"}]}<\/script>\n<!-- \/ Yoast SEO plugin. -->","yoast_head_json":{"title":"Sumar Galicia indica que Rueda perder\u00e1 as pr\u00f3ximas elecci\u00f3ns \u201ccomo as perdeu Feij\u00f3o no Estado\u201d -","description":"Mart\u00ednez Barbero califica de \u201cdisparate e lonxe da realidade\u201d o discurso de Rueda no Debate sobre Pol\u00edtica Xeral","robots":{"index":"index","follow":"follow","max-snippet":"max-snippet:-1","max-image-preview":"max-image-preview:large","max-video-preview":"max-video-preview:-1"},"canonical":"https:\/\/www.anovapeneira.gal\/index.php\/2023\/10\/18\/sumar-galicia-indica-que-rueda-perdera-as-proximas-eleccions-como-as-perdeu-feijoo-no-estado\/","og_locale":"gl_ES","og_type":"article","og_title":"Sumar Galicia indica que Rueda perder\u00e1 as pr\u00f3ximas elecci\u00f3ns \u201ccomo as perdeu Feij\u00f3o no Estado\u201d -","og_description":"Mart\u00ednez Barbero califica de \u201cdisparate e lonxe da realidade\u201d o discurso de Rueda no Debate sobre Pol\u00edtica Xeral","og_url":"https:\/\/www.anovapeneira.gal\/index.php\/2023\/10\/18\/sumar-galicia-indica-que-rueda-perdera-as-proximas-eleccions-como-as-perdeu-feijoo-no-estado\/","article_publisher":"https:\/\/www.facebook.com\/anovapeneira","article_published_time":"2023-10-18T10:00:56+00:00","og_image":[{"width":720,"height":432,"url":"https:\/\/www.anovapeneira.gal\/wp-content\/uploads\/2023\/10\/sumar.jpg","type":"image\/jpeg"}],"author":"Redacci\u00f3n A Nova Peneira","twitter_card":"summary_large_image","twitter_creator":"@APeneira","twitter_site":"@APeneira","twitter_misc":{"Escrito por":"Redacci\u00f3n A Nova Peneira","Tempo de lectura":"2 minutos"},"schema":{"@context":"https:\/\/schema.org","@graph":[{"@type":"Article","@id":"https:\/\/www.anovapeneira.gal\/index.php\/2023\/10\/18\/sumar-galicia-indica-que-rueda-perdera-as-proximas-eleccions-como-as-perdeu-feijoo-no-estado\/#article","isPartOf":{"@id":"https:\/\/www.anovapeneira.gal\/index.php\/2023\/10\/18\/sumar-galicia-indica-que-rueda-perdera-as-proximas-eleccions-como-as-perdeu-feijoo-no-estado\/"},"author":{"name":"Redacci\u00f3n A Nova Peneira","@id":"https:\/\/www.anovapeneira.gal\/#\/schema\/person\/b93e3f8932e3f8da96334607eb6ac6aa"},"headline":"Sumar Galicia indica que Rueda perder\u00e1 as pr\u00f3ximas elecci\u00f3ns \u201ccomo as perdeu Feij\u00f3o no Estado\u201d","datePublished":"2023-10-18T10:00:56+00:00","mainEntityOfPage":{"@id":"https:\/\/www.anovapeneira.gal\/index.php\/2023\/10\/18\/sumar-galicia-indica-que-rueda-perdera-as-proximas-eleccions-como-as-perdeu-feijoo-no-estado\/"},"wordCount":391,"commentCount":0,"publisher":{"@id":"https:\/\/www.anovapeneira.gal\/#organization"},"image":{"@id":"https:\/\/www.anovapeneira.gal\/index.php\/2023\/10\/18\/sumar-galicia-indica-que-rueda-perdera-as-proximas-eleccions-como-as-perdeu-feijoo-no-estado\/#primaryimage"},"thumbnailUrl":"https:\/\/www.anovapeneira.gal\/wp-content\/uploads\/2023\/10\/sumar.jpg","keywords":["Sumar Galicia"],"articleSection":["Novas"],"inLanguage":"gl-ES","potentialAction":[{"@type":"CommentAction","name":"Comment","target":["https:\/\/www.anovapeneira.gal\/index.php\/2023\/10\/18\/sumar-galicia-indica-que-rueda-perdera-as-proximas-eleccions-como-as-perdeu-feijoo-no-estado\/#respond"]}]},{"@type":"WebPage","@id":"https:\/\/www.anovapeneira.gal\/index.php\/2023\/10\/18\/sumar-galicia-indica-que-rueda-perdera-as-proximas-eleccions-como-as-perdeu-feijoo-no-estado\/","url":"https:\/\/www.anovapeneira.gal\/index.php\/2023\/10\/18\/sumar-galicia-indica-que-rueda-perdera-as-proximas-eleccions-como-as-perdeu-feijoo-no-estado\/","name":"Sumar Galicia indica que Rueda perder\u00e1 as pr\u00f3ximas elecci\u00f3ns \u201ccomo as perdeu Feij\u00f3o no Estado\u201d -","isPartOf":{"@id":"https:\/\/www.anovapeneira.gal\/#website"},"primaryImageOfPage":{"@id":"https:\/\/www.anovapeneira.gal\/index.php\/2023\/10\/18\/sumar-galicia-indica-que-rueda-perdera-as-proximas-eleccions-como-as-perdeu-feijoo-no-estado\/#primaryimage"},"image":{"@id":"https:\/\/www.anovapeneira.gal\/index.php\/2023\/10\/18\/sumar-galicia-indica-que-rueda-perdera-as-proximas-eleccions-como-as-perdeu-feijoo-no-estado\/#primaryimage"},"thumbnailUrl":"https:\/\/www.anovapeneira.gal\/wp-content\/uploads\/2023\/10\/sumar.jpg","datePublished":"2023-10-18T10:00:56+00:00","description":"Mart\u00ednez Barbero califica de \u201cdisparate e lonxe da realidade\u201d o discurso de Rueda no Debate sobre Pol\u00edtica Xeral","breadcrumb":{"@id":"https:\/\/www.anovapeneira.gal\/index.php\/2023\/10\/18\/sumar-galicia-indica-que-rueda-perdera-as-proximas-eleccions-como-as-perdeu-feijoo-no-estado\/#breadcrumb"},"inLanguage":"gl-ES","potentialAction":[{"@type":"ReadAction","target":["https:\/\/www.anovapeneira.gal\/index.php\/2023\/10\/18\/sumar-galicia-indica-que-rueda-perdera-as-proximas-eleccions-como-as-perdeu-feijoo-no-estado\/"]}]},{"@type":"ImageObject","inLanguage":"gl-ES","@id":"https:\/\/www.anovapeneira.gal\/index.php\/2023\/10\/18\/sumar-galicia-indica-que-rueda-perdera-as-proximas-eleccions-como-as-perdeu-feijoo-no-estado\/#primaryimage","url":"https:\/\/www.anovapeneira.gal\/wp-content\/uploads\/2023\/10\/sumar.jpg","contentUrl":"https:\/\/www.anovapeneira.gal\/wp-content\/uploads\/2023\/10\/sumar.jpg","width":720,"height":432,"caption":"Sumar"},{"@type":"BreadcrumbList","@id":"https:\/\/www.anovapeneira.gal\/index.php\/2023\/10\/18\/sumar-galicia-indica-que-rueda-perdera-as-proximas-eleccions-como-as-perdeu-feijoo-no-estado\/#breadcrumb","itemListElement":[{"@type":"ListItem","position":1,"name":"Portada","item":"https:\/\/www.anovapeneira.gal\/"},{"@type":"ListItem","position":2,"name":"Sumar Galicia indica que Rueda perder\u00e1 as pr\u00f3ximas elecci\u00f3ns \u201ccomo as perdeu Feij\u00f3o no Estado\u201d"}]},{"@type":"WebSite","@id":"https:\/\/www.anovapeneira.gal\/#website","url":"https:\/\/www.anovapeneira.gal\/","name":"","description":"Xornal galego de informaci\u00f3n xeral Publicaci\u00f3n mensual de novas de Galicia e en especial dos Concellos da sur da provincia de Pontevedra.","publisher":{"@id":"https:\/\/www.anovapeneira.gal\/#organization"},"potentialAction":[{"@type":"SearchAction","target":{"@type":"EntryPoint","urlTemplate":"https:\/\/www.anovapeneira.gal\/?s={search_term_string}"},"query-input":{"@type":"PropertyValueSpecification","valueRequired":true,"valueName":"search_term_string"}}],"inLanguage":"gl-ES"},{"@type":"Organization","@id":"https:\/\/www.anovapeneira.gal\/#organization","name":"A Nova Peneira","url":"https:\/\/www.anovapeneira.gal\/","logo":{"@type":"ImageObject","inLanguage":"gl-ES","@id":"https:\/\/www.anovapeneira.gal\/#\/schema\/logo\/image\/","url":"http:\/\/www.anovapeneira.gal\/wp-content\/uploads\/2019\/06\/logo_a_nova_peneira_portal_web.png","contentUrl":"http:\/\/www.anovapeneira.gal\/wp-content\/uploads\/2019\/06\/logo_a_nova_peneira_portal_web.png","width":300,"height":100,"caption":"A Nova Peneira"},"image":{"@id":"https:\/\/www.anovapeneira.gal\/#\/schema\/logo\/image\/"},"sameAs":["https:\/\/www.facebook.com\/anovapeneira","https:\/\/x.com\/APeneira"]},{"@type":"Person","@id":"https:\/\/www.anovapeneira.gal\/#\/schema\/person\/b93e3f8932e3f8da96334607eb6ac6aa","name":"Redacci\u00f3n A Nova Peneira","image":{"@type":"ImageObject","inLanguage":"gl-ES","@id":"https:\/\/secure.gravatar.com\/avatar\/c052a2551a06e23fac63626232eaa90abd78dbcf1700fc46a2b2c89fd27b735f?s=96&d=mm&r=g","url":"https:\/\/secure.gravatar.com\/avatar\/c052a2551a06e23fac63626232eaa90abd78dbcf1700fc46a2b2c89fd27b735f?s=96&d=mm&r=g","contentUrl":"https:\/\/secure.gravatar.com\/avatar\/c052a2551a06e23fac63626232eaa90abd78dbcf1700fc46a2b2c89fd27b735f?s=96&d=mm&r=g","caption":"Redacci\u00f3n A Nova Peneira"},"sameAs":["http:\/\/www.anovapeneira.gal\/"],"url":"https:\/\/www.anovapeneira.gal\/index.php\/author\/redactor\/"}]}},"jetpack_featured_media_url":"https:\/\/www.anovapeneira.gal\/wp-content\/uploads\/2023\/10\/sumar.jpg","_links":{"self":[{"href":"https:\/\/www.anovapeneira.gal\/index.php\/wp-json\/wp\/v2\/posts\/10617","targetHints":{"allow":["GET"]}}],"collection":[{"href":"https:\/\/www.anovapeneira.gal\/index.php\/wp-json\/wp\/v2\/posts"}],"about":[{"href":"https:\/\/www.anovapeneira.gal\/index.php\/wp-json\/wp\/v2\/types\/post"}],"author":[{"embeddable":true,"href":"https:\/\/www.anovapeneira.gal\/index.php\/wp-json\/wp\/v2\/users\/3"}],"replies":[{"embeddable":true,"href":"https:\/\/www.anovapeneira.gal\/index.php\/wp-json\/wp\/v2\/comments?post=10617"}],"version-history":[{"count":1,"href":"https:\/\/www.anovapeneira.gal\/index.php\/wp-json\/wp\/v2\/posts\/10617\/revisions"}],"predecessor-version":[{"id":10619,"href":"https:\/\/www.anovapeneira.gal\/index.php\/wp-json\/wp\/v2\/posts\/10617\/revisions\/10619"}],"wp:featuredmedia":[{"embeddable":true,"href":"https:\/\/www.anovapeneira.gal\/index.php\/wp-json\/wp\/v2\/media\/10618"}],"wp:attachment":[{"href":"https:\/\/www.anovapeneira.gal\/index.php\/wp-json\/wp\/v2\/media?parent=10617"}],"wp:term":[{"taxonomy":"category","embeddable":true,"href":"https:\/\/www.anovapeneira.gal\/index.php\/wp-json\/wp\/v2\/categories?post=10617"},{"taxonomy":"post_tag","embeddable":true,"href":"https:\/\/www.anovapeneira.gal\/index.php\/wp-json\/wp\/v2\/tags?post=10617"}],"curies":[{"name":"wp","href":"https:\/\/api.w.org\/{rel}","templated":true}]}}