{"id":10620,"date":"2023-10-19T10:00:43","date_gmt":"2023-10-19T08:00:43","guid":{"rendered":"https:\/\/www.anovapeneira.gal\/?p=10620"},"modified":"2023-10-10T12:54:29","modified_gmt":"2023-10-10T10:54:29","slug":"esta-obligado-a-hablar-castellano-case-a-metade-das-queixas-tramitadas-pola-mesa-en-2022-foron-por-vulnerar-o-dereito-ao-uso-do-galego","status":"publish","type":"post","link":"https:\/\/www.anovapeneira.gal\/index.php\/2023\/10\/19\/esta-obligado-a-hablar-castellano-case-a-metade-das-queixas-tramitadas-pola-mesa-en-2022-foron-por-vulnerar-o-dereito-ao-uso-do-galego\/","title":{"rendered":"&#8220;Est\u00e1 obligado a hablar castellano&#8221;, case a metade das queixas tramitadas pola Mesa en 2022 foron por vulnerar o dereito ao uso do galego"},"content":{"rendered":"\n<p><strong>Santiago de Compostela, 9 de outubro de 2023<\/strong><\/p>\n\n\n\n<p>Marcos Maceira, presidente da Mesa pola Normalizaci\u00f3n Ling\u00fc\u00edstica; Sara Seco, respons\u00e1bel do texto; e Soledad Agra, deputada de Lingua da Deputaci\u00f3n da Coru\u00f1a, presentaron esta ma\u00f1\u00e1 en Compostela o informe anual da Li\u00f1a do Galego correspondente ao 2022. Segundo recolle dito informe, ao longo do pasado ano, a entidade de defensa da lingua tramitou a trav\u00e9s de chamadas, correos electr\u00f3nicos e da app da Li\u00f1a do galego un total de 1048 expedientes, dos que 43 foron tramitados como parab\u00e9ns, 536 como consultas e 469 como queixas. Destas queixas, o 22% est\u00e1n relacionadas coa deturpaci\u00f3n da toponimia, o 20% coa rotulaci\u00f3n e sinalizaci\u00f3n, o 17% coa imposibilidade de uso do galego na atenci\u00f3n oral e escrita, o 21% nos servizos online e o 20% por outras discriminaci\u00f3ns (20%). O volume de queixas e parab\u00e9ns foi similar ao do ano anterior, pero nas consultas produciuse un aumento enorme, pasando de 55 no 2021 a 536 en 2022, o que mostra por unha banda a necesidade e consolidaci\u00f3n do servizo, mais tam\u00e9n a s\u00faa calidade na medida en que \u00e9 capaz de conseguir unha mudanza de actitude na parte inicialmente incumpridora. Na presentaci\u00f3n do informe, o presidente da Mesa, Marcos Maceira, lembrou que A Li\u00f1a do Galego \u00e9 o \u00fanico servizo gratu\u00edto que se oferta en Galiza para consultas, queixas e parab\u00e9ns e que neste momento s\u00f3 conta coa colaboraci\u00f3n da Deputaci\u00f3n da Coru\u00f1a, cuxo compromiso destacou fronte ao absentismo das s\u00faas obrigas da Xunta de Galiza. &#8220;A acci\u00f3n da Li\u00f1a do galego \u00e9 reco\u00f1ecida ano ap\u00f3s ano nos informes da Valedora do Pobo ao Parlamento de Galiza como fundamental para resolver positivamente parte das denuncias con motivaci\u00f3n ling\u00fc\u00edstica que recibe a instituci\u00f3n&#8221;, recordou, e serve para documentar denuncias internacionais como as presentadas no Consello de Europa ou a ONU. A respons\u00e1bel do informe, Sara Seco, explicou que as consultas recibidas pola Li\u00f1a do Galego te\u00f1en a ver con situaci\u00f3ns onde inicialmente se nega a persoas usuarias de servizos a posibilidade de usar e recibir atenci\u00f3n en galego. &#8220;Unha anomal\u00eda nun pa\u00eds no que teoricamente a s\u00faa lingua propia \u00e9 oficial, mais que contrasta coas posibilidades reais de uso&#8221;, asegurou Maceira, &#8220;e onde cada vez m\u00e1is o uso se pon en cuesti\u00f3n invocando unha suposta obrigatoriedade de falar espa\u00f1ol&#8221;.<\/p>\n\n\n\n<p>Obs\u00e9rvase un &#8220;aumento da consciencia ling\u00fc\u00edstica&#8221; e da necesidade de as administraci\u00f3ns p\u00fablicas e empresas asumiren deberes e compromisos claros coa lingua. Ademais no caso das entidades p\u00fablicas, concretamente as auton\u00f3micas, as\u00famese que te\u00f1en unha obriga maior no uso da lingua que non cumpren, unha actitude que est\u00e1 detr\u00e1s do feito de seren o 37% das queixas recibidas, o 51% delas dirixidas \u00e1 Consellar\u00eda de Sanidade e ao Servizo Galego de Sa\u00fade. O SERGAS \u00e9 o servizo m\u00e1is empregado por galegos e galegas de todas as idades e que m\u00e1is problemas pon \u00e1 cidadan\u00eda para un uso normal do galego, na atenci\u00f3n oral, escrita e mesmo en formularios como os de consentimento informado para cirurx\u00edas que se poden encontrar en ducias de linguas ag\u00e1s, sistematicamente, en galego. C\u00f3mpre lembrar que o SERGAS se negou a colaborar cunha campa\u00f1a desenvolvidada pola Mesa para animar \u00e1s persoas traballadoras e usuarias a se manteren no uso do galego. &#8220;Este departamento \u00e9 hoxe o que m\u00e1is abertamente act\u00faa contra o galego nunha administraci\u00f3n auton\u00f3mica xa de por si moi contraria \u00e1 lingua de Galiza&#8221;, salientou o presidente da Mesa.<\/p>\n\n\n\n<p>Respecto \u00e1s empresas privadas, Sara Seco salientou como os casos mais &#8220;preocupantes&#8221;, aqueles onde &#8220;as empresas se atreven, amparados na impunidade, a recriminaren \u00e1 s\u00faa clientela o uso da lingua galega,inst\u00e1ndoa a usar o castel\u00e1n para completar os servizos solicitados&#8221;. Dende a entidade de defensa da lingua rec\u00f3rdase que estes casos son de gravidade especial naqueles casos onde as empresas privadas prestan servizos contratados pola administraci\u00f3n p\u00fablica. &#8220;A chantaxe ling\u00fc\u00edstica para forzar \u00e1s usuarias e usuarios de servizos est\u00e1 \u00e1 orde do d\u00eda&#8221;, salientou o respons\u00e1bel da Mesa, &#8220;como unha mostra de que vivimos nunha situaci\u00f3n onde o racismo ling\u00fc\u00edstico est\u00e1 absolutamente naturalizado&#8221;. &#8220;Vivimos nun marco legal onde teoricamente todos e todas temos dereito a utilizar o galego nas nosas relaci\u00f3ns de consumo, mais como na pr\u00e1ctica as empresas non te\u00f1en obriga de corresponder, ese dereito non se pode exercer&#8221;, resumiu Maceira. &#8220;As empresas que operan en Galiza deber\u00edan de ofrecer en todos os casos a opci\u00f3n de galego e a Xunta ten que facer que as\u00ed sexa&#8221;, rematou, &#8220;se realmente quixer fomentar o emprego da lingua galega, deber\u00eda comezar por eliminar os l\u00edmites, as chantaxes e as coacci\u00f3ns que impiden levar a cabo unha vida no propio idioma&#8221;.<\/p>\n\n\n\n<p>A deputada de Lingua da Deputaci\u00f3n da Coru\u00f1a, Soledad Agra, recordou que &#8220;\u00e9 preciso traballar pola igualdade de dereitos ling\u00fc\u00edsticos e pola fin dos prexu\u00edzos, t\u00f3picos e actitudes negativas que a\u00ednda hoxe afectan ao uso da nosa lingua&#8221; e salientou a obriga das entidades p\u00fablicas \u00e1 hora de &#8220;garantir que calquera persoa que as\u00ed o desexe poida desenvolver a s\u00faa vida plenamente en galego con normalidade&#8221;. Neste sentido, Agra salientou a &#8220;esperanza&#8221; que sup\u00f3n A Mesa e confirmou o compromiso do seu departamento coa Li\u00f1a do Galego.<\/p>\n","protected":false},"excerpt":{"rendered":"<div class=\"mh-excerpt\"><p>Marcos Maceira, presidente da Mesa pola Normalizaci\u00f3n Ling\u00fc\u00edstica; Sara Seco, respons\u00e1bel do texto; e Soledad Agra, deputada de Lingua da Deputaci\u00f3n da Coru\u00f1a, presentaron esta ma\u00f1\u00e1 en Compostela o informe anual da Li\u00f1a do Galego correspondente ao 2022 <a class=\"mh-excerpt-more\" href=\"https:\/\/www.anovapeneira.gal\/index.php\/2023\/10\/19\/esta-obligado-a-hablar-castellano-case-a-metade-das-queixas-tramitadas-pola-mesa-en-2022-foron-por-vulnerar-o-dereito-ao-uso-do-galego\/\" title=\"&#8220;Est\u00e1 obligado a hablar castellano&#8221;, case a metade das queixas tramitadas pola Mesa en 2022 foron por vulnerar o dereito ao uso do galego\">[&#8230;]<\/a><\/p>\n<\/div>","protected":false},"author":3,"featured_media":10623,"comment_status":"open","ping_status":"open","sticky":false,"template":"","format":"standard","meta":{"_exactmetrics_skip_tracking":false,"_exactmetrics_sitenote_active":false,"_exactmetrics_sitenote_note":"","_exactmetrics_sitenote_category":0,"footnotes":""},"categories":[263],"tags":[684],"class_list":{"0":"post-10620","1":"post","2":"type-post","3":"status-publish","4":"format-standard","5":"has-post-thumbnail","7":"category-novas","8":"tag-mesa-pola-normalizacion-linguistica-para-galicia"},"yoast_head":"<!-- This site is optimized with the Yoast SEO plugin v27.4 - https:\/\/yoast.com\/product\/yoast-seo-wordpress\/ -->\n<title>&quot;Est\u00e1 obligado a hablar castellano&quot;, case a metade das queixas tramitadas pola Mesa en 2022 foron por vulnerar o dereito ao uso do galego -<\/title>\n<meta name=\"description\" content=\"Marcos Maceira, presidente da Mesa pola Normalizaci\u00f3n Ling\u00fc\u00edstica; Sara Seco, respons\u00e1bel do texto; e Soledad Agra, deputada de Lingua da Deputaci\u00f3n da Coru\u00f1a, presentaron esta ma\u00f1\u00e1 en Compostela o informe anual da Li\u00f1a do Galego correspondente ao 2022\" \/>\n<meta name=\"robots\" content=\"index, follow, max-snippet:-1, max-image-preview:large, max-video-preview:-1\" \/>\n<link rel=\"canonical\" href=\"https:\/\/www.anovapeneira.gal\/index.php\/2023\/10\/19\/esta-obligado-a-hablar-castellano-case-a-metade-das-queixas-tramitadas-pola-mesa-en-2022-foron-por-vulnerar-o-dereito-ao-uso-do-galego\/\" \/>\n<meta property=\"og:locale\" content=\"gl_ES\" \/>\n<meta property=\"og:type\" content=\"article\" \/>\n<meta property=\"og:title\" content=\"&quot;Est\u00e1 obligado a hablar castellano&quot;, case a metade das queixas tramitadas pola Mesa en 2022 foron por vulnerar o dereito ao uso do galego -\" \/>\n<meta property=\"og:description\" content=\"Marcos Maceira, presidente da Mesa pola Normalizaci\u00f3n Ling\u00fc\u00edstica; Sara Seco, respons\u00e1bel do texto; e Soledad Agra, deputada de Lingua da Deputaci\u00f3n da Coru\u00f1a, presentaron esta ma\u00f1\u00e1 en Compostela o informe anual da Li\u00f1a do Galego correspondente ao 2022\" \/>\n<meta property=\"og:url\" content=\"https:\/\/www.anovapeneira.gal\/index.php\/2023\/10\/19\/esta-obligado-a-hablar-castellano-case-a-metade-das-queixas-tramitadas-pola-mesa-en-2022-foron-por-vulnerar-o-dereito-ao-uso-do-galego\/\" \/>\n<meta property=\"article:publisher\" content=\"https:\/\/www.facebook.com\/anovapeneira\" \/>\n<meta property=\"article:published_time\" content=\"2023-10-19T08:00:43+00:00\" \/>\n<meta property=\"og:image\" content=\"https:\/\/www.anovapeneira.gal\/wp-content\/uploads\/2023\/10\/Linhadogalego.jpg\" \/>\n\t<meta property=\"og:image:width\" content=\"720\" \/>\n\t<meta property=\"og:image:height\" content=\"432\" \/>\n\t<meta property=\"og:image:type\" content=\"image\/jpeg\" \/>\n<meta name=\"author\" content=\"Redacci\u00f3n A Nova Peneira\" \/>\n<meta name=\"twitter:card\" content=\"summary_large_image\" \/>\n<meta name=\"twitter:creator\" content=\"@APeneira\" \/>\n<meta name=\"twitter:site\" content=\"@APeneira\" \/>\n<meta name=\"twitter:label1\" content=\"Escrito por\" \/>\n\t<meta name=\"twitter:data1\" content=\"Redacci\u00f3n A Nova Peneira\" \/>\n\t<meta name=\"twitter:label2\" content=\"Tempo de lectura\" \/>\n\t<meta name=\"twitter:data2\" content=\"5 minutos\" \/>\n<script type=\"application\/ld+json\" class=\"yoast-schema-graph\">{\"@context\":\"https:\\\/\\\/schema.org\",\"@graph\":[{\"@type\":\"Article\",\"@id\":\"https:\\\/\\\/www.anovapeneira.gal\\\/index.php\\\/2023\\\/10\\\/19\\\/esta-obligado-a-hablar-castellano-case-a-metade-das-queixas-tramitadas-pola-mesa-en-2022-foron-por-vulnerar-o-dereito-ao-uso-do-galego\\\/#article\",\"isPartOf\":{\"@id\":\"https:\\\/\\\/www.anovapeneira.gal\\\/index.php\\\/2023\\\/10\\\/19\\\/esta-obligado-a-hablar-castellano-case-a-metade-das-queixas-tramitadas-pola-mesa-en-2022-foron-por-vulnerar-o-dereito-ao-uso-do-galego\\\/\"},\"author\":{\"name\":\"Redacci\u00f3n A Nova Peneira\",\"@id\":\"https:\\\/\\\/www.anovapeneira.gal\\\/#\\\/schema\\\/person\\\/b93e3f8932e3f8da96334607eb6ac6aa\"},\"headline\":\"&#8220;Est\u00e1 obligado a hablar castellano&#8221;, case a metade das queixas tramitadas pola Mesa en 2022 foron por vulnerar o dereito ao uso do galego\",\"datePublished\":\"2023-10-19T08:00:43+00:00\",\"mainEntityOfPage\":{\"@id\":\"https:\\\/\\\/www.anovapeneira.gal\\\/index.php\\\/2023\\\/10\\\/19\\\/esta-obligado-a-hablar-castellano-case-a-metade-das-queixas-tramitadas-pola-mesa-en-2022-foron-por-vulnerar-o-dereito-ao-uso-do-galego\\\/\"},\"wordCount\":945,\"commentCount\":0,\"publisher\":{\"@id\":\"https:\\\/\\\/www.anovapeneira.gal\\\/#organization\"},\"image\":{\"@id\":\"https:\\\/\\\/www.anovapeneira.gal\\\/index.php\\\/2023\\\/10\\\/19\\\/esta-obligado-a-hablar-castellano-case-a-metade-das-queixas-tramitadas-pola-mesa-en-2022-foron-por-vulnerar-o-dereito-ao-uso-do-galego\\\/#primaryimage\"},\"thumbnailUrl\":\"https:\\\/\\\/www.anovapeneira.gal\\\/wp-content\\\/uploads\\\/2023\\\/10\\\/Linhadogalego.jpg\",\"keywords\":[\"Mesa pola normalizaci\u00f3n ling\u00fc\u00edstica para Galicia\"],\"articleSection\":[\"Novas\"],\"inLanguage\":\"gl-ES\",\"potentialAction\":[{\"@type\":\"CommentAction\",\"name\":\"Comment\",\"target\":[\"https:\\\/\\\/www.anovapeneira.gal\\\/index.php\\\/2023\\\/10\\\/19\\\/esta-obligado-a-hablar-castellano-case-a-metade-das-queixas-tramitadas-pola-mesa-en-2022-foron-por-vulnerar-o-dereito-ao-uso-do-galego\\\/#respond\"]}]},{\"@type\":\"WebPage\",\"@id\":\"https:\\\/\\\/www.anovapeneira.gal\\\/index.php\\\/2023\\\/10\\\/19\\\/esta-obligado-a-hablar-castellano-case-a-metade-das-queixas-tramitadas-pola-mesa-en-2022-foron-por-vulnerar-o-dereito-ao-uso-do-galego\\\/\",\"url\":\"https:\\\/\\\/www.anovapeneira.gal\\\/index.php\\\/2023\\\/10\\\/19\\\/esta-obligado-a-hablar-castellano-case-a-metade-das-queixas-tramitadas-pola-mesa-en-2022-foron-por-vulnerar-o-dereito-ao-uso-do-galego\\\/\",\"name\":\"\\\"Est\u00e1 obligado a hablar castellano\\\", case a metade das queixas tramitadas pola Mesa en 2022 foron por vulnerar o dereito ao uso do galego -\",\"isPartOf\":{\"@id\":\"https:\\\/\\\/www.anovapeneira.gal\\\/#website\"},\"primaryImageOfPage\":{\"@id\":\"https:\\\/\\\/www.anovapeneira.gal\\\/index.php\\\/2023\\\/10\\\/19\\\/esta-obligado-a-hablar-castellano-case-a-metade-das-queixas-tramitadas-pola-mesa-en-2022-foron-por-vulnerar-o-dereito-ao-uso-do-galego\\\/#primaryimage\"},\"image\":{\"@id\":\"https:\\\/\\\/www.anovapeneira.gal\\\/index.php\\\/2023\\\/10\\\/19\\\/esta-obligado-a-hablar-castellano-case-a-metade-das-queixas-tramitadas-pola-mesa-en-2022-foron-por-vulnerar-o-dereito-ao-uso-do-galego\\\/#primaryimage\"},\"thumbnailUrl\":\"https:\\\/\\\/www.anovapeneira.gal\\\/wp-content\\\/uploads\\\/2023\\\/10\\\/Linhadogalego.jpg\",\"datePublished\":\"2023-10-19T08:00:43+00:00\",\"description\":\"Marcos Maceira, presidente da Mesa pola Normalizaci\u00f3n Ling\u00fc\u00edstica; Sara Seco, respons\u00e1bel do texto; e Soledad Agra, deputada de Lingua da Deputaci\u00f3n da Coru\u00f1a, presentaron esta ma\u00f1\u00e1 en Compostela o informe anual da Li\u00f1a do Galego correspondente ao 2022\",\"breadcrumb\":{\"@id\":\"https:\\\/\\\/www.anovapeneira.gal\\\/index.php\\\/2023\\\/10\\\/19\\\/esta-obligado-a-hablar-castellano-case-a-metade-das-queixas-tramitadas-pola-mesa-en-2022-foron-por-vulnerar-o-dereito-ao-uso-do-galego\\\/#breadcrumb\"},\"inLanguage\":\"gl-ES\",\"potentialAction\":[{\"@type\":\"ReadAction\",\"target\":[\"https:\\\/\\\/www.anovapeneira.gal\\\/index.php\\\/2023\\\/10\\\/19\\\/esta-obligado-a-hablar-castellano-case-a-metade-das-queixas-tramitadas-pola-mesa-en-2022-foron-por-vulnerar-o-dereito-ao-uso-do-galego\\\/\"]}]},{\"@type\":\"ImageObject\",\"inLanguage\":\"gl-ES\",\"@id\":\"https:\\\/\\\/www.anovapeneira.gal\\\/index.php\\\/2023\\\/10\\\/19\\\/esta-obligado-a-hablar-castellano-case-a-metade-das-queixas-tramitadas-pola-mesa-en-2022-foron-por-vulnerar-o-dereito-ao-uso-do-galego\\\/#primaryimage\",\"url\":\"https:\\\/\\\/www.anovapeneira.gal\\\/wp-content\\\/uploads\\\/2023\\\/10\\\/Linhadogalego.jpg\",\"contentUrl\":\"https:\\\/\\\/www.anovapeneira.gal\\\/wp-content\\\/uploads\\\/2023\\\/10\\\/Linhadogalego.jpg\",\"width\":720,\"height\":432,\"caption\":\"\\\"Est\u00e1 obligado a hablar castellano\\\", case a metade das queixas tramitadas pola Mesa en 2022 foron por vulnerar o dereito ao uso dogalego\"},{\"@type\":\"BreadcrumbList\",\"@id\":\"https:\\\/\\\/www.anovapeneira.gal\\\/index.php\\\/2023\\\/10\\\/19\\\/esta-obligado-a-hablar-castellano-case-a-metade-das-queixas-tramitadas-pola-mesa-en-2022-foron-por-vulnerar-o-dereito-ao-uso-do-galego\\\/#breadcrumb\",\"itemListElement\":[{\"@type\":\"ListItem\",\"position\":1,\"name\":\"Portada\",\"item\":\"https:\\\/\\\/www.anovapeneira.gal\\\/\"},{\"@type\":\"ListItem\",\"position\":2,\"name\":\"&#8220;Est\u00e1 obligado a hablar castellano&#8221;, case a metade das queixas tramitadas pola Mesa en 2022 foron por vulnerar o dereito ao uso do galego\"}]},{\"@type\":\"WebSite\",\"@id\":\"https:\\\/\\\/www.anovapeneira.gal\\\/#website\",\"url\":\"https:\\\/\\\/www.anovapeneira.gal\\\/\",\"name\":\"\",\"description\":\"Xornal galego de informaci\u00f3n xeral Publicaci\u00f3n mensual de novas de Galicia e en especial dos Concellos da sur da provincia de Pontevedra.\",\"publisher\":{\"@id\":\"https:\\\/\\\/www.anovapeneira.gal\\\/#organization\"},\"potentialAction\":[{\"@type\":\"SearchAction\",\"target\":{\"@type\":\"EntryPoint\",\"urlTemplate\":\"https:\\\/\\\/www.anovapeneira.gal\\\/?s={search_term_string}\"},\"query-input\":{\"@type\":\"PropertyValueSpecification\",\"valueRequired\":true,\"valueName\":\"search_term_string\"}}],\"inLanguage\":\"gl-ES\"},{\"@type\":\"Organization\",\"@id\":\"https:\\\/\\\/www.anovapeneira.gal\\\/#organization\",\"name\":\"A Nova Peneira\",\"url\":\"https:\\\/\\\/www.anovapeneira.gal\\\/\",\"logo\":{\"@type\":\"ImageObject\",\"inLanguage\":\"gl-ES\",\"@id\":\"https:\\\/\\\/www.anovapeneira.gal\\\/#\\\/schema\\\/logo\\\/image\\\/\",\"url\":\"http:\\\/\\\/www.anovapeneira.gal\\\/wp-content\\\/uploads\\\/2019\\\/06\\\/logo_a_nova_peneira_portal_web.png\",\"contentUrl\":\"http:\\\/\\\/www.anovapeneira.gal\\\/wp-content\\\/uploads\\\/2019\\\/06\\\/logo_a_nova_peneira_portal_web.png\",\"width\":300,\"height\":100,\"caption\":\"A Nova Peneira\"},\"image\":{\"@id\":\"https:\\\/\\\/www.anovapeneira.gal\\\/#\\\/schema\\\/logo\\\/image\\\/\"},\"sameAs\":[\"https:\\\/\\\/www.facebook.com\\\/anovapeneira\",\"https:\\\/\\\/x.com\\\/APeneira\"]},{\"@type\":\"Person\",\"@id\":\"https:\\\/\\\/www.anovapeneira.gal\\\/#\\\/schema\\\/person\\\/b93e3f8932e3f8da96334607eb6ac6aa\",\"name\":\"Redacci\u00f3n A Nova Peneira\",\"image\":{\"@type\":\"ImageObject\",\"inLanguage\":\"gl-ES\",\"@id\":\"https:\\\/\\\/secure.gravatar.com\\\/avatar\\\/c052a2551a06e23fac63626232eaa90abd78dbcf1700fc46a2b2c89fd27b735f?s=96&d=mm&r=g\",\"url\":\"https:\\\/\\\/secure.gravatar.com\\\/avatar\\\/c052a2551a06e23fac63626232eaa90abd78dbcf1700fc46a2b2c89fd27b735f?s=96&d=mm&r=g\",\"contentUrl\":\"https:\\\/\\\/secure.gravatar.com\\\/avatar\\\/c052a2551a06e23fac63626232eaa90abd78dbcf1700fc46a2b2c89fd27b735f?s=96&d=mm&r=g\",\"caption\":\"Redacci\u00f3n A Nova Peneira\"},\"sameAs\":[\"http:\\\/\\\/www.anovapeneira.gal\\\/\"],\"url\":\"https:\\\/\\\/www.anovapeneira.gal\\\/index.php\\\/author\\\/redactor\\\/\"}]}<\/script>\n<!-- \/ Yoast SEO plugin. -->","yoast_head_json":{"title":"\"Est\u00e1 obligado a hablar castellano\", case a metade das queixas tramitadas pola Mesa en 2022 foron por vulnerar o dereito ao uso do galego -","description":"Marcos Maceira, presidente da Mesa pola Normalizaci\u00f3n Ling\u00fc\u00edstica; Sara Seco, respons\u00e1bel do texto; e Soledad Agra, deputada de Lingua da Deputaci\u00f3n da Coru\u00f1a, presentaron esta ma\u00f1\u00e1 en Compostela o informe anual da Li\u00f1a do Galego correspondente ao 2022","robots":{"index":"index","follow":"follow","max-snippet":"max-snippet:-1","max-image-preview":"max-image-preview:large","max-video-preview":"max-video-preview:-1"},"canonical":"https:\/\/www.anovapeneira.gal\/index.php\/2023\/10\/19\/esta-obligado-a-hablar-castellano-case-a-metade-das-queixas-tramitadas-pola-mesa-en-2022-foron-por-vulnerar-o-dereito-ao-uso-do-galego\/","og_locale":"gl_ES","og_type":"article","og_title":"\"Est\u00e1 obligado a hablar castellano\", case a metade das queixas tramitadas pola Mesa en 2022 foron por vulnerar o dereito ao uso do galego -","og_description":"Marcos Maceira, presidente da Mesa pola Normalizaci\u00f3n Ling\u00fc\u00edstica; Sara Seco, respons\u00e1bel do texto; e Soledad Agra, deputada de Lingua da Deputaci\u00f3n da Coru\u00f1a, presentaron esta ma\u00f1\u00e1 en Compostela o informe anual da Li\u00f1a do Galego correspondente ao 2022","og_url":"https:\/\/www.anovapeneira.gal\/index.php\/2023\/10\/19\/esta-obligado-a-hablar-castellano-case-a-metade-das-queixas-tramitadas-pola-mesa-en-2022-foron-por-vulnerar-o-dereito-ao-uso-do-galego\/","article_publisher":"https:\/\/www.facebook.com\/anovapeneira","article_published_time":"2023-10-19T08:00:43+00:00","og_image":[{"width":720,"height":432,"url":"https:\/\/www.anovapeneira.gal\/wp-content\/uploads\/2023\/10\/Linhadogalego.jpg","type":"image\/jpeg"}],"author":"Redacci\u00f3n A Nova Peneira","twitter_card":"summary_large_image","twitter_creator":"@APeneira","twitter_site":"@APeneira","twitter_misc":{"Escrito por":"Redacci\u00f3n A Nova Peneira","Tempo de lectura":"5 minutos"},"schema":{"@context":"https:\/\/schema.org","@graph":[{"@type":"Article","@id":"https:\/\/www.anovapeneira.gal\/index.php\/2023\/10\/19\/esta-obligado-a-hablar-castellano-case-a-metade-das-queixas-tramitadas-pola-mesa-en-2022-foron-por-vulnerar-o-dereito-ao-uso-do-galego\/#article","isPartOf":{"@id":"https:\/\/www.anovapeneira.gal\/index.php\/2023\/10\/19\/esta-obligado-a-hablar-castellano-case-a-metade-das-queixas-tramitadas-pola-mesa-en-2022-foron-por-vulnerar-o-dereito-ao-uso-do-galego\/"},"author":{"name":"Redacci\u00f3n A Nova Peneira","@id":"https:\/\/www.anovapeneira.gal\/#\/schema\/person\/b93e3f8932e3f8da96334607eb6ac6aa"},"headline":"&#8220;Est\u00e1 obligado a hablar castellano&#8221;, case a metade das queixas tramitadas pola Mesa en 2022 foron por vulnerar o dereito ao uso do galego","datePublished":"2023-10-19T08:00:43+00:00","mainEntityOfPage":{"@id":"https:\/\/www.anovapeneira.gal\/index.php\/2023\/10\/19\/esta-obligado-a-hablar-castellano-case-a-metade-das-queixas-tramitadas-pola-mesa-en-2022-foron-por-vulnerar-o-dereito-ao-uso-do-galego\/"},"wordCount":945,"commentCount":0,"publisher":{"@id":"https:\/\/www.anovapeneira.gal\/#organization"},"image":{"@id":"https:\/\/www.anovapeneira.gal\/index.php\/2023\/10\/19\/esta-obligado-a-hablar-castellano-case-a-metade-das-queixas-tramitadas-pola-mesa-en-2022-foron-por-vulnerar-o-dereito-ao-uso-do-galego\/#primaryimage"},"thumbnailUrl":"https:\/\/www.anovapeneira.gal\/wp-content\/uploads\/2023\/10\/Linhadogalego.jpg","keywords":["Mesa pola normalizaci\u00f3n ling\u00fc\u00edstica para Galicia"],"articleSection":["Novas"],"inLanguage":"gl-ES","potentialAction":[{"@type":"CommentAction","name":"Comment","target":["https:\/\/www.anovapeneira.gal\/index.php\/2023\/10\/19\/esta-obligado-a-hablar-castellano-case-a-metade-das-queixas-tramitadas-pola-mesa-en-2022-foron-por-vulnerar-o-dereito-ao-uso-do-galego\/#respond"]}]},{"@type":"WebPage","@id":"https:\/\/www.anovapeneira.gal\/index.php\/2023\/10\/19\/esta-obligado-a-hablar-castellano-case-a-metade-das-queixas-tramitadas-pola-mesa-en-2022-foron-por-vulnerar-o-dereito-ao-uso-do-galego\/","url":"https:\/\/www.anovapeneira.gal\/index.php\/2023\/10\/19\/esta-obligado-a-hablar-castellano-case-a-metade-das-queixas-tramitadas-pola-mesa-en-2022-foron-por-vulnerar-o-dereito-ao-uso-do-galego\/","name":"\"Est\u00e1 obligado a hablar castellano\", case a metade das queixas tramitadas pola Mesa en 2022 foron por vulnerar o dereito ao uso do galego -","isPartOf":{"@id":"https:\/\/www.anovapeneira.gal\/#website"},"primaryImageOfPage":{"@id":"https:\/\/www.anovapeneira.gal\/index.php\/2023\/10\/19\/esta-obligado-a-hablar-castellano-case-a-metade-das-queixas-tramitadas-pola-mesa-en-2022-foron-por-vulnerar-o-dereito-ao-uso-do-galego\/#primaryimage"},"image":{"@id":"https:\/\/www.anovapeneira.gal\/index.php\/2023\/10\/19\/esta-obligado-a-hablar-castellano-case-a-metade-das-queixas-tramitadas-pola-mesa-en-2022-foron-por-vulnerar-o-dereito-ao-uso-do-galego\/#primaryimage"},"thumbnailUrl":"https:\/\/www.anovapeneira.gal\/wp-content\/uploads\/2023\/10\/Linhadogalego.jpg","datePublished":"2023-10-19T08:00:43+00:00","description":"Marcos Maceira, presidente da Mesa pola Normalizaci\u00f3n Ling\u00fc\u00edstica; Sara Seco, respons\u00e1bel do texto; e Soledad Agra, deputada de Lingua da Deputaci\u00f3n da Coru\u00f1a, presentaron esta ma\u00f1\u00e1 en Compostela o informe anual da Li\u00f1a do Galego correspondente ao 2022","breadcrumb":{"@id":"https:\/\/www.anovapeneira.gal\/index.php\/2023\/10\/19\/esta-obligado-a-hablar-castellano-case-a-metade-das-queixas-tramitadas-pola-mesa-en-2022-foron-por-vulnerar-o-dereito-ao-uso-do-galego\/#breadcrumb"},"inLanguage":"gl-ES","potentialAction":[{"@type":"ReadAction","target":["https:\/\/www.anovapeneira.gal\/index.php\/2023\/10\/19\/esta-obligado-a-hablar-castellano-case-a-metade-das-queixas-tramitadas-pola-mesa-en-2022-foron-por-vulnerar-o-dereito-ao-uso-do-galego\/"]}]},{"@type":"ImageObject","inLanguage":"gl-ES","@id":"https:\/\/www.anovapeneira.gal\/index.php\/2023\/10\/19\/esta-obligado-a-hablar-castellano-case-a-metade-das-queixas-tramitadas-pola-mesa-en-2022-foron-por-vulnerar-o-dereito-ao-uso-do-galego\/#primaryimage","url":"https:\/\/www.anovapeneira.gal\/wp-content\/uploads\/2023\/10\/Linhadogalego.jpg","contentUrl":"https:\/\/www.anovapeneira.gal\/wp-content\/uploads\/2023\/10\/Linhadogalego.jpg","width":720,"height":432,"caption":"\"Est\u00e1 obligado a hablar castellano\", case a metade das queixas tramitadas pola Mesa en 2022 foron por vulnerar o dereito ao uso dogalego"},{"@type":"BreadcrumbList","@id":"https:\/\/www.anovapeneira.gal\/index.php\/2023\/10\/19\/esta-obligado-a-hablar-castellano-case-a-metade-das-queixas-tramitadas-pola-mesa-en-2022-foron-por-vulnerar-o-dereito-ao-uso-do-galego\/#breadcrumb","itemListElement":[{"@type":"ListItem","position":1,"name":"Portada","item":"https:\/\/www.anovapeneira.gal\/"},{"@type":"ListItem","position":2,"name":"&#8220;Est\u00e1 obligado a hablar castellano&#8221;, case a metade das queixas tramitadas pola Mesa en 2022 foron por vulnerar o dereito ao uso do galego"}]},{"@type":"WebSite","@id":"https:\/\/www.anovapeneira.gal\/#website","url":"https:\/\/www.anovapeneira.gal\/","name":"","description":"Xornal galego de informaci\u00f3n xeral Publicaci\u00f3n mensual de novas de Galicia e en especial dos Concellos da sur da provincia de Pontevedra.","publisher":{"@id":"https:\/\/www.anovapeneira.gal\/#organization"},"potentialAction":[{"@type":"SearchAction","target":{"@type":"EntryPoint","urlTemplate":"https:\/\/www.anovapeneira.gal\/?s={search_term_string}"},"query-input":{"@type":"PropertyValueSpecification","valueRequired":true,"valueName":"search_term_string"}}],"inLanguage":"gl-ES"},{"@type":"Organization","@id":"https:\/\/www.anovapeneira.gal\/#organization","name":"A Nova Peneira","url":"https:\/\/www.anovapeneira.gal\/","logo":{"@type":"ImageObject","inLanguage":"gl-ES","@id":"https:\/\/www.anovapeneira.gal\/#\/schema\/logo\/image\/","url":"http:\/\/www.anovapeneira.gal\/wp-content\/uploads\/2019\/06\/logo_a_nova_peneira_portal_web.png","contentUrl":"http:\/\/www.anovapeneira.gal\/wp-content\/uploads\/2019\/06\/logo_a_nova_peneira_portal_web.png","width":300,"height":100,"caption":"A Nova Peneira"},"image":{"@id":"https:\/\/www.anovapeneira.gal\/#\/schema\/logo\/image\/"},"sameAs":["https:\/\/www.facebook.com\/anovapeneira","https:\/\/x.com\/APeneira"]},{"@type":"Person","@id":"https:\/\/www.anovapeneira.gal\/#\/schema\/person\/b93e3f8932e3f8da96334607eb6ac6aa","name":"Redacci\u00f3n A Nova Peneira","image":{"@type":"ImageObject","inLanguage":"gl-ES","@id":"https:\/\/secure.gravatar.com\/avatar\/c052a2551a06e23fac63626232eaa90abd78dbcf1700fc46a2b2c89fd27b735f?s=96&d=mm&r=g","url":"https:\/\/secure.gravatar.com\/avatar\/c052a2551a06e23fac63626232eaa90abd78dbcf1700fc46a2b2c89fd27b735f?s=96&d=mm&r=g","contentUrl":"https:\/\/secure.gravatar.com\/avatar\/c052a2551a06e23fac63626232eaa90abd78dbcf1700fc46a2b2c89fd27b735f?s=96&d=mm&r=g","caption":"Redacci\u00f3n A Nova Peneira"},"sameAs":["http:\/\/www.anovapeneira.gal\/"],"url":"https:\/\/www.anovapeneira.gal\/index.php\/author\/redactor\/"}]}},"jetpack_featured_media_url":"https:\/\/www.anovapeneira.gal\/wp-content\/uploads\/2023\/10\/Linhadogalego.jpg","_links":{"self":[{"href":"https:\/\/www.anovapeneira.gal\/index.php\/wp-json\/wp\/v2\/posts\/10620","targetHints":{"allow":["GET"]}}],"collection":[{"href":"https:\/\/www.anovapeneira.gal\/index.php\/wp-json\/wp\/v2\/posts"}],"about":[{"href":"https:\/\/www.anovapeneira.gal\/index.php\/wp-json\/wp\/v2\/types\/post"}],"author":[{"embeddable":true,"href":"https:\/\/www.anovapeneira.gal\/index.php\/wp-json\/wp\/v2\/users\/3"}],"replies":[{"embeddable":true,"href":"https:\/\/www.anovapeneira.gal\/index.php\/wp-json\/wp\/v2\/comments?post=10620"}],"version-history":[{"count":4,"href":"https:\/\/www.anovapeneira.gal\/index.php\/wp-json\/wp\/v2\/posts\/10620\/revisions"}],"predecessor-version":[{"id":10625,"href":"https:\/\/www.anovapeneira.gal\/index.php\/wp-json\/wp\/v2\/posts\/10620\/revisions\/10625"}],"wp:featuredmedia":[{"embeddable":true,"href":"https:\/\/www.anovapeneira.gal\/index.php\/wp-json\/wp\/v2\/media\/10623"}],"wp:attachment":[{"href":"https:\/\/www.anovapeneira.gal\/index.php\/wp-json\/wp\/v2\/media?parent=10620"}],"wp:term":[{"taxonomy":"category","embeddable":true,"href":"https:\/\/www.anovapeneira.gal\/index.php\/wp-json\/wp\/v2\/categories?post=10620"},{"taxonomy":"post_tag","embeddable":true,"href":"https:\/\/www.anovapeneira.gal\/index.php\/wp-json\/wp\/v2\/tags?post=10620"}],"curies":[{"name":"wp","href":"https:\/\/api.w.org\/{rel}","templated":true}]}}