{"id":10626,"date":"2023-10-19T12:00:30","date_gmt":"2023-10-19T10:00:30","guid":{"rendered":"https:\/\/www.anovapeneira.gal\/?p=10626"},"modified":"2023-10-10T13:06:05","modified_gmt":"2023-10-10T11:06:05","slug":"o-observatorio-iberico-da-mineria-do-que-forma-parte-ecoloxistas-en-accion-documentou-mais-de-medio-milleiro-de-infraccions-a-maioria-asociadas-a-impactos-ambientais-ou-a-autorizacions-ilegais-and","status":"publish","type":"post","link":"https:\/\/www.anovapeneira.gal\/index.php\/2023\/10\/19\/o-observatorio-iberico-da-mineria-do-que-forma-parte-ecoloxistas-en-accion-documentou-mais-de-medio-milleiro-de-infraccions-a-maioria-asociadas-a-impactos-ambientais-ou-a-autorizacions-ilegais-and\/","title":{"rendered":"O Observatorio Ib\u00e9rico da Miner\u00eda, do que forma parte Ecoloxistas en Acci\u00f3n, documentou m\u00e1is de medio milleiro de infracci\u00f3ns, a maior\u00eda asociadas a impactos ambientais ou a autorizaci\u00f3ns ilegais. Andaluc\u00eda e Galicia son os territorios con m\u00e1is casos, con 24 e 21 respectivamente"},"content":{"rendered":"\n<p>Estes casos detallaranse no I Encontro Ib\u00e9rico sobre os impactos sociais e ambientais da miner\u00eda, que se celebrar\u00e1 do 12 ao 15 de outubro, organizado por Ecoloxistas en Acci\u00f3n e o Observatorio Ib\u00e9rico da Miner\u00eda.<\/p>\n\n\n\n<p>O Observatorio Ib\u00e9rico da Miner\u00ed [1]a e Ecoloxistas en Acci\u00f3n organizan o primeiro encontro ib\u00e9rico sobre os impactos sociais e ambientais da miner\u00eda. Tr\u00e1tase da primeira edici\u00f3n deste espazo de reflexi\u00f3n, aprendizaxe e convivencia no participar\u00e1n medio centenar de representantes de distintos movementos, plataformas e colectivos implicados na resistencia a proxectos mineiros de Espa\u00f1a e Portugal. Estremadura foi a comunidade escollida para celebrar este primeiro encontro pola avalancha de novos proxectos mineiros que afectan a este territorio, que incl\u00faen as minas de litio de C\u00e1ceres e Ca\u00f1averal, a mina de n\u00edquel de Aguablanca ou a mina de cobre e ouro de Alconchel O Observatorio Ib\u00e9rico da Miner\u00eda (MINOB) lanzouse hai un ano para documentar as vulneraci\u00f3ns de dereitos sociais e ambientais causados pola industria extractiva en toda a xeograf\u00eda peninsular, facendo p\u00fablicas as evidencias existentes sobre cada caso. Froito do traballo de investigaci\u00f3n colaborativo de decenas de colectivos, entre os que se incl\u00fae Ecoloxistas en Acci\u00f3n, esta semana present\u00e1ronse m\u00e1is de 100 casos xeorreferenciados que desvelan a magnitude do problema. O observatorio exp\u00f3n todo tipo de situaci\u00f3ns, desde ataques, ameazas ou preitos intimidatorios contra activistas ata explotaci\u00f3ns clandestinas que operan sen permisos ou sen someterse a unha avaliaci\u00f3n de impacto ambiental. Tam\u00e9n se documentan infracci\u00f3ns de dereitos laborais, como malas condici\u00f3ns de traballo ou obst\u00e1culos \u00e1 actividade sindical. Moitas destas minas at\u00f3panse en espazos protexidos ou nas proximidades de poboaci\u00f3ns, nas que provocan problemas de sa\u00fade e impactos ambientais por emisi\u00f3ns de po ou contaminaci\u00f3n das augas. A maior\u00eda dos casos inclu\u00eddos son de Andaluc\u00eda, con 24 explotaci\u00f3ns, e Galicia, con 21, pero Jo\u00e1m Evans, coordinador do observatorio, advirte que \u201cisto \u00e9 s\u00f3 a punta do iceberg\u201d, xa que contan cunha lista de 400 casos pendentes de documentar e nos \u00faltimos meses un\u00edronse entidades de territorios nos que ata o de agora non se estaban investigando. \u201c_\u00c9 sorprendente atoparse con tantas explotaci\u00f3ns ilegais, cando tanto desde o sector como desde as administraci\u00f3ns ins\u00edstese tanto no mito da miner\u00eda responsable e sostible_\u201d, remarca Evans. O portal documentou m\u00e1is de 400 infracci\u00f3ns ambientais, que incl\u00faen verteduras, contaminaci\u00f3n por po ou afectaci\u00f3n a bens culturais, e case 300 infracci\u00f3ns relacionadas coa falta de autorizaci\u00f3ns ou permisos ilegais, falta de restauraci\u00f3n ou avais financeiros e corrupci\u00f3n administrativa. Desde o observatorio concl\u00faen que detr\u00e1s destas malas pr\u00e1cticas est\u00e1 a falta de control polas administraci\u00f3ns que xera un ambiente de impunidade xeneralizado. O Observatorio Ib\u00e9rico da Miner\u00eda \u00e9 unha iniciativa de cidadan\u00eda ambiental na que participan unha trintena de colectivos co apoio do Ministerio de Dereitos Sociais e Axenda 2030. No principio do ano foi distinguido cun premio da Universidade das Naci\u00f3ns Unidas pola s\u00faa metodolox\u00eda participativa. O portal conta cun sistema de vixilancia e alerta temper\u00e1 para detectar, mapear e denunciar vulneraci\u00f3ns e malas pr\u00e1cticas, facilitando as\u00ed o exercicio e a defensa dos dereitos ambientais e a mitigar as asimetr\u00edas existentes entre as comunidades afectadas e o sector extractivo. Con estes mecanismos, o proxecto pretende contribu\u00edr \u00e1s funci\u00f3ns de inspecci\u00f3n e control das administraci\u00f3ns p\u00fablicas, as\u00ed como a un mellor co\u00f1ecemento sobre os impactos causados pola miner\u00eda por parte das instituci\u00f3ns, os medios de comunicaci\u00f3n, os movementos sociais e as comunidades locais afectadas.<\/p>\n","protected":false},"excerpt":{"rendered":"<div class=\"mh-excerpt\"><p>Estes casos detallaranse no I Encontro Ib\u00e9rico sobre os impactos sociais e ambientais da miner\u00eda, que se celebrar\u00e1 do 12 ao 15 de outubro, organizado por Ecoloxistas en Acci\u00f3n e o Observatorio Ib\u00e9rico da Miner\u00eda <a class=\"mh-excerpt-more\" href=\"https:\/\/www.anovapeneira.gal\/index.php\/2023\/10\/19\/o-observatorio-iberico-da-mineria-do-que-forma-parte-ecoloxistas-en-accion-documentou-mais-de-medio-milleiro-de-infraccions-a-maioria-asociadas-a-impactos-ambientais-ou-a-autorizacions-ilegais-and\/\" title=\"O Observatorio Ib\u00e9rico da Miner\u00eda, do que forma parte Ecoloxistas en Acci\u00f3n, documentou m\u00e1is de medio milleiro de infracci\u00f3ns, a maior\u00eda asociadas a impactos ambientais ou a autorizaci\u00f3ns ilegais. Andaluc\u00eda e Galicia son os territorios con m\u00e1is casos, con 24 e 21 respectivamente\">[&#8230;]<\/a><\/p>\n<\/div>","protected":false},"author":3,"featured_media":10628,"comment_status":"open","ping_status":"open","sticky":false,"template":"","format":"standard","meta":{"_exactmetrics_skip_tracking":false,"_exactmetrics_sitenote_active":false,"_exactmetrics_sitenote_note":"","_exactmetrics_sitenote_category":0,"footnotes":""},"categories":[263],"tags":[924],"class_list":{"0":"post-10626","1":"post","2":"type-post","3":"status-publish","4":"format-standard","5":"has-post-thumbnail","7":"category-novas","8":"tag-ecoloxistas-en-accion"},"yoast_head":"<!-- This site is optimized with the Yoast SEO plugin v27.4 - https:\/\/yoast.com\/product\/yoast-seo-wordpress\/ -->\n<title>O Observatorio Ib\u00e9rico da Miner\u00eda, do que forma parte Ecoloxistas en Acci\u00f3n, documentou m\u00e1is de medio milleiro de infracci\u00f3ns, a maior\u00eda asociadas a impactos ambientais ou a autorizaci\u00f3ns ilegais. Andaluc\u00eda e Galicia son os territorios con m\u00e1is casos, con 24 e 21 respectivamente -<\/title>\n<meta name=\"description\" content=\"Estes casos detallaranse no I Encontro Ib\u00e9rico sobre os impactos sociais e ambientais da miner\u00eda, que se celebrar\u00e1 do 12 ao 15 de outubro, organizado por Ecoloxistas en Acci\u00f3n e o Observatorio Ib\u00e9rico da Miner\u00eda\" \/>\n<meta name=\"robots\" content=\"index, follow, max-snippet:-1, max-image-preview:large, max-video-preview:-1\" \/>\n<link rel=\"canonical\" href=\"https:\/\/www.anovapeneira.gal\/index.php\/2023\/10\/19\/o-observatorio-iberico-da-mineria-do-que-forma-parte-ecoloxistas-en-accion-documentou-mais-de-medio-milleiro-de-infraccions-a-maioria-asociadas-a-impactos-ambientais-ou-a-autorizacions-ilegais-and\/\" \/>\n<meta property=\"og:locale\" content=\"gl_ES\" \/>\n<meta property=\"og:type\" content=\"article\" \/>\n<meta property=\"og:title\" content=\"O Observatorio Ib\u00e9rico da Miner\u00eda, do que forma parte Ecoloxistas en Acci\u00f3n, documentou m\u00e1is de medio milleiro de infracci\u00f3ns, a maior\u00eda asociadas a impactos ambientais ou a autorizaci\u00f3ns ilegais. Andaluc\u00eda e Galicia son os territorios con m\u00e1is casos, con 24 e 21 respectivamente -\" \/>\n<meta property=\"og:description\" content=\"Estes casos detallaranse no I Encontro Ib\u00e9rico sobre os impactos sociais e ambientais da miner\u00eda, que se celebrar\u00e1 do 12 ao 15 de outubro, organizado por Ecoloxistas en Acci\u00f3n e o Observatorio Ib\u00e9rico da Miner\u00eda\" \/>\n<meta property=\"og:url\" content=\"https:\/\/www.anovapeneira.gal\/index.php\/2023\/10\/19\/o-observatorio-iberico-da-mineria-do-que-forma-parte-ecoloxistas-en-accion-documentou-mais-de-medio-milleiro-de-infraccions-a-maioria-asociadas-a-impactos-ambientais-ou-a-autorizacions-ilegais-and\/\" \/>\n<meta property=\"article:publisher\" content=\"https:\/\/www.facebook.com\/anovapeneira\" \/>\n<meta property=\"article:published_time\" content=\"2023-10-19T10:00:30+00:00\" \/>\n<meta property=\"og:image\" content=\"https:\/\/www.anovapeneira.gal\/wp-content\/uploads\/2023\/10\/mineria_iberica.png\" \/>\n\t<meta property=\"og:image:width\" content=\"720\" \/>\n\t<meta property=\"og:image:height\" content=\"432\" \/>\n\t<meta property=\"og:image:type\" content=\"image\/png\" \/>\n<meta name=\"author\" content=\"Redacci\u00f3n A Nova Peneira\" \/>\n<meta name=\"twitter:card\" content=\"summary_large_image\" \/>\n<meta name=\"twitter:creator\" content=\"@APeneira\" \/>\n<meta name=\"twitter:site\" content=\"@APeneira\" \/>\n<meta name=\"twitter:label1\" content=\"Escrito por\" \/>\n\t<meta name=\"twitter:data1\" content=\"Redacci\u00f3n A Nova Peneira\" \/>\n\t<meta name=\"twitter:label2\" content=\"Tempo de lectura\" \/>\n\t<meta name=\"twitter:data2\" content=\"4 minutos\" \/>\n<script type=\"application\/ld+json\" class=\"yoast-schema-graph\">{\"@context\":\"https:\\\/\\\/schema.org\",\"@graph\":[{\"@type\":\"Article\",\"@id\":\"https:\\\/\\\/www.anovapeneira.gal\\\/index.php\\\/2023\\\/10\\\/19\\\/o-observatorio-iberico-da-mineria-do-que-forma-parte-ecoloxistas-en-accion-documentou-mais-de-medio-milleiro-de-infraccions-a-maioria-asociadas-a-impactos-ambientais-ou-a-autorizacions-ilegais-and\\\/#article\",\"isPartOf\":{\"@id\":\"https:\\\/\\\/www.anovapeneira.gal\\\/index.php\\\/2023\\\/10\\\/19\\\/o-observatorio-iberico-da-mineria-do-que-forma-parte-ecoloxistas-en-accion-documentou-mais-de-medio-milleiro-de-infraccions-a-maioria-asociadas-a-impactos-ambientais-ou-a-autorizacions-ilegais-and\\\/\"},\"author\":{\"name\":\"Redacci\u00f3n A Nova Peneira\",\"@id\":\"https:\\\/\\\/www.anovapeneira.gal\\\/#\\\/schema\\\/person\\\/b93e3f8932e3f8da96334607eb6ac6aa\"},\"headline\":\"O Observatorio Ib\u00e9rico da Miner\u00eda, do que forma parte Ecoloxistas en Acci\u00f3n, documentou m\u00e1is de medio milleiro de infracci\u00f3ns, a maior\u00eda asociadas a impactos ambientais ou a autorizaci\u00f3ns ilegais. Andaluc\u00eda e Galicia son os territorios con m\u00e1is casos, con 24 e 21 respectivamente\",\"datePublished\":\"2023-10-19T10:00:30+00:00\",\"mainEntityOfPage\":{\"@id\":\"https:\\\/\\\/www.anovapeneira.gal\\\/index.php\\\/2023\\\/10\\\/19\\\/o-observatorio-iberico-da-mineria-do-que-forma-parte-ecoloxistas-en-accion-documentou-mais-de-medio-milleiro-de-infraccions-a-maioria-asociadas-a-impactos-ambientais-ou-a-autorizacions-ilegais-and\\\/\"},\"wordCount\":682,\"commentCount\":0,\"publisher\":{\"@id\":\"https:\\\/\\\/www.anovapeneira.gal\\\/#organization\"},\"image\":{\"@id\":\"https:\\\/\\\/www.anovapeneira.gal\\\/index.php\\\/2023\\\/10\\\/19\\\/o-observatorio-iberico-da-mineria-do-que-forma-parte-ecoloxistas-en-accion-documentou-mais-de-medio-milleiro-de-infraccions-a-maioria-asociadas-a-impactos-ambientais-ou-a-autorizacions-ilegais-and\\\/#primaryimage\"},\"thumbnailUrl\":\"https:\\\/\\\/www.anovapeneira.gal\\\/wp-content\\\/uploads\\\/2023\\\/10\\\/mineria_iberica.png\",\"keywords\":[\"Ecoloxistas en Acci\u00f3n\"],\"articleSection\":[\"Novas\"],\"inLanguage\":\"gl-ES\",\"potentialAction\":[{\"@type\":\"CommentAction\",\"name\":\"Comment\",\"target\":[\"https:\\\/\\\/www.anovapeneira.gal\\\/index.php\\\/2023\\\/10\\\/19\\\/o-observatorio-iberico-da-mineria-do-que-forma-parte-ecoloxistas-en-accion-documentou-mais-de-medio-milleiro-de-infraccions-a-maioria-asociadas-a-impactos-ambientais-ou-a-autorizacions-ilegais-and\\\/#respond\"]}]},{\"@type\":\"WebPage\",\"@id\":\"https:\\\/\\\/www.anovapeneira.gal\\\/index.php\\\/2023\\\/10\\\/19\\\/o-observatorio-iberico-da-mineria-do-que-forma-parte-ecoloxistas-en-accion-documentou-mais-de-medio-milleiro-de-infraccions-a-maioria-asociadas-a-impactos-ambientais-ou-a-autorizacions-ilegais-and\\\/\",\"url\":\"https:\\\/\\\/www.anovapeneira.gal\\\/index.php\\\/2023\\\/10\\\/19\\\/o-observatorio-iberico-da-mineria-do-que-forma-parte-ecoloxistas-en-accion-documentou-mais-de-medio-milleiro-de-infraccions-a-maioria-asociadas-a-impactos-ambientais-ou-a-autorizacions-ilegais-and\\\/\",\"name\":\"O Observatorio Ib\u00e9rico da Miner\u00eda, do que forma parte Ecoloxistas en Acci\u00f3n, documentou m\u00e1is de medio milleiro de infracci\u00f3ns, a maior\u00eda asociadas a impactos ambientais ou a autorizaci\u00f3ns ilegais. Andaluc\u00eda e Galicia son os territorios con m\u00e1is casos, con 24 e 21 respectivamente -\",\"isPartOf\":{\"@id\":\"https:\\\/\\\/www.anovapeneira.gal\\\/#website\"},\"primaryImageOfPage\":{\"@id\":\"https:\\\/\\\/www.anovapeneira.gal\\\/index.php\\\/2023\\\/10\\\/19\\\/o-observatorio-iberico-da-mineria-do-que-forma-parte-ecoloxistas-en-accion-documentou-mais-de-medio-milleiro-de-infraccions-a-maioria-asociadas-a-impactos-ambientais-ou-a-autorizacions-ilegais-and\\\/#primaryimage\"},\"image\":{\"@id\":\"https:\\\/\\\/www.anovapeneira.gal\\\/index.php\\\/2023\\\/10\\\/19\\\/o-observatorio-iberico-da-mineria-do-que-forma-parte-ecoloxistas-en-accion-documentou-mais-de-medio-milleiro-de-infraccions-a-maioria-asociadas-a-impactos-ambientais-ou-a-autorizacions-ilegais-and\\\/#primaryimage\"},\"thumbnailUrl\":\"https:\\\/\\\/www.anovapeneira.gal\\\/wp-content\\\/uploads\\\/2023\\\/10\\\/mineria_iberica.png\",\"datePublished\":\"2023-10-19T10:00:30+00:00\",\"description\":\"Estes casos detallaranse no I Encontro Ib\u00e9rico sobre os impactos sociais e ambientais da miner\u00eda, que se celebrar\u00e1 do 12 ao 15 de outubro, organizado por Ecoloxistas en Acci\u00f3n e o Observatorio Ib\u00e9rico da Miner\u00eda\",\"breadcrumb\":{\"@id\":\"https:\\\/\\\/www.anovapeneira.gal\\\/index.php\\\/2023\\\/10\\\/19\\\/o-observatorio-iberico-da-mineria-do-que-forma-parte-ecoloxistas-en-accion-documentou-mais-de-medio-milleiro-de-infraccions-a-maioria-asociadas-a-impactos-ambientais-ou-a-autorizacions-ilegais-and\\\/#breadcrumb\"},\"inLanguage\":\"gl-ES\",\"potentialAction\":[{\"@type\":\"ReadAction\",\"target\":[\"https:\\\/\\\/www.anovapeneira.gal\\\/index.php\\\/2023\\\/10\\\/19\\\/o-observatorio-iberico-da-mineria-do-que-forma-parte-ecoloxistas-en-accion-documentou-mais-de-medio-milleiro-de-infraccions-a-maioria-asociadas-a-impactos-ambientais-ou-a-autorizacions-ilegais-and\\\/\"]}]},{\"@type\":\"ImageObject\",\"inLanguage\":\"gl-ES\",\"@id\":\"https:\\\/\\\/www.anovapeneira.gal\\\/index.php\\\/2023\\\/10\\\/19\\\/o-observatorio-iberico-da-mineria-do-que-forma-parte-ecoloxistas-en-accion-documentou-mais-de-medio-milleiro-de-infraccions-a-maioria-asociadas-a-impactos-ambientais-ou-a-autorizacions-ilegais-and\\\/#primaryimage\",\"url\":\"https:\\\/\\\/www.anovapeneira.gal\\\/wp-content\\\/uploads\\\/2023\\\/10\\\/mineria_iberica.png\",\"contentUrl\":\"https:\\\/\\\/www.anovapeneira.gal\\\/wp-content\\\/uploads\\\/2023\\\/10\\\/mineria_iberica.png\",\"width\":720,\"height\":432,\"caption\":\"Observatorio Ib\u00e9rico da Miner\u00eda\"},{\"@type\":\"BreadcrumbList\",\"@id\":\"https:\\\/\\\/www.anovapeneira.gal\\\/index.php\\\/2023\\\/10\\\/19\\\/o-observatorio-iberico-da-mineria-do-que-forma-parte-ecoloxistas-en-accion-documentou-mais-de-medio-milleiro-de-infraccions-a-maioria-asociadas-a-impactos-ambientais-ou-a-autorizacions-ilegais-and\\\/#breadcrumb\",\"itemListElement\":[{\"@type\":\"ListItem\",\"position\":1,\"name\":\"Portada\",\"item\":\"https:\\\/\\\/www.anovapeneira.gal\\\/\"},{\"@type\":\"ListItem\",\"position\":2,\"name\":\"O Observatorio Ib\u00e9rico da Miner\u00eda, do que forma parte Ecoloxistas en Acci\u00f3n, documentou m\u00e1is de medio milleiro de infracci\u00f3ns, a maior\u00eda asociadas a impactos ambientais ou a autorizaci\u00f3ns ilegais. Andaluc\u00eda e Galicia son os territorios con m\u00e1is casos, con 24 e 21 respectivamente\"}]},{\"@type\":\"WebSite\",\"@id\":\"https:\\\/\\\/www.anovapeneira.gal\\\/#website\",\"url\":\"https:\\\/\\\/www.anovapeneira.gal\\\/\",\"name\":\"\",\"description\":\"Xornal galego de informaci\u00f3n xeral Publicaci\u00f3n mensual de novas de Galicia e en especial dos Concellos da sur da provincia de Pontevedra.\",\"publisher\":{\"@id\":\"https:\\\/\\\/www.anovapeneira.gal\\\/#organization\"},\"potentialAction\":[{\"@type\":\"SearchAction\",\"target\":{\"@type\":\"EntryPoint\",\"urlTemplate\":\"https:\\\/\\\/www.anovapeneira.gal\\\/?s={search_term_string}\"},\"query-input\":{\"@type\":\"PropertyValueSpecification\",\"valueRequired\":true,\"valueName\":\"search_term_string\"}}],\"inLanguage\":\"gl-ES\"},{\"@type\":\"Organization\",\"@id\":\"https:\\\/\\\/www.anovapeneira.gal\\\/#organization\",\"name\":\"A Nova Peneira\",\"url\":\"https:\\\/\\\/www.anovapeneira.gal\\\/\",\"logo\":{\"@type\":\"ImageObject\",\"inLanguage\":\"gl-ES\",\"@id\":\"https:\\\/\\\/www.anovapeneira.gal\\\/#\\\/schema\\\/logo\\\/image\\\/\",\"url\":\"http:\\\/\\\/www.anovapeneira.gal\\\/wp-content\\\/uploads\\\/2019\\\/06\\\/logo_a_nova_peneira_portal_web.png\",\"contentUrl\":\"http:\\\/\\\/www.anovapeneira.gal\\\/wp-content\\\/uploads\\\/2019\\\/06\\\/logo_a_nova_peneira_portal_web.png\",\"width\":300,\"height\":100,\"caption\":\"A Nova Peneira\"},\"image\":{\"@id\":\"https:\\\/\\\/www.anovapeneira.gal\\\/#\\\/schema\\\/logo\\\/image\\\/\"},\"sameAs\":[\"https:\\\/\\\/www.facebook.com\\\/anovapeneira\",\"https:\\\/\\\/x.com\\\/APeneira\"]},{\"@type\":\"Person\",\"@id\":\"https:\\\/\\\/www.anovapeneira.gal\\\/#\\\/schema\\\/person\\\/b93e3f8932e3f8da96334607eb6ac6aa\",\"name\":\"Redacci\u00f3n A Nova Peneira\",\"image\":{\"@type\":\"ImageObject\",\"inLanguage\":\"gl-ES\",\"@id\":\"https:\\\/\\\/secure.gravatar.com\\\/avatar\\\/c052a2551a06e23fac63626232eaa90abd78dbcf1700fc46a2b2c89fd27b735f?s=96&d=mm&r=g\",\"url\":\"https:\\\/\\\/secure.gravatar.com\\\/avatar\\\/c052a2551a06e23fac63626232eaa90abd78dbcf1700fc46a2b2c89fd27b735f?s=96&d=mm&r=g\",\"contentUrl\":\"https:\\\/\\\/secure.gravatar.com\\\/avatar\\\/c052a2551a06e23fac63626232eaa90abd78dbcf1700fc46a2b2c89fd27b735f?s=96&d=mm&r=g\",\"caption\":\"Redacci\u00f3n A Nova Peneira\"},\"sameAs\":[\"http:\\\/\\\/www.anovapeneira.gal\\\/\"],\"url\":\"https:\\\/\\\/www.anovapeneira.gal\\\/index.php\\\/author\\\/redactor\\\/\"}]}<\/script>\n<!-- \/ Yoast SEO plugin. -->","yoast_head_json":{"title":"O Observatorio Ib\u00e9rico da Miner\u00eda, do que forma parte Ecoloxistas en Acci\u00f3n, documentou m\u00e1is de medio milleiro de infracci\u00f3ns, a maior\u00eda asociadas a impactos ambientais ou a autorizaci\u00f3ns ilegais. Andaluc\u00eda e Galicia son os territorios con m\u00e1is casos, con 24 e 21 respectivamente -","description":"Estes casos detallaranse no I Encontro Ib\u00e9rico sobre os impactos sociais e ambientais da miner\u00eda, que se celebrar\u00e1 do 12 ao 15 de outubro, organizado por Ecoloxistas en Acci\u00f3n e o Observatorio Ib\u00e9rico da Miner\u00eda","robots":{"index":"index","follow":"follow","max-snippet":"max-snippet:-1","max-image-preview":"max-image-preview:large","max-video-preview":"max-video-preview:-1"},"canonical":"https:\/\/www.anovapeneira.gal\/index.php\/2023\/10\/19\/o-observatorio-iberico-da-mineria-do-que-forma-parte-ecoloxistas-en-accion-documentou-mais-de-medio-milleiro-de-infraccions-a-maioria-asociadas-a-impactos-ambientais-ou-a-autorizacions-ilegais-and\/","og_locale":"gl_ES","og_type":"article","og_title":"O Observatorio Ib\u00e9rico da Miner\u00eda, do que forma parte Ecoloxistas en Acci\u00f3n, documentou m\u00e1is de medio milleiro de infracci\u00f3ns, a maior\u00eda asociadas a impactos ambientais ou a autorizaci\u00f3ns ilegais. Andaluc\u00eda e Galicia son os territorios con m\u00e1is casos, con 24 e 21 respectivamente -","og_description":"Estes casos detallaranse no I Encontro Ib\u00e9rico sobre os impactos sociais e ambientais da miner\u00eda, que se celebrar\u00e1 do 12 ao 15 de outubro, organizado por Ecoloxistas en Acci\u00f3n e o Observatorio Ib\u00e9rico da Miner\u00eda","og_url":"https:\/\/www.anovapeneira.gal\/index.php\/2023\/10\/19\/o-observatorio-iberico-da-mineria-do-que-forma-parte-ecoloxistas-en-accion-documentou-mais-de-medio-milleiro-de-infraccions-a-maioria-asociadas-a-impactos-ambientais-ou-a-autorizacions-ilegais-and\/","article_publisher":"https:\/\/www.facebook.com\/anovapeneira","article_published_time":"2023-10-19T10:00:30+00:00","og_image":[{"width":720,"height":432,"url":"https:\/\/www.anovapeneira.gal\/wp-content\/uploads\/2023\/10\/mineria_iberica.png","type":"image\/png"}],"author":"Redacci\u00f3n A Nova Peneira","twitter_card":"summary_large_image","twitter_creator":"@APeneira","twitter_site":"@APeneira","twitter_misc":{"Escrito por":"Redacci\u00f3n A Nova Peneira","Tempo de lectura":"4 minutos"},"schema":{"@context":"https:\/\/schema.org","@graph":[{"@type":"Article","@id":"https:\/\/www.anovapeneira.gal\/index.php\/2023\/10\/19\/o-observatorio-iberico-da-mineria-do-que-forma-parte-ecoloxistas-en-accion-documentou-mais-de-medio-milleiro-de-infraccions-a-maioria-asociadas-a-impactos-ambientais-ou-a-autorizacions-ilegais-and\/#article","isPartOf":{"@id":"https:\/\/www.anovapeneira.gal\/index.php\/2023\/10\/19\/o-observatorio-iberico-da-mineria-do-que-forma-parte-ecoloxistas-en-accion-documentou-mais-de-medio-milleiro-de-infraccions-a-maioria-asociadas-a-impactos-ambientais-ou-a-autorizacions-ilegais-and\/"},"author":{"name":"Redacci\u00f3n A Nova Peneira","@id":"https:\/\/www.anovapeneira.gal\/#\/schema\/person\/b93e3f8932e3f8da96334607eb6ac6aa"},"headline":"O Observatorio Ib\u00e9rico da Miner\u00eda, do que forma parte Ecoloxistas en Acci\u00f3n, documentou m\u00e1is de medio milleiro de infracci\u00f3ns, a maior\u00eda asociadas a impactos ambientais ou a autorizaci\u00f3ns ilegais. Andaluc\u00eda e Galicia son os territorios con m\u00e1is casos, con 24 e 21 respectivamente","datePublished":"2023-10-19T10:00:30+00:00","mainEntityOfPage":{"@id":"https:\/\/www.anovapeneira.gal\/index.php\/2023\/10\/19\/o-observatorio-iberico-da-mineria-do-que-forma-parte-ecoloxistas-en-accion-documentou-mais-de-medio-milleiro-de-infraccions-a-maioria-asociadas-a-impactos-ambientais-ou-a-autorizacions-ilegais-and\/"},"wordCount":682,"commentCount":0,"publisher":{"@id":"https:\/\/www.anovapeneira.gal\/#organization"},"image":{"@id":"https:\/\/www.anovapeneira.gal\/index.php\/2023\/10\/19\/o-observatorio-iberico-da-mineria-do-que-forma-parte-ecoloxistas-en-accion-documentou-mais-de-medio-milleiro-de-infraccions-a-maioria-asociadas-a-impactos-ambientais-ou-a-autorizacions-ilegais-and\/#primaryimage"},"thumbnailUrl":"https:\/\/www.anovapeneira.gal\/wp-content\/uploads\/2023\/10\/mineria_iberica.png","keywords":["Ecoloxistas en Acci\u00f3n"],"articleSection":["Novas"],"inLanguage":"gl-ES","potentialAction":[{"@type":"CommentAction","name":"Comment","target":["https:\/\/www.anovapeneira.gal\/index.php\/2023\/10\/19\/o-observatorio-iberico-da-mineria-do-que-forma-parte-ecoloxistas-en-accion-documentou-mais-de-medio-milleiro-de-infraccions-a-maioria-asociadas-a-impactos-ambientais-ou-a-autorizacions-ilegais-and\/#respond"]}]},{"@type":"WebPage","@id":"https:\/\/www.anovapeneira.gal\/index.php\/2023\/10\/19\/o-observatorio-iberico-da-mineria-do-que-forma-parte-ecoloxistas-en-accion-documentou-mais-de-medio-milleiro-de-infraccions-a-maioria-asociadas-a-impactos-ambientais-ou-a-autorizacions-ilegais-and\/","url":"https:\/\/www.anovapeneira.gal\/index.php\/2023\/10\/19\/o-observatorio-iberico-da-mineria-do-que-forma-parte-ecoloxistas-en-accion-documentou-mais-de-medio-milleiro-de-infraccions-a-maioria-asociadas-a-impactos-ambientais-ou-a-autorizacions-ilegais-and\/","name":"O Observatorio Ib\u00e9rico da Miner\u00eda, do que forma parte Ecoloxistas en Acci\u00f3n, documentou m\u00e1is de medio milleiro de infracci\u00f3ns, a maior\u00eda asociadas a impactos ambientais ou a autorizaci\u00f3ns ilegais. Andaluc\u00eda e Galicia son os territorios con m\u00e1is casos, con 24 e 21 respectivamente -","isPartOf":{"@id":"https:\/\/www.anovapeneira.gal\/#website"},"primaryImageOfPage":{"@id":"https:\/\/www.anovapeneira.gal\/index.php\/2023\/10\/19\/o-observatorio-iberico-da-mineria-do-que-forma-parte-ecoloxistas-en-accion-documentou-mais-de-medio-milleiro-de-infraccions-a-maioria-asociadas-a-impactos-ambientais-ou-a-autorizacions-ilegais-and\/#primaryimage"},"image":{"@id":"https:\/\/www.anovapeneira.gal\/index.php\/2023\/10\/19\/o-observatorio-iberico-da-mineria-do-que-forma-parte-ecoloxistas-en-accion-documentou-mais-de-medio-milleiro-de-infraccions-a-maioria-asociadas-a-impactos-ambientais-ou-a-autorizacions-ilegais-and\/#primaryimage"},"thumbnailUrl":"https:\/\/www.anovapeneira.gal\/wp-content\/uploads\/2023\/10\/mineria_iberica.png","datePublished":"2023-10-19T10:00:30+00:00","description":"Estes casos detallaranse no I Encontro Ib\u00e9rico sobre os impactos sociais e ambientais da miner\u00eda, que se celebrar\u00e1 do 12 ao 15 de outubro, organizado por Ecoloxistas en Acci\u00f3n e o Observatorio Ib\u00e9rico da Miner\u00eda","breadcrumb":{"@id":"https:\/\/www.anovapeneira.gal\/index.php\/2023\/10\/19\/o-observatorio-iberico-da-mineria-do-que-forma-parte-ecoloxistas-en-accion-documentou-mais-de-medio-milleiro-de-infraccions-a-maioria-asociadas-a-impactos-ambientais-ou-a-autorizacions-ilegais-and\/#breadcrumb"},"inLanguage":"gl-ES","potentialAction":[{"@type":"ReadAction","target":["https:\/\/www.anovapeneira.gal\/index.php\/2023\/10\/19\/o-observatorio-iberico-da-mineria-do-que-forma-parte-ecoloxistas-en-accion-documentou-mais-de-medio-milleiro-de-infraccions-a-maioria-asociadas-a-impactos-ambientais-ou-a-autorizacions-ilegais-and\/"]}]},{"@type":"ImageObject","inLanguage":"gl-ES","@id":"https:\/\/www.anovapeneira.gal\/index.php\/2023\/10\/19\/o-observatorio-iberico-da-mineria-do-que-forma-parte-ecoloxistas-en-accion-documentou-mais-de-medio-milleiro-de-infraccions-a-maioria-asociadas-a-impactos-ambientais-ou-a-autorizacions-ilegais-and\/#primaryimage","url":"https:\/\/www.anovapeneira.gal\/wp-content\/uploads\/2023\/10\/mineria_iberica.png","contentUrl":"https:\/\/www.anovapeneira.gal\/wp-content\/uploads\/2023\/10\/mineria_iberica.png","width":720,"height":432,"caption":"Observatorio Ib\u00e9rico da Miner\u00eda"},{"@type":"BreadcrumbList","@id":"https:\/\/www.anovapeneira.gal\/index.php\/2023\/10\/19\/o-observatorio-iberico-da-mineria-do-que-forma-parte-ecoloxistas-en-accion-documentou-mais-de-medio-milleiro-de-infraccions-a-maioria-asociadas-a-impactos-ambientais-ou-a-autorizacions-ilegais-and\/#breadcrumb","itemListElement":[{"@type":"ListItem","position":1,"name":"Portada","item":"https:\/\/www.anovapeneira.gal\/"},{"@type":"ListItem","position":2,"name":"O Observatorio Ib\u00e9rico da Miner\u00eda, do que forma parte Ecoloxistas en Acci\u00f3n, documentou m\u00e1is de medio milleiro de infracci\u00f3ns, a maior\u00eda asociadas a impactos ambientais ou a autorizaci\u00f3ns ilegais. Andaluc\u00eda e Galicia son os territorios con m\u00e1is casos, con 24 e 21 respectivamente"}]},{"@type":"WebSite","@id":"https:\/\/www.anovapeneira.gal\/#website","url":"https:\/\/www.anovapeneira.gal\/","name":"","description":"Xornal galego de informaci\u00f3n xeral Publicaci\u00f3n mensual de novas de Galicia e en especial dos Concellos da sur da provincia de Pontevedra.","publisher":{"@id":"https:\/\/www.anovapeneira.gal\/#organization"},"potentialAction":[{"@type":"SearchAction","target":{"@type":"EntryPoint","urlTemplate":"https:\/\/www.anovapeneira.gal\/?s={search_term_string}"},"query-input":{"@type":"PropertyValueSpecification","valueRequired":true,"valueName":"search_term_string"}}],"inLanguage":"gl-ES"},{"@type":"Organization","@id":"https:\/\/www.anovapeneira.gal\/#organization","name":"A Nova Peneira","url":"https:\/\/www.anovapeneira.gal\/","logo":{"@type":"ImageObject","inLanguage":"gl-ES","@id":"https:\/\/www.anovapeneira.gal\/#\/schema\/logo\/image\/","url":"http:\/\/www.anovapeneira.gal\/wp-content\/uploads\/2019\/06\/logo_a_nova_peneira_portal_web.png","contentUrl":"http:\/\/www.anovapeneira.gal\/wp-content\/uploads\/2019\/06\/logo_a_nova_peneira_portal_web.png","width":300,"height":100,"caption":"A Nova Peneira"},"image":{"@id":"https:\/\/www.anovapeneira.gal\/#\/schema\/logo\/image\/"},"sameAs":["https:\/\/www.facebook.com\/anovapeneira","https:\/\/x.com\/APeneira"]},{"@type":"Person","@id":"https:\/\/www.anovapeneira.gal\/#\/schema\/person\/b93e3f8932e3f8da96334607eb6ac6aa","name":"Redacci\u00f3n A Nova Peneira","image":{"@type":"ImageObject","inLanguage":"gl-ES","@id":"https:\/\/secure.gravatar.com\/avatar\/c052a2551a06e23fac63626232eaa90abd78dbcf1700fc46a2b2c89fd27b735f?s=96&d=mm&r=g","url":"https:\/\/secure.gravatar.com\/avatar\/c052a2551a06e23fac63626232eaa90abd78dbcf1700fc46a2b2c89fd27b735f?s=96&d=mm&r=g","contentUrl":"https:\/\/secure.gravatar.com\/avatar\/c052a2551a06e23fac63626232eaa90abd78dbcf1700fc46a2b2c89fd27b735f?s=96&d=mm&r=g","caption":"Redacci\u00f3n A Nova Peneira"},"sameAs":["http:\/\/www.anovapeneira.gal\/"],"url":"https:\/\/www.anovapeneira.gal\/index.php\/author\/redactor\/"}]}},"jetpack_featured_media_url":"https:\/\/www.anovapeneira.gal\/wp-content\/uploads\/2023\/10\/mineria_iberica.png","_links":{"self":[{"href":"https:\/\/www.anovapeneira.gal\/index.php\/wp-json\/wp\/v2\/posts\/10626","targetHints":{"allow":["GET"]}}],"collection":[{"href":"https:\/\/www.anovapeneira.gal\/index.php\/wp-json\/wp\/v2\/posts"}],"about":[{"href":"https:\/\/www.anovapeneira.gal\/index.php\/wp-json\/wp\/v2\/types\/post"}],"author":[{"embeddable":true,"href":"https:\/\/www.anovapeneira.gal\/index.php\/wp-json\/wp\/v2\/users\/3"}],"replies":[{"embeddable":true,"href":"https:\/\/www.anovapeneira.gal\/index.php\/wp-json\/wp\/v2\/comments?post=10626"}],"version-history":[{"count":2,"href":"https:\/\/www.anovapeneira.gal\/index.php\/wp-json\/wp\/v2\/posts\/10626\/revisions"}],"predecessor-version":[{"id":10629,"href":"https:\/\/www.anovapeneira.gal\/index.php\/wp-json\/wp\/v2\/posts\/10626\/revisions\/10629"}],"wp:featuredmedia":[{"embeddable":true,"href":"https:\/\/www.anovapeneira.gal\/index.php\/wp-json\/wp\/v2\/media\/10628"}],"wp:attachment":[{"href":"https:\/\/www.anovapeneira.gal\/index.php\/wp-json\/wp\/v2\/media?parent=10626"}],"wp:term":[{"taxonomy":"category","embeddable":true,"href":"https:\/\/www.anovapeneira.gal\/index.php\/wp-json\/wp\/v2\/categories?post=10626"},{"taxonomy":"post_tag","embeddable":true,"href":"https:\/\/www.anovapeneira.gal\/index.php\/wp-json\/wp\/v2\/tags?post=10626"}],"curies":[{"name":"wp","href":"https:\/\/api.w.org\/{rel}","templated":true}]}}