{"id":10631,"date":"2023-10-20T10:00:43","date_gmt":"2023-10-20T08:00:43","guid":{"rendered":"https:\/\/www.anovapeneira.gal\/?p=10631"},"modified":"2023-10-16T11:04:24","modified_gmt":"2023-10-16T09:04:24","slug":"javier-bas-ex-alcalde-de-redondela","status":"publish","type":"post","link":"https:\/\/www.anovapeneira.gal\/index.php\/2023\/10\/20\/javier-bas-ex-alcalde-de-redondela\/","title":{"rendered":"Javier Bas ex alcalde de Redondela"},"content":{"rendered":"\n<pre class=\"wp-block-verse\"><strong>Marcos Santos e Tino Lago.<\/strong><\/pre>\n\n\n\n<p><strong>Repasamos xunto ao ex alcalde de Redondela , actual xefe da oposici\u00f3n do concello e asesor da DEPO, Javier Bas a actualidade pol\u00edtica do concello e todo o que atinxe \u00e1s s\u00faas novas responsabilidades na deputaci\u00f3n de Pontevedra. Javier \u00e9 un tipo que defende as s\u00faas convicci\u00f3ns con vehemencia , ideas moi lonxe das mi\u00f1as, pero def\u00e9ndeas de maneira respectuosa e cordial e de novo foi un pracer conversar con el. Vela\u00ed vai o que deu de si a nosa conversa.<\/strong><\/p>\n\n\n\n<p>\u201c <strong>Nos primeiros 100 d\u00edas o goberno dedicouse s\u00f3 a fixar os seus soldos, e deixou de lado os problemas de Redondela\u201d<\/strong><\/p>\n\n\n\n<p><strong>Ex alcalde de Redondela ex deputado nas cortes do estado, xefe da oposici\u00f3n de Redondela, asesor do presidente da DEPO. Non sei se te sentir\u00e1s un pouco como o \u201c floreiro chin\u00e9s\u201d que dic\u00eda Felipe Gonz\u00e1lez?<\/strong><\/p>\n\n\n\n<blockquote class=\"wp-block-quote is-layout-flow wp-block-quote-is-layout-flow\">\n<p>Non \u00e9 necesario entrar no terreo dos sentimentos, abonda cunha valoraci\u00f3n obxectiva da realidade para constatar que a mi\u00f1a actividade pol\u00edtica en todos os eidos \u00e9 moi intensa. Polo tanto o de floreiro chin\u00e9s de momento nada, pero nada de nada. Todo o contrario, son un orgulloso servidor p\u00fablico que traballa con intensidade e que procura , con acertos e erros, contribu\u00edr ao ben com\u00fan.<\/p>\n<\/blockquote>\n\n\n\n<p><strong>Concreta un pouco ese traballo intenso que dis realizar no eido de xefe da oposici\u00f3n do concello de Redondela?<\/strong><\/p>\n\n\n\n<blockquote class=\"wp-block-quote is-layout-flow wp-block-quote-is-layout-flow\">\n<p>Somos un equipo de 10 persoas, que te\u00f1o a honra de dirixir, e que estamos traballando arreo visitando as distintas parroquias de Redondela, atendendo aos veci\u00f1os, tratando de identificar os seus problemas e necesidades. E levar todo iso a pleno para por suposto tratar de ser eficaces e contribu\u00edr a solucionalas. O PP de Redondela fai un intenso traballo a p\u00e9 de r\u00faa, estamos a car\u00f3n da xente e procuramos facer efectiva a funci\u00f3n real da pol\u00edtica: contribu\u00edr a mellorar a vida dos demais.<\/p>\n<\/blockquote>\n\n\n\n<p><strong>Por que non repetiches nas listas como candidato a deputado nas elecci\u00f3ns estatais?<\/strong><\/p>\n\n\n\n<blockquote class=\"wp-block-quote is-layout-flow wp-block-quote-is-layout-flow\">\n<p>Ben eu , tal como me comprometera, ti\u00f1a decidido quedarme en Redondela, xa fora como alcalde xa fora como xefe da oposici\u00f3n. E, como ves, cumpr\u00edn o meu compromiso. Podelo cumprir de maneira efectiva e \u00fatil estando en Madrid ser\u00eda moi dif\u00edcil. Aproveito a pregunta para destacar que a experiencia de deputado nacional foi magn\u00edfica. Foi unha honra poder ter servido aos meus veci\u00f1os desde o Congreso de Espa\u00f1a.<\/p>\n<\/blockquote>\n\n\n\n<p><strong>O teu posto na deputaci\u00f3n d\u00e9roncho por non terche metido nas listas ao congreso?<\/strong><\/p>\n\n\n\n<blockquote class=\"wp-block-quote is-layout-flow wp-block-quote-is-layout-flow\">\n<p>Non, para nada. Rotundamente non. O da DEPO xurdiu m\u00e1is adiante.<\/p>\n<\/blockquote>\n\n\n\n<p><strong>Ti , igual ca min, non es un rapaz pero a\u00ednda non toca a xubilaci\u00f3n e precisas un traballo para poder vivir. No momento que constatas que non vas ser alcalde supo\u00f1o que ter\u00edas un plan para poder seguir ga\u00f1ando a vida?<\/strong><\/p>\n\n\n\n<blockquote class=\"wp-block-quote is-layout-flow wp-block-quote-is-layout-flow\">\n<p>Si, eu \u00eda volver ao banco. Esa era a mi\u00f1a intenci\u00f3n inicial. Eu xa ti\u00f1a a posibilidade de compatibilizar o meu posto de xefe da oposici\u00f3n co meu traballo no banco.<\/p>\n<\/blockquote>\n\n\n\n<p><strong>Hai catro anos non ti\u00f1as esa opci\u00f3n?<\/strong><\/p>\n\n\n\n<blockquote class=\"wp-block-quote is-layout-flow wp-block-quote-is-layout-flow\">\n<p>Non, hai catro anos non.<\/p>\n<\/blockquote>\n\n\n\n<p><strong>E que cambiou, por que hai catro anos non e agora si?<\/strong><\/p>\n\n\n\n<blockquote class=\"wp-block-quote is-layout-flow wp-block-quote-is-layout-flow\">\n<p>Son cuesti\u00f3ns persoais.<\/p>\n<\/blockquote>\n\n\n\n<p><strong>Na anterior Peneira o responsable do BNG de Redondela dic\u00eda que ti volviches de Madrid convertido nun \u201chooligan\u201d.Que tes que dicir ao respecto?<\/strong><\/p>\n\n\n\n<blockquote class=\"wp-block-quote is-layout-flow wp-block-quote-is-layout-flow\">\n<p>Esa \u00e9 unha apreciaci\u00f3n do se\u00f1or Gonz\u00e1lez que en absoluto responde \u00e1 realidade. Simplemente non \u00e9 verdade. O l\u00edder do BNG \u00e9 o \u00fanico responsable que est\u00e1 no pleno que non ten experiencia de goberno. E a\u00ednda por riba perm\u00edtese impartir maxisterio do que hai que facer. Pois que o faga\u00a1\u00a1\u00a1 Que se meta no goberno , como lle convidan, e que goberne. Pero non o fai, e por que non o fai?, porque non \u00e9 capaz, e non \u00e9 capaz porque ten medo a gobernar co que se converte nunha forza irrelevante na pol\u00edtica municipal.<\/p>\n<\/blockquote>\n\n\n\n<p><strong>No que respecta \u00e1s retribuci\u00f3ns econ\u00f3micas do goberno votastes en contra. Por que?<\/strong><\/p>\n\n\n\n<blockquote class=\"wp-block-quote is-layout-flow wp-block-quote-is-layout-flow\">\n<p>Fundamentalmente pola perda da calidade democr\u00e1tica que sofre o concello de Redondela. Nun tema como ese \u00e9 necesario escoitar a opini\u00f3n de todos os grupos .N\u00f3s pedimos reunirnos coa alcaldesa para trasladar a nosa visi\u00f3n sobre este tema e a alcaldesa pechounos a porta.<\/p>\n<\/blockquote>\n\n\n\n<p><strong>A alcald\u00eda non aceptou reunirse co grupo do PP?<\/strong><\/p>\n\n\n\n<blockquote class=\"wp-block-quote is-layout-flow wp-block-quote-is-layout-flow\">\n<p>Iso \u00e9 literalmente as\u00ed. A perda de calidade democr\u00e1tica obr\u00edganos a votar en contra, pero non s\u00f3 iso. O concelleiro de AER, o se\u00f1or Villar, di que o que acordaran co BNG era un acordo inmoral. E como imos a votar a favor de algo que eles mesmos describen como inmoral\u00a1\u00a1<\/p>\n<\/blockquote>\n\n\n\n<p><strong>Esa suposta inmoralidade a que se refire en concreto?<\/strong><\/p>\n\n\n\n<blockquote class=\"wp-block-quote is-layout-flow wp-block-quote-is-layout-flow\">\n<p>Ao liberado que pediu o BNG. Quixera dicir ao respecto disto que o se\u00f1or Villar, xunto con varios membros de AER, dixera meses antes no voso medio de comunicaci\u00f3n que non \u00edan apoiar nin a Digna Rivas nin a Javier Bas. E obviamente o que fixeron non se correspondeu co que dixeron. Non cumprir a palabra dada si que \u00e9 unha inmoralidade. E ben, apoiar co teu voto o que ti mesmo consideras unha inmoralidade pois s\u00f3 ten un nome que o describa: Inmoralidade.<\/p>\n<\/blockquote>\n\n\n\n<p><strong>En que situaci\u00f3n est\u00e1 o asunto do liberado do BNG?<\/strong><\/p>\n\n\n\n<blockquote class=\"wp-block-quote is-layout-flow wp-block-quote-is-layout-flow\">\n<p>N\u00f3s interpuxemos un recurso administrativo que nos desestimaron e estamos a valorar se utilizar a v\u00eda xudicial ou non.<\/p>\n<\/blockquote>\n\n\n\n<p><strong>E cal \u00e9 o problema en que o BNG te\u00f1a un liberado?<\/strong><\/p>\n\n\n\n<blockquote class=\"wp-block-quote is-layout-flow wp-block-quote-is-layout-flow\">\n<p>Pois que un grupo de oposici\u00f3n, con 3 actas, te\u00f1a un liberado, e outro con 10 non, \u00e9 unha flagrante inxustiza. Por outra parte segundo te\u00f1o entendido vanlle dar un espazo f\u00edsico no concello, algo do que o noso grupo carece. E n\u00f3s temos que ter un sitio onde realizar o noso traballo pol\u00edtico.<\/p>\n<\/blockquote>\n\n\n\n<p><strong>Pero por que non tedes ese sitio, ser\u00e1 porque o concello carece de espazo suficiente?<\/strong><\/p>\n\n\n\n<blockquote class=\"wp-block-quote is-layout-flow wp-block-quote-is-layout-flow\">\n<p>Agora, neste momento, polas obras podo reco\u00f1ecer que \u00e9 as\u00ed. Pero os catro anos pasados non. N\u00f3s cando gobernamos habilitamos un espazo para que cada grupo pol\u00edtico puidera reunirse e traballar.<\/p>\n<\/blockquote>\n\n\n\n<p><strong>Faime unha valoraci\u00f3n global dos primeiros 100 d\u00edas do goberno?<\/strong><\/p>\n\n\n\n<blockquote class=\"wp-block-quote is-layout-flow wp-block-quote-is-layout-flow\">\n<p>Dedic\u00e1ronse unicamente a aprobar os seus salarios e os temas importantes de Redondela pasaron a un segundo plano. A valoraci\u00f3n \u00e9 moi mala. \u00c9 que xa non o PP , sen\u00f3n calquera observador obxectivo e imparcial como pode valorar que se perda unha subvenci\u00f3n para o pavill\u00f3n e outra subvenci\u00f3n para a praza de abastos??.Subvenci\u00f3ns que concellos de todo tipo de cores acadan e este non simplemente por falta de planificaci\u00f3n e proxecto para Redondela.<\/p>\n<\/blockquote>\n\n\n\n<blockquote class=\"wp-block-quote is-layout-flow wp-block-quote-is-layout-flow\">\n<p>Como pode valorar un observador obxectivo e imparcial que o se\u00f1or Villar, concelleiro de AER, no queira dar o seu n\u00famero de tel\u00e9fono porque lle causa estr\u00e9s?<\/p>\n<\/blockquote>\n\n\n\n<p><strong>Se iso \u00e9 as\u00ed, ser\u00e1 o seu n\u00famero de tel\u00e9fono particular supo\u00f1o<\/strong><\/p>\n\n\n\n<blockquote class=\"wp-block-quote is-layout-flow wp-block-quote-is-layout-flow\">\n<p>Non non. El cobra do concello e ten un tel\u00e9fono asignado do concello e non o quere facer p\u00fablico<\/p>\n<\/blockquote>\n\n\n\n<p><strong>A situaci\u00f3n do SAF como est\u00e1?<\/strong><\/p>\n\n\n\n<blockquote class=\"wp-block-quote is-layout-flow wp-block-quote-is-layout-flow\">\n<p>Neste tema , como en outros, Digna Rivas engana a toda a veci\u00f1anza. Ela dixera que a actual empresa concesionaria en setembro estar\u00eda f\u00f3ra. Estamos na metade de outubro e non s\u00f3 non est\u00e1n f\u00f3ra sen\u00f3n que te\u00f1en prorrogado o contrato porque non foron capaces de sacar o prego novo. N\u00f3s puxemos encima da mesa unha soluci\u00f3n<\/p>\n<\/blockquote>\n\n\n\n<p><strong>Dic\u00eda o responsable do BNG, na anterior Peneira, que \u201cesa proposta era irregular e as\u00ed volo fixeron saber os servizos xur\u00eddicos do Concello\u201d<\/strong><\/p>\n\n\n\n<blockquote class=\"wp-block-quote is-layout-flow wp-block-quote-is-layout-flow\">\n<p>Iso non \u00e9 verdade. O que se nos contestou era sobre un informe anterior que falaba sobre a subrogaci\u00f3n dos empregados non da soluci\u00f3n que propuxemos. A responsabilidade de que este asunto non estea ama\u00f1ado \u00e9 de Digna Rivas coa colaboraci\u00f3n de AER e do BNG.<\/p>\n<\/blockquote>\n\n\n\n<p><strong>Nas redes sociais vosas lai\u00e1devos de maneira recorrente da suposta falta<\/strong><\/p>\n\n\n\n<p><strong>de limpeza de Redondela. Est\u00e1 sucia Redondela?<\/strong><\/p>\n\n\n\n<blockquote class=\"wp-block-quote is-layout-flow wp-block-quote-is-layout-flow\">\n<p>\u00c9 evidente que si. Redondela est\u00e1 moi sucia. As parroquias est\u00e1n abandonadas e moitas zonas sen rozar. Redondela est\u00e1 sucia e abandonada e isto non xorde por casualidade. Nace da falta de planificaci\u00f3n deste goberno, que traballa a salto de mata.<\/p>\n<\/blockquote>\n\n\n\n<p><strong>En relaci\u00f3n a un problema importante de Redondela, o transporte escolar, cal \u00e9 a posici\u00f3n do PP?<\/strong><\/p>\n\n\n\n<blockquote class=\"wp-block-quote is-layout-flow wp-block-quote-is-layout-flow\">\n<p>Eu estiven na concentraci\u00f3n. Eu entendo a formulaci\u00f3n das ANPAS. Pero considero que o que n\u00f3s formulamos solucionar\u00eda un problema que \u00e9 recorrente en Redondela. N\u00f3s consideramos un modelo semellante ao que se d\u00e1 en Pontevedra e en Nigr\u00e1n: Un transporte propio, municipal, inter parroquial conveniado coa Xunta de Galicia.<\/p>\n<\/blockquote>\n\n\n\n<p><strong>Sobre o contrato de Seragua?<\/strong><\/p>\n\n\n\n<blockquote class=\"wp-block-quote is-layout-flow wp-block-quote-is-layout-flow\">\n<p>Est\u00e1 vencido. E \u00e9 un exemplo m\u00e1is que notorio de como se xestiona este concello. N\u00f3s fixemos unha pregunta nun pleno sobre cales eran os contratos de servizos do Concello que estaban vencidos e os que \u00edan vencer neste ano. A resposta de Digna Rivas foi a seguinte, e perm\u00edteme por favor que cha ensine &#8211;<em><strong>efectivamente ens\u00ednama:<\/strong><\/em><em>\u201d Neste momento non dispo\u00f1emos dunha relaci\u00f3n completa que recolla os datos solicitados\u201d.Este \u00e9 o nivel que temos na alcald\u00eda de Redondela\u00a1\u00a1\u00a1\u00a1<\/em><\/p>\n<\/blockquote>\n\n\n\n<p><em><strong>Antes de rematar quero preguntarche sobre a deputaci\u00f3n. En concreto en que consiste o teu traballo?.<\/strong><\/em><\/p>\n\n\n\n<blockquote class=\"wp-block-quote is-layout-flow wp-block-quote-is-layout-flow\">\n<p><em>Atender aos alcaldes e alcaldesas que te\u00f1an alg\u00fan problema ou incidencia con alg\u00fan proxecto e darlle un enfoque interno para poder solucionalo. A partir das conversas e da informaci\u00f3n que me transmiten os alcaldes eu traslado ao presidente modelos que se poden mellorar no futuro.<\/em><\/p>\n<\/blockquote>\n\n\n\n<p><em><strong>Atendes por igual ao alcalde ou alcaldesa sexa do partido que sexa?<\/strong><\/em><\/p>\n\n\n\n<blockquote class=\"wp-block-quote is-layout-flow wp-block-quote-is-layout-flow\">\n<p><em>Radicalmente si. De feito d\u00edgoche que alg\u00fan e algunha que non son do PP en tan pouco tempo xa valoraron positivamente o meu traballo.<\/em><\/p>\n<\/blockquote>\n\n\n\n<p><em><strong>Est\u00e1s fisicamente en Pontevedra?<\/strong><\/em><\/p>\n\n\n\n<blockquote class=\"wp-block-quote is-layout-flow wp-block-quote-is-layout-flow\">\n<p><em>Si,te\u00f1o un despacho no edificio da Deputaci\u00f3n.<\/em><\/p>\n<\/blockquote>\n\n\n\n<p><em><strong>Falaches xa cos alcaldes de Vigo e de Pontevedra?<\/strong><\/em><\/p>\n\n\n\n<blockquote class=\"wp-block-quote is-layout-flow wp-block-quote-is-layout-flow\">\n<p><em>Non, eses dous pola dimensi\u00f3n tan importante que te\u00f1en son competencia directa do presidente.<\/em><\/p>\n<\/blockquote>\n\n\n\n<p><strong>Recentemente o alcalde de Pontevedra criticaba con dureza a Rafa Dom\u00ednguez no diario de Pontevedra, o vicepresidente 2\u00ba da DEPO e l\u00edder do PP local, por paralizar o proxecto da anterior DEPO para rehabilitar o convento de Santa Clara. Por que se anula este proxecto?<\/strong><\/p>\n\n\n\n<blockquote class=\"wp-block-quote is-layout-flow wp-block-quote-is-layout-flow\">\n<p>Desco\u00f1\u00e9zoo.<\/p>\n<\/blockquote>\n\n\n\n<p><strong>Coa alcaldesa de Redondela tes tratado para alg\u00fan tema que atinxa ao teu traballo na DEPO?<\/strong><\/p>\n\n\n\n<blockquote class=\"wp-block-quote is-layout-flow wp-block-quote-is-layout-flow\">\n<p>Non, pero por suposto estou ao seu dispor.<\/p>\n<\/blockquote>\n\n\n\n<p><strong>Sobre a distribuci\u00f3n de fondos aos distintos concellos a anterior deputaci\u00f3n ti\u00f1a un sistema baseado en tres criterios obxectivos: poboaci\u00f3n , extensi\u00f3n e dispersi\u00f3n. V\u00f3s ides mantelos ou ides recuperar o \u201c sistema Louz\u00e1n\u201d?<\/strong><\/p>\n\n\n\n<blockquote class=\"wp-block-quote is-layout-flow wp-block-quote-is-layout-flow\">\n<p>Nas mi\u00f1as competencias non est\u00e1 a distribuci\u00f3n de fondos. En calquera caso en breve o presidente da DEPO informar\u00e1 sobre ese tema que preguntas.<\/p>\n<\/blockquote>\n\n\n\n<p><strong>Rematamos Javier. Queres seguir aspirando \u00e1 alcald\u00eda de Redondela?<\/strong><\/p>\n\n\n\n<blockquote class=\"wp-block-quote is-layout-flow wp-block-quote-is-layout-flow\">\n<p>Por descontado que si. Quero volver a ser alcalde de Redondela e vou pelexar este mandato con todas as mi\u00f1as forzas para facelo realidade.<\/p>\n<\/blockquote>\n","protected":false},"excerpt":{"rendered":"<div class=\"mh-excerpt\"><p>Repasamos xunto ao ex alcalde de Redondela , actual xefe da oposici\u00f3n do concello e asesor da DEPO, Javier Bas a actualidade pol\u00edtica do concello e todo o que atinxe \u00e1s s\u00faas novas responsabilidades na deputaci\u00f3n de Pontevedra <a class=\"mh-excerpt-more\" href=\"https:\/\/www.anovapeneira.gal\/index.php\/2023\/10\/20\/javier-bas-ex-alcalde-de-redondela\/\" title=\"Javier Bas ex alcalde de Redondela\">[&#8230;]<\/a><\/p>\n<\/div>","protected":false},"author":6,"featured_media":10633,"comment_status":"open","ping_status":"open","sticky":false,"template":"","format":"standard","meta":{"_exactmetrics_skip_tracking":false,"_exactmetrics_sitenote_active":false,"_exactmetrics_sitenote_note":"","_exactmetrics_sitenote_category":0,"footnotes":""},"categories":[270],"tags":[171],"class_list":{"0":"post-10631","1":"post","2":"type-post","3":"status-publish","4":"format-standard","5":"has-post-thumbnail","7":"category-redondela-entrevistas","8":"tag-concello-de-redondela"},"yoast_head":"<!-- This site is optimized with the Yoast SEO plugin v27.4 - https:\/\/yoast.com\/product\/yoast-seo-wordpress\/ -->\n<title>Javier Bas ex alcalde de Redondela -<\/title>\n<meta name=\"description\" content=\"Repasamos xunto ao ex alcalde de Redondela , actual xefe da oposici\u00f3n do concello e asesor da DEPO, Javier Bas a actualidade pol\u00edtica do concello e todo o que atinxe \u00e1s s\u00faas novas responsabilidades na deputaci\u00f3n de Pontevedra\" \/>\n<meta name=\"robots\" content=\"index, follow, max-snippet:-1, max-image-preview:large, max-video-preview:-1\" \/>\n<link rel=\"canonical\" href=\"https:\/\/www.anovapeneira.gal\/index.php\/2023\/10\/20\/javier-bas-ex-alcalde-de-redondela\/\" \/>\n<meta property=\"og:locale\" content=\"gl_ES\" \/>\n<meta property=\"og:type\" content=\"article\" \/>\n<meta property=\"og:title\" content=\"Javier Bas ex alcalde de Redondela -\" \/>\n<meta property=\"og:description\" content=\"Repasamos xunto ao ex alcalde de Redondela , actual xefe da oposici\u00f3n do concello e asesor da DEPO, Javier Bas a actualidade pol\u00edtica do concello e todo o que atinxe \u00e1s s\u00faas novas responsabilidades na deputaci\u00f3n de Pontevedra\" \/>\n<meta property=\"og:url\" content=\"https:\/\/www.anovapeneira.gal\/index.php\/2023\/10\/20\/javier-bas-ex-alcalde-de-redondela\/\" \/>\n<meta property=\"article:publisher\" content=\"https:\/\/www.facebook.com\/anovapeneira\" \/>\n<meta property=\"article:published_time\" content=\"2023-10-20T08:00:43+00:00\" \/>\n<meta property=\"og:image\" content=\"https:\/\/www.anovapeneira.gal\/wp-content\/uploads\/2023\/10\/alcalde_redondela.jpg\" \/>\n\t<meta property=\"og:image:width\" content=\"720\" \/>\n\t<meta property=\"og:image:height\" content=\"432\" \/>\n\t<meta property=\"og:image:type\" content=\"image\/jpeg\" \/>\n<meta name=\"author\" content=\"Marcos Santos\" \/>\n<meta name=\"twitter:card\" content=\"summary_large_image\" \/>\n<meta name=\"twitter:creator\" content=\"@APeneira\" \/>\n<meta name=\"twitter:site\" content=\"@APeneira\" \/>\n<meta name=\"twitter:label1\" content=\"Escrito por\" \/>\n\t<meta name=\"twitter:data1\" content=\"Marcos Santos\" \/>\n\t<meta name=\"twitter:label2\" content=\"Tempo de lectura\" \/>\n\t<meta name=\"twitter:data2\" content=\"4 minutos\" \/>\n<script type=\"application\/ld+json\" class=\"yoast-schema-graph\">{\"@context\":\"https:\\\/\\\/schema.org\",\"@graph\":[{\"@type\":\"Article\",\"@id\":\"https:\\\/\\\/www.anovapeneira.gal\\\/index.php\\\/2023\\\/10\\\/20\\\/javier-bas-ex-alcalde-de-redondela\\\/#article\",\"isPartOf\":{\"@id\":\"https:\\\/\\\/www.anovapeneira.gal\\\/index.php\\\/2023\\\/10\\\/20\\\/javier-bas-ex-alcalde-de-redondela\\\/\"},\"author\":{\"name\":\"Marcos Santos\",\"@id\":\"https:\\\/\\\/www.anovapeneira.gal\\\/#\\\/schema\\\/person\\\/d9d84823564720e7593293bab054e52d\"},\"headline\":\"Javier Bas ex alcalde de Redondela\",\"datePublished\":\"2023-10-20T08:00:43+00:00\",\"mainEntityOfPage\":{\"@id\":\"https:\\\/\\\/www.anovapeneira.gal\\\/index.php\\\/2023\\\/10\\\/20\\\/javier-bas-ex-alcalde-de-redondela\\\/\"},\"wordCount\":1895,\"commentCount\":0,\"publisher\":{\"@id\":\"https:\\\/\\\/www.anovapeneira.gal\\\/#organization\"},\"image\":{\"@id\":\"https:\\\/\\\/www.anovapeneira.gal\\\/index.php\\\/2023\\\/10\\\/20\\\/javier-bas-ex-alcalde-de-redondela\\\/#primaryimage\"},\"thumbnailUrl\":\"https:\\\/\\\/www.anovapeneira.gal\\\/wp-content\\\/uploads\\\/2023\\\/10\\\/alcalde_redondela.jpg\",\"keywords\":[\"Concello de Redondela\"],\"articleSection\":[\"Redondela\"],\"inLanguage\":\"gl-ES\",\"potentialAction\":[{\"@type\":\"CommentAction\",\"name\":\"Comment\",\"target\":[\"https:\\\/\\\/www.anovapeneira.gal\\\/index.php\\\/2023\\\/10\\\/20\\\/javier-bas-ex-alcalde-de-redondela\\\/#respond\"]}]},{\"@type\":\"WebPage\",\"@id\":\"https:\\\/\\\/www.anovapeneira.gal\\\/index.php\\\/2023\\\/10\\\/20\\\/javier-bas-ex-alcalde-de-redondela\\\/\",\"url\":\"https:\\\/\\\/www.anovapeneira.gal\\\/index.php\\\/2023\\\/10\\\/20\\\/javier-bas-ex-alcalde-de-redondela\\\/\",\"name\":\"Javier Bas ex alcalde de Redondela -\",\"isPartOf\":{\"@id\":\"https:\\\/\\\/www.anovapeneira.gal\\\/#website\"},\"primaryImageOfPage\":{\"@id\":\"https:\\\/\\\/www.anovapeneira.gal\\\/index.php\\\/2023\\\/10\\\/20\\\/javier-bas-ex-alcalde-de-redondela\\\/#primaryimage\"},\"image\":{\"@id\":\"https:\\\/\\\/www.anovapeneira.gal\\\/index.php\\\/2023\\\/10\\\/20\\\/javier-bas-ex-alcalde-de-redondela\\\/#primaryimage\"},\"thumbnailUrl\":\"https:\\\/\\\/www.anovapeneira.gal\\\/wp-content\\\/uploads\\\/2023\\\/10\\\/alcalde_redondela.jpg\",\"datePublished\":\"2023-10-20T08:00:43+00:00\",\"description\":\"Repasamos xunto ao ex alcalde de Redondela , actual xefe da oposici\u00f3n do concello e asesor da DEPO, Javier Bas a actualidade pol\u00edtica do concello e todo o que atinxe \u00e1s s\u00faas novas responsabilidades na deputaci\u00f3n de Pontevedra\",\"breadcrumb\":{\"@id\":\"https:\\\/\\\/www.anovapeneira.gal\\\/index.php\\\/2023\\\/10\\\/20\\\/javier-bas-ex-alcalde-de-redondela\\\/#breadcrumb\"},\"inLanguage\":\"gl-ES\",\"potentialAction\":[{\"@type\":\"ReadAction\",\"target\":[\"https:\\\/\\\/www.anovapeneira.gal\\\/index.php\\\/2023\\\/10\\\/20\\\/javier-bas-ex-alcalde-de-redondela\\\/\"]}]},{\"@type\":\"ImageObject\",\"inLanguage\":\"gl-ES\",\"@id\":\"https:\\\/\\\/www.anovapeneira.gal\\\/index.php\\\/2023\\\/10\\\/20\\\/javier-bas-ex-alcalde-de-redondela\\\/#primaryimage\",\"url\":\"https:\\\/\\\/www.anovapeneira.gal\\\/wp-content\\\/uploads\\\/2023\\\/10\\\/alcalde_redondela.jpg\",\"contentUrl\":\"https:\\\/\\\/www.anovapeneira.gal\\\/wp-content\\\/uploads\\\/2023\\\/10\\\/alcalde_redondela.jpg\",\"width\":720,\"height\":432,\"caption\":\"Javier Bas Alcalde Redondela\"},{\"@type\":\"BreadcrumbList\",\"@id\":\"https:\\\/\\\/www.anovapeneira.gal\\\/index.php\\\/2023\\\/10\\\/20\\\/javier-bas-ex-alcalde-de-redondela\\\/#breadcrumb\",\"itemListElement\":[{\"@type\":\"ListItem\",\"position\":1,\"name\":\"Portada\",\"item\":\"https:\\\/\\\/www.anovapeneira.gal\\\/\"},{\"@type\":\"ListItem\",\"position\":2,\"name\":\"Javier Bas ex alcalde de Redondela\"}]},{\"@type\":\"WebSite\",\"@id\":\"https:\\\/\\\/www.anovapeneira.gal\\\/#website\",\"url\":\"https:\\\/\\\/www.anovapeneira.gal\\\/\",\"name\":\"\",\"description\":\"Xornal galego de informaci\u00f3n xeral Publicaci\u00f3n mensual de novas de Galicia e en especial dos Concellos da sur da provincia de Pontevedra.\",\"publisher\":{\"@id\":\"https:\\\/\\\/www.anovapeneira.gal\\\/#organization\"},\"potentialAction\":[{\"@type\":\"SearchAction\",\"target\":{\"@type\":\"EntryPoint\",\"urlTemplate\":\"https:\\\/\\\/www.anovapeneira.gal\\\/?s={search_term_string}\"},\"query-input\":{\"@type\":\"PropertyValueSpecification\",\"valueRequired\":true,\"valueName\":\"search_term_string\"}}],\"inLanguage\":\"gl-ES\"},{\"@type\":\"Organization\",\"@id\":\"https:\\\/\\\/www.anovapeneira.gal\\\/#organization\",\"name\":\"A Nova Peneira\",\"url\":\"https:\\\/\\\/www.anovapeneira.gal\\\/\",\"logo\":{\"@type\":\"ImageObject\",\"inLanguage\":\"gl-ES\",\"@id\":\"https:\\\/\\\/www.anovapeneira.gal\\\/#\\\/schema\\\/logo\\\/image\\\/\",\"url\":\"http:\\\/\\\/www.anovapeneira.gal\\\/wp-content\\\/uploads\\\/2019\\\/06\\\/logo_a_nova_peneira_portal_web.png\",\"contentUrl\":\"http:\\\/\\\/www.anovapeneira.gal\\\/wp-content\\\/uploads\\\/2019\\\/06\\\/logo_a_nova_peneira_portal_web.png\",\"width\":300,\"height\":100,\"caption\":\"A Nova Peneira\"},\"image\":{\"@id\":\"https:\\\/\\\/www.anovapeneira.gal\\\/#\\\/schema\\\/logo\\\/image\\\/\"},\"sameAs\":[\"https:\\\/\\\/www.facebook.com\\\/anovapeneira\",\"https:\\\/\\\/x.com\\\/APeneira\"]},{\"@type\":\"Person\",\"@id\":\"https:\\\/\\\/www.anovapeneira.gal\\\/#\\\/schema\\\/person\\\/d9d84823564720e7593293bab054e52d\",\"name\":\"Marcos Santos\",\"image\":{\"@type\":\"ImageObject\",\"inLanguage\":\"gl-ES\",\"@id\":\"https:\\\/\\\/secure.gravatar.com\\\/avatar\\\/0e8017099a7a47c0a9d2275e865fe326484561eb3d70649069e4b8e61a8d2e8c?s=96&d=mm&r=g\",\"url\":\"https:\\\/\\\/secure.gravatar.com\\\/avatar\\\/0e8017099a7a47c0a9d2275e865fe326484561eb3d70649069e4b8e61a8d2e8c?s=96&d=mm&r=g\",\"contentUrl\":\"https:\\\/\\\/secure.gravatar.com\\\/avatar\\\/0e8017099a7a47c0a9d2275e865fe326484561eb3d70649069e4b8e61a8d2e8c?s=96&d=mm&r=g\",\"caption\":\"Marcos Santos\"},\"sameAs\":[\"http:\\\/\\\/anovapeneira.gal\"],\"url\":\"https:\\\/\\\/www.anovapeneira.gal\\\/index.php\\\/author\\\/marcos-santos\\\/\"}]}<\/script>\n<!-- \/ Yoast SEO plugin. -->","yoast_head_json":{"title":"Javier Bas ex alcalde de Redondela -","description":"Repasamos xunto ao ex alcalde de Redondela , actual xefe da oposici\u00f3n do concello e asesor da DEPO, Javier Bas a actualidade pol\u00edtica do concello e todo o que atinxe \u00e1s s\u00faas novas responsabilidades na deputaci\u00f3n de Pontevedra","robots":{"index":"index","follow":"follow","max-snippet":"max-snippet:-1","max-image-preview":"max-image-preview:large","max-video-preview":"max-video-preview:-1"},"canonical":"https:\/\/www.anovapeneira.gal\/index.php\/2023\/10\/20\/javier-bas-ex-alcalde-de-redondela\/","og_locale":"gl_ES","og_type":"article","og_title":"Javier Bas ex alcalde de Redondela -","og_description":"Repasamos xunto ao ex alcalde de Redondela , actual xefe da oposici\u00f3n do concello e asesor da DEPO, Javier Bas a actualidade pol\u00edtica do concello e todo o que atinxe \u00e1s s\u00faas novas responsabilidades na deputaci\u00f3n de Pontevedra","og_url":"https:\/\/www.anovapeneira.gal\/index.php\/2023\/10\/20\/javier-bas-ex-alcalde-de-redondela\/","article_publisher":"https:\/\/www.facebook.com\/anovapeneira","article_published_time":"2023-10-20T08:00:43+00:00","og_image":[{"width":720,"height":432,"url":"https:\/\/www.anovapeneira.gal\/wp-content\/uploads\/2023\/10\/alcalde_redondela.jpg","type":"image\/jpeg"}],"author":"Marcos Santos","twitter_card":"summary_large_image","twitter_creator":"@APeneira","twitter_site":"@APeneira","twitter_misc":{"Escrito por":"Marcos Santos","Tempo de lectura":"4 minutos"},"schema":{"@context":"https:\/\/schema.org","@graph":[{"@type":"Article","@id":"https:\/\/www.anovapeneira.gal\/index.php\/2023\/10\/20\/javier-bas-ex-alcalde-de-redondela\/#article","isPartOf":{"@id":"https:\/\/www.anovapeneira.gal\/index.php\/2023\/10\/20\/javier-bas-ex-alcalde-de-redondela\/"},"author":{"name":"Marcos Santos","@id":"https:\/\/www.anovapeneira.gal\/#\/schema\/person\/d9d84823564720e7593293bab054e52d"},"headline":"Javier Bas ex alcalde de Redondela","datePublished":"2023-10-20T08:00:43+00:00","mainEntityOfPage":{"@id":"https:\/\/www.anovapeneira.gal\/index.php\/2023\/10\/20\/javier-bas-ex-alcalde-de-redondela\/"},"wordCount":1895,"commentCount":0,"publisher":{"@id":"https:\/\/www.anovapeneira.gal\/#organization"},"image":{"@id":"https:\/\/www.anovapeneira.gal\/index.php\/2023\/10\/20\/javier-bas-ex-alcalde-de-redondela\/#primaryimage"},"thumbnailUrl":"https:\/\/www.anovapeneira.gal\/wp-content\/uploads\/2023\/10\/alcalde_redondela.jpg","keywords":["Concello de Redondela"],"articleSection":["Redondela"],"inLanguage":"gl-ES","potentialAction":[{"@type":"CommentAction","name":"Comment","target":["https:\/\/www.anovapeneira.gal\/index.php\/2023\/10\/20\/javier-bas-ex-alcalde-de-redondela\/#respond"]}]},{"@type":"WebPage","@id":"https:\/\/www.anovapeneira.gal\/index.php\/2023\/10\/20\/javier-bas-ex-alcalde-de-redondela\/","url":"https:\/\/www.anovapeneira.gal\/index.php\/2023\/10\/20\/javier-bas-ex-alcalde-de-redondela\/","name":"Javier Bas ex alcalde de Redondela -","isPartOf":{"@id":"https:\/\/www.anovapeneira.gal\/#website"},"primaryImageOfPage":{"@id":"https:\/\/www.anovapeneira.gal\/index.php\/2023\/10\/20\/javier-bas-ex-alcalde-de-redondela\/#primaryimage"},"image":{"@id":"https:\/\/www.anovapeneira.gal\/index.php\/2023\/10\/20\/javier-bas-ex-alcalde-de-redondela\/#primaryimage"},"thumbnailUrl":"https:\/\/www.anovapeneira.gal\/wp-content\/uploads\/2023\/10\/alcalde_redondela.jpg","datePublished":"2023-10-20T08:00:43+00:00","description":"Repasamos xunto ao ex alcalde de Redondela , actual xefe da oposici\u00f3n do concello e asesor da DEPO, Javier Bas a actualidade pol\u00edtica do concello e todo o que atinxe \u00e1s s\u00faas novas responsabilidades na deputaci\u00f3n de Pontevedra","breadcrumb":{"@id":"https:\/\/www.anovapeneira.gal\/index.php\/2023\/10\/20\/javier-bas-ex-alcalde-de-redondela\/#breadcrumb"},"inLanguage":"gl-ES","potentialAction":[{"@type":"ReadAction","target":["https:\/\/www.anovapeneira.gal\/index.php\/2023\/10\/20\/javier-bas-ex-alcalde-de-redondela\/"]}]},{"@type":"ImageObject","inLanguage":"gl-ES","@id":"https:\/\/www.anovapeneira.gal\/index.php\/2023\/10\/20\/javier-bas-ex-alcalde-de-redondela\/#primaryimage","url":"https:\/\/www.anovapeneira.gal\/wp-content\/uploads\/2023\/10\/alcalde_redondela.jpg","contentUrl":"https:\/\/www.anovapeneira.gal\/wp-content\/uploads\/2023\/10\/alcalde_redondela.jpg","width":720,"height":432,"caption":"Javier Bas Alcalde Redondela"},{"@type":"BreadcrumbList","@id":"https:\/\/www.anovapeneira.gal\/index.php\/2023\/10\/20\/javier-bas-ex-alcalde-de-redondela\/#breadcrumb","itemListElement":[{"@type":"ListItem","position":1,"name":"Portada","item":"https:\/\/www.anovapeneira.gal\/"},{"@type":"ListItem","position":2,"name":"Javier Bas ex alcalde de Redondela"}]},{"@type":"WebSite","@id":"https:\/\/www.anovapeneira.gal\/#website","url":"https:\/\/www.anovapeneira.gal\/","name":"","description":"Xornal galego de informaci\u00f3n xeral Publicaci\u00f3n mensual de novas de Galicia e en especial dos Concellos da sur da provincia de Pontevedra.","publisher":{"@id":"https:\/\/www.anovapeneira.gal\/#organization"},"potentialAction":[{"@type":"SearchAction","target":{"@type":"EntryPoint","urlTemplate":"https:\/\/www.anovapeneira.gal\/?s={search_term_string}"},"query-input":{"@type":"PropertyValueSpecification","valueRequired":true,"valueName":"search_term_string"}}],"inLanguage":"gl-ES"},{"@type":"Organization","@id":"https:\/\/www.anovapeneira.gal\/#organization","name":"A Nova Peneira","url":"https:\/\/www.anovapeneira.gal\/","logo":{"@type":"ImageObject","inLanguage":"gl-ES","@id":"https:\/\/www.anovapeneira.gal\/#\/schema\/logo\/image\/","url":"http:\/\/www.anovapeneira.gal\/wp-content\/uploads\/2019\/06\/logo_a_nova_peneira_portal_web.png","contentUrl":"http:\/\/www.anovapeneira.gal\/wp-content\/uploads\/2019\/06\/logo_a_nova_peneira_portal_web.png","width":300,"height":100,"caption":"A Nova Peneira"},"image":{"@id":"https:\/\/www.anovapeneira.gal\/#\/schema\/logo\/image\/"},"sameAs":["https:\/\/www.facebook.com\/anovapeneira","https:\/\/x.com\/APeneira"]},{"@type":"Person","@id":"https:\/\/www.anovapeneira.gal\/#\/schema\/person\/d9d84823564720e7593293bab054e52d","name":"Marcos Santos","image":{"@type":"ImageObject","inLanguage":"gl-ES","@id":"https:\/\/secure.gravatar.com\/avatar\/0e8017099a7a47c0a9d2275e865fe326484561eb3d70649069e4b8e61a8d2e8c?s=96&d=mm&r=g","url":"https:\/\/secure.gravatar.com\/avatar\/0e8017099a7a47c0a9d2275e865fe326484561eb3d70649069e4b8e61a8d2e8c?s=96&d=mm&r=g","contentUrl":"https:\/\/secure.gravatar.com\/avatar\/0e8017099a7a47c0a9d2275e865fe326484561eb3d70649069e4b8e61a8d2e8c?s=96&d=mm&r=g","caption":"Marcos Santos"},"sameAs":["http:\/\/anovapeneira.gal"],"url":"https:\/\/www.anovapeneira.gal\/index.php\/author\/marcos-santos\/"}]}},"jetpack_featured_media_url":"https:\/\/www.anovapeneira.gal\/wp-content\/uploads\/2023\/10\/alcalde_redondela.jpg","_links":{"self":[{"href":"https:\/\/www.anovapeneira.gal\/index.php\/wp-json\/wp\/v2\/posts\/10631","targetHints":{"allow":["GET"]}}],"collection":[{"href":"https:\/\/www.anovapeneira.gal\/index.php\/wp-json\/wp\/v2\/posts"}],"about":[{"href":"https:\/\/www.anovapeneira.gal\/index.php\/wp-json\/wp\/v2\/types\/post"}],"author":[{"embeddable":true,"href":"https:\/\/www.anovapeneira.gal\/index.php\/wp-json\/wp\/v2\/users\/6"}],"replies":[{"embeddable":true,"href":"https:\/\/www.anovapeneira.gal\/index.php\/wp-json\/wp\/v2\/comments?post=10631"}],"version-history":[{"count":2,"href":"https:\/\/www.anovapeneira.gal\/index.php\/wp-json\/wp\/v2\/posts\/10631\/revisions"}],"predecessor-version":[{"id":10634,"href":"https:\/\/www.anovapeneira.gal\/index.php\/wp-json\/wp\/v2\/posts\/10631\/revisions\/10634"}],"wp:featuredmedia":[{"embeddable":true,"href":"https:\/\/www.anovapeneira.gal\/index.php\/wp-json\/wp\/v2\/media\/10633"}],"wp:attachment":[{"href":"https:\/\/www.anovapeneira.gal\/index.php\/wp-json\/wp\/v2\/media?parent=10631"}],"wp:term":[{"taxonomy":"category","embeddable":true,"href":"https:\/\/www.anovapeneira.gal\/index.php\/wp-json\/wp\/v2\/categories?post=10631"},{"taxonomy":"post_tag","embeddable":true,"href":"https:\/\/www.anovapeneira.gal\/index.php\/wp-json\/wp\/v2\/tags?post=10631"}],"curies":[{"name":"wp","href":"https:\/\/api.w.org\/{rel}","templated":true}]}}