{"id":10648,"date":"2023-10-25T10:00:25","date_gmt":"2023-10-25T08:00:25","guid":{"rendered":"https:\/\/www.anovapeneira.gal\/?p=10648"},"modified":"2023-10-16T12:16:07","modified_gmt":"2023-10-16T10:16:07","slug":"cristina-fernandez-ex-alcaldesa-de-ponteareas","status":"publish","type":"post","link":"https:\/\/www.anovapeneira.gal\/index.php\/2023\/10\/25\/cristina-fernandez-ex-alcaldesa-de-ponteareas\/","title":{"rendered":"Cristina Fern\u00e1ndez ex alcaldesa de Ponteareas"},"content":{"rendered":"\n<p>A cidadan\u00eda de Ponteareas nas elecci\u00f3ns do 28 de maio decidiu cambiar o goberno do Concello. O BNG, por suposto, valorou a nova situaci\u00f3n, asumiu o novo estatus e, como non pod\u00eda ser doutro xeito, comezamos a traballar para recuperar a confianza de toda a veci\u00f1anza.<\/p>\n\n\n\n<p>Sabendo que nestas d\u00faas lexislaturas pasadas o traballo feito foi moito e dentro dunha estratexia ben planificada, preoc\u00fapanos a situaci\u00f3n actual dende a toma de posesi\u00f3n da alcaldesa do Partido Popular e a constituci\u00f3n do novo goberno.<\/p>\n\n\n\n<p>Logo de situar \u00e1 nosa querida vila, Ponteareas, como referente na Comarca e no Pa\u00eds, vemos achegarse a reversi\u00f3n e a involuci\u00f3n r\u00e1pidamente. O PP ten moitas promesas que cumprir e moitos favores que devolver, como nos seus mellores tempos&#8230;<\/p>\n\n\n\n<p>Aos que agora s\u00f3 fan queixarse de atopar un concello endebedado e sen cartos para gastar, hai que lembrarlles a situaci\u00f3n que atopou o anterior goberno no ano 2015:<\/p>\n\n\n\n<p>a) Unha d\u00e9beda a proveedores, bancos, inmobles, sentenzas, seguridade social, CHMS, Augas de Galicia, Sestelo, xuros, indemnizaci\u00f3ns por m\u00e1is de 11 mill\u00f3ns \u20ac<\/p>\n\n\n\n<p>b) Herdamos unha vila destrozada urban\u00edsticamente na superficie e no subsolo, onde gran parte do orzamento dest\u00ednase a facer arranxos nos afundimentos das r\u00faas, onde se atopan dep\u00f3sitos de gas\u00f3leo ou mesmo aparcamentos privados.<\/p>\n\n\n\n<p>c) A xu\u00f1o de 2015 a planificaci\u00f3n era 0. Non exist\u00eda previsi\u00f3n nin cr\u00e9dito para cuesti\u00f3ns b\u00e1sicas como campamentos de ver\u00e1n, aula matinal, axudas de libros, eventos culturais e de ver\u00e1n, actividades para infancia,&#8230; pero s\u00ed tivemos cortes de luz en instalaci\u00f3ns deportivas, e demos prioridade ao seu pago.<\/p>\n\n\n\n<p>E pux\u00e9monos a traballar de inmediato:<\/p>\n\n\n\n<p>1.- Pag\u00e1ronse as d\u00e9bedas en tres anos. O cr\u00e9dito do banco Santander (da etapa do PP para refinanciar d\u00e9bedas que estaban en execuci\u00f3n por sentenza xudicial) quedar\u00e1 cancelado este ano.<\/p>\n\n\n\n<p>2.- Adquirimos patrimonio: Terreos en P\u00edas, Arnoso, Xinzo e Bugar\u00edn para os centros culturais e dous edificios na Praza Maior: para Centro de Emprendemento e para o Centro C\u00edvico.<\/p>\n\n\n\n<p>3.- Dese\u00f1amos proxectos de mobilidade e para novos servizos \u00e1 veci\u00f1anza, desenvolvemos a Estratexia DUSI e numerosas obras e conseguimos subvenci\u00f3ns millonarias nas que agora tocar\u00eda avanzar.<\/p>\n\n\n\n<p>4.- E para realizar todas estas melloras e adquirir patrimonio, como calquera veci\u00f1o ou veci\u00f1a, tivemos que solicitar cr\u00e9ditos (moitos deles sen xuros e a devolver en 8 anos), claro est\u00e1&#8230; que s\u00f3 se concederon porque o Concello estaba saneado e eramos unha garant\u00eda. Por suposto, no 2015, non nolos houberan concedido.<\/p>\n\n\n\n<p>5.- Aprobamos documentos importantes como o PXOM para mellorar a econom\u00eda local, captar empresas ou ampliar outras, increment\u00e1ndose as\u00ed o emprego. Am\u00e1is co PXOM dispo\u00f1emos gratu\u00edtamente de terreos que permite ter aparcamentos p\u00fablicos ou o novo centro de sa\u00fade.<\/p>\n\n\n\n<p>6.- E s\u00ed, a CHC, a comercializadora de electricidade reclama unha d\u00e9beda, pero provocada pola ela mesma por un erro inform\u00e1tico. Foron devoltas as facturas por Intervenci\u00f3n e foron reclamadas rectificadas.<\/p>\n\n\n\n<p>A Sra. Castro di que a cantidade retida para suministro el\u00e9ctrico no orzamento \u00e9 insuficiente para asumir o consumo actual. \u00c9 obvio que s\u00ed, xa que o orzamento actual f\u00edxose no 2021 (antes da subida) e aplicouse no 2022 onde repuntou o seu custo, sendo prorrogado polas elecci\u00f3ns municipais ao 2023. Polo tanto o que proced\u00eda en xu\u00f1o era presentar o orzamento de 2023 para recalcular o custo dos gastos deste ano. Pero o PP de novo non foi quen de facelo.<\/p>\n\n\n\n<p>7.- O noso goberno foi precavido e coherente, deixamos m\u00e1is de 700.000 \u20ac dispo\u00f1ibles para gastos e preto de 12 mill\u00f3ns de euros retidos para gastos comprometidos en investimentos (obras EDUSI, IDAE) e para o pago do persoal para o ano 2023.<\/p>\n\n\n\n<p>Chama a atenci\u00f3n que digan que non te\u00f1en cartos para gastar, pero s\u00ed para pretender aumentarse os salarios e ter persoal de confianza, repintar r\u00faas, modificar proxectos xa autorizados, gastar novamente para ceder terreos para a Conselleria de Sanidade cando xa hab\u00eda outros en tr\u00e1mite&#8230; Pero non pagan a moitas empresas coa escusa de que non hai fondos pero co risco de perder subvenci\u00f3ns ao non xustificar en prazo.<\/p>\n\n\n\n<p>O PP pode interpretar a conta de resultados como queira, pero os datos est\u00e1n a\u00ed:<\/p>\n\n\n\n<p>&#8211; Aforro neto a 31.12.22: 1.673.387,19\u20ac &#8211; a 31.12.21: 836.082,24\u20ac<\/p>\n\n\n\n<p>&#8211; Resultado orzamentario positivo: 2.377.203,34\u20ac<\/p>\n\n\n\n<p>&#8211; No estado de execuci\u00f3n, falta por recaudar 6,5 mill\u00f3ns \u20ac de subvenci\u00f3ns concedidas ao concello para obras e servizos (pendente de fondos europeos, Xunta, Ministerios&#8230;)<\/p>\n\n\n\n<p>&#8211; O patrimonio incrementouse de 35 mill. En 2021 a 36,7 mill. En 2022.<\/p>\n\n\n\n<p>&#8211; O Resultado da Liquidaci\u00f3n de Tesourer\u00eda negativo en 1,4 mill. ser\u00e1 positivo en 1,6 mill. en canto xestionen o ingreso das subvenci\u00f3ns pendentes de pago e xa xustificadas.<\/p>\n\n\n\n<p>O BNG seguir\u00e1 traballando para que Ponteareas avance e non voltar a \u00e9pocas nas que ocupabamos os titulares da prensa internacional por ser visitados pola polic\u00eda xudicial ou porque as ed\u00eds escapaban polas vent\u00e1s.<\/p>\n\n\n\n<p>Cristina Fern\u00e1ndez Davila<\/p>\n\n\n\n<p>Concelleira do BNG en Ponteareas.<\/p>\n","protected":false},"excerpt":{"rendered":"<div class=\"mh-excerpt\"><p>A cidadan\u00eda de Ponteareas nas elecci\u00f3ns do 28 de maio decidiu cambiar o goberno do Concello. O BNG, por suposto, valorou a nova situaci\u00f3n, asumiu o novo estatus e, como non pod\u00eda ser doutro xeito, <a class=\"mh-excerpt-more\" href=\"https:\/\/www.anovapeneira.gal\/index.php\/2023\/10\/25\/cristina-fernandez-ex-alcaldesa-de-ponteareas\/\" title=\"Cristina Fern\u00e1ndez ex alcaldesa de Ponteareas\">[&#8230;]<\/a><\/p>\n<\/div>","protected":false},"author":12,"featured_media":10649,"comment_status":"open","ping_status":"open","sticky":false,"template":"","format":"standard","meta":{"_exactmetrics_skip_tracking":false,"_exactmetrics_sitenote_active":false,"_exactmetrics_sitenote_note":"","_exactmetrics_sitenote_category":0,"footnotes":""},"categories":[25],"tags":[208],"class_list":{"0":"post-10648","1":"post","2":"type-post","3":"status-publish","4":"format-standard","5":"has-post-thumbnail","7":"category-condado","8":"tag-concello-de-ponteareas"},"yoast_head":"<!-- This site is optimized with the Yoast SEO plugin v27.4 - https:\/\/yoast.com\/product\/yoast-seo-wordpress\/ -->\n<title>Cristina Fern\u00e1ndez ex alcaldesa de Ponteareas -<\/title>\n<meta name=\"robots\" content=\"index, follow, max-snippet:-1, max-image-preview:large, max-video-preview:-1\" \/>\n<link rel=\"canonical\" href=\"https:\/\/www.anovapeneira.gal\/index.php\/2023\/10\/25\/cristina-fernandez-ex-alcaldesa-de-ponteareas\/\" \/>\n<meta property=\"og:locale\" content=\"gl_ES\" \/>\n<meta property=\"og:type\" content=\"article\" \/>\n<meta property=\"og:title\" content=\"Cristina Fern\u00e1ndez ex alcaldesa de Ponteareas -\" \/>\n<meta property=\"og:description\" content=\"A cidadan\u00eda de Ponteareas nas elecci\u00f3ns do 28 de maio decidiu cambiar o goberno do Concello. O BNG, por suposto, valorou a nova situaci\u00f3n, asumiu o novo estatus e, como non pod\u00eda ser doutro xeito, [...]\" \/>\n<meta property=\"og:url\" content=\"https:\/\/www.anovapeneira.gal\/index.php\/2023\/10\/25\/cristina-fernandez-ex-alcaldesa-de-ponteareas\/\" \/>\n<meta property=\"article:publisher\" content=\"https:\/\/www.facebook.com\/anovapeneira\" \/>\n<meta property=\"article:published_time\" content=\"2023-10-25T08:00:25+00:00\" \/>\n<meta property=\"og:image\" content=\"https:\/\/www.anovapeneira.gal\/wp-content\/uploads\/2023\/10\/Cristina_Ponteareas.jpg\" \/>\n\t<meta property=\"og:image:width\" content=\"720\" \/>\n\t<meta property=\"og:image:height\" content=\"432\" \/>\n\t<meta property=\"og:image:type\" content=\"image\/jpeg\" \/>\n<meta name=\"author\" content=\"Artigos Opini\u00f3n\" \/>\n<meta name=\"twitter:card\" content=\"summary_large_image\" \/>\n<meta name=\"twitter:creator\" content=\"@APeneira\" \/>\n<meta name=\"twitter:site\" content=\"@APeneira\" \/>\n<meta name=\"twitter:label1\" content=\"Escrito por\" \/>\n\t<meta name=\"twitter:data1\" content=\"Artigos Opini\u00f3n\" \/>\n\t<meta name=\"twitter:label2\" content=\"Tempo de lectura\" \/>\n\t<meta name=\"twitter:data2\" content=\"5 minutos\" \/>\n<script type=\"application\/ld+json\" class=\"yoast-schema-graph\">{\"@context\":\"https:\\\/\\\/schema.org\",\"@graph\":[{\"@type\":\"Article\",\"@id\":\"https:\\\/\\\/www.anovapeneira.gal\\\/index.php\\\/2023\\\/10\\\/25\\\/cristina-fernandez-ex-alcaldesa-de-ponteareas\\\/#article\",\"isPartOf\":{\"@id\":\"https:\\\/\\\/www.anovapeneira.gal\\\/index.php\\\/2023\\\/10\\\/25\\\/cristina-fernandez-ex-alcaldesa-de-ponteareas\\\/\"},\"author\":{\"name\":\"Artigos Opini\u00f3n\",\"@id\":\"https:\\\/\\\/www.anovapeneira.gal\\\/#\\\/schema\\\/person\\\/f18a4feb302e8f20bcef4490b5b60bb3\"},\"headline\":\"Cristina Fern\u00e1ndez ex alcaldesa de Ponteareas\",\"datePublished\":\"2023-10-25T08:00:25+00:00\",\"mainEntityOfPage\":{\"@id\":\"https:\\\/\\\/www.anovapeneira.gal\\\/index.php\\\/2023\\\/10\\\/25\\\/cristina-fernandez-ex-alcaldesa-de-ponteareas\\\/\"},\"wordCount\":866,\"commentCount\":0,\"publisher\":{\"@id\":\"https:\\\/\\\/www.anovapeneira.gal\\\/#organization\"},\"image\":{\"@id\":\"https:\\\/\\\/www.anovapeneira.gal\\\/index.php\\\/2023\\\/10\\\/25\\\/cristina-fernandez-ex-alcaldesa-de-ponteareas\\\/#primaryimage\"},\"thumbnailUrl\":\"https:\\\/\\\/www.anovapeneira.gal\\\/wp-content\\\/uploads\\\/2023\\\/10\\\/Cristina_Ponteareas.jpg\",\"keywords\":[\"Concello de Ponteareas\"],\"articleSection\":[\"Condado\"],\"inLanguage\":\"gl-ES\",\"potentialAction\":[{\"@type\":\"CommentAction\",\"name\":\"Comment\",\"target\":[\"https:\\\/\\\/www.anovapeneira.gal\\\/index.php\\\/2023\\\/10\\\/25\\\/cristina-fernandez-ex-alcaldesa-de-ponteareas\\\/#respond\"]}]},{\"@type\":\"WebPage\",\"@id\":\"https:\\\/\\\/www.anovapeneira.gal\\\/index.php\\\/2023\\\/10\\\/25\\\/cristina-fernandez-ex-alcaldesa-de-ponteareas\\\/\",\"url\":\"https:\\\/\\\/www.anovapeneira.gal\\\/index.php\\\/2023\\\/10\\\/25\\\/cristina-fernandez-ex-alcaldesa-de-ponteareas\\\/\",\"name\":\"Cristina Fern\u00e1ndez ex alcaldesa de Ponteareas -\",\"isPartOf\":{\"@id\":\"https:\\\/\\\/www.anovapeneira.gal\\\/#website\"},\"primaryImageOfPage\":{\"@id\":\"https:\\\/\\\/www.anovapeneira.gal\\\/index.php\\\/2023\\\/10\\\/25\\\/cristina-fernandez-ex-alcaldesa-de-ponteareas\\\/#primaryimage\"},\"image\":{\"@id\":\"https:\\\/\\\/www.anovapeneira.gal\\\/index.php\\\/2023\\\/10\\\/25\\\/cristina-fernandez-ex-alcaldesa-de-ponteareas\\\/#primaryimage\"},\"thumbnailUrl\":\"https:\\\/\\\/www.anovapeneira.gal\\\/wp-content\\\/uploads\\\/2023\\\/10\\\/Cristina_Ponteareas.jpg\",\"datePublished\":\"2023-10-25T08:00:25+00:00\",\"breadcrumb\":{\"@id\":\"https:\\\/\\\/www.anovapeneira.gal\\\/index.php\\\/2023\\\/10\\\/25\\\/cristina-fernandez-ex-alcaldesa-de-ponteareas\\\/#breadcrumb\"},\"inLanguage\":\"gl-ES\",\"potentialAction\":[{\"@type\":\"ReadAction\",\"target\":[\"https:\\\/\\\/www.anovapeneira.gal\\\/index.php\\\/2023\\\/10\\\/25\\\/cristina-fernandez-ex-alcaldesa-de-ponteareas\\\/\"]}]},{\"@type\":\"ImageObject\",\"inLanguage\":\"gl-ES\",\"@id\":\"https:\\\/\\\/www.anovapeneira.gal\\\/index.php\\\/2023\\\/10\\\/25\\\/cristina-fernandez-ex-alcaldesa-de-ponteareas\\\/#primaryimage\",\"url\":\"https:\\\/\\\/www.anovapeneira.gal\\\/wp-content\\\/uploads\\\/2023\\\/10\\\/Cristina_Ponteareas.jpg\",\"contentUrl\":\"https:\\\/\\\/www.anovapeneira.gal\\\/wp-content\\\/uploads\\\/2023\\\/10\\\/Cristina_Ponteareas.jpg\",\"width\":720,\"height\":432,\"caption\":\"Cristina Fern\u00e1ndez Ponteareas\"},{\"@type\":\"BreadcrumbList\",\"@id\":\"https:\\\/\\\/www.anovapeneira.gal\\\/index.php\\\/2023\\\/10\\\/25\\\/cristina-fernandez-ex-alcaldesa-de-ponteareas\\\/#breadcrumb\",\"itemListElement\":[{\"@type\":\"ListItem\",\"position\":1,\"name\":\"Portada\",\"item\":\"https:\\\/\\\/www.anovapeneira.gal\\\/\"},{\"@type\":\"ListItem\",\"position\":2,\"name\":\"Cristina Fern\u00e1ndez ex alcaldesa de Ponteareas\"}]},{\"@type\":\"WebSite\",\"@id\":\"https:\\\/\\\/www.anovapeneira.gal\\\/#website\",\"url\":\"https:\\\/\\\/www.anovapeneira.gal\\\/\",\"name\":\"\",\"description\":\"Xornal galego de informaci\u00f3n xeral Publicaci\u00f3n mensual de novas de Galicia e en especial dos Concellos da sur da provincia de Pontevedra.\",\"publisher\":{\"@id\":\"https:\\\/\\\/www.anovapeneira.gal\\\/#organization\"},\"potentialAction\":[{\"@type\":\"SearchAction\",\"target\":{\"@type\":\"EntryPoint\",\"urlTemplate\":\"https:\\\/\\\/www.anovapeneira.gal\\\/?s={search_term_string}\"},\"query-input\":{\"@type\":\"PropertyValueSpecification\",\"valueRequired\":true,\"valueName\":\"search_term_string\"}}],\"inLanguage\":\"gl-ES\"},{\"@type\":\"Organization\",\"@id\":\"https:\\\/\\\/www.anovapeneira.gal\\\/#organization\",\"name\":\"A Nova Peneira\",\"url\":\"https:\\\/\\\/www.anovapeneira.gal\\\/\",\"logo\":{\"@type\":\"ImageObject\",\"inLanguage\":\"gl-ES\",\"@id\":\"https:\\\/\\\/www.anovapeneira.gal\\\/#\\\/schema\\\/logo\\\/image\\\/\",\"url\":\"http:\\\/\\\/www.anovapeneira.gal\\\/wp-content\\\/uploads\\\/2019\\\/06\\\/logo_a_nova_peneira_portal_web.png\",\"contentUrl\":\"http:\\\/\\\/www.anovapeneira.gal\\\/wp-content\\\/uploads\\\/2019\\\/06\\\/logo_a_nova_peneira_portal_web.png\",\"width\":300,\"height\":100,\"caption\":\"A Nova Peneira\"},\"image\":{\"@id\":\"https:\\\/\\\/www.anovapeneira.gal\\\/#\\\/schema\\\/logo\\\/image\\\/\"},\"sameAs\":[\"https:\\\/\\\/www.facebook.com\\\/anovapeneira\",\"https:\\\/\\\/x.com\\\/APeneira\"]},{\"@type\":\"Person\",\"@id\":\"https:\\\/\\\/www.anovapeneira.gal\\\/#\\\/schema\\\/person\\\/f18a4feb302e8f20bcef4490b5b60bb3\",\"name\":\"Artigos Opini\u00f3n\",\"image\":{\"@type\":\"ImageObject\",\"inLanguage\":\"gl-ES\",\"@id\":\"https:\\\/\\\/secure.gravatar.com\\\/avatar\\\/072844300f4881150aee2da4278f7a65d16eefdf8262eb67085f1e702de2b959?s=96&d=mm&r=g\",\"url\":\"https:\\\/\\\/secure.gravatar.com\\\/avatar\\\/072844300f4881150aee2da4278f7a65d16eefdf8262eb67085f1e702de2b959?s=96&d=mm&r=g\",\"contentUrl\":\"https:\\\/\\\/secure.gravatar.com\\\/avatar\\\/072844300f4881150aee2da4278f7a65d16eefdf8262eb67085f1e702de2b959?s=96&d=mm&r=g\",\"caption\":\"Artigos Opini\u00f3n\"},\"sameAs\":[\"http:\\\/\\\/anovapeneira.gal\"],\"url\":\"https:\\\/\\\/www.anovapeneira.gal\\\/index.php\\\/author\\\/artigosopinion\\\/\"}]}<\/script>\n<!-- \/ Yoast SEO plugin. -->","yoast_head_json":{"title":"Cristina Fern\u00e1ndez ex alcaldesa de Ponteareas -","robots":{"index":"index","follow":"follow","max-snippet":"max-snippet:-1","max-image-preview":"max-image-preview:large","max-video-preview":"max-video-preview:-1"},"canonical":"https:\/\/www.anovapeneira.gal\/index.php\/2023\/10\/25\/cristina-fernandez-ex-alcaldesa-de-ponteareas\/","og_locale":"gl_ES","og_type":"article","og_title":"Cristina Fern\u00e1ndez ex alcaldesa de Ponteareas -","og_description":"A cidadan\u00eda de Ponteareas nas elecci\u00f3ns do 28 de maio decidiu cambiar o goberno do Concello. O BNG, por suposto, valorou a nova situaci\u00f3n, asumiu o novo estatus e, como non pod\u00eda ser doutro xeito, [...]","og_url":"https:\/\/www.anovapeneira.gal\/index.php\/2023\/10\/25\/cristina-fernandez-ex-alcaldesa-de-ponteareas\/","article_publisher":"https:\/\/www.facebook.com\/anovapeneira","article_published_time":"2023-10-25T08:00:25+00:00","og_image":[{"width":720,"height":432,"url":"https:\/\/www.anovapeneira.gal\/wp-content\/uploads\/2023\/10\/Cristina_Ponteareas.jpg","type":"image\/jpeg"}],"author":"Artigos Opini\u00f3n","twitter_card":"summary_large_image","twitter_creator":"@APeneira","twitter_site":"@APeneira","twitter_misc":{"Escrito por":"Artigos Opini\u00f3n","Tempo de lectura":"5 minutos"},"schema":{"@context":"https:\/\/schema.org","@graph":[{"@type":"Article","@id":"https:\/\/www.anovapeneira.gal\/index.php\/2023\/10\/25\/cristina-fernandez-ex-alcaldesa-de-ponteareas\/#article","isPartOf":{"@id":"https:\/\/www.anovapeneira.gal\/index.php\/2023\/10\/25\/cristina-fernandez-ex-alcaldesa-de-ponteareas\/"},"author":{"name":"Artigos Opini\u00f3n","@id":"https:\/\/www.anovapeneira.gal\/#\/schema\/person\/f18a4feb302e8f20bcef4490b5b60bb3"},"headline":"Cristina Fern\u00e1ndez ex alcaldesa de Ponteareas","datePublished":"2023-10-25T08:00:25+00:00","mainEntityOfPage":{"@id":"https:\/\/www.anovapeneira.gal\/index.php\/2023\/10\/25\/cristina-fernandez-ex-alcaldesa-de-ponteareas\/"},"wordCount":866,"commentCount":0,"publisher":{"@id":"https:\/\/www.anovapeneira.gal\/#organization"},"image":{"@id":"https:\/\/www.anovapeneira.gal\/index.php\/2023\/10\/25\/cristina-fernandez-ex-alcaldesa-de-ponteareas\/#primaryimage"},"thumbnailUrl":"https:\/\/www.anovapeneira.gal\/wp-content\/uploads\/2023\/10\/Cristina_Ponteareas.jpg","keywords":["Concello de Ponteareas"],"articleSection":["Condado"],"inLanguage":"gl-ES","potentialAction":[{"@type":"CommentAction","name":"Comment","target":["https:\/\/www.anovapeneira.gal\/index.php\/2023\/10\/25\/cristina-fernandez-ex-alcaldesa-de-ponteareas\/#respond"]}]},{"@type":"WebPage","@id":"https:\/\/www.anovapeneira.gal\/index.php\/2023\/10\/25\/cristina-fernandez-ex-alcaldesa-de-ponteareas\/","url":"https:\/\/www.anovapeneira.gal\/index.php\/2023\/10\/25\/cristina-fernandez-ex-alcaldesa-de-ponteareas\/","name":"Cristina Fern\u00e1ndez ex alcaldesa de Ponteareas -","isPartOf":{"@id":"https:\/\/www.anovapeneira.gal\/#website"},"primaryImageOfPage":{"@id":"https:\/\/www.anovapeneira.gal\/index.php\/2023\/10\/25\/cristina-fernandez-ex-alcaldesa-de-ponteareas\/#primaryimage"},"image":{"@id":"https:\/\/www.anovapeneira.gal\/index.php\/2023\/10\/25\/cristina-fernandez-ex-alcaldesa-de-ponteareas\/#primaryimage"},"thumbnailUrl":"https:\/\/www.anovapeneira.gal\/wp-content\/uploads\/2023\/10\/Cristina_Ponteareas.jpg","datePublished":"2023-10-25T08:00:25+00:00","breadcrumb":{"@id":"https:\/\/www.anovapeneira.gal\/index.php\/2023\/10\/25\/cristina-fernandez-ex-alcaldesa-de-ponteareas\/#breadcrumb"},"inLanguage":"gl-ES","potentialAction":[{"@type":"ReadAction","target":["https:\/\/www.anovapeneira.gal\/index.php\/2023\/10\/25\/cristina-fernandez-ex-alcaldesa-de-ponteareas\/"]}]},{"@type":"ImageObject","inLanguage":"gl-ES","@id":"https:\/\/www.anovapeneira.gal\/index.php\/2023\/10\/25\/cristina-fernandez-ex-alcaldesa-de-ponteareas\/#primaryimage","url":"https:\/\/www.anovapeneira.gal\/wp-content\/uploads\/2023\/10\/Cristina_Ponteareas.jpg","contentUrl":"https:\/\/www.anovapeneira.gal\/wp-content\/uploads\/2023\/10\/Cristina_Ponteareas.jpg","width":720,"height":432,"caption":"Cristina Fern\u00e1ndez Ponteareas"},{"@type":"BreadcrumbList","@id":"https:\/\/www.anovapeneira.gal\/index.php\/2023\/10\/25\/cristina-fernandez-ex-alcaldesa-de-ponteareas\/#breadcrumb","itemListElement":[{"@type":"ListItem","position":1,"name":"Portada","item":"https:\/\/www.anovapeneira.gal\/"},{"@type":"ListItem","position":2,"name":"Cristina Fern\u00e1ndez ex alcaldesa de Ponteareas"}]},{"@type":"WebSite","@id":"https:\/\/www.anovapeneira.gal\/#website","url":"https:\/\/www.anovapeneira.gal\/","name":"","description":"Xornal galego de informaci\u00f3n xeral Publicaci\u00f3n mensual de novas de Galicia e en especial dos Concellos da sur da provincia de Pontevedra.","publisher":{"@id":"https:\/\/www.anovapeneira.gal\/#organization"},"potentialAction":[{"@type":"SearchAction","target":{"@type":"EntryPoint","urlTemplate":"https:\/\/www.anovapeneira.gal\/?s={search_term_string}"},"query-input":{"@type":"PropertyValueSpecification","valueRequired":true,"valueName":"search_term_string"}}],"inLanguage":"gl-ES"},{"@type":"Organization","@id":"https:\/\/www.anovapeneira.gal\/#organization","name":"A Nova Peneira","url":"https:\/\/www.anovapeneira.gal\/","logo":{"@type":"ImageObject","inLanguage":"gl-ES","@id":"https:\/\/www.anovapeneira.gal\/#\/schema\/logo\/image\/","url":"http:\/\/www.anovapeneira.gal\/wp-content\/uploads\/2019\/06\/logo_a_nova_peneira_portal_web.png","contentUrl":"http:\/\/www.anovapeneira.gal\/wp-content\/uploads\/2019\/06\/logo_a_nova_peneira_portal_web.png","width":300,"height":100,"caption":"A Nova Peneira"},"image":{"@id":"https:\/\/www.anovapeneira.gal\/#\/schema\/logo\/image\/"},"sameAs":["https:\/\/www.facebook.com\/anovapeneira","https:\/\/x.com\/APeneira"]},{"@type":"Person","@id":"https:\/\/www.anovapeneira.gal\/#\/schema\/person\/f18a4feb302e8f20bcef4490b5b60bb3","name":"Artigos Opini\u00f3n","image":{"@type":"ImageObject","inLanguage":"gl-ES","@id":"https:\/\/secure.gravatar.com\/avatar\/072844300f4881150aee2da4278f7a65d16eefdf8262eb67085f1e702de2b959?s=96&d=mm&r=g","url":"https:\/\/secure.gravatar.com\/avatar\/072844300f4881150aee2da4278f7a65d16eefdf8262eb67085f1e702de2b959?s=96&d=mm&r=g","contentUrl":"https:\/\/secure.gravatar.com\/avatar\/072844300f4881150aee2da4278f7a65d16eefdf8262eb67085f1e702de2b959?s=96&d=mm&r=g","caption":"Artigos Opini\u00f3n"},"sameAs":["http:\/\/anovapeneira.gal"],"url":"https:\/\/www.anovapeneira.gal\/index.php\/author\/artigosopinion\/"}]}},"jetpack_featured_media_url":"https:\/\/www.anovapeneira.gal\/wp-content\/uploads\/2023\/10\/Cristina_Ponteareas.jpg","_links":{"self":[{"href":"https:\/\/www.anovapeneira.gal\/index.php\/wp-json\/wp\/v2\/posts\/10648","targetHints":{"allow":["GET"]}}],"collection":[{"href":"https:\/\/www.anovapeneira.gal\/index.php\/wp-json\/wp\/v2\/posts"}],"about":[{"href":"https:\/\/www.anovapeneira.gal\/index.php\/wp-json\/wp\/v2\/types\/post"}],"author":[{"embeddable":true,"href":"https:\/\/www.anovapeneira.gal\/index.php\/wp-json\/wp\/v2\/users\/12"}],"replies":[{"embeddable":true,"href":"https:\/\/www.anovapeneira.gal\/index.php\/wp-json\/wp\/v2\/comments?post=10648"}],"version-history":[{"count":1,"href":"https:\/\/www.anovapeneira.gal\/index.php\/wp-json\/wp\/v2\/posts\/10648\/revisions"}],"predecessor-version":[{"id":10650,"href":"https:\/\/www.anovapeneira.gal\/index.php\/wp-json\/wp\/v2\/posts\/10648\/revisions\/10650"}],"wp:featuredmedia":[{"embeddable":true,"href":"https:\/\/www.anovapeneira.gal\/index.php\/wp-json\/wp\/v2\/media\/10649"}],"wp:attachment":[{"href":"https:\/\/www.anovapeneira.gal\/index.php\/wp-json\/wp\/v2\/media?parent=10648"}],"wp:term":[{"taxonomy":"category","embeddable":true,"href":"https:\/\/www.anovapeneira.gal\/index.php\/wp-json\/wp\/v2\/categories?post=10648"},{"taxonomy":"post_tag","embeddable":true,"href":"https:\/\/www.anovapeneira.gal\/index.php\/wp-json\/wp\/v2\/tags?post=10648"}],"curies":[{"name":"wp","href":"https:\/\/api.w.org\/{rel}","templated":true}]}}