{"id":10654,"date":"2023-10-26T10:00:01","date_gmt":"2023-10-26T08:00:01","guid":{"rendered":"https:\/\/www.anovapeneira.gal\/?p=10654"},"modified":"2023-10-25T09:57:31","modified_gmt":"2023-10-25T07:57:31","slug":"cousas-de-salvaterra-11","status":"publish","type":"post","link":"https:\/\/www.anovapeneira.gal\/index.php\/2023\/10\/26\/cousas-de-salvaterra-11\/","title":{"rendered":"Cousas de Salvaterra:"},"content":{"rendered":"\n<h2 class=\"wp-block-heading\">Guerra Restauraci\u00f3n Portuguesa, ano 1644. (Ven de setembro).<\/h2>\n\n\n\n<figure class=\"wp-block-image size-full is-resized\"><img loading=\"lazy\" decoding=\"async\" width=\"190\" height=\"229\" src=\"https:\/\/www.anovapeneira.gal\/wp-content\/uploads\/2022\/08\/opinion_anton_saque.jpg\" alt=\"Ant\u00f3n Lourenzo, veci\u00f1o da Vila\" class=\"wp-image-8006\" style=\"aspect-ratio:0.8296943231441049;width:70px;height:auto\"\/><figcaption class=\"wp-element-caption\">Ant\u00f3n Lourenzo, veci\u00f1o da Vila<\/figcaption><\/figure>\n\n\n\n<p>Pasados alg\u00fans d\u00edas, derrotou o Capit\u00e1n Antonio de Abreu d\u00faas compa\u00f1\u00edas de Infanter\u00eda pagas, que se aloxaban no lugar de Sorga, \u00f3 que lle puxo fogo. Igual suceso tivo o Sarxento Maior Luis de Oliveiros Famel con outras d\u00faas compa\u00f1\u00edas de Infanter\u00eda, que se aloxaban nas ru\u00ednas do lugar de Li\u00f1ares. O Marqu\u00e9s de T\u00e1vora procuraba non perder ocasi\u00f3n de molestarnos con igual dano. Mandou fabricar no lugar de Tamuxe cantidade de barcos grandes, determinando conseguir con eles empresas de importancia. En canto que o Conde de Castell-Melhor tivo esta noticia, mandou a Francisco de Fran\u00e7a con 500 Infantes e a Rodrigo Pereyra Sotto Maior, Alcaide Maior e Gobernador de Caminha con outros 400, e ordenoulles que trouxesen ou queimasen todos os barcos que o inimigo fabricaba. Embarc\u00e1ronse, e divididos, envestiron os dous lados da ponte de Tamuxe, chegando ambos o mesmo tempo, fix\u00e9ronse se\u00f1ores de 35 barcos que estaban no R\u00edo e a outros que se estaban fabricando en terra, pux\u00e9ronlles lume. Animados deste bo suceso, excedendo a orde que levaban, que era retirarse, conseguida a empresa dos barcos, marcharon a queimar alg\u00fans lugares daquel distrito. Deron con este exceso tempo a Don Lu\u00eds de Viveros para reunir toda a xente do seu Tercio e dos lugares veci\u00f1os, a xuntar tres batall\u00f3ns de Cabaler\u00eda e con este poder viu buscar a nosa xente. Tanto que Francisco de Fran\u00e7a e Rodrigo Pereira reco\u00f1ecendo o perigo a que estaban expostos, formaron a Infanter\u00eda e vi\u00f1\u00e9ronse os barcos. Non lles deu \u00f3 inimigo tempo a embarcarse, envestiunos valerosamente e foi de tal magnitude o encontro que durou tres horas de loita, pelex\u00e1ndose con igual valor de ambas partes. Neste tempo conseguiu con grande destreza a nosa xente irse achegando o r\u00edo conseguindo embarcar a vangarda. Creceu o perigo a os que ficaban na retagarda, pero defend\u00e9ndose con gran valor lograron embarcarse finalmente xa coa auga pola cintura, axudados pola mosqueter\u00eda dos barcos. O Capit\u00e1n de aventureiros, Antonio de Queir\u00f3s Mascarenhas, que nesta e noutras ocasi\u00f3ns se sinalou con gran valor, Pedro de Betancor, Jo\u00e3o da Cunha e os Capit\u00e1ns Pedro Roiz de Sousa e Rodrigo Pereira regresaron feridos. Ficaron mortos 25 soldados, afog\u00e1ronse oito nun barco que emborcou, feridos foron outros 30. Inda as\u00ed lograron traer consigo os 35 barcos do inimigo m\u00e1is os despoxos dos lugares que queimaron.<\/p>\n\n\n\n<p>Sentiu moito o Conde de Castell-Mellor esta desorden e desexando emendala da mellor maneira, mandou a Lopo Pereira de Lima, Gobernador de Salvaterra con 500 Infantes, e \u00f3 Tenente Lan\u00fa, valeroso franc\u00e9s, con 60 cabalos, que se emboscaran xunto a unha quinta, media legua de Salvaterra, onde o inimigo acostumaba adiantar as tropas da sua forza pero foran descubertos e non chegaron os Galegos a sair.<\/p>\n\n\n\n<p>Lan\u00fa, vendo a xornada infrutuosa, adiantouse \u00e1 Infanter\u00eda, pero foi descuberto, sa\u00edndolles o encontro a cabaler\u00eda que o fixeron retirar con facilidade. Incorporouse de novo \u00e1 Infanter\u00eda e querendo Lopo Pereyra retirarse para Salvaterra, deuse conta que o inimigo lle cortaba a retirada con mil infantes das guarnici\u00f3ns de Fornelos, Meder e outros cuarteis pr\u00f3ximos.<\/p>\n\n\n\n<p>Non s\u00f3 se xuntaran mil Infantes e algunha cabaler\u00eda que vi\u00f1era con eles, pois en socorro destes vi\u00f1an marchando outros 600 Infantes. Vendo Lopo Pereyra o perigo a que se expu\u00f1a se os dous corpos atacasen o mesmo tempo, envestiu co primeiro que lle cortara o paso, axudado de Lan\u00fa, levando todos os soldados as espadas na man, e sen valerlle o inimigo a vantaxe do poder, foron atacados os mil Infantes, perdendo a vida 90.<\/p>\n\n\n\n<p>Lopo Pereyra recolleuse en Salvaterra, traendo consigo dous Capit\u00e1ns e un Sarxento prisioneiros, e solo dez feridos dos seus soldados. Estimou o Conde este suceso, como merec\u00eda o valor con que se conseguiu. Sinalouse nel, como en outras ocasi\u00f3ns o fixera, Diogo de Britto Coutinho, trinchante do Rey.<\/p>\n\n\n\n<p>Desexando o Marqu\u00e9s de T\u00e1vora librar os lugares da Galiza da opresi\u00f3n que padec\u00edan coas continuas entradas procedentes do baluarte de Salvaterra, mandou levantar dous redutos na Ch\u00e1n da Salgosa, media legua distante. Decidido o Conde de Castell-Melhor a desfacer este incomodo, ordenou \u00f3 Mestre de Campo Diogo de Mello Pereyra que con 500 Infantes e 80 cabalos atacar estes redutos. Executou el a orden con tanto \u00e9xito, que levando na vangarda os Capit\u00e1ns Antonio de Queyr\u00f3s e Rodrigo de Moura Coutinho, o romper o d\u00eda foran atacados e rendidos ditos redutos, ficando mortos e prisioneiros todos os oficiais e soldados que os guarnec\u00edan. O mesmo resultado tiveran catro compa\u00f1\u00edas de Infanter\u00eda, que vi\u00f1eran dar socorro \u00f3s redutos, foron desbaratadas con pouca resistencia.<\/p>\n\n\n\n<p>Seguido deste ataque mandou o Conde de Castell-Melhor \u00f3 mesmo Mestre de Campo Diogo de Mello con 700 Infantes a queimar os lugares que poboaban a marxe do R\u00edo Mi\u00f1\u00f3 pola parte do val de Ribarteme, que eran muitos e ricos. Receando o perigo da retirada, por estar aloxados por quel distrito os Mestres de Campo D. Gabriel de Queyr\u00f3s, D. Benito de Abaldrez e D. Francisco de Valladares cos seus tercios, mandou fabricar na vila de Valadares unha grande barca. Aproveitando que o r\u00edo por aquela parte corre moi acantilado, non pod\u00eda supor o inimigo que por ela se retirase a nosa xente. Executou Diogo de Mello a empresa con grande dano daquel distrito, e en canto os tres Mestres de Campo Castel\u00e1ns con 2000 Infantes o agardaban na estrada de Salvaterra, onde supu\u00f1an encontralos na retirada, pasou a Valadares na barca que estaba preparada, e axudados dunha maroma, retirouse toda a xente sen m\u00e1is oposici\u00f3n que a de alg\u00fans paisanos, resistindo con moito valor polo Capit\u00e1n Antonio de Abreu, sendo o \u00faltimo que se embarcou con unha bala nunha perna.<\/p>\n\n\n\n<p>Continuar\u00e1\u2026<\/p>\n\n\n\n<p>\u201cHistoria do Portugal restaurado. Lu\u00eds de Meneses. Biblioteca Nnal. Lisboa.\u201d<\/p>\n\n\n\n<p>Salvaterra de Mi\u00f1o a 13 de outubro do 2023<\/p>\n\n\n\n<p>A. Lorenzo Gonz\u00e1lez, \u201cAnt\u00f3n Xaque\u201d.<\/p>\n","protected":false},"excerpt":{"rendered":"<div class=\"mh-excerpt\"><p>Pasados alg\u00fans d\u00edas, derrotou o Capit\u00e1n Antonio de Abreu d\u00faas compa\u00f1\u00edas de Infanter\u00eda pagas, que se aloxaban no lugar de Sorga, \u00f3 que lle puxo fogo. Igual suceso tivo o Sarxento Maior Luis de Oliveiros Famel con outras d\u00faas compa\u00f1\u00edas de Infanter\u00eda, que se aloxaban nas ru\u00ednas do lugar de Li\u00f1ares <a class=\"mh-excerpt-more\" href=\"https:\/\/www.anovapeneira.gal\/index.php\/2023\/10\/26\/cousas-de-salvaterra-11\/\" title=\"Cousas de Salvaterra:\">[&#8230;]<\/a><\/p>\n<\/div>","protected":false},"author":34,"featured_media":10656,"comment_status":"open","ping_status":"open","sticky":false,"template":"","format":"standard","meta":{"_exactmetrics_skip_tracking":false,"_exactmetrics_sitenote_active":false,"_exactmetrics_sitenote_note":"","_exactmetrics_sitenote_category":0,"footnotes":""},"categories":[7],"tags":[1300],"class_list":{"0":"post-10654","1":"post","2":"type-post","3":"status-publish","4":"format-standard","5":"has-post-thumbnail","7":"category-artigos-de-opinion","8":"tag-concello-de-salvaterra-de-mino"},"yoast_head":"<!-- This site is optimized with the Yoast SEO plugin v27.4 - https:\/\/yoast.com\/product\/yoast-seo-wordpress\/ -->\n<title>Cousas de Salvaterra: -<\/title>\n<meta name=\"description\" content=\"Pasados alg\u00fans d\u00edas, derrotou o Capit\u00e1n Antonio de Abreu d\u00faas compa\u00f1\u00edas de Infanter\u00eda pagas, que se aloxaban no lugar de Sorga, \u00f3 que lle puxo fogo. Igual suceso tivo o Sarxento Maior Luis de Oliveiros Famel con outras d\u00faas compa\u00f1\u00edas de Infanter\u00eda, que se aloxaban nas ru\u00ednas do lugar de Li\u00f1ares\" \/>\n<meta name=\"robots\" content=\"index, follow, max-snippet:-1, max-image-preview:large, max-video-preview:-1\" \/>\n<link rel=\"canonical\" href=\"https:\/\/www.anovapeneira.gal\/index.php\/2023\/10\/26\/cousas-de-salvaterra-11\/\" \/>\n<meta property=\"og:locale\" content=\"gl_ES\" \/>\n<meta property=\"og:type\" content=\"article\" \/>\n<meta property=\"og:title\" content=\"Cousas de Salvaterra: -\" \/>\n<meta property=\"og:description\" content=\"Pasados alg\u00fans d\u00edas, derrotou o Capit\u00e1n Antonio de Abreu d\u00faas compa\u00f1\u00edas de Infanter\u00eda pagas, que se aloxaban no lugar de Sorga, \u00f3 que lle puxo fogo. Igual suceso tivo o Sarxento Maior Luis de Oliveiros Famel con outras d\u00faas compa\u00f1\u00edas de Infanter\u00eda, que se aloxaban nas ru\u00ednas do lugar de Li\u00f1ares\" \/>\n<meta property=\"og:url\" content=\"https:\/\/www.anovapeneira.gal\/index.php\/2023\/10\/26\/cousas-de-salvaterra-11\/\" \/>\n<meta property=\"article:publisher\" content=\"https:\/\/www.facebook.com\/anovapeneira\" \/>\n<meta property=\"article:published_time\" content=\"2023-10-26T08:00:01+00:00\" \/>\n<meta property=\"og:image\" content=\"https:\/\/www.anovapeneira.gal\/wp-content\/uploads\/2023\/10\/salvaterra_cousas.jpg\" \/>\n\t<meta property=\"og:image:width\" content=\"720\" \/>\n\t<meta property=\"og:image:height\" content=\"432\" \/>\n\t<meta property=\"og:image:type\" content=\"image\/jpeg\" \/>\n<meta name=\"author\" content=\"Ant\u00f3n Lorenzo Gonz\u00e1lez\" \/>\n<meta name=\"twitter:card\" content=\"summary_large_image\" \/>\n<meta name=\"twitter:image\" content=\"https:\/\/www.anovapeneira.gal\/wp-content\/uploads\/2023\/10\/salvaterra_cousas.jpg\" \/>\n<meta name=\"twitter:creator\" content=\"@APeneira\" \/>\n<meta name=\"twitter:site\" content=\"@APeneira\" \/>\n<meta name=\"twitter:label1\" content=\"Escrito por\" \/>\n\t<meta name=\"twitter:data1\" content=\"Ant\u00f3n Lorenzo Gonz\u00e1lez\" \/>\n\t<meta name=\"twitter:label2\" content=\"Tempo de lectura\" \/>\n\t<meta name=\"twitter:data2\" content=\"6 minutos\" \/>\n<script type=\"application\/ld+json\" class=\"yoast-schema-graph\">{\"@context\":\"https:\\\/\\\/schema.org\",\"@graph\":[{\"@type\":\"Article\",\"@id\":\"https:\\\/\\\/www.anovapeneira.gal\\\/index.php\\\/2023\\\/10\\\/26\\\/cousas-de-salvaterra-11\\\/#article\",\"isPartOf\":{\"@id\":\"https:\\\/\\\/www.anovapeneira.gal\\\/index.php\\\/2023\\\/10\\\/26\\\/cousas-de-salvaterra-11\\\/\"},\"author\":{\"name\":\"Ant\u00f3n Lorenzo Gonz\u00e1lez\",\"@id\":\"https:\\\/\\\/www.anovapeneira.gal\\\/#\\\/schema\\\/person\\\/1bf91cd240796d05b6522e3d8a6e2d8e\"},\"headline\":\"Cousas de Salvaterra:\",\"datePublished\":\"2023-10-26T08:00:01+00:00\",\"mainEntityOfPage\":{\"@id\":\"https:\\\/\\\/www.anovapeneira.gal\\\/index.php\\\/2023\\\/10\\\/26\\\/cousas-de-salvaterra-11\\\/\"},\"wordCount\":1037,\"commentCount\":0,\"publisher\":{\"@id\":\"https:\\\/\\\/www.anovapeneira.gal\\\/#organization\"},\"image\":{\"@id\":\"https:\\\/\\\/www.anovapeneira.gal\\\/index.php\\\/2023\\\/10\\\/26\\\/cousas-de-salvaterra-11\\\/#primaryimage\"},\"thumbnailUrl\":\"https:\\\/\\\/www.anovapeneira.gal\\\/wp-content\\\/uploads\\\/2023\\\/10\\\/salvaterra_cousas.jpg\",\"keywords\":[\"Concello de Salvaterra de Mi\u00f1o\"],\"articleSection\":[\"Artigos de opini\u00f3n\"],\"inLanguage\":\"gl-ES\",\"potentialAction\":[{\"@type\":\"CommentAction\",\"name\":\"Comment\",\"target\":[\"https:\\\/\\\/www.anovapeneira.gal\\\/index.php\\\/2023\\\/10\\\/26\\\/cousas-de-salvaterra-11\\\/#respond\"]}]},{\"@type\":\"WebPage\",\"@id\":\"https:\\\/\\\/www.anovapeneira.gal\\\/index.php\\\/2023\\\/10\\\/26\\\/cousas-de-salvaterra-11\\\/\",\"url\":\"https:\\\/\\\/www.anovapeneira.gal\\\/index.php\\\/2023\\\/10\\\/26\\\/cousas-de-salvaterra-11\\\/\",\"name\":\"Cousas de Salvaterra: -\",\"isPartOf\":{\"@id\":\"https:\\\/\\\/www.anovapeneira.gal\\\/#website\"},\"primaryImageOfPage\":{\"@id\":\"https:\\\/\\\/www.anovapeneira.gal\\\/index.php\\\/2023\\\/10\\\/26\\\/cousas-de-salvaterra-11\\\/#primaryimage\"},\"image\":{\"@id\":\"https:\\\/\\\/www.anovapeneira.gal\\\/index.php\\\/2023\\\/10\\\/26\\\/cousas-de-salvaterra-11\\\/#primaryimage\"},\"thumbnailUrl\":\"https:\\\/\\\/www.anovapeneira.gal\\\/wp-content\\\/uploads\\\/2023\\\/10\\\/salvaterra_cousas.jpg\",\"datePublished\":\"2023-10-26T08:00:01+00:00\",\"description\":\"Pasados alg\u00fans d\u00edas, derrotou o Capit\u00e1n Antonio de Abreu d\u00faas compa\u00f1\u00edas de Infanter\u00eda pagas, que se aloxaban no lugar de Sorga, \u00f3 que lle puxo fogo. Igual suceso tivo o Sarxento Maior Luis de Oliveiros Famel con outras d\u00faas compa\u00f1\u00edas de Infanter\u00eda, que se aloxaban nas ru\u00ednas do lugar de Li\u00f1ares\",\"breadcrumb\":{\"@id\":\"https:\\\/\\\/www.anovapeneira.gal\\\/index.php\\\/2023\\\/10\\\/26\\\/cousas-de-salvaterra-11\\\/#breadcrumb\"},\"inLanguage\":\"gl-ES\",\"potentialAction\":[{\"@type\":\"ReadAction\",\"target\":[\"https:\\\/\\\/www.anovapeneira.gal\\\/index.php\\\/2023\\\/10\\\/26\\\/cousas-de-salvaterra-11\\\/\"]}]},{\"@type\":\"ImageObject\",\"inLanguage\":\"gl-ES\",\"@id\":\"https:\\\/\\\/www.anovapeneira.gal\\\/index.php\\\/2023\\\/10\\\/26\\\/cousas-de-salvaterra-11\\\/#primaryimage\",\"url\":\"https:\\\/\\\/www.anovapeneira.gal\\\/wp-content\\\/uploads\\\/2023\\\/10\\\/salvaterra_cousas.jpg\",\"contentUrl\":\"https:\\\/\\\/www.anovapeneira.gal\\\/wp-content\\\/uploads\\\/2023\\\/10\\\/salvaterra_cousas.jpg\",\"width\":720,\"height\":432,\"caption\":\"Guerra Restauraci\u00f3n Portuguesa, Cousas Salvaterra\"},{\"@type\":\"BreadcrumbList\",\"@id\":\"https:\\\/\\\/www.anovapeneira.gal\\\/index.php\\\/2023\\\/10\\\/26\\\/cousas-de-salvaterra-11\\\/#breadcrumb\",\"itemListElement\":[{\"@type\":\"ListItem\",\"position\":1,\"name\":\"Portada\",\"item\":\"https:\\\/\\\/www.anovapeneira.gal\\\/\"},{\"@type\":\"ListItem\",\"position\":2,\"name\":\"Cousas de Salvaterra:\"}]},{\"@type\":\"WebSite\",\"@id\":\"https:\\\/\\\/www.anovapeneira.gal\\\/#website\",\"url\":\"https:\\\/\\\/www.anovapeneira.gal\\\/\",\"name\":\"\",\"description\":\"Xornal galego de informaci\u00f3n xeral Publicaci\u00f3n mensual de novas de Galicia e en especial dos Concellos da sur da provincia de Pontevedra.\",\"publisher\":{\"@id\":\"https:\\\/\\\/www.anovapeneira.gal\\\/#organization\"},\"potentialAction\":[{\"@type\":\"SearchAction\",\"target\":{\"@type\":\"EntryPoint\",\"urlTemplate\":\"https:\\\/\\\/www.anovapeneira.gal\\\/?s={search_term_string}\"},\"query-input\":{\"@type\":\"PropertyValueSpecification\",\"valueRequired\":true,\"valueName\":\"search_term_string\"}}],\"inLanguage\":\"gl-ES\"},{\"@type\":\"Organization\",\"@id\":\"https:\\\/\\\/www.anovapeneira.gal\\\/#organization\",\"name\":\"A Nova Peneira\",\"url\":\"https:\\\/\\\/www.anovapeneira.gal\\\/\",\"logo\":{\"@type\":\"ImageObject\",\"inLanguage\":\"gl-ES\",\"@id\":\"https:\\\/\\\/www.anovapeneira.gal\\\/#\\\/schema\\\/logo\\\/image\\\/\",\"url\":\"http:\\\/\\\/www.anovapeneira.gal\\\/wp-content\\\/uploads\\\/2019\\\/06\\\/logo_a_nova_peneira_portal_web.png\",\"contentUrl\":\"http:\\\/\\\/www.anovapeneira.gal\\\/wp-content\\\/uploads\\\/2019\\\/06\\\/logo_a_nova_peneira_portal_web.png\",\"width\":300,\"height\":100,\"caption\":\"A Nova Peneira\"},\"image\":{\"@id\":\"https:\\\/\\\/www.anovapeneira.gal\\\/#\\\/schema\\\/logo\\\/image\\\/\"},\"sameAs\":[\"https:\\\/\\\/www.facebook.com\\\/anovapeneira\",\"https:\\\/\\\/x.com\\\/APeneira\"]},{\"@type\":\"Person\",\"@id\":\"https:\\\/\\\/www.anovapeneira.gal\\\/#\\\/schema\\\/person\\\/1bf91cd240796d05b6522e3d8a6e2d8e\",\"name\":\"Ant\u00f3n Lorenzo Gonz\u00e1lez\",\"image\":{\"@type\":\"ImageObject\",\"inLanguage\":\"gl-ES\",\"@id\":\"https:\\\/\\\/secure.gravatar.com\\\/avatar\\\/dcd882e8f4338e07610336943426400d525673506eb37ce59442ba704e5cc971?s=96&d=mm&r=g\",\"url\":\"https:\\\/\\\/secure.gravatar.com\\\/avatar\\\/dcd882e8f4338e07610336943426400d525673506eb37ce59442ba704e5cc971?s=96&d=mm&r=g\",\"contentUrl\":\"https:\\\/\\\/secure.gravatar.com\\\/avatar\\\/dcd882e8f4338e07610336943426400d525673506eb37ce59442ba704e5cc971?s=96&d=mm&r=g\",\"caption\":\"Ant\u00f3n Lorenzo Gonz\u00e1lez\"},\"url\":\"https:\\\/\\\/www.anovapeneira.gal\\\/index.php\\\/author\\\/xaque\\\/\"}]}<\/script>\n<!-- \/ Yoast SEO plugin. -->","yoast_head_json":{"title":"Cousas de Salvaterra: -","description":"Pasados alg\u00fans d\u00edas, derrotou o Capit\u00e1n Antonio de Abreu d\u00faas compa\u00f1\u00edas de Infanter\u00eda pagas, que se aloxaban no lugar de Sorga, \u00f3 que lle puxo fogo. Igual suceso tivo o Sarxento Maior Luis de Oliveiros Famel con outras d\u00faas compa\u00f1\u00edas de Infanter\u00eda, que se aloxaban nas ru\u00ednas do lugar de Li\u00f1ares","robots":{"index":"index","follow":"follow","max-snippet":"max-snippet:-1","max-image-preview":"max-image-preview:large","max-video-preview":"max-video-preview:-1"},"canonical":"https:\/\/www.anovapeneira.gal\/index.php\/2023\/10\/26\/cousas-de-salvaterra-11\/","og_locale":"gl_ES","og_type":"article","og_title":"Cousas de Salvaterra: -","og_description":"Pasados alg\u00fans d\u00edas, derrotou o Capit\u00e1n Antonio de Abreu d\u00faas compa\u00f1\u00edas de Infanter\u00eda pagas, que se aloxaban no lugar de Sorga, \u00f3 que lle puxo fogo. Igual suceso tivo o Sarxento Maior Luis de Oliveiros Famel con outras d\u00faas compa\u00f1\u00edas de Infanter\u00eda, que se aloxaban nas ru\u00ednas do lugar de Li\u00f1ares","og_url":"https:\/\/www.anovapeneira.gal\/index.php\/2023\/10\/26\/cousas-de-salvaterra-11\/","article_publisher":"https:\/\/www.facebook.com\/anovapeneira","article_published_time":"2023-10-26T08:00:01+00:00","og_image":[{"width":720,"height":432,"url":"https:\/\/www.anovapeneira.gal\/wp-content\/uploads\/2023\/10\/salvaterra_cousas.jpg","type":"image\/jpeg"}],"author":"Ant\u00f3n Lorenzo Gonz\u00e1lez","twitter_card":"summary_large_image","twitter_image":"https:\/\/www.anovapeneira.gal\/wp-content\/uploads\/2023\/10\/salvaterra_cousas.jpg","twitter_creator":"@APeneira","twitter_site":"@APeneira","twitter_misc":{"Escrito por":"Ant\u00f3n Lorenzo Gonz\u00e1lez","Tempo de lectura":"6 minutos"},"schema":{"@context":"https:\/\/schema.org","@graph":[{"@type":"Article","@id":"https:\/\/www.anovapeneira.gal\/index.php\/2023\/10\/26\/cousas-de-salvaterra-11\/#article","isPartOf":{"@id":"https:\/\/www.anovapeneira.gal\/index.php\/2023\/10\/26\/cousas-de-salvaterra-11\/"},"author":{"name":"Ant\u00f3n Lorenzo Gonz\u00e1lez","@id":"https:\/\/www.anovapeneira.gal\/#\/schema\/person\/1bf91cd240796d05b6522e3d8a6e2d8e"},"headline":"Cousas de Salvaterra:","datePublished":"2023-10-26T08:00:01+00:00","mainEntityOfPage":{"@id":"https:\/\/www.anovapeneira.gal\/index.php\/2023\/10\/26\/cousas-de-salvaterra-11\/"},"wordCount":1037,"commentCount":0,"publisher":{"@id":"https:\/\/www.anovapeneira.gal\/#organization"},"image":{"@id":"https:\/\/www.anovapeneira.gal\/index.php\/2023\/10\/26\/cousas-de-salvaterra-11\/#primaryimage"},"thumbnailUrl":"https:\/\/www.anovapeneira.gal\/wp-content\/uploads\/2023\/10\/salvaterra_cousas.jpg","keywords":["Concello de Salvaterra de Mi\u00f1o"],"articleSection":["Artigos de opini\u00f3n"],"inLanguage":"gl-ES","potentialAction":[{"@type":"CommentAction","name":"Comment","target":["https:\/\/www.anovapeneira.gal\/index.php\/2023\/10\/26\/cousas-de-salvaterra-11\/#respond"]}]},{"@type":"WebPage","@id":"https:\/\/www.anovapeneira.gal\/index.php\/2023\/10\/26\/cousas-de-salvaterra-11\/","url":"https:\/\/www.anovapeneira.gal\/index.php\/2023\/10\/26\/cousas-de-salvaterra-11\/","name":"Cousas de Salvaterra: -","isPartOf":{"@id":"https:\/\/www.anovapeneira.gal\/#website"},"primaryImageOfPage":{"@id":"https:\/\/www.anovapeneira.gal\/index.php\/2023\/10\/26\/cousas-de-salvaterra-11\/#primaryimage"},"image":{"@id":"https:\/\/www.anovapeneira.gal\/index.php\/2023\/10\/26\/cousas-de-salvaterra-11\/#primaryimage"},"thumbnailUrl":"https:\/\/www.anovapeneira.gal\/wp-content\/uploads\/2023\/10\/salvaterra_cousas.jpg","datePublished":"2023-10-26T08:00:01+00:00","description":"Pasados alg\u00fans d\u00edas, derrotou o Capit\u00e1n Antonio de Abreu d\u00faas compa\u00f1\u00edas de Infanter\u00eda pagas, que se aloxaban no lugar de Sorga, \u00f3 que lle puxo fogo. Igual suceso tivo o Sarxento Maior Luis de Oliveiros Famel con outras d\u00faas compa\u00f1\u00edas de Infanter\u00eda, que se aloxaban nas ru\u00ednas do lugar de Li\u00f1ares","breadcrumb":{"@id":"https:\/\/www.anovapeneira.gal\/index.php\/2023\/10\/26\/cousas-de-salvaterra-11\/#breadcrumb"},"inLanguage":"gl-ES","potentialAction":[{"@type":"ReadAction","target":["https:\/\/www.anovapeneira.gal\/index.php\/2023\/10\/26\/cousas-de-salvaterra-11\/"]}]},{"@type":"ImageObject","inLanguage":"gl-ES","@id":"https:\/\/www.anovapeneira.gal\/index.php\/2023\/10\/26\/cousas-de-salvaterra-11\/#primaryimage","url":"https:\/\/www.anovapeneira.gal\/wp-content\/uploads\/2023\/10\/salvaterra_cousas.jpg","contentUrl":"https:\/\/www.anovapeneira.gal\/wp-content\/uploads\/2023\/10\/salvaterra_cousas.jpg","width":720,"height":432,"caption":"Guerra Restauraci\u00f3n Portuguesa, Cousas Salvaterra"},{"@type":"BreadcrumbList","@id":"https:\/\/www.anovapeneira.gal\/index.php\/2023\/10\/26\/cousas-de-salvaterra-11\/#breadcrumb","itemListElement":[{"@type":"ListItem","position":1,"name":"Portada","item":"https:\/\/www.anovapeneira.gal\/"},{"@type":"ListItem","position":2,"name":"Cousas de Salvaterra:"}]},{"@type":"WebSite","@id":"https:\/\/www.anovapeneira.gal\/#website","url":"https:\/\/www.anovapeneira.gal\/","name":"","description":"Xornal galego de informaci\u00f3n xeral Publicaci\u00f3n mensual de novas de Galicia e en especial dos Concellos da sur da provincia de Pontevedra.","publisher":{"@id":"https:\/\/www.anovapeneira.gal\/#organization"},"potentialAction":[{"@type":"SearchAction","target":{"@type":"EntryPoint","urlTemplate":"https:\/\/www.anovapeneira.gal\/?s={search_term_string}"},"query-input":{"@type":"PropertyValueSpecification","valueRequired":true,"valueName":"search_term_string"}}],"inLanguage":"gl-ES"},{"@type":"Organization","@id":"https:\/\/www.anovapeneira.gal\/#organization","name":"A Nova Peneira","url":"https:\/\/www.anovapeneira.gal\/","logo":{"@type":"ImageObject","inLanguage":"gl-ES","@id":"https:\/\/www.anovapeneira.gal\/#\/schema\/logo\/image\/","url":"http:\/\/www.anovapeneira.gal\/wp-content\/uploads\/2019\/06\/logo_a_nova_peneira_portal_web.png","contentUrl":"http:\/\/www.anovapeneira.gal\/wp-content\/uploads\/2019\/06\/logo_a_nova_peneira_portal_web.png","width":300,"height":100,"caption":"A Nova Peneira"},"image":{"@id":"https:\/\/www.anovapeneira.gal\/#\/schema\/logo\/image\/"},"sameAs":["https:\/\/www.facebook.com\/anovapeneira","https:\/\/x.com\/APeneira"]},{"@type":"Person","@id":"https:\/\/www.anovapeneira.gal\/#\/schema\/person\/1bf91cd240796d05b6522e3d8a6e2d8e","name":"Ant\u00f3n Lorenzo Gonz\u00e1lez","image":{"@type":"ImageObject","inLanguage":"gl-ES","@id":"https:\/\/secure.gravatar.com\/avatar\/dcd882e8f4338e07610336943426400d525673506eb37ce59442ba704e5cc971?s=96&d=mm&r=g","url":"https:\/\/secure.gravatar.com\/avatar\/dcd882e8f4338e07610336943426400d525673506eb37ce59442ba704e5cc971?s=96&d=mm&r=g","contentUrl":"https:\/\/secure.gravatar.com\/avatar\/dcd882e8f4338e07610336943426400d525673506eb37ce59442ba704e5cc971?s=96&d=mm&r=g","caption":"Ant\u00f3n Lorenzo Gonz\u00e1lez"},"url":"https:\/\/www.anovapeneira.gal\/index.php\/author\/xaque\/"}]}},"jetpack_featured_media_url":"https:\/\/www.anovapeneira.gal\/wp-content\/uploads\/2023\/10\/salvaterra_cousas.jpg","_links":{"self":[{"href":"https:\/\/www.anovapeneira.gal\/index.php\/wp-json\/wp\/v2\/posts\/10654","targetHints":{"allow":["GET"]}}],"collection":[{"href":"https:\/\/www.anovapeneira.gal\/index.php\/wp-json\/wp\/v2\/posts"}],"about":[{"href":"https:\/\/www.anovapeneira.gal\/index.php\/wp-json\/wp\/v2\/types\/post"}],"author":[{"embeddable":true,"href":"https:\/\/www.anovapeneira.gal\/index.php\/wp-json\/wp\/v2\/users\/34"}],"replies":[{"embeddable":true,"href":"https:\/\/www.anovapeneira.gal\/index.php\/wp-json\/wp\/v2\/comments?post=10654"}],"version-history":[{"count":1,"href":"https:\/\/www.anovapeneira.gal\/index.php\/wp-json\/wp\/v2\/posts\/10654\/revisions"}],"predecessor-version":[{"id":10655,"href":"https:\/\/www.anovapeneira.gal\/index.php\/wp-json\/wp\/v2\/posts\/10654\/revisions\/10655"}],"wp:featuredmedia":[{"embeddable":true,"href":"https:\/\/www.anovapeneira.gal\/index.php\/wp-json\/wp\/v2\/media\/10656"}],"wp:attachment":[{"href":"https:\/\/www.anovapeneira.gal\/index.php\/wp-json\/wp\/v2\/media?parent=10654"}],"wp:term":[{"taxonomy":"category","embeddable":true,"href":"https:\/\/www.anovapeneira.gal\/index.php\/wp-json\/wp\/v2\/categories?post=10654"},{"taxonomy":"post_tag","embeddable":true,"href":"https:\/\/www.anovapeneira.gal\/index.php\/wp-json\/wp\/v2\/tags?post=10654"}],"curies":[{"name":"wp","href":"https:\/\/api.w.org\/{rel}","templated":true}]}}