{"id":10667,"date":"2023-10-30T10:00:38","date_gmt":"2023-10-30T09:00:38","guid":{"rendered":"https:\/\/www.anovapeneira.gal\/?p=10667"},"modified":"2023-10-16T18:18:08","modified_gmt":"2023-10-16T16:18:08","slug":"transformar-nos-o-presente-decidir-nos-o-noso-futuro","status":"publish","type":"post","link":"https:\/\/www.anovapeneira.gal\/index.php\/2023\/10\/30\/transformar-nos-o-presente-decidir-nos-o-noso-futuro\/","title":{"rendered":"Transformar n\u00f3s o presente, decidir n\u00f3s o noso futuro"},"content":{"rendered":"\n<pre class=\"wp-block-verse\">Marta G\u00f3mez Secretaria Xeral de Galiza Nova<\/pre>\n\n\n\n<p>De que falamos cando falamos de soberan\u00eda nacional? Se nos imos \u00e1 definici\u00f3n estrita do termo, por soberan\u00eda nacional ent\u00e9ndese o principio xur\u00eddico e pol\u00edtico que establece que unha naci\u00f3n ten o dereito exclusivo de tomar decisi\u00f3ns sobre o seu propio destino e de gobernar o seu territorio. \u00c9 dicir, que as galegas e os galegos poidamos decidir por e para n\u00f3s sobre as cuesti\u00f3ns que nos afectan econ\u00f3mica, social e territorialmente.<\/p>\n\n\n\n<p>Parece unha obviedade, verdade? Pois non \u00e9 as\u00ed. A situaci\u00f3n de dependencia pol\u00edtica e econ\u00f3mica que vive o noso pa\u00eds, a mesma que imposibilita unha econom\u00eda autocentrada que favoreza o desenvolvemento dos sectores estrat\u00e9xicos para a nosa econom\u00eda, fai que as decisi\u00f3ns que afectan a Galiza se tomen maiormente a 600 quil\u00f3metros de onde n\u00f3s vivimos e que, as que se poder\u00edan tomar aqu\u00ed, non se tomen pensando no beneficio da sociedade galega.<\/p>\n\n\n\n<p>A realidade \u00e9 tan curiosa como preocupante. A rede ferroviaria galega? Xesti\u00f3nase en Madrid. A autopista con maior n\u00famero de usuarios da Galiza? Xesti\u00f3nase en Madrid. As competencias do noso litoral? Xesti\u00f3nanse en Madrid, que non ten mar. A enerx\u00eda que producen os nosos montes? Xesti\u00f3nase en Madrid. Todo nun contexto onde o goberno chamado \u201cm\u00e1is progresista da historia\u201d incumpriu boa parte dos seus compromisos tanto co pa\u00eds como en materia de pol\u00edticas sociais e avances democr\u00e1ticos. Todo nun contexto onde o Partido Popular leva 14 anos no goberno da Xunta sen conseguir nin unha soa competencia para Galiza, sen tomar ningunha decisi\u00f3n que mellore a vida das galegas e dos galegos.<\/p>\n\n\n\n<p>E cal \u00e9 a raz\u00f3n de que sexa en Madrid onde se toman as decisi\u00f3ns en funci\u00f3n de intereses alleos ao noso pobo? Que motivaci\u00f3n ten o goberno da Xunta para desmantelar os nosos servizos p\u00fablicos en favor das empresas privadas? Manter os poderes econ\u00f3micos e pol\u00edticos ao servizo da oligarqu\u00eda espa\u00f1ola, manter un control f\u00e9rreo, desde o centro, de toda actividade econ\u00f3mica, perpetuando o espolio dos nosos recursos e, en consecuencia, a perda da tan necesaria soberan\u00eda nacional.<\/p>\n\n\n\n<p>A d\u00eda de hoxe debemos loitar por transformar o noso presente para decidir n\u00f3s sobre o noso futuro. Somos conscientes de que para acadar esa soberan\u00eda nacional \u00e9 necesario rachar coa dependencia co Estado espa\u00f1ol, sendo conscientes de que neste cami\u00f1o \u00e9 m\u00e1is que necesario avanzar na consecuci\u00f3n de dereitos para o pobo galego tanto nas instituci\u00f3ns como nas r\u00faas, reclamando en todos os \u00e1mbitos a plena capacidade de Galiza para decidir por si mesma.<\/p>\n\n\n\n<p>Somos conscientes de que precisamos ter poder nas instituci\u00f3ns que non so nos permita avanzar no reco\u00f1ecemento dos dereitos de Galiza como naci\u00f3n, sen\u00f3n tam\u00e9n para obrigar a cumprilos. Poder para defender todos os problemas que afectan ao noso pobo e para po\u00f1er sobre a mesa soluci\u00f3ns valentes que estean en favor das maior\u00edas sociais.<\/p>\n\n\n\n<p>Mais para avanzar na consecuci\u00f3n de dereitos, para rachar coa dependencia co Estado espa\u00f1ol, \u00e9 vital contar cun pobo organizado, que sexa consciente da s\u00faa realidade e que po\u00f1a toda a s\u00faa vontade en po\u00f1erlle soluci\u00f3n. \u00c9 innegable que o nacionalismo galego leva d\u00e9cadas organiz\u00e1ndose e mobiliz\u00e1ndose, ga\u00f1ando peso en todos os espazos, para garantir o dereito das galegas e dos galegos a vivir con dignidade na nosa terra e \u00e9 innegable o papel da mocidade en todos estes \u00e1mbitos.<\/p>\n\n\n\n<p>Unha mocidade activa, autoorganizada no nacionalismo galego, \u00e9 indispensable para dar unha resposta \u00e1xil e contundente que evite que as clases populares sigan sufrindo as consecuencias dun sistema capitalista caduco e anticuado. Ese \u00e9 o noso papel, ese \u00e9 o noso reclamo: organizar \u00e1 mocidade galega para mobilizar, mobilizar para loitar e loitar para ga\u00f1ar aquelo que tanto ansiamos, a liberaci\u00f3n nacional do noso pa\u00eds.<\/p>\n","protected":false},"excerpt":{"rendered":"<div class=\"mh-excerpt\"><p>De que falamos cando falamos de soberan\u00eda nacional? Se nos imos \u00e1 definici\u00f3n estrita do termo, por soberan\u00eda nacional ent\u00e9ndese o principio xur\u00eddico e pol\u00edtico que establece que unha naci\u00f3n ten o dereito exclusivo de tomar decisi\u00f3ns sobre o seu propio destino e de gobernar o seu territorio <a class=\"mh-excerpt-more\" href=\"https:\/\/www.anovapeneira.gal\/index.php\/2023\/10\/30\/transformar-nos-o-presente-decidir-nos-o-noso-futuro\/\" title=\"Transformar n\u00f3s o presente, decidir n\u00f3s o noso futuro\">[&#8230;]<\/a><\/p>\n<\/div>","protected":false},"author":12,"featured_media":10263,"comment_status":"open","ping_status":"open","sticky":false,"template":"","format":"standard","meta":{"_exactmetrics_skip_tracking":false,"_exactmetrics_sitenote_active":false,"_exactmetrics_sitenote_note":"","_exactmetrics_sitenote_category":0,"footnotes":""},"categories":[7],"tags":[],"class_list":{"0":"post-10667","1":"post","2":"type-post","3":"status-publish","4":"format-standard","5":"has-post-thumbnail","7":"category-artigos-de-opinion"},"yoast_head":"<!-- This site is optimized with the Yoast SEO plugin v27.4 - https:\/\/yoast.com\/product\/yoast-seo-wordpress\/ -->\n<title>Transformar n\u00f3s o presente, decidir n\u00f3s o noso futuro -<\/title>\n<meta name=\"description\" content=\"De que falamos cando falamos de soberan\u00eda nacional? Se nos imos \u00e1 definici\u00f3n estrita do termo, por soberan\u00eda nacional ent\u00e9ndese o principio xur\u00eddico e pol\u00edtico que establece que unha naci\u00f3n ten o dereito exclusivo de tomar decisi\u00f3ns sobre o seu propio destino e de gobernar o seu territorio\" \/>\n<meta name=\"robots\" content=\"index, follow, max-snippet:-1, max-image-preview:large, max-video-preview:-1\" \/>\n<link rel=\"canonical\" href=\"https:\/\/www.anovapeneira.gal\/index.php\/2023\/10\/30\/transformar-nos-o-presente-decidir-nos-o-noso-futuro\/\" \/>\n<meta property=\"og:locale\" content=\"gl_ES\" \/>\n<meta property=\"og:type\" content=\"article\" \/>\n<meta property=\"og:title\" content=\"Transformar n\u00f3s o presente, decidir n\u00f3s o noso futuro -\" \/>\n<meta property=\"og:description\" content=\"De que falamos cando falamos de soberan\u00eda nacional? Se nos imos \u00e1 definici\u00f3n estrita do termo, por soberan\u00eda nacional ent\u00e9ndese o principio xur\u00eddico e pol\u00edtico que establece que unha naci\u00f3n ten o dereito exclusivo de tomar decisi\u00f3ns sobre o seu propio destino e de gobernar o seu territorio\" \/>\n<meta property=\"og:url\" content=\"https:\/\/www.anovapeneira.gal\/index.php\/2023\/10\/30\/transformar-nos-o-presente-decidir-nos-o-noso-futuro\/\" \/>\n<meta property=\"article:publisher\" content=\"https:\/\/www.facebook.com\/anovapeneira\" \/>\n<meta property=\"article:published_time\" content=\"2023-10-30T09:00:38+00:00\" \/>\n<meta property=\"og:image\" content=\"https:\/\/www.anovapeneira.gal\/wp-content\/uploads\/2023\/08\/marta_galiza_nova.jpg\" \/>\n\t<meta property=\"og:image:width\" content=\"720\" \/>\n\t<meta property=\"og:image:height\" content=\"432\" \/>\n\t<meta property=\"og:image:type\" content=\"image\/jpeg\" \/>\n<meta name=\"author\" content=\"Artigos Opini\u00f3n\" \/>\n<meta name=\"twitter:card\" content=\"summary_large_image\" \/>\n<meta name=\"twitter:creator\" content=\"@APeneira\" \/>\n<meta name=\"twitter:site\" content=\"@APeneira\" \/>\n<meta name=\"twitter:label1\" content=\"Escrito por\" \/>\n\t<meta name=\"twitter:data1\" content=\"Artigos Opini\u00f3n\" \/>\n\t<meta name=\"twitter:label2\" content=\"Tempo de lectura\" \/>\n\t<meta name=\"twitter:data2\" content=\"4 minutos\" \/>\n<script type=\"application\/ld+json\" class=\"yoast-schema-graph\">{\"@context\":\"https:\\\/\\\/schema.org\",\"@graph\":[{\"@type\":\"Article\",\"@id\":\"https:\\\/\\\/www.anovapeneira.gal\\\/index.php\\\/2023\\\/10\\\/30\\\/transformar-nos-o-presente-decidir-nos-o-noso-futuro\\\/#article\",\"isPartOf\":{\"@id\":\"https:\\\/\\\/www.anovapeneira.gal\\\/index.php\\\/2023\\\/10\\\/30\\\/transformar-nos-o-presente-decidir-nos-o-noso-futuro\\\/\"},\"author\":{\"name\":\"Artigos Opini\u00f3n\",\"@id\":\"https:\\\/\\\/www.anovapeneira.gal\\\/#\\\/schema\\\/person\\\/f18a4feb302e8f20bcef4490b5b60bb3\"},\"headline\":\"Transformar n\u00f3s o presente, decidir n\u00f3s o noso futuro\",\"datePublished\":\"2023-10-30T09:00:38+00:00\",\"mainEntityOfPage\":{\"@id\":\"https:\\\/\\\/www.anovapeneira.gal\\\/index.php\\\/2023\\\/10\\\/30\\\/transformar-nos-o-presente-decidir-nos-o-noso-futuro\\\/\"},\"wordCount\":682,\"commentCount\":0,\"publisher\":{\"@id\":\"https:\\\/\\\/www.anovapeneira.gal\\\/#organization\"},\"image\":{\"@id\":\"https:\\\/\\\/www.anovapeneira.gal\\\/index.php\\\/2023\\\/10\\\/30\\\/transformar-nos-o-presente-decidir-nos-o-noso-futuro\\\/#primaryimage\"},\"thumbnailUrl\":\"https:\\\/\\\/www.anovapeneira.gal\\\/wp-content\\\/uploads\\\/2023\\\/08\\\/marta_galiza_nova.jpg\",\"articleSection\":[\"Artigos de opini\u00f3n\"],\"inLanguage\":\"gl-ES\",\"potentialAction\":[{\"@type\":\"CommentAction\",\"name\":\"Comment\",\"target\":[\"https:\\\/\\\/www.anovapeneira.gal\\\/index.php\\\/2023\\\/10\\\/30\\\/transformar-nos-o-presente-decidir-nos-o-noso-futuro\\\/#respond\"]}]},{\"@type\":\"WebPage\",\"@id\":\"https:\\\/\\\/www.anovapeneira.gal\\\/index.php\\\/2023\\\/10\\\/30\\\/transformar-nos-o-presente-decidir-nos-o-noso-futuro\\\/\",\"url\":\"https:\\\/\\\/www.anovapeneira.gal\\\/index.php\\\/2023\\\/10\\\/30\\\/transformar-nos-o-presente-decidir-nos-o-noso-futuro\\\/\",\"name\":\"Transformar n\u00f3s o presente, decidir n\u00f3s o noso futuro -\",\"isPartOf\":{\"@id\":\"https:\\\/\\\/www.anovapeneira.gal\\\/#website\"},\"primaryImageOfPage\":{\"@id\":\"https:\\\/\\\/www.anovapeneira.gal\\\/index.php\\\/2023\\\/10\\\/30\\\/transformar-nos-o-presente-decidir-nos-o-noso-futuro\\\/#primaryimage\"},\"image\":{\"@id\":\"https:\\\/\\\/www.anovapeneira.gal\\\/index.php\\\/2023\\\/10\\\/30\\\/transformar-nos-o-presente-decidir-nos-o-noso-futuro\\\/#primaryimage\"},\"thumbnailUrl\":\"https:\\\/\\\/www.anovapeneira.gal\\\/wp-content\\\/uploads\\\/2023\\\/08\\\/marta_galiza_nova.jpg\",\"datePublished\":\"2023-10-30T09:00:38+00:00\",\"description\":\"De que falamos cando falamos de soberan\u00eda nacional? Se nos imos \u00e1 definici\u00f3n estrita do termo, por soberan\u00eda nacional ent\u00e9ndese o principio xur\u00eddico e pol\u00edtico que establece que unha naci\u00f3n ten o dereito exclusivo de tomar decisi\u00f3ns sobre o seu propio destino e de gobernar o seu territorio\",\"breadcrumb\":{\"@id\":\"https:\\\/\\\/www.anovapeneira.gal\\\/index.php\\\/2023\\\/10\\\/30\\\/transformar-nos-o-presente-decidir-nos-o-noso-futuro\\\/#breadcrumb\"},\"inLanguage\":\"gl-ES\",\"potentialAction\":[{\"@type\":\"ReadAction\",\"target\":[\"https:\\\/\\\/www.anovapeneira.gal\\\/index.php\\\/2023\\\/10\\\/30\\\/transformar-nos-o-presente-decidir-nos-o-noso-futuro\\\/\"]}]},{\"@type\":\"ImageObject\",\"inLanguage\":\"gl-ES\",\"@id\":\"https:\\\/\\\/www.anovapeneira.gal\\\/index.php\\\/2023\\\/10\\\/30\\\/transformar-nos-o-presente-decidir-nos-o-noso-futuro\\\/#primaryimage\",\"url\":\"https:\\\/\\\/www.anovapeneira.gal\\\/wp-content\\\/uploads\\\/2023\\\/08\\\/marta_galiza_nova.jpg\",\"contentUrl\":\"https:\\\/\\\/www.anovapeneira.gal\\\/wp-content\\\/uploads\\\/2023\\\/08\\\/marta_galiza_nova.jpg\",\"width\":720,\"height\":432,\"caption\":\"Marta G\u00f3mez Secretaria Xeral de Galiza Nova\"},{\"@type\":\"BreadcrumbList\",\"@id\":\"https:\\\/\\\/www.anovapeneira.gal\\\/index.php\\\/2023\\\/10\\\/30\\\/transformar-nos-o-presente-decidir-nos-o-noso-futuro\\\/#breadcrumb\",\"itemListElement\":[{\"@type\":\"ListItem\",\"position\":1,\"name\":\"Portada\",\"item\":\"https:\\\/\\\/www.anovapeneira.gal\\\/\"},{\"@type\":\"ListItem\",\"position\":2,\"name\":\"Transformar n\u00f3s o presente, decidir n\u00f3s o noso futuro\"}]},{\"@type\":\"WebSite\",\"@id\":\"https:\\\/\\\/www.anovapeneira.gal\\\/#website\",\"url\":\"https:\\\/\\\/www.anovapeneira.gal\\\/\",\"name\":\"\",\"description\":\"Xornal galego de informaci\u00f3n xeral Publicaci\u00f3n mensual de novas de Galicia e en especial dos Concellos da sur da provincia de Pontevedra.\",\"publisher\":{\"@id\":\"https:\\\/\\\/www.anovapeneira.gal\\\/#organization\"},\"potentialAction\":[{\"@type\":\"SearchAction\",\"target\":{\"@type\":\"EntryPoint\",\"urlTemplate\":\"https:\\\/\\\/www.anovapeneira.gal\\\/?s={search_term_string}\"},\"query-input\":{\"@type\":\"PropertyValueSpecification\",\"valueRequired\":true,\"valueName\":\"search_term_string\"}}],\"inLanguage\":\"gl-ES\"},{\"@type\":\"Organization\",\"@id\":\"https:\\\/\\\/www.anovapeneira.gal\\\/#organization\",\"name\":\"A Nova Peneira\",\"url\":\"https:\\\/\\\/www.anovapeneira.gal\\\/\",\"logo\":{\"@type\":\"ImageObject\",\"inLanguage\":\"gl-ES\",\"@id\":\"https:\\\/\\\/www.anovapeneira.gal\\\/#\\\/schema\\\/logo\\\/image\\\/\",\"url\":\"http:\\\/\\\/www.anovapeneira.gal\\\/wp-content\\\/uploads\\\/2019\\\/06\\\/logo_a_nova_peneira_portal_web.png\",\"contentUrl\":\"http:\\\/\\\/www.anovapeneira.gal\\\/wp-content\\\/uploads\\\/2019\\\/06\\\/logo_a_nova_peneira_portal_web.png\",\"width\":300,\"height\":100,\"caption\":\"A Nova Peneira\"},\"image\":{\"@id\":\"https:\\\/\\\/www.anovapeneira.gal\\\/#\\\/schema\\\/logo\\\/image\\\/\"},\"sameAs\":[\"https:\\\/\\\/www.facebook.com\\\/anovapeneira\",\"https:\\\/\\\/x.com\\\/APeneira\"]},{\"@type\":\"Person\",\"@id\":\"https:\\\/\\\/www.anovapeneira.gal\\\/#\\\/schema\\\/person\\\/f18a4feb302e8f20bcef4490b5b60bb3\",\"name\":\"Artigos Opini\u00f3n\",\"image\":{\"@type\":\"ImageObject\",\"inLanguage\":\"gl-ES\",\"@id\":\"https:\\\/\\\/secure.gravatar.com\\\/avatar\\\/072844300f4881150aee2da4278f7a65d16eefdf8262eb67085f1e702de2b959?s=96&d=mm&r=g\",\"url\":\"https:\\\/\\\/secure.gravatar.com\\\/avatar\\\/072844300f4881150aee2da4278f7a65d16eefdf8262eb67085f1e702de2b959?s=96&d=mm&r=g\",\"contentUrl\":\"https:\\\/\\\/secure.gravatar.com\\\/avatar\\\/072844300f4881150aee2da4278f7a65d16eefdf8262eb67085f1e702de2b959?s=96&d=mm&r=g\",\"caption\":\"Artigos Opini\u00f3n\"},\"sameAs\":[\"http:\\\/\\\/anovapeneira.gal\"],\"url\":\"https:\\\/\\\/www.anovapeneira.gal\\\/index.php\\\/author\\\/artigosopinion\\\/\"}]}<\/script>\n<!-- \/ Yoast SEO plugin. -->","yoast_head_json":{"title":"Transformar n\u00f3s o presente, decidir n\u00f3s o noso futuro -","description":"De que falamos cando falamos de soberan\u00eda nacional? Se nos imos \u00e1 definici\u00f3n estrita do termo, por soberan\u00eda nacional ent\u00e9ndese o principio xur\u00eddico e pol\u00edtico que establece que unha naci\u00f3n ten o dereito exclusivo de tomar decisi\u00f3ns sobre o seu propio destino e de gobernar o seu territorio","robots":{"index":"index","follow":"follow","max-snippet":"max-snippet:-1","max-image-preview":"max-image-preview:large","max-video-preview":"max-video-preview:-1"},"canonical":"https:\/\/www.anovapeneira.gal\/index.php\/2023\/10\/30\/transformar-nos-o-presente-decidir-nos-o-noso-futuro\/","og_locale":"gl_ES","og_type":"article","og_title":"Transformar n\u00f3s o presente, decidir n\u00f3s o noso futuro -","og_description":"De que falamos cando falamos de soberan\u00eda nacional? Se nos imos \u00e1 definici\u00f3n estrita do termo, por soberan\u00eda nacional ent\u00e9ndese o principio xur\u00eddico e pol\u00edtico que establece que unha naci\u00f3n ten o dereito exclusivo de tomar decisi\u00f3ns sobre o seu propio destino e de gobernar o seu territorio","og_url":"https:\/\/www.anovapeneira.gal\/index.php\/2023\/10\/30\/transformar-nos-o-presente-decidir-nos-o-noso-futuro\/","article_publisher":"https:\/\/www.facebook.com\/anovapeneira","article_published_time":"2023-10-30T09:00:38+00:00","og_image":[{"width":720,"height":432,"url":"https:\/\/www.anovapeneira.gal\/wp-content\/uploads\/2023\/08\/marta_galiza_nova.jpg","type":"image\/jpeg"}],"author":"Artigos Opini\u00f3n","twitter_card":"summary_large_image","twitter_creator":"@APeneira","twitter_site":"@APeneira","twitter_misc":{"Escrito por":"Artigos Opini\u00f3n","Tempo de lectura":"4 minutos"},"schema":{"@context":"https:\/\/schema.org","@graph":[{"@type":"Article","@id":"https:\/\/www.anovapeneira.gal\/index.php\/2023\/10\/30\/transformar-nos-o-presente-decidir-nos-o-noso-futuro\/#article","isPartOf":{"@id":"https:\/\/www.anovapeneira.gal\/index.php\/2023\/10\/30\/transformar-nos-o-presente-decidir-nos-o-noso-futuro\/"},"author":{"name":"Artigos Opini\u00f3n","@id":"https:\/\/www.anovapeneira.gal\/#\/schema\/person\/f18a4feb302e8f20bcef4490b5b60bb3"},"headline":"Transformar n\u00f3s o presente, decidir n\u00f3s o noso futuro","datePublished":"2023-10-30T09:00:38+00:00","mainEntityOfPage":{"@id":"https:\/\/www.anovapeneira.gal\/index.php\/2023\/10\/30\/transformar-nos-o-presente-decidir-nos-o-noso-futuro\/"},"wordCount":682,"commentCount":0,"publisher":{"@id":"https:\/\/www.anovapeneira.gal\/#organization"},"image":{"@id":"https:\/\/www.anovapeneira.gal\/index.php\/2023\/10\/30\/transformar-nos-o-presente-decidir-nos-o-noso-futuro\/#primaryimage"},"thumbnailUrl":"https:\/\/www.anovapeneira.gal\/wp-content\/uploads\/2023\/08\/marta_galiza_nova.jpg","articleSection":["Artigos de opini\u00f3n"],"inLanguage":"gl-ES","potentialAction":[{"@type":"CommentAction","name":"Comment","target":["https:\/\/www.anovapeneira.gal\/index.php\/2023\/10\/30\/transformar-nos-o-presente-decidir-nos-o-noso-futuro\/#respond"]}]},{"@type":"WebPage","@id":"https:\/\/www.anovapeneira.gal\/index.php\/2023\/10\/30\/transformar-nos-o-presente-decidir-nos-o-noso-futuro\/","url":"https:\/\/www.anovapeneira.gal\/index.php\/2023\/10\/30\/transformar-nos-o-presente-decidir-nos-o-noso-futuro\/","name":"Transformar n\u00f3s o presente, decidir n\u00f3s o noso futuro -","isPartOf":{"@id":"https:\/\/www.anovapeneira.gal\/#website"},"primaryImageOfPage":{"@id":"https:\/\/www.anovapeneira.gal\/index.php\/2023\/10\/30\/transformar-nos-o-presente-decidir-nos-o-noso-futuro\/#primaryimage"},"image":{"@id":"https:\/\/www.anovapeneira.gal\/index.php\/2023\/10\/30\/transformar-nos-o-presente-decidir-nos-o-noso-futuro\/#primaryimage"},"thumbnailUrl":"https:\/\/www.anovapeneira.gal\/wp-content\/uploads\/2023\/08\/marta_galiza_nova.jpg","datePublished":"2023-10-30T09:00:38+00:00","description":"De que falamos cando falamos de soberan\u00eda nacional? Se nos imos \u00e1 definici\u00f3n estrita do termo, por soberan\u00eda nacional ent\u00e9ndese o principio xur\u00eddico e pol\u00edtico que establece que unha naci\u00f3n ten o dereito exclusivo de tomar decisi\u00f3ns sobre o seu propio destino e de gobernar o seu territorio","breadcrumb":{"@id":"https:\/\/www.anovapeneira.gal\/index.php\/2023\/10\/30\/transformar-nos-o-presente-decidir-nos-o-noso-futuro\/#breadcrumb"},"inLanguage":"gl-ES","potentialAction":[{"@type":"ReadAction","target":["https:\/\/www.anovapeneira.gal\/index.php\/2023\/10\/30\/transformar-nos-o-presente-decidir-nos-o-noso-futuro\/"]}]},{"@type":"ImageObject","inLanguage":"gl-ES","@id":"https:\/\/www.anovapeneira.gal\/index.php\/2023\/10\/30\/transformar-nos-o-presente-decidir-nos-o-noso-futuro\/#primaryimage","url":"https:\/\/www.anovapeneira.gal\/wp-content\/uploads\/2023\/08\/marta_galiza_nova.jpg","contentUrl":"https:\/\/www.anovapeneira.gal\/wp-content\/uploads\/2023\/08\/marta_galiza_nova.jpg","width":720,"height":432,"caption":"Marta G\u00f3mez Secretaria Xeral de Galiza Nova"},{"@type":"BreadcrumbList","@id":"https:\/\/www.anovapeneira.gal\/index.php\/2023\/10\/30\/transformar-nos-o-presente-decidir-nos-o-noso-futuro\/#breadcrumb","itemListElement":[{"@type":"ListItem","position":1,"name":"Portada","item":"https:\/\/www.anovapeneira.gal\/"},{"@type":"ListItem","position":2,"name":"Transformar n\u00f3s o presente, decidir n\u00f3s o noso futuro"}]},{"@type":"WebSite","@id":"https:\/\/www.anovapeneira.gal\/#website","url":"https:\/\/www.anovapeneira.gal\/","name":"","description":"Xornal galego de informaci\u00f3n xeral Publicaci\u00f3n mensual de novas de Galicia e en especial dos Concellos da sur da provincia de Pontevedra.","publisher":{"@id":"https:\/\/www.anovapeneira.gal\/#organization"},"potentialAction":[{"@type":"SearchAction","target":{"@type":"EntryPoint","urlTemplate":"https:\/\/www.anovapeneira.gal\/?s={search_term_string}"},"query-input":{"@type":"PropertyValueSpecification","valueRequired":true,"valueName":"search_term_string"}}],"inLanguage":"gl-ES"},{"@type":"Organization","@id":"https:\/\/www.anovapeneira.gal\/#organization","name":"A Nova Peneira","url":"https:\/\/www.anovapeneira.gal\/","logo":{"@type":"ImageObject","inLanguage":"gl-ES","@id":"https:\/\/www.anovapeneira.gal\/#\/schema\/logo\/image\/","url":"http:\/\/www.anovapeneira.gal\/wp-content\/uploads\/2019\/06\/logo_a_nova_peneira_portal_web.png","contentUrl":"http:\/\/www.anovapeneira.gal\/wp-content\/uploads\/2019\/06\/logo_a_nova_peneira_portal_web.png","width":300,"height":100,"caption":"A Nova Peneira"},"image":{"@id":"https:\/\/www.anovapeneira.gal\/#\/schema\/logo\/image\/"},"sameAs":["https:\/\/www.facebook.com\/anovapeneira","https:\/\/x.com\/APeneira"]},{"@type":"Person","@id":"https:\/\/www.anovapeneira.gal\/#\/schema\/person\/f18a4feb302e8f20bcef4490b5b60bb3","name":"Artigos Opini\u00f3n","image":{"@type":"ImageObject","inLanguage":"gl-ES","@id":"https:\/\/secure.gravatar.com\/avatar\/072844300f4881150aee2da4278f7a65d16eefdf8262eb67085f1e702de2b959?s=96&d=mm&r=g","url":"https:\/\/secure.gravatar.com\/avatar\/072844300f4881150aee2da4278f7a65d16eefdf8262eb67085f1e702de2b959?s=96&d=mm&r=g","contentUrl":"https:\/\/secure.gravatar.com\/avatar\/072844300f4881150aee2da4278f7a65d16eefdf8262eb67085f1e702de2b959?s=96&d=mm&r=g","caption":"Artigos Opini\u00f3n"},"sameAs":["http:\/\/anovapeneira.gal"],"url":"https:\/\/www.anovapeneira.gal\/index.php\/author\/artigosopinion\/"}]}},"jetpack_featured_media_url":"https:\/\/www.anovapeneira.gal\/wp-content\/uploads\/2023\/08\/marta_galiza_nova.jpg","_links":{"self":[{"href":"https:\/\/www.anovapeneira.gal\/index.php\/wp-json\/wp\/v2\/posts\/10667","targetHints":{"allow":["GET"]}}],"collection":[{"href":"https:\/\/www.anovapeneira.gal\/index.php\/wp-json\/wp\/v2\/posts"}],"about":[{"href":"https:\/\/www.anovapeneira.gal\/index.php\/wp-json\/wp\/v2\/types\/post"}],"author":[{"embeddable":true,"href":"https:\/\/www.anovapeneira.gal\/index.php\/wp-json\/wp\/v2\/users\/12"}],"replies":[{"embeddable":true,"href":"https:\/\/www.anovapeneira.gal\/index.php\/wp-json\/wp\/v2\/comments?post=10667"}],"version-history":[{"count":1,"href":"https:\/\/www.anovapeneira.gal\/index.php\/wp-json\/wp\/v2\/posts\/10667\/revisions"}],"predecessor-version":[{"id":10668,"href":"https:\/\/www.anovapeneira.gal\/index.php\/wp-json\/wp\/v2\/posts\/10667\/revisions\/10668"}],"wp:featuredmedia":[{"embeddable":true,"href":"https:\/\/www.anovapeneira.gal\/index.php\/wp-json\/wp\/v2\/media\/10263"}],"wp:attachment":[{"href":"https:\/\/www.anovapeneira.gal\/index.php\/wp-json\/wp\/v2\/media?parent=10667"}],"wp:term":[{"taxonomy":"category","embeddable":true,"href":"https:\/\/www.anovapeneira.gal\/index.php\/wp-json\/wp\/v2\/categories?post=10667"},{"taxonomy":"post_tag","embeddable":true,"href":"https:\/\/www.anovapeneira.gal\/index.php\/wp-json\/wp\/v2\/tags?post=10667"}],"curies":[{"name":"wp","href":"https:\/\/api.w.org\/{rel}","templated":true}]}}