{"id":10672,"date":"2023-10-31T10:00:46","date_gmt":"2023-10-31T09:00:46","guid":{"rendered":"https:\/\/www.anovapeneira.gal\/?p=10672"},"modified":"2023-11-08T12:52:51","modified_gmt":"2023-11-08T11:52:51","slug":"nagorno-karabaj-o-conflito-que-non-importa","status":"publish","type":"post","link":"https:\/\/www.anovapeneira.gal\/index.php\/2023\/10\/31\/nagorno-karabaj-o-conflito-que-non-importa\/","title":{"rendered":"Nagorno-Karabaj, o conflito que non importa"},"content":{"rendered":"\n<figure class=\"wp-block-image size-large is-resized\"><img loading=\"lazy\" decoding=\"async\" width=\"888\" height=\"1024\" src=\"https:\/\/www.anovapeneira.gal\/wp-content\/uploads\/2023\/10\/xurxo_gregorio-888x1024.png\" alt=\"Xurxo Gregorio - Polit\u00f3logo\" class=\"wp-image-10673\" style=\"aspect-ratio:0.8671875;width:103px;height:auto\" srcset=\"https:\/\/www.anovapeneira.gal\/wp-content\/uploads\/2023\/10\/xurxo_gregorio-888x1024.png 888w, https:\/\/www.anovapeneira.gal\/wp-content\/uploads\/2023\/10\/xurxo_gregorio-260x300.png 260w, https:\/\/www.anovapeneira.gal\/wp-content\/uploads\/2023\/10\/xurxo_gregorio-768x886.png 768w, https:\/\/www.anovapeneira.gal\/wp-content\/uploads\/2023\/10\/xurxo_gregorio.png 906w\" sizes=\"auto, (max-width: 888px) 100vw, 888px\" \/><figcaption class=\"wp-element-caption\">Xurxo Gregorio &#8211; Polit\u00f3logo<\/figcaption><\/figure>\n\n\n\n<p>A Armenia actual \u00e9 realmente a antiga Armenia Oriental, anexada polo Imperio Ruso no ano 1828, mentres que a parte occidental foi dominio otomano desde o s\u00e9culo XVI. A fin da parte Oriental \u00e9 un dos episodios m\u00e1is duros da historia, o denominado xenocidio armenio. A debilidade do Imperio Otomano supuxo a chegada o poder no 1908 dos denominados \u201cx\u00f3venes turcos\u201d, aparentemente coa idea de modernizar o vetusto estado e que dexenerou nun ultranacionalismo que resultou na morte de dous mill\u00f3ns de armenios. O obxectivo turco era a homoxeneizaci\u00f3n do seu territorio para o cal, entre 1915 e 1923, efectuaron unha limpeza \u00e9tnica as\u00ed como a eliminaci\u00f3n de todo vestixio cultural que danase a uniformidade do seu pretendido novo estado.<\/p>\n\n\n\n<p>A parte oriental baixo dominio ruso non sofreu o ira turca durante os primeiros anos do xenocidio, mais a sa\u00edda de Rusia da Primeira Guerra Mundial, supuxo a cesi\u00f3n a Turqu\u00eda das provincias armenias. Esta vitoria daba o goberno de Istambul a posibilidade de continuar co xenocidio comezado na parte occidental. A organizaci\u00f3n da resistencia armenia as\u00ed coma a derrota turca, orixinou a Rep\u00fablica de Armenia, que durou ate 1920 ano no que se incorporou \u00e1 Uni\u00f3n Sovi\u00e9tica sendo esta a orixe do conflito actual.<\/p>\n\n\n\n<p>No ano 1922 de xeito completamente arbitrario o goberno sovi\u00e9tico decide ceder o territorio de Artsaj, tam\u00e9n co\u00f1ecido como Nagorno-Karabaj a Acerbaix\u00e1n, unha medida non moi explicable dada a maior\u00eda da etnia armenia no territorio e guerra entre ambas nacionalidades. Os sovi\u00e9ticos para resolver o problema da maior\u00eda armenia deciden crear al\u00e1 polo 1923 unha rexi\u00f3n aut\u00f3noma co\u00f1ecida Oblast Aut\u00f3nomo de Nagorno-Karabaj que durou ate a ca\u00edda da Uni\u00f3n Sovi\u00e9tica no 1991.<\/p>\n\n\n\n<p>A debilidade do estado sovi\u00e9tico e as cada vez maiores tensi\u00f3ns entre a maior\u00eda armenia do Oblast Aut\u00f3nomo e o goberno de Bak\u00fa ocasionaron que a\u00ednda baixo dominio sovi\u00e9tico comenzase a primeira guerra do Alto Karabaj en Febreiro de 1988, conflito durou ate Maio de 1994. Todo comezou cunha votaci\u00f3n do parlamento aut\u00f3nomo que solicitaba a sa\u00edda do Oblast Aut\u00f3nomo de Acerbaix\u00e1n e a s\u00faa incorporaci\u00f3n a a\u00ednda Rep\u00fablica Socialista Sovi\u00e9tica de Armenia, decisi\u00f3n corroborada nun plebiscito no que unha ampla maior\u00eda apoiou tal decisi\u00f3n e polo propio parlamento da Rep\u00fablica Socialista Sovi\u00e9tica de Armenia o 9 de Xaneiro de 1990. Estes feitos dexeneraron en choques entre as d\u00faas nacionalidades que remataron con operaci\u00f3ns de limpeza \u00e9tnica por ambos bandos, sendo os azer\u00edes expulsados do Alto Karabaj e sufrindo os armenios residentes no Acerbaix\u00e1n progromos ante a pasividade das autoridades locais tendo que intervir o ex\u00e9rcito sovi\u00e9tico para parar os altercados.<\/p>\n\n\n\n<p>A ca\u00edda da Uni\u00f3n Sovi\u00e9tica supuxo a apropiaci\u00f3n de arsenais e o recrudecemento do conflito que finalizou en Maio de 1994. O goberno da autoproclamada Rep\u00fablica de Artsaj conseguiu unha vitoria na que non so controlaba o Alto Karabaj sen\u00f3n un 9% do territorio Acer\u00ed f\u00f3ra deste enclave. Este feito non fixo m\u00e1is que aumentar a rivalidade entre ambas naci\u00f3ns e as ansias de vinganza por parte acerbaixana.<\/p>\n\n\n\n<p>A independencia tivo unhas consecuencias econ\u00f3micas moi dispares para ambos pa\u00edses, mentres que Armenia e Artaj te\u00f1en unha econom\u00eda estancada e cunha forte emigraci\u00f3n o caso acer\u00ed \u00e9 moi diferente. A econom\u00eda acer\u00ed foi medrando sobre todo debido \u00e1 exportaci\u00f3n de petr\u00f3leo sempre coa man de ferro da dinast\u00eda Aliyev dominando o pa\u00eds, tanto Heydar como Ilham, pai e fillo conseguiron instaurar unha democracia mono partidista na que controlan pol\u00edtica e economicamente o pa\u00eds. A construci\u00f3n do oleoducto Bak\u00fa-Tifflis-Ceyham(Turqu\u00eda) e o gasoducto Bak\u00fa-tifflis-Erzurum, supuxeron o grande despegue econ\u00f3mico acerbaixano as\u00ed como un aumento da s\u00faa posibilidade de influ\u00edr na pol\u00edtica rexional.<\/p>\n\n\n\n<p>Ilham Aliyev unha vez ga\u00f1ado poder e influencia econ\u00f3mica decidiu pasar a recuperar o poder territorial perdido. A alianza estrat\u00e9xica con Turqu\u00eda no que alg\u00fans consideran unha axenda pant\u00farquica e incluso con Israel o que causa receos no Ir\u00e1n sobre todo pola importancia da enorme porcentaxe de acerbaixanos \u00e9tnicos que viven no pais persa, o redor do 24% da poboaci\u00f3n, deulle o r\u00e9xime de Bak\u00fa o soporte pol\u00edtico necesario para comezar o proceso de anexi\u00f3n dos territorios perdidos. No ano 2008 xa avisou que nunca reco\u00f1ecer\u00eda a independencia do Artaj e que eses territorios ser\u00edan recuperados.<\/p>\n\n\n\n<p>No 2016 a guerra dos catro d\u00edas xa foi un aviso do que pasar\u00eda no 2020 onde o exercito acerbaixano deixou o Alto Karabaj cun territorio similar o do antigo Oblast Aut\u00f3nomo e perdendo a conexi\u00f3n terrestre coa Rep\u00fablica de Armenia. A Guerra de Ucra\u00edna e as sanci\u00f3ns a Rusia incrementaron se cabe a\u00ednda m\u00e1is a importancia como fornecedor de gas e petr\u00f3leo de Acerbaix\u00e1n \u00e1 Uni\u00f3n Europea danlle o goberno de Bak\u00fa unha influencia pol\u00edtica como nunca tiveron.<\/p>\n\n\n\n<p>Chegamos as\u00ed o conflito de Setembro de este ano onde un ex\u00e9rcito Acerbaixano moderno, con material militar turco e israel\u00ed se paseou polo territorio da xa inexistente Rep\u00fablica de Artaj sen atopar resistencia. A poboaci\u00f3n local fuxiu cara o territorio armenio debido \u00e1 imposibilidade de ofrecer resistencia e o pasotismo da comunidade internacional. Unha Uni\u00f3n Europea que debido a importancia que ten o Acerbaix\u00e1n como subministrador de gas, unha Rusia que ten en Bak\u00fa agora tam\u00e9n un socio comercial e fornecedor de petr\u00f3leo e unha Turqu\u00eda sempre aliada do r\u00e9xime acer\u00ed provocaron o illamento internacional de Armenia.<\/p>\n\n\n\n<p>A consecuencia \u00e9 o empoderamento do goberno acerbaixano que tras recuperar o territorio do Artaj e realizar unha nova limpeza \u00e9tnica, total nesta ocasi\u00f3n aspira incluso a incrementar a\u00ednda m\u00e1is seu dominio territorial. A creaci\u00f3n de un corredor por territorio Armenio que una Nakinech\u00e1n co resto de Acerbaix\u00e1n bar\u00e1llase que pode ser o seguinte obxectivo de Bak\u00fa. Esta Guerra \u00e9 o exemplo de como as relaci\u00f3ns econ\u00f3micas ditaminan o futuro das naci\u00f3ns e a dependencia das materias primas crean alianzas ou ben provocan a par\u00e1lise nas acci\u00f3ns da pol\u00edtica internacional.<\/p>\n","protected":false},"excerpt":{"rendered":"<div class=\"mh-excerpt\"><p>A Armenia actual \u00e9 realmente a antiga Armenia Oriental, anexada polo Imperio Ruso no ano 1828, mentres que a parte occidental foi dominio otomano desde o s\u00e9culo XVI <a class=\"mh-excerpt-more\" href=\"https:\/\/www.anovapeneira.gal\/index.php\/2023\/10\/31\/nagorno-karabaj-o-conflito-que-non-importa\/\" title=\"Nagorno-Karabaj, o conflito que non importa\">[&#8230;]<\/a><\/p>\n<\/div>","protected":false},"author":12,"featured_media":584,"comment_status":"open","ping_status":"open","sticky":false,"template":"","format":"standard","meta":{"_exactmetrics_skip_tracking":false,"_exactmetrics_sitenote_active":false,"_exactmetrics_sitenote_note":"","_exactmetrics_sitenote_category":0,"footnotes":""},"categories":[7],"tags":[1377],"class_list":{"0":"post-10672","1":"post","2":"type-post","3":"status-publish","4":"format-standard","5":"has-post-thumbnail","7":"category-artigos-de-opinion","8":"tag-nagorno-karabaj"},"yoast_head":"<!-- This site is optimized with the Yoast SEO plugin v27.4 - https:\/\/yoast.com\/product\/yoast-seo-wordpress\/ -->\n<title>Nagorno-Karabaj, o conflito que non importa -<\/title>\n<meta name=\"description\" content=\"A Armenia actual \u00e9 realmente a antiga Armenia Oriental, anexada polo Imperio Ruso no ano 1828, mentres que a parte occidental foi dominio otomano desde o s\u00e9culo XVI\" \/>\n<meta name=\"robots\" content=\"index, follow, max-snippet:-1, max-image-preview:large, max-video-preview:-1\" \/>\n<link rel=\"canonical\" href=\"https:\/\/www.anovapeneira.gal\/index.php\/2023\/10\/31\/nagorno-karabaj-o-conflito-que-non-importa\/\" \/>\n<meta property=\"og:locale\" content=\"gl_ES\" \/>\n<meta property=\"og:type\" content=\"article\" \/>\n<meta property=\"og:title\" content=\"Nagorno-Karabaj, o conflito que non importa -\" \/>\n<meta property=\"og:description\" content=\"A Armenia actual \u00e9 realmente a antiga Armenia Oriental, anexada polo Imperio Ruso no ano 1828, mentres que a parte occidental foi dominio otomano desde o s\u00e9culo XVI\" \/>\n<meta property=\"og:url\" content=\"https:\/\/www.anovapeneira.gal\/index.php\/2023\/10\/31\/nagorno-karabaj-o-conflito-que-non-importa\/\" \/>\n<meta property=\"article:publisher\" content=\"https:\/\/www.facebook.com\/anovapeneira\" \/>\n<meta property=\"article:published_time\" content=\"2023-10-31T09:00:46+00:00\" \/>\n<meta property=\"article:modified_time\" content=\"2023-11-08T11:52:51+00:00\" \/>\n<meta property=\"og:image\" content=\"https:\/\/www.anovapeneira.gal\/wp-content\/uploads\/2019\/07\/ARTIGO_DE_OPINION_A_NOVA_PENEIRA.jpg\" \/>\n\t<meta property=\"og:image:width\" content=\"720\" \/>\n\t<meta property=\"og:image:height\" content=\"473\" \/>\n\t<meta property=\"og:image:type\" content=\"image\/jpeg\" \/>\n<meta name=\"author\" content=\"Artigos Opini\u00f3n\" \/>\n<meta name=\"twitter:card\" content=\"summary_large_image\" \/>\n<meta name=\"twitter:image\" content=\"https:\/\/www.anovapeneira.gal\/wp-content\/uploads\/2019\/07\/ARTIGO_DE_OPINION_A_NOVA_PENEIRA.jpg\" \/>\n<meta name=\"twitter:creator\" content=\"@APeneira\" \/>\n<meta name=\"twitter:site\" content=\"@APeneira\" \/>\n<meta name=\"twitter:label1\" content=\"Escrito por\" \/>\n\t<meta name=\"twitter:data1\" content=\"Artigos Opini\u00f3n\" \/>\n\t<meta name=\"twitter:label2\" content=\"Tempo de lectura\" \/>\n\t<meta name=\"twitter:data2\" content=\"6 minutos\" \/>\n<script type=\"application\/ld+json\" class=\"yoast-schema-graph\">{\"@context\":\"https:\\\/\\\/schema.org\",\"@graph\":[{\"@type\":\"Article\",\"@id\":\"https:\\\/\\\/www.anovapeneira.gal\\\/index.php\\\/2023\\\/10\\\/31\\\/nagorno-karabaj-o-conflito-que-non-importa\\\/#article\",\"isPartOf\":{\"@id\":\"https:\\\/\\\/www.anovapeneira.gal\\\/index.php\\\/2023\\\/10\\\/31\\\/nagorno-karabaj-o-conflito-que-non-importa\\\/\"},\"author\":{\"name\":\"Artigos Opini\u00f3n\",\"@id\":\"https:\\\/\\\/www.anovapeneira.gal\\\/#\\\/schema\\\/person\\\/f18a4feb302e8f20bcef4490b5b60bb3\"},\"headline\":\"Nagorno-Karabaj, o conflito que non importa\",\"datePublished\":\"2023-10-31T09:00:46+00:00\",\"dateModified\":\"2023-11-08T11:52:51+00:00\",\"mainEntityOfPage\":{\"@id\":\"https:\\\/\\\/www.anovapeneira.gal\\\/index.php\\\/2023\\\/10\\\/31\\\/nagorno-karabaj-o-conflito-que-non-importa\\\/\"},\"wordCount\":1076,\"commentCount\":0,\"publisher\":{\"@id\":\"https:\\\/\\\/www.anovapeneira.gal\\\/#organization\"},\"image\":{\"@id\":\"https:\\\/\\\/www.anovapeneira.gal\\\/index.php\\\/2023\\\/10\\\/31\\\/nagorno-karabaj-o-conflito-que-non-importa\\\/#primaryimage\"},\"thumbnailUrl\":\"https:\\\/\\\/www.anovapeneira.gal\\\/wp-content\\\/uploads\\\/2019\\\/07\\\/ARTIGO_DE_OPINION_A_NOVA_PENEIRA.jpg\",\"keywords\":[\"Nagorno-Karabaj\"],\"articleSection\":[\"Artigos de opini\u00f3n\"],\"inLanguage\":\"gl-ES\",\"potentialAction\":[{\"@type\":\"CommentAction\",\"name\":\"Comment\",\"target\":[\"https:\\\/\\\/www.anovapeneira.gal\\\/index.php\\\/2023\\\/10\\\/31\\\/nagorno-karabaj-o-conflito-que-non-importa\\\/#respond\"]}]},{\"@type\":\"WebPage\",\"@id\":\"https:\\\/\\\/www.anovapeneira.gal\\\/index.php\\\/2023\\\/10\\\/31\\\/nagorno-karabaj-o-conflito-que-non-importa\\\/\",\"url\":\"https:\\\/\\\/www.anovapeneira.gal\\\/index.php\\\/2023\\\/10\\\/31\\\/nagorno-karabaj-o-conflito-que-non-importa\\\/\",\"name\":\"Nagorno-Karabaj, o conflito que non importa -\",\"isPartOf\":{\"@id\":\"https:\\\/\\\/www.anovapeneira.gal\\\/#website\"},\"primaryImageOfPage\":{\"@id\":\"https:\\\/\\\/www.anovapeneira.gal\\\/index.php\\\/2023\\\/10\\\/31\\\/nagorno-karabaj-o-conflito-que-non-importa\\\/#primaryimage\"},\"image\":{\"@id\":\"https:\\\/\\\/www.anovapeneira.gal\\\/index.php\\\/2023\\\/10\\\/31\\\/nagorno-karabaj-o-conflito-que-non-importa\\\/#primaryimage\"},\"thumbnailUrl\":\"https:\\\/\\\/www.anovapeneira.gal\\\/wp-content\\\/uploads\\\/2019\\\/07\\\/ARTIGO_DE_OPINION_A_NOVA_PENEIRA.jpg\",\"datePublished\":\"2023-10-31T09:00:46+00:00\",\"dateModified\":\"2023-11-08T11:52:51+00:00\",\"description\":\"A Armenia actual \u00e9 realmente a antiga Armenia Oriental, anexada polo Imperio Ruso no ano 1828, mentres que a parte occidental foi dominio otomano desde o s\u00e9culo XVI\",\"breadcrumb\":{\"@id\":\"https:\\\/\\\/www.anovapeneira.gal\\\/index.php\\\/2023\\\/10\\\/31\\\/nagorno-karabaj-o-conflito-que-non-importa\\\/#breadcrumb\"},\"inLanguage\":\"gl-ES\",\"potentialAction\":[{\"@type\":\"ReadAction\",\"target\":[\"https:\\\/\\\/www.anovapeneira.gal\\\/index.php\\\/2023\\\/10\\\/31\\\/nagorno-karabaj-o-conflito-que-non-importa\\\/\"]}]},{\"@type\":\"ImageObject\",\"inLanguage\":\"gl-ES\",\"@id\":\"https:\\\/\\\/www.anovapeneira.gal\\\/index.php\\\/2023\\\/10\\\/31\\\/nagorno-karabaj-o-conflito-que-non-importa\\\/#primaryimage\",\"url\":\"https:\\\/\\\/www.anovapeneira.gal\\\/wp-content\\\/uploads\\\/2019\\\/07\\\/ARTIGO_DE_OPINION_A_NOVA_PENEIRA.jpg\",\"contentUrl\":\"https:\\\/\\\/www.anovapeneira.gal\\\/wp-content\\\/uploads\\\/2019\\\/07\\\/ARTIGO_DE_OPINION_A_NOVA_PENEIRA.jpg\",\"width\":720,\"height\":473,\"caption\":\"Artigo de opini\u00f3n A Nova Peneira\"},{\"@type\":\"BreadcrumbList\",\"@id\":\"https:\\\/\\\/www.anovapeneira.gal\\\/index.php\\\/2023\\\/10\\\/31\\\/nagorno-karabaj-o-conflito-que-non-importa\\\/#breadcrumb\",\"itemListElement\":[{\"@type\":\"ListItem\",\"position\":1,\"name\":\"Portada\",\"item\":\"https:\\\/\\\/www.anovapeneira.gal\\\/\"},{\"@type\":\"ListItem\",\"position\":2,\"name\":\"Nagorno-Karabaj, o conflito que non importa\"}]},{\"@type\":\"WebSite\",\"@id\":\"https:\\\/\\\/www.anovapeneira.gal\\\/#website\",\"url\":\"https:\\\/\\\/www.anovapeneira.gal\\\/\",\"name\":\"\",\"description\":\"Xornal galego de informaci\u00f3n xeral Publicaci\u00f3n mensual de novas de Galicia e en especial dos Concellos da sur da provincia de Pontevedra.\",\"publisher\":{\"@id\":\"https:\\\/\\\/www.anovapeneira.gal\\\/#organization\"},\"potentialAction\":[{\"@type\":\"SearchAction\",\"target\":{\"@type\":\"EntryPoint\",\"urlTemplate\":\"https:\\\/\\\/www.anovapeneira.gal\\\/?s={search_term_string}\"},\"query-input\":{\"@type\":\"PropertyValueSpecification\",\"valueRequired\":true,\"valueName\":\"search_term_string\"}}],\"inLanguage\":\"gl-ES\"},{\"@type\":\"Organization\",\"@id\":\"https:\\\/\\\/www.anovapeneira.gal\\\/#organization\",\"name\":\"A Nova Peneira\",\"url\":\"https:\\\/\\\/www.anovapeneira.gal\\\/\",\"logo\":{\"@type\":\"ImageObject\",\"inLanguage\":\"gl-ES\",\"@id\":\"https:\\\/\\\/www.anovapeneira.gal\\\/#\\\/schema\\\/logo\\\/image\\\/\",\"url\":\"http:\\\/\\\/www.anovapeneira.gal\\\/wp-content\\\/uploads\\\/2019\\\/06\\\/logo_a_nova_peneira_portal_web.png\",\"contentUrl\":\"http:\\\/\\\/www.anovapeneira.gal\\\/wp-content\\\/uploads\\\/2019\\\/06\\\/logo_a_nova_peneira_portal_web.png\",\"width\":300,\"height\":100,\"caption\":\"A Nova Peneira\"},\"image\":{\"@id\":\"https:\\\/\\\/www.anovapeneira.gal\\\/#\\\/schema\\\/logo\\\/image\\\/\"},\"sameAs\":[\"https:\\\/\\\/www.facebook.com\\\/anovapeneira\",\"https:\\\/\\\/x.com\\\/APeneira\"]},{\"@type\":\"Person\",\"@id\":\"https:\\\/\\\/www.anovapeneira.gal\\\/#\\\/schema\\\/person\\\/f18a4feb302e8f20bcef4490b5b60bb3\",\"name\":\"Artigos Opini\u00f3n\",\"image\":{\"@type\":\"ImageObject\",\"inLanguage\":\"gl-ES\",\"@id\":\"https:\\\/\\\/secure.gravatar.com\\\/avatar\\\/072844300f4881150aee2da4278f7a65d16eefdf8262eb67085f1e702de2b959?s=96&d=mm&r=g\",\"url\":\"https:\\\/\\\/secure.gravatar.com\\\/avatar\\\/072844300f4881150aee2da4278f7a65d16eefdf8262eb67085f1e702de2b959?s=96&d=mm&r=g\",\"contentUrl\":\"https:\\\/\\\/secure.gravatar.com\\\/avatar\\\/072844300f4881150aee2da4278f7a65d16eefdf8262eb67085f1e702de2b959?s=96&d=mm&r=g\",\"caption\":\"Artigos Opini\u00f3n\"},\"sameAs\":[\"http:\\\/\\\/anovapeneira.gal\"],\"url\":\"https:\\\/\\\/www.anovapeneira.gal\\\/index.php\\\/author\\\/artigosopinion\\\/\"}]}<\/script>\n<!-- \/ Yoast SEO plugin. -->","yoast_head_json":{"title":"Nagorno-Karabaj, o conflito que non importa -","description":"A Armenia actual \u00e9 realmente a antiga Armenia Oriental, anexada polo Imperio Ruso no ano 1828, mentres que a parte occidental foi dominio otomano desde o s\u00e9culo XVI","robots":{"index":"index","follow":"follow","max-snippet":"max-snippet:-1","max-image-preview":"max-image-preview:large","max-video-preview":"max-video-preview:-1"},"canonical":"https:\/\/www.anovapeneira.gal\/index.php\/2023\/10\/31\/nagorno-karabaj-o-conflito-que-non-importa\/","og_locale":"gl_ES","og_type":"article","og_title":"Nagorno-Karabaj, o conflito que non importa -","og_description":"A Armenia actual \u00e9 realmente a antiga Armenia Oriental, anexada polo Imperio Ruso no ano 1828, mentres que a parte occidental foi dominio otomano desde o s\u00e9culo XVI","og_url":"https:\/\/www.anovapeneira.gal\/index.php\/2023\/10\/31\/nagorno-karabaj-o-conflito-que-non-importa\/","article_publisher":"https:\/\/www.facebook.com\/anovapeneira","article_published_time":"2023-10-31T09:00:46+00:00","article_modified_time":"2023-11-08T11:52:51+00:00","og_image":[{"width":720,"height":473,"url":"https:\/\/www.anovapeneira.gal\/wp-content\/uploads\/2019\/07\/ARTIGO_DE_OPINION_A_NOVA_PENEIRA.jpg","type":"image\/jpeg"}],"author":"Artigos Opini\u00f3n","twitter_card":"summary_large_image","twitter_image":"https:\/\/www.anovapeneira.gal\/wp-content\/uploads\/2019\/07\/ARTIGO_DE_OPINION_A_NOVA_PENEIRA.jpg","twitter_creator":"@APeneira","twitter_site":"@APeneira","twitter_misc":{"Escrito por":"Artigos Opini\u00f3n","Tempo de lectura":"6 minutos"},"schema":{"@context":"https:\/\/schema.org","@graph":[{"@type":"Article","@id":"https:\/\/www.anovapeneira.gal\/index.php\/2023\/10\/31\/nagorno-karabaj-o-conflito-que-non-importa\/#article","isPartOf":{"@id":"https:\/\/www.anovapeneira.gal\/index.php\/2023\/10\/31\/nagorno-karabaj-o-conflito-que-non-importa\/"},"author":{"name":"Artigos Opini\u00f3n","@id":"https:\/\/www.anovapeneira.gal\/#\/schema\/person\/f18a4feb302e8f20bcef4490b5b60bb3"},"headline":"Nagorno-Karabaj, o conflito que non importa","datePublished":"2023-10-31T09:00:46+00:00","dateModified":"2023-11-08T11:52:51+00:00","mainEntityOfPage":{"@id":"https:\/\/www.anovapeneira.gal\/index.php\/2023\/10\/31\/nagorno-karabaj-o-conflito-que-non-importa\/"},"wordCount":1076,"commentCount":0,"publisher":{"@id":"https:\/\/www.anovapeneira.gal\/#organization"},"image":{"@id":"https:\/\/www.anovapeneira.gal\/index.php\/2023\/10\/31\/nagorno-karabaj-o-conflito-que-non-importa\/#primaryimage"},"thumbnailUrl":"https:\/\/www.anovapeneira.gal\/wp-content\/uploads\/2019\/07\/ARTIGO_DE_OPINION_A_NOVA_PENEIRA.jpg","keywords":["Nagorno-Karabaj"],"articleSection":["Artigos de opini\u00f3n"],"inLanguage":"gl-ES","potentialAction":[{"@type":"CommentAction","name":"Comment","target":["https:\/\/www.anovapeneira.gal\/index.php\/2023\/10\/31\/nagorno-karabaj-o-conflito-que-non-importa\/#respond"]}]},{"@type":"WebPage","@id":"https:\/\/www.anovapeneira.gal\/index.php\/2023\/10\/31\/nagorno-karabaj-o-conflito-que-non-importa\/","url":"https:\/\/www.anovapeneira.gal\/index.php\/2023\/10\/31\/nagorno-karabaj-o-conflito-que-non-importa\/","name":"Nagorno-Karabaj, o conflito que non importa -","isPartOf":{"@id":"https:\/\/www.anovapeneira.gal\/#website"},"primaryImageOfPage":{"@id":"https:\/\/www.anovapeneira.gal\/index.php\/2023\/10\/31\/nagorno-karabaj-o-conflito-que-non-importa\/#primaryimage"},"image":{"@id":"https:\/\/www.anovapeneira.gal\/index.php\/2023\/10\/31\/nagorno-karabaj-o-conflito-que-non-importa\/#primaryimage"},"thumbnailUrl":"https:\/\/www.anovapeneira.gal\/wp-content\/uploads\/2019\/07\/ARTIGO_DE_OPINION_A_NOVA_PENEIRA.jpg","datePublished":"2023-10-31T09:00:46+00:00","dateModified":"2023-11-08T11:52:51+00:00","description":"A Armenia actual \u00e9 realmente a antiga Armenia Oriental, anexada polo Imperio Ruso no ano 1828, mentres que a parte occidental foi dominio otomano desde o s\u00e9culo XVI","breadcrumb":{"@id":"https:\/\/www.anovapeneira.gal\/index.php\/2023\/10\/31\/nagorno-karabaj-o-conflito-que-non-importa\/#breadcrumb"},"inLanguage":"gl-ES","potentialAction":[{"@type":"ReadAction","target":["https:\/\/www.anovapeneira.gal\/index.php\/2023\/10\/31\/nagorno-karabaj-o-conflito-que-non-importa\/"]}]},{"@type":"ImageObject","inLanguage":"gl-ES","@id":"https:\/\/www.anovapeneira.gal\/index.php\/2023\/10\/31\/nagorno-karabaj-o-conflito-que-non-importa\/#primaryimage","url":"https:\/\/www.anovapeneira.gal\/wp-content\/uploads\/2019\/07\/ARTIGO_DE_OPINION_A_NOVA_PENEIRA.jpg","contentUrl":"https:\/\/www.anovapeneira.gal\/wp-content\/uploads\/2019\/07\/ARTIGO_DE_OPINION_A_NOVA_PENEIRA.jpg","width":720,"height":473,"caption":"Artigo de opini\u00f3n A Nova Peneira"},{"@type":"BreadcrumbList","@id":"https:\/\/www.anovapeneira.gal\/index.php\/2023\/10\/31\/nagorno-karabaj-o-conflito-que-non-importa\/#breadcrumb","itemListElement":[{"@type":"ListItem","position":1,"name":"Portada","item":"https:\/\/www.anovapeneira.gal\/"},{"@type":"ListItem","position":2,"name":"Nagorno-Karabaj, o conflito que non importa"}]},{"@type":"WebSite","@id":"https:\/\/www.anovapeneira.gal\/#website","url":"https:\/\/www.anovapeneira.gal\/","name":"","description":"Xornal galego de informaci\u00f3n xeral Publicaci\u00f3n mensual de novas de Galicia e en especial dos Concellos da sur da provincia de Pontevedra.","publisher":{"@id":"https:\/\/www.anovapeneira.gal\/#organization"},"potentialAction":[{"@type":"SearchAction","target":{"@type":"EntryPoint","urlTemplate":"https:\/\/www.anovapeneira.gal\/?s={search_term_string}"},"query-input":{"@type":"PropertyValueSpecification","valueRequired":true,"valueName":"search_term_string"}}],"inLanguage":"gl-ES"},{"@type":"Organization","@id":"https:\/\/www.anovapeneira.gal\/#organization","name":"A Nova Peneira","url":"https:\/\/www.anovapeneira.gal\/","logo":{"@type":"ImageObject","inLanguage":"gl-ES","@id":"https:\/\/www.anovapeneira.gal\/#\/schema\/logo\/image\/","url":"http:\/\/www.anovapeneira.gal\/wp-content\/uploads\/2019\/06\/logo_a_nova_peneira_portal_web.png","contentUrl":"http:\/\/www.anovapeneira.gal\/wp-content\/uploads\/2019\/06\/logo_a_nova_peneira_portal_web.png","width":300,"height":100,"caption":"A Nova Peneira"},"image":{"@id":"https:\/\/www.anovapeneira.gal\/#\/schema\/logo\/image\/"},"sameAs":["https:\/\/www.facebook.com\/anovapeneira","https:\/\/x.com\/APeneira"]},{"@type":"Person","@id":"https:\/\/www.anovapeneira.gal\/#\/schema\/person\/f18a4feb302e8f20bcef4490b5b60bb3","name":"Artigos Opini\u00f3n","image":{"@type":"ImageObject","inLanguage":"gl-ES","@id":"https:\/\/secure.gravatar.com\/avatar\/072844300f4881150aee2da4278f7a65d16eefdf8262eb67085f1e702de2b959?s=96&d=mm&r=g","url":"https:\/\/secure.gravatar.com\/avatar\/072844300f4881150aee2da4278f7a65d16eefdf8262eb67085f1e702de2b959?s=96&d=mm&r=g","contentUrl":"https:\/\/secure.gravatar.com\/avatar\/072844300f4881150aee2da4278f7a65d16eefdf8262eb67085f1e702de2b959?s=96&d=mm&r=g","caption":"Artigos Opini\u00f3n"},"sameAs":["http:\/\/anovapeneira.gal"],"url":"https:\/\/www.anovapeneira.gal\/index.php\/author\/artigosopinion\/"}]}},"jetpack_featured_media_url":"https:\/\/www.anovapeneira.gal\/wp-content\/uploads\/2019\/07\/ARTIGO_DE_OPINION_A_NOVA_PENEIRA.jpg","_links":{"self":[{"href":"https:\/\/www.anovapeneira.gal\/index.php\/wp-json\/wp\/v2\/posts\/10672","targetHints":{"allow":["GET"]}}],"collection":[{"href":"https:\/\/www.anovapeneira.gal\/index.php\/wp-json\/wp\/v2\/posts"}],"about":[{"href":"https:\/\/www.anovapeneira.gal\/index.php\/wp-json\/wp\/v2\/types\/post"}],"author":[{"embeddable":true,"href":"https:\/\/www.anovapeneira.gal\/index.php\/wp-json\/wp\/v2\/users\/12"}],"replies":[{"embeddable":true,"href":"https:\/\/www.anovapeneira.gal\/index.php\/wp-json\/wp\/v2\/comments?post=10672"}],"version-history":[{"count":2,"href":"https:\/\/www.anovapeneira.gal\/index.php\/wp-json\/wp\/v2\/posts\/10672\/revisions"}],"predecessor-version":[{"id":10675,"href":"https:\/\/www.anovapeneira.gal\/index.php\/wp-json\/wp\/v2\/posts\/10672\/revisions\/10675"}],"wp:featuredmedia":[{"embeddable":true,"href":"https:\/\/www.anovapeneira.gal\/index.php\/wp-json\/wp\/v2\/media\/584"}],"wp:attachment":[{"href":"https:\/\/www.anovapeneira.gal\/index.php\/wp-json\/wp\/v2\/media?parent=10672"}],"wp:term":[{"taxonomy":"category","embeddable":true,"href":"https:\/\/www.anovapeneira.gal\/index.php\/wp-json\/wp\/v2\/categories?post=10672"},{"taxonomy":"post_tag","embeddable":true,"href":"https:\/\/www.anovapeneira.gal\/index.php\/wp-json\/wp\/v2\/tags?post=10672"}],"curies":[{"name":"wp","href":"https:\/\/api.w.org\/{rel}","templated":true}]}}