{"id":10685,"date":"2023-11-02T10:00:59","date_gmt":"2023-11-02T09:00:59","guid":{"rendered":"https:\/\/www.anovapeneira.gal\/?p=10685"},"modified":"2023-10-23T12:35:37","modified_gmt":"2023-10-23T10:35:37","slug":"o-porrino-reduce-nun-35-o-gasto-no-renting-do-seu-parque-mobil-e-incorpora-vehiculos-electricos","status":"publish","type":"post","link":"https:\/\/www.anovapeneira.gal\/index.php\/2023\/11\/02\/o-porrino-reduce-nun-35-o-gasto-no-renting-do-seu-parque-mobil-e-incorpora-vehiculos-electricos\/","title":{"rendered":"O Porri\u00f1o reduce nun 35% o gasto no renting do seu parque m\u00f3bil e incorpora veh\u00edculos el\u00e9ctricos"},"content":{"rendered":"\n<ul class=\"wp-block-list\">\n<li>Os veh\u00edculos que conformaban o parque m\u00f3bil foron vendidos no ano 2020 cando se fixo o primeiro contrato de renting, polo que neste momento non se disp\u00f3n de coches en propiedade<\/li>\n\n\n\n<li>A li\u00f1a de traballo do executivo local basease na reduci\u00f3n paulatina do sistema de renting coa adquisici\u00f3n de veh\u00edculos polo que o contrato ten unha duraci\u00f3n de 1 ano<\/li>\n<\/ul>\n\n\n\n<p><strong>O Porri\u00f1o, 18 de outubro de 2023<\/strong><\/p>\n\n\n\n<p>O Concello do Porri\u00f1o v\u00e9n de licitar a renovaci\u00f3n do seu parque m\u00f3bil mediante o sistema de renting empregando criterios de eficiencia enerx\u00e9tica, incorporando dous veh\u00edculos el\u00e9ctricos, e de aforro do gasto p\u00fablico, reducindo o gasto en catro anos en m\u00e1is de 216.000 euros pese a que o prezo de mercado presenta un considerable incremento.<\/p>\n\n\n\n<p>Como v\u00e9n defendendo Lorenzo dende que foi investido alcalde \u201chai que facer un uso responsable dos recursos p\u00fablicos e axustar o gasto\u201d. De a\u00ed que foran devoltos varios veh\u00edculos recollidos na anterior licitaci\u00f3n e substitu\u00eddos por coches utilitarios, mantendo o mesmo criterio nesta contrataci\u00f3n.<\/p>\n\n\n\n<p>Cabe destacar que os veh\u00edculos que conformaban o parque m\u00f3bil foron vendidos no ano 2020 cando se fixo o primeiro contrato de renting, polo que neste momento non se disp\u00f3n de coches en propiedade. \u201cA intenci\u00f3n deste goberno \u00e9 ir adquirindo veh\u00edculos para consolidar o parque municipal e reducir deste modo e paulatinamente os que se dispo\u00f1en a trav\u00e9s do sistema de renting\u201d, explicou o rexedor, \u201cDeste xeito resulta viable\u201d.<\/p>\n\n\n\n<p>O contrato ten unha duraci\u00f3n de un ano prorrogable en un ano -sendo posibles ata tres pr\u00f3rrogas- e un orzamento anual de 102.656,4 euros, o que sup\u00f3n un aforro do 35% respecto do anterior. As\u00ed, o prezo por veh\u00edculo na licitaci\u00f3n do 2019 oscilaba entre os 350 e os 850 euros, e na presente ac\u00f3tase de 300 a 350 euros, excepto en tres furgonetas de 390 euros.<\/p>\n\n\n\n<p>A presente licitaci\u00f3n incl\u00fae a dotaci\u00f3n de 18 furgonetas e 4 veh\u00edculos que se destinar\u00e1n aos diferentes departamentos municipais. Ser\u00e1n concretamente <strong>7 furgonetas pechadas<\/strong> diesel de d\u00faas prazas e cilindrada de 1450 cc ou superior para as \u00e1reas de V\u00edas e Obras, Parques e xard\u00edns e Deportes; <strong>8 furgonetas combi<\/strong> diesel de cinco prazas e cilindrada 1.450 cc ou superior para as \u00e1reas de V\u00edas e Obras, Parques e Xard\u00edns, Urbanismo, Notificador e Deportes; <strong>2 veh\u00edculos<\/strong> de catro prazas m\u00ednimo motor m\u00ednimo 1200 e <strong>Etiqueta CERO<\/strong> para Servizos Sociais e Notificador e <strong>2 coches<\/strong> de 5 prazas motor m\u00ednimo 1300 e <strong>Etiqueta ECO<\/strong> para Servizos Xerais.<\/p>\n\n\n\n<p>Cabe destacar, que o lote que incl\u00fae as 8 furgonetas combi quedou deserto na licitaci\u00f3n pese a contemplar veh\u00edculos de segunda man, polo que se sacar\u00e1 de novo a licitaci\u00f3n ampliando a marxe de quilometraxe.<\/p>\n","protected":false},"excerpt":{"rendered":"<div class=\"mh-excerpt\"><p>Os veh\u00edculos que conformaban o parque m\u00f3bil foron vendidos no ano 2020 cando se fixo o primeiro contrato de renting, polo que neste momento non se disp\u00f3n de coches en propiedade <a class=\"mh-excerpt-more\" href=\"https:\/\/www.anovapeneira.gal\/index.php\/2023\/11\/02\/o-porrino-reduce-nun-35-o-gasto-no-renting-do-seu-parque-mobil-e-incorpora-vehiculos-electricos\/\" title=\"O Porri\u00f1o reduce nun 35% o gasto no renting do seu parque m\u00f3bil e incorpora veh\u00edculos el\u00e9ctricos\">[&#8230;]<\/a><\/p>\n<\/div>","protected":false},"author":3,"featured_media":6202,"comment_status":"open","ping_status":"open","sticky":false,"template":"","format":"standard","meta":{"_exactmetrics_skip_tracking":false,"_exactmetrics_sitenote_active":false,"_exactmetrics_sitenote_note":"","_exactmetrics_sitenote_category":0,"footnotes":""},"categories":[23],"tags":[411],"class_list":{"0":"post-10685","1":"post","2":"type-post","3":"status-publish","4":"format-standard","5":"has-post-thumbnail","7":"category-a-lourina","8":"tag-concello-do-porrino"},"yoast_head":"<!-- This site is optimized with the Yoast SEO plugin v27.4 - https:\/\/yoast.com\/product\/yoast-seo-wordpress\/ -->\n<title>O Porri\u00f1o reduce nun 35% o gasto no renting do seu parque m\u00f3bil e incorpora veh\u00edculos el\u00e9ctricos -<\/title>\n<meta name=\"description\" content=\"Os veh\u00edculos que conformaban o parque m\u00f3bil foron vendidos no ano 2020 cando se fixo o primeiro contrato de renting, polo que neste momento non se disp\u00f3n de coches en propiedade\" \/>\n<meta name=\"robots\" content=\"index, follow, max-snippet:-1, max-image-preview:large, max-video-preview:-1\" \/>\n<link rel=\"canonical\" href=\"https:\/\/www.anovapeneira.gal\/index.php\/2023\/11\/02\/o-porrino-reduce-nun-35-o-gasto-no-renting-do-seu-parque-mobil-e-incorpora-vehiculos-electricos\/\" \/>\n<meta property=\"og:locale\" content=\"gl_ES\" \/>\n<meta property=\"og:type\" content=\"article\" \/>\n<meta property=\"og:title\" content=\"O Porri\u00f1o reduce nun 35% o gasto no renting do seu parque m\u00f3bil e incorpora veh\u00edculos el\u00e9ctricos -\" \/>\n<meta property=\"og:description\" content=\"Os veh\u00edculos que conformaban o parque m\u00f3bil foron vendidos no ano 2020 cando se fixo o primeiro contrato de renting, polo que neste momento non se disp\u00f3n de coches en propiedade\" \/>\n<meta property=\"og:url\" content=\"https:\/\/www.anovapeneira.gal\/index.php\/2023\/11\/02\/o-porrino-reduce-nun-35-o-gasto-no-renting-do-seu-parque-mobil-e-incorpora-vehiculos-electricos\/\" \/>\n<meta property=\"article:publisher\" content=\"https:\/\/www.facebook.com\/anovapeneira\" \/>\n<meta property=\"article:published_time\" content=\"2023-11-02T09:00:59+00:00\" \/>\n<meta property=\"og:image\" content=\"https:\/\/www.anovapeneira.gal\/wp-content\/uploads\/2021\/10\/concello_porrino3c3.png\" \/>\n\t<meta property=\"og:image:width\" content=\"720\" \/>\n\t<meta property=\"og:image:height\" content=\"432\" \/>\n\t<meta property=\"og:image:type\" content=\"image\/png\" \/>\n<meta name=\"author\" content=\"Redacci\u00f3n A Nova Peneira\" \/>\n<meta name=\"twitter:card\" content=\"summary_large_image\" \/>\n<meta name=\"twitter:creator\" content=\"@APeneira\" \/>\n<meta name=\"twitter:site\" content=\"@APeneira\" \/>\n<meta name=\"twitter:label1\" content=\"Escrito por\" \/>\n\t<meta name=\"twitter:data1\" content=\"Redacci\u00f3n A Nova Peneira\" \/>\n\t<meta name=\"twitter:label2\" content=\"Tempo de lectura\" \/>\n\t<meta name=\"twitter:data2\" content=\"3 minutos\" \/>\n<script type=\"application\/ld+json\" class=\"yoast-schema-graph\">{\"@context\":\"https:\\\/\\\/schema.org\",\"@graph\":[{\"@type\":\"Article\",\"@id\":\"https:\\\/\\\/www.anovapeneira.gal\\\/index.php\\\/2023\\\/11\\\/02\\\/o-porrino-reduce-nun-35-o-gasto-no-renting-do-seu-parque-mobil-e-incorpora-vehiculos-electricos\\\/#article\",\"isPartOf\":{\"@id\":\"https:\\\/\\\/www.anovapeneira.gal\\\/index.php\\\/2023\\\/11\\\/02\\\/o-porrino-reduce-nun-35-o-gasto-no-renting-do-seu-parque-mobil-e-incorpora-vehiculos-electricos\\\/\"},\"author\":{\"name\":\"Redacci\u00f3n A Nova Peneira\",\"@id\":\"https:\\\/\\\/www.anovapeneira.gal\\\/#\\\/schema\\\/person\\\/b93e3f8932e3f8da96334607eb6ac6aa\"},\"headline\":\"O Porri\u00f1o reduce nun 35% o gasto no renting do seu parque m\u00f3bil e incorpora veh\u00edculos el\u00e9ctricos\",\"datePublished\":\"2023-11-02T09:00:59+00:00\",\"mainEntityOfPage\":{\"@id\":\"https:\\\/\\\/www.anovapeneira.gal\\\/index.php\\\/2023\\\/11\\\/02\\\/o-porrino-reduce-nun-35-o-gasto-no-renting-do-seu-parque-mobil-e-incorpora-vehiculos-electricos\\\/\"},\"wordCount\":493,\"commentCount\":0,\"publisher\":{\"@id\":\"https:\\\/\\\/www.anovapeneira.gal\\\/#organization\"},\"image\":{\"@id\":\"https:\\\/\\\/www.anovapeneira.gal\\\/index.php\\\/2023\\\/11\\\/02\\\/o-porrino-reduce-nun-35-o-gasto-no-renting-do-seu-parque-mobil-e-incorpora-vehiculos-electricos\\\/#primaryimage\"},\"thumbnailUrl\":\"https:\\\/\\\/www.anovapeneira.gal\\\/wp-content\\\/uploads\\\/2021\\\/10\\\/concello_porrino3c3.png\",\"keywords\":[\"Concello do Porri\u00f1o\"],\"articleSection\":[\"A Louri\u00f1a\"],\"inLanguage\":\"gl-ES\",\"potentialAction\":[{\"@type\":\"CommentAction\",\"name\":\"Comment\",\"target\":[\"https:\\\/\\\/www.anovapeneira.gal\\\/index.php\\\/2023\\\/11\\\/02\\\/o-porrino-reduce-nun-35-o-gasto-no-renting-do-seu-parque-mobil-e-incorpora-vehiculos-electricos\\\/#respond\"]}]},{\"@type\":\"WebPage\",\"@id\":\"https:\\\/\\\/www.anovapeneira.gal\\\/index.php\\\/2023\\\/11\\\/02\\\/o-porrino-reduce-nun-35-o-gasto-no-renting-do-seu-parque-mobil-e-incorpora-vehiculos-electricos\\\/\",\"url\":\"https:\\\/\\\/www.anovapeneira.gal\\\/index.php\\\/2023\\\/11\\\/02\\\/o-porrino-reduce-nun-35-o-gasto-no-renting-do-seu-parque-mobil-e-incorpora-vehiculos-electricos\\\/\",\"name\":\"O Porri\u00f1o reduce nun 35% o gasto no renting do seu parque m\u00f3bil e incorpora veh\u00edculos el\u00e9ctricos -\",\"isPartOf\":{\"@id\":\"https:\\\/\\\/www.anovapeneira.gal\\\/#website\"},\"primaryImageOfPage\":{\"@id\":\"https:\\\/\\\/www.anovapeneira.gal\\\/index.php\\\/2023\\\/11\\\/02\\\/o-porrino-reduce-nun-35-o-gasto-no-renting-do-seu-parque-mobil-e-incorpora-vehiculos-electricos\\\/#primaryimage\"},\"image\":{\"@id\":\"https:\\\/\\\/www.anovapeneira.gal\\\/index.php\\\/2023\\\/11\\\/02\\\/o-porrino-reduce-nun-35-o-gasto-no-renting-do-seu-parque-mobil-e-incorpora-vehiculos-electricos\\\/#primaryimage\"},\"thumbnailUrl\":\"https:\\\/\\\/www.anovapeneira.gal\\\/wp-content\\\/uploads\\\/2021\\\/10\\\/concello_porrino3c3.png\",\"datePublished\":\"2023-11-02T09:00:59+00:00\",\"description\":\"Os veh\u00edculos que conformaban o parque m\u00f3bil foron vendidos no ano 2020 cando se fixo o primeiro contrato de renting, polo que neste momento non se disp\u00f3n de coches en propiedade\",\"breadcrumb\":{\"@id\":\"https:\\\/\\\/www.anovapeneira.gal\\\/index.php\\\/2023\\\/11\\\/02\\\/o-porrino-reduce-nun-35-o-gasto-no-renting-do-seu-parque-mobil-e-incorpora-vehiculos-electricos\\\/#breadcrumb\"},\"inLanguage\":\"gl-ES\",\"potentialAction\":[{\"@type\":\"ReadAction\",\"target\":[\"https:\\\/\\\/www.anovapeneira.gal\\\/index.php\\\/2023\\\/11\\\/02\\\/o-porrino-reduce-nun-35-o-gasto-no-renting-do-seu-parque-mobil-e-incorpora-vehiculos-electricos\\\/\"]}]},{\"@type\":\"ImageObject\",\"inLanguage\":\"gl-ES\",\"@id\":\"https:\\\/\\\/www.anovapeneira.gal\\\/index.php\\\/2023\\\/11\\\/02\\\/o-porrino-reduce-nun-35-o-gasto-no-renting-do-seu-parque-mobil-e-incorpora-vehiculos-electricos\\\/#primaryimage\",\"url\":\"https:\\\/\\\/www.anovapeneira.gal\\\/wp-content\\\/uploads\\\/2021\\\/10\\\/concello_porrino3c3.png\",\"contentUrl\":\"https:\\\/\\\/www.anovapeneira.gal\\\/wp-content\\\/uploads\\\/2021\\\/10\\\/concello_porrino3c3.png\",\"width\":720,\"height\":432,\"caption\":\"Concello do Porri\u00f1o\"},{\"@type\":\"BreadcrumbList\",\"@id\":\"https:\\\/\\\/www.anovapeneira.gal\\\/index.php\\\/2023\\\/11\\\/02\\\/o-porrino-reduce-nun-35-o-gasto-no-renting-do-seu-parque-mobil-e-incorpora-vehiculos-electricos\\\/#breadcrumb\",\"itemListElement\":[{\"@type\":\"ListItem\",\"position\":1,\"name\":\"Portada\",\"item\":\"https:\\\/\\\/www.anovapeneira.gal\\\/\"},{\"@type\":\"ListItem\",\"position\":2,\"name\":\"O Porri\u00f1o reduce nun 35% o gasto no renting do seu parque m\u00f3bil e incorpora veh\u00edculos el\u00e9ctricos\"}]},{\"@type\":\"WebSite\",\"@id\":\"https:\\\/\\\/www.anovapeneira.gal\\\/#website\",\"url\":\"https:\\\/\\\/www.anovapeneira.gal\\\/\",\"name\":\"\",\"description\":\"Xornal galego de informaci\u00f3n xeral Publicaci\u00f3n mensual de novas de Galicia e en especial dos Concellos da sur da provincia de Pontevedra.\",\"publisher\":{\"@id\":\"https:\\\/\\\/www.anovapeneira.gal\\\/#organization\"},\"potentialAction\":[{\"@type\":\"SearchAction\",\"target\":{\"@type\":\"EntryPoint\",\"urlTemplate\":\"https:\\\/\\\/www.anovapeneira.gal\\\/?s={search_term_string}\"},\"query-input\":{\"@type\":\"PropertyValueSpecification\",\"valueRequired\":true,\"valueName\":\"search_term_string\"}}],\"inLanguage\":\"gl-ES\"},{\"@type\":\"Organization\",\"@id\":\"https:\\\/\\\/www.anovapeneira.gal\\\/#organization\",\"name\":\"A Nova Peneira\",\"url\":\"https:\\\/\\\/www.anovapeneira.gal\\\/\",\"logo\":{\"@type\":\"ImageObject\",\"inLanguage\":\"gl-ES\",\"@id\":\"https:\\\/\\\/www.anovapeneira.gal\\\/#\\\/schema\\\/logo\\\/image\\\/\",\"url\":\"http:\\\/\\\/www.anovapeneira.gal\\\/wp-content\\\/uploads\\\/2019\\\/06\\\/logo_a_nova_peneira_portal_web.png\",\"contentUrl\":\"http:\\\/\\\/www.anovapeneira.gal\\\/wp-content\\\/uploads\\\/2019\\\/06\\\/logo_a_nova_peneira_portal_web.png\",\"width\":300,\"height\":100,\"caption\":\"A Nova Peneira\"},\"image\":{\"@id\":\"https:\\\/\\\/www.anovapeneira.gal\\\/#\\\/schema\\\/logo\\\/image\\\/\"},\"sameAs\":[\"https:\\\/\\\/www.facebook.com\\\/anovapeneira\",\"https:\\\/\\\/x.com\\\/APeneira\"]},{\"@type\":\"Person\",\"@id\":\"https:\\\/\\\/www.anovapeneira.gal\\\/#\\\/schema\\\/person\\\/b93e3f8932e3f8da96334607eb6ac6aa\",\"name\":\"Redacci\u00f3n A Nova Peneira\",\"image\":{\"@type\":\"ImageObject\",\"inLanguage\":\"gl-ES\",\"@id\":\"https:\\\/\\\/secure.gravatar.com\\\/avatar\\\/c052a2551a06e23fac63626232eaa90abd78dbcf1700fc46a2b2c89fd27b735f?s=96&d=mm&r=g\",\"url\":\"https:\\\/\\\/secure.gravatar.com\\\/avatar\\\/c052a2551a06e23fac63626232eaa90abd78dbcf1700fc46a2b2c89fd27b735f?s=96&d=mm&r=g\",\"contentUrl\":\"https:\\\/\\\/secure.gravatar.com\\\/avatar\\\/c052a2551a06e23fac63626232eaa90abd78dbcf1700fc46a2b2c89fd27b735f?s=96&d=mm&r=g\",\"caption\":\"Redacci\u00f3n A Nova Peneira\"},\"sameAs\":[\"http:\\\/\\\/www.anovapeneira.gal\\\/\"],\"url\":\"https:\\\/\\\/www.anovapeneira.gal\\\/index.php\\\/author\\\/redactor\\\/\"}]}<\/script>\n<!-- \/ Yoast SEO plugin. -->","yoast_head_json":{"title":"O Porri\u00f1o reduce nun 35% o gasto no renting do seu parque m\u00f3bil e incorpora veh\u00edculos el\u00e9ctricos -","description":"Os veh\u00edculos que conformaban o parque m\u00f3bil foron vendidos no ano 2020 cando se fixo o primeiro contrato de renting, polo que neste momento non se disp\u00f3n de coches en propiedade","robots":{"index":"index","follow":"follow","max-snippet":"max-snippet:-1","max-image-preview":"max-image-preview:large","max-video-preview":"max-video-preview:-1"},"canonical":"https:\/\/www.anovapeneira.gal\/index.php\/2023\/11\/02\/o-porrino-reduce-nun-35-o-gasto-no-renting-do-seu-parque-mobil-e-incorpora-vehiculos-electricos\/","og_locale":"gl_ES","og_type":"article","og_title":"O Porri\u00f1o reduce nun 35% o gasto no renting do seu parque m\u00f3bil e incorpora veh\u00edculos el\u00e9ctricos -","og_description":"Os veh\u00edculos que conformaban o parque m\u00f3bil foron vendidos no ano 2020 cando se fixo o primeiro contrato de renting, polo que neste momento non se disp\u00f3n de coches en propiedade","og_url":"https:\/\/www.anovapeneira.gal\/index.php\/2023\/11\/02\/o-porrino-reduce-nun-35-o-gasto-no-renting-do-seu-parque-mobil-e-incorpora-vehiculos-electricos\/","article_publisher":"https:\/\/www.facebook.com\/anovapeneira","article_published_time":"2023-11-02T09:00:59+00:00","og_image":[{"width":720,"height":432,"url":"https:\/\/www.anovapeneira.gal\/wp-content\/uploads\/2021\/10\/concello_porrino3c3.png","type":"image\/png"}],"author":"Redacci\u00f3n A Nova Peneira","twitter_card":"summary_large_image","twitter_creator":"@APeneira","twitter_site":"@APeneira","twitter_misc":{"Escrito por":"Redacci\u00f3n A Nova Peneira","Tempo de lectura":"3 minutos"},"schema":{"@context":"https:\/\/schema.org","@graph":[{"@type":"Article","@id":"https:\/\/www.anovapeneira.gal\/index.php\/2023\/11\/02\/o-porrino-reduce-nun-35-o-gasto-no-renting-do-seu-parque-mobil-e-incorpora-vehiculos-electricos\/#article","isPartOf":{"@id":"https:\/\/www.anovapeneira.gal\/index.php\/2023\/11\/02\/o-porrino-reduce-nun-35-o-gasto-no-renting-do-seu-parque-mobil-e-incorpora-vehiculos-electricos\/"},"author":{"name":"Redacci\u00f3n A Nova Peneira","@id":"https:\/\/www.anovapeneira.gal\/#\/schema\/person\/b93e3f8932e3f8da96334607eb6ac6aa"},"headline":"O Porri\u00f1o reduce nun 35% o gasto no renting do seu parque m\u00f3bil e incorpora veh\u00edculos el\u00e9ctricos","datePublished":"2023-11-02T09:00:59+00:00","mainEntityOfPage":{"@id":"https:\/\/www.anovapeneira.gal\/index.php\/2023\/11\/02\/o-porrino-reduce-nun-35-o-gasto-no-renting-do-seu-parque-mobil-e-incorpora-vehiculos-electricos\/"},"wordCount":493,"commentCount":0,"publisher":{"@id":"https:\/\/www.anovapeneira.gal\/#organization"},"image":{"@id":"https:\/\/www.anovapeneira.gal\/index.php\/2023\/11\/02\/o-porrino-reduce-nun-35-o-gasto-no-renting-do-seu-parque-mobil-e-incorpora-vehiculos-electricos\/#primaryimage"},"thumbnailUrl":"https:\/\/www.anovapeneira.gal\/wp-content\/uploads\/2021\/10\/concello_porrino3c3.png","keywords":["Concello do Porri\u00f1o"],"articleSection":["A Louri\u00f1a"],"inLanguage":"gl-ES","potentialAction":[{"@type":"CommentAction","name":"Comment","target":["https:\/\/www.anovapeneira.gal\/index.php\/2023\/11\/02\/o-porrino-reduce-nun-35-o-gasto-no-renting-do-seu-parque-mobil-e-incorpora-vehiculos-electricos\/#respond"]}]},{"@type":"WebPage","@id":"https:\/\/www.anovapeneira.gal\/index.php\/2023\/11\/02\/o-porrino-reduce-nun-35-o-gasto-no-renting-do-seu-parque-mobil-e-incorpora-vehiculos-electricos\/","url":"https:\/\/www.anovapeneira.gal\/index.php\/2023\/11\/02\/o-porrino-reduce-nun-35-o-gasto-no-renting-do-seu-parque-mobil-e-incorpora-vehiculos-electricos\/","name":"O Porri\u00f1o reduce nun 35% o gasto no renting do seu parque m\u00f3bil e incorpora veh\u00edculos el\u00e9ctricos -","isPartOf":{"@id":"https:\/\/www.anovapeneira.gal\/#website"},"primaryImageOfPage":{"@id":"https:\/\/www.anovapeneira.gal\/index.php\/2023\/11\/02\/o-porrino-reduce-nun-35-o-gasto-no-renting-do-seu-parque-mobil-e-incorpora-vehiculos-electricos\/#primaryimage"},"image":{"@id":"https:\/\/www.anovapeneira.gal\/index.php\/2023\/11\/02\/o-porrino-reduce-nun-35-o-gasto-no-renting-do-seu-parque-mobil-e-incorpora-vehiculos-electricos\/#primaryimage"},"thumbnailUrl":"https:\/\/www.anovapeneira.gal\/wp-content\/uploads\/2021\/10\/concello_porrino3c3.png","datePublished":"2023-11-02T09:00:59+00:00","description":"Os veh\u00edculos que conformaban o parque m\u00f3bil foron vendidos no ano 2020 cando se fixo o primeiro contrato de renting, polo que neste momento non se disp\u00f3n de coches en propiedade","breadcrumb":{"@id":"https:\/\/www.anovapeneira.gal\/index.php\/2023\/11\/02\/o-porrino-reduce-nun-35-o-gasto-no-renting-do-seu-parque-mobil-e-incorpora-vehiculos-electricos\/#breadcrumb"},"inLanguage":"gl-ES","potentialAction":[{"@type":"ReadAction","target":["https:\/\/www.anovapeneira.gal\/index.php\/2023\/11\/02\/o-porrino-reduce-nun-35-o-gasto-no-renting-do-seu-parque-mobil-e-incorpora-vehiculos-electricos\/"]}]},{"@type":"ImageObject","inLanguage":"gl-ES","@id":"https:\/\/www.anovapeneira.gal\/index.php\/2023\/11\/02\/o-porrino-reduce-nun-35-o-gasto-no-renting-do-seu-parque-mobil-e-incorpora-vehiculos-electricos\/#primaryimage","url":"https:\/\/www.anovapeneira.gal\/wp-content\/uploads\/2021\/10\/concello_porrino3c3.png","contentUrl":"https:\/\/www.anovapeneira.gal\/wp-content\/uploads\/2021\/10\/concello_porrino3c3.png","width":720,"height":432,"caption":"Concello do Porri\u00f1o"},{"@type":"BreadcrumbList","@id":"https:\/\/www.anovapeneira.gal\/index.php\/2023\/11\/02\/o-porrino-reduce-nun-35-o-gasto-no-renting-do-seu-parque-mobil-e-incorpora-vehiculos-electricos\/#breadcrumb","itemListElement":[{"@type":"ListItem","position":1,"name":"Portada","item":"https:\/\/www.anovapeneira.gal\/"},{"@type":"ListItem","position":2,"name":"O Porri\u00f1o reduce nun 35% o gasto no renting do seu parque m\u00f3bil e incorpora veh\u00edculos el\u00e9ctricos"}]},{"@type":"WebSite","@id":"https:\/\/www.anovapeneira.gal\/#website","url":"https:\/\/www.anovapeneira.gal\/","name":"","description":"Xornal galego de informaci\u00f3n xeral Publicaci\u00f3n mensual de novas de Galicia e en especial dos Concellos da sur da provincia de Pontevedra.","publisher":{"@id":"https:\/\/www.anovapeneira.gal\/#organization"},"potentialAction":[{"@type":"SearchAction","target":{"@type":"EntryPoint","urlTemplate":"https:\/\/www.anovapeneira.gal\/?s={search_term_string}"},"query-input":{"@type":"PropertyValueSpecification","valueRequired":true,"valueName":"search_term_string"}}],"inLanguage":"gl-ES"},{"@type":"Organization","@id":"https:\/\/www.anovapeneira.gal\/#organization","name":"A Nova Peneira","url":"https:\/\/www.anovapeneira.gal\/","logo":{"@type":"ImageObject","inLanguage":"gl-ES","@id":"https:\/\/www.anovapeneira.gal\/#\/schema\/logo\/image\/","url":"http:\/\/www.anovapeneira.gal\/wp-content\/uploads\/2019\/06\/logo_a_nova_peneira_portal_web.png","contentUrl":"http:\/\/www.anovapeneira.gal\/wp-content\/uploads\/2019\/06\/logo_a_nova_peneira_portal_web.png","width":300,"height":100,"caption":"A Nova Peneira"},"image":{"@id":"https:\/\/www.anovapeneira.gal\/#\/schema\/logo\/image\/"},"sameAs":["https:\/\/www.facebook.com\/anovapeneira","https:\/\/x.com\/APeneira"]},{"@type":"Person","@id":"https:\/\/www.anovapeneira.gal\/#\/schema\/person\/b93e3f8932e3f8da96334607eb6ac6aa","name":"Redacci\u00f3n A Nova Peneira","image":{"@type":"ImageObject","inLanguage":"gl-ES","@id":"https:\/\/secure.gravatar.com\/avatar\/c052a2551a06e23fac63626232eaa90abd78dbcf1700fc46a2b2c89fd27b735f?s=96&d=mm&r=g","url":"https:\/\/secure.gravatar.com\/avatar\/c052a2551a06e23fac63626232eaa90abd78dbcf1700fc46a2b2c89fd27b735f?s=96&d=mm&r=g","contentUrl":"https:\/\/secure.gravatar.com\/avatar\/c052a2551a06e23fac63626232eaa90abd78dbcf1700fc46a2b2c89fd27b735f?s=96&d=mm&r=g","caption":"Redacci\u00f3n A Nova Peneira"},"sameAs":["http:\/\/www.anovapeneira.gal\/"],"url":"https:\/\/www.anovapeneira.gal\/index.php\/author\/redactor\/"}]}},"jetpack_featured_media_url":"https:\/\/www.anovapeneira.gal\/wp-content\/uploads\/2021\/10\/concello_porrino3c3.png","_links":{"self":[{"href":"https:\/\/www.anovapeneira.gal\/index.php\/wp-json\/wp\/v2\/posts\/10685","targetHints":{"allow":["GET"]}}],"collection":[{"href":"https:\/\/www.anovapeneira.gal\/index.php\/wp-json\/wp\/v2\/posts"}],"about":[{"href":"https:\/\/www.anovapeneira.gal\/index.php\/wp-json\/wp\/v2\/types\/post"}],"author":[{"embeddable":true,"href":"https:\/\/www.anovapeneira.gal\/index.php\/wp-json\/wp\/v2\/users\/3"}],"replies":[{"embeddable":true,"href":"https:\/\/www.anovapeneira.gal\/index.php\/wp-json\/wp\/v2\/comments?post=10685"}],"version-history":[{"count":1,"href":"https:\/\/www.anovapeneira.gal\/index.php\/wp-json\/wp\/v2\/posts\/10685\/revisions"}],"predecessor-version":[{"id":10686,"href":"https:\/\/www.anovapeneira.gal\/index.php\/wp-json\/wp\/v2\/posts\/10685\/revisions\/10686"}],"wp:featuredmedia":[{"embeddable":true,"href":"https:\/\/www.anovapeneira.gal\/index.php\/wp-json\/wp\/v2\/media\/6202"}],"wp:attachment":[{"href":"https:\/\/www.anovapeneira.gal\/index.php\/wp-json\/wp\/v2\/media?parent=10685"}],"wp:term":[{"taxonomy":"category","embeddable":true,"href":"https:\/\/www.anovapeneira.gal\/index.php\/wp-json\/wp\/v2\/categories?post=10685"},{"taxonomy":"post_tag","embeddable":true,"href":"https:\/\/www.anovapeneira.gal\/index.php\/wp-json\/wp\/v2\/tags?post=10685"}],"curies":[{"name":"wp","href":"https:\/\/api.w.org\/{rel}","templated":true}]}}